{"id":25631,"__str__":"Protocolo n\u00ba 265 de 2025","link_detail_backend":"/materia/25631","metadata":{},"numero":265,"ano":2025,"numero_protocolo":null,"data_apresentacao":"2025-02-19","tipo_apresentacao":"E","data_publicacao":null,"numero_origem_externa":"","ano_origem_externa":null,"data_origem_externa":null,"apelido":"","dias_prazo":null,"data_fim_prazo":null,"em_tramitacao":false,"polemica":false,"objeto":"","complementar":false,"ementa":"Disp\u00f5e sobre a vacina\u00e7\u00e3o domiciliar das pessoas com autismo no Munic\u00edpio e d\u00e1 outras provid\u00eancias.","indexacao":"Disp\u00f5e sobre a vacina\u00e7\u00e3o domiciliar das pessoas com autismo no Munic\u00edpio e d\u00e1 outras provid\u00eancias.","observacao":"","resultado":"","texto_original":null,"data_ultima_atualizacao":"2025-02-20T10:50:11.328122-03:00","ip":"177.55.178.122","ultima_edicao":"2025-02-20T10:49:32.025075-03:00","tipo":10,"regime_tramitacao":1,"tipo_origem_externa":null,"local_origem_externa":null,"user":46,"anexadas":[],"autores":[86]}