{"id":25701,"__str__":"Indica\u00e7\u00e3o n\u00ba 157 de 2025","link_detail_backend":"/materia/25701","metadata":{},"numero":157,"ano":2025,"numero_protocolo":301,"data_apresentacao":"2025-02-24","tipo_apresentacao":"E","data_publicacao":null,"numero_origem_externa":"","ano_origem_externa":null,"data_origem_externa":null,"apelido":"","dias_prazo":null,"data_fim_prazo":null,"em_tramitacao":true,"polemica":false,"objeto":"","complementar":false,"ementa":"No uso de minhas atribui\u00e7\u00f5es regimentais, indico ao Excelent\u00edssimo Senhor Prefeito Emiliano Braga dos Santos, determinar ao setor competente a implementa\u00e7\u00e3o de uma faixa elevada e instala\u00e7\u00e3o de sinaliza\u00e7\u00e3o adequada na  Avenida Camilo Alves, esquina com Milton Tadeu Costa, Bairro Dom Camilo, neste munic\u00edpio","indexacao":"No uso de minhas atribui\u00e7\u00f5es regimentais, indico ao Excelent\u00edssimo Senhor Prefeito Emiliano Braga dos Santos, determinar ao setor competente a implementa\u00e7\u00e3o de uma faixa elevada e instala\u00e7\u00e3o de sinaliza\u00e7\u00e3o adequada na  Avenida Camilo Alves, esquina com Milton Tadeu Costa, Bairro Dom Camilo, neste munic\u00edpio","observacao":"","resultado":"","texto_original":"http://sapl.pedroleopoldo.mg.leg.br/media/sapl/public/materialegislativa/2025/25701/indicacao_157-2025_ver._salim.pdf","data_ultima_atualizacao":"2025-03-07T14:49:17.898960-03:00","ip":"177.55.178.122","ultima_edicao":"2025-03-07T14:48:00.053677-03:00","tipo":8,"regime_tramitacao":1,"tipo_origem_externa":null,"local_origem_externa":null,"user":46,"anexadas":[],"autores":[77]}