{"id":26217,"__str__":"Indica\u00e7\u00e3o n\u00ba 362 de 2025","link_detail_backend":"/materia/26217","metadata":{},"numero":362,"ano":2025,"numero_protocolo":551,"data_apresentacao":"2025-04-07","tipo_apresentacao":"E","data_publicacao":null,"numero_origem_externa":"","ano_origem_externa":null,"data_origem_externa":null,"apelido":"","dias_prazo":null,"data_fim_prazo":null,"em_tramitacao":true,"polemica":false,"objeto":"","complementar":false,"ementa":"No uso de minhas atribui\u00e7\u00f5es regimentais, indico ao Excelent\u00edssimo Senhor Prefeito solicitar ao setor competente providenciar reparo e troca das grades (tampa) dos bueiros da Rua Amando Filho, no Centro, Munic\u00edpio de Pedro Leopoldo.","indexacao":"No uso de minhas atribui\u00e7\u00f5es regimentais, indico ao Excelent\u00edssimo Senhor Prefeito solicitar ao setor competente providenciar reparo e troca das grades (tampa) dos bueiros da Rua Amando Filho, no Centro, Munic\u00edpio de Pedro Leopoldo.","observacao":"","resultado":"","texto_original":"http://sapl.pedroleopoldo.mg.leg.br/media/sapl/public/materialegislativa/2025/26217/indicacao_362-2025_ver._warlen.pdf","data_ultima_atualizacao":"2025-04-11T17:40:59.618755-03:00","ip":"177.55.178.122","ultima_edicao":"2025-04-11T17:39:36.060223-03:00","tipo":8,"regime_tramitacao":1,"tipo_origem_externa":null,"local_origem_externa":null,"user":46,"anexadas":[26216],"autores":[107]}