{"id":26849,"__str__":"Indica\u00e7\u00e3o n\u00ba 632 de 2025","link_detail_backend":"/materia/26849","metadata":{},"numero":632,"ano":2025,"numero_protocolo":850,"data_apresentacao":"2025-05-19","tipo_apresentacao":"E","data_publicacao":null,"numero_origem_externa":"","ano_origem_externa":null,"data_origem_externa":null,"apelido":"","dias_prazo":null,"data_fim_prazo":null,"em_tramitacao":true,"polemica":false,"objeto":"","complementar":false,"ementa":"Venho, no uso de minhas atribui\u00e7\u00f5es regimentais, apresentar indica\u00e7\u00e3o ao Executivo Municipal, por meio da Secretaria de Obras e/ou \u00f3rg\u00e3o competente, para que seja realizada com urg\u00eancia a manuten\u00e7\u00e3o da faixa de pedestre elevadas localizadas no Cruzamento da Pra\u00e7a Dr. Senra, neste munic\u00edpio.\r\nFAIXA ELEVADA\r\nFAIXA DE PEDESTRE","indexacao":"Venho, no uso de minhas atribui\u00e7\u00f5es regimentais, apresentar indica\u00e7\u00e3o ao Executivo Municipal, por meio da Secretaria de Obras e/ou \u00f3rg\u00e3o competente, para que seja realizada com urg\u00eancia a manuten\u00e7\u00e3o da faixa de pedestre elevadas localizadas no Cruzamento da Pra\u00e7a Dr. Senra, neste munic\u00edpio.\r\nFAIXA ELEVADA\r\nFAIXA DE PEDESTRE","observacao":"","resultado":"","texto_original":"http://sapl.pedroleopoldo.mg.leg.br/media/sapl/public/materialegislativa/2025/26849/indicacao_632-2025_ver._wilson.pdf","data_ultima_atualizacao":"2025-05-30T16:14:12.743200-03:00","ip":"177.55.178.122","ultima_edicao":"2025-05-30T16:13:01.237520-03:00","tipo":8,"regime_tramitacao":1,"tipo_origem_externa":null,"local_origem_externa":null,"user":46,"anexadas":[26847],"autores":[117]}