{"id":2686,"__str__":"Of\u00edcio Circular n\u00ba 45 de 2010","link_detail_backend":"/materia/2686","metadata":{},"numero":45,"ano":2010,"numero_protocolo":null,"data_apresentacao":"2010-07-19","tipo_apresentacao":"E","data_publicacao":null,"numero_origem_externa":"","ano_origem_externa":null,"data_origem_externa":null,"apelido":"","dias_prazo":null,"data_fim_prazo":null,"em_tramitacao":false,"polemica":null,"objeto":"","complementar":null,"ementa":"COM OS MEUS CUMPRIMENTOS, ENCAMINHO-LHE C\u00d3PIA DO RELAT\u00d3RIO DA SESS\u00c3O ESPECIAL EM COMEMORA\u00c7\u00c3O AOS 20 ANOS DO ESTATUTO DA CRIAN\u00c7A E DO ADOLESCENTE NO DIA 13 DE JULHO DE 2010, NO PLEN\u00c1RIO VEREADOR MAGNO CLARET VIEIRA &#8211; C\u00c2MARA MUNICIPAL DE PEDRO LEOPOLDO/MG.","indexacao":"COM OS MEUS CUMPRIMENTOS, ENCAMINHO-LHE C\u00d3PIA DO RELAT\u00d3RIO DA SESS\u00c3O ESPECIAL EM COMEMORA\u00c7\u00c3O AOS 20 ANOS DO ESTATUTO DA CRIAN\u00c7A E DO ADOLESCENTE NO DIA 13 DE JULHO DE 2010, NO PLEN\u00c1RIO VEREADOR MAGNO CLARET VIEIRA &#8211; C\u00c2MARA MUNICIPAL DE PEDRO LEOPOLDO/MG.","observacao":"","resultado":"","texto_original":"http://sapl.pedroleopoldo.mg.leg.br/media/sapl/public/materialegislativa/2010/2686/2686_texto_integral.doc","data_ultima_atualizacao":"2018-12-19T13:36:48.704185-02:00","ip":"","ultima_edicao":null,"tipo":23,"regime_tramitacao":1,"tipo_origem_externa":null,"local_origem_externa":null,"user":null,"anexadas":[],"autores":[49]}