{"id":26876,"__str__":"Protocolo n\u00ba 840 de 2025","link_detail_backend":"/materia/26876","metadata":{},"numero":840,"ano":2025,"numero_protocolo":null,"data_apresentacao":"2025-05-19","tipo_apresentacao":"E","data_publicacao":null,"numero_origem_externa":"","ano_origem_externa":null,"data_origem_externa":null,"apelido":"","dias_prazo":null,"data_fim_prazo":null,"em_tramitacao":true,"polemica":false,"objeto":"","complementar":false,"ementa":"No uso de minhas atribui\u00e7\u00f5es regimentais, requeiro ao Excelent\u00edssimo Senhor Prefeito Solicita\u00e7\u00e3o de fiscaliza\u00e7\u00e3o dos \u00f4nibus municipais com catraca alta e adequa\u00e7\u00e3o \u00e0s normas da ANVISA.\r\nROLETA\r\n\u00d4NIBUS\r\nTRANPORTE P\u00daBLICO","indexacao":"No uso de minhas atribui\u00e7\u00f5es regimentais, requeiro ao Excelent\u00edssimo Senhor Prefeito Solicita\u00e7\u00e3o de fiscaliza\u00e7\u00e3o dos \u00f4nibus municipais com catraca alta e adequa\u00e7\u00e3o \u00e0s normas da ANVISA.\r\nROLETA\r\n\u00d4NIBUS\r\nTRANPORTE P\u00daBLICO","observacao":"","resultado":"","texto_original":null,"data_ultima_atualizacao":"2025-06-02T16:02:28.925139-03:00","ip":"177.55.178.122","ultima_edicao":"2025-05-19T17:33:45.172995-03:00","tipo":10,"regime_tramitacao":1,"tipo_origem_externa":null,"local_origem_externa":null,"user":46,"anexadas":[],"autores":[85]}