{"id":26960,"__str__":"Indica\u00e7\u00e3o n\u00ba 673 de 2025","link_detail_backend":"/materia/26960","metadata":{},"numero":673,"ano":2025,"numero_protocolo":903,"data_apresentacao":"2025-05-26","tipo_apresentacao":"E","data_publicacao":null,"numero_origem_externa":"","ano_origem_externa":null,"data_origem_externa":null,"apelido":"","dias_prazo":null,"data_fim_prazo":null,"em_tramitacao":true,"polemica":false,"objeto":"","complementar":false,"ementa":"No uso de minhas atribui\u00e7\u00f5es regimentais, indico ao Excelent\u00edssimo Sr. Prefeito, determinar ao setor competente a realiza\u00e7\u00e3o de um estudo ou avalia\u00e7\u00e3o junto \u00e0 empresa concession\u00e1ria do transporte p\u00fablico coletivo, a Expresso Unir Ltda, para ajustar os hor\u00e1rios dos \u00f4nibus municipais. Especificamente, seria importante verificar a possibilidade de incluir hor\u00e1rios que atendam ao trajeto entre o bairro Felipe Claudio de Sales e o bairro Dom Camilo, neste munic\u00edpio.\r\nTRANSPORTE\r\nP\u00daBLICO\r\n\u00d4NIBUS\r\nFELIPE CL\u00c1UDIO\r\nDOM CAMILO\r\nMAIS","indexacao":"No uso de minhas atribui\u00e7\u00f5es regimentais, indico ao Excelent\u00edssimo Sr. Prefeito, determinar ao setor competente a realiza\u00e7\u00e3o de um estudo ou avalia\u00e7\u00e3o junto \u00e0 empresa concession\u00e1ria do transporte p\u00fablico coletivo, a Expresso Unir Ltda, para ajustar os hor\u00e1rios dos \u00f4nibus municipais. Especificamente, seria importante verificar a possibilidade de incluir hor\u00e1rios que atendam ao trajeto entre o bairro Felipe Claudio de Sales e o bairro Dom Camilo, neste munic\u00edpio.\r\nTRANSPORTE\r\nP\u00daBLICO\r\n\u00d4NIBUS\r\nFELIPE CL\u00c1UDIO\r\nDOM CAMILO\r\nMAIS","observacao":"","resultado":"","texto_original":"http://sapl.pedroleopoldo.mg.leg.br/media/sapl/public/materialegislativa/2025/26960/indicacao_673-2025_ver._gilmar.pdf","data_ultima_atualizacao":"2025-06-02T14:56:42.898514-03:00","ip":"177.55.178.122","ultima_edicao":"2025-06-02T14:55:36.218920-03:00","tipo":8,"regime_tramitacao":1,"tipo_origem_externa":null,"local_origem_externa":null,"user":46,"anexadas":[],"autores":[116]}