{"id":26999,"__str__":"Protocolo n\u00ba 896 de 2025","link_detail_backend":"/materia/26999","metadata":{},"numero":896,"ano":2025,"numero_protocolo":null,"data_apresentacao":"2025-05-26","tipo_apresentacao":"E","data_publicacao":null,"numero_origem_externa":"","ano_origem_externa":null,"data_origem_externa":null,"apelido":"","dias_prazo":null,"data_fim_prazo":null,"em_tramitacao":true,"polemica":false,"objeto":"","complementar":false,"ementa":"No uso de minhas atribui\u00e7\u00f5es regimentais, requeiro ao Excelent\u00edssimo Senhor Prefeito a previs\u00e3o de datas para realiza\u00e7\u00e3o das etapas municipais das Confer\u00eancias Nacionais determinadas pelo Governo Federal, a saber:","indexacao":"4\u00ba Confer\u00eancia Nacional de Economia Solid\u00e1ria - data prevista: 14 a 17 de agosto\r\n5\u00aa Confer\u00eancia Nacional de Sa\u00fade do Trabalhador e da Trabalhadora - data prevista: 18 a 21 de agosto \r\n6\u00aa Confer\u00eancia Nacional Infanto-Juvenil pelo Meio Ambiente (CNIJMA) - data prevista: 02 a 05 de setembro\r\n5\u00aa Confer\u00eancia Nacional de Promo\u00e7\u00e3o da Igualdade Racial - data prevista: 15 a 19 de setembro \r\n5\u00aa Confer\u00eancia Nacional das Mulheres - data prevista: 29, 30/set e 1\u00ba de outubro \r\n6\u00aa Confer\u00eancia Nacional das Cidades - data prevista: at\u00e9 31 de outubro \r\n3\u00ba Confer\u00eancia Nacional de Desenvolvimento Rural Sustent\u00e1vel e Solid\u00e1rio - data prevista: 14 a 18 de outubro \r\n2\u00aa Confer\u00eancia Nacional do Trabalho - data prevista: 20 a 22 de outubro\r\n4\u00aa Confer\u00eancia Nacional de Pol\u00edticas P\u00fablicas e Direitos Humanos LGBTQIA+ - data prevista: 22 a 25 de outubro\r\n6\u00aa Confer\u00eancia Nacional dos Direitos da Pessoa Idosa - data prevista: 05 a 08 de novembro\r\n14\u00aa Confer\u00eancia Nacional de Assist\u00eancia Social - data prevista: 06 a 09 de dezembro \r\n13\u00aa Confer\u00eancia Nacional de Direitos Humanos - data prevista: 10 a 12 de dezembro","observacao":"","resultado":"","texto_original":null,"data_ultima_atualizacao":"2025-06-09T17:00:36.441615-03:00","ip":"177.55.178.122","ultima_edicao":"2025-05-26T17:10:40.279168-03:00","tipo":10,"regime_tramitacao":1,"tipo_origem_externa":null,"local_origem_externa":null,"user":46,"anexadas":[],"autores":[115]}