{"id":2706,"__str__":"Of\u00edcio Circular n\u00ba 36 de 2010","link_detail_backend":"/materia/2706","metadata":{},"numero":36,"ano":2010,"numero_protocolo":null,"data_apresentacao":"2010-06-17","tipo_apresentacao":"E","data_publicacao":null,"numero_origem_externa":"","ano_origem_externa":null,"data_origem_externa":null,"apelido":"","dias_prazo":null,"data_fim_prazo":null,"em_tramitacao":false,"polemica":null,"objeto":"","complementar":null,"ementa":"COM OS NOSSOS CUMPRIMENTOS, CONVIDO V.EXA.  A PARTICIPAR DA REUNI\u00c3O NESTA CASA LEGISLATIVA, NO DIA 24 DE JUNHO DE 2010, \u00c0S 13 HORAS, QUINTA-FEIRA, COM O OBJETIVO DE FORMALIZAR AS PRIORIDADES DA NOSSA REGI\u00c3O A SEREM APRESENTADAS \u00c0 FRENTE PARLAMENTAR.","indexacao":"COM OS NOSSOS CUMPRIMENTOS, CONVIDO V.EXA.  A PARTICIPAR DA REUNI\u00c3O NESTA CASA LEGISLATIVA, NO DIA 24 DE JUNHO DE 2010, \u00c0S 13 HORAS, QUINTA-FEIRA, COM O OBJETIVO DE FORMALIZAR AS PRIORIDADES DA NOSSA REGI\u00c3O A SEREM APRESENTADAS \u00c0 FRENTE PARLAMENTAR.","observacao":"","resultado":"","texto_original":"http://sapl.pedroleopoldo.mg.leg.br/media/sapl/public/materialegislativa/2010/2706/2706_texto_integral.doc","data_ultima_atualizacao":"2018-12-19T13:36:50.394954-02:00","ip":"","ultima_edicao":null,"tipo":23,"regime_tramitacao":1,"tipo_origem_externa":null,"local_origem_externa":null,"user":null,"anexadas":[],"autores":[49]}