{"id":27722,"__str__":"Indica\u00e7\u00e3o n\u00ba 976 de 2025","link_detail_backend":"/materia/27722","metadata":{},"numero":976,"ano":2025,"numero_protocolo":1261,"data_apresentacao":"2025-07-07","tipo_apresentacao":"E","data_publicacao":null,"numero_origem_externa":"","ano_origem_externa":null,"data_origem_externa":null,"apelido":"","dias_prazo":null,"data_fim_prazo":null,"em_tramitacao":true,"polemica":false,"objeto":"","complementar":false,"ementa":"INDICA\u00c7\u00c3O  N\u00ba 03/2025\r\nExcelent\u00edssimo Senhor \r\nRafael Vieira Faria\r\nPresidente da C\u00e2mara Municipal\r\nPedro Leopoldo/MG\r\n\r\nSenhor Presidente:\r\n\r\nNo uso de minhas atribui\u00e7\u00f5es regimentais, indico ao Excelent\u00edssimo Senhor Prefeito para determinar ao setor competente um estudo de viabilidade t\u00e9cnica visando a inclus\u00e3o de um redutor de velocidade (faixa elevada de pedestres), na rua Ant\u00f4nio Rodrigues, \u00e0 altura do n\u00b0 193, no bairro do Centro, neste munic\u00edpio.","indexacao":"","observacao":"","resultado":"","texto_original":"http://sapl.pedroleopoldo.mg.leg.br/media/sapl/public/materialegislativa/2025/27722/indicacao_976-2025_ver._silvana.pdf","data_ultima_atualizacao":"2025-07-10T17:59:53.261504-03:00","ip":"177.55.178.122","ultima_edicao":"2025-07-10T17:58:56.169092-03:00","tipo":8,"regime_tramitacao":1,"tipo_origem_externa":null,"local_origem_externa":null,"user":46,"anexadas":[],"autores":[121]}