{"id":2866,"__str__":"Indica\u00e7\u00e3o n\u00ba 285 de 2010","link_detail_backend":"/materia/2866","metadata":{},"numero":285,"ano":2010,"numero_protocolo":null,"data_apresentacao":"2010-11-08","tipo_apresentacao":"E","data_publicacao":null,"numero_origem_externa":"","ano_origem_externa":null,"data_origem_externa":null,"apelido":"","dias_prazo":null,"data_fim_prazo":null,"em_tramitacao":true,"polemica":null,"objeto":"","complementar":null,"ementa":"INDICO AO EXCELENT\u00cdSSIMO SENHOR PREFEITO DETERMINAR AO SETOR COMPETENTE PROIBIR A PARADA E ESTACIONAMENTO EM UMA DAS MARGENS DA AVENIDA MAGNO CLARET, ENTRE O SUPERMERCADO L\u00cdDER E A ESCOLA MUNICIPAL HEITOR CL\u00c1UDIO DE SALES, EM LAGOA DE SANTO ANT\u00d4NIO.","indexacao":"PROIBIR - PARADA - ESTACIONAMENTO - MARGENS DA AVENIDA MAGNO CLARET, - SUPERMERCADO L\u00cdDER - ESCOLA MUNICIPAL HEITOR CL\u00c1UDIO DE SALES, - LAGOA DE SANTO ANT\u00d4NIO.","observacao":"","resultado":"","texto_original":"http://sapl.pedroleopoldo.mg.leg.br/media/sapl/public/materialegislativa/2010/2866/2866_texto_integral.doc","data_ultima_atualizacao":"2018-12-19T13:36:45.844030-02:00","ip":"","ultima_edicao":null,"tipo":8,"regime_tramitacao":1,"tipo_origem_externa":null,"local_origem_externa":null,"user":null,"anexadas":[],"autores":[38]}