{"id":29281,"__str__":"Protocolo Provis\u00f3rio n\u00ba 201 de 2025","link_detail_backend":"/materia/29281","metadata":{},"numero":201,"ano":2025,"numero_protocolo":null,"data_apresentacao":"2025-02-12","tipo_apresentacao":"E","data_publicacao":null,"numero_origem_externa":"","ano_origem_externa":null,"data_origem_externa":null,"apelido":"","dias_prazo":null,"data_fim_prazo":null,"em_tramitacao":false,"polemica":false,"objeto":"","complementar":false,"ementa":"A cria\u00e7\u00e3o de um concurso de fotografia e artes pl\u00e1sticas a partir do ano que vem, em comemora\u00e7\u00e3o ao cento e um anos de Pedro Leopoldo, expondo belezas que homenageiam o munic\u00edpio, para que a popula\u00e7\u00e3o vote e eleja os melhores trabalhos, dentro de categorias criadas.","indexacao":"A cria\u00e7\u00e3o de um concurso de fotografia e artes pl\u00e1sticas a partir do ano que vem, em comemora\u00e7\u00e3o ao cento e um anos de Pedro Leopoldo, expondo belezas que homenageiam o munic\u00edpio, para que a popula\u00e7\u00e3o vote e eleja os melhores trabalhos, dentro de categorias criadas.","observacao":"","resultado":"","texto_original":null,"data_ultima_atualizacao":"2025-09-18T16:14:45.819586-03:00","ip":"177.55.178.122","ultima_edicao":"2025-09-18T16:13:01.096038-03:00","tipo":57,"regime_tramitacao":1,"tipo_origem_externa":null,"local_origem_externa":null,"user":46,"anexadas":[],"autores":[86]}