{"id":29808,"__str__":"Protocolo Provis\u00f3rio n\u00ba 316 de 2025","link_detail_backend":"/materia/29808","metadata":{},"numero":316,"ano":2025,"numero_protocolo":2252,"data_apresentacao":"2025-03-13","tipo_apresentacao":"E","data_publicacao":null,"numero_origem_externa":"","ano_origem_externa":null,"data_origem_externa":null,"apelido":"","dias_prazo":null,"data_fim_prazo":null,"em_tramitacao":true,"polemica":false,"objeto":"","complementar":false,"ementa":"A instala\u00e7\u00e3o de uma academia ao ar livre na pra\u00e7a Juscelino Kubistchek, no bairro Felipe Cl\u00e1udio de Sales, neste Munic\u00edpio.","indexacao":"A instala\u00e7\u00e3o de uma academia ao ar livre na pra\u00e7a Juscelino Kubistchek, no bairro Felipe Cl\u00e1udio de Sales, neste Munic\u00edpio.","observacao":"","resultado":"","texto_original":"http://sapl.pedroleopoldo.mg.leg.br/media/sapl/public/materialegislativa/2025/29808/indicacao2025-_prefeiturainstalacao_de_uma_academia_ao_ar_livre_na_praca_juscelino_kubistchek_-_bairro_felipe_claudio_de_sales.docx","data_ultima_atualizacao":"2025-10-09T10:01:02.949616-03:00","ip":"177.55.178.122","ultima_edicao":"2025-10-09T10:01:02.806631-03:00","tipo":57,"regime_tramitacao":1,"tipo_origem_externa":null,"local_origem_externa":null,"user":46,"anexadas":[],"autores":[86]}