{"id":29825,"__str__":"Protocolo Provis\u00f3rio n\u00ba 333 de 2025","link_detail_backend":"/materia/29825","metadata":{},"numero":333,"ano":2025,"numero_protocolo":2269,"data_apresentacao":"2025-03-19","tipo_apresentacao":"E","data_publicacao":null,"numero_origem_externa":"","ano_origem_externa":null,"data_origem_externa":null,"apelido":"","dias_prazo":null,"data_fim_prazo":null,"em_tramitacao":true,"polemica":false,"objeto":"","complementar":false,"ementa":"Estudo de constru\u00e7\u00e3o de mais uma creche que atenda a popula\u00e7\u00e3o da zona Norte da cidade, sugiro que seja entre o bairro Dom Camilo e Ad\u00e9lia Issa.","indexacao":"Estudo de constru\u00e7\u00e3o de mais uma creche que atenda a popula\u00e7\u00e3o da zona Norte da cidade, sugiro que seja entre o bairro Dom Camilo e Ad\u00e9lia Issa.","observacao":"","resultado":"","texto_original":"http://sapl.pedroleopoldo.mg.leg.br/media/sapl/public/materialegislativa/2025/29825/indicacao2025-_prefeituraconstrucao_de_mais_uma_creche_que_atenda_a_populacao_da_zona_norte_da_cidade...docx","data_ultima_atualizacao":"2025-10-09T11:25:48.474150-03:00","ip":"177.55.178.122","ultima_edicao":"2025-10-09T11:25:48.347558-03:00","tipo":57,"regime_tramitacao":1,"tipo_origem_externa":null,"local_origem_externa":null,"user":46,"anexadas":[],"autores":[86]}