{"id":31791,"__str__":"Indica\u00e7\u00e3o n\u00ba 271 de 2026","link_detail_backend":"/materia/31791","metadata":{},"numero":271,"ano":2026,"numero_protocolo":348,"data_apresentacao":"2026-03-23","tipo_apresentacao":"E","data_publicacao":null,"numero_origem_externa":"","ano_origem_externa":null,"data_origem_externa":null,"apelido":"","dias_prazo":null,"data_fim_prazo":null,"em_tramitacao":true,"polemica":false,"objeto":"","complementar":false,"ementa":"Indico ao Poder Executivo que determine \u00e0 Secretaria competente que seja providenciada, que seja realizada capina e limpeza por toda a extens\u00e3o das Ruas Jos\u00e9 Servo Batista e Rua das Amendoeiras, no Bairro Morada dos Angicos.","indexacao":"Indico ao Poder Executivo que determine \u00e0 Secretaria competente que seja providenciada, que seja realizada capina e limpeza por toda a extens\u00e3o das Ruas Jos\u00e9 Servo Batista e Rua das Amendoeiras, no Bairro Morada dos Angicos.","observacao":"","resultado":"","texto_original":"http://sapl.pedroleopoldo.mg.leg.br/media/sapl/public/materialegislativa/2026/31791/indicacao_no_271-2026_-_alex_fabiano.pdf","data_ultima_atualizacao":"2026-04-14T14:11:29.955241-03:00","ip":"177.55.178.122","ultima_edicao":"2026-04-14T14:10:29.857401-03:00","tipo":8,"regime_tramitacao":1,"tipo_origem_externa":null,"local_origem_externa":null,"user":46,"anexadas":[],"autores":[85]}