{"id":32228,"__str__":"Protocolo n\u00ba 560 de 2026","link_detail_backend":"/materia/32228","metadata":{},"numero":560,"ano":2026,"numero_protocolo":null,"data_apresentacao":"2026-04-06","tipo_apresentacao":"E","data_publicacao":null,"numero_origem_externa":"","ano_origem_externa":null,"data_origem_externa":null,"apelido":"","dias_prazo":null,"data_fim_prazo":null,"em_tramitacao":false,"polemica":false,"objeto":"","complementar":false,"ementa":"Indico ao Poder Executivo, por interm\u00e9dio das Secretarias competentes, que seja realizada a troca de l\u00e2mpada do poste de ilumina\u00e7\u00e3o p\u00fablica na Rua Tito Mendes, \u00e0 altura do n\u00ba 121, no bairro Agenor Teixeira.","indexacao":"Indico ao Poder Executivo, por interm\u00e9dio das Secretarias competentes, que seja realizada a troca de l\u00e2mpada do poste de ilumina\u00e7\u00e3o p\u00fablica na Rua Tito Mendes, \u00e0 altura do n\u00ba 121, no bairro Agenor Teixeira.","observacao":"","resultado":"","texto_original":null,"data_ultima_atualizacao":"2026-03-27T12:17:28.122384-03:00","ip":"177.55.178.122","ultima_edicao":"2026-03-27T12:16:50.757422-03:00","tipo":10,"regime_tramitacao":1,"tipo_origem_externa":null,"local_origem_externa":null,"user":46,"anexadas":[],"autores":[121]}