{"id":32319,"__str__":"Protocolo n\u00ba 603 de 2026","link_detail_backend":"/materia/32319","metadata":{},"numero":603,"ano":2026,"numero_protocolo":null,"data_apresentacao":"2026-04-13","tipo_apresentacao":"E","data_publicacao":null,"numero_origem_externa":"","ano_origem_externa":null,"data_origem_externa":null,"apelido":"","dias_prazo":null,"data_fim_prazo":null,"em_tramitacao":false,"polemica":false,"objeto":"","complementar":false,"ementa":"Indico ao Poder Executivo a instala\u00e7\u00e3o de placas de sinaliza\u00e7\u00e3o vertical de \"Proibido Estacionar\" no lado direito da Rua Comendador Ant\u00f4nio Alves, no trecho compreendido entre a numera\u00e7\u00e3o 540 e 149. Adicionalmente, sugere-se a intensifica\u00e7\u00e3o da fiscaliza\u00e7\u00e3o de tr\u00e2nsito nesta localidade, com aten\u00e7\u00e3o especial aos dias e hor\u00e1rios de maior fluxo de ve\u00edculos.","indexacao":"Indico ao Poder Executivo a instala\u00e7\u00e3o de placas de sinaliza\u00e7\u00e3o vertical de \"Proibido Estacionar\" no lado direito da Rua Comendador Ant\u00f4nio Alves, no trecho compreendido entre a numera\u00e7\u00e3o 540 e 149. Adicionalmente, sugere-se a intensifica\u00e7\u00e3o da fiscaliza\u00e7\u00e3o de tr\u00e2nsito nesta localidade, com aten\u00e7\u00e3o especial aos dias e hor\u00e1rios de maior fluxo de ve\u00edculos.","observacao":"","resultado":"","texto_original":null,"data_ultima_atualizacao":"2026-04-06T13:48:16.234618-03:00","ip":"177.55.178.122","ultima_edicao":"2026-04-06T13:47:12.620299-03:00","tipo":10,"regime_tramitacao":1,"tipo_origem_externa":null,"local_origem_externa":null,"user":46,"anexadas":[],"autores":[77]}