{"id":32392,"__str__":"Protocolo n\u00ba 637 de 2026","link_detail_backend":"/materia/32392","metadata":{},"numero":637,"ano":2026,"numero_protocolo":null,"data_apresentacao":"2026-04-13","tipo_apresentacao":"E","data_publicacao":null,"numero_origem_externa":"","ano_origem_externa":null,"data_origem_externa":null,"apelido":"","dias_prazo":null,"data_fim_prazo":null,"em_tramitacao":false,"polemica":false,"objeto":"","complementar":false,"ementa":"Indico ao Poder Executivo a ado\u00e7\u00e3o de medidas para a implanta\u00e7\u00e3o de protocolo municipal de triagem precoce para identifica\u00e7\u00e3o de sinais do Transtorno do Espectro Autista (TEA), a ser realizado no \u00e2mbito da Aten\u00e7\u00e3o Prim\u00e1ria \u00e0 Sa\u00fade, especialmente nas Unidades B\u00e1sicas de Sa\u00fade (UBS) e nas equipes da Estrat\u00e9gia Sa\u00fade da Fam\u00edlia (ESF) do munic\u00edpio de Pedro Leopoldo.","indexacao":"Indico ao Poder Executivo a ado\u00e7\u00e3o de medidas para a implanta\u00e7\u00e3o de protocolo municipal de triagem precoce para identifica\u00e7\u00e3o de sinais do Transtorno do Espectro Autista (TEA), a ser realizado no \u00e2mbito da Aten\u00e7\u00e3o Prim\u00e1ria \u00e0 Sa\u00fade, especialmente nas Unidades B\u00e1sicas de Sa\u00fade (UBS) e nas equipes da Estrat\u00e9gia Sa\u00fade da Fam\u00edlia (ESF) do munic\u00edpio de Pedro Leopoldo.","observacao":"","resultado":"","texto_original":null,"data_ultima_atualizacao":"2026-04-08T12:05:55.896430-03:00","ip":"177.55.178.122","ultima_edicao":"2026-04-08T12:05:00.225151-03:00","tipo":10,"regime_tramitacao":1,"tipo_origem_externa":null,"local_origem_externa":null,"user":46,"anexadas":[],"autores":[115]}