{"id":32461,"__str__":"Protocolo n\u00ba 672 de 2026","link_detail_backend":"/materia/32461","metadata":{},"numero":672,"ano":2026,"numero_protocolo":null,"data_apresentacao":"2026-04-27","tipo_apresentacao":"E","data_publicacao":null,"numero_origem_externa":"","ano_origem_externa":null,"data_origem_externa":null,"apelido":"","dias_prazo":null,"data_fim_prazo":null,"em_tramitacao":false,"polemica":false,"objeto":"","complementar":false,"ementa":"Requeiro ao Poder Executivo informa\u00e7\u00f5es detalhadas quanto \u00e0s provid\u00eancias adotadas em rela\u00e7\u00e3o \u00e0 Indica\u00e7\u00e3o n\u00ba 1762/2025, que trata das melhorias na \u00e1rea de acesso e no estacionamento da Equipe de Aten\u00e7\u00e3o Prim\u00e1ria (EAP) do Bairro Quinta das Palmeiras, conforme os questionamentos abaixo:\r\n1.\tA Secretaria de Obras j\u00e1 realizou a vistoria t\u00e9cnica no local para avaliar as necessidades de infraestrutura, pavimenta\u00e7\u00e3o e sinaliza\u00e7\u00e3o da unidade de sa\u00fade? \r\n2.\tExiste um cronograma definido para a execu\u00e7\u00e3o das obras de adequa\u00e7\u00e3o da entrada principal, visando garantir a acessibilidade e seguran\u00e7a de idosos e pessoas com defici\u00eancia? \r\n3.\tH\u00e1 um projeto em elabora\u00e7\u00e3o para a demarca\u00e7\u00e3o e organiza\u00e7\u00e3o do estacionamento, prevendo inclusive o fluxo seguro para ambul\u00e2ncias e ve\u00edculos de servi\u00e7o? \r\n4.\tCaso as melhorias ainda n\u00e3o tenham sido iniciadas, qual \u00e9 a viabilidade t\u00e9cnica e o prazo estimado para que estas interven\u00e7\u00f5es sejam realizadas?","indexacao":"Requeiro ao Poder Executivo informa\u00e7\u00f5es detalhadas quanto \u00e0s provid\u00eancias adotadas em rela\u00e7\u00e3o \u00e0 Indica\u00e7\u00e3o n\u00ba 1762/2025, que trata das melhorias na \u00e1rea de acesso e no estacionamento da Equipe de Aten\u00e7\u00e3o Prim\u00e1ria (EAP) do Bairro Quinta das Palmeiras, conforme os questionamentos abaixo:\r\n1.\tA Secretaria de Obras j\u00e1 realizou a vistoria t\u00e9cnica no local para avaliar as necessidades de infraestrutura, pavimenta\u00e7\u00e3o e sinaliza\u00e7\u00e3o da unidade de sa\u00fade? \r\n2.\tExiste um cronograma definido para a execu\u00e7\u00e3o das obras de adequa\u00e7\u00e3o da entrada principal, visando garantir a acessibilidade e seguran\u00e7a de idosos e pessoas com defici\u00eancia? \r\n3.\tH\u00e1 um projeto em elabora\u00e7\u00e3o para a demarca\u00e7\u00e3o e organiza\u00e7\u00e3o do estacionamento, prevendo inclusive o fluxo seguro para ambul\u00e2ncias e ve\u00edculos de servi\u00e7o? \r\n4.\tCaso as melhorias ainda n\u00e3o tenham sido iniciadas, qual \u00e9 a viabilidade t\u00e9cnica e o prazo estimado para que estas interven\u00e7\u00f5es sejam realizadas?","observacao":"","resultado":"","texto_original":null,"data_ultima_atualizacao":"2026-04-14T11:09:10.741190-03:00","ip":"177.55.178.122","ultima_edicao":"2026-04-14T11:08:00.684523-03:00","tipo":10,"regime_tramitacao":1,"tipo_origem_externa":null,"local_origem_externa":null,"user":46,"anexadas":[],"autores":[77]}