{"id":5360,"__str__":"Protocolo n\u00ba 589 de 2013","link_detail_backend":"/materia/5360","metadata":{},"numero":589,"ano":2013,"numero_protocolo":null,"data_apresentacao":"2013-08-19","tipo_apresentacao":"","data_publicacao":null,"numero_origem_externa":"","ano_origem_externa":null,"data_origem_externa":null,"apelido":"","dias_prazo":null,"data_fim_prazo":null,"em_tramitacao":true,"polemica":null,"objeto":"","complementar":null,"ementa":"PROJETO DE LEI DECLARA DE UTILIDADE P\u00daBLICA A ASSOCIA\u00c7\u00c3O COMUNIT\u00c1RIA - DE MORADORES DOS BAIRROS MANOEL BRAND\u00c3O E QUINTA DE VERA CRUZ.","indexacao":"PROJETO DE LEI DECLARA DE UTILIDADE P\u00daBLICA A ASSOCIA\u00c7\u00c3O COMUNIT\u00c1RIA - DE MORADORES DOS BAIRROS MANOEL BRAND\u00c3O E QUINTA DE VERA CRUZ.","observacao":"PROJETO DE LEI DECLARA DE UTILIDADE P\u00daBLICA A ASSOCIA\u00c7\u00c3O COMUNIT\u00c1RIA - DE MORADORES DOS BAIRROS MANOEL BRAND\u00c3O E QUINTA DE VERA CRUZ.","resultado":"","texto_original":null,"data_ultima_atualizacao":"2018-12-19T13:35:52.596713-02:00","ip":"","ultima_edicao":null,"tipo":10,"regime_tramitacao":1,"tipo_origem_externa":null,"local_origem_externa":null,"user":null,"anexadas":[],"autores":[75,76]}