{"id":5401,"__str__":"Indica\u00e7\u00e3o n\u00ba 366 de 2013","link_detail_backend":"/materia/5401","metadata":{},"numero":366,"ano":2013,"numero_protocolo":null,"data_apresentacao":"2013-09-02","tipo_apresentacao":"","data_publicacao":null,"numero_origem_externa":"","ano_origem_externa":null,"data_origem_externa":null,"apelido":"","dias_prazo":null,"data_fim_prazo":null,"em_tramitacao":true,"polemica":null,"objeto":"","complementar":null,"ementa":"INSTALA\u00c7\u00c3O DE UM POSTE PARA REDE DE ENERGIA EL\u00c9TRICA COM BRA\u00c7O DE ILUMINA\u00c7\u00c3O P\u00daBLICA NA RUA JOS\u00c9 VIANA SOBRINHO, N\u00ba240 - CENTRO","indexacao":"INSTALA\u00c7\u00c3O DE UM POSTE PARA REDE DE ENERGIA EL\u00c9TRICA COM BRA\u00c7O DE ILUMINA\u00c7\u00c3O P\u00daBLICA NA RUA JOS\u00c9 VIANA SOBRINHO, N\u00ba240 - CENTRO","observacao":"apresentada e aprovada 30\u00aa Reuni\u00e3o Ordin\u00e1ria - 02 de setembro de 2013 - Of\u00edcio 328-13","resultado":"","texto_original":"http://sapl.pedroleopoldo.mg.leg.br/media/sapl/public/materialegislativa/2013/5401/5401_texto_integral.odt","data_ultima_atualizacao":"2018-12-19T13:36:50.324691-02:00","ip":"","ultima_edicao":null,"tipo":8,"regime_tramitacao":1,"tipo_origem_externa":null,"local_origem_externa":null,"user":null,"anexadas":[],"autores":[77]}