{"id":8569,"__str__":"Protocolo n\u00ba 218 de 2017","link_detail_backend":"/materia/8569","metadata":{},"numero":218,"ano":2017,"numero_protocolo":null,"data_apresentacao":"2017-01-25","tipo_apresentacao":"","data_publicacao":null,"numero_origem_externa":"","ano_origem_externa":null,"data_origem_externa":null,"apelido":"","dias_prazo":null,"data_fim_prazo":null,"em_tramitacao":false,"polemica":null,"objeto":"","complementar":null,"ementa":"CURATIVOS EM PACIENTES\r\nNO USO DE MINHAS ATRIBUI\u00c7\u00d5ES REGIMENTAIS, INDICO AO EXCELENT\u00cdSSIMO SENHOR PREFEITO JUNTO AOS ORG\u00c3OS COMPETENTES , QUE A ENFERMEIRA GERAL DO P.A   CENTRAL CLEIA ,  \u00c9 RESPONSAVEL PELOS CURATIVOS DOS PACIENTES, MESMO AP\u00d3S A  SAIDA DO P.A,\u00c9 PRECISO IR  DE CASA EM CASA PARA FAZER O CURATIVO,MAS SEGUNDO ELA N\u00c3O EST\u00c1 TENDO COMO ATENDER A TODOS \u00c1 DOMICILIO,ELA SUGER QUE TENHA UMA VAM QUE POSSA BUSCAR OS PACIENTES E LEVA-LOS PARA O P.A, SENDO ASSIM POSS\u00cdVEL ATENDER  A TODOS,POIS PERDE-SE MUITO TEMPO PARA SE LOCOMOVER DE UMA RESID\u00caNCIA A OUTRA\r\n","indexacao":"PRONTO ATENDIMENTO CENTRAL CL\u00c9RIA CURATIVO VAN VE\u00cdCULO PACIENTE CASA","observacao":"","resultado":"","texto_original":null,"data_ultima_atualizacao":"2018-12-19T13:35:53.012766-02:00","ip":"","ultima_edicao":null,"tipo":10,"regime_tramitacao":1,"tipo_origem_externa":null,"local_origem_externa":null,"user":null,"anexadas":[],"autores":[85]}