{"id":9245,"__str__":"Of\u00edcio n\u00ba 61 de 2017","link_detail_backend":"/materia/9245","metadata":{},"numero":61,"ano":2017,"numero_protocolo":null,"data_apresentacao":"2017-04-04","tipo_apresentacao":"","data_publicacao":null,"numero_origem_externa":"","ano_origem_externa":null,"data_origem_externa":null,"apelido":"","dias_prazo":null,"data_fim_prazo":null,"em_tramitacao":false,"polemica":null,"objeto":"","complementar":null,"ementa":"REQUERIMENTO VERBAL DO VEREADOR JO\u00c3O MOREIRA INDIANO APRESENTADO NA 2\u00ba REUNI\u00c3O ORDIN\u00c1RIA DA C\u00c2MARA MUNICIPAL REALIZADA EM 13 DE FEVEREIRO DE 2017 SOLICITANDO PROJETO LEI , DISPONDO SOBRE A CONCESS\u00c3O DE SUBVEN\u00c7\u00c3O SOCIAL \u00c1 ASSOCIA\u00c7\u00c3O DE PAIS E AMIGOS DOS EXCEPCIONAIS-APAE. LEI N\u00b03.455/2016.  ","indexacao":"LEI REQUERIMENTO ","observacao":"","resultado":"","texto_original":null,"data_ultima_atualizacao":"2018-12-19T13:35:53.105125-02:00","ip":"","ultima_edicao":null,"tipo":9,"regime_tramitacao":1,"tipo_origem_externa":null,"local_origem_externa":null,"user":null,"anexadas":[],"autores":[91]}