{"id":25881,"__str__":"Indica\u00e7\u00e3o n\u00ba 392 de 2019 | Inclu\u00eddo em pauta para apresenta\u00e7\u00e3o | 25/07/2019","link_detail_backend":"/materia/tramitacao/25881","metadata":{},"timestamp":"2019-08-01T12:44:02.755577-03:00","data_tramitacao":"2019-07-25","data_encaminhamento":null,"urgente":false,"turno":"","texto":"Indica\u00e7\u00e3o inclu\u00edda em pauta para apresenta\u00e7\u00e3o em plen\u00e1rio.","data_fim_prazo":null,"ip":"177.55.178.122","ultima_edicao":null,"status":17,"materia":14358,"unidade_tramitacao_local":26,"unidade_tramitacao_destino":20,"user":46}