{"id":52180,"__str__":"Projeto de Resolu\u00e7\u00e3o n\u00ba 12 de 2023 | Inclu\u00eddo em pauta para apresenta\u00e7\u00e3o | 14/07/2023","link_detail_backend":"/materia/tramitacao/52180","metadata":{},"timestamp":"2023-07-26T13:52:03.864828-03:00","data_tramitacao":"2023-07-14","data_encaminhamento":null,"urgente":false,"turno":"","texto":"PR inclu\u00eddo em pauta para apresenta\u00e7\u00e3o na 22\u00aa RO","data_fim_prazo":null,"ip":"177.55.178.122","ultima_edicao":"2023-07-26T13:50:51.803072-03:00","status":17,"materia":22254,"unidade_tramitacao_local":37,"unidade_tramitacao_destino":20,"user":46}