{"headers": {"id": "ID", "ano": "Ano", "numero": "N\u00famero", "tipo__sigla": "Tipo de Mat\u00e9ria Legislativa/Sigla", "tipo__descricao": "Tipo de Mat\u00e9ria Legislativa/Descri\u00e7\u00e3o", "autoria": "Autorias", "texto_original": "Texto Original", "ementa": "Ementa"}, "results": [{"id": "20567", "ano": "2022", "numero": "121", "tipo__sigla": "ANX", "tipo__descricao": "Anexo", "autoria": "", "texto_original": "http://sapl.pedroleopoldo.mg.leg.br/media/sapl/public/materialegislativa/2022/20567/oficio_121-2022.pdf", "ementa": "Ao Senhor Evair dos Santos de Oliveira \r\nSecret\u00e1ria Municipal de Seguran\u00e7a P\u00fablica \r\nPrefeitura de Pedro Leopoldo \r\n\r\n\r\n\r\n\r\n\r\n\r\n\r\n\r\n\r\n\r\n\r\n\r\n\r\n\r\n\r\n\r\n\r\n\r\n\r\n\r\n\r\n\r\n\r\n\r\n\r\n\r\n\r\n\r\n\r\n\r\n\r\n\r\n\r\n\r\n\r\n\r\n\r\n\r\n\r\n\r\n\r\n\r\n\r\n\r\n\r\n\r\n\r\n\r\n\r\n\r\n\r\n\r\n\r\n\r\n\r\n\r\n\r\n\r\n\r\n\r\n\r\n\r\n\r\n\r\n\r\n\r\n\r\n\r\n\r\n\r\n\r\n\r\n\r\n\r\n\r\n\r\n\r\n\r\n\r\n\r\n\r\n\r\n\r\n\r\n\r\n\r\n\r\n\r\n\r\n\r\n\r\n\r\n\r\n\r\n\r\n\r\n\r\n\r\n\r\n\r\n\r\n\r\n\r\nAssunto: Regulamenta\u00e7\u00e3o e Manuten\u00e7\u00e3o de Estacionamento Privado dos Ve\u00edculos Oficiais da C\u00e2mara e Vereadores"}, {"id": "21077", "ano": "2022", "numero": "273", "tipo__sigla": "CJR", "tipo__descricao": "Comiss\u00e3o de Justi\u00e7a e Reda\u00e7\u00e3o", "autoria": "", "texto_original": "http://sapl.pedroleopoldo.mg.leg.br/media/sapl/public/materialegislativa/2022/21077/oficio_273.pdf", "ementa": "Ilma. Sra.\r\nEstef\u00e2nia Barbosa de Paula e familiares \r\n\r\n\r\n\r\n\r\n\r\n\r\n\r\n\r\n\r\n\r\n\r\n\r\n\r\n\r\n\r\n\r\n\r\n\r\n\r\n\r\n\r\n\r\n\r\n\r\n\r\n\r\n\r\n\r\n\r\n\r\n\r\n\r\n\r\n\r\n\r\n\r\n\r\n\r\n\r\n\r\n\r\n\r\n\r\n\r\n\r\n\r\n\r\n\r\n\r\n\r\n\r\n\r\n\r\n\r\n\r\n\r\n\r\n\r\n\r\n\r\n\r\n\r\n\r\n\r\n\r\n\r\n\r\n\r\n\r\n\r\n\r\n\r\n\r\n\r\n\r\n\r\n\r\n\r\n\r\n\r\n\r\n\r\n\r\n\r\n\r\n\r\n\r\n\r\n\r\n\r\n\r\n\r\n\r\n\r\n\r\n\r\n\r\n\r\n\r\n\r\n\r\n\r\n\r\n\r\n\r\n\r\n\r\nAssunto: Voto de pesar pelo falecimento de sua querida m\u00e3e a Sra. Marlene da F\u00e1tima Barbosa"}, {"id": "20434", "ano": "2022", "numero": "2174", "tipo__sigla": "DEC", "tipo__descricao": "Decreto", "autoria": "Executivo", "texto_original": "http://sapl.pedroleopoldo.mg.leg.br/media/", "ementa": "Estabelece normas e procedimentos para o exerc\u00edcio do licenciamento ambiental simplificado, concomitante ou trif\u00e1sico e da fiscaliza\u00e7\u00e3o ambiental no munic\u00edpio de Pedro Leopoldo e d\u00e1 outras providencias."}, {"id": "19792", "ano": "2022", "numero": "1", "tipo__sigla": "IND", "tipo__descricao": "Indica\u00e7\u00e3o", "autoria": "Frederico Henrique Cota Alves (Fred Piau)", "texto_original": "http://sapl.pedroleopoldo.mg.leg.br/media/sapl/public/materialegislativa/2022/19792/indicacao_no_01-2022_-_frederico_henrique_cota_alves.pdf", "ementa": "No uso de minhas atribui\u00e7\u00f5es regimentais, indico \u00e0 Excelent\u00edssima Senhora Prefeita determinar ao setor competente a revitaliza\u00e7\u00e3o do audit\u00f3rio do pr\u00e9dio da Prefeitura."}, {"id": "19793", "ano": "2022", "numero": "2", "tipo__sigla": "IND", "tipo__descricao": "Indica\u00e7\u00e3o", "autoria": "Guilherme de Lima Braga (Guilherme do Doce)", "texto_original": "http://sapl.pedroleopoldo.mg.leg.br/media/sapl/public/materialegislativa/2022/19793/indicacao_no_02-2022_-_guilherme_de_lima_braga.pdf", "ementa": "No uso de minhas atribui\u00e7\u00f5es regimentais, indico \u00e0 Excelent\u00edssima Senhora Prefeita determinar ao setor competente que seja realizada opera\u00e7\u00e3o tapa buracos na Rua Guaranis esquina com a Rua Guajajaras do Bairro Parque Andyara, neste Munic\u00edpio."}, {"id": "19794", "ano": "2022", "numero": "3", "tipo__sigla": "IND", "tipo__descricao": "Indica\u00e7\u00e3o", "autoria": "Rafael Vieira Faria (Rafa)", "texto_original": "http://sapl.pedroleopoldo.mg.leg.br/media/sapl/public/materialegislativa/2022/19794/indicacao_no_03-2022_-_rafael_vieira.pdf", "ementa": "Eu, Rafael Vieira Faria, Vereador do Munic\u00edpio de Pedro Leopoldo, venho, no uso de minhas atribui\u00e7\u00f5es, na forma do artigo 129 do Regimento Interno, apresentar INDICA\u00c7\u00c3O, sugerindo a constru\u00e7\u00e3o da extens\u00e3o de rede de ilumina\u00e7\u00e3o p\u00fablica na Avenida Franco Matos, situada no Distrito Industrial Manoel Carlos, Pedro Leopoldo, e solicito \u00e0 Vossa Excel\u00eancia que a presente indica\u00e7\u00e3o seja submetida \u00e0 aprecia\u00e7\u00e3o do Plen\u00e1rio, e, em sendo aprovada, que seja encaminhado ao Poder Executivo Municipal, na pessoa da excelent\u00edssima Prefeita Eloisa Helena Carvalho de Freitas Pereira, o of\u00edcio no prazo de dez dias, consoante ao disposto no \u00a75\u00ba do artigo 129 do regimento interno."}, {"id": "19796", "ano": "2022", "numero": "4", "tipo__sigla": "IND", "tipo__descricao": "Indica\u00e7\u00e3o", "autoria": "Frederico Henrique Cota Alves (Fred Piau)", "texto_original": "http://sapl.pedroleopoldo.mg.leg.br/media/sapl/public/materialegislativa/2022/19796/indicacao_no_04-2022_-_frederico_cota_alves.pdf", "ementa": "No uso de minhas atribui\u00e7\u00f5es regimentais, indico \u00e0 Excelent\u00edssima Senhora Prefeita determinar ao setor competente providenciar a melhoria da ilumina\u00e7\u00e3o do entorno da Secretaria de Obras e Garagem da Prefeitura."}, {"id": "19797", "ano": "2022", "numero": "5", "tipo__sigla": "IND", "tipo__descricao": "Indica\u00e7\u00e3o", "autoria": "Frederico Henrique Cota Alves (Fred Piau)", "texto_original": "http://sapl.pedroleopoldo.mg.leg.br/media/sapl/public/materialegislativa/2022/19797/indicacao_no_05-2022_-_frederico_cota_alves.pdf", "ementa": "No uso de minhas atribui\u00e7\u00f5es regimentais, indico \u00e0 Excelent\u00edssima Senhora Prefeita determinar ao setor competente providenciar a capina e limpeza do espa\u00e7o p\u00fablico, onde se encontra os equipamentos da academia ao ar livre, na Avenida Vereador Magno Claret Vieira, em frente ao n\u00famero 1.175, Distrito de Lagoa de Santo Ant\u00f4nio, neste Munic\u00edpio."}, {"id": "19798", "ano": "2022", "numero": "6", "tipo__sigla": "IND", "tipo__descricao": "Indica\u00e7\u00e3o", "autoria": "Frederico Henrique Cota Alves (Fred Piau)", "texto_original": "http://sapl.pedroleopoldo.mg.leg.br/media/sapl/public/materialegislativa/2022/19798/indicacao_no_06-2022_-_frederico_cota_alves.pdf", "ementa": "No uso de minhas atribui\u00e7\u00f5es regimentais, indico \u00e0 Excelent\u00edssima Senhora Prefeita determinar ao setor competente providenciar a revitaliza\u00e7\u00e3o do passeio, localizado na esquina da Rua Olivier Teixeira com Rua Manoel Felipe, Bairro S\u00e3o Geraldo, neste munic\u00edpio."}, {"id": "19799", "ano": "2022", "numero": "7", "tipo__sigla": "IND", "tipo__descricao": "Indica\u00e7\u00e3o", "autoria": "Guilherme de Lima Braga (Guilherme do Doce)", "texto_original": "http://sapl.pedroleopoldo.mg.leg.br/media/sapl/public/materialegislativa/2022/19799/indicacao_no_07-2022_-_guilherme_de_lima_braga.pdf", "ementa": "No uso de minhas atribui\u00e7\u00f5es regimentais, indico \u00e0 Excelent\u00edssima Senhora Prefeita determinar ao setor competente a realiza\u00e7\u00e3o de opera\u00e7\u00e3o tapa buracos na Rua 7 (sete), Bairro Dom Camilo, neste Munic\u00edpio."}, {"id": "19800", "ano": "2022", "numero": "8", "tipo__sigla": "IND", "tipo__descricao": "Indica\u00e7\u00e3o", "autoria": "Warlen Alves da Silva", "texto_original": "http://sapl.pedroleopoldo.mg.leg.br/media/sapl/public/materialegislativa/2022/19800/indicacao_no_08-2022_-_warlen_alves.pdf", "ementa": "No uso de minhas atribui\u00e7\u00f5es regimentais, indico \u00e0 Excelent\u00edssima Senhora Prefeita determinar ao setor competente providenciar servi\u00e7o de reparo de eros\u00e3o na Rua Pedro Ant\u00f4nio Pereira, Centro, neste Munic\u00edpio."}, {"id": "19801", "ano": "2022", "numero": "9", "tipo__sigla": "IND", "tipo__descricao": "Indica\u00e7\u00e3o", "autoria": "Guilherme de Lima Braga (Guilherme do Doce)", "texto_original": "http://sapl.pedroleopoldo.mg.leg.br/media/sapl/public/materialegislativa/2022/19801/indicacao_no_09-2022_-_guilherme_de_lima_braga.pdf", "ementa": "No uso de minhas atribui\u00e7\u00f5es regimentais, indico \u00e0 Excelent\u00edssima Senhora Prefeita determinar ao setor competente providenciar servi\u00e7os de limpeza (capina e ro\u00e7ada), nas ruas: Crist\u00f3v\u00e3o de Assis e Ant\u00f4nio Elias, no Bairro Dr. Lund, neste munic\u00edpio."}, {"id": "19802", "ano": "2022", "numero": "10", "tipo__sigla": "IND", "tipo__descricao": "Indica\u00e7\u00e3o", "autoria": "Guilherme de Lima Braga (Guilherme do Doce)", "texto_original": "http://sapl.pedroleopoldo.mg.leg.br/media/sapl/public/materialegislativa/2022/19802/indicacao_no_10-2022_-_guilherme_de_lima_braga.pdf", "ementa": "No uso de minhas atribui\u00e7\u00f5es regimentais, indico \u00e0 Excelent\u00edssima Senhora Prefeita determinar ao setor competente providenciar servi\u00e7o de reparo e pintura na ponte sobre o C\u00f3rrego Ponte Alta na regi\u00e3o do Bairro Santo Ant\u00f4nio da Barra."}, {"id": "19803", "ano": "2022", "numero": "11", "tipo__sigla": "IND", "tipo__descricao": "Indica\u00e7\u00e3o", "autoria": "Rafael Vieira Faria (Rafa)", "texto_original": "http://sapl.pedroleopoldo.mg.leg.br/media/sapl/public/materialegislativa/2022/19803/indicacao_no_11-2022_-_rafael_vieira.pdf", "ementa": "Eu, Rafael Vieira Faria, Vereador do Munic\u00edpio de Pedro Leopoldo, venho, no uso de minhas atribui\u00e7\u00f5es, na forma do artigo 129 do Regimento Interno, apresentar INDICA\u00c7\u00c3O, sugerindo a aquisi\u00e7\u00e3o de lixeiras ecol\u00f3gicas para, sucessivamente, serem instaladas nos espa\u00e7os p\u00fablicos de grande circula\u00e7\u00e3o, a exemplo da Rodovi\u00e1ria e pra\u00e7as de Pedro Leopoldo. Sucessivamente, solicito \u00e0 Vossa Excel\u00eancia que a presente indica\u00e7\u00e3o seja submetida \u00e0 aprecia\u00e7\u00e3o do Plen\u00e1rio, e, em sendo aprovada, que seja encaminhado ao Poder Executivo Municipal, na pessoa da excelent\u00edssima Prefeita Eloisa Helena Carvalho de Freitas Pereira, o of\u00edcio no prazo de dez dias, consoante ao disposto no \u00a75\u00ba do artigo 129 do regimento interno."}, {"id": "19804", "ano": "2022", "numero": "12", "tipo__sigla": "IND", "tipo__descricao": "Indica\u00e7\u00e3o", "autoria": "Guilherme de Lima Braga (Guilherme do Doce)", "texto_original": "http://sapl.pedroleopoldo.mg.leg.br/media/sapl/public/materialegislativa/2022/19804/indicacao_12-22_-_guilherme.pdf", "ementa": "No uso de minhas atribui\u00e7\u00f5es regimentais, indico \u00e0 Excelent\u00edssima Senhora Prefeita solicitar ao setor competente a instala\u00e7\u00e3o de redutor de velocidade (quebra-molas) na Rua Raimundo Eduardo, pr\u00f3ximo a capela vel\u00f3rio Municipal, no Distrito de Lagoa de Santo Ant\u00f4nio, neste Munic\u00edpio."}, {"id": "19842", "ano": "2022", "numero": "13", "tipo__sigla": "IND", "tipo__descricao": "Indica\u00e7\u00e3o", "autoria": "Guilherme de Lima Braga (Guilherme do Doce)", "texto_original": "http://sapl.pedroleopoldo.mg.leg.br/media/sapl/public/materialegislativa/2022/19842/indicacao_13-22_-_ver._guilherme.pdf", "ementa": "No uso de minhas atribui\u00e7\u00f5es regimentais, indico a Vossa Excel\u00eancia conceder Mo\u00e7\u00e3o de Parab\u00e9ns \u00e0 Marcus Vinicius Marques Ribeiro pela conquista do Campeonato Brasileiro Interclubes \u2013 CBI - Classificat\u00f3ria A de V\u00f4lei."}, {"id": "19805", "ano": "2022", "numero": "14", "tipo__sigla": "IND", "tipo__descricao": "Indica\u00e7\u00e3o", "autoria": "Frederico Henrique Cota Alves (Fred Piau)", "texto_original": "http://sapl.pedroleopoldo.mg.leg.br/media/sapl/public/materialegislativa/2022/19805/indicacao_14-22_-_frederico.pdf", "ementa": "No uso de minhas atribui\u00e7\u00f5es regimentais, indico \u00e0 Excelent\u00edssima Senhora Prefeita determinar ao setor competente a cria\u00e7\u00e3o de um campeonato de Handball no munic\u00edpio."}, {"id": "19806", "ano": "2022", "numero": "15", "tipo__sigla": "IND", "tipo__descricao": "Indica\u00e7\u00e3o", "autoria": "Guilherme de Lima Braga (Guilherme do Doce)", "texto_original": "http://sapl.pedroleopoldo.mg.leg.br/media/sapl/public/materialegislativa/2022/19806/indicacao_15-22_-_guilherme.pdf", "ementa": "No uso de minhas atribui\u00e7\u00f5es regimentais, indico \u00e0 Excelent\u00edssima Senhora Prefeita determinar ao setor competente opera\u00e7\u00e3o tapa buracos na Rua Olivier Teixeira, pr\u00f3ximo ao n\u00famero 1.107, Bairro S\u00e3o Geraldo, neste munic\u00edpio."}, {"id": "19807", "ano": "2022", "numero": "16", "tipo__sigla": "IND", "tipo__descricao": "Indica\u00e7\u00e3o", "autoria": "Guilherme de Lima Braga (Guilherme do Doce)", "texto_original": "http://sapl.pedroleopoldo.mg.leg.br/media/sapl/public/materialegislativa/2022/19807/indicacao_16-22_-_guilherme.pdf", "ementa": "No uso de minhas atribui\u00e7\u00f5es regimentais, indico \u00e0 Excelent\u00edssima Senhora Prefeita determinar ao setor competente providenciar o servi\u00e7o de pavimenta\u00e7\u00e3o asf\u00e1ltica em toda a extens\u00e3o da Rua Vitalino Ferreira, localizada no bairro Ferreiras."}, {"id": "19808", "ano": "2022", "numero": "17", "tipo__sigla": "IND", "tipo__descricao": "Indica\u00e7\u00e3o", "autoria": "Leonardo Pereira Ribeiro (Leoz\u00e3o), Mauro J\u00fanior Lopes Francisco", "texto_original": "http://sapl.pedroleopoldo.mg.leg.br/media/sapl/public/materialegislativa/2022/19808/indicacao_17-22_-_leonardo_e_mauro.pdf", "ementa": "No uso de nossas atribui\u00e7\u00f5es regimentais, indicamos \u00e0 Excelent\u00edssima Senhora Prefeita determinar ao setor competente verificar a possibilidade da Farm\u00e1cia do PA da Lagoa, funcionar tamb\u00e9m aos finais de semana (s\u00e1bados, domingos e feriados), no mesmo hor\u00e1rio de funcionamento do PA."}, {"id": "19809", "ano": "2022", "numero": "18", "tipo__sigla": "IND", "tipo__descricao": "Indica\u00e7\u00e3o", "autoria": "Frederico Henrique Cota Alves (Fred Piau)", "texto_original": "http://sapl.pedroleopoldo.mg.leg.br/media/sapl/public/materialegislativa/2022/19809/indicacao_18-22_-_ver._fred_piau.pdf", "ementa": "No uso de minhas atribui\u00e7\u00f5es regimentais, indico \u00e0 Excelent\u00edssima Senhora Prefeita determinar ao setor competente a cria\u00e7\u00e3o de um campeonato de Peteca no munic\u00edpio."}, {"id": "19810", "ano": "2022", "numero": "19", "tipo__sigla": "IND", "tipo__descricao": "Indica\u00e7\u00e3o", "autoria": "Frederico Henrique Cota Alves (Fred Piau)", "texto_original": "http://sapl.pedroleopoldo.mg.leg.br/media/sapl/public/materialegislativa/2022/19810/indicacao_19-22_-_ver._fred_piau.pdf", "ementa": "No uso de minhas atribui\u00e7\u00f5es regimentais, indico \u00e0 Excelent\u00edssima Senhora Prefeita determinar ao setor competente providenciar a instala\u00e7\u00e3o de redutor de velocidade (quebra-molas), na Rua Raimundo Joaquim Souza, na altura do n\u00ba 137, no Bairro Dom Camilo."}, {"id": "19811", "ano": "2022", "numero": "20", "tipo__sigla": "IND", "tipo__descricao": "Indica\u00e7\u00e3o", "autoria": "Warlen Alves da Silva", "texto_original": "http://sapl.pedroleopoldo.mg.leg.br/media/sapl/public/materialegislativa/2022/19811/indicacao_20-22_-_warlen.pdf", "ementa": "No uso de minhas atribui\u00e7\u00f5es regimentais, indico \u00e0 Excelent\u00edssima Senhora Prefeita determinar ao setor competente providenciar opera\u00e7\u00e3o tapa buracos na Rua An\u00e9lio Caldas, Centro."}, {"id": "19812", "ano": "2022", "numero": "21", "tipo__sigla": "IND", "tipo__descricao": "Indica\u00e7\u00e3o", "autoria": "Frederico Henrique Cota Alves (Fred Piau)", "texto_original": "http://sapl.pedroleopoldo.mg.leg.br/media/sapl/public/materialegislativa/2022/19812/indicacao_21-22_-_frederico.pdf", "ementa": "No uso de minhas atribui\u00e7\u00f5es regimentais, indico \u00e0 Excelent\u00edssima Senhora Prefeita determinar ao setor competente providenciar a instala\u00e7\u00e3o de equipamentos de academia ao ar livre no final da Rua Maur\u00edlio Domingues, pr\u00f3ximo ao n\u00famero 179, Centro, neste munic\u00edpio."}, {"id": "19813", "ano": "2022", "numero": "22", "tipo__sigla": "IND", "tipo__descricao": "Indica\u00e7\u00e3o", "autoria": "Guilherme de Lima Braga (Guilherme do Doce)", "texto_original": "http://sapl.pedroleopoldo.mg.leg.br/media/sapl/public/materialegislativa/2022/19813/indicacao_22-22_-_guilherme.pdf", "ementa": "No uso de minhas atribui\u00e7\u00f5es regimentais, indico a Exa. Sra. Prefeita determinar ao setor competente providenciar opera\u00e7\u00e3o tapa buracos na Rua Crist\u00f3v\u00e3o de Assis pr\u00f3ximo ao n\u00famero 670, no Distrito de Dr. Lund."}, {"id": "19814", "ano": "2022", "numero": "23", "tipo__sigla": "IND", "tipo__descricao": "Indica\u00e7\u00e3o", "autoria": "Frederico Henrique Cota Alves (Fred Piau)", "texto_original": "http://sapl.pedroleopoldo.mg.leg.br/media/sapl/public/materialegislativa/2022/19814/indicacao_23-22_-_ver._fred_piau.pdf", "ementa": "No uso de minhas atribui\u00e7\u00f5es regimentais, indico \u00e0 Excelent\u00edssima Senhora Prefeita determinar ao setor competente providenciar a instala\u00e7\u00e3o de dois redutores de velocidade na Rua Jo\u00e3o de Deus da Costa, localizada no Bairro Quinta das Palmeiras, neste Munic\u00edpio."}, {"id": "19838", "ano": "2022", "numero": "24", "tipo__sigla": "IND", "tipo__descricao": "Indica\u00e7\u00e3o", "autoria": "Frederico Henrique Cota Alves (Fred Piau)", "texto_original": "http://sapl.pedroleopoldo.mg.leg.br/media/sapl/public/materialegislativa/2022/19838/indicacao_24-22_-_fred_piau.pdf", "ementa": "No uso de minhas atribui\u00e7\u00f5es regimentais, indico a Excelent\u00edssima Senhora Prefeita determinar ao setor competente a instala\u00e7\u00e3o de brinquedos para parquinho na Pra\u00e7a Santo Ant\u00f4nio, localizada no Bairro Santo Ant\u00f4nio da Barra."}, {"id": "19839", "ano": "2022", "numero": "25", "tipo__sigla": "IND", "tipo__descricao": "Indica\u00e7\u00e3o", "autoria": "Frederico Henrique Cota Alves (Fred Piau)", "texto_original": "http://sapl.pedroleopoldo.mg.leg.br/media/sapl/public/materialegislativa/2022/19839/indicacao_25-22_-_fred_piau.pdf", "ementa": "No uso de minhas atribui\u00e7\u00f5es regimentais, indico a Excelent\u00edssima Senhora Prefeita determinar ao setor competente a constru\u00e7\u00e3o de um Hospital Veterin\u00e1rio no Munic\u00edpio."}, {"id": "19840", "ano": "2022", "numero": "26", "tipo__sigla": "IND", "tipo__descricao": "Indica\u00e7\u00e3o", "autoria": "Frederico Henrique Cota Alves (Fred Piau)", "texto_original": "http://sapl.pedroleopoldo.mg.leg.br/media/sapl/public/materialegislativa/2022/19840/indicacao_26-22_-_fred_piau.pdf", "ementa": "No uso de minhas atribui\u00e7\u00f5es regimentais, indico a Excelent\u00edssima Senhora Prefeita determinar ao setor competente realizar estudos para elabora\u00e7\u00e3o das seguintes melhorias na Rua Doutor Neiva, em frente \u00e0 porta de sa\u00edda dos alunos da Escola Estadual Rui Barbosa: encurtamento da via, na sinaliza\u00e7\u00e3o, estacionamento priorit\u00e1rio para vans, revitaliza\u00e7\u00e3o do passeio e faixa de pedestre."}, {"id": "19841", "ano": "2022", "numero": "27", "tipo__sigla": "IND", "tipo__descricao": "Indica\u00e7\u00e3o", "autoria": "Guilherme de Lima Braga (Guilherme do Doce)", "texto_original": "http://sapl.pedroleopoldo.mg.leg.br/media/sapl/public/materialegislativa/2022/19841/indicacao_27-22_-_guilherme.pdf", "ementa": "No uso de minhas atribui\u00e7\u00f5es regimentais, indico a Excelent\u00edssima Senhora Prefeita determinar ao setor competente providenciar servi\u00e7os de limpeza (capina e ro\u00e7ada), na Rua Ant\u00f4nio Generoso, Bairro S\u00e3o Geraldo, neste Munic\u00edpio."}, {"id": "19919", "ano": "2022", "numero": "28", "tipo__sigla": "IND", "tipo__descricao": "Indica\u00e7\u00e3o", "autoria": "Rafael Vieira Faria (Rafa)", "texto_original": "http://sapl.pedroleopoldo.mg.leg.br/media/sapl/public/materialegislativa/2022/19919/indicacao_28-22_-_ver._rafael_-_mocao_parabens.pdf", "ementa": "Eu, Rafael Vieira Faria, Vereador do Munic\u00edpio de Pedro Leopoldo, venho, no uso de minhas atribui\u00e7\u00f5es, na forma do artigo 129 do regimento interno, apresentar INDICA\u00c7\u00c3O, sugerindo conceder Mo\u00e7\u00e3o de Parab\u00e9ns ao artista Pl\u00e1stico Cleber Gomes da Silva, e solicito \u00e0 Vossa Excel\u00eancia que a presente indica\u00e7\u00e3o seja submetida \u00e0 aprecia\u00e7\u00e3o do Plen\u00e1rio, e, sendo aprovada, seja encaminhada \u00e0s respectivas comiss\u00f5es."}, {"id": "19843", "ano": "2022", "numero": "29", "tipo__sigla": "IND", "tipo__descricao": "Indica\u00e7\u00e3o", "autoria": "Frederico Henrique Cota Alves (Fred Piau)", "texto_original": "http://sapl.pedroleopoldo.mg.leg.br/media/sapl/public/materialegislativa/2022/19843/indicacao_29-22_-_fred_piau.pdf", "ementa": "No uso de minhas atribui\u00e7\u00f5es regimentais, indico \u00e0 Excelent\u00edssima Senhora Prefeita determinar ao setor competente providenciar a realiza\u00e7\u00e3o do Projeto Valores em todas as Escolas da Rede Municipal."}, {"id": "19844", "ano": "2022", "numero": "30", "tipo__sigla": "IND", "tipo__descricao": "Indica\u00e7\u00e3o", "autoria": "Guilherme de Lima Braga (Guilherme do Doce)", "texto_original": "http://sapl.pedroleopoldo.mg.leg.br/media/sapl/public/materialegislativa/2022/19844/indicacao_30-22_-_guilherme.pdf", "ementa": "No uso de minhas atribui\u00e7\u00f5es regimentais, indico \u00e0 Excelent\u00edssima Senhora Prefeita determinar ao setor competente providenciar opera\u00e7\u00e3o tapa buracos na Rod. Dr. Ot\u00e1vio Costa, pr\u00f3ximo ao n\u00famero 3020, Distrito de Dr. Lund, neste Munic\u00edpio."}, {"id": "19980", "ano": "2022", "numero": "31", "tipo__sigla": "IND", "tipo__descricao": "Indica\u00e7\u00e3o", "autoria": "Guilherme de Lima Braga (Guilherme do Doce)", "texto_original": "http://sapl.pedroleopoldo.mg.leg.br/media/sapl/public/materialegislativa/2022/19980/indicacao_031_-_22_-ver._guilherme_-_mocao_de_parabens.pdf", "ementa": "No uso de minhas atribui\u00e7\u00f5es regimentais, indico \u00e0 Vossa Excel\u00eancia conceder Mo\u00e7\u00e3o de Parab\u00e9ns ao Centro de Refer\u00eancia de Assist\u00eancia Social (Cras), da Regi\u00e3o Norte de Pedro Leopoldo."}, {"id": "19845", "ano": "2022", "numero": "32", "tipo__sigla": "IND", "tipo__descricao": "Indica\u00e7\u00e3o", "autoria": "Guilherme de Lima Braga (Guilherme do Doce)", "texto_original": "http://sapl.pedroleopoldo.mg.leg.br/media/sapl/public/materialegislativa/2022/19845/indicacao_32-22_-_guilherme.pdf", "ementa": "No uso de minhas atribui\u00e7\u00f5es regimentais, indico a Excelent\u00edssima Senhora Prefeita determinar ao setor competente opera\u00e7\u00e3o tapa buracos na Rua Ponte Alta, na regi\u00e3o do Bairro Santo Ant\u00f4nio da Barra."}, {"id": "19846", "ano": "2022", "numero": "33", "tipo__sigla": "IND", "tipo__descricao": "Indica\u00e7\u00e3o", "autoria": "Guilherme de Lima Braga (Guilherme do Doce)", "texto_original": "http://sapl.pedroleopoldo.mg.leg.br/media/sapl/public/materialegislativa/2022/19846/indicacao_33-22_-_guilherme.pdf", "ementa": "No uso de minhas atribui\u00e7\u00f5es regimentais, indico a Excelent\u00edssima Senhora Prefeita determinar ao setor competente providenciar a pintura de uma faixa de pedestres na rua Comendador Ant\u00f4nio Alves, 1637, Centro, neste Munic\u00edpio."}, {"id": "19847", "ano": "2022", "numero": "34", "tipo__sigla": "IND", "tipo__descricao": "Indica\u00e7\u00e3o", "autoria": "Guilherme de Lima Braga (Guilherme do Doce)", "texto_original": "http://sapl.pedroleopoldo.mg.leg.br/media/sapl/public/materialegislativa/2022/19847/indicacao_34-22_-_guilherme.pdf", "ementa": "No uso de minhas atribui\u00e7\u00f5es regimentais, indico \u00e0 Excelent\u00edssima Senhora Prefeita solicitar ao setor competente providenciar servi\u00e7os de manuten\u00e7\u00e3o no sistema de drenagem da Rua Professora Justa Vilela do Amaral, pr\u00f3ximo aos n\u00fameros 540 e 524, Bairro Santo Ant\u00f4nio da Barra, instalando canaletas ou similares para possibilitar o escoamento da \u00e1gua."}, {"id": "19861", "ano": "2022", "numero": "35", "tipo__sigla": "IND", "tipo__descricao": "Indica\u00e7\u00e3o", "autoria": "Guilherme de Lima Braga (Guilherme do Doce)", "texto_original": "http://sapl.pedroleopoldo.mg.leg.br/media/sapl/public/materialegislativa/2022/19861/indicacao_35_-22_ver_gulherme.pdf", "ementa": "No uso de minhas atribui\u00e7\u00f5es regimentais, indico \u00e0 Excelent\u00edssima Senhora Prefeita determinar ao setor competente a instala\u00e7\u00e3o de redutor de velocidade (quebra-molas) na Rua Mar\u00e7al Lopes da Silva, pr\u00f3ximo ao n\u00famero 55, no Distrito Lagoa de Santo Ant\u00f4nio, neste munic\u00edpio."}, {"id": "19862", "ano": "2022", "numero": "36", "tipo__sigla": "IND", "tipo__descricao": "Indica\u00e7\u00e3o", "autoria": "Frederico Henrique Cota Alves (Fred Piau)", "texto_original": "http://sapl.pedroleopoldo.mg.leg.br/media/sapl/public/materialegislativa/2022/19862/indicacao_36_-_22_ver_frederico.pdf", "ementa": "No uso de minhas atribui\u00e7\u00f5es regimentais, indico \u00e0 Excelent\u00edssima Senhora Prefeita determinar ao setor competente a contrata\u00e7\u00e3o de um M\u00e9dico Psiquiatra para apoiar as a\u00e7\u00f5es do N\u00facleo de Aten\u00e7\u00e3o da Sa\u00fade da Fam\u00edlia (Nasf)."}, {"id": "19863", "ano": "2022", "numero": "37", "tipo__sigla": "IND", "tipo__descricao": "Indica\u00e7\u00e3o", "autoria": "Guilherme de Lima Braga (Guilherme do Doce)", "texto_original": "http://sapl.pedroleopoldo.mg.leg.br/media/sapl/public/materialegislativa/2022/19863/indicacao_37_-22_ver._guilherme.pdf", "ementa": "No uso de minhas atribui\u00e7\u00f5es regimentais, indico \u00e0 Excelent\u00edssima Senhora Prefeita determinar ao setor competente providenciar servi\u00e7os de manuten\u00e7\u00e3o no sistema de drenagem da Rua Expedicion\u00e1rio Rui Ant\u00f4nio da Silva, Bairro Santo Ant\u00f4nio da Barra, instalando canaletas ou similares para possibilitar o escoamento da \u00e1gua."}, {"id": "19864", "ano": "2022", "numero": "38", "tipo__sigla": "IND", "tipo__descricao": "Indica\u00e7\u00e3o", "autoria": "Warlen Alves da Silva", "texto_original": "http://sapl.pedroleopoldo.mg.leg.br/media/sapl/public/materialegislativa/2022/19864/indicacao_38-_22_ver._warlen.pdf", "ementa": "No uso de minhas atribui\u00e7\u00f5es regimentais, indico \u00e0 Excelent\u00edssima Senhora Prefeita determinar ao setor competente realizar o servi\u00e7o de reparo de eros\u00e3o na Rua Joaquim Fernandes, no Bairro Lagoa de Santo Ant\u00f4nio, neste munic\u00edpio."}, {"id": "19865", "ano": "2022", "numero": "39", "tipo__sigla": "IND", "tipo__descricao": "Indica\u00e7\u00e3o", "autoria": "Frederico Henrique Cota Alves (Fred Piau)", "texto_original": "http://sapl.pedroleopoldo.mg.leg.br/media/sapl/public/materialegislativa/2022/19865/indicacao_39_-_22_ver._frederico.pdf", "ementa": "No uso de minhas atribui\u00e7\u00f5es regimentais, indico \u00e0 Excelent\u00edssima Senhora Prefeita determinar ao setor competente a instala\u00e7\u00e3o de bra\u00e7os de ilumina\u00e7\u00e3o nos postes da Rua Joaquim Carolins, localizada no Bairro Quinta das Palmeiras."}, {"id": "19866", "ano": "2022", "numero": "40", "tipo__sigla": "IND", "tipo__descricao": "Indica\u00e7\u00e3o", "autoria": "Frederico Henrique Cota Alves (Fred Piau)", "texto_original": "http://sapl.pedroleopoldo.mg.leg.br/media/sapl/public/materialegislativa/2022/19866/indicacao_40_-22_ver.frederico.pdf", "ementa": "No uso de minhas atribui\u00e7\u00f5es regimentais, indico a Excelent\u00edssima Senhora Prefeita determinar ao setor competente as seguintes melhorias e reformas na infraestrutura do CEMAI Eugenio de Bastos e Escola Municipal S\u00edtio do Pica Pau Amarelo, com sede em Fidalgo."}, {"id": "19872", "ano": "2022", "numero": "41", "tipo__sigla": "IND", "tipo__descricao": "Indica\u00e7\u00e3o", "autoria": "Frederico Henrique Cota Alves (Fred Piau)", "texto_original": "http://sapl.pedroleopoldo.mg.leg.br/media/sapl/public/materialegislativa/2022/19872/indicacao_41_-22_ver._frederico.pdf", "ementa": "No uso de minhas atribui\u00e7\u00f5es regimentais, indico \u00e0 Excelent\u00edssima Senhora Prefeita determinar ao setor competente a realiza\u00e7\u00e3o de chamamento p\u00fablico, para convocar as associa\u00e7\u00f5es esportivas do munic\u00edpio, a fim de celebrarem conv\u00eanios em prol dos n\u00facleos esportivos de bairros e do esporte especializado."}, {"id": "19873", "ano": "2022", "numero": "42", "tipo__sigla": "IND", "tipo__descricao": "Indica\u00e7\u00e3o", "autoria": "Frederico Henrique Cota Alves (Fred Piau)", "texto_original": "http://sapl.pedroleopoldo.mg.leg.br/media/sapl/public/materialegislativa/2022/19873/indicacao_42-22_ver._frederico.pdf", "ementa": "No uso de minhas atribui\u00e7\u00f5es regimentais, indico \u00e0 Excelent\u00edssima Senhora Prefeita determinar ao setor competente a reforma e troca das grades danificadas de escoamento para rede pluvial, em todas as faixas elevadas de pedestres, localizadas na Rua Comendador Ant\u00f4nio Alves."}, {"id": "19874", "ano": "2022", "numero": "43", "tipo__sigla": "IND", "tipo__descricao": "Indica\u00e7\u00e3o", "autoria": "Guilherme de Lima Braga (Guilherme do Doce)", "texto_original": "http://sapl.pedroleopoldo.mg.leg.br/media/sapl/public/materialegislativa/2022/19874/indicacao_43_-_22_ver._guilherme.pdf", "ementa": "No uso de minhas atribui\u00e7\u00f5es regimentais, indico \u00e0 Excelent\u00edssima Senhora Prefeita determinar ao setor competente providenciar servi\u00e7os de manuten\u00e7\u00e3o no sistema de drenagem da Rua Guarani, Bairro Santo Ant\u00f4nio da Barra, instalando canaletas ou similares para possibilitar o escoamento da \u00e1gua"}, {"id": "19875", "ano": "2022", "numero": "44", "tipo__sigla": "IND", "tipo__descricao": "Indica\u00e7\u00e3o", "autoria": "Guilherme de Lima Braga (Guilherme do Doce)", "texto_original": "http://sapl.pedroleopoldo.mg.leg.br/media/sapl/public/materialegislativa/2022/19875/indicacao_44_-22_ver_gulherme.pdf", "ementa": "No uso de minhas atribui\u00e7\u00f5es regimentais, indico \u00e0 Excelent\u00edssima Senhora Prefeita determinar ao setor competente providenciar opera\u00e7\u00e3o tapa buracos em toda extens\u00e3o da Rua Ibraim Sinval Filag\u00f4nio, Bairro Santa Rita, neste munic\u00edpio."}, {"id": "19876", "ano": "2022", "numero": "45", "tipo__sigla": "IND", "tipo__descricao": "Indica\u00e7\u00e3o", "autoria": "Jos\u00e9 Justino Pires Damaso", "texto_original": "http://sapl.pedroleopoldo.mg.leg.br/media/sapl/public/materialegislativa/2022/19876/indicacao_45_-_22_ver_jose_justino.pdf", "ementa": "No uso de minhas atribui\u00e7\u00f5es regimentais, indico \u00e0 Excelent\u00edssima Senhora Prefeita determinar ao setor competente a capina e limpeza das seguintes ruas: Jos\u00e9 Elias da Costa, Raul Hanriot, Juca Machado, todas do Bairro Santo Ant\u00f4nio, neste munic\u00edpio."}, {"id": "19880", "ano": "2022", "numero": "46", "tipo__sigla": "IND", "tipo__descricao": "Indica\u00e7\u00e3o", "autoria": "Guilherme de Lima Braga (Guilherme do Doce)", "texto_original": "http://sapl.pedroleopoldo.mg.leg.br/media/sapl/public/materialegislativa/2022/19880/indicacao_46_-_22_ver._gulherme.pdf", "ementa": "No uso de minhas atribui\u00e7\u00f5es regimentais, indico \u00e0 Excelent\u00edssima Senhora Prefeita determinar ao setor competente providenciar a pintura de faixas de pedestres em frente aos port\u00f5es do Col\u00e9gio Imaculada Concei\u00e7\u00e3o, nas ruas: Senador Melo Viana e Amando Filho, neste munic\u00edpio."}, {"id": "20011", "ano": "2022", "numero": "47", "tipo__sigla": "IND", "tipo__descricao": "Indica\u00e7\u00e3o", "autoria": "Frederico Henrique Cota Alves (Fred Piau)", "texto_original": "http://sapl.pedroleopoldo.mg.leg.br/media/sapl/public/materialegislativa/2022/20011/indicacao_47-22_-_ver._fred_piau.pdf", "ementa": "No uso de minhas atribui\u00e7\u00f5es regimentais, indico \u00e0 Vossa Excel\u00eancia Conceder Mo\u00e7\u00e3o de Parab\u00e9ns \u00e0 ONG Irm\u00e3o Bicho de Pedro Leopoldo pelos trabalhos e luta em prol da causa animal, bem como a realiza\u00e7\u00e3o do mutir\u00e3o de castra\u00e7\u00f5es que ocorreu nos dias 08, 09, 10 e 11 de mar\u00e7o de 2022, que obteve o espetacular resultado de 459 animais (c\u00e3es e gatos) castrados."}, {"id": "19935", "ano": "2022", "numero": "48", "tipo__sigla": "IND", "tipo__descricao": "Indica\u00e7\u00e3o", "autoria": "Guilherme de Lima Braga (Guilherme do Doce)", "texto_original": "http://sapl.pedroleopoldo.mg.leg.br/media/sapl/public/materialegislativa/2022/19935/indicacao_48-22_-_ver._guilherme.pdf", "ementa": "No uso de minhas atribui\u00e7\u00f5es regimentais, indico \u00e0 Excelent\u00edssima Senhora Prefeita determinar ao setor competente providenciar opera\u00e7\u00e3o tapa buracos na Rua Lincoln Diogo Viana, no Bairro Dr. Lund, neste munic\u00edpio."}, {"id": "19938", "ano": "2022", "numero": "49", "tipo__sigla": "IND", "tipo__descricao": "Indica\u00e7\u00e3o", "autoria": "Rafael Vieira Faria (Rafa)", "texto_original": "http://sapl.pedroleopoldo.mg.leg.br/media/sapl/public/materialegislativa/2022/19938/indicacao_49-22_-_ver_rafael.pdf", "ementa": "Eu, Rafael Vieira Faria, Vereador do Munic\u00edpio de Pedro Leopoldo, venho, no uso de minhas atribui\u00e7\u00f5es, na forma do artigo 129 do Regimento Interno, apresentar INDICA\u00c7\u00c3O, sugerindo a Reforma da Unidade de Referencia em Atendimento Cl\u00ednico Especializado de Sa\u00fade Bucal  S\u00e3o Geraldo, situado na Rua Herm\u00ednio Lopes, n\u00ba 41, no Conjunto Habitacional Romero Carvalho Filho, Pedro Leopoldo, CEP 33255-243, e solicito \u00e0 Vossa Excel\u00eancia que a presente indica\u00e7\u00e3o seja submetida \u00e0 aprecia\u00e7\u00e3o do Plen\u00e1rio, e, em sendo aprovada, que seja encaminhado ao poder executivo municipal, na pessoa da excelent\u00edssima Prefeita Eloisa Helena Carvalho de Freitas Pereira, o of\u00edcio no prazo de dez dias, consoante ao disposto no \u00a75\u00ba do artigo 129 do regimento interno."}, {"id": "19939", "ano": "2022", "numero": "50", "tipo__sigla": "IND", "tipo__descricao": "Indica\u00e7\u00e3o", "autoria": "Frederico Henrique Cota Alves (Fred Piau)", "texto_original": "http://sapl.pedroleopoldo.mg.leg.br/media/sapl/public/materialegislativa/2022/19939/indicacao_50-22_-_ver._fredpiau.pdf", "ementa": "No uso de minhas atribui\u00e7\u00f5es regimentais, indico \u00e0 Excelent\u00edssima Senhora Prefeita determinar ao setor competente a Cria\u00e7\u00e3o do Centro Municipal de Lutas."}, {"id": "19940", "ano": "2022", "numero": "51", "tipo__sigla": "IND", "tipo__descricao": "Indica\u00e7\u00e3o", "autoria": "Guilherme de Lima Braga (Guilherme do Doce)", "texto_original": "http://sapl.pedroleopoldo.mg.leg.br/media/sapl/public/materialegislativa/2022/19940/indicacao_51-22_-_ver._guilherme.pdf", "ementa": "No uso de minhas atribui\u00e7\u00f5es regimentais, indico \u00e0 Excelent\u00edssima Senhora Prefeita determinar ao setor competente providenciar o recapeamento asf\u00e1ltico das seguintes vias: Rua Joaquim Caetano, Rua das Orqu\u00eddeas e Rua Azaleias, no Bairro Morada dos Angicos, neste munic\u00edpio."}, {"id": "19941", "ano": "2022", "numero": "52", "tipo__sigla": "IND", "tipo__descricao": "Indica\u00e7\u00e3o", "autoria": "Evaldo Geraldo do Carmo (Evaldo do A\u00e7ougue)", "texto_original": "http://sapl.pedroleopoldo.mg.leg.br/media/sapl/public/materialegislativa/2022/19941/indicacao_52-22_-_ver._evaldo.pdf", "ementa": "No uso de minhas atribui\u00e7\u00f5es regimentais, indico \u00e0 Excelent\u00edssima Senhora Prefeita determinar ao setor competente providenciar a capina e a limpeza da Pra\u00e7a Jos\u00e9 dos Anjos, no Distrito de Lagoa de Santo Ant\u00f4nio."}, {"id": "19942", "ano": "2022", "numero": "53", "tipo__sigla": "IND", "tipo__descricao": "Indica\u00e7\u00e3o", "autoria": "Evaldo Geraldo do Carmo (Evaldo do A\u00e7ougue)", "texto_original": "http://sapl.pedroleopoldo.mg.leg.br/media/sapl/public/materialegislativa/2022/19942/indicacao_53-22_-_ver._evaldo.pdf", "ementa": "No uso de minhas atribui\u00e7\u00f5es regimentais, indico \u00e0 Excelent\u00edssima Senhora Prefeita determinar ao setor competente o recapeamento, em toda extens\u00e3o, da Rua Professora Laura Oliveira Santos, no Distrito de Lagoa de Santo Ant\u00f4nio."}, {"id": "19958", "ano": "2022", "numero": "54", "tipo__sigla": "IND", "tipo__descricao": "Indica\u00e7\u00e3o", "autoria": "Warlen Alves da Silva", "texto_original": "http://sapl.pedroleopoldo.mg.leg.br/media/sapl/public/materialegislativa/2022/19958/indicacao_054_-22_ver._warlen.pdf", "ementa": "No uso de minhas atribui\u00e7\u00f5es regimentais, indico \u00e0 Excelent\u00edssima Senhora Prefeita determinar ao setor competente providenciar servi\u00e7os de limpeza (capina e ro\u00e7ada), na Rua Celso Nery Costa, Bairro Serra Negra, neste munic\u00edpio."}, {"id": "19960", "ano": "2022", "numero": "55", "tipo__sigla": "IND", "tipo__descricao": "Indica\u00e7\u00e3o", "autoria": "Evaldo Geraldo do Carmo (Evaldo do A\u00e7ougue)", "texto_original": "http://sapl.pedroleopoldo.mg.leg.br/media/sapl/public/materialegislativa/2022/19960/indicacao_055_-_22_ver._evaldo.pdf", "ementa": "No uso de minhas atribui\u00e7\u00f5es regimentais, indico \u00e0 Excelent\u00edssima Senhora Prefeita determinar ao setor competente providenciar a instala\u00e7\u00e3o de l\u00e2mpadas de LED em toda a extens\u00e3o da Rua Vital Batista, no Distrito de Lagoa de Santo Ant\u00f4nio."}, {"id": "19962", "ano": "2022", "numero": "56", "tipo__sigla": "IND", "tipo__descricao": "Indica\u00e7\u00e3o", "autoria": "Frederico Henrique Cota Alves (Fred Piau)", "texto_original": "http://sapl.pedroleopoldo.mg.leg.br/media/sapl/public/materialegislativa/2022/19962/indicacao_056_-22_ver._frederico.pdf", "ementa": "No uso de minhas atribui\u00e7\u00f5es regimentais, indico \u00e0 Excelent\u00edssima Senhora Prefeita determinar ao setor competente a manuten\u00e7\u00e3o do telhado do gin\u00e1sio do Centro Poliesportivo de Pedro Leopoldo (Ceppel)."}, {"id": "19964", "ano": "2022", "numero": "57", "tipo__sigla": "IND", "tipo__descricao": "Indica\u00e7\u00e3o", "autoria": "Frederico Henrique Cota Alves (Fred Piau)", "texto_original": "http://sapl.pedroleopoldo.mg.leg.br/media/sapl/public/materialegislativa/2022/19964/indicacao_057_-22_-_ver._frederico.pdf", "ementa": "No uso de minhas atribui\u00e7\u00f5es regimentais, indico \u00e0 Excelent\u00edssima Senhora Prefeita determinar ao setor competente estabelecer uma rota de fiscaliza\u00e7\u00e3o da Ger\u00eancia de Tr\u00e2nsito de Pedro Leopoldo (TransPL) na porta das Escolas do Munic\u00edpio."}, {"id": "19968", "ano": "2022", "numero": "58", "tipo__sigla": "IND", "tipo__descricao": "Indica\u00e7\u00e3o", "autoria": "Frederico Henrique Cota Alves (Fred Piau)", "texto_original": "http://sapl.pedroleopoldo.mg.leg.br/media/sapl/public/materialegislativa/2022/19968/indicacao_058_-_22_-_ver._frederico.pdf", "ementa": "No uso de minhas atribui\u00e7\u00f5es regimentais, indico \u00e0 Excelent\u00edssima Senhora Prefeita determinar ao setor competente a melhoria e informatiza\u00e7\u00e3o do sistema de controle de estacionamento no centro da cidade."}, {"id": "19971", "ano": "2022", "numero": "59", "tipo__sigla": "IND", "tipo__descricao": "Indica\u00e7\u00e3o", "autoria": "Frederico Henrique Cota Alves (Fred Piau)", "texto_original": "http://sapl.pedroleopoldo.mg.leg.br/media/sapl/public/materialegislativa/2022/19971/indicacao_059_-_22_-_ver._frederico.pdf", "ementa": "No uso de minhas atribui\u00e7\u00f5es regimentais, indico \u00e0 Excelent\u00edssima Senhora Prefeita determinar ao setor competente a pavimenta\u00e7\u00e3o da Rua Daniel Moreira de Souza (rua da empresa Torresminas), localizada no Distrito Industrial Norte, Conjunto Marieta Batista de Sales, neste Munic\u00edpio."}, {"id": "19972", "ano": "2022", "numero": "60", "tipo__sigla": "IND", "tipo__descricao": "Indica\u00e7\u00e3o", "autoria": "Evaldo Geraldo do Carmo (Evaldo do A\u00e7ougue)", "texto_original": "http://sapl.pedroleopoldo.mg.leg.br/media/sapl/public/materialegislativa/2022/19972/indicacao_060_-_22_-_ver._evaldo.pdf", "ementa": "No uso de minhas atribui\u00e7\u00f5es regimentais, indico \u00e0 Excelent\u00edssima Senhora Prefeita determinar ao setor competente providenciar a pavimenta\u00e7\u00e3o asf\u00e1ltica da Rua Lindolfo Jos\u00e9 Ferreira, Bairro Lagoa de Santo Ant\u00f4nio, neste munic\u00edpio, com urg\u00eancia."}, {"id": "19973", "ano": "2022", "numero": "61", "tipo__sigla": "IND", "tipo__descricao": "Indica\u00e7\u00e3o", "autoria": "Rafael Vieira Faria (Rafa)", "texto_original": "http://sapl.pedroleopoldo.mg.leg.br/media/sapl/public/materialegislativa/2022/19973/indicacao_061_-_22_-_ver._rafael.pdf", "ementa": "Eu, Rafael Vieira Faria, Vereador do Munic\u00edpio de Pedro Leopoldo, venho, no uso de minhas atribui\u00e7\u00f5es, na forma do artigo 129 do Regimento Interno, apresentar INDICA\u00c7\u00c3O, sugerindo Cria\u00e7\u00e3o do Programa Refor\u00e7o Escolar nas escolas da cidade de Pedro Leopoldo, e solicito \u00e0 Vossa Excel\u00eancia que a presente indica\u00e7\u00e3o seja submetida \u00e0 aprecia\u00e7\u00e3o do Plen\u00e1rio, e, em sendo aprovada, que seja encaminhado ao poder executivo municipal, na pessoa da excelent\u00edssima Prefeita Eloisa Helena Carvalho de Freitas Pereira, o of\u00edcio no prazo de dez dias, consoante ao disposto no \u00a75\u00ba do artigo 129 do regimento interno."}, {"id": "19975", "ano": "2022", "numero": "62", "tipo__sigla": "IND", "tipo__descricao": "Indica\u00e7\u00e3o", "autoria": "Frederico Henrique Cota Alves (Fred Piau)", "texto_original": "http://sapl.pedroleopoldo.mg.leg.br/media/sapl/public/materialegislativa/2022/19975/indicacao_062_-_22_-_ver._frederico.pdf", "ementa": "No uso de minhas atribui\u00e7\u00f5es regimentais, indico \u00e0 Excelent\u00edssima Senhora Prefeita determinar ao setor competente a divulga\u00e7\u00e3o da programa\u00e7\u00e3o semanal dos seguintes servi\u00e7os para a popula\u00e7\u00e3o:\r\n - Opera\u00e7\u00e3o tapa buracos; \r\n - Poda de arvores; e\r\n - Pintura e sinaliza\u00e7\u00e3o das ruas."}, {"id": "19976", "ano": "2022", "numero": "63", "tipo__sigla": "IND", "tipo__descricao": "Indica\u00e7\u00e3o", "autoria": "Leonardo Pereira Ribeiro (Leoz\u00e3o)", "texto_original": "http://sapl.pedroleopoldo.mg.leg.br/media/sapl/public/materialegislativa/2022/19976/indicacao_63_-22_-_ver._leonardo.pdf", "ementa": "No uso de minhas atribui\u00e7\u00f5es regimentais, indico \u00e0 Excelent\u00edssima Senhora Prefeita determinar ao setor competente o recapeamento ou a opera\u00e7\u00e3o tapa buraco em toda extens\u00e3o da Rua Pedra Verde, no Bairro Magalh\u00e3es."}, {"id": "19977", "ano": "2022", "numero": "64", "tipo__sigla": "IND", "tipo__descricao": "Indica\u00e7\u00e3o", "autoria": "Evaldo Geraldo do Carmo (Evaldo do A\u00e7ougue)", "texto_original": "http://sapl.pedroleopoldo.mg.leg.br/media/sapl/public/materialegislativa/2022/19977/indicacao_064_-_22_-_ver._evaldo.pdf", "ementa": "No uso de minhas atribui\u00e7\u00f5es regimentais, indico \u00e0 Excelent\u00edssima Senhora Prefeita determinar ao setor competente providenciar a instala\u00e7\u00e3o de redutor de velocidade (quebra-molas) na Rua Joaquim Maur\u00edcio Bahia, pr\u00f3ximo aos n\u00bas 173 e 335, no Bairro Saquarema, neste Munic\u00edpio."}, {"id": "20546", "ano": "2022", "numero": "65", "tipo__sigla": "IND", "tipo__descricao": "Indica\u00e7\u00e3o", "autoria": "Evaldo Geraldo do Carmo (Evaldo do A\u00e7ougue)", "texto_original": "http://sapl.pedroleopoldo.mg.leg.br/media/sapl/public/materialegislativa/2022/20546/indicacao_065-2022_-_evaldo_-_sinalizacao_asfaltica.docx", "ementa": "No uso de minhas atribui\u00e7\u00f5es regimentais, indico \u00e0 Excelent\u00edssima Senhora Prefeita determinar ao setor competente providenciar a sinaliza\u00e7\u00e3o asf\u00e1ltica das seguintes vias: \r\n- Rua das Orqu\u00eddeas \r\n- Rua do Cruzeiro\r\n- Rua Joaquim Caetano \r\n- Rua Azaleias \r\n- Rua das Margaridas\r\n- Rua das Violetas\r\n- Rua das Paineiras\r\n- Rua das Palmeiras\r\n- Rua das Pitangueiras \r\n- Rua dos Pessegueiros \r\n- Rua dos Pequis\r\n- Rua Pau Cravo\r\n- Rua Pau Brasil."}, {"id": "19979", "ano": "2022", "numero": "66", "tipo__sigla": "IND", "tipo__descricao": "Indica\u00e7\u00e3o", "autoria": "Guilherme de Lima Braga (Guilherme do Doce)", "texto_original": "http://sapl.pedroleopoldo.mg.leg.br/media/sapl/public/materialegislativa/2022/19979/indicacao_066_-_22_-_ver._guilherme.pdf", "ementa": "No uso de minhas atribui\u00e7\u00f5es regimentais, indico \u00e0 Excelent\u00edssima Senhora Prefeita determinar ao setor competente providenciar a cria\u00e7\u00e3o de Feira de Artesanatos e comidas t\u00edpicas com a participa\u00e7\u00e3o de m\u00fasicos da regi\u00e3o, em domingos alternados, na Pra\u00e7a do Bairro Santo Ant\u00f4nio da Barra, neste Munic\u00edpio"}, {"id": "20000", "ano": "2022", "numero": "67", "tipo__sigla": "IND", "tipo__descricao": "Indica\u00e7\u00e3o", "autoria": "Frederico Henrique Cota Alves (Fred Piau)", "texto_original": "http://sapl.pedroleopoldo.mg.leg.br/media/sapl/public/materialegislativa/2022/20000/indicacao_67-22_-_ver._frederico_piau.pdf", "ementa": "No uso de minhas atribui\u00e7\u00f5es regimentais, indico \u00e0 Excelent\u00edssima Senhora Prefeita determinar ao setor competente a manuten\u00e7\u00e3o corretiva do Centro Poliesportivo de Pedro Leopoldo (Ceppel): servi\u00e7os de capina, pintura e cercamento do campo com alambrado."}, {"id": "20001", "ano": "2022", "numero": "68", "tipo__sigla": "IND", "tipo__descricao": "Indica\u00e7\u00e3o", "autoria": "Frederico Henrique Cota Alves (Fred Piau)", "texto_original": "http://sapl.pedroleopoldo.mg.leg.br/media/sapl/public/materialegislativa/2022/20001/indicacao_68-22_-_ver._frederico_piau.pdf", "ementa": "No uso de minhas atribui\u00e7\u00f5es regimentais, indico \u00e0 Excelent\u00edssima Senhora Prefeita determinar ao setor competente a constru\u00e7\u00e3o do N\u00facleo de Aten\u00e7\u00e3o e Castra\u00e7\u00e3o de Animais (Naca), priorizando atendimentos de preven\u00e7\u00e3o, castra\u00e7\u00e3o e controle da Leishmaniose."}, {"id": "20002", "ano": "2022", "numero": "69", "tipo__sigla": "IND", "tipo__descricao": "Indica\u00e7\u00e3o", "autoria": "Frederico Henrique Cota Alves (Fred Piau)", "texto_original": "http://sapl.pedroleopoldo.mg.leg.br/media/sapl/public/materialegislativa/2022/20002/indicacao_69-22_-_ver._frederico_piau.pdf", "ementa": "No uso de minhas atribui\u00e7\u00f5es regimentais, indico \u00e0 Excelent\u00edssima Senhora Prefeita determinar ao setor competente a cria\u00e7\u00e3o de um programa de monitoramento dos campos de futebol amador da cidade, priorizando as equipes que possuam categorias de base."}, {"id": "20003", "ano": "2022", "numero": "70", "tipo__sigla": "IND", "tipo__descricao": "Indica\u00e7\u00e3o", "autoria": "Frederico Henrique Cota Alves (Fred Piau)", "texto_original": "http://sapl.pedroleopoldo.mg.leg.br/media/sapl/public/materialegislativa/2022/20003/indicacao_70-22_-_ver._fred_piau.pdf", "ementa": "No uso de minhas atribui\u00e7\u00f5es regimentais, indico \u00e0 Excelent\u00edssima Senhora Prefeita determinar ao setor competente a concess\u00e3o de um espa\u00e7o na \u00e1rea externa do Pronto Atendimento Central para constru\u00e7\u00e3o de uma lanchonete e farm\u00e1cia."}, {"id": "20034", "ano": "2022", "numero": "71", "tipo__sigla": "IND", "tipo__descricao": "Indica\u00e7\u00e3o", "autoria": "Rafael Vieira Faria (Rafa)", "texto_original": "http://sapl.pedroleopoldo.mg.leg.br/media/sapl/public/materialegislativa/2022/20034/indicacao_mocao_71-22_-_todos_vereadores.pdf", "ementa": "Eu, Rafael Vieira Faria, Vereador do Munic\u00edpio de Pedro Leopoldo, venho, no uso de minhas atribui\u00e7\u00f5es, na forma do artigo 129 do Regimento Interno, apresentar INDICA\u00c7\u00c3O, sugerindo conceder mo\u00e7\u00e3o de parab\u00e9ns \u00e0 R\u00e1dio PL Fm pelos seus 25 anos de exist\u00eancia."}, {"id": "20004", "ano": "2022", "numero": "72", "tipo__sigla": "IND", "tipo__descricao": "Indica\u00e7\u00e3o", "autoria": "Evaldo Geraldo do Carmo (Evaldo do A\u00e7ougue)", "texto_original": "http://sapl.pedroleopoldo.mg.leg.br/media/sapl/public/materialegislativa/2022/20004/indicacao_72-22_-_ver._evaldo.pdf", "ementa": "No uso de minhas atribui\u00e7\u00f5es regimentais, indico \u00e0 Excelent\u00edssima Senhora Prefeita determinar ao setor competente a constru\u00e7\u00e3o de uma rotat\u00f3ria no cruzamento das vias: Rua Vereador Magno Claret, Rua Joaquim B Azevedo, Rua Joaquim Caetano e Rua Antenor Pereira, no Bairro Lagoa de Santo Ant\u00f4nio neste munic\u00edpio."}, {"id": "20035", "ano": "2022", "numero": "73", "tipo__sigla": "IND", "tipo__descricao": "Indica\u00e7\u00e3o", "autoria": "Warlen Alves da Silva", "texto_original": "http://sapl.pedroleopoldo.mg.leg.br/media/sapl/public/materialegislativa/2022/20035/indicacao_mocao_73-22_-_ver._warlen.pdf", "ementa": "No uso de minhas atribui\u00e7\u00f5es regimentais, indico \u00e0 Vossa Excel\u00eancia conceder Mo\u00e7\u00e3o de Parab\u00e9ns ao 3\u00b0 Sargento Cristiano Eduardo Gon\u00e7alves Costa, da Pol\u00edcia Militar de Pedro Leopoldo."}, {"id": "20005", "ano": "2022", "numero": "74", "tipo__sigla": "IND", "tipo__descricao": "Indica\u00e7\u00e3o", "autoria": "Warlen Alves da Silva", "texto_original": "http://sapl.pedroleopoldo.mg.leg.br/media/sapl/public/materialegislativa/2022/20005/indicacao_74-22_-_ver._warlen.pdf", "ementa": "No uso de minhas atribui\u00e7\u00f5es regimentais, indico \u00e0 Excelent\u00edssima Senhora Prefeita determinar ao setor competente providenciar a extens\u00e3o da rede de ilumina\u00e7\u00e3o p\u00fablica na Rua Dona Iris Maria Alves, no Bairro S\u00e3o Geraldo, neste munic\u00edpio."}, {"id": "20006", "ano": "2022", "numero": "75", "tipo__sigla": "IND", "tipo__descricao": "Indica\u00e7\u00e3o", "autoria": "Guilherme de Lima Braga (Guilherme do Doce)", "texto_original": "http://sapl.pedroleopoldo.mg.leg.br/media/sapl/public/materialegislativa/2022/20006/indicacao_75-22_-_ver._guilherme.pdf", "ementa": "No uso de minhas atribui\u00e7\u00f5es regimentais, indico \u00e0 Excelent\u00edssima Senhora Prefeita determinar \u00e0 Secretaria Municipal de Educa\u00e7\u00e3o estudar a viabilidade de propiciar transporte escolar para Universit\u00e1rios do Munic\u00edpio de Pedro Leopoldo que estudam em faculdades de Belo Horizonte."}, {"id": "20007", "ano": "2022", "numero": "76", "tipo__sigla": "IND", "tipo__descricao": "Indica\u00e7\u00e3o", "autoria": "Rafael Vieira Faria (Rafa)", "texto_original": "http://sapl.pedroleopoldo.mg.leg.br/media/sapl/public/materialegislativa/2022/20007/indicacao_76-22_-_ver._rafael.pdf", "ementa": "No uso de minhas atribui\u00e7\u00f5es, indico opera\u00e7\u00e3o tapa buracos na Rua Olivier Teixeira."}, {"id": "20008", "ano": "2022", "numero": "77", "tipo__sigla": "IND", "tipo__descricao": "Indica\u00e7\u00e3o", "autoria": "Frederico Henrique Cota Alves (Fred Piau)", "texto_original": "http://sapl.pedroleopoldo.mg.leg.br/media/sapl/public/materialegislativa/2022/20008/indicacao_77-22_-_fred_piau.pdf", "ementa": "No uso de minhas atribui\u00e7\u00f5es regimentais, indico \u00e0 Excelent\u00edssima Senhora Prefeita determinar ao setor competente a cria\u00e7\u00e3o do Programa Municipal de \u201cBolsa ao Agente Cultural\u201d."}, {"id": "20009", "ano": "2022", "numero": "78", "tipo__sigla": "IND", "tipo__descricao": "Indica\u00e7\u00e3o", "autoria": "Rafael Vieira Faria (Rafa)", "texto_original": "http://sapl.pedroleopoldo.mg.leg.br/media/sapl/public/materialegislativa/2022/20009/indicacao_78-22_-_ver._rafael.pdf", "ementa": "Eu, Rafael Vieira Faria, Vereador do Munic\u00edpio de Pedro Leopoldo, venho, no uso de minhas atribui\u00e7\u00f5es, na forma do artigo 129 do Regimento Interno, apresentar INDICA\u00c7\u00c3O, sugerindo a Reforma da Unidade de Referencia em Atendimento Cl\u00ednico Especializado de Sa\u00fade Bucal  S\u00e3o Geraldo, situado na Rua Herm\u00ednio Lopes, n\u00ba 41, no Conjunto Habitacional Romero Carvalho Filho, Pedro Leopoldo, CEP 33255-243, e solicito \u00e0 Vossa Excel\u00eancia que a presente indica\u00e7\u00e3o seja submetida \u00e0 aprecia\u00e7\u00e3o do Plen\u00e1rio, e, em sendo aprovada, que seja encaminhado ao poder executivo municipal, na pessoa da excelent\u00edssima Prefeita Eloisa Helena Carvalho de Freitas Pereira, o of\u00edcio no prazo de dez dias, consoante ao disposto no \u00a75\u00ba do artigo 129 do regimento interno."}, {"id": "20036", "ano": "2022", "numero": "79", "tipo__sigla": "IND", "tipo__descricao": "Indica\u00e7\u00e3o", "autoria": "Rafael Vieira Faria (Rafa)", "texto_original": "http://sapl.pedroleopoldo.mg.leg.br/media/sapl/public/materialegislativa/2022/20036/indicacao_mocao_79-22_-_ver._rafael.pdf", "ementa": "Eu, Rafael Vieira Faria, Vereador do Munic\u00edpio de Pedro Leopoldo, venho, no uso de minhas atribui\u00e7\u00f5es, na forma do artigo 129 do regimento interno, apresentar INDICA\u00c7\u00c3O, sugerindo conceder Mo\u00e7\u00e3o de Parab\u00e9ns ao senhor Gilson Martins dos Santos \u2013Gils\u00e3o-, ex jogador e treinador de futebol, e solicito \u00e0 Vossa Excel\u00eancia que a presente indica\u00e7\u00e3o seja submetida \u00e0 aprecia\u00e7\u00e3o do Plen\u00e1rio, e, em sendo aprovada, seja encaminhada \u00e0s respectivas comiss\u00f5es."}, {"id": "20037", "ano": "2022", "numero": "80", "tipo__sigla": "IND", "tipo__descricao": "Indica\u00e7\u00e3o", "autoria": "Warlen Alves da Silva", "texto_original": "http://sapl.pedroleopoldo.mg.leg.br/media/sapl/public/materialegislativa/2022/20037/indicacao_mocao_80-22_-_ver._warlen.pdf", "ementa": "No uso de minhas atribui\u00e7\u00f5es regimentais, indico \u00e0 Vossa Excel\u00eancia conceder Mo\u00e7\u00e3o de Parab\u00e9ns ao Soldado Rom\u00e1rio Sebasti\u00e3o dos Santos, Policia Militar de Pedro Leopoldo."}, {"id": "20010", "ano": "2022", "numero": "81", "tipo__sigla": "IND", "tipo__descricao": "Indica\u00e7\u00e3o", "autoria": "Guilherme de Lima Braga (Guilherme do Doce)", "texto_original": "http://sapl.pedroleopoldo.mg.leg.br/media/sapl/public/materialegislativa/2022/20010/indicacao_81-22_-_guilherme.pdf", "ementa": "No uso de minhas atribui\u00e7\u00f5es regimentais, indico \u00e0 Excelent\u00edssima Senhora Prefeita determinar ao setor competente providenciar a reforma e revitaliza\u00e7\u00e3o do Campo de Futebol do Terrestre, localizado nas vias: Ruas Raimundo Joaquim de Souza e Rua Hon\u00f3rio In\u00e1cio, no Bairro Lagoa de Santo Ant\u00f4nio, neste munic\u00edpio."}, {"id": "20020", "ano": "2022", "numero": "82", "tipo__sigla": "IND", "tipo__descricao": "Indica\u00e7\u00e3o", "autoria": "Frederico Henrique Cota Alves (Fred Piau)", "texto_original": "http://sapl.pedroleopoldo.mg.leg.br/media/", "ementa": "No uso de minhas atribui\u00e7\u00f5es regimentais, indico \u00e0 Excelent\u00edssima Senhora Prefeita determinar ao setor competente a revitaliza\u00e7\u00e3o e o investimento em projetos s\u00f3cios esportivos culturais para a quadra poliesportiva, do Conjunto Habitacional Am\u00e9lia Torres."}, {"id": "20021", "ano": "2022", "numero": "83", "tipo__sigla": "IND", "tipo__descricao": "Indica\u00e7\u00e3o", "autoria": "Frederico Henrique Cota Alves (Fred Piau)", "texto_original": "http://sapl.pedroleopoldo.mg.leg.br/media/", "ementa": "No uso de minhas atribui\u00e7\u00f5es regimentais, indico \u00e0 Excelent\u00edssima Senhora Prefeita determinar ao setor competente o cumprimento do art. 93 da Lei n\u00ba 8.213/91, a lei de cotas para PCD`s (Pessoas com Defici\u00eancia), na Prefeitura Municipal de Pedro Leopoldo."}, {"id": "20022", "ano": "2022", "numero": "84", "tipo__sigla": "IND", "tipo__descricao": "Indica\u00e7\u00e3o", "autoria": "Jos\u00e9 Justino Pires Damaso", "texto_original": "http://sapl.pedroleopoldo.mg.leg.br/media/", "ementa": "No uso de minhas atribui\u00e7\u00f5es regimentais, indico \u00e0 Excelent\u00edssima Senhora Prefeita determinar ao setor competente providenciar a revitaliza\u00e7\u00e3o dos redutores de velocidade em toda a extens\u00e3o da Rua Jo\u00e3o Teodoro da Silva, Bairro S\u00e3o Geraldo"}, {"id": "20023", "ano": "2022", "numero": "85", "tipo__sigla": "IND", "tipo__descricao": "Indica\u00e7\u00e3o", "autoria": "Frederico Henrique Cota Alves (Fred Piau)", "texto_original": "http://sapl.pedroleopoldo.mg.leg.br/media/", "ementa": "No uso de minhas atribui\u00e7\u00f5es regimentais, indico ao Excelent\u00edssimo Senhor Presidente da C\u00e2mara o cumprimento do art. 93 da Lei n\u00ba 8.213/91, a lei de cotas para PCD`s (Pessoa Com Defici\u00eancia) na C\u00e2mara Municipal de Pedro Leopoldo."}, {"id": "20024", "ano": "2022", "numero": "86", "tipo__sigla": "IND", "tipo__descricao": "Indica\u00e7\u00e3o", "autoria": "Jos\u00e9 Justino Pires Damaso", "texto_original": "http://sapl.pedroleopoldo.mg.leg.br/media/", "ementa": "No uso de minhas atribui\u00e7\u00f5es regimentais, indico \u00e0 Excelent\u00edssima Senhora Prefeita determinar ao setor competente providenciar a Capina e Limpeza da estrada do Urubu,  entre a  rua Jo\u00e3o Teodoro da Silva e Maria Piedade Costa."}, {"id": "20025", "ano": "2022", "numero": "87", "tipo__sigla": "IND", "tipo__descricao": "Indica\u00e7\u00e3o", "autoria": "Mauro J\u00fanior Lopes Francisco", "texto_original": "http://sapl.pedroleopoldo.mg.leg.br/media/", "ementa": "No uso de minhas atribui\u00e7\u00f5es regimentais, indico \u00e0 Excelent\u00edssima Senhora Prefeita determinar ao setor competente providenciar a retirada dos vendedores ambulantes dos locais n\u00e3o autorizados pela Prefeitura."}, {"id": "20038", "ano": "2022", "numero": "88", "tipo__sigla": "IND", "tipo__descricao": "Indica\u00e7\u00e3o", "autoria": "Frederico Henrique Cota Alves (Fred Piau)", "texto_original": "http://sapl.pedroleopoldo.mg.leg.br/media/sapl/public/materialegislativa/2022/20038/indicacao_88-22_-_fred_piau.pdf", "ementa": "No uso de minhas atribui\u00e7\u00f5es regimentais, indico \u00e0 Excelent\u00edssima Senhora Prefeita determinar ao setor competente a realiza\u00e7\u00e3o do evento de MMA JUNGLE FIGHT, no Munic\u00edpio de Pedro Leopoldo."}, {"id": "20039", "ano": "2022", "numero": "89", "tipo__sigla": "IND", "tipo__descricao": "Indica\u00e7\u00e3o", "autoria": "Frederico Henrique Cota Alves (Fred Piau)", "texto_original": "http://sapl.pedroleopoldo.mg.leg.br/media/sapl/public/materialegislativa/2022/20039/indicacao_89-22_-_ver._fred_piau.pdf", "ementa": "No uso de minhas atribui\u00e7\u00f5es regimentais, indico \u00e0 Excelent\u00edssima Senhora Prefeita determinar ao setor competente providenciar a reforma do CENTRO MUNICIPAL DE ATEN\u00c7\u00c3O \u00c0 INF\u00c2NCIA \u2013 CEMAI ARCA DE NO\u00c9, localizado na Rua Alfredo Barbosa, 289, Bairro Felipe Cl\u00e1udio de Sales."}, {"id": "20040", "ano": "2022", "numero": "90", "tipo__sigla": "IND", "tipo__descricao": "Indica\u00e7\u00e3o", "autoria": "Rafael Vieira Faria (Rafa)", "texto_original": "http://sapl.pedroleopoldo.mg.leg.br/media/", "ementa": "Eu, Rafael Vieira Faria, Vereador do Munic\u00edpio de Pedro Leopoldo, venho, no uso de minhas atribui\u00e7\u00f5es, na forma do artigo 129 do regimento interno, apresentar INDICA\u00c7\u00c3O, sugerindo a regulamenta\u00e7\u00e3o do uso de ca\u00e7ambas estacion\u00e1rias no Munic\u00edpio de Pedro Leopoldo, na forma do art. 113 da Lei 2.205/1996, com reda\u00e7\u00e3o alterada pela Lei 3.355/2013. Que \u201cInstitui o novo C\u00f3digo de Posturas do Munic\u00edpio de Pedro Leopoldo\u201d."}, {"id": "20049", "ano": "2022", "numero": "91", "tipo__sigla": "IND", "tipo__descricao": "Indica\u00e7\u00e3o", "autoria": "Rafael Vieira Faria (Rafa)", "texto_original": "http://sapl.pedroleopoldo.mg.leg.br/media/sapl/public/materialegislativa/2022/20049/indicacao_91-22_-_ver._rafael.pdf", "ementa": "Fornecimento de Uniforme e de Equipamentos de Prote\u00e7\u00e3o Individual Para os Servidores que Laboram nas Capelas Vel\u00f3rio"}, {"id": "20080", "ano": "2022", "numero": "92", "tipo__sigla": "IND", "tipo__descricao": "Indica\u00e7\u00e3o", "autoria": "Leonardo Pereira Ribeiro (Leoz\u00e3o)", "texto_original": "http://sapl.pedroleopoldo.mg.leg.br/media/sapl/public/materialegislativa/2022/20080/indicacao_no_92_-_22_-_ver.__leonardo.pdf", "ementa": "No uso de minhas atribui\u00e7\u00f5es regimentais, indico \u00e0 Excelent\u00edssima Senhora Prefeita Municipal tomar as medidas cab\u00edveis, para providenciar limpeza e capina na Rua Levy Teixeira da Costa, no Bairro Maria de Lourdes"}, {"id": "20050", "ano": "2022", "numero": "93", "tipo__sigla": "IND", "tipo__descricao": "Indica\u00e7\u00e3o", "autoria": "Rafael Vieira Faria (Rafa)", "texto_original": "http://sapl.pedroleopoldo.mg.leg.br/media/sapl/public/materialegislativa/2022/20050/indicacao_93-22_-_ver._rafael.pdf", "ementa": "Capacita\u00e7\u00e3o de Servidores que Laboram nas Capelas Vel\u00f3rio"}, {"id": "20081", "ano": "2022", "numero": "94", "tipo__sigla": "IND", "tipo__descricao": "Indica\u00e7\u00e3o", "autoria": "Frederico Henrique Cota Alves (Fred Piau)", "texto_original": "http://sapl.pedroleopoldo.mg.leg.br/media/sapl/public/materialegislativa/2022/20081/indicacao_no_94_-_22__-_ver._frederico.pdf", "ementa": "\u201cNO USO DE MINHAS ATRIBUI\u00c7\u00d5ES REGIMENTAIS, INDICO AO EXCELENT\u00cdSSIMO SENHOR PREFEITO PROVIDENCIAR, JUNTO AO SETOR COMPETENTE A CONSTRU\u00c7\u00c3O DE PARQUINHO PARA CRIAN\u00c7AS NA PRA\u00c7A TANCREDO NEVES, CENTRO, NESTE MUNIC\u00cdPIO.\u201d\""}, {"id": "20105", "ano": "2022", "numero": "95", "tipo__sigla": "IND", "tipo__descricao": "Indica\u00e7\u00e3o", "autoria": "Frederico Henrique Cota Alves (Fred Piau)", "texto_original": "http://sapl.pedroleopoldo.mg.leg.br/media/", "ementa": "No uso de minhas atribui\u00e7\u00f5es regimentais, indico \u00e0 Excelent\u00edssima Senhora Prefeita determinar ao setor competente providenciar a constru\u00e7\u00e3o de um ponto de \u00f4nibus, pr\u00f3ximo \u00e0 Igreja S\u00e3o Judas Tadeu, no Bairro Andyara, neste Munic\u00edpio."}, {"id": "20083", "ano": "2022", "numero": "96", "tipo__sigla": "IND", "tipo__descricao": "Indica\u00e7\u00e3o", "autoria": "Frederico Henrique Cota Alves (Fred Piau)", "texto_original": "http://sapl.pedroleopoldo.mg.leg.br/media/", "ementa": "Indica reivindica\u00e7\u00f5es para a Escola Municipal Jos\u00e9 Pedro Filho, Bairro Felipe Cl\u00e1udio de Sales:"}, {"id": "20084", "ano": "2022", "numero": "97", "tipo__sigla": "IND", "tipo__descricao": "Indica\u00e7\u00e3o", "autoria": "Guilherme de Lima Braga (Guilherme do Doce)", "texto_original": "http://sapl.pedroleopoldo.mg.leg.br/media/sapl/public/materialegislativa/2022/20084/indicacao_no_97_-_22_-_ver_-_guilherme.pdf", "ementa": "No uso de minhas atribui\u00e7\u00f5es regimentais, indico \u00e0 Excelent\u00edssima Senhora Prefeita solicitar ao setor competente a instala\u00e7\u00e3o de redutor de velocidade (quebra-molas) na Rua Justa Vilela do Amaral, pr\u00f3ximo ao n\u00famero 287 no bairro Santo Ant\u00f4nio da Barra, neste Munic\u00edpio."}, {"id": "20085", "ano": "2022", "numero": "98", "tipo__sigla": "IND", "tipo__descricao": "Indica\u00e7\u00e3o", "autoria": "Frederico Henrique Cota Alves (Fred Piau)", "texto_original": "http://sapl.pedroleopoldo.mg.leg.br/media/", "ementa": "\u201cIndico a manuten\u00e7\u00e3o corretiva da estrada que d\u00e1 acesso as Fazendas Jatob\u00e1, Bananal e da Paz,  localizadas no Distrito de Vera Cruz de Minas\u201d.\r\n\""}, {"id": "20086", "ano": "2022", "numero": "99", "tipo__sigla": "IND", "tipo__descricao": "Indica\u00e7\u00e3o", "autoria": "Guilherme de Lima Braga (Guilherme do Doce)", "texto_original": "http://sapl.pedroleopoldo.mg.leg.br/media/", "ementa": "Servi\u00e7os de limpeza (capina e ro\u00e7ada) e opera\u00e7\u00e3o tapa buracos na Rua Botocudos, Bairro Andyara,"}, {"id": "20087", "ano": "2022", "numero": "100", "tipo__sigla": "IND", "tipo__descricao": "Indica\u00e7\u00e3o", "autoria": "Warlen Alves da Silva", "texto_original": "http://sapl.pedroleopoldo.mg.leg.br/media/sapl/public/materialegislativa/2022/20087/indicacao_no_100_-_22_-_ver._warlen.pdf", "ementa": "Opera\u00e7\u00e3o tapa buracos na Rua Chiquita Alves, Bairro Santa Tereza."}, {"id": "20097", "ano": "2022", "numero": "101", "tipo__sigla": "IND", "tipo__descricao": "Indica\u00e7\u00e3o", "autoria": "Rafael Vieira Faria (Rafa)", "texto_original": "http://sapl.pedroleopoldo.mg.leg.br/media/sapl/public/materialegislativa/2022/20097/indicacao_101-22_-_ver._rafael.pdf", "ementa": "Eu, Rafael Vieira Faria, Vereador do Munic\u00edpio de Pedro Leopoldo, venho, no uso de minhas atribui\u00e7\u00f5es, na forma do artigo 129 do Regimento Interno, apresentar INDICA\u00c7\u00c3O, sugerindo que seja realizado o Mapeamento e a Informatiza\u00e7\u00e3o dos Cemit\u00e9rios Municipais na cidade de Pedro Leopoldo"}, {"id": "20098", "ano": "2022", "numero": "102", "tipo__sigla": "IND", "tipo__descricao": "Indica\u00e7\u00e3o", "autoria": "Rafael Vieira Faria (Rafa)", "texto_original": "http://sapl.pedroleopoldo.mg.leg.br/media/", "ementa": "Eu, Rafael Vieira Faria, Vereador do Munic\u00edpio de Pedro Leopoldo, venho, no uso de minhas atribui\u00e7\u00f5es, na forma do artigo 129 do regimento interno, apresentar INDICA\u00c7\u00c3O, sugerindo o retorno do publico nas reuni\u00f5es ordin\u00e1rias sem a necessidade de agendamento pr\u00e9vio"}, {"id": "20099", "ano": "2022", "numero": "103", "tipo__sigla": "IND", "tipo__descricao": "Indica\u00e7\u00e3o", "autoria": "Frederico Henrique Cota Alves (Fred Piau)", "texto_original": "http://sapl.pedroleopoldo.mg.leg.br/media/sapl/public/materialegislativa/2022/20099/indicacao_103-22_-_ver._frederico.pdf", "ementa": "No uso de minhas atribui\u00e7\u00f5es regimentais, indico \u00e0 Excelent\u00edssima Senhora Prefeita determinar ao setor competente providenciar a reforma do ponto de \u00f4nibus, localizado \u00e0 Rua Agenor Teixeira da Costa, pr\u00f3ximo a uma das entradas da Empresa Multimec."}, {"id": "20100", "ano": "2022", "numero": "104", "tipo__sigla": "IND", "tipo__descricao": "Indica\u00e7\u00e3o", "autoria": "Frederico Henrique Cota Alves (Fred Piau)", "texto_original": "http://sapl.pedroleopoldo.mg.leg.br/media/sapl/public/materialegislativa/2022/20100/indicacao_104-22_-_ver._frederico.pdf", "ementa": "No uso de minhas atribui\u00e7\u00f5es regimentais, indico \u00e0 Excelent\u00edssima Senhora Prefeita determinar ao setor competente providenciar a implanta\u00e7\u00e3o do Projeto Taxi Lota\u00e7\u00e3o no Munic\u00edpio."}, {"id": "20101", "ano": "2022", "numero": "105", "tipo__sigla": "IND", "tipo__descricao": "Indica\u00e7\u00e3o", "autoria": "Frederico Henrique Cota Alves (Fred Piau)", "texto_original": "http://sapl.pedroleopoldo.mg.leg.br/media/sapl/public/materialegislativa/2022/20101/indicacao_105-22_-_ver._frederico.pdf", "ementa": "No uso de minhas atribui\u00e7\u00f5es regimentais, indico \u00e0 Excelent\u00edssima Senhora Prefeita determinar ao setor competente providenciar o patrolamento da Estrada que d\u00e1 acesso a Fazenda Bananal, localizada no Distrito de Vera Cruz de Minas."}, {"id": "20096", "ano": "2022", "numero": "106", "tipo__sigla": "IND", "tipo__descricao": "Indica\u00e7\u00e3o", "autoria": "Frederico Henrique Cota Alves (Fred Piau)", "texto_original": "http://sapl.pedroleopoldo.mg.leg.br/media/sapl/public/materialegislativa/2022/20096/indicacao_106-22_-_ver._frederico.pdf", "ementa": "No uso de minhas atribui\u00e7\u00f5es regimentais, indico a Vossa Excel\u00eancia, criar um calend\u00e1rio para visita dos alunos das escolas municipais, estaduais e particulares, a nossa Casa Legislativa."}, {"id": "20102", "ano": "2022", "numero": "107", "tipo__sigla": "IND", "tipo__descricao": "Indica\u00e7\u00e3o", "autoria": "Warlen Alves da Silva", "texto_original": "http://sapl.pedroleopoldo.mg.leg.br/media/", "ementa": "No uso de minhas atribui\u00e7\u00f5es regimentais, indico \u00e0 Excelent\u00edssima Senhora Prefeita determinar ao setor competente providenciar a extens\u00e3o da rede de ilumina\u00e7\u00e3o p\u00fablica na Rua Joaquim Tavares, pr\u00f3ximo ao n\u00b0 80, Centro, neste Munic\u00edpio."}, {"id": "20103", "ano": "2022", "numero": "109", "tipo__sigla": "IND", "tipo__descricao": "Indica\u00e7\u00e3o", "autoria": "Frederico Henrique Cota Alves (Fred Piau)", "texto_original": "http://sapl.pedroleopoldo.mg.leg.br/media/sapl/public/materialegislativa/2022/20103/indicacao_109-22_-_ver._frederico.pdf", "ementa": "No uso de minhas atribui\u00e7\u00f5es regimentais, indico a Excelent\u00edssima Senhora Prefeita determinar ao Setor Competente passar a m\u00e1quina patrol na Rua Vitalino Ferreira, localizada no Bairro Ferreiras, bem como jogar bica corrida nos buracos que persistirem, como medida paliativa."}, {"id": "20104", "ano": "2022", "numero": "110", "tipo__sigla": "IND", "tipo__descricao": "Indica\u00e7\u00e3o", "autoria": "Jos\u00e9 Justino Pires Damaso", "texto_original": "http://sapl.pedroleopoldo.mg.leg.br/media/sapl/public/materialegislativa/2022/20104/indicacao_110-22_-_ver._jose_justino.pdf", "ementa": "No uso de minhas atribui\u00e7\u00f5es regimentais, indico \u00e0 Excelent\u00edssima Senhora Prefeita determinar ao setor competente providenciar uma opera\u00e7\u00e3o tapa buraco na Rua Ant\u00f4nio Elias no Distrito de Doutor Lund."}, {"id": "20179", "ano": "2022", "numero": "111", "tipo__sigla": "IND", "tipo__descricao": "Indica\u00e7\u00e3o", "autoria": "Leonardo Pereira Ribeiro (Leoz\u00e3o)", "texto_original": "http://sapl.pedroleopoldo.mg.leg.br/media/sapl/public/materialegislativa/2022/20179/indicacao_111_-_2022_-_ver._leonardo.pdf", "ementa": "No uso de minhas atribui\u00e7\u00f5es regimentais, indico \u00e0 Excelent\u00edssima Senhora Prefeita Municipal tomar as medidas cab\u00edveis, para providenciar a coloca\u00e7\u00e3o das l\u00e2mpadas de LED em toda a extens\u00e3o da Rua Joaquim Fernandes Costa, Distrito Lagoa de Santo Ant\u00f4nio."}, {"id": "20180", "ano": "2022", "numero": "112", "tipo__sigla": "IND", "tipo__descricao": "Indica\u00e7\u00e3o", "autoria": "Guilherme de Lima Braga (Guilherme do Doce)", "texto_original": "http://sapl.pedroleopoldo.mg.leg.br/media/sapl/public/materialegislativa/2022/20180/indicacao_112-_2022_-_ver._guilherme_.pdf", "ementa": "No uso de minhas atribui\u00e7\u00f5es regimentais, indico \u00e0 Excelent\u00edssima Senhora Prefeita determinar ao setor competente providenciar a instala\u00e7\u00e3o de redutor de velocidade (quebra-molas) na Rua Dr. Cristiano Otoni, esquina com a Rua Nilton Andrade, pr\u00f3ximo ao n\u00famero 20, Centro, neste Munic\u00edpio."}, {"id": "20181", "ano": "2022", "numero": "113", "tipo__sigla": "IND", "tipo__descricao": "Indica\u00e7\u00e3o", "autoria": "Guilherme de Lima Braga (Guilherme do Doce)", "texto_original": "http://sapl.pedroleopoldo.mg.leg.br/media/sapl/public/materialegislativa/2022/20181/indicacao_113_-2022_-_ver._guilherme.pdf", "ementa": "No uso de minhas atribui\u00e7\u00f5es regimentais, indico \u00e0 Excelent\u00edssima Senhora Prefeita determinar ao setor competente providenciar a reforma e revitaliza\u00e7\u00e3o no pr\u00e9dio da Escola Municipal Alice Lobato Martins, no Bairro S\u00e3o Geraldo, neste Munic\u00edpio."}, {"id": "20182", "ano": "2022", "numero": "114", "tipo__sigla": "IND", "tipo__descricao": "Indica\u00e7\u00e3o", "autoria": "Frederico Henrique Cota Alves (Fred Piau)", "texto_original": "http://sapl.pedroleopoldo.mg.leg.br/media/sapl/public/materialegislativa/2022/20182/indicacao_114_-2022_-frederico.pdf", "ementa": "No uso de minhas atribui\u00e7\u00f5es regimentais, indico a Excelent\u00edssima Senhora Prefeita determinar ao Setor Competente providenciar a revitaliza\u00e7\u00e3o e instala\u00e7\u00e3o de novos brinquedos na \u00e1rea de lazer, localizada no estacionamento da prefeitura."}, {"id": "20170", "ano": "2022", "numero": "115", "tipo__sigla": "IND", "tipo__descricao": "Indica\u00e7\u00e3o", "autoria": "Frederico Henrique Cota Alves (Fred Piau)", "texto_original": "http://sapl.pedroleopoldo.mg.leg.br/media/sapl/public/materialegislativa/2022/20170/indicacao_115-2022_-frederico.pdf", "ementa": "No uso de minhas atribui\u00e7\u00f5es regimentais, indico a Excelent\u00edssima Senhora Prefeita determinar ao Setor Competente providenciar a amplia\u00e7\u00e3o do n\u00famero de cadeiras de espera na farm\u00e1cia municipal, bem como a implanta\u00e7\u00e3o do sistema de senha."}, {"id": "20171", "ano": "2022", "numero": "116", "tipo__sigla": "IND", "tipo__descricao": "Indica\u00e7\u00e3o", "autoria": "Frederico Henrique Cota Alves (Fred Piau)", "texto_original": "http://sapl.pedroleopoldo.mg.leg.br/media/sapl/public/materialegislativa/2022/20171/indicacao_116-_2022_-_ver._frederico.pdf", "ementa": "No uso de minhas atribui\u00e7\u00f5es regimentais, indico a Excelent\u00edssima Senhora Prefeita determinar ao Setor Competente providenciar a instala\u00e7\u00e3o de placas para melhorar o tr\u00e2nsito na Rua Nossa Senhora das Gra\u00e7as, al\u00e9m de pintura da sinaliza\u00e7\u00e3o horizontal nessa via, Centro, neste Munic\u00edpio."}, {"id": "20178", "ano": "2022", "numero": "117", "tipo__sigla": "IND", "tipo__descricao": "Indica\u00e7\u00e3o", "autoria": "Guilherme de Lima Braga (Guilherme do Doce)", "texto_original": "http://sapl.pedroleopoldo.mg.leg.br/media/sapl/public/materialegislativa/2022/20178/indicacao_117-_2021_-_ver.guilherme_.pdf", "ementa": "No uso de minhas atribui\u00e7\u00f5es regimentais, indico \u00e0 Excelent\u00edssima Senhora Prefeita determinar ao setor competente providenciar a instala\u00e7\u00e3o de redutor de velocidade (quebra-molas) na Rua Paranaiara, pr\u00f3ximo ao n\u00famero 557, no Bairro Andiara, neste Munic\u00edpio."}, {"id": "20173", "ano": "2022", "numero": "118", "tipo__sigla": "IND", "tipo__descricao": "Indica\u00e7\u00e3o", "autoria": "Frederico Henrique Cota Alves (Fred Piau)", "texto_original": "http://sapl.pedroleopoldo.mg.leg.br/media/sapl/public/materialegislativa/2022/20173/indicacao_118_-_2022_-_frederico_e__evaldo.pdf", "ementa": "No uso de nossas atribui\u00e7\u00f5es regimentais, indicamos a Excelent\u00edssima Senhora Prefeita determinar ao Setor Competente providenciar a inscri\u00e7\u00e3o e ades\u00e3o ao Programa Academia da Sa\u00fade do Minist\u00e9rio da Sa\u00fade do Governo Federal"}, {"id": "20174", "ano": "2022", "numero": "119", "tipo__sigla": "IND", "tipo__descricao": "Indica\u00e7\u00e3o", "autoria": "Warlen Alves da Silva", "texto_original": "http://sapl.pedroleopoldo.mg.leg.br/media/sapl/public/materialegislativa/2022/20174/indicacao_119_-_2022_-__ver._warlen.pdf", "ementa": "No uso de minhas atribui\u00e7\u00f5es regimentais, indico \u00e0 Excelent\u00edssima Senhora Prefeita determinar ao setor competente providenciar a instala\u00e7\u00e3o de redutor de velocidade (quebra-molas), na Rua Guaranis, na altura do n\u00b0 655, no bairro Andyara."}, {"id": "20175", "ano": "2022", "numero": "120", "tipo__sigla": "IND", "tipo__descricao": "Indica\u00e7\u00e3o", "autoria": "Frederico Henrique Cota Alves (Fred Piau)", "texto_original": "http://sapl.pedroleopoldo.mg.leg.br/media/", "ementa": "No uso de minhas atribui\u00e7\u00f5es regimentais, indico \u00e0 Excelent\u00edssima Senhora Prefeita a constru\u00e7\u00e3o de pelo menos mais duas CEMAIS em nossa cidade do TIPO 1, PADR\u00c3O FNDE."}, {"id": "20176", "ano": "2022", "numero": "121", "tipo__sigla": "IND", "tipo__descricao": "Indica\u00e7\u00e3o", "autoria": "Guilherme de Lima Braga (Guilherme do Doce)", "texto_original": "http://sapl.pedroleopoldo.mg.leg.br/media/sapl/public/materialegislativa/2022/20176/indicacao_121_-_2022_-_ver._guilherme.pdf", "ementa": "No uso de minhas atribui\u00e7\u00f5es regimentais, indico \u00e0 Excelent\u00edssima Senhora Prefeita solicitar ao setor competente a instala\u00e7\u00e3o de redutor de velocidade (quebra-molas) na Rua Pergentino de Souza, pr\u00f3ximo ao n\u00famero 170 no bairro Teot\u00f4nio Batista de Freitas, neste Munic\u00edpio."}, {"id": "20177", "ano": "2022", "numero": "122", "tipo__sigla": "IND", "tipo__descricao": "Indica\u00e7\u00e3o", "autoria": "Rafael Vieira Faria (Rafa)", "texto_original": "http://sapl.pedroleopoldo.mg.leg.br/media/", "ementa": "Eu, Rafael Vieira Faria, Vereador do Munic\u00edpio de Pedro Leopoldo, venho, no uso de minhas atribui\u00e7\u00f5es, na forma do artigo 129 do regimento interno, apresentar INDICA\u00c7\u00c3O, sugerindo manuten\u00e7\u00e3o do sistema de ilumina\u00e7\u00e3o da pista de skate, conforme justificativa em anexo, e solicito \u00e0 Vossa Excel\u00eancia que a presente indica\u00e7\u00e3o seja submetida \u00e0 aprecia\u00e7\u00e3o do Plen\u00e1rio, e, em sendo aprovada, que seja encaminhado ao poder Executivo Municipal, na pessoa da excelent\u00edssima Prefeita Eloisa Helena Carvalho de Freitas Pereira, o of\u00edcio no prazo de dez dias, consoante ao disposto no \u00a75\u00ba do artigo 129 do regimento interno."}, {"id": "20202", "ano": "2022", "numero": "123", "tipo__sigla": "IND", "tipo__descricao": "Indica\u00e7\u00e3o", "autoria": "Rafael Vieira Faria (Rafa)", "texto_original": "http://sapl.pedroleopoldo.mg.leg.br/media/sapl/public/materialegislativa/2022/20202/indicacao_123-2022_-__ver._rafael_faria.pdf", "ementa": "Indica a substitui\u00e7\u00e3o das l\u00e2mpadas convencionais de vapor de merc\u00fario por l\u00e2mpadas de LED na Rua Ulisses Cardeal, situada no Bairro Santo Ant\u00f4nio da Barra."}, {"id": "20203", "ano": "2022", "numero": "124", "tipo__sigla": "IND", "tipo__descricao": "Indica\u00e7\u00e3o", "autoria": "Guilherme de Lima Braga (Guilherme do Doce)", "texto_original": "http://sapl.pedroleopoldo.mg.leg.br/media/sapl/public/materialegislativa/2022/20203/indicacao_124-2022._ver._guilherme.pdf", "ementa": "Indica opera\u00e7\u00e3o tapa buracos na Rua Jos\u00e9 Hil\u00e1rio Rodrigues pr\u00f3ximo ao n\u00famero 132, bairro S\u00e3o Jos\u00e9, neste Munic\u00edpio."}, {"id": "20204", "ano": "2022", "numero": "125", "tipo__sigla": "IND", "tipo__descricao": "Indica\u00e7\u00e3o", "autoria": "Leonardo Pereira Ribeiro (Leoz\u00e3o)", "texto_original": "http://sapl.pedroleopoldo.mg.leg.br/media/sapl/public/materialegislativa/2022/20204/indicacao_125-2022._ver._leonardo.pdf", "ementa": "Indica providenciar a ilumina\u00e7\u00e3o, instala\u00e7\u00e3o de um poste com l\u00e2mpadas de LED no p\u00e1tio do terminal rodovi\u00e1rio."}, {"id": "20205", "ano": "2022", "numero": "126", "tipo__sigla": "IND", "tipo__descricao": "Indica\u00e7\u00e3o", "autoria": "Evaldo Geraldo do Carmo (Evaldo do A\u00e7ougue)", "texto_original": "http://sapl.pedroleopoldo.mg.leg.br/media/sapl/public/materialegislativa/2022/20205/indicacao_126_2022._ver._evaldo.pdf", "ementa": "Indica providenciar opera\u00e7\u00e3o tapa buracos na Rua Luiz Pires Guimar\u00e3es por toda sua extens\u00e3o no Distrito de Lagoa de Santo Ant\u00f4nio, neste munic\u00edpio."}, {"id": "20207", "ano": "2022", "numero": "127", "tipo__sigla": "IND", "tipo__descricao": "Indica\u00e7\u00e3o", "autoria": "Rafael Vieira Faria (Rafa)", "texto_original": "http://sapl.pedroleopoldo.mg.leg.br/media/", "ementa": "Indica a troca do mobili\u00e1rio do ESF\u2019s \u2013 Estrat\u00e9gia da Sa\u00fade da Fam\u00edlia-  do Bairro Santo Ant\u00f3nio, em especial, as cadeiras da recep\u00e7\u00e3o."}, {"id": "20208", "ano": "2022", "numero": "128", "tipo__sigla": "IND", "tipo__descricao": "Indica\u00e7\u00e3o", "autoria": "Rafael Vieira Faria (Rafa)", "texto_original": "http://sapl.pedroleopoldo.mg.leg.br/media/sapl/public/materialegislativa/2022/20208/indicacao_128-2022._ver._rafael_faria.pdf", "ementa": "Indica a recupera\u00e7\u00e3o da camada asf\u00e1ltico da Rua Betim, Bairro Santo Ant\u00f3nio."}, {"id": "20209", "ano": "2022", "numero": "129", "tipo__sigla": "IND", "tipo__descricao": "Indica\u00e7\u00e3o", "autoria": "Frederico Henrique Cota Alves (Fred Piau)", "texto_original": "http://sapl.pedroleopoldo.mg.leg.br/media/sapl/public/materialegislativa/2022/20209/indicacao_129-2022._ver._frederico.pdf", "ementa": "Indica a instala\u00e7\u00e3o de um posto policial na Rua Nossa Senhora das Gra\u00e7as, pr\u00f3ximo ao n\u00famero 27, nos dias do evento do Pedro Leopoldo Rodeio Show, bem como a n\u00e3o concess\u00e3o de alvar\u00e1 provis\u00f3rio para barraquinhas de produtos aliment\u00edcios e food truck, neste local em especifico."}, {"id": "20210", "ano": "2022", "numero": "130", "tipo__sigla": "IND", "tipo__descricao": "Indica\u00e7\u00e3o", "autoria": "Leonardo Pereira Ribeiro (Leoz\u00e3o)", "texto_original": "http://sapl.pedroleopoldo.mg.leg.br/media/sapl/public/materialegislativa/2022/20210/indicacao_130-2022._ver._leonardo.pdf", "ementa": "Indica um bra\u00e7o longo de ilumina\u00e7\u00e3o de LED, no cruzamento das Ruas S\u00e3o Paulo com Jos\u00e9 Pires de Ara\u00fajo."}, {"id": "20211", "ano": "2022", "numero": "131", "tipo__sigla": "IND", "tipo__descricao": "Indica\u00e7\u00e3o", "autoria": "Evaldo Geraldo do Carmo (Evaldo do A\u00e7ougue)", "texto_original": "http://sapl.pedroleopoldo.mg.leg.br/media/sapl/public/materialegislativa/2022/20211/indicacao_131-2022_ver._evaldo.pdf", "ementa": "Indica a coloca\u00e7\u00e3o de meio fio nas seguintes Ruas: Rui Barbosa, Alagoas, Minas Gerais, Lu\u00eds Pires Guimar\u00e3es, no Distrito Lagoa de Santo Ant\u00f3nio, neste munic\u00edpio."}, {"id": "20213", "ano": "2022", "numero": "132", "tipo__sigla": "IND", "tipo__descricao": "Indica\u00e7\u00e3o", "autoria": "Evaldo Geraldo do Carmo (Evaldo do A\u00e7ougue)", "texto_original": "http://sapl.pedroleopoldo.mg.leg.br/media/sapl/public/materialegislativa/2022/20213/indicacao_132-2022_-_ver._evaldo.pdf", "ementa": "Indica a instala\u00e7\u00e3o de lixeiras em toda a extens\u00e3o da Rua Cruzeiro, no Bairro Morada dos Angicos, neste Munic\u00edpio."}, {"id": "20214", "ano": "2022", "numero": "133", "tipo__sigla": "IND", "tipo__descricao": "Indica\u00e7\u00e3o", "autoria": "Guilherme de Lima Braga (Guilherme do Doce)", "texto_original": "http://sapl.pedroleopoldo.mg.leg.br/media/sapl/public/materialegislativa/2022/20214/indicacao_133-2022_-__ver-_gulherme.pdf", "ementa": "indico \u00e0 Excelent\u00edssima Senhora Prefeita determinar ao setor competente providenciar opera\u00e7\u00e3o tapa buracos na Rua Belmiro Ferreira dos  Santos, Centro, neste Munic\u00edpio."}, {"id": "20215", "ano": "2022", "numero": "134", "tipo__sigla": "IND", "tipo__descricao": "Indica\u00e7\u00e3o", "autoria": "Frederico Henrique Cota Alves (Fred Piau)", "texto_original": "http://sapl.pedroleopoldo.mg.leg.br/media/sapl/public/materialegislativa/2022/20215/indicacao_134-2022-__ver._frederico.pdf", "ementa": "Indico a cria\u00e7\u00e3o de programa de monitoramento, aprimorando a acessibilidade das pessoas com defici\u00eancia nos pr\u00e9dios p\u00fablicos, onde ao constatar irregularidade seja feito melhorias para a acessibilidade de todos nas estruturas dos pr\u00e9dios P\u00fablicos Municipais. \u201d"}, {"id": "20216", "ano": "2022", "numero": "135", "tipo__sigla": "IND", "tipo__descricao": "Indica\u00e7\u00e3o", "autoria": "Frederico Henrique Cota Alves (Fred Piau)", "texto_original": "http://sapl.pedroleopoldo.mg.leg.br/media/sapl/public/materialegislativa/2022/20216/indicacao_135-2022_-__ver._frederico.pdf", "ementa": "INDICO A POSSIBILIDADE DE AQUISI\u00c7\u00c3O DE UM APARELHO DE PROJECTOR/DATA SHOW PARA O CEPPEL."}, {"id": "20218", "ano": "2022", "numero": "136", "tipo__sigla": "IND", "tipo__descricao": "Indica\u00e7\u00e3o", "autoria": "Frederico Henrique Cota Alves (Fred Piau)", "texto_original": "http://sapl.pedroleopoldo.mg.leg.br/media/sapl/public/materialegislativa/2022/20218/indicacao_136-2022_-__ver._frederico.pdf", "ementa": "Indica providenciar a amplia\u00e7\u00e3o da rede pluvial da Rua Santa Luzia, no Centro, neste munic\u00edpio."}, {"id": "20219", "ano": "2022", "numero": "137", "tipo__sigla": "IND", "tipo__descricao": "Indica\u00e7\u00e3o", "autoria": "Frederico Henrique Cota Alves (Fred Piau)", "texto_original": "http://sapl.pedroleopoldo.mg.leg.br/media/sapl/public/materialegislativa/2022/20219/indicacao_137-2022_-_ver._frederico.pdf", "ementa": "Indica a realiza\u00e7\u00e3o de campanha publicit\u00e1ria contra o vandalismo ao Patrim\u00f3nio P\u00fablico, Com\u00e9rcio e Resid\u00eancias do Munic\u00edpio."}, {"id": "20245", "ano": "2022", "numero": "138", "tipo__sigla": "IND", "tipo__descricao": "Indica\u00e7\u00e3o", "autoria": "Frederico Henrique Cota Alves (Fred Piau)", "texto_original": "http://sapl.pedroleopoldo.mg.leg.br/media/sapl/public/materialegislativa/2022/20245/indicacao_138-22_ver._fred_piau.pdf", "ementa": "Indica a constru\u00e7\u00e3o de um parquinho na \u00e1rea de lazer Jos\u00e9 Ant\u00f4nio da Silva Santos (JUCA GUARDA-LIVROS), localizada na Rua Doutor Rocha, no Complexo da Pra\u00e7a da Esta\u00e7\u00e3o Ferrovi\u00e1ria"}, {"id": "20246", "ano": "2022", "numero": "139", "tipo__sigla": "IND", "tipo__descricao": "Indica\u00e7\u00e3o", "autoria": "Rafael Vieira Faria (Rafa)", "texto_original": "http://sapl.pedroleopoldo.mg.leg.br/media/sapl/public/materialegislativa/2022/20246/indicacao_139-22_ver._rafael.pdf", "ementa": "Indico recapeamento da pista de cooper Santo Ant\u00f4nio da Barra e a recupera\u00e7\u00e3o da cal\u00e7ada do canteiro central na Avenida R\u00f4mulo Joviano."}, {"id": "20261", "ano": "2022", "numero": "140", "tipo__sigla": "IND", "tipo__descricao": "Indica\u00e7\u00e3o", "autoria": "Frederico Henrique Cota Alves (Fred Piau)", "texto_original": "http://sapl.pedroleopoldo.mg.leg.br/media/sapl/public/materialegislativa/2022/20261/indicacao_140-_22._ver._frederico__fred_pau.pdf", "ementa": "Indico a implementa\u00e7\u00e3o de um N\u00facleo Esportivo Cultural nos seguintes bairros: Vera Cruz de Minas, Santo Ant\u00f3nio da Barra, Quinta do Sumidouro, Fidalgo, Quinta das Palmeiras, Felipe Cl\u00e1udio de Sales, Morada dos Angicos, Dom Camilo, Lagoa de Santo Ant\u00f3nio, S\u00e3o Geraldo e Santo Ant\u00f3nio"}, {"id": "20251", "ano": "2022", "numero": "141", "tipo__sigla": "IND", "tipo__descricao": "Indica\u00e7\u00e3o", "autoria": "Rafael Vieira Faria (Rafa)", "texto_original": "http://sapl.pedroleopoldo.mg.leg.br/media/sapl/public/materialegislativa/2022/20251/indicacao_141-22_ver._rafael.pdf", "ementa": "Considerando as condi\u00e7\u00f5es da camada asf\u00e1ltica do Viaduto Dr. Wilson Lobato Martins situado sobre a via F\u00e9rrea, entre a Avenida R\u00f4mulo Joviano e a Rua Nossa Senhora das Gra\u00e7as, venho, sugerir ao Poder Executivo o recapeamento das duas faixas de rolamento, a recupera\u00e7\u00e3o de meio"}, {"id": "20252", "ano": "2022", "numero": "142", "tipo__sigla": "IND", "tipo__descricao": "Indica\u00e7\u00e3o", "autoria": "Evaldo Geraldo do Carmo (Evaldo do A\u00e7ougue)", "texto_original": "http://sapl.pedroleopoldo.mg.leg.br/media/sapl/public/materialegislativa/2022/20252/indicacao_142-22_ver._evaldo.pdf", "ementa": "No uso de minhas atribui\u00e7\u00f5es regimentais, indico \u00e0 Excelent\u00edssima Senhora Prefeita determinar ao setor competente a instala\u00e7\u00e3o de uma grade de prote\u00e7\u00e3o na frente a escola Estadual Magno Claret no bairro Lagoa de Santo Ant\u00f3nio, neste munic\u00edpio."}, {"id": "20253", "ano": "2022", "numero": "143", "tipo__sigla": "IND", "tipo__descricao": "Indica\u00e7\u00e3o", "autoria": "Frederico Henrique Cota Alves (Fred Piau)", "texto_original": "http://sapl.pedroleopoldo.mg.leg.br/media/sapl/public/materialegislativa/2022/20253/indicacao_143-22_ver._fred_piau.pdf", "ementa": "Indica a aquisi\u00e7\u00e3o de mais pisos emborrachados (tatames, placas de EVA) para as CEMAIs - CENTRO MUNICIPAL DE ATEN\u00c7\u00c3O \u00c0 INF\u00c2NCIA."}, {"id": "20255", "ano": "2022", "numero": "144", "tipo__sigla": "IND", "tipo__descricao": "Indica\u00e7\u00e3o", "autoria": "Jos\u00e9 Justino Pires Damaso", "texto_original": "http://sapl.pedroleopoldo.mg.leg.br/media/sapl/public/materialegislativa/2022/20255/indicacao_144-22_ver._jose_justino.pdf", "ementa": "Indica opera\u00e7\u00e3o tapa buraco na Rua Professor Azarias C\u00e2ndido Ferreira, no Bairro Tri\u00e2ngulo."}, {"id": "20257", "ano": "2022", "numero": "145", "tipo__sigla": "IND", "tipo__descricao": "Indica\u00e7\u00e3o", "autoria": "Evaldo Geraldo do Carmo (Evaldo do A\u00e7ougue)", "texto_original": "http://sapl.pedroleopoldo.mg.leg.br/media/sapl/public/materialegislativa/2022/20257/indicacao_145-22_ver._evaldo.pdf", "ementa": "No uso de minhas atribui\u00e7\u00f5es regimentais, indico \u00e0 Excelent\u00edssima Senhora Prefeita determinar ao setor competente providenciar uma opera\u00e7\u00e3o tapa buraco no final da Rua Crist\u00f3v\u00e3o de Assis e inicio da Rua Ant\u00f4nio Elias no Distrito de Doutor Lund."}, {"id": "20258", "ano": "2022", "numero": "146", "tipo__sigla": "IND", "tipo__descricao": "Indica\u00e7\u00e3o", "autoria": "Frederico Henrique Cota Alves (Fred Piau)", "texto_original": "http://sapl.pedroleopoldo.mg.leg.br/media/sapl/public/materialegislativa/2022/20258/indicacao_146-22_ver._fred_piau.pdf", "ementa": "Indica a Excelent\u00edssima Senhora Prefeita a manuten\u00e7\u00e3o do alambrado, pintura e marca\u00e7\u00e3o ao redor do campo do Centro Poliesportivo de Pedro Leopoldo \u2013 CEPPEL."}, {"id": "20262", "ano": "2022", "numero": "147", "tipo__sigla": "IND", "tipo__descricao": "Indica\u00e7\u00e3o", "autoria": "Frederico Henrique Cota Alves (Fred Piau)", "texto_original": "http://sapl.pedroleopoldo.mg.leg.br/media/sapl/public/materialegislativa/2022/20262/indicacao_147-22._ver._frederico.pdf", "ementa": "Indica a instala\u00e7\u00e3o de uma academia ao ar livre na Pra\u00e7a da Esta\u00e7\u00e3o."}, {"id": "20263", "ano": "2022", "numero": "148", "tipo__sigla": "IND", "tipo__descricao": "Indica\u00e7\u00e3o", "autoria": "Frederico Henrique Cota Alves (Fred Piau)", "texto_original": "http://sapl.pedroleopoldo.mg.leg.br/media/sapl/public/materialegislativa/2022/20263/indicacao_148-22._ver._frederico.pdf", "ementa": "Indica a implanta\u00e7\u00e3o de equipamentos de academia ao ar livre, adaptados para pessoa com defici\u00eancia, nas pra\u00e7as de Pedro Leopoldo.\u201d"}, {"id": "20265", "ano": "2022", "numero": "149", "tipo__sigla": "IND", "tipo__descricao": "Indica\u00e7\u00e3o", "autoria": "Frederico Henrique Cota Alves (Fred Piau)", "texto_original": "http://sapl.pedroleopoldo.mg.leg.br/media/sapl/public/materialegislativa/2022/20265/indicacao_149-22._ver._frederico.pdf", "ementa": "Indica a realiza\u00e7\u00e3o de f\u00f3rum regional para pactua\u00e7\u00e3o de pol\u00edticas p\u00fablicas voltadas contra os maus tratos e abandono dos animais. \u201d"}, {"id": "20266", "ano": "2022", "numero": "150", "tipo__sigla": "IND", "tipo__descricao": "Indica\u00e7\u00e3o", "autoria": "Jos\u00e9 Justino Pires Damaso", "texto_original": "http://sapl.pedroleopoldo.mg.leg.br/media/sapl/public/materialegislativa/2022/20266/indicacao_150-22._ver._jose_justino.pdf", "ementa": "Indica providenciar a substitui\u00e7\u00e3o das l\u00e2mpadas convencionais de vapor de merc\u00fario por l\u00e2mpadas de Diodo Emissor de Luz - LED na Rua Juca Machado, Bairro Santo Ant\u00f4nio, neste Munic\u00edpio."}, {"id": "20267", "ano": "2022", "numero": "151", "tipo__sigla": "IND", "tipo__descricao": "Indica\u00e7\u00e3o", "autoria": "Jos\u00e9 Justino Pires Damaso", "texto_original": "http://sapl.pedroleopoldo.mg.leg.br/media/sapl/public/materialegislativa/2022/20267/indicacao_151-22._ver._jose_justino.pdf", "ementa": "Indico \u00e0  ao setor competente providenciar opera\u00e7\u00e3o tapa buraco na Rua Jo\u00e3o Alves da Silvano Bairro Dom Camilo, neste Munic\u00edpio."}, {"id": "20268", "ano": "2022", "numero": "152", "tipo__sigla": "IND", "tipo__descricao": "Indica\u00e7\u00e3o", "autoria": "Eldir Jos\u00e9 Batista (Baixinho da Garagem)", "texto_original": "http://sapl.pedroleopoldo.mg.leg.br/media/sapl/public/materialegislativa/2022/20268/indicacao_152-22._ver._eldir.pdf", "ementa": "No Uso de minhas atribui\u00e7\u00f5es regimentais, indico (tapa-buracos/depress\u00f5es na pista, recupera\u00e7\u00e3o asf\u00e1ltica na rua Progresso, trecho entre a rua Lucio Cardoso Teixeira e o Hospital de Pronto Atendimento .PA"}, {"id": "20269", "ano": "2022", "numero": "153", "tipo__sigla": "IND", "tipo__descricao": "Indica\u00e7\u00e3o", "autoria": "Evaldo Geraldo do Carmo (Evaldo do A\u00e7ougue)", "texto_original": "http://sapl.pedroleopoldo.mg.leg.br/media/sapl/public/materialegislativa/2022/20269/indicacao_153-22._ver._evaldo.pdf", "ementa": "Indico \u00e0 Excelent\u00edssima Senhora Prefeita determinar ao setor competente providenciar a pavimenta\u00e7\u00e3o asf\u00e1ltica na Rua Valdir Machado Silva, no Bairro Teot\u00f3nio Batista de Freitas, neste munic\u00edpio."}, {"id": "20270", "ano": "2022", "numero": "154", "tipo__sigla": "IND", "tipo__descricao": "Indica\u00e7\u00e3o", "autoria": "Frederico Henrique Cota Alves (Fred Piau)", "texto_original": "http://sapl.pedroleopoldo.mg.leg.br/media/sapl/public/materialegislativa/2022/20270/indicacao_154-22._ver._frederico.pdf", "ementa": "Providenciar a implanta\u00e7\u00e3o de brinquedos adaptados para pessoa com defici\u00eancia, nas pra\u00e7as de Pedro Leopoldo.\u201d"}, {"id": "20322", "ano": "2022", "numero": "155", "tipo__sigla": "IND", "tipo__descricao": "Indica\u00e7\u00e3o", "autoria": "Frederico Henrique Cota Alves (Fred Piau)", "texto_original": "http://sapl.pedroleopoldo.mg.leg.br/media/sapl/public/materialegislativa/2022/20322/indicacao_155-2022_-_ver._frederico.pdf", "ementa": "No uso de minhas atribui\u00e7\u00f5es regimentais, indico \u00e0 Mo\u00e7\u00e3o de Parab\u00e9ns a equipe do Pedro Leopoldo Futebol Clube, pela conquista da Copa Clever Assun\u00e7\u00e3o Gon\u00e7alves 2022."}, {"id": "20271", "ano": "2022", "numero": "156", "tipo__sigla": "IND", "tipo__descricao": "Indica\u00e7\u00e3o", "autoria": "Warlen Alves da Silva", "texto_original": "http://sapl.pedroleopoldo.mg.leg.br/media/sapl/public/materialegislativa/2022/20271/indicacao_156-22._ver._warlen.pdf", "ementa": "No uso de minhas atribui\u00e7\u00f5es regimentais, indico \u00e0 Excelent\u00edssima Senhora Prefeita, juntamente com respons\u00e1vel da empresa DDS, estudar a possibilidade do beneficio de cestas b\u00e1sicas ou ticket alimenta\u00e7\u00e3o aos funcion\u00e1rios da empresa."}, {"id": "20293", "ano": "2022", "numero": "157", "tipo__sigla": "IND", "tipo__descricao": "Indica\u00e7\u00e3o", "autoria": "Frederico Henrique Cota Alves (Fred Piau), Eldir Jos\u00e9 Batista (Baixinho da Garagem), Evaldo Geraldo do Carmo (Evaldo do A\u00e7ougue), Guilherme de Lima Braga (Guilherme do Doce), Jos\u00e9 Justino Pires Damaso, Leonardo Pereira Ribeiro (Leoz\u00e3o), Matheus Utsch de Oliveira, Mauro J\u00fanior Lopes Francisco, Rafael Vieira Faria (Rafa), Warlen Alves da Silva", "texto_original": "http://sapl.pedroleopoldo.mg.leg.br/media/sapl/public/materialegislativa/2022/20293/indicacao_157-2022-_ver._frederico.pdf", "ementa": "Indico conceder \u00e0 Mo\u00e7\u00e3o de Parab\u00e9ns ao Sr. Tiago de Brito pela brilhante realiza\u00e7\u00e3o do 17a Pedro Leopoldo Rodeio Show."}, {"id": "20290", "ano": "2022", "numero": "158", "tipo__sigla": "IND", "tipo__descricao": "Indica\u00e7\u00e3o", "autoria": "Frederico Henrique Cota Alves (Fred Piau)", "texto_original": "http://sapl.pedroleopoldo.mg.leg.br/media/sapl/public/materialegislativa/2022/20290/indicacao_158-2022_-_ver._frederico.pdf", "ementa": "Indico  a cria\u00e7\u00e3o do \"Programa Municipal de Conectividade para as escolas p\u00fablicas municipais de Pedro Leopoldo."}, {"id": "20291", "ano": "2022", "numero": "159", "tipo__sigla": "IND", "tipo__descricao": "Indica\u00e7\u00e3o", "autoria": "Frederico Henrique Cota Alves (Fred Piau)", "texto_original": "http://sapl.pedroleopoldo.mg.leg.br/media/sapl/public/materialegislativa/2022/20291/indicacao_159_-_2022_._ver._frederico.pdf", "ementa": "Indica ao departamento competente a cria\u00e7\u00e3o de rede pluvial na Rua Maria de Lourdes Alves Andrade, no Bairro Novo Campinho, neste munic\u00edpio"}, {"id": "20288", "ano": "2022", "numero": "160", "tipo__sigla": "IND", "tipo__descricao": "Indica\u00e7\u00e3o", "autoria": "Frederico Henrique Cota Alves (Fred Piau)", "texto_original": "http://sapl.pedroleopoldo.mg.leg.br/media/sapl/public/materialegislativa/2022/20288/indicacao_160-2022-__ver._frederico.pdf", "ementa": "Indico ao excelent\u00edssimo senhor prefeito a pintura de uma faixa para pedestres pr\u00f3ximo ao Centro Municipal de Aten\u00e7\u00e3o \u00e0 Inf\u00e2ncia \u2013 CEMAI Arca de No\u00e9 \u2013 localizado na rua Alfredo Barbosa, 289, bairro Felipe Cl\u00e1udio de Sales."}, {"id": "20292", "ano": "2022", "numero": "161", "tipo__sigla": "IND", "tipo__descricao": "Indica\u00e7\u00e3o", "autoria": "Rafael Vieira Faria (Rafa)", "texto_original": "http://sapl.pedroleopoldo.mg.leg.br/media/sapl/public/materialegislativa/2022/20292/indicacao_161-2022_-_ver._rafael_.pdf", "ementa": "Indica ao Poder Executivo a reforma da Unidade B\u00e1sica de Sa\u00fade do Distrito de Fidalgo."}, {"id": "20289", "ano": "2022", "numero": "162", "tipo__sigla": "IND", "tipo__descricao": "Indica\u00e7\u00e3o", "autoria": "Frederico Henrique Cota Alves (Fred Piau)", "texto_original": "http://sapl.pedroleopoldo.mg.leg.br/media/sapl/public/materialegislativa/2022/20289/indicacao_162-2022_-_ver._frederico.pdf", "ementa": "Indica ao excelent\u00edssimo Senhor Prefeito determinar ao setor competente providenciar opera\u00e7\u00e3o \u201cCidade Limpa\u201d no Bairro Coqueirinho."}, {"id": "20303", "ano": "2022", "numero": "163", "tipo__sigla": "IND", "tipo__descricao": "Indica\u00e7\u00e3o", "autoria": "Leonardo Pereira Ribeiro (Leoz\u00e3o), Rafael Vieira Faria (Rafa)", "texto_original": "http://sapl.pedroleopoldo.mg.leg.br/media/sapl/public/materialegislativa/2022/20303/indicacao_163-2022-_ver._leonardo.pdf", "ementa": "No uso de minhas atribui\u00e7\u00f5es regimentais, indico \u00e0 Excelent\u00edssima Senhora Prefeita determinar ao setor competente o recapeamento asf\u00e1ltico, em toda extens\u00e3o, da Avenida Lev\u00ed Teixeira da costa, no Bairro maria de Lourdes."}, {"id": "20376", "ano": "2022", "numero": "164", "tipo__sigla": "IND", "tipo__descricao": "Indica\u00e7\u00e3o", "autoria": "Guilherme de Lima Braga (Guilherme do Doce)", "texto_original": "http://sapl.pedroleopoldo.mg.leg.br/media/sapl/public/materialegislativa/2022/20376/indicacao_164-22_-_mocao_jose_maria_pereira.pdf", "ementa": "No uso de minhas atribui\u00e7\u00f5es regimentais, indico \u00e0 Vossa Excel\u00eancia conceder Mo\u00e7\u00e3o de Parab\u00e9ns ao Sr. Jos\u00e9 Maria Pereira"}, {"id": "20316", "ano": "2022", "numero": "165", "tipo__sigla": "IND", "tipo__descricao": "Indica\u00e7\u00e3o", "autoria": "Evaldo Geraldo do Carmo (Evaldo do A\u00e7ougue)", "texto_original": "http://sapl.pedroleopoldo.mg.leg.br/media/sapl/public/materialegislativa/2022/20316/indicacao_165-2022-_ver._evaldo.pdf", "ementa": "No uso de minhas atribui\u00e7\u00f5es regimentais, indico \u00e0 Excelent\u00edssima Senhora Prefeita determinar ao setor competente servi\u00e7os de limpeza (capina e ro\u00e7ada), nas Ruas: Luc\u00edlia Joanina Batista, Joaquim Batista de Azevedo e Ant\u00f4nio Hil\u00e1rio de Melo, localizadas no Distrito de Lagoa de Santo Ant\u00f4nio."}, {"id": "20317", "ano": "2022", "numero": "166", "tipo__sigla": "IND", "tipo__descricao": "Indica\u00e7\u00e3o", "autoria": "Evaldo Geraldo do Carmo (Evaldo do A\u00e7ougue)", "texto_original": "http://sapl.pedroleopoldo.mg.leg.br/media/sapl/public/materialegislativa/2022/20317/indicacao_166-2022-_evaldo.pdf", "ementa": "No uso de minhas atribui\u00e7\u00f5es regimentais, indico \u00e0 Excelent\u00edssima Senhora Prefeita determinar ao setor competente a pavimenta\u00e7\u00e3o asf\u00e1ltica das seguintes Ruas: Jos\u00e9 Servo Batista, Mar\u00e7al Lopes da Silva e Joaquim Vieira, localizadas no Distrito de Lagoa de Santo Ant\u00f4nio."}, {"id": "20318", "ano": "2022", "numero": "167", "tipo__sigla": "IND", "tipo__descricao": "Indica\u00e7\u00e3o", "autoria": "Rafael Vieira Faria (Rafa)", "texto_original": "http://sapl.pedroleopoldo.mg.leg.br/media/sapl/public/materialegislativa/2022/20318/indicacao_167-2022-__rafael.pdf", "ementa": "Eu, Rafael Vieira Faria, Vereador do Munic\u00edpio de Pedro Leopoldo, venho, no uso de minhas atribui\u00e7\u00f5es, na forma do artigo 129 e 130 do regimento interno, apresentar INDICA\u00c7\u00c3O, sugerindo Reforma da Escadaria P\u00fablica na rua Otavio Gouveia, pr\u00f3ximo ao n\u00famero de 437, conforme justificativa em anexo, e solicito \u00e0 Vossa Excel\u00eancia que a presente indica\u00e7\u00e3o seja submetida \u00e0 aprecia\u00e7\u00e3o do Plen\u00e1rio, e, em sendo aprovada, que seja encaminhado ao Poder Executivo Municipal, na pessoa da excelent\u00edssima Prefeita Eloisa Helena Carvalho de Freitas Pereira, o of\u00edcio no prazo de dez dias, consoante ao disposto no \u00a75\u00ba do artigo 129 do regimento interno."}, {"id": "20319", "ano": "2022", "numero": "168", "tipo__sigla": "IND", "tipo__descricao": "Indica\u00e7\u00e3o", "autoria": "Guilherme de Lima Braga (Guilherme do Doce)", "texto_original": "http://sapl.pedroleopoldo.mg.leg.br/media/sapl/public/materialegislativa/2022/20319/indicacao_168-2022-_ver._guilherme.pdf", "ementa": "No uso de minhas atribui\u00e7\u00f5es regimentais, indico a Excelent\u00edssima Senhora Prefeita providenciar, junto aos \u00f3rg\u00e3os competentes, que seja feito o Recapeamento Asf\u00e1ltico na rua Raul Hanriot no bairro Santo Ant\u00f4nio, neste Munic\u00edpio."}, {"id": "20320", "ano": "2022", "numero": "169", "tipo__sigla": "IND", "tipo__descricao": "Indica\u00e7\u00e3o", "autoria": "Guilherme de Lima Braga (Guilherme do Doce)", "texto_original": "http://sapl.pedroleopoldo.mg.leg.br/media/sapl/public/materialegislativa/2022/20320/indicacao_169-2022-_ver._gulherme.pdf", "ementa": "No uso de minhas atribui\u00e7\u00f5es regimentais, indico a Excelent\u00edssima Senhora Prefeita providenciar, junto aos \u00f3rg\u00e3os competentes, que seja feito o Recapeamento Asf\u00e1ltico na rua Em\u00edlio Ferreira no bairro Santo Ant\u00f4nio, neste Munic\u00edpio."}, {"id": "20321", "ano": "2022", "numero": "170", "tipo__sigla": "IND", "tipo__descricao": "Indica\u00e7\u00e3o", "autoria": "Guilherme de Lima Braga (Guilherme do Doce)", "texto_original": "http://sapl.pedroleopoldo.mg.leg.br/media/sapl/public/materialegislativa/2022/20321/indicacao_170-2022-_ver._guilherme.pdf", "ementa": "No uso de minhas atribui\u00e7\u00f5es regimentais, indico a Excelent\u00edssima Senhora Prefeita providenciar, junto aos \u00f3rg\u00e3os competentes, que seja feito o Recapeamento Asf\u00e1ltico na rua Ot\u00e1vio Gouveia no bairro Santo Ant\u00f3nio, neste Munic\u00edpio."}, {"id": "20340", "ano": "2022", "numero": "171", "tipo__sigla": "IND", "tipo__descricao": "Indica\u00e7\u00e3o", "autoria": "Frederico Henrique Cota Alves (Fred Piau)", "texto_original": "http://sapl.pedroleopoldo.mg.leg.br/media/sapl/public/materialegislativa/2022/20340/indicacao_171-22_-_ver._frederico.pdf", "ementa": "No uso de minhas atribui\u00e7\u00f5es regimentais, indico a Excelent\u00edssima Senhora Prefeita, realizar melhoria na sinaliza\u00e7\u00e3o de tr\u00e2nsito, no Bairro Novo Campinho."}, {"id": "20346", "ano": "2022", "numero": "172", "tipo__sigla": "IND", "tipo__descricao": "Indica\u00e7\u00e3o", "autoria": "Frederico Henrique Cota Alves (Fred Piau)", "texto_original": "http://sapl.pedroleopoldo.mg.leg.br/media/", "ementa": "No uso de minhas atribui\u00e7\u00f5es regimentais, indico \u00e0 Excelent\u00edssima Senhora Prefeita determinar ao setor competente a aquisi\u00e7\u00e3o de uniformes para as crian\u00e7as e adolescentes assistidas pelo servi\u00e7o de fortalecimento de v\u00ednculo dos CENTROS DE REFER\u00caNCIA DE ASSIST\u00caNCIA SOCIAL - CRAS."}, {"id": "20347", "ano": "2022", "numero": "173", "tipo__sigla": "IND", "tipo__descricao": "Indica\u00e7\u00e3o", "autoria": "Frederico Henrique Cota Alves (Fred Piau)", "texto_original": "http://sapl.pedroleopoldo.mg.leg.br/media/sapl/public/materialegislativa/2022/20347/indicacao_173-22_-_ver._frederico.pdf", "ementa": "No uso de minhas atribui\u00e7\u00f5es regimentais, indico \u00e0 Excelent\u00edssima Senhora Prefeita a instala\u00e7\u00e3o de corrim\u00e3o na escadaria e tamb\u00e9m a constru\u00e7\u00e3o uma faixa elevada, pr\u00f3xima \u00e0 escadaria que interliga a MG/424 ao Terminal Rodovi\u00e1rio."}, {"id": "20348", "ano": "2022", "numero": "174", "tipo__sigla": "IND", "tipo__descricao": "Indica\u00e7\u00e3o", "autoria": "Frederico Henrique Cota Alves (Fred Piau)", "texto_original": "http://sapl.pedroleopoldo.mg.leg.br/media/sapl/public/materialegislativa/2022/20348/indicacao_174-22_-_ver._frederico.pdf", "ementa": "No uso de minhas atribui\u00e7\u00f5es regimentais, indico \u00e0 Excelent\u00edssima Senhora Prefeita a implanta\u00e7\u00e3o de um sistema de monitoramento no campo e nas portas de entrada do CEPPEL."}, {"id": "20349", "ano": "2022", "numero": "175", "tipo__sigla": "IND", "tipo__descricao": "Indica\u00e7\u00e3o", "autoria": "Warlen Alves da Silva", "texto_original": "http://sapl.pedroleopoldo.mg.leg.br/media/sapl/public/materialegislativa/2022/20349/indicacao_175-22_-_ver._warlen.pdf", "ementa": "No uso de minhas atribui\u00e7\u00f5es regimentais, indico \u00e0 Excelent\u00edssima Senhora Prefeita providenciar a pintura de faixa de pedestre na Avenida R\u00f4mulo, pr\u00f3ximo ao n\u00ba 11, debaixo do viaduto Dr. Wilson Lobato Martins, no Centro, neste Munic\u00edpio."}, {"id": "20350", "ano": "2022", "numero": "176", "tipo__sigla": "IND", "tipo__descricao": "Indica\u00e7\u00e3o", "autoria": "Jos\u00e9 Justino Pires Damaso", "texto_original": "http://sapl.pedroleopoldo.mg.leg.br/media/sapl/public/materialegislativa/2022/20350/indicacao_176-22_-_ver._jose_justino.pdf", "ementa": "No uso de minhas atribui\u00e7\u00f5es regimentais, indico \u00e0 Excelent\u00edssima Senhora Prefeita determinar ao setor competente realizar opera\u00e7\u00e3o tapa buraco nas Ruas: Vereador Jo\u00e3o Eduardo Costa, Expedicion\u00e1rio Jo\u00e3o Rodrigues Costa, Foze Manoel Felipe, no Bairro Parque Residencial S\u00f4nia Teixeira Romanelli, neste Munic\u00edpio."}, {"id": "20394", "ano": "2022", "numero": "177", "tipo__sigla": "IND", "tipo__descricao": "Indica\u00e7\u00e3o", "autoria": "Rafael Vieira Faria (Rafa)", "texto_original": "http://sapl.pedroleopoldo.mg.leg.br/media/sapl/public/materialegislativa/2022/20394/indicacao_177-2022_-_ver._rafael_e__vereadores.pdf", "ementa": "Eu, Rafael Vieira Faria, Vereador do Munic\u00edpio de Pedro Leopoldo, venho, no uso de minhas atribui\u00e7\u00f5es, na forma do artigo 129 do regimento interno, apresentar INDICA\u00c7\u00c3O, sugerindo conceder Mo\u00e7\u00e3o de Parab\u00e9ns \u00e0 Radio Atividade FM pelos seus 25 anos de atua\u00e7\u00e3o. Sucessivamente, solicito \u00e0 Vossa Excel\u00eancia que a presente indica\u00e7\u00e3o seja submetida \u00e0 aprecia\u00e7\u00e3o do Plen\u00e1rio, e, em sendo aprovada, seja encaminhada \u00e0s respectivas comiss\u00f5es."}, {"id": "20352", "ano": "2022", "numero": "178", "tipo__sigla": "IND", "tipo__descricao": "Indica\u00e7\u00e3o", "autoria": "Leonardo Pereira Ribeiro (Leoz\u00e3o)", "texto_original": "http://sapl.pedroleopoldo.mg.leg.br/media/sapl/public/materialegislativa/2022/20352/indicacao_178-22_-_ver._leonardo.pdf", "ementa": "No uso de minhas atribui\u00e7\u00f5es regimentais, indico \u00e0 Excelent\u00edssima Senhora Prefeita tomar as medidas cab\u00edveis, para providenciar opera\u00e7\u00e3o tapa buraco em toda extens\u00e3o das Ruas Ant\u00f4nio Generoso, Alvorada, entre as Ruas Gilberto Alves da Silva e Ant\u00f4nio Generoso, localizadas no Bairro S\u00e3o Geraldo."}, {"id": "20362", "ano": "2022", "numero": "179", "tipo__sigla": "IND", "tipo__descricao": "Indica\u00e7\u00e3o", "autoria": "Frederico Henrique Cota Alves (Fred Piau)", "texto_original": "http://sapl.pedroleopoldo.mg.leg.br/media/sapl/public/materialegislativa/2022/20362/indicacao_179-2022_-_ver._frederico.pdf", "ementa": "No uso de minhas atribui\u00e7\u00f5es regimentais, indico a Excelent\u00edssima Senhora Prefeita determinar ao setor competente providenciar a constru\u00e7\u00e3o de um posto de Especialidade de Sa\u00fade da Fam\u00edlia \u2013 ESF \u2013 ou Ponto de Apoio a Sa\u00fade no Bairro Novo Campinho."}, {"id": "20353", "ano": "2022", "numero": "180", "tipo__sigla": "IND", "tipo__descricao": "Indica\u00e7\u00e3o", "autoria": "Guilherme de Lima Braga (Guilherme do Doce)", "texto_original": "http://sapl.pedroleopoldo.mg.leg.br/media/", "ementa": "No uso de minhas atribui\u00e7\u00f5es regimentais, indico \u00e0 Excelent\u00edssima Senhora Prefeita determinar a instala\u00e7\u00e3o de redutor de velocidade(quebra-molas) na Rua Ant\u00f4nio Jos\u00e9 Buffe no Bairro Felipe Cl\u00e1udio de Sales, neste Munic\u00edpio."}, {"id": "20354", "ano": "2022", "numero": "181", "tipo__sigla": "IND", "tipo__descricao": "Indica\u00e7\u00e3o", "autoria": "Frederico Henrique Cota Alves (Fred Piau)", "texto_original": "http://sapl.pedroleopoldo.mg.leg.br/media/sapl/public/materialegislativa/2022/20354/indicacao_181-22_-_ver._frederico.pdf", "ementa": "No uso de minhas atribui\u00e7\u00f5es regimentais, indico \u00e0 Excelent\u00edssima Senhora Prefeita que seja providenciado curso de aperfei\u00e7oamento de abordagem ao cidad\u00e3o, a ser ministrado especificamente para a guarda municipal para os agentes de tr\u00e2nsito."}, {"id": "20363", "ano": "2022", "numero": "182", "tipo__sigla": "IND", "tipo__descricao": "Indica\u00e7\u00e3o", "autoria": "Frederico Henrique Cota Alves (Fred Piau)", "texto_original": "http://sapl.pedroleopoldo.mg.leg.br/media/sapl/public/materialegislativa/2022/20363/indicacao_182-2022_-_ver._frederico.pdf", "ementa": "No uso de minhas atribui\u00e7\u00f5es regimentais, indico a Excelent\u00edssima Senhora Prefeita determinar ao setor competente providenciar a instala\u00e7\u00e3o de um ECOPONTO no Bairro Magalh\u00e3es."}, {"id": "20365", "ano": "2022", "numero": "183", "tipo__sigla": "IND", "tipo__descricao": "Indica\u00e7\u00e3o", "autoria": "Frederico Henrique Cota Alves (Fred Piau)", "texto_original": "http://sapl.pedroleopoldo.mg.leg.br/media/sapl/public/materialegislativa/2022/20365/indicacao_183-2022_-_ver._frederico.pdf", "ementa": "No uso de minhas atribui\u00e7\u00f5es regimentais, indico a Excelent\u00edssima Senhora Prefeita determinar ao setor competente providenciar a instala\u00e7\u00e3o de um Ecoponto no Bairro Santo Ant\u00f4nio da Barra."}, {"id": "20366", "ano": "2022", "numero": "184", "tipo__sigla": "IND", "tipo__descricao": "Indica\u00e7\u00e3o", "autoria": "Evaldo Geraldo do Carmo (Evaldo do A\u00e7ougue)", "texto_original": "http://sapl.pedroleopoldo.mg.leg.br/media/sapl/public/materialegislativa/2022/20366/indicacao_184_-2022_-_ver._evaldo.pdf", "ementa": "No uso de minhas atribui\u00e7\u00f5es regimentais, indico a excelent\u00edssima Senhora Prefeita determinar ao setor competente, tomar medidas cab\u00edveis para providenciar a coloca\u00e7\u00e3o de l\u00e2mpadas de Diodo Emissor de Luz - LED em toda a extens\u00e3o da Rua Raimunda Rafael dos Anjos antiga Rua Cerrado, no Distrito de Fidalgo."}, {"id": "20367", "ano": "2022", "numero": "185", "tipo__sigla": "IND", "tipo__descricao": "Indica\u00e7\u00e3o", "autoria": "Frederico Henrique Cota Alves (Fred Piau)", "texto_original": "http://sapl.pedroleopoldo.mg.leg.br/media/sapl/public/materialegislativa/2022/20367/indicacao_185-2022_-_ver._frederico.pdf", "ementa": "No uso de minhas atribui\u00e7\u00f5es regimentais, indico a Excelent\u00edssima Senhora Prefeita determinar ao setor competente providenciar a cria\u00e7\u00e3o do Projeto Rua de Lazer, a ser realizado, quinzenalmente, em formato itinerante."}, {"id": "20368", "ano": "2022", "numero": "186", "tipo__sigla": "IND", "tipo__descricao": "Indica\u00e7\u00e3o", "autoria": "Frederico Henrique Cota Alves (Fred Piau)", "texto_original": "http://sapl.pedroleopoldo.mg.leg.br/media/sapl/public/materialegislativa/2022/20368/indicacao_186-2022_-_ver._frederico.pdf", "ementa": "No uso de minhas atribui\u00e7\u00f5es regimentais, indico a Excelent\u00edssima Senhora Prefeita determinar ao setor competente providenciar a coloca\u00e7\u00e3o de placa de EMBARQUE E DESEMBARQUE para vans na porta da Escola Municipal Alice Lobato Martins, localizada na Rua Rosalino Maria da Silva, n\u00ba 109, no Bairro Romero de Carvalho."}, {"id": "20369", "ano": "2022", "numero": "187", "tipo__sigla": "IND", "tipo__descricao": "Indica\u00e7\u00e3o", "autoria": "Mauro J\u00fanior Lopes Francisco", "texto_original": "http://sapl.pedroleopoldo.mg.leg.br/media/sapl/public/materialegislativa/2022/20369/indicacao_187-2022_-_ver._mauro.pdf", "ementa": "No uso de minhas atribui\u00e7\u00f5es regimentais, indico \u00e0 Excelent\u00edssima Senhora Prefeita determinar ao setor competente providenciar a manuten\u00e7\u00e3o e troca de l\u00e2mpadas queimadas na Rua dos Couras, no Distrito de Vera Cruz de Minas, neste Munic\u00edpio."}, {"id": "20370", "ano": "2022", "numero": "188", "tipo__sigla": "IND", "tipo__descricao": "Indica\u00e7\u00e3o", "autoria": "Mauro J\u00fanior Lopes Francisco, Eldir Jos\u00e9 Batista (Baixinho da Garagem)", "texto_original": "http://sapl.pedroleopoldo.mg.leg.br/media/sapl/public/materialegislativa/2022/20370/indicacao_188-2022_-_ver._mauro_e_eldir.pdf", "ementa": "No uso de nossas atribui\u00e7\u00f5es regimentais, indicamos a Excelent\u00edssima Senhora Prefeita determinar ao \u00f3rg\u00e3o competente providenciar a pavimenta\u00e7\u00e3o asf\u00e1ltica em toda a extens\u00e3o da Rua Alvorada, at\u00e9 a entrado da Funda\u00e7\u00e3o Jos\u00e9 Hil\u00e1rio - FUNJOS, no Distrito de Vera Cruz de Minas."}, {"id": "20371", "ano": "2022", "numero": "189", "tipo__sigla": "IND", "tipo__descricao": "Indica\u00e7\u00e3o", "autoria": "Mauro J\u00fanior Lopes Francisco", "texto_original": "http://sapl.pedroleopoldo.mg.leg.br/media/sapl/public/materialegislativa/2022/20371/indicacao_189-2022_-_ver._mauro.pdf", "ementa": "No uso de minhas atribui\u00e7\u00f5es regimentais, indico \u00e0 Excelent\u00edssima Senhora Prefeita determinar ao setor competente que proceda a realiza\u00e7\u00e3o de poda de \u00e1rvore da Rua S\u00e3o Sebasti\u00e3o, pr\u00f3ximo ao n\u00famero 827 (refer\u00eancia na serra), no Distrito de Vera Cruz de Minas."}, {"id": "20372", "ano": "2022", "numero": "190", "tipo__sigla": "IND", "tipo__descricao": "Indica\u00e7\u00e3o", "autoria": "Evaldo Geraldo do Carmo (Evaldo do A\u00e7ougue)", "texto_original": "http://sapl.pedroleopoldo.mg.leg.br/media/sapl/public/materialegislativa/2022/20372/indicacao_190-2022_-_ver._evaldo.pdf", "ementa": "No uso de minhas atribui\u00e7\u00f5es regimentais, indico \u00e0 Excelent\u00edssima Senhora Prefeita determinar ao setor competente providenciar a coloca\u00e7\u00e3o de l\u00e2mpadas de Diodo Emissor de Luz \u2013 LED, em toda a extens\u00e3o da Rua Jos\u00e9 Jo\u00e3o Nassif, no Bairro Felipe Cl\u00e1udio de Sales."}, {"id": "20373", "ano": "2022", "numero": "191", "tipo__sigla": "IND", "tipo__descricao": "Indica\u00e7\u00e3o", "autoria": "Mauro J\u00fanior Lopes Francisco", "texto_original": "http://sapl.pedroleopoldo.mg.leg.br/media/sapl/public/materialegislativa/2022/20373/indicacao_191-2022_-_ver._mauro.pdf", "ementa": "No uso de minhas atribui\u00e7\u00f5es regimentais, indico \u00e0 Excelent\u00edssima Senhora Prefeita determinar ao setor competente que providencie a realiza\u00e7\u00e3o de recapeamento asf\u00e1ltico em toda a extens\u00e3o da Rua Pedro Leopoldo, no Distrito de Vera Cruz de Minas."}, {"id": "20374", "ano": "2022", "numero": "192", "tipo__sigla": "IND", "tipo__descricao": "Indica\u00e7\u00e3o", "autoria": "Mauro J\u00fanior Lopes Francisco", "texto_original": "http://sapl.pedroleopoldo.mg.leg.br/media/sapl/public/materialegislativa/2022/20374/indicacao_192-2022_-_ver._mauro.pdf", "ementa": "No uso de minhas atribui\u00e7\u00f5es regimentais, indico \u00e0 Excelent\u00edssima Senhora Prefeita determinar ao setor competente que providencie a realiza\u00e7\u00e3o de pavimenta\u00e7\u00e3o asf\u00e1ltica em toda a extens\u00e3o das Ruas Fidalgo, dos Pinheiros e S\u00e3o Sebasti\u00e3o, no Distrito de Vera Cruz de Minas, neste Munic\u00edpio."}, {"id": "20478", "ano": "2022", "numero": "193", "tipo__sigla": "IND", "tipo__descricao": "Indica\u00e7\u00e3o", "autoria": "Matheus Utsch de Oliveira, Eldir Jos\u00e9 Batista (Baixinho da Garagem), Evaldo Geraldo do Carmo (Evaldo do A\u00e7ougue), Frederico Henrique Cota Alves (Fred Piau), Guilherme de Lima Braga (Guilherme do Doce), Jos\u00e9 Justino Pires Damaso, Leonardo Pereira Ribeiro (Leoz\u00e3o), Mauro J\u00fanior Lopes Francisco, Rafael Vieira Faria (Rafa), Warlen Alves da Silva", "texto_original": "http://sapl.pedroleopoldo.mg.leg.br/media/sapl/public/materialegislativa/2022/20478/indicacao_193-22_mocao_senai_-_todos_vereadores.pdf", "ementa": "No uso de nossas atribui\u00e7\u00f5es regimentais, indicamos conceder Mo\u00e7\u00e3o de Parab\u00e9ns ao SENAI de Pedro Leopoldo - Servi\u00e7o Nacional de Aprendizagem Industrial \u2013  pela comemora\u00e7\u00e3o dos 40 anos de funda\u00e7\u00e3o, e que o Diretor Sr. Welliton Jos\u00e9 Davi, possa receber a homenagem, como representante da Institui\u00e7\u00e3o."}, {"id": "20389", "ano": "2022", "numero": "194", "tipo__sigla": "IND", "tipo__descricao": "Indica\u00e7\u00e3o", "autoria": "Frederico Henrique Cota Alves (Fred Piau)", "texto_original": "http://sapl.pedroleopoldo.mg.leg.br/media/sapl/public/materialegislativa/2022/20389/indicacao_194-2022_-_ver._frederico.pdf", "ementa": "No uso de minhas atribui\u00e7\u00f5es regimentais, indico a Excelent\u00edssima Senhora Prefeita determinar ao setor competente providenciar a cria\u00e7\u00e3o de um Centro Municipal de Oftalmologia."}, {"id": "20390", "ano": "2022", "numero": "195", "tipo__sigla": "IND", "tipo__descricao": "Indica\u00e7\u00e3o", "autoria": "Frederico Henrique Cota Alves (Fred Piau)", "texto_original": "http://sapl.pedroleopoldo.mg.leg.br/media/sapl/public/materialegislativa/2022/20390/indicacao_195-2022_-__ver._frederico.pdf", "ementa": "No uso de minhas atribui\u00e7\u00f5es regimentais, indico a Excelent\u00edssima Senhora Prefeita a cria\u00e7\u00e3o de um Projeto Educacional para tratar nas Escolas Municipais e nos Centros Municipais de Aten\u00e7\u00e3o \u00e0 Inf\u00e2ncia \u2013 CEMAI\u2019S \u2013 a quest\u00e3o do abandono e maus tratos aos animais."}, {"id": "20391", "ano": "2022", "numero": "196", "tipo__sigla": "IND", "tipo__descricao": "Indica\u00e7\u00e3o", "autoria": "Frederico Henrique Cota Alves (Fred Piau)", "texto_original": "http://sapl.pedroleopoldo.mg.leg.br/media/sapl/public/materialegislativa/2022/20391/indicacao_196-2022_-_ver._frederico.pdf", "ementa": "No uso de minhas atribui\u00e7\u00f5es regimentais, indico a Vossa Excel\u00eancia a cria\u00e7\u00e3o do Programa Jovem Aprendiz no Legislativo Municipal, dando exemplo aos empreendedores quanto ao cumprimento do Decreto Federal 5.598, de 1\u00ba de dezembro de 2005."}, {"id": "20392", "ano": "2022", "numero": "197", "tipo__sigla": "IND", "tipo__descricao": "Indica\u00e7\u00e3o", "autoria": "Frederico Henrique Cota Alves (Fred Piau)", "texto_original": "http://sapl.pedroleopoldo.mg.leg.br/media/sapl/public/materialegislativa/2022/20392/indicacao_197-2022_-_ver._frederico.pdf", "ementa": "No uso de minhas atribui\u00e7\u00f5es regimentais, indico a Excelent\u00edssima Senhora Prefeita solicitar junto ao departamento competente a instala\u00e7\u00e3o de tr\u00eas pontos de \u00f4nibus na Rodovia Ascendino Jos\u00e9 da Costa (Rodovia Neves), Bairro Vera Cruz de Minas, neste Munic\u00edpio."}, {"id": "20393", "ano": "2022", "numero": "198", "tipo__sigla": "IND", "tipo__descricao": "Indica\u00e7\u00e3o", "autoria": "Frederico Henrique Cota Alves (Fred Piau)", "texto_original": "http://sapl.pedroleopoldo.mg.leg.br/media/sapl/public/materialegislativa/2022/20393/indicacao_198-2022_-_ver._frederico.pdf", "ementa": "No uso de minhas atribui\u00e7\u00f5es regimentais, indico \u00e0 Excelent\u00edssima Senhora Prefeita, a aquisi\u00e7\u00e3o de unidade m\u00f3vel (nos moldes de uma ambul\u00e2ncia) para um melhor atendimento e implementa\u00e7\u00e3o das a\u00e7\u00f5es do CBPDA (Comit\u00ea de Bem Estar, Defesa e Prote\u00e7\u00e3o Animal), projeto baseado no que foi implementado pela Prefeitura de Maring\u00e1"}, {"id": "20449", "ano": "2022", "numero": "199", "tipo__sigla": "IND", "tipo__descricao": "Indica\u00e7\u00e3o", "autoria": "Frederico Henrique Cota Alves (Fred Piau)", "texto_original": "http://sapl.pedroleopoldo.mg.leg.br/media/sapl/public/materialegislativa/2022/20449/indicacao_199-2022_-_ver._frederico.pdf", "ementa": "No uso de minhas atribui\u00e7\u00f5es regimentais, indico a Excelent\u00edssima Senhora Prefeita providenciar ao setor competente a reforma e amplia\u00e7\u00e3o da Escola Municipal Avary de Campos, localizada no Bairro Quinta das Palmeiras"}, {"id": "20451", "ano": "2022", "numero": "200", "tipo__sigla": "IND", "tipo__descricao": "Indica\u00e7\u00e3o", "autoria": "Frederico Henrique Cota Alves (Fred Piau)", "texto_original": "http://sapl.pedroleopoldo.mg.leg.br/media/sapl/public/materialegislativa/2022/20451/indicacao_200-2022_-_ver._frederico.pdf", "ementa": "No uso de minhas atribui\u00e7\u00f5es regimentais, indico a Excelent\u00edssima Senhora Prefeita solicitar do departamento competente a possibilidade de instala\u00e7\u00e3o de um Ecoponto, no Bairro Novo Campinho neste Munic\u00edpio."}, {"id": "20452", "ano": "2022", "numero": "201", "tipo__sigla": "IND", "tipo__descricao": "Indica\u00e7\u00e3o", "autoria": "Frederico Henrique Cota Alves (Fred Piau)", "texto_original": "http://sapl.pedroleopoldo.mg.leg.br/media/sapl/public/materialegislativa/2022/20452/indicacao_201-2022_-_ver._frederico.pdf", "ementa": "No uso de minhas atribui\u00e7\u00f5es regimentais, indico a Excelent\u00edssima Senhora Prefeita determinar ao setor competente providenciar a revitaliza\u00e7\u00e3o de toda a extens\u00e3o da Rua Santa Luzia, Centro, neste munic\u00edpio, incluindo plantio de \u00e1rvores, pintura do meio fio, limpeza de bueiros, amplia\u00e7\u00e3o da rede pluvial."}, {"id": "20453", "ano": "2022", "numero": "202", "tipo__sigla": "IND", "tipo__descricao": "Indica\u00e7\u00e3o", "autoria": "Frederico Henrique Cota Alves (Fred Piau)", "texto_original": "http://sapl.pedroleopoldo.mg.leg.br/media/sapl/public/materialegislativa/2022/20453/indicacao_202-2022_-_ver._frederico.pdf", "ementa": "No uso de minhas atribui\u00e7\u00f5es regimentais, indico \u00e0 Excelent\u00edssima Senhora Prefeita, a cria\u00e7\u00e3o da pol\u00edtica p\u00fablica municipal de atendimento a pessoa diagnosticada com Transtorno Espectro Autista, priorizando mais agilidade para libera\u00e7\u00e3o do laudo e exames m\u00e9dicos, consulta com fonoaudiologia, terapia ocupacional e etc. At\u00e9 sugiro a APAE Pedro Leopoldo como institui\u00e7\u00e3o referenciada para fazer esse atendimento \u00e0 popula\u00e7\u00e3o."}, {"id": "20454", "ano": "2022", "numero": "203", "tipo__sigla": "IND", "tipo__descricao": "Indica\u00e7\u00e3o", "autoria": "Guilherme de Lima Braga (Guilherme do Doce)", "texto_original": "http://sapl.pedroleopoldo.mg.leg.br/media/sapl/public/materialegislativa/2022/20454/indicacao_203-2022_-_ver._guilherme_.pdf", "ementa": "No uso de minhas atribui\u00e7\u00f5es regimentais, indico a Excelent\u00edssima Senhora Prefeita determinar ao setor competente providenciar a reforma da passarela, que liga Dr. Lund a Rodovia MG/ 424, neste Munic\u00edpio."}, {"id": "20455", "ano": "2022", "numero": "204", "tipo__sigla": "IND", "tipo__descricao": "Indica\u00e7\u00e3o", "autoria": "Rafael Vieira Faria (Rafa)", "texto_original": "http://sapl.pedroleopoldo.mg.leg.br/media/sapl/public/materialegislativa/2022/20455/indicacao_204-2022_-__ver._rafael.pdf", "ementa": "Eu, Rafael Vieira Faria, Vereador do Munic\u00edpio de Pedro Leopoldo, venho, no uso de minhas atribui\u00e7\u00f5es, na forma do artigo 129 e 130 do regimento interno, apresentar INDICA\u00c7\u00c3O, sugerindo a realiza\u00e7\u00e3o de uma opera\u00e7\u00e3o, educativa e de fiscaliza\u00e7\u00e3o, visando combater o uso, a produ\u00e7\u00e3o, o armazenamento e comercializa\u00e7\u00e3o de cerol e linhas cortantes com o objetivo de preservar a vida e a integridade das pessoas."}, {"id": "20456", "ano": "2022", "numero": "205", "tipo__sigla": "IND", "tipo__descricao": "Indica\u00e7\u00e3o", "autoria": "Evaldo Geraldo do Carmo (Evaldo do A\u00e7ougue)", "texto_original": "http://sapl.pedroleopoldo.mg.leg.br/media/sapl/public/materialegislativa/2022/20456/indicacao_205-2022_-_ver._evaldo.pdf", "ementa": "No uso de minhas atribui\u00e7\u00f5es regimentais, indico a Excelent\u00edssima Senhora Prefeita determinar ao Setor Competente providenciar a instala\u00e7\u00e3o de uma nova placa indicativa do limite entre o Munic\u00edpio de Pedro Leopoldo e Matozinhos, especificamente na Rua Francisco de Paula Martins."}, {"id": "20457", "ano": "2022", "numero": "206", "tipo__sigla": "IND", "tipo__descricao": "Indica\u00e7\u00e3o", "autoria": "Rafael Vieira Faria (Rafa), Mauro J\u00fanior Lopes Francisco", "texto_original": "http://sapl.pedroleopoldo.mg.leg.br/media/sapl/public/materialegislativa/2022/20457/indicacao_206-2022_-_ver._rafael.pdf", "ementa": "Eu, Rafael Vieira Faria, Vereador do Munic\u00edpio de Pedro Leopoldo, venho, no uso de minhas atribui\u00e7\u00f5es, na forma do artigo 129 e 130 do regimento interno, apresentar INDICA\u00c7\u00c3O, sugerindo a Instala\u00e7\u00e3o de Defensas Met\u00e1licas, comumente conhecidas como Guard Rail, na Rua Via Neves, conforme justificativa em anexo, e solicito \u00e0 Vossa Excel\u00eancia que a presente indica\u00e7\u00e3o seja submetida \u00e0 aprecia\u00e7\u00e3o do Plen\u00e1rio, e, em sendo aprovada, que seja encaminhado ao poder Executivo Municipal, na pessoa da excelent\u00edssima Prefeita Eloisa Helena Carvalho de Freitas Pereira, o of\u00edcio no prazo de dez dias, consoante ao disposto no \u00a75\u00ba do artigo 129 do regimento interno."}, {"id": "20458", "ano": "2022", "numero": "207", "tipo__sigla": "IND", "tipo__descricao": "Indica\u00e7\u00e3o", "autoria": "Frederico Henrique Cota Alves (Fred Piau)", "texto_original": "http://sapl.pedroleopoldo.mg.leg.br/media/sapl/public/materialegislativa/2022/20458/indicacao_207-2022_-_ver._frederico_.pdf", "ementa": "No uso de minhas atribui\u00e7\u00f5es regimentais, indico \u00e0 Excelent\u00edssima Senhora Prefeita, a elabora\u00e7\u00e3o do projeto de lei criando o Cadastro \u00danico das Associa\u00e7\u00f5es do Munic\u00edpio de Pedro Leopoldo, afim de termos um monitoramento mais efetivo sobre a situa\u00e7\u00e3o das Associa\u00e7\u00f5es Municipais de nossa cidade."}, {"id": "20470", "ano": "2022", "numero": "208", "tipo__sigla": "IND", "tipo__descricao": "Indica\u00e7\u00e3o", "autoria": "Warlen Alves da Silva", "texto_original": "http://sapl.pedroleopoldo.mg.leg.br/media/sapl/public/materialegislativa/2022/20470/indicacao_208-22_-_ver._warlen.pdf", "ementa": "No uso de minhas atribui\u00e7\u00f5es regimentais, indico \u00e0 Excelent\u00edssima Senhora Prefeita determinar ao setor competente providenciar a instala\u00e7\u00e3o de redutor de velocidade (quebra-mola), na Rua S\u00e3o Vicente de Paula, na altura do n\u00b0 245, no Bairro Santo Ant\u00f4nio da Barra."}, {"id": "20471", "ano": "2022", "numero": "209", "tipo__sigla": "IND", "tipo__descricao": "Indica\u00e7\u00e3o", "autoria": "Guilherme de Lima Braga (Guilherme do Doce)", "texto_original": "http://sapl.pedroleopoldo.mg.leg.br/media/sapl/public/materialegislativa/2022/20471/indicacao_209-22_-_guilherme.pdf", "ementa": "No uso de minhas atribui\u00e7\u00f5es regimentais, indico \u00e0 Excelent\u00edssima Senhora Prefeita determinar ao setor competente providenciar a de redutor de velocidade (quebra-molas) na Rua Suzana Passos, pr\u00f3ximo ao n\u00famero 309, no Bairro Santo Ant\u00f4nio da Barra."}, {"id": "20472", "ano": "2022", "numero": "210", "tipo__sigla": "IND", "tipo__descricao": "Indica\u00e7\u00e3o", "autoria": "Frederico Henrique Cota Alves (Fred Piau)", "texto_original": "http://sapl.pedroleopoldo.mg.leg.br/media/sapl/public/materialegislativa/2022/20472/indicacao_210-22_-_ver._frederico.pdf", "ementa": "No uso de minhas atribui\u00e7\u00f5es regimentais, indico a Excelent\u00edssima Senhora Prefeita determinar ao setor competente providenciar a instala\u00e7\u00e3o de brinquedos nas Pra\u00e7as dos Bairros Ferreiras, Santo Ant\u00f4nio da Barra e Vera Cruz de Minas."}, {"id": "20473", "ano": "2022", "numero": "211", "tipo__sigla": "IND", "tipo__descricao": "Indica\u00e7\u00e3o", "autoria": "Frederico Henrique Cota Alves (Fred Piau)", "texto_original": "http://sapl.pedroleopoldo.mg.leg.br/media/sapl/public/materialegislativa/2022/20473/indicacao_211-22_-_ver._frederico.pdf", "ementa": "No uso de minhas atribui\u00e7\u00f5es regimentais, indico a Excelent\u00edssima Senhora Prefeita determinar ao setor competente providenciar a instala\u00e7\u00e3o de um parquinho para crian\u00e7as, no Bairro Santo Ant\u00f4nio da Barra."}, {"id": "20474", "ano": "2022", "numero": "212", "tipo__sigla": "IND", "tipo__descricao": "Indica\u00e7\u00e3o", "autoria": "Frederico Henrique Cota Alves (Fred Piau)", "texto_original": "http://sapl.pedroleopoldo.mg.leg.br/media/sapl/public/materialegislativa/2022/20474/indicacao_212-22_-_ver._frederico.pdf", "ementa": "No uso de minhas atribui\u00e7\u00f5es regimentais, indico a Excelent\u00edssima Senhora prefeita determinar ao setor competente celebrar conv\u00eanio com associa\u00e7\u00e3o cultural, promovendo aulas de m\u00fasica e dan\u00e7a nos bairros, priorizando crian\u00e7as e idosos."}, {"id": "20475", "ano": "2022", "numero": "213", "tipo__sigla": "IND", "tipo__descricao": "Indica\u00e7\u00e3o", "autoria": "Frederico Henrique Cota Alves (Fred Piau)", "texto_original": "http://sapl.pedroleopoldo.mg.leg.br/media/sapl/public/materialegislativa/2022/20475/indicacao_213-22_-_ver._frederico.pdf", "ementa": "No uso de minhas atribui\u00e7\u00f5es regimentais, indico a Excelent\u00edssima Senhora Prefeita determinar ao setor competente a possibilidade da cria\u00e7\u00e3o de um bosque no espa\u00e7o p\u00fablico vago, com banquinhos e academia ao ar livre e brinquedos para crian\u00e7as entre a quadra e a pista de skate, localizado no conjunto hist\u00f3rico-arquitet\u00f4nico da pra\u00e7a da esta\u00e7\u00e3o neste Munic\u00edpio."}, {"id": "20476", "ano": "2022", "numero": "214", "tipo__sigla": "IND", "tipo__descricao": "Indica\u00e7\u00e3o", "autoria": "Evaldo Geraldo do Carmo (Evaldo do A\u00e7ougue)", "texto_original": "http://sapl.pedroleopoldo.mg.leg.br/media/sapl/public/materialegislativa/2022/20476/indicacao_214-22_-_ver._evaldo.pdf", "ementa": "No uso de minhas atribui\u00e7\u00f5es regimentais, indico a Excelent\u00edssima Senhora Prefeita determinar ao Setor Competente providenciar a troca de l\u00e2mpada na Rua Ant\u00f4nio Mansur Maloy, no Bairro Dom Camilo, pr\u00f3ximo ao n\u00famero 39, neste Munic\u00edpio."}, {"id": "20490", "ano": "2022", "numero": "215", "tipo__sigla": "IND", "tipo__descricao": "Indica\u00e7\u00e3o", "autoria": "Frederico Henrique Cota Alves (Fred Piau)", "texto_original": "http://sapl.pedroleopoldo.mg.leg.br/media/sapl/public/materialegislativa/2022/20490/indicacao_no_215-2022_ver._frederico_henrique_costa_alves.pdf", "ementa": "No uso de minhas atribui\u00e7\u00f5es regimentais, indico \u00e0 Vossa Excelent\u00edssima Senhora Prefeita determinar ao setor competente a constru\u00e7\u00e3o de uma pista de caminhada, no Bairro Novo Campinho, a e a sinaliza\u00e7\u00e3o da mesma."}, {"id": "20491", "ano": "2022", "numero": "216", "tipo__sigla": "IND", "tipo__descricao": "Indica\u00e7\u00e3o", "autoria": "Frederico Henrique Cota Alves (Fred Piau)", "texto_original": "http://sapl.pedroleopoldo.mg.leg.br/media/sapl/public/materialegislativa/2022/20491/indicacao_no_216-2022_ver._frederico_henrique_cota_alves.pdf", "ementa": "No uso de minhas atribui\u00e7\u00f5es regimentais, indico a Vossa Excelent\u00edssima Senhora Prefeita a constru\u00e7\u00e3o de um parquinho na \u00e1rea de Lazer Jos\u00e9 Ant\u00f4nio da Silva Santos (juca Guarda-Livros), localizada na Rua Doutor Rocha, no Complexo da Pra\u00e7a da Esta\u00e7\u00e3o Ferrovi\u00e1ria."}, {"id": "20492", "ano": "2022", "numero": "217", "tipo__sigla": "IND", "tipo__descricao": "Indica\u00e7\u00e3o", "autoria": "Frederico Henrique Cota Alves (Fred Piau)", "texto_original": "http://sapl.pedroleopoldo.mg.leg.br/media/sapl/public/materialegislativa/2022/20492/indicacao_no_217-2022_ver._frederico_henrique_cota_alves.pdf", "ementa": "No uso de minhas atribui\u00e7\u00f5es regimentais, indico a Vossa Excelent\u00edssima Senhora Prefeita determinar ao setor competente providenciar a instala\u00e7\u00e3o de placas para melhorar o tr\u00e2nsito na Rua Nossa Senhora das Gra\u00e7as, al\u00e9m de pintura da sinaliza\u00e7\u00e3o horizontal nessa via, Centro, neste Munic\u00edpio."}, {"id": "20497", "ano": "2022", "numero": "218", "tipo__sigla": "IND", "tipo__descricao": "Indica\u00e7\u00e3o", "autoria": "Rafael Vieira Faria (Rafa)", "texto_original": "http://sapl.pedroleopoldo.mg.leg.br/media/", "ementa": "No uso de minhas atribui\u00e7\u00f5es regimentais, indico a Excelent\u00edssima Senhora Prefeita determinar ao Setor Competente providenciar o redirecionamento da Avenida Floresta, retirando a curva sinuosa, no trecho pr\u00f3ximo \u00e0 Capela dos Bexiguentos."}, {"id": "20498", "ano": "2022", "numero": "219", "tipo__sigla": "IND", "tipo__descricao": "Indica\u00e7\u00e3o", "autoria": "Rafael Vieira Faria (Rafa)", "texto_original": "http://sapl.pedroleopoldo.mg.leg.br/media/sapl/public/materialegislativa/2022/20498/indicacao_no_219-2022_ver._rafel_vieira_faria.pdf", "ementa": "No uso de minhas atribui\u00e7\u00f5es regimentais, indico a Excelent\u00edssima Senhora Prefeita determinar ao Setor Competente providenciar a instala\u00e7\u00e3o de c\u00e2meras de v\u00eddeo monitoramento (olho vivo) nas imedia\u00e7\u00f5es da Capela dos Bexiguentos"}, {"id": "20499", "ano": "2022", "numero": "220", "tipo__sigla": "IND", "tipo__descricao": "Indica\u00e7\u00e3o", "autoria": "Rafael Vieira Faria (Rafa)", "texto_original": "http://sapl.pedroleopoldo.mg.leg.br/media/sapl/public/materialegislativa/2022/20499/indicacao_no_220-2022_ver._rafael_vieira_faria.pdf", "ementa": "No uso de minhas atribui\u00e7\u00f5es regimentais, indico a Vossa Excelent\u00edssima Senhora Prefeita a determinar ao Setor Competente providenciar a extens\u00e3o de rede de energia el\u00e9trica de baixa tens\u00e3o e instala\u00e7\u00e3o de  ilumina\u00e7\u00e3o p\u00fablica de LED, na Avenida Floresta, no trecho situado entre a Igreja dos Bexiguentos e o trajeto final da Estrada Fazenda do Cap\u00e3o,"}, {"id": "20500", "ano": "2022", "numero": "221", "tipo__sigla": "IND", "tipo__descricao": "Indica\u00e7\u00e3o", "autoria": "Rafael Vieira Faria (Rafa)", "texto_original": "http://sapl.pedroleopoldo.mg.leg.br/media/sapl/public/materialegislativa/2022/20500/indicacao_no_221-2022_ver._rafael_vieira_faria.pdf", "ementa": "No uso de minhas atribui\u00e7\u00f5es regimentais, indico a Excelent\u00edssima Senhora Prefeita determinar ao Setor Competente providenciar a reforma da Passarela Cirilo Pereira da Costa, que liga o Bairro S\u00e3o Geraldo \u00e0 regi\u00e3o do Cap\u00e3o e, sucessivamente, a extens\u00e3o de rede de ilumina\u00e7\u00e3o p\u00fablica."}, {"id": "20501", "ano": "2022", "numero": "222", "tipo__sigla": "IND", "tipo__descricao": "Indica\u00e7\u00e3o", "autoria": "Leonardo Pereira Ribeiro (Leoz\u00e3o)", "texto_original": "http://sapl.pedroleopoldo.mg.leg.br/media/sapl/public/materialegislativa/2022/20501/indicacao_no_222-2022_ver._leonardo_pereira_ribeiro.pdf", "ementa": "No uso de minhas atribui\u00e7\u00f5es regimentais, solicito a Vossa Excel\u00eancia tomar as medidas cab\u00edveis, para providenciar a constru\u00e7\u00e3o de uma pra\u00e7a, na Rua Joaquim Tomaz, com a Rua Ant\u00f4nio Pereira, no Distrito de Lagoa de Santo Ant\u00f4nio, bem como, denominar de Ant\u00f4nio Mateus Silva Nascimento, quando for inaugurada."}, {"id": "20502", "ano": "2022", "numero": "223", "tipo__sigla": "IND", "tipo__descricao": "Indica\u00e7\u00e3o", "autoria": "Frederico Henrique Cota Alves (Fred Piau)", "texto_original": "http://sapl.pedroleopoldo.mg.leg.br/media/sapl/public/materialegislativa/2022/20502/indicacao_no_223-2022_ver._frederico_henrique_cota_alves.pdf", "ementa": "No uso de minhas atribui\u00e7\u00f5es regimentais, indico ao Excelent\u00edssimo Senhor Prefeito determinar ao setor competente realizar campanha de incentivo \u00e0 ado\u00e7\u00e3o de animais, com cadastros dos novos tutores e cart\u00e3o de vacina do animal."}, {"id": "20519", "ano": "2022", "numero": "224", "tipo__sigla": "IND", "tipo__descricao": "Indica\u00e7\u00e3o", "autoria": "Frederico Henrique Cota Alves (Fred Piau)", "texto_original": "http://sapl.pedroleopoldo.mg.leg.br/media/sapl/public/materialegislativa/2022/20519/indicacao_no_224-2022_ver._frederico_henrique.pdf", "ementa": "No uso de minhas atribui\u00e7\u00f5es regimentais, indico \u00e0 Vossa Excelent\u00edssima Senhora Prefeita determinar ao setor competente a inser\u00e7\u00e3o da boca de lobo inteligente nos bueiros do munic\u00edpio."}, {"id": "20522", "ano": "2022", "numero": "225", "tipo__sigla": "IND", "tipo__descricao": "Indica\u00e7\u00e3o", "autoria": "Frederico Henrique Cota Alves (Fred Piau)", "texto_original": "http://sapl.pedroleopoldo.mg.leg.br/media/sapl/public/materialegislativa/2022/20522/indicacao_no_225-2022_ver._frederico_henrique.pdf", "ementa": "No uso de minhas atribui\u00e7\u00f5es regimentais, indico \u00e0 Vossa Excelent\u00edssima Senhora Prefeita solicitar junto ao setor competente o servi\u00e7o de limpeza, capina, pintura e amplia\u00e7\u00e3o da rede de ilumina\u00e7\u00e3o da pista de cooper da Fazenda Modelo, estendendo at\u00e9 a Ponte de entrada do Bairro Santo Ant\u00f4nio da Barra."}, {"id": "20523", "ano": "2022", "numero": "226", "tipo__sigla": "IND", "tipo__descricao": "Indica\u00e7\u00e3o", "autoria": "Frederico Henrique Cota Alves (Fred Piau)", "texto_original": "http://sapl.pedroleopoldo.mg.leg.br/media/sapl/public/materialegislativa/2022/20523/indicacao_no_226-2022_ver._frederico_henrique.pdf", "ementa": "No uso de minhas atribui\u00e7\u00f5es regimentais, indico \u00e0 Vossa Excelent\u00edssima Senhora Prefeita determinar ao setor competente a cria\u00e7\u00e3o de um Fundo Municipal para investimentos em prol da pessoa com defici\u00eancia."}, {"id": "20526", "ano": "2022", "numero": "227", "tipo__sigla": "IND", "tipo__descricao": "Indica\u00e7\u00e3o", "autoria": "Frederico Henrique Cota Alves (Fred Piau)", "texto_original": "http://sapl.pedroleopoldo.mg.leg.br/media/sapl/public/materialegislativa/2022/20526/indicacao_no_227-2022_ver._frederico_henrique.pdf", "ementa": "No uso de minhas atribui\u00e7\u00f5es regimentais, indico \u00e0 Vossa Excelent\u00edssima Senhora Prefeita solicitar, junto ao setor competente a reforma e amplia\u00e7\u00e3o de toda a rede pluvial da Avenida Coronel Juventino Dias (Avenida Cau\u00ea, principalmente na altura do n\u00famero 344, 384, 379, 345, onde a drenagem vem sendo bastante ineficiente durante os dias chuvosos."}, {"id": "20527", "ano": "2022", "numero": "228", "tipo__sigla": "IND", "tipo__descricao": "Indica\u00e7\u00e3o", "autoria": "Leonardo Pereira Ribeiro (Leoz\u00e3o)", "texto_original": "http://sapl.pedroleopoldo.mg.leg.br/media/sapl/public/materialegislativa/2022/20527/indicacao_no_228-2022_ver._leonardo_pereira_ribeiro.pdf", "ementa": "No uso de minhas atribui\u00e7\u00f5es regimentais, indico \u00e0 Excelent\u00edssima Senhora Prefeita determinar ao setor competente providenciar o recapeamento asf\u00e1ltico em toda a extens\u00e3o da Rua Francisco Barbosa, no Distrito de Lagoa de Santo Ant\u00f4nio."}, {"id": "20528", "ano": "2022", "numero": "229", "tipo__sigla": "IND", "tipo__descricao": "Indica\u00e7\u00e3o", "autoria": "Leonardo Pereira Ribeiro (Leoz\u00e3o)", "texto_original": "http://sapl.pedroleopoldo.mg.leg.br/media/sapl/public/materialegislativa/2022/20528/indicacao_no_229-2022_ver._leonardo_pereira_ribeiro.pdf", "ementa": "No uso de minhas atribui\u00e7\u00f5es regimentais, indico \u00e0 Vossa Excelent\u00edssima Senhora Prefeita solicitar junto ao setor competente tomar as medidas cab\u00edveis, para providenciar o recapeamento asf\u00e1ltico em toda a extens\u00e3o da Rua Pac\u00edfico Ant\u00f4nio Pereira, no Distrito Lagoa de Santo Ant\u00f4nio."}, {"id": "20529", "ano": "2022", "numero": "230", "tipo__sigla": "IND", "tipo__descricao": "Indica\u00e7\u00e3o", "autoria": "Leonardo Pereira Ribeiro (Leoz\u00e3o)", "texto_original": "http://sapl.pedroleopoldo.mg.leg.br/media/sapl/public/materialegislativa/2022/20529/indicacao_no_230-2022_ver._leonardo_pereira_ribeiro.pdf", "ementa": "No uso de minhas atribui\u00e7\u00f5es regimentais, indico \u00e0 Vossa Excelent\u00edssima Senhora Prefeita solicitar ao setor competente tomar as medidas cab\u00edveis, para providenciar o recapeamento asf\u00e1ltico em toda a extens\u00e3o da Rua Celestino Rodrigues, no Distrito de Lagoa de Santo Ant\u00f4nio."}, {"id": "20530", "ano": "2022", "numero": "231", "tipo__sigla": "IND", "tipo__descricao": "Indica\u00e7\u00e3o", "autoria": "Leonardo Pereira Ribeiro (Leoz\u00e3o)", "texto_original": "http://sapl.pedroleopoldo.mg.leg.br/media/sapl/public/materialegislativa/2022/20530/indicacao_no_231-2022_ver._leonardo_pereira_ribeiro.pdf", "ementa": "No uso de minhas atribui\u00e7\u00f5es regimentais, indico \u00e0 Vossa Excelent\u00edssima Senhora Prefeita solicitar ao setor competente a tomar as medidas cab\u00edveis, para providenciar o congelamento e a corre\u00e7\u00e3o do IPTU e ITBI no munic\u00edpio de Pedro Leopoldo, impedindo o reajuste da tabela."}, {"id": "20531", "ano": "2022", "numero": "232", "tipo__sigla": "IND", "tipo__descricao": "Indica\u00e7\u00e3o", "autoria": "Leonardo Pereira Ribeiro (Leoz\u00e3o)", "texto_original": "http://sapl.pedroleopoldo.mg.leg.br/media/sapl/public/materialegislativa/2022/20531/indicacao_no_232-2022_ver._leonardo_pereira_ribeiro.pdf", "ementa": "No uso de minhas atribui\u00e7\u00f5es regimentais, indico \u00e0 Vossa Excelent\u00edssima Senhora Prefeita solicitar ao setor competente tomar as medidas cab\u00edveis, para providenciar o recapeamento asf\u00e1ltico em toda a extens\u00e3o da Rua S\u00e3o Geraldo, no Distrito Lagoa de Santo Ant\u00f4nio."}, {"id": "20581", "ano": "2022", "numero": "233", "tipo__sigla": "IND", "tipo__descricao": "Indica\u00e7\u00e3o", "autoria": "Frederico Henrique Cota Alves (Fred Piau)", "texto_original": "http://sapl.pedroleopoldo.mg.leg.br/media/sapl/public/materialegislativa/2022/20581/indicacao_no_233-2022_ver._frederico_henrique_cota_alves.pdf", "ementa": "No uso de minhas atribui\u00e7\u00f5es regimentais, indico \u00e0 Vossa Excelent\u00edssima Senhora Prefeita determinar ao setor competente interven\u00e7\u00f5es para melhoria e mais seguran\u00e7a no tr\u00e2nsito do entroncamento das Ruas Olivier Teixeira, Progresso e Expedicion\u00e1rio Raimundo Nogueira da Cruz, pr\u00f3ximo ao Hospital Municipal Francisco Gon\u00e7alves. De imediato j\u00e1 sugiro as seguintes interven\u00e7\u00f5es: \r\n\u2022\tInstala\u00e7\u00e3o de placas;\r\n\u2022\tSinaliza\u00e7\u00e3o horizontal da via;\r\n\u2022\tMelhoria da ilumina\u00e7\u00e3o;\r\n\u2022\tPintura de uma faixa de pedestres e\r\n\u2022\tConstru\u00e7\u00e3o de uma rotat\u00f3ria."}, {"id": "20582", "ano": "2022", "numero": "234", "tipo__sigla": "IND", "tipo__descricao": "Indica\u00e7\u00e3o", "autoria": "Rafael Vieira Faria (Rafa)", "texto_original": "http://sapl.pedroleopoldo.mg.leg.br/media/sapl/public/materialegislativa/2022/20582/indicacao_no_234-2022_ver._rafael_vieira_faria.pdf", "ementa": "No uso de minhas atribui\u00e7\u00f5es, a inclus\u00e3o de artigo nos atos normativos de licita\u00e7\u00e3o priorizado as pequenas e m\u00e9dias empresas com sede no munic\u00edpio no momento da licita\u00e7\u00e3o."}, {"id": "20583", "ano": "2022", "numero": "235", "tipo__sigla": "IND", "tipo__descricao": "Indica\u00e7\u00e3o", "autoria": "Rafael Vieira Faria (Rafa)", "texto_original": "http://sapl.pedroleopoldo.mg.leg.br/media/sapl/public/materialegislativa/2022/20583/indicacao_no_235-2022_ver._rafael_vieira_faria.pdf", "ementa": "No uso de minhas atribui\u00e7\u00f5es regimentais, indico a Excelent\u00edssima Senhora Prefeita determinar ao Setor Competente providenciar  a cria\u00e7\u00e3o da Galeria do Esporte."}, {"id": "20584", "ano": "2022", "numero": "236", "tipo__sigla": "IND", "tipo__descricao": "Indica\u00e7\u00e3o", "autoria": "Eldir Jos\u00e9 Batista (Baixinho da Garagem)", "texto_original": "http://sapl.pedroleopoldo.mg.leg.br/media/sapl/public/materialegislativa/2022/20584/indicacao_no_236-2022_ver._eldir_jose_batista.pdf", "ementa": "No uso de minhas atribui\u00e7\u00f5es regimentais, indico \u00e0 Vossa Excelent\u00edssima Senhora Prefeita solicitar ao setor competente providenciar o pagamento do piso salarial do Enfermeiro, do T\u00e9cnico de Enfermagem, do Auxiliar de Enfermagem, conforme valores institu\u00eddos pela Lei Federal 14.434, de 4 de agosto de 2022."}, {"id": "20585", "ano": "2022", "numero": "237", "tipo__sigla": "IND", "tipo__descricao": "Indica\u00e7\u00e3o", "autoria": "Rafael Vieira Faria (Rafa)", "texto_original": "http://sapl.pedroleopoldo.mg.leg.br/media/sapl/public/materialegislativa/2022/20585/indicacao_no_237-2022_ver._rafael_vieira_faria.pdf", "ementa": "No uso de minhas atribui\u00e7\u00f5es regimentais, indico a Excelent\u00edssima Senhora Prefeita determinar ao Setor Competente providenciar a substitui\u00e7\u00e3o de l\u00e2mpadas convencionais de vapor de merc\u00fario por l\u00e2mpadas de LED nas seguintes Ruas do Bairro Agenor Teixeira: Av. Coletora, Rua Elvira, Rua Maria Raimunda F\u00e9lix e Rua Jos\u00e9 dos Santos Moreira."}, {"id": "20586", "ano": "2022", "numero": "238", "tipo__sigla": "IND", "tipo__descricao": "Indica\u00e7\u00e3o", "autoria": "Rafael Vieira Faria (Rafa)", "texto_original": "http://sapl.pedroleopoldo.mg.leg.br/media/sapl/public/materialegislativa/2022/20586/indicacao_no_238-2022_ver._rafael_vieira_faria.pdf", "ementa": "No uso de minhas atribui\u00e7\u00f5es regimentais, indico a Excelent\u00edssima Senhora Prefeita determinar ao Setor Competente providenciar a substitui\u00e7\u00e3o de l\u00e2mpadas convencionais de vapor de merc\u00fario por l\u00e2mpadas de LED, na Rua Professora Reginalda de Oliveira, no Bairro Maria de Lourdes."}, {"id": "20587", "ano": "2022", "numero": "239", "tipo__sigla": "IND", "tipo__descricao": "Indica\u00e7\u00e3o", "autoria": "Rafael Vieira Faria (Rafa)", "texto_original": "http://sapl.pedroleopoldo.mg.leg.br/media/sapl/public/materialegislativa/2022/20587/indicacao_no_239-2022_ver._rafael_vieira_faria.pdf", "ementa": "No uso de minhas atribui\u00e7\u00f5es regimentais, indico \u00e0 Vossa Excelent\u00edssima Senhora Prefeita determinar ao setor competente a sinaliza\u00e7\u00e3o de tr\u00e2nsito na Avenida Levir Teixeira, instalando placas verticais indicativas de velocidade m\u00e1xima, curva em \"S\" e orientando condutores sobre acessos \u00e0 BR424, centro da Cidade etc., e, sucessivamente, a sinaliza\u00e7\u00e3o horizontal no asfalto de faixa tracejada e continua."}, {"id": "20602", "ano": "2022", "numero": "240", "tipo__sigla": "IND", "tipo__descricao": "Indica\u00e7\u00e3o", "autoria": "Frederico Henrique Cota Alves (Fred Piau)", "texto_original": "http://sapl.pedroleopoldo.mg.leg.br/media/sapl/public/materialegislativa/2022/20602/indicacao_mocao_no_240-2022_-_frederico_henrique_cota_alves.pdf", "ementa": "No uso de minhas atribui\u00e7\u00f5es regimentais, indico \u00e0 Vossa Excel\u00eancia conceder Mo\u00e7\u00e3o de Parab\u00e9ns ao Pedroleopoldense Rafael Luiz Reis Costa (Rafinha), vocalista da Banda Altastral pelos seus 20 anos de carreira."}, {"id": "20603", "ano": "2022", "numero": "241", "tipo__sigla": "IND", "tipo__descricao": "Indica\u00e7\u00e3o", "autoria": "Frederico Henrique Cota Alves (Fred Piau)", "texto_original": "http://sapl.pedroleopoldo.mg.leg.br/media/sapl/public/materialegislativa/2022/20603/indicacao_241-22_-_ver._fred.pdf", "ementa": "No uso de minhas atribui\u00e7\u00f5es regimentais, indico \u00e0 Excelent\u00edssima Senhora Prefeita determinar ao setor competente providenciar a limpeza dos bueiros da Rua Pergentino de Souza no Bairro Teoth\u00f4nio Batista de Freitas, neste Munic\u00edpio."}, {"id": "20604", "ano": "2022", "numero": "242", "tipo__sigla": "IND", "tipo__descricao": "Indica\u00e7\u00e3o", "autoria": "Frederico Henrique Cota Alves (Fred Piau)", "texto_original": "http://sapl.pedroleopoldo.mg.leg.br/media/sapl/public/materialegislativa/2022/20604/indicacao_242-22_-_ver._fred.pdf", "ementa": "No uso de minhas atribui\u00e7\u00f5es regimentais, indico \u00e0 Excelent\u00edssima Senhora Prefeita determinar ao setor competente providenciar a implanta\u00e7\u00e3o de ca\u00e7amba de lixo semanal em Quinta das Palmeiras."}, {"id": "20605", "ano": "2022", "numero": "243", "tipo__sigla": "IND", "tipo__descricao": "Indica\u00e7\u00e3o", "autoria": "Rafael Vieira Faria (Rafa)", "texto_original": "http://sapl.pedroleopoldo.mg.leg.br/media/sapl/public/materialegislativa/2022/20605/indicacao_243-22_-_ver._rafael.pdf", "ementa": "No uso de minhas atribui\u00e7\u00f5es regimentais, indico \u00e0 Excelent\u00edssima Senhora Prefeita determinar ao setor competente providenciar o remanejamento do biciclet\u00e1rio ou paraciclo, retirando-o da lateral da edifica\u00e7\u00e3o do Centro Poliesportivo de Pedro Leopoldo - CEPPEL - e reinstalando em frente \u00e0 entrada principal onde haver\u00e1 melhor visibilidade e vigil\u00e2ncia, coibindo os furtos de bicicletas."}, {"id": "20606", "ano": "2022", "numero": "244", "tipo__sigla": "IND", "tipo__descricao": "Indica\u00e7\u00e3o", "autoria": "Rafael Vieira Faria (Rafa)", "texto_original": "http://sapl.pedroleopoldo.mg.leg.br/media/sapl/public/materialegislativa/2022/20606/indicacao_244-22_-_ver._rafael.pdf", "ementa": "No uso de minhas atribui\u00e7\u00f5es regimentais, indico \u00e0 Excelent\u00edssima Senhora Prefeita determinar ao setor competente providenciar a substitui\u00e7\u00e3o de l\u00e2mpadas de vapor de merc\u00fario por l\u00e2mpadas de LED, na Rua Jos\u00e9 Pereira de Souza, no Bairro Parque Agenor Teixeira."}, {"id": "20607", "ano": "2022", "numero": "245", "tipo__sigla": "IND", "tipo__descricao": "Indica\u00e7\u00e3o", "autoria": "Rafael Vieira Faria (Rafa)", "texto_original": "http://sapl.pedroleopoldo.mg.leg.br/media/sapl/public/materialegislativa/2022/20607/indicacao_245-22_-_ver._rafael.pdf", "ementa": "No uso de minhas atribui\u00e7\u00f5es regimentais, indico \u00e0 Excelent\u00edssima Senhora Prefeita determinar ao setor competente providenciar a substitui\u00e7\u00e3o de l\u00e2mpadas de vapor de merc\u00fario por l\u00e2mpadas de LED, na Rua Nico de Pedroca, no Bairro Parque Agenor Teixeira."}, {"id": "20608", "ano": "2022", "numero": "246", "tipo__sigla": "IND", "tipo__descricao": "Indica\u00e7\u00e3o", "autoria": "Frederico Henrique Cota Alves (Fred Piau)", "texto_original": "http://sapl.pedroleopoldo.mg.leg.br/media/sapl/public/materialegislativa/2022/20608/indicacao_246-2022_-_frederico_-_batalha_rap.doc", "ementa": "No uso de minhas atribui\u00e7\u00f5es regimentais, indico \u00e0 Excelent\u00edssima Senhora Prefeita determinar ao setor competente providenciar a cria\u00e7\u00e3o de um Evento anual de Batalha de Rap, neste munic\u00edpio."}, {"id": "20609", "ano": "2022", "numero": "247", "tipo__sigla": "IND", "tipo__descricao": "Indica\u00e7\u00e3o", "autoria": "Jos\u00e9 Justino Pires Damaso", "texto_original": "http://sapl.pedroleopoldo.mg.leg.br/media/sapl/public/materialegislativa/2022/20609/indicacao_247-22_-_ver._jose_justino.pdf", "ementa": "No uso de minhas atribui\u00e7\u00f5es regimentais, indico \u00e0 Excelent\u00edssima Senhora Prefeita determinar ao setor competente providenciar adequar as normas do c\u00f3digo de Tr\u00e2nsito Brasileiro, no trevo de acesso do Bairro Teot\u00f4nio Batista de Freitas pela Avenida Camilo Alves."}, {"id": "20618", "ano": "2022", "numero": "248", "tipo__sigla": "IND", "tipo__descricao": "Indica\u00e7\u00e3o", "autoria": "Frederico Henrique Cota Alves (Fred Piau)", "texto_original": "http://sapl.pedroleopoldo.mg.leg.br/media/sapl/public/materialegislativa/2022/20618/indicacao_248-22_-_ver._fred.pdf", "ementa": "No uso de minhas atribui\u00e7\u00f5es regimentais, indico \u00e0 Excelent\u00edssima Senhora Prefeita determinar ao setor competente melhorias na sinaliza\u00e7\u00e3o dos estacionamentos da Rua Comendador Ant\u00f4nio Alves e do Terminal Rodovi\u00e1rio Municipal."}, {"id": "20619", "ano": "2022", "numero": "249", "tipo__sigla": "IND", "tipo__descricao": "Indica\u00e7\u00e3o", "autoria": "Frederico Henrique Cota Alves (Fred Piau)", "texto_original": "http://sapl.pedroleopoldo.mg.leg.br/media/sapl/public/materialegislativa/2022/20619/indicacao_249-22_-_ver._fred.pdf", "ementa": "No uso de minhas atribui\u00e7\u00f5es regimentais, indico \u00e0 Excelent\u00edssima Senhora Prefeita determinar ao setor competente instalar grades de prote\u00e7\u00e3o no entorno do Terminal Rodovi\u00e1rio, neste Munic\u00edpio."}, {"id": "20620", "ano": "2022", "numero": "250", "tipo__sigla": "IND", "tipo__descricao": "Indica\u00e7\u00e3o", "autoria": "Frederico Henrique Cota Alves (Fred Piau)", "texto_original": "http://sapl.pedroleopoldo.mg.leg.br/media/sapl/public/materialegislativa/2022/20620/indicacao_250-22_-_ver._fred.pdf", "ementa": "No uso de minhas atribui\u00e7\u00f5es regimentais, indico \u00e0 Excelent\u00edssima Senhora Prefeita determinar ao setor competente a instala\u00e7\u00e3o de tr\u00eas pontos de \u00f4nibus no Bairro Morada dos Angicos, na Rua Cruzeiro, que percorre todo o bairro."}, {"id": "20621", "ano": "2022", "numero": "251", "tipo__sigla": "IND", "tipo__descricao": "Indica\u00e7\u00e3o", "autoria": "Frederico Henrique Cota Alves (Fred Piau)", "texto_original": "http://sapl.pedroleopoldo.mg.leg.br/media/sapl/public/materialegislativa/2022/20621/indicacao_251-22_-_ver._fred.pdf", "ementa": "No uso de minhas atribui\u00e7\u00f5es regimentais, indico \u00e0 Excelent\u00edssima Senhora Prefeita determinar ao setor competente a realiza\u00e7\u00e3o da Conferencia Municipal de Esporte, neste ano"}, {"id": "20622", "ano": "2022", "numero": "252", "tipo__sigla": "IND", "tipo__descricao": "Indica\u00e7\u00e3o", "autoria": "Guilherme de Lima Braga (Guilherme do Doce)", "texto_original": "http://sapl.pedroleopoldo.mg.leg.br/media/sapl/public/materialegislativa/2022/20622/indicacao_252-22_-_ver._guilherme.pdf", "ementa": "No uso de minhas atribui\u00e7\u00f5es regimentais, indico \u00e0 Excelent\u00edssima Senhora Prefeita determinar ao setor competente o recapeamento da Av. Agenor Teixeira da Costa, no Bairro Parque Andiara."}, {"id": "20623", "ano": "2022", "numero": "253", "tipo__sigla": "IND", "tipo__descricao": "Indica\u00e7\u00e3o", "autoria": "Rafael Vieira Faria (Rafa)", "texto_original": "http://sapl.pedroleopoldo.mg.leg.br/media/sapl/public/materialegislativa/2022/20623/indicacao_253-22_-_ver._rafael.pdf", "ementa": "Eu, Rafael Vieira Faria, Vereador do Munic\u00edpio de Pedro Leopoldo, venho, no uso de minhas atribui\u00e7\u00f5es, na forma do artigo 129 e 130 do regimento interno, apresentar INDICA\u00c7\u00c3O, sugerindo constru\u00e7\u00e3o de uma faixa elevada para  a travessia de pedestres, conforme justificativa em anexo, e solicito \u00e0 Vossa Excel\u00eancia que a presente indica\u00e7\u00e3o seja submetida \u00e0 aprecia\u00e7\u00e3o do Plen\u00e1rio, e, em sendo aprovada, que seja encaminhado ao poder Executivo Municipal, na pessoa da excelent\u00edssima Prefeita Eloisa Helena Carvalho de Freitas Pereira, o of\u00edcio no prazo de dez dias, consoante ao disposto no \u00a75\u00ba do artigo 129 do regimento interno."}, {"id": "20624", "ano": "2022", "numero": "254", "tipo__sigla": "IND", "tipo__descricao": "Indica\u00e7\u00e3o", "autoria": "Rafael Vieira Faria (Rafa)", "texto_original": "http://sapl.pedroleopoldo.mg.leg.br/media/sapl/public/materialegislativa/2022/20624/indicacao_254-22_-_ver._rafael.pdf", "ementa": "Eu, Rafael Vieira Faria, Vereador do Munic\u00edpio de Pedro Leopoldo, venho, no uso de minhas atribui\u00e7\u00f5es, na forma do artigo 129 e 130 do regimento interno, apresentar INDICA\u00c7\u00c3O, sugerindo substituir l\u00e2mpadas de vapor de merc\u00fario por l\u00e2mpadas de LED na Rua Luiz Rei de Fran\u00e7a, conforme justificativa em anexo, e solicito \u00e0 Vossa Excel\u00eancia que a presente indica\u00e7\u00e3o seja submetida \u00e0 aprecia\u00e7\u00e3o do Plen\u00e1rio, e, em sendo aprovada, que seja encaminhado ao poder Executivo Municipal, na pessoa da excelent\u00edssima Prefeita Eloisa Helena Carvalho de Freitas Pereira, o of\u00edcio no prazo de dez dias, consoante ao disposto no \u00a75\u00ba do artigo 129 do regimento interno."}, {"id": "20635", "ano": "2022", "numero": "255", "tipo__sigla": "IND", "tipo__descricao": "Indica\u00e7\u00e3o", "autoria": "Rafael Vieira Faria (Rafa)", "texto_original": "http://sapl.pedroleopoldo.mg.leg.br/media/sapl/public/materialegislativa/2022/20635/indicacao_255-22_-_ver._rafael.pdf", "ementa": "Indica a substitui\u00e7\u00e3o de l\u00e2mpadas convencionais de vapor de merc\u00fario por l\u00e2mpadas de LED na Rua Elvira Michelin, no Bairro Parque Agenor Teixeira."}, {"id": "20636", "ano": "2022", "numero": "256", "tipo__sigla": "IND", "tipo__descricao": "Indica\u00e7\u00e3o", "autoria": "Rafael Vieira Faria (Rafa)", "texto_original": "http://sapl.pedroleopoldo.mg.leg.br/media/sapl/public/materialegislativa/2022/20636/indicacao_256-22_-_ver._rafael.pdf", "ementa": "Indica a substitui\u00e7\u00e3o de l\u00e2mpadas convencionais de vapor de merc\u00fario por l\u00e2mpadas de LED na Rua Mois\u00e9s Oliveira, no Bairro Parque Agenor Teixeira."}, {"id": "20637", "ano": "2022", "numero": "257", "tipo__sigla": "IND", "tipo__descricao": "Indica\u00e7\u00e3o", "autoria": "Rafael Vieira Faria (Rafa)", "texto_original": "http://sapl.pedroleopoldo.mg.leg.br/media/sapl/public/materialegislativa/2022/20637/indicacao_257-22_-_ver._rafael.pdf", "ementa": "Indica a substitui\u00e7\u00e3o de l\u00e2mpadas convencionais de vapor de merc\u00fario por l\u00e2mpadas de LED, na Rua Tito Mendes, no Bairro Parque Agenor Teixeira."}, {"id": "20638", "ano": "2022", "numero": "258", "tipo__sigla": "IND", "tipo__descricao": "Indica\u00e7\u00e3o", "autoria": "Frederico Henrique Cota Alves (Fred Piau)", "texto_original": "http://sapl.pedroleopoldo.mg.leg.br/media/sapl/public/materialegislativa/2022/20638/indicacao_258-22_-_ver._fred.pdf", "ementa": "Indica melhorias na acessibilidade de pedestres e no tr\u00e2nsito nas portas das Escolas: Municipal Dona Carmem Barroso, Evary de Campos, Cantinho Feliz, Dr. Cristiano Otoni, Heitor Claudio de Sales, Izabel Gomes, Jandirinha Sales Joviano, Jos\u00e9 Elias da Costa, Jos\u00e9 Pedro Filho, Matos, Inhazinha Carvalho, Pedro Leopoldo, Raimundo Salvador da Silva e Rosalino Marques dos Reis; Estaduais: Imaculada Concei\u00e7\u00e3o, Fazenda Modelo, Magno Claret Vieira e Dr. J\u00falio C\u00e9sar de Vasconcelos, bem como, separar vagas para embarque e desembarque de Ve\u00edculos de Transporte Escolar na sa\u00edda das mesmas."}, {"id": "20645", "ano": "2022", "numero": "259", "tipo__sigla": "IND", "tipo__descricao": "Indica\u00e7\u00e3o", "autoria": "Rafael Vieira Faria (Rafa)", "texto_original": "http://sapl.pedroleopoldo.mg.leg.br/media/sapl/public/materialegislativa/2022/20645/indicacao_no_259-2022_-_rafael_vieira_faria.pdf", "ementa": "Indica a substitui\u00e7\u00e3o de l\u00e2mpadas convencionais de vapor de merc\u00fario por l\u00e2mpadas de LED na Avenida Riachinho, no Bairro Maria de Lourdes."}, {"id": "20646", "ano": "2022", "numero": "260", "tipo__sigla": "IND", "tipo__descricao": "Indica\u00e7\u00e3o", "autoria": "Rafael Vieira Faria (Rafa)", "texto_original": "http://sapl.pedroleopoldo.mg.leg.br/media/sapl/public/materialegislativa/2022/20646/indicacao_no_260-2022_-_rafael_vieira_faria.pdf", "ementa": "Indica a substitui\u00e7\u00e3o de l\u00e2mpadas convencionais de vapor de merc\u00fario por l\u00e2mpadas de LED na Rua Professora Beatriz, no Bairro Maria de Lourdes."}, {"id": "20647", "ano": "2022", "numero": "261", "tipo__sigla": "IND", "tipo__descricao": "Indica\u00e7\u00e3o", "autoria": "Rafael Vieira Faria (Rafa)", "texto_original": "http://sapl.pedroleopoldo.mg.leg.br/media/sapl/public/materialegislativa/2022/20647/indicacao_no_261-2022_-_rafael_vieira_faria.pdf", "ementa": "Indica o recapeamento da Rua Professora Efig\u00eania Barbosa Ribeiro em toda a sua extens\u00e3o, removendo os buracos, devolvendo a qualidade de tr\u00e1fego, levando mais qualidade de vida \u00e0s pessoas."}, {"id": "20648", "ano": "2022", "numero": "262", "tipo__sigla": "IND", "tipo__descricao": "Indica\u00e7\u00e3o", "autoria": "Rafael Vieira Faria (Rafa)", "texto_original": "http://sapl.pedroleopoldo.mg.leg.br/media/sapl/public/materialegislativa/2022/20648/indicacao_no_262-2022_-_rafael_vieira_faria.pdf", "ementa": "Indica a constru\u00e7\u00e3o de uma rede de \u00e1guas pluviais, instalando bocas de lobos, direcionando as \u00e1guas pluviais para o c\u00f3rrego pr\u00f3ximo \u00e0 Rua Jos\u00e9 Rosa de Oliveira, CEP 33257-070, no Bairro Santo Ant\u00f4nio da Barra."}, {"id": "20649", "ano": "2022", "numero": "263", "tipo__sigla": "IND", "tipo__descricao": "Indica\u00e7\u00e3o", "autoria": "Rafael Vieira Faria (Rafa)", "texto_original": "http://sapl.pedroleopoldo.mg.leg.br/media/sapl/public/materialegislativa/2022/20649/indicacao_no_263-2022_-_rafael_vieira_faria.pdf", "ementa": "Indica a duplica\u00e7\u00e3o da Avenida Camilo Alves no trecho entre os Bairros Teot\u00f4nio Batista de Freitas e Novo Campinho, ligando os bairros Felipe Claudio e a MG 424."}, {"id": "20650", "ano": "2022", "numero": "264", "tipo__sigla": "IND", "tipo__descricao": "Indica\u00e7\u00e3o", "autoria": "Guilherme de Lima Braga (Guilherme do Doce)", "texto_original": "http://sapl.pedroleopoldo.mg.leg.br/media/sapl/public/materialegislativa/2022/20650/indicacao_no_264-2022_-_guilherme_de_lima_braga.pdf", "ementa": "Indica a pavimenta\u00e7\u00e3o asf\u00e1ltica na Rua Raimundo Rafael dos Anjos (Rua do Cerado), no Distrito de Fidalgo, neste Munic\u00edpio."}, {"id": "20651", "ano": "2022", "numero": "265", "tipo__sigla": "IND", "tipo__descricao": "Indica\u00e7\u00e3o", "autoria": "Guilherme de Lima Braga (Guilherme do Doce)", "texto_original": "http://sapl.pedroleopoldo.mg.leg.br/media/sapl/public/materialegislativa/2022/20651/indicacao_no_265-2022_-_guilherme_de_lima_braga.pdf", "ementa": "Indica opera\u00e7\u00e3o tapa-buracos na Rua S\u00edlvio Bahia, Centro, neste Munic\u00edpio."}, {"id": "20652", "ano": "2022", "numero": "266", "tipo__sigla": "IND", "tipo__descricao": "Indica\u00e7\u00e3o", "autoria": "Frederico Henrique Cota Alves (Fred Piau)", "texto_original": "http://sapl.pedroleopoldo.mg.leg.br/media/sapl/public/materialegislativa/2022/20652/indicacao_no_266-2022_-_frederico_henrique_cota_alves.pdf", "ementa": "Indica a constru\u00e7\u00e3o de parquinho para crian\u00e7as, na Pra\u00e7a Tancredo neves, Centro, neste Munic\u00edpio."}, {"id": "20653", "ano": "2022", "numero": "267", "tipo__sigla": "IND", "tipo__descricao": "Indica\u00e7\u00e3o", "autoria": "Frederico Henrique Cota Alves (Fred Piau)", "texto_original": "http://sapl.pedroleopoldo.mg.leg.br/media/sapl/public/materialegislativa/2022/20653/indicacao_no_267-2022_-_frederico_henrique_cota_alves.pdf", "ementa": "Indica realizar campanha de incentivo \u00e0 ado\u00e7\u00e3o de animais, com cadastros dos novos tutores e cart\u00e3o de vacina do animal."}, {"id": "20654", "ano": "2022", "numero": "268", "tipo__sigla": "IND", "tipo__descricao": "Indica\u00e7\u00e3o", "autoria": "Frederico Henrique Cota Alves (Fred Piau)", "texto_original": "http://sapl.pedroleopoldo.mg.leg.br/media/sapl/public/materialegislativa/2022/20654/indicacao_no_268-2022_-_frederico_henrique_cota_alves.pdf", "ementa": "Indica a cria\u00e7\u00e3o de um circuito de atividades similar ao da pista de cooper da Fazenda Modelo, na pista de caminhada do Bairro Andyara."}, {"id": "20655", "ano": "2022", "numero": "269", "tipo__sigla": "IND", "tipo__descricao": "Indica\u00e7\u00e3o", "autoria": "Frederico Henrique Cota Alves (Fred Piau)", "texto_original": "http://sapl.pedroleopoldo.mg.leg.br/media/sapl/public/materialegislativa/2022/20655/indicacao_no_269-2022_-_frederico_henrique_cota_alves.pdf", "ementa": "Indica que a pr\u00f3xima lei sobre isen\u00e7\u00f5es no pagamento do Imposto sobre a Propriedade Predial e Territorial Urbana \u2013 IPTU \u2013 permita a isen\u00e7\u00e3o no montante de 100% do valor lan\u00e7ado, em rela\u00e7\u00e3o aos im\u00f3veis cujos propriet\u00e1rios sejam portadores das doen\u00e7as graves j\u00e1 descritas nas leis anteriores."}, {"id": "20656", "ano": "2022", "numero": "270", "tipo__sigla": "IND", "tipo__descricao": "Indica\u00e7\u00e3o", "autoria": "Frederico Henrique Cota Alves (Fred Piau)", "texto_original": "http://sapl.pedroleopoldo.mg.leg.br/media/sapl/public/materialegislativa/2022/20656/indicacao_no_270-2022_-_frederico_henrique_cota_alves.pdf", "ementa": "Indica a limpeza do lote da obra da Unidade B\u00e1sica de Sa\u00fade (UBS) Magalh\u00e3es."}, {"id": "20657", "ano": "2022", "numero": "271", "tipo__sigla": "IND", "tipo__descricao": "Indica\u00e7\u00e3o", "autoria": "Leonardo Pereira Ribeiro (Leoz\u00e3o)", "texto_original": "http://sapl.pedroleopoldo.mg.leg.br/media/sapl/public/materialegislativa/2022/20657/indicacao_no_271-2022_-_leonardo_pereira_ribeiro.pdf", "ementa": "Indica a instala\u00e7\u00e3o de um redutor de velocidade na Av. Vereador Magno Claret Vieira, em frente ao n\u00famero 2700, no Bairro Lagoa de Santo Ant\u00f4nio.\r\nquebra molas, lombada"}, {"id": "20658", "ano": "2022", "numero": "272", "tipo__sigla": "IND", "tipo__descricao": "Indica\u00e7\u00e3o", "autoria": "Leonardo Pereira Ribeiro (Leoz\u00e3o)", "texto_original": "http://sapl.pedroleopoldo.mg.leg.br/media/sapl/public/materialegislativa/2022/20658/indicacao_no_272-2022_-_leonardo_pereira_ribeiro.pdf", "ementa": "Indica a instala\u00e7\u00e3o de uma faixa elevada em frente ao Col\u00e9gio Clita Batista, na Rua Benedito Valadares, 187 - Centro.\r\npedestre"}, {"id": "20659", "ano": "2022", "numero": "273", "tipo__sigla": "IND", "tipo__descricao": "Indica\u00e7\u00e3o", "autoria": "Guilherme de Lima Braga (Guilherme do Doce)", "texto_original": "http://sapl.pedroleopoldo.mg.leg.br/media/sapl/public/materialegislativa/2022/20659/indicacao_no_273-2022_-_guilherme_de_lima_braga.pdf", "ementa": "Indica a instala\u00e7\u00e3o de um bebedouro na Capela Vel\u00f3rio do Distrito de Vera Cruz de Minas, neste Munic\u00edpio."}, {"id": "20677", "ano": "2022", "numero": "274", "tipo__sigla": "IND", "tipo__descricao": "Indica\u00e7\u00e3o", "autoria": "Jos\u00e9 Justino Pires Damaso", "texto_original": "http://sapl.pedroleopoldo.mg.leg.br/media/", "ementa": "Indica o recapeamento da Rua Mestre Roque, no Distrito de Dr. Lund."}, {"id": "20682", "ano": "2022", "numero": "275", "tipo__sigla": "IND", "tipo__descricao": "Indica\u00e7\u00e3o", "autoria": "Eldir Jos\u00e9 Batista (Baixinho da Garagem)", "texto_original": "http://sapl.pedroleopoldo.mg.leg.br/media/sapl/public/materialegislativa/2022/20682/indicacao_no_275-2022_-_eldir_jose_batista.pdf", "ementa": "Indica conceder Mo\u00e7\u00e3o de Parab\u00e9ns ao Pedroleopoldense Celso Luiz Sim\u00f5es."}, {"id": "20683", "ano": "2022", "numero": "276", "tipo__sigla": "IND", "tipo__descricao": "Indica\u00e7\u00e3o", "autoria": "Frederico Henrique Cota Alves (Fred Piau)", "texto_original": "http://sapl.pedroleopoldo.mg.leg.br/media/sapl/public/materialegislativa/2022/20683/indicacao_276-22_-_ver._frederico.pdf", "ementa": "Indica a constru\u00e7\u00e3o de passeio e meio fio em frente \u00e0 Escola Municipal Santo Ant\u00f4nio da Barra."}, {"id": "20684", "ano": "2022", "numero": "277", "tipo__sigla": "IND", "tipo__descricao": "Indica\u00e7\u00e3o", "autoria": "Frederico Henrique Cota Alves (Fred Piau)", "texto_original": "http://sapl.pedroleopoldo.mg.leg.br/media/sapl/public/materialegislativa/2022/20684/indicacao_277-22_-_ver._frederico.pdf", "ementa": "Indica a manuten\u00e7\u00e3o preventiva trimestral na pista de Skate Luiz Eust\u00e1quio Ferreira (Luizinho Boc\u00e3o)."}, {"id": "20685", "ano": "2022", "numero": "278", "tipo__sigla": "IND", "tipo__descricao": "Indica\u00e7\u00e3o", "autoria": "Frederico Henrique Cota Alves (Fred Piau)", "texto_original": "http://sapl.pedroleopoldo.mg.leg.br/media/sapl/public/materialegislativa/2022/20685/indicacao_278-22_-_ver._frederico.pdf", "ementa": "Indica a constru\u00e7\u00e3o de passeio na Rua Jo\u00e3o Teodoro da Silva, pr\u00f3ximo a APAE, no Bairro S\u00e3o Geraldo, neste Munic\u00edpio."}, {"id": "20686", "ano": "2022", "numero": "279", "tipo__sigla": "IND", "tipo__descricao": "Indica\u00e7\u00e3o", "autoria": "Frederico Henrique Cota Alves (Fred Piau)", "texto_original": "http://sapl.pedroleopoldo.mg.leg.br/media/sapl/public/materialegislativa/2022/20686/indicacao_279-22_-_ver._frederico.pdf", "ementa": "Indica a revitaliza\u00e7\u00e3o do passeio da Escola Estadual Dr. J\u00falio Cesar Vasconcelos, localizada no Bairro S\u00e3o Geraldo."}, {"id": "20687", "ano": "2022", "numero": "280", "tipo__sigla": "IND", "tipo__descricao": "Indica\u00e7\u00e3o", "autoria": "Frederico Henrique Cota Alves (Fred Piau)", "texto_original": "http://sapl.pedroleopoldo.mg.leg.br/media/sapl/public/materialegislativa/2022/20687/indicacao_280-22_-_ver._frederico.pdf", "ementa": "Indica a constru\u00e7\u00e3o de uma faixa de pedestre elevada em frente ao Centro Poliesportivo de Pedro Leopoldo (CEPPEL)."}, {"id": "20688", "ano": "2022", "numero": "281", "tipo__sigla": "IND", "tipo__descricao": "Indica\u00e7\u00e3o", "autoria": "Leonardo Pereira Ribeiro (Leoz\u00e3o)", "texto_original": "http://sapl.pedroleopoldo.mg.leg.br/media/sapl/public/materialegislativa/2022/20688/indicacao_281-22_-_ver._leonardo.pdf", "ementa": "Indica opera\u00e7\u00e3o tapa buraco na Rua Sebasti\u00e3o Andrade, 170 -  Ad\u00e9lia Issa."}, {"id": "20689", "ano": "2022", "numero": "282", "tipo__sigla": "IND", "tipo__descricao": "Indica\u00e7\u00e3o", "autoria": "Rafael Vieira Faria (Rafa)", "texto_original": "http://sapl.pedroleopoldo.mg.leg.br/media/sapl/public/materialegislativa/2022/20689/indicacao_282-22_-_ver._rafael.pdf", "ementa": "Indica a instala\u00e7\u00e3o de uma academia ao ar livre, no Bairro Jardin\u00f3polis."}, {"id": "20690", "ano": "2022", "numero": "283", "tipo__sigla": "IND", "tipo__descricao": "Indica\u00e7\u00e3o", "autoria": "Leonardo Pereira Ribeiro (Leoz\u00e3o)", "texto_original": "http://sapl.pedroleopoldo.mg.leg.br/media/sapl/public/materialegislativa/2022/20690/indicacao_283-22_-_ver._leonardo.pdf", "ementa": "Indica a reabertura da unidade do Instituto M\u00e9dico Legal (IML) no munic\u00edpio."}, {"id": "20715", "ano": "2022", "numero": "284", "tipo__sigla": "IND", "tipo__descricao": "Indica\u00e7\u00e3o", "autoria": "Guilherme de Lima Braga (Guilherme do Doce)", "texto_original": "http://sapl.pedroleopoldo.mg.leg.br/media/sapl/public/materialegislativa/2022/20715/indicacao_284-22_-_guilherme.pdf", "ementa": "Indica o recapeamento asf\u00e1ltico da Rua Lateral, na altura do n\u00famero 1.671, Centro, neste Munic\u00edpio."}, {"id": "20716", "ano": "2022", "numero": "285", "tipo__sigla": "IND", "tipo__descricao": "Indica\u00e7\u00e3o", "autoria": "Frederico Henrique Cota Alves (Fred Piau)", "texto_original": "http://sapl.pedroleopoldo.mg.leg.br/media/sapl/public/materialegislativa/2022/20716/indicacao_285-22_-_ver._frederico.pdf", "ementa": "Indica a realiza\u00e7\u00e3o de uma Confer\u00eancia Municipal de Cultura, neste ano."}, {"id": "20717", "ano": "2022", "numero": "286", "tipo__sigla": "IND", "tipo__descricao": "Indica\u00e7\u00e3o", "autoria": "Frederico Henrique Cota Alves (Fred Piau)", "texto_original": "http://sapl.pedroleopoldo.mg.leg.br/media/sapl/public/materialegislativa/2022/20717/indicacao_286-22_-_ver._frederico.pdf", "ementa": "Indica a manuten\u00e7\u00e3o das grades de rede pluvial, localizada na esquina da Rua Santos com a Rua Suzana Passos, localizada no Distrito de Santo Ant\u00f4nio da Barra."}, {"id": "20718", "ano": "2022", "numero": "287", "tipo__sigla": "IND", "tipo__descricao": "Indica\u00e7\u00e3o", "autoria": "Frederico Henrique Cota Alves (Fred Piau)", "texto_original": "http://sapl.pedroleopoldo.mg.leg.br/media/sapl/public/materialegislativa/2022/20718/indicacao_287-22_-_ver._frederico.pdf", "ementa": "Indica a instala\u00e7\u00e3o de uma academia ao ar livre no Parque Agenor Teixeira."}, {"id": "20719", "ano": "2022", "numero": "288", "tipo__sigla": "IND", "tipo__descricao": "Indica\u00e7\u00e3o", "autoria": "Frederico Henrique Cota Alves (Fred Piau)", "texto_original": "http://sapl.pedroleopoldo.mg.leg.br/media/sapl/public/materialegislativa/2022/20719/indicacao_288-22_-_ver._frederico.pdf", "ementa": "Indica a manuten\u00e7\u00e3o e troca de quatro l\u00e2mpadas queimadas na quadra poliesportiva do Distrito de Doutor Lund."}, {"id": "20720", "ano": "2022", "numero": "289", "tipo__sigla": "IND", "tipo__descricao": "Indica\u00e7\u00e3o", "autoria": "Frederico Henrique Cota Alves (Fred Piau)", "texto_original": "http://sapl.pedroleopoldo.mg.leg.br/media/sapl/public/materialegislativa/2022/20720/indicacao_289-22_-_ver._frederico.pdf", "ementa": "Indica a cria\u00e7\u00e3o do Centro de Refer\u00eancia em Transtorno do Espectro Autista (CT-TEA)."}, {"id": "20721", "ano": "2022", "numero": "290", "tipo__sigla": "IND", "tipo__descricao": "Indica\u00e7\u00e3o", "autoria": "Guilherme de Lima Braga (Guilherme do Doce), Leonardo Pereira Ribeiro (Leoz\u00e3o)", "texto_original": "http://sapl.pedroleopoldo.mg.leg.br/media/sapl/public/materialegislativa/2022/20721/indicacao_290-22_-_guilherme_e_leo.pdf", "ementa": "Indica conceder um local seguro e apropriado para a pr\u00e1tica esportiva de Weeling, manobras e acrobacias de solo sobre duas rodas, popularmente, conhecido como \u201cGrau\u201d, neste Munic\u00edpio."}, {"id": "20740", "ano": "2022", "numero": "291", "tipo__sigla": "IND", "tipo__descricao": "Indica\u00e7\u00e3o", "autoria": "Guilherme de Lima Braga (Guilherme do Doce)", "texto_original": "http://sapl.pedroleopoldo.mg.leg.br/media/sapl/public/materialegislativa/2022/20740/indicacao_291-22_-_ver._guilherme.pdf", "ementa": "Indica a pavimenta\u00e7\u00e3o asf\u00e1ltica da Rua do Bebedouro, no Bairro Quinta do Sumidouro, neste Munic\u00edpio."}, {"id": "20757", "ano": "2022", "numero": "292", "tipo__sigla": "IND", "tipo__descricao": "Indica\u00e7\u00e3o", "autoria": "Frederico Henrique Cota Alves (Fred Piau)", "texto_original": "http://sapl.pedroleopoldo.mg.leg.br/media/sapl/public/materialegislativa/2022/20757/indicacao_no_292-2022_-_frederico_henrique_cota_alves.pdf", "ementa": "Indica a cria\u00e7\u00e3o de Campanha de Incentivo \u00e0 Leitura, instalando material publicit\u00e1rio e digital em todos os pr\u00e9dios p\u00fablicos do munic\u00edpio."}, {"id": "20741", "ano": "2022", "numero": "293", "tipo__sigla": "IND", "tipo__descricao": "Indica\u00e7\u00e3o", "autoria": "Frederico Henrique Cota Alves (Fred Piau), Guilherme de Lima Braga (Guilherme do Doce)", "texto_original": "http://sapl.pedroleopoldo.mg.leg.br/media/sapl/public/materialegislativa/2022/20741/indicacao_293-22_-_ver._frederico_e_guilherme.pdf", "ementa": "Indica a constru\u00e7\u00e3o de rede pluvial na Rua Expedicion\u00e1rio Rui Ant\u00f4nio Silva, localizada no Bairro Santo Ant\u00f4nio da Barra."}, {"id": "20742", "ano": "2022", "numero": "294", "tipo__sigla": "IND", "tipo__descricao": "Indica\u00e7\u00e3o", "autoria": "Frederico Henrique Cota Alves (Fred Piau)", "texto_original": "http://sapl.pedroleopoldo.mg.leg.br/media/sapl/public/materialegislativa/2022/20742/indicacao_294-22_-_ver._frederico.pdf", "ementa": "Indica a constru\u00e7\u00e3o de uma quadra de areia, no Centro Poliesportivo de Pedro Leopoldo \u2013 CEPPEL."}, {"id": "20743", "ano": "2022", "numero": "295", "tipo__sigla": "IND", "tipo__descricao": "Indica\u00e7\u00e3o", "autoria": "Frederico Henrique Cota Alves (Fred Piau)", "texto_original": "http://sapl.pedroleopoldo.mg.leg.br/media/sapl/public/materialegislativa/2022/20743/indicacao_295-22_-_ver._frederico.pdf", "ementa": "Indica a instala\u00e7\u00e3o de um biciclet\u00e1rio pr\u00f3ximo ao estacionamento da C\u00e2mara Municipal de Pedro Leopoldo e tamb\u00e9m uma placa proibindo a coloca\u00e7\u00e3o de bicicletas em frente \u00e0 rampa de entrada do mesmo recinto."}, {"id": "20744", "ano": "2022", "numero": "296", "tipo__sigla": "IND", "tipo__descricao": "Indica\u00e7\u00e3o", "autoria": "Frederico Henrique Cota Alves (Fred Piau)", "texto_original": "http://sapl.pedroleopoldo.mg.leg.br/media/sapl/public/materialegislativa/2022/20744/indicacao_296-22_-_ver._frederico.pdf", "ementa": "Indica a montagem de um circuito de Mountain Bike na categoria XCO, aproveitando a estrutura do Centro Poliesportivo \u2013 CEPPEL."}, {"id": "20745", "ano": "2022", "numero": "297", "tipo__sigla": "IND", "tipo__descricao": "Indica\u00e7\u00e3o", "autoria": "Rafael Vieira Faria (Rafa)", "texto_original": "http://sapl.pedroleopoldo.mg.leg.br/media/sapl/public/materialegislativa/2022/20745/indicacao_297-22_-_ver._rafael.pdf", "ementa": "Indica a regulamenta\u00e7\u00e3o do estacionamento na Avenida Heitor Cl\u00e1udio de Sales, no Bairro Felipe Cl\u00e1udio de Sales."}, {"id": "20758", "ano": "2022", "numero": "298", "tipo__sigla": "IND", "tipo__descricao": "Indica\u00e7\u00e3o", "autoria": "Frederico Henrique Cota Alves (Fred Piau)", "texto_original": "http://sapl.pedroleopoldo.mg.leg.br/media/sapl/public/materialegislativa/2022/20758/indicacao_no_298-2022_-_frederico_henrique_cota_alves.pdf", "ementa": "Indica a elabora\u00e7\u00e3o de um projeto interdisciplinar para tratar o empreendedorismo nas escolas municipais de Pedro Leopoldo."}, {"id": "20759", "ano": "2022", "numero": "299", "tipo__sigla": "IND", "tipo__descricao": "Indica\u00e7\u00e3o", "autoria": "Frederico Henrique Cota Alves (Fred Piau)", "texto_original": "http://sapl.pedroleopoldo.mg.leg.br/media/sapl/public/materialegislativa/2022/20759/indicacao_no_299-2022_-_frederico_henrique_cota_alves.pdf", "ementa": "Indica a revitaliza\u00e7\u00e3o e pintura das faixas para pedestres, localizadas na Rua Francisco de Azevedo, pr\u00f3ximas ao Posto Jopir, bem como a constru\u00e7\u00e3o de uma faixa de pedestre elevada no cruzamento das Ruas Cristiano Otoni com Francisco de Azevedo."}, {"id": "20760", "ano": "2022", "numero": "300", "tipo__sigla": "IND", "tipo__descricao": "Indica\u00e7\u00e3o", "autoria": "Frederico Henrique Cota Alves (Fred Piau)", "texto_original": "http://sapl.pedroleopoldo.mg.leg.br/media/sapl/public/materialegislativa/2022/20760/indicacao_no_300-2022_-_frederico_henrique_cota_alves.pdf", "ementa": "Indica a cria\u00e7\u00e3o do Projeto Educa\u00e7\u00e3o Cine Clube no Centro Cultural Unificado do Bairro Morada dos Hibiscos."}, {"id": "20761", "ano": "2022", "numero": "301", "tipo__sigla": "IND", "tipo__descricao": "Indica\u00e7\u00e3o", "autoria": "Frederico Henrique Cota Alves (Fred Piau)", "texto_original": "http://sapl.pedroleopoldo.mg.leg.br/media/sapl/public/materialegislativa/2022/20761/indicacao_no_301-2022_-_frederico_henrique_cota_alves.pdf", "ementa": "Indica a cria\u00e7\u00e3o do \u201cPrograma Tarifa ZERO\u201d para o Transporte P\u00fablico Municipal, em Pedro Leopoldo."}, {"id": "20801", "ano": "2022", "numero": "302", "tipo__sigla": "IND", "tipo__descricao": "Indica\u00e7\u00e3o", "autoria": "Frederico Henrique Cota Alves (Fred Piau)", "texto_original": "http://sapl.pedroleopoldo.mg.leg.br/media/sapl/public/materialegislativa/2022/20801/indicacao_no_302-2022_-_frederico_henrique_cota_alves.pdf", "ementa": "Indica a aquisi\u00e7\u00e3o do Sistema de Georreferenciamento Urbano para aumento da fiscaliza\u00e7\u00e3o e efici\u00eancia dos servi\u00e7os prestados pela Secretaria Municipal de Planejamento Urbano."}, {"id": "20802", "ano": "2022", "numero": "303", "tipo__sigla": "IND", "tipo__descricao": "Indica\u00e7\u00e3o", "autoria": "Rafael Vieira Faria (Rafa)", "texto_original": "http://sapl.pedroleopoldo.mg.leg.br/media/sapl/public/materialegislativa/2022/20802/indicacao_no_303-2022_-_rafael_vieira_faria.pdf", "ementa": "Indica a reforma da Capela Nossa Senhora do Ros\u00e1rio da Quinta do Sumidouro."}, {"id": "20803", "ano": "2022", "numero": "304", "tipo__sigla": "IND", "tipo__descricao": "Indica\u00e7\u00e3o", "autoria": "Frederico Henrique Cota Alves (Fred Piau)", "texto_original": "http://sapl.pedroleopoldo.mg.leg.br/media/sapl/public/materialegislativa/2022/20803/indicacao_no_304-2022_-_frederico_henrique_cota_alves.pdf", "ementa": "Indica que seja realizada manuten\u00e7\u00e3o paliativa da pista de atletismo e do campo do Centro Poliesportivo de Pedro Leopoldo \u2013 CEPPEL \u2013, providenciando os seguintes servi\u00e7os: capina; demarca\u00e7\u00e3o dessa pista; passagem de m\u00e1quina para nivelar e assentar o piso; limpeza da caixa de areia; limpeza, capina e pintura da parte destinada para o arremesso de peso; demarca\u00e7\u00e3o do campo; manuten\u00e7\u00e3o do alambrado."}, {"id": "20804", "ano": "2022", "numero": "305", "tipo__sigla": "IND", "tipo__descricao": "Indica\u00e7\u00e3o", "autoria": "Frederico Henrique Cota Alves (Fred Piau)", "texto_original": "http://sapl.pedroleopoldo.mg.leg.br/media/sapl/public/materialegislativa/2022/20804/indicacao_no_305-2022_-_frederico_henrique_cota_alves.pdf", "ementa": "Indica melhorias na acessibilidade de pedestres e no tr\u00e2nsito nas portas das seguinte Municipais: Municipal Dona Carmem Barroso, Evary de Campos, Cantinho Feliz, Doutor Cristiano Otoni, Heitor Cl\u00e1udio de Sales, Izabel Gomes, Jandirinha Sales Joviano, Jos\u00e9 Elias da Costa (NEEC), Jos\u00e9 Pedro Filho, Matos, Inhazinha Carvalho, Pedro Leopoldo, Raimundo Salvador da Silva e Rosalino Marques dos Reis; e Escolas Estaduais: Imaculada Concei\u00e7\u00e3o, Fazenda Modelo, Magno Claret Vieira e Doutor J\u00falio C\u00e9sar de Vasconcelos. Indico, ainda, a separa\u00e7\u00e3o de vagas para embarque e desembarque de ve\u00edculos do transporte escolar pr\u00f3ximo a essas escolas."}, {"id": "20805", "ano": "2022", "numero": "306", "tipo__sigla": "IND", "tipo__descricao": "Indica\u00e7\u00e3o", "autoria": "Frederico Henrique Cota Alves (Fred Piau)", "texto_original": "http://sapl.pedroleopoldo.mg.leg.br/media/sapl/public/materialegislativa/2022/20805/indicacao_no_306-2022_-_frederico_henrique_cota_alves.pdf", "ementa": "Indica a elabora\u00e7\u00e3o de um projeto para revitaliza\u00e7\u00e3o da estrada da Lapa Vermelha, que liga a regi\u00e3o norte de Pedro Leopoldo ao Munic\u00edpio de Confins, melhorando a sinaliza\u00e7\u00e3o de tr\u00e2nsito, ilumina\u00e7\u00e3o e seguran\u00e7a dos autom\u00f3veis que transitam pelo local diariamente."}, {"id": "20806", "ano": "2022", "numero": "307", "tipo__sigla": "IND", "tipo__descricao": "Indica\u00e7\u00e3o", "autoria": "Frederico Henrique Cota Alves (Fred Piau)", "texto_original": "http://sapl.pedroleopoldo.mg.leg.br/media/sapl/public/materialegislativa/2022/20806/indicacao_no_307-2022_-_frederico_henrique_cota_alves.pdf", "ementa": "Indica a elabora\u00e7\u00e3o de um projeto junto ao Departamento de Edifica\u00e7\u00f5es e Estradas de Rodagem \u2013 DEER/MG \u2013, criando uma marginal ligando a Rua Agenor Teixeira da Costa \u00e0 Rodovia MG-424."}, {"id": "20807", "ano": "2022", "numero": "308", "tipo__sigla": "IND", "tipo__descricao": "Indica\u00e7\u00e3o", "autoria": "Guilherme de Lima Braga (Guilherme do Doce)", "texto_original": "http://sapl.pedroleopoldo.mg.leg.br/media/sapl/public/materialegislativa/2022/20807/indicacao_no_308-2022_-_guilherme_de_lima_braga.pdf", "ementa": "Indica a instala\u00e7\u00e3o de Faixa Elevada na Rua: Raimundo Joaquim de Souza, e Av. Magno Claret Vieira, pr\u00f3ximo ao n\u00famero 1.889, no Bairro Lagoa de Santo Ant\u00f4nio, neste Munic\u00edpio."}, {"id": "20831", "ano": "2022", "numero": "309", "tipo__sigla": "IND", "tipo__descricao": "Indica\u00e7\u00e3o", "autoria": "Mauro J\u00fanior Lopes Francisco", "texto_original": "http://sapl.pedroleopoldo.mg.leg.br/media/sapl/public/materialegislativa/2022/20831/indicacao_no_309-2022_-_mauro_junior_lopes_francisco.pdf", "ementa": "Indica a reforma de toda parte el\u00e9trica da quadra de esportes, localizada no Distrito de Vera Cruz de Minas, neste munic\u00edpio."}, {"id": "20832", "ano": "2022", "numero": "310", "tipo__sigla": "IND", "tipo__descricao": "Indica\u00e7\u00e3o", "autoria": "Frederico Henrique Cota Alves (Fred Piau)", "texto_original": "http://sapl.pedroleopoldo.mg.leg.br/media/sapl/public/materialegislativa/2022/20832/indicacao_no_310-2022_-_frederico_henrique_cota_alves.pdf", "ementa": "Indica a realiza\u00e7\u00e3o da poda das \u00e1rvores da Rua Nh\u00e1 Chica, no Distrito de Dr. Lund, neste Munic\u00edpio."}, {"id": "20833", "ano": "2022", "numero": "311", "tipo__sigla": "IND", "tipo__descricao": "Indica\u00e7\u00e3o", "autoria": "Frederico Henrique Cota Alves (Fred Piau)", "texto_original": "http://sapl.pedroleopoldo.mg.leg.br/media/sapl/public/materialegislativa/2022/20833/indicacao_no_311-2022_-_frederico_henrique_cota_alves.pdf", "ementa": "Indica a troca das placas de sinaliza\u00e7\u00e3o apagadas e a melhoria da ilumina\u00e7\u00e3o delas, na Rua Agenor Teixeira da Costa e na Rua Nossa Senhora das Gra\u00e7as."}, {"id": "20834", "ano": "2022", "numero": "312", "tipo__sigla": "IND", "tipo__descricao": "Indica\u00e7\u00e3o", "autoria": "Frederico Henrique Cota Alves (Fred Piau)", "texto_original": "http://sapl.pedroleopoldo.mg.leg.br/media/sapl/public/materialegislativa/2022/20834/indicacao_no_312-2022_-_frederico_henrique_cota_alves.pdf", "ementa": "Indica a realiza\u00e7\u00e3o de processo seletivo com ampla publicidade e crit\u00e9rios, para a ocupa\u00e7\u00e3o de todas as vagas de est\u00e1gio da Prefeitura de Pedro Leopoldo."}, {"id": "20835", "ano": "2022", "numero": "313", "tipo__sigla": "IND", "tipo__descricao": "Indica\u00e7\u00e3o", "autoria": "Frederico Henrique Cota Alves (Fred Piau)", "texto_original": "http://sapl.pedroleopoldo.mg.leg.br/media/sapl/public/materialegislativa/2022/20835/indicacao_no_313-2022_-_frederico_henrique_cota_alves.pdf", "ementa": "Indica a constru\u00e7\u00e3o de duas faixas de pedestre elevadas no cruzamento da Rua Doutor Neiva com Dirceu Lopes, pr\u00f3ximo aos Restaurantes Tio Orlando e Nosso Point e da Igreja Batista Monte Si\u00e3o."}, {"id": "20836", "ano": "2022", "numero": "314", "tipo__sigla": "IND", "tipo__descricao": "Indica\u00e7\u00e3o", "autoria": "Frederico Henrique Cota Alves (Fred Piau)", "texto_original": "http://sapl.pedroleopoldo.mg.leg.br/media/sapl/public/materialegislativa/2022/20836/indicacao_no_314-2022_-_frederico_henrique_cota_alves.pdf", "ementa": "Indica a limpeza da quadra do Distrito de Vera Cruz de Minas, localizada na Rua dos Couras."}, {"id": "20837", "ano": "2022", "numero": "315", "tipo__sigla": "IND", "tipo__descricao": "Indica\u00e7\u00e3o", "autoria": "Rafael Vieira Faria (Rafa)", "texto_original": "http://sapl.pedroleopoldo.mg.leg.br/media/sapl/public/materialegislativa/2022/20837/indicacao_no_315-2022_-_rafael_vieira_faria.pdf", "ementa": "Indica conceder mo\u00e7\u00e3o de Parab\u00e9ns ao futebolista Darley Ramon Torres."}, {"id": "20838", "ano": "2022", "numero": "316", "tipo__sigla": "IND", "tipo__descricao": "Indica\u00e7\u00e3o", "autoria": "Rafael Vieira Faria (Rafa)", "texto_original": "http://sapl.pedroleopoldo.mg.leg.br/media/sapl/public/materialegislativa/2022/20838/indicacao_no_316-2022_-_rafael_vieira_faria.pdf", "ementa": "Indica a constru\u00e7\u00e3o de uma faixa elevada para travessia de pedestres, na Avenida An\u00e9lio Caldas, pr\u00f3ximo ao Pr\u00e9dio do Ttribunal de Justi\u00e7a de Minas Gerais e da Justi\u00e7a do Trabalho."}, {"id": "20839", "ano": "2022", "numero": "317", "tipo__sigla": "IND", "tipo__descricao": "Indica\u00e7\u00e3o", "autoria": "Rafael Vieira Faria (Rafa)", "texto_original": "http://sapl.pedroleopoldo.mg.leg.br/media/sapl/public/materialegislativa/2022/20839/indicacao_no_317-2022_-_rafael_vieira_faria.pdf", "ementa": "Indica a reforma do muro da Escola Municipal Jos\u00e9 Elias da Costa, no Bairro Santo Ant\u00f4nio."}, {"id": "20840", "ano": "2022", "numero": "318", "tipo__sigla": "IND", "tipo__descricao": "Indica\u00e7\u00e3o", "autoria": "Evaldo Geraldo do Carmo (Evaldo do A\u00e7ougue), Frederico Henrique Cota Alves (Fred Piau)", "texto_original": "http://sapl.pedroleopoldo.mg.leg.br/media/sapl/public/materialegislativa/2022/20840/indicacao_no_318-2022_-_evaldo_do_carmo__frederico_alves.pdf", "ementa": "Indica providenciar uma avalia\u00e7\u00e3o dos pontos de embarque e desembarque de passageiros do transporte coletivo da linha 180, itiner\u00e1rio da Rua do Cruzeiro e dos Pequis. E se poss\u00edvel colocar o itiner\u00e1rio da linha 180, subindo a Rua Azaleias."}, {"id": "20841", "ano": "2022", "numero": "319", "tipo__sigla": "IND", "tipo__descricao": "Indica\u00e7\u00e3o", "autoria": "Evaldo Geraldo do Carmo (Evaldo do A\u00e7ougue), Frederico Henrique Cota Alves (Fred Piau)", "texto_original": "http://sapl.pedroleopoldo.mg.leg.br/media/sapl/public/materialegislativa/2022/20841/indicacao_no_319-2022_-_evaldo_do_carmo__frederico_alves.pdf", "ementa": "Indica providenciar a instala\u00e7\u00e3o de placas com os nomes das seguintes ruas do Bairro Morada dos Angicos: Rua Amendoeiras, Rua Cruzeiro, Rua das Paineiras, Rua das Palmeiras, Rua das Pitangueiras, Rua dos Pequis, Rua dos Pessegueiros, Rua dos Pinheiros, Rua Pau-brasil, Rua Pau-cravo, Alameda dos Angicos."}, {"id": "20842", "ano": "2022", "numero": "320", "tipo__sigla": "IND", "tipo__descricao": "Indica\u00e7\u00e3o", "autoria": "Evaldo Geraldo do Carmo (Evaldo do A\u00e7ougue)", "texto_original": "http://sapl.pedroleopoldo.mg.leg.br/media/sapl/public/materialegislativa/2022/20842/indicacao_no_320-2022_-_evaldo_geraldo_do_carmo.pdf", "ementa": "Indica a instala\u00e7\u00e3o de lixeiras na Pra\u00e7a Jos\u00e9 dos Anjos, Dist. Lagoa de Santo Ant\u00f4nio."}, {"id": "20875", "ano": "2022", "numero": "321", "tipo__sigla": "IND", "tipo__descricao": "Indica\u00e7\u00e3o", "autoria": "Matheus Utsch de Oliveira", "texto_original": "http://sapl.pedroleopoldo.mg.leg.br/media/sapl/public/materialegislativa/2022/20875/indicacao_no_321-2022_-_matheus_utsch_de_oliveira.pdf", "ementa": "Indica o plantio de \u00e1rvores na Rua Amando Filho, seguindo orienta\u00e7\u00f5es do Plano Municipal de Arboriza\u00e7\u00e3o, Lei n\u00ba 3.666, de 06 de junho de 2022."}, {"id": "20876", "ano": "2022", "numero": "322", "tipo__sigla": "IND", "tipo__descricao": "Indica\u00e7\u00e3o", "autoria": "Matheus Utsch de Oliveira", "texto_original": "http://sapl.pedroleopoldo.mg.leg.br/media/sapl/public/materialegislativa/2022/20876/indicacao_no_322-2022_-_matheus_utsch_de_oliveira.pdf", "ementa": "Indica o plantio de \u00e1rvores na Av. Camilo Alves seguindo orienta\u00e7\u00f5es do Plano Municipal de Arboriza\u00e7\u00e3o, Lei n\u00ba 3.666, de 06 de junho de 2022."}, {"id": "20877", "ano": "2022", "numero": "323", "tipo__sigla": "IND", "tipo__descricao": "Indica\u00e7\u00e3o", "autoria": "Matheus Utsch de Oliveira", "texto_original": "http://sapl.pedroleopoldo.mg.leg.br/media/sapl/public/materialegislativa/2022/20877/indicacao_no_323-2022_-_matheus_utsch_de_oliveira.pdf", "ementa": "Indica o plantio de \u00e1rvores na Av. Cau\u00ea, seguindo orienta\u00e7\u00f5es do Plano Municipal de Arboriza\u00e7\u00e3o, Lei n\u00ba 3.666, de 06 de junho de 2022."}, {"id": "20878", "ano": "2022", "numero": "324", "tipo__sigla": "IND", "tipo__descricao": "Indica\u00e7\u00e3o", "autoria": "Matheus Utsch de Oliveira", "texto_original": "http://sapl.pedroleopoldo.mg.leg.br/media/sapl/public/materialegislativa/2022/20878/indicacao_no_324-2022_-_matheus_utsch_de_oliveira.pdf", "ementa": "Indica o plantio de \u00e1rvores na Av. Gil Ant\u00f4nio Pereira, seguindo orienta\u00e7\u00f5es do Plano Municipal de Arboriza\u00e7\u00e3o, Lei n\u00ba 3.666, de 06 de junho de 2022."}, {"id": "20879", "ano": "2022", "numero": "325", "tipo__sigla": "IND", "tipo__descricao": "Indica\u00e7\u00e3o", "autoria": "Matheus Utsch de Oliveira", "texto_original": "http://sapl.pedroleopoldo.mg.leg.br/media/sapl/public/materialegislativa/2022/20879/indicacao_no_325-2022_-_matheus_utsch_de_oliveira.pdf", "ementa": "Indica o plantio de \u00e1rvores na Rua Comendador Ant\u00f4nio Alves, seguindo orienta\u00e7\u00f5es do Plano Municipal de Arboriza\u00e7\u00e3o, Lei n\u00ba 3.666, de 06 de junho de 2022."}, {"id": "20880", "ano": "2022", "numero": "326", "tipo__sigla": "IND", "tipo__descricao": "Indica\u00e7\u00e3o", "autoria": "Frederico Henrique Cota Alves (Fred Piau)", "texto_original": "http://sapl.pedroleopoldo.mg.leg.br/media/sapl/public/materialegislativa/2022/20880/indicacao_no_326-2022_-_frederico_henrique_cota_alves.pdf", "ementa": "Indica a contrata\u00e7\u00e3o de mais m\u00e9dicos geriatras para atender a popula\u00e7\u00e3o idosa na Rede Municipal de sa\u00fade."}, {"id": "20881", "ano": "2022", "numero": "327", "tipo__sigla": "IND", "tipo__descricao": "Indica\u00e7\u00e3o", "autoria": "Frederico Henrique Cota Alves (Fred Piau)", "texto_original": "http://sapl.pedroleopoldo.mg.leg.br/media/sapl/public/materialegislativa/2022/20881/indicacao_no_327-2022_-_frederico_henrique_cota_alves.pdf", "ementa": "Indica a sinaliza\u00e7\u00e3o de tr\u00e2nsito de embarque e desembarque em frente o Centro Municipal de Aten\u00e7\u00e3o \u00e0 Inf\u00e2ncia \u2013 CEMAI Vov\u00f3 Elza \u2013, localizado no Distrito de Lagoa de Santo Ant\u00f4nio."}, {"id": "20882", "ano": "2022", "numero": "328", "tipo__sigla": "IND", "tipo__descricao": "Indica\u00e7\u00e3o", "autoria": "Frederico Henrique Cota Alves (Fred Piau)", "texto_original": "http://sapl.pedroleopoldo.mg.leg.br/media/sapl/public/materialegislativa/2022/20882/indicacao_no_328-2022_-_frederico_henrique_cota_alves.pdf", "ementa": "Indica a melhoria na sinaliza\u00e7\u00e3o e pintura dos redutores de velocidade da Rodovia Ascendino Jos\u00e9 da Costa, localizada nos Bairros Coqueirinho, Ferreiras, Tapera e Vera Cruz de Minas."}, {"id": "20883", "ano": "2022", "numero": "329", "tipo__sigla": "IND", "tipo__descricao": "Indica\u00e7\u00e3o", "autoria": "Frederico Henrique Cota Alves (Fred Piau)", "texto_original": "http://sapl.pedroleopoldo.mg.leg.br/media/sapl/public/materialegislativa/2022/20883/indicacao_no_329-2022_-_frederico_henrique_cota_alves.pdf", "ementa": "Indica a cria\u00e7\u00e3o da Ouvidoria Geral do Munic\u00edpio, conforme modelo de projeto abaixo."}, {"id": "20884", "ano": "2022", "numero": "330", "tipo__sigla": "IND", "tipo__descricao": "Indica\u00e7\u00e3o", "autoria": "Frederico Henrique Cota Alves (Fred Piau)", "texto_original": "http://sapl.pedroleopoldo.mg.leg.br/media/sapl/public/materialegislativa/2022/20884/indicacao_no_330-2022_-_frederico_henrique_cota_alves.pdf", "ementa": "Indica \u00e0 Excelent\u00edssima Senhora Prefeita determinar ao setor competente encaminhar projeto de lei \u00e0 C\u00e2mara com a finalidade de conceder a isen\u00e7\u00e3o ou incentivo fiscal do Imposto Predial e Territorial Urbano \u2013 IPTU \u2013 \u00e0 moradores que apadrinharem pra\u00e7as e zelarem pela mesma."}, {"id": "20885", "ano": "2022", "numero": "331", "tipo__sigla": "IND", "tipo__descricao": "Indica\u00e7\u00e3o", "autoria": "Guilherme de Lima Braga (Guilherme do Doce), Rafael Vieira Faria (Rafa), Warlen Alves da Silva", "texto_original": "http://sapl.pedroleopoldo.mg.leg.br/media/sapl/public/materialegislativa/2022/20885/indicacao_no_331-2022_-_guilherme_rafael_warlen.pdf", "ementa": "Indica a manuten\u00e7\u00e3o da quadra poliesportiva do Bairro Santo Ant\u00f4nio (Cascavel)"}, {"id": "20886", "ano": "2022", "numero": "332", "tipo__sigla": "IND", "tipo__descricao": "Indica\u00e7\u00e3o", "autoria": "Rafael Vieira Faria (Rafa)", "texto_original": "http://sapl.pedroleopoldo.mg.leg.br/media/sapl/public/materialegislativa/2022/20886/indicacao_no_332-2022_-_rafael_vieira_faria.pdf", "ementa": "Indica que seja realizado um estudo, visando a cria\u00e7\u00e3o de um cons\u00f3rcio cooperativo intermunicipal entre os munic\u00edpios de Pedro Leopoldo, Neves e Vespasiano para atuar, conjuntamente, na limpeza e no desassoreamento dos ribeir\u00f5es que cortam a cidade, a saber: o Ribeir\u00e3o da Mata e Ribeir\u00e3o das Neves."}, {"id": "20951", "ano": "2022", "numero": "333", "tipo__sigla": "IND", "tipo__descricao": "Indica\u00e7\u00e3o", "autoria": "Guilherme de Lima Braga (Guilherme do Doce)", "texto_original": "http://sapl.pedroleopoldo.mg.leg.br/media/sapl/public/materialegislativa/2022/20951/indicacao_no_333-2022_-_guilherme_de_lima_braga.pdf", "ementa": "Indica interven\u00e7\u00f5es para melhoria e mais seguran\u00e7a no tr\u00e2nsito do entroncamento da Avenida Juca Belis\u00e1rio, pr\u00f3ximo ao n\u00famero 230, com a Rua Jos\u00e9 Pedroca, no Bairro Magalh\u00e3es, neste Munic\u00edpio."}, {"id": "20952", "ano": "2022", "numero": "334", "tipo__sigla": "IND", "tipo__descricao": "Indica\u00e7\u00e3o", "autoria": "Guilherme de Lima Braga (Guilherme do Doce)", "texto_original": "http://sapl.pedroleopoldo.mg.leg.br/media/sapl/public/materialegislativa/2022/20952/indicacao_no_334-2022_-_guilherme_de_lima_braga.pdf", "ementa": "Indica providenciar servi\u00e7os de limpeza (capina e ro\u00e7ada) na Avenida Juca Belis\u00e1rio e Rua Jos\u00e9 Pedroca, Bairro Magalh\u00e3es, neste Munic\u00edpio."}, {"id": "20953", "ano": "2022", "numero": "335", "tipo__sigla": "IND", "tipo__descricao": "Indica\u00e7\u00e3o", "autoria": "Matheus Utsch de Oliveira", "texto_original": "http://sapl.pedroleopoldo.mg.leg.br/media/sapl/public/materialegislativa/2022/20953/indicacao_no_335-2022_-_matheus_utsch_de_oliveira.pdf", "ementa": "Indica o plantio de \u00e1rvores na Rua Dirceu Lopes, seguindo orienta\u00e7\u00f5es do Plano Municipal de Arboriza\u00e7\u00e3o, Lei n\u00ba 3.666, de 06 de junho de 2022."}, {"id": "20954", "ano": "2022", "numero": "336", "tipo__sigla": "IND", "tipo__descricao": "Indica\u00e7\u00e3o", "autoria": "Matheus Utsch de Oliveira", "texto_original": "http://sapl.pedroleopoldo.mg.leg.br/media/sapl/public/materialegislativa/2022/20954/indicacao_no_336-2022_-_matheus_utsch_de_oliveira.pdf", "ementa": "Indica o plantio de \u00e1rvores na Rua Jo\u00e3o Teodoro Silva, seguindo orienta\u00e7\u00f5es do Plano Municipal de Arboriza\u00e7\u00e3o, Lei n\u00ba 3.666, de 06 de junho de 2022."}, {"id": "20955", "ano": "2022", "numero": "337", "tipo__sigla": "IND", "tipo__descricao": "Indica\u00e7\u00e3o", "autoria": "Matheus Utsch de Oliveira", "texto_original": "http://sapl.pedroleopoldo.mg.leg.br/media/sapl/public/materialegislativa/2022/20955/indicacao_no_337-2022_-_matheus_utsch_de_oliveira.pdf", "ementa": "Indica o plantio de \u00e1rvores na Rua Nossa Senhora das Gra\u00e7as, seguindo orienta\u00e7\u00f5es do Plano Municipal de Arboriza\u00e7\u00e3o, Lei n\u00ba 3.666, de 06 de junho de 2022."}, {"id": "20956", "ano": "2022", "numero": "338", "tipo__sigla": "IND", "tipo__descricao": "Indica\u00e7\u00e3o", "autoria": "Matheus Utsch de Oliveira", "texto_original": "http://sapl.pedroleopoldo.mg.leg.br/media/sapl/public/materialegislativa/2022/20956/indicacao_no_338-2022_-_matheus_utsch_de_oliveira.pdf", "ementa": "Indica o plantio de \u00e1rvores na Rua Timbiras, seguindo orienta\u00e7\u00f5es do Plano Municipal de Arboriza\u00e7\u00e3o, Lei n\u00ba 3.666, de 06 de junho de 2022."}, {"id": "20957", "ano": "2022", "numero": "339", "tipo__sigla": "IND", "tipo__descricao": "Indica\u00e7\u00e3o", "autoria": "Matheus Utsch de Oliveira", "texto_original": "http://sapl.pedroleopoldo.mg.leg.br/media/sapl/public/materialegislativa/2022/20957/indicacao_no_339-2022_-_matheus_utsch_de_oliveira.pdf", "ementa": "Indica o plantio de \u00e1rvores na Rua Via Norte, seguindo orienta\u00e7\u00f5es do Plano Municipal de Arboriza\u00e7\u00e3o, Lei n\u00ba 3.666, de 06 de junho de 2022."}, {"id": "20958", "ano": "2022", "numero": "340", "tipo__sigla": "IND", "tipo__descricao": "Indica\u00e7\u00e3o", "autoria": "Frederico Henrique Cota Alves (Fred Piau)", "texto_original": "http://sapl.pedroleopoldo.mg.leg.br/media/sapl/public/materialegislativa/2022/20958/indicacao_no_340-2022_-_frederico_henrique_cota_alves.pdf", "ementa": "Indica a concess\u00e3o de um espa\u00e7o na \u00e1rea externa do pronto atendimento central para constru\u00e7\u00e3o de uma lanchonete e farm\u00e1cia."}, {"id": "20959", "ano": "2022", "numero": "341", "tipo__sigla": "IND", "tipo__descricao": "Indica\u00e7\u00e3o", "autoria": "Frederico Henrique Cota Alves (Fred Piau)", "texto_original": "http://sapl.pedroleopoldo.mg.leg.br/media/sapl/public/materialegislativa/2022/20959/indicacao_no_341-2022_-_frederico_henrique_cota_alves.pdf", "ementa": "Indica \u00e0 Excelent\u00edssima Senhora Prefeita a cria\u00e7\u00e3o do Programa Municipal de Incentivo Fiscal ao Esporte e Lazer, vinculado \u00e0 Secretaria Municipal de Juventude, Esportes e Direitos Humanos, ficando autorizado ao Poder Executivo conceder abatimento efetivo no Imposto Sobre Servi\u00e7os (ISS) e/ou Imposto Predial e Territorial Urbano (IPTU), \u00e0s Pessoas Jur\u00eddicas e/ou Pessoas F\u00edsicas situadas no munic\u00edpio de Pedro Leopoldo que apoiarem, financeiramente, Projetos aprovados pela Secretaria Municipal de Juventude, Esportes e Direitos Humanos."}, {"id": "20960", "ano": "2022", "numero": "342", "tipo__sigla": "IND", "tipo__descricao": "Indica\u00e7\u00e3o", "autoria": "Frederico Henrique Cota Alves (Fred Piau)", "texto_original": "http://sapl.pedroleopoldo.mg.leg.br/media/sapl/public/materialegislativa/2022/20960/indicacao_no_342-2022_-_frederico_henrique_cota_alves.pdf", "ementa": "Indica Mo\u00e7\u00e3o de Parab\u00e9ns a Pietrine Paiva, atleta, professor, empres\u00e1rio e morador de Pedro Leopoldo, pela conquista da etapa do Campeonato Mineiro de Nata\u00e7\u00e3o, ocorrida no Minas T\u00eanis Clube, no m\u00eas de novembro."}, {"id": "20961", "ano": "2022", "numero": "343", "tipo__sigla": "IND", "tipo__descricao": "Indica\u00e7\u00e3o", "autoria": "Frederico Henrique Cota Alves (Fred Piau)", "texto_original": "http://sapl.pedroleopoldo.mg.leg.br/media/sapl/public/materialegislativa/2022/20961/indicacao_no_343-2022_-_frederico_henrique_cota_alves.pdf", "ementa": "Indica melhorias e reformas na infraestrutura da V\u00f3 Nenzinha. Destaco abaixo, alguns itens que observei a grande necessidade de melhorias:\r\n1) Banheiros extremamente pequenos, sem as devidas adapta\u00e7\u00f5es e n\u00e3o condizentes com a demanda de alunos.\r\n2) Ventiladores estragados.\r\n3) Banheiro coletivo, sem separa\u00e7\u00e3o (masculino e feminino) para uso comum de mais de 80 crian\u00e7as. Por mais que sejam crian\u00e7as, essa separa\u00e7\u00e3o \u00e9 extremamente necess\u00e1ria.\r\n4) \u00c1rea externa necessitando de adapta\u00e7\u00f5es como pias, toldos para atender melhor as crian\u00e7as.\r\n5) Necess\u00e1rio um investimento em equipamentos de multim\u00eddia e televisores para dar mais qualidade e estrutura ao servi\u00e7o prestado pelas servidoras que atuam na institui\u00e7\u00e3o.\r\n6) Reformas e pequenos reparos nas salas, algumas s\u00e3o pequenas abafadas e est\u00e3o com um n\u00famero elevado de alunos.\r\n7) Novos mobili\u00e1rios para atender com mais qualidade as crian\u00e7as e os profissionais que est\u00e3o diariamente na institui\u00e7\u00e3o."}, {"id": "20962", "ano": "2022", "numero": "344", "tipo__sigla": "IND", "tipo__descricao": "Indica\u00e7\u00e3o", "autoria": "Frederico Henrique Cota Alves (Fred Piau)", "texto_original": "http://sapl.pedroleopoldo.mg.leg.br/media/sapl/public/materialegislativa/2022/20962/indicacao_no_344-2022_-_frederico_henrique_cota_alves.pdf", "ementa": "Indica reformas no ponto de apoio da Guarda Municipal da Regi\u00e3o Norte e no espa\u00e7o destinado aos c\u00e3es do Grupamento de Opera\u00e7\u00f5es com C\u00e3es da Guarda Municipal de Pedro Leopoldo - GOC."}, {"id": "20963", "ano": "2022", "numero": "345", "tipo__sigla": "IND", "tipo__descricao": "Indica\u00e7\u00e3o", "autoria": "Guilherme de Lima Braga (Guilherme do Doce)", "texto_original": "http://sapl.pedroleopoldo.mg.leg.br/media/sapl/public/materialegislativa/2022/20963/indicacao_no_345-2022_-_guilherme_de_lima_braga.pdf", "ementa": "Indica providenciar a pintura e sinaliza\u00e7\u00e3o dos redutores de velocidade (quebras molas) na Rua Rivad\u00e1via, pr\u00f3ximo ao Bairro Vila Aparecida, neste munic\u00edpio."}, {"id": "20964", "ano": "2022", "numero": "346", "tipo__sigla": "IND", "tipo__descricao": "Indica\u00e7\u00e3o", "autoria": "Rafael Vieira Faria (Rafa)", "texto_original": "http://sapl.pedroleopoldo.mg.leg.br/media/sapl/public/materialegislativa/2022/20964/indicacao_no_346-2022_-_rafael_vieira_faria.pdf", "ementa": "Indica a instala\u00e7\u00e3o de redutores de velocidades na Rua Jos\u00e9 Pereira da Silva, pr\u00f3ximo ao cruzamento com a Rua Engenheiro H\u00e9lio Vieira de Melo, no Bairro Santa Tereza."}, {"id": "20965", "ano": "2022", "numero": "347", "tipo__sigla": "IND", "tipo__descricao": "Indica\u00e7\u00e3o", "autoria": "Guilherme de Lima Braga (Guilherme do Doce)", "texto_original": "http://sapl.pedroleopoldo.mg.leg.br/media/sapl/public/materialegislativa/2022/20965/indicacao_no_347-2022_-_guilherme_de_lima_braga.pdf", "ementa": "Indica opera\u00e7\u00e3o tapa buracos na Rua Gabriel Cristino Ribeiro, Bairro Lagoa de Santo Ant\u00f4nio, neste munic\u00edpio."}, {"id": "20966", "ano": "2022", "numero": "348", "tipo__sigla": "IND", "tipo__descricao": "Indica\u00e7\u00e3o", "autoria": "Guilherme de Lima Braga (Guilherme do Doce)", "texto_original": "http://sapl.pedroleopoldo.mg.leg.br/media/sapl/public/materialegislativa/2022/20966/indicacao_no_348-2022_-_guilherme_de_lima_braga.pdf", "ementa": "Indica opera\u00e7\u00e3o tapa buracos nas seguintes ruas: Juca Machado, Raul Hanriot, Moacir Pereira Ciroca, Ot\u00e1vio Gouv\u00eaa, Em\u00edlio Ferreira e Maria Helena da Costa, no Bairro Santo Ant\u00f4nio, neste munic\u00edpio."}, {"id": "20967", "ano": "2022", "numero": "349", "tipo__sigla": "IND", "tipo__descricao": "Indica\u00e7\u00e3o", "autoria": "Rafael Vieira Faria (Rafa)", "texto_original": "http://sapl.pedroleopoldo.mg.leg.br/media/sapl/public/materialegislativa/2022/20967/indicacao_no_349-2022_-_rafael_vieira_faria.pdf", "ementa": "Indica a aquisi\u00e7\u00e3o de \u00f3culos inteligentes Orcam, visando atender aos alunos portadores de defici\u00eancia visual, dificuldade de leitura ou TDAH, matriculados na rede municipal de educa\u00e7\u00e3o, visando promover a inclus\u00e3o desses alunos, otimizando o aprendizado."}, {"id": "20968", "ano": "2022", "numero": "350", "tipo__sigla": "IND", "tipo__descricao": "Indica\u00e7\u00e3o", "autoria": "Rafael Vieira Faria (Rafa)", "texto_original": "http://sapl.pedroleopoldo.mg.leg.br/media/sapl/public/materialegislativa/2022/20968/indicacao_no_350-2022_-_rafael_vieira_faria.pdf", "ementa": "Indica a cria\u00e7\u00e3o de um cremat\u00f3rio municipal."}, {"id": "20969", "ano": "2022", "numero": "351", "tipo__sigla": "IND", "tipo__descricao": "Indica\u00e7\u00e3o", "autoria": "Warlen Alves da Silva", "texto_original": "http://sapl.pedroleopoldo.mg.leg.br/media/sapl/public/materialegislativa/2022/20969/indicacao_no_351-2022_-_warlen_alves_da_silva.pdf", "ementa": "Indica Mo\u00e7\u00e3o de Parab\u00e9ns a Emerson Bertolino de Lima, pelos relevantes trabalhos espirituais prestados aos jovens da nossa cidade atrav\u00e9s da Igreja Assembleia de Deus."}, {"id": "20970", "ano": "2022", "numero": "352", "tipo__sigla": "IND", "tipo__descricao": "Indica\u00e7\u00e3o", "autoria": "Warlen Alves da Silva", "texto_original": "http://sapl.pedroleopoldo.mg.leg.br/media/sapl/public/materialegislativa/2022/20970/indicacao_no_352-2022_-_warlen_alves_da_silva.pdf", "ementa": "Indica Mo\u00e7\u00e3o de Parab\u00e9ns ao Pastor Anderson Pereira dos Santos, pelos relevantes trabalhos espirituais e comunit\u00e1rios prestados em nosso munic\u00edpio, h\u00e1 mais de 9 anos."}, {"id": "20971", "ano": "2022", "numero": "353", "tipo__sigla": "IND", "tipo__descricao": "Indica\u00e7\u00e3o", "autoria": "Warlen Alves da Silva", "texto_original": "http://sapl.pedroleopoldo.mg.leg.br/media/sapl/public/materialegislativa/2022/20971/indicacao_no_353-2022_-_warlen_alves_da_silva.pdf", "ementa": "Indica Mo\u00e7\u00e3o de Parab\u00e9ns a Emanuel de Alcantara, pelos relevantes trabalhos prestados a fam\u00edlias carentes e gera\u00e7\u00e3o de empregos em nosso munic\u00edpio."}, {"id": "20972", "ano": "2022", "numero": "354", "tipo__sigla": "IND", "tipo__descricao": "Indica\u00e7\u00e3o", "autoria": "Cynthia Salom\u00e3o Bastos Faria", "texto_original": "http://sapl.pedroleopoldo.mg.leg.br/media/sapl/public/materialegislativa/2022/20972/indicacao_no_354-2022_-_cynthia_salomao_bastos_faria.pdf", "ementa": "Indica instala\u00e7\u00e3o de redutor de velocidade em frente \u00e0s institui\u00e7\u00f5es escolares: E.E. Romero Carvalho - Rua Fern\u00e3o Dias,352 - Fidalgo e CEMAI Ol\u00edvia Martins - Rua Fern\u00e3o Dias, 184 - Quinta do Sumidouro."}, {"id": "20973", "ano": "2022", "numero": "355", "tipo__sigla": "IND", "tipo__descricao": "Indica\u00e7\u00e3o", "autoria": "Cynthia Salom\u00e3o Bastos Faria", "texto_original": "http://sapl.pedroleopoldo.mg.leg.br/media/sapl/public/materialegislativa/2022/20973/indicacao_no_355-2022_-_cynthia_salomao_bastos_faria.pdf", "ementa": "Indica a instala\u00e7\u00e3o de faixa de pedestres em frente \u00e0s seguintes institui\u00e7\u00f5es escolares: E.E. Romero de Carvalho - Rua Fern\u00e3o dias,352 \u2013 Fidalgo; Cemai Eug\u00eania de Bastos - Rua Palestina, 91 - Quinta do Sumidouro; e Cemai Ol\u00edvia Martins - Rua Fern\u00e3o Dias, 184 - Quinta do Sumidouro."}, {"id": "20974", "ano": "2022", "numero": "356", "tipo__sigla": "IND", "tipo__descricao": "Indica\u00e7\u00e3o", "autoria": "Cynthia Salom\u00e3o Bastos Faria", "texto_original": "http://sapl.pedroleopoldo.mg.leg.br/media/sapl/public/materialegislativa/2022/20974/indicacao_no_356-2022_-_cynthia_salomao_bastos_faria.pdf", "ementa": "Indica a instala\u00e7\u00e3o de sinaliza\u00e7\u00e3o vertical de tr\u00e2nsito de embarque e desembarque em frente \u00e0s seguintes institui\u00e7\u00f5es escolares: E.E. Romero Carvalho - Rua Fern\u00e3o Dias, 352 \u2013 Fidalgo; e Cemai Ol\u00edvia Martins - Rua Fern\u00e3o Dias, 184 - Quinta do Sumidouro."}, {"id": "20975", "ano": "2022", "numero": "357", "tipo__sigla": "IND", "tipo__descricao": "Indica\u00e7\u00e3o", "autoria": "Cynthia Salom\u00e3o Bastos Faria", "texto_original": "http://sapl.pedroleopoldo.mg.leg.br/media/sapl/public/materialegislativa/2022/20975/indicacao_no_357-2022_-_cynthia_salomao_bastos_faria.pdf", "ementa": "Indica a manuten\u00e7\u00e3o da faixa de pedestres ao lado direito da Par\u00f3quia Nossa Senhora da Concei\u00e7\u00e3o, na Pra\u00e7a Francisco Viana, 26 - Centro."}, {"id": "20976", "ano": "2022", "numero": "358", "tipo__sigla": "IND", "tipo__descricao": "Indica\u00e7\u00e3o", "autoria": "Cynthia Salom\u00e3o Bastos Faria", "texto_original": "http://sapl.pedroleopoldo.mg.leg.br/media/sapl/public/materialegislativa/2022/20976/indicacao_no_358-2022_-_cynthia_salomao_bastos_faria.pdf", "ementa": "Indica a sinaliza\u00e7\u00e3o gr\u00e1fica horizontal na Estrada Jos\u00e9 Pedr\u00e3o, que liga o Bairro Lagoa de Santo Ant\u00f4nio ao Distrito de Fidalgo."}, {"id": "20977", "ano": "2022", "numero": "359", "tipo__sigla": "IND", "tipo__descricao": "Indica\u00e7\u00e3o", "autoria": "Warlen Alves da Silva", "texto_original": "http://sapl.pedroleopoldo.mg.leg.br/media/sapl/public/materialegislativa/2022/20977/indicacao_no_359-2022_-_warlen_alves_da_silva.pdf", "ementa": "Indica concess\u00e3o de Mo\u00e7\u00e3o de Parab\u00e9ns ao 1\u00b0 Sargento Robson Medeiros Costa, Policial Militar de Pedro Leopoldo."}, {"id": "20978", "ano": "2022", "numero": "360", "tipo__sigla": "IND", "tipo__descricao": "Indica\u00e7\u00e3o", "autoria": "Warlen Alves da Silva", "texto_original": "http://sapl.pedroleopoldo.mg.leg.br/media/sapl/public/materialegislativa/2022/20978/indicacao_no_360-2022_-_warlen_alves_da_silva.pdf", "ementa": "Indico a concess\u00e3o de Mo\u00e7\u00e3o de Parab\u00e9ns \u00e0 Giordana Meiry Silva Pereira."}, {"id": "20995", "ano": "2022", "numero": "361", "tipo__sigla": "IND", "tipo__descricao": "Indica\u00e7\u00e3o", "autoria": "Frederico Henrique Cota Alves (Fred Piau)", "texto_original": "http://sapl.pedroleopoldo.mg.leg.br/media/sapl/public/materialegislativa/2022/20995/indicacao_no_361-2022_-_frederico_henrique_cota_alves.pdf", "ementa": "Indica a inser\u00e7\u00e3o do t\u00eanis de mesa no JEMPEL - Jogos Estudantis do Munic\u00edpio de Pedro Leopoldo."}, {"id": "20996", "ano": "2022", "numero": "362", "tipo__sigla": "IND", "tipo__descricao": "Indica\u00e7\u00e3o", "autoria": "Frederico Henrique Cota Alves (Fred Piau)", "texto_original": "http://sapl.pedroleopoldo.mg.leg.br/media/sapl/public/materialegislativa/2022/20996/indicacao_no_362-2022_-_frederico_henrique_cota_alves.pdf", "ementa": "Indica a contrata\u00e7\u00e3o de um psic\u00f3logo ferista para atender os alunos da rede municipal de nossa cidade."}, {"id": "20997", "ano": "2022", "numero": "363", "tipo__sigla": "IND", "tipo__descricao": "Indica\u00e7\u00e3o", "autoria": "Frederico Henrique Cota Alves (Fred Piau)", "texto_original": "http://sapl.pedroleopoldo.mg.leg.br/media/sapl/public/materialegislativa/2022/20997/indicacao_no_363-2022_-_frederico_henrique_cota_alves.pdf", "ementa": "Indica a cria\u00e7\u00e3o da Pol\u00edtica Municipal de Aten\u00e7\u00e3o Integral \u00e0 Sa\u00fade da Crian\u00e7a, com a\u00e7\u00f5es cont\u00ednuas nos primeiros 1000 dias de vida das crian\u00e7as."}, {"id": "20998", "ano": "2022", "numero": "364", "tipo__sigla": "IND", "tipo__descricao": "Indica\u00e7\u00e3o", "autoria": "Frederico Henrique Cota Alves (Fred Piau)", "texto_original": "http://sapl.pedroleopoldo.mg.leg.br/media/sapl/public/materialegislativa/2022/20998/indicacao_no_364-2022_-_frederico_henrique_cota_alves.pdf", "ementa": "Indica a cria\u00e7\u00e3o de um Plano Municipal de Seguran\u00e7a P\u00fablica"}, {"id": "20999", "ano": "2022", "numero": "365", "tipo__sigla": "IND", "tipo__descricao": "Indica\u00e7\u00e3o", "autoria": "Frederico Henrique Cota Alves (Fred Piau)", "texto_original": "http://sapl.pedroleopoldo.mg.leg.br/media/sapl/public/materialegislativa/2022/20999/indicacao_no_365-2022_-_frederico_henrique_cota_alves.pdf", "ementa": "Indica a aquisi\u00e7\u00e3o de televisores mais modernos para todas as salas dos CEMAIS de nossa cidade, para proporcionar \u00e0s equipes pedag\u00f3gicas uma melhor estrutura de ensino de nossas crian\u00e7as."}, {"id": "21000", "ano": "2022", "numero": "366", "tipo__sigla": "IND", "tipo__descricao": "Indica\u00e7\u00e3o", "autoria": "Warlen Alves da Silva", "texto_original": "http://sapl.pedroleopoldo.mg.leg.br/media/sapl/public/materialegislativa/2022/21000/indicacao_no_366-2022_-_warlen_alves_da_silva.pdf", "ementa": "Indica a concess\u00e3o de Mo\u00e7\u00e3o de Parab\u00e9ns ao Pastor Willian Alves da Silva pelos relevantes servi\u00e7os espirituais prestados h\u00e1 mais de 40 anos, em nosso munic\u00edpio."}, {"id": "21001", "ano": "2022", "numero": "367", "tipo__sigla": "IND", "tipo__descricao": "Indica\u00e7\u00e3o", "autoria": "Warlen Alves da Silva", "texto_original": "http://sapl.pedroleopoldo.mg.leg.br/media/sapl/public/materialegislativa/2022/21001/indicacao_no_367-2022_-_warlen_alves_da_silva.pdf", "ementa": "Indica a concess\u00e3o de Mo\u00e7\u00e3o de Parab\u00e9ns a Andr\u00e9 Luiz Martins pelos relevantes trabalhos sociais e comunit\u00e1rios prestados \u00e0s fam\u00edlias carentes, bem como pela gera\u00e7\u00e3o de empregos em nossa cidade."}, {"id": "21002", "ano": "2022", "numero": "368", "tipo__sigla": "IND", "tipo__descricao": "Indica\u00e7\u00e3o", "autoria": "Warlen Alves da Silva", "texto_original": "http://sapl.pedroleopoldo.mg.leg.br/media/sapl/public/materialegislativa/2022/21002/indicacao_no_368-2022_-_warlen_alves_da_silva.pdf", "ementa": "Indica conceder Mo\u00e7\u00e3o de Parab\u00e9ns a Luiza Helena Reis Assun\u00e7\u00e3o pela conquista de medalhas nas Olimp\u00edadas do Conhecimento nas mais diversas \u00e1reas, sendo premiada em competi\u00e7\u00f5es regionais e nacionais de matem\u00e1tica, qu\u00edmica e ci\u00eancias."}, {"id": "21003", "ano": "2022", "numero": "369", "tipo__sigla": "IND", "tipo__descricao": "Indica\u00e7\u00e3o", "autoria": "Eldir Jos\u00e9 Batista (Baixinho da Garagem), Guilherme de Lima Braga (Guilherme do Doce)", "texto_original": "http://sapl.pedroleopoldo.mg.leg.br/media/sapl/public/materialegislativa/2022/21003/indicacao_no_369-2022_-_eldir_jose_batista__guilherme_de_lima_braga.pdf", "ementa": "Indicamos a recupera\u00e7\u00e3o do asfalto pr\u00f3ximo \u00e0 ponte da Estrada Ponte Alta, pr\u00f3ximo ao n\u00ba 1093."}, {"id": "21004", "ano": "2022", "numero": "370", "tipo__sigla": "IND", "tipo__descricao": "Indica\u00e7\u00e3o", "autoria": "Matheus Utsch de Oliveira", "texto_original": "http://sapl.pedroleopoldo.mg.leg.br/media/sapl/public/materialegislativa/2022/21004/indicacao_no_370-2022_-_matheus_utsch_de_oliveira.pdf", "ementa": "Indica o plantio de \u00e1rvores na Rua Dr. Neiva, seguindo orienta\u00e7\u00f5es do Plano Municipal de Arboriza\u00e7\u00e3o, Lei n\u00ba 3.666, de 06 de junho de 2022."}, {"id": "21005", "ano": "2022", "numero": "371", "tipo__sigla": "IND", "tipo__descricao": "Indica\u00e7\u00e3o", "autoria": "Matheus Utsch de Oliveira", "texto_original": "http://sapl.pedroleopoldo.mg.leg.br/media/sapl/public/materialegislativa/2022/21005/indicacao_no_371-2022_-_matheus_utsch_de_oliveira.pdf", "ementa": "Indica o plantio de \u00e1rvores na Rua S\u00e3o Paulo, seguindo orienta\u00e7\u00f5es do Plano Municipal de Arboriza\u00e7\u00e3o, Lei n\u00ba 3.666, de 06 de junho de 2022."}, {"id": "21006", "ano": "2022", "numero": "372", "tipo__sigla": "IND", "tipo__descricao": "Indica\u00e7\u00e3o", "autoria": "Matheus Utsch de Oliveira", "texto_original": "http://sapl.pedroleopoldo.mg.leg.br/media/sapl/public/materialegislativa/2022/21006/indicacao_no_372-2022_-_matheus_utsch_de_oliveira.pdf", "ementa": "Indica o plantio de \u00e1rvores na Rua Suzana Passos (in\u00edcio da entrada da Fazenda), seguindo orienta\u00e7\u00f5es do Plano Municipal de Arboriza\u00e7\u00e3o, Lei n\u00ba 3.666, de 06 de junho de 2022."}, {"id": "21024", "ano": "2022", "numero": "374", "tipo__sigla": "IND", "tipo__descricao": "Indica\u00e7\u00e3o", "autoria": "Guilherme de Lima Braga (Guilherme do Doce)", "texto_original": "http://sapl.pedroleopoldo.mg.leg.br/media/sapl/public/materialegislativa/2022/21024/indicacao_no_374-2022_-_guilherme_de_lima_braga.pdf", "ementa": "Indica servi\u00e7os de limpeza (capina e ro\u00e7ada) na Rua Jos\u00e9 Neto Filho, Bairro Portal das Ac\u00e1cias, neste munic\u00edpio."}, {"id": "21025", "ano": "2022", "numero": "375", "tipo__sigla": "IND", "tipo__descricao": "Indica\u00e7\u00e3o", "autoria": "Frederico Henrique Cota Alves (Fred Piau)", "texto_original": "http://sapl.pedroleopoldo.mg.leg.br/media/sapl/public/materialegislativa/2022/21025/indicacao_no_375-2022_-_frederico_henrique_cota_alves.pdf", "ementa": "Indica a instala\u00e7\u00e3o de placas de sinaliza\u00e7\u00e3o nas ruas: Cruzeiro, Orqu\u00eddeas, Margaridas, Violetas, Das Azaleias, Das Rosas, Pau-Brasil, Pau Cravo, Palmeiras, Pinheiros e Pequis, localizadas nos bairros: Moradas dos Angicos e Santa F\u00e9."}, {"id": "21026", "ano": "2022", "numero": "376", "tipo__sigla": "IND", "tipo__descricao": "Indica\u00e7\u00e3o", "autoria": "Frederico Henrique Cota Alves (Fred Piau)", "texto_original": "http://sapl.pedroleopoldo.mg.leg.br/media/sapl/public/materialegislativa/2022/21026/indicacao_no_376-2022_-_frederico_henrique_cota_alves.pdf", "ementa": "Indica dar publicidade \u00e0 programa\u00e7\u00e3o semanal dos servi\u00e7os que est\u00e3o sendo realizados pela Secretaria de Obras para que a popula\u00e7\u00e3o tenha conhecimento do local onde a equipe est\u00e1 trabalhando."}, {"id": "21027", "ano": "2022", "numero": "377", "tipo__sigla": "IND", "tipo__descricao": "Indica\u00e7\u00e3o", "autoria": "Frederico Henrique Cota Alves (Fred Piau)", "texto_original": "http://sapl.pedroleopoldo.mg.leg.br/media/sapl/public/materialegislativa/2022/21027/indicacao_no_377-2022_-_frederico_henrique_cota_alves.pdf", "ementa": "Indica a cria\u00e7\u00e3o de um credenciamento ou chamamento p\u00fablico, para viabilizar a publica\u00e7\u00e3o de livros de autores residentes em nossa cidade. O recurso para viabilizar esta a\u00e7\u00e3o sair\u00e1 da Secretaria Municipal de Cultura."}, {"id": "21028", "ano": "2022", "numero": "378", "tipo__sigla": "IND", "tipo__descricao": "Indica\u00e7\u00e3o", "autoria": "Frederico Henrique Cota Alves (Fred Piau)", "texto_original": "http://sapl.pedroleopoldo.mg.leg.br/media/sapl/public/materialegislativa/2022/21028/indicacao_no_378-2022_-_frederico_henrique_cota_alves.pdf", "ementa": "Indica a cria\u00e7\u00e3o do Fundo Municipal de Cultura e tamb\u00e9m a cria\u00e7\u00e3o de credenciamento de projetos para acessar ao recurso destinado ao fundo."}, {"id": "21029", "ano": "2022", "numero": "379", "tipo__sigla": "IND", "tipo__descricao": "Indica\u00e7\u00e3o", "autoria": "Cynthia Salom\u00e3o Bastos Faria", "texto_original": "http://sapl.pedroleopoldo.mg.leg.br/media/sapl/public/materialegislativa/2022/21029/indicacao_no_379-2022_-_cynthia_salomao_bastos_faria.pdf", "ementa": "INDICA A VISTORIA E CONSTRU\u00c7\u00c3O DE MURO DE CONTEN\u00c7\u00c3O DO BARRANCO  DE TERRA LOCALIZADO A MAIS OU MENOS 1 KM ANTES DA FAZENDA GIRASSOL,  NA RODOVIA JOS\u00c9 PEDR\u00c3O, SENTIDO BAIRRO LAGOA DE SANTO ANT\u00d4NIO A FIDALGO."}, {"id": "21030", "ano": "2022", "numero": "380", "tipo__sigla": "IND", "tipo__descricao": "Indica\u00e7\u00e3o", "autoria": "Cynthia Salom\u00e3o Bastos Faria", "texto_original": "http://sapl.pedroleopoldo.mg.leg.br/media/sapl/public/materialegislativa/2022/21030/indicacao_no_380-2022_-_cynthia_salomao_bastos_faria.pdf", "ementa": "INDICA A DIVIS\u00c3O DE BANHEIRO EM MASCULINO E FEMININO DA INSTITUI\u00c7\u00c3O ESCOLAR CEMAI EUG\u00caNIA DE BASTOS."}, {"id": "21031", "ano": "2022", "numero": "381", "tipo__sigla": "IND", "tipo__descricao": "Indica\u00e7\u00e3o", "autoria": "Cynthia Salom\u00e3o Bastos Faria", "texto_original": "http://sapl.pedroleopoldo.mg.leg.br/media/sapl/public/materialegislativa/2022/21031/indicacao_no_381-2022_-_cynthia_salomao_bastos_faria.pdf", "ementa": "INDICA A INSTALA\u00c7\u00c3O DE SINALIZA\u00c7\u00c3O VERTICAL PROIBINDO PARAR E ESTACIONAR EM UM DOS LADOS DA AVENIDA CAMILO ALVES, SENTIDO LAGOA DE SANTO ANT\u00d4NIO, AP\u00d3S A PASSAGEM PELAS CORREIAS CENTRAIS DA HOLCIM, NA ALTURA DO N\u00daMERO 945."}, {"id": "19896", "ano": "2022", "numero": "2", "tipo__sigla": "OF", "tipo__descricao": "Of\u00edcio", "autoria": "", "texto_original": "http://sapl.pedroleopoldo.mg.leg.br/media/sapl/public/materialegislativa/2022/19896/oficio_02-22.pdf", "ementa": "Ilmo(a) . Sr(a)\r\nRepresentante da Empresa Brasileira de Correios e Tel\u00e9grafos \r\n\r\n\r\n\r\n\r\n\r\n\r\n\r\n\r\n\r\n\r\n\r\n\r\n\r\n\r\n\r\n\r\n\r\n\r\n\r\n\r\n\r\n\r\n\r\n\r\n\r\n\r\n\r\n\r\n\r\n\r\n\r\n\r\n\r\n\r\n\r\n\r\n\r\n\r\n\r\n\r\n\r\n\r\n\r\n\r\n\r\n\r\n\r\n\r\n\r\n\r\n\r\n\r\n\r\n\r\n\r\n\r\n\r\n\r\n\r\n\r\n\r\n\r\n\r\n\r\nAssunto : Solicita a elabora\u00e7\u00e3o de termo aditivo para inclus\u00e3o do servi\u00e7os de Caixa Postal"}, {"id": "19895", "ano": "2022", "numero": "12", "tipo__sigla": "OF", "tipo__descricao": "Of\u00edcio", "autoria": "", "texto_original": "http://sapl.pedroleopoldo.mg.leg.br/media/sapl/public/materialegislativa/2022/19895/oficio_12-22.pdf", "ementa": "Exmo. Sr\r\nEvair dos Santos de oliveira \r\nSecret\u00e1rio Municipal de Seguran\u00e7a P\u00fablica \r\nPrefeitura Municipal Pedro Leopoldo/MG\r\n\r\n\r\n\r\n\r\n\r\n\r\n\r\n\r\n\r\n\r\n\r\n\r\n\r\n\r\n\r\n\r\n\r\n\r\n\r\n\r\n\r\n\r\n\r\n\r\n\r\n\r\n\r\n\r\n\r\n\r\n\r\n\r\n\r\n\r\n\r\n\r\n\r\n\r\n\r\n\r\n\r\n\r\n\r\n\r\n\r\n\r\n\r\n\r\n\r\n\r\n\r\n\r\n\r\n\r\n\r\n\r\n\r\n\r\n\r\n\r\n\r\n\r\n\r\n\r\n\r\n\r\n\r\n\r\n\r\n\r\n\r\n\r\n\r\n\r\n\r\n\r\n\r\n\r\n\r\n\r\n\r\n\r\n\r\n\r\n\r\n\r\n\r\n\r\n\r\n\r\n\r\n\r\n\r\n\r\n\r\n\r\n\r\n\r\n\r\n\r\n\r\n\r\n\r\n\r\n\r\n\r\n\r\n\r\n\r\n\r\n\r\n\r\n\r\n\r\n\r\n\r\n\r\n\r\n\r\n\r\n\r\n\r\n\r\n\r\n\r\n\r\nAssunto: Vaga oficial para o Centro de Aten\u00e7\u00e3o ao Cidad\u00e3o (CAC)"}, {"id": "19897", "ano": "2022", "numero": "13", "tipo__sigla": "OF", "tipo__descricao": "Of\u00edcio", "autoria": "", "texto_original": "http://sapl.pedroleopoldo.mg.leg.br/media/sapl/public/materialegislativa/2022/19897/oficio_13-22.pdf", "ementa": "Ao senhor \r\nEvair dos Santos de Oliveira \r\nSecret\u00e1rio Municipal de Seguran\u00e7a P\u00fablica \r\nPrefeitura de Pedro Leopoldo/MG\r\n\r\n\r\n\r\n\r\n\r\n\r\n\r\n\r\n\r\n\r\n\r\n\r\n\r\n\r\n\r\n\r\n\r\n\r\n\r\n\r\n\r\n\r\n\r\n\r\n\r\n\r\n\r\n\r\n\r\n\r\n\r\n\r\n\r\n\r\n\r\n\r\n\r\n\r\n\r\n\r\n\r\n\r\n\r\n\r\n\r\n\r\n\r\n\r\n\r\n\r\n\r\n\r\n\r\n\r\n\r\n\r\n\r\n\r\n\r\n\r\n\r\n\r\n\r\n\r\n\r\n\r\nAssunto: Ronda no CAC"}, {"id": "19898", "ano": "2022", "numero": "14", "tipo__sigla": "OF", "tipo__descricao": "Of\u00edcio", "autoria": "", "texto_original": "http://sapl.pedroleopoldo.mg.leg.br/media/sapl/public/materialegislativa/2022/19898/oficio_14-22.pdf", "ementa": "Exma. Sra.\r\nEloisa Helena Carvalho de Freitas Pereira \r\nPrfeita \r\nPrefeitura de Pedro Leopoldo/ MG\r\n\r\n\r\n\r\n\r\n\r\n\r\n\r\n\r\n\r\n\r\n\r\n\r\n\r\n\r\n\r\n\r\n\r\n\r\n\r\n\r\n\r\n\r\n\r\n\r\n\r\n\r\n\r\n\r\n\r\n\r\n\r\n\r\n\r\n\r\n\r\n\r\n\r\n\r\n\r\n\r\n\r\n\r\n\r\n\r\n\r\n\r\n\r\n\r\n\r\n\r\n\r\n\r\n\r\n\r\n\r\n\r\n\r\n\r\n\r\n\r\n\r\n\r\n\r\n\r\n\r\n\r\nAssunto: Devolu\u00e7\u00e3o de bens"}, {"id": "19899", "ano": "2022", "numero": "16", "tipo__sigla": "OF", "tipo__descricao": "Of\u00edcio", "autoria": "", "texto_original": "http://sapl.pedroleopoldo.mg.leg.br/media/sapl/public/materialegislativa/2022/19899/oficio_16-22.pdf", "ementa": "Ao Senhor \r\nCoronel Evair dos Santos de Oliveira \r\nSecret\u00e1ria Municipal de Seguran\u00e7a P\u00fablica \r\nPrefeitura de Pedro Leopoldo \r\n\r\n\r\n\r\n\r\n\r\n\r\n\r\n\r\n\r\n\r\n\r\n\r\n\r\n\r\n\r\n\r\n\r\n\r\n\r\n\r\n\r\n\r\n\r\n\r\n\r\n\r\n\r\n\r\n\r\n\r\n\r\n\r\n\r\n\r\n\r\n\r\n\r\n\r\n\r\n\r\n\r\n\r\n\r\n\r\n\r\n\r\n\r\n\r\n\r\nAssunto:  Ronda na Rodovi\u00e1ria"}, {"id": "19900", "ano": "2022", "numero": "17", "tipo__sigla": "OF", "tipo__descricao": "Of\u00edcio", "autoria": "", "texto_original": "http://sapl.pedroleopoldo.mg.leg.br/media/sapl/public/materialegislativa/2022/19900/oficio_17-22.pdf", "ementa": "Ao Tenente - Coronel \r\nFl\u00e1vio Oliveira de Almeida \r\nComandante da 11\u00aa Cia. Independente de pol\u00edcia Militar \r\nMunic\u00edpio de Pedro Leopoldo/ MG\r\n\r\n\r\n\r\n\r\n\r\n\r\n\r\n\r\n\r\n\r\n\r\n\r\n\r\n\r\n\r\n\r\n\r\n\r\n\r\n\r\n\r\n\r\n\r\n\r\n\r\n\r\n\r\n\r\n\r\n\r\n\r\n\r\n\r\n\r\n\r\n\r\n\r\n\r\n\r\n\r\n\r\n\r\n\r\n\r\n\r\nAssunto: Ronda Rodovi\u00e1ria"}, {"id": "19901", "ano": "2022", "numero": "20", "tipo__sigla": "OF", "tipo__descricao": "Of\u00edcio", "autoria": "", "texto_original": "http://sapl.pedroleopoldo.mg.leg.br/media/sapl/public/materialegislativa/2022/19901/oficio_20-22.pdf", "ementa": "Exma. Sra.\r\nEloisa Helena Carvalho de Freitas Pereira\r\nPrefeitura Municipal Pedro Leopoldo/MG\r\n\r\n\r\n\r\n\r\n\r\n\r\n\r\n\r\n\r\n\r\n\r\n\r\n\r\n\r\n\r\n\r\n\r\n\r\n\r\n\r\n\r\n\r\n\r\n\r\n\r\n\r\n\r\n\r\n\r\n\r\n\r\n\r\n\r\n\r\n\r\n\r\n\r\n\r\n\r\n\r\n\r\n\r\n\r\n\r\n\r\n\r\n\r\n\r\n\r\n\r\n\r\n\r\n\r\n\r\n\r\n\r\n\r\n\r\n\r\n\r\n\r\nAssunto: Mat\u00e9ria aprovada na 1\u00aa Reuni\u00e3o Ordin\u00e1ria da C\u00e2mara Municipal de Pedro Leopoldo, realizada em 14 fevereiro de 2022"}, {"id": "19903", "ano": "2022", "numero": "21", "tipo__sigla": "OF", "tipo__descricao": "Of\u00edcio", "autoria": "", "texto_original": "http://sapl.pedroleopoldo.mg.leg.br/media/sapl/public/materialegislativa/2022/19903/oficio_21-22.pdf", "ementa": "Ilma. Sra.\r\nTaine Roscoe e fam\u00edlia\r\n\r\n\r\n\r\n\r\n\r\n\r\n\r\n\r\n\r\n\r\n\r\n\r\n\r\n\r\n\r\n\r\n\r\n\r\n\r\n\r\n\r\n\r\n\r\n\r\n\r\n\r\n\r\n\r\n\r\n\r\n\r\n\r\n\r\n\r\n\r\n\r\n\r\n\r\n\r\n\r\n\r\n\r\n\r\n\r\n\r\n\r\n\r\n\r\n\r\n\r\n\r\n\r\n\r\n\r\n\r\n\r\n\r\n\r\nAssunto: Voto de pesar pelo falecimento Sr. Ivan Roscoe"}, {"id": "19904", "ano": "2022", "numero": "22", "tipo__sigla": "OF", "tipo__descricao": "Of\u00edcio", "autoria": "", "texto_original": "http://sapl.pedroleopoldo.mg.leg.br/media/sapl/public/materialegislativa/2022/19904/oficio_22-22.pdf", "ementa": "Ilma. Sra.\r\nRaimundo Ferreira de Oliveira Silva e fam\u00edlia\r\n\r\n\r\n\r\n\r\n\r\n\r\n\r\n\r\n\r\n\r\n\r\n\r\n\r\n\r\n\r\n\r\n\r\n\r\n\r\n\r\n\r\n\r\n\r\n\r\n\r\n\r\n\r\n\r\n\r\n\r\n\r\n\r\n\r\n\r\n\r\n\r\n\r\n\r\n\r\n\r\n\r\n\r\n\r\n\r\n\r\n\r\n\r\n\r\n\r\n\r\n\r\n\r\n\r\n\r\n\r\n\r\n\r\n\r\n\r\n\r\n\r\nAssunto: Voto de pesar pelo falecimento Sr. Sebasti\u00e3o Ferreira de Oliveira"}, {"id": "19905", "ano": "2022", "numero": "23", "tipo__sigla": "OF", "tipo__descricao": "Of\u00edcio", "autoria": "", "texto_original": "http://sapl.pedroleopoldo.mg.leg.br/media/sapl/public/materialegislativa/2022/19905/oficio_23-22.pdf", "ementa": "Ilmo.Sr\r\nJos\u00e9 Geraldo da Silva e fam\u00edlia\r\n\r\n\r\n\r\n\r\n\r\n\r\n\r\n\r\n\r\n\r\n\r\n\r\n\r\n\r\n\r\n\r\n\r\n\r\n\r\n\r\n\r\n\r\n\r\n\r\n\r\n\r\n\r\n\r\n\r\n\r\n\r\n\r\n\r\n\r\n\r\n\r\n\r\n\r\n\r\n\r\n\r\n\r\n\r\n\r\n\r\n\r\n\r\n\r\n\r\n\r\n\r\n\r\n\r\n\r\n\r\n\r\n\r\n\r\n\r\n\r\n\r\n\r\n\r\n\r\n\r\n\r\n\r\n\r\n\r\n\r\n\r\n\r\n\r\nAssunto: Voto de pesar pelo falecimento Sra. Margarida Ferreira da Silva"}, {"id": "19906", "ano": "2022", "numero": "24", "tipo__sigla": "OF", "tipo__descricao": "Of\u00edcio", "autoria": "", "texto_original": "http://sapl.pedroleopoldo.mg.leg.br/media/sapl/public/materialegislativa/2022/19906/oficio_24-22.pdf", "ementa": "Esma.Sra.\r\n Dra. raquel Fernanda Caetano Correa Couy \r\nPromotora de Justi\u00e7a da Comarca de Pedro Leopoldo \r\n\r\n\r\n\r\n\r\n\r\n\r\n\r\n\r\n\r\n\r\n\r\n\r\n\r\n\r\n\r\n\r\n\r\n\r\n\r\n\r\n\r\n\r\n\r\n\r\n\r\n\r\n\r\n\r\n\r\n\r\n\r\n\r\n\r\n\r\n\r\n\r\n\r\n\r\n\r\n\r\n\r\n\r\n\r\n\r\n\r\n\r\n\r\n\r\n\r\n\r\n\r\n\r\n\r\n\r\n\r\n\r\n\r\n\r\n\r\n\r\n\r\n\r\n\r\n\r\n\r\n\r\n\r\n\r\n\r\n\r\n\r\n\r\n\r\n\r\n\r\n\r\n\r\n\r\n\r\n\r\n\r\nAssunto: Resposta of\u00edcio 554/2021"}, {"id": "19908", "ano": "2022", "numero": "26", "tipo__sigla": "OF", "tipo__descricao": "Of\u00edcio", "autoria": "", "texto_original": "http://sapl.pedroleopoldo.mg.leg.br/media/sapl/public/materialegislativa/2022/19908/oficio_26-22.pdf", "ementa": "Exma. Sra\r\nEloisa Helena Carvalho de Freitas Pereira \r\nPrefeita \r\nPrefeitura Municipal de Pedro Leopoldo\r\n\r\nC/C\u00f3pia\r\nH\u00e9lio Renato Neri \r\nSecret\u00e1rio Municipal de Sa\u00fade \r\n\r\nDeijiane Mendes Cruz \r\nDiretora de Sa\u00fade \r\n\r\n\r\n\r\n\r\n\r\n\r\n\r\n\r\n\r\n\r\n\r\n\r\n\r\n\r\n\r\n\r\n\r\n\r\n\r\n\r\n\r\n\r\n\r\n\r\n\r\n\r\n\r\n\r\n\r\n\r\n\r\n\r\n\r\n\r\n\r\n\r\n\r\n\r\n\r\n\r\n\r\n\r\n\r\n\r\n\r\n\r\n\r\n\r\n\r\n\r\n\r\n\r\n\r\n\r\n\r\n\r\n\r\n\r\n\r\n\r\n\r\n\r\n\r\n\r\n\r\n\r\n\r\n\r\n\r\n\r\n\r\n\r\n\r\n\r\n\r\n\r\n\r\n\r\n\r\n\r\n\r\n\r\n\r\n\r\n\r\n\r\n\r\n\r\n\r\n\r\n\r\n\r\n\r\n\r\n\r\n\r\n\r\n\r\n\r\n\r\n\r\n\r\n\r\n\r\n\r\n\r\n\r\n\r\nAssunto: Uso da Palavra Livre"}, {"id": "19909", "ano": "2022", "numero": "28", "tipo__sigla": "OF", "tipo__descricao": "Of\u00edcio", "autoria": "", "texto_original": "http://sapl.pedroleopoldo.mg.leg.br/media/sapl/public/materialegislativa/2022/19909/oficio_28-22.pdf", "ementa": "Ao Senhor \r\nAldo \r\nDiretor do Hospital e Maternidade Dr. Eug\u00eanio Gomes de Carvalho\r\nPrefeitura de Pedro Leopoldo\r\n\r\n\r\n\r\n\r\n\r\n\r\n\r\n\r\n\r\n\r\n\r\n\r\n\r\n\r\n\r\n\r\n\r\n\r\n\r\n\r\n\r\n\r\n\r\n\r\n\r\n\r\n\r\n\r\n\r\n\r\n\r\n\r\n\r\n\r\n\r\n\r\n\r\n\r\n\r\n\r\n\r\n\r\n\r\n\r\n\r\n\r\n\r\n\r\n\r\n\r\n\r\n\r\n\r\n\r\n\r\n\r\n\r\n\r\n\r\n\r\n\r\n\r\n\r\n\r\n\r\n\r\n\r\n\r\n\r\n\r\n\r\n\r\n\r\n\r\n\r\n\r\nAssunto: Uso da Palavra livre"}, {"id": "19912", "ano": "2022", "numero": "29", "tipo__sigla": "OF", "tipo__descricao": "Of\u00edcio", "autoria": "", "texto_original": "http://sapl.pedroleopoldo.mg.leg.br/media/sapl/public/materialegislativa/2022/19912/oficio_29-22.pdf", "ementa": "Ao senhor \r\nRog\u00e9rio Gon\u00e7alves\r\nEngenheiro de Opera\u00e7\u00e3o de Manuten\u00e7\u00e3o \r\nCopasa \r\nPedro Leopoldo/MG\r\n\r\n\r\n\r\n\r\n\r\n\r\n\r\n\r\n\r\n\r\n\r\n\r\n\r\n\r\n\r\n\r\n\r\n\r\n\r\n\r\n\r\n\r\n\r\n\r\n\r\n\r\n\r\n\r\n\r\n\r\n\r\n\r\n\r\n\r\n\r\n\r\n\r\n\r\n\r\n\r\n\r\n\r\n\r\n\r\n\r\n\r\n\r\n\r\n\r\n\r\n\r\n\r\n\r\n\r\n\r\n\r\n\r\n\r\n\r\n\r\n\r\n\r\n\r\n\r\n\r\n\r\n\r\n\r\n\r\n\r\n\r\n\r\n\r\n\r\n\r\n\r\n\r\n\r\n\r\n\r\n\r\n\r\n\r\nAssunto: Uso da palavra livre"}, {"id": "19913", "ano": "2022", "numero": "30", "tipo__sigla": "OF", "tipo__descricao": "Of\u00edcio", "autoria": "", "texto_original": "http://sapl.pedroleopoldo.mg.leg.br/media/sapl/public/materialegislativa/2022/19913/oficio_30-22.pdf", "ementa": "Exma. Sra. Prefeita \r\nEloisa Helena Carvalho de Freitas Pereira \r\nPrefeitura de Pedro Leopoldo\r\n\r\nC/C\u00f3pia \r\nCl\u00e1udia Maria Resende, Secret\u00e1ria Municipal de Educa\u00e7\u00e3o \r\nViviane Costa Sena, Secret\u00e1ria Municipal de Desenvolvimento Social\r\nPatr\u00edcia Rafael Perdig\u00e3o , Secret\u00e1ria de Cultura , Esporte, Lazer, Turismo e Juventude \r\n\r\n\r\n\r\n\r\n\r\n\r\n\r\n\r\n\r\n\r\n\r\n\r\n\r\n\r\n\r\n\r\n\r\n\r\n\r\n\r\n\r\n\r\n\r\n\r\n\r\n\r\n\r\n\r\n\r\n\r\n\r\n\r\n\r\n\r\n\r\n\r\n\r\n\r\n\r\n\r\n\r\n\r\n\r\n\r\n\r\n\r\n\r\n\r\n\r\n\r\n\r\n\r\n\r\nAssunto: Uso da palavra livre"}, {"id": "19918", "ano": "2022", "numero": "31", "tipo__sigla": "OF", "tipo__descricao": "Of\u00edcio", "autoria": "", "texto_original": "http://sapl.pedroleopoldo.mg.leg.br/media/sapl/public/materialegislativa/2022/19918/oficio_31-22.pdf", "ementa": "Exma. Sra. Prefeita \r\nEloisa Helena Carvalho de Freitas Pereira \r\nPrefeitura de Pedro Leopoldo\r\n\r\n\r\nC/C\u00f3pia \r\nAo Senhor \r\nCoronel Evair dos Santos de Oliveira \r\nSecret\u00e1rio Municipal de Seguran\u00e7a P\u00fablica \r\n\r\n\r\n\r\n\r\n\r\n\r\n\r\n\r\n\r\n\r\n\r\n\r\n\r\n\r\n\r\n\r\n\r\n\r\n\r\n\r\n\r\n\r\n\r\n\r\n\r\n\r\n\r\n\r\n\r\n\r\n\r\n\r\n\r\n\r\n\r\n\r\n\r\n\r\n\r\n\r\n\r\n\r\n\r\n\r\n\r\n\r\n\r\n\r\n\r\n\r\n\r\n\r\n\r\n\r\n\r\n\r\n\r\n\r\n\r\n\r\n\r\n\r\n\r\n\r\n\r\n\r\n\r\n\r\n\r\n\r\n\r\n\r\n\r\n\r\n\r\n\r\n\r\n\r\n\r\n\r\n\r\n\r\n\r\n\r\n\r\n\r\n\r\n\r\n\r\n\r\n\r\n\r\n\r\n\r\n\r\n\r\n\r\n\r\n\r\n\r\n\r\n\r\n\r\n\r\n\r\n\r\n\r\n\r\n\r\n\r\n\r\n\r\n\r\n\r\n\r\n\r\n\r\n\r\n\r\n\r\n\r\n\r\n\r\n\r\n\r\n\r\n\r\n\r\n\r\n\r\n\r\n\r\n\r\n\r\n\r\n\r\n\r\n\r\n\r\n\r\n\r\n\r\n\r\n\r\n\r\n\r\n\r\n\r\n\r\n\r\n\r\n\r\n\r\n\r\n\r\n\r\n\r\n\r\n\r\n\r\n\r\n\r\n\r\n\r\n\r\n\r\n\r\n\r\n\r\n\r\n\r\n\r\n\r\n\r\n\r\n\r\n\r\n\r\n\r\n\r\n\r\n\r\n\r\n\r\n\r\n\r\n\r\n\r\n\r\n\r\n\r\n\r\n\r\n\r\n\r\n\r\n\r\n\r\n\r\n\r\n\r\n\r\n\r\n\r\n\r\n\r\n\r\n\r\n\r\n\r\n\r\nAssunto: Solicita\u00e7\u00e3o para utiliza\u00e7\u00e3o do espa\u00e7o da pra\u00e7a da prefeitura  \r\n\r\n\r\n\r\n\r\n\r\n\r\n\r\n\r\n\r\n\r\n\r\n\r\n\r\n\r\n\r\n\r\n\r\n\r\n\r\n\r\n\r\n\r\n\r\n\r\n\r\n\r\n\r\n\r\n\r\n\r\n\r\n\r\n\r\n\r\n\r\n\r\n\r\n\r\n\r\n\r\n\r\n\r\n\r\n\r\n\r\n\r\n\r\n\r\n\r\n\r\n\r\n\r\n\r\n\r\n\r\n\r\n\r\n\r\n\r\n\r\n\r\n\r\n\r\n\r\n\r\n\r\n\r\n\r\n\r\n\r\n\r\n\r\n\r\n\r\n\r\n\r\n\r\n\r\n\r\n\r\n\r\n\r\n\r\n\r\n\r\n\r\n\r\n\r\n\r\n\r\n\r\n\r\n\r\n\r\n\r\nAssunto:"}, {"id": "19921", "ano": "2022", "numero": "32", "tipo__sigla": "OF", "tipo__descricao": "Of\u00edcio", "autoria": "", "texto_original": "http://sapl.pedroleopoldo.mg.leg.br/media/sapl/public/materialegislativa/2022/19921/oficio_32-22.pdf", "ementa": "Exma. Sra.\r\nEloisa Helena Carvalho de Freitas Pereira \r\nPrefeitura Municipal Pedro Leopoldo/MG\r\n\r\n\r\n\r\n\r\n\r\n\r\n\r\n\r\n\r\n\r\n\r\n\r\n\r\n\r\n\r\n\r\n\r\n\r\n\r\n\r\n\r\n\r\n\r\n\r\n\r\n\r\n\r\n\r\n\r\n\r\n\r\n\r\n\r\n\r\n\r\n\r\n\r\n\r\n\r\n\r\n\r\n\r\n\r\n\r\n\r\n\r\n\r\n\r\n\r\n\r\n\r\n\r\n\r\n\r\n\r\n\r\n\r\n\r\n\r\n\r\n\r\n\r\n\r\n\r\n\r\n\r\n\r\nAssunto: Mat\u00e9ria aprovada na 3\u00aa Reuni\u00e3o Ordin\u00e1ria da C\u00e2mara Municipal de Pedro Leopoldo"}, {"id": "19922", "ano": "2022", "numero": "33", "tipo__sigla": "OF", "tipo__descricao": "Of\u00edcio", "autoria": "", "texto_original": "http://sapl.pedroleopoldo.mg.leg.br/media/sapl/public/materialegislativa/2022/19922/oficio_33-22.pdf", "ementa": "Ilma. Sra. \r\nAna Rodrigues dos Anjos e familiares \r\n\r\n\r\n\r\n\r\n\r\n\r\n\r\n\r\n\r\n\r\n\r\n\r\n\r\n\r\n\r\n\r\n\r\n\r\n\r\n\r\n\r\n\r\n\r\n\r\n\r\n\r\n\r\n\r\n\r\n\r\n\r\n\r\n\r\n\r\n\r\n\r\n\r\n\r\n\r\n\r\n\r\n\r\n\r\n\r\n\r\n\r\n\r\n\r\n\r\n\r\n\r\n\r\n\r\n\r\n\r\n\r\n\r\n\r\n\r\n\r\n\r\n\r\n\r\n\r\n\r\n\r\n\r\n\r\n\r\n\r\n\r\n\r\n\r\n\r\n\r\n\r\n\r\n\r\n\r\n\r\n\r\n\r\n\r\n\r\n\r\n\r\n\r\n\r\n\r\n\r\n\r\n\r\n\r\n\r\n\r\n\r\n\r\n\r\n\r\n\r\n\r\n\r\n\r\n\r\n\r\n\r\n\r\n\r\n\r\n\r\n\r\n\r\n\r\n\r\n\r\n\r\n\r\n\r\n\r\n\r\n\r\n\r\n\r\n\r\n\r\n\r\n\r\n\r\n\r\n\r\n\r\n\r\nAssunto: Voto de pesar pelo falecimento Sr. Jorge Rodrigues dos Anjos"}, {"id": "19923", "ano": "2022", "numero": "34", "tipo__sigla": "OF", "tipo__descricao": "Of\u00edcio", "autoria": "", "texto_original": "http://sapl.pedroleopoldo.mg.leg.br/media/sapl/public/materialegislativa/2022/19923/oficio_34-22.pdf", "ementa": "Ilma. Sra. \r\nNilza Ferreira e fam\u00edlia\r\n\r\n\r\n\r\n\r\n\r\n\r\n\r\n\r\n\r\n\r\n\r\n\r\n\r\n\r\n\r\n\r\n\r\n\r\n\r\n\r\n\r\n\r\n\r\n\r\n\r\n\r\n\r\n\r\n\r\n\r\n\r\n\r\n\r\n\r\n\r\n\r\n\r\n\r\n\r\n\r\n\r\n\r\n\r\n\r\n\r\n\r\n\r\n\r\n\r\n\r\n\r\n\r\n\r\n\r\n\r\n\r\nAssunto: Voto de pesar pelo  falecimento Sr. Joaquim Ferreira"}, {"id": "19924", "ano": "2022", "numero": "35", "tipo__sigla": "OF", "tipo__descricao": "Of\u00edcio", "autoria": "", "texto_original": "http://sapl.pedroleopoldo.mg.leg.br/media/sapl/public/materialegislativa/2022/19924/oficio_35-22.pdf", "ementa": "Ilmo. Sr.\r\nRobson Alisson da Silva Pereira e fam\u00edlia \r\n\r\n\r\n\r\n\r\n\r\n\r\n\r\n\r\n\r\n\r\n\r\n\r\n\r\n\r\n\r\n\r\n\r\n\r\n\r\n\r\n\r\n\r\n\r\n\r\n\r\n\r\n\r\n\r\n\r\n\r\n\r\n\r\n\r\n\r\n\r\n\r\n\r\n\r\n\r\n\r\n\r\n\r\n\r\n\r\n\r\n\r\n\r\n\r\n\r\n\r\n\r\n\r\n\r\n\r\nAssunto: Voto de pesar pelo falecimento Sr. Eli Pereira"}, {"id": "19925", "ano": "2022", "numero": "36", "tipo__sigla": "OF", "tipo__descricao": "Of\u00edcio", "autoria": "", "texto_original": "http://sapl.pedroleopoldo.mg.leg.br/media/sapl/public/materialegislativa/2022/19925/oficio_36-22.pdf", "ementa": "Ilma. Sra.\r\nMarinha Pereira dos Santos e fam\u00edlia\r\n\r\n\r\n\r\n\r\n\r\n\r\n\r\n\r\n\r\n\r\n\r\n\r\n\r\n\r\n\r\n\r\n\r\n\r\n\r\n\r\n\r\n\r\n\r\n\r\n\r\n\r\n\r\n\r\n\r\n\r\n\r\n\r\n\r\n\r\n\r\n\r\n\r\n\r\n\r\n\r\n\r\n\r\n\r\n\r\n\r\n\r\n\r\n\r\n\r\n\r\n\r\n\r\n\r\n\r\n\r\n\r\n\r\n\r\n\r\n\r\n\r\n\r\n\r\nAssunto: Voto de pesar pelo falecimento do Sr. Eli Pereira"}, {"id": "19926", "ano": "2022", "numero": "37", "tipo__sigla": "OF", "tipo__descricao": "Of\u00edcio", "autoria": "", "texto_original": "http://sapl.pedroleopoldo.mg.leg.br/media/sapl/public/materialegislativa/2022/19926/oficio_37-22.pdf", "ementa": "Ilma. Sra. \r\nMarlene Fernandes Gomes e fam\u00edlia \r\n\r\n\r\n\r\n\r\n\r\n\r\n\r\n\r\n\r\n\r\n\r\n\r\n\r\n\r\n\r\n\r\n\r\n\r\n\r\n\r\n\r\n\r\n\r\n\r\n\r\n\r\n\r\n\r\n\r\n\r\n\r\n\r\n\r\n\r\n\r\n\r\n\r\n\r\n\r\n\r\n\r\n\r\n\r\n\r\n\r\n\r\n\r\n\r\n\r\n\r\n\r\n\r\n\r\n\r\n\r\n\r\n\r\n\r\n\r\n\r\n\r\n\r\n\r\n\r\n\r\n\r\n\r\n\r\n\r\n\r\n\r\n\r\n\r\n\r\n\r\n\r\n\r\n\r\n\r\n\r\n\r\n\r\n\r\n\r\n\r\n\r\n\r\n\r\n\r\n\r\n\r\n\r\n\r\n\r\n\r\n\r\n\r\n\r\n\r\n\r\n\r\n\r\n\r\n\r\n\r\n\r\n\r\n\r\n\r\nAssunto: Voto de pesar pelo falecimento do Sr. Darci Fernandes de Ara\u00fajo"}, {"id": "19927", "ano": "2022", "numero": "38", "tipo__sigla": "OF", "tipo__descricao": "Of\u00edcio", "autoria": "", "texto_original": "http://sapl.pedroleopoldo.mg.leg.br/media/sapl/public/materialegislativa/2022/19927/oficio_38-22.pdf", "ementa": "Ilma. Sr.\r\nTa\u00eds Lobato Le\u00e3o e fam\u00edlia \r\n\r\n\r\n\r\n\r\n\r\n\r\n\r\n\r\n\r\n\r\n\r\n\r\n\r\n\r\n\r\n\r\n\r\n\r\n\r\n\r\n\r\n\r\n\r\n\r\n\r\n\r\n\r\n\r\n\r\n\r\n\r\n\r\n\r\n\r\n\r\n\r\n\r\n\r\n\r\n\r\n\r\n\r\n\r\n\r\n\r\n\r\n\r\n\r\n\r\n\r\n\r\n\r\n\r\n\r\n\r\n\r\n\r\n\r\n\r\n\r\n\r\n\r\n\r\n\r\n\r\n\r\n\r\n\r\n\r\n\r\n\r\n\r\n\r\n\r\n\r\n\r\n\r\n\r\n\r\n\r\n\r\n\r\nAssunto: Voto de pesar pelo falecimento do Sr. Professor Anis Jos\u00e9 Le\u00e3o"}, {"id": "19928", "ano": "2022", "numero": "39", "tipo__sigla": "OF", "tipo__descricao": "Of\u00edcio", "autoria": "", "texto_original": "http://sapl.pedroleopoldo.mg.leg.br/media/sapl/public/materialegislativa/2022/19928/oficio_39-22.pdf", "ementa": "Ilmo.Sr. \r\nNilson Xavier e fam\u00edlia \r\n\r\n\r\n\r\n\r\n\r\n\r\n\r\n\r\n\r\n\r\n\r\n\r\n\r\n\r\n\r\n\r\n\r\n\r\n\r\n\r\n\r\n\r\n\r\n\r\n\r\n\r\n\r\n\r\n\r\n\r\n\r\n\r\n\r\n\r\n\r\n\r\n\r\n\r\n\r\n\r\n\r\n\r\n\r\n\r\n\r\n\r\n\r\n\r\n\r\n\r\n\r\n\r\n\r\n\r\n\r\n\r\n\r\n\r\n\r\n\r\n\r\n\r\n\r\n\r\n\r\n\r\n\r\n\r\n\r\n\r\n\r\n\r\n\r\n\r\n\r\n\r\n\r\n\r\n\r\n\r\n\r\n\r\n\r\n\r\n\r\n\r\n\r\n\r\n\r\n\r\nAssunto: Voto de pesar pelo falecimento da Sra. Maria Jos\u00e9 dos Santos"}, {"id": "19929", "ano": "2022", "numero": "40", "tipo__sigla": "OF", "tipo__descricao": "Of\u00edcio", "autoria": "", "texto_original": "http://sapl.pedroleopoldo.mg.leg.br/media/sapl/public/materialegislativa/2022/19929/oficio_40-22.pdf", "ementa": "Ilma. Sr.\r\nLuciana Novaes de Oliveira \r\n\r\n\r\n\r\n\r\n\r\n\r\n\r\n\r\n\r\n\r\n\r\n\r\n\r\n\r\n\r\n\r\n\r\n\r\n\r\n\r\n\r\n\r\n\r\n\r\n\r\n\r\n\r\n\r\n\r\n\r\n\r\n\r\n\r\n\r\n\r\n\r\n\r\n\r\n\r\n\r\n\r\n\r\n\r\n\r\n\r\n\r\n\r\n\r\n\r\n\r\n\r\n\r\n\r\n\r\n\r\n\r\n\r\n\r\n\r\n\r\n\r\n\r\n\r\n\r\n\r\n\r\n\r\n\r\n\r\n\r\n\r\n\r\n\r\n\r\n\r\n\r\n\r\n\r\n\r\n\r\n\r\n\r\n\r\n\r\n\r\n\r\n\r\n\r\n\r\n\r\n\r\n\r\n\r\n\r\n\r\n\r\n\r\n\r\n\r\n\r\nAssunto:  Voto de pesar pelo falecimento do Sr. Paulo Henrique Fran\u00e7a Macedo"}, {"id": "19930", "ano": "2022", "numero": "41", "tipo__sigla": "OF", "tipo__descricao": "Of\u00edcio", "autoria": "", "texto_original": "http://sapl.pedroleopoldo.mg.leg.br/media/sapl/public/materialegislativa/2022/19930/oficio_41-22.pdf", "ementa": "A Promotora \r\nDra. Raquel Fernanda C.C .Couy\r\n\r\n\r\n\r\n\r\n\r\n\r\n\r\n\r\n\r\n\r\n\r\n\r\n\r\n\r\n\r\n\r\n\r\n\r\n\r\n\r\n\r\n\r\n\r\n\r\n\r\n\r\n\r\n\r\n\r\n\r\n\r\n\r\n\r\n\r\n\r\n\r\n\r\n\r\n\r\n\r\n\r\n\r\n\r\n\r\n\r\n\r\n\r\n\r\n\r\n\r\n\r\n\r\n\r\n\r\n\r\n\r\n\r\n\r\n\r\n\r\n\r\n\r\n\r\n\r\n\r\n\r\n\r\n\r\n\r\n\r\n\r\n\r\n\r\n\r\n\r\n\r\n\r\n\r\n\r\n\r\n\r\n\r\n\r\n\r\n\r\n\r\nAssunto: Resposta ao of\u00edcio n\u00ba 116/2022 - 2\u00aa Promotoria de Justi\u00e7a da Comarca de Pedro Leopoldo"}, {"id": "19931", "ano": "2022", "numero": "42", "tipo__sigla": "OF", "tipo__descricao": "Of\u00edcio", "autoria": "", "texto_original": "http://sapl.pedroleopoldo.mg.leg.br/media/sapl/public/materialegislativa/2022/19931/oficio_42-22.pdf", "ementa": "A Promotora \r\nDra. Raquel Fernanda C.C. Couy\r\n\r\n\r\n\r\n\r\n\r\n\r\n\r\n\r\n\r\n\r\n\r\n\r\n\r\n\r\n\r\n\r\n\r\n\r\n\r\n\r\n\r\n\r\n\r\n\r\n\r\n\r\n\r\n\r\n\r\n\r\n\r\n\r\n\r\n\r\n\r\n\r\n\r\n\r\n\r\n\r\n\r\n\r\n\r\n\r\n\r\n\r\n\r\n\r\n\r\n\r\n\r\n\r\n\r\n\r\n\r\n\r\n\r\n\r\n\r\n\r\n\r\n\r\n\r\nAssunto: Resposta ao of\u00edcio n\u00ba 117/2022 -2\u00aa Promotoria de Justi\u00e7a da Comarca de Pedro Leopoldo"}, {"id": "19932", "ano": "2022", "numero": "43", "tipo__sigla": "OF", "tipo__descricao": "Of\u00edcio", "autoria": "", "texto_original": "http://sapl.pedroleopoldo.mg.leg.br/media/sapl/public/materialegislativa/2022/19932/oficio_43-22.pdf", "ementa": "Ilma. Sra.\r\nMaria Jos\u00e9 Gomes e fam\u00edlia \r\n\r\n\r\n\r\n\r\n\r\n\r\n\r\n\r\n\r\n\r\n\r\n\r\n\r\n\r\n\r\n\r\n\r\n\r\n\r\n\r\n\r\n\r\n\r\n\r\n\r\n\r\n\r\n\r\n\r\n\r\n\r\n\r\n\r\n\r\n\r\n\r\n\r\n\r\n\r\n\r\n\r\n\r\n\r\n\r\n\r\n\r\n\r\n\r\n\r\n\r\n\r\n\r\n\r\n\r\n\r\n\r\n\r\n\r\n\r\n\r\n\r\n\r\n\r\n\r\n\r\n\r\n\r\n\r\n\r\n\r\n\r\n\r\n\r\n\r\n\r\n\r\n\r\n\r\n\r\n\r\n\r\n\r\n\r\n\r\n\r\n\r\n\r\n\r\n\r\n\r\n\r\nAssunto : Voto de pesar pelo falecimento do Sr. Darci Fernandes de Ara\u00fajo"}, {"id": "19933", "ano": "2022", "numero": "44", "tipo__sigla": "OF", "tipo__descricao": "Of\u00edcio", "autoria": "", "texto_original": "http://sapl.pedroleopoldo.mg.leg.br/media/sapl/public/materialegislativa/2022/19933/oficio_44-22.pdf", "ementa": "\u00c0 Exma. Sra. Prefeita \r\nEloisa Helena Carvalho de Freitas Pereira \r\nPrefeitura de Pedro Leopoldo\r\n\r\n\r\nC/ c\u00f3pia \r\nSecret\u00e1ria Municipal de Sa\u00fade H\u00e9lio Renato N\u00e9ri \r\nDiretor de Farm\u00e1cia Alex Fabiano Moreira \r\nChefe de Divis\u00e3o de Aten\u00e7\u00e3o Especializada Danielle Rosa Amorim \r\n\r\n\r\n\r\n\r\n\r\n\r\n\r\n\r\n\r\n\r\n\r\n\r\n\r\n\r\n\r\n\r\n\r\n\r\n\r\n\r\n\r\n\r\n\r\n\r\n\r\n\r\n\r\n\r\n\r\n\r\n\r\n\r\n\r\n\r\n\r\n\r\n\r\n\r\n\r\n\r\n\r\n\r\n\r\n\r\n\r\n\r\n\r\n\r\n\r\n\r\n\r\n\r\n\r\n\r\n\r\n\r\n\r\n\r\n\r\n\r\n\r\n\r\n\r\n\r\n\r\n\r\n\r\n\r\nAssunto: Uso palavra Livre"}, {"id": "19936", "ano": "2022", "numero": "47", "tipo__sigla": "OF", "tipo__descricao": "Of\u00edcio", "autoria": "", "texto_original": "http://sapl.pedroleopoldo.mg.leg.br/media/sapl/public/materialegislativa/2022/19936/oficio_47-22.pdf", "ementa": "Exma. Sra.\r\nEloisa Helena Carvalho de Freitas Pereira\r\nPrefeitura Municipal  Pedro Leopoldo/MG\r\n\r\n\r\n\r\n\r\n\r\n\r\n\r\n\r\n\r\n\r\n\r\n\r\n\r\n\r\n\r\n\r\n\r\n\r\n\r\n\r\n\r\n\r\n\r\n\r\n\r\n\r\n\r\n\r\n\r\n\r\n\r\n\r\n\r\n\r\n\r\n\r\n\r\n\r\n\r\n\r\n\r\n\r\n\r\n\r\n\r\n\r\n\r\n\r\n\r\n\r\n\r\n\r\n\r\n\r\n\r\n\r\n\r\n\r\n\r\n\r\n\r\n\r\n\r\n\r\n\r\n\r\nAssunto: Mat\u00e9ria aprovada na 4\u00aa Reuni\u00e3o Ordin\u00e1ria da C\u00e2mara Municipal de Pedro Leopoldo, realizada em 14 de mar\u00e7o de 2022"}, {"id": "19937", "ano": "2022", "numero": "48", "tipo__sigla": "OF", "tipo__descricao": "Of\u00edcio", "autoria": "", "texto_original": "http://sapl.pedroleopoldo.mg.leg.br/media/sapl/public/materialegislativa/2022/19937/oficio_48-22.pdf", "ementa": "Ilma. Sra. \r\nFabr\u00edcia Guilherme de Oliveira e fam\u00edlia \r\n\r\n\r\n\r\n\r\n\r\n\r\n\r\n\r\n\r\n\r\n\r\n\r\n\r\n\r\n\r\n\r\n\r\n\r\n\r\n\r\n\r\n\r\n\r\n\r\n\r\n\r\n\r\n\r\n\r\n\r\n\r\n\r\n\r\n\r\n\r\n\r\n\r\n\r\n\r\n\r\n\r\n\r\n\r\n\r\n\r\n\r\n\r\n\r\n\r\n\r\n\r\n\r\n\r\n\r\n\r\n\r\n\r\n\r\n\r\n\r\n\r\n\r\n\r\n\r\n\r\n\r\n\r\n\r\n\r\n\r\n\r\n\r\n\r\n\r\n\r\n\r\n\r\n\r\n\r\n\r\n\r\n\r\n\r\n\r\n\r\n\r\n\r\n\r\n\r\n\r\n\r\n\r\n\r\n\r\n\r\n\r\n\r\n\r\nAssunto: Voto de pesar pelo falecimento do Sr. Idalino de Jesus Oliveira"}, {"id": "19986", "ano": "2022", "numero": "49", "tipo__sigla": "OF", "tipo__descricao": "Of\u00edcio", "autoria": "", "texto_original": "http://sapl.pedroleopoldo.mg.leg.br/media/sapl/public/materialegislativa/2022/19986/oficio_49-22.pdf", "ementa": "Ilmo. Sr.\r\nHelder Diniz e Fam\u00edlia \r\n\r\n\r\n\r\n\r\n\r\n\r\n\r\n\r\n\r\n\r\n\r\n\r\n\r\n\r\n\r\n\r\n\r\n\r\n\r\n\r\n\r\n\r\n\r\n\r\n\r\n\r\n\r\n\r\n\r\n\r\n\r\n\r\n\r\n\r\n\r\n\r\n\r\n\r\n\r\n\r\n\r\n\r\n\r\n\r\n\r\n\r\n\r\n\r\n\r\n\r\n\r\n\r\n\r\n\r\n\r\n\r\n\r\n\r\n\r\n\r\n\r\n\r\n\r\n\r\n\r\nAssunto: Voto de pesar pelo seu falecimento Sra. Hilda Silva Diniz"}, {"id": "19987", "ano": "2022", "numero": "50", "tipo__sigla": "OF", "tipo__descricao": "Of\u00edcio", "autoria": "", "texto_original": "http://sapl.pedroleopoldo.mg.leg.br/media/sapl/public/materialegislativa/2022/19987/oficio_50-22.pdf", "ementa": "Ilma. Sra \r\nAna Maria Diniz Silva e fam\u00edlia \r\n\r\n\r\n\r\n\r\n\r\n\r\n\r\n\r\n\r\n\r\n\r\n\r\n\r\n\r\n\r\n\r\n\r\n\r\n\r\n\r\n\r\n\r\n\r\n\r\n\r\n\r\n\r\n\r\n\r\n\r\n\r\n\r\n\r\n\r\n\r\n\r\n\r\n\r\n\r\n\r\n\r\n\r\n\r\n\r\n\r\n\r\n\r\n\r\n\r\n\r\n\r\n\r\n\r\n\r\n\r\n\r\n\r\n\r\n\r\n\r\n\r\n\r\n\r\nAssunto: Voto de pesar pelo falecimento da Sra. Hilda Silva Diniz"}, {"id": "19988", "ano": "2022", "numero": "51", "tipo__sigla": "OF", "tipo__descricao": "Of\u00edcio", "autoria": "", "texto_original": "http://sapl.pedroleopoldo.mg.leg.br/media/sapl/public/materialegislativa/2022/19988/oficio_51-22.pdf", "ementa": "\u00c0 Exma. Sra. Prefeita \r\nEloisa Helena Carvalho de Freitas Pereira \r\nPrefeitura Municipal de Pedro Leopoldo\r\n\r\n\r\n\r\n\r\n\r\n\r\n\r\n\r\n\r\n\r\n\r\n\r\n\r\n\r\n\r\n\r\n\r\n\r\n\r\n\r\n\r\n\r\n\r\n\r\n\r\n\r\n\r\n\r\n\r\n\r\n\r\n\r\n\r\n\r\n\r\n\r\n\r\n\r\n\r\n\r\n\r\n\r\n\r\n\r\n\r\n\r\n\r\n\r\n\r\n\r\n\r\n\r\n\r\n\r\n\r\n\r\n\r\n\r\n\r\n\r\n\r\n\r\n\r\n\r\n\r\n\r\n\r\n\r\n\r\n\r\n\r\n\r\n\r\n\r\n\r\n\r\n\r\n\r\n\r\n\r\n\r\n\r\n\r\n\r\n\r\n\r\n\r\n\r\n\r\n\r\n\r\nAssunto: Solicita\u00e7\u00e3o San\u00e7\u00e3o de projetos"}, {"id": "19989", "ano": "2022", "numero": "54", "tipo__sigla": "OF", "tipo__descricao": "Of\u00edcio", "autoria": "", "texto_original": "http://sapl.pedroleopoldo.mg.leg.br/media/sapl/public/materialegislativa/2022/19989/oficio_54-22.pdf", "ementa": "Exma. Sra. \r\nEloisa Helena Carvalho de Freitas Pereira \r\nPrefeitura Municipal de Pedro Leopoldo \r\n\r\n\r\n\r\n\r\n\r\n\r\n\r\n\r\n\r\n\r\n\r\n\r\n\r\n\r\n\r\n\r\n\r\n\r\n\r\n\r\n\r\n\r\n\r\n\r\n\r\n\r\n\r\n\r\n\r\n\r\n\r\n\r\n\r\n\r\n\r\n\r\n\r\n\r\n\r\n\r\n\r\n\r\n\r\n\r\n\r\n\r\n\r\n\r\n\r\n\r\n\r\n\r\n\r\n\r\n\r\nAssunto: Mat\u00e9ria aprovada na 5\u00aa Reuni\u00e3o Ordin\u00e1ria da C\u00e2mara Municipal de Pedro Leopoldo, realizada em 21 de mar\u00e7o de 2022"}, {"id": "20111", "ano": "2022", "numero": "55", "tipo__sigla": "OF", "tipo__descricao": "Of\u00edcio", "autoria": "", "texto_original": "http://sapl.pedroleopoldo.mg.leg.br/media/sapl/public/materialegislativa/2022/20111/oficio_55.pdf", "ementa": "Exmo. Sr.\r\nMauri  Jos\u00e9 Torres Duarte \r\nConselho Presidente do Tribunal de Contas do Estados de Minas Gerais \r\nBelo Horizonte/ MG \r\n\r\n\r\n\r\n\r\n\r\n\r\n\r\n\r\n\r\n\r\n\r\n\r\n\r\n\r\n\r\n\r\n\r\n\r\n\r\n\r\n\r\n\r\n\r\n\r\n\r\n\r\n\r\n\r\n\r\n\r\n\r\n\r\n\r\n\r\n\r\n\r\n\r\n\r\n\r\n\r\n\r\n\r\n\r\n\r\n\r\n\r\n\r\n\r\n\r\n\r\n\r\n\r\n\r\n\r\n\r\n\r\n\r\n\r\n\r\n\r\n\r\n\r\n\r\n\r\n\r\n\r\n\r\n\r\n\r\n\r\n\r\n\r\nAssunto: Peti\u00e7\u00e3o Substitui\u00e7\u00e3o SICOM"}, {"id": "20112", "ano": "2022", "numero": "57", "tipo__sigla": "OF", "tipo__descricao": "Of\u00edcio", "autoria": "", "texto_original": "http://sapl.pedroleopoldo.mg.leg.br/media/sapl/public/materialegislativa/2022/20112/oficio_57.pdf", "ementa": "IImo(a). \r\nSr(a).Representante da Empresa Cons\u00f3rcio \u00d3timo de Blindagem\r\nEletr\u00f4nica \r\n\r\n\r\n\r\n\r\n\r\n\r\n\r\n\r\n\r\n\r\n\r\n\r\n\r\n\r\n\r\n\r\n\r\n\r\n\r\n\r\n\r\n\r\n\r\n\r\n\r\n\r\n\r\n\r\n\r\n\r\n\r\n\r\n\r\n\r\n\r\n\r\n\r\n\r\n\r\n\r\n\r\n\r\n\r\n\r\n\r\n\r\n\r\n\r\n\r\n\r\n\r\n\r\n\r\n\r\n\r\n\r\n\r\n\r\n\r\n\r\n\r\n\r\n\r\n\r\n\r\n\r\n\r\n\r\n\r\n\r\n\r\n\r\n\r\n\r\n\r\n\r\n\r\n\r\n\r\n\r\n\r\n\r\n\r\n\r\n\r\n\r\n\r\n\r\n\r\n\r\n\r\n\r\n\r\n\r\n\r\n\r\n\r\n\r\n\r\n\r\n\r\n\r\n\r\n\r\n\r\n\r\n\r\n\r\n\r\n\r\n\r\n\r\n\r\n\r\n\r\n\r\n\r\n\r\n\r\n\r\n\r\n\r\n\r\n\r\n\r\n\r\n\r\n\r\n\r\n\r\n\r\n\r\n\r\n\r\n\r\n\r\n\r\n\r\n\r\n\r\n\r\n\r\n\r\n\r\n\r\n\r\n\r\n\r\n\r\n\r\n\r\n\r\n\r\n\r\n\r\n\r\n\r\n\r\n\r\n\r\n\r\n\r\nAssunto: AUTORIZA\u00c7\u00c3O"}, {"id": "20113", "ano": "2022", "numero": "58", "tipo__sigla": "OF", "tipo__descricao": "Of\u00edcio", "autoria": "", "texto_original": "http://sapl.pedroleopoldo.mg.leg.br/media/sapl/public/materialegislativa/2022/20113/oficio_58.pdf", "ementa": "Exma. Sra.\r\nEloisa Helena Carvalho de Freitas Pereira\r\nPrefeitura Municipal \r\nPedro Leopoldo/MG\r\n\r\n\r\n\r\n\r\n\r\n\r\n\r\n\r\n\r\n\r\n\r\n\r\n\r\n\r\n\r\n\r\n\r\n\r\n\r\n\r\n\r\n\r\n\r\n\r\n\r\n\r\n\r\n\r\n\r\n\r\n\r\n\r\n\r\n\r\n\r\n\r\n\r\n\r\n\r\n\r\n\r\n\r\n\r\n\r\n\r\n\r\n\r\n\r\n\r\n\r\n\r\n\r\n\r\n\r\n\r\n\r\n\r\n\r\n\r\n\r\n\r\n\r\n\r\n\r\n\r\n\r\n\r\n\r\n\r\n\r\n\r\n\r\n\r\n\r\n\r\n\r\n\r\n\r\n\r\n\r\n\r\n\r\n\r\n\r\n\r\n\r\n\r\n\r\n\r\n\r\n\r\n\r\n\r\n\r\n\r\n\r\n\r\n\r\n\r\n\r\n\r\n\r\nAssunto: C\u00f3pia das Leis de Promulgadas por esta Casa Legislativa, em cumprimento ao Art. 73, 8\u00b0 Lei Org\u00e2nica Municipal"}, {"id": "20114", "ano": "2022", "numero": "59", "tipo__sigla": "OF", "tipo__descricao": "Of\u00edcio", "autoria": "", "texto_original": "http://sapl.pedroleopoldo.mg.leg.br/media/sapl/public/materialegislativa/2022/20114/oficio_59.pdf", "ementa": "Exma. Sra. \r\nEloisa Helena Carvalho De Freitas Pereira\r\nPrefeitura Municipal\r\nPedro Leopoldo/MG\r\n\r\n\r\n\r\n\r\n\r\n\r\n\r\n\r\n\r\n\r\n\r\n\r\n\r\n\r\n\r\n\r\n\r\n\r\n\r\n\r\n\r\n\r\n\r\n\r\n\r\n\r\n\r\n\r\n\r\n\r\n\r\n\r\n\r\n\r\n\r\n\r\n\r\n\r\n\r\n\r\n\r\n\r\n\r\n\r\n\r\n\r\n\r\n\r\n\r\n\r\n\r\n\r\n\r\n\r\n\r\n\r\n\r\n\r\n\r\n\r\n\r\n\r\n\r\n\r\n\r\n\r\n\r\n\r\n\r\n\r\n\r\n\r\n\r\n\r\n\r\n\r\n\r\n\r\n\r\n\r\n\r\n\r\n\r\n\r\n\r\n\r\n\r\n\r\n\r\n\r\n\r\n\r\n\r\n\r\n\r\n\r\n\r\n\r\n\r\n\r\n\r\n\r\n\r\n\r\n\r\n\r\n\r\n\r\n\r\n\r\n\r\n\r\n\r\n\r\n\r\n\r\n\r\n\r\n\r\n\r\nAssunto: Mat\u00e9ria aprovada na 6\u00b0 reuni\u00e3o Ordin\u00e1ria da C\u00e2mara Municipal de Pedro Leopoldo, Realizada em 28 de mar\u00e7o de 2022."}, {"id": "20115", "ano": "2022", "numero": "60", "tipo__sigla": "OF", "tipo__descricao": "Of\u00edcio", "autoria": "", "texto_original": "http://sapl.pedroleopoldo.mg.leg.br/media/sapl/public/materialegislativa/2022/20115/oficio_60.pdf", "ementa": "IIma. Sra. \r\nJussara Ventura Nery Viana e Fam\u00edlia \r\n\r\n\r\n\r\n\r\n\r\n\r\n\r\n\r\n\r\n\r\n\r\n\r\n\r\n\r\n\r\n\r\n\r\n\r\n\r\n\r\n\r\n\r\n\r\n\r\n\r\n\r\n\r\n\r\n\r\n\r\n\r\n\r\n\r\n\r\n\r\n\r\n\r\n\r\n\r\n\r\n\r\n\r\n\r\n\r\n\r\n\r\n\r\n\r\n\r\n\r\n\r\n\r\n\r\n\r\n\r\n\r\n\r\n\r\n\r\n\r\n\r\n\r\n\r\n\r\n\r\n\r\n\r\n\r\n\r\n\r\n\r\n\r\n\r\n\r\n\r\n\r\n\r\n\r\n\r\n\r\n\r\n\r\n\r\n\r\n\r\n\r\n\r\n\r\n\r\n\r\n\r\n\r\n\r\n\r\n\r\n\r\n\r\n\r\n\r\n\r\n\r\n\r\n\r\n\r\n\r\n\r\n\r\n\r\n\r\n\r\n\r\n\r\n\r\n\r\n\r\n\r\n\r\n\r\n\r\n\r\n\r\n\r\n\r\n\r\n\r\nAssunto: Voto de Pesar pelo seu falecimento , Sr. Pedro Paulo Leite."}, {"id": "20116", "ano": "2022", "numero": "65", "tipo__sigla": "OF", "tipo__descricao": "Of\u00edcio", "autoria": "", "texto_original": "http://sapl.pedroleopoldo.mg.leg.br/media/sapl/public/materialegislativa/2022/20116/oficio_65.pdf", "ementa": "Ilustr\u00edssima Senhora Secret\u00e1ria.\r\n\r\n\r\n\r\n\r\n\r\n\r\n\r\n\r\n\r\n\r\n\r\n\r\n\r\n\r\n\r\n\r\n\r\n\r\n\r\n\r\n\r\n\r\n\r\n\r\n\r\n\r\n\r\n\r\n\r\n\r\n\r\n\r\n\r\n\r\n\r\n\r\n\r\n\r\n\r\n\r\n\r\n\r\n\r\n\r\n\r\n\r\n\r\n\r\n\r\n\r\n\r\n\r\n\r\n\r\n\r\n\r\n\r\n\r\n\r\n\r\n\r\n\r\n\r\n\r\n\r\n\r\n\r\n\r\n\r\n\r\n\r\n\r\n\r\n\r\n\r\n\r\n\r\n\r\n\r\n\r\n\r\n\r\n\r\n\r\n\r\n\r\n\r\n\r\n\r\n\r\n\r\n\r\n\r\n\r\n\r\n\r\n\r\n\r\n\r\n\r\n\r\n\r\n\r\n\r\n\r\n\r\n\r\n\r\n\r\n\r\n\r\n\r\n\r\n\r\n\r\n\r\n\r\n\r\n\r\n\r\n\r\n\r\n\r\n\r\n\r\n\r\n\r\n\r\n\r\n\r\n\r\n\r\n\r\n\r\n\r\n\r\n\r\n\r\nAssunto: Solicita\u00e7\u00e3o de Imunidade Tribut\u00e1ria"}, {"id": "20117", "ano": "2022", "numero": "66", "tipo__sigla": "OF", "tipo__descricao": "Of\u00edcio", "autoria": "", "texto_original": "http://sapl.pedroleopoldo.mg.leg.br/media/sapl/public/materialegislativa/2022/20117/oficio_66.pdf", "ementa": "Exma. Sra. \r\nEloisa Helena Carvalho De Freitas Pereira\r\nPrefeitura Municipal\r\nPedro Leopoldo/MG\r\n\r\n\r\n\r\n\r\n\r\n\r\n\r\n\r\n\r\n\r\n\r\n\r\n\r\n\r\n\r\n\r\n\r\n\r\n\r\n\r\n\r\n\r\n\r\n\r\n\r\n\r\n\r\n\r\n\r\n\r\n\r\n\r\n\r\n\r\n\r\n\r\n\r\n\r\n\r\n\r\n\r\n\r\n\r\n\r\n\r\n\r\n\r\n\r\n\r\n\r\n\r\n\r\n\r\n\r\n\r\n\r\n\r\n\r\n\r\n\r\n\r\n\r\n\r\n\r\n\r\n\r\n\r\n\r\n\r\n\r\n\r\n\r\n\r\n\r\n\r\n\r\n\r\n\r\n\r\n\r\n\r\n\r\n\r\n\r\n\r\n\r\n\r\n\r\n\r\n\r\n\r\n\r\n\r\n\r\n\r\n\r\n\r\n\r\n\r\n\r\n\r\n\r\n\r\n\r\n\r\n\r\n\r\n\r\n\r\n\r\n\r\n\r\n\r\n\r\n\r\n\r\n\r\n\r\n\r\n\r\n\r\n\r\n\r\n\r\n\r\n\r\n\r\n\r\n\r\n\r\n\r\n\r\n\r\n\r\n\r\n\r\n\r\n\r\n\r\n\r\n\r\n\r\n\r\n\r\n\r\n\r\n\r\nAssunto: Mat\u00e9ria aprovada na 7\u00b0 Reuni\u00e3o Ordin\u00e1ria Da C\u00e2mara Municipal de Pedro Leopoldo, realizada em 04 de  abril de 2022."}, {"id": "20118", "ano": "2022", "numero": "67", "tipo__sigla": "OF", "tipo__descricao": "Of\u00edcio", "autoria": "", "texto_original": "http://sapl.pedroleopoldo.mg.leg.br/media/sapl/public/materialegislativa/2022/20118/oficio_67.pdf", "ementa": "Ilma. Sra. \r\nFlaviana Dos Santos e Fam\u00edlia. \r\n\r\n\r\n\r\n\r\n\r\n\r\n\r\n\r\n\r\n\r\n\r\n\r\n\r\n\r\n\r\n\r\n\r\n\r\n\r\n\r\n\r\n\r\n\r\n\r\n\r\n\r\n\r\n\r\n\r\n\r\n\r\n\r\n\r\n\r\n\r\n\r\n\r\n\r\n\r\n\r\n\r\n\r\n\r\n\r\n\r\n\r\n\r\n\r\n\r\n\r\n\r\n\r\n\r\n\r\n\r\n\r\n\r\n\r\n\r\n\r\n\r\n\r\n\r\n\r\n\r\n\r\n\r\n\r\n\r\n\r\n\r\n\r\n\r\n\r\n\r\n\r\n\r\n\r\n\r\n\r\n\r\n\r\n\r\n\r\n\r\n\r\n\r\n\r\n\r\n\r\n\r\n\r\n\r\n\r\n\r\n\r\n\r\n\r\n\r\n\r\n\r\n\r\n\r\n\r\n\r\n\r\n\r\n\r\n\r\nAssunto: voto de pesar pelo seu falecimento, Sra. D\u00e9lia Eug\u00eania dos santos."}, {"id": "20119", "ano": "2022", "numero": "68", "tipo__sigla": "OF", "tipo__descricao": "Of\u00edcio", "autoria": "", "texto_original": "http://sapl.pedroleopoldo.mg.leg.br/media/sapl/public/materialegislativa/2022/20119/oficio_68.pdf", "ementa": "Ilma. Sra. \r\nDayane Sorrentino e Fam\u00edlia.\r\n\r\n\r\n\r\n\r\n\r\n\r\n\r\n\r\n\r\n\r\n\r\n\r\n\r\n\r\n\r\n\r\n\r\n\r\n\r\n\r\n\r\n\r\n\r\n\r\n\r\n\r\n\r\n\r\n\r\n\r\n\r\n\r\n\r\n\r\n\r\n\r\n\r\n\r\n\r\n\r\n\r\n\r\n\r\n\r\n\r\n\r\n\r\n\r\n\r\n\r\n\r\n\r\n\r\n\r\n\r\n\r\n\r\n\r\n\r\n\r\n\r\n\r\n\r\n\r\n\r\n\r\n\r\n\r\n\r\n\r\n\r\n\r\n\r\n\r\n\r\n\r\n\r\n\r\n\r\n\r\n\r\n\r\n\r\n\r\n\r\n\r\n\r\n\r\n\r\n\r\n\r\n\r\n\r\n\r\n\r\n\r\n\r\n\r\n\r\n\r\n\r\n\r\n\r\n\r\n\r\n\r\n\r\n\r\n\r\n\r\n\r\n\r\n\r\n\r\n\r\n\r\n\r\n\r\n\r\n\r\n\r\n\r\n\r\n\r\n\r\n\r\n\r\n\r\n\r\n\r\n\r\n\r\n\r\n\r\nAssunto: Voto de pesar pelo seu falecimento , Sra. Ivanilde Martins."}, {"id": "20120", "ano": "2022", "numero": "69", "tipo__sigla": "OF", "tipo__descricao": "Of\u00edcio", "autoria": "", "texto_original": "http://sapl.pedroleopoldo.mg.leg.br/media/sapl/public/materialegislativa/2022/20120/oficio_69.pdf", "ementa": "\u00c0 Prefeita,\r\nSra. Eloisa Helena Carvalho De Freitas Pereira\r\n\r\n\r\n\r\n\r\n\r\n\r\n\r\n\r\n\r\n\r\n\r\n\r\n\r\n\r\n\r\n\r\n\r\n\r\n\r\n\r\n\r\n\r\n\r\n\r\n\r\n\r\n\r\n\r\n\r\n\r\n\r\n\r\n\r\n\r\n\r\n\r\n\r\n\r\n\r\n\r\n\r\n\r\n\r\n\r\n\r\n\r\n\r\n\r\n\r\n\r\n\r\n\r\n\r\n\r\n\r\n\r\n\r\n\r\n\r\n\r\n\r\n\r\n\r\n\r\n\r\n\r\n\r\n\r\n\r\n\r\n\r\n\r\n\r\n\r\n\r\n\r\n\r\n\r\n\r\n\r\n\r\n\r\n\r\n\r\n\r\n\r\n\r\n\r\n\r\n\r\n\r\n\r\n\r\n\r\n\r\n\r\n\r\n\r\n\r\n\r\n\r\n\r\n\r\n\r\n\r\n\r\n\r\n\r\n\r\n\r\n\r\n\r\n\r\n\r\nAssunto: Repasse ao Legislativo ."}, {"id": "20121", "ano": "2022", "numero": "73", "tipo__sigla": "OF", "tipo__descricao": "Of\u00edcio", "autoria": "", "texto_original": "http://sapl.pedroleopoldo.mg.leg.br/media/sapl/public/materialegislativa/2022/20121/oficio_73.pdf", "ementa": "Ilmo.  Sr.\r\nM\u00e1rcio Cardoso Francisco J\u00fanior e Fam\u00edlia\r\n\r\n\r\n\r\n\r\n\r\n\r\n\r\n\r\n\r\n\r\n\r\n\r\n\r\n\r\n\r\n\r\n\r\n\r\n\r\n\r\n\r\n\r\n\r\n\r\n\r\n\r\n\r\n\r\n\r\n\r\n\r\n\r\n\r\n\r\n\r\n\r\n\r\n\r\n\r\n\r\n\r\n\r\n\r\n\r\n\r\n\r\n\r\n\r\n\r\n\r\n\r\n\r\n\r\n\r\n\r\n\r\n\r\n\r\n\r\n\r\n\r\n\r\n\r\n\r\n\r\n\r\n\r\n\r\n\r\n\r\n\r\n\r\n\r\n\r\n\r\n\r\n\r\n\r\n\r\n\r\n\r\n\r\n\r\n\r\n\r\n\r\n\r\n\r\n\r\n\r\n\r\n\r\n\r\n\r\n\r\n\r\n\r\n\r\n\r\n\r\nAssunto: Voto de pesar pelo seu falecimento, Sra. Lind\u00e9ia Marilac Cardoso"}, {"id": "20122", "ano": "2022", "numero": "74", "tipo__sigla": "OF", "tipo__descricao": "Of\u00edcio", "autoria": "", "texto_original": "http://sapl.pedroleopoldo.mg.leg.br/media/sapl/public/materialegislativa/2022/20122/oficio_74.pdf", "ementa": "Ilma. Sra. \r\nDanielle Cardoso Francisco e Fam\u00edlia.\r\n\r\n\r\n\r\n\r\n\r\n\r\n\r\n\r\n\r\n\r\n\r\n\r\n\r\n\r\n\r\n\r\n\r\n\r\n\r\n\r\n\r\n\r\n\r\n\r\n\r\n\r\n\r\n\r\n\r\n\r\n\r\n\r\n\r\n\r\n\r\n\r\n\r\n\r\n\r\n\r\n\r\n\r\n\r\n\r\n\r\n\r\n\r\n\r\n\r\n\r\n\r\n\r\n\r\n\r\n\r\n\r\n\r\n\r\n\r\n\r\n\r\n\r\n\r\n\r\n\r\n\r\n\r\n\r\n\r\n\r\n\r\n\r\n\r\n\r\n\r\n\r\n\r\n\r\n\r\n\r\n\r\n\r\n\r\n\r\n\r\n\r\n\r\n\r\n\r\n\r\n\r\n\r\n\r\n\r\n\r\n\r\n\r\n\r\n\r\n\r\n\r\n\r\n\r\n\r\n\r\n\r\n\r\n\r\n\r\n\r\n\r\n\r\n\r\n\r\n\r\n\r\n\r\n\r\n\r\n\r\n\r\n\r\n\r\n\r\n\r\n\r\n\r\n\r\n\r\n\r\n\r\n\r\n\r\n\r\n\r\n\r\n\r\n\r\n\r\n\r\n\r\n\r\n\r\n\r\n\r\n\r\n\r\n\r\n\r\n\r\n\r\n\r\n\r\n\r\n\r\n\r\n\r\n\r\n\r\nAssunto: Voto de pesar pelo seu falecimento, Sra. Lind\u00e9ia Marilac Cardoso Francisco."}, {"id": "20123", "ano": "2022", "numero": "75", "tipo__sigla": "OF", "tipo__descricao": "Of\u00edcio", "autoria": "", "texto_original": "http://sapl.pedroleopoldo.mg.leg.br/media/sapl/public/materialegislativa/2022/20123/oficio_75.pdf", "ementa": "Ilma. Sra. \r\nGrazielle Cardoso Francisco e Fam\u00edlia.\r\n\r\n\r\n\r\n\r\n\r\n\r\n\r\n\r\n\r\n\r\n\r\n\r\n\r\n\r\n\r\n\r\n\r\n\r\n\r\n\r\n\r\n\r\n\r\n\r\n\r\n\r\n\r\n\r\n\r\n\r\n\r\n\r\n\r\n\r\n\r\n\r\n\r\n\r\n\r\n\r\n\r\n\r\n\r\n\r\n\r\n\r\n\r\n\r\n\r\n\r\n\r\n\r\n\r\n\r\n\r\n\r\n\r\n\r\n\r\n\r\n\r\n\r\n\r\n\r\n\r\n\r\n\r\n\r\n\r\n\r\n\r\n\r\n\r\n\r\n\r\n\r\n\r\n\r\n\r\n\r\n\r\n\r\n\r\n\r\n\r\n\r\n\r\n\r\n\r\n\r\n\r\n\r\n\r\n\r\n\r\n\r\n\r\n\r\n\r\n\r\n\r\n\r\n\r\n\r\n\r\n\r\n\r\n\r\n\r\n\r\n\r\n\r\n.\r\nAssunto; Voto de pesar pelo seu falecimento, Sra.  Lind\u00e9ia Marilac Cardoso"}, {"id": "20124", "ano": "2022", "numero": "76", "tipo__sigla": "OF", "tipo__descricao": "Of\u00edcio", "autoria": "", "texto_original": "http://sapl.pedroleopoldo.mg.leg.br/media/sapl/public/materialegislativa/2022/20124/oficio_76.pdf", "ementa": "Exma. Sra. \r\nEloisa Helena Carvalho De Freitas Pereira\r\nPrefeitura Municipal\r\nPedro Leopoldo/MG\r\n\r\n\r\n\r\n\r\n\r\n\r\n\r\n\r\n\r\n\r\n\r\n\r\n\r\n\r\n\r\n\r\n\r\n\r\n\r\n\r\n\r\n\r\n\r\n\r\n\r\n\r\n\r\n\r\n\r\n\r\n\r\n\r\n\r\n\r\n\r\n\r\n\r\n\r\n\r\n\r\n\r\n\r\n\r\n\r\n\r\n\r\n\r\n\r\n\r\n\r\n\r\n\r\n\r\n\r\n\r\n\r\n\r\n\r\n\r\n\r\n\r\n\r\n\r\n\r\n\r\n\r\n\r\n\r\n\r\n\r\n\r\n\r\n\r\n\r\n\r\n\r\n\r\n\r\n\r\n\r\n\r\n\r\n\r\n\r\n\r\n\r\n\r\n\r\n\r\n\r\n\r\n\r\n\r\n\r\n\r\n\r\n\r\n\r\n\r\n\r\n\r\n\r\n\r\n\r\n\r\n\r\n\r\n\r\n\r\n\r\n\r\n\r\n\r\n\r\n\r\n\r\n\r\n\r\n\r\n\r\n\r\n\r\n\r\n\r\n\r\n\r\n\r\n\r\n\r\n\r\n\r\n\r\n\r\n\r\n\r\n\r\n\r\n\r\n\r\n\r\n\r\n\r\n\r\n\r\n\r\n\r\n\r\n\r\n\r\n\r\n\r\n\r\n\r\n\r\n\r\n\r\n\r\n\r\n\r\n\r\n\r\n\r\n\r\n\r\n\r\n\r\n\r\n\r\n\r\n\r\n\r\n\r\n\r\n\r\n\r\n\r\n\r\n\r\n\r\n\r\n\r\n\r\n\r\n\r\n\r\n\r\n\r\n\r\n\r\n\r\n\r\n\r\n\r\n\r\n\r\n\r\n\r\n\r\n\r\n\r\n\r\n\r\n\r\nAssunto: Mat\u00e9ria aprovada na 8\u00b0 Reuni\u00e3o Ordin\u00e1ria da C\u00e2mara Municipal de Pedro Leopoldo, realizada em 11 de abril de 2022."}, {"id": "20125", "ano": "2022", "numero": "77", "tipo__sigla": "OF", "tipo__descricao": "Of\u00edcio", "autoria": "", "texto_original": "http://sapl.pedroleopoldo.mg.leg.br/media/sapl/public/materialegislativa/2022/20125/oficio_77.pdf", "ementa": "Ilma. Sra.\r\nAlessandra Augusta de Sousa e familiares.\r\n\r\n\r\n\r\n\r\n\r\n\r\n\r\n\r\n\r\n\r\n\r\n\r\n\r\n\r\n\r\n\r\n\r\n\r\n\r\n\r\n\r\n\r\n\r\n\r\n\r\n\r\n\r\n\r\n\r\n\r\n\r\n\r\n\r\n\r\n\r\n\r\n\r\n\r\n\r\n\r\n\r\n\r\n\r\n\r\n\r\n\r\n\r\n\r\n\r\n\r\n\r\n\r\n\r\n\r\n\r\n\r\n\r\n\r\n\r\n\r\n\r\n\r\n\r\n\r\n\r\n\r\n\r\n\r\n\r\n\r\n\r\n\r\n\r\n\r\n\r\n\r\n\r\n\r\n\r\n\r\n\r\n\r\n\r\n\r\n\r\n\r\n\r\n\r\n\r\n\r\n\r\n\r\n\r\n\r\n\r\n\r\n\r\n\r\n\r\n\r\n\r\n\r\n\r\n\r\n\r\n\r\n\r\n\r\n\r\n\r\n\r\n\r\n\r\n\r\n\r\n\r\n\r\n\r\n\r\n\r\n\r\n\r\n\r\n\r\n\r\n\r\n\r\n\r\n\r\n\r\n\r\nAssunto: Voto de pesar pelos seu falecimento, Sr. Abdon Augusto de Sousa."}, {"id": "20126", "ano": "2022", "numero": "78", "tipo__sigla": "OF", "tipo__descricao": "Of\u00edcio", "autoria": "", "texto_original": "http://sapl.pedroleopoldo.mg.leg.br/media/sapl/public/materialegislativa/2022/20126/oficio_78.pdf", "ementa": "Ilmo.  Sr.\r\nJhonathan Anselmo e Familiares.\r\n\r\n\r\n\r\n\r\n\r\n\r\n\r\n\r\n\r\n\r\n\r\n\r\n\r\n\r\n\r\n\r\n\r\n\r\n\r\n\r\n\r\n\r\n\r\n\r\n\r\n\r\n\r\n\r\n\r\n\r\n\r\n\r\n\r\n\r\n\r\n\r\n\r\n\r\n\r\n\r\n\r\n\r\n\r\n\r\n\r\n\r\n\r\n\r\n\r\n\r\n\r\n\r\n\r\n\r\n\r\n\r\n\r\n\r\n\r\n\r\n\r\n\r\n\r\n\r\n\r\n\r\n\r\n\r\n\r\n\r\n\r\n\r\n\r\n\r\n\r\n\r\n\r\n\r\n\r\n\r\n\r\n\r\n\r\n\r\n\r\n\r\n\r\n\r\n\r\n\r\n\r\n\r\n\r\n\r\n\r\n\r\n\r\n\r\n\r\n\r\n\r\n\r\n\r\n\r\n\r\n\r\n\r\n\r\n\r\n\r\n\r\n\r\n\r\n\r\n\r\n\r\n\r\n\r\n\r\n\r\n\r\n\r\n\r\n\r\n\r\n\r\n\r\n\r\n\r\n\r\n\r\n\r\n\r\n\r\n\r\n\r\nAssunto: Voto de pesar pelo seu falecimento, Sr. Jos\u00e9 Geraldo Anselmo."}, {"id": "20127", "ano": "2022", "numero": "80", "tipo__sigla": "OF", "tipo__descricao": "Of\u00edcio", "autoria": "", "texto_original": "http://sapl.pedroleopoldo.mg.leg.br/media/sapl/public/materialegislativa/2022/20127/oficio_80.pdf", "ementa": "Exma. Sra. \r\nEloisa Helena Carvalho De Freitas Pereira\r\nPrefeitura Municipal\r\nPedro Leopoldo/MG\r\n\r\n\r\n\r\n\r\n\r\n\r\n\r\n\r\n\r\n\r\n\r\n\r\n\r\n\r\n\r\n\r\n\r\n\r\n\r\n\r\n\r\n\r\n\r\n\r\n\r\n\r\n\r\n\r\n\r\n\r\n\r\n\r\n\r\n\r\n\r\n\r\n\r\n\r\n\r\n\r\n\r\n\r\n\r\n\r\n\r\n\r\n\r\n\r\n\r\n\r\n\r\n\r\n\r\n\r\n\r\n\r\n\r\n\r\n\r\n\r\n\r\n\r\n\r\n\r\n\r\n\r\n\r\n\r\n\r\n\r\n\r\n\r\n\r\n\r\n\r\n\r\n\r\n\r\n\r\n\r\n\r\n\r\n\r\n\r\n\r\n\r\n\r\n\r\n\r\n\r\n\r\n\r\n\r\n\r\n\r\n\r\n\r\n\r\n\r\n\r\n\r\n\r\n\r\n\r\n\r\n\r\n\r\n\r\n\r\nAssunto: Cancelamento de palavra livre."}, {"id": "20411", "ano": "2022", "numero": "81", "tipo__sigla": "OF", "tipo__descricao": "Of\u00edcio", "autoria": "", "texto_original": "http://sapl.pedroleopoldo.mg.leg.br/media/sapl/public/materialegislativa/2022/20411/oficio_81-2022.pdf", "ementa": "\u00c0 Sra. Simone Aparecida Santos Diniz \r\nPresidente da C\u00e2mara da FUNDEB do Conselho Municipal de Educa\u00e7\u00e3o \r\nPedro Leopoldo /MG\r\n\r\n\r\n\r\n\r\n\r\n\r\n\r\n\r\n\r\n\r\n\r\n\r\n\r\n\r\n\r\n\r\n\r\n\r\n\r\n\r\n\r\n\r\n\r\n\r\n\r\n\r\n\r\n\r\n\r\n\r\n\r\n\r\n\r\n\r\n\r\n\r\n\r\n\r\n\r\n\r\n\r\n\r\n\r\n\r\n\r\n\r\n\r\n\r\n\r\n\r\n\r\n\r\n\r\n\r\n\r\n\r\n\r\n\r\n Assunto: Palavra Livre"}, {"id": "20128", "ano": "2022", "numero": "82", "tipo__sigla": "OF", "tipo__descricao": "Of\u00edcio", "autoria": "", "texto_original": "http://sapl.pedroleopoldo.mg.leg.br/media/sapl/public/materialegislativa/2022/20128/oficio_82.pdf", "ementa": "\u00c0 Exma. Sra. Prefeita\r\nEloisa Helena Carvalho de Freitas Pereira\r\nPrefeitura de Pedro Leopoldo/MG\r\n\r\n\r\n\r\n\r\n\r\n\r\n\r\n\r\n\r\n\r\n\r\n\r\n\r\n\r\n\r\n\r\n\r\n\r\n\r\n\r\n\r\n\r\n\r\n\r\n\r\n\r\n\r\n\r\n\r\n\r\n\r\n\r\n\r\n\r\n\r\n\r\n\r\n\r\n\r\n\r\n\r\n\r\n\r\n\r\n\r\n\r\n\r\n\r\n\r\n\r\n\r\n\r\n\r\n\r\n\r\n\r\n\r\n\r\n\r\n\r\n\r\n\r\n\r\n\r\n\r\n\r\n\r\n\r\n\r\n\r\n\r\n\r\n\r\n\r\n\r\n\r\n\r\n\r\n\r\n\r\n\r\n\r\n\r\n\r\n\r\n\r\n\r\n\r\n\r\n\r\n\r\n\r\n\r\n\r\n\r\n\r\n\r\n\r\n\r\n\r\n\r\n\r\n\r\n\r\n\r\n\r\n\r\n\r\n\r\n\r\n\r\n\r\n\r\n\r\n\r\n\r\n\r\n\r\n\r\n\r\n\r\n\r\n\r\n\r\n\r\n\r\n\r\n\r\n\r\n\r\n\r\n\r\n\r\n\r\n\r\n\r\nAssunto: Palavra livre."}, {"id": "20129", "ano": "2022", "numero": "84", "tipo__sigla": "OF", "tipo__descricao": "Of\u00edcio", "autoria": "", "texto_original": "http://sapl.pedroleopoldo.mg.leg.br/media/sapl/public/materialegislativa/2022/20129/oficio_84.pdf", "ementa": "\u00c0 Exma. Sra.\r\nEloisa Helena Carvalho de Freitas Pereira\r\nPrefeitura de Pedro Leopoldo/MG\r\n\r\n\r\n\r\n\r\n\r\n\r\n\r\n\r\n\r\n\r\n\r\n\r\n\r\n\r\n\r\n\r\n\r\n\r\n\r\n\r\n\r\n\r\n\r\n\r\n\r\n\r\n\r\n\r\n\r\n\r\n\r\n\r\n\r\n\r\n\r\n\r\n\r\n\r\n\r\n\r\n\r\n\r\n\r\n\r\n\r\n\r\n\r\n\r\n\r\n\r\n\r\n\r\n\r\n\r\n\r\n\r\n\r\n\r\n\r\n\r\n\r\n\r\n\r\n\r\n\r\n\r\n\r\n\r\n\r\n\r\n\r\n\r\n\r\n\r\n\r\n\r\n\r\n\r\n\r\n\r\n\r\n\r\n\r\n\r\n\r\n\r\n\r\n\r\n\r\n\r\n\r\n\r\n\r\n\r\n\r\n\r\n\r\n\r\n\r\n\r\n\r\n\r\n\r\n\r\n\r\n\r\n\r\n\r\n\r\n\r\n\r\n\r\n\r\n\r\n\r\n\r\n\r\n\r\n\r\n\r\n\r\n\r\n\r\n\r\n\r\n\r\n\r\n\r\n\r\n\r\n\r\n\r\n\r\n\r\n\r\n\r\n\r\n\r\n\r\n\r\n\r\n\r\n\r\n\r\n\r\n\r\n\r\n\r\n\r\n\r\n\r\n\r\n\r\n\r\n\r\n\r\n\r\n\r\n\r\n\r\n\r\n\r\n\r\n\r\n\r\n\r\n\r\n\r\n\r\n\r\n\r\n\r\n\r\n\r\n\r\n\r\n\r\n\r\n\r\n\r\n\r\n\r\n\r\n\r\n\r\n\r\n\r\n\r\n\r\n\r\n\r\n\r\n\r\n\r\n\r\n\r\n\r\n\r\n\r\n\r\n\r\n\r\n\r\n\r\n\r\n\r\n\r\n\r\n\r\n\r\n\r\n\r\n\r\n\r\n\r\n\r\n\r\n\r\n\r\n\r\n\r\n\r\n\r\n\r\n\r\n\r\n\r\n\r\n\r\n\r\n\r\n\r\n\r\nAssunto: Mat\u00e9ria aprovada na 9\u00ba Reuni\u00e3o Ordin\u00e1ria da C\u00e2mara Municipal de Pedro Leopoldo, realizada em 18 de abril de 2022."}, {"id": "20130", "ano": "2022", "numero": "86", "tipo__sigla": "OF", "tipo__descricao": "Of\u00edcio", "autoria": "", "texto_original": "http://sapl.pedroleopoldo.mg.leg.br/media/sapl/public/materialegislativa/2022/20130/oficio_86.pdf", "ementa": "Excelent\u00edssimo Senhor\r\nEvair dos Santos de Oliveira \r\nSecret\u00e1rio Municipal de Seguran\u00e7a P\u00fablica \r\nPrefeitura de Pedro Leopoldo/MG\r\n\r\n\r\n\r\n\r\n\r\n\r\n\r\n\r\n\r\n\r\n\r\n\r\n\r\n\r\n\r\n\r\n\r\n\r\n\r\n\r\n\r\n\r\n\r\n\r\n\r\n\r\n\r\n\r\n\r\n\r\n\r\n\r\n\r\n\r\n\r\n\r\n\r\n\r\n\r\n\r\n\r\n\r\n\r\n\r\n\r\n\r\n\r\n\r\n\r\n\r\n\r\n\r\n\r\n\r\n\r\n\r\n\r\n\r\n\r\n\r\n\r\n\r\n\r\n\r\n\r\n\r\n\r\n\r\n\r\n\r\n\r\n\r\n\r\n\r\n\r\n\r\n\r\n\r\n\r\n\r\n\r\n\r\n\r\n\r\n\r\n\r\n\r\n\r\n\r\n\r\n\r\n\r\n\r\n\r\n\r\n\r\n\r\n\r\n\r\n\r\n\r\n\r\n\r\n\r\n\r\n\r\n\r\n\r\n\r\n\r\n\r\n\r\n\r\n\r\n\r\n\r\n\r\n\r\n\r\n\r\n\r\n\r\n\r\n\r\n\r\n\r\n\r\n\r\n\r\n\r\n\r\n\r\n\r\n\r\n\r\n\r\n\r\n\r\n\r\n\r\n\r\n\r\n\r\n\r\n\r\n\r\n\r\n\r\n\r\n\r\n\r\n\r\n\r\n\r\n\r\n\r\nAssunto: Agradecimento"}, {"id": "20131", "ano": "2022", "numero": "87", "tipo__sigla": "OF", "tipo__descricao": "Of\u00edcio", "autoria": "", "texto_original": "http://sapl.pedroleopoldo.mg.leg.br/media/sapl/public/materialegislativa/2022/20131/oficio_87.pdf", "ementa": "Ao\r\nExmo. Sr.\r\nTen. Coronel Fl\u00e1vio Oliveira de Almeida \r\nComandante da 11\u00aa Cia. Independente de Pol\u00edcia Militar\r\nPedro Leopoldo/MG\r\n\r\n\r\n\r\n\r\n\r\n\r\n\r\n\r\n\r\n\r\n\r\n\r\n\r\n\r\n\r\n\r\n\r\n\r\n\r\n\r\n\r\n\r\n\r\n\r\n\r\n\r\n\r\n\r\n\r\n\r\n\r\n\r\n\r\n\r\n\r\n\r\n\r\n\r\n\r\n\r\n\r\n\r\n\r\n\r\n\r\n\r\n\r\n\r\n\r\n\r\n\r\n\r\n\r\n\r\n\r\n\r\n\r\n\r\n\r\n\r\n\r\n\r\n\r\n\r\n\r\n\r\n\r\n\r\n\r\n\r\n\r\n\r\n\r\n\r\n\r\n\r\n\r\n\r\n\r\n\r\n\r\n\r\n\r\n\r\n\r\n\r\n\r\n\r\n\r\n\r\n\r\n\r\n\r\n\r\n\r\n\r\n\r\n\r\n\r\n\r\n\r\n\r\n\r\n\r\n\r\n\r\nAssunto: Agradecimento"}, {"id": "20132", "ano": "2022", "numero": "88", "tipo__sigla": "OF", "tipo__descricao": "Of\u00edcio", "autoria": "", "texto_original": "http://sapl.pedroleopoldo.mg.leg.br/media/sapl/public/materialegislativa/2022/20132/oficio_88.pdf", "ementa": "\u00c0 Exma. Sra. Prefeita\r\nEloisa Helena Carvalho de Freitas Pereira\r\nPrefeitura de Pedro Leopoldo/MG\r\n\r\n\r\n\r\n\r\n\r\n\r\n\r\n\r\n\r\n\r\n\r\n\r\n\r\n\r\n\r\n\r\n\r\n\r\n\r\n\r\n\r\n\r\n\r\n\r\n\r\n\r\n\r\n\r\n\r\n\r\n\r\n\r\n\r\n\r\n\r\n\r\n\r\n\r\n\r\n\r\n\r\n\r\n\r\n\r\n\r\n\r\n\r\n\r\n\r\n\r\n\r\n\r\n\r\n\r\n\r\n\r\n\r\n\r\n\r\n\r\n\r\n\r\n\r\n\r\n\r\n\r\n\r\n\r\n\r\n\r\n\r\n\r\n\r\n\r\n\r\n\r\n\r\n\r\n\r\n\r\n\r\n\r\n\r\n\r\n\r\n\r\n\r\n\r\n\r\n\r\n\r\n\r\n\r\n\r\n\r\n\r\n\r\n\r\n\r\n\r\n\r\n\r\n\r\n\r\n\r\n\r\n\r\n\r\n\r\n\r\n\r\n\r\n\r\n\r\n\r\n\r\n\r\n\r\n\r\n\r\nAssunto: Agendamento de reuni\u00e3o."}, {"id": "20133", "ano": "2022", "numero": "89", "tipo__sigla": "OF", "tipo__descricao": "Of\u00edcio", "autoria": "", "texto_original": "http://sapl.pedroleopoldo.mg.leg.br/media/sapl/public/materialegislativa/2022/20133/oficio_89.pdf", "ementa": "Ilma. Sra.\r\nZamira Alves Cardoso e Familiares \r\n\r\n\r\n\r\n\r\n\r\n\r\n\r\n\r\n\r\n\r\n\r\n\r\n\r\n\r\n\r\n\r\n\r\n\r\n\r\n\r\n\r\n\r\n\r\n\r\n\r\n\r\n\r\n\r\n\r\n\r\n\r\n\r\n\r\n\r\n\r\n\r\n\r\n\r\n\r\n\r\n\r\n\r\n\r\n\r\n\r\n\r\n\r\n\r\n\r\n\r\n\r\n\r\n\r\n\r\n\r\n\r\n\r\n\r\n\r\n\r\n\r\n\r\n\r\n\r\n\r\n\r\n\r\n\r\n\r\n\r\n\r\n\r\n\r\n\r\n\r\n\r\n\r\n\r\n\r\n\r\n\r\n\r\n\r\n\r\n\r\n\r\n\r\n\r\n\r\n\r\n\r\n\r\n\r\n\r\n\r\n\r\n\r\n\r\n\r\n\r\n\r\n\r\n\r\n\r\n\r\n\r\n\r\n\r\n\r\n\r\n\r\n\r\n\r\n\r\n\r\n\r\n\r\n\r\n\r\n\r\n\r\n\r\n\r\n\r\n\r\n\r\n\r\n\r\n\r\n\r\nAssunto: Voto de pesar pelo seu falecimento, Osmar Cardoso."}, {"id": "20134", "ano": "2022", "numero": "90", "tipo__sigla": "OF", "tipo__descricao": "Of\u00edcio", "autoria": "", "texto_original": "http://sapl.pedroleopoldo.mg.leg.br/media/sapl/public/materialegislativa/2022/20134/oficio_90.pdf", "ementa": "Exma. Sra. \r\nEloisa Helena Carvalho de Freitas Pereira\r\nPrefeitura de Pedro Leopoldo/MG\r\n\r\n\r\n\r\n\r\n\r\n\r\n\r\n\r\n\r\n\r\n\r\n\r\n\r\n\r\n\r\n\r\n\r\n\r\n\r\n\r\n\r\n\r\n\r\n\r\n\r\n\r\n\r\n\r\n\r\n\r\n\r\n\r\n\r\n\r\n\r\n\r\n\r\n\r\n\r\n\r\n\r\n\r\n\r\n\r\n\r\n\r\n\r\n\r\n\r\n\r\n\r\n\r\n\r\n\r\n\r\n\r\n\r\n\r\n\r\n\r\n\r\n\r\n\r\n\r\n\r\n\r\n\r\n\r\n\r\n\r\n\r\n\r\n\r\n\r\n\r\n\r\n\r\n\r\n\r\n\r\n\r\n\r\n\r\n\r\n\r\n\r\n\r\n\r\n\r\n\r\n\r\n\r\n\r\n\r\n\r\n\r\n\r\n\r\n\r\n\r\n\r\n\r\n\r\n\r\n\r\n\r\n\r\n\r\n\r\n\r\n\r\n\r\n\r\n\r\n\r\n\r\n\r\n\r\n\r\n\r\n\r\n\r\n\r\n\r\n\r\n\r\n\r\n\r\n\r\n\r\n\r\n\r\n\r\n\r\n\r\n\r\n\r\n\r\n\r\n\r\n\r\n\r\n\r\n\r\n\r\n\r\n\r\n\r\n\r\n\r\n\r\n\r\n\r\n\r\n\r\n\r\n\r\n\r\n\r\n\r\n\r\n\r\n\r\n\r\n\r\n\r\n\r\n\r\n\r\n\r\n\r\n\r\n\r\n\r\n\r\n\r\n\r\n\r\n\r\n\r\n\r\n\r\n\r\n\r\n\r\n\r\n\r\n\r\n\r\n\r\n\r\n\r\n\r\n\r\n\r\n\r\n\r\n\r\n\r\n\r\n\r\n\r\n\r\nAssunto: Of\u00edcio Faz Solicita\u00e7\u00e3o."}, {"id": "20135", "ano": "2022", "numero": "91", "tipo__sigla": "OF", "tipo__descricao": "Of\u00edcio", "autoria": "", "texto_original": "http://sapl.pedroleopoldo.mg.leg.br/media/sapl/public/materialegislativa/2022/20135/oficio_91.pdf", "ementa": "Exma. Sra. \r\nEloisa Helena Carvalho de Freitas Pereira\r\nPrefeitura Municipal\r\nPedro Leopoldo/MG\r\n\r\n\r\n\r\n\r\n\r\n\r\n\r\n\r\n\r\n\r\n\r\n\r\n\r\n\r\n\r\n\r\n\r\n\r\n\r\n\r\n\r\n\r\n\r\n\r\n\r\n\r\n\r\n\r\n\r\n\r\n\r\n\r\n\r\n\r\n\r\n\r\n\r\n\r\n\r\n\r\n\r\n\r\n\r\n\r\n\r\n\r\n\r\n\r\n\r\n\r\n\r\n\r\n\r\n\r\n\r\n\r\n\r\n\r\n\r\n\r\n\r\n\r\n\r\n\r\n\r\n\r\n\r\n\r\n\r\n\r\n\r\n\r\n\r\n\r\n\r\n\r\n\r\n\r\n\r\n\r\n\r\n\r\n\r\n\r\n\r\n\r\n\r\n\r\n\r\n\r\n\r\n\r\n\r\n\r\n\r\n\r\n\r\n\r\n\r\n\r\n\r\n\r\n\r\n\r\n\r\n\r\n\r\n\r\n\r\n\r\n\r\n\r\n\r\n\r\n\r\n\r\n\r\n\r\n\r\n\r\n\r\n\r\n\r\n\r\n\r\n\r\n\r\n\r\n\r\n\r\n\r\n\r\n\r\n\r\nAssunto: Mat\u00e9ria aprovada na 10\u00aa Reuni\u00e3o Ordin\u00e1ria da C\u00e2mara Municipal de Pedro Leopoldo, realizada em  25 de abril de 2022."}, {"id": "20136", "ano": "2022", "numero": "92", "tipo__sigla": "OF", "tipo__descricao": "Of\u00edcio", "autoria": "", "texto_original": "http://sapl.pedroleopoldo.mg.leg.br/media/sapl/public/materialegislativa/2022/20136/oficio_92.pdf", "ementa": "Ilma. Sra. \r\nViviane Rodrigues Ribeiro e Familiares \r\n\r\n\r\n\r\n\r\n\r\n\r\n\r\n\r\n\r\n\r\n\r\n\r\n\r\n\r\n\r\n\r\n\r\n\r\n\r\n\r\n\r\n\r\n\r\n\r\n\r\n\r\n\r\n\r\n\r\n\r\n\r\n\r\n\r\n\r\n\r\n\r\n\r\n\r\n\r\n\r\n\r\n\r\n\r\n\r\n\r\n\r\n\r\n\r\n\r\n\r\n\r\n\r\n\r\n\r\n\r\n\r\n\r\n\r\n\r\n\r\n\r\n\r\n\r\n\r\n\r\n\r\n\r\n\r\n\r\n\r\n\r\n\r\n\r\n\r\n\r\n\r\n\r\n\r\n\r\n\r\n\r\n\r\n\r\n\r\n\r\n\r\n\r\n\r\n\r\n\r\n\r\n\r\n\r\n\r\n\r\n\r\n\r\n\r\n\r\n\r\n\r\n\r\n\r\n\r\n\r\n\r\n\r\n\r\n\r\n\r\n\r\n\r\n\r\n\r\n\r\n\r\n\r\n\r\n\r\n\r\n\r\n\r\n\r\n\r\n\r\n\r\nAssunto: Voto de pesar pelo seu falecimento , Ritiele Ribeiro Gomes."}, {"id": "20137", "ano": "2022", "numero": "93", "tipo__sigla": "OF", "tipo__descricao": "Of\u00edcio", "autoria": "", "texto_original": "http://sapl.pedroleopoldo.mg.leg.br/media/sapl/public/materialegislativa/2022/20137/oficio_93.pdf", "ementa": "Ao Banco Do Brasil S.A.\r\nPedro Leopoldo/MG - 0961-x\r\n\r\n\r\n\r\n\r\n\r\n\r\n\r\n\r\n\r\n\r\n\r\n\r\n\r\n\r\n\r\n\r\n\r\n\r\n\r\n\r\n\r\n\r\n\r\n\r\n\r\n\r\n\r\n\r\n\r\n\r\n\r\n\r\n\r\n\r\n\r\n\r\n\r\n\r\n\r\n\r\n\r\n\r\n\r\n\r\n\r\n\r\n\r\n\r\n\r\n\r\n\r\n\r\n\r\n\r\n\r\n\r\n\r\n\r\n\r\n\r\n\r\n\r\n\r\n\r\n\r\n\r\n\r\n\r\n\r\n\r\n\r\n\r\n\r\n\r\n\r\n\r\n\r\n\r\n\r\n\r\n\r\n\r\n\r\n\r\n\r\n\r\n\r\n\r\n\r\n\r\n\r\n\r\n\r\n\r\n\r\n\r\n\r\n\r\n\r\n\r\n\r\n\r\n\r\n\r\n\r\n\r\n\r\n\r\n\r\n\r\n\r\n\r\n\r\n\r\n\r\n\r\n\r\n\r\n\r\n\r\n\r\n\r\n\r\n\r\n\r\n\r\n\r\n\r\n\r\n\r\n\r\n\r\n\r\n\r\n\r\n\r\n\r\n\r\n\r\n\r\n\r\n\r\n\r\n\r\nAssunto: solicitamos o cadastramento dos poderes."}, {"id": "20138", "ano": "2022", "numero": "94", "tipo__sigla": "OF", "tipo__descricao": "Of\u00edcio", "autoria": "", "texto_original": "http://sapl.pedroleopoldo.mg.leg.br/media/sapl/public/materialegislativa/2022/20138/oficio_94.pdf", "ementa": "\u00c0 Excelent\u00edssima Senhora Heloisa Helena Carvalho de Freitas Pereira,\r\nPrefeita do Munic\u00edpio de Pedro Leopoldo.\r\n\r\n\r\n\r\n\r\n\r\n\r\n\r\n\r\n\r\n\r\n\r\n\r\n\r\n\r\n\r\n\r\n\r\n\r\n\r\n\r\n\r\n\r\n\r\n\r\n\r\n\r\n\r\n\r\n\r\n\r\n\r\n\r\n\r\n\r\n\r\n\r\n\r\n\r\n\r\n\r\n\r\n\r\n\r\n\r\n\r\n\r\n\r\n\r\n\r\n\r\n\r\n\r\n\r\n\r\n\r\n\r\n\r\n\r\n\r\n\r\n\r\n\r\n\r\n\r\n\r\n\r\n\r\n\r\n\r\n\r\n\r\n\r\n\r\n\r\n\r\n\r\n\r\n\r\n\r\n\r\n\r\n\r\n\r\n\r\n\r\n\r\n\r\n\r\n\r\n\r\n\r\n\r\n\r\n\r\n\r\n\r\n\r\n\r\n\r\n\r\n\r\n\r\n\r\n\r\n\r\n\r\n\r\n\r\n\r\n\r\n\r\n\r\n\r\n\r\n\r\n\r\n\r\n\r\n\r\n\r\n\r\n\r\n\r\n\r\n\r\n\r\n\r\n\r\n\r\n\r\n\r\n\r\n\r\n\r\n\r\n\r\n\r\n\r\n\r\n\r\n\r\n\r\n\r\n\r\n\r\n\r\n\r\n\r\n\r\n\r\n\r\n\r\n\r\n\r\n\r\n\r\n\r\n\r\n\r\n\r\n\r\n\r\n\r\n\r\n\r\nAssunto: solicita\u00e7\u00e3o (faz)."}, {"id": "20139", "ano": "2022", "numero": "95", "tipo__sigla": "OF", "tipo__descricao": "Of\u00edcio", "autoria": "", "texto_original": "http://sapl.pedroleopoldo.mg.leg.br/media/sapl/public/materialegislativa/2022/20139/oficio_95.pdf", "ementa": "Ao SR.\r\nCharles Nunes Bahia \r\nCoordenador Censit\u00e1rio de Sub\u00e1rea - IBGE\r\nMunic\u00edpio de Pedro Leopoldo/MG\r\n\r\n\r\n\r\n\r\n\r\n\r\n\r\n\r\n\r\n\r\n\r\n\r\n\r\n\r\n\r\n\r\n\r\n\r\n\r\n\r\n\r\n\r\n\r\n\r\n\r\n\r\n\r\n\r\n\r\n\r\n\r\n\r\n\r\n\r\n\r\n\r\n\r\n\r\n\r\n\r\n\r\n\r\n\r\n\r\n\r\n\r\n\r\n\r\n\r\n\r\n\r\n\r\n\r\n\r\n\r\n\r\n\r\n\r\n\r\n\r\n\r\n\r\n\r\n\r\n\r\n\r\n\r\n\r\n\r\n\r\n\r\n\r\n\r\n\r\n\r\n\r\n\r\n\r\n\r\n\r\n\r\n\r\n\r\n\r\n\r\n\r\n\r\n\r\n\r\n\r\n\r\n\r\n\r\n\r\n\r\n\r\n\r\n\r\n\r\n\r\n\r\n\r\n\r\n\r\n\r\n\r\n\r\n\r\nAssunto: Resp. Of\u00edcio Censo Demogr\u00e1fico 2022 - Primeiro REPAC."}, {"id": "20140", "ano": "2022", "numero": "96", "tipo__sigla": "OF", "tipo__descricao": "Of\u00edcio", "autoria": "", "texto_original": "http://sapl.pedroleopoldo.mg.leg.br/media/sapl/public/materialegislativa/2022/20140/oficio_96.pdf", "ementa": "Exma. Sra. \r\nEloisa Helena Carvalho de Freitas Pereira\r\nPrefeitura Municipal\r\nPedro Leopoldo/MG\r\n\r\n\r\n\r\n\r\n\r\n\r\n\r\n\r\n\r\n\r\n\r\n\r\n\r\n\r\n\r\n\r\n\r\n\r\n\r\n\r\n\r\n\r\n\r\n\r\n\r\n\r\n\r\n\r\n\r\n\r\n\r\n\r\n\r\n\r\n\r\n\r\n\r\n\r\n\r\n\r\n\r\n\r\n\r\n\r\n\r\n\r\n\r\n\r\n\r\n\r\n\r\n\r\n\r\n\r\n\r\n\r\n\r\n\r\n\r\n\r\n\r\n\r\n\r\n\r\n\r\n\r\n\r\n\r\n\r\n\r\n\r\n\r\n\r\n\r\n\r\n\r\n\r\n\r\n\r\n\r\n\r\n\r\n\r\n\r\n\r\n\r\n\r\n\r\n\r\n\r\n\r\n\r\n\r\n\r\n\r\n\r\n\r\n\r\n\r\n\r\n\r\n\r\n\r\n\r\n\r\n\r\n\r\n\r\n\r\n\r\n\r\n\r\n\r\n\r\n\r\n\r\n\r\n\r\n\r\n\r\n\r\n\r\n\r\n\r\n\r\n\r\n\r\n\r\n\r\n\r\n\r\n\r\n\r\n\r\n\r\n\r\nAssunto: Mat\u00e9ria aprovada na 11\u00aa Reuni\u00e3o Ordin\u00e1ria da C\u00e2mara Municipal de Pedro Leopoldo, realizada em 02 de maio de 2022."}, {"id": "20141", "ano": "2022", "numero": "97", "tipo__sigla": "OF", "tipo__descricao": "Of\u00edcio", "autoria": "", "texto_original": "http://sapl.pedroleopoldo.mg.leg.br/media/sapl/public/materialegislativa/2022/20141/oficio_97.pdf", "ementa": "Ilma. Sra. \r\nGeane Pereira Muniz e Familiares.\r\n\r\n\r\n\r\n\r\n\r\n\r\n\r\n\r\n\r\n\r\n\r\n\r\n\r\n\r\n\r\n\r\n\r\n\r\n\r\n\r\n\r\n\r\n\r\n\r\n\r\n\r\n\r\n\r\n\r\n\r\n\r\n\r\n\r\n\r\n\r\n\r\n\r\n\r\n\r\n\r\n\r\n\r\n\r\n\r\n\r\n\r\n\r\n\r\n\r\n\r\n\r\n\r\n\r\n\r\n\r\n\r\n\r\n\r\n\r\n\r\n\r\n\r\n\r\n\r\n\r\n\r\n\r\n\r\n\r\n\r\n\r\n\r\n\r\n\r\n\r\n\r\n\r\n\r\n\r\n\r\n\r\n\r\n\r\n\r\n\r\n\r\n\r\n\r\n\r\n\r\n\r\n\r\n\r\n\r\n\r\n\r\n\r\n\r\n\r\n\r\n\r\n\r\n\r\n\r\n\r\n\r\n\r\n\r\n\r\n\r\n\r\n\r\n\r\n\r\n\r\n\r\n\r\n\r\n\r\n\r\n\r\n\r\n\r\n\r\n\r\n\r\n\r\n\r\nAssunto; Voto de pesar pelo seu falecimento, Diocleciano Muniz Sobrinho."}, {"id": "20142", "ano": "2022", "numero": "98", "tipo__sigla": "OF", "tipo__descricao": "Of\u00edcio", "autoria": "", "texto_original": "http://sapl.pedroleopoldo.mg.leg.br/media/sapl/public/materialegislativa/2022/20142/oficio_98.pdf", "ementa": "Ilma. Sra.\r\nF\u00e1tima Maria de Oliveira Ferreira e Familiares.\r\n\r\n\r\n\r\n\r\n\r\n\r\n\r\n\r\n\r\n\r\n\r\n\r\n\r\n\r\n\r\n\r\n\r\n\r\n\r\n\r\n\r\n\r\n\r\n\r\n\r\n\r\n\r\n\r\n\r\n\r\n\r\n\r\n\r\n\r\n\r\n\r\n\r\n\r\n\r\n\r\n\r\n\r\n\r\n\r\n\r\n\r\n\r\n\r\n\r\n\r\n\r\n\r\n\r\n\r\n\r\n\r\n\r\n\r\n\r\n\r\n\r\n\r\n\r\n\r\n\r\n\r\n\r\n\r\n\r\n\r\n\r\n\r\n\r\n\r\n\r\n\r\n\r\n\r\n\r\n\r\n\r\n\r\n\r\n\r\n\r\n\r\n\r\n\r\n\r\n\r\n\r\n\r\n\r\n\r\n\r\n\r\n\r\n\r\n\r\n\r\n\r\n\r\n\r\n\r\n\r\n\r\n\r\n\r\n\r\n\r\n\r\n\r\n\r\n\r\n\r\n\r\n\r\n\r\n\r\n\r\n\r\n\r\n\r\n\r\n\r\n\r\n\r\n\r\n\r\n\r\n\r\n\r\n\r\n\r\n\r\n\r\n\r\n\r\n\r\n\r\n\r\n\r\n\r\n\r\n\r\n\r\n\r\n\r\n\r\n\r\n\r\n\r\n\r\nAssunto: Voto de pesar pelo seu falecimento, Laerte de Souza Ferreira."}, {"id": "20143", "ano": "2022", "numero": "99", "tipo__sigla": "OF", "tipo__descricao": "Of\u00edcio", "autoria": "", "texto_original": "http://sapl.pedroleopoldo.mg.leg.br/media/sapl/public/materialegislativa/2022/20143/oficio_99.pdf", "ementa": "Ilmo. Sr.\r\nJos\u00e9 J\u00fanior Rodrigues e Familiares.\r\n\r\n\r\n\r\n\r\n\r\n\r\n\r\n\r\n\r\n\r\n\r\n\r\n\r\n\r\n\r\n\r\n\r\n\r\n\r\n\r\n\r\n\r\n\r\n\r\n\r\n\r\n\r\n\r\n\r\n\r\n\r\n\r\n\r\n\r\n\r\n\r\n\r\n\r\n\r\n\r\n\r\n\r\n\r\n\r\n\r\n\r\n\r\n\r\n\r\n\r\n\r\n\r\n\r\n\r\n\r\n\r\n\r\n\r\n\r\n\r\n\r\n\r\n\r\n\r\n\r\n\r\n\r\n\r\n\r\n\r\n\r\n\r\n\r\n\r\n\r\n\r\n\r\n\r\n\r\n\r\n\r\n\r\n\r\n\r\n\r\n\r\n\r\n\r\n\r\n\r\n\r\n\r\n\r\n\r\n\r\n\r\n\r\n\r\n\r\n\r\n\r\n\r\n\r\n\r\n\r\n\r\n\r\n\r\n\r\n\r\n\r\n\r\n\r\n\r\n\r\n\r\n\r\n\r\n\r\n\r\n\r\n\r\n\r\n\r\n\r\n\r\n\r\n\r\n\r\n\r\n\r\n\r\n\r\n\r\n\r\n\r\n\r\n\r\n\r\n\r\n\r\n\r\n\r\n\r\n\r\n\r\n\r\n\r\n\r\n\r\n\r\n\r\n\r\n\r\n\r\n\r\n\r\nAssunto: Voto de pesar pelo seu falecimento, Maria Aparecida Rodrigues."}, {"id": "20144", "ano": "2022", "numero": "100", "tipo__sigla": "OF", "tipo__descricao": "Of\u00edcio", "autoria": "", "texto_original": "http://sapl.pedroleopoldo.mg.leg.br/media/sapl/public/materialegislativa/2022/20144/oficio_100.pdf", "ementa": "Ilmo. Sr.\r\nAlessandro Oliveira Lima\r\nGer\u00eancia de Relacionamento com o Poder P\u00fablico \r\nCompanhia Energ\u00e9tica de Minas Gerais - CEMIG\r\n\r\n\r\n\r\n\r\n\r\n\r\n\r\n\r\n\r\n\r\n\r\n\r\n\r\n\r\n\r\n\r\n\r\n\r\n\r\n\r\n\r\n\r\n\r\n\r\n\r\n\r\n\r\n\r\n\r\n\r\n\r\n\r\n\r\n\r\n\r\n\r\n\r\n\r\n\r\n\r\n\r\n\r\n\r\n\r\n\r\n\r\n\r\n\r\n\r\n\r\n\r\n\r\n\r\n\r\n\r\n\r\n\r\n\r\n\r\n\r\n\r\n\r\n\r\n\r\n\r\n\r\n\r\n\r\n\r\n\r\n\r\n\r\n\r\n\r\n\r\n\r\n\r\n\r\n\r\n\r\n\r\n\r\n\r\n\r\n\r\n\r\n\r\n\r\n\r\n\r\n\r\n\r\n\r\n\r\n\r\n\r\n\r\n\r\n\r\n\r\n\r\n\r\n\r\n\r\n\r\n\r\n\r\n\r\n\r\n\r\n\r\n\r\n\r\n\r\n\r\n\r\n\r\n\r\n\r\n\r\n\r\n\r\n\r\n\r\n\r\n\r\n\r\n\r\n\r\n\r\n\r\n\r\n\r\n\r\n\r\n\r\n\r\n\r\n\r\n\r\n\r\n\r\n\r\n\r\n\r\n\r\n\r\n\r\n\r\n\r\n\r\n\r\n\r\n\r\n\r\n\r\n\r\n\r\n\r\n\r\n\r\n\r\n\r\n\r\n\r\n\r\n\r\n\r\n\r\n\r\n\r\n\r\n\r\n\r\n\r\n\r\n\r\n\r\n\r\n\r\n\r\n\r\n\r\n\r\n\r\n\r\n\r\n\r\n\r\n\r\n\r\n\r\n\r\n\r\n\r\n\r\n\r\n\r\n\r\n\r\n\r\n\r\n\r\n\r\n\r\n\r\n\r\n\r\n\r\n\r\n\r\n\r\n\r\n\r\n\r\n\r\n\r\n\r\n\r\n\r\n\r\n\r\n\r\n\r\n\r\n\r\n\r\nAssunto: Para as devidas provid\u00eancias, encaminho a Vossa Excel\u00eancia a seguinte representa\u00e7\u00e3o, aprovada na\r\n11\u00aa Reuni\u00e3o Ordin\u00e1ria da C\u00e2mara Municipal de Pedro Leopoldo, realizada em 02 de maio de 2022."}, {"id": "20145", "ano": "2022", "numero": "101", "tipo__sigla": "OF", "tipo__descricao": "Of\u00edcio", "autoria": "", "texto_original": "http://sapl.pedroleopoldo.mg.leg.br/media/sapl/public/materialegislativa/2022/20145/oficio_101.pdf", "ementa": "Ilmo. Sr.\r\nRonaldo Alves de Souza.\r\n\r\n\r\n\r\n\r\n\r\n\r\n\r\n\r\n\r\n\r\n\r\n\r\n\r\n\r\n\r\n\r\n\r\n\r\n\r\n\r\n\r\n\r\n\r\n\r\n\r\n\r\n\r\n\r\n\r\n\r\n\r\n\r\n\r\n\r\n\r\n\r\n\r\n\r\n\r\n\r\n\r\n\r\n\r\n\r\n\r\n\r\n\r\n\r\n\r\n\r\n\r\n\r\n\r\n\r\n\r\n\r\n\r\n\r\n\r\n\r\n\r\n\r\n\r\n\r\n\r\n\r\n\r\n\r\n\r\n\r\n\r\n\r\n\r\n\r\n\r\n\r\n\r\n\r\n\r\n\r\n\r\n\r\n\r\n\r\n\r\n\r\n\r\n\r\n\r\n\r\n\r\n\r\n\r\n\r\n\r\n\r\n\r\n\r\n\r\n\r\n\r\n\r\n\r\n\r\n\r\n\r\n\r\n\r\n\r\n\r\n\r\n\r\n\r\n\r\n\r\n\r\n\r\n\r\n\r\n\r\n\r\n\r\n\r\n\r\n\r\n\r\n\r\n\r\n\r\n\r\n\r\n\r\n\r\n\r\n\r\n\r\n\r\n\r\n\r\n\r\n\r\n\r\n\r\n\r\nAssunto: Voto de pesar pelo seu falecimento, Jos\u00e9 Herculano de Souza."}, {"id": "20146", "ano": "2022", "numero": "102", "tipo__sigla": "OF", "tipo__descricao": "Of\u00edcio", "autoria": "", "texto_original": "http://sapl.pedroleopoldo.mg.leg.br/media/sapl/public/materialegislativa/2022/20146/oficio_102.pdf", "ementa": "Ilma. Sr.\r\nTanny Carla Mendes Silva.\r\n\r\n\r\n\r\n\r\n\r\n\r\n\r\n\r\n\r\n\r\n\r\n\r\n\r\n\r\n\r\n\r\n\r\n\r\n\r\n\r\n\r\n\r\n\r\n\r\n\r\n\r\n\r\n\r\n\r\n\r\n\r\n\r\n\r\n\r\n\r\n\r\n\r\n\r\n\r\n\r\n\r\n\r\n\r\n\r\n\r\n\r\n\r\n\r\n\r\n\r\n\r\n\r\n\r\n\r\n\r\n\r\n\r\n\r\n\r\n\r\n\r\n\r\n\r\n\r\n\r\n\r\n\r\n\r\n\r\n\r\n\r\n\r\n\r\n\r\n\r\n\r\n\r\n\r\n\r\n\r\n\r\n\r\n\r\n\r\n\r\n\r\n\r\n\r\n\r\n\r\n\r\n\r\n\r\n\r\n\r\n\r\n\r\n\r\n\r\n\r\n\r\n\r\n\r\n\r\n\r\n\r\n\r\n\r\n\r\n\r\n\r\n\r\n\r\n\r\n\r\n\r\n\r\n\r\n\r\n\r\n\r\n\r\n\r\n\r\n\r\n\r\n\r\n\r\n\r\n\r\n\r\n\r\n\r\n\r\n\r\n\r\n\r\n\r\n\r\n\r\n\r\n\r\n\r\n\r\n\r\n\r\n\r\n\r\n\r\n\r\n\r\n\r\n\r\n\r\n\r\n\r\n\r\n\r\n\r\n\r\n\r\n\r\n\r\n\r\n\r\n\r\n\r\n\r\n\r\n\r\n\r\n\r\n\r\n\r\n\r\n\r\n\r\n\r\nAssunto: Voto de pesar pelo seu falecimento, Jos\u00e9 Wilson Mendes Alves."}, {"id": "20147", "ano": "2022", "numero": "104", "tipo__sigla": "OF", "tipo__descricao": "Of\u00edcio", "autoria": "", "texto_original": "http://sapl.pedroleopoldo.mg.leg.br/media/sapl/public/materialegislativa/2022/20147/oficio_104.pdf", "ementa": "\u00c0 \r\nExma. Sra.\r\nDra. Priscila Pereira Santos\r\nDelegada de Pol\u00edcia Civil\r\nComarca de Pedro Leopoldo\r\nPedro Leopoldo/MG\r\n\r\n\r\n\r\n\r\n\r\n\r\n\r\n\r\n\r\n\r\n\r\n\r\n\r\n\r\n\r\n\r\n\r\n\r\n\r\n\r\n\r\n\r\n\r\n\r\n\r\n\r\n\r\n\r\n\r\n\r\n\r\n\r\n\r\n\r\n\r\n\r\n\r\n\r\n\r\n\r\n\r\n\r\n\r\n\r\n\r\n\r\n\r\n\r\n\r\n\r\n\r\n\r\n\r\n\r\n\r\n\r\n\r\n\r\n\r\n\r\n\r\n\r\n\r\n\r\n\r\n\r\n\r\n\r\n\r\n\r\n\r\n\r\n\r\n\r\n\r\n\r\n\r\n\r\n\r\n\r\n\r\n\r\n\r\n\r\n\r\n\r\n\r\n\r\n\r\n\r\n\r\n\r\n\r\n\r\n\r\n\r\n\r\n\r\n\r\n\r\n\r\n\r\n\r\n\r\n\r\n\r\n\r\n\r\n\r\n\r\n\r\n\r\n\r\n\r\n\r\n\r\n\r\n\r\n\r\n\r\n\r\n\r\n\r\n\r\n\r\n\r\n\r\n\r\n\r\n\r\n\r\n\r\n\r\n\r\n\r\n\r\n\r\n\r\n\r\n\r\n\r\n\r\n\r\n\r\n\r\n\r\n\r\n\r\n\r\n\r\n\r\n\r\n\r\n\r\n\r\n\r\n\r\n\r\n\r\nAssunto: Renova\u00e7\u00e3o do Termo de Coopera\u00e7\u00e3o ."}, {"id": "20148", "ano": "2022", "numero": "105", "tipo__sigla": "OF", "tipo__descricao": "Of\u00edcio", "autoria": "", "texto_original": "http://sapl.pedroleopoldo.mg.leg.br/media/sapl/public/materialegislativa/2022/20148/oficio_105.pdf", "ementa": "Exma. Sra. \r\nEloisa Helena Carvalho de Freitas Pereira\r\nPrefeitura Municipal\r\nPedro Leopoldo/MG\r\n\r\n\r\n\r\n\r\n\r\n\r\n\r\n\r\n\r\n\r\n\r\n\r\n\r\n\r\n\r\n\r\n\r\n\r\n\r\n\r\n\r\n\r\n\r\n\r\n\r\n\r\n\r\n\r\n\r\n\r\n\r\n\r\n\r\n\r\n\r\n\r\n\r\n\r\n\r\n\r\n\r\n\r\n\r\n\r\n\r\n\r\n\r\n\r\n\r\n\r\n\r\n\r\n\r\n\r\n\r\n\r\n\r\n\r\n\r\n\r\n\r\n\r\n\r\n\r\n\r\n\r\n\r\n\r\n\r\n\r\n\r\n\r\n\r\n\r\n\r\n\r\n\r\n\r\n\r\n\r\n\r\n\r\n\r\n\r\n\r\n\r\n\r\n\r\n\r\n\r\n\r\n\r\n\r\n\r\n\r\n\r\n\r\n\r\n\r\n\r\n\r\n\r\n\r\n\r\n\r\n\r\n\r\n\r\n\r\n\r\n\r\n\r\n\r\n\r\n\r\n\r\n\r\n\r\n\r\n\r\n\r\n\r\n\r\n\r\n\r\n\r\n\r\n\r\n\r\n\r\n\r\n\r\n\r\n\r\n\r\n\r\n\r\n\r\n\r\n\r\n\r\n\r\n\r\n\r\n\r\n\r\n\r\n\r\n\r\n\r\n\r\n\r\n\r\n\r\n\r\n\r\n\r\n\r\n\r\n\r\n\r\n\r\n\r\n\r\n\r\n\r\n\r\n\r\n\r\n\r\n\r\n\r\n\r\n\r\n\r\n\r\n\r\n\r\n\r\n\r\n\r\n\r\n\r\n\r\n\r\n\r\n\r\n\r\n\r\n\r\n\r\n\r\n\r\n\r\n\r\n\r\n\r\n\r\n\r\n\r\n\r\n\r\n\r\n\r\n\r\n\r\n\r\n\r\n\r\n\r\n\r\n\r\n\r\n\r\n\r\n\r\n\r\n\r\n\r\n\r\n\r\n\r\n\r\n\r\n\r\n\r\n\r\n\r\n\r\n\r\n\r\n\r\n\r\n\r\n\r\n\r\n\r\n\r\n\r\n\r\n\r\n\r\n\r\n\r\n\r\n\r\n\r\n\r\n\r\n\r\n\r\n\r\n\r\n\r\n\r\n\r\n\r\n\r\n\r\n\r\n\r\n\r\n\r\n\r\n\r\n\r\n\r\n\r\n\r\n\r\n\r\n\r\n\r\n\r\n\r\n\r\n\r\n\r\n\r\n\r\n\r\nAssunto: Mat\u00e9ria aprovada na 12\u00aa Reuni\u00e3o Ordin\u00e1ria da C\u00e2mara Municipal de Pedro Leopoldo, realizada  em 09 de maio de 2022."}, {"id": "20149", "ano": "2022", "numero": "106", "tipo__sigla": "OF", "tipo__descricao": "Of\u00edcio", "autoria": "", "texto_original": "http://sapl.pedroleopoldo.mg.leg.br/media/sapl/public/materialegislativa/2022/20149/oficio_106.pdf", "ementa": "Ilma. Sra. \r\nLuci Alves Costa\r\n\r\n\r\n\r\n\r\n\r\n\r\n\r\n\r\n\r\n\r\n\r\n\r\n\r\n\r\n\r\n\r\n\r\n\r\n\r\n\r\n\r\n\r\n\r\n\r\n\r\n\r\n\r\n\r\n\r\n\r\n\r\n\r\n\r\n\r\n\r\n\r\n\r\n\r\n\r\n\r\n\r\n\r\n\r\n\r\n\r\n\r\n\r\n\r\n\r\n\r\n\r\n\r\n\r\n\r\n\r\n\r\n\r\n\r\n\r\n\r\n\r\n\r\n\r\n\r\n\r\n\r\n\r\n\r\n\r\n\r\n\r\n\r\n\r\n\r\n\r\n\r\n\r\n\r\n\r\n\r\n\r\n\r\n\r\n\r\n\r\n\r\n\r\n\r\n\r\n\r\n\r\n\r\n\r\n\r\n\r\n\r\n\r\n\r\n\r\n\r\n\r\n\r\n\r\n\r\n\r\n\r\n\r\n\r\n\r\n\r\n\r\n\r\n\r\n\r\n\r\n\r\n\r\n\r\n\r\n\r\n\r\n\r\n\r\n\r\n\r\n\r\n\r\n\r\n\r\n\r\n\r\n\r\n\r\n\r\n\r\n\r\n\r\n\r\n\r\n\r\n\r\n\r\n\r\n\r\n\r\n\r\n\r\n\r\n\r\n\r\n\r\n\r\n\r\n\r\n\r\n\r\n\r\n\r\n\r\n\r\n\r\n\r\n\r\n\r\n\r\n\r\n\r\n\r\n\r\n\r\n\r\n\r\n\r\n\r\n\r\n\r\n\r\n\r\n\r\n\r\n\r\n\r\n\r\nAssunto: Voto de pesar pelo seu falecimento, Janu\u00e1rio Alves Costa."}, {"id": "20412", "ano": "2022", "numero": "107", "tipo__sigla": "OF", "tipo__descricao": "Of\u00edcio", "autoria": "", "texto_original": "http://sapl.pedroleopoldo.mg.leg.br/media/sapl/public/materialegislativa/2022/20412/oficio_107-2022.pdf", "ementa": "\u00c0 Exma. Sra.\r\nDra. Raquel Fernanda Caetano Correa Couy \r\nPromotora de Justi\u00e7a da Comarca de Pedro Leopoldo /MG\r\n\r\n\r\n\r\n\r\n\r\n\r\n\r\n\r\n\r\n\r\n\r\n\r\n\r\n\r\n\r\n\r\n\r\n\r\n\r\n\r\n\r\n\r\n\r\n\r\n\r\n\r\n\r\n\r\n\r\n\r\n\r\n\r\n\r\n\r\n\r\n\r\n\r\n\r\n\r\n\r\n\r\n\r\n\r\n\r\n\r\n\r\n\r\n\r\n\r\n\r\n\r\n\r\n\r\n\r\n\r\n\r\n\r\n\r\nAssunto: IC MPMG 0210.18.000118-7"}, {"id": "20556", "ano": "2022", "numero": "108", "tipo__sigla": "OF", "tipo__descricao": "Of\u00edcio", "autoria": "", "texto_original": "http://sapl.pedroleopoldo.mg.leg.br/media/sapl/public/materialegislativa/2022/20556/oficio_108-2022.pdf", "ementa": "A Promotora \r\nDra. Raquel Fernanda C.C. Couy \r\n\r\n\r\n\r\n\r\n\r\n\r\n\r\n\r\n\r\n\r\n\r\n\r\n\r\n\r\n\r\n\r\n\r\n\r\n\r\n\r\n\r\n\r\n\r\n\r\n\r\n\r\n\r\n\r\n\r\n\r\n\r\n\r\n\r\n\r\n\r\n\r\n\r\n\r\n\r\n\r\n\r\n\r\n\r\n\r\n\r\n\r\n\r\n\r\n\r\n\r\n\r\n\r\n\r\n\r\n\r\n\r\n\r\n\r\n\r\n\r\n\r\n\r\n\r\n\r\n\r\n\r\n\r\n\r\n\r\n\r\n\r\n\r\n\r\n\r\n\r\n\r\n\r\n\r\n\r\n\r\n\r\n\r\n\r\n\r\n\r\n\r\n\r\n\r\n\r\n\r\n\r\n\r\n\r\n\r\n\r\n\r\n\r\n\r\n\r\n\r\n\r\n\r\n\r\n\r\n\r\n\r\n\r\n\r\n\r\n\r\n\r\n\r\n\r\n\r\n\r\n\r\n\r\n\r\n\r\n\r\n\r\n\r\n\r\n\r\n\r\n\r\n\r\n\r\n\r\n\r\n\r\n\r\n\r\n\r\n\r\n\r\n\r\n\r\n\r\n\r\n\r\n\r\n\r\n\r\n\r\n\r\n\r\n\r\n\r\n\r\n\r\n\r\n\r\n\r\n\r\n\r\n\r\n\r\n\r\n\r\n\r\n\r\n\r\n\r\n\r\n\r\n\r\n\r\n\r\n\r\n\r\n\r\n\r\n\r\n\r\n\r\n\r\n\r\n\r\n\r\n\r\n\r\n\r\n\r\n\r\n\r\n\r\n\r\n\r\n\r\n\r\n\r\n\r\n\r\n\r\n\r\n\r\n\r\n\r\n\r\n\r\n\r\n\r\n\r\n\r\n\r\n\r\n\r\n\r\n\r\n\r\n\r\n\r\n\r\n\r\n\r\n\r\n\r\n\r\n\r\n\r\n\r\n\r\n\r\n\r\nAssunto: Resposta ao of\u00edcio  n\u00ba 294/2022 - 2\u00aa Promotoria de Justi\u00e7a da Comarca de Pedro Leopoldo"}, {"id": "20415", "ano": "2022", "numero": "109", "tipo__sigla": "OF", "tipo__descricao": "Of\u00edcio", "autoria": "", "texto_original": "http://sapl.pedroleopoldo.mg.leg.br/media/sapl/public/materialegislativa/2022/20415/oficio_109-2022.pdf", "ementa": "\u00c0 Exma. Sra.\r\nDra. Priscila Pereira Santos \r\nDelegada da Policia Civil \r\nComarca de Pedro Leopoldo/MG\r\n\r\n\r\n\r\n\r\n\r\n\r\n\r\n\r\n\r\n\r\n\r\n\r\n\r\n\r\n\r\n\r\n\r\n\r\n\r\n\r\n\r\n\r\n\r\n\r\n\r\n\r\n\r\n\r\n\r\n\r\n\r\n\r\n\r\n\r\n\r\n\r\n\r\n\r\n\r\n\r\n\r\n\r\n\r\n\r\n\r\n\r\n\r\n\r\n\r\n\r\n\r\n\r\n\r\n\r\n\r\n\r\n\r\n\r\n\r\n\r\n\r\n\r\n\r\n\r\n\r\n\r\n\r\n\r\n\r\n\r\n\r\n\r\nAssunto: Termo de Coopera\u00e7\u00e3o"}, {"id": "20417", "ano": "2022", "numero": "111", "tipo__sigla": "OF", "tipo__descricao": "Of\u00edcio", "autoria": "", "texto_original": "http://sapl.pedroleopoldo.mg.leg.br/media/", "ementa": "Exma. Sra. \r\nEloisa Helena Carvalho de Freitas Pereira \r\nPrefeitura Municipal \r\nPedro Leopoldo /MG\r\n\r\n\r\n\r\n\r\n\r\n\r\n\r\n\r\n\r\n\r\n\r\n\r\n\r\n\r\n\r\n\r\n\r\n\r\n\r\n\r\n\r\n\r\n\r\n\r\n\r\n\r\n\r\n\r\n\r\n\r\n\r\n\r\n\r\n\r\n\r\n\r\n\r\n\r\n\r\n\r\n\r\n\r\n\r\n\r\n\r\n\r\n\r\n\r\n\r\n\r\n\r\n\r\n\r\n\r\n\r\n\r\n\r\n\r\n\r\n\r\nAssunto: Mat\u00e9ria aprovada na 13\u00aa Reuni\u00e3o Ordin\u00e1ria da C\u00e2mara Municipal de Pedro Leopoldo, realizado em 16 de maio de 2022."}, {"id": "20418", "ano": "2022", "numero": "112", "tipo__sigla": "OF", "tipo__descricao": "Of\u00edcio", "autoria": "", "texto_original": "http://sapl.pedroleopoldo.mg.leg.br/media/sapl/public/materialegislativa/2022/20418/oficio_112-2022.pdf", "ementa": "Ilma. Sra.\r\nMaria Eug\u00eania Pereira \r\n\r\n\r\n\r\n\r\n\r\n\r\n\r\n\r\n\r\n\r\n\r\n\r\n\r\n\r\n\r\n\r\n\r\n\r\n\r\n\r\n\r\n\r\n\r\n\r\n\r\n\r\n\r\n\r\n\r\n\r\n\r\n\r\n\r\n\r\n\r\n\r\n\r\n\r\n\r\n\r\n\r\n\r\n\r\n\r\n\r\n\r\n\r\n\r\n\r\n\r\n\r\n\r\n\r\n\r\n\r\n\r\nAssunto: Voto de pesar pelo falecimento da Sra. Margarida dos Anjos Pereira Dias"}, {"id": "20419", "ano": "2022", "numero": "113", "tipo__sigla": "OF", "tipo__descricao": "Of\u00edcio", "autoria": "", "texto_original": "http://sapl.pedroleopoldo.mg.leg.br/media/sapl/public/materialegislativa/2022/20419/oficio_113-2022.pdf", "ementa": "Ilmo.Sr.\r\nEuler Moreira de Freitas e familiares \r\n\r\n\r\n\r\n\r\n\r\n\r\n\r\n\r\n\r\n\r\n\r\n\r\n\r\n\r\n\r\n\r\n\r\n\r\n\r\n\r\n\r\n\r\n\r\n\r\n\r\n\r\n\r\n\r\n\r\n\r\n\r\n\r\n\r\n\r\n\r\n\r\n\r\n\r\n\r\n\r\n\r\n\r\n\r\n\r\n\r\n\r\n\r\n\r\n\r\n\r\n\r\n\r\n\r\nAssunto: Voto de pesar pelo falecimento do Sr. Jos\u00e9 Eust\u00e1quio de Freitas"}, {"id": "20420", "ano": "2022", "numero": "115", "tipo__sigla": "OF", "tipo__descricao": "Of\u00edcio", "autoria": "", "texto_original": "http://sapl.pedroleopoldo.mg.leg.br/media/sapl/public/materialegislativa/2022/20420/oficio_115-2022.pdf", "ementa": "Exma. Sra \r\nEloisa Helena Carvalho de Freitas Pereira \r\nPrefeitura Municipal \r\nPedro Leopoldo/MG\r\n\r\n\r\n\r\n\r\n\r\n\r\n\r\n\r\n\r\n\r\n\r\n\r\n\r\n\r\n\r\n\r\n\r\n\r\n\r\n\r\n\r\n\r\n\r\n\r\n\r\n\r\n\r\n\r\n\r\n\r\n\r\n\r\n\r\n\r\n\r\n\r\n\r\n\r\n\r\n\r\n\r\n\r\n\r\n\r\n\r\n\r\n\r\n\r\n\r\n\r\n\r\n\r\n\r\n\r\n\r\n\r\n\r\n\r\n\r\n\r\n\r\n\r\n\r\n\r\n\r\n\r\n\r\n\r\n\r\n\r\nAssunto: Mat\u00e9ria aprovada na 1\u00aa Reuni\u00e3o Extraordin\u00e1ria da C\u00e2mara Municipal de Pedro Leopoldo, realizada em 20 de maio de 2022"}, {"id": "20421", "ano": "2022", "numero": "116", "tipo__sigla": "OF", "tipo__descricao": "Of\u00edcio", "autoria": "", "texto_original": "http://sapl.pedroleopoldo.mg.leg.br/media/sapl/public/materialegislativa/2022/20421/oficio_116-2022.pdf", "ementa": "Exma. Sra\r\nEloisa Helena Carvalho de Freitas Pereira \r\nPrefeitura Municipal \r\nPedro Leopoldo/ MG\r\n\r\n\r\n\r\n\r\n\r\n\r\n\r\n\r\n\r\n\r\n\r\n\r\n\r\n\r\n\r\n\r\n\r\n\r\n\r\n\r\n\r\n\r\n\r\n\r\n\r\n\r\n\r\n\r\n\r\n\r\n\r\n\r\n\r\n\r\n\r\n\r\n\r\n\r\n\r\n\r\n\r\n\r\n\r\n\r\n\r\n\r\n\r\n\r\n\r\n\r\n\r\n\r\n\r\n\r\n\r\n\r\n\r\n\r\n\r\n\r\n\r\n\r\n\r\n\r\n\r\n Assunto: Mat\u00e9ria aprovada na 14\u00aa Reuni\u00e3o Ordin\u00e1ria  da C\u00e2mara Municipal de Pedro Leopoldo, realizada em 23 de maio de 2022"}, {"id": "20423", "ano": "2022", "numero": "117", "tipo__sigla": "OF", "tipo__descricao": "Of\u00edcio", "autoria": "", "texto_original": "http://sapl.pedroleopoldo.mg.leg.br/media/sapl/public/materialegislativa/2022/20423/oficio_117-2022.pdf", "ementa": "Ilmo. Sr \r\nCarlos Alexandre Dias Fonseca e familiares \r\n\r\n\r\n\r\n\r\n\r\n\r\n\r\n\r\n\r\n\r\n\r\n\r\n\r\n\r\n\r\n\r\n\r\n\r\n\r\n\r\n\r\n\r\n\r\n\r\n\r\n\r\n\r\n\r\n\r\n\r\n\r\n\r\n\r\n\r\n\r\n\r\n\r\n\r\n\r\n\r\n\r\n\r\n\r\n\r\n\r\n\r\n\r\n\r\n\r\nAssunto: Voto de pesar pelo seu falecimento do seu querido filho, o jovem Luiz Ot\u00e1vio Gama Fonseca"}, {"id": "20425", "ano": "2022", "numero": "118", "tipo__sigla": "OF", "tipo__descricao": "Of\u00edcio", "autoria": "", "texto_original": "http://sapl.pedroleopoldo.mg.leg.br/media/sapl/public/materialegislativa/2022/20425/oficio_118-2022.pdf", "ementa": "Ilmo.Sr\r\nWagner Mattos e familiares \r\n\r\n\r\n\r\n\r\n\r\n\r\n\r\n\r\n\r\n\r\n\r\n\r\n\r\n\r\n\r\n\r\n\r\n\r\n\r\n\r\n\r\n\r\n\r\n\r\n\r\n\r\n\r\n\r\n\r\n\r\n\r\n\r\n\r\n\r\n\r\n\r\n\r\n\r\n\r\n\r\n\r\n\r\n\r\n\r\n\r\n\r\n\r\n\r\n\r\n\r\n\r\n\r\n\r\n\r\n\r\n\r\n\r\n\r\n\r\n\r\n\r\n\r\n\r\n\r\n\r\n\r\n\r\n\r\n\r\n\r\n\r\n\r\n\r\n\r\n\r\n\r\n\r\n\r\n\r\n\r\n\r\n\r\nAssunto: Voto de pesar pelo seu falecimento do Sr. Jos\u00e9 Marques da Silva Filho"}, {"id": "20426", "ano": "2022", "numero": "119", "tipo__sigla": "OF", "tipo__descricao": "Of\u00edcio", "autoria": "", "texto_original": "http://sapl.pedroleopoldo.mg.leg.br/media/sapl/public/materialegislativa/2022/20426/oficio_119-2022.pdf", "ementa": "Exma. Sra\r\nEloisa Helena Carvalho de Freitas Pereira \r\nPrefeitura Municipal \r\nPedro Leopoldo /MG\r\n\r\nC/c Procuradoria Jur\u00eddica \r\nControladoria \r\nSecretaria Fazenda \r\n\r\n\r\n\r\n\r\n\r\n\r\n\r\n\r\n\r\n\r\n\r\n\r\n\r\n\r\n\r\n\r\n\r\n\r\n\r\n\r\n\r\n\r\n\r\n\r\n\r\n\r\n\r\n\r\n\r\n\r\n\r\n\r\n\r\n\r\n\r\n\r\n\r\n\r\n\r\n\r\n\r\n\r\n\r\n\r\n\r\n\r\n\r\n\r\n\r\n\r\n\r\n\r\n\r\n\r\n\r\n\r\n\r\n\r\n\r\n\r\n\r\n\r\n\r\n\r\n\r\n\r\n\r\n\r\n\r\n\r\n\r\n\r\n\r\n\r\n\r\n\r\n\r\n\r\n\r\n\r\n\r\n\r\n\r\n\r\n\r\n\r\n\r\n\r\n\r\n\r\n\r\n\r\n\r\n\r\n\r\n\r\n\r\n\r\n\r\n\r\n\r\nAssunto: Comunico que no per\u00edodo de 07 a 20 de junho de 2022, ficar\u00e1 aberto o prazo para apresenta\u00e7\u00e3o de emendas ao Projeto de Lei n\u00ba 27/2022"}, {"id": "20427", "ano": "2022", "numero": "121", "tipo__sigla": "OF", "tipo__descricao": "Of\u00edcio", "autoria": "", "texto_original": "http://sapl.pedroleopoldo.mg.leg.br/media/sapl/public/materialegislativa/2022/20427/oficio_121-2022.pdf", "ementa": "Ao senhor Evair dos Santos de Oliveira \r\nSecret\u00e1rio Municipal de Seguran\u00e7a P\u00fablica \r\nPrefeitura de Pedro Leopoldo \r\n\r\n\r\n\r\n\r\n\r\n\r\n\r\n\r\n\r\n\r\n\r\n\r\n\r\n\r\n\r\n\r\n\r\n\r\n\r\n\r\n\r\n\r\n\r\n\r\n\r\n\r\n\r\n\r\n\r\n\r\n\r\n\r\n\r\n\r\n\r\n\r\n\r\n\r\n\r\n\r\n\r\n\r\n\r\n\r\n\r\n\r\n\r\n\r\n\r\n\r\n\r\n\r\n\r\n\r\n\r\n\r\n\r\n\r\n\r\n\r\n\r\n\r\n\r\n\r\n\r\n\r\n\r\n\r\n\r\n\r\n\r\n\r\n\r\n\r\n\r\n\r\n\r\n\r\n\r\n\r\n\r\n\r\n\r\n\r\n\r\n\r\n\r\n\r\n\r\n\r\n\r\n\r\n\r\n\r\n\r\n\r\n\r\n\r\n\r\n\r\n\r\n\r\n\r\n\r\n\r\n\r\n\r\n\r\n\r\n\r\n\r\n\r\n\r\n\r\n\r\n\r\n\r\n\r\n\r\n\r\n\r\n\r\n\r\nAssunto: Regulamenta\u00e7\u00e3o e Manuten\u00e7\u00e3o do Estacionamento Privado dos Ve\u00edculos Oficiais da C\u00e2mara e Vereadores"}, {"id": "20428", "ano": "2022", "numero": "122", "tipo__sigla": "OF", "tipo__descricao": "Of\u00edcio", "autoria": "", "texto_original": "http://sapl.pedroleopoldo.mg.leg.br/media/sapl/public/materialegislativa/2022/20428/oficio_122-2022.pdf", "ementa": "Exma. Sra \r\nEloisa Helena Carvalho de Freitas Pereira \r\nPrefeitura Municipal \r\nPedro Leopoldo/MG\r\n\r\n\r\n\r\n\r\n\r\n\r\n\r\n\r\n\r\n\r\n\r\n\r\n\r\n\r\n\r\n\r\n\r\n\r\n\r\n\r\n\r\n\r\n\r\n\r\n\r\n\r\n\r\n\r\n\r\n\r\n\r\n\r\n\r\n\r\n\r\n\r\n\r\n\r\n\r\n\r\n\r\n\r\n\r\n\r\n\r\n\r\n\r\n\r\n\r\n\r\n\r\n\r\n\r\n\r\n\r\n\r\n\r\n\r\n\r\n\r\n\r\n\r\n\r\n\r\n\r\n\r\n\r\n\r\n\r\n\r\n\r\n\r\n\r\n\r\n\r\n\r\n\r\n\r\n\r\n\r\n\r\n\r\n\r\n\r\n\r\n\r\n\r\n\r\n\r\n\r\n\r\n\r\n\r\n\r\n\r\n\r\n\r\n\r\n\r\n\r\n\r\n\r\n\r\n\r\n\r\n\r\n\r\n\r\n\r\n\r\n\r\nAssunto: Mat\u00e9ria aprovada na 15\u00aa Reuni\u00e3o Ordin\u00e1ria da C\u00e2mara Municipal de Pedro Leopoldo, realizada em 31 de maio de 2022."}, {"id": "20429", "ano": "2022", "numero": "123", "tipo__sigla": "OF", "tipo__descricao": "Of\u00edcio", "autoria": "", "texto_original": "http://sapl.pedroleopoldo.mg.leg.br/media/sapl/public/materialegislativa/2022/20429/oficio_123-2022.pdf", "ementa": "Ilmo. Sr\r\nJos\u00e9 Ang\u00e9lico Lucas e familiares \r\n\r\n\r\n\r\n\r\n\r\n\r\n\r\n\r\n\r\n\r\n\r\n\r\n\r\n\r\n\r\n\r\n\r\n\r\n\r\n\r\n\r\n\r\n\r\n\r\n\r\n\r\n\r\n\r\n\r\n\r\n\r\n\r\n\r\n\r\n\r\n\r\n\r\n\r\n\r\n\r\n\r\n\r\n\r\n\r\n\r\n\r\n\r\n\r\n\r\n\r\n\r\n\r\n\r\n\r\n\r\n\r\n\r\n\r\n\r\n\r\n\r\n\r\n\r\n\r\n\r\n\r\n\r\n\r\n\r\n\r\n\r\n\r\n\r\n\r\n\r\n\r\n\r\n\r\n\r\n\r\n\r\n\r\n\r\n\r\n\r\n\r\n\r\n\r\n\r\n\r\n\r\n\r\n\r\n\r\n\r\n\r\n\r\n\r\n\r\n\r\n\r\n\r\n\r\n\r\n\r\n\r\n\r\n\r\n\r\n\r\n\r\n\r\n\r\n\r\n\r\n\r\n\r\n\r\n\r\n\r\n\r\n\r\n\r\n\r\n\r\n\r\n\r\n\r\n\r\n\r\n\r\n\r\n\r\n\r\n\r\n\r\n\r\n\r\n\r\n\r\n\r\n\r\n\r\nAssunto: Voto de pesar pelo seu falecimento da Sra. Luci Francisca silva Lucas"}, {"id": "20430", "ano": "2022", "numero": "124", "tipo__sigla": "OF", "tipo__descricao": "Of\u00edcio", "autoria": "", "texto_original": "http://sapl.pedroleopoldo.mg.leg.br/media/sapl/public/materialegislativa/2022/20430/oficio_124-2022.pdf", "ementa": "Ilmo. Sr.\r\nS\u00edlvio Luiza Campos Silveira \r\n\r\n\r\n\r\n\r\n\r\n\r\n\r\n\r\n\r\n\r\n\r\n\r\n\r\n\r\n\r\n\r\n\r\n\r\n\r\n\r\n\r\n\r\n\r\n\r\n\r\n\r\n\r\n\r\n\r\n\r\n\r\n\r\n\r\n\r\n\r\n\r\n\r\n\r\n\r\n\r\n\r\n\r\n\r\n\r\n\r\n\r\n\r\n\r\n\r\n\r\n\r\n\r\n\r\n\r\n\r\n\r\n\r\n\r\n\r\n\r\n\r\n\r\n\r\n\r\n\r\n\r\n\r\n\r\n\r\n\r\n\r\n\r\n\r\n\r\n\r\n\r\n\r\n\r\n\r\n\r\n\r\n\r\n\r\n\r\n\r\n\r\n\r\n\r\n\r\n\r\n\r\n\r\n\r\n\r\n\r\n\r\n\r\n\r\n\r\n\r\n\r\n\r\n\r\n\r\n\r\n\r\n\r\n\r\n\r\n\r\n\r\n\r\n\r\n\r\n\r\n\r\n\r\n\r\n\r\n\r\n\r\n\r\n\r\n\r\n\r\n\r\n\r\n\r\n\r\n\r\n\r\n\r\n\r\n\r\n\r\n\r\n\r\n\r\n\r\n\r\n\r\n\r\n\r\n\r\n\r\n\r\n\r\n\r\n\r\n\r\n\r\n\r\n\r\n\r\n\r\n\r\n\r\n\r\n\r\n\r\n\r\n\r\n\r\n\r\n\r\n\r\n\r\n\r\n\r\n Assunto: Voto de pesar pelo seu falecimento da Sra. Ana Laura Campos Silveira"}, {"id": "20431", "ano": "2022", "numero": "125", "tipo__sigla": "OF", "tipo__descricao": "Of\u00edcio", "autoria": "", "texto_original": "http://sapl.pedroleopoldo.mg.leg.br/media/sapl/public/materialegislativa/2022/20431/oficio_125-2022.pdf", "ementa": "Ilma. Sra \r\nAna Paula \r\n\r\n\r\n\r\n\r\n\r\n\r\n\r\n\r\n\r\n\r\n\r\n\r\n\r\n\r\n\r\n\r\n\r\n\r\n\r\n\r\n\r\n\r\n\r\n\r\n\r\n\r\n\r\n\r\n\r\n\r\n\r\n\r\n\r\n\r\n\r\n\r\n\r\n\r\n\r\n\r\n\r\n\r\n\r\n\r\n\r\n\r\n\r\n\r\n\r\n\r\n\r\n\r\n\r\n\r\n\r\n\r\n\r\n\r\n\r\n\r\n\r\n\r\n\r\n\r\n\r\n\r\n\r\n\r\n\r\n\r\n\r\n\r\n\r\n\r\n\r\n\r\n\r\n\r\n\r\n\r\n\r\n\r\n\r\n\r\n\r\n\r\n\r\n\r\n\r\n\r\n\r\n\r\n\r\nAssunto: Voto de pesar pelo falecimento do Sr. Oman Uira Carvalho"}, {"id": "20432", "ano": "2022", "numero": "126", "tipo__sigla": "OF", "tipo__descricao": "Of\u00edcio", "autoria": "", "texto_original": "http://sapl.pedroleopoldo.mg.leg.br/media/sapl/public/materialegislativa/2022/20432/oficio_126-2022.pdf", "ementa": "Ilmo. Sr.\r\nRodrigo Calazans Diogo e familiares \r\n\r\n\r\n\r\n\r\n\r\n\r\n\r\n\r\n\r\n\r\n\r\n\r\n\r\n\r\n\r\n\r\n\r\n\r\n\r\n\r\n\r\n\r\n\r\n\r\n\r\n\r\n\r\n\r\n\r\n\r\n\r\n\r\n\r\n\r\n\r\n\r\n\r\n\r\n\r\n\r\n\r\n\r\n\r\n\r\n\r\n\r\n\r\n\r\n\r\n\r\n\r\n\r\n\r\n\r\n\r\n\r\n\r\n\r\n\r\n\r\n\r\n\r\n\r\n\r\n\r\n\r\n\r\n\r\n\r\n\r\n\r\n\r\n\r\n\r\n\r\n\r\n\r\n\r\n\r\n\r\n\r\n\r\n\r\n\r\n\r\n\r\n\r\n\r\n\r\n\r\n\r\n\r\n\r\n\r\n\r\n\r\n\r\n\r\n\r\n\r\n\r\n\r\n\r\n\r\n\r\n\r\n\r\n\r\n\r\n\r\n\r\n\r\n\r\n\r\n\r\n\r\n\r\n\r\n\r\n\r\n\r\n\r\n\r\n\r\n\r\n\r\n\r\n\r\n\r\n\r\n\r\n\r\n\r\n\r\n\r\n\r\n\r\n\r\n\r\n\r\n\r\n\r\n\r\n\r\n\r\n\r\n\r\n\r\n\r\n\r\n\r\n\r\n\r\n\r\n\r\n\r\n\r\n\r\n\r\n\r\n\r\n\r\n\r\n\r\n\r\n\r\n\r\n\r\n\r\n\r\n\r\n\r\n\r\n\r\n\r\n\r\n\r\n\r\n\r\n\r\n\r\n\r\n\r\n\r\n\r\n\r\n\r\n\r\n\r\n\r\n\r\nAssunto: Voto de pesar pelo falecimento do Sr. Eduardo Alves Diogo."}, {"id": "20433", "ano": "2022", "numero": "127", "tipo__sigla": "OF", "tipo__descricao": "Of\u00edcio", "autoria": "", "texto_original": "http://sapl.pedroleopoldo.mg.leg.br/media/sapl/public/materialegislativa/2022/20433/oficio_127-2022.pdf", "ementa": "\u00c0 Exma. Sra\r\nDra. Priscila Pereira Santos \r\nDelegada da Pol\u00edcia Civil \r\nComarca de Pedro Leopoldo\r\n\r\n\r\n\r\n\r\n\r\n\r\n\r\n\r\n\r\n\r\n\r\n\r\n\r\n\r\n\r\n\r\n\r\n\r\n\r\n\r\n\r\n\r\n\r\n\r\n\r\n\r\n\r\n\r\n\r\n\r\n\r\n\r\n\r\n\r\n\r\n\r\n\r\n\r\n\r\n\r\n\r\n\r\n\r\n\r\n\r\n\r\n\r\n\r\n\r\n\r\n\r\n\r\n\r\n\r\n\r\n\r\n\r\n\r\n\r\n\r\n\r\n\r\n\r\n\r\n\r\n\r\n\r\n\r\n\r\n\r\n\r\n\r\n\r\n\r\n\r\n\r\n\r\n\r\n\r\n\r\n\r\n\r\n\r\n\r\n\r\n\r\n\r\n\r\n\r\n\r\n\r\n\r\n\r\n\r\n\r\n\r\n\r\n\r\n\r\n\r\n\r\n\r\n\r\n\r\n\r\n\r\n\r\n\r\n\r\n\r\n\r\n\r\n\r\n\r\n\r\n\r\n\r\n\r\n\r\nAssunto:  Termo de coopera\u00e7\u00e3o  - Retificada Oficio Geral 109/2022"}, {"id": "20435", "ano": "2022", "numero": "128", "tipo__sigla": "OF", "tipo__descricao": "Of\u00edcio", "autoria": "", "texto_original": "http://sapl.pedroleopoldo.mg.leg.br/media/sapl/public/materialegislativa/2022/20435/oficio_128-2022.pdf", "ementa": "Exma. Sra\r\nEloisa Helena Carvalho de Freitas Pereira \r\nPrefeitura municipal \r\nPedro Leopoldo/MG\r\n\r\n\r\n\r\n\r\n\r\n\r\n\r\n\r\n\r\n\r\n\r\n\r\n\r\n\r\n\r\n\r\n\r\n\r\n\r\n\r\n\r\n\r\n\r\n\r\n\r\n\r\n\r\n\r\n\r\n\r\n\r\n\r\n\r\n\r\n\r\n\r\n\r\n\r\n\r\n\r\n\r\n\r\n\r\n\r\n\r\n\r\n\r\n\r\n\r\n\r\n\r\n\r\n\r\n\r\n\r\n\r\n\r\n\r\n\r\n\r\n\r\n\r\n\r\n\r\n\r\n\r\n\r\n\r\n\r\n\r\n\r\n\r\n\r\n\r\n\r\n\r\n\r\n\r\n\r\n\r\n\r\n\r\n\r\n\r\n\r\n\r\n\r\n\r\n\r\n\r\n\r\n\r\n\r\n\r\n\r\n\r\n\r\n\r\n\r\n\r\n\r\n\r\n\r\n\r\n\r\n\r\n\r\n\r\n\r\n\r\n\r\n\r\n\r\n\r\n\r\n\r\n\r\n\r\n\r\n\r\n\r\n\r\n\r\n\r\n\r\n\r\n\r\n\r\n\r\n\r\n\r\n\r\n\r\n\r\n\r\n\r\n\r\n\r\n\r\n\r\n\r\n\r\n\r\n\r\n\r\n\r\n\r\n\r\n\r\n\r\n\r\n\r\n\r\n\r\n\r\n\r\n\r\nAssunto: Mat\u00e9ria aprovada na 16\u00aa Reuni\u00e3o Ordin\u00e1ria da C\u00e2mara Municipal de Pedro Leopoldo, realizada em 06 de junho de 2022"}, {"id": "20436", "ano": "2022", "numero": "129", "tipo__sigla": "OF", "tipo__descricao": "Of\u00edcio", "autoria": "", "texto_original": "http://sapl.pedroleopoldo.mg.leg.br/media/sapl/public/materialegislativa/2022/20436/oficio_129-2022.pdf", "ementa": "Ilmo. Sr\r\nMarcelo dos Santos Freitas / Marcos dos Santos Freitas e familiares \r\n\r\n\r\n\r\n\r\n\r\n\r\n\r\n\r\n\r\n\r\n\r\n\r\n\r\n\r\n\r\n\r\n\r\n\r\n\r\n\r\n\r\n\r\n\r\n\r\n\r\n\r\n\r\n\r\n\r\n\r\n\r\n\r\n\r\n\r\n\r\n\r\n\r\n\r\n\r\n\r\n\r\n\r\n\r\n\r\n\r\n\r\n\r\n\r\n\r\n\r\n\r\n\r\n\r\n\r\n\r\n\r\n\r\n\r\n\r\n\r\n\r\n\r\n\r\n\r\n\r\n\r\n\r\n\r\n\r\n\r\n\r\n\r\n\r\n\r\n\r\n\r\n\r\n\r\n\r\n\r\n\r\n\r\n\r\n\r\n\r\n\r\n\r\n\r\n\r\n\r\n\r\n\r\n\r\n\r\n\r\n\r\nAssunto: Voto de pesar pelo falecimento do Sr. M\u00e1rcio dos Santos Freitas"}, {"id": "20437", "ano": "2022", "numero": "130", "tipo__sigla": "OF", "tipo__descricao": "Of\u00edcio", "autoria": "", "texto_original": "http://sapl.pedroleopoldo.mg.leg.br/media/sapl/public/materialegislativa/2022/20437/oficio_130-2022.pdf", "ementa": "Ilma. Sra \r\nMaria da Concei\u00e7\u00e3o Gon\u00e7alves Leles  e familiares \r\n\r\n\r\n\r\n\r\n\r\n\r\n\r\n\r\n\r\n\r\n\r\n\r\n\r\n\r\n\r\n\r\n\r\n\r\n\r\n\r\n\r\n\r\n\r\n\r\n\r\n\r\n\r\n\r\n\r\n\r\n\r\n\r\n\r\n\r\n\r\n\r\n\r\n\r\n\r\n\r\n\r\n\r\n\r\n\r\n\r\n\r\n\r\n\r\n\r\n\r\n\r\n\r\n\r\n\r\n\r\n\r\n\r\n\r\n\r\n\r\n\r\n\r\n\r\n\r\n\r\n\r\n\r\n\r\n\r\n\r\n\r\n\r\n\r\n\r\n\r\n\r\n\r\n\r\n\r\n\r\n\r\n\r\n\r\n\r\n\r\n\r\n\r\n\r\n\r\n\r\n\r\n\r\n\r\nAssunto: Voto de pesar pelo falecimento do Sr. Jos\u00e9 Roberto Gon\u00e7alves"}, {"id": "20438", "ano": "2022", "numero": "131", "tipo__sigla": "OF", "tipo__descricao": "Of\u00edcio", "autoria": "", "texto_original": "http://sapl.pedroleopoldo.mg.leg.br/media/sapl/public/materialegislativa/2022/20438/oficio_131-2022.pdf", "ementa": "\u00c0 Exma. Sra.\r\nEloisa Helena Carvalho de Freitas Pereira \r\nPrefeitura Municipal \r\nPedro Leopoldo/ MG\r\n\r\n\r\n\r\n\r\n\r\n\r\n\r\n\r\n\r\n\r\n\r\n\r\n\r\n\r\n\r\n\r\n\r\n\r\n\r\n\r\n\r\n\r\n\r\n\r\n\r\n\r\n\r\n\r\n\r\n\r\n\r\n\r\n\r\n\r\n\r\n\r\n\r\n\r\n\r\n\r\n\r\n\r\n\r\n\r\n\r\n\r\n\r\n\r\n\r\n\r\n\r\n\r\n\r\n\r\n\r\n\r\n\r\n\r\n\r\n\r\n\r\n\r\n\r\n\r\n\r\n\r\n\r\n\r\n\r\n\r\n\r\n\r\n\r\n\r\n\r\n\r\n\r\n\r\n\r\n\r\n\r\n\r\n\r\n\r\n\r\n\r\n\r\n\r\n\r\n\r\n\r\n\r\n\r\nAssunto: Palavra Livre"}, {"id": "20439", "ano": "2022", "numero": "132", "tipo__sigla": "OF", "tipo__descricao": "Of\u00edcio", "autoria": "", "texto_original": "http://sapl.pedroleopoldo.mg.leg.br/media/sapl/public/materialegislativa/2022/20439/oficio_132-2022.pdf", "ementa": "\u00c0 Exma. Sra\r\nDra. Raquel Fernanda Caetano Correa Couy \r\nPromotora de Justi\u00e7a da Comarca de Pedro Leopoldo /MG\r\n\r\n\r\n\r\n\r\n\r\n\r\n\r\n\r\n\r\n\r\n\r\n\r\n\r\n\r\n\r\n\r\n\r\n\r\n\r\n\r\n\r\n\r\n\r\n\r\n\r\n\r\n\r\n\r\n\r\n\r\n\r\n\r\n\r\n\r\n\r\n\r\n\r\n\r\n\r\n\r\n\r\n\r\n\r\n\r\n\r\n\r\n\r\n\r\n\r\n\r\n\r\n\r\n\r\n\r\n\r\n\r\n\r\n\r\n\r\n\r\n\r\n\r\n\r\n\r\n\r\n\r\n\r\n\r\n\r\n\r\n\r\n\r\n\r\n\r\n\r\n\r\n\r\n\r\n\r\n\r\n\r\n\r\n\r\n\r\n\r\n\r\n\r\n\r\n\r\n\r\n\r\n\r\n\r\nAssunto: Resposta Procedimento Administrativo 0210.17.000122-1"}, {"id": "20440", "ano": "2022", "numero": "133", "tipo__sigla": "OF", "tipo__descricao": "Of\u00edcio", "autoria": "", "texto_original": "http://sapl.pedroleopoldo.mg.leg.br/media/sapl/public/materialegislativa/2022/20440/oficio_133-2022.pdf", "ementa": "\u00c0 Exma. Sra\r\nEloisa Helena Carvalho de Freitas Pereira \r\nPrefeitura de Pedro Leopoldo/MG\r\n\r\nC/C\u00f3pia \r\nH\u00e9lio Renato Neri\r\nSecret\u00e1rio Municipal de sa\u00fade \r\n\r\n\r\nDeijane Mendes Cruz \r\nDiretora de sa\u00fade \r\n\r\n\r\n\r\n\r\n\r\n\r\n\r\n\r\n\r\n\r\n\r\n\r\n\r\n\r\n\r\n\r\n\r\n\r\n\r\n\r\n\r\n\r\n\r\n\r\n\r\n\r\n\r\n\r\n\r\n\r\n\r\n\r\n\r\n\r\n\r\n\r\n\r\n\r\n\r\n\r\n\r\n\r\n\r\n\r\n\r\n\r\n\r\n\r\n\r\n\r\n\r\n\r\n\r\n\r\n\r\n\r\n\r\n\r\n\r\n\r\n\r\n\r\n\r\n\r\n\r\n\r\n\r\n\r\n\r\n\r\n\r\n\r\n\r\n\r\n\r\n\r\n\r\n\r\n\r\n\r\n\r\n\r\n\r\n\r\n\r\n\r\n\r\n\r\n\r\n\r\nAssunto: Retifica\u00e7\u00e3o of\u00edcio 131/2022"}, {"id": "20441", "ano": "2022", "numero": "135", "tipo__sigla": "OF", "tipo__descricao": "Of\u00edcio", "autoria": "", "texto_original": "http://sapl.pedroleopoldo.mg.leg.br/media/sapl/public/materialegislativa/2022/20441/oficio_135-2022.pdf", "ementa": "\u00c0 Exma. Sra\r\nEloisa Helena Carvalho de Freitas Pereira \r\nPrefeitura de Pedro Leopoldo/ MG\r\n\r\nC/ C\u00f3pia : Ger\u00eancia de Material e Patrim\u00f4nio da Prefeitura  \r\n\r\n\r\n\r\n\r\n\r\n\r\n\r\n\r\n\r\n\r\n\r\n\r\n\r\n\r\n\r\n\r\n\r\n\r\n\r\n\r\n\r\n\r\n\r\n\r\n\r\n\r\n\r\n\r\n\r\n\r\n\r\n\r\n\r\n\r\n\r\n\r\n\r\n\r\n\r\n\r\n\r\n\r\n\r\n\r\n\r\n\r\n\r\n\r\n\r\n\r\n\r\n\r\n\r\n\r\n\r\n\r\n\r\n\r\n\r\n\r\n\r\n\r\n\r\n\r\n\r\n\r\n\r\n\r\n\r\n\r\n\r\n\r\n\r\n\r\n\r\n\r\n\r\n\r\n\r\n\r\n\r\n\r\n\r\n\r\n\r\n\r\n\r\n\r\n\r\n\r\n\r\n\r\n\r\n\r\n\r\n\r\n\r\n\r\n\r\n\r\nAssunto: Bens inserv\u00edveis"}, {"id": "20569", "ano": "2022", "numero": "136", "tipo__sigla": "OF", "tipo__descricao": "Of\u00edcio", "autoria": "", "texto_original": "http://sapl.pedroleopoldo.mg.leg.br/media/sapl/public/materialegislativa/2022/20569/oficio_136-2022.pdf", "ementa": "Exma. Sra.\r\nEloisa Helena Carvalho de Freitas Pereira \r\nPrefeitura Municipal \r\n\r\n\r\n\r\n\r\n\r\n\r\n\r\n\r\n\r\n\r\n\r\n\r\n\r\n\r\n\r\n\r\n\r\n\r\n\r\n\r\n\r\n\r\n\r\n\r\n\r\n\r\n\r\n\r\n\r\n\r\n\r\n\r\n\r\n\r\n\r\n\r\n\r\n\r\n\r\n\r\n\r\n\r\n\r\n\r\n\r\n\r\n\r\n\r\n\r\n\r\n\r\n\r\n\r\n\r\n\r\n\r\n\r\n\r\n\r\n\r\n\r\n\r\n\r\n\r\n\r\n\r\n\r\n\r\n\r\n\r\n\r\n\r\n\r\n\r\n\r\nAssunto: Mat\u00e9ria aprovada na 17\u00aa Reuni\u00e3o Ordin\u00e1ria da C\u00e2mara Municipal de Pedro Leopoldo, realizada em 13 de junho 2022"}, {"id": "20568", "ano": "2022", "numero": "137", "tipo__sigla": "OF", "tipo__descricao": "Of\u00edcio", "autoria": "", "texto_original": "http://sapl.pedroleopoldo.mg.leg.br/media/sapl/public/materialegislativa/2022/20568/oficio_137-2022.pdf", "ementa": "Ilma. Sra\r\nLuciana Carvalho Quint\u00e3o e familiares \r\n\r\n\r\n\r\n\r\n\r\n\r\n\r\n\r\n\r\n\r\n\r\n\r\n\r\n\r\n\r\n\r\n\r\n\r\n\r\n\r\n\r\n\r\n\r\n\r\n\r\n\r\n\r\n\r\n\r\n\r\n\r\n\r\n\r\n\r\n\r\n\r\n\r\n\r\n\r\n\r\n\r\n\r\n\r\n\r\n\r\n\r\n\r\n\r\n\r\n\r\n\r\n\r\n\r\n\r\n\r\n\r\n\r\n\r\n\r\n\r\n\r\n\r\n\r\n\r\n\r\nAssunto: Voto de falecimento do seu filho rec\u00e9m-nascido, Renato Quint\u00e3o Carvalho."}, {"id": "20446", "ano": "2022", "numero": "138", "tipo__sigla": "OF", "tipo__descricao": "Of\u00edcio", "autoria": "", "texto_original": "http://sapl.pedroleopoldo.mg.leg.br/media/sapl/public/materialegislativa/2022/20446/oficio_138-2022.pdf", "ementa": "Ilma. Sra\r\nMaria Aparecida Batista Marques e familiares \r\n\r\n\r\n\r\n\r\n\r\n\r\n\r\n\r\n\r\n\r\n\r\n\r\n\r\n\r\n\r\n\r\n\r\n\r\n\r\n\r\n\r\n\r\n\r\n\r\n\r\n\r\n\r\n\r\n\r\n\r\n\r\n\r\n\r\n\r\n\r\n\r\n\r\n\r\n\r\n\r\n\r\n\r\n\r\n\r\n\r\n\r\n\r\n\r\n\r\n\r\n\r\n\r\n\r\n\r\n\r\n\r\n\r\n\r\n\r\n\r\n\r\n\r\n\r\n\r\n\r\n\r\n\r\n\r\n\r\n\r\n\r\n\r\n\r\n\r\n\r\n\r\n\r\n\r\n\r\n\r\n\r\n\r\n\r\n\r\n\r\n\r\n\r\n\r\n\r\n\r\n\r\n\r\n\r\n\r\n\r\n\r\n\r\n\r\n\r\n\r\n\r\n\r\n\r\n\r\n\r\n\r\n\r\n\r\n\r\n\r\n\r\n\r\n\r\n\r\n\r\nAssunto:  Voto de apesar pelo falecimento do Sr. Rubens Marques Lopes"}, {"id": "20445", "ano": "2022", "numero": "139", "tipo__sigla": "OF", "tipo__descricao": "Of\u00edcio", "autoria": "", "texto_original": "http://sapl.pedroleopoldo.mg.leg.br/media/sapl/public/materialegislativa/2022/20445/oficio_139-2022.pdf", "ementa": "Ao Senhor Weliton Jos\u00e9 Davi \r\nPedro Leopoldo /MG \r\n\r\n\r\n\r\n\r\n\r\n\r\n\r\n\r\n\r\n\r\n\r\n\r\n\r\n\r\n\r\n\r\n\r\n\r\n\r\n\r\n\r\n\r\n\r\n\r\n\r\n\r\n\r\n\r\n\r\n\r\n\r\n\r\n\r\n\r\n\r\n\r\n\r\n\r\n\r\n\r\n\r\n\r\n\r\n\r\n\r\n\r\n\r\n\r\n\r\n\r\n\r\n\r\n\r\n\r\n\r\n\r\n\r\n\r\n\r\n\r\n\r\n\r\n\r\n\r\n\r\n\r\n\r\n\r\n\r\n\r\n\r\n\r\n\r\n\r\n\r\n\r\n\r\n\r\n\r\n\r\n\r\n\r\n\r\n\r\n\r\n\r\n\r\n\r\n\r\n\r\n\r\n\r\n\r\n\r\n\r\n\r\n\r\n\r\n\r\n\r\n\r\n\r\n\r\n\r\nAssunto: Palavra Livre"}, {"id": "20444", "ano": "2022", "numero": "140", "tipo__sigla": "OF", "tipo__descricao": "Of\u00edcio", "autoria": "", "texto_original": "http://sapl.pedroleopoldo.mg.leg.br/media/sapl/public/materialegislativa/2022/20444/oficio_140-2022.pdf", "ementa": "\u00c0 Exma. Sra\r\nEloisa Helena Carvalho de Freitas Pereira \r\nPrefeitura De Pedro Leopoldo/ MG\r\n\r\nC/C\u00f3pia Sra. Patr\u00edcia Rafael Perdig\u00e3o \r\nSecret\u00e1ria Municipal da Cultura \r\n\r\n\r\n\r\n\r\n\r\n\r\n\r\n\r\n\r\n\r\n\r\n\r\n\r\n\r\n\r\n\r\n\r\n\r\n\r\n\r\n\r\n\r\n\r\n\r\n\r\n\r\n\r\n\r\n\r\n\r\n\r\n\r\n\r\n\r\n\r\n\r\n\r\n\r\n\r\n\r\n\r\n\r\n\r\n\r\n\r\n\r\n\r\n\r\n\r\n\r\n\r\n\r\n\r\n\r\n\r\n\r\n\r\n\r\n\r\n\r\n\r\n\r\n\r\n\r\n\r\n\r\n\r\n\r\n\r\n\r\n\r\n\r\n\r\n\r\n\r\n\r\n\r\n\r\n\r\n\r\n\r\n\r\n\r\n\r\nAssunto: Palavra Livre"}, {"id": "20442", "ano": "2022", "numero": "141", "tipo__sigla": "OF", "tipo__descricao": "Of\u00edcio", "autoria": "", "texto_original": "http://sapl.pedroleopoldo.mg.leg.br/media/sapl/public/materialegislativa/2022/20442/oficio_141-2022.pdf", "ementa": "\u00c0 Exma. Sra.\r\nEloisa Helena Carvalho de Freitas Pereira \r\nPrefeitura Municipal de Pedro Leopoldo/MG\r\n\r\nC/c\u00f3pia : Sra. Viviane Costa Sena \r\nSecret\u00e1ria Municipal de Desenvolvimento Social \r\n\r\n\r\n\r\n\r\n\r\n\r\n\r\n\r\n\r\n\r\n\r\n\r\n\r\n\r\n\r\n\r\n\r\n\r\n\r\n\r\n\r\n\r\n\r\n\r\n\r\n\r\n\r\n\r\n\r\n\r\n\r\n\r\n\r\n\r\n\r\n\r\n\r\n\r\n\r\n\r\n\r\n\r\n\r\n\r\n\r\n\r\n\r\n\r\n\r\n\r\n\r\n\r\n\r\n\r\n\r\n\r\n\r\n\r\n\r\n\r\n\r\n\r\n\r\n\r\n\r\n\r\n\r\n\r\n\r\n\r\n\r\n\r\n\r\n\r\nAssunto: Palavra Livre"}, {"id": "20575", "ano": "2022", "numero": "142", "tipo__sigla": "OF", "tipo__descricao": "Of\u00edcio", "autoria": "", "texto_original": "http://sapl.pedroleopoldo.mg.leg.br/media/", "ementa": "\u00c0 Exma. Sra.\r\nEloisa Helena Carvalho de Freitas Pereira \r\nPrefeita municipal \r\nPedro Leopoldo\r\n\r\nC/C\u00f3pia \r\nCl\u00e9lia Maria da Silva \r\n\r\n\r\n\r\n\r\n\r\n\r\n\r\n\r\n\r\n\r\n\r\n\r\n\r\n\r\n\r\n\r\n\r\n\r\n\r\n\r\n\r\n\r\n\r\n\r\n\r\n\r\n\r\n\r\n\r\n\r\n\r\n\r\n\r\n\r\n\r\n\r\n\r\n\r\n\r\n\r\n\r\n\r\n\r\n\r\n\r\n\r\n\r\n\r\n\r\n\r\n\r\n\r\n\r\n\r\n\r\n\r\n\r\n\r\n\r\n\r\n\r\n\r\n\r\n\r\n\r\n\r\n\r\n\r\n\r\n\r\n\r\n\r\nAssunto: Palavra Livre"}, {"id": "20574", "ano": "2022", "numero": "143", "tipo__sigla": "OF", "tipo__descricao": "Of\u00edcio", "autoria": "", "texto_original": "http://sapl.pedroleopoldo.mg.leg.br/media/sapl/public/materialegislativa/2022/20574/oficio_143-2022.pdf", "ementa": "\u00c0 Exma.Sra.\r\nEloisa Helena Carvalho de Freitas Pereira \r\nPrefeita Municipal \r\n\r\n\r\nC/C\u00f3pia \r\nRui Barbosa Amorim \r\nSecret\u00e1ria Municipal de Obras e Servi\u00e7os P\u00fablicos \r\n\r\n\r\n\r\n\r\n\r\n\r\n\r\n\r\n\r\n\r\n\r\n\r\n\r\n\r\n\r\n\r\n\r\n\r\n\r\n\r\n\r\n\r\n\r\n\r\n\r\n\r\n\r\n\r\n\r\n\r\n\r\n\r\n\r\n\r\n\r\n\r\n\r\n\r\n\r\n\r\n\r\n\r\n\r\n\r\n\r\n\r\n\r\n\r\n\r\n\r\n\r\n\r\n\r\n\r\n\r\n\r\n\r\n\r\n\r\n\r\n\r\n\r\n\r\n\r\n\r\nAssunto: Palavra Livre"}, {"id": "20573", "ano": "2022", "numero": "144", "tipo__sigla": "OF", "tipo__descricao": "Of\u00edcio", "autoria": "", "texto_original": "http://sapl.pedroleopoldo.mg.leg.br/media/sapl/public/materialegislativa/2022/20573/oficio_144-2022.pdf", "ementa": "Ao Sr.\r\nLucas Geraldo da Silva \r\nFazenda Pimentel \r\n\r\n\r\n\r\n\r\n\r\n\r\n\r\n\r\n\r\n\r\n\r\n\r\n\r\n\r\n\r\n\r\n\r\n\r\n\r\n\r\n\r\n\r\n\r\n\r\n\r\n\r\n\r\n\r\n\r\n\r\n\r\n\r\n\r\n\r\n\r\n\r\n\r\n\r\n\r\n\r\n\r\n\r\n\r\n\r\n\r\n\r\n\r\n\r\n\r\n\r\n\r\n\r\n\r\n\r\n\r\n\r\n\r\n\r\n\r\n\r\n\r\n\r\n\r\n\r\n\r\n\r\n\r\n\r\n\r\n\r\n\r\n\r\n\r\n\r\n\r\n\r\n\r\n\r\n\r\n\r\n\r\n\r\n\r\n\r\n\r\n\r\n\r\n\r\n\r\n\r\n\r\n\r\n\r\n\r\n\r\n\r\n\r\n\r\n\r\n\r\n\r\n\r\n\r\n\r\n\r\n\r\n\r\n\r\n\r\n\r\n\r\n Assunto: Palavra Livre"}, {"id": "20572", "ano": "2022", "numero": "145", "tipo__sigla": "OF", "tipo__descricao": "Of\u00edcio", "autoria": "", "texto_original": "http://sapl.pedroleopoldo.mg.leg.br/media/sapl/public/materialegislativa/2022/20572/oficio_145-2022.pdf", "ementa": "Exma. Sra.\r\nEloisa Helena Carvalho de Freitas Pereira \r\nPrefeitura Municipal \r\n\r\n\r\n\r\n\r\n\r\n\r\n\r\n\r\n\r\n\r\n\r\n\r\n\r\n\r\n\r\n\r\n\r\n\r\n\r\n\r\n\r\n\r\n\r\n\r\n\r\n\r\n\r\n\r\n\r\n\r\n\r\n\r\n\r\n\r\n\r\n\r\n\r\n\r\n\r\n\r\n\r\n\r\n\r\n\r\n\r\n\r\n\r\n\r\n\r\n\r\n\r\n\r\n\r\n\r\n\r\n\r\n\r\n\r\n\r\n\r\n\r\n\r\n\r\n\r\n\r\n\r\n\r\n\r\n\r\n\r\n\r\n\r\n\r\n\r\n\r\n\r\n\r\n\r\n\r\n\r\n\r\n\r\n\r\n\r\n\r\n\r\n\r\n\r\n\r\n\r\n\r\n\r\n\r\n\r\n\r\nAssunto: Mat\u00e9ria aprovada na 18\u00aa Reuni\u00e3o Ordin\u00e1ria da C\u00e2mara Municipal de Pedro Leopoldo, realizada em 20 de junho de 2022"}, {"id": "20571", "ano": "2022", "numero": "146", "tipo__sigla": "OF", "tipo__descricao": "Of\u00edcio", "autoria": "", "texto_original": "http://sapl.pedroleopoldo.mg.leg.br/media/sapl/public/materialegislativa/2022/20571/oficio_146-2022.pdf", "ementa": "Ilama. Sra.\r\nTelma Aparecida Nascimento e familiares \r\n\r\n\r\n\r\n\r\n\r\n\r\n\r\n\r\n\r\n\r\n\r\n\r\n\r\n\r\n\r\n\r\n\r\n\r\n\r\n\r\n\r\n\r\n\r\n\r\n\r\n\r\n\r\n\r\n\r\n\r\n\r\n\r\n\r\n\r\n\r\n\r\n\r\n\r\n\r\n\r\n\r\n\r\n\r\n\r\n\r\n\r\n\r\n\r\n\r\n\r\n\r\n\r\n\r\n\r\n\r\n\r\n\r\n\r\n\r\n\r\n\r\n\r\n\r\n\r\nAssunto: Voto de pesar pelo falecimento do Sr. Lerminio Joaquim do Nascimento"}, {"id": "20570", "ano": "2022", "numero": "147", "tipo__sigla": "OF", "tipo__descricao": "Of\u00edcio", "autoria": "", "texto_original": "http://sapl.pedroleopoldo.mg.leg.br/media/sapl/public/materialegislativa/2022/20570/oficio_147-2022.pdf", "ementa": "Ilma. Sra.\r\nDerlinda dos Santos Batista Ambr\u00f3sio e familiares \r\n\r\n\r\n\r\n\r\n\r\n\r\n\r\n\r\n\r\n\r\n\r\n\r\n\r\n\r\n\r\n\r\n\r\n\r\n\r\n\r\n\r\n\r\n\r\n\r\n\r\n\r\n\r\n\r\n\r\n\r\n\r\n\r\n\r\n\r\n\r\n\r\n\r\n\r\n\r\n\r\n\r\n\r\n\r\n\r\n\r\n\r\n\r\n\r\n\r\n\r\n\r\n\r\n\r\n\r\n\r\n\r\n\r\n\r\n\r\n\r\n\r\n\r\n\r\n\r\n\r\n\r\n\r\n\r\n\r\n\r\n\r\n\r\n\r\n\r\n\r\n\r\n\r\n\r\n\r\n\r\n\r\n\r\n\r\n\r\nAssunto: Voto de pesar pelo falecimento da Sra. Maria da Concei\u00e7\u00e3o Batista"}, {"id": "20576", "ano": "2022", "numero": "149", "tipo__sigla": "OF", "tipo__descricao": "Of\u00edcio", "autoria": "", "texto_original": "http://sapl.pedroleopoldo.mg.leg.br/media/sapl/public/materialegislativa/2022/20576/oficio_149-2022.pdf", "ementa": "Exma. Sra\r\nEloisa Helena Carvalho de Freitas Pereira \r\nPrefeita Municipal \r\n\r\n\r\n\r\n\r\n\r\n\r\n\r\n\r\n\r\n\r\n\r\n\r\n\r\n\r\n\r\n\r\n\r\n\r\n\r\n\r\n\r\n\r\n\r\n\r\n\r\n\r\n\r\n\r\n\r\n\r\n\r\n\r\n\r\n\r\n\r\n\r\n\r\n\r\n\r\n\r\n\r\n\r\n\r\n\r\n\r\n\r\n\r\n\r\n\r\n\r\n\r\n\r\n\r\n\r\n\r\n\r\n\r\n\r\n\r\n\r\n\r\n\r\n\r\n\r\n\r\n\r\n\r\n\r\n\r\n\r\n\r\n\r\n\r\n\r\n\r\n\r\n\r\n\r\n\r\n\r\n\r\n\r\nAssunto: Mat\u00e9ria aprovada na 19\u00aa Reuni\u00e3o Ordin\u00e1ria da C\u00e2mara Municipal de Pedro Leopoldo, realizada em 27 de  junho 2022"}, {"id": "20577", "ano": "2022", "numero": "150", "tipo__sigla": "OF", "tipo__descricao": "Of\u00edcio", "autoria": "", "texto_original": "http://sapl.pedroleopoldo.mg.leg.br/media/sapl/public/materialegislativa/2022/20577/oficio_150-2022.pdf", "ementa": "Ilma. Sra\r\nSilvana Othero Martins e familiares \r\n\r\n\r\n\r\n\r\n\r\n\r\n\r\n\r\n\r\n\r\n\r\n\r\n\r\n\r\n\r\n\r\n\r\n\r\n\r\n\r\n\r\n\r\n\r\n\r\n\r\n\r\n\r\n\r\n\r\n\r\n\r\n\r\n\r\n\r\n\r\n\r\n\r\n\r\n\r\n\r\n\r\n\r\n\r\n\r\n\r\n\r\n\r\n\r\n\r\n\r\n\r\n\r\n\r\n\r\n\r\n\r\n\r\n\r\n\r\n\r\n\r\n\r\n\r\n\r\n\r\n\r\n\r\n\r\n\r\n\r\n\r\n\r\n\r\n\r\n\r\n\r\n\r\n\r\n\r\n\r\n\r\n\r\n\r\n\r\n\r\n\r\n\r\n\r\n\r\n\r\n\r\n\r\n\r\n\r\n\r\n\r\n\r\n\r\n\r\n\r\n\r\n\r\n\r\n\r\n\r\n\r\n\r\n\r\n\r\n\r\n\r\nAssunto: Voto de pesar pelo falecimento do Sr. T\u00falio Othero Barreto Martins"}, {"id": "20578", "ano": "2022", "numero": "151", "tipo__sigla": "OF", "tipo__descricao": "Of\u00edcio", "autoria": "", "texto_original": "http://sapl.pedroleopoldo.mg.leg.br/media/sapl/public/materialegislativa/2022/20578/oficio_151-2022.pdf", "ementa": "\u00c0 Exma .Sra\r\nEloisa Helena Carvalho de Freitas Pereira \r\nPrefeita Municipal \r\nPedro Leopoldo\r\n\r\nC/C\u00f3pia : Procuradoria Geral Dr. Cristiano Fonseca Pereira \r\n\r\n\r\n\r\n\r\n\r\n\r\n\r\n\r\n\r\n\r\n\r\n\r\n\r\n\r\n\r\n\r\n\r\n\r\n\r\n\r\n\r\n\r\n\r\n\r\n\r\n\r\n\r\n\r\n\r\n\r\n\r\n\r\n\r\n\r\n\r\n\r\n\r\n\r\n\r\n\r\n\r\n\r\n\r\n\r\n\r\n\r\n\r\n\r\n\r\n\r\n\r\n\r\n\r\n\r\n\r\n\r\n\r\n\r\n\r\n\r\n\r\n\r\n\r\n\r\n\r\n\r\n\r\n\r\n\r\n\r\n\r\n\r\n\r\n\r\n\r\n\r\n\r\n\r\n\r\n\r\n\r\n\r\n\r\n\r\n\r\n\r\nAssunto: Altera\u00e7\u00e3o de termo de cess\u00e3o"}, {"id": "20579", "ano": "2022", "numero": "152", "tipo__sigla": "OF", "tipo__descricao": "Of\u00edcio", "autoria": "", "texto_original": "http://sapl.pedroleopoldo.mg.leg.br/media/sapl/public/materialegislativa/2022/20579/oficio_152-2022.pdf", "ementa": "\u00c0 Exma. Sra\r\nEloisa Helena Carvalho de Freitas Pereira \r\nPrefeita Municipal \r\nPedro Leopoldo/MG\r\n\r\nC/C\u00f3pia\r\nH\u00e9lio Renato Neri \r\nSecret\u00e1ria Municipal de Sa\u00fade \r\n\r\nDeijiane Mendes Cruz \r\nDiretoria de Sa\u00fade \r\n\r\n\r\n\r\n\r\n\r\n\r\n\r\n\r\n\r\n\r\n\r\n\r\n\r\n\r\n\r\n\r\n\r\n\r\n\r\n\r\n\r\n\r\n\r\n\r\n\r\n\r\n\r\n\r\n\r\n\r\n\r\n\r\n\r\n\r\n\r\n\r\n\r\n\r\n\r\n\r\n\r\n\r\n\r\n\r\n\r\n\r\n\r\n\r\n\r\n\r\n\r\n\r\n\r\n\r\n\r\n\r\n\r\n\r\n\r\n\r\n\r\n\r\n\r\n\r\n\r\n\r\n\r\n\r\n\r\n\r\n\r\n\r\n\r\n\r\n\r\n\r\n\r\n\r\nAssunto: Palavra Livre"}, {"id": "20696", "ano": "2022", "numero": "153", "tipo__sigla": "OF", "tipo__descricao": "Of\u00edcio", "autoria": "", "texto_original": "http://sapl.pedroleopoldo.mg.leg.br/media/sapl/public/materialegislativa/2022/20696/oficio_153-2022.pdf", "ementa": "\u00c0 Exma. Sra\r\nEloisa Helena Carvalho de Freitas Pereira \r\nPrefeitura Municipal de Pedro Leopoldo/MG\r\n\r\n\r\nC/C\u00f3pia:  Gerson Alfredo Viana dos Santos \r\nSecret\u00e1rio Municipal de Planejamento Urbano \r\n\r\n\r\n\r\n\r\n\r\n\r\n\r\n\r\n\r\n\r\n\r\n\r\n\r\n\r\n\r\n\r\n\r\n\r\n\r\n\r\n\r\n\r\n\r\n\r\n\r\n\r\n\r\n\r\n\r\n\r\n\r\n\r\n\r\n\r\n\r\n\r\n\r\n\r\n\r\n\r\n\r\n\r\n\r\n\r\n\r\n\r\n\r\n\r\n\r\n\r\n\r\n\r\n\r\n\r\n\r\n\r\n\r\n\r\n\r\n\r\n\r\n\r\n\r\n\r\n\r\n\r\n\r\n\r\n\r\n\r\n\r\n\r\n\r\n\r\n\r\n\r\n\r\n\r\n\r\nAssunto: Solicito informa\u00e7\u00e3o"}, {"id": "20697", "ano": "2022", "numero": "154", "tipo__sigla": "OF", "tipo__descricao": "Of\u00edcio", "autoria": "", "texto_original": "http://sapl.pedroleopoldo.mg.leg.br/media/sapl/public/materialegislativa/2022/20697/oficio_154-2022.pdf", "ementa": "\u00c0 Exma. Sra\r\nEloisa Helena Carvalho de Freitas Pereira \r\nPrefeitura Municipal de Pedro Leopoldo/MG\r\n\r\nC/C\u00f3pia :  H\u00e9lio Renato Neri \r\nSecret\u00e1rio Municipal de Sa\u00fade \r\n\r\nDeijiane Mendes Cruz\r\nDiretoria de Sa\u00fade \r\n\r\n\r\n\r\n\r\n\r\n\r\n\r\n\r\n\r\n\r\n\r\n\r\n\r\n\r\n\r\n\r\n\r\n\r\n\r\n\r\n\r\n\r\n\r\n\r\n\r\n\r\n\r\n\r\n\r\n\r\n\r\n\r\n\r\n\r\n\r\n\r\n\r\n\r\n\r\n\r\n\r\n\r\n\r\n\r\n\r\n\r\n\r\n\r\n\r\n\r\n\r\n\r\n\r\n\r\n\r\n\r\n\r\n\r\n\r\n\r\n\r\n\r\n\r\n\r\n\r\n\r\n\r\n\r\n\r\n\r\n\r\n\r\n\r\n\r\n\r\n\r\n\r\n\r\n\r\n\r\n\r\n\r\n\r\nAssunto: Retifica\u00e7\u00e3o"}, {"id": "20701", "ano": "2022", "numero": "155", "tipo__sigla": "OF", "tipo__descricao": "Of\u00edcio", "autoria": "", "texto_original": "http://sapl.pedroleopoldo.mg.leg.br/media/sapl/public/materialegislativa/2022/20701/oficio_155-2022.pdf", "ementa": "Exma. Sra\r\nEloisa Helena Carvalho de Freitas Pereira \r\nPrefeitura Municipal de Pedro Leopoldo/MG\r\n\r\n\r\n\r\n\r\n\r\n\r\n\r\n\r\n\r\n\r\n\r\n\r\n\r\n\r\n\r\n\r\n\r\n\r\n\r\n\r\n\r\n\r\n\r\n\r\n\r\n\r\n\r\n\r\n\r\n\r\n\r\n\r\n\r\n\r\n\r\n\r\n\r\n\r\n\r\n\r\n\r\n\r\n\r\n\r\n\r\n\r\n\r\n\r\n\r\n\r\n\r\n\r\n\r\n\r\n\r\nAssunto: Mat\u00e9ria aprovada na 20\u00aa Reuni\u00e3o Ordin\u00e1ria da C\u00e2mara Municipal de Pedro Leopoldo, realizada em 04 de julho de 2022"}, {"id": "20709", "ano": "2022", "numero": "156", "tipo__sigla": "OF", "tipo__descricao": "Of\u00edcio", "autoria": "", "texto_original": "http://sapl.pedroleopoldo.mg.leg.br/media/sapl/public/materialegislativa/2022/20709/oficio_156-2022.pdf", "ementa": "Ilma. Sra.\r\nNilda de Paula Silva e familiares \r\n\r\n\r\n\r\n\r\n\r\n\r\n\r\n\r\n\r\n\r\n\r\n\r\n\r\n\r\n\r\n\r\n\r\n\r\n\r\n\r\n\r\n\r\n\r\n\r\n\r\n\r\n\r\n\r\n\r\n\r\n\r\n\r\n\r\n\r\n\r\n\r\n\r\n\r\n\r\n\r\n\r\n\r\n\r\n\r\n\r\n\r\n\r\n\r\n\r\n\r\n\r\n\r\n\r\n\r\n\r\n\r\n\r\n\r\n\r\n\r\n\r\n\r\n\r\n\r\n\r\n\r\n\r\n\r\n\r\n\r\n\r\n\r\n\r\n\r\n\r\n\r\n\r\n\r\n\r\n\r\n\r\n\r\n\r\n\r\n\r\n\r\n\r\n\r\n\r\n\r\n\r\n\r\n\r\n\r\n\r\n\r\n\r\n\r\n\r\n\r\n\r\n\r\n\r\n\r\n\r\n\r\n\r\n\r\n\r\n\r\n\r\n\r\n\r\n\r\n\r\n\r\n\r\n\r\n\r\n\r\n\r\n\r\n\r\nAssunto: Voto de pesar pelo falecimento do Sr. Valter Maria da Silva (Dinho)"}, {"id": "20698", "ano": "2022", "numero": "157", "tipo__sigla": "OF", "tipo__descricao": "Of\u00edcio", "autoria": "", "texto_original": "http://sapl.pedroleopoldo.mg.leg.br/media/sapl/public/materialegislativa/2022/20698/oficio_157-2022.pdf", "ementa": "\u00c0 Exma. Sra\r\nEloisa Helena Carvalho de Freitas Pereira \r\nPrefeitura Municipal de Pedro Leopoldo /MG\r\n\r\nC/C\u00f3pia : Evair dos Santos de Oliveira \r\nSecret\u00e1ria Municipal de Seguran\u00e7a P\u00fablica \r\n\r\n\r\n\r\n\r\n\r\n\r\n\r\n\r\n\r\n\r\n\r\n\r\n\r\n\r\n\r\n\r\n\r\n\r\n\r\n\r\n\r\n\r\n\r\n\r\n\r\n\r\n\r\n\r\n\r\n\r\n\r\n\r\n\r\n\r\n\r\n\r\n\r\n\r\n\r\n\r\n\r\n\r\n\r\n\r\n\r\n\r\n\r\n\r\n\r\n\r\n\r\n\r\n\r\n\r\n\r\n\r\n\r\n\r\n\r\n\r\nAssunto: Palavra Livre"}, {"id": "20699", "ano": "2022", "numero": "158", "tipo__sigla": "OF", "tipo__descricao": "Of\u00edcio", "autoria": "", "texto_original": "http://sapl.pedroleopoldo.mg.leg.br/media/sapl/public/materialegislativa/2022/20699/oficio_158-2022.pdf", "ementa": "\u00c0 Exma. Sra\r\nEloisa Helena Carvalho de Freitas Pereira \r\nPrefeitura Municipal de Pedro Leopoldo /MG\r\n\r\nC/C\u00f3pia : Claudia Maria Rezende\r\nSecret\u00e1ria Municipal de Educa\u00e7\u00e3o \r\n\r\n\r\n\r\n\r\n\r\n\r\n\r\n\r\n\r\n\r\n\r\n\r\n\r\n\r\n\r\n\r\n\r\n\r\n\r\n\r\n\r\n\r\n\r\n\r\n\r\n\r\n\r\n\r\n\r\n\r\n\r\n\r\n\r\n\r\n\r\n\r\n\r\n\r\n\r\n\r\n\r\n\r\n\r\n\r\n\r\n\r\n\r\n\r\n\r\n\r\n\r\n\r\n\r\n\r\n\r\n\r\n\r\n\r\n\r\n\r\n\r\n\r\n\r\n\r\n\r\n\r\n\r\n\r\n\r\n\r\n\r\n\r\nAssunto: Palavra Livre"}, {"id": "20700", "ano": "2022", "numero": "159", "tipo__sigla": "OF", "tipo__descricao": "Of\u00edcio", "autoria": "", "texto_original": "http://sapl.pedroleopoldo.mg.leg.br/media/sapl/public/materialegislativa/2022/20700/oficio_159-2022.pdf", "ementa": "\u00c0 Exma. Sra.\r\nEloisa Helena Carvalho de Freitas Pereira \r\nPrefeitura Municipal de Pedro Leopoldo/MG\r\n\r\n\r\nC/C\u00f3pia : Marcos Felipe Silva Batista \r\nSecret\u00e1ria Municipal de Administra\u00e7\u00e3o \r\n\r\n\r\n\r\n\r\n\r\n\r\n\r\n\r\n\r\n\r\n\r\n\r\n\r\n\r\n\r\n\r\n\r\n\r\n\r\n\r\n\r\n\r\n\r\n\r\n\r\n\r\n\r\n\r\n\r\n\r\n\r\n\r\n\r\n\r\n\r\n\r\n\r\n\r\n\r\n\r\n\r\n\r\n\r\n\r\n\r\n\r\n\r\n\r\n\r\n\r\n\r\n\r\n\r\n\r\n\r\n\r\n\r\n\r\n\r\n\r\n\r\n\r\n\r\n\r\nAssunto: Palavra Livre"}, {"id": "20710", "ano": "2022", "numero": "160", "tipo__sigla": "OF", "tipo__descricao": "Of\u00edcio", "autoria": "", "texto_original": "http://sapl.pedroleopoldo.mg.leg.br/media/sapl/public/materialegislativa/2022/20710/oficio_160-2022.pdf", "ementa": "Sr. Evair dos Santos de Oliveira\r\nSecret\u00e1rio Municipal de Seguran\u00e7a P\u00fablica \r\n\r\n\r\n\r\n\r\n\r\n\r\n\r\n\r\n\r\n\r\n\r\n\r\n\r\n\r\n\r\n\r\n\r\n\r\n\r\n\r\n\r\n\r\n\r\n\r\n\r\n\r\n\r\n\r\n\r\n\r\n\r\n\r\n\r\n\r\n\r\n\r\n\r\n\r\n\r\n\r\n\r\n\r\n\r\n\r\n\r\n\r\n\r\n\r\n\r\n\r\n\r\n\r\n\r\n\r\n\r\n\r\n\r\n\r\n\r\n\r\n\r\n\r\n\r\n\r\n\r\n\r\n\r\n\r\n\r\n\r\n\r\n\r\n\r\n\r\n\r\n\r\nAssunto: Resposta ao of\u00edcio 007/2022"}, {"id": "20711", "ano": "2022", "numero": "161", "tipo__sigla": "OF", "tipo__descricao": "Of\u00edcio", "autoria": "", "texto_original": "http://sapl.pedroleopoldo.mg.leg.br/media/sapl/public/materialegislativa/2022/20711/oficio_161-2022.pdf", "ementa": "Exma. Sra. \r\nEloisa Helena Carvalho de Freitas Pereira \r\nPrefeitura Municipal de Pedro Leopoldo /MG \r\n\r\n\r\n\r\n\r\n\r\n\r\n\r\n\r\n\r\n\r\n\r\n\r\n\r\n\r\n\r\n\r\n\r\n\r\n\r\n\r\n\r\n\r\n\r\n\r\n\r\n\r\n\r\n\r\n\r\n\r\n\r\n\r\n\r\n\r\n\r\n\r\n\r\n\r\n\r\n\r\n\r\n\r\n\r\n\r\n\r\n\r\n\r\n\r\n\r\n\r\n\r\n\r\n\r\n\r\n\r\n\r\n\r\n\r\n\r\n\r\n\r\n\r\n\r\n\r\n\r\n\r\n\r\n\r\n\r\n\r\n\r\n\r\n\r\n\r\n\r\n\r\n\r\n\r\n\r\n\r\n\r\n\r\n\r\n\r\n\r\n\r\n\r\n\r\n\r\n\r\n\r\n\r\nAssunto:  Mat\u00e9ria aprovada na 21\u00aa Reuni\u00e3o Ordin\u00e1ria da C\u00e2mara Municipal de Pedro Leopoldo, realizada em 11de julho de 2022"}, {"id": "20712", "ano": "2022", "numero": "162", "tipo__sigla": "OF", "tipo__descricao": "Of\u00edcio", "autoria": "", "texto_original": "http://sapl.pedroleopoldo.mg.leg.br/media/sapl/public/materialegislativa/2022/20712/oficio_162-2022.pdf", "ementa": "Ilma. Sra\r\nLaurentina da Sa\u00fade santos e familiares \r\n\r\n\r\n\r\n\r\n\r\n\r\n\r\n\r\n\r\n\r\n\r\n\r\n\r\n\r\n\r\n\r\n\r\n\r\n\r\n\r\n\r\n\r\n\r\n\r\n\r\n\r\n\r\n\r\n\r\n\r\n\r\n\r\n\r\n\r\n\r\n\r\n\r\n\r\n\r\n\r\n\r\n\r\n\r\n\r\n\r\n\r\n\r\n\r\n\r\n\r\n\r\n\r\n\r\n\r\n\r\n\r\n\r\n\r\n\r\n\r\n\r\n\r\n\r\n\r\n\r\n\r\n\r\n\r\n\r\nAssunto: Voto de pesar pelo falecimento de sua filha, \u00c9rika Santos Evaristo ."}, {"id": "20732", "ano": "2022", "numero": "164", "tipo__sigla": "OF", "tipo__descricao": "Of\u00edcio", "autoria": "", "texto_original": "http://sapl.pedroleopoldo.mg.leg.br/media/sapl/public/materialegislativa/2022/20732/oficio_164-2022.pdf", "ementa": "Exma. Sra \r\nEloisa Helena Carvalho de Freitas Pereira \r\nPrefeitura Municipal de Pedro Leopoldo \r\n\r\n\r\n\r\n\r\n\r\n\r\n\r\n\r\n\r\n\r\n\r\n\r\n\r\n\r\n\r\n\r\n\r\n\r\n\r\n\r\n\r\n\r\n\r\n\r\n\r\n\r\n\r\n\r\n\r\n\r\n\r\n\r\n\r\n\r\n\r\n\r\n\r\n\r\n\r\n\r\n\r\n\r\n\r\n\r\n\r\n\r\n\r\n\r\n\r\n\r\n\r\n\r\n\r\n\r\n\r\n\r\n\r\n\r\n\r\n\r\n\r\n\r\n\r\n\r\n\r\n\r\n\r\n\r\n\r\n\r\n\r\n\r\n\r\n\r\n\r\n\r\n\r\n\r\n\r\n\r\n\r\n\r\n\r\n\r\n\r\n\r\n\r\n\r\n\r\n\r\n\r\n\r\n\r\n\r\n\r\n\r\n\r\n\r\n\r\n\r\n\r\n\r\n\r\n\r\n\r\n\r\n\r\n\r\n\r\n\r\n\r\n\r\n\r\n\r\n\r\n\r\n\r\n\r\n\r\n\r\n\r\n\r\n\r\n\r\n\r\n\r\n\r\n\r\n\r\n\r\n\r\n\r\n\r\n\r\n\r\n\r\n\r\n\r\n\r\n\r\nAssunto: Mat\u00e9ria aprovada na 22\u00aa Reuni\u00e3o Ordin\u00e1ria da C\u00e2mara Municipal de Pedro Leopoldo, realizada em 18 de julho de 2022"}, {"id": "20733", "ano": "2022", "numero": "165", "tipo__sigla": "OF", "tipo__descricao": "Of\u00edcio", "autoria": "", "texto_original": "http://sapl.pedroleopoldo.mg.leg.br/media/sapl/public/materialegislativa/2022/20733/oficio_165-_2022.pdf", "ementa": "Ilma. Sra.\r\nMaria Jos\u00e9 Teodoro Xavier e familiares \r\n\r\n\r\n\r\n\r\n\r\n\r\n\r\n\r\n\r\n\r\n\r\n\r\n\r\n\r\n\r\n\r\n\r\n\r\n\r\n\r\n\r\n\r\n\r\n\r\n\r\n\r\n\r\n\r\n\r\n\r\n\r\n\r\n\r\n\r\n\r\n\r\n\r\n\r\n\r\n\r\n\r\n\r\n\r\n\r\n\r\n\r\n\r\n\r\n\r\n\r\n\r\n\r\n\r\n\r\n\r\n\r\n\r\n\r\n\r\n\r\n\r\n\r\n\r\n\r\n\r\n\r\n\r\n\r\n\r\n\r\n\r\n\r\n\r\n\r\n\r\n\r\n\r\n\r\n\r\n\r\n\r\n\r\nAssunto: Voto de pesar pelo falecimento do seu esposo , Sargento Carlos Alberto Xavier"}, {"id": "20734", "ano": "2022", "numero": "166", "tipo__sigla": "OF", "tipo__descricao": "Of\u00edcio", "autoria": "", "texto_original": "http://sapl.pedroleopoldo.mg.leg.br/media/sapl/public/materialegislativa/2022/20734/oficio_166-2022.pdf", "ementa": "Ilma . Sra \r\nMaria das Gra\u00e7as Rodrigues e familiares \r\n\r\n\r\n\r\n\r\n\r\n\r\n\r\n\r\n\r\n\r\n\r\n\r\n\r\n\r\n\r\n\r\n\r\n\r\n\r\n\r\n\r\n\r\n\r\n\r\n\r\n\r\n\r\n\r\n\r\n\r\n\r\n\r\n\r\n\r\n\r\n\r\n\r\n\r\n\r\n\r\n\r\n\r\n\r\n\r\n\r\n\r\n\r\n\r\n\r\n\r\n\r\n\r\n\r\n\r\n\r\n\r\n\r\n\r\n\r\n\r\n\r\n\r\n\r\n\r\n\r\n\r\n\r\n\r\n\r\n\r\n\r\nAssunto: Voto de pesar pelo falecimento de sua filha , Cleide Maria Rodrigues"}, {"id": "20735", "ano": "2022", "numero": "167", "tipo__sigla": "OF", "tipo__descricao": "Of\u00edcio", "autoria": "", "texto_original": "http://sapl.pedroleopoldo.mg.leg.br/media/sapl/public/materialegislativa/2022/20735/oficio_167-2022.pdf", "ementa": "Ilma. Sra \r\nMaria de Lourdes Oliveira Silva e familiares \r\n\r\n\r\n\r\n\r\n\r\n\r\n\r\n\r\n\r\n\r\n\r\n\r\n\r\n\r\n\r\n\r\n\r\n\r\n\r\n\r\n\r\n\r\n\r\n\r\n\r\n\r\n\r\n\r\n\r\n\r\n\r\n\r\n\r\n\r\n\r\n\r\n\r\n\r\n\r\n\r\n\r\n\r\n\r\n\r\n\r\n\r\n\r\n\r\n\r\n\r\n\r\n\r\n\r\n\r\n\r\n\r\n\r\n\r\n\r\n\r\n\r\n\r\n\r\n\r\n\r\n\r\n\r\n\r\n\r\n\r\n\r\n\r\n\r\n\r\n\r\n\r\n\r\n\r\n\r\n\r\n\r\n\r\n\r\n\r\n\r\n\r\n\r\n\r\n\r\n\r\n\r\nAssunto: Voto de pesar pelo falecimento da Sra. Regina Carvalho da Silva Gon\u00e7alves"}, {"id": "20736", "ano": "2022", "numero": "168", "tipo__sigla": "OF", "tipo__descricao": "Of\u00edcio", "autoria": "", "texto_original": "http://sapl.pedroleopoldo.mg.leg.br/media/", "ementa": "\u00c0 Prefeita,\r\nSra. Elo\u00edsa Helena Carvalho de Freitas Pereira \r\n\r\n\r\n\r\n\r\n\r\n\r\n\r\n\r\n\r\n\r\n\r\n\r\n\r\n\r\n\r\n\r\n\r\n\r\n\r\n\r\n\r\n\r\n\r\n\r\n\r\n\r\n\r\n\r\n\r\n\r\n\r\n\r\n\r\n\r\n\r\n\r\n\r\n\r\n\r\n\r\n\r\n\r\n\r\n\r\n\r\n\r\n\r\n\r\n\r\n\r\n\r\n\r\n\r\n\r\n\r\n\r\n\r\n\r\n\r\n\r\n\r\n\r\n\r\n\r\n\r\n\r\n\r\n\r\n\r\n\r\n\r\n\r\n\r\n\r\n\r\n\r\n\r\n\r\n\r\n\r\n\r\n\r\n\r\n\r\n\r\n\r\n\r\n\r\n\r\n\r\n\r\n\r\n\r\n\r\n\r\n\r\n\r\n\r\n\r\n\r\n\r\n\r\n\r\n\r\n\r\n\r\n\r\n\r\n\r\n\r\n\r\n\r\n\r\n\r\n\r\n\r\n\r\n\r\n\r\n\r\n\r\n\r\n\r\n\r\n\r\n\r\n\r\nAssunto: Regulariza\u00e7\u00e3o Or\u00e7ament\u00e1ria"}, {"id": "20737", "ano": "2022", "numero": "169", "tipo__sigla": "OF", "tipo__descricao": "Of\u00edcio", "autoria": "", "texto_original": "http://sapl.pedroleopoldo.mg.leg.br/media/sapl/public/materialegislativa/2022/20737/oficio_169-2022.pdf", "ementa": "Exma. Sra\r\nEloisa Helena Carvalho de Freitas Pereira \r\nPrefeitura Municipal de Pedro Leopoldo/ MG\r\n\r\n\r\n\r\n\r\n\r\n\r\n\r\n\r\n\r\n\r\n\r\n\r\n\r\n\r\n\r\n\r\n\r\n\r\n\r\n\r\n\r\n\r\n\r\n\r\n\r\n\r\n\r\n\r\n\r\n\r\n\r\n\r\n\r\n\r\n\r\n\r\n\r\n\r\n\r\n\r\n\r\n\r\n\r\n\r\n\r\n\r\n\r\n\r\n\r\n\r\n\r\n\r\n\r\n\r\n\r\n\r\n\r\n\r\n\r\n\r\n\r\n\r\n\r\n\r\n\r\n\r\n\r\n\r\n\r\n\r\n\r\n\r\n\r\n\r\n\r\n\r\n\r\n\r\n\r\n\r\n\r\n\r\n\r\nAssunto: Mat\u00e9ria aprovada na 23\u00aa Reuni\u00e3o Ordin\u00e1ria da C\u00e2mara Municipal de Pedro Leopoldo, realizada em 25 de julho de 2022"}, {"id": "20738", "ano": "2022", "numero": "170", "tipo__sigla": "OF", "tipo__descricao": "Of\u00edcio", "autoria": "", "texto_original": "http://sapl.pedroleopoldo.mg.leg.br/media/sapl/public/materialegislativa/2022/20738/oficio_170-2022.pdf", "ementa": "Ilmo. Sr\r\nDiretor da Cia. de Saneamento de Minas Gerias - COPASA /MG\r\nAg\u00eancia de Pedro Leopoldo \r\n\r\n\r\n\r\n\r\n\r\n\r\n\r\n\r\n\r\n\r\n\r\n\r\n\r\n\r\n\r\n\r\n\r\n\r\n\r\n\r\n\r\n\r\n\r\n\r\n\r\n\r\n\r\n\r\n\r\n\r\n\r\n\r\n\r\n\r\n\r\n\r\n\r\n\r\n\r\n\r\n\r\n\r\n\r\n\r\n\r\n\r\n\r\n\r\n\r\n\r\n\r\n\r\n\r\n\r\n\r\n\r\n\r\n\r\n\r\n\r\n\r\n\r\n\r\n\r\n\r\n\r\n\r\n\r\n\r\n\r\n\r\n\r\n\r\n\r\n\r\n\r\n\r\n\r\n\r\n\r\n\r\n\r\n\r\n\r\n\r\n\r\n\r\n\r\n\r\n\r\n\r\n\r\n\r\n\r\n\r\n\r\n\r\n\r\n\r\n\r\n\r\n\r\n\r\n\r\n\r\n\r\n\r\n\r\n\r\n\r\n\r\n\r\n\r\n\r\n\r\n\r\n\r\n\r\n\r\n\r\n\r\n\r\n\r\n\r\n\r\n\r\n\r\n\r\n\r\n\r\n\r\n\r\n\r\n\r\n\r\n\r\nAssunto: Representa\u00e7\u00e3o aprovada na 23\u00aa Reuni\u00e3o Ordin\u00e1ria da C\u00e2mara Municipal de Pedro Leopoldo , realizada em 25de julho de 2022"}, {"id": "20750", "ano": "2022", "numero": "171", "tipo__sigla": "OF", "tipo__descricao": "Of\u00edcio", "autoria": "", "texto_original": "http://sapl.pedroleopoldo.mg.leg.br/media/sapl/public/materialegislativa/2022/20750/oficio_171-2022.pdf", "ementa": "Ilmo. Sr.\r\nNilson Rosa Ribeiro e familiares \r\n\r\n\r\n\r\n\r\n\r\n\r\n\r\n\r\n\r\n\r\n\r\n\r\n\r\n\r\n\r\n\r\n\r\n\r\n\r\n\r\n\r\n\r\n\r\n\r\n\r\n\r\n\r\n\r\n\r\n\r\n\r\n\r\n\r\n\r\n\r\n\r\n\r\n\r\n\r\n\r\n\r\n\r\n\r\n\r\n\r\n\r\n\r\n\r\n\r\n\r\n\r\n\r\n\r\n\r\n\r\n\r\n\r\n\r\n\r\n\r\n\r\n\r\n\r\n\r\n\r\n\r\n\r\n\r\n\r\n\r\n\r\n\r\n\r\n\r\n\r\n\r\n\r\n\r\n\r\n\r\n\r\n\r\n\r\n\r\n\r\n\r\n\r\n\r\n\r\n\r\n\r\n\r\n\r\n\r\nAssunto:  Voto de pesar pelo falecimento de seu irm\u00e3o, Flavio Rosa Ribeiro."}, {"id": "20751", "ano": "2022", "numero": "172", "tipo__sigla": "OF", "tipo__descricao": "Of\u00edcio", "autoria": "", "texto_original": "http://sapl.pedroleopoldo.mg.leg.br/media/sapl/public/materialegislativa/2022/20751/oficio_172-2022.pdf", "ementa": "Exma . Sra \r\nEloisa Helena Carvalho de Freitas Pereira \r\nPrefeitura Municipal de Pedro Leopoldo /MG \r\n\r\n\r\n\r\n\r\n\r\n\r\n\r\n\r\n\r\n\r\n\r\n\r\n\r\n\r\n\r\n\r\n\r\n\r\n\r\n\r\n\r\n\r\n\r\n\r\n\r\n\r\n\r\n\r\n\r\n\r\n\r\n\r\n\r\n\r\n\r\n\r\n\r\n\r\n\r\n\r\n\r\n\r\n\r\n\r\n\r\n\r\n\r\n\r\n\r\n\r\n\r\n\r\n\r\n\r\n\r\n\r\n\r\n\r\n\r\n\r\n\r\n\r\n\r\n\r\n\r\n\r\n\r\n\r\n\r\n\r\n\r\n\r\n\r\n\r\n\r\n\r\n\r\n\r\n\r\n\r\n\r\n\r\n\r\n\r\n\r\n\r\n\r\n\r\n\r\n\r\n\r\n\r\n\r\n\r\n\r\n\r\n\r\n\r\n\r\n\r\n\r\n\r\n\r\n\r\n\r\n\r\n\r\nAssunto: Mat\u00e9ria aprovada na 24\u00aa Reuni\u00e3o Ordin\u00e1ria da C\u00e2mara Municipal de Pedro Leopoldo , realizada em 02 de agosto de 2022."}, {"id": "20753", "ano": "2022", "numero": "173", "tipo__sigla": "OF", "tipo__descricao": "Of\u00edcio", "autoria": "", "texto_original": "http://sapl.pedroleopoldo.mg.leg.br/media/sapl/public/materialegislativa/2022/20753/oficio_173-2022.pdf", "ementa": "Ilmo. Sr.\r\nGeraldo Nery Lopes e familiares \r\n\r\n\r\n\r\n\r\n\r\n\r\n\r\n\r\n\r\n\r\n\r\n\r\n\r\n\r\n\r\n\r\n\r\n\r\n\r\n\r\n\r\n\r\n\r\n\r\n\r\n\r\n\r\n\r\n\r\n\r\n\r\n\r\n\r\n\r\n\r\n\r\n\r\n\r\n\r\n\r\n\r\n\r\n\r\n\r\n\r\n\r\n\r\n\r\n\r\n\r\n\r\n\r\n\r\n\r\n\r\n\r\n\r\n\r\n\r\n\r\n\r\n\r\n\r\n\r\n\r\n\r\n\r\n\r\n\r\n\r\n\r\n\r\n\r\n\r\n\r\n\r\n\r\n\r\n\r\n\r\n\r\n\r\n\r\n\r\n\r\n\r\n\r\nAssunto: Voto de pesar pelo falecimento de sua irm\u00e3, Nair Nery Lopes."}, {"id": "20754", "ano": "2022", "numero": "174", "tipo__sigla": "OF", "tipo__descricao": "Of\u00edcio", "autoria": "", "texto_original": "http://sapl.pedroleopoldo.mg.leg.br/media/sapl/public/materialegislativa/2022/20754/oficio_174-2022.pdf", "ementa": "\u00c0 Exma. Sra.\r\nDra. Raquel Fernanda Caetano Correa Couy \r\nPromotora de Justi\u00e7a da Comarca de Pedro Leopoldo/MG\r\n\r\n\r\n\r\n\r\n\r\n\r\n\r\n\r\n\r\n\r\n\r\n\r\n\r\n\r\n\r\n\r\n\r\n\r\n\r\n\r\n\r\n\r\n\r\n\r\n\r\n\r\n\r\n\r\n\r\n\r\n\r\n\r\n\r\n\r\n\r\n\r\n\r\n\r\n\r\n\r\n\r\n\r\n\r\n\r\n\r\n\r\n\r\n\r\n\r\n\r\n\r\n\r\n\r\n\r\n\r\n\r\n\r\n\r\n\r\n\r\n\r\n\r\n\r\n\r\n\r\n\r\n\r\n\r\n\r\n\r\n\r\n\r\n\r\n\r\n\r\n\r\n\r\n\r\n\r\n\r\n\r\n\r\n\r\nAssunto: Resposta of\u00edcio n\u00ba457/2022 - PGMG/PELPJ/PELPJ -02 PJ"}, {"id": "20755", "ano": "2022", "numero": "175", "tipo__sigla": "OF", "tipo__descricao": "Of\u00edcio", "autoria": "", "texto_original": "http://sapl.pedroleopoldo.mg.leg.br/media/sapl/public/materialegislativa/2022/20755/oficio_175-2022.pdf", "ementa": "\u00c0 Exma. Sra.\r\nEmily Alvarenga \r\n\r\n\r\n\r\n\r\n\r\n\r\n\r\n\r\n\r\n\r\n\r\n\r\n\r\n\r\n\r\n\r\n\r\n\r\n\r\n\r\n\r\n\r\n\r\n\r\n\r\n\r\n\r\n\r\n\r\n\r\n\r\n\r\n\r\n\r\n\r\n\r\n\r\n\r\n\r\n\r\n\r\n\r\n\r\n\r\n\r\n\r\n\r\n\r\n\r\n\r\n\r\n\r\n\r\n\r\n\r\n\r\n\r\n\r\n\r\n\r\n\r\n\r\n\r\n\r\n\r\n\r\n\r\n\r\n\r\n\r\n\r\n\r\n\r\n\r\n\r\n\r\n\r\n\r\n\r\n\r\n\r\n\r\n\r\n\r\n\r\n\r\n\r\n\r\n\r\n\r\n\r\n\r\n\r\n\r\n\r\n\r\n\r\n\r\n\r\n\r\n\r\n\r\n\r\n\r\n\r\n\r\n\r\n\r\n\r\n\r\n\r\n\r\n\r\n\r\n\r\n\r\n\r\n\r\n\r\n\r\n\r\n\r\n\r\n\r\n\r\n\r\n\r\n\r\n\r\n\r\n\r\n\r\n\r\n\r\n\r\nAssunto: Palavra livre"}, {"id": "20756", "ano": "2022", "numero": "176", "tipo__sigla": "OF", "tipo__descricao": "Of\u00edcio", "autoria": "", "texto_original": "http://sapl.pedroleopoldo.mg.leg.br/media/sapl/public/materialegislativa/2022/20756/oficio_176-2022.pdf", "ementa": "Ilma. Sra.\r\nIara Souza Vieira \r\nSecret\u00e1ria de fazenda \r\nPrefeitura Municipal de Pedro Leopoldo/MG\r\n\r\n\r\n\r\n\r\n\r\n\r\n\r\n\r\n\r\n\r\n\r\n\r\n\r\n\r\n\r\n\r\n\r\n\r\n\r\n\r\n\r\n\r\n\r\n\r\n\r\n\r\n\r\n\r\n\r\n\r\n\r\n\r\n\r\n\r\n\r\n\r\n\r\n\r\n\r\n\r\n\r\n\r\n\r\n\r\n\r\n\r\n\r\n\r\n\r\n\r\n\r\n\r\n\r\n\r\n\r\n\r\n\r\n\r\n\r\n\r\n\r\n\r\n\r\n\r\n\r\n\r\n\r\n\r\n\r\n\r\n\r\n\r\n\r\n\r\n\r\n\r\n\r\n\r\n\r\n\r\n\r\n\r\n\r\n\r\nAssunto: Previs\u00e3o Or\u00e7amentaria"}, {"id": "20762", "ano": "2022", "numero": "178", "tipo__sigla": "OF", "tipo__descricao": "Of\u00edcio", "autoria": "", "texto_original": "http://sapl.pedroleopoldo.mg.leg.br/media/sapl/public/materialegislativa/2022/20762/oficio_178-2022.pdf", "ementa": "\u00c0 Exma. Sra \r\nEloisa Helena Carvalho de Freitas Pereira \r\nPrefeitura Municipal de Pedro Leopoldo /MG  \r\n\r\n\r\n\r\n\r\n\r\n\r\n\r\n\r\n\r\n\r\n\r\n\r\n\r\n\r\n\r\n\r\n\r\n\r\n\r\n\r\n\r\n\r\n\r\n\r\n\r\n\r\n\r\n\r\n\r\n\r\n\r\n\r\n\r\n\r\n\r\n\r\n\r\n\r\n\r\n\r\n\r\n\r\n\r\n\r\n\r\n\r\n\r\n\r\n\r\n\r\n\r\n\r\n\r\n\r\n\r\n\r\n\r\n\r\n\r\n\r\n\r\n\r\n\r\nAssunto: Bens inserv\u00edveis"}, {"id": "20763", "ano": "2022", "numero": "179", "tipo__sigla": "OF", "tipo__descricao": "Of\u00edcio", "autoria": "", "texto_original": "http://sapl.pedroleopoldo.mg.leg.br/media/sapl/public/materialegislativa/2022/20763/oficio_179-2022.pdf", "ementa": "Ilma. Sra\r\nDaiane Andrade e familiares \r\n\r\n\r\n\r\n\r\n\r\n\r\n\r\n\r\n\r\n\r\n\r\n\r\n\r\n\r\n\r\n\r\n\r\n\r\n\r\n\r\n\r\n\r\n\r\n\r\n\r\n\r\n\r\n\r\n\r\n\r\n\r\n\r\n\r\n\r\n\r\n\r\n\r\n\r\n\r\n\r\n\r\n\r\n\r\n\r\n\r\n\r\n\r\n\r\n\r\n\r\n\r\n\r\n\r\n\r\n\r\n\r\n\r\n\r\n\r\n\r\n\r\n\r\n\r\n\r\n\r\n\r\n\r\n\r\n\r\n\r\n\r\n\r\n\r\n\r\n\r\n\r\n\r\n\r\n\r\n\r\n\r\n\r\n\r\n\r\n\r\n\r\n\r\n\r\n\r\n\r\nAssunto: Voto de pesar pelo falecimento de seu esposo, Ulisses Martins de Sousa Junior ( Juninho Martins)"}, {"id": "20764", "ano": "2022", "numero": "180", "tipo__sigla": "OF", "tipo__descricao": "Of\u00edcio", "autoria": "", "texto_original": "http://sapl.pedroleopoldo.mg.leg.br/media/sapl/public/materialegislativa/2022/20764/oficio_180-2022.pdf", "ementa": "Ilmo. Sr\r\nMauro Aguiar \r\n\r\n\r\n\r\n\r\n\r\n\r\n\r\n\r\n\r\n\r\n\r\n\r\n\r\n\r\n\r\n\r\n\r\n\r\n\r\n\r\n\r\n\r\n\r\n\r\n\r\n\r\n\r\n\r\n\r\n\r\n\r\n\r\n\r\n\r\n\r\n\r\n\r\n\r\n\r\n\r\n\r\n\r\n\r\n\r\n\r\n\r\n\r\n\r\n\r\n\r\n\r\n\r\n\r\n\r\n\r\n\r\n\r\n\r\n\r\n\r\n\r\n\r\n\r\n\r\n\r\n\r\n\r\n\r\n\r\n\r\n\r\n\r\n\r\n\r\n\r\n\r\n\r\n\r\n\r\n\r\n\r\n\r\nAssunto: Voto de pesar pelo falecimento de seu tio, Raimundo Ribeiro Aguiar"}, {"id": "20765", "ano": "2022", "numero": "181", "tipo__sigla": "OF", "tipo__descricao": "Of\u00edcio", "autoria": "", "texto_original": "http://sapl.pedroleopoldo.mg.leg.br/media/sapl/public/materialegislativa/2022/20765/oficio_181-2022.pdf", "ementa": "\u00c0 Exma. Sra \r\nEloisa Helena Carvalho de Freitas Pereira \r\nPrefeitura Municipal de Pedro Leopoldo /MG\r\n\r\nC/C\u00f3pia: Marcos Felipe Silva Batista \r\nSecret\u00e1rio Municipal de Administra\u00e7\u00e3o\r\n\r\n\r\n\r\n\r\n\r\n\r\n\r\n\r\n\r\n\r\n\r\n\r\n\r\n\r\n\r\n\r\n\r\n\r\n\r\n\r\n\r\n\r\n\r\n\r\n\r\n\r\n\r\n\r\n\r\n\r\n\r\n\r\n\r\n\r\n\r\n\r\n\r\n\r\n\r\n\r\n\r\n\r\n\r\n\r\n\r\n\r\n\r\n\r\n\r\n\r\n\r\n\r\n\r\n\r\n\r\n\r\n\r\n\r\n\r\n\r\n\r\n\r\n\r\n\r\n\r\n\r\n\r\n\r\n\r\n\r\n\r\n\r\n\r\n\r\n\r\n\r\n\r\n\r\n\r\n\r\n\r\n\r\n\r\n\r\n\r\n\r\n\r\n\r\n\r\n\r\n\r\n\r\n\r\n\r\n\r\n\r\n\r\n\r\n\r\n\r\n\r\n\r\n\r\n\r\n\r\n\r\n\r\n\r\n\r\n\r\n\r\n\r\n\r\n\r\n\r\n\r\n\r\n\r\n\r\n\r\n\r\n\r\n\r\n\r\n\r\n\r\n\r\n\r\n\r\n\r\n\r\n\r\n\r\n\r\n\r\n\r\n\r\n\r\n\r\n\r\n\r\n\r\n\r\n\r\n\r\n\r\n\r\n\r\n\r\n\r\n\r\n\r\n\r\n\r\n\r\n\r\n\r\n\r\n\r\n\r\n\r\n\r\n\r\n\r\n\r\n\r\n\r\n\r\n\r\n\r\n\r\n\r\n\r\n\r\n\r\n\r\n\r\n\r\n\r\n\r\n\r\n\r\n\r\n\r\n\r\n\r\n\r\n\r\n\r\n\r\n\r\n\r\n\r\n\r\n\r\n\r\n\r\n\r\n\r\n\r\n\r\n\r\n\r\n\r\n\r\n\r\n\r\n\r\n\r\n\r\n\r\n\r\nAssunto: Palavra Livre"}, {"id": "20766", "ano": "2022", "numero": "183", "tipo__sigla": "OF", "tipo__descricao": "Of\u00edcio", "autoria": "", "texto_original": "http://sapl.pedroleopoldo.mg.leg.br/media/sapl/public/materialegislativa/2022/20766/oficio_183-2022.pdf", "ementa": "Exma. Sra \r\nEloisa Helena Carvalho de Freitas Pereira \r\nPrefeitura Municipal de Pedro Leopoldo/ MG\r\n\r\n\r\n\r\n\r\n\r\n\r\n\r\n\r\n\r\n\r\n\r\n\r\n\r\n\r\n\r\n\r\n\r\n\r\n\r\n\r\n\r\n\r\n\r\n\r\n\r\n\r\n\r\n\r\n\r\n\r\n\r\n\r\n\r\n\r\n\r\n\r\n\r\n\r\n\r\n\r\n\r\n\r\n\r\n\r\n\r\n\r\n\r\n\r\n\r\n\r\n\r\n\r\n\r\n\r\n\r\n\r\n\r\n\r\n\r\n\r\n\r\n\r\n\r\n\r\n\r\n\r\n\r\n\r\n\r\n\r\n\r\n\r\n\r\n\r\n\r\n\r\n\r\n\r\n\r\n\r\n\r\n\r\n\r\n\r\n\r\n\r\n\r\n\r\n\r\n\r\n\r\n\r\n\r\n\r\n\r\n\r\n\r\n\r\n\r\n\r\n\r\n\r\n\r\n\r\n\r\n\r\n\r\n\r\n\r\n\r\n\r\n\r\n\r\nAssunto: Mat\u00e9ria aprovada na 25\u00aa Reuni\u00e3o Ordin\u00e1ria da C\u00e2mara Municipal de Pedro Leopoldo , realizada em 08 de agosto de 2022"}, {"id": "20767", "ano": "2022", "numero": "184", "tipo__sigla": "OF", "tipo__descricao": "Of\u00edcio", "autoria": "", "texto_original": "http://sapl.pedroleopoldo.mg.leg.br/media/sapl/public/materialegislativa/2022/20767/oficio_184-2022.pdf", "ementa": "Ilmas. Sras\r\nNathalia Lopes de Souza, Viviane Lopes , Mariana Aparecida Lopes e familiares \r\n\r\n\r\n\r\n\r\n\r\n\r\n\r\n\r\n\r\n\r\n\r\n\r\n\r\n\r\n\r\n\r\n\r\n\r\n\r\n\r\n\r\n\r\n\r\n\r\n\r\n\r\n\r\n\r\n\r\n\r\n\r\n\r\n\r\n\r\n\r\n\r\n\r\n\r\n\r\n\r\n\r\n\r\n\r\n\r\n\r\n\r\n\r\n\r\n\r\n\r\n\r\n\r\n\r\n\r\n\r\n\r\n\r\n\r\n\r\n\r\n\r\n\r\n\r\n\r\n\r\n\r\n\r\n\r\n\r\n\r\n\r\n\r\n\r\n\r\n\r\n\r\n\r\n\r\n\r\n\r\n\r\n\r\n\r\n\r\n\r\nAssunto: Voto de pesar pelo falecimento de sua querida irm\u00e3, Sra Liliana do Nascimento Lopes"}, {"id": "20768", "ano": "2022", "numero": "185", "tipo__sigla": "OF", "tipo__descricao": "Of\u00edcio", "autoria": "", "texto_original": "http://sapl.pedroleopoldo.mg.leg.br/media/sapl/public/materialegislativa/2022/20768/oficio_185-2022.pdf", "ementa": "Ilmo. Sr.\r\nClaudinei Jesus Lopes e familiares \r\n\r\n\r\n\r\n\r\n\r\n\r\n\r\n\r\n\r\n\r\n\r\n\r\n\r\n\r\n\r\n\r\n\r\n\r\n\r\n\r\n\r\n\r\n\r\n\r\n\r\n\r\n\r\n\r\n\r\n\r\n\r\n\r\n\r\n\r\n\r\n\r\n\r\n\r\n\r\n\r\n\r\n\r\n\r\n\r\n\r\n\r\n\r\n\r\n\r\n\r\n\r\n\r\n\r\n\r\n\r\n\r\n\r\n\r\n\r\n\r\n\r\n\r\n\r\n\r\n\r\n\r\n\r\n\r\n\r\n\r\n\r\n\r\n\r\n\r\n\r\n\r\n\r\n\r\n\r\n\r\n\r\n\r\n\r\n\r\n\r\n\r\n\r\n\r\n\r\n\r\n\r\n\r\n\r\nAssunto: Voto de pesar pelo falecimento de sua m\u00e3e, Sra Celeodiva de Jesus Teixeira Lopes"}, {"id": "20769", "ano": "2022", "numero": "186", "tipo__sigla": "OF", "tipo__descricao": "Of\u00edcio", "autoria": "", "texto_original": "http://sapl.pedroleopoldo.mg.leg.br/media/sapl/public/materialegislativa/2022/20769/oficio_186-2022.pdf", "ementa": "Ilmo. Sr.\r\nJuliano Passos Ribeiro e irm\u00e3os \r\n\r\n\r\n\r\n\r\n\r\n\r\n\r\n\r\n\r\n\r\n\r\n\r\n\r\n\r\n\r\n\r\n\r\n\r\n\r\n\r\n\r\n\r\n\r\n\r\n\r\n\r\n\r\n\r\n\r\n\r\n\r\n\r\n\r\n\r\n\r\n\r\n\r\n\r\n\r\n\r\n\r\n\r\n\r\n\r\n\r\n\r\n\r\n\r\n\r\n\r\n\r\n\r\n\r\n\r\n\r\n\r\n\r\n\r\n\r\n\r\n\r\n\r\nAssunto: Voto de pesar pelo falecimento de sua querida m\u00e3e, Sra. Laura Passos de Freitas Ribeiro"}, {"id": "20770", "ano": "2022", "numero": "187", "tipo__sigla": "OF", "tipo__descricao": "Of\u00edcio", "autoria": "", "texto_original": "http://sapl.pedroleopoldo.mg.leg.br/media/sapl/public/materialegislativa/2022/20770/oficio_187-2022.pdf", "ementa": "Ilmo.Sr.\r\nJoaquim Pereira e familiares \r\n\r\n\r\n\r\n\r\n\r\n\r\n\r\n\r\n\r\n\r\n\r\n\r\n\r\n\r\n\r\n\r\n\r\n\r\n\r\n\r\n\r\n\r\n\r\n\r\n\r\n\r\n\r\n\r\n\r\n\r\n\r\n\r\n\r\n\r\n\r\n\r\n\r\n\r\n\r\n\r\n\r\n\r\n\r\n\r\n\r\n\r\n\r\n\r\n\r\n\r\n\r\n\r\n\r\n\r\n\r\n\r\n\r\n\r\n\r\n\r\n\r\n\r\n\r\n\r\nAssunto: Voto de pesar pelo falecimento de seu querido pai, Sr. Jo\u00e3o Pereira"}, {"id": "20771", "ano": "2022", "numero": "188", "tipo__sigla": "OF", "tipo__descricao": "Of\u00edcio", "autoria": "", "texto_original": "http://sapl.pedroleopoldo.mg.leg.br/media/sapl/public/materialegislativa/2022/20771/oficio_188-2022.pdf", "ementa": "ilmo. Sr.\r\nEdilcio Eust\u00e1quio Fagundes (Bila) e familiares \r\n\r\n\r\n\r\n\r\n\r\n\r\n\r\n\r\n\r\n\r\n\r\n\r\n\r\n\r\n\r\n\r\n\r\n\r\n\r\n\r\n\r\n\r\n\r\n\r\n\r\n\r\n\r\n\r\n\r\n\r\n\r\n\r\n\r\n\r\n\r\n\r\n\r\n\r\n\r\n\r\n\r\n\r\n\r\n\r\n\r\n\r\n\r\n\r\n\r\n\r\n\r\n\r\n\r\n\r\n\r\n\r\n\r\n\r\n\r\n\r\n\r\n\r\n\r\n\r\n\r\n\r\n\r\n\r\n\r\n\r\n\r\n\r\n\r\n\r\n\r\n\r\n\r\n\r\n\r\n\r\n\r\n\r\n\r\n\r\n\r\n\r\n\r\n\r\n\r\n\r\n\r\n\r\n\r\n\r\n\r\n\r\n\r\n\r\nAssunto: Voto de pesar pelo falecimento de seu querido irm\u00e3o, Sr. Jos\u00e9 Geraldo Fagundes"}, {"id": "20772", "ano": "2022", "numero": "200", "tipo__sigla": "OF", "tipo__descricao": "Of\u00edcio", "autoria": "", "texto_original": "http://sapl.pedroleopoldo.mg.leg.br/media/sapl/public/materialegislativa/2022/20772/oficio_200-2022.pdf", "ementa": "Ao senhor Coronel Evair dos Santos de Oliveira \r\nSecret\u00e1rio Municipal de Seguran\u00e7a P\u00fablica \r\nPrefeitura Municipal de Pedro Leopoldo/MG\r\n\r\n\r\n\r\n\r\n\r\n\r\n\r\n\r\n\r\n\r\n\r\n\r\n\r\n\r\n\r\n\r\n\r\n\r\n\r\n\r\n\r\n\r\n\r\n\r\n\r\n\r\n\r\n\r\n\r\n\r\n\r\n\r\n\r\n\r\n\r\n\r\n\r\n\r\n\r\n\r\n\r\n\r\n\r\n\r\n\r\n\r\n\r\n\r\n\r\n\r\n\r\n\r\n\r\n\r\n\r\n\r\n\r\n\r\n\r\n\r\n\r\n\r\n\r\n\r\n\r\n\r\n\r\n\r\n\r\n\r\n\r\n\r\n\r\n\r\n\r\n\r\n\r\n\r\n\r\n\r\n\r\n\r\n\r\n\r\n\r\n\r\n\r\n\r\n\r\n\r\n\r\n\r\n\r\n\r\n\r\n\r\n\r\n\r\n\r\n\r\n\r\n\r\n\r\n\r\n\r\n\r\n\r\n\r\n\r\n\r\n\r\n\r\nAssunto: Ronda na C\u00e2mara"}, {"id": "20773", "ano": "2022", "numero": "201", "tipo__sigla": "OF", "tipo__descricao": "Of\u00edcio", "autoria": "", "texto_original": "http://sapl.pedroleopoldo.mg.leg.br/media/sapl/public/materialegislativa/2022/20773/oficio_201-2022.pdf", "ementa": "Ao Tenente - Coronel \r\nFl\u00e1vio Oliveira de Almeida \r\nComandante da 11\u00aa Cia. Independente de Pol\u00edcia Militar\r\nMunic\u00edpio de Pedro Leopoldo/MG\r\n\r\n\r\n\r\n\r\n\r\n\r\n\r\n\r\n\r\n\r\n\r\n\r\n\r\n\r\n\r\n\r\n\r\n\r\n\r\n\r\n\r\n\r\n\r\n\r\n\r\n\r\n\r\n\r\n\r\n\r\n\r\n\r\n\r\n\r\n\r\n\r\n\r\n\r\n\r\n\r\n\r\n\r\n\r\n\r\n\r\n\r\n\r\n\r\n\r\n\r\n\r\n\r\n\r\n\r\n\r\n\r\n\r\n\r\n\r\n\r\n\r\n\r\n\r\n\r\n\r\n\r\n\r\n\r\n\r\n\r\n\r\n\r\n\r\n\r\n\r\n\r\n\r\n\r\n\r\n\r\n\r\nAssunto: Ronda na C\u00e2mara"}, {"id": "20774", "ano": "2022", "numero": "203", "tipo__sigla": "OF", "tipo__descricao": "Of\u00edcio", "autoria": "", "texto_original": "http://sapl.pedroleopoldo.mg.leg.br/media/sapl/public/materialegislativa/2022/20774/oficio_203-2022.pdf", "ementa": "\u00c0 Exma. Sra.\r\nPrefeita Eloisa Helena Carvalho de Freitas Pereira \r\nPrefeitura Municipal de Pedro Leopoldo/MG\r\n\r\n\r\nC/C\u00f3pia: Secret\u00e1rio Municipal de Administra\u00e7\u00e3o \r\nMarcos Felipe Silva Batista \r\n\r\n\r\n\r\n\r\n\r\n\r\n\r\n\r\n\r\n\r\n\r\n\r\n\r\n\r\n\r\n\r\n\r\n\r\n\r\n\r\n\r\n\r\n\r\n\r\n\r\n\r\n\r\n\r\n\r\n\r\n\r\n\r\n\r\n\r\n\r\n\r\n\r\n\r\n\r\n\r\n\r\n\r\n\r\n\r\n\r\n\r\n\r\n\r\n\r\n\r\n\r\n\r\n\r\n\r\n\r\n\r\n\r\n\r\n\r\n\r\n\r\n\r\n\r\n\r\n\r\n\r\n\r\n\r\n\r\n\r\n\r\nAssunto: Sistema \u00danico e Integrado de Execu\u00e7\u00e3o Or\u00e7amentaria"}, {"id": "20775", "ano": "2022", "numero": "204", "tipo__sigla": "OF", "tipo__descricao": "Of\u00edcio", "autoria": "", "texto_original": "http://sapl.pedroleopoldo.mg.leg.br/media/sapl/public/materialegislativa/2022/20775/oficio_204-2022.pdf", "ementa": "Exma. Sra\r\nEloisa Helena Carvalho de Freitas Pereira \r\nPrefeitura Municipal de Pedro Leopoldo //MG \r\n\r\n\r\n\r\n\r\n\r\n\r\n\r\n\r\n\r\n\r\n\r\n\r\n\r\n\r\n\r\n\r\n\r\n\r\n\r\n\r\n\r\n\r\n\r\n\r\n\r\n\r\n\r\n\r\n\r\n\r\n\r\n\r\n\r\n\r\n\r\n\r\n\r\n\r\n\r\n\r\n\r\n\r\n\r\n\r\n\r\n\r\n\r\n\r\n\r\n\r\n\r\n\r\n\r\n\r\n\r\n\r\n\r\n\r\n\r\n\r\n\r\n\r\n\r\n\r\n\r\n\r\n\r\n\r\nAssunto: Mat\u00e9ria aprovada na 26\u00aa Reuni\u00e3o Ordin\u00e1ria da C\u00e2mara Municipal de Pedro Leopoldo , realizada em 22 de agosto de 2022."}, {"id": "20776", "ano": "2022", "numero": "205", "tipo__sigla": "OF", "tipo__descricao": "Of\u00edcio", "autoria": "", "texto_original": "http://sapl.pedroleopoldo.mg.leg.br/media/sapl/public/materialegislativa/2022/20776/oficio_205-2022.pdf", "ementa": "Ilmo. Sr\r\nNarciso Eust\u00e1quio Ribeiro e familiares \r\n\r\n\r\n\r\n\r\n\r\n\r\n\r\n\r\n\r\n\r\n\r\n\r\n\r\n\r\n\r\n\r\n\r\n\r\n\r\n\r\n\r\n\r\n\r\n\r\n\r\n\r\n\r\n\r\n\r\n\r\n\r\n\r\n\r\n\r\n\r\n\r\n\r\n\r\n\r\n\r\n\r\n\r\n\r\n\r\n\r\n\r\n\r\n\r\n\r\n\r\n\r\n\r\n\r\n\r\n\r\n\r\n\r\n\r\n\r\n\r\n\r\n\r\n\r\n\r\n\r\n\r\n\r\n\r\n\r\n\r\n\r\n\r\n\r\n\r\n\r\n\r\n\r\n\r\n\r\n\r\n\r\n\r\n\r\n\r\n\r\n\r\n\r\n\r\n\r\n\r\n\r\n\r\n\r\n\r\n\r\n\r\n\r\n\r\n\r\n\r\n\r\n\r\n\r\n\r\n\r\nAssunto: Voto de pesar pelo falecimento de seu querido irm\u00e3o, Sr. Adelcio Evaristo Ribeiro"}, {"id": "20777", "ano": "2022", "numero": "206", "tipo__sigla": "OF", "tipo__descricao": "Of\u00edcio", "autoria": "", "texto_original": "http://sapl.pedroleopoldo.mg.leg.br/media/sapl/public/materialegislativa/2022/20777/oficio_206-2022.pdf", "ementa": "Ilmo. Sr.\r\nJuliano Passos Ribeiro e familiares \r\n\r\n\r\n\r\n\r\n\r\n\r\n\r\n\r\n\r\n\r\n\r\n\r\n\r\n\r\n\r\n\r\n\r\n\r\n\r\n\r\n\r\n\r\n\r\n\r\n\r\n\r\n\r\n\r\n\r\n\r\n\r\n\r\n\r\n\r\n\r\n\r\n\r\n\r\n\r\n\r\n\r\n\r\n\r\n\r\n\r\n\r\n\r\n\r\n\r\n\r\n\r\n\r\n\r\n\r\n\r\n\r\n\r\n\r\n\r\n\r\n\r\n\r\n\r\n\r\n\r\n\r\n\r\n\r\n\r\n\r\n\r\n\r\n\r\n\r\n\r\n\r\n\r\n\r\n\r\n\r\n\r\n\r\n\r\n\r\n\r\n\r\n\r\n\r\n\r\n\r\n\r\n\r\n\r\n\r\n\r\n\r\n\r\n\r\n\r\n\r\n\r\n\r\n\r\n\r\n\r\n\r\n\r\n\r\n\r\n\r\n\r\n\r\n\r\n\r\n\r\n\r\n\r\n\r\n\r\n\r\n\r\n\r\n\r\n\r\n\r\n\r\n\r\n\r\n\r\n\r\nAssunto: Voto de pesar pelo falecimento de sua m\u00e3e querida M\u00e3e, Sra. Laura de Passos Freitas"}, {"id": "20778", "ano": "2022", "numero": "207", "tipo__sigla": "OF", "tipo__descricao": "Of\u00edcio", "autoria": "", "texto_original": "http://sapl.pedroleopoldo.mg.leg.br/media/sapl/public/materialegislativa/2022/20778/oficio_207-2022.pdf", "ementa": "Ilmo. Sr\r\nEg\u00eddio Dias Magalh\u00e3es e familiares\r\n\r\n\r\n\r\n\r\n\r\n\r\n\r\n\r\n\r\n\r\n\r\n\r\n\r\n\r\n\r\n\r\n\r\n\r\n\r\n\r\n\r\n\r\n\r\n\r\n\r\n\r\n\r\n\r\n\r\n\r\n\r\n\r\n\r\n\r\n\r\n\r\n\r\n\r\n\r\n\r\n\r\n\r\n\r\n\r\n\r\n\r\n\r\n\r\n\r\n\r\n\r\n\r\n\r\n\r\n\r\n\r\n\r\n\r\n\r\n\r\n\r\n\r\n\r\n\r\n\r\n\r\n\r\n\r\n\r\n\r\n\r\n\r\n\r\n\r\n\r\n\r\n\r\n\r\n\r\n\r\n\r\n\r\n\r\n\r\n\r\n\r\n\r\n\r\n\r\n\r\n\r\n\r\n\r\nAssunto: Voto de pesar pelo falecimento de seu querido irm\u00e3o, Sr Geraldo  Marcos Magalh\u00e3es"}, {"id": "20779", "ano": "2022", "numero": "208", "tipo__sigla": "OF", "tipo__descricao": "Of\u00edcio", "autoria": "", "texto_original": "http://sapl.pedroleopoldo.mg.leg.br/media/sapl/public/materialegislativa/2022/20779/oficio_208-2022.pdf", "ementa": "Ilmo. Srs\r\nVicente Costa, Roberto Costa, Renato Costa, Paulo Costa e familiares \r\n\r\n\r\n\r\n\r\n\r\n\r\n\r\n\r\n\r\n\r\n\r\n\r\n\r\n\r\n\r\n\r\n\r\n\r\n\r\n\r\n\r\n\r\n\r\n\r\n\r\n\r\n\r\n\r\n\r\n\r\n\r\n\r\n\r\n\r\n\r\n\r\n\r\n\r\n\r\n\r\n\r\n\r\n\r\n\r\n\r\n\r\n\r\n\r\n\r\n\r\n\r\n\r\n\r\n\r\n\r\n\r\n\r\n\r\n\r\n\r\n\r\n\r\n\r\n\r\n\r\n\r\n\r\n\r\n\r\n\r\n\r\n\r\n\r\n\r\n\r\n\r\n\r\n\r\n\r\n\r\n\r\n\r\n\r\n\r\n\r\n\r\n\r\n\r\n\r\n\r\n\r\n\r\nAssunto: Voto de pesar pelo falecimento de sua querida M\u00e3e, Sra. Dinah Vieira Costa"}, {"id": "20781", "ano": "2022", "numero": "209", "tipo__sigla": "OF", "tipo__descricao": "Of\u00edcio", "autoria": "", "texto_original": "http://sapl.pedroleopoldo.mg.leg.br/media/sapl/public/materialegislativa/2022/20781/oficio_209-2022.pdf", "ementa": "Ilma. Sra.\r\nFl\u00e1via Malheiros Ferreira e familiares \r\n\r\n\r\n\r\n\r\n\r\n\r\n\r\n\r\n\r\n\r\n\r\n\r\n\r\n\r\n\r\n\r\n\r\n\r\n\r\n\r\n\r\n\r\n\r\n\r\n\r\n\r\n\r\n\r\n\r\n\r\n\r\n\r\n\r\n\r\n\r\n\r\n\r\n\r\n\r\n\r\n\r\n\r\n\r\n\r\n\r\n\r\n\r\n\r\n\r\n\r\n\r\n\r\n\r\n\r\n\r\n\r\n\r\n\r\n\r\n\r\n\r\n\r\n\r\n\r\n\r\n\r\n\r\nAssunto: Voto de pesar pelo falecimento de seu querido Pai, Sr. Nelson Luiz Ferreira"}, {"id": "20782", "ano": "2022", "numero": "210", "tipo__sigla": "OF", "tipo__descricao": "Of\u00edcio", "autoria": "", "texto_original": "http://sapl.pedroleopoldo.mg.leg.br/media/sapl/public/materialegislativa/2022/20782/oficio_210-2022.pdf", "ementa": "Ilma. Sra \r\nJosiane de Lima Duarte e familiares \r\n\r\n\r\n\r\n\r\n\r\n\r\n\r\n\r\n\r\n\r\n\r\n\r\n\r\n\r\n\r\n\r\n\r\n\r\n\r\n\r\n\r\n\r\n\r\n\r\n\r\n\r\n\r\n\r\n\r\n\r\n\r\n\r\n\r\n\r\n\r\n\r\n\r\n\r\n\r\n\r\n\r\n\r\n\r\n\r\n\r\n\r\n\r\n\r\n\r\n\r\n\r\n\r\n\r\n\r\n\r\n\r\n\r\n\r\n\r\n\r\n\r\n\r\n\r\n\r\n\r\n\r\n\r\nAssunto: Voto de pesar pelo falecimento de seu querido pai, Sr. Reginaldo da Silva Duarte"}, {"id": "20783", "ano": "2022", "numero": "211", "tipo__sigla": "OF", "tipo__descricao": "Of\u00edcio", "autoria": "", "texto_original": "http://sapl.pedroleopoldo.mg.leg.br/media/sapl/public/materialegislativa/2022/20783/oficio_211-2022.pdf", "ementa": "\u00c0 Senhora \r\nVanessa Ferreira Pereira Rodrigues \r\nPresidente do Conselho Municipal de Educa\u00e7\u00e3o \r\nPrefeitura Municipal de Pedro Leopoldo/MG \r\n\r\n\r\n\r\n\r\n\r\n\r\n\r\n\r\n\r\n\r\n\r\n\r\n\r\n\r\n\r\n\r\n\r\n\r\n\r\n\r\n\r\n\r\n\r\n\r\n\r\n\r\n\r\n\r\n\r\n\r\n\r\n\r\n\r\n\r\n\r\n\r\n\r\n\r\n\r\n\r\n\r\n\r\n\r\n\r\n\r\n\r\n\r\n\r\n\r\n\r\n\r\n\r\n\r\n\r\n\r\n\r\n\r\n\r\n\r\n\r\n\r\n\r\n\r\n\r\n\r\n\r\n\r\n\r\n\r\n\r\n\r\n\r\n\r\n\r\n\r\n\r\n\r\n\r\n\r\n\r\n\r\n\r\n\r\n\r\n\r\n\r\n\r\n\r\n\r\n\r\n\r\n\r\n\r\n\r\n\r\n\r\nAssunto: Resposta ref e-mail de 19/08/22  - Of\u00edcio 003/2022/CMEPL"}, {"id": "20784", "ano": "2022", "numero": "213", "tipo__sigla": "OF", "tipo__descricao": "Of\u00edcio", "autoria": "", "texto_original": "http://sapl.pedroleopoldo.mg.leg.br/media/sapl/public/materialegislativa/2022/20784/oficio_213-2022.pdf", "ementa": "Ao Senhor Wantuir Gomes da Silva \r\nGerente de Tr\u00e2nsito - Trans PL\r\n\r\n\r\n\r\n\r\n\r\n\r\n\r\n\r\n\r\n\r\n\r\n\r\n\r\n\r\n\r\n\r\n\r\n\r\n\r\n\r\n\r\n\r\n\r\n\r\n\r\n\r\n\r\n\r\n\r\n\r\n\r\n\r\n\r\n\r\n\r\n\r\n\r\n\r\n\r\n\r\n\r\n\r\n\r\n\r\n\r\n\r\n\r\n\r\n\r\n\r\n\r\n\r\n\r\n\r\n\r\n\r\n\r\n\r\n\r\n\r\n\r\n\r\n\r\nAssunto: Credenciais para estacionamento"}, {"id": "20786", "ano": "2022", "numero": "216", "tipo__sigla": "OF", "tipo__descricao": "Of\u00edcio", "autoria": "", "texto_original": "http://sapl.pedroleopoldo.mg.leg.br/media/sapl/public/materialegislativa/2022/20786/oficio_216-2022.pdf", "ementa": "Ila.Sra.\r\nJana\u00edna de Paula Freitas e familiares \r\n\r\n\r\n\r\n\r\n\r\n\r\n\r\n\r\n\r\n\r\n\r\n\r\n\r\n\r\n\r\n\r\n\r\n\r\n\r\n\r\n\r\n\r\n\r\n\r\n\r\n\r\n\r\n\r\n\r\n\r\n\r\n\r\n\r\n\r\n\r\n\r\n\r\n\r\n\r\n\r\n\r\n\r\n\r\n\r\n\r\n\r\n\r\n\r\n\r\n\r\n\r\n\r\n\r\n\r\n\r\n\r\n\r\n\r\n\r\n\r\n\r\n\r\n\r\n\r\n\r\n\r\n\r\n\r\n\r\n\r\n\r\n\r\n\r\n\r\n\r\n\r\n\r\n\r\nAssunto: Voto de pesar pelo falecimento do seu esposo, Sr. S\u00edlvio de Barros Moreira (Fil\u00e9 )"}, {"id": "20787", "ano": "2022", "numero": "217", "tipo__sigla": "OF", "tipo__descricao": "Of\u00edcio", "autoria": "", "texto_original": "http://sapl.pedroleopoldo.mg.leg.br/media/sapl/public/materialegislativa/2022/20787/oficio_217-2022.pdf", "ementa": "Ilma. Sra \r\nSimone Ferreira Faria e familiares \r\n\r\n\r\n\r\n\r\n\r\n\r\n\r\n\r\n\r\n\r\n\r\n\r\n\r\n\r\n\r\n\r\n\r\n\r\n\r\n\r\n\r\n\r\n\r\n\r\n\r\n\r\n\r\n\r\n\r\n\r\n\r\n\r\n\r\n\r\n\r\n\r\n\r\n\r\n\r\n\r\n\r\n\r\n\r\n\r\n\r\n\r\n\r\n\r\n\r\n\r\n\r\n\r\n\r\n\r\n\r\n\r\n\r\n\r\n\r\n\r\n\r\n\r\n\r\n\r\n\r\n\r\n\r\n\r\n\r\n\r\n\r\n\r\n\r\n\r\n\r\n\r\n\r\n\r\n\r\n\r\n\r\n\r\n\r\nAssunto: Voto de pesar pelo falecimento do seu esposo, Sr. Jos\u00e9 Geraldo Ferreira"}, {"id": "21037", "ano": "2022", "numero": "222", "tipo__sigla": "OF", "tipo__descricao": "Of\u00edcio", "autoria": "", "texto_original": "http://sapl.pedroleopoldo.mg.leg.br/media/sapl/public/materialegislativa/2022/21037/oficio_222.pdf", "ementa": "Exma. Sra \r\nEloisa Helena Carvalho de Freitas Pereira \r\nPrefeitura Municipal Pedro Leopoldo/MG\r\n\r\n\r\n\r\n\r\n\r\n\r\n\r\n\r\n\r\n\r\n\r\n\r\n\r\n\r\n\r\n\r\n\r\n\r\n\r\n\r\n\r\n\r\n\r\n\r\n\r\n\r\n\r\n\r\n\r\n\r\n\r\n\r\n\r\n\r\n\r\n\r\n\r\n\r\n\r\n\r\n\r\n\r\n\r\n\r\n\r\n\r\n\r\n\r\n\r\n\r\n\r\n\r\n\r\n\r\n\r\n\r\n\r\n\r\n\r\n\r\n\r\n\r\n\r\n\r\n\r\n\r\n\r\n\r\n\r\n\r\n\r\n\r\n\r\n\r\n\r\n\r\n\r\n\r\n\r\n\r\nAssunto: Mat\u00e9ria aprovada na 28\u00aa Reuni\u00e3o Ordin\u00e1ria da C\u00e2mara Municipal de Pedro Leopoldo, realizada em 05 de setembro de 2022"}, {"id": "21038", "ano": "2022", "numero": "223", "tipo__sigla": "OF", "tipo__descricao": "Of\u00edcio", "autoria": "", "texto_original": "http://sapl.pedroleopoldo.mg.leg.br/media/sapl/public/materialegislativa/2022/21038/oficio_223.pdf", "ementa": "Ilma. Sra.\r\nMaria L\u00facia Maciel dos Santos e familiares \r\n\r\n\r\n\r\n\r\n\r\n\r\n\r\n\r\n\r\n\r\n\r\n\r\n\r\n\r\n\r\n\r\n\r\n\r\n\r\n\r\n\r\n\r\n\r\n\r\n\r\n\r\n\r\n\r\n\r\n\r\n\r\n\r\n\r\n\r\n\r\n\r\n\r\n\r\n\r\n\r\n\r\n\r\n\r\n\r\n\r\n\r\n\r\n\r\n\r\n\r\n\r\n\r\n\r\n\r\n\r\n\r\n\r\n\r\n\r\n\r\n\r\n\r\n\r\n\r\n\r\n\r\n\r\n\r\n\r\n\r\nAssunto: Voto de pesar pelo falecimento da sua m\u00e3e, Sra . Raimunda Alves Maciel."}, {"id": "21040", "ano": "2022", "numero": "225", "tipo__sigla": "OF", "tipo__descricao": "Of\u00edcio", "autoria": "", "texto_original": "http://sapl.pedroleopoldo.mg.leg.br/media/sapl/public/materialegislativa/2022/21040/oficio_225.pdf", "ementa": "Ilmo. Sr.\r\nRoberto Divino Junior e familiares \r\n\r\n\r\n\r\n\r\n\r\n\r\n\r\n\r\n\r\n\r\n\r\n\r\n\r\n\r\n\r\n\r\n\r\n\r\n\r\n\r\n\r\n\r\n\r\n\r\n\r\n\r\n\r\n\r\n\r\n\r\n\r\n\r\n\r\n\r\n\r\n\r\n\r\n\r\n\r\n\r\n\r\n\r\n\r\n\r\n\r\n\r\n\r\n\r\n\r\n\r\n\r\n\r\n\r\n\r\n\r\n\r\n\r\n\r\nAssunto: Voto de pesar pelo falecimento da sua m\u00e3e , Sra. Maria Aparecida Alves."}, {"id": "21041", "ano": "2022", "numero": "226", "tipo__sigla": "OF", "tipo__descricao": "Of\u00edcio", "autoria": "", "texto_original": "http://sapl.pedroleopoldo.mg.leg.br/media/sapl/public/materialegislativa/2022/21041/oficio_226.pdf", "ementa": "Ilmo. Srs\r\nVictor Paulino , Gabriel Paulino e familiares \r\n\r\n\r\n\r\n\r\n\r\n\r\n\r\n\r\n\r\n\r\n\r\n\r\n\r\n\r\n\r\n\r\n\r\n\r\n\r\n\r\n\r\n\r\n\r\n\r\n\r\n\r\n\r\n\r\n\r\n\r\n\r\n\r\n\r\n\r\n\r\n\r\n\r\n\r\n\r\n\r\n\r\n\r\n\r\n\r\n\r\n\r\n\r\n\r\n\r\n\r\n\r\n\r\n\r\n\r\n\r\n\r\n\r\n\r\n\r\n\r\n\r\n\r\n\r\n\r\n\r\n\r\n\r\n\r\n\r\n\r\n\r\n\r\n\r\n\r\n\r\n\r\n\r\n\r\n\r\n\r\n\r\nAssunto: Voto de pesar pelo falecimento da sua av\u00f3, Sra. Carmem Andrade Paulino"}, {"id": "21042", "ano": "2022", "numero": "227", "tipo__sigla": "OF", "tipo__descricao": "Of\u00edcio", "autoria": "", "texto_original": "http://sapl.pedroleopoldo.mg.leg.br/media/sapl/public/materialegislativa/2022/21042/oficio_227.pdf", "ementa": "ilma. Sra. \r\nMarta Terezinha da Costa e familiares \r\n\r\n\r\n\r\n\r\n\r\n\r\n\r\n\r\n\r\n\r\n\r\n\r\n\r\n\r\n\r\n\r\n\r\n\r\n\r\n\r\n\r\n\r\n\r\n\r\n\r\n\r\n\r\n\r\n\r\n\r\n\r\n\r\n\r\n\r\n\r\n\r\n\r\n\r\n\r\n\r\n\r\n\r\n\r\n\r\n\r\n\r\n\r\n\r\n\r\n\r\n\r\n\r\n\r\n\r\n\r\n\r\n\r\n\r\n\r\n\r\n\r\n\r\n\r\n\r\n\r\n\r\nAssunto: Voto de pesar pelo falecimento da sua m\u00e3e, Sra. Maria da Luz costa"}, {"id": "21043", "ano": "2022", "numero": "228", "tipo__sigla": "OF", "tipo__descricao": "Of\u00edcio", "autoria": "", "texto_original": "http://sapl.pedroleopoldo.mg.leg.br/media/sapl/public/materialegislativa/2022/21043/oficio_228.pdf", "ementa": "ilmo. Sr.\r\nGlauber Jos\u00e9 Viana Diniz Lobato \r\nDiretor da Expresso unir LTDA\r\nPedro Leopoldo/MG\r\n\r\n\r\n\r\n\r\n\r\n\r\n\r\n\r\n\r\n\r\n\r\n\r\n\r\n\r\n\r\n\r\n\r\n\r\n\r\n\r\n\r\n\r\n\r\n\r\n\r\n\r\n\r\n\r\n\r\n\r\n\r\n\r\n\r\n\r\n\r\n\r\n\r\n\r\n\r\n\r\n\r\n\r\n\r\n\r\n\r\n\r\n\r\n\r\n\r\n\r\n\r\n\r\n\r\n\r\n\r\n\r\n\r\n\r\n\r\n\r\n\r\n\r\n\r\n\r\n\r\n\r\n\r\n\r\n\r\n\r\n\r\n\r\n\r\n\r\n\r\n\r\n\r\n\r\n\r\n\r\n\r\n\r\n\r\n\r\n\r\nAssunto: Representa\u00e7\u00e3o aprovada na 28\u00aa Reuni\u00e3o Ordin\u00e1ria da C\u00e2mara Municipal de Pedro Leopoldo , realizada em 05 de setembro de 2022."}, {"id": "21044", "ano": "2022", "numero": "229", "tipo__sigla": "OF", "tipo__descricao": "Of\u00edcio", "autoria": "", "texto_original": "http://sapl.pedroleopoldo.mg.leg.br/media/sapl/public/materialegislativa/2022/21044/oficio_229.pdf", "ementa": "\u00c0 Exma. Sra.\r\nDra. Raquel Fernanda Caetano Correa Couy\r\nPromotora \r\n2\u00aa Promotoria de Justi\u00e7a da Comarca de Pedro Leopoldo/MG\r\n\r\n\r\n\r\n\r\n\r\n\r\n\r\n\r\n\r\n\r\n\r\n\r\n\r\n\r\n\r\n\r\n\r\n\r\n\r\n\r\n\r\n\r\n\r\n\r\n\r\n\r\n\r\n\r\n\r\n\r\n\r\n\r\n\r\n\r\n\r\n\r\n\r\n\r\n\r\n\r\n\r\n\r\n\r\n\r\n\r\n\r\n\r\n\r\n\r\n\r\n\r\n\r\n\r\n\r\n\r\n\r\n\r\n\r\n\r\n\r\n\r\n\r\n\r\n\r\n\r\n\r\n\r\n\r\n\r\n\r\n\r\n\r\n\r\n\r\n\r\n\r\n\r\n\r\n\r\n\r\n\r\n\r\n\r\n\r\n\r\n\r\n\r\n\r\n\r\n\r\n\r\n\r\n\r\n\r\n\r\n\r\n\r\n\r\n\r\n\r\n\r\n\r\n\r\n\r\n\r\n\r\n\r\n\r\n\r\n\r\n\r\n\r\n\r\n\r\nAssunto: Encaminha comprovante 1de 30"}, {"id": "21045", "ano": "2022", "numero": "230", "tipo__sigla": "OF", "tipo__descricao": "Of\u00edcio", "autoria": "", "texto_original": "http://sapl.pedroleopoldo.mg.leg.br/media/sapl/public/materialegislativa/2022/21045/oficio_230.pdf", "ementa": "\u00c0 Exma. Sra.\r\nEloisa Helena Carvalho de Freitas Pereira \r\nPrefeita \r\nPrefeitura de Pedro Leopoldo /MG\r\n\r\nC/C\u00f3pia: Gerente de Tr\u00e2nsito - Trans- PL\r\nWantuir Gomes da Silva \r\n\r\n\r\n\r\n\r\n\r\n\r\n\r\n\r\n\r\n\r\n\r\n\r\n\r\n\r\n\r\n\r\n\r\n\r\n\r\n\r\n\r\n\r\n\r\n\r\n\r\n\r\n\r\n\r\n\r\n\r\n\r\n\r\n\r\n\r\n\r\n\r\n\r\n\r\n\r\n\r\n\r\n\r\n\r\n\r\n\r\n\r\n\r\n\r\n\r\n\r\n\r\n\r\n\r\n\r\n\r\n\r\n\r\n\r\n\r\n\r\n\r\n\r\n\r\n\r\n\r\n\r\n\r\n\r\n\r\n\r\n\r\n\r\n\r\n\r\n\r\n\r\nAssunto: Palavra Livre"}, {"id": "21046", "ano": "2022", "numero": "231", "tipo__sigla": "OF", "tipo__descricao": "Of\u00edcio", "autoria": "", "texto_original": "http://sapl.pedroleopoldo.mg.leg.br/media/sapl/public/materialegislativa/2022/21046/oficio_231.pdf", "ementa": "\u00c0 Exma . Sra.\r\n Eloisa Helena Carvalho de Freitas Pereira \r\nPrefeita\r\nPrefeitura de Pedro Leopoldo/MG\r\n\r\nC/c\u00f3pia: Ger\u00eancia de Material e Patrim\u00f4nio da Prefeitura \r\n\r\n\r\n\r\n\r\n\r\n\r\n\r\n\r\n\r\n\r\n\r\n\r\n\r\n\r\n\r\n\r\n\r\n\r\n\r\n\r\n\r\n\r\n\r\n\r\n\r\n\r\n\r\n\r\n\r\n\r\n\r\n\r\n\r\n\r\n\r\n\r\n\r\n\r\n\r\n\r\n\r\n\r\n\r\n\r\n\r\n\r\n\r\n\r\n\r\n\r\n\r\n\r\n\r\n\r\n\r\n\r\n\r\n\r\n\r\n\r\n\r\n\r\n\r\n\r\n\r\n\r\n\r\n\r\n\r\n\r\n\r\n\r\n\r\n\r\n\r\n\r\n\r\n\r\n\r\n\r\n\r\n\r\n\r\n\r\n\r\n\r\n\r\n\r\n\r\n\r\n\r\n\r\n\r\n\r\n\r\n\r\n\r\n\r\n\r\n\r\n\r\n\r\n\r\n\r\n\r\n\r\n\r\n\r\n\r\n\r\n\r\n\r\n\r\n\r\nAssunto: Bens inserv\u00edveis"}, {"id": "21047", "ano": "2022", "numero": "232", "tipo__sigla": "OF", "tipo__descricao": "Of\u00edcio", "autoria": "", "texto_original": "http://sapl.pedroleopoldo.mg.leg.br/media/sapl/public/materialegislativa/2022/21047/oficio_232.pdf", "ementa": "Ao Senhor \r\nWantuir Gomes da silva \r\nGerente de Tr\u00e2nsito  - Trans- PL \r\n\r\n\r\n\r\n\r\n\r\n\r\n\r\n\r\n\r\n\r\n\r\n\r\n\r\n\r\n\r\n\r\n\r\n\r\n\r\n\r\n\r\n\r\n\r\n\r\n\r\n\r\n\r\n\r\n\r\n\r\n\r\n\r\n\r\n\r\n\r\n\r\n\r\n\r\n\r\n\r\n\r\n\r\n\r\n\r\n\r\n\r\n\r\n\r\n\r\n\r\n\r\n\r\n\r\n\r\n\r\n\r\n\r\n\r\n\r\n\r\n\r\n\r\n\r\n\r\n\r\n\r\n\r\n\r\n\r\n\r\n\r\n\r\n\r\n\r\n\r\n\r\n\r\n\r\n\r\n\r\n\r\n\r\n\r\n\r\n\r\n\r\n\r\n\r\n\r\n\r\n\r\n\r\n\r\n\r\n\r\n\r\n\r\n\r\n\r\n\r\n\r\n\r\n\r\n\r\n\r\n\r\n\r\n\r\n\r\n\r\n\r\n\r\n\r\n\r\n\r\n\r\n\r\n\r\n\r\n\r\n\r\n\r\n\r\n\r\n\r\n\r\n\r\n\r\n\r\n\r\n\r\n\r\n\r\n\r\n\r\n\r\n\r\n\r\n\r\n\r\n\r\n\r\n\r\n\r\n\r\n\r\n\r\n\r\n\r\n\r\n\r\n\r\n\r\n\r\n\r\nAssunto: Retifica\u00e7\u00e3o de credenciais ao of\u00edcio n\u00ba213/2022"}, {"id": "21048", "ano": "2022", "numero": "233", "tipo__sigla": "OF", "tipo__descricao": "Of\u00edcio", "autoria": "", "texto_original": "http://sapl.pedroleopoldo.mg.leg.br/media/sapl/public/materialegislativa/2022/21048/oficio_233.pdf", "ementa": "Exma. Sra.\r\nEloisa Helena Carvalho de Fretas Pereira \r\nPrefeita Municipal de Pedro Leopoldo/ MG\r\n\r\n\r\n\r\n\r\n\r\n\r\n\r\n\r\n\r\n\r\n\r\n\r\n\r\n\r\n\r\n\r\n\r\n\r\n\r\n\r\n\r\n\r\n\r\n\r\n\r\n\r\n\r\n\r\n\r\n\r\n\r\n\r\n\r\n\r\n\r\n\r\n\r\n\r\n\r\n\r\n\r\n\r\n\r\n\r\n\r\n\r\n\r\n\r\n\r\n\r\n\r\n\r\n\r\n\r\n\r\n\r\n\r\n\r\n\r\n\r\n\r\n\r\n\r\n\r\n\r\n\r\n\r\n\r\n\r\n\r\n\r\n\r\n\r\n\r\n\r\n\r\n\r\n\r\n\r\n\r\n\r\n\r\nAssunto : Mat\u00e9ria aprovada na 30\u00aa Reuni\u00e3o Ordin\u00e1ria da C\u00e2mara Municipal de Pedro Leopoldo, realizada em 19 dezembro de 2022"}, {"id": "21049", "ano": "2022", "numero": "234", "tipo__sigla": "OF", "tipo__descricao": "Of\u00edcio", "autoria": "", "texto_original": "http://sapl.pedroleopoldo.mg.leg.br/media/sapl/public/materialegislativa/2022/21049/oficio_234.pdf", "ementa": "Ilmo. Sr.\r\nWillian dos Santos Ara\u00fajo e familiares \r\n\r\n\r\n\r\n\r\n\r\n\r\n\r\n\r\n\r\n\r\n\r\n\r\n\r\n\r\n\r\n\r\n\r\n\r\n\r\n\r\n\r\n\r\n\r\n\r\n\r\n\r\n\r\n\r\n\r\n\r\n\r\n\r\n\r\n\r\n\r\n\r\n\r\n\r\n\r\n\r\n\r\n\r\n\r\n\r\n\r\n\r\n\r\n\r\n\r\n\r\n\r\n\r\n\r\n\r\n\r\n\r\n\r\n\r\n\r\n\r\n\r\n\r\n\r\n\r\n\r\n\r\n\r\n\r\n\r\n\r\n\r\n\r\n\r\n\r\n\r\n\r\n\r\n\r\n\r\n\r\n\r\n\r\n\r\n\r\n\r\n\r\n\r\n\r\n\r\n\r\n\r\n\r\n\r\n\r\n\r\n\r\n\r\n\r\n\r\n\r\n\r\n\r\n\r\n\r\n\r\n\r\n\r\n\r\n\r\n\r\n\r\n\r\n\r\n\r\n\r\n\r\n\r\n\r\n\r\n\r\n\r\n\r\n\r\n\r\nAssunto: Voto de pesar pelo falecimento do seu pai, Sr. Wilhian Pires de Ara\u00fajo"}, {"id": "21050", "ano": "2022", "numero": "235", "tipo__sigla": "OF", "tipo__descricao": "Of\u00edcio", "autoria": "", "texto_original": "http://sapl.pedroleopoldo.mg.leg.br/media/sapl/public/materialegislativa/2022/21050/oficio_235.pdf", "ementa": "Ilmo. Sr.\r\nAndr\u00e9 Caldas  e familiares \r\n\r\n\r\n\r\n\r\n\r\n\r\n\r\n\r\n\r\n\r\n\r\n\r\n\r\n\r\n\r\n\r\n\r\n\r\n\r\n\r\n\r\n\r\n\r\n\r\n\r\n\r\n\r\n\r\n\r\n\r\n\r\n\r\n\r\n\r\n\r\n\r\n\r\n\r\n\r\n\r\n\r\n\r\n\r\n\r\n\r\n\r\n\r\n\r\n\r\n\r\n\r\n\r\n\r\n\r\n\r\n\r\n\r\n\r\n\r\n\r\n\r\n\r\n\r\n\r\n\r\n\r\n\r\n\r\n\r\n\r\n\r\n\r\n\r\n\r\n\r\n\r\n\r\n\r\n\r\n\r\n\r\n\r\n\r\n\r\n\r\n\r\n\r\n\r\n\r\n\r\n\r\n\r\n\r\n\r\n\r\n\r\n\r\n\r\n\r\n\r\n\r\n\r\n\r\n\r\n\r\n\r\n\r\n\r\n\r\n\r\n\r\n\r\n\r\n\r\n\r\n\r\n\r\n\r\n\r\n\r\n\r\nAssunto: Voto de pesar pelo falecimento do seu pai , Sr. F\u00e1bio Roberto Carvalho Silva"}, {"id": "21051", "ano": "2022", "numero": "236", "tipo__sigla": "OF", "tipo__descricao": "Of\u00edcio", "autoria": "", "texto_original": "http://sapl.pedroleopoldo.mg.leg.br/media/sapl/public/materialegislativa/2022/21051/oficio_236.pdf", "ementa": "Ao Wantuir Gomes da Silva \r\nGerente de Tr\u00e2nsito - Trans-PL\r\n\r\n\r\n\r\n\r\n\r\n\r\n\r\n\r\n\r\n\r\n\r\n\r\n\r\n\r\n\r\n\r\n\r\n\r\n\r\n\r\n\r\n\r\n\r\n\r\n\r\n\r\n\r\n\r\n\r\n\r\n\r\n\r\n\r\n\r\n\r\n\r\n\r\n\r\n\r\n\r\n\r\n\r\n\r\n\r\n\r\n\r\n\r\n\r\n\r\n\r\n\r\n\r\n\r\n\r\n\r\n\r\n\r\n\r\n\r\n\r\n\r\n\r\n\r\n\r\n\r\n\r\n\r\n\r\n\r\n\r\n\r\n\r\n\r\n\r\nAssunto: Retifica\u00e7\u00e3o de credenciais ao of\u00edcio n\u00ba213/2022"}, {"id": "21052", "ano": "2022", "numero": "237", "tipo__sigla": "OF", "tipo__descricao": "Of\u00edcio", "autoria": "", "texto_original": "http://sapl.pedroleopoldo.mg.leg.br/media/sapl/public/materialegislativa/2022/21052/oficio_237.pdf", "ementa": "Ao Senhor \r\nWantuir Gomes da Silva \r\nGerente de Tr\u00e2nsito - Trans- PL\r\n\r\n\r\n\r\n\r\n\r\n\r\n\r\n\r\n\r\n\r\n\r\n\r\n\r\n\r\n\r\n\r\n\r\n\r\n\r\n\r\n\r\n\r\n\r\n\r\n\r\n\r\n\r\n\r\n\r\n\r\n\r\n\r\n\r\n\r\n\r\n\r\n\r\n\r\n\r\n\r\n\r\n\r\n\r\n\r\n\r\n\r\n\r\n\r\n\r\n\r\n\r\n\r\n\r\n\r\n\r\n\r\n\r\n\r\n\r\n\r\n\r\n\r\n\r\n\r\n\r\n\r\n\r\n\r\n\r\n\r\n\r\n\r\n\r\n\r\n\r\n\r\n\r\n\r\n\r\n\r\n\r\n\r\n\r\n\r\n\r\n\r\n\r\n\r\n\r\n\r\n\r\n\r\n\r\n\r\n\r\n\r\n\r\n\r\n\r\n\r\n\r\n\r\n\r\n\r\n\r\n\r\nAssunto: Credencial para estacionamento"}, {"id": "21053", "ano": "2022", "numero": "238", "tipo__sigla": "OF", "tipo__descricao": "Of\u00edcio", "autoria": "", "texto_original": "http://sapl.pedroleopoldo.mg.leg.br/media/sapl/public/materialegislativa/2022/21053/oficio_238.pdf", "ementa": "\u00c0 Senhora \r\nCl\u00e1udia Maria Resende \r\nSecret\u00e1ria Municipal de Educa\u00e7\u00e3o \r\nPrefeitura de Pedro Leopoldo/MG\r\n\r\n\r\n\r\n\r\n\r\n\r\n\r\n\r\n\r\n\r\n\r\n\r\n\r\n\r\n\r\n\r\n\r\n\r\n\r\n\r\n\r\n\r\n\r\n\r\n\r\n\r\n\r\n\r\n\r\n\r\n\r\n\r\n\r\n\r\n\r\n\r\n\r\n\r\n\r\n\r\n\r\n\r\n\r\n\r\n\r\n\r\n\r\n\r\n\r\n\r\n\r\n\r\n\r\n\r\n\r\n\r\n\r\n\r\n\r\n\r\n\r\n\r\n\r\n\r\n\r\n\r\n\r\n\r\n\r\n\r\n\r\n\r\n\r\n\r\n\r\n\r\n\r\n\r\n\r\n\r\n\r\n\r\n\r\n\r\n\r\n\r\n\r\n\r\n\r\n\r\n\r\n\r\n\r\n\r\n\r\n\r\n\r\n\r\n\r\n\r\n\r\n\r\n\r\n\r\n\r\n\r\n\r\n\r\nAssunto: Resp. Of\u00edcio 107/2022"}, {"id": "21054", "ano": "2022", "numero": "239", "tipo__sigla": "OF", "tipo__descricao": "Of\u00edcio", "autoria": "", "texto_original": "http://sapl.pedroleopoldo.mg.leg.br/media/sapl/public/materialegislativa/2022/21054/oficio_239.pdf", "ementa": "Exma. Sra\r\nEloisa Helena Carvalho de Freitas Pereira \r\nPrefeitura Municipal de Pedro Leopoldo/MG\r\n\r\n\r\n\r\n\r\n\r\n\r\n\r\n\r\n\r\n\r\n\r\n\r\n\r\n\r\n\r\n\r\n\r\n\r\n\r\n\r\n\r\n\r\n\r\n\r\n\r\n\r\n\r\n\r\n\r\n\r\n\r\n\r\n\r\n\r\n\r\n\r\n\r\n\r\n\r\n\r\n\r\n\r\n\r\n\r\n\r\n\r\n\r\n\r\n\r\n\r\n\r\n\r\n\r\n\r\n\r\n\r\n\r\n\r\n\r\n\r\n\r\n\r\n\r\n\r\n\r\n\r\n\r\n\r\n\r\n\r\n\r\n\r\n\r\n\r\n\r\n\r\n\r\n\r\n\r\n\r\n\r\n\r\n\r\n\r\n\r\n\r\n\r\n\r\n\r\n\r\n\r\n\r\n\r\n\r\n\r\n\r\n\r\n\r\n\r\n\r\n\r\n\r\n\r\n\r\n\r\nAssunto: Mat\u00e9ria aprovada na 31\u00aa Reuni\u00e3o Ordin\u00e1ria da C\u00e2mara Municipal de Pedro Leopoldo , realizada em 26 de setembro de 2022"}, {"id": "21055", "ano": "2022", "numero": "240", "tipo__sigla": "OF", "tipo__descricao": "Of\u00edcio", "autoria": "", "texto_original": "http://sapl.pedroleopoldo.mg.leg.br/media/sapl/public/materialegislativa/2022/21055/oficio_240.pdf", "ementa": "Exma. Sra. \r\nEloisa Helena Carvalho de Freitas Pereira\r\nPrefeitura Municipal de Pedro Leopoldo/MG\r\n\r\n\r\n\r\n\r\n\r\n\r\n\r\n\r\n\r\n\r\n\r\n\r\n\r\n\r\n\r\n\r\n\r\n\r\n\r\n\r\n\r\n\r\n\r\n\r\n\r\n\r\n\r\n\r\n\r\n\r\n\r\n\r\n\r\n\r\n\r\n\r\n\r\n\r\n\r\n\r\n\r\n\r\n\r\n\r\n\r\n\r\n\r\n\r\n\r\n\r\n\r\n\r\n\r\n\r\n\r\n\r\n\r\n\r\n\r\n\r\n\r\n\r\n\r\n\r\n\r\n\r\n\r\n\r\n\r\n\r\n\r\n\r\n\r\n\r\n\r\n\r\n\r\n\r\n\r\n\r\n\r\n\r\n\r\n\r\n\r\n\r\n\r\n\r\n\r\n\r\n\r\n\r\n\r\n\r\n\r\n\r\n\r\n\r\n\r\n\r\n\r\n\r\n\r\n\r\n\r\n\r\n\r\n\r\n\r\n\r\n\r\n\r\n\r\n\r\n\r\n\r\n\r\n\r\n\r\n\r\n\r\n\r\n\r\n\r\n\r\n\r\n\r\n\r\n\r\n\r\n\r\n\r\n\r\n\r\n\r\n\r\n\r\nAssunto: Mat\u00e9ria aprovada na 32\u00aa Reuni\u00e3o Ordin\u00e1ria da C\u00e2mara Municipal de Pedro Leopoldo, realizada em 03 de outubro de 2022"}, {"id": "21056", "ano": "2022", "numero": "241", "tipo__sigla": "OF", "tipo__descricao": "Of\u00edcio", "autoria": "", "texto_original": "http://sapl.pedroleopoldo.mg.leg.br/media/sapl/public/materialegislativa/2022/21056/oficio_241.pdf", "ementa": "Ilmo.Sr.\r\nElidio Borges Rold\u00e3o da Cruz e familiares \r\n\r\n\r\n\r\n\r\n\r\n\r\n\r\n\r\n\r\n\r\n\r\n\r\n\r\n\r\n\r\n\r\n\r\n\r\n\r\n\r\n\r\n\r\n\r\n\r\n\r\n\r\n\r\n\r\n\r\n\r\n\r\n\r\n\r\n\r\n\r\n\r\n\r\n\r\n\r\n\r\n\r\n\r\n\r\n\r\n\r\n\r\n\r\n\r\n\r\n\r\n\r\n\r\n\r\n\r\n\r\n\r\n\r\n\r\n\r\n\r\n\r\n\r\n\r\n\r\n\r\n\r\n\r\n\r\n\r\n\r\n\r\n\r\n\r\n\r\n\r\n\r\n\r\n\r\n\r\n\r\n\r\n\r\n\r\n\r\n\r\n\r\n\r\n\r\n\r\n\r\n\r\n\r\n\r\n\r\n\r\n\r\n\r\n\r\n\r\n\r\n\r\n\r\n\r\n\r\n\r\n\r\n\r\n\r\n\r\n\r\n\r\n\r\n\r\n\r\n\r\n\r\n\r\n\r\n\r\n\r\n\r\n\r\n\r\n\r\n\r\n\r\n\r\n\r\n\r\n\r\n\r\n\r\n\r\n\r\n\r\n\r\n\r\n\r\n\r\n\r\n\r\n\r\n\r\n\r\n\r\n\r\n\r\nAssunto: Voto de pesar pelo falecimento de sua irm\u00e3 , Sra. Maria Laura Rold\u00e3o da Cruz"}, {"id": "21057", "ano": "2022", "numero": "242", "tipo__sigla": "OF", "tipo__descricao": "Of\u00edcio", "autoria": "", "texto_original": "http://sapl.pedroleopoldo.mg.leg.br/media/sapl/public/materialegislativa/2022/21057/oficio_242.pdf", "ementa": "Ilmo. Sr.\r\nElison Xavier Ribeiro e familiares \r\n\r\n\r\n\r\n\r\n\r\n\r\n\r\n\r\n\r\n\r\n\r\n\r\n\r\n\r\n\r\n\r\n\r\n\r\n\r\n\r\n\r\n\r\n\r\n\r\n\r\n\r\n\r\n\r\n\r\n\r\n\r\n\r\n\r\n\r\n\r\n\r\n\r\n\r\n\r\n\r\n\r\n\r\n\r\n\r\n\r\n\r\n\r\n\r\n\r\n\r\n\r\n\r\n\r\n\r\n\r\n\r\n\r\n\r\n\r\n\r\n\r\n\r\n\r\n\r\n\r\n\r\n\r\n\r\n\r\n\r\n\r\n\r\n\r\n\r\n\r\n\r\n\r\n\r\n\r\n\r\n\r\n\r\n\r\n\r\n\r\n\r\n\r\n\r\n\r\n\r\n\r\n\r\n\r\n\r\n\r\n\r\n\r\n\r\n\r\n\r\n\r\n\r\n\r\n\r\n\r\n\r\n\r\n\r\n\r\n\r\n\r\n\r\n\r\n\r\n\r\n\r\n\r\n\r\n\r\n\r\n\r\n\r\n\r\n\r\n\r\n\r\n\r\n\r\n\r\n\r\n\r\n\r\n\r\n\r\n\r\n\r\n\r\n\r\n\r\n\r\n\r\n\r\n\r\n\r\n\r\n\r\n\r\n\r\n\r\n\r\n\r\n\r\n\r\n\r\n\r\n\r\n\r\n\r\n\r\n\r\n\r\n\r\n\r\n\r\n\r\n\r\n\r\n\r\n\r\nAssunto: Voto de pesar pelo falecimento de seu pai, Sr. H\u00e9lio Balbino Ribeiro"}, {"id": "21058", "ano": "2022", "numero": "243", "tipo__sigla": "OF", "tipo__descricao": "Of\u00edcio", "autoria": "", "texto_original": "http://sapl.pedroleopoldo.mg.leg.br/media/sapl/public/materialegislativa/2022/21058/oficio_243.pdf", "ementa": "Ilma.Sra \r\nRaquel Machado Silva e familiares \r\n\r\n\r\n\r\n\r\n\r\n\r\n\r\n\r\n\r\n\r\n\r\n\r\n\r\n\r\n\r\n\r\n\r\n\r\n\r\n\r\n\r\n\r\n\r\n\r\n\r\n\r\n\r\n\r\n\r\n\r\n\r\n\r\n\r\n\r\n\r\n\r\n\r\n\r\n\r\n\r\n\r\n\r\n\r\n\r\n\r\n\r\n\r\n\r\n\r\n\r\n\r\n\r\n\r\n\r\n\r\n\r\n\r\n\r\n\r\n\r\n\r\n\r\n\r\n\r\n\r\n\r\n\r\n\r\n\r\n\r\n\r\n\r\n\r\n\r\n\r\n\r\n\r\n\r\n\r\n\r\n\r\n\r\n\r\n\r\n\r\n\r\n\r\n\r\n\r\n\r\n\r\n\r\n\r\n\r\n\r\n\r\n\r\n\r\n\r\n\r\n\r\n\r\n\r\n\r\n\r\n\r\n\r\n\r\n\r\n\r\n\r\n\r\n\r\n\r\n\r\n\r\n\r\n\r\n\r\nAssunto: Voto de pesar pelo falecimento de sua m\u00e3e , Sra. Efig\u00eania Aparecida Machado Silva"}, {"id": "21059", "ano": "2022", "numero": "244", "tipo__sigla": "OF", "tipo__descricao": "Of\u00edcio", "autoria": "", "texto_original": "http://sapl.pedroleopoldo.mg.leg.br/media/sapl/public/materialegislativa/2022/21059/oficio_244.pdf", "ementa": "\u00c0 \r\nExma. Sra\r\nDra. Raquel Fernanda Caetano Correa Couy \r\nPromotora \r\n2\u00aa Promotoria de Justi\u00e7a da Comarca de Pedro Leopoldo\r\nPedro Leopoldo/MG \r\n\r\n\r\n\r\n\r\n\r\n\r\n\r\n\r\n\r\n\r\n\r\n\r\n\r\n\r\n\r\n\r\n\r\n\r\n\r\n\r\n\r\n\r\n\r\n\r\n\r\n\r\n\r\n\r\n\r\n\r\n\r\n\r\n\r\n\r\n\r\n\r\n\r\n\r\n\r\n\r\n\r\n\r\n\r\n\r\n\r\n\r\n\r\n\r\n\r\n\r\n\r\n\r\n\r\n\r\n\r\n\r\n\r\n\r\n\r\n\r\n\r\n\r\n\r\n\r\n\r\n\r\n\r\n\r\n\r\n\r\n\r\n\r\n\r\n\r\n\r\n\r\n\r\n\r\n\r\n\r\n\r\n\r\n\r\n\r\n\r\n\r\n\r\n\r\n\r\n\r\n\r\n\r\n\r\n\r\n\r\n\r\n\r\n\r\n\r\n\r\n\r\n\r\n\r\nAssunto: Encaminha comprovante 2 de 30"}, {"id": "21060", "ano": "2022", "numero": "245", "tipo__sigla": "OF", "tipo__descricao": "Of\u00edcio", "autoria": "", "texto_original": "http://sapl.pedroleopoldo.mg.leg.br/media/sapl/public/materialegislativa/2022/21060/oficio_245.pdf", "ementa": "Exma. Sra.\r\nEloisa Helena Carvalho de Freitas Pereira \r\nPrefeitura Municipal de Pedro Leopoldo/MG\r\n\r\n\r\n\r\n\r\n\r\n\r\n\r\n\r\n\r\n\r\n\r\n\r\n\r\n\r\n\r\n\r\n\r\n\r\n\r\n\r\n\r\n\r\n\r\n\r\n\r\n\r\n\r\n\r\n\r\n\r\n\r\n\r\n\r\n\r\n\r\n\r\n\r\n\r\n\r\n\r\n\r\n\r\n\r\n\r\n\r\n\r\n\r\n\r\n\r\n\r\n\r\n\r\n\r\n\r\n\r\n\r\n\r\n\r\n\r\n\r\n\r\n\r\n\r\n\r\n\r\n\r\n\r\n\r\n\r\n\r\n\r\n\r\n\r\n\r\n\r\n\r\n\r\n\r\n\r\n\r\n\r\n\r\n\r\n\r\n\r\n\r\n\r\n\r\n\r\n\r\n\r\n\r\n\r\n\r\n\r\n\r\n\r\n\r\n\r\n\r\n\r\n\r\nAssunto: Mat\u00e9ria aprovada na 33\u00aa Reuni\u00e3o Ordin\u00e1ria da C\u00e2mara Municipal de Pedro Leopoldo, realizada em 10 de outubro de 2022"}, {"id": "21061", "ano": "2022", "numero": "246", "tipo__sigla": "OF", "tipo__descricao": "Of\u00edcio", "autoria": "", "texto_original": "http://sapl.pedroleopoldo.mg.leg.br/media/sapl/public/materialegislativa/2022/21061/oficio_246.pdf", "ementa": "Ilmo. Srs\r\nMaria Jos\u00e9 Moreira (M\u00e3e)\r\nSilvio Moreira (Irm\u00e3o)\r\n\r\n\r\n\r\n\r\n\r\n\r\n\r\n\r\n\r\n\r\n\r\n\r\n\r\n\r\n\r\n\r\n\r\n\r\n\r\n\r\n\r\n\r\n\r\n\r\n\r\n\r\n\r\n\r\n\r\n\r\n\r\n\r\n\r\n\r\n\r\n\r\n\r\n\r\n\r\n\r\n\r\n\r\n\r\n\r\n\r\n\r\n\r\n\r\n\r\n\r\n\r\n\r\n\r\n\r\n\r\n\r\n\r\n\r\n\r\n\r\n\r\n\r\n\r\n\r\n\r\n\r\n\r\n\r\n\r\n\r\n\r\n\r\n\r\n\r\n\r\n\r\n\r\n\r\n\r\n\r\n\r\n\r\n\r\n\r\n\r\n\r\n\r\n\r\n\r\n\r\n\r\n\r\n\r\n\r\n\r\n\r\n\r\n\r\n\r\n\r\n\r\n\r\n\r\n\r\n\r\n\r\n\r\n\r\n\r\n\r\n\r\n\r\n\r\n\r\n\r\n\r\n\r\n\r\n\r\n\r\n\r\n\r\n\r\n\r\n\r\n\r\n\r\n\r\n\r\n\r\n\r\n\r\n\r\n\r\n\r\n\r\n\r\n\r\n\r\n\r\n\r\n\r\n\r\n\r\n\r\n\r\n\r\nAssunto: Voto de pesar pelo falecimento de seu querido , Sr. Edson Moreira"}, {"id": "21062", "ano": "2022", "numero": "250", "tipo__sigla": "OF", "tipo__descricao": "Of\u00edcio", "autoria": "", "texto_original": "http://sapl.pedroleopoldo.mg.leg.br/media/sapl/public/materialegislativa/2022/21062/oficio_250.pdf", "ementa": "Exmo. Sr\r\nRodrigo Alberto Azevedo Couto -Promotoria de Justi\u00e7a do Minist\u00e9rio P\u00fablico do Estado de Minas Gerais \r\nProcuradoria - Geral de Justi\u00e7a \r\nCoordenador de Controle de Constitucionalidade \r\n\r\n\r\n\r\n\r\n\r\n\r\n\r\n\r\n\r\n\r\n\r\n\r\n\r\n\r\n\r\n\r\n\r\n\r\n\r\n\r\n\r\n\r\n\r\n\r\n\r\n\r\n\r\n\r\n\r\n\r\n\r\n\r\n\r\n\r\n\r\n\r\n\r\n\r\n\r\n\r\n\r\n\r\n\r\n\r\n\r\n\r\n\r\n\r\n\r\n\r\n\r\n\r\n\r\n\r\n\r\n\r\n\r\n\r\n\r\n\r\n\r\n\r\n\r\n\r\n\r\n\r\n\r\n\r\n\r\n\r\n\r\n\r\n\r\n\r\n\r\n\r\n\r\n\r\n\r\n\r\n\r\n\r\n\r\n\r\n\r\n\r\n\r\n\r\n\r\n\r\n\r\n\r\n\r\n\r\n\r\n\r\n\r\n\r\n\r\n\r\n\r\n\r\n\r\n\r\n\r\n\r\n\r\n\r\n\r\n\r\n\r\n\r\n\r\n\r\n\r\n\r\n\r\n\r\n\r\n\r\n\r\n\r\n\r\n\r\n\r\n\r\n\r\n\r\n\r\n\r\n\r\n\r\n\r\n\r\n\r\n\r\n\r\n\r\n\r\n\r\nAssunto: Em resposta ao of\u00edcio n\u00ba752/2022 CCConst-PGJ"}, {"id": "21063", "ano": "2022", "numero": "251", "tipo__sigla": "OF", "tipo__descricao": "Of\u00edcio", "autoria": "", "texto_original": "http://sapl.pedroleopoldo.mg.leg.br/media/sapl/public/materialegislativa/2022/21063/oficio_251.pdf", "ementa": "Exma. Sra\r\nEloisa Helena Carvalho de Freitas Pereira\r\nPrefeitura Municipal de Pedro Leopoldo/MG \r\n\r\n\r\n\r\n\r\n\r\n\r\n\r\n\r\n\r\n\r\n\r\n\r\n\r\n\r\n\r\n\r\n\r\n\r\n\r\n\r\n\r\n\r\n\r\n\r\n\r\n\r\n\r\n\r\n\r\n\r\n\r\n\r\n\r\n\r\n\r\n\r\n\r\n\r\n\r\n\r\n\r\n\r\n\r\n\r\n\r\n\r\n\r\n\r\n\r\n\r\n\r\n\r\n\r\n\r\n\r\n\r\n\r\n\r\n\r\n\r\n\r\n\r\n\r\n\r\n\r\n\r\n\r\n\r\n\r\n\r\n\r\n\r\n\r\n\r\n\r\n\r\n\r\n\r\n\r\n\r\n\r\n\r\n\r\n\r\n\r\n\r\n\r\nAssunto: Mat\u00e9ria aprovada  na 34\u00aa Reuni\u00e3o Ordin\u00e1ria da C\u00e2mara Municipal de Pedro Leopoldo, realizada em 24 de outubro de 2022"}, {"id": "21067", "ano": "2022", "numero": "253", "tipo__sigla": "OF", "tipo__descricao": "Of\u00edcio", "autoria": "", "texto_original": "http://sapl.pedroleopoldo.mg.leg.br/media/sapl/public/materialegislativa/2022/21067/oficio_253.pdf", "ementa": "Ilmo. Sr.\r\nUedson da Silva Gomes e familiares \r\n\r\n\r\n\r\n\r\n\r\n\r\n\r\n\r\n\r\n\r\n\r\n\r\n\r\n\r\n\r\n\r\n\r\n\r\n\r\n\r\n\r\n\r\n\r\n\r\n\r\n\r\n\r\n\r\n\r\n\r\n\r\n\r\n\r\n\r\n\r\n\r\n\r\n\r\n\r\n\r\n\r\n\r\n\r\n\r\n\r\n\r\n\r\n\r\n\r\n\r\n\r\n\r\n\r\n\r\n\r\n\r\n\r\n\r\n\r\n\r\n\r\n\r\n\r\n\r\n\r\n\r\n\r\n\r\n\r\n\r\n\r\n\r\n\r\n\r\n\r\n\r\n\r\n\r\n\r\n\r\n\r\n\r\n\r\n\r\n\r\n\r\n\r\n\r\n\r\n\r\n\r\n\r\n\r\n\r\n\r\n\r\n\r\n\r\n\r\n\r\n\r\n\r\n\r\n\r\n\r\n\r\nAssunto:  Voto de pesar pelo falecimento do seu querido filho Kelvin Costa Gomes"}, {"id": "21068", "ano": "2022", "numero": "254", "tipo__sigla": "OF", "tipo__descricao": "Of\u00edcio", "autoria": "", "texto_original": "http://sapl.pedroleopoldo.mg.leg.br/media/sapl/public/materialegislativa/2022/21068/oficio_254.pdf", "ementa": "Ilma. Sra.\r\nOralda Suely Flor\u00eancio / Solange Flor\u00eancio dos Reis e familiares \r\n\r\n\r\n\r\n\r\n\r\n\r\n\r\n\r\n\r\n\r\n\r\n\r\n\r\n\r\n\r\n\r\n\r\n\r\n\r\n\r\n\r\n\r\n\r\n\r\n\r\n\r\n\r\n\r\n\r\n\r\n\r\n\r\n\r\n\r\n\r\n\r\n\r\n\r\n\r\n\r\n\r\n\r\n\r\n\r\n\r\n\r\n\r\n\r\n\r\n\r\n\r\n\r\n\r\n\r\n\r\n\r\n\r\n\r\n\r\n\r\n\r\n\r\n\r\n\r\n\r\n\r\n\r\n\r\n\r\n\r\n\r\n\r\n\r\n\r\n\r\n\r\n\r\n\r\n\r\n\r\n\r\n\r\n\r\n\r\n\r\n\r\n\r\n\r\n\r\n\r\n\r\n\r\n\r\n\r\n\r\n\r\n\r\n\r\n\r\n\r\n\r\n\r\n\r\n\r\n\r\n\r\n\r\n\r\n\r\n\r\n\r\n\r\n\r\n\r\n\r\n\r\n\r\n\r\n\r\n\r\n\r\n\r\n\r\n\r\n\r\n\r\n\r\n\r\n\r\n\r\n\r\n\r\n\r\n\r\n\r\n\r\n\r\n\r\n\r\n\r\n\r\nAssunto: Voto de pesar pelo falecimento da sua querida irm\u00e3, Mercedes Flor\u00eancio Batista"}, {"id": "21069", "ano": "2022", "numero": "255", "tipo__sigla": "OF", "tipo__descricao": "Of\u00edcio", "autoria": "", "texto_original": "http://sapl.pedroleopoldo.mg.leg.br/media/sapl/public/materialegislativa/2022/21069/oficio_255.pdf", "ementa": "Ilmo.Sr.\r\nGustavo Soares e familiares \r\n\r\n\r\n\r\n\r\n\r\n\r\n\r\n\r\n\r\n\r\n\r\n\r\n\r\n\r\n\r\n\r\n\r\n\r\n\r\n\r\n\r\n\r\n\r\n\r\n\r\n\r\n\r\n\r\n\r\n\r\n\r\n\r\n\r\n\r\n\r\n\r\n\r\n\r\n\r\n\r\n\r\n\r\n\r\n\r\n\r\n\r\n\r\n\r\n\r\n\r\n\r\n\r\n\r\n\r\n\r\n\r\n\r\n\r\n\r\n\r\n\r\n\r\n\r\n\r\n\r\n\r\n\r\n\r\n\r\n\r\n\r\n\r\n\r\n\r\n\r\n\r\n\r\n\r\n\r\n\r\n\r\n\r\n\r\n\r\n\r\n\r\n\r\n\r\n\r\n\r\n\r\n\r\n\r\n\r\n\r\n\r\n\r\n\r\n\r\n\r\n\r\n\r\n\r\n\r\n\r\n\r\n\r\nAssunto: Voto de pesar pelo falecimento da sua querida m\u00e3e Sra. Ot\u00edlia do Espirito Santo"}, {"id": "21070", "ano": "2022", "numero": "256", "tipo__sigla": "OF", "tipo__descricao": "Of\u00edcio", "autoria": "", "texto_original": "http://sapl.pedroleopoldo.mg.leg.br/media/sapl/public/materialegislativa/2022/21070/oficio_256.pdf", "ementa": "Ilmo. Sr.\r\nCelso Arruda e familiares \r\n\r\n\r\n\r\n\r\n\r\n\r\n\r\n\r\n\r\n\r\n\r\n\r\n\r\n\r\n\r\n\r\n\r\n\r\n\r\n\r\n\r\n\r\n\r\n\r\n\r\n\r\n\r\n\r\n\r\n\r\n\r\n\r\n\r\n\r\n\r\n\r\n\r\n\r\n\r\n\r\n\r\n\r\n\r\n\r\n\r\n\r\n\r\n\r\n\r\n\r\n\r\n\r\n\r\n\r\n\r\n\r\n\r\n\r\n\r\n\r\n\r\n\r\n\r\n\r\n\r\n\r\n\r\n\r\n\r\n\r\n\r\n\r\n\r\n\r\n\r\n\r\n\r\n\r\n\r\n\r\n\r\n\r\n\r\n\r\n\r\n\r\n\r\n\r\n\r\n\r\n\r\n\r\n\r\n\r\n\r\n\r\n\r\n\r\n\r\n\r\n\r\n\r\n\r\n\r\n\r\n\r\n\r\n\r\n\r\n\r\n\r\n\r\n\r\n\r\n\r\n\r\n\r\n\r\n\r\n\r\n\r\n\r\n\r\n\r\n\r\n\r\n\r\n\r\n\r\n\r\n\r\n\r\n\r\n\r\n\r\n\r\n\r\n\r\n\r\n\r\n\r\n\r\n\r\n\r\n\r\n\r\n\r\n\r\n\r\n\r\n\r\n\r\n\r\n\r\n\r\nAssunto: Voto de pesar pelo falecimento do seu querido irm\u00e3o Sr. D\u00edlson Arruda"}, {"id": "21071", "ano": "2022", "numero": "259", "tipo__sigla": "OF", "tipo__descricao": "Of\u00edcio", "autoria": "", "texto_original": "http://sapl.pedroleopoldo.mg.leg.br/media/sapl/public/materialegislativa/2022/21071/oficio_259.pdf", "ementa": "Ao Ilmo. \r\nSr. H\u00e9lio Renato Neri \r\nSecret\u00e1rio Municipal de Sa\u00fade \r\nPrefeitura de Pedro Leopoldo \r\n\r\nC/C\u00f3pia: Silmar Cardeal Pereira \r\nDiretor de Planejamento e Gest\u00e3o \r\n\r\n\r\n\r\n\r\n\r\n\r\n\r\n\r\n\r\n\r\n\r\n\r\n\r\n\r\n\r\n\r\n\r\n\r\n\r\n\r\n\r\n\r\n\r\n\r\n\r\n\r\n\r\n\r\n\r\n\r\n\r\n\r\n\r\n\r\n\r\n\r\n\r\n\r\n\r\n\r\n\r\n\r\n\r\n\r\n\r\n\r\n\r\n\r\n\r\n\r\n\r\n\r\n\r\n\r\n\r\n\r\n\r\n\r\n\r\n\r\n\r\n\r\n\r\n\r\n\r\n\r\n\r\n\r\n\r\n\r\n\r\n\r\n\r\n\r\n\r\n\r\n\r\n\r\n\r\n\r\n\r\n\r\n\r\n\r\n\r\n\r\n\r\n\r\n\r\n\r\n\r\n\r\n\r\n\r\n\r\n\r\n\r\n\r\n\r\n\r\n\r\n\r\n\r\n\r\n\r\n\r\n\r\n\r\n\r\n\r\n\r\n\r\n\r\n\r\n\r\n\r\n\r\n\r\n\r\n\r\n\r\n\r\n\r\n\r\n\r\n\r\n\r\n\r\n\r\n\r\n\r\nAssunto: Palavra Livre"}, {"id": "21073", "ano": "2022", "numero": "261", "tipo__sigla": "OF", "tipo__descricao": "Of\u00edcio", "autoria": "", "texto_original": "http://sapl.pedroleopoldo.mg.leg.br/media/sapl/public/materialegislativa/2022/21073/oficio_261.pdf", "ementa": "Ao \r\nExmo. Sr.\r\nDr. Leonardo Guimar\u00e3es Moreira \r\nJuiz de Diretor da Unidade Jurisdicional da Comarca de Pedro Leopoldo \r\n\r\n\r\n\r\n\r\n\r\n\r\n\r\n\r\n\r\n\r\n\r\n\r\n\r\n\r\n\r\n\r\n\r\n\r\n\r\n\r\n\r\n\r\n\r\n\r\n\r\n\r\n\r\n\r\n\r\n\r\n\r\n\r\n\r\n\r\n\r\n\r\n\r\n\r\n\r\n\r\n\r\n\r\n\r\n\r\n\r\n\r\n\r\n\r\n\r\n\r\n\r\n\r\n\r\n\r\n\r\n\r\n\r\n\r\n\r\n\r\n\r\n\r\n\r\n\r\n\r\n\r\n\r\n\r\n\r\n\r\n\r\n\r\n\r\n\r\n\r\n\r\n\r\n\r\n\r\n\r\n\r\n\r\n\r\n\r\n\r\n\r\n\r\n\r\n\r\n\r\n\r\n\r\n\r\n\r\n\r\n\r\n\r\n\r\n\r\n\r\n\r\n\r\n\r\n\r\n\r\n\r\n\r\n\r\nAssunto: Resp Oficio 8541-05.2021"}, {"id": "21074", "ano": "2022", "numero": "263", "tipo__sigla": "OF", "tipo__descricao": "Of\u00edcio", "autoria": "", "texto_original": "http://sapl.pedroleopoldo.mg.leg.br/media/sapl/public/materialegislativa/2022/21074/oficio_263.pdf", "ementa": "Exma. Sra.\r\nEloisa Helena Carvalho de Freitas Pereira \r\nPrefeitura Municipal de Pedro Leopoldo / MG \r\n\r\n\r\n\r\n\r\n\r\n\r\n\r\n\r\n\r\n\r\n\r\n\r\n\r\n\r\n\r\n\r\n\r\n\r\n\r\n\r\n\r\n\r\n\r\n\r\n\r\n\r\n\r\n\r\n\r\n\r\n\r\n\r\n\r\n\r\n\r\n\r\n\r\n\r\n\r\n\r\n\r\n\r\n\r\n\r\n\r\n\r\n\r\n\r\n\r\n\r\n\r\n\r\n\r\n\r\n\r\n\r\n\r\n\r\n\r\n\r\n\r\n\r\n\r\n\r\n\r\n\r\n\r\n\r\n\r\n\r\n\r\n\r\n\r\n\r\n\r\n\r\n\r\n\r\n\r\n\r\n\r\n\r\n\r\n\r\n\r\n\r\n\r\n\r\n\r\n\r\n\r\n\r\n\r\n\r\n\r\n\r\n\r\n\r\n\r\n\r\n\r\n\r\n\r\n\r\n\r\n\r\n\r\n\r\n\r\nAssunto: Mat\u00e9ria aprovada na 35\u00aa Reuni\u00e3o Ordin\u00e1ria da C\u00e2mara Municipal de Pedro Leopoldo, realizada em 07 de novembro de 2022"}, {"id": "21075", "ano": "2022", "numero": "264", "tipo__sigla": "OF", "tipo__descricao": "Of\u00edcio", "autoria": "", "texto_original": "http://sapl.pedroleopoldo.mg.leg.br/media/sapl/public/materialegislativa/2022/21075/oficio_264.pdf", "ementa": "Ilma. Sra.\r\nElenice Xavier Costa e familiares \r\n\r\n\r\n\r\n\r\n\r\n\r\n\r\n\r\n\r\n\r\n\r\n\r\n\r\n\r\n\r\n\r\n\r\n\r\n\r\n\r\n\r\n\r\n\r\n\r\n\r\n\r\n\r\n\r\n\r\n\r\n\r\n\r\n\r\n\r\n\r\n\r\n\r\n\r\n\r\n\r\n\r\n\r\n\r\n\r\n\r\n\r\n\r\n\r\n\r\n\r\n\r\n\r\n\r\n\r\n\r\n\r\n\r\n\r\n\r\n\r\n\r\n\r\n\r\n\r\n\r\n\r\n\r\n\r\n\r\n\r\n\r\n\r\n\r\n\r\n\r\n\r\n\r\n\r\n\r\n\r\n\r\n\r\n\r\n\r\n\r\n\r\n\r\n\r\n\r\n\r\n\r\n\r\n\r\n\r\n\r\n\r\n\r\n\r\n\r\n\r\n\r\n\r\n\r\n\r\n\r\n\r\n\r\n\r\n\r\n\r\n\r\n\r\n\r\n\r\n\r\n\r\n\r\n\r\nAssunto: Voto de pesar pelo falecimento do seu querido esposo Sr. Nilson Martins da Costa"}, {"id": "21091", "ano": "2022", "numero": "271", "tipo__sigla": "OF", "tipo__descricao": "Of\u00edcio", "autoria": "", "texto_original": "http://sapl.pedroleopoldo.mg.leg.br/media/", "ementa": "\u00c0 \r\nSra. M\u00e1rcia Adriane Lopes \r\nPresidente da ONG Lagoa Viva \r\nPedro Leopoldo /MG\r\n\r\n\r\n\r\n\r\n\r\n\r\n\r\n\r\n\r\n\r\n\r\n\r\n\r\n\r\n\r\n\r\n\r\n\r\n\r\n\r\n\r\n\r\n\r\n\r\n\r\n\r\n\r\n\r\n\r\n\r\n\r\n\r\n\r\n\r\n\r\n\r\n\r\n\r\n\r\n\r\n\r\n\r\n\r\n\r\n\r\n\r\n\r\n\r\n\r\n\r\n\r\n\r\n\r\n\r\n\r\n\r\n\r\n\r\n\r\n\r\n\r\n\r\n\r\n\r\n\r\n\r\n\r\n\r\n\r\n\r\n\r\n\r\n\r\n\r\n\r\n\r\n\r\n\r\n\r\n\r\n\r\n\r\n\r\n\r\n\r\n\r\n\r\n\r\n\r\n\r\n\r\n\r\n\r\n\r\n\r\n\r\n\r\n\r\n\r\n\r\n\r\n\r\n\r\n\r\n\r\n\r\n\r\n\r\n\r\n\r\n\r\n\r\n\r\n\r\n\r\n\r\n\r\n\r\n\r\n\r\n\r\n\r\n\r\n\r\n\r\n\r\n\r\n\r\n\r\n\r\n\r\n\r\n\r\n\r\n\r\n\r\n\r\n\r\n\r\n\r\n\r\n\r\n\r\n\r\n\r\n\r\n\r\n\r\n\r\n\r\n\r\n\r\n\r\n\r\n\r\n\r\n\r\n\r\n\r\n\r\nAssunto: Palavra Livre"}, {"id": "21076", "ano": "2022", "numero": "272", "tipo__sigla": "OF", "tipo__descricao": "Of\u00edcio", "autoria": "", "texto_original": "http://sapl.pedroleopoldo.mg.leg.br/media/sapl/public/materialegislativa/2022/21076/oficio_272.pdf", "ementa": "Exma. Sra.\r\nEloisa Helena Carvalho de Freitas Pereira \r\nPrefeitura Municipal de Pedro Leopoldo /MG\r\n\r\n\r\n\r\n\r\n\r\n\r\n\r\n\r\n\r\n\r\n\r\n\r\n\r\n\r\n\r\n\r\n\r\n\r\n\r\n\r\n\r\n\r\n\r\n\r\n\r\n\r\n\r\n\r\n\r\n\r\n\r\n\r\n\r\n\r\n\r\n\r\n\r\n\r\n\r\n\r\n\r\n\r\n\r\n\r\n\r\n\r\n\r\n\r\n\r\n\r\n\r\n\r\n\r\n\r\n\r\n\r\n\r\n\r\n\r\n\r\n\r\n\r\n\r\n\r\n\r\n\r\n\r\n\r\n\r\n\r\n\r\n\r\n\r\n\r\n\r\n\r\nAssunto: Mat\u00e9ria aprovada na 36\u00aa  Reuni\u00e3o Ordin\u00e1ria  da C\u00e2mara Municipal de Pedro Leopoldo, realizada em 21 de novembro de 2022"}, {"id": "21078", "ano": "2022", "numero": "275", "tipo__sigla": "OF", "tipo__descricao": "Of\u00edcio", "autoria": "", "texto_original": "http://sapl.pedroleopoldo.mg.leg.br/media/sapl/public/materialegislativa/2022/21078/oficio_275.pdf", "ementa": "Ilma. Sra\r\nEliana Campos Silva e familiares \r\n\r\n\r\n\r\n\r\n\r\n\r\n\r\n\r\n\r\n\r\n\r\n\r\n\r\n\r\n\r\n\r\n\r\n\r\n\r\n\r\n\r\n\r\n\r\n\r\n\r\n\r\n\r\n\r\n\r\n\r\n\r\n\r\n\r\n\r\n\r\n\r\n\r\n\r\n\r\n\r\n\r\n\r\n\r\n\r\n\r\n\r\n\r\n\r\n\r\n\r\n\r\n\r\n\r\n\r\n\r\n\r\n\r\n\r\n\r\n\r\n\r\n\r\n\r\n\r\n\r\n\r\n\r\n\r\n\r\n\r\n\r\n\r\n\r\n\r\n\r\n\r\n\r\n\r\n\r\n\r\n\r\n\r\n\r\n\r\n\r\n\r\n\r\n\r\n\r\n\r\n\r\n\r\n\r\n\r\n\r\n\r\n\r\n\r\n\r\n\r\n\r\nAssunto: Voto de pesar pelo falecimento do querido Emerson Emanoel Campos Silva"}, {"id": "21079", "ano": "2022", "numero": "276", "tipo__sigla": "OF", "tipo__descricao": "Of\u00edcio", "autoria": "", "texto_original": "http://sapl.pedroleopoldo.mg.leg.br/media/sapl/public/materialegislativa/2022/21079/oficio_276.pdf", "ementa": "Ilma. Sra\r\nMarlene Ara\u00fajo e familiares \r\n\r\n\r\n\r\n\r\n\r\n\r\n\r\n\r\n\r\n\r\n\r\n\r\n\r\n\r\n\r\n\r\n\r\n\r\n\r\n\r\n\r\n\r\n\r\n\r\n\r\n\r\n\r\n\r\n\r\n\r\n\r\n\r\n\r\n\r\n\r\n\r\n\r\n\r\n\r\n\r\n\r\n\r\n\r\n\r\n\r\n\r\n\r\n\r\n\r\n\r\n\r\n\r\n\r\n\r\n\r\n\r\n\r\n\r\n\r\n\r\n\r\n\r\n\r\n\r\n\r\n\r\n\r\n\r\n\r\n\r\n\r\n\r\n\r\n\r\n\r\n\r\n\r\n\r\n\r\n\r\n\r\n\r\n\r\n\r\n\r\n\r\n\r\n\r\n\r\n\r\n\r\n\r\n\r\n\r\n\r\n\r\n\r\n\r\n\r\n\r\n\r\n\r\n\r\n\r\n\r\n\r\n\r\nAssunto: Voto de pesar pelo falecimento de seu querido esposo o Sr. Jos\u00e9 Raimundo Martins"}, {"id": "21080", "ano": "2022", "numero": "278", "tipo__sigla": "OF", "tipo__descricao": "Of\u00edcio", "autoria": "", "texto_original": "http://sapl.pedroleopoldo.mg.leg.br/media/sapl/public/materialegislativa/2022/21080/oficio_278.pdf", "ementa": "Exma. Sra.\r\nEloisa Helena Carvalho de Freitas Pereira \r\nPrefeitura Municipal de Pedro Leopoldo /MG\r\n\r\n\r\n\r\n\r\n\r\n\r\n\r\n\r\n\r\n\r\n\r\n\r\n\r\n\r\n\r\n\r\n\r\n\r\n\r\n\r\n\r\n\r\n\r\n\r\n\r\n\r\n\r\n\r\n\r\n\r\n\r\n\r\n\r\n\r\n\r\n\r\n\r\n\r\n\r\n\r\n\r\n\r\n\r\n\r\n\r\n\r\n\r\n\r\n\r\n\r\n\r\n\r\n\r\n\r\n\r\n\r\n\r\n\r\n\r\n\r\n\r\n\r\n\r\n\r\n\r\n\r\n\r\n\r\n\r\n\r\n\r\n\r\n\r\n\r\n\r\n\r\n\r\n\r\n\r\n\r\n\r\n\r\n\r\n\r\n\r\n\r\n\r\n\r\n\r\n\r\n\r\n\r\n\r\n\r\n\r\n\r\n\r\n\r\n\r\n\r\n\r\n\r\n\r\n\r\n\r\n\r\n\r\n\r\n\r\n\r\n\r\n\r\n\r\n\r\n\r\n\r\n\r\n\r\n\r\n\r\n\r\n\r\nAssunto: Mat\u00e9ria aprovada na 4\u00aa Reuni\u00e3o Extraordin\u00e1ria da C\u00e2mara Municipal de Pedro Leopoldo, realizada em 28 de novembro de 2022"}, {"id": "21081", "ano": "2022", "numero": "279", "tipo__sigla": "OF", "tipo__descricao": "Of\u00edcio", "autoria": "", "texto_original": "http://sapl.pedroleopoldo.mg.leg.br/media/sapl/public/materialegislativa/2022/21081/oficio_279.pdf", "ementa": "Exma. Sra\r\nEloisa Helena Carvalho de Freitas Pereira \r\n\r\n\r\n\r\n\r\n\r\n\r\n\r\n\r\n\r\n\r\n\r\n\r\n\r\n\r\n\r\n\r\n\r\n\r\n\r\n\r\n\r\n\r\n\r\n\r\n\r\n\r\n\r\n\r\n\r\n\r\n\r\n\r\n\r\n\r\n\r\n\r\n\r\n\r\n\r\n\r\n\r\n\r\n\r\n\r\n\r\n\r\n\r\n\r\n\r\n\r\n\r\n\r\n\r\n\r\n\r\n\r\n\r\n\r\n\r\n\r\n\r\n\r\n\r\n\r\n\r\n\r\n\r\n\r\n\r\n\r\n\r\n\r\n\r\n\r\n\r\n\r\n\r\n\r\n\r\n\r\n\r\n\r\n\r\n\r\n\r\n\r\n\r\n\r\n\r\n\r\n\r\n\r\n\r\n\r\n\r\n\r\n\r\n\r\n\r\n\r\n\r\n\r\n\r\nAssunto: Mat\u00e9ria aprovada na 5\u00aa Reuni\u00e3o Extraordin\u00e1ria da C\u00e2mara Municipal de Pedro Leopoldo, realizada em 05 de dezembro de 2022"}, {"id": "21082", "ano": "2022", "numero": "280", "tipo__sigla": "OF", "tipo__descricao": "Of\u00edcio", "autoria": "", "texto_original": "http://sapl.pedroleopoldo.mg.leg.br/media/sapl/public/materialegislativa/2022/21082/oficio_280.pdf", "ementa": "Exma, Sra.\r\nEloisa Helena Carvalho de Freitas Pereira \r\nPrefeitura Municipal de Pedro Leopoldo/MG\r\n\r\n\r\n\r\n\r\n\r\n\r\n\r\n\r\n\r\n\r\n\r\n\r\n\r\n\r\n\r\n\r\n\r\n\r\n\r\n\r\n\r\n\r\n\r\n\r\n\r\n\r\n\r\n\r\n\r\n\r\n\r\n\r\n\r\n\r\n\r\n\r\n\r\n\r\n\r\n\r\n\r\n\r\n\r\n\r\n\r\n\r\n\r\n\r\n\r\n\r\n\r\n\r\n\r\n\r\n\r\n\r\n\r\n\r\n\r\n\r\n\r\n\r\n\r\n\r\n\r\n\r\n\r\n\r\n\r\n\r\n\r\n\r\n\r\n\r\n\r\n\r\n\r\n\r\n\r\n\r\n\r\n\r\n\r\n\r\n\r\n\r\n\r\n\r\n\r\n\r\n\r\nAssunto: Mat\u00e9ria aprovado na 6\u00aa Reuni\u00e3o Extraordin\u00e1ria da C\u00e2mara Municipal de Pedro Leopoldo, realizada em 06 de dezembro de 2022"}, {"id": "21083", "ano": "2022", "numero": "281", "tipo__sigla": "OF", "tipo__descricao": "Of\u00edcio", "autoria": "", "texto_original": "http://sapl.pedroleopoldo.mg.leg.br/media/sapl/public/materialegislativa/2022/21083/oficio_281.pdf", "ementa": "Exma. Sra \r\nEloisa Helena Carvalho de Freitas Pereira \r\nPrefeitura Municipal de Pedro Leopoldo /MG\r\n\r\n\r\n\r\n\r\n\r\n\r\n\r\n\r\n\r\n\r\n\r\n\r\n\r\n\r\n\r\n\r\n\r\n\r\n\r\n\r\n\r\n\r\n\r\n\r\n\r\n\r\n\r\n\r\n\r\n\r\n\r\n\r\n\r\n\r\n\r\n\r\n\r\n\r\n\r\n\r\n\r\n\r\n\r\n\r\n\r\n\r\n\r\n\r\n\r\n\r\n\r\n\r\n\r\n\r\n\r\n\r\n\r\n\r\n\r\n\r\n\r\n\r\nAssunto: Mat\u00e9ria aprovada na 37\u00aa Reuni\u00e3o Ordin\u00e1ria da C\u00e2mara Municipal de Pedro Leopoldo, realizada em 12 de dezembro de2022"}, {"id": "20414", "ano": "2022", "numero": "282", "tipo__sigla": "OF", "tipo__descricao": "Of\u00edcio", "autoria": "", "texto_original": "http://sapl.pedroleopoldo.mg.leg.br/media/sapl/public/materialegislativa/2022/20414/oficio_282-2021.pdf", "ementa": "Exma. Sra.\r\nEloisa Helena Carvalho de Freitas Pereira \r\nPrefeitura Municipal \r\nPedro Leopoldo/MG\r\n\r\n\r\n\r\n\r\n\r\n\r\n\r\n\r\n\r\n\r\n\r\n\r\n\r\n\r\n\r\n\r\n\r\n\r\n\r\n\r\n\r\n\r\n\r\n\r\n\r\n\r\n\r\n\r\n\r\n\r\n\r\n\r\n\r\n\r\n\r\n\r\n\r\n\r\n\r\n\r\n\r\n\r\n\r\n\r\n\r\n\r\n\r\n\r\n\r\n\r\n\r\n\r\n\r\nAssunto: Mat\u00e9ria aprovada na 35\u00aa Reuni\u00e3o Ordin\u00e1ria da C\u00e2mara Municipal de Pedro Leopoldo, realizada em 18 de outubro de 2021"}, {"id": "21084", "ano": "2022", "numero": "283", "tipo__sigla": "OF", "tipo__descricao": "Of\u00edcio", "autoria": "", "texto_original": "http://sapl.pedroleopoldo.mg.leg.br/media/sapl/public/materialegislativa/2022/21084/oficio_283.pdf", "ementa": "Ilma. Sra\r\nSandra Maria Caldas Gomes Baptista e familiares \r\n\r\n\r\n\r\n\r\n\r\n\r\n\r\n\r\n\r\n\r\n\r\n\r\n\r\n\r\n\r\n\r\n\r\n\r\n\r\n\r\n\r\n\r\n\r\n\r\n\r\n\r\n\r\n\r\n\r\n\r\n\r\n\r\n\r\n\r\n\r\n\r\n\r\n\r\n\r\n\r\n\r\n\r\n\r\n\r\n\r\n\r\n\r\n\r\n\r\n\r\n\r\n\r\n\r\n\r\n\r\n\r\n\r\n\r\n\r\n\r\n\r\n\r\n\r\n\r\n\r\n\r\n\r\n\r\n\r\n\r\n\r\n\r\n\r\n\r\n\r\n\r\n\r\n\r\n\r\n\r\n\r\n\r\n\r\n\r\n\r\n\r\n\r\n\r\n\r\n\r\n\r\n\r\n\r\n\r\n\r\nAssunto: Voto de pesar pelo falecimento de seu querido irm\u00e3o, Sr. Gilberto Eust\u00e1quio de Sousa Caldas"}, {"id": "21085", "ano": "2022", "numero": "284", "tipo__sigla": "OF", "tipo__descricao": "Of\u00edcio", "autoria": "", "texto_original": "http://sapl.pedroleopoldo.mg.leg.br/media/sapl/public/materialegislativa/2022/21085/oficio_284.pdf", "ementa": "Ilma. Sra.\r\nErica Evangelista e familiares \r\n\r\n\r\n\r\n\r\n\r\n\r\n\r\n\r\n\r\n\r\n\r\n\r\n\r\n\r\n\r\n\r\n\r\n\r\n\r\n\r\n\r\n\r\n\r\n\r\n\r\n\r\n\r\n\r\n\r\n\r\n\r\n\r\n\r\n\r\n\r\n\r\n\r\n\r\n\r\n\r\n\r\n\r\n\r\n\r\n\r\n\r\n\r\n\r\n\r\n\r\n\r\n\r\n\r\n\r\n\r\n\r\n\r\n\r\n\r\n\r\n\r\n\r\n\r\n\r\n\r\n\r\n\r\n\r\n\r\n\r\n\r\n\r\n\r\n\r\n\r\n\r\n\r\n\r\n\r\n\r\n\r\n\r\n\r\n\r\n\r\n\r\n\r\n\r\n\r\n\r\n\r\n\r\n\r\n\r\n\r\n\r\n\r\n\r\n\r\n\r\n\r\n\r\n\r\n\r\n\r\n\r\n\r\n\r\n\r\n\r\n\r\n\r\n\r\n\r\n\r\n\r\n\r\n\r\n\r\n\r\n\r\n\r\n\r\n\r\n\r\n\r\nAssunto: Voto de pesar pelo falecimento de seu querido esposo, Sr. Claudino Ferreira de S\u00e1"}, {"id": "19520", "ano": "2022", "numero": "285", "tipo__sigla": "OF", "tipo__descricao": "Of\u00edcio", "autoria": "", "texto_original": "http://sapl.pedroleopoldo.mg.leg.br/media/sapl/public/materialegislativa/2022/19520/oficio_285-2021.pdf", "ementa": "Ilma. Sra\r\nMaria Ivete Ferreira Santos e fam\u00edlia\r\n\r\n\r\n\r\n\r\n\r\n\r\n\r\n\r\n\r\n\r\n\r\n\r\n\r\n\r\n\r\n\r\n\r\n\r\n\r\n\r\n\r\n\r\n\r\n\r\n\r\n\r\n\r\n\r\n\r\n\r\n\r\n\r\n\r\n\r\n\r\n\r\n\r\n\r\n\r\n\r\n\r\n\r\n\r\n\r\n\r\n\r\n\r\nAssunto: Voto de pesar pelo falecimento da sua filha, Maria Ros\u00e2ngela Santos Souza"}, {"id": "21086", "ano": "2022", "numero": "287", "tipo__sigla": "OF", "tipo__descricao": "Of\u00edcio", "autoria": "", "texto_original": "http://sapl.pedroleopoldo.mg.leg.br/media/sapl/public/materialegislativa/2022/21086/oficio_287.pdf", "ementa": "\u00c0 Exma. Sra.\r\nEloisa Helena Carvalho de Freitas Pereira \r\nPrefeitura Municipal de Pedro Leopoldo/ MG\r\n\r\nC/C\u00f3pia: Ger\u00eancia de Material e Patrim\u00f4nio da Prefeitura\r\n\r\n\r\n\r\n\r\n\r\n\r\n\r\n\r\n\r\n\r\n\r\n\r\n\r\n\r\n\r\n\r\n\r\n\r\n\r\n\r\n\r\n\r\n\r\n\r\n\r\n\r\n\r\n\r\n\r\n\r\n\r\n\r\n\r\n\r\n\r\n\r\n\r\n\r\n\r\n\r\n\r\n\r\n\r\n\r\n\r\n\r\n\r\n\r\n\r\n\r\n\r\n\r\n\r\n\r\n\r\n\r\n\r\n\r\n\r\n\r\n\r\n\r\n\r\n\r\n\r\n\r\n\r\n\r\n\r\n\r\n\r\n\r\n\r\n\r\n\r\n\r\n\r\n\r\n\r\n\r\n\r\n\r\n\r\n\r\n\r\n\r\n\r\n\r\n\r\n\r\n\r\n\r\n\r\n\r\n\r\n\r\n\r\n\r\nAssunto: Bens inserv\u00edveis"}, {"id": "20413", "ano": "2022", "numero": "288", "tipo__sigla": "OF", "tipo__descricao": "Of\u00edcio", "autoria": "", "texto_original": "http://sapl.pedroleopoldo.mg.leg.br/media/sapl/public/materialegislativa/2022/20413/oficio_288-2021.pdf", "ementa": "Exma. Sra\r\nEloisa Helena Carvalho de Freitas Pereira \r\nPrefeitura Municipal\r\nPedro Leopoldo/MG\r\n\r\n\r\n\r\n\r\n\r\n\r\n\r\n\r\n\r\n\r\n\r\n\r\n\r\n\r\n\r\n\r\n\r\n\r\n\r\n\r\n\r\n\r\n\r\n\r\n\r\n\r\n\r\n\r\n\r\n\r\n\r\n\r\n\r\n\r\n\r\n\r\n\r\n\r\n\r\n\r\n\r\n\r\n\r\n\r\n\r\n\r\n\r\n\r\n\r\n\r\n\r\n\r\n\r\n\r\n\r\n\r\n\r\n\r\n\r\n\r\n\r\n\r\n\r\n\r\n\r\n\r\n\r\n\r\n\r\n\r\n\r\n\r\n\r\n\r\n\r\nAssunto: Mat\u00e9ria aprovada na 36\u00aa Reuni\u00e3o Ordin\u00e1ria da C\u00e2mara Municipal de Pedro Leopoldo , realizada em 25 de outubro de 2021"}, {"id": "21039", "ano": "2022", "numero": "289", "tipo__sigla": "OF", "tipo__descricao": "Of\u00edcio", "autoria": "", "texto_original": "http://sapl.pedroleopoldo.mg.leg.br/media/sapl/public/materialegislativa/2022/21039/oficio_224.pdf", "ementa": "Ilma. Sra. M\u00e1rcia Regina Maia e Familiares \r\n\r\n\r\n\r\n\r\n\r\n\r\n\r\n\r\n\r\n\r\n\r\n\r\n\r\n\r\n\r\n\r\n\r\n\r\n\r\n\r\n\r\n\r\n\r\n\r\n\r\n\r\n\r\n\r\n\r\n\r\n\r\n\r\n\r\n\r\n\r\n\r\n\r\n\r\n\r\n\r\n\r\n\r\n\r\n\r\n\r\n\r\n\r\n\r\n\r\n\r\n\r\n\r\n\r\n\r\n\r\n\r\n\r\n\r\n\r\n\r\n\r\n\r\n\r\nAssunto: Voto de pesar pelo falecimento da sua irm\u00e3, Sra. Heloisa Helena Maia Marques"}, {"id": "21072", "ano": "2022", "numero": "290", "tipo__sigla": "OF", "tipo__descricao": "Of\u00edcio", "autoria": "", "texto_original": "http://sapl.pedroleopoldo.mg.leg.br/media/sapl/public/materialegislativa/2022/21072/oficio_260.pdf", "ementa": "Ao Ilmo. Sr\r\nH\u00e9lio Renato Neri \r\nSecret\u00e1rio Municipal de Sa\u00fade \r\nPrefeitura Municipal de Pedro Leopoldo \r\n\r\nC/c\u00f3pia: \r\nSra. Priscila Gomes Rodrigues \r\nCoordenador ao Livremente - CAP\"S Sa\u00fade Mental \r\n\r\n\r\n\r\n\r\n\r\n\r\n\r\n\r\n\r\n\r\n\r\n\r\n\r\n\r\n\r\n\r\n\r\n\r\n\r\n\r\n\r\n\r\n\r\n\r\n\r\n\r\n\r\n\r\n\r\n\r\n\r\n\r\n\r\n\r\n\r\n\r\n\r\n\r\n\r\n\r\n\r\n\r\n\r\n\r\n\r\n\r\n\r\n\r\n\r\n\r\n\r\n\r\n\r\n\r\n\r\n\r\n\r\n\r\n\r\n\r\n\r\n\r\n\r\n\r\n\r\n\r\n\r\n\r\n\r\n\r\n\r\n\r\n\r\n\r\n\r\n\r\n\r\n\r\n\r\n\r\n\r\n\r\n\r\n\r\n\r\n\r\n\r\n\r\n\r\n\r\n\r\n\r\n\r\n\r\n\r\n\r\n\r\n\r\n\r\n\r\n\r\n\r\n\r\n\r\n\r\n\r\n\r\n\r\n\r\n\r\n\r\n\r\n\r\n\r\n\r\n\r\n\r\n\r\n\r\n\r\n\r\n\r\n\r\n\r\n\r\n\r\n\r\n\r\n\r\nAssunto: Palavra Livre"}, {"id": "21087", "ano": "2022", "numero": "291", "tipo__sigla": "OF", "tipo__descricao": "Of\u00edcio", "autoria": "", "texto_original": "http://sapl.pedroleopoldo.mg.leg.br/media/sapl/public/materialegislativa/2022/21087/oficio_291.pdf", "ementa": "Ilma. Sra.\r\nNeusa Cristina Gon\u00e7alves Souza e familiares \r\n\r\n\r\n\r\n\r\n\r\n\r\n\r\n\r\n\r\n\r\n\r\n\r\n\r\n\r\n\r\n\r\n\r\n\r\n\r\n\r\n\r\n\r\n\r\n\r\n\r\n\r\n\r\n\r\n\r\n\r\n\r\n\r\n\r\n\r\n\r\n\r\n\r\n\r\n\r\n\r\n\r\n\r\n\r\n\r\n\r\n\r\n\r\n\r\n\r\n\r\n\r\n\r\n\r\n\r\n\r\n\r\n\r\n\r\n\r\n\r\n\r\n\r\n\r\n\r\n\r\n\r\n\r\n\r\n\r\n\r\n\r\n\r\n\r\n\r\n\r\n\r\n\r\n\r\n\r\n\r\n\r\n\r\n\r\n\r\n\r\n\r\n\r\n\r\n\r\n\r\n\r\n\r\n\r\n\r\n\r\n\r\n\r\n\r\n\r\n\r\n\r\n\r\n\r\n\r\n\r\n\r\n\r\n\r\n\r\n\r\nAssunto: Voto de pesar pelo falecimento de seu querido esposo, Sr. M\u00e1rcio Nepomuceno Souza"}, {"id": "21088", "ano": "2022", "numero": "292", "tipo__sigla": "OF", "tipo__descricao": "Of\u00edcio", "autoria": "", "texto_original": "http://sapl.pedroleopoldo.mg.leg.br/media/sapl/public/materialegislativa/2022/21088/oficio_292.pdf", "ementa": "Exma. Sra.\r\nEloisa Helena Carvalho de Freitas Pereira \r\nPrefeitura Municipal de Pedro Leopoldo/MG\r\n\r\n\r\n\r\n\r\n\r\n\r\n\r\n\r\n\r\n\r\n\r\n\r\n\r\n\r\n\r\n\r\n\r\n\r\n\r\n\r\n\r\n\r\n\r\n\r\n\r\n\r\n\r\n\r\n\r\n\r\n\r\n\r\n\r\n\r\n\r\n\r\n\r\n\r\n\r\n\r\n\r\n\r\n\r\n\r\n\r\n\r\n\r\n\r\n\r\n\r\n\r\n\r\n\r\n\r\n\r\n\r\n\r\n\r\n\r\n\r\n\r\n\r\n\r\n\r\n\r\n\r\n\r\n\r\n\r\n\r\n\r\n\r\n\r\n\r\n\r\n\r\n\r\n\r\n\r\n\r\n\r\n\r\n\r\n\r\n\r\n\r\n\r\n\r\n\r\n\r\n\r\n\r\n\r\n\r\n\r\n\r\n\r\n\r\n\r\n\r\n\r\n\r\n\r\n\r\n\r\n\r\n\r\n\r\nAssunto: Mat\u00e9ria aprovada na 7\u00aa Reuni\u00e3o Extraordin\u00e1ria da C\u00e2mara Municipal de Pedro Leopoldo, realizada em 21 dezembro de 2022"}, {"id": "21089", "ano": "2022", "numero": "294", "tipo__sigla": "OF", "tipo__descricao": "Of\u00edcio", "autoria": "", "texto_original": "http://sapl.pedroleopoldo.mg.leg.br/media/sapl/public/materialegislativa/2022/21089/oficio_294.pdf", "ementa": "\u00c0 Ilustr\u00edssima Sra,\r\nGleyse Soares \r\nProposta da empresa L\u00edder Notebooks Com\u00e9rcio e Servi\u00e7os LTDA\r\n\r\n\r\n\r\n\r\n\r\n\r\n\r\n\r\n\r\n\r\n\r\n\r\n\r\n\r\n\r\n\r\n\r\n\r\n\r\n\r\n\r\n\r\n\r\n\r\n\r\n\r\n\r\n\r\n\r\n\r\n\r\n\r\n\r\n\r\n\r\n\r\n\r\n\r\n\r\n\r\n\r\n\r\n\r\n\r\n\r\n\r\n\r\n\r\n\r\n\r\n\r\n\r\n\r\n\r\n\r\n\r\n\r\n\r\n\r\n\r\n\r\n\r\n\r\n\r\n\r\n\r\n\r\n\r\n\r\n\r\n\r\n\r\n\r\n\r\n\r\n\r\n\r\n\r\n\r\n\r\n\r\n\r\n\r\n\r\n\r\n\r\n\r\n\r\n\r\n\r\n\r\n\r\n\r\n\r\n\r\n\r\n\r\n\r\n\r\n\r\n\r\n\r\n\r\n\r\n\r\n\r\n\r\n\r\n\r\n\r\n\r\n\r\n\r\n\r\n\r\n\r\n\r\n\r\n\r\n\r\n\r\n\r\n\r\n\r\n\r\n\r\n\r\n\r\n\r\n\r\n\r\n\r\n\r\n\r\n\r\n\r\n\r\n\r\n\r\n\r\n\r\n\r\n\r\n\r\n\r\n\r\n\r\n\r\n\r\n\r\n\r\n\r\n\r\n\r\n\r\n\r\n\r\n\r\n\r\n\r\n\r\n\r\n\r\n\r\n\r\n\r\n\r\n\r\n\r\n\r\n\r\n\r\n\r\n\r\n\r\n\r\n\r\n\r\n\r\n\r\n\r\n\r\n\r\n\r\n\r\n\r\n\r\n\r\n\r\n\r\n\r\n\r\n\r\n\r\n\r\n\r\n\r\n\r\n\r\n\r\n\r\n\r\n\r\n\r\n\r\n\r\n\r\n\r\n\r\n\r\n\r\n\r\n\r\n\r\n\r\n\r\n\r\n\r\n\r\nAssunto: Ades\u00e3o \u00e0 Ata de Registro de Pre\u00e7os n\u00ba135/2022 - Procuradoria de Justi\u00e7a do Minist\u00e9rio P\u00fablico de Minas Gerais"}, {"id": "21090", "ano": "2022", "numero": "295", "tipo__sigla": "OF", "tipo__descricao": "Of\u00edcio", "autoria": "", "texto_original": "http://sapl.pedroleopoldo.mg.leg.br/media/sapl/public/materialegislativa/2022/21090/oficio_295.pdf", "ementa": "Exma. Sra.\r\nEloisa Helena Carvalho de Freitas Pereira \r\nPrefeitura Municipal de Pedro Leopoldo/MG\r\n\r\n\r\n\r\n\r\n\r\n\r\n\r\n\r\n\r\n\r\n\r\n\r\n\r\n\r\n\r\n\r\n\r\n\r\n\r\n\r\n\r\n\r\n\r\n\r\n\r\n\r\n\r\n\r\n\r\n\r\n\r\n\r\n\r\n\r\n\r\n\r\n\r\n\r\n\r\n\r\n\r\n\r\n\r\n\r\n\r\n\r\n\r\n\r\n\r\n\r\n\r\n\r\n\r\n\r\n\r\n\r\n\r\n\r\n\r\n\r\n\r\n\r\n\r\n\r\n\r\n\r\n\r\n\r\n\r\n\r\n\r\n\r\n\r\n\r\n\r\n\r\n\r\n\r\n\r\n\r\n\r\n\r\n\r\n\r\n\r\n\r\n\r\n\r\n\r\n\r\n\r\n\r\n\r\n\r\n\r\n\r\n\r\n\r\n\r\n\r\n\r\n\r\n\r\n\r\n\r\n\r\n\r\n\r\n\r\n\r\n\r\n\r\n\r\n\r\n\r\n\r\n\r\n\r\n\r\n\r\n\r\n\r\n\r\n\r\n\r\n\r\n\r\n\r\n\r\n\r\n\r\n\r\n\r\n\r\n\r\n\r\n\r\n\r\n\r\n\r\n\r\n\r\n\r\n\r\n\r\n\r\n\r\n\r\n\r\n\r\n\r\n\r\n\r\n\r\n\r\n\r\n\r\n\r\n\r\n\r\n\r\n\r\n\r\n\r\n\r\n\r\n\r\n\r\n\r\n\r\n\r\n\r\nAssunto: Mat\u00e9ria aprovada na 39\u00aa Reuni\u00e3o Ordin\u00e1ria da C\u00e2mara Municipal de Pedro Leopoldo, realizada em 26 de dezembro de 2022."}, {"id": "20589", "ano": "2022", "numero": "1", "tipo__sigla": "PELOM", "tipo__descricao": "Projeto de Emenda \u00e0 Lei Org\u00e2nica", "autoria": "Comiss\u00e3o Especial", "texto_original": "http://sapl.pedroleopoldo.mg.leg.br/media/sapl/public/materialegislativa/2022/20589/projeto_de_emenda_lom_-_01-2022_revisto_16-08-22.pdf", "ementa": "Altera a Lei Org\u00e2nica do Munic\u00edpio de Pedro Leopoldo"}, {"id": "19780", "ano": "2022", "numero": "1", "tipo__sigla": "PLO", "tipo__descricao": "Projeto de Lei Ordin\u00e1ria", "autoria": "Mesa Diretora", "texto_original": "http://sapl.pedroleopoldo.mg.leg.br/media/sapl/public/materialegislativa/2022/19780/projeto_de_lei_no_01-2022.pdf", "ementa": "Disp\u00f5e sobre a revis\u00e3o geral anual dos vencimentos dos servidores e dos subs\u00eddios dos agentes pol\u00edticos da C\u00e2mara Municipal de Pedro Leopoldo, nos termos do disposto no art. 37, X, da Constitui\u00e7\u00e3o da Rep\u00fablica Federativa do Brasil."}, {"id": "19781", "ano": "2022", "numero": "2", "tipo__sigla": "PLO", "tipo__descricao": "Projeto de Lei Ordin\u00e1ria", "autoria": "Executivo", "texto_original": "http://sapl.pedroleopoldo.mg.leg.br/media/sapl/public/materialegislativa/2022/19781/projeto_de_lei_02-22_-_altera_lei_3.625.pdf", "ementa": "Altera a Lei Municipal n.\u00ba 3.625, de 26 de novembro de 2021, a qual Institui o Programa de Regulariza\u00e7\u00e3o Fiscal - REFIS 2021 e d\u00e1 outras provid\u00eancias."}, {"id": "19782", "ano": "2022", "numero": "3", "tipo__sigla": "PLO", "tipo__descricao": "Projeto de Lei Ordin\u00e1ria", "autoria": "Executivo", "texto_original": "http://sapl.pedroleopoldo.mg.leg.br/media/sapl/public/materialegislativa/2022/19782/projeto_lei_03-22_-_abono_servidores_executivo.pdf", "ementa": "Concede Abono Salarial para os Servidores do Munic\u00edpio de Pedro Leopoldo."}, {"id": "19783", "ano": "2022", "numero": "4", "tipo__sigla": "PLO", "tipo__descricao": "Projeto de Lei Ordin\u00e1ria", "autoria": "Mesa Diretora", "texto_original": "http://sapl.pedroleopoldo.mg.leg.br/media/", "ementa": "Altera a Lei 3.597, de 15 de abril de 2021, que institui o Plano de Cargos, Carreiras e Vencimentos dos Servidores P\u00fablicos do Poder Legislativo do Munic\u00edpio de Pedro Leopoldo."}, {"id": "19788", "ano": "2022", "numero": "5", "tipo__sigla": "PLO", "tipo__descricao": "Projeto de Lei Ordin\u00e1ria", "autoria": "Warlen Alves da Silva", "texto_original": "http://sapl.pedroleopoldo.mg.leg.br/media/sapl/public/materialegislativa/2022/19788/projeto_de_lei_no_005-_semana_crista_-_warlen.doc", "ementa": "INSTITUI A SEMANA MUNICIPAL DA CULTURA CRIST\u00c3 NO \u00c2MBITO DO MUNIC\u00cdPIO DE PEDRO LEOPOLDO/MG E D\u00c1 OUTRAS PROVID\u00caNCIAS."}, {"id": "19868", "ano": "2022", "numero": "6", "tipo__sigla": "PLO", "tipo__descricao": "Projeto de Lei Ordin\u00e1ria", "autoria": "Matheus Utsch de Oliveira", "texto_original": "http://sapl.pedroleopoldo.mg.leg.br/media/sapl/public/materialegislativa/2022/19868/projeto_de_lei_no_16-2022.pdf", "ementa": "Cria a Pol\u00edtica Municipal de Incentivo \u00e0 leitura e a Doa\u00e7\u00e3o de livros e d\u00e1 outras provid\u00eancias."}, {"id": "19869", "ano": "2022", "numero": "7", "tipo__sigla": "PLO", "tipo__descricao": "Projeto de Lei Ordin\u00e1ria", "autoria": "Rafael Vieira Faria (Rafa)", "texto_original": "http://sapl.pedroleopoldo.mg.leg.br/media/sapl/public/materialegislativa/2022/19869/projeto_de_lei_no_07-2022.pdf", "ementa": "Veda, no \u00e2mbito da administra\u00e7\u00e3o p\u00fablica, no Munic\u00edpio de Pedro Leopoldo, a nomea\u00e7\u00e3o de pessoas que tenham sido condenadas pela Lei Federal n\u00ba 11.340/2006, \"Lei Maria da Penha\u201d, para cargos em comiss\u00e3o e/ou fun\u00e7\u00e3o de confian\u00e7a, e d\u00e1 outras provid\u00eancias."}, {"id": "19870", "ano": "2022", "numero": "8", "tipo__sigla": "PLO", "tipo__descricao": "Projeto de Lei Ordin\u00e1ria", "autoria": "Matheus Utsch de Oliveira", "texto_original": "http://sapl.pedroleopoldo.mg.leg.br/media/sapl/public/materialegislativa/2022/19870/projeto_de_lei_no_08-2022_-_matheus_-_arborizacao.docx", "ementa": "Disp\u00f5e sobre o Plano Municipal de Arboriza\u00e7\u00e3o Urbana e d\u00e1 outras provid\u00eancias."}, {"id": "19917", "ano": "2022", "numero": "9", "tipo__sigla": "PLO", "tipo__descricao": "Projeto de Lei Ordin\u00e1ria", "autoria": "Leonardo Pereira Ribeiro (Leoz\u00e3o)", "texto_original": "http://sapl.pedroleopoldo.mg.leg.br/media/sapl/public/materialegislativa/2022/19917/projeto_de_lei_no_009-2022_-_manutencao_valores_planta_iptu_e_itbi_2022_para_2023.docx", "ementa": "Congela o valor venal de im\u00f3veis constantes da planta de valores do IPTU e ITBI do Munic\u00edpio de Pedro Leopoldo."}, {"id": "19965", "ano": "2022", "numero": "10", "tipo__sigla": "PLO", "tipo__descricao": "Projeto de Lei Ordin\u00e1ria", "autoria": "Frederico Henrique Cota Alves (Fred Piau)", "texto_original": "http://sapl.pedroleopoldo.mg.leg.br/media/sapl/public/materialegislativa/2022/19965/projeto_de_lei_no_10-2022.pdf", "ementa": "Determina que a C\u00e2mara Municipal de Pedro Leopoldo seja, obrigatoriamente, notificada da libera\u00e7\u00e3o de recursos federais e estaduais para o munic\u00edpio e d\u00e1 outras provid\u00eancias."}, {"id": "19966", "ano": "2022", "numero": "11", "tipo__sigla": "PLO", "tipo__descricao": "Projeto de Lei Ordin\u00e1ria", "autoria": "Frederico Henrique Cota Alves (Fred Piau)", "texto_original": "http://sapl.pedroleopoldo.mg.leg.br/media/sapl/public/materialegislativa/2022/19966/projeto_de_lei_no_11-2022.pdf", "ementa": "Altera a reda\u00e7\u00e3o do caput do art. 7\u00ba, art. 9\u00ba e seu par\u00e1grafo \u00fanico, da Lei 3.652, de 24 de mar\u00e7o de 2022, e acresce-lhe art. 8\u00ba-A e par\u00e1grafo \u00fanico."}, {"id": "19967", "ano": "2022", "numero": "12", "tipo__sigla": "PLO", "tipo__descricao": "Projeto de Lei Ordin\u00e1ria", "autoria": "Evaldo Geraldo do Carmo (Evaldo do A\u00e7ougue)", "texto_original": "http://sapl.pedroleopoldo.mg.leg.br/media/sapl/public/materialegislativa/2022/19967/projeto_de_lei_no_12-2022.pdf", "ementa": "Altera a reda\u00e7\u00e3o do inciso IX do art. 1\u00ba da Lei Municipal n\u00ba 2.090, de 6 de outubro de 1995, a fim de incluir card\u00e1pios de merenda escolar adaptados \u00e0s necessidades dos estudantes da rede p\u00fablica municipal."}, {"id": "19969", "ano": "2022", "numero": "13", "tipo__sigla": "PLO", "tipo__descricao": "Projeto de Lei Ordin\u00e1ria", "autoria": "Matheus Utsch de Oliveira", "texto_original": "http://sapl.pedroleopoldo.mg.leg.br/media/sapl/public/materialegislativa/2022/19969/projeto_de_lei_no_13-2022.pdf", "ementa": "Acrescenta paragrafo \u00fanico \u00e0 Lei n\u00ba 3.641 de 27 de dezembro de 2021, a fim de conferir maior transpar\u00eancia \u00e0 aplica\u00e7\u00e3o do subs\u00eddio de que trata esta lei."}, {"id": "20706", "ano": "2022", "numero": "14", "tipo__sigla": "PLO", "tipo__descricao": "Projeto de Lei Ordin\u00e1ria", "autoria": "Frederico Henrique Cota Alves (Fred Piau)", "texto_original": "http://sapl.pedroleopoldo.mg.leg.br/media/sapl/public/materialegislativa/2022/20706/projeto_de_lei_no_14-2022_-_altera_o_artigo_2o_inciso_iii_da_lei_3.310_de_14_de_dezembro_de_2021.pdf", "ementa": "Altera o artigo 20, Inciso II, da lei 3.310/2012, que \u201cReconhece a pessoa com autismo como pessoa com defici\u00eancia, para fins da plena frui\u00e7\u00e3o dos direitos previstos pela legisla\u00e7\u00e3o do munic\u00edpio de Pedro Leopoldo, passa a vigorar com a seguinte reda\u00e7\u00e3o:"}, {"id": "20331", "ano": "2022", "numero": "15", "tipo__sigla": "PLO", "tipo__descricao": "Projeto de Lei Ordin\u00e1ria", "autoria": "Executivo", "texto_original": "http://sapl.pedroleopoldo.mg.leg.br/media/sapl/public/materialegislativa/2022/20331/substitutivo_ao_pl_15-22.pdf", "ementa": "Autoriza o Poder Executivo a contratar opera\u00e7\u00e3o de cr\u00e9dito com a Caixa Econ\u00f4mica Federal (CAIXA), a oferecer garantias e d\u00e1 outras provid\u00eancias. (indexa\u00e7\u00e3o: finisa, empr\u00e9stimo)"}, {"id": "20469", "ano": "2022", "numero": "16", "tipo__sigla": "PLO", "tipo__descricao": "Projeto de Lei Ordin\u00e1ria", "autoria": "Guilherme de Lima Braga (Guilherme do Doce)", "texto_original": "http://sapl.pedroleopoldo.mg.leg.br/media/sapl/public/materialegislativa/2022/20469/projeto_de_lei_16-22.pdf", "ementa": "Institui no calend\u00e1rio oficial de eventos do Munic\u00edpio de Pedro Leopoldo a Campanha de Preven\u00e7\u00e3o ao C\u00e2ncer de Pele, \"Dezembro Laranja\", a ser realizada anualmente no referido m\u00eas, e d\u00e1 outras provid\u00eancias."}, {"id": "20217", "ano": "2022", "numero": "17", "tipo__sigla": "PLO", "tipo__descricao": "Projeto de Lei Ordin\u00e1ria", "autoria": "Executivo", "texto_original": "http://sapl.pedroleopoldo.mg.leg.br/media/sapl/public/materialegislativa/2022/20217/projeto_de_lei_22-22.pdf", "ementa": "Disp\u00f5e sobre as consigna\u00e7\u00f5es em folha de pagamento de servidores p\u00fablicos municipais do Poder Executivo do Munic\u00edpio de Pedro Leopoldo e d\u00e1 outras provid\u00eancias."}, {"id": "20186", "ano": "2022", "numero": "18", "tipo__sigla": "PLO", "tipo__descricao": "Projeto de Lei Ordin\u00e1ria", "autoria": "Mesa Diretora", "texto_original": "http://sapl.pedroleopoldo.mg.leg.br/media/sapl/public/materialegislativa/2022/20186/projeto_de_lei_18-22_-_mesa_diretora.pdf", "ementa": "Autoriza a abertura de cr\u00e9dito especial no or\u00e7amento de 2022, no valor de R$ 1.500,00(hum mil e quinhentos reais) e d\u00e1 outras provid\u00eancias."}, {"id": "20250", "ano": "2022", "numero": "19", "tipo__sigla": "PLO", "tipo__descricao": "Projeto de Lei Ordin\u00e1ria", "autoria": "Executivo", "texto_original": "http://sapl.pedroleopoldo.mg.leg.br/media/sapl/public/materialegislativa/2022/20250/projeto_de_lei_19-22.pdf", "ementa": "\u201cAltera a lei municipal n\u00ba 3.641, de 27 de dezembro de 2021, a qual autoriza a concess\u00e3o de subs\u00eddio tarif\u00e1rio tempor\u00e1rio ao servi\u00e7o de transporte p\u00fablico coletivo urbano do munic\u00edpio de Pedro Leopoldo e d\u00e1 outras provid\u00eancias"}, {"id": "20191", "ano": "2022", "numero": "20", "tipo__sigla": "PLO", "tipo__descricao": "Projeto de Lei Ordin\u00e1ria", "autoria": "Executivo", "texto_original": "http://sapl.pedroleopoldo.mg.leg.br/media/sapl/public/materialegislativa/2022/20191/projeto_lei_20-2022.pdf", "ementa": "DISP\u00d5E SOBRE A AMPLIA\u00c7\u00c3O DO LIMITE PARA ABERTURA DE CR\u00c9DITOS SUPLEMENTARES POR SUPERAVIT DURANTE A EXECU\u00c7\u00c3O DO OR\u00c7AMENTO MUNICIPAL NO EXERC\u00cdCIO DE 2022 E ALTERA A REDA\u00c7\u00c3O DO ART. 5\u00ba DA LEI MUNICIPAL N\u00ba 3.633, DE 21 DE DEZEMBRO DE 2021."}, {"id": "20192", "ano": "2022", "numero": "21", "tipo__sigla": "PLO", "tipo__descricao": "Projeto de Lei Ordin\u00e1ria", "autoria": "Executivo", "texto_original": "http://sapl.pedroleopoldo.mg.leg.br/media/sapl/public/materialegislativa/2022/20192/projeto_de_lei._21-2022.pdf", "ementa": "DISP\u00d5E SOBRE A REVIS\u00c3O GERAL DOS VENCIMENTOS DOS SERVIDORES P\u00daBLICOS E DOS SUBS\u00cdDIOS E DOS AGENTES POL\u00cdTICOS DA PREFEITURA MUNICIPAL DE PEDRO LEOPOLDO, NOS TERMOS DO DISPOSTO NO ARTIGO 37, X, DA CONSTITUI\u00c7\u00c3O FEDERAL E D\u00c1 OUTRAS PROVID\u00caNCIAS."}, {"id": "20196", "ano": "2022", "numero": "22", "tipo__sigla": "PLO", "tipo__descricao": "Projeto de Lei Ordin\u00e1ria", "autoria": "Executivo", "texto_original": "http://sapl.pedroleopoldo.mg.leg.br/media/sapl/public/materialegislativa/2022/20196/projeto_de_lei_22-22.pdf", "ementa": "Altera a Lei Municipal n\u00ba 3.369, de 10 de Mar\u00e7o de 2014. \"Disp\u00f5e sobre concess\u00e3o de aux\u00edlio alimenta\u00e7\u00e3o para os servidores do Poder Executivo do Munic\u00edpio de Pedro Leopoldo\"."}, {"id": "20197", "ano": "2022", "numero": "23", "tipo__sigla": "PLO", "tipo__descricao": "Projeto de Lei Ordin\u00e1ria", "autoria": "Executivo", "texto_original": "http://sapl.pedroleopoldo.mg.leg.br/media/sapl/public/materialegislativa/2022/20197/projeto_de_lei_23-2022.pdf", "ementa": "DISP\u00d5ES SOBRE O PAGAMENTO DO PISO NACIONAL DOS AGENTES COMUNIT\u00c1RIOS DE SA\u00daDE E OS AGENTES DE COMBATE \u00c0S ENDEMIAS E D\u00c1 OUTRAS PROVID\u00caNCIAS."}, {"id": "20220", "ano": "2022", "numero": "24", "tipo__sigla": "PLO", "tipo__descricao": "Projeto de Lei Ordin\u00e1ria", "autoria": "Executivo", "texto_original": "http://sapl.pedroleopoldo.mg.leg.br/media/sapl/public/materialegislativa/2022/20220/projeto_de_lei_24-22.pdf", "ementa": "Disp\u00f5e sobre a concess\u00e3o de gratifica\u00e7\u00e3o financeira aos servidores lotados na Secretaria Municipal de Educa\u00e7\u00e3o, na forma que especifica."}, {"id": "20342", "ano": "2022", "numero": "25", "tipo__sigla": "PLO", "tipo__descricao": "Projeto de Lei Ordin\u00e1ria", "autoria": "Executivo", "texto_original": "http://sapl.pedroleopoldo.mg.leg.br/media/sapl/public/materialegislativa/2022/20342/projeto_de_lei_no_25-2022_-_prefeita_-_altera_lei_3446_-_uso_e_ocupacao_do_solo.pdf", "ementa": "Altera a Lei 3.446, de 16 de maio de 2016, que disp\u00f5e sobre o parcelamento, zoneamento, uso e a ocupa\u00e7\u00e3o do solo urbano no Munic\u00edpio de Pedro Leopoldo e d\u00e1 outras provid\u00eancias."}, {"id": "20315", "ano": "2022", "numero": "26", "tipo__sigla": "PLO", "tipo__descricao": "Projeto de Lei Ordin\u00e1ria", "autoria": "Leonardo Pereira Ribeiro (Leoz\u00e3o)", "texto_original": "http://sapl.pedroleopoldo.mg.leg.br/media/sapl/public/materialegislativa/2022/20315/projeto_de_lei_26-22.pdf", "ementa": "Altera a Lei Municipal n\u00ba 3.618, de 1\u00ba de outubro de 2021"}, {"id": "20345", "ano": "2022", "numero": "27", "tipo__sigla": "PLO", "tipo__descricao": "Projeto de Lei Ordin\u00e1ria", "autoria": "Executivo", "texto_original": "http://sapl.pedroleopoldo.mg.leg.br/media/sapl/public/materialegislativa/2022/20345/projeto_de_lei_no_27-2022_-_lei_de_diretrizes_orcamentarias_-_ldo_-_prefeita.pdf", "ementa": "Disp\u00f5e sobre as Diretrizes \u00e0 elabora\u00e7\u00e3o do or\u00e7amento do Munic\u00edpio de Pedro Leopoldo para o Exerc\u00edcio de 2023 e d\u00e1 outras provid\u00eancias."}, {"id": "20275", "ano": "2022", "numero": "28", "tipo__sigla": "PLO", "tipo__descricao": "Projeto de Lei Ordin\u00e1ria", "autoria": "Executivo", "texto_original": "http://sapl.pedroleopoldo.mg.leg.br/media/sapl/public/materialegislativa/2022/20275/projeto_de_lei_28-22_-_prefeita.pdf", "ementa": "Institui o piso salarial m\u00ednimo para servidores da Prefeitura Municipal de Pedro Leopoldo e d\u00e1 outras provid\u00eancias."}, {"id": "20310", "ano": "2022", "numero": "29", "tipo__sigla": "PLO", "tipo__descricao": "Projeto de Lei Ordin\u00e1ria", "autoria": "Evaldo Geraldo do Carmo (Evaldo do A\u00e7ougue)", "texto_original": "http://sapl.pedroleopoldo.mg.leg.br/media/sapl/public/materialegislativa/2022/20310/projeto_de_lei_29-22_-_tdah.pdf", "ementa": "Disp\u00f5e sobre a obrigatoriedade de acomodar alunos portadores de Transtorno do D\u00e9ficit de Aten\u00e7\u00e3o e Hiperatividade - TDAH na primeira fileira das escolas no Munic\u00edpio de Pedro Leopoldo e d\u00e1 outras provid\u00eancias."}, {"id": "20338", "ano": "2022", "numero": "30", "tipo__sigla": "PLO", "tipo__descricao": "Projeto de Lei Ordin\u00e1ria", "autoria": "Eldir Jos\u00e9 Batista (Baixinho da Garagem)", "texto_original": "http://sapl.pedroleopoldo.mg.leg.br/media/sapl/public/materialegislativa/2022/20338/projeto_de_lei_no_30_de_2022.pdf", "ementa": "Acrescenta par\u00e1grafo \u00fanico ao artigo 1\u00ba da Lei Municipal 3625, de 26 de novembro de 2021, que instituiu o Programa REFIS 2021."}, {"id": "20339", "ano": "2022", "numero": "31", "tipo__sigla": "PLO", "tipo__descricao": "Projeto de Lei Ordin\u00e1ria", "autoria": "Leonardo Pereira Ribeiro (Leoz\u00e3o), Frederico Henrique Cota Alves (Fred Piau)", "texto_original": "http://sapl.pedroleopoldo.mg.leg.br/media/sapl/public/materialegislativa/2022/20339/projeto_de_lei_n.o_31-2022_-_altera_a_redacao_dos_artigos_3839_e_40_do_codigo_de_posturas.doc", "ementa": "Altera a reda\u00e7\u00e3o os artigos 38, 39 e 40 da Lei Municipal 2.205, de 2.205, de 27 de agosto 1996."}, {"id": "20403", "ano": "2022", "numero": "32", "tipo__sigla": "PLO", "tipo__descricao": "Projeto de Lei Ordin\u00e1ria", "autoria": "Executivo", "texto_original": "http://sapl.pedroleopoldo.mg.leg.br/media/sapl/public/materialegislativa/2022/20403/projeto_de_lei_iptu_prefeita.pdf", "ementa": "Autoriza o Poder Executivo a Conceder desconto no Imposto de Predial Territorial Urbano - IPTU ou restituir em pec\u00fania aos contribuintes, pessoas f\u00edsicas ou jur\u00eddicas, que transferirem o registro de ve\u00edculo de sua propriedade, junto ao DETRAN, para o munic\u00edpio de Pedro Leopoldo e pagar o Imposto Sobre a Propriedade de Ve\u00edculos Automotores -  IPVA no mun\u00edcipio e d\u00e1 outras prov\u00edd\u00eancias."}, {"id": "20468", "ano": "2022", "numero": "33", "tipo__sigla": "PLO", "tipo__descricao": "Projeto de Lei Ordin\u00e1ria", "autoria": "Rafael Vieira Faria (Rafa)", "texto_original": "http://sapl.pedroleopoldo.mg.leg.br/media/sapl/public/materialegislativa/2022/20468/projeto_de_lei_no_33-2022_-_acrescenta_ao_capitulo_iii_da_lei_municipal_no_2.205_de_27_de_agosto_de_1996_-_codigo_de_postura_do_municipio_de_pedro_leopoldo.pdf", "ementa": "Acrescenta ao cap\u00edtulo III da Lei Municipal n.\u00ba 2.205 de 27 de agosto de 1966 - C\u00f3digo de Postura do Munic\u00edpio de Pedro Leopoldo - o art. 34-A visando instituir infra\u00e7\u00e3o administrativa em virtude da utiliza\u00e7\u00e3o, comercializa\u00e7\u00e3o, distribui\u00e7\u00e3o e armazenamento de trilhas com cerol e linhas cortantes."}, {"id": "20402", "ano": "2022", "numero": "34", "tipo__sigla": "PLO", "tipo__descricao": "Projeto de Lei Ordin\u00e1ria", "autoria": "Executivo", "texto_original": "http://sapl.pedroleopoldo.mg.leg.br/media/sapl/public/materialegislativa/2022/20402/projeto_de_lei_sistema_tributario-_autoria_prefeita.pdf", "ementa": "Altera a Lei Municipal n\u00b0 2909, de 29 dezembro de 2006, a qual disp\u00f5e sobre o Sistema Tribunal Municipal e estabelece Normas de Direito Tribut\u00e1rio, altera a Lei Municipal n\u00b0 3428, de 26 de novembro de 2015, e d\u00e1 outras provid\u00eancias."}, {"id": "20707", "ano": "2022", "numero": "35", "tipo__sigla": "PLO", "tipo__descricao": "Projeto de Lei Ordin\u00e1ria", "autoria": "Executivo", "texto_original": "http://sapl.pedroleopoldo.mg.leg.br/media/sapl/public/materialegislativa/2022/20707/projeto_de_lei_35-22.pdf", "ementa": "Cria o Fundo Municipal de Prote\u00e7\u00e3o ao Patrim\u00f4nio Cultural de Pedro Leopoldo - FUMPAC  e d\u00e1 outras provid\u00eancias."}, {"id": "20493", "ano": "2022", "numero": "36", "tipo__sigla": "PLO", "tipo__descricao": "Projeto de Lei Ordin\u00e1ria", "autoria": "Executivo", "texto_original": "http://sapl.pedroleopoldo.mg.leg.br/media/sapl/public/materialegislativa/2022/20493/projeto_de_lei_36-22.pdf", "ementa": "Autoriza a abertura de cr\u00e9dito adicional suplementar no or\u00e7amento de 2022."}, {"id": "20516", "ano": "2022", "numero": "37", "tipo__sigla": "PLO", "tipo__descricao": "Projeto de Lei Ordin\u00e1ria", "autoria": "Executivo", "texto_original": "http://sapl.pedroleopoldo.mg.leg.br/media/sapl/public/materialegislativa/2022/20516/projeto_de_lei_37-22_-_conselho_idoso_-_prefeita_municipal.pdf", "ementa": "\u201cAltera a Lei Municipal n\u00ba 2.741, de 02 de abril de 2004 (com altera\u00e7\u00f5es posteriores), a qual cria o Conselho Municipal do Idoso no Mun\u00edcipio de Pedro Leopoldo, disp\u00f5e sobre a Pol\u00edtica de Assist\u00eancia ao Idoso e d\u00e1 outras provid\u00eancias. \u201d"}, {"id": "20549", "ano": "2022", "numero": "38", "tipo__sigla": "PLO", "tipo__descricao": "Projeto de Lei Ordin\u00e1ria", "autoria": "Mesa Diretora", "texto_original": "http://sapl.pedroleopoldo.mg.leg.br/media/sapl/public/materialegislativa/2022/20549/projeto_de_lei_38-22_-_altera_plano_cargos_e_vencimentos.pdf", "ementa": "Altera o art. 38-A e altera os anexos I, II e VII da Lei Municipal n\u00ba 3.597, de 15 de abril de 2021, que: Institui o Plano de Cargos, Carreiras e Vencimentos dos servidores p\u00fablicos do Poder Legislativo do Munic\u00edpio de Pedro Leopoldo e d\u00e1 provid\u00eancias."}, {"id": "20590", "ano": "2022", "numero": "39", "tipo__sigla": "PLO", "tipo__descricao": "Projeto de Lei Ordin\u00e1ria", "autoria": "Executivo", "texto_original": "http://sapl.pedroleopoldo.mg.leg.br/media/sapl/public/materialegislativa/2022/20590/projeto_de_lei_39-2022_-_prefeita.pdf", "ementa": "Disp\u00f5e sobre a amplia\u00e7\u00e3o do limite para abertura de cr\u00e9ditos suplementares durante a execu\u00e7\u00e3o do or\u00e7amento municipal no exerc\u00edcio de 2022 e altera a reda\u00e7\u00e3o do Art. 5\u00ba da Lei Municipal n\u00ba 3.633, de 21 dezembro 2.021."}, {"id": "20613", "ano": "2022", "numero": "40", "tipo__sigla": "PLO", "tipo__descricao": "Projeto de Lei Ordin\u00e1ria", "autoria": "Executivo", "texto_original": "http://sapl.pedroleopoldo.mg.leg.br/media/sapl/public/materialegislativa/2022/20613/projeto_de_lei_no_40-2022_-_loa.pdf", "ementa": "Lei Or\u00e7ament\u00e1ria Anual - Estima a receita e fixa as despesas do Munic\u00edpio de Pedro Leopoldo para o exerc\u00edcio financeiro de 2023."}, {"id": "20660", "ano": "2022", "numero": "41", "tipo__sigla": "PLO", "tipo__descricao": "Projeto de Lei Ordin\u00e1ria", "autoria": "Executivo", "texto_original": "http://sapl.pedroleopoldo.mg.leg.br/media/sapl/public/materialegislativa/2022/20660/projeto_de_lei_no_41-2022_-_prefeita.pdf", "ementa": "Altera a Lei Municipal n2 3.641, de 27 de dezembro de 2021, a qual Autoriza a concess\u00e3o de subs\u00eddio tarif\u00e1rio tempor\u00e1rio ao Servi\u00e7o de Transporte P\u00fablico Coletivo Urbano do Munic\u00edpio de Pedro Leopoldo e d\u00e1 outras provid\u00eancias."}, {"id": "20661", "ano": "2022", "numero": "42", "tipo__sigla": "PLO", "tipo__descricao": "Projeto de Lei Ordin\u00e1ria", "autoria": "Frederico Henrique Cota Alves (Fred Piau)", "texto_original": "http://sapl.pedroleopoldo.mg.leg.br/media/sapl/public/materialegislativa/2022/20661/projeto_de_lei_no_42-2022_-_frederico_-_politica_contra_leishmaniose.pdf", "ementa": "Disp\u00f5e sobre a Pol\u00edtica Municipal Contra a Leishmaniose."}, {"id": "20693", "ano": "2022", "numero": "43", "tipo__sigla": "PLO", "tipo__descricao": "Projeto de Lei Ordin\u00e1ria", "autoria": "Frederico Henrique Cota Alves (Fred Piau)", "texto_original": "http://sapl.pedroleopoldo.mg.leg.br/media/sapl/public/materialegislativa/2022/20693/projeto_de_lei_no_43-2022_-_fred_-_fundeb_transparente.pdf", "ementa": "Disp\u00f5e sobre a cria\u00e7\u00e3o do \u201cFUNDEB transparente\u201d, portal de transpar\u00eancia da aplica\u00e7\u00e3o dos recursos do Fundo de Manuten\u00e7\u00e3o e Desenvolvimento da Educa\u00e7\u00e3o B\u00e1sica e de Valoriza\u00e7\u00e3o dos Profissionais da Educa\u00e7\u00e3o, no Munic\u00edpio de Pedro Leopoldo."}, {"id": "20694", "ano": "2022", "numero": "44", "tipo__sigla": "PLO", "tipo__descricao": "Projeto de Lei Ordin\u00e1ria", "autoria": "Matheus Utsch de Oliveira", "texto_original": "http://sapl.pedroleopoldo.mg.leg.br/media/sapl/public/materialegislativa/2022/20694/projeto_de_lei_no_44-2022_-_matheus_-_adote_uma_arvore.pdf", "ementa": "Cria o Projeto \u201cAdote uma \u00c1rvore\u201d \u2013 Pedro Leopoldo mais verde.\r\nmeio-ambiente"}, {"id": "20695", "ano": "2022", "numero": "45", "tipo__sigla": "PLO", "tipo__descricao": "Projeto de Lei Ordin\u00e1ria", "autoria": "Executivo", "texto_original": "http://sapl.pedroleopoldo.mg.leg.br/media/sapl/public/materialegislativa/2022/20695/projeto_de_lei_no_45-2022_-_prefeita_-_altera_lei_3589.pdf", "ementa": "Altera a Lei Municipal n.\u00ba 3.589, de 16 de dezembro de 2020, a qual estabelece normas \u00e0 Concess\u00e3o de Direito Real de Uso de Im\u00f3veis do Munic\u00edpio de Pedro Leopoldo e d\u00e1 outras provid\u00eancias."}, {"id": "20725", "ano": "2022", "numero": "46", "tipo__sigla": "PLO", "tipo__descricao": "Projeto de Lei Ordin\u00e1ria", "autoria": "Frederico Henrique Cota Alves (Fred Piau)", "texto_original": "http://sapl.pedroleopoldo.mg.leg.br/media/sapl/public/materialegislativa/2022/20725/projeto_de_lei_no_46-2022_-_frederico_-_publicacao_decreto_abert._cred.pdf", "ementa": "Torna obrigat\u00f3ria a publica\u00e7\u00e3o da exposi\u00e7\u00e3o justificativa nos decretos de abertura de cr\u00e9ditos suplementares e especiais."}, {"id": "20726", "ano": "2022", "numero": "47", "tipo__sigla": "PLO", "tipo__descricao": "Projeto de Lei Ordin\u00e1ria", "autoria": "Mesa Diretora", "texto_original": "http://sapl.pedroleopoldo.mg.leg.br/media/sapl/public/materialegislativa/2022/20726/projeto_de_lei_no_47-2022_-_mesa_-_altera_a_loa.pdf", "ementa": "Altera a Lei 3.633, de 21 de dezembro de 2021 - Lei Or\u00e7ament\u00e1ria Anual para o exerc\u00edcio de 2022."}, {"id": "20789", "ano": "2022", "numero": "48", "tipo__sigla": "PLO", "tipo__descricao": "Projeto de Lei Ordin\u00e1ria", "autoria": "Frederico Henrique Cota Alves (Fred Piau)", "texto_original": "http://sapl.pedroleopoldo.mg.leg.br/media/sapl/public/materialegislativa/2022/20789/projeto_de_lei_no_48-2022.pdf", "ementa": "Institui o Programa Solidare PET - Farm\u00e1cia Veterin\u00e1ria Solid\u00e1ria, o qual disp\u00f5e acerca do recebimento de doa\u00e7\u00f5es, coleta, reaproveitamento, sele\u00e7\u00e3o, armazenamento, distribui\u00e7\u00e3o gratuita e descarte de produtos de uso veterin\u00e1rio no \u00e2mbito do Munic\u00edpio de Pedro Leopoldo e d\u00e1 outras provid\u00eancias."}, {"id": "20790", "ano": "2022", "numero": "49", "tipo__sigla": "PLO", "tipo__descricao": "Projeto de Lei Ordin\u00e1ria", "autoria": "Executivo", "texto_original": "http://sapl.pedroleopoldo.mg.leg.br/media/sapl/public/materialegislativa/2022/20790/projeto_de_lei_no_49-2022.pdf", "ementa": "Altera a Lei Municipal 1.812, de 29 de abril de 1.992. - INSTITUI O REGIME JUR\u00cdDICO \u00daNICO DOS SERVIDORES P\u00daBLICOS MUNICIPAIS, ALTERA A LEI 160, DE 08 DE MAIO DE 1.958 E D\u00c1 OUTRAS PROVID\u00caNCIAS. ESTATUTO"}, {"id": "20809", "ano": "2022", "numero": "50", "tipo__sigla": "PLO", "tipo__descricao": "Projeto de Lei Ordin\u00e1ria", "autoria": "Frederico Henrique Cota Alves (Fred Piau)", "texto_original": "http://sapl.pedroleopoldo.mg.leg.br/media/sapl/public/materialegislativa/2022/20809/projeto_de_lei_no_50-2022.pdf", "ementa": "Disp\u00f5e sobre a Pol\u00edtica de Aten\u00e7\u00e3o Integral \u00e0 Sa\u00fade das Pessoas com Doen\u00e7as Raras no Munic\u00edpio."}, {"id": "20810", "ano": "2022", "numero": "51", "tipo__sigla": "PLO", "tipo__descricao": "Projeto de Lei Ordin\u00e1ria", "autoria": "Matheus Utsch de Oliveira", "texto_original": "http://sapl.pedroleopoldo.mg.leg.br/media/sapl/public/materialegislativa/2022/20810/projeto_de_lei_no_51-2022.pdf", "ementa": "Institui o Programa de ado\u00e7\u00e3o de pra\u00e7as e espa\u00e7os p\u00fablicos do Munic\u00edpio."}, {"id": "20846", "ano": "2022", "numero": "52", "tipo__sigla": "PLO", "tipo__descricao": "Projeto de Lei Ordin\u00e1ria", "autoria": "Executivo", "texto_original": "http://sapl.pedroleopoldo.mg.leg.br/media/sapl/public/materialegislativa/2022/20846/projeto_de_lei_no_52-2022.pdf", "ementa": "Autoriza abertura de Cr\u00e9dito Adicional Suplementar"}, {"id": "20847", "ano": "2022", "numero": "53", "tipo__sigla": "PLO", "tipo__descricao": "Projeto de Lei Ordin\u00e1ria", "autoria": "Executivo", "texto_original": "http://sapl.pedroleopoldo.mg.leg.br/media/sapl/public/materialegislativa/2022/20847/projeto_de_lei_no_53-2022.pdf", "ementa": "Concede reajuste aos professionais do Magist\u00e9rio da Rede Municipal de Ensino e d\u00e1 outras provid\u00eancias."}, {"id": "20848", "ano": "2022", "numero": "54", "tipo__sigla": "PLO", "tipo__descricao": "Projeto de Lei Ordin\u00e1ria", "autoria": "Executivo", "texto_original": "http://sapl.pedroleopoldo.mg.leg.br/media/sapl/public/materialegislativa/2022/20848/projeto_de_lei_no_54-2022.pdf", "ementa": "Altera as Lei Municipais n\u00ba 3.115, de 19 de outubro de 2019, 2.853, de 1\u00ba de janeiro de 2006 e cria a Secretaria Municipal de Governo e Desenvolvimento Econ\u00f4mico, a Secretaria Municipal de Juventude, Esportes e Direitos Humanos e a Secretaria Municipal de Comunica\u00e7\u00e3o e Ouvidoria e d\u00e1 outras provid\u00eancias"}, {"id": "20905", "ano": "2022", "numero": "55", "tipo__sigla": "PLO", "tipo__descricao": "Projeto de Lei Ordin\u00e1ria", "autoria": "Guilherme de Lima Braga (Guilherme do Doce), Matheus Utsch de Oliveira, Mauro J\u00fanior Lopes Francisco, Warlen Alves da Silva", "texto_original": "http://sapl.pedroleopoldo.mg.leg.br/media/sapl/public/materialegislativa/2022/20905/projeto_de_lei_no_55-2022.pdf", "ementa": "Acrescenta \u00a7\u00a7 1\u00ba e 2\u00ba ao art. 4\u00ba da Lei Municipal n\u00ba 3.508, de 30 de novembro de 2018, que: \"Define no Munic\u00edpio de Pedro Leopoldo, os benef\u00edcios eventuais da Assist\u00eancia Social de que trata o art. 22, da Lei Federal n\u00ba 8.742, de 7 de dezembro de 1993 \u2014 Lei Org\u00e2nica da Assist\u00eancia Social (LOAS) \u2014 e art. 15 da Lei Municipal n\u00ba 3.450, de 21 de dezembro de 2016 \u2014 que regulamenta o SUAS em \u00e2mbito municipal. (AUTORES SOLICITARAM A RETIRADA)"}, {"id": "20906", "ano": "2022", "numero": "56", "tipo__sigla": "PLO", "tipo__descricao": "Projeto de Lei Ordin\u00e1ria", "autoria": "Frederico Henrique Cota Alves (Fred Piau)", "texto_original": "http://sapl.pedroleopoldo.mg.leg.br/media/sapl/public/materialegislativa/2022/20906/projeto_de_lei_no_56-2022.pdf", "ementa": "Disp\u00f5e sobre a institui\u00e7\u00e3o do Selo \"Empresa Amiga do Esporte e do Lazer\" no Munic\u00edpio de Pedro Leopoldo."}, {"id": "20929", "ano": "2022", "numero": "57", "tipo__sigla": "PLO", "tipo__descricao": "Projeto de Lei Ordin\u00e1ria", "autoria": "Executivo", "texto_original": "http://sapl.pedroleopoldo.mg.leg.br/media/sapl/public/materialegislativa/2022/20929/projeto_de_lei_no_57-2022.pdf", "ementa": "Altera a Lei Municipal n\u00ba 3.568, de 03 de Abril de 2020, que instituiu a Gratifica\u00e7\u00e3o do Regime de Sobreaviso dos Servidores da Ger\u00eancia de Tecnologia da Informa\u00e7\u00e3o - GRSSGTI e d\u00e1 outras provid\u00eancias."}, {"id": "20930", "ano": "2022", "numero": "58", "tipo__sigla": "PLO", "tipo__descricao": "Projeto de Lei Ordin\u00e1ria", "autoria": "Executivo", "texto_original": "http://sapl.pedroleopoldo.mg.leg.br/media/sapl/public/materialegislativa/2022/20930/projeto_de_lei_no_58-2022.pdf", "ementa": "Disp\u00f5e sobre descontos, isen\u00e7\u00f5es e redu\u00e7\u00f5es no pagamento do Imposto sobre a Propriedade Predial e Territorial Urbana \u2014 IPTU, referente ao exerc\u00edcio de 2023."}, {"id": "20931", "ano": "2022", "numero": "59", "tipo__sigla": "PLO", "tipo__descricao": "Projeto de Lei Ordin\u00e1ria", "autoria": "Executivo", "texto_original": "http://sapl.pedroleopoldo.mg.leg.br/media/sapl/public/materialegislativa/2022/20931/projeto_de_lei_no_59-2022.pdf", "ementa": "Altera a Lei n\u00ba 3.690, de 29 de novembro de 2022, a qual concede reajuste aos profissionais do Magist\u00e9rio da Rede Municipal de Ensino e d\u00e1 outras provid\u00eancias."}, {"id": "20950", "ano": "2022", "numero": "60", "tipo__sigla": "PLO", "tipo__descricao": "Projeto de Lei Ordin\u00e1ria", "autoria": "Executivo", "texto_original": "http://sapl.pedroleopoldo.mg.leg.br/media/sapl/public/materialegislativa/2022/20950/projeto_de_lei_ordinaria_no_60_de_2022.pdf", "ementa": "Institui a Contribui\u00e7\u00e3o para Custeio do Servi\u00e7o de Ilumina\u00e7\u00e3o P\u00fablica - CIP."}, {"id": "21012", "ano": "2022", "numero": "61", "tipo__sigla": "PLO", "tipo__descricao": "Projeto de Lei Ordin\u00e1ria", "autoria": "Mesa Diretora", "texto_original": "http://sapl.pedroleopoldo.mg.leg.br/media/sapl/public/materialegislativa/2022/21012/projeto_programa_desligamento_voluntario_pdv_09-02-23.pdf", "ementa": "Institui o Programa de Desligamento Volunt\u00e1rio de Servidores P\u00fablicos Efetivos da C\u00e2mara Municipal de Pedro Leopoldo e d\u00e1 outras provid\u00eancias."}, {"id": "19789", "ano": "2022", "numero": "1", "tipo__sigla": "PRE", "tipo__descricao": "Projeto de Resolu\u00e7\u00e3o", "autoria": "Warlen Alves da Silva", "texto_original": "http://sapl.pedroleopoldo.mg.leg.br/media/sapl/public/materialegislativa/2022/19789/projeto_de_resolucao_no_01-2022.pdf", "ementa": "Concede Medalha Terceira Idade C\u00e9sar Juli\u00e3o Cec\u00e9 de Sales ao Senhor Osmar da Costa, e d\u00e1 outras provid\u00eancias."}, {"id": "19860", "ano": "2022", "numero": "2", "tipo__sigla": "PRE", "tipo__descricao": "Projeto de Resolu\u00e7\u00e3o", "autoria": "Mesa Diretora", "texto_original": "http://sapl.pedroleopoldo.mg.leg.br/media/sapl/public/materialegislativa/2022/19860/projeto_de_resolucao_no_02-2022.pdf", "ementa": "Revoga os incisos XIX e XX do artigo 2\u00ba da Resolu\u00e7\u00e3o n\u00ba 848 de de 02 de agosto de 2021, que: \"Institui a Honraria Legislativa Servidor P\u00fablico Destaque do Ano\"."}, {"id": "19871", "ano": "2022", "numero": "3", "tipo__sigla": "PRE", "tipo__descricao": "Projeto de Resolu\u00e7\u00e3o", "autoria": "Eldir Jos\u00e9 Batista (Baixinho da Garagem), Frederico Henrique Cota Alves (Fred Piau), Guilherme de Lima Braga (Guilherme do Doce), Leonardo Pereira Ribeiro (Leoz\u00e3o), Matheus Utsch de Oliveira, Mauro J\u00fanior Lopes Francisco, Warlen Alves da Silva", "texto_original": "http://sapl.pedroleopoldo.mg.leg.br/media/sapl/public/materialegislativa/2022/19871/projeto_resolucao_03-2022_-_subst_ri_-_05-09-22_14h.pdf", "ementa": "Disp\u00f5e sobre o Regimento Interno da C\u00e2mara Municipal de Pedro Leopoldo."}, {"id": "19970", "ano": "2022", "numero": "4", "tipo__sigla": "PRE", "tipo__descricao": "Projeto de Resolu\u00e7\u00e3o", "autoria": "Mesa Diretora", "texto_original": "http://sapl.pedroleopoldo.mg.leg.br/media/sapl/public/materialegislativa/2022/19970/projeto_de_resolucao_no_004-2022.pdf", "ementa": "Disp\u00f5e sobre as consigna\u00e7\u00f5es em folha de pagamento de servidores p\u00fablicos municipais do Poder Legislativo do Munic\u00edpio de Pedro Leopoldo."}, {"id": "19974", "ano": "2022", "numero": "5", "tipo__sigla": "PRE", "tipo__descricao": "Projeto de Resolu\u00e7\u00e3o", "autoria": "Jos\u00e9 Justino Pires Damaso", "texto_original": "http://sapl.pedroleopoldo.mg.leg.br/media/sapl/public/materialegislativa/2022/19974/projeto_de_resolucao_no_05-2022.pdf", "ementa": "Institui a Honraria Legislativa \"Aluno(a) Nota 10\", e d\u00e1 outras provid\u00eancias."}, {"id": "20108", "ano": "2022", "numero": "6", "tipo__sigla": "PRE", "tipo__descricao": "Projeto de Resolu\u00e7\u00e3o", "autoria": "Mesa Diretora", "texto_original": "http://sapl.pedroleopoldo.mg.leg.br/media/sapl/public/materialegislativa/2022/20108/projeto_resolucao_06-22_-_mesa_diretora.pdf", "ementa": "Cria a Escola do Legislativo Ver. Renato Carvalho de Andrade Pinto, da C\u00e2mara Municipal de Pedro Leopoldo e d\u00e1 outras provid\u00eancias."}, {"id": "20109", "ano": "2022", "numero": "7", "tipo__sigla": "PRE", "tipo__descricao": "Projeto de Resolu\u00e7\u00e3o", "autoria": "Mesa Diretora", "texto_original": "http://sapl.pedroleopoldo.mg.leg.br/media/sapl/public/materialegislativa/2022/20109/projeto_resolucao_07-22.pdf", "ementa": "Autoriza a C\u00e2mara Municipal de Pedro Leopoldo a celebrar conv\u00eanio com a ABEL (Associa\u00e7\u00e3o Brasileira de Escolas do Legislativo) e de contas e d\u00e1 outras provid\u00eancias."}, {"id": "20187", "ano": "2022", "numero": "8", "tipo__sigla": "PRE", "tipo__descricao": "Projeto de Resolu\u00e7\u00e3o", "autoria": "Eldir Jos\u00e9 Batista (Baixinho da Garagem)", "texto_original": "http://sapl.pedroleopoldo.mg.leg.br/media/sapl/public/materialegislativa/2022/20187/projeto_de_resolucao_-_08-2022.pdf", "ementa": "Concede T\u00edtulo de Cidad\u00e3o Honor\u00e1rio a L\u00e1zaro Carvalho e d\u00e1 outras provid\u00eancias."}, {"id": "20332", "ano": "2022", "numero": "9", "tipo__sigla": "PRE", "tipo__descricao": "Projeto de Resolu\u00e7\u00e3o", "autoria": "Mesa Diretora", "texto_original": "http://sapl.pedroleopoldo.mg.leg.br/media/sapl/public/materialegislativa/2022/20332/projeto_de_resolucao_no_09-2022.pdf", "ementa": "Altera o  \u00a7  do artigo 6\u00ba da resolu\u00e7\u00e3o n\u00ba 780, de 06 de Novembro de 2017."}, {"id": "20337", "ano": "2022", "numero": "10", "tipo__sigla": "PRE", "tipo__descricao": "Projeto de Resolu\u00e7\u00e3o", "autoria": "Leonardo Pereira Ribeiro (Leoz\u00e3o)", "texto_original": "http://sapl.pedroleopoldo.mg.leg.br/media/sapl/public/materialegislativa/2022/20337/projeto_de_resolucao_no_10-2022.pdf", "ementa": "Concede t\u00edtulo de Cidadania Honor\u00e1ria a Dr. Pablo Hugo Ferreira Oliveira  pelos relevantes servi\u00e7os prestados ao Munic\u00edpio de Pedro Leopoldo."}, {"id": "20601", "ano": "2022", "numero": "11", "tipo__sigla": "PRE", "tipo__descricao": "Projeto de Resolu\u00e7\u00e3o", "autoria": "Comiss\u00e3o de Finan\u00e7as P\u00fablicas", "texto_original": "http://sapl.pedroleopoldo.mg.leg.br/media/sapl/public/materialegislativa/2022/20601/projeto_de_resolucao_no_11-2022_-_aprova_contas_prefeito.pdf", "ementa": "Aprova as contas de gest\u00e3o do Prefeito Municipal de Pedro Leopoldo/MG, Sr. Cristiano Elias dos Reis Costa, referente ao exerc\u00edcio de 2020, de autoria da Comiss\u00e3o de Finan\u00e7as P\u00fablicas."}, {"id": "20727", "ano": "2022", "numero": "12", "tipo__sigla": "PRE", "tipo__descricao": "Projeto de Resolu\u00e7\u00e3o", "autoria": "Mesa Diretora", "texto_original": "http://sapl.pedroleopoldo.mg.leg.br/media/sapl/public/materialegislativa/2022/20727/projeto_de_resolucao_no_12-2022_-_mesa_-_deliberacao_remota.pdf", "ementa": "Institui o Sistema de Delibera\u00e7\u00e3o Remota na C\u00e2mara Municipal de Pedro Leopoldo e d\u00e1 outras provid\u00eancias."}, {"id": "20728", "ano": "2022", "numero": "13", "tipo__sigla": "PRE", "tipo__descricao": "Projeto de Resolu\u00e7\u00e3o", "autoria": "Mesa Diretora", "texto_original": "http://sapl.pedroleopoldo.mg.leg.br/media/sapl/public/materialegislativa/2022/20728/projeto_de_resolucao_no_13_de_2022.pdf", "ementa": "Altera o art. 1\u00ba, o inc. IV e o \u00a71\u00ba do art. 5\u00ba da Resolu\u00e7\u00e3o n\u00ba 656, de 16 de mar\u00e7o de 2009."}, {"id": "20811", "ano": "2022", "numero": "14", "tipo__sigla": "PRE", "tipo__descricao": "Projeto de Resolu\u00e7\u00e3o", "autoria": "Matheus Utsch de Oliveira", "texto_original": "http://sapl.pedroleopoldo.mg.leg.br/media/sapl/public/materialegislativa/2022/20811/projeto_de_resolucao_no_14-2022.pdf", "ementa": "Concede T\u00edtulo de Cidadania Honor\u00e1ria a Fl\u00e1vio Oliveira de Almeida."}, {"id": "20813", "ano": "2022", "numero": "15", "tipo__sigla": "PRE", "tipo__descricao": "Projeto de Resolu\u00e7\u00e3o", "autoria": "Leonardo Pereira Ribeiro (Leoz\u00e3o)", "texto_original": "http://sapl.pedroleopoldo.mg.leg.br/media/sapl/public/materialegislativa/2022/20813/projeto_de_resolucao_no_15-2022.pdf", "ementa": "Concede T\u00edtulo de Cidad\u00e3o Benem\u00e9rito a Dr. Josu\u00e9 Henriques Silva, e d\u00e1 outras provid\u00eancias."}, {"id": "20814", "ano": "2022", "numero": "16", "tipo__sigla": "PRE", "tipo__descricao": "Projeto de Resolu\u00e7\u00e3o", "autoria": "Leonardo Pereira Ribeiro (Leoz\u00e3o)", "texto_original": "http://sapl.pedroleopoldo.mg.leg.br/media/sapl/public/materialegislativa/2022/20814/projeto_de_resolucao_no_16-2022.pdf", "ementa": "Concede T\u00edtulo de Cidad\u00e3 Benem\u00e9rita a Dra. Luciana Ang\u00e9lica Coimbra Silva, e d\u00e1 outras provid\u00eancias."}, {"id": "20891", "ano": "2022", "numero": "17", "tipo__sigla": "PRE", "tipo__descricao": "Projeto de Resolu\u00e7\u00e3o", "autoria": "Rafael Vieira Faria (Rafa)", "texto_original": "http://sapl.pedroleopoldo.mg.leg.br/media/sapl/public/materialegislativa/2022/20891/projeto_de_resolucao_no_17-2022.pdf", "ementa": "Concede T\u00edtulo de Cidad\u00e3o Honor\u00e1rio de Pedro Leopoldo ao Sr. Rafael Martins de Souza e d\u00e1 outras provid\u00eancias."}, {"id": "20892", "ano": "2022", "numero": "18", "tipo__sigla": "PRE", "tipo__descricao": "Projeto de Resolu\u00e7\u00e3o", "autoria": "Eldir Jos\u00e9 Batista (Baixinho da Garagem)", "texto_original": "http://sapl.pedroleopoldo.mg.leg.br/media/sapl/public/materialegislativa/2022/20892/projeto_de_resolucao_no_18-2022.pdf", "ementa": "Concede T\u00edtulo de Cidad\u00e3o Honor\u00e1rio de Pedro Leopoldo ao Sr. Eduardo Costa Sim\u00f5es e d\u00e1 outras provid\u00eancias."}, {"id": "20893", "ano": "2022", "numero": "19", "tipo__sigla": "PRE", "tipo__descricao": "Projeto de Resolu\u00e7\u00e3o", "autoria": "Eldir Jos\u00e9 Batista (Baixinho da Garagem)", "texto_original": "http://sapl.pedroleopoldo.mg.leg.br/media/sapl/public/materialegislativa/2022/20893/projeto_de_resolucao_no_19-2022.pdf", "ementa": "Concede T\u00edtulo de Cidad\u00e3o Honor\u00e1rio de Pedro Leopoldo ao Sr. Ricardo Costa Sim\u00f5es e d\u00e1 outras provid\u00eancias."}, {"id": "20907", "ano": "2022", "numero": "20", "tipo__sigla": "PRE", "tipo__descricao": "Projeto de Resolu\u00e7\u00e3o", "autoria": "Rafael Vieira Faria (Rafa)", "texto_original": "http://sapl.pedroleopoldo.mg.leg.br/media/", "ementa": "Institui no Munic\u00edpio de Pedro Leopoldo, a \u201cMEDALHA DESPORTIVA PIRES DAMASO\u201d que ser\u00e1 entregue aos atletas e cyber atletas que foram destaques do ano nas competi\u00e7\u00f5es que participaram e esportistas do passado que se destacaram e d\u00e1 outras provid\u00eancias."}, {"id": "21013", "ano": "2022", "numero": "21", "tipo__sigla": "PRE", "tipo__descricao": "Projeto de Resolu\u00e7\u00e3o", "autoria": "Guilherme de Lima Braga (Guilherme do Doce)", "texto_original": "http://sapl.pedroleopoldo.mg.leg.br/media/sapl/public/materialegislativa/2022/21013/projeto_de_resolucao_no_21-2022.pdf", "ementa": "Concede T\u00edtulo de Cidad\u00e3 Honor\u00e1ria de Pedro Leopoldo a Sra. Elaine Cristina Cordeiro e d\u00e1 outras provid\u00eancias."}, {"id": "21014", "ano": "2022", "numero": "22", "tipo__sigla": "PRE", "tipo__descricao": "Projeto de Resolu\u00e7\u00e3o", "autoria": "Guilherme de Lima Braga (Guilherme do Doce)", "texto_original": "http://sapl.pedroleopoldo.mg.leg.br/media/sapl/public/materialegislativa/2022/21014/projeto_de_resolucao_no_22-2022.pdf", "ementa": "Concede T\u00edtulo de Cidad\u00e3 Honor\u00e1ria de Pedro Leopoldo a Sra. Claudina Moreira da Silva e d\u00e1 outras provid\u00eancias."}, {"id": "19732", "ano": "2022", "numero": "1", "tipo__sigla": "PROT", "tipo__descricao": "Protocolo", "autoria": "Executivo", "texto_original": "http://sapl.pedroleopoldo.mg.leg.br/media/", "ementa": "PROJETO DE LEI\r\nAutoriza o Poder Executivo a contratar opera\u00e7\u00e3o de cr\u00e9dito com a Caixa Econ\u00f4mica Federal (CAIXA), a oferecer garantias e d\u00e1 outras provid\u00eancias."}, {"id": "19733", "ano": "2022", "numero": "2", "tipo__sigla": "PROT", "tipo__descricao": "Protocolo", "autoria": "Mesa Diretora", "texto_original": "http://sapl.pedroleopoldo.mg.leg.br/media/sapl/public/materialegislativa/2022/19733/projeto_de_lei_no_01-2022.pdf", "ementa": "Disp\u00f5e sobre a revis\u00e3o geral anual dos vencimentos dos servidores e dos subs\u00eddios dos agentes pol\u00edticos da C\u00e2mara Municipal de Pedro Leopoldo, nos termos do disposto no art. 37, X, da Constitui\u00e7\u00e3o da Rep\u00fablica Federativa do Brasil."}, {"id": "19734", "ano": "2022", "numero": "3", "tipo__sigla": "PROT", "tipo__descricao": "Protocolo", "autoria": "Guilherme de Lima Braga (Guilherme do Doce)", "texto_original": "http://sapl.pedroleopoldo.mg.leg.br/media/", "ementa": "No uso de minhas atribui\u00e7\u00f5es regimentais, indico \u00e0 Excelent\u00edssima Senhora Prefeita solicitar ao setor competente realizar opera\u00e7\u00e3o tapa buracos na Rua 7 (sete), Bairro Dom Camilo, neste Munic\u00edpio."}, {"id": "19735", "ano": "2022", "numero": "4", "tipo__sigla": "PROT", "tipo__descricao": "Protocolo", "autoria": "Guilherme de Lima Braga (Guilherme do Doce)", "texto_original": "http://sapl.pedroleopoldo.mg.leg.br/media/", "ementa": "Indica servi\u00e7os de limpeza (capina e ro\u00e7ada), na Rua Caio Martins, Bairro S\u00e3o Geraldo, neste Munic\u00edpio."}, {"id": "19736", "ano": "2022", "numero": "5", "tipo__sigla": "PROT", "tipo__descricao": "Protocolo", "autoria": "Guilherme de Lima Braga (Guilherme do Doce)", "texto_original": "http://sapl.pedroleopoldo.mg.leg.br/media/", "ementa": "Indica servi\u00e7os de limpeza (capina e ro\u00e7ada), nas Ruas Crist\u00f3v\u00e3o de Assis e Ant\u00f4nio Elias, Bairro Dr. Lund, neste Munic\u00edpio."}, {"id": "19737", "ano": "2022", "numero": "6", "tipo__sigla": "PROT", "tipo__descricao": "Protocolo", "autoria": "Guilherme de Lima Braga (Guilherme do Doce)", "texto_original": "http://sapl.pedroleopoldo.mg.leg.br/media/", "ementa": "Indica realizar uma opera\u00e7\u00e3o tapa buracos na Rua Crist\u00f3v\u00e3o de Assis pr\u00f3ximo ao N\u00famero 670, Bairro Dr. Lund, neste Munic\u00edpio."}, {"id": "19738", "ano": "2022", "numero": "7", "tipo__sigla": "PROT", "tipo__descricao": "Protocolo", "autoria": "Guilherme de Lima Braga (Guilherme do Doce)", "texto_original": "http://sapl.pedroleopoldo.mg.leg.br/media/", "ementa": "Indica realizar uma opera\u00e7\u00e3o tapa buracos em toda extens\u00e3o da Rua Padre Augusto, Bairro Dr. Lund, neste Munic\u00edpio."}, {"id": "19739", "ano": "2022", "numero": "8", "tipo__sigla": "PROT", "tipo__descricao": "Protocolo", "autoria": "Matheus Utsch de Oliveira", "texto_original": "http://sapl.pedroleopoldo.mg.leg.br/media/", "ementa": "Regulamenta a transpar\u00eancia da Lei de Concess\u00e3o de subs\u00eddio tarif\u00e1rio tempor\u00e1rio de Transporte P\u00fablico Coletivo Urbano no Portal de Transpar\u00eancia."}, {"id": "19740", "ano": "2022", "numero": "9", "tipo__sigla": "PROT", "tipo__descricao": "Protocolo", "autoria": "Guilherme de Lima Braga (Guilherme do Doce)", "texto_original": "http://sapl.pedroleopoldo.mg.leg.br/media/", "ementa": "Indica realizar opera\u00e7\u00e3o tapa buracos na Rua Olivier Teixeira pr\u00f3ximo ao n\u00famero 1107, bairro S\u00e3o Geraldo, neste Munic\u00edpio."}, {"id": "19741", "ano": "2022", "numero": "10", "tipo__sigla": "PROT", "tipo__descricao": "Protocolo", "autoria": "Guilherme de Lima Braga (Guilherme do Doce)", "texto_original": "http://sapl.pedroleopoldo.mg.leg.br/media/", "ementa": "Indica realizar opera\u00e7\u00e3o tapa buracos na Rua Suzana Passos pr\u00f3ximo ao n\u00famero 178, bairro Santo Ant\u00f4nio da Barra, neste Munic\u00edpio."}, {"id": "19742", "ano": "2022", "numero": "11", "tipo__sigla": "PROT", "tipo__descricao": "Protocolo", "autoria": "Guilherme de Lima Braga (Guilherme do Doce)", "texto_original": "http://sapl.pedroleopoldo.mg.leg.br/media/", "ementa": "Indica realizar opera\u00e7\u00e3o tapa buracos na Rod. Dr. Ot\u00e1vio Costa pr\u00f3ximo ao n\u00famero 3020, Distrito de Dr.Lund, neste Munic\u00edpio."}, {"id": "19743", "ano": "2022", "numero": "12", "tipo__sigla": "PROT", "tipo__descricao": "Protocolo", "autoria": "Warlen Alves da Silva", "texto_original": "http://sapl.pedroleopoldo.mg.leg.br/media/", "ementa": "Disp\u00f5e sobre a obrigatoriedade de todos os estabelecimentos comerciais que vendam produtos com prazo de validade, informem em cartaz, de forma vis\u00edvel, quando o prazo da mercadoria tiver ou estiver com sua validade inferior a 30 dias no munic\u00edpio de Pedro Leopoldo e d\u00e1 outras provid\u00eancias."}, {"id": "19744", "ano": "2022", "numero": "13", "tipo__sigla": "PROT", "tipo__descricao": "Protocolo", "autoria": "Rafael Vieira Faria (Rafa)", "texto_original": "http://sapl.pedroleopoldo.mg.leg.br/media/", "ementa": "Indica a constru\u00e7\u00e3o da extens\u00e3o de rede de ilumina\u00e7\u00e3o p\u00fablica na Avenida Franco Matos, situada no Distrito Industrial Manoel Carlos, Pedro Leopoldo."}, {"id": "19745", "ano": "2022", "numero": "14", "tipo__sigla": "PROT", "tipo__descricao": "Protocolo", "autoria": "Rafael Vieira Faria (Rafa)", "texto_original": "http://sapl.pedroleopoldo.mg.leg.br/media/", "ementa": "Indica a aquisi\u00e7\u00e3o de lixeiras ecol\u00f3gicas para, sucessivamente, serem instaladas nos espa\u00e7os p\u00fablicos de grande circula\u00e7\u00e3o, a exemplo da Rodovi\u00e1ria e pra\u00e7as do munic\u00edpio de Pedro Leopoldo.\r\nSegue indica\u00e7\u00e3o em anexo."}, {"id": "19746", "ano": "2022", "numero": "15", "tipo__sigla": "PROT", "tipo__descricao": "Protocolo", "autoria": "Warlen Alves da Silva", "texto_original": "http://sapl.pedroleopoldo.mg.leg.br/media/", "ementa": "Indica reparo eros\u00e3o rua Pedro Ant\u00f4nio Pereira, bairro centro neste munic\u00edpio"}, {"id": "19747", "ano": "2022", "numero": "16", "tipo__sigla": "PROT", "tipo__descricao": "Protocolo", "autoria": "Executivo", "texto_original": "http://sapl.pedroleopoldo.mg.leg.br/media/", "ementa": "Altera a Lei n\u00ba 3.625, de 26 de novembro de 2021, que Instituiu o Programa de Regulariza\u00e7\u00e3o fiscal - REFIS 2021 e d\u00e1 outras providencias"}, {"id": "19748", "ano": "2022", "numero": "17", "tipo__sigla": "PROT", "tipo__descricao": "Protocolo", "autoria": "Executivo", "texto_original": "http://sapl.pedroleopoldo.mg.leg.br/media/", "ementa": "Concede abono salarial para os servidores do Munic\u00edpio de Pedro Leopoldo"}, {"id": "19749", "ano": "2022", "numero": "18", "tipo__sigla": "PROT", "tipo__descricao": "Protocolo", "autoria": "Guilherme de Lima Braga (Guilherme do Doce)", "texto_original": "http://sapl.pedroleopoldo.mg.leg.br/media/", "ementa": "No uso de minhas atribui\u00e7\u00f5es regimentais, indico ao Excelent\u00edssimo Senhor Presidente da C\u00e2mara, conceder mo\u00e7\u00e3o de Parab\u00e9ns ao CRAS Norte"}, {"id": "19750", "ano": "2022", "numero": "19", "tipo__sigla": "PROT", "tipo__descricao": "Protocolo", "autoria": "Guilherme de Lima Braga (Guilherme do Doce)", "texto_original": "http://sapl.pedroleopoldo.mg.leg.br/media/", "ementa": "No uso de minhas atribui\u00e7\u00f5es regimentais, indico ao Senhor Presidente da C\u00e2mara Municipal Conceder Mo\u00e7\u00e3o de Parab\u00e9ns \u00e0 Marcus Vinicius Marques Ribeiro."}, {"id": "19751", "ano": "2022", "numero": "20", "tipo__sigla": "PROT", "tipo__descricao": "Protocolo", "autoria": "Guilherme de Lima Braga (Guilherme do Doce)", "texto_original": "http://sapl.pedroleopoldo.mg.leg.br/media/", "ementa": "No uso de minhas atribui\u00e7\u00f5es regimentais, indico \u00e0 Excelent\u00edssima Senhora Prefeita determinar ao setor competente providenciar servi\u00e7o de reparo e pintura na ponte sobre o C\u00f3rrego Ponte Alta na regi\u00e3o do Bairro Santo Ant\u00f4nio da Barra."}, {"id": "19752", "ano": "2022", "numero": "21", "tipo__sigla": "PROT", "tipo__descricao": "Protocolo", "autoria": "Guilherme de Lima Braga (Guilherme do Doce)", "texto_original": "http://sapl.pedroleopoldo.mg.leg.br/media/", "ementa": "No uso de minhas atribui\u00e7\u00f5es regimentais, indico \u00e0 Excelent\u00edssima Senhora Prefeita determinar ao setor competente providenciar opera\u00e7\u00e3o tapa buracos na rua Guaranis esquina com a rua Guajajaras do Bairro Parque Andyara, neste Munic\u00edpio."}, {"id": "19753", "ano": "2022", "numero": "22", "tipo__sigla": "PROT", "tipo__descricao": "Protocolo", "autoria": "Guilherme de Lima Braga (Guilherme do Doce)", "texto_original": "http://sapl.pedroleopoldo.mg.leg.br/media/", "ementa": "No uso de minhas atribui\u00e7\u00f5es regimentais, indico \u00e0 Excelent\u00edssima Senhora Prefeita determinar ao setor competente providenciar opera\u00e7\u00e3o tapa buracos na rua Ponte Alta na regi\u00e3o do Bairro Santo Ant\u00f4nio da Barra."}, {"id": "19754", "ano": "2022", "numero": "23", "tipo__sigla": "PROT", "tipo__descricao": "Protocolo", "autoria": "Matheus Utsch de Oliveira", "texto_original": "http://sapl.pedroleopoldo.mg.leg.br/media/", "ementa": "Requer o cronograma de desassoreamento do ribeir\u00e3o em 2022 e cronograma para desassoreamento nos anos posteriores em \u00e9poca de seca."}, {"id": "19755", "ano": "2022", "numero": "24", "tipo__sigla": "PROT", "tipo__descricao": "Protocolo", "autoria": "Matheus Utsch de Oliveira", "texto_original": "http://sapl.pedroleopoldo.mg.leg.br/media/", "ementa": "Requer o planejamento de instala\u00e7\u00e3o da prote\u00e7\u00e3o em acr\u00edlico ou material similar na lateral da portaria do PA para evitar agress\u00f5es aos funcion\u00e1rios da sa\u00fade."}, {"id": "19756", "ano": "2022", "numero": "25", "tipo__sigla": "PROT", "tipo__descricao": "Protocolo", "autoria": "Matheus Utsch de Oliveira", "texto_original": "http://sapl.pedroleopoldo.mg.leg.br/media/", "ementa": "Requer a programa\u00e7\u00e3o de pagamento do IPCA dos servidores."}, {"id": "19757", "ano": "2022", "numero": "26", "tipo__sigla": "PROT", "tipo__descricao": "Protocolo", "autoria": "Matheus Utsch de Oliveira", "texto_original": "http://sapl.pedroleopoldo.mg.leg.br/media/", "ementa": "Requer o cronograma de pagamento das progress\u00f5es atrasadas dos efetivos e enquadramento."}, {"id": "19758", "ano": "2022", "numero": "27", "tipo__sigla": "PROT", "tipo__descricao": "Protocolo", "autoria": "Matheus Utsch de Oliveira", "texto_original": "http://sapl.pedroleopoldo.mg.leg.br/media/", "ementa": "Requeiro informa\u00e7\u00f5es e documentos que comprovem os nomes dos empregados da empresa DDS que prestam servi\u00e7os na prefeitura, respectivamente seus setores, sal\u00e1rios e cargos/fun\u00e7\u00f5es."}, {"id": "19759", "ano": "2022", "numero": "28", "tipo__sigla": "PROT", "tipo__descricao": "Protocolo", "autoria": "Matheus Utsch de Oliveira", "texto_original": "http://sapl.pedroleopoldo.mg.leg.br/media/", "ementa": "No uso de minhas atribui\u00e7\u00f5es regimentais, requeiro \u00e0 Excelent\u00edssima Senhora Prefeita informa\u00e7\u00f5es sobre quais cargos municipais necessitam de concurso p\u00fablico e n\u00e3o est\u00e3o sendo ocupados por funcion\u00e1rios efetivos."}, {"id": "19760", "ano": "2022", "numero": "29", "tipo__sigla": "PROT", "tipo__descricao": "Protocolo", "autoria": "Guilherme de Lima Braga (Guilherme do Doce)", "texto_original": "http://sapl.pedroleopoldo.mg.leg.br/media/", "ementa": "No uso de minhas atribui\u00e7\u00f5es regimentais, indico \u00e0 Excelent\u00edssima Senhora Prefeita determinar ao setor competente providenciar o servi\u00e7o de recapeamento asf\u00e1ltico em toda a extens\u00e3o da Rua Vitalino Ferreira, localizada no bairro Ferreiras."}, {"id": "19761", "ano": "2022", "numero": "30", "tipo__sigla": "PROT", "tipo__descricao": "Protocolo", "autoria": "Warlen Alves da Silva", "texto_original": "http://sapl.pedroleopoldo.mg.leg.br/media/", "ementa": "Medalha terceira Idade Cesar Juli\u00e3o Cec\u00e9 de Sales ao senhor Osmar Costa, e da outras provid\u00eancias."}, {"id": "19762", "ano": "2022", "numero": "31", "tipo__sigla": "PROT", "tipo__descricao": "Protocolo", "autoria": "Frederico Henrique Cota Alves (Fred Piau)", "texto_original": "http://sapl.pedroleopoldo.mg.leg.br/media/", "ementa": "Voto de pesar: \r\nEm mem\u00f3ria de Ivan Roscoe.\r\nData do falecimento: 28/01/2022\r\nEntes para receber o voto: Ta\u00cdne Roscoe(filha) e Ivanira Roscoe.\r\nEndere\u00e7o: Rua das Margaridas, 30, Morada dos Angicos"}, {"id": "19763", "ano": "2022", "numero": "32", "tipo__sigla": "PROT", "tipo__descricao": "Protocolo", "autoria": "Mauro J\u00fanior Lopes Francisco, Mesa Diretora", "texto_original": "http://sapl.pedroleopoldo.mg.leg.br/media/", "ementa": "Revoga os incisos XIX e XX do artigo 2\u00ba da Resolu\u00e7\u00e3o n\u00ba 848 de 02 de agosto de 2021, que: \u201cInstitui a Honraria Legislativa Servidor P\u00fablico Destaque do Ano\u201d e d\u00e1 outras provid\u00eancias."}, {"id": "19764", "ano": "2022", "numero": "33", "tipo__sigla": "PROT", "tipo__descricao": "Protocolo", "autoria": "Leonardo Pereira Ribeiro (Leoz\u00e3o)", "texto_original": "http://sapl.pedroleopoldo.mg.leg.br/media/", "ementa": "No uso de minhas atribui\u00e7\u00f5es regimentais, solicito a Vossa Excel\u00eancia tomar as medidas cab\u00edveis, para verificar a possibilidade da farm\u00e1cia do PA da Lagoa funcionar tamb\u00e9m aos finais de semana (s\u00e1bado e domingo), no mesmo hor\u00e1rio de funcionamento do PA."}, {"id": "19765", "ano": "2022", "numero": "34", "tipo__sigla": "PROT", "tipo__descricao": "Protocolo", "autoria": "Warlen Alves da Silva", "texto_original": "http://sapl.pedroleopoldo.mg.leg.br/media/", "ementa": "INSTITUI A SEMANA MUNICIPAL DA CULTURA CRIST\u00c3 NO \u00c2MBITO DO MUNIC\u00cdPIO DE PEDRO LEOPOLDO/MG E D\u00c1 OUTRAS PROVID\u00caNCIAS."}, {"id": "19766", "ano": "2022", "numero": "35", "tipo__sigla": "PROT", "tipo__descricao": "Protocolo", "autoria": "Warlen Alves da Silva", "texto_original": "http://sapl.pedroleopoldo.mg.leg.br/media/", "ementa": "No uso de minhas atribui\u00e7\u00f5es regimentais, indico \u00e0 Excelent\u00edssima Senhora Prefeita solicitar ao setor competente realizar opera\u00e7\u00e3o tapa buracos na Rua Anelio Caldas, no bairro centro Pedro Leopoldo."}, {"id": "19767", "ano": "2022", "numero": "36", "tipo__sigla": "PROT", "tipo__descricao": "Protocolo", "autoria": "Leonardo Pereira Ribeiro (Leoz\u00e3o)", "texto_original": "http://sapl.pedroleopoldo.mg.leg.br/media/", "ementa": "VOTO DE PESAR PARA: SEBASTI\u00c3O FERREIRA DE OLIVEIRA\r\n\r\nENVIAR PARA: SUA IRM\u00c3, RAIMUNDA FERREIRA DE OLIVEIRA SILVA\r\n\r\nENDERE\u00c7O: RUA PAC\u00cdFICO DA SILVA RAMOS, 400 - LAGOA DE SANTO ANT\u00d4NIO"}, {"id": "19768", "ano": "2022", "numero": "37", "tipo__sigla": "PROT", "tipo__descricao": "Protocolo", "autoria": "Guilherme de Lima Braga (Guilherme do Doce)", "texto_original": "http://sapl.pedroleopoldo.mg.leg.br/media/", "ementa": "No uso de minhas atribui\u00e7\u00f5es regimentais, indico \u00e0 Excelent\u00edssima Senhora Prefeita determinar ao setor competente providenciar opera\u00e7\u00e3o tapa buracos na Rua Crist\u00f3v\u00e3o de Assis pr\u00f3ximo ao n\u00famero 670, Bairro Dr. Lund."}, {"id": "19769", "ano": "2022", "numero": "38", "tipo__sigla": "PROT", "tipo__descricao": "Protocolo", "autoria": "Warlen Alves da Silva", "texto_original": "http://sapl.pedroleopoldo.mg.leg.br/media/", "ementa": "No uso de minhas atribui\u00e7\u00f5es regimentais, indico \u00e0 Excelent\u00edssima Senhora Prefeita solicitar ao setor competente realizar o servi\u00e7o de patrolamento em toda extens\u00e3o da rua Olhos D\u2019 \u00c1gua em Fidalgo, neste munic\u00edpio."}, {"id": "19770", "ano": "2022", "numero": "39", "tipo__sigla": "PROT", "tipo__descricao": "Protocolo", "autoria": "Matheus Utsch de Oliveira", "texto_original": "http://sapl.pedroleopoldo.mg.leg.br/media/", "ementa": "No uso de minhas atribui\u00e7\u00f5es regimentais, requeiro \u00e0 Excelent\u00edssima Senhora Prefeita as seguintes informa\u00e7\u00f5es: 1) Em quais escolas foram realizadas manuten\u00e7\u00f5es, reformas e amplia\u00e7\u00f5es de equipamentos escolares e quanto foi gasto por cada escola e reforma? 2) Requer saber qual a fonte do recurso das manuten\u00e7\u00f5es e reformas? 3) Requer o cronograma de reformas de cada escola."}, {"id": "19771", "ano": "2022", "numero": "40", "tipo__sigla": "PROT", "tipo__descricao": "Protocolo", "autoria": "Guilherme de Lima Braga (Guilherme do Doce)", "texto_original": "http://sapl.pedroleopoldo.mg.leg.br/media/", "ementa": "No uso de minhas atribui\u00e7\u00f5es regimentais, indico \u00e0 Excelent\u00edssima Senhora Prefeita solicitar ao setor competente a instala\u00e7\u00e3o de redutor de velocidade (quebra-molas) na Rua Raimundo Eduardo, pr\u00f3ximo a capela vel\u00f3rio Municipal, no Distrito de Lagoa de Santo Ant\u00f4nio, neste Munic\u00edpio."}, {"id": "19772", "ano": "2022", "numero": "41", "tipo__sigla": "PROT", "tipo__descricao": "Protocolo", "autoria": "Guilherme de Lima Braga (Guilherme do Doce)", "texto_original": "http://sapl.pedroleopoldo.mg.leg.br/media/", "ementa": "No uso de minhas atribui\u00e7\u00f5es regimentais, indico a Excelent\u00edssima Senhora Prefeita determinar ao setor competente providenciar servi\u00e7os de limpeza (capina e ro\u00e7ada), na Rua Ant\u00f4nio Generoso, Bairro S\u00e3o Geraldo, neste Munic\u00edpio."}, {"id": "19773", "ano": "2022", "numero": "42", "tipo__sigla": "PROT", "tipo__descricao": "Protocolo", "autoria": "Guilherme de Lima Braga (Guilherme do Doce)", "texto_original": "http://sapl.pedroleopoldo.mg.leg.br/media/", "ementa": "No uso de minhas atribui\u00e7\u00f5es regimentais, indico \u00e0 Excelent\u00edssima Senhora Prefeita determinar ao setor competente providenciar opera\u00e7\u00e3o tapa buracos na rua Suzana Passos, bairro Santo Ant\u00f4nio da barra, neste Munic\u00edpio."}, {"id": "19774", "ano": "2022", "numero": "43", "tipo__sigla": "PROT", "tipo__descricao": "Protocolo", "autoria": "Matheus Utsch de Oliveira", "texto_original": "http://sapl.pedroleopoldo.mg.leg.br/media/", "ementa": "Acrescenta e regulamenta a transpar\u00eancia na Lei n\u00ba 3.641 de 27 de dezembro de 2021."}, {"id": "19775", "ano": "2022", "numero": "44", "tipo__sigla": "PROT", "tipo__descricao": "Protocolo", "autoria": "Leonardo Pereira Ribeiro (Leoz\u00e3o)", "texto_original": "http://sapl.pedroleopoldo.mg.leg.br/media/", "ementa": "VOTO DE PESAR PARA: MARGARIDA FERREIRA DA SILVA\r\n\r\nENVIAR PARA: SEU FILHO, JOS\u00c9 GERALDO DA SILVA\r\n\r\nENDERE\u00c7O: RUA GERALDO BRAZ MOREIRA, 181 - SANTO ANTONIO DA BARRA"}, {"id": "19776", "ano": "2022", "numero": "45", "tipo__sigla": "PROT", "tipo__descricao": "Protocolo", "autoria": "Mesa Diretora", "texto_original": "http://sapl.pedroleopoldo.mg.leg.br/media/", "ementa": "Altera a Lei 3.597, de 15 de abril de 2021, que institui o Plano de Cargos, Carreiras e Vencimentos dos servidores p\u00fablicos do Poder Legislativo do Munic\u00edpio de Pedro Leopoldo."}, {"id": "19777", "ano": "2022", "numero": "46", "tipo__sigla": "PROT", "tipo__descricao": "Protocolo", "autoria": "Frederico Henrique Cota Alves (Fred Piau)", "texto_original": "http://sapl.pedroleopoldo.mg.leg.br/media/", "ementa": "Requeiro, a presta\u00e7\u00e3o de contas do que foi feito com os 3,5 milh\u00f5es j\u00e1 pagos pelo governo estadual, referente \u00e0 PEC 68/2021(Acordo da Vale)."}, {"id": "19778", "ano": "2022", "numero": "47", "tipo__sigla": "PROT", "tipo__descricao": "Protocolo", "autoria": "Rafael Vieira Faria (Rafa)", "texto_original": "http://sapl.pedroleopoldo.mg.leg.br/media/", "ementa": "Indica ao poder executivo a substitui\u00e7\u00e3o dos quadros negros que utilizam giz, pela lousa banca que utiliza canetas a base de \u00e1gua, nas escolas municipais de Pedro Leopoldo."}, {"id": "19779", "ano": "2022", "numero": "48", "tipo__sigla": "PROT", "tipo__descricao": "Protocolo", "autoria": "Frederico Henrique Cota Alves (Fred Piau)", "texto_original": "http://sapl.pedroleopoldo.mg.leg.br/media/", "ementa": "Com os meus cumprimentos, venho por meio deste, solicitar melhorias e reformas na infraestrutura da CEMAI Eug\u00eania de Bastos e Escola Municipal Sitio do Pica Pau Amarelo, com sede em Fidalgo."}, {"id": "19784", "ano": "2022", "numero": "49", "tipo__sigla": "PROT", "tipo__descricao": "Protocolo", "autoria": "Guilherme de Lima Braga (Guilherme do Doce)", "texto_original": "http://sapl.pedroleopoldo.mg.leg.br/media/", "ementa": "No uso de minhas atribui\u00e7\u00f5es regimentais, indico \u00e0 Excelent\u00edssima Senhora Prefeita solicitar ao setor competente a instala\u00e7\u00e3o de redutor de velocidade (quebra-molas) na Rua Mar\u00e7al Lopes da Silva, pr\u00f3ximo ao n\u00famero 55 no Distrito Lagoa de Santo Ant\u00f4nio, neste Munic\u00edpio."}, {"id": "19785", "ano": "2022", "numero": "50", "tipo__sigla": "PROT", "tipo__descricao": "Protocolo", "autoria": "Guilherme de Lima Braga (Guilherme do Doce)", "texto_original": "http://sapl.pedroleopoldo.mg.leg.br/media/", "ementa": "No uso de minhas atribui\u00e7\u00f5es regimentais, indico \u00e0 Excelent\u00edssima Senhora Prefeita solicitar ao setor competente providenciar servi\u00e7os de manuten\u00e7\u00e3o no sistema de drenagem da Rua Guarani, Bairro Santo Ant\u00f4nio da Barra, instalando canaletas ou similares para possibilitar o escoamento da \u00e1gua."}, {"id": "19786", "ano": "2022", "numero": "51", "tipo__sigla": "PROT", "tipo__descricao": "Protocolo", "autoria": "Guilherme de Lima Braga (Guilherme do Doce)", "texto_original": "http://sapl.pedroleopoldo.mg.leg.br/media/", "ementa": "No uso de minhas atribui\u00e7\u00f5es regimentais, indico \u00e0 Excelent\u00edssima Senhora Prefeita solicitar ao setor competente providenciar servi\u00e7os de manuten\u00e7\u00e3o no sistema de drenagem da Rua Expedicion\u00e1rio Rui Ant\u00f4nio da Silva, Bairro Santo Ant\u00f4nio da Barra, instalando canaletas ou similares para possibilitar o escoamento da \u00e1gua."}, {"id": "19787", "ano": "2022", "numero": "52", "tipo__sigla": "PROT", "tipo__descricao": "Protocolo", "autoria": "Guilherme de Lima Braga (Guilherme do Doce)", "texto_original": "http://sapl.pedroleopoldo.mg.leg.br/media/", "ementa": "No uso de minhas atribui\u00e7\u00f5es regimentais, indico \u00e0 Excelent\u00edssima Senhora Prefeita solicitar ao setor competente providenciar servi\u00e7os de manuten\u00e7\u00e3o no sistema de drenagem da Rua Professora Justa Vilela do Amaral pr\u00f3ximo aos n\u00fameros 540 e 524, Bairro Santo Ant\u00f4nio da Barra, instalando canaletas ou similares para possibilitar o escoamento da \u00e1gua"}, {"id": "19790", "ano": "2022", "numero": "53", "tipo__sigla": "PROT", "tipo__descricao": "Protocolo", "autoria": "Frederico Henrique Cota Alves (Fred Piau)", "texto_original": "http://sapl.pedroleopoldo.mg.leg.br/media/", "ementa": "No uso de minhas atribui\u00e7\u00f5es regimentais, indico  \u00e0 Excelent\u00edssima Senhora Prefeita a contrata\u00e7\u00e3o de um M\u00e9dico Psiquiatra para apoiar as a\u00e7\u00f5es do NASF( N\u00facleo de Aten\u00e7\u00e3o da Sa\u00fade da Fam\u00edlia)."}, {"id": "19791", "ano": "2022", "numero": "54", "tipo__sigla": "PROT", "tipo__descricao": "Protocolo", "autoria": "Matheus Utsch de Oliveira", "texto_original": "http://sapl.pedroleopoldo.mg.leg.br/media/", "ementa": "Cria a Pol\u00edtica Municipal de Incentivo \u00e0 leitura e a Doa\u00e7\u00e3o de livros e d\u00e1 outras provid\u00eancias."}, {"id": "19815", "ano": "2022", "numero": "55", "tipo__sigla": "PROT", "tipo__descricao": "Protocolo", "autoria": "Guilherme de Lima Braga (Guilherme do Doce)", "texto_original": "http://sapl.pedroleopoldo.mg.leg.br/media/", "ementa": "No uso de minhas atribui\u00e7\u00f5es regimentais, indico a Excelent\u00edssima Senhora Prefeita determinar ao setor competente providenciar a pintura de faixas de pedestres em frente aos port\u00f5es do Col\u00e9gio Imaculada Concei\u00e7\u00e3o nas ruas Senador Melo Viana e Amando Filho, neste Munic\u00edpio."}, {"id": "19816", "ano": "2022", "numero": "56", "tipo__sigla": "PROT", "tipo__descricao": "Protocolo", "autoria": "Guilherme de Lima Braga (Guilherme do Doce)", "texto_original": "http://sapl.pedroleopoldo.mg.leg.br/media/", "ementa": "No uso de minhas atribui\u00e7\u00f5es regimentais, indico a Excelent\u00edssima Senhora Prefeita determinar ao setor competente providenciar a pintura de uma faixa de pedestres na rua Comendador Ant\u00f4nio Alves, 1637 Centro, neste Munic\u00edpio."}, {"id": "19817", "ano": "2022", "numero": "57", "tipo__sigla": "PROT", "tipo__descricao": "Protocolo", "autoria": "Rafael Vieira Faria (Rafa)", "texto_original": "http://sapl.pedroleopoldo.mg.leg.br/media/", "ementa": "Mo\u00e7\u00e3o de Parab\u00e9ns\r\nEu, Rafael Vieira Faria, Vereador do Munic\u00edpio de Pedro Leopoldo, venho, no uso de minhas atribui\u00e7\u00f5es, na forma do artigo 129 do regimento interno, apresentar INDICA\u00c7\u00c3O, sugerindo conceder Mo\u00e7\u00e3o de Parab\u00e9ns ao artista Pl\u00e1stico Cleber Gomes, e solicito \u00e0 Vossa Excel\u00eancia que a presente indica\u00e7\u00e3o seja submetida \u00e0 aprecia\u00e7\u00e3o do Plen\u00e1rio, e, em sendo aprovada, seja encaminhada \u00e0s respectivas comiss\u00f5es.\r\nCLEBER GOMES DA SILVA, \u00e9 um cidad\u00e3o Pedroleopoldense de sessenta anos de idade, residente na regi\u00e3o sul no bairro Santo Ant\u00f4nio da Barra, \u00e9 casado e pai de dois filhos. Escultor, Artista Pl\u00e1stico e Restaurador, atuante na seara art\u00edstica ao longo de quarenta anos."}, {"id": "19818", "ano": "2022", "numero": "58", "tipo__sigla": "PROT", "tipo__descricao": "Protocolo", "autoria": "Matheus Utsch de Oliveira", "texto_original": "http://sapl.pedroleopoldo.mg.leg.br/media/", "ementa": "Requeiro \u00e0 Excelent\u00edssima Senhora Prefeita o contrato da DDS, assim como este se torne p\u00fablico no portal da transpar\u00eancia (Portal Cidad\u00e3o)."}, {"id": "19819", "ano": "2022", "numero": "59", "tipo__sigla": "PROT", "tipo__descricao": "Protocolo", "autoria": "Warlen Alves da Silva", "texto_original": "http://sapl.pedroleopoldo.mg.leg.br/media/", "ementa": "Indica realizar o servi\u00e7o de reparo de eros\u00e3o na Rua Joaquim Fernandes, Bairro Lagoa de Santo Ant\u00f4nio, neste munic\u00edpio."}, {"id": "19820", "ano": "2022", "numero": "60", "tipo__sigla": "PROT", "tipo__descricao": "Protocolo", "autoria": "Matheus Utsch de Oliveira", "texto_original": "http://sapl.pedroleopoldo.mg.leg.br/media/", "ementa": "Requeiro a presen\u00e7a do Secret\u00e1rio Municipal de Meio Ambiente, o Sr. Mauro Lobato Martins, para dar explica\u00e7\u00f5es sobre a APE do Urubu e o projeto dos Corredores Ecol\u00f3gicos em Pedro Leopoldo."}, {"id": "19821", "ano": "2022", "numero": "61", "tipo__sigla": "PROT", "tipo__descricao": "Protocolo", "autoria": "Guilherme de Lima Braga (Guilherme do Doce)", "texto_original": "http://sapl.pedroleopoldo.mg.leg.br/media/", "ementa": "Indica opera\u00e7\u00e3o tapa buracos em toda extens\u00e3o da Rua Ibraim Sinval Filag\u00f4nio, Bairro Santa Rita, neste munic\u00edpio."}, {"id": "19822", "ano": "2022", "numero": "62", "tipo__sigla": "PROT", "tipo__descricao": "Protocolo", "autoria": "Warlen Alves da Silva", "texto_original": "http://sapl.pedroleopoldo.mg.leg.br/media/", "ementa": "No uso de minhas atribui\u00e7\u00f5es regimentais, indico ao Excelent\u00edssima Senhora Prefeita determinar o setor competente a regulariza\u00e7\u00e3o fundi\u00e1ria do bairro Periquito, neste munic\u00edpio."}, {"id": "19823", "ano": "2022", "numero": "63", "tipo__sigla": "PROT", "tipo__descricao": "Protocolo", "autoria": "Warlen Alves da Silva", "texto_original": "http://sapl.pedroleopoldo.mg.leg.br/media/", "ementa": "No uso de minhas atribui\u00e7\u00f5es regimentais, requeiro a Excelent\u00edssima Sra. Prefeita informa\u00e7\u00f5es sobre situa\u00e7\u00e3o atual projeto de regulariza\u00e7\u00e3o fundi\u00e1ria do bairro Periquito, neste munic\u00edpio."}, {"id": "19824", "ano": "2022", "numero": "64", "tipo__sigla": "PROT", "tipo__descricao": "Protocolo", "autoria": "", "texto_original": "http://sapl.pedroleopoldo.mg.leg.br/media/", "ementa": "Voto de Pesar\r\nFalecido-Jorge Rodrigues dos Anjos\r\nDeixou sua m\u00e3e-Ana Rodrigues dos Anjos\r\nFilhos-Ana Karla Albano dos Anjos Sena\r\nJorge Olimpio dos Anjos\r\nJorge Sud\u00e1rio dos Anjos\r\nTainan dos Anjos\r\nRuan dos Anjos\r\nAutoria todos os vereadores"}, {"id": "19825", "ano": "2022", "numero": "65", "tipo__sigla": "PROT", "tipo__descricao": "Protocolo", "autoria": "Frederico Henrique Cota Alves (Fred Piau)", "texto_original": "http://sapl.pedroleopoldo.mg.leg.br/media/", "ementa": "VOTO DE PESAR:\r\nFalecimento de: Jorge Rodrigues dos Anjos\r\nRuan Bruce (Filho) e demais familiares\r\nEndere\u00e7o: Rua Silvio Bahia,16, Centro\r\nTelefone: (31)97144-5304"}, {"id": "19826", "ano": "2022", "numero": "66", "tipo__sigla": "PROT", "tipo__descricao": "Protocolo", "autoria": "Guilherme de Lima Braga (Guilherme do Doce)", "texto_original": "http://sapl.pedroleopoldo.mg.leg.br/media/", "ementa": "No uso de minhas atribui\u00e7\u00f5es regimentais, indico \u00e0 Excelent\u00edssima Senhora Prefeita determinar ao setor competente providenciar opera\u00e7\u00e3o tapa buracos na rua Lincoln Diogo Viana, bairro Dr. Lund, neste Munic\u00edpio."}, {"id": "19827", "ano": "2022", "numero": "67", "tipo__sigla": "PROT", "tipo__descricao": "Protocolo", "autoria": "Matheus Utsch de Oliveira", "texto_original": "http://sapl.pedroleopoldo.mg.leg.br/media/", "ementa": "No uso de minhas atribui\u00e7\u00f5es regimentais, requeiro \u00e0 Excelent\u00edssima Senhora Prefeita informa\u00e7\u00f5es de como est\u00e1 o andamento do processo judicial do Mun\u00edcipio contra a ICMBio."}, {"id": "19828", "ano": "2022", "numero": "68", "tipo__sigla": "PROT", "tipo__descricao": "Protocolo", "autoria": "Eldir Jos\u00e9 Batista (Baixinho da Garagem)", "texto_original": "http://sapl.pedroleopoldo.mg.leg.br/media/", "ementa": "SUBSTITUTIVO N\u00ba 01 AO PROJETO DE RESOLU\u00c7\u00c3O N\u00ba 17/2021: Disp\u00f5e sobre o uso de ve\u00edculo da C\u00e2mara Municipal de Pedro Leopoldo. \r\nSeguem anexos 2 arquivos para juntar ao projeto."}, {"id": "19829", "ano": "2022", "numero": "69", "tipo__sigla": "PROT", "tipo__descricao": "Protocolo", "autoria": "Frederico Henrique Cota Alves (Fred Piau)", "texto_original": "http://sapl.pedroleopoldo.mg.leg.br/media/", "ementa": "VOTO DE PESAR:\r\nPelo falecimento de Joaquim Ferreira, residente na Avenida Coronel Juventino Dias, 427, Centro Pedro Leopoldo.\r\nEntes queridos: Leo ( Neto), Nilza( Filha) e familiares."}, {"id": "19830", "ano": "2022", "numero": "70", "tipo__sigla": "PROT", "tipo__descricao": "Protocolo", "autoria": "Leonardo Pereira Ribeiro (Leoz\u00e3o)", "texto_original": "http://sapl.pedroleopoldo.mg.leg.br/media/", "ementa": "VOTO DE PESAR PARA: SR. ELI PEREIRA\r\n\r\nENVIAR PARA SEU FILHO, ROBSON ALISSON DA SILVA PEREIRA\r\nENDERE\u00c7O: RUA DELCIDES RUFINO RIBEIRO, 78 - LAGOA DE SANTO ANTONIO\r\nCEP: 33.252-514\r\n\r\nENVIAR PARA SUA FILHA, MARINHA PEREIRA DOS SANTOS\r\nENDERE\u00c7O: RUA JOAQUIM BATISTA, 560 - LAGOA DE SANTO ANTONIO\r\nCEP: 33.252-610"}, {"id": "19831", "ano": "2022", "numero": "71", "tipo__sigla": "PROT", "tipo__descricao": "Protocolo", "autoria": "Leonardo Pereira Ribeiro (Leoz\u00e3o)", "texto_original": "http://sapl.pedroleopoldo.mg.leg.br/media/", "ementa": "VOTO DE PESAR PARA: DARCI FERNANDES DE ARA\u00daJO\r\n\r\nENVIAR PARA: SUA ESPOSA, MARIA JOS\u00c9 GOMES E SUA FILHA, MARLENE FERNANDES GOMES\r\n\r\nENDERE\u00c7O: RUA TR\u00caS, 52 - LAGOA DE SANTO ANTONIO"}, {"id": "19832", "ano": "2022", "numero": "72", "tipo__sigla": "PROT", "tipo__descricao": "Protocolo", "autoria": "Leonardo Pereira Ribeiro (Leoz\u00e3o)", "texto_original": "http://sapl.pedroleopoldo.mg.leg.br/media/", "ementa": "VOTO DE PESAR PARA: PROFESSOR ANIS JOS\u00c9 LE\u00c3O\r\n\r\nENVIAR PARA: TAIS LOBATO LE\u00c3O\r\n\r\nENDERE\u00c7O: RUA RIO NEGRO, 137 - BAIRRO CALAFATE - BELO HORIZONTE\r\nCEP: 30411-300"}, {"id": "19833", "ano": "2022", "numero": "73", "tipo__sigla": "PROT", "tipo__descricao": "Protocolo", "autoria": "Rafael Vieira Faria (Rafa)", "texto_original": "http://sapl.pedroleopoldo.mg.leg.br/media/", "ementa": "Tem como objetivo aprovar uma legisla\u00e7\u00e3o, vedando, no \u00e2mbito da administra\u00e7\u00e3o p\u00fablica municipal, a nomea\u00e7\u00e3o de pessoas que tenham sido condenadas pela Lei Federal n\u00ba 11.340/2006, Lei Maria da Penha, para cargos em comiss\u00e3o e/ou fun\u00e7\u00e3o de confian\u00e7a"}, {"id": "19834", "ano": "2022", "numero": "74", "tipo__sigla": "PROT", "tipo__descricao": "Protocolo", "autoria": "Leonardo Pereira Ribeiro (Leoz\u00e3o)", "texto_original": "http://sapl.pedroleopoldo.mg.leg.br/media/", "ementa": "VOTO DE PESAR PARA: SRA MARIA JOS\u00c9 DOS SANTOS \r\n\r\nENVIAR PARA: SEU MARIDO, SR NILSON XAVIER\r\n\r\nENDERE\u00c7O: RUA PAC\u00cdFICO ANT\u00d4NIO PEREIRA, 299 - LAGOA DE SANTO ANT\u00d4NIO"}, {"id": "19835", "ano": "2022", "numero": "75", "tipo__sigla": "PROT", "tipo__descricao": "Protocolo", "autoria": "Leonardo Pereira Ribeiro (Leoz\u00e3o)", "texto_original": "http://sapl.pedroleopoldo.mg.leg.br/media/", "ementa": "VOTO DE PESAR PARA: HILDA SILVA DINIZ\r\n\r\nENVIAR PARA: SUA FILHA, ANA MARIA DINIZ SILVA E SEU NETO, HELDER DINIZ.\r\n\r\nENDERE\u00c7O: RUA EXPEDICION\u00c1RIO JO\u00c3O BATISTA SOBRINHO, 23 - DONA J\u00daLIA (MAGALH\u00c3ES)"}, {"id": "19848", "ano": "2022", "numero": "76", "tipo__sigla": "PROT", "tipo__descricao": "Protocolo", "autoria": "Jos\u00e9 Justino Pires Damaso", "texto_original": "http://sapl.pedroleopoldo.mg.leg.br/media/", "ementa": "Indica capina e limpeza das seguintes ruas: Jos\u00e9 Elias da Costa, Raul Hanriot, Juca Machado, todas do Bairro Santo Ant\u00f4nio, neste munic\u00edpio."}, {"id": "19849", "ano": "2022", "numero": "77", "tipo__sigla": "PROT", "tipo__descricao": "Protocolo", "autoria": "Frederico Henrique Cota Alves (Fred Piau)", "texto_original": "http://sapl.pedroleopoldo.mg.leg.br/media/", "ementa": "Institui Empreendedorismo e No\u00e7\u00f5es de Direito e Cidadania como temas a serem abordados nos anos finais do Ensino Fundamental (6o ano ao 9 o ano)."}, {"id": "19850", "ano": "2022", "numero": "78", "tipo__sigla": "PROT", "tipo__descricao": "Protocolo", "autoria": "Frederico Henrique Cota Alves (Fred Piau)", "texto_original": "http://sapl.pedroleopoldo.mg.leg.br/media/", "ementa": "Institui o Programa de Retomada do Setor Cultural do Munic\u00edpio de Pedro Leopoldo - PROCULTURA PL, e altera, acrescenta e revoga dispositivos ao C\u00f3digo Tribut\u00e1rio Lei 2909 de 2006 do Munic\u00edpio do Pedro Leopoldo, e d\u00e1 outras provid\u00eancias."}, {"id": "19851", "ano": "2022", "numero": "79", "tipo__sigla": "PROT", "tipo__descricao": "Protocolo", "autoria": "Frederico Henrique Cota Alves (Fred Piau)", "texto_original": "http://sapl.pedroleopoldo.mg.leg.br/media/", "ementa": "Institui, no \u00e2mbito do Munic\u00edpio de Pedro Leopoldo, o Programa \"Rua para todos\" e d\u00e1 outras provid\u00eancias."}, {"id": "19852", "ano": "2022", "numero": "80", "tipo__sigla": "PROT", "tipo__descricao": "Protocolo", "autoria": "Frederico Henrique Cota Alves (Fred Piau)", "texto_original": "http://sapl.pedroleopoldo.mg.leg.br/media/", "ementa": "Determina que a C\u00e2mara Municipal de Pedro Leopoldo seja obrigatoriamente notificada da libera\u00e7\u00e3o de recursos federais e estaduais para o munic\u00edpio e d\u00e1 outras provid\u00eancias."}, {"id": "19853", "ano": "2022", "numero": "81", "tipo__sigla": "PROT", "tipo__descricao": "Protocolo", "autoria": "Guilherme de Lima Braga (Guilherme do Doce)", "texto_original": "http://sapl.pedroleopoldo.mg.leg.br/media/", "ementa": "No uso de minhas atribui\u00e7\u00f5es regimentais, indico a Excelent\u00edssima Senhora Prefeita providenciar, junto ao \u00f3rg\u00e3o competente, que seja feito a pavimenta\u00e7\u00e3o asf\u00e1ltica da rua E e na rua F, no Bairro Morada dos Angicos, neste Munic\u00edpio."}, {"id": "19854", "ano": "2022", "numero": "82", "tipo__sigla": "PROT", "tipo__descricao": "Protocolo", "autoria": "Frederico Henrique Cota Alves (Fred Piau)", "texto_original": "http://sapl.pedroleopoldo.mg.leg.br/media/", "ementa": "Mo\u00e7\u00e3o de Parab\u00e9ns ONG IRM\u00c3O BICHO PL, por todos os trabalhos e luta em prol da causa animal. E pela realiza\u00e7\u00e3o do mutir\u00e3o de castra\u00e7\u00f5es que ocorreu nos dias 08,09, 10 e 11 de Mar\u00e7o de 2022 e teve o espetacular resultado de 459 animais(c\u00e3es e gatos) castrados."}, {"id": "19855", "ano": "2022", "numero": "83", "tipo__sigla": "PROT", "tipo__descricao": "Protocolo", "autoria": "Frederico Henrique Cota Alves (Fred Piau)", "texto_original": "http://sapl.pedroleopoldo.mg.leg.br/media/", "ementa": "Altera o artigo 20 ,  Inciso II da lei 3310/2012, que passa a vigorar com a seguinte reda\u00e7\u00e3o:"}, {"id": "19856", "ano": "2022", "numero": "84", "tipo__sigla": "PROT", "tipo__descricao": "Protocolo", "autoria": "Leonardo Pereira Ribeiro (Leoz\u00e3o)", "texto_original": "http://sapl.pedroleopoldo.mg.leg.br/media/", "ementa": "PROJETO DE LEI QUE CONGELA A CORRE\u00c7\u00c3O DO IPTU NO MUNIC\u00cdPIO DE PEDRO LEOPOLDO, IMPEDINDO O REAJUSTE DA TABELA."}, {"id": "19857", "ano": "2022", "numero": "85", "tipo__sigla": "PROT", "tipo__descricao": "Protocolo", "autoria": "Rafael Vieira Faria (Rafa)", "texto_original": "http://sapl.pedroleopoldo.mg.leg.br/media/", "ementa": "Indica a reforma da Unidade de Referencia em Atendimento Cl\u00ednico Especializado de Sa\u00fade Bucal  S\u00e3o Geraldo, situado na Rua Herm\u00ednio Lopes, n\u00ba 41, no Conjunto Habitacional Romero Carvalho Filho, Pedro Leopoldo, CEP 33255-243."}, {"id": "19858", "ano": "2022", "numero": "86", "tipo__sigla": "PROT", "tipo__descricao": "Protocolo", "autoria": "Frederico Henrique Cota Alves (Fred Piau)", "texto_original": "http://sapl.pedroleopoldo.mg.leg.br/media/", "ementa": "No uso de minhas atribui\u00e7\u00f5es regimentais, indico \u00e0 Excelent\u00edssima Senhora Prefeita a Cria\u00e7\u00e3o do Centro Municipal de Lutas."}, {"id": "19859", "ano": "2022", "numero": "87", "tipo__sigla": "PROT", "tipo__descricao": "Protocolo", "autoria": "Guilherme de Lima Braga (Guilherme do Doce)", "texto_original": "http://sapl.pedroleopoldo.mg.leg.br/media/", "ementa": "No uso de minhas atribui\u00e7\u00f5es regimentais, indico a Excelent\u00edssima Senhora Prefeita providenciar, junto ao \u00f3rg\u00e3os competentes, que seja feito o recapeamento asf\u00e1ltico das ruas Joaquim Caetano, rua das Orqu\u00eddeas e rua Azal\u00e9ia, no Bairro Morada dos Angicos, neste Munic\u00edpio."}, {"id": "19877", "ano": "2022", "numero": "88", "tipo__sigla": "PROT", "tipo__descricao": "Protocolo", "autoria": "Evaldo Geraldo do Carmo (Evaldo do A\u00e7ougue)", "texto_original": "http://sapl.pedroleopoldo.mg.leg.br/media/", "ementa": "No uso de minhas atribui\u00e7\u00f5es regimentais, indico \u00e0 Excelent\u00edssima Senhora Prefeita determinar ao setor competente providenciar a capina e limpeza da Pra\u00e7a Jose dos anjos, no munic\u00edpio de lagoa de Santo Ant\u00f4nio."}, {"id": "19878", "ano": "2022", "numero": "89", "tipo__sigla": "PROT", "tipo__descricao": "Protocolo", "autoria": "Evaldo Geraldo do Carmo (Evaldo do A\u00e7ougue)", "texto_original": "http://sapl.pedroleopoldo.mg.leg.br/media/", "ementa": "No uso de minhas atribui\u00e7\u00f5es regimentais, indico \u00e0 Excelent\u00edssima Senhora Prefeita determinar ao setor competente providenciar sinaliza\u00e7\u00e3o em todas as ruas que receberam asfalto na regi\u00e3o norte, no ano de 2022.\r\nCom urg\u00eancia."}, {"id": "19879", "ano": "2022", "numero": "90", "tipo__sigla": "PROT", "tipo__descricao": "Protocolo", "autoria": "Evaldo Geraldo do Carmo (Evaldo do A\u00e7ougue)", "texto_original": "http://sapl.pedroleopoldo.mg.leg.br/media/", "ementa": "No uso de minhas atribui\u00e7\u00f5es regimentais, indico \u00e0 Excelent\u00edssima Senhora Prefeita determinar ao setor competente providenciar recapeamento em toda extens\u00e3o da Rua Professora Laura Oliveira Santos, no munic\u00edpio de Lagoa de Santo Ant\u00f4nio."}, {"id": "19882", "ano": "2022", "numero": "91", "tipo__sigla": "PROT", "tipo__descricao": "Protocolo", "autoria": "Warlen Alves da Silva", "texto_original": "http://sapl.pedroleopoldo.mg.leg.br/media/", "ementa": "No uso de minhas atribui\u00e7\u00f5es regimentais, indico ao Excelent\u00edssima Senhora Prefeita determinar o setor competente providenciar servi\u00e7os de limpeza (capina e ro\u00e7ada), na rua Celso Nery Costa bairro Serra Negra, neste munic\u00edpio"}, {"id": "19883", "ano": "2022", "numero": "92", "tipo__sigla": "PROT", "tipo__descricao": "Protocolo", "autoria": "Jos\u00e9 Justino Pires Damaso", "texto_original": "http://sapl.pedroleopoldo.mg.leg.br/media/", "ementa": "INSTITUI A HONRARIA LEGISLATIVA  \"ALUNO NOTA 10\" E DA OUTRAS PROVIDENCIAS"}, {"id": "19884", "ano": "2022", "numero": "93", "tipo__sigla": "PROT", "tipo__descricao": "Protocolo", "autoria": "Matheus Utsch de Oliveira", "texto_original": "http://sapl.pedroleopoldo.mg.leg.br/media/", "ementa": "No uso de minhas atribui\u00e7\u00f5es regimentais, requeiro \u00e0 Excelent\u00edssima Senhora Prefeita todos os documentos e relat\u00f3rios da Lei n\u00ba 3.641 de 27 de dezembro de 2021, incluindo os do Sistema de Bilhetagem Eletr\u00f4nica dos meses de janeiro, fevereiro e mar\u00e7o."}, {"id": "19885", "ano": "2022", "numero": "94", "tipo__sigla": "PROT", "tipo__descricao": "Protocolo", "autoria": "Matheus Utsch de Oliveira", "texto_original": "http://sapl.pedroleopoldo.mg.leg.br/media/", "ementa": "No uso de minhas atribui\u00e7\u00f5es regimentais, requeiro a presen\u00e7a do Secret\u00e1rio Municipal de Administra\u00e7\u00e3o, o senhor Marcos Felipe Silva Batista, para prestar esclarecimentos sobre o cronograma de pagamento das progress\u00f5es e incorpora\u00e7\u00f5es dos servidores p\u00fablicos."}, {"id": "19886", "ano": "2022", "numero": "95", "tipo__sigla": "PROT", "tipo__descricao": "Protocolo", "autoria": "Matheus Utsch de Oliveira", "texto_original": "http://sapl.pedroleopoldo.mg.leg.br/media/", "ementa": "No uso de minhas atribui\u00e7\u00f5es regimentais, requeiro a presen\u00e7a do Secret\u00e1rio Municipal de Obras e Servi\u00e7os P\u00fablicos, o senhor Rui Barbosa de Amorim, para prestar esclarecimentos de cunho program\u00e1tico e financeiro sobre as obras realizadas no munic\u00edpio pela gest\u00e3o."}, {"id": "19887", "ano": "2022", "numero": "96", "tipo__sigla": "PROT", "tipo__descricao": "Protocolo", "autoria": "Leonardo Pereira Ribeiro (Leoz\u00e3o)", "texto_original": "http://sapl.pedroleopoldo.mg.leg.br/media/", "ementa": "No uso de minhas atribui\u00e7\u00f5es regimentais, indico \u00e0 Excelent\u00edssima Senhora Prefeita Municipal tomar as medidas cab\u00edveis, para verificar a possibilidade de fazer \u201cBueiros Inteligente\u201d colocando cestas coletoras dentro dos bueiros para prote\u00e7\u00e3o e recolhimento de entulhos."}, {"id": "19888", "ano": "2022", "numero": "97", "tipo__sigla": "PROT", "tipo__descricao": "Protocolo", "autoria": "Leonardo Pereira Ribeiro (Leoz\u00e3o)", "texto_original": "http://sapl.pedroleopoldo.mg.leg.br/media/", "ementa": "No uso de minhas atribui\u00e7\u00f5es regimentais, indico \u00e0 Excelent\u00edssima Senhora Prefeita Municipal tomar as medidas cab\u00edveis, para providenciar recapeamento ou opera\u00e7\u00e3o tapa buraco em toda extens\u00e3o da Rua Pedra Verde, no Bairro Magalh\u00e3es."}, {"id": "19889", "ano": "2022", "numero": "98", "tipo__sigla": "PROT", "tipo__descricao": "Protocolo", "autoria": "Evaldo Geraldo do Carmo (Evaldo do A\u00e7ougue)", "texto_original": "http://sapl.pedroleopoldo.mg.leg.br/media/", "ementa": "No uso de minhas atribui\u00e7\u00f5es regimentais, indico a Excelent\u00edssima Senhora Prefeita solicitar ao setor competente providenciar pavimenta\u00e7\u00e3o asf\u00e1ltica na Rua Lindolfo Jos\u00e9 Ferreira, no Distrito de Lagoa de Santo Ant\u00f3nio, neste Munic\u00edpio. Com urg\u00eancia."}, {"id": "19890", "ano": "2022", "numero": "99", "tipo__sigla": "PROT", "tipo__descricao": "Protocolo", "autoria": "Evaldo Geraldo do Carmo (Evaldo do A\u00e7ougue)", "texto_original": "http://sapl.pedroleopoldo.mg.leg.br/media/", "ementa": "No uso de minhas atribui\u00e7\u00f5es regimentais, indico a Excelent\u00edssima Senhora Prefeita solicitar ao setor competente providenciar pavimenta\u00e7\u00e3o asf\u00e1ltica na Rua Jos\u00e9 Balbino de Melo, Bairro Lagoa de Santo Ant\u00f3nio, neste Munic\u00edpio."}, {"id": "19891", "ano": "2022", "numero": "100", "tipo__sigla": "PROT", "tipo__descricao": "Protocolo", "autoria": "Evaldo Geraldo do Carmo (Evaldo do A\u00e7ougue)", "texto_original": "http://sapl.pedroleopoldo.mg.leg.br/media/", "ementa": "No uso de minhas atribui\u00e7\u00f5es regimentais, indico \u00e0 Excelent\u00edssima Senhora Prefeita solicitar ao setor competente providenciar a instala\u00e7\u00e3o de l\u00e2mpadas de LED em toda a extens\u00e3o da Rua Vital Batista, no munic\u00edpio de Lagoa de Santo Ant\u00f4nio."}, {"id": "19892", "ano": "2022", "numero": "101", "tipo__sigla": "PROT", "tipo__descricao": "Protocolo", "autoria": "Evaldo Geraldo do Carmo (Evaldo do A\u00e7ougue)", "texto_original": "http://sapl.pedroleopoldo.mg.leg.br/media/", "ementa": "No uso de minhas atribui\u00e7\u00f5es regimentais, indico \u00e0 Excelent\u00edssima Senhora Prefeita determinar ao setor competente providenciar a instala\u00e7\u00e3o de redutor de velocidade (quebra mola) na Rua Joaquim Maur\u00edcio Bahia, pr\u00f3ximo aos n\u00ba 173 e 335, no Bairro Saquarema, neste Munic\u00edpio."}, {"id": "19893", "ano": "2022", "numero": "102", "tipo__sigla": "PROT", "tipo__descricao": "Protocolo", "autoria": "Guilherme de Lima Braga (Guilherme do Doce)", "texto_original": "http://sapl.pedroleopoldo.mg.leg.br/media/", "ementa": "No uso de minhas atribui\u00e7\u00f5es regimentais, indico a Excelent\u00edssima Senhora Prefeita providenciar, junto aos \u00f3rg\u00e3os competentes, que seja feito a Pavimenta\u00e7\u00e3o Asf\u00e1ltica na rua S\u00e3o Gabriel, no Bairro Teot\u00f4nio Batista de Freitas, neste Munic\u00edpio."}, {"id": "19894", "ano": "2022", "numero": "103", "tipo__sigla": "PROT", "tipo__descricao": "Protocolo", "autoria": "Rafael Vieira Faria (Rafa)", "texto_original": "http://sapl.pedroleopoldo.mg.leg.br/media/", "ementa": "Indica a Cria\u00e7\u00e3o do Programa Refor\u00e7o Escolar nas escolas municipais da cidade de Pedro Leopoldo, como medida imediata com fito de minimizar a defasagem e/ou d\u00e9ficit no ensino desencadeado pelo per\u00edodo de estudo remoto obediente \u00e0s medidas de combate \u00e0 Covid 19, e, via de consequ\u00eancia, tornando os alunos mais preparados para as pr\u00f3ximas etapas da vida acad\u00eamica."}, {"id": "19902", "ano": "2022", "numero": "104", "tipo__sigla": "PROT", "tipo__descricao": "Protocolo", "autoria": "Evaldo Geraldo do Carmo (Evaldo do A\u00e7ougue)", "texto_original": "http://sapl.pedroleopoldo.mg.leg.br/media/", "ementa": "No uso de minhas atribui\u00e7\u00f5es regimentais, indico a Excelent\u00edssima Senhora Prefeita solicitar ao setor competente providenciar sinaliza\u00e7\u00e3o asf\u00e1ltica nas Ruas:\r\n\r\nRua das orqu\u00eddeas \r\n- Rua do Cruzeiro\r\n- Rua Joaquim Caetano \r\n- Rua Az\u00e1leias \r\n\r\n\r\n- Rua das Margaridas\r\n- Rua das Violetas\r\n- Rua das Paineiras\r\n- Rua das Palmeiras\r\n\r\n\r\n- Rua das Pitangueiras \r\n- Rua dos Pessegueiros \r\n- Rua L\r\n- Rua dos Pequis\r\n- Rua Pau cravo\r\n- Rua Pau Brasil\r\n- Rua RC, Bairro Santa F\u00e9, neste Munic\u00edpio."}, {"id": "19907", "ano": "2022", "numero": "105", "tipo__sigla": "PROT", "tipo__descricao": "Protocolo", "autoria": "Frederico Henrique Cota Alves (Fred Piau)", "texto_original": "http://sapl.pedroleopoldo.mg.leg.br/media/", "ementa": "Disp\u00f5e sobre a cria\u00e7\u00e3o do \u201cFUNDEB transparente\u201d, portal de transpar\u00eancia da aplica\u00e7\u00e3o dos recursos do Fundo de Manuten\u00e7\u00e3o e Desenvolvimento da Educa\u00e7\u00e3o B\u00e1sica e de Valoriza\u00e7\u00e3o dos Profissionais da Educa\u00e7\u00e3o, no munic\u00edpio de Pedro Leopoldo"}, {"id": "19910", "ano": "2022", "numero": "106", "tipo__sigla": "PROT", "tipo__descricao": "Protocolo", "autoria": "Guilherme de Lima Braga (Guilherme do Doce)", "texto_original": "http://sapl.pedroleopoldo.mg.leg.br/media/", "ementa": "No uso de minhas atribui\u00e7\u00f5es regimentais, indico \u00e0 Excelent\u00edssima Senhora Prefeita determinar ao setor competente a cria\u00e7\u00e3o de Feira de Artesanatos e comidas t\u00edpicas com a participa\u00e7\u00e3o de m\u00fasicos da regi\u00e3o, em domingos alternados, na Pra\u00e7a do Bairro Santo Ant\u00f4nio da Barra, neste Munic\u00edpio."}, {"id": "19911", "ano": "2022", "numero": "107", "tipo__sigla": "PROT", "tipo__descricao": "Protocolo", "autoria": "Rafael Vieira Faria (Rafa)", "texto_original": "http://sapl.pedroleopoldo.mg.leg.br/media/", "ementa": "Indica conceder mo\u00e7\u00e3o de parab\u00e9ns \u00e0 r\u00e1dio PL FM pelos seus 25 anos de sucesso na cidade de Pedro Leopoldo."}, {"id": "19914", "ano": "2022", "numero": "108", "tipo__sigla": "PROT", "tipo__descricao": "Protocolo", "autoria": "Frederico Henrique Cota Alves (Fred Piau)", "texto_original": "http://sapl.pedroleopoldo.mg.leg.br/media/", "ementa": "No uso de minhas atribui\u00e7\u00f5es regimentais, indico \u00e0 Excelent\u00edssima Senhora Prefeita o cumprimento do art. 93 da Lei n\u00ba 8.213/91, a lei de cotas para PCD`s na Prefeitura Municipal de Pedro Leopoldo."}, {"id": "19915", "ano": "2022", "numero": "109", "tipo__sigla": "PROT", "tipo__descricao": "Protocolo", "autoria": "Frederico Henrique Cota Alves (Fred Piau)", "texto_original": "http://sapl.pedroleopoldo.mg.leg.br/media/", "ementa": "No uso de minhas atribui\u00e7\u00f5es regimentais, indico ao Excelent\u00edssimo Senhor Presidente da C\u00c2MARA o cumprimento do art. 93 da Lei n\u00ba 8.213/91, a lei de cotas para PCD`s na C\u00e2mara Municipal de Pedro Leopoldo."}, {"id": "19916", "ano": "2022", "numero": "110", "tipo__sigla": "PROT", "tipo__descricao": "Protocolo", "autoria": "Frederico Henrique Cota Alves (Fred Piau)", "texto_original": "http://sapl.pedroleopoldo.mg.leg.br/media/", "ementa": "Estabelece diretrizes para as exposi\u00e7\u00f5es justificativas de aberturas de cr\u00e9ditos suplementares e especiais pelo Poder Executivo."}, {"id": "19920", "ano": "2022", "numero": "111", "tipo__sigla": "PROT", "tipo__descricao": "Protocolo", "autoria": "Evaldo Geraldo do Carmo (Evaldo do A\u00e7ougue)", "texto_original": "http://sapl.pedroleopoldo.mg.leg.br/media/", "ementa": "No uso de minhas atribui\u00e7\u00f5es regimentais, indico \u00e0 Excelent\u00edssima Senhora Prefeita determinar ao setor competente providenciar a constru\u00e7\u00e3o de uma rotat\u00f3ria no cruzamento da Rua Vereador Magno Claret, Rua Joaquim B Azevedo, Rua Joaquim Caetano e Rua Antenor Pereira no Bairro Lagoa de Santo Ant\u00f4nio neste munic\u00edpio"}, {"id": "19945", "ano": "2022", "numero": "112", "tipo__sigla": "PROT", "tipo__descricao": "Protocolo", "autoria": "Evaldo Geraldo do Carmo (Evaldo do A\u00e7ougue)", "texto_original": "http://sapl.pedroleopoldo.mg.leg.br/media/", "ementa": "No uso de minhas atribui\u00e7\u00f5es regimentais, indico \u00e0 Excelent\u00edssima Senhora Prefeita determinar ao setor competente providenciar  que seja devidamente sinalizado com  quebra molas, placas e pintura na AV. Vereador Magno Claret por toda sua extens\u00e3o no bairro Lagoa de Santo Ant\u00f4nio neste munic\u00edpio."}, {"id": "19946", "ano": "2022", "numero": "113", "tipo__sigla": "PROT", "tipo__descricao": "Protocolo", "autoria": "Warlen Alves da Silva", "texto_original": "http://sapl.pedroleopoldo.mg.leg.br/media/", "ementa": "No uso de minhas atribui\u00e7\u00f5es regimentais, indico a Vossa Excel\u00eancia a concess\u00e3o de Mo\u00e7\u00e3o de Parab\u00e9ns ao Soldado Rom\u00e1rio Sebasti\u00e3o dos Santos, Policia Militar de Pedro Leopoldo.\r\n\r\nEnd : Rua goianases 246 bairro Andyara, Pedro Lepoldo .\r\nContato : 36631200"}, {"id": "19947", "ano": "2022", "numero": "114", "tipo__sigla": "PROT", "tipo__descricao": "Protocolo", "autoria": "Warlen Alves da Silva", "texto_original": "http://sapl.pedroleopoldo.mg.leg.br/media/", "ementa": "No uso de minhas atribui\u00e7\u00f5es regimentais, indico a Vossa Excel\u00eancia a concess\u00e3o de Mo\u00e7\u00e3o de Parab\u00e9ns ao 3\u00b0 Sargento Cristiano Eduardo Gon\u00e7alves Costa, Policia Militar de Pedro Leopoldo.\r\n\r\nEnd: Rua Goianases, 246, bairro Andyara Pedro Leopoldo\r\nContato:(31) 986137614"}, {"id": "19948", "ano": "2022", "numero": "115", "tipo__sigla": "PROT", "tipo__descricao": "Protocolo", "autoria": "Warlen Alves da Silva", "texto_original": "http://sapl.pedroleopoldo.mg.leg.br/media/", "ementa": "No uso de minhas atribui\u00e7\u00f5es regimentais, indico \u00e0 Excelent\u00edssima Senhora Prefeita determinar ao setor competente providenciar a extens\u00e3o da rede de ilumina\u00e7\u00e3o p\u00fablica na rua Dona Iris Maria Alves, no Bairro S\u00e3o Geraldo, neste Munic\u00edpio."}, {"id": "19949", "ano": "2022", "numero": "116", "tipo__sigla": "PROT", "tipo__descricao": "Protocolo", "autoria": "Leonardo Pereira Ribeiro (Leoz\u00e3o)", "texto_original": "http://sapl.pedroleopoldo.mg.leg.br/media/", "ementa": "VOTO DE PESAR PARA: PEDRO PAULO LEITE\r\n\r\nENVIAR PARA: SUA ESPOSA, JUSSARA VENTURA NERY VIANNA\r\n\r\nENDERE\u00c7O: RUA JOS\u00c9 ANTONIO BUFFET, 104 B - FELIPE CL\u00c1UDIO SALES"}, {"id": "19950", "ano": "2022", "numero": "117", "tipo__sigla": "PROT", "tipo__descricao": "Protocolo", "autoria": "Rafael Vieira Faria (Rafa)", "texto_original": "http://sapl.pedroleopoldo.mg.leg.br/media/", "ementa": "Indica a constru\u00e7\u00e3o de uma rotat\u00f3ria e uma faixa de pedestres elevada no trecho entre \u00e0 Ponte Ferrovi\u00e1ria Pedro Leopoldo e a entrada do Hospital Municipal Francisco Gon\u00e7alves, no entroncamento entre \u00e0s ruas Olivier Teixeira e Progresso. ( N\u00e3o Pode - Protocolo 182 vereador Frederico)"}, {"id": "19951", "ano": "2022", "numero": "118", "tipo__sigla": "PROT", "tipo__descricao": "Protocolo", "autoria": "Frederico Henrique Cota Alves (Fred Piau)", "texto_original": "http://sapl.pedroleopoldo.mg.leg.br/media/", "ementa": "No uso de minhas atribui\u00e7\u00f5es regimentais, indico \u00e0 Excelent\u00edssima Senhora Prefeita a revitaliza\u00e7\u00e3o e o investimento em projetos s\u00f3cio esportivos culturais para a quadra poliesportiva do bairro Conjunto Habitacional Am\u00e9lia Torres."}, {"id": "19952", "ano": "2022", "numero": "119", "tipo__sigla": "PROT", "tipo__descricao": "Protocolo", "autoria": "Guilherme de Lima Braga (Guilherme do Doce)", "texto_original": "http://sapl.pedroleopoldo.mg.leg.br/media/", "ementa": "No uso de minhas atribui\u00e7\u00f5es regimentais, requeiro \u00e0 Excelent\u00edssima Senhora Prefeita determinar ao setor competente providenciar a reforma e revitaliza\u00e7\u00e3o do Campo de Futebol do Terrestre localizado nas ruas Raimundo Joaquim de Souza e rua Hon\u00f3rio In\u00e1cio no Bairro Dom Camilo, neste Munic\u00edpio."}, {"id": "19953", "ano": "2022", "numero": "120", "tipo__sigla": "PROT", "tipo__descricao": "Protocolo", "autoria": "Frederico Henrique Cota Alves (Fred Piau)", "texto_original": "http://sapl.pedroleopoldo.mg.leg.br/media/", "ementa": "No uso de minhas atribui\u00e7\u00f5es regimentais, indico \u00e0 realiza\u00e7\u00e3o do evento de MMMA JUNGLE FIGHT em Pedro Leopoldo."}, {"id": "19954", "ano": "2022", "numero": "121", "tipo__sigla": "PROT", "tipo__descricao": "Protocolo", "autoria": "Rafael Vieira Faria (Rafa)", "texto_original": "http://sapl.pedroleopoldo.mg.leg.br/media/", "ementa": "Indica conceder Mo\u00e7\u00e3o de Parab\u00e9ns ao senhor Gilson Martins dos Santos, popularmente conhecido como Gils\u00e3o. Um futebolista Pedroleopoldense que se destacou na sua carreira, tanto quando atuava como jogador, quanto como treinador, contribuindo para a forma\u00e7\u00e3o de atletas no munic\u00edpio, laborando por mais de 20 anos como monitor de esportes na Prefeitura Municipal de Pedro Leopoldo."}, {"id": "19955", "ano": "2022", "numero": "122", "tipo__sigla": "PROT", "tipo__descricao": "Protocolo", "autoria": "Guilherme de Lima Braga (Guilherme do Doce)", "texto_original": "http://sapl.pedroleopoldo.mg.leg.br/media/", "ementa": "No uso de nossas atribui\u00e7\u00f5es regimentais, indicamos \u00e0 Excelent\u00edssima Senhora Prefeita solicitar a Secretaria Municipal de Educa\u00e7\u00e3o estudar a viabilidade de propiciar transporte escolar para Universit\u00e1rios do Munic\u00edpio de Pedro Leopoldo que estudam em Faculdades de Belo Horizonte."}, {"id": "19956", "ano": "2022", "numero": "123", "tipo__sigla": "PROT", "tipo__descricao": "Protocolo", "autoria": "Guilherme de Lima Braga (Guilherme do Doce)", "texto_original": "http://sapl.pedroleopoldo.mg.leg.br/media/", "ementa": "No uso de minhas atribui\u00e7\u00f5es regimentais, requeiro \u00e0 Excelent\u00edssima Senhora Prefeita informa\u00e7\u00f5es quanto a previs\u00e3o de reforma e revitaliza\u00e7\u00e3o do Campo de Futebol do Terrestre localizado nas ruas Raimundo Joaquim de Souza e rua Hon\u00f3rio In\u00e1cio no Bairro Dom Camilo, neste Munic\u00edpio."}, {"id": "19957", "ano": "2022", "numero": "124", "tipo__sigla": "PROT", "tipo__descricao": "Protocolo", "autoria": "Guilherme de Lima Braga (Guilherme do Doce)", "texto_original": "http://sapl.pedroleopoldo.mg.leg.br/media/", "ementa": "No uso de minhas atribui\u00e7\u00f5es regimentais, requeiro \u00e0 Excelent\u00edssima Senhora Prefeita informa\u00e7\u00f5es quanto a previs\u00e3o das reformas, melhorias e principalmente da extens\u00e3o de rede el\u00e9trica no bairro Vila S\u00e3o Jo\u00e3o no Distrito de Dr. Lund, neste Munic\u00edpio."}, {"id": "19959", "ano": "2022", "numero": "125", "tipo__sigla": "PROT", "tipo__descricao": "Protocolo", "autoria": "Guilherme de Lima Braga (Guilherme do Doce)", "texto_original": "http://sapl.pedroleopoldo.mg.leg.br/media/", "ementa": "No uso de minhas atribui\u00e7\u00f5es regimentais, indico \u00e0 Excelent\u00edssima Senhora Prefeita determinar ao setor competente providenciar a reforma e revitaliza\u00e7\u00e3o do Campo de Futebol do Terrestre localizado nas ruas Raimundo Joaquim de Souza e rua Hon\u00f3rio In\u00e1cio no Bairro Lagoa de Santo Ant\u00f4nio, neste Munic\u00edpio."}, {"id": "19961", "ano": "2022", "numero": "126", "tipo__sigla": "PROT", "tipo__descricao": "Protocolo", "autoria": "Rafael Vieira Faria (Rafa)", "texto_original": "http://sapl.pedroleopoldo.mg.leg.br/media/", "ementa": "Indica a substitui\u00e7\u00e3o de l\u00e2mpadas de vapor de merc\u00fario por l\u00e2mpadas de Led na Rua Olivier Teixeira, Cep 33255-166, situada no bairro Vila S\u00e3o Geraldo, na altura do n\u00famero 870 ao n\u00famero 1170."}, {"id": "19963", "ano": "2022", "numero": "127", "tipo__sigla": "PROT", "tipo__descricao": "Protocolo", "autoria": "Rafael Vieira Faria (Rafa)", "texto_original": "http://sapl.pedroleopoldo.mg.leg.br/media/", "ementa": "Venho, no uso de minhas atribui\u00e7\u00f5es, apresentar a presente indica\u00e7\u00e3o ao Poder Executivo Municipal, sugerindo que seja feita opera\u00e7\u00e3o tapa buracos ou a\u00e7\u00e3o de recapeamento na Rua Olivier Teixeira no bairro Vila S\u00e3o Geraldo, na altura dos n\u00fameros 870 e 1170, Cep 33255-166."}, {"id": "19983", "ano": "2022", "numero": "128", "tipo__sigla": "PROT", "tipo__descricao": "Protocolo", "autoria": "Frederico Henrique Cota Alves (Fred Piau)", "texto_original": "http://sapl.pedroleopoldo.mg.leg.br/media/", "ementa": "\"Indica reforma da CEMAI ARCA DE NO\u00c9. Em fiscaliza\u00e7\u00e3o no local, pude observar e receber os relatos de problemas cr\u00f4nicos que atingem o pr\u00e9dio da institui\u00e7\u00e3o. Dentre eles destaco:\r\n- Problema cr\u00f4nico de infiltra\u00e7\u00e3o em grande parte das paredes e telhados.\r\n- Parte el\u00e9trica e tomadas necessitando reparos.\r\n- Banheiro coletivo, sem separa\u00e7\u00e3o (masculino e feminino) para uso comum de 62 crian\u00e7as.\r\n- Afundamento do piso na \u00e1rea dos chuveiros.\r\n- Problema hidr\u00e1ulico dos chuveiros (baixa press\u00e3o).\r\n- Telhado da sala da Diretora da CEMAI, sem fosso e Lage.\""}, {"id": "19984", "ano": "2022", "numero": "129", "tipo__sigla": "PROT", "tipo__descricao": "Protocolo", "autoria": "Leonardo Pereira Ribeiro (Leoz\u00e3o)", "texto_original": "http://sapl.pedroleopoldo.mg.leg.br/media/", "ementa": "VOTO DE PESAR PARA: DELIA EUG\u00caNIA DOS SANTOS \r\n\r\nENVIAR PARA: SUA FILHA, FLAVIANA DOS SANTOS \r\n\r\nENDERE\u00c7O: RUA CLAUDIONOR GON\u00c7ALVES, 51 - DONATO"}, {"id": "19985", "ano": "2022", "numero": "130", "tipo__sigla": "PROT", "tipo__descricao": "Protocolo", "autoria": "Guilherme de Lima Braga (Guilherme do Doce)", "texto_original": "http://sapl.pedroleopoldo.mg.leg.br/media/", "ementa": "No uso de minhas atribui\u00e7\u00f5es regimentais, requeiro \u00e0 Excelent\u00edssima Senhora Prefeita informa\u00e7\u00f5es quanto a previs\u00e3o para in\u00edcio das obras de Drenagem Pluvial na Avenida R\u00f4mulo Joviano, Centro neste Munic\u00edpio."}, {"id": "19990", "ano": "2022", "numero": "131", "tipo__sigla": "PROT", "tipo__descricao": "Protocolo", "autoria": "Evaldo Geraldo do Carmo (Evaldo do A\u00e7ougue)", "texto_original": "http://sapl.pedroleopoldo.mg.leg.br/media/", "ementa": "CRIA O PROGRAMA PARA FORNECIMENTO DE MERENDA ESCOLAR DIFERENCIADA AOS ESTUDANTES HIPERGLIC\u00caMICOS, HIPOGLIC\u00caMICOS E CEL\u00cdACOS E D\u00c1 OUTRAS PROVID\u00caNCIAS."}, {"id": "19991", "ano": "2022", "numero": "132", "tipo__sigla": "PROT", "tipo__descricao": "Protocolo", "autoria": "Frederico Henrique Cota Alves (Fred Piau)", "texto_original": "http://sapl.pedroleopoldo.mg.leg.br/media/", "ementa": "PROJETO DE LEI\r\nDetermina que a C\u00e2mara Municipal de Pedro Leopoldo seja obrigatoriamente notificada da libera\u00e7\u00e3o de recursos federais e estaduais para o munic\u00edpio e d\u00e1 outras provid\u00eancias."}, {"id": "19992", "ano": "2022", "numero": "133", "tipo__sigla": "PROT", "tipo__descricao": "Protocolo", "autoria": "Guilherme de Lima Braga (Guilherme do Doce)", "texto_original": "http://sapl.pedroleopoldo.mg.leg.br/media/", "ementa": "Ilmo. Srs (a) M\u00e1rcio Cardoso Francisco J\u00fanior, Danielle Cardoso Francisco, Grazielle Cardoso Francisco e Marielle Cardoso Francisco Assunto: Voto de pesar pelo falecimento da Sra. Lind\u00e9ia Marilac Cardoso Francisco."}, {"id": "19993", "ano": "2022", "numero": "134", "tipo__sigla": "PROT", "tipo__descricao": "Protocolo", "autoria": "Frederico Henrique Cota Alves (Fred Piau)", "texto_original": "http://sapl.pedroleopoldo.mg.leg.br/media/", "ementa": "Altera o artigo 20 ,  Inciso II da lei 3310/2012, que passa a vigorar com a seguinte reda\u00e7\u00e3o:"}, {"id": "19994", "ano": "2022", "numero": "135", "tipo__sigla": "PROT", "tipo__descricao": "Protocolo", "autoria": "Mauro J\u00fanior Lopes Francisco", "texto_original": "http://sapl.pedroleopoldo.mg.leg.br/media/", "ementa": "No uso de minhas atribui\u00e7\u00f5es regimentais, indico \u00e0 Excelent\u00edssima Senhora Prefeita determinar ao setor competente providenciar a retirada dos vendedores ambulantes dos locais n\u00e3o autorizados pela Prefeitura."}, {"id": "19995", "ano": "2022", "numero": "136", "tipo__sigla": "PROT", "tipo__descricao": "Protocolo", "autoria": "Matheus Utsch de Oliveira", "texto_original": "http://sapl.pedroleopoldo.mg.leg.br/media/", "ementa": "Acrescenta par\u00e1grafo \u00fanico ao Art. 6\u00ba e par\u00e1grafo 3\u00ba ao Art. 7\u00ba da Lei n\u00ba 3.641 de 27 de dezembro de 2021, a fim de conferir o compartilhamento de relat\u00f3rios e pesquisas de que trata esta Lei."}, {"id": "19996", "ano": "2022", "numero": "137", "tipo__sigla": "PROT", "tipo__descricao": "Protocolo", "autoria": "Jos\u00e9 Justino Pires Damaso", "texto_original": "http://sapl.pedroleopoldo.mg.leg.br/media/", "ementa": "INDICA\u00c7\u00c3O DA RUA ARTUR MALLOY- OPERA\u00c7\u00c3O TAPA BURACO"}, {"id": "19997", "ano": "2022", "numero": "138", "tipo__sigla": "PROT", "tipo__descricao": "Protocolo", "autoria": "Jos\u00e9 Justino Pires Damaso", "texto_original": "http://sapl.pedroleopoldo.mg.leg.br/media/", "ementa": "INDICA\u00c7\u00c3O - CAPINA E LIMPEZA ESTRADA DO URUBU"}, {"id": "19998", "ano": "2022", "numero": "139", "tipo__sigla": "PROT", "tipo__descricao": "Protocolo", "autoria": "Jos\u00e9 Justino Pires Damaso", "texto_original": "http://sapl.pedroleopoldo.mg.leg.br/media/", "ementa": "INDICA\u00c7\u00c3O- REVITALIZA\u00c7\u00c3O REDUTORES VELOCIDADE"}, {"id": "19999", "ano": "2022", "numero": "140", "tipo__sigla": "PROT", "tipo__descricao": "Protocolo", "autoria": "Jos\u00e9 Justino Pires Damaso", "texto_original": "http://sapl.pedroleopoldo.mg.leg.br/media/", "ementa": "INDICA\u00c7\u00c3O DE CAPINA E LIMPEZA"}, {"id": "20013", "ano": "2022", "numero": "141", "tipo__sigla": "PROT", "tipo__descricao": "Protocolo", "autoria": "Frederico Henrique Cota Alves (Fred Piau)", "texto_original": "http://sapl.pedroleopoldo.mg.leg.br/media/", "ementa": "No uso de minhas atribui\u00e7\u00f5es regimentais, requeiro \u00e0 Excelent\u00edssima Senhora Prefeita a presta\u00e7\u00e3o de contas detalhada do or\u00e7amento da sa\u00fade em 2021.\r\n- Quanto foi investido?\r\n- Qual percentual isso representou na receita arrecadada?\r\n- Quanto de recurso foi investido para manuten\u00e7\u00e3o e funcionamento dos equipamentos da sa\u00fade?\r\n- Quanto foi investido em pagamento de profissionais de sa\u00fade (efetivos. Contratados e terceirizados)?\r\n- Os n\u00fameros detalhado do que foi feito:  consulta, exames, cirurgias, atendimentos em urg\u00eancia, emerg\u00eancia, TFD e etc.\r\n- Ata de todas as reuni\u00f5es do Conselho Municipal de Sa\u00fade.\r\n- Quais as movimenta\u00e7\u00f5es que houve no or\u00e7amento (cr\u00e9ditos suplementares, dota\u00e7\u00e3o or\u00e7ament\u00e1ria e etc).\r\n- Conv\u00eanios fechados com Associa\u00e7\u00f5es, Cons\u00f3rcios.\r\n- Quanto o munic\u00edpio recebeu de emendas parlamentares?\r\n- Quais os programas do Minist\u00e9rio da Sa\u00fade que  o munic\u00edpio participa hoje?\r\n-  Quanto o munic\u00edpio investiu de recursos para melhoria do servi\u00e7o da odontologia?\r\n- Quanto o munic\u00edpio invest"}, {"id": "20014", "ano": "2022", "numero": "142", "tipo__sigla": "PROT", "tipo__descricao": "Protocolo", "autoria": "Rafael Vieira Faria (Rafa)", "texto_original": "http://sapl.pedroleopoldo.mg.leg.br/media/", "ementa": "Indica a regulamenta\u00e7\u00e3o do uso de ca\u00e7ambas estacion\u00e1rias no Munic\u00edpio de Pedro Leopoldo, na forma do art. 113 da Lei 2205/1996, com reda\u00e7\u00e3o dada pela Lei 3.355/2013, transformando o projeto de Lei n\u00ba 93/2021 em indica\u00e7\u00e3o, conforme justificativa, texto e demais embasamentos pertinentes juntados em anexo."}, {"id": "20015", "ano": "2022", "numero": "143", "tipo__sigla": "PROT", "tipo__descricao": "Protocolo", "autoria": "Eldir Jos\u00e9 Batista (Baixinho da Garagem)", "texto_original": "http://sapl.pedroleopoldo.mg.leg.br/media/", "ementa": "EMENDA MODIFICATIVA N\u00ba 01 AO SUBSTITUTIVO N\u00ba 01 AO PROJETO DE RESOLU\u00c7\u00c3O N\u00ba 17/2021: Altera a reda\u00e7\u00e3o do art. 2\u00ba do Substitutivo n\u00ba 01 ao Projeto de Resolu\u00e7\u00e3o n\u00ba 17/2021, que: Disp\u00f5e sobre o uso de ve\u00edculo da C\u00e2mara Municipal de Pedro Leopoldo."}, {"id": "20016", "ano": "2022", "numero": "144", "tipo__sigla": "PROT", "tipo__descricao": "Protocolo", "autoria": "Leonardo Pereira Ribeiro (Leoz\u00e3o)", "texto_original": "http://sapl.pedroleopoldo.mg.leg.br/media/", "ementa": "VOTO DE PESAR PARA: ABDON AUGUSTO DE SOUZA\r\n\r\nENVIAR PARA: SEUS FILHOS, ALESSANDRA AUGUSTA DE SOUZA, ROSALINA AUGUSTA DE SOUZA, PATR\u00cdCIA CRISTINA DE SOUZA, ALEXANDRE AUGUSTO DE SOUZA\r\n\r\nENDERE\u00c7O: RUA DUARTE, 70 - VERA CRUZ DE MINAS"}, {"id": "20017", "ano": "2022", "numero": "145", "tipo__sigla": "PROT", "tipo__descricao": "Protocolo", "autoria": "Leonardo Pereira Ribeiro (Leoz\u00e3o)", "texto_original": "http://sapl.pedroleopoldo.mg.leg.br/media/", "ementa": "VOTO DE PESAR PARA: JOS\u00c9 GERALDO ANSELMO\r\n\r\nENVIAR PARA: SEU FILHO, JOHNATHAN\r\n\r\nENDERE\u00c7O: RUA HELENICE HERMETO COSTA, 550 - SANTA TEREZA"}, {"id": "20018", "ano": "2022", "numero": "146", "tipo__sigla": "PROT", "tipo__descricao": "Protocolo", "autoria": "Guilherme de Lima Braga (Guilherme do Doce)", "texto_original": "http://sapl.pedroleopoldo.mg.leg.br/media/", "ementa": "Institui no calend\u00e1rio oficial de eventos do Munic\u00edpio de Pedro Leopoldo a Campanha de Preven\u00e7\u00e3o ao C\u00e2ncer de Pele, Dezembro Laranja, a ser realizada anualmente no referido m\u00eas, e d\u00e1 outras provid\u00eancias."}, {"id": "20019", "ano": "2022", "numero": "147", "tipo__sigla": "PROT", "tipo__descricao": "Protocolo", "autoria": "Eldir Jos\u00e9 Batista (Baixinho da Garagem)", "texto_original": "http://sapl.pedroleopoldo.mg.leg.br/media/", "ementa": "PROJETO DE RESOLU\u00c7\u00c3O N\u00ba 06/2022 - Cria a Escola do Legislativo da C\u00e2mara Municipal de Pedro Leopoldo e d\u00e1 outras provid\u00eancias.\r\nAutoria: Mesa Diretora\r\nAnexo o projeto. Gentileza n\u00e3o imprimir, ainda, pois pode sofrer altera\u00e7\u00f5es."}, {"id": "20026", "ano": "2022", "numero": "148", "tipo__sigla": "PROT", "tipo__descricao": "Protocolo", "autoria": "Mesa Diretora", "texto_original": "http://sapl.pedroleopoldo.mg.leg.br/media/", "ementa": "Autoriza a C\u00e2mara Municipal de Pedro Leopoldo a celebrar conv\u00eanio com a ABEL-associa\u00e7\u00e3o brasileira de escolas do legislativo e de contas e d\u00e1 outras provid\u00eancias."}, {"id": "20028", "ano": "2022", "numero": "149", "tipo__sigla": "PROT", "tipo__descricao": "Protocolo", "autoria": "Leonardo Pereira Ribeiro (Leoz\u00e3o)", "texto_original": "http://sapl.pedroleopoldo.mg.leg.br/media/", "ementa": "VOTO DE PESAR PARA: WASHINGTON SANTOS SANTANA\r\n\r\nENVIAR PARA: SEUS PAIS, JUSSICLEI PEREIRA DOS SANTOS E \u00c9DSON GLAV\u00c3O SANTANA\r\n\r\nENDERE\u00c7O: RUA CRUZEIRO, 995 - MORADA DOS \u00c2NGICOS"}, {"id": "20029", "ano": "2022", "numero": "150", "tipo__sigla": "PROT", "tipo__descricao": "Protocolo", "autoria": "Rafael Vieira Faria (Rafa)", "texto_original": "http://sapl.pedroleopoldo.mg.leg.br/media/", "ementa": "Indica a capacita\u00e7\u00e3o dos servidores das Capelas Vel\u00f3rio do Munic\u00edpio de Pedro Leopoldo."}, {"id": "20030", "ano": "2022", "numero": "151", "tipo__sigla": "PROT", "tipo__descricao": "Protocolo", "autoria": "Rafael Vieira Faria (Rafa)", "texto_original": "http://sapl.pedroleopoldo.mg.leg.br/media/", "ementa": "Indica ao poder executivo a aquisi\u00e7\u00e3o e o fornecimento, tanto de uniformes padronizados quanto o de equipamentos de prote\u00e7\u00e3o individual -EPI's- para os servidores que laboram nas capelas vel\u00f3rio."}, {"id": "20031", "ano": "2022", "numero": "152", "tipo__sigla": "PROT", "tipo__descricao": "Protocolo", "autoria": "Leonardo Pereira Ribeiro (Leoz\u00e3o)", "texto_original": "http://sapl.pedroleopoldo.mg.leg.br/media/", "ementa": "No uso de minhas atribui\u00e7\u00f5es regimentais, indico \u00e0 Excelent\u00edssima Senhora Prefeita Municipal tomar as medidas cab\u00edveis, para providenciar recapeamento asf\u00e1ltica em toda a extens\u00e3o do bairro Jardin\u00f3polis."}, {"id": "20032", "ano": "2022", "numero": "153", "tipo__sigla": "PROT", "tipo__descricao": "Protocolo", "autoria": "Leonardo Pereira Ribeiro (Leoz\u00e3o)", "texto_original": "http://sapl.pedroleopoldo.mg.leg.br/media/", "ementa": "No uso de minhas atribui\u00e7\u00f5es regimentais, indico \u00e0 Excelent\u00edssima Senhora Prefeita Municipal tomar as medidas cab\u00edveis, para providenciar troca das l\u00e2mpadas para LED em toda a extens\u00e3o do bairro Jardin\u00f3polis."}, {"id": "20033", "ano": "2022", "numero": "154", "tipo__sigla": "PROT", "tipo__descricao": "Protocolo", "autoria": "Leonardo Pereira Ribeiro (Leoz\u00e3o)", "texto_original": "http://sapl.pedroleopoldo.mg.leg.br/media/", "ementa": "No uso de minhas atribui\u00e7\u00f5es regimentais, indico \u00e0 Excelent\u00edssima Senhora Prefeita Municipal tomar as medidas cab\u00edveis, para providenciar limpeza e capina na Rua Levy Teixeira da Costa, no Bairro Maria de Lourdes"}, {"id": "20044", "ano": "2022", "numero": "155", "tipo__sigla": "PROT", "tipo__descricao": "Protocolo", "autoria": "Guilherme de Lima Braga (Guilherme do Doce)", "texto_original": "http://sapl.pedroleopoldo.mg.leg.br/media/", "ementa": "No uso de minhas atribui\u00e7\u00f5es regimentais, indico a Excelent\u00edssima Senhora Prefeita determinar ao setor competente providenciar servi\u00e7os de limpeza (capina e ro\u00e7ada) e opera\u00e7\u00e3o tapa buracos na rua Botocudos, Bairro Parque Andiara, neste Munic\u00edpio."}, {"id": "20045", "ano": "2022", "numero": "156", "tipo__sigla": "PROT", "tipo__descricao": "Protocolo", "autoria": "Guilherme de Lima Braga (Guilherme do Doce)", "texto_original": "http://sapl.pedroleopoldo.mg.leg.br/media/", "ementa": "No uso de minhas atribui\u00e7\u00f5es regimentais, indico \u00e0 Excelent\u00edssima Senhora Prefeita solicitar ao setor competente a instala\u00e7\u00e3o de redutor de velocidade (quebra-molas) na Rua Justa Vilela do Amaral, pr\u00f3ximo ao n\u00famero 287 no bairro Santo Ant\u00f4nio da Barra, neste Munic\u00edpio."}, {"id": "20046", "ano": "2022", "numero": "157", "tipo__sigla": "PROT", "tipo__descricao": "Protocolo", "autoria": "Rafael Vieira Faria (Rafa)", "texto_original": "http://sapl.pedroleopoldo.mg.leg.br/media/", "ementa": "Indica o Mapeamento georeferenciado e a Informatiza\u00e7\u00e3o dos Cemit\u00e9rios Municipais."}, {"id": "20047", "ano": "2022", "numero": "158", "tipo__sigla": "PROT", "tipo__descricao": "Protocolo", "autoria": "Warlen Alves da Silva", "texto_original": "http://sapl.pedroleopoldo.mg.leg.br/media/", "ementa": "No uso de minhas atribui\u00e7\u00f5es regimentais, indico \u00e0 Excelent\u00edssima Senhora Prefeita solicitar ao setor competente realizar opera\u00e7\u00e3o tapa buracos na Rua Chiquita Alves, no bairro Santa Tereza Pedro Leopoldo."}, {"id": "20048", "ano": "2022", "numero": "159", "tipo__sigla": "PROT", "tipo__descricao": "Protocolo", "autoria": "Frederico Henrique Cota Alves (Fred Piau)", "texto_original": "http://sapl.pedroleopoldo.mg.leg.br/media/", "ementa": "REPRESENTA\u00c7\u00c3O A CEMIG:\r\nPOSTE MULETADO(FERRAGENS EXPOSTAS, DANIFICADO) NA RUA JUCA MACHADO, PR\u00d3XIMO A RESID\u00caNCIA DE N\u00daMERO 13, DE ESQUINA COM A AVENIDA COMENDADOR ANT\u00d4NIO ALVES. TENDO COMO REFER\u00caNCIA ESTAR PR\u00d3XIMO A Igreja Evang\u00e9lica Vida Plena.\r\n\r\n*FOTOS EM ANEXO"}, {"id": "20051", "ano": "2022", "numero": "160", "tipo__sigla": "PROT", "tipo__descricao": "Protocolo", "autoria": "Leonardo Pereira Ribeiro (Leoz\u00e3o)", "texto_original": "http://sapl.pedroleopoldo.mg.leg.br/media/", "ementa": "VOTO DE PESAR PARA: DIOCLECIANO MUNIZ SOBRINHOS\r\n\r\nENVIAR PARA: SUA FILHA, GEANE PEREIRA MUNIZ\r\n\r\nENDERE\u00c7O:RUA ELZA EVANGELISTA, 125 - AD\u00c9LIA ISSA - CEP: 33252-084"}, {"id": "20052", "ano": "2022", "numero": "161", "tipo__sigla": "PROT", "tipo__descricao": "Protocolo", "autoria": "Matheus Utsch de Oliveira", "texto_original": "http://sapl.pedroleopoldo.mg.leg.br/media/", "ementa": "No uso de minhas atribui\u00e7\u00f5es regimentais, requeiro \u00e0 Excelent\u00edssima Senhora Prefeita informa\u00e7\u00f5es e saber se o Ticket de alimenta\u00e7\u00e3o e o valor teto que d\u00e1 direito ao recebimento ser\u00e3o reajustados pelo IPCA."}, {"id": "20053", "ano": "2022", "numero": "162", "tipo__sigla": "PROT", "tipo__descricao": "Protocolo", "autoria": "Rafael Vieira Faria (Rafa)", "texto_original": "http://sapl.pedroleopoldo.mg.leg.br/media/", "ementa": "indica\u00e7\u00e3o, sugerindo ao poder executivo a aboli\u00e7\u00e3o do uso obrigat\u00f3rio de mascaras como medida de conten\u00e7\u00e3o \u00e0 contamina\u00e7\u00e3o do Corona V\u00edrus, passando o seu uso a ter status facultativo."}, {"id": "20054", "ano": "2022", "numero": "163", "tipo__sigla": "PROT", "tipo__descricao": "Protocolo", "autoria": "Rafael Vieira Faria (Rafa)", "texto_original": "http://sapl.pedroleopoldo.mg.leg.br/media/", "ementa": "Venho, no uso de minhas atribui\u00e7\u00f5es, apresentar a presente indica\u00e7\u00e3o, visando o retorno do publico nas reuni\u00f5es ordin\u00e1rias sem a necessidade de agendamento, trazendo o p\u00fablico de volta \u00e0 casa do povo.\r\nSegue justificativa em anexo."}, {"id": "20055", "ano": "2022", "numero": "164", "tipo__sigla": "PROT", "tipo__descricao": "Protocolo", "autoria": "Rafael Vieira Faria (Rafa)", "texto_original": "http://sapl.pedroleopoldo.mg.leg.br/media/", "ementa": "Indica ao poder executivo a substitui\u00e7\u00e3o das l\u00e2mpadas convencionais de vapor de merc\u00fario por l\u00e2mpadas de LED, otimizando a ilumina\u00e7\u00e3o publica na Rua Pac\u00edfico Gon\u00e7alves Filho, Cep 33257-079, situada no bairro Santo Ant\u00f4nio da Barra."}, {"id": "20056", "ano": "2022", "numero": "165", "tipo__sigla": "PROT", "tipo__descricao": "Protocolo", "autoria": "Leonardo Pereira Ribeiro (Leoz\u00e3o)", "texto_original": "http://sapl.pedroleopoldo.mg.leg.br/media/", "ementa": "VOTO DE PESAR PARA: LAERTE DE SOUZA FERREIRA\r\n\r\nENVIAR PARA: SUA ESPOSA, F\u00c1TIMA MARIA DE OLIVEIRA FERREIRA\r\n\r\nENDERE\u00c7O: RUA JOS\u00c9 DOMINGUES, 143 - TRI\u00c2NGULO - CEP 33256-014"}, {"id": "20057", "ano": "2022", "numero": "166", "tipo__sigla": "PROT", "tipo__descricao": "Protocolo", "autoria": "Warlen Alves da Silva", "texto_original": "http://sapl.pedroleopoldo.mg.leg.br/media/", "ementa": "No uso de minhas atribui\u00e7\u00f5es regimentais, indico \u00e0 Excelent\u00edssima Senhora Prefeita determinar ao setor competente providenciar a instala\u00e7\u00e3o de redutor de velocidade  (quebra-mola), na rua Guaranis, na altura do n\u00b0 655, no bairro Andyara."}, {"id": "20058", "ano": "2022", "numero": "167", "tipo__sigla": "PROT", "tipo__descricao": "Protocolo", "autoria": "Rafael Vieira Faria (Rafa)", "texto_original": "http://sapl.pedroleopoldo.mg.leg.br/media/", "ementa": "Indica ao poder executivo a substitui\u00e7\u00e3o das l\u00e2mpadas convencionais de vapor de merc\u00fario por l\u00e2mpadas de LED, otimizando a ilumina\u00e7\u00e3o publica na Rua Justa Vilela do Amaral, Cep 33257-082, situada no bairro Santo Ant\u00f4nio da Barra."}, {"id": "20059", "ano": "2022", "numero": "168", "tipo__sigla": "PROT", "tipo__descricao": "Protocolo", "autoria": "Executivo", "texto_original": "http://sapl.pedroleopoldo.mg.leg.br/media/", "ementa": "Disp\u00f5e sobre as consigna\u00e7\u00f5es em folha de pagamento de servidores p\u00fablicos municipais do Poder Executivo do Munic\u00edpio de Pedro Leopoldo e d\u00e1 outras provid\u00eancias."}, {"id": "20060", "ano": "2022", "numero": "169", "tipo__sigla": "PROT", "tipo__descricao": "Protocolo", "autoria": "Matheus Utsch de Oliveira", "texto_original": "http://sapl.pedroleopoldo.mg.leg.br/media/", "ementa": "Substitutivo ao Projeto de Lei que Cria a Pol\u00edtica Municipal de Incentivo \u00e0 leitura e a Doa\u00e7\u00e3o de livros e d\u00e1 outras provid\u00eancias"}, {"id": "20061", "ano": "2022", "numero": "170", "tipo__sigla": "PROT", "tipo__descricao": "Protocolo", "autoria": "Matheus Utsch de Oliveira", "texto_original": "http://sapl.pedroleopoldo.mg.leg.br/media/", "ementa": "Substitutivo ao Projeto de Lei que Cria a Pol\u00edtica Municipal de Incentivo \u00e0 leitura e a Doa\u00e7\u00e3o de livros e d\u00e1 outras provid\u00eancias"}, {"id": "20062", "ano": "2022", "numero": "171", "tipo__sigla": "PROT", "tipo__descricao": "Protocolo", "autoria": "Eldir Jos\u00e9 Batista (Baixinho da Garagem)", "texto_original": "http://sapl.pedroleopoldo.mg.leg.br/media/", "ementa": "Emenda modificativa ao projeto de resolu\u00e7\u00e3o 07/2022: Autoriza a C\u00e2mara Municipal de Pedro Leopoldo a celebrar conv\u00eanio com a ABEL-associa\u00e7\u00e3o brasileira de escolas do legislativo e de contas e d\u00e1 outras provid\u00eancias. \r\nEMENDA MODIFICATIVA: altera o art. 2\u00ba, informando a cria\u00e7\u00e3o de cr\u00e9dito especial."}, {"id": "20063", "ano": "2022", "numero": "172", "tipo__sigla": "PROT", "tipo__descricao": "Protocolo", "autoria": "Eldir Jos\u00e9 Batista (Baixinho da Garagem)", "texto_original": "http://sapl.pedroleopoldo.mg.leg.br/media/", "ementa": "EMENDA MODIFICATIVA N\u00ba 01 AO SUBSTITUTIVO N\u00ba 01 AO PROJETO DE RESOLU\u00c7\u00c3O N\u00ba 17/2021: Altera a reda\u00e7\u00e3o do art. 2\u00ba do Substitutivo n\u00ba 01 ao Projeto de Resolu\u00e7\u00e3o n\u00ba 17/2021, que: Disp\u00f5e sobre o uso de ve\u00edculo da C\u00e2mara Municipal de Pedro Leopoldo."}, {"id": "20064", "ano": "2022", "numero": "173", "tipo__sigla": "PROT", "tipo__descricao": "Protocolo", "autoria": "Eldir Jos\u00e9 Batista (Baixinho da Garagem)", "texto_original": "http://sapl.pedroleopoldo.mg.leg.br/media/", "ementa": "Titulo de cidadania para o Senhor\r\nLazaro Carvalho"}, {"id": "20065", "ano": "2022", "numero": "174", "tipo__sigla": "PROT", "tipo__descricao": "Protocolo", "autoria": "Leonardo Pereira Ribeiro (Leoz\u00e3o)", "texto_original": "http://sapl.pedroleopoldo.mg.leg.br/media/", "ementa": "No uso de minhas atribui\u00e7\u00f5es regimentais, indico \u00e0 Excelent\u00edssima Senhora Prefeita Municipal tomar as medidas cab\u00edveis, para providenciar a coloca\u00e7\u00e3o das l\u00e2mpadas de led em toda a extens\u00e3o da Rua Joaquim Fernandes Costa \u2013 Bairro Lagoa de Santo Ant\u00f4nio."}, {"id": "20066", "ano": "2022", "numero": "175", "tipo__sigla": "PROT", "tipo__descricao": "Protocolo", "autoria": "Leonardo Pereira Ribeiro (Leoz\u00e3o)", "texto_original": "http://sapl.pedroleopoldo.mg.leg.br/media/", "ementa": "VOTO DE PESAR PARA: MARIA APARECIDA RODRIGUES\r\n\r\nENVIAR PARA: SEU ESPOSO, JOS\u00c9 J\u00daNIOR RODRIGUES\r\n\r\nENDERE\u00c7O: RUA JOS\u00c9 ANACLETO, 425 - LAGOA DE SANTO ANTONIO\r\nCEP: 33252-635"}, {"id": "20067", "ano": "2022", "numero": "176", "tipo__sigla": "PROT", "tipo__descricao": "Protocolo", "autoria": "Frederico Henrique Cota Alves (Fred Piau)", "texto_original": "http://sapl.pedroleopoldo.mg.leg.br/media/", "ementa": "No uso de minhas atribui\u00e7\u00f5es regimentais, indico \u00e0 Excelent\u00edssima Senhora Prefeita, a inscri\u00e7\u00e3o e ades\u00e3o ao programa Academia da Sa\u00fade do Minist\u00e9rio da Sa\u00fade do Governo Federal"}, {"id": "20068", "ano": "2022", "numero": "177", "tipo__sigla": "PROT", "tipo__descricao": "Protocolo", "autoria": "Eldir Jos\u00e9 Batista (Baixinho da Garagem)", "texto_original": "http://sapl.pedroleopoldo.mg.leg.br/media/", "ementa": "Projeto de Lei: Autoriza a cria\u00e7\u00e3o de cr\u00e9dito adicional especial no or\u00e7amento da C\u00e2mara Municipal de Pedro Leopoldo e d\u00e1 outras provid\u00eancias.\r\nAutoria: Prefeita Municipal e Mesa Diretora da C\u00e2mara Municipal de Pedro Leopoldo.\r\nObs.: o Dr. Rubens vai providenciar o texto."}, {"id": "20069", "ano": "2022", "numero": "178", "tipo__sigla": "PROT", "tipo__descricao": "Protocolo", "autoria": "Frederico Henrique Cota Alves (Fred Piau)", "texto_original": "http://sapl.pedroleopoldo.mg.leg.br/media/", "ementa": "No uso de minhas atribui\u00e7\u00f5es regimentais, indico \u00e0 Excelent\u00edssima Senhora Prefeita a constru\u00e7\u00e3o de pelo menos mais duas CEMAIS em nossa cidade do TIPO 1,  PADR\u00c3O FNDE."}, {"id": "20070", "ano": "2022", "numero": "179", "tipo__sigla": "PROT", "tipo__descricao": "Protocolo", "autoria": "Eldir Jos\u00e9 Batista (Baixinho da Garagem)", "texto_original": "http://sapl.pedroleopoldo.mg.leg.br/media/", "ementa": "PROJETO DE RESOLU\u00c7\u00c3O N\u00ba 08/2022: Concede T\u00edtulo de Cidad\u00e3o Honor\u00e1rio a Lazaro Carvalho e d\u00e1 outras provid\u00eancias."}, {"id": "20071", "ano": "2022", "numero": "180", "tipo__sigla": "PROT", "tipo__descricao": "Protocolo", "autoria": "Eldir Jos\u00e9 Batista (Baixinho da Garagem)", "texto_original": "http://sapl.pedroleopoldo.mg.leg.br/media/", "ementa": "Emenda supressiva ao PR 06/2022 : Suprime o \u00a71\u00ba do art. 3.\u00ba do Projeto de Resolu\u00e7\u00e3o n.\u00ba 06/2022 e transforma o \u00a72\u00ba em par\u00e1grafo \u00fanico.\r\nObs.: o texto ser\u00e1 providenciado pelo Dr. Rubens."}, {"id": "20072", "ano": "2022", "numero": "181", "tipo__sigla": "PROT", "tipo__descricao": "Protocolo", "autoria": "Jos\u00e9 Justino Pires Damaso", "texto_original": "http://sapl.pedroleopoldo.mg.leg.br/media/", "ementa": "No uso de minhas atribui\u00e7\u00f5es regimentais, indico \u00e0 Excelent\u00edssima Senhora Prefeita determinar ao setor competente providenciar uma opera\u00e7\u00e3o tapa buraco na rua Ant\u00f4nio Elias, bairro Doutor Lund."}, {"id": "20073", "ano": "2022", "numero": "182", "tipo__sigla": "PROT", "tipo__descricao": "Protocolo", "autoria": "Warlen Alves da Silva", "texto_original": "http://sapl.pedroleopoldo.mg.leg.br/media/", "ementa": "No uso de minhas atribui\u00e7\u00f5es regimentais, indico \u00e0 Excelent\u00edssima Senhora Prefeita determinar ao setor competente providenciar a 1 ponto extens\u00e3o da rede de ilumina\u00e7\u00e3o p\u00fablica na rua Joaquim Tavares pr\u00f3ximo ao n.\u00b0 80, no Bairro centro, neste Munic\u00edpio."}, {"id": "20074", "ano": "2022", "numero": "183", "tipo__sigla": "PROT", "tipo__descricao": "Protocolo", "autoria": "Matheus Utsch de Oliveira", "texto_original": "http://sapl.pedroleopoldo.mg.leg.br/media/", "ementa": "No uso de minhas atribui\u00e7\u00f5es regimentais, requeiro \u00e0 Excelent\u00edssima Senhora Prefeita informa\u00e7\u00f5es sobre a regulamenta\u00e7\u00e3o e aplica\u00e7\u00e3o da legisla\u00e7\u00e3o dos taxistas, Lei n\u00ba 3.629, de 07 de dezembro de 2021."}, {"id": "20075", "ano": "2022", "numero": "184", "tipo__sigla": "PROT", "tipo__descricao": "Protocolo", "autoria": "Executivo", "texto_original": "http://sapl.pedroleopoldo.mg.leg.br/media/", "ementa": "ALTERA A LEI MUNICIPAL N\u00ba 3.641, DE 27 DE DEZEMBRO DE 2021, A QUAL AUTORIZA A CONCESS\u00c3O DE SUBSIDEIO TARIF\u00c1RIO TEMPOR\u00c1RIO AO SERVI\u00c7O DE TRANSPORTE PUBLICO COLETIVO URBANO DO MUNICIPIO DE PEDRO LEOPOLDO E DA OUTRAS PROVID\u00caNCIAS."}, {"id": "20076", "ano": "2022", "numero": "185", "tipo__sigla": "PROT", "tipo__descricao": "Protocolo", "autoria": "Executivo", "texto_original": "http://sapl.pedroleopoldo.mg.leg.br/media/", "ementa": "DISP\u00d5E SOBRE A AMPLIA\u00c7\u00c3O DO LIMITE PARA ABERTURA DE CR\u00c9DITOS SUPLEMENTARES POR SUPERAVIT DURANTE A EXECU\u00c7\u00c3O DO OR\u00c7AMENTO MUNICIPAL NO EXERC\u00cdCIO DE 2022 E ALTERA A REDA\u00c7\u00c3O DO ART. 5\u00ba DA LEI MUNICIPAL N\u00ba 3.633, DE 21 DE DEZEMBRO DE 2021."}, {"id": "20077", "ano": "2022", "numero": "186", "tipo__sigla": "PROT", "tipo__descricao": "Protocolo", "autoria": "Guilherme de Lima Braga (Guilherme do Doce)", "texto_original": "http://sapl.pedroleopoldo.mg.leg.br/media/", "ementa": "No uso de minhas atribui\u00e7\u00f5es regimentais, indico \u00e0 Excelent\u00edssima Senhora Prefeita solicitar ao setor competente a instala\u00e7\u00e3o de redutor de velocidade (quebra-molas) na rua Cristiano Otoni esquina com a rua Nilton Andrade, pr\u00f3ximo ao n\u00famero 20 no Centro, neste Munic\u00edpio."}, {"id": "20078", "ano": "2022", "numero": "187", "tipo__sigla": "PROT", "tipo__descricao": "Protocolo", "autoria": "Guilherme de Lima Braga (Guilherme do Doce)", "texto_original": "http://sapl.pedroleopoldo.mg.leg.br/media/", "ementa": "No uso de minhas atribui\u00e7\u00f5es regimentais, indico \u00e0 Excelent\u00edssima Senhora Prefeita solicitar ao setor competente a instala\u00e7\u00e3o de redutor de velocidade (quebra-molas) na Rua Pergentino de souza, pr\u00f3ximo ao n\u00famero 170 no bairro Teot\u00f4nio Batista de Freitas, neste Munic\u00edpio"}, {"id": "20079", "ano": "2022", "numero": "188", "tipo__sigla": "PROT", "tipo__descricao": "Protocolo", "autoria": "Guilherme de Lima Braga (Guilherme do Doce)", "texto_original": "http://sapl.pedroleopoldo.mg.leg.br/media/", "ementa": "No uso de minhas atribui\u00e7\u00f5es regimentais, indico \u00e0 Excelent\u00edssima Senhora Prefeita solicitar ao setor competente a instala\u00e7\u00e3o de redutor de velocidade (quebra-molas) na Rua Paranaiara, pr\u00f3ximo ao n\u00famero 557 no bairro Parque Andiara, neste Munic\u00edpio."}, {"id": "20089", "ano": "2022", "numero": "189", "tipo__sigla": "PROT", "tipo__descricao": "Protocolo", "autoria": "Guilherme de Lima Braga (Guilherme do Doce)", "texto_original": "http://sapl.pedroleopoldo.mg.leg.br/media/", "ementa": "No uso de minhas atribui\u00e7\u00f5es regimentais, indico \u00e0 Excelent\u00edssima Senhora Prefeita determinar ao setor competente providenciar a reforma e revitaliza\u00e7\u00e3o no pr\u00e9dio da Escola Municipal Alice Lobato Martins no bairro S\u00e3o Geraldo, neste Munic\u00edpio"}, {"id": "20090", "ano": "2022", "numero": "190", "tipo__sigla": "PROT", "tipo__descricao": "Protocolo", "autoria": "Rafael Vieira Faria (Rafa)", "texto_original": "http://sapl.pedroleopoldo.mg.leg.br/media/", "ementa": "Indica a manuten\u00e7\u00e3o do sistema de ilumina\u00e7\u00e3o, a substitui\u00e7\u00e3o de l\u00e2mpadas e reatores da pista de skate situada na Pra\u00e7a da Esta\u00e7\u00e3o."}, {"id": "20092", "ano": "2022", "numero": "191", "tipo__sigla": "PROT", "tipo__descricao": "Protocolo", "autoria": "Leonardo Pereira Ribeiro (Leoz\u00e3o)", "texto_original": "http://sapl.pedroleopoldo.mg.leg.br/media/", "ementa": "REQUER QUE SEJA GARANTIDO O PISO SALARIAL DE NO M\u00cdNIMO 2 SAL\u00c1RIOS M\u00cdNIMOS AOS AGENTES COMUNIT\u00c1RIOS DE SA\u00daDE E AGENTES COMUNIT\u00c1RIOS DE COMBATE A ENDEMIAS, BEM COMO O DIREITO AO ADICIONAL DE INSALUBRIDADE CONFORME EMENDA CONSTITUCIONAL N\u00ba120."}, {"id": "20093", "ano": "2022", "numero": "192", "tipo__sigla": "PROT", "tipo__descricao": "Protocolo", "autoria": "Executivo", "texto_original": "http://sapl.pedroleopoldo.mg.leg.br/media/", "ementa": "Substitutivo ao Projeto de Lei n\u00ba 15/2022 - Autoriza o Poder Executivo a contratar opera\u00e7\u00e3o  de cr\u00e9dito com a Caixa Econ\u00f4mica Federal (CAIXA), a oferecer garantias e d\u00e1 outras provid\u00eancias."}, {"id": "20094", "ano": "2022", "numero": "193", "tipo__sigla": "PROT", "tipo__descricao": "Protocolo", "autoria": "Leonardo Pereira Ribeiro (Leoz\u00e3o)", "texto_original": "http://sapl.pedroleopoldo.mg.leg.br/media/", "ementa": "VOTO DE PESAR PARA: JANUARIO ALVES COSTA\r\n\r\nENVIAR PARA: SUA FILHA, LUCI ALVES COSTA\r\n\r\nENDERE\u00c7O: RUA AM\u00c1LIA RODRIGUES DE JESUS, 198 - FELIPE CL\u00c1UDIO DE SALES - CEP: 33252-038"}, {"id": "20095", "ano": "2022", "numero": "194", "tipo__sigla": "PROT", "tipo__descricao": "Protocolo", "autoria": "Matheus Utsch de Oliveira", "texto_original": "http://sapl.pedroleopoldo.mg.leg.br/media/", "ementa": "No uso de minhas atribui\u00e7\u00f5es regimentais, requeiro ao Excelent\u00edssimo Senhor Presidente da C\u00e2mara Municipal, a realiza\u00e7\u00e3o da Audi\u00eancia P\u00fablica para tratar de assuntos pertinentes ao Substitutivo N\u00ba 01 ao Projeto de Lei N\u00ba 15/2022, que Autoriza o Poder Executivo a contratar Opera\u00e7\u00e3o de Cr\u00e9dito com a Caixa Econ\u00f4mica Federal (CAIXA), a oferecer garantias e outras provid\u00eancias, de Autoria da Prefeita Municipal."}, {"id": "20106", "ano": "2022", "numero": "195", "tipo__sigla": "PROT", "tipo__descricao": "Protocolo", "autoria": "Rafael Vieira Faria (Rafa)", "texto_original": "http://sapl.pedroleopoldo.mg.leg.br/media/", "ementa": "Solicita informa\u00e7\u00f5es ao Poder Executivo no que tange a programa\u00e7\u00e3o da incorpora\u00e7\u00e3o do piso da Categoria para as carreiras de Agente de Combate a Endemias e Agente Comunit\u00e1rio de Sa\u00fade, conforme preceitua a Emenda Constitucional n\u00ba 120, de 05 de maio de 2022."}, {"id": "20107", "ano": "2022", "numero": "196", "tipo__sigla": "PROT", "tipo__descricao": "Protocolo", "autoria": "Rafael Vieira Faria (Rafa)", "texto_original": "http://sapl.pedroleopoldo.mg.leg.br/media/", "ementa": "Indica a substitui\u00e7\u00e3o das l\u00e2mpadas convencionais de vapor de merc\u00fario por l\u00e2mpadas de LED  nas Ruas Guarani, S\u00e3o Jo\u00e3o, Ulisses Cardeal e Nossa Senhora das Gra\u00e7as, ambas situadas no bairro Santo Ant\u00f4nio da Barra. Indica\u00e7\u00e3o feita apenas para a Rua Ulisses Cardeal, as demais foram solicitadas atrav\u00e9s do prot. 666/2021 - Ver. Frederico"}, {"id": "20110", "ano": "2022", "numero": "197", "tipo__sigla": "PROT", "tipo__descricao": "Protocolo", "autoria": "Rafael Vieira Faria (Rafa)", "texto_original": "http://sapl.pedroleopoldo.mg.leg.br/media/", "ementa": "Indica ao poder executivo a troca do mobili\u00e1rio do ESF do Bairro Santo Ant\u00f4nio, em especial, as cadeiras da recep\u00e7\u00e3o."}, {"id": "20150", "ano": "2022", "numero": "198", "tipo__sigla": "PROT", "tipo__descricao": "Protocolo", "autoria": "Executivo", "texto_original": "http://sapl.pedroleopoldo.mg.leg.br/media/", "ementa": "Disp\u00f5e sobre a revis\u00e3o geral dos vencimentos dos servidores p\u00fablicos e dos subs\u00eddios dos agentes pol\u00edticos da Prefeitura Municipal de Pedro Leopoldo, nos termos do disposto no artigo 37, X, da Constitui\u00e7\u00e3o Federal e d\u00e1 outras provid\u00eancias."}, {"id": "20151", "ano": "2022", "numero": "199", "tipo__sigla": "PROT", "tipo__descricao": "Protocolo", "autoria": "Jos\u00e9 Justino Pires Damaso", "texto_original": "http://sapl.pedroleopoldo.mg.leg.br/media/", "ementa": "ALTERA A LEI N\u00ba 3.114, DE 1\u00ba DE OUTUBRO DE 2009 QUE \" INSTITUI PROJETO \"UMA VIDA, UMA \u00c1RVORE\" NO MUNIC\u00cdPIO DE PEDRO LEOPOLDO E D\u00c1 OUTRAS PROVID\u00caNCIAS.\""}, {"id": "20152", "ano": "2022", "numero": "200", "tipo__sigla": "PROT", "tipo__descricao": "Protocolo", "autoria": "Rafael Vieira Faria (Rafa)", "texto_original": "http://sapl.pedroleopoldo.mg.leg.br/media/", "ementa": "Indica a recupera\u00e7\u00e3o da camada asf\u00e1ltica da Rua Betim no Bairro Santo Ant\u00f4nio -Cascavel.\r\n\r\npavimenta\u00e7\u00e3o - mala asf\u00e1ltica - troca - recapeamento"}, {"id": "20153", "ano": "2022", "numero": "201", "tipo__sigla": "PROT", "tipo__descricao": "Protocolo", "autoria": "Guilherme de Lima Braga (Guilherme do Doce)", "texto_original": "http://sapl.pedroleopoldo.mg.leg.br/media/", "ementa": "No uso de minhas atribui\u00e7\u00f5es regimentais, indico \u00e0 Excelent\u00edssima Senhora Prefeita determinar ao setor competente providenciar opera\u00e7\u00e3o tapa buracos na rua Belmiro F. Santos, bairro Centro, neste Munic\u00edpio.\r\npavimenta\u00e7\u00e3o - Recupera\u00e7\u00e3o - mala asf\u00e1ltica -"}, {"id": "20154", "ano": "2022", "numero": "202", "tipo__sigla": "PROT", "tipo__descricao": "Protocolo", "autoria": "Guilherme de Lima Braga (Guilherme do Doce)", "texto_original": "http://sapl.pedroleopoldo.mg.leg.br/media/", "ementa": "No uso de minhas atribui\u00e7\u00f5es regimentais, indico \u00e0 Excelent\u00edssima Senhora Prefeita determinar ao setor competente providenciar opera\u00e7\u00e3o tapa buracos na rua Jos\u00e9 Hil\u00e1rio Rodrigues pr\u00f3ximo ao n\u00famero 132, bairro S\u00e3o Jos\u00e9, neste Munic\u00edpio.\r\nPavimenta\u00e7\u00e3o, Recupera\u00e7\u00e3o, Mala asf\u00e1ltica."}, {"id": "20155", "ano": "2022", "numero": "203", "tipo__sigla": "PROT", "tipo__descricao": "Protocolo", "autoria": "Frederico Henrique Cota Alves (Fred Piau)", "texto_original": "http://sapl.pedroleopoldo.mg.leg.br/media/", "ementa": "No uso de minhas atribui\u00e7\u00f5es regimentais, indico \u00e0 Excelent\u00edssima Senhora Prefeita, determinar ao setor competente a instala\u00e7\u00e3o de um posto policial na Rua Nossa Senhora das Gra\u00e7as, pr\u00f3ximo ao n\u00famero 27, nos dias do evento do Pedro Leopoldo Rodeio Show, bem como a n\u00e3o concess\u00e3o de alvar\u00e1 provis\u00f3rio para barraquinhas de produtos aliment\u00edcios e food truck, neste local em especifico."}, {"id": "20156", "ano": "2022", "numero": "204", "tipo__sigla": "PROT", "tipo__descricao": "Protocolo", "autoria": "Leonardo Pereira Ribeiro (Leoz\u00e3o)", "texto_original": "http://sapl.pedroleopoldo.mg.leg.br/media/", "ementa": "VOTO DE PESAR PARA: MAGARIDA DOS ANJOS PEREIRA DIAS."}, {"id": "20157", "ano": "2022", "numero": "205", "tipo__sigla": "PROT", "tipo__descricao": "Protocolo", "autoria": "Leonardo Pereira Ribeiro (Leoz\u00e3o)", "texto_original": "http://sapl.pedroleopoldo.mg.leg.br/media/", "ementa": "No uso de minhas atribui\u00e7\u00f5es regimentais, indico \u00e0 Excelent\u00edssima Senhora Prefeita Municipal tomar as medidas cab\u00edveis, para providenciar a ilumina\u00e7\u00e3o, coloca\u00e7\u00e3o de um poste com l\u00e2mpadas de LED no p\u00e1tio do terminal rodovi\u00e1rio."}, {"id": "20158", "ano": "2022", "numero": "206", "tipo__sigla": "PROT", "tipo__descricao": "Protocolo", "autoria": "Leonardo Pereira Ribeiro (Leoz\u00e3o)", "texto_original": "http://sapl.pedroleopoldo.mg.leg.br/media/", "ementa": "No uso de minhas atribui\u00e7\u00f5es regimentais, indico \u00e0 Excelent\u00edssima Senhora Prefeita Municipal tomar as medidas cab\u00edveis, para providenciar um bra\u00e7o longo de ilumina\u00e7\u00e3o de LED no cruzamento das Ruas S\u00e3o Paulo com Jos\u00e9 Pires de Ara\u00fajo."}, {"id": "20159", "ano": "2022", "numero": "207", "tipo__sigla": "PROT", "tipo__descricao": "Protocolo", "autoria": "Rafael Vieira Faria (Rafa)", "texto_original": "http://sapl.pedroleopoldo.mg.leg.br/media/", "ementa": "Considerando as condi\u00e7\u00f5es da camada asf\u00e1ltica do Viaduto Dr. Wilson Lobato Martins situado sobre a via F\u00e9rrea, entre a Avenida R\u00f4mulo Joviano e a Rua Nossa Senhora das Gra\u00e7as, venho, sugerir ao Poder Executivo o recapeamento das duas faixas de rolamento, a recupera\u00e7\u00e3o de meio fio e da pista destinada a pedestres."}, {"id": "20160", "ano": "2022", "numero": "208", "tipo__sigla": "PROT", "tipo__descricao": "Protocolo", "autoria": "Evaldo Geraldo do Carmo (Evaldo do A\u00e7ougue)", "texto_original": "http://sapl.pedroleopoldo.mg.leg.br/media/", "ementa": "No uso de minhas atribui\u00e7\u00f5es regimentais, indico \u00e0 Excelent\u00edssima Senhora Refeita determinar ao setor competente providenciar  opera\u00e7\u00e3o tapa buracos na Rua Luiz Pires Guimar\u00e3es por toda sua extens\u00e3o no Distrito de Lagoa de Santo Ant\u00f4nio, neste munic\u00edpio."}, {"id": "20161", "ano": "2022", "numero": "209", "tipo__sigla": "PROT", "tipo__descricao": "Protocolo", "autoria": "Evaldo Geraldo do Carmo (Evaldo do A\u00e7ougue)", "texto_original": "http://sapl.pedroleopoldo.mg.leg.br/media/", "ementa": "No uso de minhas atribui\u00e7\u00f5es regimentais, indico \u00e0 Excelent\u00edssima Senhora Perfeita determinar ao sector competente providenciar a coloca\u00e7\u00e3o de meio fio na Rua Rui Barbosa, Rua Alagoas, Rua Minas Gerais, Rua Lu\u00eds Pires Guimar\u00e3es no bairro Lagoa de Santo Ant\u00f3nio, neste munic\u00edpio."}, {"id": "20162", "ano": "2022", "numero": "210", "tipo__sigla": "PROT", "tipo__descricao": "Protocolo", "autoria": "Evaldo Geraldo do Carmo (Evaldo do A\u00e7ougue)", "texto_original": "http://sapl.pedroleopoldo.mg.leg.br/media/", "ementa": "No uso de minhas atribui\u00e7\u00f5es regimentais, indico \u00e0 Excelent\u00edssima Senhora Prefeita determinar ao setor competente a instala\u00e7\u00e3o de uma grade de prote\u00e7\u00e3o na frente a escola Estadual Magno Claret no bairro Lagoa de Santo Ant\u00f3nio, neste munic\u00edpio."}, {"id": "20163", "ano": "2022", "numero": "211", "tipo__sigla": "PROT", "tipo__descricao": "Protocolo", "autoria": "Rafael Vieira Faria (Rafa)", "texto_original": "http://sapl.pedroleopoldo.mg.leg.br/media/", "ementa": "Venho, no uso de minhas atribui\u00e7\u00f5es, apresentar a presente indica\u00e7\u00e3o ao Poder Executivo, sugerindo o recapeamento da Pista de Cooper Santo Ant\u00f4nio da Barra e, sucessivamente, a recupera\u00e7\u00e3o da cal\u00e7ada do canteiro central na Avenida R\u00f4mulo Joviano, proporcionando conforto, tranquilidade, e seguran\u00e7a aos praticantes de atividade f\u00edsica."}, {"id": "20164", "ano": "2022", "numero": "212", "tipo__sigla": "PROT", "tipo__descricao": "Protocolo", "autoria": "Evaldo Geraldo do Carmo (Evaldo do A\u00e7ougue)", "texto_original": "http://sapl.pedroleopoldo.mg.leg.br/media/", "ementa": "No uso de minhas atribui\u00e7\u00f5es regimentais, indico \u00e0 Excelent\u00edssima Senhora Prefeita solicitar ao setor competente providenciar a instala\u00e7\u00e3o de lixeiras em toda a extens\u00e3o da Rua Cruzeiro no bairro Morada dos Angicos, neste Munic\u00edpio."}, {"id": "20165", "ano": "2022", "numero": "213", "tipo__sigla": "PROT", "tipo__descricao": "Protocolo", "autoria": "Eldir Jos\u00e9 Batista (Baixinho da Garagem)", "texto_original": "http://sapl.pedroleopoldo.mg.leg.br/media/", "ementa": "No Uso de minhas atribui\u00e7\u00f5es regimentais, indico (tapa-buracos/depress\u00f5es na pista, recupera\u00e7\u00e3o asf\u00e1ltica na rua Progresso, trecho entre a rua Lucio Cardoso Teixeira e o Hospital de Pronto Atendimento .PA"}, {"id": "20188", "ano": "2022", "numero": "214", "tipo__sigla": "PROT", "tipo__descricao": "Protocolo", "autoria": "Leonardo Pereira Ribeiro (Leoz\u00e3o)", "texto_original": "http://sapl.pedroleopoldo.mg.leg.br/media/", "ementa": "VOTO DE PESAR PARA: LUIZ OT\u00c1VIO GAMA FONSECA\r\n\r\nENVIAR PARA: SEUS PSAIS; CARLOS ALEXANDRE DIAS FONSECA E MARIA LUIZA GAMA FONSECA\r\n\r\nENDERE\u00c7O: PROFESSORA GUIDA VIANA, 521 - FELIPE CLAUDIO DE SALES\r\nCEP: 33252-046"}, {"id": "20189", "ano": "2022", "numero": "215", "tipo__sigla": "PROT", "tipo__descricao": "Protocolo", "autoria": "Executivo", "texto_original": "http://sapl.pedroleopoldo.mg.leg.br/media/", "ementa": "Altera os artigos 1\u00ba, 4\u00ba e 5\u00ba, da Lei Municipal n\u00ba 3.369, de 10 de mar\u00e7o de 2014."}, {"id": "20190", "ano": "2022", "numero": "216", "tipo__sigla": "PROT", "tipo__descricao": "Protocolo", "autoria": "Executivo", "texto_original": "http://sapl.pedroleopoldo.mg.leg.br/media/", "ementa": "Disp\u00f5e sobre o pagamento do Piso Nacional dos Agentes Comunit\u00e1rios de Sa\u00fade e os Agentes de Combate \u00e0s Endemias e d\u00e1 outras provid\u00eancias."}, {"id": "20193", "ano": "2022", "numero": "217", "tipo__sigla": "PROT", "tipo__descricao": "Protocolo", "autoria": "Frederico Henrique Cota Alves (Fred Piau)", "texto_original": "http://sapl.pedroleopoldo.mg.leg.br/media/", "ementa": "No uso de minhas atribui\u00e7\u00f5es regimentais, requeiro ao Excelent\u00edssimo Senhor Presidente da C\u00e2mara a autoriza\u00e7\u00e3o e cess\u00e3o do plen\u00e1rio para realiza\u00e7\u00e3o de audi\u00eancia p\u00fablica para tratar sobre a situa\u00e7\u00e3o atual do Ceppel e sobre o futuro da institui\u00e7\u00e3o."}, {"id": "20194", "ano": "2022", "numero": "218", "tipo__sigla": "PROT", "tipo__descricao": "Protocolo", "autoria": "Frederico Henrique Cota Alves (Fred Piau)", "texto_original": "http://sapl.pedroleopoldo.mg.leg.br/media/", "ementa": "No uso de minhas atribui\u00e7\u00f5es regimentais, indico \u00e0 Excelent\u00edssima Senhora  Prefeita e a Secret\u00e1ria Municipal de Educa\u00e7\u00e3o, a aquisi\u00e7\u00e3o de mais pisos emborrachados (tatames,  placas de EVA) para as CEMAIS DO MUNICIPO.    Com o objetivo de aumentar a seguran\u00e7a na realiza\u00e7\u00e3o de atividades  e das aulas."}, {"id": "20195", "ano": "2022", "numero": "219", "tipo__sigla": "PROT", "tipo__descricao": "Protocolo", "autoria": "Evaldo Geraldo do Carmo (Evaldo do A\u00e7ougue)", "texto_original": "http://sapl.pedroleopoldo.mg.leg.br/media/", "ementa": "No uso de minhas atribui\u00e7\u00f5es regimentais, indico \u00e0 Excelent\u00edssima Senhora Prefeita determinar ao setor competente providenciar uma opera\u00e7\u00e3o tapa buraco no final da Rua Crist\u00f3v\u00e3o de Assis e inicio da Rua Ant\u00f4nio Elias no Distrito de Doutor Lund. \r\nCom urg\u00eancia."}, {"id": "20198", "ano": "2022", "numero": "220", "tipo__sigla": "PROT", "tipo__descricao": "Protocolo", "autoria": "Jos\u00e9 Justino Pires Damaso", "texto_original": "http://sapl.pedroleopoldo.mg.leg.br/media/", "ementa": "INDICO A TROCA DE L\u00c2MPADAS DA RUA JUCA MACHADO- SANTO ANT\u00d4NIO."}, {"id": "20199", "ano": "2022", "numero": "221", "tipo__sigla": "PROT", "tipo__descricao": "Protocolo", "autoria": "Jos\u00e9 Justino Pires Damaso", "texto_original": "http://sapl.pedroleopoldo.mg.leg.br/media/", "ementa": "INDICO OPERA\u00c7\u00c3O TAPA BURACO NA RUA PROFESSOR AZARIAS C\u00c2NDIDO FERREIRA, NO BAIRRO TRI\u00c2NGULO."}, {"id": "20200", "ano": "2022", "numero": "222", "tipo__sigla": "PROT", "tipo__descricao": "Protocolo", "autoria": "Leonardo Pereira Ribeiro (Leoz\u00e3o)", "texto_original": "http://sapl.pedroleopoldo.mg.leg.br/media/", "ementa": "VOTO DE PESAR PARA: ANA LAURA CAMPOS SILVEIRA\r\n\r\nENVIAR PARA: SEU FILHO, SILVIO LUIZ CAMPOS SILVEIRA\r\n\r\nENDERE\u00c7O: AVENIDA HEITOR CL\u00c1UDIO DE SALES, 447 - FELIPE CL\u00c1UDIO\r\nCEP: 33252-000"}, {"id": "20201", "ano": "2022", "numero": "223", "tipo__sigla": "PROT", "tipo__descricao": "Protocolo", "autoria": "Jos\u00e9 Justino Pires Damaso", "texto_original": "http://sapl.pedroleopoldo.mg.leg.br/media/", "ementa": "INDICO OPERA\u00c7\u00c3O TAPA BURACO NA RUA JO\u00c3O ALVES DA SILVA, ANTIGA RUA 7 - BAIRRO DOM CAMILO"}, {"id": "20206", "ano": "2022", "numero": "224", "tipo__sigla": "PROT", "tipo__descricao": "Protocolo", "autoria": "Evaldo Geraldo do Carmo (Evaldo do A\u00e7ougue)", "texto_original": "http://sapl.pedroleopoldo.mg.leg.br/media/", "ementa": "No uso de minhas atribui\u00e7\u00f5es regimentais, indico \u00e0 Excelent\u00edssima Senhora Prefeita determinar ao setor competente providenciar servi\u00e7os de limpeza (capina e ro\u00e7ada), nas ruas: Luc\u00edlia Joanina ,Rua Joaquim Batista e Rua Ant\u00f3nio Hilario de Melo, neste munic\u00edpio."}, {"id": "20221", "ano": "2022", "numero": "225", "tipo__sigla": "PROT", "tipo__descricao": "Protocolo", "autoria": "Executivo", "texto_original": "http://sapl.pedroleopoldo.mg.leg.br/media/", "ementa": "Disp\u00f5e sobre a concess\u00e3o de gratifica\u00e7\u00e3o financeira aos servidores lotados na Secretaria Municipal de Educa\u00e7\u00e3o, na forma que especifica."}, {"id": "20222", "ano": "2022", "numero": "226", "tipo__sigla": "PROT", "tipo__descricao": "Protocolo", "autoria": "Executivo", "texto_original": "http://sapl.pedroleopoldo.mg.leg.br/media/", "ementa": "Autoriza o posicionamento extraordin\u00e1rio de Servidores do Plano de Carreiras Municipal constante no anexo IV, da Lei 2.853, de 1\u00ba de janeiro de 2006 ao qual menciona e d\u00e1 outras provid\u00eancias."}, {"id": "20230", "ano": "2022", "numero": "227", "tipo__sigla": "PROT", "tipo__descricao": "Protocolo", "autoria": "Evaldo Geraldo do Carmo (Evaldo do A\u00e7ougue)", "texto_original": "http://sapl.pedroleopoldo.mg.leg.br/media/", "ementa": "No uso de minhas atribui\u00e7\u00f5es regimentais, indico \u00e0 Excelent\u00edssima Senhora Prefeita determinar ao setor competente providenciar a pavimenta\u00e7\u00e3o asf\u00e1ltica da Rua Servo Batista, Rua Mar\u00e7al Lopes da Silva, Rua Joaquim Vieira, Rua Torres Minas. Bairro Lagoa de Santo Ant\u00f4nio, neste munic\u00edpio, com urg\u00eancia."}, {"id": "20231", "ano": "2022", "numero": "228", "tipo__sigla": "PROT", "tipo__descricao": "Protocolo", "autoria": "Evaldo Geraldo do Carmo (Evaldo do A\u00e7ougue)", "texto_original": "http://sapl.pedroleopoldo.mg.leg.br/media/", "ementa": "No uso de minhas atribui\u00e7\u00f5es regimentais, indico \u00e0 Excelent\u00edssima Senhora Prefeita determinar ao setor competente providenciar a pavimenta\u00e7\u00e3o asf\u00e1ltica na Rua Valdir Machado Silva, no Bairro Teot\u00f3nio Batista de Freitas, neste munic\u00edpio."}, {"id": "20232", "ano": "2022", "numero": "229", "tipo__sigla": "PROT", "tipo__descricao": "Protocolo", "autoria": "Matheus Utsch de Oliveira", "texto_original": "http://sapl.pedroleopoldo.mg.leg.br/media/", "ementa": "No uso de minhas atribui\u00e7\u00f5es regimentais, requeiro \u00e0 Excelent\u00edssima Senhora Prefeita informa\u00e7\u00f5es sobre a d\u00edvida atualizada da Intercement com o munic\u00edpio."}, {"id": "20233", "ano": "2022", "numero": "230", "tipo__sigla": "PROT", "tipo__descricao": "Protocolo", "autoria": "Matheus Utsch de Oliveira", "texto_original": "http://sapl.pedroleopoldo.mg.leg.br/media/", "ementa": "No uso de minhas atribui\u00e7\u00f5es regimentais, requeiro \u00e0 Excelent\u00edssima Senhora Prefeita informa\u00e7\u00f5es sobre as reuni\u00f5es do Conselho de Planejamento Urbano que n\u00e3o ocorrem desde dezembro e deveriam ser mensais."}, {"id": "20234", "ano": "2022", "numero": "231", "tipo__sigla": "PROT", "tipo__descricao": "Protocolo", "autoria": "Matheus Utsch de Oliveira", "texto_original": "http://sapl.pedroleopoldo.mg.leg.br/media/", "ementa": "No uso de minhas atribui\u00e7\u00f5es regimentais, requeiro \u00e0 Excelent\u00edssima Senhora Prefeita informa\u00e7\u00f5es sobre a situa\u00e7\u00e3o da licita\u00e7\u00e3o para o projeto de arboriza\u00e7\u00e3o e plantio conforme emenda impositiva na Lei Or\u00e7ament\u00e1ria."}, {"id": "20235", "ano": "2022", "numero": "232", "tipo__sigla": "PROT", "tipo__descricao": "Protocolo", "autoria": "Frederico Henrique Cota Alves (Fred Piau)", "texto_original": "http://sapl.pedroleopoldo.mg.leg.br/media/", "ementa": "No uso de minhas atribui\u00e7\u00f5es regimentais, indico \u00e0 Mo\u00e7\u00e3o de  Parab\u00e9ns a equipe do  PEDRO LEOPOLDO FUTEBOL CLUBE, pela conquista da COPA CL\u00c9VER ASSUN\u00c7\u00c3O 2022."}, {"id": "20236", "ano": "2022", "numero": "233", "tipo__sigla": "PROT", "tipo__descricao": "Protocolo", "autoria": "Leonardo Pereira Ribeiro (Leoz\u00e3o)", "texto_original": "http://sapl.pedroleopoldo.mg.leg.br/media/", "ementa": "Altera o artigo 1\u00ba da Lei Municipal n\u00ba 3.618, de 1\u00ba de outubro de 2021.\r\n\r\nArt. 1\u00ba Fica institu\u00edda a Semana na M\u00e3o Certa, visando o combate \u00e0 explora\u00e7\u00e3o sexual de crian\u00e7as e adolescentes, a ser realizada na primeira semana do m\u00eas de agosto de cada ano, fazendo parte integrante do calend\u00e1rio oficial do Munic\u00edpio."}, {"id": "20237", "ano": "2022", "numero": "234", "tipo__sigla": "PROT", "tipo__descricao": "Protocolo", "autoria": "Leonardo Pereira Ribeiro (Leoz\u00e3o)", "texto_original": "http://sapl.pedroleopoldo.mg.leg.br/media/", "ementa": "CONCEDE T\u00cdTULO DE CIDADANIA BENEM\u00c9RITA PARA DR PEDRO GARRIDO."}, {"id": "20238", "ano": "2022", "numero": "235", "tipo__sigla": "PROT", "tipo__descricao": "Protocolo", "autoria": "Frederico Henrique Cota Alves (Fred Piau)", "texto_original": "http://sapl.pedroleopoldo.mg.leg.br/media/", "ementa": "Falecido: Oman Uira carvalho\r\nR. L\u00facio Cardoso Teixeira, 277,  \r\nTri\u00e2ngulo - Pedro Leopoldo - CEP: 33256-002\r\nEsposa: Ana Paula"}, {"id": "20239", "ano": "2022", "numero": "236", "tipo__sigla": "PROT", "tipo__descricao": "Protocolo", "autoria": "Evaldo Geraldo do Carmo (Evaldo do A\u00e7ougue)", "texto_original": "http://sapl.pedroleopoldo.mg.leg.br/media/", "ementa": "PROJETO DE LEI:   DISP\u00d5E SOBRE O PROGRAMA DE ACOMPANHAMENTO INTEGRAL DOS ESTUDANTES COM DISLEXIA, TRANSTORNO DO D\u00c9FICIT DE ATEN\u00c7\u00c3O COM HIPERATIVIDADE (TDAH), DEMAIS TRANSTORNOS DE APRENDIZAGEM, BEM COMO, COM D\u00c9FICITS VISUAIS E AUDITIVOS DA REDE MUNICIPAL DE ENSINO E D\u00c1 OUTRAS PROVID\u00caNCIAS."}, {"id": "20240", "ano": "2022", "numero": "237", "tipo__sigla": "PROT", "tipo__descricao": "Protocolo", "autoria": "Warlen Alves da Silva", "texto_original": "http://sapl.pedroleopoldo.mg.leg.br/media/", "ementa": "No uso de minhas atribui\u00e7\u00f5es regimentais, indico \u00e0 Excelent\u00edssima Senhora Prefeita, juntamente com respons\u00e1vel da empresa DDS, estudar a possibilidade do beneficio de cestas b\u00e1sicas ou ticket de alimenta\u00e7\u00e3o aos funcion\u00e1rios da empresa DDS."}, {"id": "20241", "ano": "2022", "numero": "238", "tipo__sigla": "PROT", "tipo__descricao": "Protocolo", "autoria": "Frederico Henrique Cota Alves (Fred Piau)", "texto_original": "http://sapl.pedroleopoldo.mg.leg.br/media/", "ementa": "Institui o Programa Solidare PET -Farm\u00e1cia Veterin\u00e1ria Solid\u00e1ria, o qual disp\u00f5e acerca do recebimento de doa\u00e7\u00f5es, coleta, reaproveitamento, sele\u00e7\u00e3o, armazenamento, distribui\u00e7\u00e3o gratuita e descarte de produtos de uso veterin\u00e1rio no \u00e2mbito do munic\u00edpio de Pedro Leopoldo e de outras provid\u00eancias."}, {"id": "20242", "ano": "2022", "numero": "239", "tipo__sigla": "PROT", "tipo__descricao": "Protocolo", "autoria": "", "texto_original": "http://sapl.pedroleopoldo.mg.leg.br/media/", "ementa": "\"Disp\u00f5e sobre a Pol\u00edtica Municipal de\r\nVacina\u00e7\u00e3o contra a Leishmaniose.\""}, {"id": "20243", "ano": "2022", "numero": "240", "tipo__sigla": "PROT", "tipo__descricao": "Protocolo", "autoria": "Leonardo Pereira Ribeiro (Leoz\u00e3o)", "texto_original": "http://sapl.pedroleopoldo.mg.leg.br/media/", "ementa": "Concede t\u00edtulo de Cidadania Honor\u00e1ria a Dr. Pablo Hugo Ferreira Oliveira  pelos relevantes servi\u00e7os prestados ao Munic\u00edpio."}, {"id": "20254", "ano": "2022", "numero": "241", "tipo__sigla": "PROT", "tipo__descricao": "Protocolo", "autoria": "Leonardo Pereira Ribeiro (Leoz\u00e3o)", "texto_original": "http://sapl.pedroleopoldo.mg.leg.br/media/", "ementa": "VOTO DE PESAR PARA: M\u00c1RCIO DOS SANTOS FREITAS (COCADA)\r\n\r\nENVIAR PARA: SEU IRM\u00c3O, MARCELO DOS SANTOS FREITAS E MARCOS DOS SANTOS FREITAS\r\n\r\nENDERE\u00c7O: RUA ELZA EVANGELISTA, 21 - AD\u00c9LIA ISSA \r\nCEP: 33252-084"}, {"id": "20256", "ano": "2022", "numero": "242", "tipo__sigla": "PROT", "tipo__descricao": "Protocolo", "autoria": "Frederico Henrique Cota Alves (Fred Piau)", "texto_original": "http://sapl.pedroleopoldo.mg.leg.br/media/", "ementa": "No uso de minhas atribui\u00e7\u00f5es regimentais, indico conceder \u00e0 Mo\u00e7\u00e3o de Parab\u00e9ns ao Sr. Tiago de Brito pela brilhante realiza\u00e7\u00e3o do 17a Pedro Leopoldo Rodeio Show."}, {"id": "20259", "ano": "2022", "numero": "243", "tipo__sigla": "PROT", "tipo__descricao": "Protocolo", "autoria": "Leonardo Pereira Ribeiro (Leoz\u00e3o)", "texto_original": "http://sapl.pedroleopoldo.mg.leg.br/media/", "ementa": "VOTO DE PESAR PARA: JOS\u00c9 ROBERTO GON\u00c7ALVES\r\n\r\nENVIARA PARA: SUA IRM\u00c3, MARIA DA CONCEI\u00c7\u00c3O GON\u00c7ALVES LELES\r\n\r\nENDERE\u00c7O: RUA SALIM ISSA, 204 - FELIPE CL\u00c1UDIO DE SALES\r\nCEP: 33252-048"}, {"id": "20260", "ano": "2022", "numero": "244", "tipo__sigla": "PROT", "tipo__descricao": "Protocolo", "autoria": "Executivo", "texto_original": "http://sapl.pedroleopoldo.mg.leg.br/media/", "ementa": "Institui o piso salarial m\u00ednimo para servidores da Prefeitura Municipal de Pedro Leopoldo e d\u00e1 outras provid\u00eancias."}, {"id": "20264", "ano": "2022", "numero": "245", "tipo__sigla": "PROT", "tipo__descricao": "Protocolo", "autoria": "Frederico Henrique Cota Alves (Fred Piau)", "texto_original": "http://sapl.pedroleopoldo.mg.leg.br/media/", "ementa": "Disp\u00f5e sobre a cria\u00e7\u00e3o do Programa Municipal de Conectividade para as escolas p\u00fablicas municipais de Pedro Leopoldo."}, {"id": "20272", "ano": "2022", "numero": "246", "tipo__sigla": "PROT", "tipo__descricao": "Protocolo", "autoria": "Leonardo Pereira Ribeiro (Leoz\u00e3o)", "texto_original": "http://sapl.pedroleopoldo.mg.leg.br/media/", "ementa": "No uso de minhas atribui\u00e7\u00f5es regimentais, indico \u00e0 Excelent\u00edssima Senhora Prefeita Municipal tomar as medidas cab\u00edveis, para providenciar recapeamento asf\u00e1ltica em toda a extens\u00e3o da Av Lev\u00ed Teixeira, no Bairro Maria de Lourdes."}, {"id": "20273", "ano": "2022", "numero": "247", "tipo__sigla": "PROT", "tipo__descricao": "Protocolo", "autoria": "Matheus Utsch de Oliveira", "texto_original": "http://sapl.pedroleopoldo.mg.leg.br/media/", "ementa": "No uso de nossas atribui\u00e7\u00f5es regimentais, requeremos ao Presidente da C\u00e2mara Municipal de Pedro Leopoldo que seja instaurada Comiss\u00e3o Parlamentar de Inqu\u00e9rito - CPI - para apurar den\u00fancias contra a administra\u00e7\u00e3o p\u00fablica municipal sobre o Centro Poliesportivo de Pedro Leopoldo - CEPPEL. \r\nAutor: Matheus Utsch de Oliveira e outros vereadores."}, {"id": "20274", "ano": "2022", "numero": "248", "tipo__sigla": "PROT", "tipo__descricao": "Protocolo", "autoria": "Rafael Vieira Faria (Rafa)", "texto_original": "http://sapl.pedroleopoldo.mg.leg.br/media/", "ementa": "Indica ao Poder Executivo a reforma da Unidade B\u00e1sica de Sa\u00fade do Distrito de Fidalgo."}, {"id": "20276", "ano": "2022", "numero": "249", "tipo__sigla": "PROT", "tipo__descricao": "Protocolo", "autoria": "", "texto_original": "http://sapl.pedroleopoldo.mg.leg.br/media/", "ementa": "Indica a reforma da escadaria situada na rua Ot\u00e1vio Gouveia no bairro Santo Ant\u00f4nio, pr\u00f3ximo ao n\u00ba 437."}, {"id": "20277", "ano": "2022", "numero": "250", "tipo__sigla": "PROT", "tipo__descricao": "Protocolo", "autoria": "Matheus Utsch de Oliveira", "texto_original": "http://sapl.pedroleopoldo.mg.leg.br/media/", "ementa": "No uso de minhas atribui\u00e7\u00f5es regimentais, requeiro \u00e0 Excelent\u00edssima Senhora Prefeita informa\u00e7\u00f5es sobre o projeto e destina\u00e7\u00e3o de verbas federais para o Parque Maxacali nos anos de 2021 e 2022."}, {"id": "20278", "ano": "2022", "numero": "251", "tipo__sigla": "PROT", "tipo__descricao": "Protocolo", "autoria": "Evaldo Geraldo do Carmo (Evaldo do A\u00e7ougue)", "texto_original": "http://sapl.pedroleopoldo.mg.leg.br/media/", "ementa": "PROJETO DE LEI:   DISP\u00d5E SOBRE O PROGRAMA DE ACOMPANHAMENTO INTEGRAL DOS ESTUDANTES COM DISLEXIA E DEMAIS TRANSTORNOS DE APRENDIZAGEM, BEM COMO, COM D\u00c9FICITS VISUAIS E AUDITIVOS DA REDE MUNICIPAL DE ENSINO E D\u00c1 OUTRAS PROVID\u00caNCIAS."}, {"id": "20279", "ano": "2022", "numero": "252", "tipo__sigla": "PROT", "tipo__descricao": "Protocolo", "autoria": "Eldir Jos\u00e9 Batista (Baixinho da Garagem)", "texto_original": "http://sapl.pedroleopoldo.mg.leg.br/media/", "ementa": "Altera a Lei 3.625, de 26 de novembro de 2021, que \"Institui o Programa de Regulariza\u00e7\u00e3o Fiscal - REFIS 2021 - e d\u00e1 outras provid\u00eancias\".\r\nJustificativa: Autoriza o parcelamento de d\u00e9bitos origin\u00e1rios de a\u00e7\u00f5es judiciais movidos pelo Minist\u00e9rio P\u00fablico, cujo cr\u00e9dito seja revertido em favor do munic\u00edpio.\r\nObs.: O Dr. Rubens vai elaborar o projeto."}, {"id": "20280", "ano": "2022", "numero": "253", "tipo__sigla": "PROT", "tipo__descricao": "Protocolo", "autoria": "Guilherme de Lima Braga (Guilherme do Doce)", "texto_original": "http://sapl.pedroleopoldo.mg.leg.br/media/", "ementa": "No uso de minhas atribui\u00e7\u00f5es regimentais, indico \u00e0 Vossa Excel\u00eancia conceder Mo\u00e7\u00e3o de Parab\u00e9ns ao Sr. Jos\u00e9 Maria Pereira."}, {"id": "20281", "ano": "2022", "numero": "254", "tipo__sigla": "PROT", "tipo__descricao": "Protocolo", "autoria": "Jos\u00e9 Justino Pires Damaso", "texto_original": "http://sapl.pedroleopoldo.mg.leg.br/media/", "ementa": "EMENDA MODIFICATIVA N\u00ba 02 AO PR 05/2022, SEGUE EMENDA EM ANEXO."}, {"id": "20282", "ano": "2022", "numero": "255", "tipo__sigla": "PROT", "tipo__descricao": "Protocolo", "autoria": "Guilherme de Lima Braga (Guilherme do Doce)", "texto_original": "http://sapl.pedroleopoldo.mg.leg.br/media/", "ementa": "No uso de minhas atribui\u00e7\u00f5es regimentais, indico a Excelent\u00edssima Senhora Prefeita providenciar, junto aos \u00f3rg\u00e3os competentes, que seja feito o Recapeamento Asf\u00e1ltico na rua Raul Hanriot no bairro Santo Ant\u00f4nio, neste Munic\u00edpio."}, {"id": "20283", "ano": "2022", "numero": "256", "tipo__sigla": "PROT", "tipo__descricao": "Protocolo", "autoria": "Guilherme de Lima Braga (Guilherme do Doce)", "texto_original": "http://sapl.pedroleopoldo.mg.leg.br/media/", "ementa": "No uso de minhas atribui\u00e7\u00f5es regimentais, indico a Excelent\u00edssima Senhora Prefeita providenciar, junto aos \u00f3rg\u00e3os competentes, que seja feito o Recapeamento Asf\u00e1ltico na rua Moacir Pereira Ciroca no bairro Santo Ant\u00f4nio, neste Munic\u00edpio"}, {"id": "20284", "ano": "2022", "numero": "257", "tipo__sigla": "PROT", "tipo__descricao": "Protocolo", "autoria": "Guilherme de Lima Braga (Guilherme do Doce)", "texto_original": "http://sapl.pedroleopoldo.mg.leg.br/media/", "ementa": "No uso de minhas atribui\u00e7\u00f5es regimentais, indico a Excelent\u00edssima Senhora Prefeita providenciar, junto aos \u00f3rg\u00e3os competentes, que seja feito o Recapeamento Asf\u00e1ltico na rua Ot\u00e1vio Gouvea no bairro Santo Ant\u00f4nio, neste Munic\u00edpio."}, {"id": "20285", "ano": "2022", "numero": "258", "tipo__sigla": "PROT", "tipo__descricao": "Protocolo", "autoria": "Guilherme de Lima Braga (Guilherme do Doce)", "texto_original": "http://sapl.pedroleopoldo.mg.leg.br/media/", "ementa": "No uso de minhas atribui\u00e7\u00f5es regimentais, indico a Excelent\u00edssima Senhora Prefeita providenciar, junto aos \u00f3rg\u00e3os competentes, que seja feito o Recapeamento Asf\u00e1ltico na rua Em\u00edlio Ferreira no bairro Santo Ant\u00f4nio, neste Munic\u00edpio."}, {"id": "20286", "ano": "2022", "numero": "259", "tipo__sigla": "PROT", "tipo__descricao": "Protocolo", "autoria": "Leonardo Pereira Ribeiro (Leoz\u00e3o)", "texto_original": "http://sapl.pedroleopoldo.mg.leg.br/media/", "ementa": "No uso de minhas atribui\u00e7\u00f5es regimentais, indico \u00e0 Excelent\u00edssima Senhora Prefeita Municipal tomar as medidas cab\u00edveis, para providenciar limpeza e desassoreamento em toda a extens\u00e3o do Ribeir\u00e3o das Neves pr\u00f3ximo aos Bairros Santa Rita e S\u00e3o Jos\u00e9."}, {"id": "20294", "ano": "2022", "numero": "260", "tipo__sigla": "PROT", "tipo__descricao": "Protocolo", "autoria": "Warlen Alves da Silva", "texto_original": "http://sapl.pedroleopoldo.mg.leg.br/media/", "ementa": "No uso de minhas atribui\u00e7\u00f5es regimentais, indico \u00e0 Excelent\u00edssima Senhora Prefeita determinar ao setor competente providenciar a pintura de faixa de pedestre na Avenida Romulo Joviano, pr\u00f3ximo ao n\u00b0 11 debaixo do viaduto Dr Wilson Lobato Martins, no Bairro centro, neste Munic\u00edpio."}, {"id": "20295", "ano": "2022", "numero": "261", "tipo__sigla": "PROT", "tipo__descricao": "Protocolo", "autoria": "Warlen Alves da Silva", "texto_original": "http://sapl.pedroleopoldo.mg.leg.br/media/", "ementa": "No uso de minhas atribui\u00e7\u00f5es regimentais, requeiro a Excelent\u00edssima Sra. Prefeita informa\u00e7\u00f5es sobre a emenda parlamentar enviada a escola Raimundo Salvador no valor de 100 mil reais para aquisi\u00e7\u00e3o de mob\u00edlias."}, {"id": "20296", "ano": "2022", "numero": "262", "tipo__sigla": "PROT", "tipo__descricao": "Protocolo", "autoria": "Leonardo Pereira Ribeiro (Leoz\u00e3o)", "texto_original": "http://sapl.pedroleopoldo.mg.leg.br/media/", "ementa": "EMENDAS AO PROJETO DE LEI 27/2022 -  LDO"}, {"id": "20297", "ano": "2022", "numero": "263", "tipo__sigla": "PROT", "tipo__descricao": "Protocolo", "autoria": "Matheus Utsch de Oliveira", "texto_original": "http://sapl.pedroleopoldo.mg.leg.br/media/", "ementa": "EMENDAS ADITIVAS AO PROJETO DE LEI N.\u00ba 27/2022"}, {"id": "20298", "ano": "2022", "numero": "264", "tipo__sigla": "PROT", "tipo__descricao": "Protocolo", "autoria": "Rafael Vieira Faria (Rafa)", "texto_original": "http://sapl.pedroleopoldo.mg.leg.br/media/", "ementa": "Emendas aditivas do vereador Rafael Faria ao Projeto de Lei n\u00ba 27/2022."}, {"id": "20299", "ano": "2022", "numero": "265", "tipo__sigla": "PROT", "tipo__descricao": "Protocolo", "autoria": "Rafael Vieira Faria (Rafa)", "texto_original": "http://sapl.pedroleopoldo.mg.leg.br/media/", "ementa": "Faleceu: Sr. Lerminio Joaquim do Nascimento\r\nFilha: Senhora Telma Aparecida Nascimento\r\nRua: Suzana Passos, n\u00ba 1163, bairro Santo Ant\u00f4nio da Barra, Pedro Leopoldo-MG, CEP 33257-022."}, {"id": "20300", "ano": "2022", "numero": "266", "tipo__sigla": "PROT", "tipo__descricao": "Protocolo", "autoria": "Eldir Jos\u00e9 Batista (Baixinho da Garagem)", "texto_original": "http://sapl.pedroleopoldo.mg.leg.br/media/", "ementa": "Segue em anexo as Emendas Aditiva ao Projeto de Lei N\u00ba27/2022"}, {"id": "20301", "ano": "2022", "numero": "267", "tipo__sigla": "PROT", "tipo__descricao": "Protocolo", "autoria": "Leonardo Pereira Ribeiro (Leoz\u00e3o)", "texto_original": "http://sapl.pedroleopoldo.mg.leg.br/media/", "ementa": "VOTO DE PESAR PARA: MARIA DA CONCEI\u00c7\u00c3O BATISTA\r\n\r\nENVIAR PARA: SUA FILHA, DERLINDA DOS SANTOS BATISTA AMB\u00d2SIO\r\n\r\nENDERE\u00c7O: RUA ANT\u00d4NIO HIL\u00c1RIO DE MELO, 147 - LAGOA DE SANTO ANT\u00d4NIO -  CEP 33.252-610"}, {"id": "20302", "ano": "2022", "numero": "268", "tipo__sigla": "PROT", "tipo__descricao": "Protocolo", "autoria": "Guilherme de Lima Braga (Guilherme do Doce)", "texto_original": "http://sapl.pedroleopoldo.mg.leg.br/media/", "ementa": "No uso de minhas atribui\u00e7\u00f5es regimentais, requeiro \u00e0 Excelent\u00edssima Senhora Prefeita informa\u00e7\u00f5es quanto a implanta\u00e7\u00e3o do Samu, neste Munic\u00edpio."}, {"id": "20305", "ano": "2022", "numero": "269", "tipo__sigla": "PROT", "tipo__descricao": "Protocolo", "autoria": "Warlen Alves da Silva", "texto_original": "http://sapl.pedroleopoldo.mg.leg.br/media/", "ementa": "EMENDAS AO PROJETO DE LEI 27/2022 - LDO"}, {"id": "20306", "ano": "2022", "numero": "270", "tipo__sigla": "PROT", "tipo__descricao": "Protocolo", "autoria": "Mauro J\u00fanior Lopes Francisco", "texto_original": "http://sapl.pedroleopoldo.mg.leg.br/media/", "ementa": "EMENDAS AO PROJETO DE LEI 27/2022 - LDO"}, {"id": "20307", "ano": "2022", "numero": "271", "tipo__sigla": "PROT", "tipo__descricao": "Protocolo", "autoria": "Frederico Henrique Cota Alves (Fred Piau)", "texto_original": "http://sapl.pedroleopoldo.mg.leg.br/media/", "ementa": "EMENDAS AO PROJETO DE LEI 27/2022 - LDO"}, {"id": "20308", "ano": "2022", "numero": "272", "tipo__sigla": "PROT", "tipo__descricao": "Protocolo", "autoria": "Guilherme de Lima Braga (Guilherme do Doce)", "texto_original": "http://sapl.pedroleopoldo.mg.leg.br/media/", "ementa": "No uso de minhas atribui\u00e7\u00f5es regimentais, indico \u00e0 Excelent\u00edssima Senhora Prefeita solicitar ao setor competente a instala\u00e7\u00e3o de redutor de velocidade (quebra-molas) na rua Ant\u00f4nio Jos\u00e9 Buffet no bairro Felipe Cl\u00e1udio de Sales, neste Munic\u00edpio."}, {"id": "20309", "ano": "2022", "numero": "273", "tipo__sigla": "PROT", "tipo__descricao": "Protocolo", "autoria": "Rafael Vieira Faria (Rafa)", "texto_original": "http://sapl.pedroleopoldo.mg.leg.br/media/", "ementa": "Indica conceder mo\u00e7\u00e3o de parab\u00e9ns a radio Atividade FM pelos seus 25 anos de atua\u00e7\u00e3o e de sucesso."}, {"id": "20311", "ano": "2022", "numero": "274", "tipo__sigla": "PROT", "tipo__descricao": "Protocolo", "autoria": "Leonardo Pereira Ribeiro (Leoz\u00e3o)", "texto_original": "http://sapl.pedroleopoldo.mg.leg.br/media/", "ementa": "No uso de minhas atribui\u00e7\u00f5es regimentais, solicito a Vossa Excel\u00eancia tomar as medidas cab\u00edveis, para providenciar opera\u00e7\u00e3o tapa buraco em toda extens\u00e3o das Ruas Ant\u00f4nio Generoso, Rua Alvorada, Rua Caio Martins (entre as ruas Gilberto Alves da Silva e Rua Ant\u00f4nio Generoso) todas no Bairro S\u00e3o Geraldo."}, {"id": "20312", "ano": "2022", "numero": "275", "tipo__sigla": "PROT", "tipo__descricao": "Protocolo", "autoria": "Jos\u00e9 Justino Pires Damaso", "texto_original": "http://sapl.pedroleopoldo.mg.leg.br/media/", "ementa": "INDICO REDE PLUVIAL NA RUA JO\u00c3O URIEL BAIRRO TAPERA."}, {"id": "20313", "ano": "2022", "numero": "276", "tipo__sigla": "PROT", "tipo__descricao": "Protocolo", "autoria": "Jos\u00e9 Justino Pires Damaso", "texto_original": "http://sapl.pedroleopoldo.mg.leg.br/media/", "ementa": "opera\u00e7\u00e3o tapa buraco nas  ruas Jos\u00e9 Azevedo Carvalho, Ver. Jo\u00e3o Eduardo Costa, Expedicion\u00e1rio Jo\u00e3o R. Costa, Fase M. Felipe,ambas no bairro S\u00f4nia Romanelli, Pedro Leopoldo- MG."}, {"id": "20314", "ano": "2022", "numero": "277", "tipo__sigla": "PROT", "tipo__descricao": "Protocolo", "autoria": "Matheus Utsch de Oliveira", "texto_original": "http://sapl.pedroleopoldo.mg.leg.br/media/", "ementa": "No uso de minhas atribui\u00e7\u00f5es regimentais, requeiro \u00e0 Excelent\u00edssima Senhora Prefeita informa\u00e7\u00f5es e questionamentos sobre:\r\n1 \u2013 Qual a situa\u00e7\u00e3o de Vigil\u00e2ncia do Im\u00f3vel?\r\n2 \u2013 Qual o planejamento para reintegra\u00e7\u00e3o de Posse das \u00e1reas invadidas no complexo?\r\n3 \u2013 Qual o cronograma de utiliza\u00e7\u00e3o do complexo?\r\n4 \u2013 Quais os motivos para aus\u00eancia de port\u00e3o e melhor controle de acesso?\r\n5 \u2013 Qual o planejamento para conserva\u00e7\u00e3o do Gin\u00e1sio?\r\n7 \u2013 Qual o planejamento para coibir a utiliza\u00e7\u00e3o do local para uso de drogas il\u00edcitas e entorpecentes?\r\n8 - O que j\u00e1 foi investido e gasto pelo Munic\u00edpio nos \u00faltimos anos 2 (dois) para manuten\u00e7\u00e3o e reformas do Complexo?\r\n\r\nAutoria: Todos os vereadores"}, {"id": "20323", "ano": "2022", "numero": "278", "tipo__sigla": "PROT", "tipo__descricao": "Protocolo", "autoria": "Mauro J\u00fanior Lopes Francisco", "texto_original": "http://sapl.pedroleopoldo.mg.leg.br/media/", "ementa": "No uso de minhas atribui\u00e7\u00f5es regimentais, indico \u00e0 Excelent\u00edssima Senhora Prefeita a realiza\u00e7\u00e3o de recapeamento asf\u00e1ltico em toda a extens\u00e3o da rua Pedro Leopoldo no distrito de Vera Cruz de Minas, neste munic\u00edpio."}, {"id": "20324", "ano": "2022", "numero": "279", "tipo__sigla": "PROT", "tipo__descricao": "Protocolo", "autoria": "Mauro J\u00fanior Lopes Francisco", "texto_original": "http://sapl.pedroleopoldo.mg.leg.br/media/", "ementa": "No uso de minhas atribui\u00e7\u00f5es regimentais, indico \u00e0 Excelent\u00edssima Senhora Prefeita a realiza\u00e7\u00e3o de pavimenta\u00e7\u00e3o asf\u00e1ltica em toda a extens\u00e3o das ruas Fidalgo, dos Pinheiros e S\u00e3o Sebasti\u00e3o  no distrito de Vera Cruz de Minas, neste munic\u00edpio."}, {"id": "20325", "ano": "2022", "numero": "280", "tipo__sigla": "PROT", "tipo__descricao": "Protocolo", "autoria": "Mesa Diretora", "texto_original": "http://sapl.pedroleopoldo.mg.leg.br/media/", "ementa": "Altera o  \u00a7 2\u00ba do artigo 6\u00ba da resolu\u00e7\u00e3o 780 de 2017."}, {"id": "20326", "ano": "2022", "numero": "281", "tipo__sigla": "PROT", "tipo__descricao": "Protocolo", "autoria": "Mauro J\u00fanior Lopes Francisco", "texto_original": "http://sapl.pedroleopoldo.mg.leg.br/media/", "ementa": "No uso de minhas atribui\u00e7\u00f5es regimentais, indico \u00e0 Excelent\u00edssima Senhora Prefeita a realiza\u00e7\u00e3o de pavimenta\u00e7\u00e3o asf\u00e1ltica em toda a extens\u00e3o da Rua Alvorada at\u00e9 a entrado da FUNJOS   no distrito de Vera Cruz de Minas, neste munic\u00edpio."}, {"id": "20327", "ano": "2022", "numero": "282", "tipo__sigla": "PROT", "tipo__descricao": "Protocolo", "autoria": "Matheus Utsch de Oliveira", "texto_original": "http://sapl.pedroleopoldo.mg.leg.br/media/", "ementa": "Cria o Projeto \"Adote uma \u00c1rvore\" no munic\u00edpio de Pedro Leopoldo e d\u00e1 outras provid\u00eancias."}, {"id": "20328", "ano": "2022", "numero": "283", "tipo__sigla": "PROT", "tipo__descricao": "Protocolo", "autoria": "Frederico Henrique Cota Alves (Fred Piau)", "texto_original": "http://sapl.pedroleopoldo.mg.leg.br/media/", "ementa": "O termo Espectro \u00e9 utilizado em decorr\u00eancia da adversidade de apresenta\u00e7\u00e3o do TEA, que vai do mais leve at\u00e9 o mais grave, alguns casos apresentam discretas dificuldades e outros o indiv\u00edduo \u00e9 dependente para as atividades b\u00e1sicas de auto cuidado ao longo de toda sua vida. Todos os casos em maior ou menor grau est\u00e3o relacionados com dificuldades quantitativas de comunica\u00e7\u00e3o e relacionamento social."}, {"id": "20329", "ano": "2022", "numero": "284", "tipo__sigla": "PROT", "tipo__descricao": "Protocolo", "autoria": "Mauro J\u00fanior Lopes Francisco", "texto_original": "http://sapl.pedroleopoldo.mg.leg.br/media/", "ementa": "No uso de minhas atribui\u00e7\u00f5es regimentais, indico \u00e0 Excelent\u00edssima Senhora Prefeita a realiza\u00e7\u00e3o de poda de \u00e1rvore da Rua S\u00e3o Sebasti\u00e3o pr\u00f3ximo ao n\u00fameno 827 (refer\u00eancia na serra), no distrito de Vera Cruz de Minas nesse munic\u00edpio ."}, {"id": "20330", "ano": "2022", "numero": "285", "tipo__sigla": "PROT", "tipo__descricao": "Protocolo", "autoria": "Mauro J\u00fanior Lopes Francisco", "texto_original": "http://sapl.pedroleopoldo.mg.leg.br/media/", "ementa": "No uso de minhas atribui\u00e7\u00f5es regimentais, indico \u00e0 Excelent\u00edssima Senhora Prefeita a determinar ao setor competente troca de l\u00e2mpadas queimadas na rua dos Couras no distrito de Vera Cruz de Minas neste munic\u00edpio ."}, {"id": "20333", "ano": "2022", "numero": "286", "tipo__sigla": "PROT", "tipo__descricao": "Protocolo", "autoria": "Evaldo Geraldo do Carmo (Evaldo do A\u00e7ougue)", "texto_original": "http://sapl.pedroleopoldo.mg.leg.br/media/", "ementa": "No uso de minhas atribui\u00e7\u00f5es regimentais, indico \u00e0 Excelent\u00edssima Senhora Prefeita Municipal tomar as medidas cab\u00edveis, para providenciar a coloca\u00e7\u00e3o das l\u00e2mpadas de LED em toda a extens\u00e3o da Rua Buritis, no bairro Andyara. Neste Munic\u00edpio."}, {"id": "20334", "ano": "2022", "numero": "287", "tipo__sigla": "PROT", "tipo__descricao": "Protocolo", "autoria": "Evaldo Geraldo do Carmo (Evaldo do A\u00e7ougue)", "texto_original": "http://sapl.pedroleopoldo.mg.leg.br/media/", "ementa": "No uso de minhas atribui\u00e7\u00f5es regimentais, indico \u00e0 Excelent\u00edssima Senhora Prefeita Municipal tomar as medidas cab\u00edveis, para providenciar a coloca\u00e7\u00e3o das l\u00e2mpadas de LED em toda a extens\u00e3o da Rua Jos\u00e9 Jo\u00e3o Nassif, no bairro Felipe Cl\u00e1udio de Sales. Neste Municipio."}, {"id": "20335", "ano": "2022", "numero": "288", "tipo__sigla": "PROT", "tipo__descricao": "Protocolo", "autoria": "Evaldo Geraldo do Carmo (Evaldo do A\u00e7ougue)", "texto_original": "http://sapl.pedroleopoldo.mg.leg.br/media/", "ementa": "No uso de minhas atribui\u00e7\u00f5es regimentais, indico \u00e0 Excelent\u00edssima Senhora Prefeita Municipal tomar as medidas cab\u00edveis, para providenciar a coloca\u00e7\u00e3o das l\u00e2mpadas de LED em toda a extens\u00e3o da Rua das Orqu\u00eddeas - Rua Joaquim Caetano - Rua Az\u00e1leas - Rua das Margaridas - Rua das Violetas - Rua das Paneiras - Rua das Palmeiras - Rua das Pitangueiras - Rua dos Pessegueiros - Rua dos Pequis - Rua Pau Cravo - Rua Pau Brasil, no Distrito de Lagoa de Santo Ant\u00f3nio. Neste Munic\u00edpio."}, {"id": "20336", "ano": "2022", "numero": "289", "tipo__sigla": "PROT", "tipo__descricao": "Protocolo", "autoria": "Evaldo Geraldo do Carmo (Evaldo do A\u00e7ougue)", "texto_original": "http://sapl.pedroleopoldo.mg.leg.br/media/", "ementa": "No uso de minhas atribui\u00e7\u00f5es regimentais, indico \u00e0 Excelent\u00edssima Senhora Prefeita Municipal tomar as medidas cab\u00edveis, para providenciar a coloca\u00e7\u00e3o das l\u00e2mpadas de LED em toda a extens\u00e3o da Rua Cerrado, em Fidalgo. Neste Munic\u00edpio."}, {"id": "20341", "ano": "2022", "numero": "290", "tipo__sigla": "PROT", "tipo__descricao": "Protocolo", "autoria": "Matheus Utsch de Oliveira", "texto_original": "http://sapl.pedroleopoldo.mg.leg.br/media/", "ementa": "No uso de minhas atribui\u00e7\u00f5es regimentais, requeiro \u00e0 Excelent\u00edssima Senhora Prefeita informa\u00e7\u00f5es sobre a falta de recepcionistas no PA nos dias de domingo e se h\u00e1 um plano para resolver este problema para que n\u00e3o ocorra novamente."}, {"id": "20343", "ano": "2022", "numero": "291", "tipo__sigla": "PROT", "tipo__descricao": "Protocolo", "autoria": "Executivo", "texto_original": "http://sapl.pedroleopoldo.mg.leg.br/media/", "ementa": "Altera a Lei 3.446, de 16 de maio de 2016, que disp\u00f5e sobre o parcelamento, zoneamento, uso e ocupa\u00e7\u00e3o do solo urbano no Munic\u00edpio de Pedro Leopoldo e d\u00e1 outras provid\u00eancias."}, {"id": "20344", "ano": "2022", "numero": "292", "tipo__sigla": "PROT", "tipo__descricao": "Protocolo", "autoria": "Executivo", "texto_original": "http://sapl.pedroleopoldo.mg.leg.br/media/", "ementa": "Disp\u00f5e sobre as Diretrizes \u00e0 elabora\u00e7\u00e3o do or\u00e7amento do Munic\u00edpio de Pedro Leopoldo para o Exerc\u00edcio de 2023 e d\u00e1 outras provid\u00eancias."}, {"id": "20351", "ano": "2022", "numero": "293", "tipo__sigla": "PROT", "tipo__descricao": "Protocolo", "autoria": "TCEMG", "texto_original": "http://sapl.pedroleopoldo.mg.leg.br/media/", "ementa": "Parecer pr\u00e9vio do TCEMG, of\u00edcio 9015/2022, processo 1104610, exerc\u00edcio 2020, referente a presta\u00e7\u00e3o de contas do ent\u00e3o prefeito do Munic\u00edpio de Pedro Leopoldo, Cristiano Elias dos Reis Costa."}, {"id": "20356", "ano": "2022", "numero": "294", "tipo__sigla": "PROT", "tipo__descricao": "Protocolo", "autoria": "Rafael Vieira Faria (Rafa)", "texto_original": "http://sapl.pedroleopoldo.mg.leg.br/media/", "ementa": "Indica a isen\u00e7\u00e3o do cr\u00e9dito tribut\u00e1rio de IPTU para os contribuintes portadores de doen\u00e7as graves e para aqueles contribuintes que suportarem custos imprevis\u00edveis em virtude de desastre, cat\u00e1strofe etc., al\u00e9m da amplia\u00e7\u00e3o do parcelamento do cr\u00e9dito tribut\u00e1rio em 12 vezes para o exerc\u00edcio 2023."}, {"id": "20357", "ano": "2022", "numero": "295", "tipo__sigla": "PROT", "tipo__descricao": "Protocolo", "autoria": "Frederico Henrique Cota Alves (Fred Piau)", "texto_original": "http://sapl.pedroleopoldo.mg.leg.br/media/", "ementa": "No uso de minhas atribui\u00e7\u00f5es regimentais, indico \u00e0 Excelent\u00edssima Senhora Prefeita, a aquisi\u00e7\u00e3o de unidade m\u00f3vel (nos moldes de uma ambul\u00e2ncia) para um melhor atendimento e implementa\u00e7\u00e3o das a\u00e7\u00f5es do CBPDA(Comit\u00ea de Bem Estar, Defesa e Prote\u00e7\u00e3o Animal), projeto baseado no que foi implementado pela Prefeitura de Maring\u00e1."}, {"id": "20358", "ano": "2022", "numero": "296", "tipo__sigla": "PROT", "tipo__descricao": "Protocolo", "autoria": "Frederico Henrique Cota Alves (Fred Piau)", "texto_original": "http://sapl.pedroleopoldo.mg.leg.br/media/", "ementa": "Voto de pesar:\r\nFALECIMENTO DE : Valter Maria da Silva ( Dinho)\r\nENTE QUERIDO: Nilda de Paula Silva (Esposa)\r\nRua Progresso  n.203  Centro\r\nCEP: \t33250-045"}, {"id": "20359", "ano": "2022", "numero": "297", "tipo__sigla": "PROT", "tipo__descricao": "Protocolo", "autoria": "Matheus Utsch de Oliveira", "texto_original": "http://sapl.pedroleopoldo.mg.leg.br/media/", "ementa": "No uso de minhas atribui\u00e7\u00f5es regimentais, requeiro \u00e0 Excelent\u00edssima Senhora Prefeita os relat\u00f3rios dos meses de Abril, Maio e Junho descrito na Lei n\u00ba 3.654, de 19 de maio de 2022."}, {"id": "20360", "ano": "2022", "numero": "298", "tipo__sigla": "PROT", "tipo__descricao": "Protocolo", "autoria": "Matheus Utsch de Oliveira", "texto_original": "http://sapl.pedroleopoldo.mg.leg.br/media/", "ementa": "No uso de minhas atribui\u00e7\u00f5es regimentais, requeiro \u00e0 Excelent\u00edssima Senhora Prefeita informa\u00e7\u00f5es sobre quais medidas foram tomadas pela secretaria de sa\u00fade em rela\u00e7\u00e3o as den\u00fancias de irregularidades no uso indevido de ambul\u00e2ncias por funcion\u00e1rio terceirizado."}, {"id": "20361", "ano": "2022", "numero": "299", "tipo__sigla": "PROT", "tipo__descricao": "Protocolo", "autoria": "Eldir Jos\u00e9 Batista (Baixinho da Garagem)", "texto_original": "http://sapl.pedroleopoldo.mg.leg.br/media/", "ementa": "Indico Mo\u00e7\u00e3o de Parab\u00e9ns pelos 40 anos do  Sesi/Senai\r\nAutoria de todos os vereadores."}, {"id": "20364", "ano": "2022", "numero": "300", "tipo__sigla": "PROT", "tipo__descricao": "Protocolo", "autoria": "Rafael Vieira Faria (Rafa)", "texto_original": "http://sapl.pedroleopoldo.mg.leg.br/media/", "ementa": "Projeto  de Lei.\r\nAcrescenta o cap\u00edtulo III da Lei Municipal n\u00ba 2.205 de 27 de agosto de 1996 -C\u00f3digo de Postura do Munic\u00edpio de Pedro Leopoldo-, o art. 34-A visando instituir a infra\u00e7\u00e3o administrativa em virtude da utiliza\u00e7\u00e3o e comercializa\u00e7\u00e3o de \u201ccerol\u201d ou de linhas cortantes."}, {"id": "20377", "ano": "2022", "numero": "301", "tipo__sigla": "PROT", "tipo__descricao": "Protocolo", "autoria": "Guilherme de Lima Braga (Guilherme do Doce)", "texto_original": "http://sapl.pedroleopoldo.mg.leg.br/media/", "ementa": "Com os meus cumprimentos, venho por meio deste solicitar de vossa excel\u00eancia determinar ao setor competente a reforma da ponte de ferro que liga Dr. Lund a Rodovia MG- 424 neste Munic\u00edpio."}, {"id": "20378", "ano": "2022", "numero": "302", "tipo__sigla": "PROT", "tipo__descricao": "Protocolo", "autoria": "Rafael Vieira Faria (Rafa)", "texto_original": "http://sapl.pedroleopoldo.mg.leg.br/media/", "ementa": "Indica ao poder executivo a realiza\u00e7\u00e3o de uma opera\u00e7\u00e3o, educativa e de fiscaliza\u00e7\u00e3o, visando combater o uso, a produ\u00e7\u00e3o, o amarzenamento e cormecializa\u00e7\u00e3o de cerol e linhas cortantes."}, {"id": "20380", "ano": "2022", "numero": "303", "tipo__sigla": "PROT", "tipo__descricao": "Protocolo", "autoria": "Leonardo Pereira Ribeiro (Leoz\u00e3o)", "texto_original": "http://sapl.pedroleopoldo.mg.leg.br/media/", "ementa": "No uso de minhas atribui\u00e7\u00f5es regimentais, solicito a Vossa Excel\u00eancia tomar as medidas cab\u00edveis, para providenciar dois redutores de velocidade na Rua Tapaj\u00f3s, no Bairro Andyara."}, {"id": "20381", "ano": "2022", "numero": "304", "tipo__sigla": "PROT", "tipo__descricao": "Protocolo", "autoria": "Frederico Henrique Cota Alves (Fred Piau)", "texto_original": "http://sapl.pedroleopoldo.mg.leg.br/media/", "ementa": "Solicito reiterar o requerimento 77/2021- Autoria Vereador Fred Piau.\r\nNo uso de minhas atribui\u00e7\u00f5es regimentais, requeiro \u00e0 Excelent\u00edssima Senhora Prefeita saber as seguintes informa\u00e7\u00f5es: \u2022 Qual o motivo do descumprimento do prazo acordado entre a Prefeitura e o representante da empresa que fez o loteamento do Bairro Morada dos Hibiscos, pois o prazo estabelecido em 2019 era seis meses. \u2022 Qual a justificativa em n\u00e3o entregar a esta\u00e7\u00e3o elevat\u00f3ria de esgoto aos moradores do bairro. \u2022 Qual a justificativa em n\u00e3o entregar os postes e bra\u00e7os de ilumina\u00e7\u00e3o que ainda faltam."}, {"id": "20382", "ano": "2022", "numero": "305", "tipo__sigla": "PROT", "tipo__descricao": "Protocolo", "autoria": "Jos\u00e9 Justino Pires Damaso", "texto_original": "http://sapl.pedroleopoldo.mg.leg.br/media/", "ementa": "SUBSTITUTIVO 01 AO PROJETO DE RESOLU\u00c7\u00c3O N\u00ba 05  ALUNO NOTA 10."}, {"id": "20383", "ano": "2022", "numero": "306", "tipo__sigla": "PROT", "tipo__descricao": "Protocolo", "autoria": "Executivo", "texto_original": "http://sapl.pedroleopoldo.mg.leg.br/media/", "ementa": "Autoriza o Poder Executivo a contratar opera\u00e7\u00e3o de cr\u00e9dito com a Caixa Econ\u00f4mica Federal (CAIXA), a oferecer garantias e d\u00e1 outras provid\u00eancias."}, {"id": "20384", "ano": "2022", "numero": "307", "tipo__sigla": "PROT", "tipo__descricao": "Protocolo", "autoria": "Leonardo Pereira Ribeiro (Leoz\u00e3o)", "texto_original": "http://sapl.pedroleopoldo.mg.leg.br/media/", "ementa": "VOTO DE PESAR PARA: \u00c9RICA SANTOS EVARISTO\r\n\r\nENVIAR PARA: SUA M\u00c3E, LAURENTINA DA SA\u00daDE SANTOS\r\n\r\nENDERE\u00c7O: RUA AM\u00c1LIA RODRIGUES DE JESUS, 861 - FELIPE CL\u00c1UDIO DE SALES\r\nCEP: 33252-038"}, {"id": "20385", "ano": "2022", "numero": "308", "tipo__sigla": "PROT", "tipo__descricao": "Protocolo", "autoria": "Frederico Henrique Cota Alves (Fred Piau)", "texto_original": "http://sapl.pedroleopoldo.mg.leg.br/media/", "ementa": "No uso de minhas atribui\u00e7\u00f5es regimentais, requeiro \u00e0 Excelent\u00edssima Senhora Prefeita o documento descriminando o nome de todas as Associa\u00e7\u00f5es municipais cadastradas na Prefeitura Municipal de Pedro Leopoldo. Quantas est\u00e3o ativas? Quantas possuem d\u00e9bitos ou encontram inativas? Quantas possuem im\u00f3vel p\u00fablico ou terreno em comodato? A Prefeitura pode retomar estes locais para um melhor uso? Qual a estrat\u00e9gia adotada para resolver os problemas de nossas Associa\u00e7\u00f5es inativas?"}, {"id": "20386", "ano": "2022", "numero": "309", "tipo__sigla": "PROT", "tipo__descricao": "Protocolo", "autoria": "Frederico Henrique Cota Alves (Fred Piau)", "texto_original": "http://sapl.pedroleopoldo.mg.leg.br/media/", "ementa": "No uso de minhas atribui\u00e7\u00f5es regimentais, indico \u00e0 Excelent\u00edssima Senhora Prefeita, a elabora\u00e7\u00e3o do projeto de lei criando o Cadastro \u00danico das Associa\u00e7\u00f5es do Munic\u00edpio de Pedro Leopoldo, afim de termos um monitoramento mais efetivo sobre a situa\u00e7\u00e3o das Associa\u00e7\u00f5es Municipais de nossa cidade."}, {"id": "20387", "ano": "2022", "numero": "310", "tipo__sigla": "PROT", "tipo__descricao": "Protocolo", "autoria": "Matheus Utsch de Oliveira", "texto_original": "http://sapl.pedroleopoldo.mg.leg.br/media/", "ementa": "No uso de minhas atribui\u00e7\u00f5es regimentais, requeiro \u00e0 Excelent\u00edssima Senhora Prefeita informa\u00e7\u00f5es sobre o contrato de estacionamento nas \u00e1reas p\u00fablicas do CEPPEL e da Pra\u00e7a da Esta\u00e7\u00e3o."}, {"id": "20388", "ano": "2022", "numero": "311", "tipo__sigla": "PROT", "tipo__descricao": "Protocolo", "autoria": "Rafael Vieira Faria (Rafa)", "texto_original": "http://sapl.pedroleopoldo.mg.leg.br/media/", "ementa": "Indica ao poder executivo a Instala\u00e7\u00e3o de Defensas Met\u00e1licas, comumente conhecidas como Guard Rail, na Rua Via Neves, onde recentemente foi construido um talude \u00e0s margens do Ribeir\u00e3o das Neves."}, {"id": "20398", "ano": "2022", "numero": "312", "tipo__sigla": "PROT", "tipo__descricao": "Protocolo", "autoria": "Executivo", "texto_original": "http://sapl.pedroleopoldo.mg.leg.br/media/", "ementa": "Autoriza o Poder Executivo a Conceder desconto no Imposto de Predial Territorial Urbano - IPTU ou restituir em pec\u00fania aos contribuintes, pessoas f\u00edsicas ou jur\u00eddicas, que transferirem o registro de ve\u00edculo de sua propriedade, junto ao DETRAN, para o munic\u00edpio de Pedro Leopoldo e pagar o Imposto Sobre a Propriedade de Ve\u00edculos Automotores -  IPVA no mun\u00edcipio e d\u00e1 outras providencias."}, {"id": "20399", "ano": "2022", "numero": "313", "tipo__sigla": "PROT", "tipo__descricao": "Protocolo", "autoria": "Frederico Henrique Cota Alves (Fred Piau)", "texto_original": "http://sapl.pedroleopoldo.mg.leg.br/media/", "ementa": "No uso de minhas atribui\u00e7\u00f5es regimentais, requeiro \u00e0 Excelent\u00edssima Senhora Prefeita a presta\u00e7\u00e3o de contas detalhada das emendas parlamentares, conv\u00eanios federais e estaduais que o munic\u00edpio recebeu no ano de 2021 e 2022. Al\u00e9m das emendas e conv\u00eanios (estaduais e federais) que est\u00e3o em execu\u00e7\u00e3o este ano, recebidas em anos anteriores."}, {"id": "20400", "ano": "2022", "numero": "314", "tipo__sigla": "PROT", "tipo__descricao": "Protocolo", "autoria": "Executivo", "texto_original": "http://sapl.pedroleopoldo.mg.leg.br/media/", "ementa": "Altera a Lei Municipal n\u00b0 2909, de 29 dezembro de 2006, a qual disp\u00f5e sobre o Sistema Tribunal Municipal e estabelece Normas de Direito Tribut\u00e1rio, altera a Lei Municipal n\u00b0 3428, de 26 de novembro de 2015, e d\u00e1 outras provid\u00eancias."}, {"id": "20401", "ano": "2022", "numero": "315", "tipo__sigla": "PROT", "tipo__descricao": "Protocolo", "autoria": "Evaldo Geraldo do Carmo (Evaldo do A\u00e7ougue)", "texto_original": "http://sapl.pedroleopoldo.mg.leg.br/media/", "ementa": "No uso de minhas atribui\u00e7\u00f5es regimentais, indico \u00e0 Excelent\u00edssima Senhora Prefeita determinar ao setor competente que seja instalada uma nova placa no limite de munic\u00edpio. Entre o munic\u00edpio de Pedro Leopoldo e Matozinhos, Localizada na Rua Francisco de Pula Martins."}, {"id": "20404", "ano": "2022", "numero": "316", "tipo__sigla": "PROT", "tipo__descricao": "Protocolo", "autoria": "Warlen Alves da Silva", "texto_original": "http://sapl.pedroleopoldo.mg.leg.br/media/", "ementa": "No uso de minhas atribui\u00e7\u00f5es regimentais, indico \u00e0 Excelent\u00edssima Senhora Prefeita determinar ao setor competente providenciar a instala\u00e7\u00e3o de redutor de velocidade (quebra-mola), na rua S\u00e3o Vicente de Paula, na altura do n\u00b0 245, no bairro Santo Antonio da Barra."}, {"id": "20405", "ano": "2022", "numero": "317", "tipo__sigla": "PROT", "tipo__descricao": "Protocolo", "autoria": "Evaldo Geraldo do Carmo (Evaldo do A\u00e7ougue)", "texto_original": "http://sapl.pedroleopoldo.mg.leg.br/media/", "ementa": "No uso de minhas atribui\u00e7\u00f5es regimentais, indico \u00e0 Excelent\u00edssima Senhora Prefeita Municipal tomar as medidas cab\u00edveis, para providenciar a troca de l\u00e2mpada na Rua Antonio Mansur Maloy, no bairro Dom Camilo, pr\u00f3ximo ao numero 39. Nesse munic\u00edpio."}, {"id": "20406", "ano": "2022", "numero": "318", "tipo__sigla": "PROT", "tipo__descricao": "Protocolo", "autoria": "Executivo", "texto_original": "http://sapl.pedroleopoldo.mg.leg.br/media/sapl/public/materialegislativa/2022/20406/protecao_ao_patrimonio_cultural_-_prefeita.pdf", "ementa": "Cria o Fundo Municipal de Prote\u00e7\u00e3o ao Patrim\u00f4nio Cultural de Pedro Leopoldo - FUMPAC e d\u00e1 outras provid\u00eancias."}, {"id": "20407", "ano": "2022", "numero": "319", "tipo__sigla": "PROT", "tipo__descricao": "Protocolo", "autoria": "Evaldo Geraldo do Carmo (Evaldo do A\u00e7ougue)", "texto_original": "http://sapl.pedroleopoldo.mg.leg.br/media/", "ementa": "No uso de minhas atribui\u00e7\u00f5es regimentais, indico \u00e0 Excelent\u00edssima Senhora Prefeita Municipal tomar as medidas cab\u00edveis, para providenciar a troca de l\u00e2mpada na Rua  Pedro Maria Pereira, no bairro Felipe Cl\u00e1udio de Salles, pr\u00f3ximo ao numero 624. Nesse munic\u00edpio."}, {"id": "20408", "ano": "2022", "numero": "320", "tipo__sigla": "PROT", "tipo__descricao": "Protocolo", "autoria": "Frederico Henrique Cota Alves (Fred Piau)", "texto_original": "http://sapl.pedroleopoldo.mg.leg.br/media/", "ementa": "Altera o Art. 1\u00ba do Substitutivo ao Projeto de Lei n\u00ba 15, de 29 de abril de 2022, a fim de conferir prioridades nas obras e maior transpar\u00eancia no uso do Programa FINISA."}, {"id": "20409", "ano": "2022", "numero": "321", "tipo__sigla": "PROT", "tipo__descricao": "Protocolo", "autoria": "Eldir Jos\u00e9 Batista (Baixinho da Garagem)", "texto_original": "http://sapl.pedroleopoldo.mg.leg.br/media/", "ementa": "Voto de pesar: Sargento Carlos Alberto Xavier\r\nDeixou esposa Maria Jos\u00e9 Teodoro Xavier\r\ne tr\u00eas filhos Maristela Xavier,Marcelo Tucano,Cac\u00e1\r\nRua :Ferrovi\u00e1rios,130\r\nBairro Magalh\u00e3es"}, {"id": "20410", "ano": "2022", "numero": "322", "tipo__sigla": "PROT", "tipo__descricao": "Protocolo", "autoria": "Guilherme de Lima Braga (Guilherme do Doce)", "texto_original": "http://sapl.pedroleopoldo.mg.leg.br/media/", "ementa": "No uso de minhas atribui\u00e7\u00f5es regimentais, indico \u00e0 Excelent\u00edssima Senhora Prefeita solicitar ao setor competente a instala\u00e7\u00e3o de redutor de velocidade (quebra-molas) na rua Suzana Passos, pr\u00f3ximo ao n\u00famero 309 no bairro Santo Ant\u00f4nio da Barra, neste Munic\u00edpio."}, {"id": "20416", "ano": "2022", "numero": "323", "tipo__sigla": "PROT", "tipo__descricao": "Protocolo", "autoria": "Jos\u00e9 Justino Pires Damaso", "texto_original": "http://sapl.pedroleopoldo.mg.leg.br/media/", "ementa": "Encaminho Representa\u00e7\u00e3o."}, {"id": "20422", "ano": "2022", "numero": "324", "tipo__sigla": "PROT", "tipo__descricao": "Protocolo", "autoria": "Frederico Henrique Cota Alves (Fred Piau)", "texto_original": "http://sapl.pedroleopoldo.mg.leg.br/media/", "ementa": "No uso de minhas atribui\u00e7\u00f5es regimentais, requeiro \u00e0 Excelent\u00edssima Senhora Prefeita o cumprimento da Lei Municipal 3052/2008 e a ativa\u00e7\u00e3o do Conselho Municipal de Pol\u00edticas Culturais"}, {"id": "20424", "ano": "2022", "numero": "325", "tipo__sigla": "PROT", "tipo__descricao": "Protocolo", "autoria": "Executivo", "texto_original": "http://sapl.pedroleopoldo.mg.leg.br/media/sapl/public/materialegislativa/2022/20424/projeto_de_lei_-_abertura_de_credito_adicional_suplementar_no_orcamento_de_2022-_prefeita.pdf", "ementa": "Autoriza a abertura de Cr\u00e9dito Adicional Suplementar no Or\u00e7amento de 2022."}, {"id": "20443", "ano": "2022", "numero": "326", "tipo__sigla": "PROT", "tipo__descricao": "Protocolo", "autoria": "Mauro J\u00fanior Lopes Francisco", "texto_original": "http://sapl.pedroleopoldo.mg.leg.br/media/", "ementa": "Altera artigo 25 da lei 2.205 de 27 de agosto de 1996 que trata sobre a pertuba\u00e7\u00e3o do sossego p\u00fablico ( a reda\u00e7\u00e3o e altera\u00e7\u00e3o do artigo est\u00e1 em processso de elabora\u00e7\u00e3o e aguardando audi\u00eancia p\u00fablica para finaliza\u00e7\u00e3o). A nova reda\u00e7\u00e3o visa resguardar o sossego p\u00fablico em localidades rurais."}, {"id": "20447", "ano": "2022", "numero": "327", "tipo__sigla": "PROT", "tipo__descricao": "Protocolo", "autoria": "Matheus Utsch de Oliveira", "texto_original": "http://sapl.pedroleopoldo.mg.leg.br/media/", "ementa": "No uso de minhas atribui\u00e7\u00f5es regimentais, requeiro \u00e0 Excelent\u00edssima Senhora Prefeita informa\u00e7\u00f5es se a licita\u00e7\u00e3o dos estacionamentos rotativos contempla vagas proporcionais ao n\u00famero de motos emplacadas na cidade."}, {"id": "20459", "ano": "2022", "numero": "328", "tipo__sigla": "PROT", "tipo__descricao": "Protocolo", "autoria": "Leonardo Pereira Ribeiro (Leoz\u00e3o)", "texto_original": "http://sapl.pedroleopoldo.mg.leg.br/media/", "ementa": "VOTO DE PESAR PARA: SR. FL\u00c1VIO ROSA RIBEIRO\r\n\r\nENVIAR PARA: SEU IRM\u00c3O, SR. NILSON ROSA RIBEIRO\r\n\r\nENDERE\u00c7O: CL\u00c1UDIO RODRIGUES LOPES, 60 - LAGOA DE SANTO ANT\u00d4NIO\r\nCEP: 33.252-400"}, {"id": "20460", "ano": "2022", "numero": "329", "tipo__sigla": "PROT", "tipo__descricao": "Protocolo", "autoria": "Matheus Utsch de Oliveira", "texto_original": "http://sapl.pedroleopoldo.mg.leg.br/media/", "ementa": "RETIRADO No uso de minhas atribui\u00e7\u00f5es regimentais, requeiro \u00e0 Excelent\u00edssima Senhora Prefeita saber quais foram os conselhos e conselheiros que receberam remunera\u00e7\u00f5es."}, {"id": "20461", "ano": "2022", "numero": "330", "tipo__sigla": "PROT", "tipo__descricao": "Protocolo", "autoria": "Rafael Vieira Faria (Rafa)", "texto_original": "http://sapl.pedroleopoldo.mg.leg.br/media/", "ementa": "INDICA a extens\u00e3o de rede de energia el\u00e9trica de baixa tens\u00e3o e instala\u00e7\u00e3o de ilumina\u00e7\u00e3o publica de LED, no trecho situado entre a Igreja dos Bexiguentos e o trajeto final da Estrada Fazenda do Cap\u00e3o que n\u00e3o \u00e9 contemplado com energia el\u00e9trica de baixa tens\u00e3o, al\u00e9m de n\u00e3o contar com ilumina\u00e7\u00e3o p\u00fablica."}, {"id": "20462", "ano": "2022", "numero": "331", "tipo__sigla": "PROT", "tipo__descricao": "Protocolo", "autoria": "Leonardo Pereira Ribeiro (Leoz\u00e3o)", "texto_original": "http://sapl.pedroleopoldo.mg.leg.br/media/", "ementa": "No uso de minhas atribui\u00e7\u00f5es regimentais, solicito a Vossa Excel\u00eancia tomar as medidas cab\u00edveis, para providenciar a cria\u00e7\u00e3o de uma Pra\u00e7a na Rua Joaquim Tomaz, com Rua Ant\u00f4nio Pereira no Bairro Lagoa de Santo Ant\u00f4nio e colocar o nome de Ant\u00f4nio Mateus Silva Nascimento 21/09/1939 quando for inaugurar."}, {"id": "20463", "ano": "2022", "numero": "332", "tipo__sigla": "PROT", "tipo__descricao": "Protocolo", "autoria": "Rafael Vieira Faria (Rafa)", "texto_original": "http://sapl.pedroleopoldo.mg.leg.br/media/", "ementa": "Indica a instala\u00e7\u00e3o de c\u00e2meras de monitoramento olho vivo nas imedia\u00e7\u00f5es da capela dos Bexiguentos, conforme justificativa em anexo."}, {"id": "20464", "ano": "2022", "numero": "333", "tipo__sigla": "PROT", "tipo__descricao": "Protocolo", "autoria": "Rafael Vieira Faria (Rafa)", "texto_original": "http://sapl.pedroleopoldo.mg.leg.br/media/", "ementa": "Indica o redirecionamento da via, retirando a curva sinuosa no trecho pr\u00f3ximo \u00e0 igreja dos Bexiguentos, deixando a via com melhores condi\u00e7\u00f5es de dirigibilidade, conforto e seguran\u00e7a para os condutores de ve\u00edculos e pedestres."}, {"id": "20465", "ano": "2022", "numero": "334", "tipo__sigla": "PROT", "tipo__descricao": "Protocolo", "autoria": "Rafael Vieira Faria (Rafa)", "texto_original": "http://sapl.pedroleopoldo.mg.leg.br/media/", "ementa": "Indica Reforma na Passarela Cirilo Pereira da Costa que liga o Bairro S\u00e3o Geraldo \u00e0 regi\u00e3o do Cap\u00e3o e, sucessivamente, a extens\u00e3o de rede de ilumina\u00e7\u00e3o publica, visando promover mais seguran\u00e7a e qualidade de vida \u00e0s pessoas que utilizam esse importante acesso."}, {"id": "20466", "ano": "2022", "numero": "335", "tipo__sigla": "PROT", "tipo__descricao": "Protocolo", "autoria": "Comiss\u00e3o de Finan\u00e7as P\u00fablicas", "texto_original": "http://sapl.pedroleopoldo.mg.leg.br/media/", "ementa": "Aprova as contas de gest\u00e3o do Prefeito Municipal de Pedro Leopoldo/MG, Sr. Cristiano Elias dos Reis Costa, referente ao exerc\u00edcio de 2020."}, {"id": "20467", "ano": "2022", "numero": "336", "tipo__sigla": "PROT", "tipo__descricao": "Protocolo", "autoria": "Frederico Henrique Cota Alves (Fred Piau)", "texto_original": "http://sapl.pedroleopoldo.mg.leg.br/media/", "ementa": "No uso de minhas atribui\u00e7\u00f5es regimentais, requeiro \u00e0 Excelent\u00edssima Senhora Prefeita a informa\u00e7\u00e3o em rela\u00e7\u00e3o ao cumprimento da   Lei Estadual 23.676/2020, que disp\u00f5e sobre o prazo de validade do laudo m\u00e9dico-pericial que atesta Transtorno do Espectro do Autismo \u2013 TEA \u2013, para os fins que especifica (texto da Lei em anexo).  \r\nA lei vem sendo cumprida dentro da Prefeitura Municipal? Resguardando o direito de servidores municipais e cidad\u00e3os de Pedro Leopoldo para fins de algum benef\u00edcio."}, {"id": "20481", "ano": "2022", "numero": "337", "tipo__sigla": "PROT", "tipo__descricao": "Protocolo", "autoria": "Frederico Henrique Cota Alves (Fred Piau)", "texto_original": "http://sapl.pedroleopoldo.mg.leg.br/media/", "ementa": "No uso de minhas atribui\u00e7\u00f5es regimentais, indico \u00e0 Excelent\u00edssima Senhora Prefeita, solicitar ao setor competente interven\u00e7\u00f5es para melhoria e mais seguran\u00e7a no transito do entroncamento das vias Ruas Olivier Teixeira, Rua Progresso e Rua Expedicion\u00e1rio Raimundo Nogueira da Cruz pr\u00f3ximo ao Hospital Municipal Francisco Gon\u00e7alves. De imediato j\u00e1 sugiro as seguintes interven\u00e7\u00f5es: \r\n- Instala\u00e7\u00e3o de placas\r\n- Sinaliza\u00e7\u00e3o horizontal da via\r\n- Melhoria da ilumina\u00e7\u00e3o\r\n- Pintura de uma faixa de pedestres.\r\n- Constru\u00e7\u00e3o de uma rotat\u00f3ria."}, {"id": "20482", "ano": "2022", "numero": "338", "tipo__sigla": "PROT", "tipo__descricao": "Protocolo", "autoria": "Frederico Henrique Cota Alves (Fred Piau)", "texto_original": "http://sapl.pedroleopoldo.mg.leg.br/media/", "ementa": "No uso de minhas atribui\u00e7\u00f5es regimentais, indico \u00e0 Excelent\u00edssima Senhora Prefeita, a reforma e amplia\u00e7\u00e3o de toda a rede pluvial da Avenida Coronel Juventino Dias (Avenida Cau\u00ea, principalmente na altura do n\u00famero 344, 384, 379, 345, onde a drenagem vem sendo bastante ineficiente durante os dias chuvosos."}, {"id": "20485", "ano": "2022", "numero": "339", "tipo__sigla": "PROT", "tipo__descricao": "Protocolo", "autoria": "Leonardo Pereira Ribeiro (Leoz\u00e3o)", "texto_original": "http://sapl.pedroleopoldo.mg.leg.br/media/", "ementa": "No uso de minhas atribui\u00e7\u00f5es regimentais, indico \u00e0 Excelent\u00edssima Senhora Prefeita Municipal tomar as medidas cab\u00edveis, para providenciar recapeamento asf\u00e1ltica em toda a extens\u00e3o da Rua Pac\u00edfico Ant\u00f4nio Pereira, no Bairro Lagoa de Santo Ant\u00f4nio."}, {"id": "20486", "ano": "2022", "numero": "340", "tipo__sigla": "PROT", "tipo__descricao": "Protocolo", "autoria": "Leonardo Pereira Ribeiro (Leoz\u00e3o)", "texto_original": "http://sapl.pedroleopoldo.mg.leg.br/media/", "ementa": "No uso de minhas atribui\u00e7\u00f5es regimentais, indico \u00e0 Excelent\u00edssima Senhora Prefeita Municipal tomar as medidas cab\u00edveis, para providenciar pavimenta\u00e7\u00e3o asf\u00e1ltica em toda a extens\u00e3o da Rua Pitangueiras, no Bairro Morada dos Angicos.\r\nINDICA\u00c7\u00c3O 127/2021 - VER. EVALDO"}, {"id": "20487", "ano": "2022", "numero": "341", "tipo__sigla": "PROT", "tipo__descricao": "Protocolo", "autoria": "Leonardo Pereira Ribeiro (Leoz\u00e3o)", "texto_original": "http://sapl.pedroleopoldo.mg.leg.br/media/", "ementa": "No uso de minhas atribui\u00e7\u00f5es regimentais, indico \u00e0 Excelent\u00edssima Senhora Prefeita Municipal tomar as medidas cab\u00edveis, para providenciar recapeamento asf\u00e1ltica em toda a extens\u00e3o da Rua Francisco Barbosa, no Bairro Lagoa de Santo Ant\u00f4nio."}, {"id": "20488", "ano": "2022", "numero": "342", "tipo__sigla": "PROT", "tipo__descricao": "Protocolo", "autoria": "Leonardo Pereira Ribeiro (Leoz\u00e3o)", "texto_original": "http://sapl.pedroleopoldo.mg.leg.br/media/", "ementa": "No uso de minhas atribui\u00e7\u00f5es regimentais, indico \u00e0 Excelent\u00edssima Senhora Prefeita Municipal tomar as medidas cab\u00edveis, para providenciar recapeamento asf\u00e1ltica em toda a extens\u00e3o da Rua Celestino Rodrigues, no Bairro Lagoa de Santo Ant\u00f4nio."}, {"id": "20489", "ano": "2022", "numero": "343", "tipo__sigla": "PROT", "tipo__descricao": "Protocolo", "autoria": "Leonardo Pereira Ribeiro (Leoz\u00e3o)", "texto_original": "http://sapl.pedroleopoldo.mg.leg.br/media/", "ementa": "No uso de minhas atribui\u00e7\u00f5es regimentais, indico \u00e0 Excelent\u00edssima Senhora Prefeita Municipal tomar as medidas cab\u00edveis, para providenciar recapeamento asf\u00e1ltica em toda a extens\u00e3o da Rua S\u00e3o Geraldo, no Bairro Lagoa de Santo Ant\u00f4nio."}, {"id": "20494", "ano": "2022", "numero": "344", "tipo__sigla": "PROT", "tipo__descricao": "Protocolo", "autoria": "Leonardo Pereira Ribeiro (Leoz\u00e3o)", "texto_original": "http://sapl.pedroleopoldo.mg.leg.br/media/", "ementa": "VOTO DE PESAR PARA: CELEODIVA DE JESUS TEIXEIRA LOPES\r\n\r\nENVIAR PARA: SEU FILHO, CLAUDINEY JESUS LOPES\r\n\r\nENDERE\u00c7O: RUA NO\u00c9 DA PAIX\u00c3O DOS SANTOS, 599 - FELIPE CL\u00c1UDIO DE SALES - CEP 33252-036"}, {"id": "20495", "ano": "2022", "numero": "345", "tipo__sigla": "PROT", "tipo__descricao": "Protocolo", "autoria": "Leonardo Pereira Ribeiro (Leoz\u00e3o)", "texto_original": "http://sapl.pedroleopoldo.mg.leg.br/media/", "ementa": "No uso de minhas atribui\u00e7\u00f5es regimentais, indico \u00e0 Excelent\u00edssima Senhora Prefeita Municipal tomar as medidas cab\u00edveis, para providenciar o congelamento e a corre\u00e7\u00e3o do IPTU e ITBI no munic\u00edpio de Pedro Leopoldo, impedindo o reajuste da tabela."}, {"id": "20496", "ano": "2022", "numero": "346", "tipo__sigla": "PROT", "tipo__descricao": "Protocolo", "autoria": "Leonardo Pereira Ribeiro (Leoz\u00e3o)", "texto_original": "http://sapl.pedroleopoldo.mg.leg.br/media/", "ementa": "VOTO DE PESAR PARA: LILIANA DO NASCIMENTO LOPES\r\n\r\nENVIAR PARA:\r\n\r\nENDERE\u00c7O:\r\n\r\n\r\nLEOZ\u00c3O E GUILHERME DO DOCE"}, {"id": "20507", "ano": "2022", "numero": "347", "tipo__sigla": "PROT", "tipo__descricao": "Protocolo", "autoria": "Rafael Vieira Faria (Rafa)", "texto_original": "http://sapl.pedroleopoldo.mg.leg.br/media/", "ementa": "Pensando em prestigiar nossas empresas e movimentar a economia local, venho, no uso de minhas atribui\u00e7\u00f5es, sugerir ao Poder Executivo que inclua nos atos normativos um artigo de lei visando a promo\u00e7\u00e3o do desenvolvimento econ\u00f4mico e social no \u00e2mbito Municipal, estabelecendo a prioridade de contrata\u00e7\u00e3o para as empresas e microempresas e empresas de pequeno porte sediadas do munic\u00edpio, at\u00e9 o limite de 10% (dez por cento) do melhor pre\u00e7o, v\u00e1lido nos termos do artigo 48, inciso III par\u00e1grafo do \u00a73\u00ba da complementar 123 de 14 de Dezembro de 2006."}, {"id": "20508", "ano": "2022", "numero": "348", "tipo__sigla": "PROT", "tipo__descricao": "Protocolo", "autoria": "Rafael Vieira Faria (Rafa)", "texto_original": "http://sapl.pedroleopoldo.mg.leg.br/media/", "ementa": "Indica a cria\u00e7\u00e3o da Galeria do Esporte nos tuneis do gin\u00e1sio poliesportivo de Pedro Leopoldo- CEPPEL."}, {"id": "20509", "ano": "2022", "numero": "349", "tipo__sigla": "PROT", "tipo__descricao": "Protocolo", "autoria": "Eldir Jos\u00e9 Batista (Baixinho da Garagem)", "texto_original": "http://sapl.pedroleopoldo.mg.leg.br/media/", "ementa": "Indica o pagamento do piso salarial do Enfermeiro, do T\u00e9cnico de Enfermagem, do Auxiliar de Enfermagem, conforme valores institu\u00eddos pela Lei Federal 14.434, de 4 de agosto de 2022."}, {"id": "20510", "ano": "2022", "numero": "350", "tipo__sigla": "PROT", "tipo__descricao": "Protocolo", "autoria": "Frederico Henrique Cota Alves (Fred Piau)", "texto_original": "http://sapl.pedroleopoldo.mg.leg.br/media/", "ementa": "Pelo falecimento de LAURA DE PASSOS  FREITAS\r\nEnte querido JULIANO PASSOS RIBEIRO( FILHO).\r\nENDERE\u00c7O PARA ENVIO DO VOTO DE PESAR: Rua Dr Rocha, 275, Centro\r\nCEP: \t33250-036"}, {"id": "20511", "ano": "2022", "numero": "351", "tipo__sigla": "PROT", "tipo__descricao": "Protocolo", "autoria": "Leonardo Pereira Ribeiro (Leoz\u00e3o)", "texto_original": "http://sapl.pedroleopoldo.mg.leg.br/media/", "ementa": "VOTO DE PESAR PARA: JO\u00c3O PEREIRA\r\n\r\nENVIAR PARA: SEU FILHO, JOAQUIM PEREIRA\r\n\r\nENDERE\u00c7O: RUA SANTA CATARINA, 436 - BAIRRO NOSSA SENHORA DE F\u00c1TIMA - MATOZINHOS\r\nCEP: 35720-000"}, {"id": "20512", "ano": "2022", "numero": "352", "tipo__sigla": "PROT", "tipo__descricao": "Protocolo", "autoria": "Frederico Henrique Cota Alves (Fred Piau)", "texto_original": "http://sapl.pedroleopoldo.mg.leg.br/media/", "ementa": "Senhor Presidente,\r\nNo uso de minhas atribui\u00e7\u00f5es regimentais, requeiro \u00e0 Excelent\u00edssima Senhora Prefeita, solicitar a cess\u00e3o do plen\u00e1rio para realiza\u00e7\u00e3o de Audi\u00eancia P\u00fablica com o objetivo de dar total transpar\u00eancia ao Projeto 15/2022 -Autoriza o Poder Executivo a contratar opera\u00e7\u00e3o de cr\u00e9dito com a Caixa Econ\u00f4mica Federal (CAIXA), a oferecer garantias e d\u00e1 outras provid\u00eancias. E tamb\u00e9m para trazer esclarecimento \u00e0 popula\u00e7\u00e3o sobre o FINISA.\r\nConvido para estar presente nesta nobre casa, prestando esclarecimento da popula\u00e7\u00e3o ent\u00e3o:\r\n- Prefeita: Eloisa Helena Carvalho de Freitas\r\n- Vice-Prefeita: Ana Paula Santos\r\n- Secret\u00e1rio de Administra\u00e7\u00e3o: Marcos Felipe Silva Batista\r\n- Chefe de Gabinete: Mayron Cesar\r\n- Iara de Souza Vieira \u2013 Secret\u00e1ria Municipal de Fazenda\r\n-Secretaria Municipal de Obras e Servi\u00e7os P\u00fablicos\r\n-Cristiano Fonseca Pereira \u2013 Procurador Geral do Munic\u00edpio\r\n-Gerson Viana-Secret\u00e1rio Municipal de Planejamento Urbano\r\n- Demais Secret\u00e1rios Municipais.\r\n- Presidente da C\u00e2mara: Eldir Jos\u00e9"}, {"id": "20513", "ano": "2022", "numero": "353", "tipo__sigla": "PROT", "tipo__descricao": "Protocolo", "autoria": "Leonardo Pereira Ribeiro (Leoz\u00e3o)", "texto_original": "http://sapl.pedroleopoldo.mg.leg.br/media/", "ementa": "VOTO DE PESAR PARA: GERALDO MARCOS MAGALH\u00c3ES\r\n\r\nENVIAR PARA: SEU IRM\u00c3O, EG\u00cdDIO DIAS MAGALH\u00c3ES\r\n\r\nENDERE\u00c7O: RUA PAC\u00cdFICO ANTONIO PEREIRA, 266 - LAGOA SANTO ANTONIO\r\nCEP 33252-202"}, {"id": "20514", "ano": "2022", "numero": "354", "tipo__sigla": "PROT", "tipo__descricao": "Protocolo", "autoria": "Matheus Utsch de Oliveira", "texto_original": "http://sapl.pedroleopoldo.mg.leg.br/media/", "ementa": "No uso de minhas atribui\u00e7\u00f5es regimentais, requeiro \u00e0 Excelent\u00edssima Senhora Prefeita informa\u00e7\u00f5es sobre o pagamento do piso e da insalubridade sobre o sal\u00e1rio base dos agentes de endemias e comunit\u00e1rios da sa\u00fade."}, {"id": "20515", "ano": "2022", "numero": "355", "tipo__sigla": "PROT", "tipo__descricao": "Protocolo", "autoria": "Executivo", "texto_original": "http://sapl.pedroleopoldo.mg.leg.br/media/", "ementa": "Altera a Lei Municipal n\u00ba 2.741, de 02 de abril de 2004 (com altera\u00e7\u00f5es posteriores), a qual cria o Conselho Municipal do Idoso no Mun\u00edcipio de Pedro Leopoldo, disp\u00f5e sobre a Pol\u00edtica de Assist\u00eancia ao Idoso e d\u00e1 outras provid\u00eancias."}, {"id": "20517", "ano": "2022", "numero": "356", "tipo__sigla": "PROT", "tipo__descricao": "Protocolo", "autoria": "Leonardo Pereira Ribeiro (Leoz\u00e3o)", "texto_original": "http://sapl.pedroleopoldo.mg.leg.br/media/", "ementa": "No uso de minhas atribui\u00e7\u00f5es regimentais, requeiro ao presidente que consultado o plen\u00e1rio seja inclu\u00eddo em pauta para vota\u00e7\u00e3o, o projeto de lei 15/2022 com base no disposto inciso 7\u00b0, artigo 136 do regimento interno."}, {"id": "20518", "ano": "2022", "numero": "357", "tipo__sigla": "PROT", "tipo__descricao": "Protocolo", "autoria": "Rafael Vieira Faria (Rafa)", "texto_original": "http://sapl.pedroleopoldo.mg.leg.br/media/", "ementa": "Indica a sinaliza\u00e7\u00e3o de tr\u00e2nsito na Avenida Levir Teixeira, instalando placas verticais indicativas de velocidade m\u00e1xima, curva em \"S\" e orientando condutores sobre acessos \u00e0 BR424, centro da Cidade etc, e, sucessivamente, a sinaliza\u00e7\u00e3o horizontal no asfalto de faixa tracejada e continua.\r\nSinaliza\u00e7\u00e3o, placas"}, {"id": "20520", "ano": "2022", "numero": "358", "tipo__sigla": "PROT", "tipo__descricao": "Protocolo", "autoria": "Rafael Vieira Faria (Rafa)", "texto_original": "http://sapl.pedroleopoldo.mg.leg.br/media/", "ementa": "Indica a constru\u00e7\u00e3o de uma faixa elevada para travessias de pedestres na Avenida Agenor Teixeira da Costa, bairro Campinhono no trecho situado entre os n\u00fameros 71 e 75."}, {"id": "20521", "ano": "2022", "numero": "359", "tipo__sigla": "PROT", "tipo__descricao": "Protocolo", "autoria": "Rafael Vieira Faria (Rafa)", "texto_original": "http://sapl.pedroleopoldo.mg.leg.br/media/", "ementa": "Indica ao Poder Executivo o remanejamento do bicicletario ou paraciclo, retirando-o da lateral da edifica\u00e7\u00e3o do Centro Poliesportivo de Pedro Leopoldo -CEPPEL- e reinstalando em frente a entrada principal onde haver\u00e1 melhor visibilidade e vigil\u00e2ncia, coibindo os furtos de bicicletas."}, {"id": "20532", "ano": "2022", "numero": "360", "tipo__sigla": "PROT", "tipo__descricao": "Protocolo", "autoria": "Eldir Jos\u00e9 Batista (Baixinho da Garagem)", "texto_original": "http://sapl.pedroleopoldo.mg.leg.br/media/", "ementa": "Falecida-Dinah Vieira Costa. Deixa filhos, Vicente Costa, Paulo Costa,\r\nRoberto Costa, Renato Costa.\r\nRua Alvorada, Bairro Ferreiras"}, {"id": "20533", "ano": "2022", "numero": "361", "tipo__sigla": "PROT", "tipo__descricao": "Protocolo", "autoria": "Rafael Vieira Faria (Rafa)", "texto_original": "http://sapl.pedroleopoldo.mg.leg.br/media/", "ementa": "Indica a substitui\u00e7\u00e3o de l\u00e2mpadas convencionais de vapor de merc\u00fario por l\u00e2mpadas de LED na Avenida Coletora do bairro Parque Agenor Teixeira."}, {"id": "20534", "ano": "2022", "numero": "362", "tipo__sigla": "PROT", "tipo__descricao": "Protocolo", "autoria": "Rafael Vieira Faria (Rafa)", "texto_original": "http://sapl.pedroleopoldo.mg.leg.br/media/", "ementa": "Indica a substitui\u00e7\u00e3o de l\u00e2mpadas convencionais de vapor de merc\u00fario por l\u00e2mpadas de LED na Rua Elvira Michelin no bairro Parque Agenor Teixeira.\r\nSegue justificativa em anexo"}, {"id": "20535", "ano": "2022", "numero": "363", "tipo__sigla": "PROT", "tipo__descricao": "Protocolo", "autoria": "Rafael Vieira Faria (Rafa)", "texto_original": "http://sapl.pedroleopoldo.mg.leg.br/media/", "ementa": "Indica a substitui\u00e7\u00e3o de l\u00e2mpadas convencionais de vapor de merc\u00fario por l\u00e2mpadas de LED na Rua Jos\u00e9 Pereira de Souza no bairro Parque Agenor Teixeira.\r\nSegue justificativa em anexo"}, {"id": "20536", "ano": "2022", "numero": "364", "tipo__sigla": "PROT", "tipo__descricao": "Protocolo", "autoria": "Rafael Vieira Faria (Rafa)", "texto_original": "http://sapl.pedroleopoldo.mg.leg.br/media/", "ementa": "Indica a substitui\u00e7\u00e3o de l\u00e2mpadas convencionais de vapor de merc\u00fario por l\u00e2mpadas de LED na Rua Luis Rei da Fran\u00e7a no bairro Parque Agenor Teixeira.\r\nSegue justificativa em anexo."}, {"id": "20537", "ano": "2022", "numero": "365", "tipo__sigla": "PROT", "tipo__descricao": "Protocolo", "autoria": "Rafael Vieira Faria (Rafa)", "texto_original": "http://sapl.pedroleopoldo.mg.leg.br/media/", "ementa": "Indica a substitui\u00e7\u00e3o de l\u00e2mpadas convencionais de vapor de merc\u00fario por l\u00e2mpadas de LED na Rua Maria Raimunda Felix no bairro Parque Agenor Teixeira."}, {"id": "20538", "ano": "2022", "numero": "366", "tipo__sigla": "PROT", "tipo__descricao": "Protocolo", "autoria": "Rafael Vieira Faria (Rafa)", "texto_original": "http://sapl.pedroleopoldo.mg.leg.br/media/", "ementa": "Indica a substitui\u00e7\u00e3o de l\u00e2mpadas convencionais de vapor de merc\u00fario por l\u00e2mpadas de LED na Rua Moises Oliveira no bairro Parque Agenor Teixeira."}, {"id": "20539", "ano": "2022", "numero": "367", "tipo__sigla": "PROT", "tipo__descricao": "Protocolo", "autoria": "Rafael Vieira Faria (Rafa)", "texto_original": "http://sapl.pedroleopoldo.mg.leg.br/media/", "ementa": "Indica a substitui\u00e7\u00e3o de l\u00e2mpadas convencionais de vapor de merc\u00fario por l\u00e2mpadas de LED na Rua Nico de Pedroca no bairro Parque Agenor Teixeira."}, {"id": "20540", "ano": "2022", "numero": "368", "tipo__sigla": "PROT", "tipo__descricao": "Protocolo", "autoria": "Rafael Vieira Faria (Rafa)", "texto_original": "http://sapl.pedroleopoldo.mg.leg.br/media/", "ementa": "Indica a substitui\u00e7\u00e3o de l\u00e2mpadas convencionais de vapor de merc\u00fario por l\u00e2mpadas de LED na Rua Tito Mendes no bairro Parque Agenor Teixeira."}, {"id": "20541", "ano": "2022", "numero": "369", "tipo__sigla": "PROT", "tipo__descricao": "Protocolo", "autoria": "Rafael Vieira Faria (Rafa)", "texto_original": "http://sapl.pedroleopoldo.mg.leg.br/media/", "ementa": "Indica a substitui\u00e7\u00e3o de l\u00e2mpadas convencionais de vapor de merc\u00fario por l\u00e2mpadas de LED na Rua Jos\u00e9 Dos Santos Moreira no bairro Parque Agenor Teixeira."}, {"id": "20542", "ano": "2022", "numero": "370", "tipo__sigla": "PROT", "tipo__descricao": "Protocolo", "autoria": "Matheus Utsch de Oliveira", "texto_original": "http://sapl.pedroleopoldo.mg.leg.br/media/", "ementa": "No uso de minhas atribui\u00e7\u00f5es regimentais, requeiro ao Presidente da C\u00e2mara e da Comiss\u00e3o Conjunta, determinar que seja emitido o parecer jur\u00eddico sobre o projeto 015 e do substitutivo 03 ao projeto 015 por um procurador de carreira, afim de garantir a imparcialidade dos projetos."}, {"id": "20543", "ano": "2022", "numero": "371", "tipo__sigla": "PROT", "tipo__descricao": "Protocolo", "autoria": "Rafael Vieira Faria (Rafa)", "texto_original": "http://sapl.pedroleopoldo.mg.leg.br/media/", "ementa": "Indica a substitui\u00e7\u00e3o de l\u00e2mpadas convencionais de vapor de merc\u00fario por l\u00e2mpadas de LED na Avenida Riachinho no bairro Maria de Lourdes"}, {"id": "20544", "ano": "2022", "numero": "372", "tipo__sigla": "PROT", "tipo__descricao": "Protocolo", "autoria": "Rafael Vieira Faria (Rafa)", "texto_original": "http://sapl.pedroleopoldo.mg.leg.br/media/", "ementa": "Indica a substitui\u00e7\u00e3o de l\u00e2mpadas convencionais de vapor de merc\u00fario por l\u00e2mpadas de LED na Rua Professora Beatriz no bairro Maria de Lourdes."}, {"id": "20545", "ano": "2022", "numero": "373", "tipo__sigla": "PROT", "tipo__descricao": "Protocolo", "autoria": "Rafael Vieira Faria (Rafa)", "texto_original": "http://sapl.pedroleopoldo.mg.leg.br/media/", "ementa": "Indica a substitui\u00e7\u00e3o de l\u00e2mpadas convencionais de vapor de merc\u00fario por l\u00e2mpadas de LED na Rua Professora Reginalda de Oliveira no bairro Maria de Lourdes."}, {"id": "20548", "ano": "2022", "numero": "374", "tipo__sigla": "PROT", "tipo__descricao": "Protocolo", "autoria": "Mesa Diretora", "texto_original": "http://sapl.pedroleopoldo.mg.leg.br/media/", "ementa": "Projeto de Lei 38/2022: Acrescenta o art. 38-A e altera os anexos I, II e VII da Lei Municipal n\u00ba 3.597, de 15 de abril de 2021, que \"Institui o Plano de Cargos, Carreiras e Vencimentos dos servidores p\u00fablicos do Poder Legislativo do Munic\u00edpio de Pedro Leopoldo e d\u00e1 outras provid\u00eancias\"."}, {"id": "20550", "ano": "2022", "numero": "375", "tipo__sigla": "PROT", "tipo__descricao": "Protocolo", "autoria": "Matheus Utsch de Oliveira", "texto_original": "http://sapl.pedroleopoldo.mg.leg.br/media/", "ementa": "No uso de minhas atribui\u00e7\u00f5es regimentais, requeiro ao Excelent\u00edssimo Senhor Presidente o estudo t\u00e9cnico do impacto financeiro-or\u00e7ament\u00e1rio feito pela contadora ou servidor efetivo da C\u00e2mara sobre o Projeto de Lei 015/22 e seus substitutivos."}, {"id": "20551", "ano": "2022", "numero": "376", "tipo__sigla": "PROT", "tipo__descricao": "Protocolo", "autoria": "Matheus Utsch de Oliveira", "texto_original": "http://sapl.pedroleopoldo.mg.leg.br/media/", "ementa": "No uso de minhas atribui\u00e7\u00f5es regimentais, requeiro ao Excelent\u00edssimo Senhor Presidente a realiza\u00e7\u00e3o de Audi\u00eancia P\u00fablica para tratar do Projeto de Lei 015/22 e seus substitutivos afim de promover ampla discuss\u00e3o."}, {"id": "20552", "ano": "2022", "numero": "377", "tipo__sigla": "PROT", "tipo__descricao": "Protocolo", "autoria": "Matheus Utsch de Oliveira", "texto_original": "http://sapl.pedroleopoldo.mg.leg.br/media/", "ementa": "No uso de minhas atribui\u00e7\u00f5es regimentais, requeiro ao Excelent\u00edssimo Senhor Presidente o parecer jur\u00eddico feito por servidor efetivo da C\u00e2mara sobre o Projeto de Lei 015/22 e seus substitutivos."}, {"id": "20553", "ano": "2022", "numero": "378", "tipo__sigla": "PROT", "tipo__descricao": "Protocolo", "autoria": "Rafael Vieira Faria (Rafa)", "texto_original": "http://sapl.pedroleopoldo.mg.leg.br/media/", "ementa": "Indica a constru\u00e7\u00e3o de uma faixa de trafego destinada \u00e0 pedestres na Avenida Levir Teixeira da Costa no trecho entre a Rua S\u00e3o Paulo e a Estrada Jos\u00e9 Ribeiro a ser edificada no espa\u00e7o entre Avenida e a MG 424."}, {"id": "20554", "ano": "2022", "numero": "379", "tipo__sigla": "PROT", "tipo__descricao": "Protocolo", "autoria": "Rafael Vieira Faria (Rafa)", "texto_original": "http://sapl.pedroleopoldo.mg.leg.br/media/", "ementa": "Indica o recapeamento da Rua Professora Efig\u00eania Barbosa Ribeiro em toda a sua extens\u00e3o, removendo os buracos, devolvendo a qualidade de tr\u00e1fego, levando mais qualidade de vida \u00e0s pessoas."}, {"id": "20555", "ano": "2022", "numero": "380", "tipo__sigla": "PROT", "tipo__descricao": "Protocolo", "autoria": "Frederico Henrique Cota Alves (Fred Piau)", "texto_original": "http://sapl.pedroleopoldo.mg.leg.br/media/", "ementa": "No uso de minhas atribui\u00e7\u00f5es regimentais, indico \u00e0 Mo\u00e7\u00e3o de  Parab\u00e9ns ao Rafinha, vocalista da banda pedroleopoldense AltoAstral por seus 20 anos de carreira."}, {"id": "20557", "ano": "2022", "numero": "381", "tipo__sigla": "PROT", "tipo__descricao": "Protocolo", "autoria": "Frederico Henrique Cota Alves (Fred Piau)", "texto_original": "http://sapl.pedroleopoldo.mg.leg.br/media/", "ementa": "No uso de minhas atribui\u00e7\u00f5es regimentais, requeiro ao Excelent\u00edssimo Senhor Presidente, a autoriza\u00e7\u00e3o para realiza\u00e7\u00e3o de Audi\u00eancia P\u00fablica para debatermos sobre a ideia de termos um PORTO SECO em Pedro Leopoldo. E dar transpar\u00eancia a popula\u00e7\u00e3o mostrando como funciona o projeto em outras cidades e o quanto seriamos impactados positivamente com a implanta\u00e7\u00e3o do mesmo."}, {"id": "20558", "ano": "2022", "numero": "382", "tipo__sigla": "PROT", "tipo__descricao": "Protocolo", "autoria": "Rafael Vieira Faria (Rafa)", "texto_original": "http://sapl.pedroleopoldo.mg.leg.br/media/", "ementa": "Falecimento do senhor Nelson Luiz Ferreira\r\nFilha, a senhorita Fl\u00e1via Malheiros Ferreira\r\nRua Justa Vilela do Amaral, n\u00ba 87, bairro Santo Ant\u00f4nio da Barra\r\nPedro Leopoldo-MG, CEP 33257-082."}, {"id": "20559", "ano": "2022", "numero": "383", "tipo__sigla": "PROT", "tipo__descricao": "Protocolo", "autoria": "Leonardo Pereira Ribeiro (Leoz\u00e3o)", "texto_original": "http://sapl.pedroleopoldo.mg.leg.br/media/", "ementa": "VOTO DE PESAR PARA: REGINALDO DA SILVA DUARTE\r\n\r\nENVIAR PARA: SUA FILHA, JOSIANE DE LIMA DUARTE\r\n\r\nENDERE\u00c7O: RUA ESCRITOR HUMBERTO CAMPOS, 6 - CENTRO\r\nCEP: 33250-150"}, {"id": "20560", "ano": "2022", "numero": "384", "tipo__sigla": "PROT", "tipo__descricao": "Protocolo", "autoria": "Matheus Utsch de Oliveira", "texto_original": "http://sapl.pedroleopoldo.mg.leg.br/media/", "ementa": "No uso de minhas atribui\u00e7\u00f5es regimentais, requeiro ao Excelent\u00edssimo Senhor Presidente a realiza\u00e7\u00e3o de Audi\u00eancia P\u00fablica para tratar do Projeto de Lei 38/22 que visa alterar o plano de carreira do poder legislativo."}, {"id": "20561", "ano": "2022", "numero": "385", "tipo__sigla": "PROT", "tipo__descricao": "Protocolo", "autoria": "Matheus Utsch de Oliveira", "texto_original": "http://sapl.pedroleopoldo.mg.leg.br/media/", "ementa": "No uso de minhas atribui\u00e7\u00f5es regimentais, requeiro ao Excelent\u00edssimo Senhor Presidente o estudo t\u00e9cnico do impacto financeiro-or\u00e7ament\u00e1rio feito pela contadora ou servidor efetivo da C\u00e2mara sobre o Projeto de Lei 38/22."}, {"id": "20562", "ano": "2022", "numero": "386", "tipo__sigla": "PROT", "tipo__descricao": "Protocolo", "autoria": "Matheus Utsch de Oliveira", "texto_original": "http://sapl.pedroleopoldo.mg.leg.br/media/", "ementa": "No uso de minhas atribui\u00e7\u00f5es regimentais, requeiro ao Excelent\u00edssimo Senhor Presidente que o parecer jur\u00eddico do Projeto de Lei 38/22 seja feito por servidor efetivo da C\u00e2mara."}, {"id": "20563", "ano": "2022", "numero": "387", "tipo__sigla": "PROT", "tipo__descricao": "Protocolo", "autoria": "Matheus Utsch de Oliveira", "texto_original": "http://sapl.pedroleopoldo.mg.leg.br/media/", "ementa": "No uso de minhas atribui\u00e7\u00f5es regimentais, requeiro \u00e0 Excelent\u00edssima Senhora Prefeita informa\u00e7\u00f5es sobre a cobran\u00e7a por barraquinha dos feirantes."}, {"id": "20564", "ano": "2022", "numero": "388", "tipo__sigla": "PROT", "tipo__descricao": "Protocolo", "autoria": "Eldir Jos\u00e9 Batista (Baixinho da Garagem)", "texto_original": "http://sapl.pedroleopoldo.mg.leg.br/media/", "ementa": "Emendas Modificativas ao Projeto de Lei 38/2022: Altera o art. 38-A e altera os anexos I, II e VII da Lei Municipal n\u00ba 3.597, de 15 de abril de 2021, que: Institui o Plano de Cargos, Carreiras e Vencimentos dos servidores p\u00fablicos do Poder Legislativo do Munic\u00edpio de Pedro Leopoldo e d\u00e1 provid\u00eancias."}, {"id": "20565", "ano": "2022", "numero": "389", "tipo__sigla": "PROT", "tipo__descricao": "Protocolo", "autoria": "Matheus Utsch de Oliveira", "texto_original": "http://sapl.pedroleopoldo.mg.leg.br/media/", "ementa": "No uso de minhas atribui\u00e7\u00f5es regimentais, requeiro \u00e0 Excelent\u00edssima Senhora Prefeita informa\u00e7\u00f5es sobre quando ser\u00e1 o pagamento do piso nacional da enfermagem no munic\u00edpio."}, {"id": "20566", "ano": "2022", "numero": "390", "tipo__sigla": "PROT", "tipo__descricao": "Protocolo", "autoria": "Rafael Vieira Faria (Rafa)", "texto_original": "http://sapl.pedroleopoldo.mg.leg.br/media/", "ementa": "Indica a constru\u00e7\u00e3o de uma faixa de trafego destinada \u00e0 pedestres na Avenida Camilo Alves no trecho entre os Bairros Teot\u00f4nio Batista de Freitas e Novo Campinho, ligando os bairros Felipe Claudio e a MG424."}, {"id": "20580", "ano": "2022", "numero": "391", "tipo__sigla": "PROT", "tipo__descricao": "Protocolo", "autoria": "Comiss\u00e3o Especial", "texto_original": "http://sapl.pedroleopoldo.mg.leg.br/media/", "ementa": "Altera Lei Org\u00e2nica do Munic\u00edpio de Pedro Leopoldo."}, {"id": "20588", "ano": "2022", "numero": "392", "tipo__sigla": "PROT", "tipo__descricao": "Protocolo", "autoria": "Jos\u00e9 Justino Pires Damaso", "texto_original": "http://sapl.pedroleopoldo.mg.leg.br/media/", "ementa": "INDICO AOS \u00d3RG\u00c3OS COMPETENTES ADEQUAR AS NORMAS DO C\u00d3DIGO DE TRANSITO BRASILEIRO, NO TREVO DE ACESSO DO BAIRRO TEOT\u00d4NIO BATISTA DE FREITAS PELA AVENIDA CAMILO ALVES."}, {"id": "20591", "ano": "2022", "numero": "393", "tipo__sigla": "PROT", "tipo__descricao": "Protocolo", "autoria": "Executivo", "texto_original": "http://sapl.pedroleopoldo.mg.leg.br/media/", "ementa": "Disp\u00f5e sobre a amplia\u00e7\u00e3o do limite para abertura de cr\u00e9ditos suplementares durante a execu\u00e7\u00e3o do or\u00e7amento municipal no exerc\u00edcio de 2022 e altera a reda\u00e7\u00e3o do art. 5\u00ba da Lei Municipal n\u00ba 3.633, de 21 de dezembro de 2021."}, {"id": "20592", "ano": "2022", "numero": "394", "tipo__sigla": "PROT", "tipo__descricao": "Protocolo", "autoria": "Frederico Henrique Cota Alves (Fred Piau)", "texto_original": "http://sapl.pedroleopoldo.mg.leg.br/media/", "ementa": "No uso de minhas atribui\u00e7\u00f5es regimentais, solicito o envio de representa\u00e7\u00e3o a UNIR TRANSPORTES. \r\nSolicito o retorno imediato do atendimento da linha Felipe Cl\u00e1udio Sales aos moradores do bairro Morada dos Hibiscos."}, {"id": "20593", "ano": "2022", "numero": "395", "tipo__sigla": "PROT", "tipo__descricao": "Protocolo", "autoria": "Rafael Vieira Faria (Rafa)", "texto_original": "http://sapl.pedroleopoldo.mg.leg.br/media/", "ementa": "Vanda dos Santos Franco\r\nseu neto, o senhor Luiz Sim\u00f5es\r\nresidente e domiciliado na Rua Suzana Passos, n\u00ba 31, bairro Santo Ant\u00f4nio da Barra, Pedro Leopoldo-MG, CEP 33257-010."}, {"id": "20594", "ano": "2022", "numero": "396", "tipo__sigla": "PROT", "tipo__descricao": "Protocolo", "autoria": "Eldir Jos\u00e9 Batista (Baixinho da Garagem)", "texto_original": "http://sapl.pedroleopoldo.mg.leg.br/media/", "ementa": "Voto de pesar\r\nFalecido-Jos\u00e9 Geraldo Ferreira\r\nRua-Est\u00e2ncia\r\nBairro Ferreira\r\nEsposa-Simone Ferreira Faria\r\nExtensivo aos filhos\r\nAutoria de Eldir Jos\u00e9 Batista e Rafael Faria"}, {"id": "20595", "ano": "2022", "numero": "397", "tipo__sigla": "PROT", "tipo__descricao": "Protocolo", "autoria": "Rafael Vieira Faria (Rafa)", "texto_original": "http://sapl.pedroleopoldo.mg.leg.br/media/", "ementa": "Indica ao Poder Executivo a constru\u00e7\u00e3o de uma rede de \u00e1guas pluviais, instalando bocas de lobos, direcionando \u00e1s \u00e1guas pluviais para o c\u00f3rrego pr\u00f3ximo na Rua Jos\u00e9 Rosa de Oliveira, Cep 33257-070 no bairro Santo Ant\u00f4nio da Barra."}, {"id": "20596", "ano": "2022", "numero": "398", "tipo__sigla": "PROT", "tipo__descricao": "Protocolo", "autoria": "Leonardo Pereira Ribeiro (Leoz\u00e3o)", "texto_original": "http://sapl.pedroleopoldo.mg.leg.br/media/", "ementa": "No uso de minhas atribui\u00e7\u00f5es regimentais, solicito a Vossa Excel\u00eancia tomar as medidas cab\u00edveis, para providenciar um redutor de velocidade na Av. Vereador Magno Claret Vieira pr\u00f3ximo ao n\u00famero 1623, no Bairro Lagoa de Santo Ant\u00f4nio"}, {"id": "20597", "ano": "2022", "numero": "399", "tipo__sigla": "PROT", "tipo__descricao": "Protocolo", "autoria": "Frederico Henrique Cota Alves (Fred Piau)", "texto_original": "http://sapl.pedroleopoldo.mg.leg.br/media/", "ementa": "No uso de minhas atribui\u00e7\u00f5es regimentais, requeiro \u00e0 Excelent\u00edssima Senhora Prefeita informa\u00e7\u00f5es detalhadas sobre o que ser\u00e1 feito com os R$2.402.017,99 (Dois Milh\u00f5es e quatrocentos e dois mil e dezessete reais e noventa e nove centavos), referente ao contrato 14/2022 com a CAIXA ECONOMICA FEDERAL, derivado do Processo Licitat\u00f3rio 15/2022,"}, {"id": "20598", "ano": "2022", "numero": "400", "tipo__sigla": "PROT", "tipo__descricao": "Protocolo", "autoria": "Guilherme de Lima Braga (Guilherme do Doce)", "texto_original": "http://sapl.pedroleopoldo.mg.leg.br/media/", "ementa": "No uso de minhas atribui\u00e7\u00f5es regimentais, indico a Excelent\u00edssima Senhora Prefeita providenciar, junto aos \u00f3rg\u00e3os competentes, que seja feito a Pavimenta\u00e7\u00e3o Asf\u00e1ltica na rua Raimundo Rafael dos Anjos (rua do Cerado) no distrito Fidalgo, neste Munic\u00edpio."}, {"id": "20599", "ano": "2022", "numero": "401", "tipo__sigla": "PROT", "tipo__descricao": "Protocolo", "autoria": "Guilherme de Lima Braga (Guilherme do Doce)", "texto_original": "http://sapl.pedroleopoldo.mg.leg.br/media/", "ementa": "No uso de minhas atribui\u00e7\u00f5es regimentais, indico \u00e0 Excelent\u00edssima Senhora Prefeita determinar ao setor competente providenciar opera\u00e7\u00e3o tapa buracos na rua S\u00edlvio Bahia,  Centro, neste Munic\u00edpio."}, {"id": "20600", "ano": "2022", "numero": "402", "tipo__sigla": "PROT", "tipo__descricao": "Protocolo", "autoria": "Executivo", "texto_original": "http://sapl.pedroleopoldo.mg.leg.br/media/", "ementa": "Lei Or\u00e7ament\u00e1ria Anual - Estima a receita e fixa as despesas do Munic\u00edpio de Pedro Leopoldo para o exerc\u00edcio financeiro de 2023."}, {"id": "20614", "ano": "2022", "numero": "403", "tipo__sigla": "PROT", "tipo__descricao": "Protocolo", "autoria": "Rafael Vieira Faria (Rafa)", "texto_original": "http://sapl.pedroleopoldo.mg.leg.br/media/", "ementa": "Indica ao Poder Executivo a duplica\u00e7\u00e3o da via, criando duas faixas de rolamento em cada sentido, construindo um canteiro central e uma pista destinada a pedestres e ciclistas na Avenida Camilo Alves no trecho entre os Bairros Teot\u00f4nio Batista de Freitas e Novo Campinho, ligando os bairros Felipe Claudio e a MG 424."}, {"id": "20615", "ano": "2022", "numero": "404", "tipo__sigla": "PROT", "tipo__descricao": "Protocolo", "autoria": "Leonardo Pereira Ribeiro (Leoz\u00e3o)", "texto_original": "http://sapl.pedroleopoldo.mg.leg.br/media/", "ementa": "VOTO DE PESAR PARA: RAIMUNDA ALVES MACIEL\r\n\r\nENVIAR PARA: SUA FILHA, MARIA L\u00daCIA MACIEL DOS SANTOS\r\n\r\nENDERE\u00c7O: RUA LIND\u00c9IA, 85 - LAGOA DE SANTO ANT\u00d4NIO\r\nCEP: 33252-600"}, {"id": "20616", "ano": "2022", "numero": "405", "tipo__sigla": "PROT", "tipo__descricao": "Protocolo", "autoria": "Executivo", "texto_original": "http://sapl.pedroleopoldo.mg.leg.br/media/sapl/public/materialegislativa/2022/20616/projeto_de_lei_41-2022_31-08-22_-_prefeita.pdf", "ementa": "Altera a Lei Municipal n\u00ba 3.641, de 27 de dezembro de 2021, a qual Autoriza a concess\u00e3o de subs\u00eddio tarif\u00e1rio tempor\u00e1rio ao Servi\u00e7o de Transporte P\u00fablico Coletivo Urbano do Munic\u00edpio de Pedro Leopoldo e d\u00e1 outras provid\u00eancias."}, {"id": "20617", "ano": "2022", "numero": "406", "tipo__sigla": "PROT", "tipo__descricao": "Protocolo", "autoria": "Frederico Henrique Cota Alves (Fred Piau)", "texto_original": "http://sapl.pedroleopoldo.mg.leg.br/media/", "ementa": "VOTO DE PESAR:\r\nFALECIMENTO DE HELOISA MAIA MARQUES\r\n\r\nENTES QUERIDOS M\u00e1rcia Regina Maia (Irm\u00e3) e Heloisa Regina Maia ( filha)"}, {"id": "20625", "ano": "2022", "numero": "407", "tipo__sigla": "PROT", "tipo__descricao": "Protocolo", "autoria": "Leonardo Pereira Ribeiro (Leoz\u00e3o)", "texto_original": "http://sapl.pedroleopoldo.mg.leg.br/media/", "ementa": "No uso de minhas atribui\u00e7\u00f5es regimentais, solicito a Vossa Excel\u00eancia tomar as medidas cab\u00edveis, para providenciar um redutor de velocidade na Av. Vereador Magno Claret Vieira em frente ao n\u00famero 2700, no Bairro Lagoa de Santo Ant\u00f4nio."}, {"id": "20626", "ano": "2022", "numero": "408", "tipo__sigla": "PROT", "tipo__descricao": "Protocolo", "autoria": "Leonardo Pereira Ribeiro (Leoz\u00e3o)", "texto_original": "http://sapl.pedroleopoldo.mg.leg.br/media/", "ementa": "No uso de minhas atribui\u00e7\u00f5es regimentais, solicito a Vossa Excel\u00eancia tomar as medidas cab\u00edveis, para providenciar uma faixa elevada em frente ao Col\u00e9gio Clita Batista, na Rua Benedito Valadares, 187 - Centro."}, {"id": "20627", "ano": "2022", "numero": "409", "tipo__sigla": "PROT", "tipo__descricao": "Protocolo", "autoria": "Guilherme de Lima Braga (Guilherme do Doce)", "texto_original": "http://sapl.pedroleopoldo.mg.leg.br/media/", "ementa": "No uso de minhas atribui\u00e7\u00f5es regimentais, indico \u00e0 Excelent\u00edssima Senhora Prefeita determinar ao setor competente providenciar a instala\u00e7\u00e3o de um bebedouro na Capela Vel\u00f3rio do Distrito de Vera Cruz de Minas, neste Munic\u00edpio."}, {"id": "20628", "ano": "2022", "numero": "410", "tipo__sigla": "PROT", "tipo__descricao": "Protocolo", "autoria": "Matheus Utsch de Oliveira", "texto_original": "http://sapl.pedroleopoldo.mg.leg.br/media/", "ementa": "No uso de minhas atribui\u00e7\u00f5es regimentais, requeiro \u00e0 Excelent\u00edssima Senhora Prefeita informa\u00e7\u00f5es sobre a previs\u00e3o de reajuste e pagamento do piso dos professores."}, {"id": "20629", "ano": "2022", "numero": "411", "tipo__sigla": "PROT", "tipo__descricao": "Protocolo", "autoria": "Matheus Utsch de Oliveira", "texto_original": "http://sapl.pedroleopoldo.mg.leg.br/media/", "ementa": "No uso de minhas atribui\u00e7\u00f5es regimentais, requeiro \u00e0 Excelent\u00edssima Senhora Prefeita informa\u00e7\u00f5es sobre quais medidas e a\u00e7\u00f5es foram tomadas pela prefeitura frente aos problemas recentes na Lagoa de Santo Ant\u00f4nio."}, {"id": "20630", "ano": "2022", "numero": "412", "tipo__sigla": "PROT", "tipo__descricao": "Protocolo", "autoria": "Jos\u00e9 Justino Pires Damaso", "texto_original": "http://sapl.pedroleopoldo.mg.leg.br/media/", "ementa": "N\u00c3O PODE: IND 203/2022\r\nINDICA A MANUTEN\u00c7\u00c3O DA REFORMA DA PASSARELA QUE LIGA O DR. LUND \u00c0 MG 424."}, {"id": "20631", "ano": "2022", "numero": "413", "tipo__sigla": "PROT", "tipo__descricao": "Protocolo", "autoria": "Jos\u00e9 Justino Pires Damaso", "texto_original": "http://sapl.pedroleopoldo.mg.leg.br/media/", "ementa": "RUA CIST\u00d3V\u00c3O ASSIS: PROT 572/2021\r\nINDICO RECAPEAMENTO DAS RUAS CRIST\u00d3V\u00c3O DE ASSIS E MESTRE ROQUE EM DR. LUND."}, {"id": "20632", "ano": "2022", "numero": "414", "tipo__sigla": "PROT", "tipo__descricao": "Protocolo", "autoria": "Mesa Diretora", "texto_original": "http://sapl.pedroleopoldo.mg.leg.br/media/", "ementa": "Emenda modificativa N\u00ba 01 \u00e0 PELOM N\u00ba 01/2022."}, {"id": "20633", "ano": "2022", "numero": "415", "tipo__sigla": "PROT", "tipo__descricao": "Protocolo", "autoria": "Mesa Diretora", "texto_original": "http://sapl.pedroleopoldo.mg.leg.br/media/sapl/public/materialegislativa/2022/20633/eme.mod.01_subst.01_pr03-22.pdf", "ementa": "Altera a reda\u00e7\u00e3o do \u00a71\u00ba do art. 11 do Substitutivo n\u00ba 01 ao Projeto de Resolu\u00e7\u00e3o n\u00ba 03/2022 que: \"Disp\u00f5e sobre o Regimento Interno da C\u00e2mara Municipal de Pedro Leopoldo\"."}, {"id": "20634", "ano": "2022", "numero": "416", "tipo__sigla": "PROT", "tipo__descricao": "Protocolo", "autoria": "Mesa Diretora", "texto_original": "http://sapl.pedroleopoldo.mg.leg.br/media/sapl/public/materialegislativa/2022/20634/eme.mod.02_subst.01_pr03-22.pdf", "ementa": "Altera a reda\u00e7\u00e3o do art. 221 do Substitutivo n\u00ba 01 ao Projeto de Resolu\u00e7\u00e3o n\u00ba 03/2022 que: \"Disp\u00f5e sobre o Regimento Interno da C\u00e2mara Municipal de Pedro Leopoldo\""}, {"id": "20640", "ano": "2022", "numero": "417", "tipo__sigla": "PROT", "tipo__descricao": "Protocolo", "autoria": "Eldir Jos\u00e9 Batista (Baixinho da Garagem)", "texto_original": "http://sapl.pedroleopoldo.mg.leg.br/media/", "ementa": "No uso de minhas atribui\u00e7\u00f5es regimentais, indico \u00e1 Vossa Excel\u00eancia conceder Mo\u00e7\u00e3o de Parab\u00e9ns ao Pedrolepoldense Celso Luiz Sim\u00f5es."}, {"id": "20641", "ano": "2022", "numero": "418", "tipo__sigla": "PROT", "tipo__descricao": "Protocolo", "autoria": "Leonardo Pereira Ribeiro (Leoz\u00e3o)", "texto_original": "http://sapl.pedroleopoldo.mg.leg.br/media/", "ementa": "Ementa: Emenda Aditiva n.\u00ba     ao Projeto de Lei n.\u00ba 40/2022, que\r\n\t\t\t\tdisp\u00f5e sobre a Lei Or\u00e7ament\u00e1ria Anual para 2023.\r\n\r\n \r\nArt. 1.\u00ba Fica destinada a t\u00edtulo de emenda parlamentar deste vereador o seguinte recurso/programa/a\u00e7\u00e3o:\r\n\t\r\nI -\tObras \u2013 Bairro Santa Tereza o valor de R$67.413,75 (sessenta e sete mil quatrocentos e treze reais e setenta e cinco centavos), constru\u00e7\u00e3o de uma pra\u00e7a na Rua Jos\u00e9 Pereira da Silva, pr\u00f3ximo ao n\u00famero 93.\r\n\r\nII- \tObras \u2013 Bairro Felipe Cl\u00e1udio de Sales o valor de R$67.413,75 (sessenta e sete mil quatrocentos e treze reais e setenta e cinco centavos), coloca\u00e7\u00e3o de academia ao ar livre na pra\u00e7a pr\u00f3ximo \u00e0 Av. Juscelino Kubitschek.\r\n\r\nIII- \tSa\u00fade \u2013 R$134.827,50 (centro e trinta e quatro mil oitocentos e vinte e sete reais e cinquenta centavos), dstinar para as cirurgias eletivas no munic\u00edpio."}, {"id": "20642", "ano": "2022", "numero": "419", "tipo__sigla": "PROT", "tipo__descricao": "Protocolo", "autoria": "Matheus Utsch de Oliveira", "texto_original": "http://sapl.pedroleopoldo.mg.leg.br/media/", "ementa": "No uso de minhas atribui\u00e7\u00f5es regimentais, requeiro \u00e0 Excelent\u00edssima Senhora Prefeita informa\u00e7\u00f5es de forma descriminada qual a real situa\u00e7\u00e3o da execu\u00e7\u00e3o das emendas impositivas de cada vereador na LOA de 2022."}, {"id": "20643", "ano": "2022", "numero": "420", "tipo__sigla": "PROT", "tipo__descricao": "Protocolo", "autoria": "Leonardo Pereira Ribeiro (Leoz\u00e3o)", "texto_original": "http://sapl.pedroleopoldo.mg.leg.br/media/", "ementa": "No uso de minhas atribui\u00e7\u00f5es regimentais, solicito a Vossa Excel\u00eancia tomar as medidas cab\u00edveis, para providenciar opera\u00e7\u00e3o tapa buraco na Rua Sebasti\u00e3o Andrade, 170 -  Ad\u00e9lia Issa."}, {"id": "20644", "ano": "2022", "numero": "421", "tipo__sigla": "PROT", "tipo__descricao": "Protocolo", "autoria": "Matheus Utsch de Oliveira", "texto_original": "http://sapl.pedroleopoldo.mg.leg.br/media/", "ementa": "Cria o Projeto \"Adote uma \u00c1rvore - Pedro Leopoldo mais verde\"."}, {"id": "20667", "ano": "2022", "numero": "422", "tipo__sigla": "PROT", "tipo__descricao": "Protocolo", "autoria": "Mesa Diretora", "texto_original": "http://sapl.pedroleopoldo.mg.leg.br/media/sapl/public/materialegislativa/2022/20667/emenda_aditiva_ao_projeto_de_lei_n_40-2022_-_mesa_-_beneficios_servidores.pdf", "ementa": "EMENDA ADITIVA AO PROJETO DE LEI 40/2022 (LOA) - Fica inclu\u00edda na dota\u00e7\u00e3o 01.01.01.01.031.0001.2006 - Benef\u00edcio aos Servidores - nos Anexos Demonstrativo da Despesa Or\u00e7ada, Natureza da Despesa Segundo as Categorias Econ\u00f4micas, o seguinte elemento de despesa, a t\u00edtulo de emenda da Mesa Diretora:\r\n01.01.01.01.031.0001.2006 - Benef\u00edcio aos Servidores\r\n3.3.90.46.00000 - Aux\u00edlio alimenta\u00e7\u00e3o - R$ 100.800.00."}, {"id": "20668", "ano": "2022", "numero": "423", "tipo__sigla": "PROT", "tipo__descricao": "Protocolo", "autoria": "Frederico Henrique Cota Alves (Fred Piau)", "texto_original": "http://sapl.pedroleopoldo.mg.leg.br/media/", "ementa": "Requer a presta\u00e7\u00e3o de contas detalhadas e toda a documenta\u00e7\u00e3o referente ao Processo de Inexigibilidade 01/2022 firmado com a Liga de Futebol de Pedro Leopoldo. Solicito tamb\u00e9m:\r\n- O plano de trabalho apresentado pela LIGA.\r\n- As presta\u00e7\u00f5es de contas j\u00e1 apresentadas pela LIGA.\r\n- Motivo e documentos, notificando o motivo da paralisa\u00e7\u00e3o do conv\u00eanio.\r\n- Valores j\u00e1 pagos pela Prefeitura."}, {"id": "20669", "ano": "2022", "numero": "424", "tipo__sigla": "PROT", "tipo__descricao": "Protocolo", "autoria": "Rafael Vieira Faria (Rafa)", "texto_original": "http://sapl.pedroleopoldo.mg.leg.br/media/", "ementa": "Indica a instala\u00e7\u00e3o de uma academia ao ar livre, no Bairro Jardin\u00f3polis."}, {"id": "20670", "ano": "2022", "numero": "425", "tipo__sigla": "PROT", "tipo__descricao": "Protocolo", "autoria": "Leonardo Pereira Ribeiro (Leoz\u00e3o)", "texto_original": "http://sapl.pedroleopoldo.mg.leg.br/media/", "ementa": "Indica a reabertura da unidade do Instituto M\u00e9dico Legal (IML) no munic\u00edpio."}, {"id": "20671", "ano": "2022", "numero": "426", "tipo__sigla": "PROT", "tipo__descricao": "Protocolo", "autoria": "Matheus Utsch de Oliveira", "texto_original": "http://sapl.pedroleopoldo.mg.leg.br/media/", "ementa": "PROJETO DE LEI\r\nDisp\u00f5e sobre a justificativa e exposi\u00e7\u00e3o de motivos o pedido de suplementa\u00e7\u00e3o e adicional de cr\u00e9dito do Executivo."}, {"id": "20672", "ano": "2022", "numero": "427", "tipo__sigla": "PROT", "tipo__descricao": "Protocolo", "autoria": "Guilherme de Lima Braga (Guilherme do Doce)", "texto_original": "http://sapl.pedroleopoldo.mg.leg.br/media/", "ementa": "EMENDA ADITIVA N.\u00ba      AO PROJETO DE LEI N.\u00ba 40/2022 \u2013 VEREADOR GUILHERME DE LIMA BRAGA"}, {"id": "20673", "ano": "2022", "numero": "428", "tipo__sigla": "PROT", "tipo__descricao": "Protocolo", "autoria": "Executivo", "texto_original": "http://sapl.pedroleopoldo.mg.leg.br/media/", "ementa": "Altera a Lei Municipal n.\u00ba 3.589, de 16 de dezembro de 2020, a qual estabelece normas \u00e0 Concess\u00e3o de Direito Real de Uso de Im\u00f3veis do Munic\u00edpio de Pedro Leopoldo e d\u00e1 outras provid\u00eancias"}, {"id": "20674", "ano": "2022", "numero": "429", "tipo__sigla": "PROT", "tipo__descricao": "Protocolo", "autoria": "Guilherme de Lima Braga (Guilherme do Doce)", "texto_original": "http://sapl.pedroleopoldo.mg.leg.br/media/", "ementa": "Indica o recapeamento asf\u00e1ltico da Rua Lateral, na altura do n\u00famero 1.671, Centro, neste Munic\u00edpio."}, {"id": "20675", "ano": "2022", "numero": "430", "tipo__sigla": "PROT", "tipo__descricao": "Protocolo", "autoria": "Guilherme de Lima Braga (Guilherme do Doce)", "texto_original": "http://sapl.pedroleopoldo.mg.leg.br/media/", "ementa": "PROJETO DE LEI\r\nFica o Munic\u00edpio de Pedro Leopoldo declarado como a Cidade do Wheeling - \"Grau\" do Vetor Norte."}, {"id": "20676", "ano": "2022", "numero": "431", "tipo__sigla": "PROT", "tipo__descricao": "Protocolo", "autoria": "Mesa Diretora", "texto_original": "http://sapl.pedroleopoldo.mg.leg.br/media/", "ementa": "EMENDA ADITIVA AO PROJETO DE LEI 40/2022 (LOA) - Fica inclu\u00edda na dota\u00e7\u00e3o o Programa de Demiss\u00e3o Volunt\u00e1ria - PDV."}, {"id": "20678", "ano": "2022", "numero": "432", "tipo__sigla": "PROT", "tipo__descricao": "Protocolo", "autoria": "Frederico Henrique Cota Alves (Fred Piau)", "texto_original": "http://sapl.pedroleopoldo.mg.leg.br/media/", "ementa": "Requer as seguintes informa\u00e7\u00f5es:\r\n1)\tQuantas Carteiras de Identifica\u00e7\u00e3o da Pessoa diagnosticada com Transtorno Espectro Autista, foram emitidas em nosso munic\u00edpio?\r\n2)\tAs pessoas diagnosticadas com Transtorno Espectro Autista est\u00e3o tendo direito a credencial de atendimento priorit\u00e1rio? Se sim. Quantas credenciais foram emitidas?"}, {"id": "20679", "ano": "2022", "numero": "433", "tipo__sigla": "PROT", "tipo__descricao": "Protocolo", "autoria": "Guilherme de Lima Braga (Guilherme do Doce)", "texto_original": "http://sapl.pedroleopoldo.mg.leg.br/media/", "ementa": "Indica conceder um local seguro e apropriado para a pr\u00e1tica esportiva de Weeling, manobras e acrobacias de solo sobre duas rodas, popularmente, conhecido como \u201cGrau\u201d, neste Munic\u00edpio."}, {"id": "20680", "ano": "2022", "numero": "434", "tipo__sigla": "PROT", "tipo__descricao": "Protocolo", "autoria": "Frederico Henrique Cota Alves (Fred Piau)", "texto_original": "http://sapl.pedroleopoldo.mg.leg.br/media/", "ementa": "EMENDAS ADITIVAS DO VEREADOR FRED PIAU- PL 40-22 LOA"}, {"id": "20681", "ano": "2022", "numero": "435", "tipo__sigla": "PROT", "tipo__descricao": "Protocolo", "autoria": "Frederico Henrique Cota Alves (Fred Piau)", "texto_original": "http://sapl.pedroleopoldo.mg.leg.br/media/", "ementa": "\"ACRESCENTA AS SEGUINTES EMENDAS IMPOSITIVA:"}, {"id": "20702", "ano": "2022", "numero": "436", "tipo__sigla": "PROT", "tipo__descricao": "Protocolo", "autoria": "Frederico Henrique Cota Alves (Fred Piau)", "texto_original": "http://sapl.pedroleopoldo.mg.leg.br/media/", "ementa": "Indica a cria\u00e7\u00e3o do Centro de Refer\u00eancia em Transtorno do Espectro Autista (CT-TEA)."}, {"id": "20703", "ano": "2022", "numero": "437", "tipo__sigla": "PROT", "tipo__descricao": "Protocolo", "autoria": "Frederico Henrique Cota Alves (Fred Piau)", "texto_original": "http://sapl.pedroleopoldo.mg.leg.br/media/", "ementa": "\"Requer o ANEXO III dos meses de Janeiro a Setembro de 2022, com as informa\u00e7\u00f5es do FUNDO DE MANUTEN\u00c7\u00c3O E DESENVOLVIMENTO DO ENSINO FUNDAMENTAL E DE VALORIZA\u00c7\u00c3O DO MAGIST\u00c9RIO QUADRO DEMONSTRATIVO DOS RECURSOS RECEBIDOS E SUA APLICA\u00c7\u00c3O.\r\nSolicito que seja enviado a ficha j\u00e1 com valores liquidados.\r\n\u2022\tAnexo III de janeiro em Anexo.\""}, {"id": "20704", "ano": "2022", "numero": "438", "tipo__sigla": "PROT", "tipo__descricao": "Protocolo", "autoria": "Matheus Utsch de Oliveira", "texto_original": "http://sapl.pedroleopoldo.mg.leg.br/media/", "ementa": "Requer as  informa\u00e7\u00f5es e documentos das avalia\u00e7\u00f5es de desempenho dos \u00faltimos 4 anos da funcion\u00e1ria Isabelle Sofia Avelar de Goes e as advert\u00eancias realizadas no mesmo per\u00edodo."}, {"id": "20705", "ano": "2022", "numero": "439", "tipo__sigla": "PROT", "tipo__descricao": "Protocolo", "autoria": "Frederico Henrique Cota Alves (Fred Piau)", "texto_original": "http://sapl.pedroleopoldo.mg.leg.br/media/", "ementa": "Disp\u00f5e sobre a pol\u00edtica de aten\u00e7\u00e3o integral \u00e0 sa\u00fade das pessoas com doen\u00e7as raras no Munic\u00edpio."}, {"id": "20708", "ano": "2022", "numero": "440", "tipo__sigla": "PROT", "tipo__descricao": "Protocolo", "autoria": "Mesa Diretora", "texto_original": "http://sapl.pedroleopoldo.mg.leg.br/media/", "ementa": "PROJETO DE LEI N\u00ba ______/2022 - Altera a Lei 3.633, de 21 de Dezembro de 2021 - Lei Or\u00e7ament\u00e1ria Anual para o exerc\u00edcio de 2022."}, {"id": "20713", "ano": "2022", "numero": "441", "tipo__sigla": "PROT", "tipo__descricao": "Protocolo", "autoria": "Guilherme de Lima Braga (Guilherme do Doce)", "texto_original": "http://sapl.pedroleopoldo.mg.leg.br/media/", "ementa": "Indica a Pavimenta\u00e7\u00e3o Asf\u00e1ltica na Rua do Bebedouro, no Bairro Quinta do Sumidouro, neste Munic\u00edpio."}, {"id": "20714", "ano": "2022", "numero": "442", "tipo__sigla": "PROT", "tipo__descricao": "Protocolo", "autoria": "Evaldo Geraldo do Carmo (Evaldo do A\u00e7ougue)", "texto_original": "http://sapl.pedroleopoldo.mg.leg.br/media/", "ementa": "Indica  a instala\u00e7\u00e3o de l\u00e2mpadas de LED em toda a extens\u00e3o da Rua Delcides Rufino Ribeiro, no Distrito de Lagoa de Santo Ant\u00f4nio."}, {"id": "20729", "ano": "2022", "numero": "443", "tipo__sigla": "PROT", "tipo__descricao": "Protocolo", "autoria": "Rafael Vieira Faria (Rafa)", "texto_original": "http://sapl.pedroleopoldo.mg.leg.br/media/", "ementa": "\"S\u00f3 pode estacionamento. Ind 558/21 - Frederico\"\r\nIndica a regulamenta\u00e7\u00e3o do estacionamento e sinaliza\u00e7\u00e3o de tr\u00e2nsito, vertical e horizontal, na Avenida Heitor Cl\u00e1udio de Sales, no Bairro Felipe Cl\u00e1udio de Sales."}, {"id": "20730", "ano": "2022", "numero": "444", "tipo__sigla": "PROT", "tipo__descricao": "Protocolo", "autoria": "Evaldo Geraldo do Carmo (Evaldo do A\u00e7ougue)", "texto_original": "http://sapl.pedroleopoldo.mg.leg.br/media/", "ementa": "Indica a instala\u00e7\u00e3o de l\u00e2mpadas de LED em toda a extens\u00e3o da Rua Francisco Cardoso Pereira, no Bairro S\u00f4nia Romaneli."}, {"id": "20731", "ano": "2022", "numero": "445", "tipo__sigla": "PROT", "tipo__descricao": "Protocolo", "autoria": "Matheus Utsch de Oliveira", "texto_original": "http://sapl.pedroleopoldo.mg.leg.br/media/", "ementa": "Requer informa\u00e7\u00f5es sobre quando ser\u00e1 a convoca\u00e7\u00e3o dos participantes aprovados no processo seletivo para Agente Comunit\u00e1rio de Sa\u00fade (ACS)."}, {"id": "20739", "ano": "2022", "numero": "446", "tipo__sigla": "PROT", "tipo__descricao": "Protocolo", "autoria": "Mauro J\u00fanior Lopes Francisco", "texto_original": "http://sapl.pedroleopoldo.mg.leg.br/media/", "ementa": "Emenda ao projeto de Resolu\u00e7\u00e3o 13/22 \"Acrescenta artigo que cria vagas de est\u00e1gio n\u00edvel m\u00e9dio t\u00e9cnico.\""}, {"id": "20747", "ano": "2022", "numero": "447", "tipo__sigla": "PROT", "tipo__descricao": "Protocolo", "autoria": "Leonardo Pereira Ribeiro (Leoz\u00e3o)", "texto_original": "http://sapl.pedroleopoldo.mg.leg.br/media/", "ementa": "VOTO DE PESAR PARA: H\u00c9LIO BALBINO RIBEIRO\r\n\r\nENVIAR PARA: SEU FILHO, ELISON XAVIER RIBEIRO\r\n\r\nENDERE\u00c7O: RUA JOVELINA DIAS PEREIRA, 34 - LAGOA DE SANTO ANTONIO\r\nCEP: 33252-205"}, {"id": "20748", "ano": "2022", "numero": "448", "tipo__sigla": "PROT", "tipo__descricao": "Protocolo", "autoria": "Frederico Henrique Cota Alves (Fred Piau)", "texto_original": "http://sapl.pedroleopoldo.mg.leg.br/media/", "ementa": "Indica a cria\u00e7\u00e3o do \"Programa Tarifa ZERO\" para o Transporte P\u00fablico Municipal, em Pedro Leopoldo.\r\n*MINUTA DO PROJETO DE LEI EM ANEXO."}, {"id": "20749", "ano": "2022", "numero": "449", "tipo__sigla": "PROT", "tipo__descricao": "Protocolo", "autoria": "Frederico Henrique Cota Alves (Fred Piau)", "texto_original": "http://sapl.pedroleopoldo.mg.leg.br/media/", "ementa": "Disp\u00f5e sobre o servi\u00e7o de transporte coletivo no munic\u00edpio de Pedro Leopoldo, autoriza o executivo a instituir e conceder subven\u00e7\u00e3o econ\u00f4mica e subs\u00eddio tarif\u00e1rio para o transporte coletivo urbano, e d\u00e1 outras provid\u00eancias."}, {"id": "20752", "ano": "2022", "numero": "450", "tipo__sigla": "PROT", "tipo__descricao": "Protocolo", "autoria": "Matheus Utsch de Oliveira", "texto_original": "http://sapl.pedroleopoldo.mg.leg.br/media/", "ementa": "Institui o \"Programa de Ado\u00e7\u00e3o de Pra\u00e7as e Espa\u00e7os P\u00fablicos\""}, {"id": "20780", "ano": "2022", "numero": "451", "tipo__sigla": "PROT", "tipo__descricao": "Protocolo", "autoria": "Rafael Vieira Faria (Rafa)", "texto_original": "http://sapl.pedroleopoldo.mg.leg.br/media/", "ementa": "Indica a reforma da Capela Nossa Senhora do Ros\u00e1rio da Quinta do Sumidouro."}, {"id": "20788", "ano": "2022", "numero": "452", "tipo__sigla": "PROT", "tipo__descricao": "Protocolo", "autoria": "Guilherme de Lima Braga (Guilherme do Doce)", "texto_original": "http://sapl.pedroleopoldo.mg.leg.br/media/", "ementa": "Indica a instala\u00e7\u00e3o de Faixa Elevada na Rua Raimundo Joaquim de Souza e na Avenida Magno Claret Vieira, pr\u00f3ximo ao n\u00famero 1.889, no Distrito de Lagoa de Santo Ant\u00f4nio, neste Munic\u00edpio."}, {"id": "20791", "ano": "2022", "numero": "453", "tipo__sigla": "PROT", "tipo__descricao": "Protocolo", "autoria": "Frederico Henrique Cota Alves (Fred Piau)", "texto_original": "http://sapl.pedroleopoldo.mg.leg.br/media/", "ementa": "Solicita o envio de representa\u00e7\u00e3o a UNIR TRANSPORTES. \r\nSolicita a cria\u00e7\u00e3o de mais um hor\u00e1rio da linha intermunicipal, n\u00famero 5287/5288, de itiner\u00e1rio Pedro Leopoldo a Mocambeiro, de prefer\u00eancia das 17:00 \u00e0s 17:30. Com o intuito de atender trabalhadores que, devido \u00e0 falta desse hor\u00e1rio, necessitam chegar mais cedo e largar mais cedo o servi\u00e7o, causando grandes transtornos \u00e0 rotina di\u00e1ria da empresa."}, {"id": "20792", "ano": "2022", "numero": "454", "tipo__sigla": "PROT", "tipo__descricao": "Protocolo", "autoria": "Executivo", "texto_original": "http://sapl.pedroleopoldo.mg.leg.br/media/", "ementa": "Altera a Lei Municipal 1.812, de 29 de abril de 1.992."}, {"id": "20793", "ano": "2022", "numero": "455", "tipo__sigla": "PROT", "tipo__descricao": "Protocolo", "autoria": "Leonardo Pereira Ribeiro (Leoz\u00e3o)", "texto_original": "http://sapl.pedroleopoldo.mg.leg.br/media/", "ementa": "Concede T\u00edtulo de Cidad\u00e3o Benem\u00e9rito a Dr. Josu\u00e9 Henriques Silva, e d\u00e1 outras provid\u00eancias."}, {"id": "20794", "ano": "2022", "numero": "456", "tipo__sigla": "PROT", "tipo__descricao": "Protocolo", "autoria": "Leonardo Pereira Ribeiro (Leoz\u00e3o)", "texto_original": "http://sapl.pedroleopoldo.mg.leg.br/media/", "ementa": "Concede t\u00edtulo de Cidadania Benem\u00e9rita a Dra. Luciana Ang\u00e9lica Coimbra Silva pelos relevantes servi\u00e7os prestados ao munic\u00edpio."}, {"id": "20795", "ano": "2022", "numero": "457", "tipo__sigla": "PROT", "tipo__descricao": "Protocolo", "autoria": "Evaldo Geraldo do Carmo (Evaldo do A\u00e7ougue)", "texto_original": "http://sapl.pedroleopoldo.mg.leg.br/media/", "ementa": "N\u00e3o pode: IND 250/2022 - Fred\r\nIndica providenciar reparos e recoloca\u00e7\u00e3o de abrigos de embarque e desembarque de passageiros no itiner\u00e1rio da linha 180, Bairro Morada dos Angicos."}, {"id": "20796", "ano": "2022", "numero": "458", "tipo__sigla": "PROT", "tipo__descricao": "Protocolo", "autoria": "Evaldo Geraldo do Carmo (Evaldo do A\u00e7ougue)", "texto_original": "http://sapl.pedroleopoldo.mg.leg.br/media/", "ementa": "N\u00e3o pode: IND 250/2022 - Fred\r\nIndica providenciar, uma avalia\u00e7\u00e3o dos pontos de embarque e desembarque de passageiros do transporte coletivo da linha 180, itiner\u00e1rio da Rua do Cruzeiro e a dos Pequis. E se poss\u00edvel colocar o itiner\u00e1rio da linha 180, subindo a Rua Azaleias."}, {"id": "20797", "ano": "2022", "numero": "459", "tipo__sigla": "PROT", "tipo__descricao": "Protocolo", "autoria": "Evaldo Geraldo do Carmo (Evaldo do A\u00e7ougue)", "texto_original": "http://sapl.pedroleopoldo.mg.leg.br/media/", "ementa": "N\u00e3o pode, pois est\u00e1 gen\u00e9rico e possui IND 619/21 - Fred\r\nIndica providenciar instala\u00e7\u00f5es de placas indicativas das ruas do Bairro Morada dos Angicos."}, {"id": "20798", "ano": "2022", "numero": "460", "tipo__sigla": "PROT", "tipo__descricao": "Protocolo", "autoria": "Evaldo Geraldo do Carmo (Evaldo do A\u00e7ougue)", "texto_original": "http://sapl.pedroleopoldo.mg.leg.br/media/", "ementa": "N\u00e3o pode: IND 613/21 - Cynthia Salom\u00e3o\r\nIndica providenciar o recapeamento da Rodovia Jos\u00e9 de Pedr\u00e3o, estrada que liga os distritos de Lagoa de Santo Ant\u00f4nio e Fidalgo."}, {"id": "20799", "ano": "2022", "numero": "461", "tipo__sigla": "PROT", "tipo__descricao": "Protocolo", "autoria": "Mauro J\u00fanior Lopes Francisco", "texto_original": "http://sapl.pedroleopoldo.mg.leg.br/media/", "ementa": "Indica a reforma de toda parte el\u00e9trica da quadra de esportes, localizada no Distrito de Vera Cruz de Minas, neste munic\u00edpio."}, {"id": "20812", "ano": "2022", "numero": "462", "tipo__sigla": "PROT", "tipo__descricao": "Protocolo", "autoria": "Matheus Utsch de Oliveira", "texto_original": "http://sapl.pedroleopoldo.mg.leg.br/media/", "ementa": "Concede T\u00edtulo de Cidadania Honor\u00e1ria a Fl\u00e1vio Oliveira de Almeida."}, {"id": "20815", "ano": "2022", "numero": "463", "tipo__sigla": "PROT", "tipo__descricao": "Protocolo", "autoria": "Mauro J\u00fanior Lopes Francisco", "texto_original": "http://sapl.pedroleopoldo.mg.leg.br/media/", "ementa": "Indica a pavimenta\u00e7\u00e3o asf\u00e1ltica em toda a extens\u00e3o da Rua Alvorada, at\u00e9 a entrado da Funda\u00e7\u00e3o Jos\u00e9 Hil\u00e1rio - FUNJOS, no Distrito de Vera Cruz de Minas."}, {"id": "20816", "ano": "2022", "numero": "464", "tipo__sigla": "PROT", "tipo__descricao": "Protocolo", "autoria": "Rafael Vieira Faria (Rafa)", "texto_original": "http://sapl.pedroleopoldo.mg.leg.br/media/", "ementa": "Indica a constru\u00e7\u00e3o de uma faixa elevada para travessia de pedestres, na Avenida An\u00e9lio Caldas, pr\u00f3ximo ao Pr\u00e9dio do Ttribunal de Justi\u00e7a de Minas Gerais e da Justi\u00e7a do Trabalho."}, {"id": "20817", "ano": "2022", "numero": "465", "tipo__sigla": "PROT", "tipo__descricao": "Protocolo", "autoria": "Guilherme de Lima Braga (Guilherme do Doce), Leonardo Pereira Ribeiro (Leoz\u00e3o)", "texto_original": "http://sapl.pedroleopoldo.mg.leg.br/media/", "ementa": "\"VOTO DE PESAR PARA: KELVIN COSTA GOMES \r\n\r\nENVIAR PARA: SUA M\u00c3E, ELIANE GILDA COSTA GOMES E SEU PAI, UEDSON DA SILVA GOMES\r\n\r\nENDERE\u00c7O: RUA MAGNO CLARET VIEIRA, 2903 - LAGOA DE SANTO ANT\u00d4NIO\r\n\r\nAUTORIA: LEOZ\u00c3O E GUILHERME DO DOCE\""}, {"id": "20818", "ano": "2022", "numero": "466", "tipo__sigla": "PROT", "tipo__descricao": "Protocolo", "autoria": "Leonardo Pereira Ribeiro (Leoz\u00e3o)", "texto_original": "http://sapl.pedroleopoldo.mg.leg.br/media/", "ementa": "\"VOTO DE PESAR PARA: MERCEDES FLORENCIO PEREIRA\r\n\r\nENVIAR PARA: SUAS IRM\u00c3S, ORALDA SUELY FLORENCIO PEREIRA E SOLANGE FLORENCIO DOS REIS\r\n\r\nENDERE\u00c7O: RUA PAR\u00c1, 246 - S\u00c3O GERALDO\""}, {"id": "20819", "ano": "2022", "numero": "467", "tipo__sigla": "PROT", "tipo__descricao": "Protocolo", "autoria": "Rafael Vieira Faria (Rafa)", "texto_original": "http://sapl.pedroleopoldo.mg.leg.br/media/", "ementa": "Indica a reforma do muro da Escola Municipal Jos\u00e9 Elias da Costa, no Bairro Santo Ant\u00f4nio."}, {"id": "20820", "ano": "2022", "numero": "468", "tipo__sigla": "PROT", "tipo__descricao": "Protocolo", "autoria": "Matheus Utsch de Oliveira", "texto_original": "http://sapl.pedroleopoldo.mg.leg.br/media/", "ementa": "Requer informa\u00e7\u00f5es sobre quais medidas ser\u00e3o tomadas para se evitar acidentes graves no cruzamento entre a Av. Araguaia e R. Paranaiara, no Bairro Andiara."}, {"id": "20821", "ano": "2022", "numero": "469", "tipo__sigla": "PROT", "tipo__descricao": "Protocolo", "autoria": "Matheus Utsch de Oliveira", "texto_original": "http://sapl.pedroleopoldo.mg.leg.br/media/", "ementa": "Requer informa\u00e7\u00f5es se h\u00e1 solicita\u00e7\u00e3o da prefeitura aos donos de ca\u00e7ambas sobre a necessidade de colocar faixa reflexiva nas ca\u00e7ambas."}, {"id": "20822", "ano": "2022", "numero": "470", "tipo__sigla": "PROT", "tipo__descricao": "Protocolo", "autoria": "Rafael Vieira Faria (Rafa)", "texto_original": "http://sapl.pedroleopoldo.mg.leg.br/media/", "ementa": "Institui, no Munic\u00edpio de Pedro Leopoldo, a \u201cMEDALHA DESPORTIVA PIRES DAMASO\u201d que ser\u00e1 entregue aos atletas e ciber atletas que foram destaque do ano nas competi\u00e7\u00f5es que participarem e esportistas do passado que se destacaram e d\u00e1 outras provid\u00eancias."}, {"id": "20823", "ano": "2022", "numero": "471", "tipo__sigla": "PROT", "tipo__descricao": "Protocolo", "autoria": "Executivo", "texto_original": "http://sapl.pedroleopoldo.mg.leg.br/media/", "ementa": "Altera a Lei Municipal 1.812, de 29 de abril de 1.992."}, {"id": "20824", "ano": "2022", "numero": "472", "tipo__sigla": "PROT", "tipo__descricao": "Protocolo", "autoria": "Rafael Vieira Faria (Rafa)", "texto_original": "http://sapl.pedroleopoldo.mg.leg.br/media/", "ementa": "Indica conceder mo\u00e7\u00e3o de Parab\u00e9ns ao futebolista Darley Ramon Torres."}, {"id": "20825", "ano": "2022", "numero": "473", "tipo__sigla": "PROT", "tipo__descricao": "Protocolo", "autoria": "Evaldo Geraldo do Carmo (Evaldo do A\u00e7ougue)", "texto_original": "http://sapl.pedroleopoldo.mg.leg.br/media/", "ementa": "Indica instalar lixeiras na Pra\u00e7a Jos\u00e9 dos Anjos, Dist. Lagoa de Santo Ant\u00f4nio."}, {"id": "20826", "ano": "2022", "numero": "474", "tipo__sigla": "PROT", "tipo__descricao": "Protocolo", "autoria": "Matheus Utsch de Oliveira", "texto_original": "http://sapl.pedroleopoldo.mg.leg.br/media/", "ementa": "Concede T\u00edtulo de Cidadania Honor\u00e1ria a Fl\u00e1vio Oliveira de Almeida."}, {"id": "20827", "ano": "2022", "numero": "475", "tipo__sigla": "PROT", "tipo__descricao": "Protocolo", "autoria": "Eldir Jos\u00e9 Batista (Baixinho da Garagem)", "texto_original": "http://sapl.pedroleopoldo.mg.leg.br/media/", "ementa": "Altera o art. 1\u00ba, o inc. IV e o \u00a71\u00ba do art. 5\u00ba da Resolu\u00e7\u00e3o n\u00ba 656, de 16 de mar\u00e7o de 2009."}, {"id": "20828", "ano": "2022", "numero": "476", "tipo__sigla": "PROT", "tipo__descricao": "Protocolo", "autoria": "Leonardo Pereira Ribeiro (Leoz\u00e3o)", "texto_original": "http://sapl.pedroleopoldo.mg.leg.br/media/", "ementa": "VOTO DE PESAR PARA: NILSON MARTINS DA COSTA\r\n\r\nENVIAR PARA: SUA ESPOSA, ELENICE XAVIER COSTA\r\n\r\nENDERE\u00c7O: PRA\u00c7A DOS ANJOS, 61 - LAGOA DE SANTO ANT\u00d4NIO \r\nCEP: 33252-625"}, {"id": "20829", "ano": "2022", "numero": "477", "tipo__sigla": "PROT", "tipo__descricao": "Protocolo", "autoria": "Matheus Utsch de Oliveira", "texto_original": "http://sapl.pedroleopoldo.mg.leg.br/media/", "ementa": "No uso de minhas atribui\u00e7\u00f5es regimentais, requeiro \u00e0 Excelent\u00edssima Senhora Prefeita informa\u00e7\u00f5es sobre a previs\u00e3o de desassoreamento nos ribeir\u00f5es no m\u00eas de novembro."}, {"id": "20843", "ano": "2022", "numero": "478", "tipo__sigla": "PROT", "tipo__descricao": "Protocolo", "autoria": "Executivo", "texto_original": "http://sapl.pedroleopoldo.mg.leg.br/media/", "ementa": "Autoriza abertura de Cr\u00e9dito Adicional Suplementar"}, {"id": "20844", "ano": "2022", "numero": "479", "tipo__sigla": "PROT", "tipo__descricao": "Protocolo", "autoria": "Executivo", "texto_original": "http://sapl.pedroleopoldo.mg.leg.br/media/", "ementa": "Concede reajuste aos profissionais do Magist\u00e9rio da Rede Municipal de Ensino e d\u00e1 outras provid\u00eancias."}, {"id": "20845", "ano": "2022", "numero": "480", "tipo__sigla": "PROT", "tipo__descricao": "Protocolo", "autoria": "Executivo", "texto_original": "http://sapl.pedroleopoldo.mg.leg.br/media/", "ementa": "Altera as Lei Municipais n\u00ba 3.115, de 19 de outubro de 2019, 2853, 1\u00ba de janeiro de 2006 e Cria a Secretaria Municipal de Governo de Desenvolvimento Econ\u00f4mico, a Secretaria Municipal de Juventude, Esportes e Direitos Humanos e a Secretaria Municipal de Comunica\u00e7\u00e3o e Ouvidoria e d\u00e1 outras provid\u00eancias."}, {"id": "20849", "ano": "2022", "numero": "481", "tipo__sigla": "PROT", "tipo__descricao": "Protocolo", "autoria": "Matheus Utsch de Oliveira", "texto_original": "http://sapl.pedroleopoldo.mg.leg.br/media/", "ementa": "Indica o plantio de \u00e1rvores na Rua Amando Filho, seguindo orienta\u00e7\u00f5es do Plano Municipal de Arboriza\u00e7\u00e3o, Lei n\u00ba 3.666, de 06 de junho de 2022."}, {"id": "20850", "ano": "2022", "numero": "482", "tipo__sigla": "PROT", "tipo__descricao": "Protocolo", "autoria": "Matheus Utsch de Oliveira", "texto_original": "http://sapl.pedroleopoldo.mg.leg.br/media/", "ementa": "Indica o plantio de \u00e1rvores na Av. Camilo Alves seguindo orienta\u00e7\u00f5es do Plano Municipal de Arboriza\u00e7\u00e3o, Lei n\u00ba 3.666, de 06 de junho de 2022."}, {"id": "20851", "ano": "2022", "numero": "483", "tipo__sigla": "PROT", "tipo__descricao": "Protocolo", "autoria": "Matheus Utsch de Oliveira", "texto_original": "http://sapl.pedroleopoldo.mg.leg.br/media/", "ementa": "Indica o plantio de \u00e1rvores na Av. Cau\u00ea seguindo orienta\u00e7\u00f5es do Plano Municipal de Arboriza\u00e7\u00e3o, Lei n\u00ba 3.666, de 06 de junho de 2022."}, {"id": "20852", "ano": "2022", "numero": "484", "tipo__sigla": "PROT", "tipo__descricao": "Protocolo", "autoria": "Matheus Utsch de Oliveira", "texto_original": "http://sapl.pedroleopoldo.mg.leg.br/media/", "ementa": "Indica o plantio de \u00e1rvores na Av. Gil Ant\u00f4nio Pereira, seguindo orienta\u00e7\u00f5es do Plano Municipal de Arboriza\u00e7\u00e3o, Lei n\u00ba 3.666, de 06 de junho de 2022."}, {"id": "20853", "ano": "2022", "numero": "485", "tipo__sigla": "PROT", "tipo__descricao": "Protocolo", "autoria": "Matheus Utsch de Oliveira", "texto_original": "http://sapl.pedroleopoldo.mg.leg.br/media/", "ementa": "Indica o plantio de \u00e1rvores na Rua Comendador Ant\u00f4nio Alves, seguindo orienta\u00e7\u00f5es do Plano Municipal de Arboriza\u00e7\u00e3o, Lei n\u00ba 3.666, de 06 de junho de 2022."}, {"id": "20854", "ano": "2022", "numero": "486", "tipo__sigla": "PROT", "tipo__descricao": "Protocolo", "autoria": "Matheus Utsch de Oliveira", "texto_original": "http://sapl.pedroleopoldo.mg.leg.br/media/", "ementa": "Indica o plantio de \u00e1rvores na Rua Dirceu Lopes, seguindo orienta\u00e7\u00f5es do Plano Municipal de Arboriza\u00e7\u00e3o, Lei n\u00ba 3.666, de 06 de junho de 2022."}, {"id": "20855", "ano": "2022", "numero": "487", "tipo__sigla": "PROT", "tipo__descricao": "Protocolo", "autoria": "Matheus Utsch de Oliveira", "texto_original": "http://sapl.pedroleopoldo.mg.leg.br/media/", "ementa": "Indica o plantio de \u00e1rvores na Rua Jo\u00e3o Teodoro Silva, seguindo orienta\u00e7\u00f5es do Plano Municipal de Arboriza\u00e7\u00e3o, Lei n\u00ba 3.666, de 06 de junho de 2022."}, {"id": "20856", "ano": "2022", "numero": "488", "tipo__sigla": "PROT", "tipo__descricao": "Protocolo", "autoria": "Matheus Utsch de Oliveira", "texto_original": "http://sapl.pedroleopoldo.mg.leg.br/media/", "ementa": "Indica o plantio de \u00e1rvores na Rua Nossa Senhora das Gra\u00e7as, seguindo orienta\u00e7\u00f5es do Plano Municipal de Arboriza\u00e7\u00e3o, Lei n\u00ba 3.666, de 06 de junho de 2022."}, {"id": "20857", "ano": "2022", "numero": "489", "tipo__sigla": "PROT", "tipo__descricao": "Protocolo", "autoria": "Matheus Utsch de Oliveira", "texto_original": "http://sapl.pedroleopoldo.mg.leg.br/media/", "ementa": "Indica o plantio de \u00e1rvores na Rua Timbiras, seguindo orienta\u00e7\u00f5es do Plano Municipal de Arboriza\u00e7\u00e3o, Lei n\u00ba 3.666, de 06 de junho de 2022."}, {"id": "20858", "ano": "2022", "numero": "490", "tipo__sigla": "PROT", "tipo__descricao": "Protocolo", "autoria": "Matheus Utsch de Oliveira", "texto_original": "http://sapl.pedroleopoldo.mg.leg.br/media/", "ementa": "Indica o plantio de \u00e1rvores na Rua Via Norte, seguindo orienta\u00e7\u00f5es do Plano Municipal de Arboriza\u00e7\u00e3o, Lei n\u00ba 3.666, de 06 de junho de 2022."}, {"id": "20859", "ano": "2022", "numero": "491", "tipo__sigla": "PROT", "tipo__descricao": "Protocolo", "autoria": "Matheus Utsch de Oliveira", "texto_original": "http://sapl.pedroleopoldo.mg.leg.br/media/", "ementa": "Indica o plantio de \u00e1rvores na Rua Dr. Neiva, seguindo orienta\u00e7\u00f5es do Plano Municipal de Arboriza\u00e7\u00e3o, Lei n\u00ba 3.666, de 06 de junho de 2022."}, {"id": "20860", "ano": "2022", "numero": "492", "tipo__sigla": "PROT", "tipo__descricao": "Protocolo", "autoria": "Matheus Utsch de Oliveira", "texto_original": "http://sapl.pedroleopoldo.mg.leg.br/media/", "ementa": "Indica o plantio de \u00e1rvores na Rua S\u00e3o Paulo, seguindo orienta\u00e7\u00f5es do Plano Municipal de Arboriza\u00e7\u00e3o, Lei n\u00ba 3.666, de 06 de junho de 2022."}, {"id": "20861", "ano": "2022", "numero": "493", "tipo__sigla": "PROT", "tipo__descricao": "Protocolo", "autoria": "Matheus Utsch de Oliveira", "texto_original": "http://sapl.pedroleopoldo.mg.leg.br/media/", "ementa": "Indica o plantio de \u00e1rvores na Rua Suzana Passos (in\u00edcio entrada da Fazenda), seguindo orienta\u00e7\u00f5es do Plano Municipal de Arboriza\u00e7\u00e3o, Lei n\u00ba 3.666, de 06 de junho de 2022."}, {"id": "20862", "ano": "2022", "numero": "494", "tipo__sigla": "PROT", "tipo__descricao": "Protocolo", "autoria": "Eldir Jos\u00e9 Batista (Baixinho da Garagem)", "texto_original": "http://sapl.pedroleopoldo.mg.leg.br/media/", "ementa": "Concede T\u00edtulo de Cidad\u00e3o Honor\u00e1rio de Pedro Leopoldo ao Sr. Eduardo Costa Sim\u00f5es e d\u00e1 outras provid\u00eancias."}, {"id": "20863", "ano": "2022", "numero": "495", "tipo__sigla": "PROT", "tipo__descricao": "Protocolo", "autoria": "Matheus Utsch de Oliveira", "texto_original": "http://sapl.pedroleopoldo.mg.leg.br/media/", "ementa": "Requer informa\u00e7\u00f5es se h\u00e1 ci\u00eancia sobre o descumprimento de lei por n\u00e3o responder requerimentos, especificamente, o requerimento 24/2022, sobre o CEPPEL."}, {"id": "20864", "ano": "2022", "numero": "496", "tipo__sigla": "PROT", "tipo__descricao": "Protocolo", "autoria": "Matheus Utsch de Oliveira", "texto_original": "http://sapl.pedroleopoldo.mg.leg.br/media/", "ementa": "Requer informa\u00e7\u00f5es sobre a requalifica\u00e7\u00e3o do hor\u00e1rio de \u00f4nibus de Fidalgo/Quinta do Sumidoro, antes da pandemia \u00e0s 04:20, visto que diversos moradores trabalham em outras cidades."}, {"id": "20865", "ano": "2022", "numero": "497", "tipo__sigla": "PROT", "tipo__descricao": "Protocolo", "autoria": "Matheus Utsch de Oliveira", "texto_original": "http://sapl.pedroleopoldo.mg.leg.br/media/", "ementa": "Acrescenta dispositivos ao art. 4\u00ba da Lei Municipal n\u00ba 3.508, de 30 de novembro de 2018, que: \"Define no Munic\u00edpio de Pedro Leopoldo, os benef\u00edcios eventuais da Assist\u00eancia Social de que trata o art. 22 da Lei Federal n\u00ba 8.742, de 7 de dezembro de 1993 - Lei Org\u00e2nica da Assist\u00eancia Social (LOAS) - e art. 15 da Lei Municipal n\u00ba 3.450, de 21 de dezembro de 2016\" - que regulamenta o SUAS em \u00e2mbito municipal."}, {"id": "20866", "ano": "2022", "numero": "498", "tipo__sigla": "PROT", "tipo__descricao": "Protocolo", "autoria": "Eldir Jos\u00e9 Batista (Baixinho da Garagem)", "texto_original": "http://sapl.pedroleopoldo.mg.leg.br/media/", "ementa": "Concede T\u00edtulo de Cidad\u00e3o Honor\u00e1rio de Pedro Leopoldo ao Sr. Ricardo Costa Sim\u00f5es e d\u00e1 outras provid\u00eancias."}, {"id": "20867", "ano": "2022", "numero": "499", "tipo__sigla": "PROT", "tipo__descricao": "Protocolo", "autoria": "Leonardo Pereira Ribeiro (Leoz\u00e3o)", "texto_original": "http://sapl.pedroleopoldo.mg.leg.br/media/", "ementa": "VOTO DE PESAR PARA: MARLENE DE FATIMA BARBOSA \r\n\r\nENVIAR PARA: SUA FILHA, ESTEFANIA BARBOSA DE PAULA \r\n\r\nENDERE\u00c7O: AV. VEREADOR MAGNO GLARET VIEIRA, 1560, LAGOA DE SANTO ANTONIO.\r\nCEP:33252-380"}, {"id": "20868", "ano": "2022", "numero": "500", "tipo__sigla": "PROT", "tipo__descricao": "Protocolo", "autoria": "Rafael Vieira Faria (Rafa)", "texto_original": "http://sapl.pedroleopoldo.mg.leg.br/media/", "ementa": "Indica a reforma da Quadra Poliesportiva do Bairro Magalh\u00e3es."}, {"id": "20869", "ano": "2022", "numero": "501", "tipo__sigla": "PROT", "tipo__descricao": "Protocolo", "autoria": "Rafael Vieira Faria (Rafa)", "texto_original": "http://sapl.pedroleopoldo.mg.leg.br/media/", "ementa": "Indica a reforma da quadra Poliesportiva do Bairro Santo Ant\u00f4nio."}, {"id": "20870", "ano": "2022", "numero": "502", "tipo__sigla": "PROT", "tipo__descricao": "Protocolo", "autoria": "Rafael Vieira Faria (Rafa)", "texto_original": "http://sapl.pedroleopoldo.mg.leg.br/media/", "ementa": "Indica que seja realizado um estudo, visando a cria\u00e7\u00e3o de um cons\u00f3rcio cooperativo intermunicipal entre os munic\u00edpios de Pedro Leopoldo, Neves e Vespasiano para atuar, conjuntamente, na limpeza e no desassoreamento dos ribeir\u00f5es que cortam a cidade, a saber: o Ribeir\u00e3o da Mata e Ribeir\u00e3o das Neves."}, {"id": "20871", "ano": "2022", "numero": "503", "tipo__sigla": "PROT", "tipo__descricao": "Protocolo", "autoria": "Matheus Utsch de Oliveira", "texto_original": "http://sapl.pedroleopoldo.mg.leg.br/media/", "ementa": "Requer informa\u00e7\u00f5es sobre o cronograma de instala\u00e7\u00e3o dos brinquedos/playground nas pra\u00e7as da cidade."}, {"id": "20872", "ano": "2022", "numero": "504", "tipo__sigla": "PROT", "tipo__descricao": "Protocolo", "autoria": "Guilherme de Lima Braga (Guilherme do Doce)", "texto_original": "http://sapl.pedroleopoldo.mg.leg.br/media/", "ementa": "Indica interven\u00e7\u00f5es para melhoria e mais seguran\u00e7a no tr\u00e2nsito do entroncamento da Avenida Juca Belis\u00e1rio, pr\u00f3ximo ao n\u00famero 230, com a Rua Jos\u00e9 Pedroca, no Bairro Magalh\u00e3es, neste Munic\u00edpio."}, {"id": "20873", "ano": "2022", "numero": "505", "tipo__sigla": "PROT", "tipo__descricao": "Protocolo", "autoria": "Guilherme de Lima Braga (Guilherme do Doce)", "texto_original": "http://sapl.pedroleopoldo.mg.leg.br/media/", "ementa": "Indica providenciar servi\u00e7os de limpeza (capina e ro\u00e7ada) na Avenida Juca Belis\u00e1rio e Rua Jos\u00e9 Pedroca, Bairro Magalh\u00e3es, neste Munic\u00edpio."}, {"id": "20874", "ano": "2022", "numero": "506", "tipo__sigla": "PROT", "tipo__descricao": "Protocolo", "autoria": "Guilherme de Lima Braga (Guilherme do Doce)", "texto_original": "http://sapl.pedroleopoldo.mg.leg.br/media/", "ementa": "Indica opera\u00e7\u00e3o tapa buracos na Rua Pac\u00edfico Rodrigues, Fidalgo, neste Munic\u00edpio."}, {"id": "20889", "ano": "2022", "numero": "507", "tipo__sigla": "PROT", "tipo__descricao": "Protocolo", "autoria": "Leonardo Pereira Ribeiro (Leoz\u00e3o)", "texto_original": "http://sapl.pedroleopoldo.mg.leg.br/media/", "ementa": "VOTO DE PESAR PARA: MARILUCIA NUNES VICENTE\r\n\r\nENVIAR PARA: SUA IRM\u00c2, MARILENE NUNES VICENTE BATISTA \r\n\r\nENDERE\u00c7O: RUA MACHADO VIEIRA, 69/ CENTRO \r\nCEP:33250-144"}, {"id": "20890", "ano": "2022", "numero": "508", "tipo__sigla": "PROT", "tipo__descricao": "Protocolo", "autoria": "Leonardo Pereira Ribeiro (Leoz\u00e3o)", "texto_original": "http://sapl.pedroleopoldo.mg.leg.br/media/", "ementa": "VOTO DE PESAR: EMERSON EMANOEL CAMPOS SILVA \r\n\r\nENVIAR PARA: SUA M\u00c3E,  ELIANA CAMPOS SILVA \r\n\r\nENDERE\u00c7O: RUA 2 DOM CAMILO 35"}, {"id": "20894", "ano": "2022", "numero": "509", "tipo__sigla": "PROT", "tipo__descricao": "Protocolo", "autoria": "Frederico Henrique Cota Alves (Fred Piau)", "texto_original": "http://sapl.pedroleopoldo.mg.leg.br/media/", "ementa": "PROJETO DE LEI\r\nDisp\u00f5e sobre a institui\u00e7\u00e3o do Selo  \u201cEmpresa Amiga do Esporte e do Lazer\u201d no Munic\u00edpio de Pedro Leopoldo."}, {"id": "20895", "ano": "2022", "numero": "510", "tipo__sigla": "PROT", "tipo__descricao": "Protocolo", "autoria": "Frederico Henrique Cota Alves (Fred Piau)", "texto_original": "http://sapl.pedroleopoldo.mg.leg.br/media/", "ementa": "IND 29/2020 - Indica\u00e7\u00e3o - Frederico e Alex\r\nIndica Mo\u00e7\u00e3o de parab\u00e9ns ao pedroleopoldense Dirceu Lopes, por sua brilhante trajet\u00f3ria como jogador profissional e atleta do Cruzeiro e da Sele\u00e7\u00e3o Brasileira e tamb\u00e9m pelo lan\u00e7amento do livro \"O Pr\u00edncipe - A Real Hist\u00f3ria de Dirceu Lopes\", escrito pelo jornalista Pedro Blank, que narra as hist\u00f3rias dos anos dourados do Cruzeiro, com Dirceu Lopes como protagonista."}, {"id": "20896", "ano": "2022", "numero": "511", "tipo__sigla": "PROT", "tipo__descricao": "Protocolo", "autoria": "Rafael Vieira Faria (Rafa)", "texto_original": "http://sapl.pedroleopoldo.mg.leg.br/media/", "ementa": "Indica o recapeamento da Rua Expedicion\u00e1rio Rui Ant\u00f4nio da Silva e Rua Zeno Del Carlo, ambas situadas no Bairro Santo Ant\u00f4nio da Barra."}, {"id": "20897", "ano": "2022", "numero": "512", "tipo__sigla": "PROT", "tipo__descricao": "Protocolo", "autoria": "Guilherme de Lima Braga (Guilherme do Doce)", "texto_original": "http://sapl.pedroleopoldo.mg.leg.br/media/", "ementa": "Indica providenciar a pintura  e sinaliza\u00e7\u00e3o dos redutores de velocidade (quebras molas) na Rua Rivad\u00e1via, pr\u00f3ximo ao Bairro Vila Aparecida, neste munic\u00edpio."}, {"id": "20898", "ano": "2022", "numero": "513", "tipo__sigla": "PROT", "tipo__descricao": "Protocolo", "autoria": "Rafael Vieira Faria (Rafa)", "texto_original": "http://sapl.pedroleopoldo.mg.leg.br/media/", "ementa": "Concede t\u00edtulo de cidadania honor\u00e1ria ao Sr. Rafael Martins."}, {"id": "20899", "ano": "2022", "numero": "514", "tipo__sigla": "PROT", "tipo__descricao": "Protocolo", "autoria": "Matheus Utsch de Oliveira", "texto_original": "http://sapl.pedroleopoldo.mg.leg.br/media/", "ementa": "Requer informa\u00e7\u00f5es sobre a possibilidade do sistema de rotativo fazer cobran\u00e7a pelo tempo de uso e n\u00e3o pelo tempo integral."}, {"id": "20900", "ano": "2022", "numero": "515", "tipo__sigla": "PROT", "tipo__descricao": "Protocolo", "autoria": "Rafael Vieira Faria (Rafa)", "texto_original": "http://sapl.pedroleopoldo.mg.leg.br/media/", "ementa": "Indica ao Poder Executivo a instala\u00e7\u00e3o de redutores de velocidades na Rua Jos\u00e9 Pereira da Silva, pr\u00f3ximo ao cruzamento com a Rua Engenheiro H\u00e9lio Vieira de Melo, no Bairro Santa Tereza."}, {"id": "20901", "ano": "2022", "numero": "516", "tipo__sigla": "PROT", "tipo__descricao": "Protocolo", "autoria": "Rafael Vieira Faria (Rafa)", "texto_original": "http://sapl.pedroleopoldo.mg.leg.br/media/", "ementa": "N\u00c3O PODE: IND 735/2021 - ELDIR\r\nIndica a reforma das traves da quadra do Bairro Ferreiras."}, {"id": "20902", "ano": "2022", "numero": "517", "tipo__sigla": "PROT", "tipo__descricao": "Protocolo", "autoria": "Frederico Henrique Cota Alves (Fred Piau)", "texto_original": "http://sapl.pedroleopoldo.mg.leg.br/media/", "ementa": "Indica a aquisi\u00e7\u00e3o de televisores mais modernos para todas as salas das CEMAIS de nossa cidade, para proporcionar \u00e0s equipes pedag\u00f3gicas uma melhor estrutura de ensino de nossas crian\u00e7as."}, {"id": "20903", "ano": "2022", "numero": "518", "tipo__sigla": "PROT", "tipo__descricao": "Protocolo", "autoria": "Leonardo Pereira Ribeiro (Leoz\u00e3o)", "texto_original": "http://sapl.pedroleopoldo.mg.leg.br/media/", "ementa": "VOTO DE PESAR PARA: GILBERTO EUST\u00c1QUI DE SOUSA CALDAS \r\n\r\nENVIAR PARA: SUA M\u00c3E, SRA. C\u00c9LIA DE SOUSA CALDAS E PARA SUA IRM\u00c3, SANDRA MARIA CALDAS GOMES BAPTISTA.\r\n\r\nENDERE\u00c7O: RUA VINTE E SETE DE JANEIRO N 149 \r\nBAIRRO: CENTRO \r\nCEP: 33250-141"}, {"id": "20904", "ano": "2022", "numero": "519", "tipo__sigla": "PROT", "tipo__descricao": "Protocolo", "autoria": "Leonardo Pereira Ribeiro (Leoz\u00e3o)", "texto_original": "http://sapl.pedroleopoldo.mg.leg.br/media/", "ementa": "VOTO DE PESAR PARA: GILBERTO EUST\u00c1QUIO DE SOUSA CALDAS \r\n\r\nENVIAR PARA: SUA M\u00c3E, SRA. C\u00c9LIA DE SOUSA CALDAS E PARA SUA IRM\u00c3, SANDRA MARIA CALDAS GOMES BAPTISTA.\r\n\r\nENDERE\u00c7O: RUA H\u00c9LIO VIANA NERY, 45\r\nBAIRRO: CENTRO \r\nCEP: 33250-147"}, {"id": "20908", "ano": "2022", "numero": "520", "tipo__sigla": "PROT", "tipo__descricao": "Protocolo", "autoria": "Guilherme de Lima Braga (Guilherme do Doce)", "texto_original": "http://sapl.pedroleopoldo.mg.leg.br/media/", "ementa": "Indica opera\u00e7\u00e3o tapa buracos na Rua Gabriel Cristino Ribeiro, Bairro Lagoa de Santo Ant\u00f4nio, neste munic\u00edpio."}, {"id": "20909", "ano": "2022", "numero": "521", "tipo__sigla": "PROT", "tipo__descricao": "Protocolo", "autoria": "Guilherme de Lima Braga (Guilherme do Doce)", "texto_original": "http://sapl.pedroleopoldo.mg.leg.br/media/", "ementa": "N\u00e3o pode: \"Ind 263/22, Ind 566/21, Ind 247/22, Pro 390/22, Ind 169/21\"\r\nIndica interven\u00e7\u00f5es para melhoria e seguran\u00e7a no tr\u00e2nsito do entroncamento da Avenida Camilo Alves, na entrada do Bairro Teot\u00f4nio Batista de Freitas e do Bairro Novo Campinho, neste munic\u00edpio."}, {"id": "20910", "ano": "2022", "numero": "522", "tipo__sigla": "PROT", "tipo__descricao": "Protocolo", "autoria": "Guilherme de Lima Braga (Guilherme do Doce)", "texto_original": "http://sapl.pedroleopoldo.mg.leg.br/media/", "ementa": "N\u00e3o pode: \"IND 233/2022 - Indica\u00e7\u00e3o, IND 675/2021 - Indica\u00e7\u00e3o\"\r\nIndica interven\u00e7\u00f5es para melhoria e mais seguran\u00e7a no tr\u00e2nsito do entroncamento das Ruas Progresso, Expedicion\u00e1rio Raimundo N. Cruz e Rua Olivier Teixeira, pr\u00f3ximo ao PA Central, neste Munic\u00edpio."}, {"id": "20911", "ano": "2022", "numero": "523", "tipo__sigla": "PROT", "tipo__descricao": "Protocolo", "autoria": "Guilherme de Lima Braga (Guilherme do Doce)", "texto_original": "http://sapl.pedroleopoldo.mg.leg.br/media/", "ementa": "Indica opera\u00e7\u00e3o tapa buracos nas seguintes ruas: Juca Machado, Raul Hanriot, Moacir Pereira Ciroca, Ot\u00e1vio Gouv\u00eaa, Em\u00edlio Ferreira e Maria Helena da Costa, no Bairro Santo Ant\u00f4nio, neste munic\u00edpio."}, {"id": "20912", "ano": "2022", "numero": "524", "tipo__sigla": "PROT", "tipo__descricao": "Protocolo", "autoria": "Executivo", "texto_original": "http://sapl.pedroleopoldo.mg.leg.br/media/", "ementa": "Altera a Lei Municipal n\u00ba 3.568, de 03 de Abril de 2020, que instituiu a Gratifica\u00e7\u00e3o do Regime de Sobreaviso dos Servidores da Ger\u00eancia de Tecnologia da Informa\u00e7\u00e3o - GRSSGTI e d\u00e1 outras provid\u00eancias."}, {"id": "20913", "ano": "2022", "numero": "525", "tipo__sigla": "PROT", "tipo__descricao": "Protocolo", "autoria": "Executivo", "texto_original": "http://sapl.pedroleopoldo.mg.leg.br/media/", "ementa": "Disp\u00f5e sobre descontos, isen\u00e7\u00f5es e redu\u00e7\u00f5es no pagamento do Imposto sobre a Propriedade Predial e Territorial Urbana - IPTU, referente ao exerc\u00edcio de 2023."}, {"id": "20914", "ano": "2022", "numero": "526", "tipo__sigla": "PROT", "tipo__descricao": "Protocolo", "autoria": "Executivo", "texto_original": "http://sapl.pedroleopoldo.mg.leg.br/media/", "ementa": "Autoriza o Poder Executivo a Conceder desconto no Imposto Predial Territorial Urbano - IPTU ou restituir em pec\u00fania aos contribuintes, pessoas f\u00edsicas ou jur\u00eddicas, que transferirem o registro de ve\u00edculo de sua propriedade, junto ao DETRAN, para o munic\u00edpio de Pedro Leopoldo e pagar o Imposto Sobre a Propriedade de Ve\u00edculos Automotores - IPVA no munic\u00edpio e d\u00e1 outras provid\u00eancias."}, {"id": "20915", "ano": "2022", "numero": "527", "tipo__sigla": "PROT", "tipo__descricao": "Protocolo", "autoria": "Leonardo Pereira Ribeiro (Leoz\u00e3o)", "texto_original": "http://sapl.pedroleopoldo.mg.leg.br/media/", "ementa": "VOTO DE PESAR PARA: CLAUDINO FERREIRA DE S\u00c1.\r\n\r\nENVIAR PARA SUA ESPOSO: ERICA EVANGELISTA.\r\n\r\nENDERE\u00c7O: RUA DA PAZ N 34\r\nLAGOA DE SANTO ANTONIO \r\nCEP:33252-394"}, {"id": "20917", "ano": "2022", "numero": "528", "tipo__sigla": "PROT", "tipo__descricao": "Protocolo", "autoria": "Rafael Vieira Faria (Rafa)", "texto_original": "http://sapl.pedroleopoldo.mg.leg.br/media/", "ementa": "Indica a aquisi\u00e7\u00e3o de \u00f3culos inteligentes Orcam, visando atender aos alunos portadores de defici\u00eancia visual, dificuldade de leitura ou TDAH, matriculados na rede municipal de educa\u00e7\u00e3o, visando promover a inclus\u00e3o desses alunos, otimizando o aprendizado."}, {"id": "20918", "ano": "2022", "numero": "529", "tipo__sigla": "PROT", "tipo__descricao": "Protocolo", "autoria": "Matheus Utsch de Oliveira", "texto_original": "http://sapl.pedroleopoldo.mg.leg.br/media/", "ementa": "PROJETO DE LEI\r\nAltera o nome da Pra\u00e7a Tancredo Neves para Pra\u00e7a Cleusa dos Santos Borges."}, {"id": "20919", "ano": "2022", "numero": "530", "tipo__sigla": "PROT", "tipo__descricao": "Protocolo", "autoria": "Frederico Henrique Cota Alves (Fred Piau)", "texto_original": "http://sapl.pedroleopoldo.mg.leg.br/media/", "ementa": "Indica melhorias e reformas na infraestrutura da V\u00f3 Nenzinha. Destaco abaixo, alguns itens que observei a grande necessidade de melhorias:\r\n1) Banheiros extremamente pequenos, sem as devidas adapta\u00e7\u00f5es e n\u00e3o condizentes com a demanda de alunos.\r\n2) Ventiladores estragados.\r\n3) Banheiro coletivo, sem separa\u00e7\u00e3o (masculino e feminino) para uso comum de mais de 80 crian\u00e7as. Por mais que sejam crian\u00e7as, essa separa\u00e7\u00e3o \u00e9 extremamente necess\u00e1ria. \r\n4) \u00c1rea externa necessitando de adapta\u00e7\u00f5es como pias, toldos para atender melhor as crian\u00e7as. \r\n5) Necess\u00e1rio um investimento em equipamentos de multim\u00eddia e televisores para dar mais qualidade e estrutura ao servi\u00e7o prestado pelas servidoras que atuam na institui\u00e7\u00e3o.\r\n6) Reformas e pequenos reparos nas salas, algumas s\u00e3o pequenas abafadas e est\u00e3o com um n\u00famero elevado de alunos.\r\n7) Novos mobili\u00e1rios para atender com mais qualidade as crian\u00e7as e os profissionais que est\u00e3o diariamente na institui\u00e7\u00e3o."}, {"id": "20920", "ano": "2022", "numero": "531", "tipo__sigla": "PROT", "tipo__descricao": "Protocolo", "autoria": "Frederico Henrique Cota Alves (Fred Piau)", "texto_original": "http://sapl.pedroleopoldo.mg.leg.br/media/", "ementa": "Indica reformas no ponto de apoio da Guarda Municipal da Regi\u00e3o Norte e espa\u00e7o destinado aos c\u00e3es do GOC- GRUPAMENTO DE OPERA\u00c7\u00d5ES COM C\u00c3ES DA GUARDA MUNICIPAL DE PEDRO LEOPOLDO.\r\nDestaco abaixo, alguns itens que observei a grande necessidade de melhorias:"}, {"id": "20921", "ano": "2022", "numero": "532", "tipo__sigla": "PROT", "tipo__descricao": "Protocolo", "autoria": "Guilherme de Lima Braga (Guilherme do Doce)", "texto_original": "http://sapl.pedroleopoldo.mg.leg.br/media/", "ementa": "J\u00e1 existe a indica\u00e7\u00e3o: IND 211/2022.\r\nIndica a instala\u00e7\u00e3o de parquinho para crian\u00e7as na Pra\u00e7a do Bairro Santo Ant\u00f4nio da Barra."}, {"id": "20922", "ano": "2022", "numero": "533", "tipo__sigla": "PROT", "tipo__descricao": "Protocolo", "autoria": "Rafael Vieira Faria (Rafa)", "texto_original": "http://sapl.pedroleopoldo.mg.leg.br/media/", "ementa": "Indica a cria\u00e7\u00e3o de um cremat\u00f3rio municipal."}, {"id": "20923", "ano": "2022", "numero": "534", "tipo__sigla": "PROT", "tipo__descricao": "Protocolo", "autoria": "Warlen Alves da Silva", "texto_original": "http://sapl.pedroleopoldo.mg.leg.br/media/", "ementa": "Indica Mo\u00e7\u00e3o de Parab\u00e9ns Emerson Bertolino de Lima, pelos relevantes trabalhos espirituais prestados aos jovens da nossa cidade atrav\u00e9s da Igreja Assembleia de Deus."}, {"id": "20924", "ano": "2022", "numero": "535", "tipo__sigla": "PROT", "tipo__descricao": "Protocolo", "autoria": "Warlen Alves da Silva", "texto_original": "http://sapl.pedroleopoldo.mg.leg.br/media/", "ementa": "Indica Mo\u00e7\u00e3o de Parab\u00e9ns ao Pastor Anderson Pereira dos Santos, pelos relevantes trabalhos espirituais e comunit\u00e1rios prestados em nosso munic\u00edpio, h\u00e1 mais de 9 anos."}, {"id": "20925", "ano": "2022", "numero": "536", "tipo__sigla": "PROT", "tipo__descricao": "Protocolo", "autoria": "Warlen Alves da Silva", "texto_original": "http://sapl.pedroleopoldo.mg.leg.br/media/", "ementa": "Indica Mo\u00e7\u00e3o de Parab\u00e9ns a Emanuel de Alcantra, pelos relevantes trabalhos prestados a fam\u00edlias carentes e gera\u00e7\u00e3o de empregos em nosso munic\u00edpio."}, {"id": "20926", "ano": "2022", "numero": "537", "tipo__sigla": "PROT", "tipo__descricao": "Protocolo", "autoria": "Rafael Vieira Faria (Rafa)", "texto_original": "http://sapl.pedroleopoldo.mg.leg.br/media/", "ementa": "N\u00e3o pode, pois h\u00e1 proposi\u00e7\u00f5es semelhantes: IND 633/2021, IND 618/2021, PROT 1493/2021, PROT 1410/2021.\r\nIndica a cria\u00e7\u00e3o da Procuradoria da Mulher a ser implementada junto ao Centro de Aten\u00e7\u00e3o ao Cidad\u00e3o."}, {"id": "20927", "ano": "2022", "numero": "538", "tipo__sigla": "PROT", "tipo__descricao": "Protocolo", "autoria": "Executivo", "texto_original": "http://sapl.pedroleopoldo.mg.leg.br/media/", "ementa": "PROJETO DE LEI\r\nAltera a Lei n\u00ba 3.690, de 29 de novembro de 2022, a qual concede reajuste aos profissionais do Magist\u00e9rio da Rede Municipal de Ensino e d\u00e1 outras provid\u00eancias."}, {"id": "20928", "ano": "2022", "numero": "539", "tipo__sigla": "PROT", "tipo__descricao": "Protocolo", "autoria": "Executivo", "texto_original": "http://sapl.pedroleopoldo.mg.leg.br/media/", "ementa": "Institui a Contribui\u00e7\u00e3o para Custeio do Servi\u00e7o de Ilumina\u00e7\u00e3o P\u00fablica - CIP."}, {"id": "20933", "ano": "2022", "numero": "540", "tipo__sigla": "PROT", "tipo__descricao": "Protocolo", "autoria": "Frederico Henrique Cota Alves (Fred Piau)", "texto_original": "http://sapl.pedroleopoldo.mg.leg.br/media/", "ementa": "Indica Mo\u00e7\u00e3o de Parab\u00e9ns a Pietrine Paiva, atleta, Professor, empres\u00e1rio e morador de Pedro Leopoldo, pela conquista da etapa do Campeonato Mineiro de  Nata\u00e7\u00e3o, ocorrida no Minas T\u00eanis Clube, no m\u00eas de novembro."}, {"id": "20934", "ano": "2022", "numero": "541", "tipo__sigla": "PROT", "tipo__descricao": "Protocolo", "autoria": "Frederico Henrique Cota Alves (Fred Piau)", "texto_original": "http://sapl.pedroleopoldo.mg.leg.br/media/", "ementa": "Autoriza a Concess\u00e3o de Incentivo Fiscal para o Financiamento de Projetos Esportivos e de Lazer, e d\u00e1 outras provid\u00eancias."}, {"id": "20935", "ano": "2022", "numero": "542", "tipo__sigla": "PROT", "tipo__descricao": "Protocolo", "autoria": "Frederico Henrique Cota Alves (Fred Piau)", "texto_original": "http://sapl.pedroleopoldo.mg.leg.br/media/", "ementa": "Indica \u00e0 Excelent\u00edssima Senhora Prefeita e a cria\u00e7\u00e3o do o Programa Municipal de Incentivo Fiscal ao Esporte e Lazer vinculado \u00e0  Secretaria Municipal de Juventude, Esportes e Direitos Humanos, ficando autorizado o Poder Executivo a conceder abatimento efetivo no Imposto Sobre Servi\u00e7os (ISS) e/ou Imposto Predial e Territorial Urbano (IPTU), as Pessoas Jur\u00eddicas e/ou Pessoas F\u00edsicas situadas no munic\u00edpio de Pedro Leopoldo que apoiarem, financeiramente, Projetos aprovados pela  Secretaria Municipal de Juventude, Esportes e Direitos Humanos."}, {"id": "20936", "ano": "2022", "numero": "543", "tipo__sigla": "PROT", "tipo__descricao": "Protocolo", "autoria": "Cynthia Salom\u00e3o Bastos Faria", "texto_original": "http://sapl.pedroleopoldo.mg.leg.br/media/", "ementa": "Indica redutor de velocidade em frente as institui\u00e7\u00f5es escolares: E.E. Romero Carvalho - Rua Fern\u00e3o Dias,352 - Fidalgo e CEMAI Ol\u00edvia Martins - Rua Fern\u00e3o Dias, 184 - Quinta do Sumidouro."}, {"id": "20937", "ano": "2022", "numero": "544", "tipo__sigla": "PROT", "tipo__descricao": "Protocolo", "autoria": "Matheus Utsch de Oliveira", "texto_original": "http://sapl.pedroleopoldo.mg.leg.br/media/", "ementa": "\"Requer informa\u00e7\u00f5es, reiterando os pedidos n\u00e3o contemplados no Requerimento 24/2022, sendo mais exato:\r\n1 - H\u00e1 previs\u00e3o de vigilantes no local?\r\n2 - J\u00e1 houve processo jur\u00eddico de reintegra\u00e7\u00e3o de posse?\r\n3 - Quando o CEPPEL ser\u00e1 fechado para as reformas previstas?\r\n4 - Qual o projeto e valores da reforma?\""}, {"id": "20938", "ano": "2022", "numero": "545", "tipo__sigla": "PROT", "tipo__descricao": "Protocolo", "autoria": "Cynthia Salom\u00e3o Bastos Faria", "texto_original": "http://sapl.pedroleopoldo.mg.leg.br/media/", "ementa": "FAIXA DE PEDESTRES EM FRENTE AS INSTITUI\u00c7\u00d5ES ESCOLARES: E.E. ROMERO CARVALHO - RUA FERN\u00c3O DIAS,352 - FIDALGO, CEMAI EUG\u00caNIA DE BASTOS - RUA  PALESTINA, 91 - QUINTA DO SUMIDOURO E CEMAI OL\u00cdVIA MARTINS - RUA FERN\u00c3O DIAS, 184 - QUINTA DO SUMIDOURO."}, {"id": "20939", "ano": "2022", "numero": "546", "tipo__sigla": "PROT", "tipo__descricao": "Protocolo", "autoria": "Cynthia Salom\u00e3o Bastos Faria", "texto_original": "http://sapl.pedroleopoldo.mg.leg.br/media/", "ementa": "SINALIZA\u00c7\u00c3O VERTICAL DE TR\u00c2NSITO DE EMBARQUE E DESEMBARQUE EM FRENTE AS INSTITUI\u00c7\u00d5ES ESCOLARES: E.E. ROMERO CARVALHO - RUA FERN\u00c3O DIAS,352 - FIDALGO, CEMAI EUG\u00caNIA DE BASTOS - RUA  PALESTINA, 91 - FIDALGO  E CEMAI OL\u00cdVIA MARTINS - RUA FERN\u00c3O DIAS, 184 - QUINTA DO SUMIDOURO."}, {"id": "20940", "ano": "2022", "numero": "547", "tipo__sigla": "PROT", "tipo__descricao": "Protocolo", "autoria": "Cynthia Salom\u00e3o Bastos Faria", "texto_original": "http://sapl.pedroleopoldo.mg.leg.br/media/", "ementa": "MANUTEN\u00c7\u00c3O DA FAIXA DE PEDESTRES AO LADO DIREITO DA PAR\u00d3QUIA NOSSA SENHORA DA CONCEI\u00c7\u00c3O, NA PRA\u00c7A FRANCISCO VIANA, 26 -  CENTRO."}, {"id": "20941", "ano": "2022", "numero": "548", "tipo__sigla": "PROT", "tipo__descricao": "Protocolo", "autoria": "Cynthia Salom\u00e3o Bastos Faria", "texto_original": "http://sapl.pedroleopoldo.mg.leg.br/media/", "ementa": "SINALIZA\u00c7\u00c3O GR\u00c1FICA HORIZONTAL NA ESTRADA JOS\u00c9 PEDR\u00c3O QUE LIGA O BAIRRO LAGOA DE SANTO ANT\u00d4NIO AO DISTRITO DE FIDALGO."}, {"id": "20942", "ano": "2022", "numero": "549", "tipo__sigla": "PROT", "tipo__descricao": "Protocolo", "autoria": "Warlen Alves da Silva", "texto_original": "http://sapl.pedroleopoldo.mg.leg.br/media/", "ementa": "Indica Mo\u00e7\u00e3o de Parab\u00e9ns ao 1\u00b0 Sargento Robson Medeiros Costa, Policial Militar de Pedro Leopoldo."}, {"id": "20943", "ano": "2022", "numero": "550", "tipo__sigla": "PROT", "tipo__descricao": "Protocolo", "autoria": "Warlen Alves da Silva", "texto_original": "http://sapl.pedroleopoldo.mg.leg.br/media/", "ementa": "Indico a concess\u00e3o de Mo\u00e7\u00e3o de Parab\u00e9ns \u00e0 Giordana Meiry Silva Pereira."}, {"id": "20944", "ano": "2022", "numero": "551", "tipo__sigla": "PROT", "tipo__descricao": "Protocolo", "autoria": "Guilherme de Lima Braga (Guilherme do Doce)", "texto_original": "http://sapl.pedroleopoldo.mg.leg.br/media/", "ementa": "INDICA\u00c7\u00c3O DE EMENDA IMPOSITIVA\r\nEmenda impositiva 2022 - Vereador Guilherme do doce."}, {"id": "20945", "ano": "2022", "numero": "552", "tipo__sigla": "PROT", "tipo__descricao": "Protocolo", "autoria": "Warlen Alves da Silva", "texto_original": "http://sapl.pedroleopoldo.mg.leg.br/media/", "ementa": "INDICA\u00c7\u00c3O DE EMENDA IMPOSITIVA\r\nEmenda Impositiva 2022\r\nVereador Warlen Alves da Silva."}, {"id": "20946", "ano": "2022", "numero": "553", "tipo__sigla": "PROT", "tipo__descricao": "Protocolo", "autoria": "Mauro J\u00fanior Lopes Francisco", "texto_original": "http://sapl.pedroleopoldo.mg.leg.br/media/", "ementa": "INDICA\u00c7\u00c3O DE EMENDA IMPOSITIVA\r\nEmenda Impositiva 2022\r\nMauro J\u00fanior."}, {"id": "20947", "ano": "2022", "numero": "554", "tipo__sigla": "PROT", "tipo__descricao": "Protocolo", "autoria": "Rafael Vieira Faria (Rafa)", "texto_original": "http://sapl.pedroleopoldo.mg.leg.br/media/", "ementa": "INDICA\u00c7\u00c3O DE EMENDA IMPOSITIVA\r\nIndica\u00e7\u00e3o- Emenda Impositiva\r\nVereador Rafael Vieira Faria"}, {"id": "20948", "ano": "2022", "numero": "555", "tipo__sigla": "PROT", "tipo__descricao": "Protocolo", "autoria": "Warlen Alves da Silva", "texto_original": "http://sapl.pedroleopoldo.mg.leg.br/media/", "ementa": "INDICA\u00c7\u00c3O DE EMENDA IMPOSITIVA\r\nIndica\u00e7\u00e3o \u00e0 emenda impositiva 2022\r\nVereador Warlen Alves"}, {"id": "20949", "ano": "2022", "numero": "556", "tipo__sigla": "PROT", "tipo__descricao": "Protocolo", "autoria": "Eldir Jos\u00e9 Batista (Baixinho da Garagem)", "texto_original": "http://sapl.pedroleopoldo.mg.leg.br/media/", "ementa": "INDICA\u00c7\u00c3O DE EMENDA IMPOSITIVA\r\nIndica\u00e7\u00e3o \u00e0 emenda impositiva 2022\r\nVereador Eldir Jos\u00e9 Batista"}, {"id": "20981", "ano": "2022", "numero": "557", "tipo__sigla": "PROT", "tipo__descricao": "Protocolo", "autoria": "Matheus Utsch de Oliveira", "texto_original": "http://sapl.pedroleopoldo.mg.leg.br/media/", "ementa": "INDICA\u00c7\u00c3O DE EMENDA IMPOSITIVA\r\nIndica\u00e7\u00e3o \u00e0 emenda impositiva 2022\r\nVereador Matheus Utsch de Oliveira"}, {"id": "20982", "ano": "2022", "numero": "558", "tipo__sigla": "PROT", "tipo__descricao": "Protocolo", "autoria": "Rafael Vieira Faria (Rafa)", "texto_original": "http://sapl.pedroleopoldo.mg.leg.br/media/", "ementa": "PROJETO DE LEI\r\nCria no Munic\u00edpio de Pedro Leopoldo a Academia Pedroleopoldense de Letras e d\u00e1 outras provid\u00eancias."}, {"id": "20983", "ano": "2022", "numero": "559", "tipo__sigla": "PROT", "tipo__descricao": "Protocolo", "autoria": "Leonardo Pereira Ribeiro (Leoz\u00e3o)", "texto_original": "http://sapl.pedroleopoldo.mg.leg.br/media/", "ementa": "INDICA\u00c7\u00c3O DE EMENDA IMPOSITIVA\r\nIndica\u00e7\u00e3o \u00e0 emenda impositiva 2022\r\nVereador Leonardo Pereira Ribeiro"}, {"id": "20987", "ano": "2022", "numero": "560", "tipo__sigla": "PROT", "tipo__descricao": "Protocolo", "autoria": "Warlen Alves da Silva", "texto_original": "http://sapl.pedroleopoldo.mg.leg.br/media/", "ementa": "Disp\u00f5e sobre a utiliza\u00e7\u00e3o de material publicit\u00e1rio nos ve\u00edculos de transporte escolar com intuito de combater a pedofilia, a cyberpedofilia ou apologia \u00e0 pedofilia."}, {"id": "20988", "ano": "2022", "numero": "561", "tipo__sigla": "PROT", "tipo__descricao": "Protocolo", "autoria": "Warlen Alves da Silva", "texto_original": "http://sapl.pedroleopoldo.mg.leg.br/media/", "ementa": "Indica a concess\u00e3o de Mo\u00e7\u00e3o de Parab\u00e9ns ao Pastor Willian Alves da Silva, pelos relevantes servi\u00e7os espirituais, prestados, h\u00e1 mais de 40 anos, em nosso munic\u00edpio."}, {"id": "20989", "ano": "2022", "numero": "562", "tipo__sigla": "PROT", "tipo__descricao": "Protocolo", "autoria": "Warlen Alves da Silva", "texto_original": "http://sapl.pedroleopoldo.mg.leg.br/media/", "ementa": "Indica a concess\u00e3o de Mo\u00e7\u00e3o de Parab\u00e9ns a Andr\u00e9 Luiz Martins pelos relevantes trabalhos sociais e comunit\u00e1rios prestados \u00e0s fam\u00edlias carentes, bem como pela gera\u00e7\u00e3o de emprego em nossa cidade."}, {"id": "20990", "ano": "2022", "numero": "563", "tipo__sigla": "PROT", "tipo__descricao": "Protocolo", "autoria": "Warlen Alves da Silva", "texto_original": "http://sapl.pedroleopoldo.mg.leg.br/media/", "ementa": "Indica conceder Mo\u00e7\u00e3o de Parab\u00e9ns a Luiza Helena Reis Assun\u00e7\u00e3o pela conquista de medalhas nas Olimp\u00edadas do Conhecimento nas mais diversas \u00e1reas, sendo premiada em competi\u00e7\u00f5es regionais e nacionais de matem\u00e1tica, qu\u00edmica e ci\u00eancias."}, {"id": "20991", "ano": "2022", "numero": "564", "tipo__sigla": "PROT", "tipo__descricao": "Protocolo", "autoria": "Eldir Jos\u00e9 Batista (Baixinho da Garagem), Guilherme de Lima Braga (Guilherme do Doce)", "texto_original": "http://sapl.pedroleopoldo.mg.leg.br/media/", "ementa": "Indicamos a recupera\u00e7\u00e3o do asfalto pr\u00f3ximo \u00e0 ponte da Estrada Ponte Alta, pr\u00f3ximo ao n\u00ba 1093."}, {"id": "20992", "ano": "2022", "numero": "565", "tipo__sigla": "PROT", "tipo__descricao": "Protocolo", "autoria": "Guilherme de Lima Braga (Guilherme do Doce)", "texto_original": "http://sapl.pedroleopoldo.mg.leg.br/media/", "ementa": "Concede T\u00edtulo de Cidad\u00e3o Honor\u00e1rio de Pedro Leopoldo \u00e0 Sra. Elaine Cristina Cordeiro e d\u00e1 outras provid\u00eancias."}, {"id": "20993", "ano": "2022", "numero": "566", "tipo__sigla": "PROT", "tipo__descricao": "Protocolo", "autoria": "Guilherme de Lima Braga (Guilherme do Doce)", "texto_original": "http://sapl.pedroleopoldo.mg.leg.br/media/", "ementa": "Concede T\u00edtulo de Cidad\u00e3o Honor\u00e1rio de Pedro Leopoldo \u00e0 Sra. Claudina Moreira da Silva e d\u00e1 outras provid\u00eancias."}, {"id": "20994", "ano": "2022", "numero": "567", "tipo__sigla": "PROT", "tipo__descricao": "Protocolo", "autoria": "Guilherme de Lima Braga (Guilherme do Doce)", "texto_original": "http://sapl.pedroleopoldo.mg.leg.br/media/", "ementa": "Indica conceder Mo\u00e7\u00e3o de Parab\u00e9ns ao Sr. Andr\u00e9 Lu\u00eds Costa \u201cPopularmente conhecido como Montanha\u201d."}, {"id": "21009", "ano": "2022", "numero": "568", "tipo__sigla": "PROT", "tipo__descricao": "Protocolo", "autoria": "Guilherme de Lima Braga (Guilherme do Doce)", "texto_original": "http://sapl.pedroleopoldo.mg.leg.br/media/", "ementa": "(Indica\u00e7\u00e3o Repedida: Ind. 164/22 - Guilherme)\r\nIndica conceder Mo\u00e7\u00e3o de Parab\u00e9ns ao Sr. Jos\u00e9 Maria Pereira."}, {"id": "21010", "ano": "2022", "numero": "569", "tipo__sigla": "PROT", "tipo__descricao": "Protocolo", "autoria": "Frederico Henrique Cota Alves (Fred Piau)", "texto_original": "http://sapl.pedroleopoldo.mg.leg.br/media/", "ementa": "Solicito a apresenta\u00e7\u00e3o da indica\u00e7\u00e3o do PROTOCOLO 696/2021\r\n\r\nPROT 696/2021 - Protocolo Etiqueta Individual\r\nEmenta: \r\nIND 377/2020 No uso de minhas atribui\u00e7\u00f5es regimentais, indico ao Excelent\u00edssimo Senhor Prefeito determinar o setor competente a revitaliza\u00e7\u00e3o das Pra\u00e7as Nhazinha Carvalho e Rosa Fontana, localizadas no Bairro Novo Campinho. Solicito tamb\u00e9m a instala\u00e7\u00e3o de bancos e playground."}, {"id": "21011", "ano": "2022", "numero": "570", "tipo__sigla": "PROT", "tipo__descricao": "Protocolo", "autoria": "Guilherme de Lima Braga (Guilherme do Doce)", "texto_original": "http://sapl.pedroleopoldo.mg.leg.br/media/", "ementa": "Indica servi\u00e7os de limpeza (capina e ro\u00e7ada) na Rua Jos\u00e9 Neto Filho, Bairro Portal das Ac\u00e1cias, neste munic\u00edpio."}, {"id": "21015", "ano": "2022", "numero": "571", "tipo__sigla": "PROT", "tipo__descricao": "Protocolo", "autoria": "Cynthia Salom\u00e3o Bastos Faria", "texto_original": "http://sapl.pedroleopoldo.mg.leg.br/media/", "ementa": "VISTORIA E CONSTRU\u00c7\u00c3O DE MURO DE CONTEN\u00c7\u00c3O DO BARRANCO  DE TERRA LOCALIZADO A MAIS OU MENOS 1 KM ANTES DA FAZENDA GIRASSOL,  NA RODOVIA JOS\u00c9 PEDR\u00c3O, SENTIDO BAIRRO LAGOA DE SANTO ANT\u00d4NIO A FIDALGO."}, {"id": "21016", "ano": "2022", "numero": "572", "tipo__sigla": "PROT", "tipo__descricao": "Protocolo", "autoria": "Cynthia Salom\u00e3o Bastos Faria", "texto_original": "http://sapl.pedroleopoldo.mg.leg.br/media/", "ementa": "DIVIS\u00c3O DE BANHEIRO EM MASCULINO E FEMININO DA INSTITUI\u00c7\u00c3O ESCOLAR CEMAI EUG\u00caNIA DE BASTOS."}, {"id": "21017", "ano": "2022", "numero": "573", "tipo__sigla": "PROT", "tipo__descricao": "Protocolo", "autoria": "Cynthia Salom\u00e3o Bastos Faria", "texto_original": "http://sapl.pedroleopoldo.mg.leg.br/media/", "ementa": "SINALIZA\u00c7\u00c3O VERTICAL PROIBINDO PARAR E ESTACIONAR EM UM DOS LADOS DA AVENIDA CAMILO ALVES, SENTIDO LAGOA DE SANTO ANT\u00d4NIO, AP\u00d3S A PASSAGEM PELAS CORREIAS CENTRAIS DA HOLCIM, NA ALTURA DO N\u00daMERO 945."}, {"id": "21019", "ano": "2022", "numero": "574", "tipo__sigla": "PROT", "tipo__descricao": "Protocolo", "autoria": "Evaldo Geraldo do Carmo (Evaldo do A\u00e7ougue)", "texto_original": "http://sapl.pedroleopoldo.mg.leg.br/media/", "ementa": "Indica o recapeamento da 3\u00aa faixa implantada sentido bairro-centro, na Rua Agenor Teixeira Costa, em frente ao posto 1000."}, {"id": "21020", "ano": "2022", "numero": "575", "tipo__sigla": "PROT", "tipo__descricao": "Protocolo", "autoria": "Evaldo Geraldo do Carmo (Evaldo do A\u00e7ougue)", "texto_original": "http://sapl.pedroleopoldo.mg.leg.br/media/", "ementa": "Limpeza e desobstru\u00e7\u00e3o de bueiros das ruas: Ant\u00f4nio Dem\u00e9trio e Jos\u00e9 Pires Xavier Sobrinho, no Bairro Tri\u00e2ngulo, neste munic\u00edpio."}, {"id": "21021", "ano": "2022", "numero": "576", "tipo__sigla": "PROT", "tipo__descricao": "Protocolo", "autoria": "Evaldo Geraldo do Carmo (Evaldo do A\u00e7ougue)", "texto_original": "http://sapl.pedroleopoldo.mg.leg.br/media/", "ementa": "Indica opera\u00e7\u00e3o tapa-buracos na Rua Joaquim Tomaz de Aquino, no Bairro Lagoa de Santo Ant\u00f4nio, neste munic\u00edpio."}, {"id": "21022", "ano": "2022", "numero": "577", "tipo__sigla": "PROT", "tipo__descricao": "Protocolo", "autoria": "Evaldo Geraldo do Carmo (Evaldo do A\u00e7ougue)", "texto_original": "http://sapl.pedroleopoldo.mg.leg.br/media/", "ementa": "Indica opera\u00e7\u00e3o tapa-buracos na Rua Anhanguera, no Bairro Andyara, neste munic\u00edpio."}, {"id": "21023", "ano": "2022", "numero": "578", "tipo__sigla": "PROT", "tipo__descricao": "Protocolo", "autoria": "Cynthia Salom\u00e3o Bastos Faria", "texto_original": "http://sapl.pedroleopoldo.mg.leg.br/media/", "ementa": "REPETIDA: IND 486/2021 - Indica\u00e7\u00e3o\r\n\"MO\u00c7\u00c3O DE PARABENS PARA O PADRE MANOEL VEN\u00c2NCIO DE OLIVEIRA 16 ANOS DE SACERD\u00d3CIO \""}, {"id": "20477", "ano": "2022", "numero": "2", "tipo__sigla": "REP", "tipo__descricao": "Representa\u00e7\u00e3o", "autoria": "Jos\u00e9 Justino Pires Damaso", "texto_original": "http://sapl.pedroleopoldo.mg.leg.br/media/sapl/public/materialegislativa/2022/20477/representacao_02-22_-_jose_justino.pdf", "ementa": "No uso de minhas atribui\u00e7\u00f5es regimentais, solicito a Vossa Excel\u00eancia o encaminhamento de representa\u00e7\u00e3o \u00e0 Companhia de Saneamento de Minas Gerais - COPASA - pedindo esclarecimentos sobre o atraso no atendimento On-Line e a falta de data para os servi\u00e7os presenciais."}, {"id": "20639", "ano": "2022", "numero": "3", "tipo__sigla": "REP", "tipo__descricao": "Representa\u00e7\u00e3o", "autoria": "Frederico Henrique Cota Alves (Fred Piau)", "texto_original": "http://sapl.pedroleopoldo.mg.leg.br/media/sapl/public/materialegislativa/2022/20639/representacao_no003-2022_-_frederico_-_expresso_unir.pdf", "ementa": "Solicita o envio de representa\u00e7\u00e3o a UNIR TRANSPORTES para o retorno imediato do atendimento da linha Felipe Cl\u00e1udio Sales aos moradores do Bairro Morada dos Hibiscos."}, {"id": "20808", "ano": "2022", "numero": "4", "tipo__sigla": "REP", "tipo__descricao": "Representa\u00e7\u00e3o", "autoria": "Frederico Henrique Cota Alves (Fred Piau)", "texto_original": "http://sapl.pedroleopoldo.mg.leg.br/media/sapl/public/materialegislativa/2022/20808/representacao_no_004-2022_-_frederico_henrique_cota_alves.pdf", "ementa": "Solicita o envio de representa\u00e7\u00e3o a UNIR TRANSPORTES. \r\nSolicita a amplia\u00e7\u00e3o de mais um hor\u00e1rio da linha intermunicipal, n\u00famero 5287/5288, de itiner\u00e1rio Pedro Leopoldo a Mocambeiro, de prefer\u00eancia das 17:00 \u00e0s 17:30. Com o intuito de atender trabalhadores que devido \u00e0 falta desse hor\u00e1rio necessitam chegar mais cedo e largar mais cedo o servi\u00e7o, causando grandes transtornos \u00e0 rotina di\u00e1ria da empresa."}, {"id": "19836", "ano": "2022", "numero": "1", "tipo__sigla": "REQ", "tipo__descricao": "Requerimento", "autoria": "Matheus Utsch de Oliveira", "texto_original": "http://sapl.pedroleopoldo.mg.leg.br/media/sapl/public/materialegislativa/2022/19836/requerimento_01-22_-_ver._matheus.pdf", "ementa": "No uso de minhas atribui\u00e7\u00f5es regimentais, requeiro \u00e0 Excelent\u00edssima Senhora Prefeita enviar o cronograma de pagamento do IPCA dos servidores."}, {"id": "19837", "ano": "2022", "numero": "2", "tipo__sigla": "REQ", "tipo__descricao": "Requerimento", "autoria": "Matheus Utsch de Oliveira", "texto_original": "http://sapl.pedroleopoldo.mg.leg.br/media/sapl/public/materialegislativa/2022/19837/requerimento_02-22_-_ver._matheus.pdf", "ementa": "No uso de minhas atribui\u00e7\u00f5es regimentais, requeiro \u00e0 Excelent\u00edssima Senhora Prefeita enviar o cronograma de desassoreamento do Ribeir\u00e3o das Neves em 2022, bem como nos anos posteriores por ocasi\u00e3o do per\u00edodo de seca."}, {"id": "19867", "ano": "2022", "numero": "3", "tipo__sigla": "REQ", "tipo__descricao": "Requerimento", "autoria": "Matheus Utsch de Oliveira", "texto_original": "http://sapl.pedroleopoldo.mg.leg.br/media/sapl/public/materialegislativa/2022/19867/requerimento_003-22_ver._matheus.pdf", "ementa": "No uso de minhas atribui\u00e7\u00f5es regimentais, requeiro \u00e0 Excelent\u00edssima Senhora Prefeita enviar as seguintes informa\u00e7\u00f5es: Em quais escolas foram realizadas manuten\u00e7\u00f5es, reformas e amplia\u00e7\u00f5es de equipamentos escolares e quanto foi gasto por cada escola e reforma; qual a fonte do recurso das manuten\u00e7\u00f5es e reformas e o cronograma de reformas de cada escola."}, {"id": "19943", "ano": "2022", "numero": "4", "tipo__sigla": "REQ", "tipo__descricao": "Requerimento", "autoria": "Matheus Utsch de Oliveira", "texto_original": "http://sapl.pedroleopoldo.mg.leg.br/media/sapl/public/materialegislativa/2022/19943/requerimento_04-22_-_ver._matheus.pdf", "ementa": "No uso de minhas atribui\u00e7\u00f5es regimentais, requeiro \u00e0 Excelent\u00edssima Senhora Prefeita informa\u00e7\u00f5es sobre quais cargos municipais necessitam de concurso p\u00fablico e n\u00e3o est\u00e3o sendo ocupados por funcion\u00e1rios efetivos."}, {"id": "19944", "ano": "2022", "numero": "5", "tipo__sigla": "REQ", "tipo__descricao": "Requerimento", "autoria": "Warlen Alves da Silva", "texto_original": "http://sapl.pedroleopoldo.mg.leg.br/media/sapl/public/materialegislativa/2022/19944/requerimento_05-22_-_ver._warlen.pdf", "ementa": "No uso de minhas atribui\u00e7\u00f5es regimentais, requeiro a Excelent\u00edssima Sra. Prefeita informa\u00e7\u00f5es sobre situa\u00e7\u00e3o atual do projeto de regulariza\u00e7\u00e3o fundi\u00e1ria do Bairro Periquito, neste Munic\u00edpio."}, {"id": "19881", "ano": "2022", "numero": "6", "tipo__sigla": "REQ", "tipo__descricao": "Requerimento", "autoria": "Matheus Utsch de Oliveira", "texto_original": "http://sapl.pedroleopoldo.mg.leg.br/media/sapl/public/materialegislativa/2022/19881/requerimento_006_-22_ver._matheus.pdf", "ementa": "Requeiro a presen\u00e7a do Secret\u00e1rio Municipal de Meio Ambiente, o Sr. Mauro Lobato Martins, para dar explica\u00e7\u00f5es sobre a \u00c1rea de Prote\u00e7\u00e3o Especial do Urubu e o projeto dos Corredores Ecol\u00f3gicos de Pedro Leopoldo."}, {"id": "19981", "ano": "2022", "numero": "7", "tipo__sigla": "REQ", "tipo__descricao": "Requerimento", "autoria": "Frederico Henrique Cota Alves (Fred Piau)", "texto_original": "http://sapl.pedroleopoldo.mg.leg.br/media/sapl/public/materialegislativa/2022/19981/requerimento_007_-22_-_frederico.pdf", "ementa": "No uso de minhas atribui\u00e7\u00f5es regimentais, requeiro \u00e0 Excelent\u00edssima Senhora Prefeita a presta\u00e7\u00e3o de contas do que foi feito com os 3,5 milh\u00f5es de reais j\u00e1 pagos pelo governo estadual, referente \u00e0 PEC 68/2021 (Acordo da Vale)."}, {"id": "20012", "ano": "2022", "numero": "8", "tipo__sigla": "REQ", "tipo__descricao": "Requerimento", "autoria": "Matheus Utsch de Oliveira", "texto_original": "http://sapl.pedroleopoldo.mg.leg.br/media/sapl/public/materialegislativa/2022/20012/requerimento_08-22_-_ver._matheus.pdf", "ementa": "No uso de minhas atribui\u00e7\u00f5es regimentais, requeiro \u00e0 Excelent\u00edssima Senhora Prefeita o cronograma de pagamento das progress\u00f5es atrasadas dos efetivos, bem como o enquadramento."}, {"id": "20027", "ano": "2022", "numero": "9", "tipo__sigla": "REQ", "tipo__descricao": "Requerimento", "autoria": "Matheus Utsch de Oliveira", "texto_original": "http://sapl.pedroleopoldo.mg.leg.br/media/", "ementa": "No uso de minhas atribui\u00e7\u00f5es regimentais, requeiro \u00e0 Excelent\u00edssima Senhora Prefeita informa\u00e7\u00f5es do andamento do processo judicial do Mun\u00edcipio contra o Instituto Chico Mendes de Conserva\u00e7\u00e3o da Biodiversidade (ICMBio)."}, {"id": "19982", "ano": "2022", "numero": "10", "tipo__sigla": "REQ", "tipo__descricao": "Requerimento", "autoria": "Matheus Utsch de Oliveira", "texto_original": "http://sapl.pedroleopoldo.mg.leg.br/media/sapl/public/materialegislativa/2022/19982/requerimento_10-22_-__ver._matheus_utsch.pdf", "ementa": "No uso de minhas atribui\u00e7\u00f5es regimentais, requeiro a presen\u00e7a do Secret\u00e1rio Municipal de Administra\u00e7\u00e3o, o Sr. Marcos Felipe Silva Batista, para prestar esclarecimentos sobre o cronograma de pagamento das progress\u00f5es e incorpora\u00e7\u00f5es dos servidores p\u00fablicos."}, {"id": "20041", "ano": "2022", "numero": "11", "tipo__sigla": "REQ", "tipo__descricao": "Requerimento", "autoria": "Guilherme de Lima Braga (Guilherme do Doce)", "texto_original": "http://sapl.pedroleopoldo.mg.leg.br/media/sapl/public/materialegislativa/2022/20041/requerimento_11-22_-_ver._guilherme.pdf", "ementa": "No uso de minhas atribui\u00e7\u00f5es regimentais, requeiro \u00e0 Excelent\u00edssima Senhora Prefeita informa\u00e7\u00f5es quanto \u00e0 previs\u00e3o de reforma e de revitaliza\u00e7\u00e3o do Campo de Futebol do Terrestre, localizado nas vias: Rua Raimundo Joaquim de Souza e Rua Hon\u00f3rio In\u00e1cio, no Bairro Dom Camilo, neste munic\u00edpio."}, {"id": "20042", "ano": "2022", "numero": "12", "tipo__sigla": "REQ", "tipo__descricao": "Requerimento", "autoria": "Guilherme de Lima Braga (Guilherme do Doce)", "texto_original": "http://sapl.pedroleopoldo.mg.leg.br/media/sapl/public/materialegislativa/2022/20042/requerimento_12-22_-_ver._guilherme.pdf", "ementa": "No uso de minhas atribui\u00e7\u00f5es regimentais, requeiro \u00e0 Excelent\u00edssima Senhora Prefeita informa\u00e7\u00f5es quanto \u00e0 previs\u00e3o de reformas, melhorias e, principalmente, da extens\u00e3o de rede el\u00e9trica no Bairro Vila S\u00e3o Jo\u00e3o no Distrito de Dr. Lund, neste munic\u00edpio."}, {"id": "20043", "ano": "2022", "numero": "13", "tipo__sigla": "REQ", "tipo__descricao": "Requerimento", "autoria": "Matheus Utsch de Oliveira", "texto_original": "http://sapl.pedroleopoldo.mg.leg.br/media/sapl/public/materialegislativa/2022/20043/requerimento_13-22_-_ver._matheus.pdf", "ementa": "No uso de minhas atribui\u00e7\u00f5es regimentais, requeiro \u00e0 Excelent\u00edssima Senhora Prefeita todos os documentos e relat\u00f3rios da Lei n\u00ba 3.641 de 27 de dezembro de 2021 (que trata do subs\u00eddio tarif\u00e1rio do transporte coletivo) incluindo os do Sistema de Bilhetagem Eletr\u00f4nica dos meses de janeiro, fevereiro e mar\u00e7o."}, {"id": "20088", "ano": "2022", "numero": "14", "tipo__sigla": "REQ", "tipo__descricao": "Requerimento", "autoria": "Guilherme de Lima Braga (Guilherme do Doce)", "texto_original": "http://sapl.pedroleopoldo.mg.leg.br/media/sapl/public/materialegislativa/2022/20088/requerimento_no_14_-_22_ver._guilherme.pdf", "ementa": "Requer informa\u00e7\u00f5es quanto a previs\u00e3o para in\u00edcio das obras de Drenagem Pluvial na Avenida R\u00f4mulo Joviano."}, {"id": "20091", "ano": "2022", "numero": "15", "tipo__sigla": "REQ", "tipo__descricao": "Requerimento", "autoria": "Frederico Henrique Cota Alves (Fred Piau)", "texto_original": "http://sapl.pedroleopoldo.mg.leg.br/media/", "ementa": "No uso de minhas atribui\u00e7\u00f5es regimentais, requeiro \u00e0 Excelent\u00edssima Senhora Prefeita a presta\u00e7\u00e3o de contas detalhada do or\u00e7amento da sa\u00fade em 2021."}, {"id": "20184", "ano": "2022", "numero": "16", "tipo__sigla": "REQ", "tipo__descricao": "Requerimento", "autoria": "Matheus Utsch de Oliveira", "texto_original": "http://sapl.pedroleopoldo.mg.leg.br/media/sapl/public/materialegislativa/2022/20184/requerimento_16-2022_-_matheus__-_informacao_ticket.doc", "ementa": "No uso de minhas atribui\u00e7\u00f5es regimentais, requer \u00e0 Excelent\u00edssima Senhora Prefeita informa\u00e7\u00f5es se o Ticket de alimenta\u00e7\u00e3o e o valor teto que d\u00e1 direito ao recebimento ser\u00e3o reajustados pelo IPCA."}, {"id": "20244", "ano": "2022", "numero": "17", "tipo__sigla": "REQ", "tipo__descricao": "Requerimento", "autoria": "Matheus Utsch de Oliveira", "texto_original": "http://sapl.pedroleopoldo.mg.leg.br/media/sapl/public/materialegislativa/2022/20244/requerimento_17-22.pdf", "ementa": "No uso de minhas atribui\u00e7\u00f5es regimentais, requer \u00e0 Excelent\u00edssima Senhora Prefeita informa\u00e7\u00f5es sobre a regulamenta\u00e7\u00e3o e aplica\u00e7\u00e3o da legisla\u00e7\u00e3o dos taxistas, Lei n\u00ba 3.629, de 07 de Dezembro de 2021."}, {"id": "20185", "ano": "2022", "numero": "18", "tipo__sigla": "REQ", "tipo__descricao": "Requerimento", "autoria": "Leonardo Pereira Ribeiro (Leoz\u00e3o)", "texto_original": "http://sapl.pedroleopoldo.mg.leg.br/media/sapl/public/materialegislativa/2022/20185/requerimento_18-2022_-_todos_vereadores_-_endemias.doc", "ementa": "No uso de nossas atribui\u00e7\u00f5es regimentais, requeremos que seja garantido o piso salarial de no m\u00ednimo 02 (dois) sal\u00e1rios m\u00ednimos aos Agentes Comunit\u00e1rios de Sa\u00fade e Agentes Comunit\u00e1rios de Combate a Endemias, bem como o direito ao adicional de insalubridade conforme Emenda Constitucional n\u00ba 120."}, {"id": "20225", "ano": "2022", "numero": "19", "tipo__sigla": "REQ", "tipo__descricao": "Requerimento", "autoria": "Matheus Utsch de Oliveira", "texto_original": "http://sapl.pedroleopoldo.mg.leg.br/media/sapl/public/materialegislativa/2022/20225/requerimento_19-2022_-_ver._frederico.pdf", "ementa": "No uso de minhas atribui\u00e7\u00f5es regimentais, requeiro ao Excelent\u00edssimo Senhor Presidente da C\u00e2mara a autoriza\u00e7\u00e3o e cess\u00e3o do plen\u00e1rio para realiza\u00e7\u00e3o de audi\u00eancia p\u00fablica para tratar sobre a situa\u00e7\u00e3o atual do Ceppel e sobre o futuro da institui\u00e7\u00e3o."}, {"id": "20226", "ano": "2022", "numero": "20", "tipo__sigla": "REQ", "tipo__descricao": "Requerimento", "autoria": "Matheus Utsch de Oliveira", "texto_original": "http://sapl.pedroleopoldo.mg.leg.br/media/sapl/public/materialegislativa/2022/20226/requerimento_20-2022-__ver._matheus_.pdf", "ementa": "No uso de minhas atribui\u00e7\u00f5es regimentais, requeiro \u00e0 Excelent\u00edssima Senhora Prefeita informa\u00e7\u00f5es sobre as reuni\u00f5es do Conselho de Planejamento Urbano que n\u00e3o ocorrem desde dezembro e deveriam ser mensais."}, {"id": "20227", "ano": "2022", "numero": "21", "tipo__sigla": "REQ", "tipo__descricao": "Requerimento", "autoria": "Matheus Utsch de Oliveira", "texto_original": "http://sapl.pedroleopoldo.mg.leg.br/media/sapl/public/materialegislativa/2022/20227/requerimento_21-2022_-_ver._matheus.pdf", "ementa": "No uso de minhas atribui\u00e7\u00f5es regimentais, requeiro \u00e0 Excelent\u00edssima Senhora Prefeita informa\u00e7\u00f5es sobre a situa\u00e7\u00e3o da licita\u00e7\u00e3o para o projeto de arboriza\u00e7\u00e3o e plantio conforme emenda impositiva na Lei Or\u00e7ament\u00e1ria."}, {"id": "20355", "ano": "2022", "numero": "22", "tipo__sigla": "REQ", "tipo__descricao": "Requerimento", "autoria": "Todos os Vereadores", "texto_original": "http://sapl.pedroleopoldo.mg.leg.br/media/sapl/public/materialegislativa/2022/20355/requerimento_22-22_-_cpi.pdf", "ementa": "requerem ao Presidente da C\u00e2mara Municipal de Pedro Leopoldo que seja instaurada Comiss\u00e3o Parlamentar de Inqu\u00e9rito - CPI - para apurar den\u00fancias contra a administra\u00e7\u00e3o p\u00fablica municipal sobre o Centro Poliesportivo de Pedro Leopoldo - CEPPEL."}, {"id": "20375", "ano": "2022", "numero": "23", "tipo__sigla": "REQ", "tipo__descricao": "Requerimento", "autoria": "Matheus Utsch de Oliveira", "texto_original": "http://sapl.pedroleopoldo.mg.leg.br/media/sapl/public/materialegislativa/2022/20375/requerimento_-_23-2022_-_ver._matheus.pdf", "ementa": "No uso de minhas atribui\u00e7\u00f5es regimentais, requeiro \u00e0 Excelent\u00edssima Senhora Prefeita informa\u00e7\u00f5es sobre o projeto e destina\u00e7\u00e3o de verbas federais para o Parque Maxacali nos anos de 2021 e 2022."}, {"id": "20395", "ano": "2022", "numero": "24", "tipo__sigla": "REQ", "tipo__descricao": "Requerimento", "autoria": "Matheus Utsch de Oliveira, Eldir Jos\u00e9 Batista (Baixinho da Garagem), Evaldo Geraldo do Carmo (Evaldo do A\u00e7ougue), Frederico Henrique Cota Alves (Fred Piau), Guilherme de Lima Braga (Guilherme do Doce), Jos\u00e9 Justino Pires Damaso, Leonardo Pereira Ribeiro (Leoz\u00e3o), Mauro J\u00fanior Lopes Francisco, Rafael Vieira Faria (Rafa), Warlen Alves da Silva", "texto_original": "http://sapl.pedroleopoldo.mg.leg.br/media/sapl/public/materialegislativa/2022/20395/requerimento_24-2022_-_ver._matheus_e_vereadores.pdf", "ementa": "No uso de nossas atribui\u00e7\u00f5es regimentais, requeremos \u00e0 Excelent\u00edssima Senhora Prefeita informa\u00e7\u00f5es e questionamentos sobre o Centro Poliesportivo de Pedro Leopoldo - CEPPEL: Qual a situa\u00e7\u00e3o de Vigil\u00e2ncia do Im\u00f3vel; Qual o planejamento para reintegra\u00e7\u00e3o de Posse das \u00e1reas invadidas no complexo; Qual o cronograma de utiliza\u00e7\u00e3o do complexo; Quais os motivos para aus\u00eancia de port\u00e3o e melhor controle de acesso; Qual o planejamento para conserva\u00e7\u00e3o do Gin\u00e1sio; Qual o planejamento para coibir a utiliza\u00e7\u00e3o do local para uso de drogas il\u00edcitas e entorpecentes; O que j\u00e1 foi investido e gasto pelo Munic\u00edpio nos \u00faltimos 02 (dois) anos para manuten\u00e7\u00e3o e reformas do Complexo."}, {"id": "20396", "ano": "2022", "numero": "25", "tipo__sigla": "REQ", "tipo__descricao": "Requerimento", "autoria": "Guilherme de Lima Braga (Guilherme do Doce)", "texto_original": "http://sapl.pedroleopoldo.mg.leg.br/media/sapl/public/materialegislativa/2022/20396/requerimento_25-2022_-_ver._guilherme.pdf", "ementa": "No uso de minhas atribui\u00e7\u00f5es regimentais, requeiro \u00e0 Excelent\u00edssima Senhora Prefeita informa\u00e7\u00f5es quanto a implanta\u00e7\u00e3o do SAMU, neste Munic\u00edpio."}, {"id": "20397", "ano": "2022", "numero": "26", "tipo__sigla": "REQ", "tipo__descricao": "Requerimento", "autoria": "Warlen Alves da Silva", "texto_original": "http://sapl.pedroleopoldo.mg.leg.br/media/sapl/public/materialegislativa/2022/20397/requerimento_26-2022_-_ver._warlen.pdf", "ementa": "No uso de minhas atribui\u00e7\u00f5es regimentais, requeiro a Excelent\u00edssima Sra. Prefeita informa\u00e7\u00f5es sobre a emenda parlamentar enviada a Escola Raimundo Salvador no valor de 100 mil reais para aquisi\u00e7\u00e3o de mob\u00edlias."}, {"id": "20448", "ano": "2022", "numero": "27", "tipo__sigla": "REQ", "tipo__descricao": "Requerimento", "autoria": "Matheus Utsch de Oliveira", "texto_original": "http://sapl.pedroleopoldo.mg.leg.br/media/sapl/public/materialegislativa/2022/20448/requerimento_27-2022_-_ver._matheus_.pdf", "ementa": "No uso de minhas atribui\u00e7\u00f5es regimentais, requeiro \u00e0 Excelent\u00edssima Senhora Prefeita informa\u00e7\u00f5es sobre a falta de recepcionistas, no Pronto Atendimento \u2013 P.A, especificamente, aos domingos e, se h\u00e1 um plano para resolver este problema para que n\u00e3o ocorra novamente"}, {"id": "20479", "ano": "2022", "numero": "28", "tipo__sigla": "REQ", "tipo__descricao": "Requerimento", "autoria": "Matheus Utsch de Oliveira", "texto_original": "http://sapl.pedroleopoldo.mg.leg.br/media/sapl/public/materialegislativa/2022/20479/requerimento_28-22.pdf", "ementa": "No uso de minhas atribui\u00e7\u00f5es regimentais, requeiro \u00e0 Excelent\u00edssima Senhora Prefeita c\u00f3pia dos relat\u00f3rios dos meses de abril, maio e junho, descrito na Lei n\u00ba 3.654, de 19 de maio de 2022. \u201c a fim de conferir maior transpar\u00eancia \u00e0 aplica\u00e7\u00e3o do subs\u00eddio de que trata esta lei."}, {"id": "20480", "ano": "2022", "numero": "29", "tipo__sigla": "REQ", "tipo__descricao": "Requerimento", "autoria": "Matheus Utsch de Oliveira", "texto_original": "http://sapl.pedroleopoldo.mg.leg.br/media/sapl/public/materialegislativa/2022/20480/requerimento_29-22.pdf", "ementa": "No uso de minhas atribui\u00e7\u00f5es regimentais, requeiro \u00e0 Excelent\u00edssima Senhora Prefeita informa\u00e7\u00f5es sobre quais medidas foram tomadas pela Secretaria de Sa\u00fade em rela\u00e7\u00e3o as den\u00fancias de irregularidades, no uso indevido de ambul\u00e2ncias por funcion\u00e1rio terceirizado."}, {"id": "20503", "ano": "2022", "numero": "30", "tipo__sigla": "REQ", "tipo__descricao": "Requerimento", "autoria": "Frederico Henrique Cota Alves (Fred Piau)", "texto_original": "http://sapl.pedroleopoldo.mg.leg.br/media/sapl/public/materialegislativa/2022/20503/requerimento_no_30-2022_ver._frederico_henrique_cota_alves.pdf", "ementa": "No uso de minhas atribui\u00e7\u00f5es regimentais, requer \u00e0 Excelent\u00edssima Senhora Prefeita a c\u00f3pia dos documentos descriminando o nome de todas as Associa\u00e7\u00f5es Municipais cadastradas na Prefeitura; quantas est\u00e3o ativas; quantas possuem d\u00e9bitos ou se encontram inativas; quantas possuem im\u00f3vel p\u00fablico ou terreno em comodato; se a Prefeitura pode retomar estes locais para um melhor uso e qual a estrat\u00e9gia adotada para resolver os problemas de todas associa\u00e7\u00f5es inativas."}, {"id": "20504", "ano": "2022", "numero": "31", "tipo__sigla": "REQ", "tipo__descricao": "Requerimento", "autoria": "Frederico Henrique Cota Alves (Fred Piau)", "texto_original": "http://sapl.pedroleopoldo.mg.leg.br/media/sapl/public/materialegislativa/2022/20504/requerimento_no_31-2022_ver._frederico_henrique_cota_alves.pdf", "ementa": "No uso de minhas atribui\u00e7\u00f5es regimentais, reitero a Excelent\u00edssima Senhora Prefeita o Requerimento n\u00ba 77/2021, de minha autoria, por meio do qual solicitei as seguintes informa\u00e7\u00f5es: qual o motivo do descumprimento do prazo acordado entre a Prefeitura e o representante da empresa que fez o loteamento do Bairro Morada dos Hibiscos, pois o prazo estabelecido em 2019 era seis meses; qual a justificativa em n\u00e3o entregar a esta\u00e7\u00e3o elevat\u00f3ria de esgoto aos moradores do bairro e  qual a justificativa em n\u00e3o entregar os postes e bra\u00e7os de ilumina\u00e7\u00e3o que ainda faltam."}, {"id": "20505", "ano": "2022", "numero": "32", "tipo__sigla": "REQ", "tipo__descricao": "Requerimento", "autoria": "Matheus Utsch de Oliveira", "texto_original": "http://sapl.pedroleopoldo.mg.leg.br/media/sapl/public/materialegislativa/2022/20505/requerimento_no_32-2022_ver._matheus_utsch_de_oliveira.pdf", "ementa": "No uso de minhas atribui\u00e7\u00f5es regimentais, requeiro \u00e0 Excelent\u00edssima Senhora Prefeita informa\u00e7\u00f5es sobre o contrato de estacionamento nas \u00e1reas p\u00fablicas do CEPPEL e da Pra\u00e7a da Esta\u00e7\u00e3o."}, {"id": "20524", "ano": "2022", "numero": "33", "tipo__sigla": "REQ", "tipo__descricao": "Requerimento", "autoria": "Frederico Henrique Cota Alves (Fred Piau)", "texto_original": "http://sapl.pedroleopoldo.mg.leg.br/media/sapl/public/materialegislativa/2022/20524/requerimento_no_33-2022_ver._frederico_henrique.pdf", "ementa": "No uso de minhas atribui\u00e7\u00f5es regimentais, requeiro \u00e0 Excelent\u00edssima Senhora Prefeita a presta\u00e7\u00e3o de contas detalhada das emendas parlamentares, conv\u00eanios federais e estaduais que o munic\u00edpio recebeu no ano de 2021 e 2022. Al\u00e9m das emendas e conv\u00eanios (estaduais e federais) que est\u00e3o em execu\u00e7\u00e3o este ano, recebidas em anos anteriores."}, {"id": "20525", "ano": "2022", "numero": "34", "tipo__sigla": "REQ", "tipo__descricao": "Requerimento", "autoria": "Frederico Henrique Cota Alves (Fred Piau)", "texto_original": "http://sapl.pedroleopoldo.mg.leg.br/media/sapl/public/materialegislativa/2022/20525/requerimento_no_34-2022_ver._frederico_henrique.pdf", "ementa": "No uso de minhas atribui\u00e7\u00f5es regimentais, requer o cumprimento da Lei Municipal n\u00ba 3.052/2008 e a ativa\u00e7\u00e3o do Conselho Municipal de Pol\u00edticas Culturais."}, {"id": "20506", "ano": "2022", "numero": "35", "tipo__sigla": "REQ", "tipo__descricao": "Requerimento", "autoria": "Matheus Utsch de Oliveira", "texto_original": "http://sapl.pedroleopoldo.mg.leg.br/media/sapl/public/materialegislativa/2022/20506/requerimento_no_35-2022_ver._matheus_utsch_de_oliveira.pdf", "ementa": "No uso de minhas atribui\u00e7\u00f5es regimentais, requeiro \u00e0 Vossa Excelent\u00edssima Senhora Prefeita informa\u00e7\u00f5es se a licita\u00e7\u00e3o dos estacionamentos rotativos contempla as vagas proporcionais ao n\u00famero de motos emplacadas na cidade."}, {"id": "20612", "ano": "2022", "numero": "36", "tipo__sigla": "REQ", "tipo__descricao": "Requerimento", "autoria": "Frederico Henrique Cota Alves (Fred Piau)", "texto_original": "http://sapl.pedroleopoldo.mg.leg.br/media/sapl/public/materialegislativa/2022/20612/requerimento_36-22.pdf", "ementa": "No uso de minhas atribui\u00e7\u00f5es regimentais, requeiro \u00e0 Vossa Excelent\u00edssima Senhora Prefeita informa\u00e7\u00e3o em rela\u00e7\u00e3o ao cumprimento da Lei Estadual 23.676/2020, que disp\u00f5e sobre o prazo de validade do laudo m\u00e9dico-pericial que atesta Transtorno do Espectro do Autismo \u2013 TEA \u2013, para os fins que especifica."}, {"id": "20547", "ano": "2022", "numero": "37", "tipo__sigla": "REQ", "tipo__descricao": "Requerimento", "autoria": "Leonardo Pereira Ribeiro (Leoz\u00e3o)", "texto_original": "http://sapl.pedroleopoldo.mg.leg.br/media/sapl/public/materialegislativa/2022/20547/requerimento_37-22_-_ver._leonardo.pdf", "ementa": "No uso de minhas atribui\u00e7\u00f5es regimentais, requeiro ao Presidente, que consultado o Plen\u00e1rio seja inclu\u00eddo em pauta para vota\u00e7\u00e3o, o Projeto de Lei n.\u00ba 15/2022 e/ou seu substitutivo n\u00ba 03 com base no disposto inciso VII, art. 136 do Regimento Interno."}, {"id": "20610", "ano": "2022", "numero": "38", "tipo__sigla": "REQ", "tipo__descricao": "Requerimento", "autoria": "Frederico Henrique Cota Alves (Fred Piau)", "texto_original": "http://sapl.pedroleopoldo.mg.leg.br/media/sapl/public/materialegislativa/2022/20610/requerimento_38-2022_-_frederico_-_cessao_plenario_para_audiencia_sobre_concessao_de_credito.doc", "ementa": "No uso de minhas atribui\u00e7\u00f5es regimentais, requeiro \u00e0 Excelent\u00edssima Senhora Prefeita, solicitar a cess\u00e3o do plen\u00e1rio para realiza\u00e7\u00e3o de Audi\u00eancia P\u00fablica com o objetivo de dar total transpar\u00eancia ao Projeto 15/2022 -Autoriza o Poder Executivo a contratar opera\u00e7\u00e3o de cr\u00e9dito com a Caixa Econ\u00f4mica Federal (CAIXA), a oferecer garantias e d\u00e1 outras provid\u00eancias. E tamb\u00e9m para trazer esclarecimento \u00e0 popula\u00e7\u00e3o sobre o FINISA."}, {"id": "20611", "ano": "2022", "numero": "39", "tipo__sigla": "REQ", "tipo__descricao": "Requerimento", "autoria": "Matheus Utsch de Oliveira", "texto_original": "http://sapl.pedroleopoldo.mg.leg.br/media/sapl/public/materialegislativa/2022/20611/requerimento_39-22_-_retirado.pdf", "ementa": "No uso de minhas atribui\u00e7\u00f5es regimentais, requeiro ao Excelent\u00edssimo Senhor Presidente que o parecer jur\u00eddico do Projeto de Lei 38/2022, \u201cAltera o art. 38-A e altera os anexos I, II e VII da Lei Municipal n\u00ba 3.597, de 15 de abril de 2021, que: Institui o Plano de Cargos, Carreiras e Vencimentos dos servidores p\u00fablicos do Poder Legislativo do Munic\u00edpio de Pedro Leopoldo e d\u00e1 provid\u00eancias, seja feito por servidor efetivo da C\u00e2mara."}, {"id": "20662", "ano": "2022", "numero": "40", "tipo__sigla": "REQ", "tipo__descricao": "Requerimento", "autoria": "Matheus Utsch de Oliveira", "texto_original": "http://sapl.pedroleopoldo.mg.leg.br/media/sapl/public/materialegislativa/2022/20662/requerimento_no_40_-_matheus.pdf", "ementa": "Requer informa\u00e7\u00f5es sobre o pagamento do piso e da insalubridade sobre o sal\u00e1rio base dos agentes de endemias e comunit\u00e1rios da sa\u00fade."}, {"id": "20663", "ano": "2022", "numero": "41", "tipo__sigla": "REQ", "tipo__descricao": "Requerimento", "autoria": "Matheus Utsch de Oliveira", "texto_original": "http://sapl.pedroleopoldo.mg.leg.br/media/sapl/public/materialegislativa/2022/20663/requerimento_no_41_-_matheus.pdf", "ementa": "Requer informa\u00e7\u00f5es sobre a cobran\u00e7a por barraquinha dos feirantes."}, {"id": "20664", "ano": "2022", "numero": "42", "tipo__sigla": "REQ", "tipo__descricao": "Requerimento", "autoria": "Frederico Henrique Cota Alves (Fred Piau)", "texto_original": "http://sapl.pedroleopoldo.mg.leg.br/media/sapl/public/materialegislativa/2022/20664/requerimento_42-22_-_fredpiau.pdf", "ementa": "Requer informa\u00e7\u00f5es detalhadas sobre o que ser\u00e1 feito com os R$2.402.017,99 (Dois Milh\u00f5es e quatrocentos e dois mil e dezessete reais e noventa e nove centavos), referente ao contrato 14/2022 com a CAIXA ECONOMICA FEDERAL, derivado do Processo Licitat\u00f3rio 15/2022."}, {"id": "20665", "ano": "2022", "numero": "43", "tipo__sigla": "REQ", "tipo__descricao": "Requerimento", "autoria": "Matheus Utsch de Oliveira", "texto_original": "http://sapl.pedroleopoldo.mg.leg.br/media/sapl/public/materialegislativa/2022/20665/requerimento_no_043-2022_-_matheus_utsch_de_oliveira_-_cjr.pdf", "ementa": "Requer informa\u00e7\u00f5es sobre a previs\u00e3o de reajuste e pagamento do piso dos professores.\r\neduca\u00e7\u00e3o"}, {"id": "20666", "ano": "2022", "numero": "44", "tipo__sigla": "REQ", "tipo__descricao": "Requerimento", "autoria": "Matheus Utsch de Oliveira", "texto_original": "http://sapl.pedroleopoldo.mg.leg.br/media/sapl/public/materialegislativa/2022/20666/requerimento_no_044-2022_-_matheus_utsch_de_oliveira_-_cjr.pdf", "ementa": "Requer informa\u00e7\u00f5es sobre quais medidas e a\u00e7\u00f5es foram tomadas pela prefeitura, frente aos problemas recentes na Lagoa de Santo Ant\u00f4nio.\r\nmeio ambiente, ecologia"}, {"id": "20691", "ano": "2022", "numero": "45", "tipo__sigla": "REQ", "tipo__descricao": "Requerimento", "autoria": "Matheus Utsch de Oliveira", "texto_original": "http://sapl.pedroleopoldo.mg.leg.br/media/", "ementa": "Requer informa\u00e7\u00f5es, de forma descriminada, sobre qual a real situa\u00e7\u00e3o de execu\u00e7\u00e3o das emendas impositivas de cada vereador na Lei Or\u00e7ament\u00e1ria Anual (LOA) de 2022."}, {"id": "20692", "ano": "2022", "numero": "46", "tipo__sigla": "REQ", "tipo__descricao": "Requerimento", "autoria": "Frederico Henrique Cota Alves (Fred Piau)", "texto_original": "http://sapl.pedroleopoldo.mg.leg.br/media/sapl/public/materialegislativa/2022/20692/requerimento_no_046-2022_-_frederico_henrique_cota_alves.pdf", "ementa": "Requer a presta\u00e7\u00e3o de contas detalhadas e toda a documenta\u00e7\u00e3o referente ao Processo de Inexigibilidade 01/2022 firmado com a Liga de Futebol de Pedro Leopoldo. Solicito tamb\u00e9m:\r\n- O plano de trabalho apresentado pela LIGA.\r\n- As presta\u00e7\u00f5es de contas j\u00e1 apresentadas pela LIGA.\r\n- Motivo e documentos, notificando o motivo da paralisa\u00e7\u00e3o do conv\u00eanio.\r\n- Valores j\u00e1 pagos pela Prefeitura."}, {"id": "20722", "ano": "2022", "numero": "47", "tipo__sigla": "REQ", "tipo__descricao": "Requerimento", "autoria": "Frederico Henrique Cota Alves (Fred Piau)", "texto_original": "http://sapl.pedroleopoldo.mg.leg.br/media/sapl/public/materialegislativa/2022/20722/requerimento_no_047-2022_-_frederico_henrique_cota_alves.pdf", "ementa": "Requer as seguintes informa\u00e7\u00f5es:\r\n1) Quantas Carteiras de Identifica\u00e7\u00e3o da Pessoa diagnosticada com Transtorno Espectro Autista, foram emitidas em nosso munic\u00edpio?\r\n2)  As pessoas diagnosticadas com Transtorno Espectro Autista est\u00e3o tendo direito a credencial de atendimento priorit\u00e1rio? Se sim. Quantas credenciais foram emitidas?"}, {"id": "20723", "ano": "2022", "numero": "48", "tipo__sigla": "REQ", "tipo__descricao": "Requerimento", "autoria": "Frederico Henrique Cota Alves (Fred Piau)", "texto_original": "http://sapl.pedroleopoldo.mg.leg.br/media/sapl/public/materialegislativa/2022/20723/requerimento_no_048-2022_-_frederico_henrique_cota_alves.pdf", "ementa": "Requer o ANEXO III dos meses de janeiro a setembro de 2022, com as informa\u00e7\u00f5es do FUNDO DE MANUTEN\u00c7\u00c3O E DESENVOLVIMENTO DO ENSINO FUNDAMENTAL E DE VALORIZA\u00c7\u00c3O DO MAGIST\u00c9RIO, QUADRO DEMONSTRATIVO DOS RECURSOS RECEBIDOS E SUA APLICA\u00c7\u00c3O.\r\nSolicito que seja enviado a ficha j\u00e1 com valores liquidados."}, {"id": "20724", "ano": "2022", "numero": "49", "tipo__sigla": "REQ", "tipo__descricao": "Requerimento", "autoria": "Matheus Utsch de Oliveira", "texto_original": "http://sapl.pedroleopoldo.mg.leg.br/media/sapl/public/materialegislativa/2022/20724/requerimento_049-2022_-_matheus_-_quadro_avaliacao_servidor.docx", "ementa": "Requer as  informa\u00e7\u00f5es e documentos das avalia\u00e7\u00f5es de desempenho dos \u00faltimos 4 anos da funcion\u00e1ria Isabelle Sofia Avelar de Goes e as advert\u00eancias realizadas no mesmo per\u00edodo."}, {"id": "20746", "ano": "2022", "numero": "50", "tipo__sigla": "REQ", "tipo__descricao": "Requerimento", "autoria": "Matheus Utsch de Oliveira", "texto_original": "http://sapl.pedroleopoldo.mg.leg.br/media/sapl/public/materialegislativa/2022/20746/requerimento_no_050-2022_-_matheus_utsch_de_oliveira_-_retirado.pdf", "ementa": "Requer informa\u00e7\u00f5es sobre quando ser\u00e1 a convoca\u00e7\u00e3o dos participantes aprovados no processo seletivo para Agente Comunit\u00e1rio de Sa\u00fade (ACS)."}, {"id": "20830", "ano": "2022", "numero": "51", "tipo__sigla": "REQ", "tipo__descricao": "Requerimento", "autoria": "Matheus Utsch de Oliveira", "texto_original": "http://sapl.pedroleopoldo.mg.leg.br/media/sapl/public/materialegislativa/2022/20830/requerimento_no_051-2022_-_matheus_utsch_de_oliveira.pdf", "ementa": "Requer informa\u00e7\u00f5es sobre quais medidas ser\u00e3o tomadas para se evitar acidentes graves no cruzamento entre a Av. Araguaia e R. Paranaiara, no Bairro Andiara."}, {"id": "20887", "ano": "2022", "numero": "52", "tipo__sigla": "REQ", "tipo__descricao": "Requerimento", "autoria": "Matheus Utsch de Oliveira", "texto_original": "http://sapl.pedroleopoldo.mg.leg.br/media/sapl/public/materialegislativa/2022/20887/requerimento_no_052-2022_-_matheus_utsch_de_oliveira.pdf", "ementa": "Requer informa\u00e7\u00f5es se h\u00e1 ci\u00eancia sobre o descumprimento de lei por n\u00e3o responder requerimentos, especificamente, o requerimento 24/2022, sobre o CEPPEL."}, {"id": "20888", "ano": "2022", "numero": "53", "tipo__sigla": "REQ", "tipo__descricao": "Requerimento", "autoria": "Matheus Utsch de Oliveira", "texto_original": "http://sapl.pedroleopoldo.mg.leg.br/media/sapl/public/materialegislativa/2022/20888/requerimento_no_053-2022_-_matheus_utsch_de_oliveira.pdf", "ementa": "Requer informa\u00e7\u00f5es sobre a previs\u00e3o de desassoreamento nos ribeir\u00f5es no m\u00eas de novembro."}, {"id": "20932", "ano": "2022", "numero": "54", "tipo__sigla": "REQ", "tipo__descricao": "Requerimento", "autoria": "Guilherme de Lima Braga (Guilherme do Doce)", "texto_original": "http://sapl.pedroleopoldo.mg.leg.br/media/sapl/public/materialegislativa/2022/20932/requerimento_no_054-2022_-_guilherme_de_lima_braga.pdf", "ementa": "No uso de minhas atribui\u00e7\u00f5es regimentais, requeiro ao Excelent\u00edssimo Senhor Presidente que o Projeto de Lei n\u00ba 59/2022 tramite mediante a dispensa dos procedimentos regimentais, nos termos do art. 26, \u00a75\u00ba do Regimento Interno."}, {"id": "20979", "ano": "2022", "numero": "55", "tipo__sigla": "REQ", "tipo__descricao": "Requerimento", "autoria": "Matheus Utsch de Oliveira", "texto_original": "http://sapl.pedroleopoldo.mg.leg.br/media/sapl/public/materialegislativa/2022/20979/requerimento_no_055-2022_-_matheus_utsch_de_oliveira.pdf", "ementa": "Requer informa\u00e7\u00f5es se h\u00e1 possibilidade de o sistema de rotativo fazer cobran\u00e7a pelo tempo de uso e n\u00e3o pelo tempo integral."}, {"id": "20980", "ano": "2022", "numero": "56", "tipo__sigla": "REQ", "tipo__descricao": "Requerimento", "autoria": "Matheus Utsch de Oliveira", "texto_original": "http://sapl.pedroleopoldo.mg.leg.br/media/sapl/public/materialegislativa/2022/20980/requerimento_no_056-2022_-_matheus_utsch_de_oliveira.pdf", "ementa": "Requer informa\u00e7\u00f5es, reiterando os pedidos n\u00e3o contemplados no Requerimento 24/2022, sendo mais exato:\r\n1 - H\u00e1 previs\u00e3o de vigilantes no local?\r\n2 - J\u00e1 houve processo jur\u00eddico de reintegra\u00e7\u00e3o de posse?\r\n3 - Quando o CEPPEL ser\u00e1 fechado para as reformas previstas?\r\n4 - Qual o projeto e valores da reforma?"}, {"id": "21007", "ano": "2022", "numero": "57", "tipo__sigla": "REQ", "tipo__descricao": "Requerimento", "autoria": "Matheus Utsch de Oliveira", "texto_original": "http://sapl.pedroleopoldo.mg.leg.br/media/sapl/public/materialegislativa/2022/21007/requerimento_no_057-2022_-_matheus_utsch_de_oliveira.pdf", "ementa": "Requer informa\u00e7\u00f5es sobre o cronograma de instala\u00e7\u00e3o dos brinquedos/playground nas pra\u00e7as da cidade."}, {"id": "21008", "ano": "2022", "numero": "58", "tipo__sigla": "REQ", "tipo__descricao": "Requerimento", "autoria": "Matheus Utsch de Oliveira", "texto_original": "http://sapl.pedroleopoldo.mg.leg.br/media/sapl/public/materialegislativa/2022/21008/requerimento_no_058-2022_-_matheus_utsch_de_oliveira.pdf", "ementa": "Requer informa\u00e7\u00f5es se h\u00e1 solicita\u00e7\u00e3o da prefeitura aos donos de ca\u00e7ambas sobre a necessidade de colocar faixa reflexiva nas ca\u00e7ambas."}, {"id": "21036", "ano": "2022", "numero": "59", "tipo__sigla": "REQ", "tipo__descricao": "Requerimento", "autoria": "Matheus Utsch de Oliveira", "texto_original": "http://sapl.pedroleopoldo.mg.leg.br/media/sapl/public/materialegislativa/2022/21036/requerimento_no_059-2022_-_matheus_utsch_de_oliveira.pdf", "ementa": "Requer informa\u00e7\u00f5es sobre a requalifica\u00e7\u00e3o do hor\u00e1rio de \u00f4nibus de Fidalgo/Quinta do Sumidoro, antes da pandemia \u00e0s 04:20, visto que diversos moradores trabalham em outras cidades"}, {"id": "22031", "ano": "2022", "numero": "1", "tipo__sigla": "MUL", "tipo__descricao": "Comenda Mulher Nota 10", "autoria": "Eldir Jos\u00e9 Batista (Baixinho da Garagem)", "texto_original": "http://sapl.pedroleopoldo.mg.leg.br/media/", "ementa": "Maria Madalena Fidelis"}, {"id": "22032", "ano": "2022", "numero": "2", "tipo__sigla": "MUL", "tipo__descricao": "Comenda Mulher Nota 10", "autoria": "Warlen Alves da Silva", "texto_original": "http://sapl.pedroleopoldo.mg.leg.br/media/", "ementa": "Geralda Eust\u00e1quia Vieira dos Santos"}, {"id": "22033", "ano": "2022", "numero": "3", "tipo__sigla": "MUL", "tipo__descricao": "Comenda Mulher Nota 10", "autoria": "Mauro J\u00fanior Lopes Francisco", "texto_original": "http://sapl.pedroleopoldo.mg.leg.br/media/", "ementa": "Maria das Dores Melo"}, {"id": "22034", "ano": "2022", "numero": "4", "tipo__sigla": "MUL", "tipo__descricao": "Comenda Mulher Nota 10", "autoria": "Guilherme de Lima Braga (Guilherme do Doce)", "texto_original": "http://sapl.pedroleopoldo.mg.leg.br/media/", "ementa": "Renata N\u00e1dia de Barros Damaso"}, {"id": "22035", "ano": "2022", "numero": "5", "tipo__sigla": "MUL", "tipo__descricao": "Comenda Mulher Nota 10", "autoria": "Evaldo Geraldo do Carmo (Evaldo do A\u00e7ougue)", "texto_original": "http://sapl.pedroleopoldo.mg.leg.br/media/", "ementa": "Raquel Hil\u00e1rio Lima"}, {"id": "22036", "ano": "2022", "numero": "6", "tipo__sigla": "MUL", "tipo__descricao": "Comenda Mulher Nota 10", "autoria": "Frederico Henrique Cota Alves (Fred Piau)", "texto_original": "http://sapl.pedroleopoldo.mg.leg.br/media/", "ementa": "F\u00e1tima Maria Lana Diniz"}, {"id": "22037", "ano": "2022", "numero": "7", "tipo__sigla": "MUL", "tipo__descricao": "Comenda Mulher Nota 10", "autoria": "", "texto_original": "http://sapl.pedroleopoldo.mg.leg.br/media/", "ementa": "Eloisa Helena Carvalho de Freitas Pereira (autoria: Jos\u00e9 Justino Pires Damaso)"}, {"id": "22038", "ano": "2022", "numero": "8", "tipo__sigla": "MUL", "tipo__descricao": "Comenda Mulher Nota 10", "autoria": "Leonardo Pereira Ribeiro (Leoz\u00e3o)", "texto_original": "http://sapl.pedroleopoldo.mg.leg.br/media/", "ementa": "Vilma Fernandes Raid"}, {"id": "22039", "ano": "2022", "numero": "9", "tipo__sigla": "MUL", "tipo__descricao": "Comenda Mulher Nota 10", "autoria": "Matheus Utsch de Oliveira", "texto_original": "http://sapl.pedroleopoldo.mg.leg.br/media/", "ementa": "\u00c2ngela Patr\u00edcia Paulo Estevam"}, {"id": "22040", "ano": "2022", "numero": "10", "tipo__sigla": "MUL", "tipo__descricao": "Comenda Mulher Nota 10", "autoria": "Rafael Vieira Faria (Rafa)", "texto_original": "http://sapl.pedroleopoldo.mg.leg.br/media/", "ementa": "M\u00e1rcia Regina Maia"}, {"id": "22001", "ano": "2022", "numero": "1", "tipo__sigla": "ALU", "tipo__descricao": "Diploma Aluno Nota Dez", "autoria": "Secretaria de Educa\u00e7\u00e3o/Escola", "texto_original": "http://sapl.pedroleopoldo.mg.leg.br/media/", "ementa": "Aluna Agatha Cristina Pereira Teles da Escola Municipal Izabel Gomes."}, {"id": "22002", "ano": "2022", "numero": "2", "tipo__sigla": "ALU", "tipo__descricao": "Diploma Aluno Nota Dez", "autoria": "Secretaria de Educa\u00e7\u00e3o/Escola", "texto_original": "http://sapl.pedroleopoldo.mg.leg.br/media/", "ementa": "Aluna Ana Beatriz Magela de Freitas da Escola Municipal Jos\u00e9 Pedro Filho."}, {"id": "22003", "ano": "2022", "numero": "3", "tipo__sigla": "ALU", "tipo__descricao": "Diploma Aluno Nota Dez", "autoria": "Secretaria de Educa\u00e7\u00e3o/Escola", "texto_original": "http://sapl.pedroleopoldo.mg.leg.br/media/", "ementa": "Aluna B\u00e1rbara Emanuele Andrade da Silva da Escola Municipal Jos\u00e9 Elias da Costa."}, {"id": "22004", "ano": "2022", "numero": "4", "tipo__sigla": "ALU", "tipo__descricao": "Diploma Aluno Nota Dez", "autoria": "Secretaria de Educa\u00e7\u00e3o/Escola", "texto_original": "http://sapl.pedroleopoldo.mg.leg.br/media/", "ementa": "Aluna Hemilly Martins da Silva da Escola Municipal Carmem Barroso."}, {"id": "22005", "ano": "2022", "numero": "5", "tipo__sigla": "ALU", "tipo__descricao": "Diploma Aluno Nota Dez", "autoria": "Secretaria de Educa\u00e7\u00e3o/Escola", "texto_original": "http://sapl.pedroleopoldo.mg.leg.br/media/", "ementa": "Aluno Jo\u00e3o Pedro Alves dos Santos da Escola Municipal Heitor Cl\u00e1udio de Salles."}, {"id": "22006", "ano": "2022", "numero": "6", "tipo__sigla": "ALU", "tipo__descricao": "Diploma Aluno Nota Dez", "autoria": "Secretaria de Educa\u00e7\u00e3o/Escola", "texto_original": "http://sapl.pedroleopoldo.mg.leg.br/media/", "ementa": "Aluno Kerley Sanderson Costa Miranda da Escola Estadual Romero de Carvalho."}, {"id": "22007", "ano": "2022", "numero": "7", "tipo__sigla": "ALU", "tipo__descricao": "Diploma Aluno Nota Dez", "autoria": "Secretaria de Educa\u00e7\u00e3o/Escola", "texto_original": "http://sapl.pedroleopoldo.mg.leg.br/media/", "ementa": "Aluno Matheus Henrique Ferreira de Lima da Escola Estadual Pedro Leopoldo - Fazenda Modelo."}, {"id": "22008", "ano": "2022", "numero": "8", "tipo__sigla": "ALU", "tipo__descricao": "Diploma Aluno Nota Dez", "autoria": "Secretaria de Educa\u00e7\u00e3o/Escola", "texto_original": "http://sapl.pedroleopoldo.mg.leg.br/media/", "ementa": "Aluna Rafaela de Jesus Gon\u00e7alves da Escola Estadual Vera Cruz de Minas."}, {"id": "22009", "ano": "2022", "numero": "9", "tipo__sigla": "ALU", "tipo__descricao": "Diploma Aluno Nota Dez", "autoria": "Secretaria de Educa\u00e7\u00e3o/Escola", "texto_original": "http://sapl.pedroleopoldo.mg.leg.br/media/", "ementa": "Aluno Samuel Henrique Duarte Rocha da Escola Estadual Rui Barbosa."}, {"id": "22010", "ano": "2022", "numero": "10", "tipo__sigla": "ALU", "tipo__descricao": "Diploma Aluno Nota Dez", "autoria": "Secretaria de Educa\u00e7\u00e3o/Escola", "texto_original": "http://sapl.pedroleopoldo.mg.leg.br/media/", "ementa": "Aluna Tawany Cristine de Ara\u00fajo Souza da Escola Estadual Dr. J\u00falio C\u00e9sar de Vasconcelos."}, {"id": "22011", "ano": "2022", "numero": "1", "tipo__sigla": "SER", "tipo__descricao": "Servidor P\u00fablico Destaque do Ano", "autoria": "\u00d3rg\u00e3o P\u00fablico - ORG", "texto_original": "http://sapl.pedroleopoldo.mg.leg.br/media/", "ementa": "servidora da Secretaria Municipal de Administra\u00e7\u00e3o K\u00e1tia Soares Silva"}, {"id": "22012", "ano": "2022", "numero": "2", "tipo__sigla": "SER", "tipo__descricao": "Servidor P\u00fablico Destaque do Ano", "autoria": "\u00d3rg\u00e3o P\u00fablico - ORG", "texto_original": "http://sapl.pedroleopoldo.mg.leg.br/media/", "ementa": "servidora Carolina Assis Oliveira Servidora da Secretaria Municipal de Fazenda"}, {"id": "22013", "ano": "2022", "numero": "3", "tipo__sigla": "SER", "tipo__descricao": "Servidor P\u00fablico Destaque do Ano", "autoria": "\u00d3rg\u00e3o P\u00fablico - ORG", "texto_original": "http://sapl.pedroleopoldo.mg.leg.br/media/", "ementa": "servidora Maria de F\u00e1tima Batista de Paula - Servidora da Secretaria Municipal de Educa\u00e7\u00e3o"}, {"id": "22014", "ano": "2022", "numero": "4", "tipo__sigla": "SER", "tipo__descricao": "Servidor P\u00fablico Destaque do Ano", "autoria": "\u00d3rg\u00e3o P\u00fablico - ORG", "texto_original": "http://sapl.pedroleopoldo.mg.leg.br/media/", "ementa": "servidor Ant\u00f4nio Bento Pereira - Servidor da Secretaria Municipal de Sa\u00fade"}, {"id": "22015", "ano": "2022", "numero": "5", "tipo__sigla": "SER", "tipo__descricao": "Servidor P\u00fablico Destaque do Ano", "autoria": "\u00d3rg\u00e3o P\u00fablico - ORG", "texto_original": "http://sapl.pedroleopoldo.mg.leg.br/media/", "ementa": "servidor Geraldo Rodrigues Izidoro, da Secretaria Municipal de Obras"}, {"id": "22016", "ano": "2022", "numero": "6", "tipo__sigla": "SER", "tipo__descricao": "Servidor P\u00fablico Destaque do Ano", "autoria": "\u00d3rg\u00e3o P\u00fablico - ORG", "texto_original": "http://sapl.pedroleopoldo.mg.leg.br/media/", "ementa": "servidor Jos\u00e9 Juarez Costa Servidor da Secretaria Municipal de Planejamento Urbano"}, {"id": "22017", "ano": "2022", "numero": "7", "tipo__sigla": "SER", "tipo__descricao": "Servidor P\u00fablico Destaque do Ano", "autoria": "\u00d3rg\u00e3o P\u00fablico - ORG", "texto_original": "http://sapl.pedroleopoldo.mg.leg.br/media/", "ementa": "servidora Ana Maria da Costa, Servidora da Secretaria Municipal de Cultura"}, {"id": "22018", "ano": "2022", "numero": "8", "tipo__sigla": "SER", "tipo__descricao": "Servidor P\u00fablico Destaque do Ano", "autoria": "\u00d3rg\u00e3o P\u00fablico - ORG", "texto_original": "http://sapl.pedroleopoldo.mg.leg.br/media/", "ementa": "servidora Silvany Geralda Corr\u00eaa, da Secretaria Municipal de Meio Ambiente"}, {"id": "22019", "ano": "2022", "numero": "9", "tipo__sigla": "SER", "tipo__descricao": "Servidor P\u00fablico Destaque do Ano", "autoria": "", "texto_original": "http://sapl.pedroleopoldo.mg.leg.br/media/", "ementa": "servidora Lazia Carvalho Campolina, Servidora da Secretaria Municipal de Desenvolvimento Social"}, {"id": "22020", "ano": "2022", "numero": "10", "tipo__sigla": "SER", "tipo__descricao": "Servidor P\u00fablico Destaque do Ano", "autoria": "\u00d3rg\u00e3o P\u00fablico - ORG", "texto_original": "http://sapl.pedroleopoldo.mg.leg.br/media/", "ementa": "servidora Gabriela Fernandes Torres, da Guarda Municipal"}, {"id": "22021", "ano": "2022", "numero": "11", "tipo__sigla": "SER", "tipo__descricao": "Servidor P\u00fablico Destaque do Ano", "autoria": "\u00d3rg\u00e3o P\u00fablico - ORG", "texto_original": "http://sapl.pedroleopoldo.mg.leg.br/media/", "ementa": "servidora Carla de Oliveira Carvalhaes, da Procuradoria Municipal"}, {"id": "22022", "ano": "2022", "numero": "12", "tipo__sigla": "SER", "tipo__descricao": "Servidor P\u00fablico Destaque do Ano", "autoria": "\u00d3rg\u00e3o P\u00fablico - ORG", "texto_original": "http://sapl.pedroleopoldo.mg.leg.br/media/", "ementa": "servidora Viviane Kennedy da Silva, da Controladoria Municipal"}, {"id": "22023", "ano": "2022", "numero": "13", "tipo__sigla": "SER", "tipo__descricao": "Servidor P\u00fablico Destaque do Ano", "autoria": "\u00d3rg\u00e3o P\u00fablico - ORG", "texto_original": "http://sapl.pedroleopoldo.mg.leg.br/media/", "ementa": "servidora D\u00e9bora Moreira Lelis Servidora da TRANSPL"}, {"id": "22024", "ano": "2022", "numero": "14", "tipo__sigla": "SER", "tipo__descricao": "Servidor P\u00fablico Destaque do Ano", "autoria": "\u00d3rg\u00e3o P\u00fablico - ORG", "texto_original": "http://sapl.pedroleopoldo.mg.leg.br/media/", "ementa": "1\u00ba Ten. Heverton Pires da Silva Servidor da Policia Militar"}, {"id": "22025", "ano": "2022", "numero": "15", "tipo__sigla": "SER", "tipo__descricao": "Servidor P\u00fablico Destaque do Ano", "autoria": "\u00d3rg\u00e3o P\u00fablico - ORG", "texto_original": "http://sapl.pedroleopoldo.mg.leg.br/media/", "ementa": "Rog\u00e9rio M\u00e1rcio Nunes de Castro Servidor da Pol\u00edcia Civil"}, {"id": "22026", "ano": "2022", "numero": "16", "tipo__sigla": "SER", "tipo__descricao": "Servidor P\u00fablico Destaque do Ano", "autoria": "\u00d3rg\u00e3o P\u00fablico - ORG", "texto_original": "http://sapl.pedroleopoldo.mg.leg.br/media/", "ementa": "\u00c9rica Fl\u00e1via Ribeiro Servidora do Sistema Penitenci\u00e1rio"}, {"id": "22027", "ano": "2022", "numero": "17", "tipo__sigla": "SER", "tipo__descricao": "Servidor P\u00fablico Destaque do Ano", "autoria": "\u00d3rg\u00e3o P\u00fablico - ORG", "texto_original": "http://sapl.pedroleopoldo.mg.leg.br/media/", "ementa": "Juliano Ribeiro da Cunha Servidor do F\u00f3rum/ Tribunal de Justi\u00e7a"}, {"id": "22028", "ano": "2022", "numero": "18", "tipo__sigla": "SER", "tipo__descricao": "Servidor P\u00fablico Destaque do Ano", "autoria": "\u00d3rg\u00e3o P\u00fablico - ORG", "texto_original": "http://sapl.pedroleopoldo.mg.leg.br/media/", "ementa": "Ronaldo Linaris Sanches Servidor do Laborat\u00f3rio Federal de Defesa Agropecu\u00e1ria"}, {"id": "22029", "ano": "2022", "numero": "19", "tipo__sigla": "SER", "tipo__descricao": "Servidor P\u00fablico Destaque do Ano", "autoria": "\u00d3rg\u00e3o P\u00fablico - ORG", "texto_original": "http://sapl.pedroleopoldo.mg.leg.br/media/", "ementa": "Jana\u00edna Pereira Hoffman servidora da Defesa Civil"}, {"id": "22030", "ano": "2022", "numero": "20", "tipo__sigla": "SER", "tipo__descricao": "Servidor P\u00fablico Destaque do Ano", "autoria": "\u00d3rg\u00e3o P\u00fablico - ORG", "texto_original": "http://sapl.pedroleopoldo.mg.leg.br/media/", "ementa": "M\u00e1rcio Toledo e Viviane Schaberle Toledo, servidores da C\u00e2mara Municipal"}]}