{"headers": {"id": "ID", "ano": "Ano", "numero": "N\u00famero", "tipo__sigla": "Tipo de Mat\u00e9ria Legislativa/Sigla", "tipo__descricao": "Tipo de Mat\u00e9ria Legislativa/Descri\u00e7\u00e3o", "autoria": "Autorias", "texto_original": "Texto Original", "ementa": "Ementa"}, "results": [{"id": "22465", "ano": "2023", "numero": "135", "tipo__sigla": "CAP", "tipo__descricao": "Comiss\u00e3o de Administra\u00e7\u00e3o P\u00fablica", "autoria": "", "texto_original": "http://sapl.pedroleopoldo.mg.leg.br/media/sapl/public/materialegislativa/2023/22465/oficio_135-2023.pdf", "ementa": "Ilma. Sra\r\nSimone Fagundes Pacheco e Fam\u00edlia\r\n\r\n\r\n\r\n\r\n\r\n\r\n\r\n\r\n\r\n\r\n\r\n\r\n\r\n\r\n\r\n\r\n\r\n\r\n\r\n\r\n\r\n\r\n\r\n\r\n\r\n\r\n\r\n\r\n\r\n\r\n\r\n\r\n\r\n\r\n\r\n\r\n\r\n\r\n\r\n\r\n\r\n\r\n\r\n\r\n\r\n\r\n\r\n\r\n\r\n\r\n\r\n\r\n\r\n\r\n\r\n\r\n\r\n\r\n\r\n\r\n\r\n\r\n\r\n\r\n\r\n\r\n\r\n\r\n\r\n\r\n\r\n\r\n\r\n\r\n\r\n\r\n\r\n\r\n\r\n\r\n\r\n\r\n\r\n\r\n\r\n\r\n\r\n\r\n\r\n\r\n\r\n\r\n\r\n\r\n\r\n\r\nAssunto: Voto de pesar pelo falecimento de sua m\u00e3e, Sra. Dail Fagundes Pacheco ."}, {"id": "21104", "ano": "2023", "numero": "1", "tipo__sigla": "IND", "tipo__descricao": "Indica\u00e7\u00e3o", "autoria": "Evaldo Geraldo do Carmo (Evaldo do A\u00e7ougue)", "texto_original": "http://sapl.pedroleopoldo.mg.leg.br/media/sapl/public/materialegislativa/2023/21104/indicacao_no_01_-_2023_-_evaldo_do_carmo.pdf", "ementa": "Indica o recapeamento da 3\u00aa faixa implantada sentido bairro-centro, na Rua Agenor Teixeira Costa, em frente ao Posto 1000."}, {"id": "21105", "ano": "2023", "numero": "2", "tipo__sigla": "IND", "tipo__descricao": "Indica\u00e7\u00e3o", "autoria": "Evaldo Geraldo do Carmo (Evaldo do A\u00e7ougue)", "texto_original": "http://sapl.pedroleopoldo.mg.leg.br/media/sapl/public/materialegislativa/2023/21105/indicacao_no_02_-_2023_-_evaldo_do_carmo.pdf", "ementa": "Limpeza e desobstru\u00e7\u00e3o de bueiros das ruas: Ant\u00f4nio Dem\u00e9trio e Jos\u00e9 Pires Xavier Sobrinho, no Bairro Tri\u00e2ngulo, neste munic\u00edpio."}, {"id": "21106", "ano": "2023", "numero": "3", "tipo__sigla": "IND", "tipo__descricao": "Indica\u00e7\u00e3o", "autoria": "Evaldo Geraldo do Carmo (Evaldo do A\u00e7ougue)", "texto_original": "http://sapl.pedroleopoldo.mg.leg.br/media/sapl/public/materialegislativa/2023/21106/indicacao_no_03_-_2023_-_evaldo_do_carmo.pdf", "ementa": "Indica opera\u00e7\u00e3o tapa-buracos na Rua Joaquim Tomaz de Aquino, no Bairro Lagoa de Santo Ant\u00f4nio, neste munic\u00edpio."}, {"id": "21107", "ano": "2023", "numero": "4", "tipo__sigla": "IND", "tipo__descricao": "Indica\u00e7\u00e3o", "autoria": "Evaldo Geraldo do Carmo (Evaldo do A\u00e7ougue)", "texto_original": "http://sapl.pedroleopoldo.mg.leg.br/media/sapl/public/materialegislativa/2023/21107/indicacao_no_04_-_2023_-_evaldo_do_carmo.pdf", "ementa": "Indica opera\u00e7\u00e3o tapa-buracos na Rua Anhanguera, no Bairro Andyara, neste munic\u00edpio."}, {"id": "21108", "ano": "2023", "numero": "5", "tipo__sigla": "IND", "tipo__descricao": "Indica\u00e7\u00e3o", "autoria": "Frederico Henrique Cota Alves (Fred Piau)", "texto_original": "http://sapl.pedroleopoldo.mg.leg.br/media/sapl/public/materialegislativa/2023/21108/indicacao_no_005-2023_-_frederico_henrique_cota_alves.pdf", "ementa": "Indica a revitaliza\u00e7\u00e3o das pra\u00e7as: Nhazinha Carvalho e Rosa Fontana, localizadas no Bairro Novo Campinho. Solicito tamb\u00e9m a instala\u00e7\u00e3o de bancos e playground."}, {"id": "21109", "ano": "2023", "numero": "6", "tipo__sigla": "IND", "tipo__descricao": "Indica\u00e7\u00e3o", "autoria": "Frederico Henrique Cota Alves (Fred Piau)", "texto_original": "http://sapl.pedroleopoldo.mg.leg.br/media/sapl/public/materialegislativa/2023/21109/indicacao_no_006-2023_-_frederico_henrique_cota_alves.pdf", "ementa": "Indica a cria\u00e7\u00e3o da cl\u00ednica da mulher na regi\u00e3o norte."}, {"id": "21110", "ano": "2023", "numero": "7", "tipo__sigla": "IND", "tipo__descricao": "Indica\u00e7\u00e3o", "autoria": "Frederico Henrique Cota Alves (Fred Piau)", "texto_original": "http://sapl.pedroleopoldo.mg.leg.br/media/sapl/public/materialegislativa/2023/21110/indicacao_no_007-2023_-_frederico_henrique_cota_alves.pdf", "ementa": "A Indica\u00e7\u00e3o n\u00ba 6 de 2023 foi inclu\u00edda em pauta para aprova\u00e7\u00e3o em Plen\u00e1rio, na 1\u00aa Reuni\u00e3o Ordin\u00e1ria de 2023."}, {"id": "21111", "ano": "2023", "numero": "8", "tipo__sigla": "IND", "tipo__descricao": "Indica\u00e7\u00e3o", "autoria": "Frederico Henrique Cota Alves (Fred Piau)", "texto_original": "http://sapl.pedroleopoldo.mg.leg.br/media/sapl/public/materialegislativa/2023/21111/indicacao_no_008-2023_-_frederico_henrique_cota_alves.pdf", "ementa": "Indica a distribui\u00e7\u00e3o de containers em ruas e pra\u00e7as do munic\u00edpio, para a coleta seletiva de recicl\u00e1veis."}, {"id": "21112", "ano": "2023", "numero": "9", "tipo__sigla": "IND", "tipo__descricao": "Indica\u00e7\u00e3o", "autoria": "Frederico Henrique Cota Alves (Fred Piau)", "texto_original": "http://sapl.pedroleopoldo.mg.leg.br/media/sapl/public/materialegislativa/2023/21112/indicacao_no_009-2023_-_frederico_henrique_cota_alves.pdf", "ementa": "Indica a implementa\u00e7\u00e3o de aulas de hidrogin\u00e1stica, priorizando idosos, pessoas que participam de programas sociais e indicados por fisioterapeutas do munic\u00edpio."}, {"id": "21113", "ano": "2023", "numero": "10", "tipo__sigla": "IND", "tipo__descricao": "Indica\u00e7\u00e3o", "autoria": "Leonardo Pereira Ribeiro (Leoz\u00e3o)", "texto_original": "http://sapl.pedroleopoldo.mg.leg.br/media/sapl/public/materialegislativa/2023/21113/indicacao_no_010-2023_-_leonardo_pereira_ribeiro.pdf", "ementa": "Indica a emiss\u00e3o de credenciais de estacionamento com um valor acess\u00edvel, sem a obrigatoriedade de hor\u00e1rio para microempreendedores individuais - MEI."}, {"id": "21114", "ano": "2023", "numero": "11", "tipo__sigla": "IND", "tipo__descricao": "Indica\u00e7\u00e3o", "autoria": "Leonardo Pereira Ribeiro (Leoz\u00e3o)", "texto_original": "http://sapl.pedroleopoldo.mg.leg.br/media/sapl/public/materialegislativa/2023/21114/indicacao_no_011-2023_-_leonardo_pereira_ribeiro.pdf", "ementa": "Indica Mo\u00e7\u00e3o de Parab\u00e9ns ao Padre Jos\u00e9 Genildo Silva Bezerra, pelos seus vinte e cinco anos de sacerd\u00f3cio, e pela bel\u00edssima miss\u00e3o de pastorear os fi\u00e9is que lhe foram confiados."}, {"id": "21115", "ano": "2023", "numero": "12", "tipo__sigla": "IND", "tipo__descricao": "Indica\u00e7\u00e3o", "autoria": "Cynthia Salom\u00e3o Bastos Faria", "texto_original": "http://sapl.pedroleopoldo.mg.leg.br/media/sapl/public/materialegislativa/2023/21115/indicacao_no_012-2023_-_cynthia_salomao_bastos_faria.pdf", "ementa": "Indica alterar a rota do \u00f4nibus da linha de Fidalgo e Quinta do Sumidouro na Rua Palestina, passando pela Rua Belo Horizonte"}, {"id": "21116", "ano": "2023", "numero": "13", "tipo__sigla": "IND", "tipo__descricao": "Indica\u00e7\u00e3o", "autoria": "Cynthia Salom\u00e3o Bastos Faria", "texto_original": "http://sapl.pedroleopoldo.mg.leg.br/media/sapl/public/materialegislativa/2023/21116/indicacao_no_013-2023_-_cynthia_salomao_bastos_faria.pdf", "ementa": "Indica alterar a rota do \u00f4nibus da linha de Fidalgo e Quinta do Sumidouro, na Rua Joaquim Marcelino Filho, passando pelas ruas Paran\u00e1 e Cerrado"}, {"id": "21117", "ano": "2023", "numero": "14", "tipo__sigla": "IND", "tipo__descricao": "Indica\u00e7\u00e3o", "autoria": "Cynthia Salom\u00e3o Bastos Faria", "texto_original": "http://sapl.pedroleopoldo.mg.leg.br/media/sapl/public/materialegislativa/2023/21117/indicacao_no_014-2023_-_cynthia_salomao_bastos_faria.pdf", "ementa": "Indica alterar a rota do \u00f4nibus da linha de Fidalgo e Quinta do Sumidouro, na Rua Fern\u00e3o Dias, passando pelas ruas das Palmeiras, Joaquim Marcelino Filho, novamente pela Fern\u00e3o Dias e Tranquilino de Bastos."}, {"id": "21118", "ano": "2023", "numero": "15", "tipo__sigla": "IND", "tipo__descricao": "Indica\u00e7\u00e3o", "autoria": "Cynthia Salom\u00e3o Bastos Faria", "texto_original": "http://sapl.pedroleopoldo.mg.leg.br/media/sapl/public/materialegislativa/2023/21118/indicacao_no_015-2023_-_cynthia_salomao_bastos_faria.pdf", "ementa": "Indica servi\u00e7o de nivelamento com patrol na Rua F\u00e1bio Marques Pereira na Quinta do Sumidouro."}, {"id": "21119", "ano": "2023", "numero": "16", "tipo__sigla": "IND", "tipo__descricao": "Indica\u00e7\u00e3o", "autoria": "Cynthia Salom\u00e3o Bastos Faria", "texto_original": "http://sapl.pedroleopoldo.mg.leg.br/media/sapl/public/materialegislativa/2023/21119/indicacao_no_016-2023_-_cynthia_salomao_bastos_faria.pdf", "ementa": "Indica a constru\u00e7\u00e3o de uma ondula\u00e7\u00e3o transversal na Estrada do Bebedouro com a Rua Herculano Soares de Oliveira, na Quinta do Sumidouro"}, {"id": "21208", "ano": "2023", "numero": "17", "tipo__sigla": "IND", "tipo__descricao": "Indica\u00e7\u00e3o", "autoria": "Evaldo Geraldo do Carmo (Evaldo do A\u00e7ougue)", "texto_original": "http://sapl.pedroleopoldo.mg.leg.br/media/sapl/public/materialegislativa/2023/21208/indicacao_no_17_-_2023_-_evaldo_do_carmo.pdf", "ementa": "No uso de minhas atribui\u00e7\u00f5es regimentais, indico \u00e0 Excelent\u00edssima Senhora Prefeita determinar ao setor competente a instala\u00e7\u00e3o de brinquedos (parquinho/playground) na Pra\u00e7a Jos\u00e9 Ant\u00f4nio Figueiredo, localizada no Bairro Dom Camilo, entre as ruas: Moacir Alonso Reis, Arlindo de Castro Mirante, e Joaquim TELES Dias."}, {"id": "21209", "ano": "2023", "numero": "18", "tipo__sigla": "IND", "tipo__descricao": "Indica\u00e7\u00e3o", "autoria": "Cynthia Salom\u00e3o Bastos Faria", "texto_original": "http://sapl.pedroleopoldo.mg.leg.br/media/sapl/public/materialegislativa/2023/21209/indicacao_no_18_-_2023_-_cynthia_salomao.pdf", "ementa": "No uso de minhas atribui\u00e7\u00f5es regimentais, indico \u00e0 Excelent\u00edssima Senhora Prefeita determinar ao setor competente a redu\u00e7\u00e3o da carga hor\u00e1ria do cargo de Monitor da Educa\u00e7\u00e3o das unidades escolares, mantidas pelo poder p\u00fablico municipal."}, {"id": "21210", "ano": "2023", "numero": "19", "tipo__sigla": "IND", "tipo__descricao": "Indica\u00e7\u00e3o", "autoria": "Cynthia Salom\u00e3o Bastos Faria", "texto_original": "http://sapl.pedroleopoldo.mg.leg.br/media/sapl/public/materialegislativa/2023/21210/indicacao_no_19_-_2023_-_cynthia_salomao.pdf", "ementa": "No uso de minhas atribui\u00e7\u00f5es regimentais, indico \u00e0 Excelent\u00edssima Senhora Prefeita determinar ao setor competente igualar, nas institui\u00e7\u00f5es de ensino, a carga hor\u00e1ria do cargo de Auxiliar de Servi\u00e7os Gerais da Educa\u00e7\u00e3o, com a carga hor\u00e1ria do cargo de Auxiliar de Escola."}, {"id": "21211", "ano": "2023", "numero": "20", "tipo__sigla": "IND", "tipo__descricao": "Indica\u00e7\u00e3o", "autoria": "Cynthia Salom\u00e3o Bastos Faria", "texto_original": "http://sapl.pedroleopoldo.mg.leg.br/media/sapl/public/materialegislativa/2023/21211/indicacao_no_20_-_2023_-_cynthia_salomao.pdf", "ementa": "No uso de minhas atribui\u00e7\u00f5es regimentais, indico \u00e0 Excelent\u00edssima Senhora Prefeita determinar ao setor competente interven\u00e7\u00f5es de melhoria e seguran\u00e7a no entroncamento da Rua Senador Melo Viana com Rua Salgado Filho. De imediato, sugiro: \r\n\u2022 instala\u00e7\u00e3o de Placa de Regulamenta\u00e7\u00e3o R-1 (Parada Obrigat\u00f3ria);\r\n\u2022 sinaliza\u00e7\u00e3o horizontal;\r\n\u2022 pintura de faixas de pedestres;\r\n\u2022 constru\u00e7\u00e3o de uma rotat\u00f3ria."}, {"id": "21212", "ano": "2023", "numero": "21", "tipo__sigla": "IND", "tipo__descricao": "Indica\u00e7\u00e3o", "autoria": "Cynthia Salom\u00e3o Bastos Faria", "texto_original": "http://sapl.pedroleopoldo.mg.leg.br/media/sapl/public/materialegislativa/2023/21212/indicacao_no_21_-_2023_-_cynthia_salomao.pdf", "ementa": "No uso de minhas atribui\u00e7\u00f5es regimentais, indico \u00e0 Excelent\u00edssima Senhora Prefeita determinar ao setor competente a constru\u00e7\u00e3o de um parquinho na Pra\u00e7a Jos\u00e9 Pereira da Concei\u00e7\u00e3o em Fidalgo."}, {"id": "21213", "ano": "2023", "numero": "22", "tipo__sigla": "IND", "tipo__descricao": "Indica\u00e7\u00e3o", "autoria": "Cynthia Salom\u00e3o Bastos Faria", "texto_original": "http://sapl.pedroleopoldo.mg.leg.br/media/sapl/public/materialegislativa/2023/21213/indicacao_no_22_-_2023_-_cynthia_salomao.pdf", "ementa": "No uso de minhas atribui\u00e7\u00f5es regimentais, indico \u00e0 Excelent\u00edssima Senhora Prefeita determinar ao setor competente encaminhar Projeto de Lei \u00e0 C\u00e2mara com a finalidade de conceder isen\u00e7\u00e3o, desconto ou incentivo fiscal do Imposto Predial e Territorial urbano \u2013 IPTU \u2013 a empresas que contratarem mulheres v\u00edtimas de viol\u00eancia dom\u00e9stica."}, {"id": "21214", "ano": "2023", "numero": "23", "tipo__sigla": "IND", "tipo__descricao": "Indica\u00e7\u00e3o", "autoria": "Leonardo Pereira Ribeiro (Leoz\u00e3o)", "texto_original": "http://sapl.pedroleopoldo.mg.leg.br/media/sapl/public/materialegislativa/2023/21214/indicacao_no_23_-_2023_-_leonardo_ribeiro.pdf", "ementa": "No uso de minhas atribui\u00e7\u00f5es regimentais, indico \u00e0 Excelent\u00edssima Senhora Prefeita determinar ao setor competente a utiliza\u00e7\u00e3o de computadores e impressoras nas redes b\u00e1sicas de sa\u00fade, para digitar e imprimir receitas m\u00e9dicas, prescritas aos pacientes."}, {"id": "21215", "ano": "2023", "numero": "24", "tipo__sigla": "IND", "tipo__descricao": "Indica\u00e7\u00e3o", "autoria": "Frederico Henrique Cota Alves (Fred Piau)", "texto_original": "http://sapl.pedroleopoldo.mg.leg.br/media/sapl/public/materialegislativa/2023/21215/indicacao_no_24_-_2023_-_frederico_henrique_cota_alves.pdf", "ementa": "No uso de minhas atribui\u00e7\u00f5es regimentais, indico \u00e0 Excelent\u00edssima Senhora Prefeita determinar ao setor competente a cria\u00e7\u00e3o de uma Agenda Oficial do RH Municipal, com datas fixas, anualmente, para prova de vida, protocolo de progress\u00f5es de carreira e demais servi\u00e7os prestados pelo setor de Recursos Humanos ao servidor."}, {"id": "21216", "ano": "2023", "numero": "25", "tipo__sigla": "IND", "tipo__descricao": "Indica\u00e7\u00e3o", "autoria": "Frederico Henrique Cota Alves (Fred Piau)", "texto_original": "http://sapl.pedroleopoldo.mg.leg.br/media/sapl/public/materialegislativa/2023/21216/indicacao_no_25_-_2023_-_frederico_henrique_cota_alves.pdf", "ementa": "No uso de minhas atribui\u00e7\u00f5es regimentais, indico \u00e0 Excelent\u00edssima Senhora Prefeita determinar ao setor competente a amplia\u00e7\u00e3o do Projeto Escola de Campe\u00f5es para os Distritos de Fidalgo, Lagoa de Santo Ant\u00f4nio e tamb\u00e9m para os Bairros Teoth\u00f4nio Batista de Freitas, Felipe Cl\u00e1udio de Sales, S\u00e3o Geraldo e Quinta das Palmeiras."}, {"id": "21217", "ano": "2023", "numero": "26", "tipo__sigla": "IND", "tipo__descricao": "Indica\u00e7\u00e3o", "autoria": "Frederico Henrique Cota Alves (Fred Piau)", "texto_original": "http://sapl.pedroleopoldo.mg.leg.br/media/sapl/public/materialegislativa/2023/21217/indicacao_no_26_-_2023_-_frederico_henrique_cota_alves.pdf", "ementa": "No uso de minhas atribui\u00e7\u00f5es regimentais, indico \u00e0 Excelent\u00edssima Senhora Prefeita determinar ao setor competente a cria\u00e7\u00e3o de uma linha Circular 2, que transitar\u00e1 pelas principais vias dos bairros da regi\u00e3o norte do munic\u00edpio."}, {"id": "21218", "ano": "2023", "numero": "27", "tipo__sigla": "IND", "tipo__descricao": "Indica\u00e7\u00e3o", "autoria": "Frederico Henrique Cota Alves (Fred Piau)", "texto_original": "http://sapl.pedroleopoldo.mg.leg.br/media/sapl/public/materialegislativa/2023/21218/indicacao_no_27_-_2023_-_frederico_henrique_cota_alves.pdf", "ementa": "No uso de minhas atribui\u00e7\u00f5es regimentais, indico \u00e0 Excelent\u00edssima Senhora Prefeita determinar ao setor competente dar publicidade \u00e0 programa\u00e7\u00e3o semanal dos servi\u00e7os que est\u00e3o sendo realizados pela Secretaria de Obras, para que a popula\u00e7\u00e3o tenha conhecimento do local onde a equipe est\u00e1 trabalhando."}, {"id": "21219", "ano": "2023", "numero": "28", "tipo__sigla": "IND", "tipo__descricao": "Indica\u00e7\u00e3o", "autoria": "Frederico Henrique Cota Alves (Fred Piau)", "texto_original": "http://sapl.pedroleopoldo.mg.leg.br/media/sapl/public/materialegislativa/2023/21219/indicacao_no_28-_2023_-_frederico_henrique_cota_alves.pdf", "ementa": "No uso de minhas atribui\u00e7\u00f5es regimentais, indico \u00e0 Excelent\u00edssima Senhora Prefeita determinar ao setor competente a realiza\u00e7\u00e3o de processo licitat\u00f3rio para a concess\u00e3o onerosa de servi\u00e7os de utilidade p\u00fablica, com uso de bem p\u00fablico, destinada \u00e0 cria\u00e7\u00e3o, confec\u00e7\u00e3o, instala\u00e7\u00e3o, conserva\u00e7\u00e3o e manuten\u00e7\u00e3o de abrigos em pontos de parada de \u00f4nibus e lixeira, painel de publicidade, rel\u00f3gios digitais e totens informativos para bens hist\u00f3ricos, bem como para a cria\u00e7\u00e3o, confec\u00e7\u00e3o e instala\u00e7\u00e3o de floreiras."}, {"id": "21220", "ano": "2023", "numero": "29", "tipo__sigla": "IND", "tipo__descricao": "Indica\u00e7\u00e3o", "autoria": "Eldir Jos\u00e9 Batista (Baixinho da Garagem), Leonardo Pereira Ribeiro (Leoz\u00e3o)", "texto_original": "http://sapl.pedroleopoldo.mg.leg.br/media/sapl/public/materialegislativa/2023/21220/indicacao_no_29_-_2023_-_eldir_jose_batista_e_leonardo_pereira_ribeiro.pdf", "ementa": "No uso de minhas atribui\u00e7\u00f5es regimentais, indico \u00e0 Excelent\u00edssima Senhora Prefeita determinar ao setor competente providenciar a elabora\u00e7\u00e3o de um projeto de lei sobre as seguintes tem\u00e1ticas: Glowing Line, fotoluminescentes, luz solar."}, {"id": "21221", "ano": "2023", "numero": "30", "tipo__sigla": "IND", "tipo__descricao": "Indica\u00e7\u00e3o", "autoria": "Eldir Jos\u00e9 Batista (Baixinho da Garagem)", "texto_original": "http://sapl.pedroleopoldo.mg.leg.br/media/sapl/public/materialegislativa/2023/21221/indicacao_no_30_-_2023_-_eldir_jose_batista.pdf", "ementa": "No uso de minhas atribui\u00e7\u00f5es regimentais, indico \u00e0 Excelent\u00edssima Senhora Prefeita determinar ao setor competente a retirada do sem\u00e1foro, localizado \u00e0 Rua Comendador Ant\u00f4nio Alves, esquina com a Pra\u00e7a Dr Senra, no Centro de Pedro Leopoldo e verificar a possibilidade de coloc\u00e1-lo na rotat\u00f3ria da Rua Ver. Magno Claret Vieira, com Avenida Camilo Alves da Silva, Distrito Lagoa Santo Ant\u00f4nio."}, {"id": "21222", "ano": "2023", "numero": "31", "tipo__sigla": "IND", "tipo__descricao": "Indica\u00e7\u00e3o", "autoria": "Evaldo Geraldo do Carmo (Evaldo do A\u00e7ougue)", "texto_original": "http://sapl.pedroleopoldo.mg.leg.br/media/sapl/public/materialegislativa/2023/21222/indicacao_no_31_-_2023_-_evaldo_geraldo_do_carmo.pdf", "ementa": "No uso de minhas atribui\u00e7\u00f5es regimentais, indico \u00e0 Excelent\u00edssima Senhora Prefeita determinar ao setor competente opera\u00e7\u00e3o tapa buracos na Rua Vereador Magno Claret, esquina com a Rua Wenceslau Br\u00e1s, pr\u00f3ximo ao n\u00famero 990 a 1310, no Distrito Lagoa de Santo Ant\u00f4nio, neste Munic\u00edpio."}, {"id": "21223", "ano": "2023", "numero": "32", "tipo__sigla": "IND", "tipo__descricao": "Indica\u00e7\u00e3o", "autoria": "Cynthia Salom\u00e3o Bastos Faria", "texto_original": "http://sapl.pedroleopoldo.mg.leg.br/media/sapl/public/materialegislativa/2023/21223/indicacao_no_32_-_2023_-_cynthia_salomao.pdf", "ementa": "No uso de minhas atribui\u00e7\u00f5es regimentais, indico \u00e0 Excelent\u00edssima Senhora Prefeita determinar ao setor competente providenciar a constru\u00e7\u00e3o de um parquinho na Pra\u00e7a Fern\u00e3o Dias, na Quinta do Sumidouro."}, {"id": "21248", "ano": "2023", "numero": "33", "tipo__sigla": "IND", "tipo__descricao": "Indica\u00e7\u00e3o", "autoria": "Cynthia Salom\u00e3o Bastos Faria", "texto_original": "http://sapl.pedroleopoldo.mg.leg.br/media/sapl/public/materialegislativa/2023/21248/indicacao_no_33-23_-_autora_ver._cynthia.pdf", "ementa": "No uso de minhas atribui\u00e7\u00f5es regimentais, indico \u00e0 Excelent\u00edssima Senhora Prefeita determinar ao setor competente a realiza\u00e7\u00e3o de opera\u00e7\u00e3o tapa-buraco nas Ruas Fern\u00e3o Dias, Agenor Pio, Alice Dos Anjos, Altino Leles Tavares, Divino Esp\u00edrito Santo, Em\u00edlio Gon\u00e7alves, Herculano Soares Oliveira, Jo\u00e3o Teodoro e Nossa Senhora das Dores, em Quinta do Sumidouro."}, {"id": "21249", "ano": "2023", "numero": "34", "tipo__sigla": "IND", "tipo__descricao": "Indica\u00e7\u00e3o", "autoria": "Cynthia Salom\u00e3o Bastos Faria", "texto_original": "http://sapl.pedroleopoldo.mg.leg.br/media/sapl/public/materialegislativa/2023/21249/indicacao_no_34-23_-_autora_ver._cynthia.pdf", "ementa": "No uso de minhas atribui\u00e7\u00f5es regimentais, indico \u00e0 Excelent\u00edssima Senhora Prefeita determinar ao setor competente providenciar opera\u00e7\u00e3o tapa-buraco nas Ruas Amap\u00e1, Vargem, Palmeiras, Independente, Fern\u00e3o Dias, Goi\u00e1s, Bras\u00edlia, Joaquim Marcelino Filho, Manoel Rodrigues, Martins, Palestina, Santa Luzia, Urbano Pereira da Concei\u00e7\u00e3o e Rua do Cerrado, no Distrito de Fidalgo."}, {"id": "21250", "ano": "2023", "numero": "35", "tipo__sigla": "IND", "tipo__descricao": "Indica\u00e7\u00e3o", "autoria": "Cynthia Salom\u00e3o Bastos Faria", "texto_original": "http://sapl.pedroleopoldo.mg.leg.br/media/sapl/public/materialegislativa/2023/21250/indicacao_n.o_35-23_-_autora_ver._cynthia.pdf", "ementa": "No uso de minhas atribui\u00e7\u00f5es regimentais, indico \u00e0 Excelent\u00edssima Senhora Prefeita determinar ao setror competente providenciar a ro\u00e7agem de mato na Estrada Jos\u00e9 Pedr\u00e3o que liga o Bairro Lagoa de Santo Ant\u00f4nio ao Distrito de Fidalgo."}, {"id": "21251", "ano": "2023", "numero": "36", "tipo__sigla": "IND", "tipo__descricao": "Indica\u00e7\u00e3o", "autoria": "Cynthia Salom\u00e3o Bastos Faria", "texto_original": "http://sapl.pedroleopoldo.mg.leg.br/media/sapl/public/materialegislativa/2023/21251/indicacao_no_36-23_-_autora_ver._cynthia.pdf", "ementa": "No uso de minhas atribui\u00e7\u00f5es regimentais, indico \u00e0 Excelent\u00edssima Senhora Prefeita determinar ao setor competente providenciar para que seja acrescentado o Cargo de Professor Eventual em todas as Escolas Municipais que atendam o Ensino Fundamental - s\u00e9ries finais (6\u00ba ao 9\u00ba)."}, {"id": "21252", "ano": "2023", "numero": "37", "tipo__sigla": "IND", "tipo__descricao": "Indica\u00e7\u00e3o", "autoria": "Cynthia Salom\u00e3o Bastos Faria", "texto_original": "http://sapl.pedroleopoldo.mg.leg.br/media/sapl/public/materialegislativa/2023/21252/indicacao_n.o_37-23_-_autora_ver._cynthia.pdf", "ementa": "No uso de minhas atribui\u00e7\u00f5es, indico ao Senhor Presidente Conceder Mo\u00e7\u00e3o de Parab\u00e9ns \u00e0 jovem Evilly L\u00edvia Silva Fonseca, pelo excelente desempenho nos campeonatos de xadrez no Estado de Minas Gerais."}, {"id": "21253", "ano": "2023", "numero": "38", "tipo__sigla": "IND", "tipo__descricao": "Indica\u00e7\u00e3o", "autoria": "Frederico Henrique Cota Alves (Fred Piau)", "texto_original": "http://sapl.pedroleopoldo.mg.leg.br/media/sapl/public/materialegislativa/2023/21253/indicacao_no_38-23_-_autor_ver._frederico.pdf", "ementa": "No uso de minhas atribui\u00e7\u00f5es regimentais, indico \u00e0 Excelent\u00edssima Senhora Prefeita determinar ao setor competente providenciar a instala\u00e7\u00e3o de l\u00e2mpadas de Diodo Emissor de Luz - LED na Rua Levi Moreira, Bairro Felipe Cl\u00e1udio."}, {"id": "21254", "ano": "2023", "numero": "39", "tipo__sigla": "IND", "tipo__descricao": "Indica\u00e7\u00e3o", "autoria": "Frederico Henrique Cota Alves (Fred Piau)", "texto_original": "http://sapl.pedroleopoldo.mg.leg.br/media/sapl/public/materialegislativa/2023/21254/indicacao_no_39-23_-_autor_ver._frederico.pdf", "ementa": "No uso de minhas atribui\u00e7\u00f5es regimentais, indico \u00e0 Excelent\u00edssima Senhora Prefeita determinar ao setor competente providenciar a instala\u00e7\u00e3o de l\u00e2mpadas de Diodo Emissor de Luz - LED - no Ceppel nos seguintes locais: entrada para o Gin\u00e1sio e Est\u00e1dio; entorno do Est\u00e1dio; entorno do Gin\u00e1sio e entorno das quadras externas."}, {"id": "21255", "ano": "2023", "numero": "40", "tipo__sigla": "IND", "tipo__descricao": "Indica\u00e7\u00e3o", "autoria": "Frederico Henrique Cota Alves (Fred Piau)", "texto_original": "http://sapl.pedroleopoldo.mg.leg.br/media/sapl/public/materialegislativa/2023/21255/indicacao_no_40-23_-_autor_ver._frederico.pdf", "ementa": "No uso de minhas atribui\u00e7\u00f5es regimentais, indico \u00e0 Excelent\u00edssima Senhora Prefeita determinar ao setor competente providenciar a troca da ilumina\u00e7\u00e3o por l\u00e2mpadas de LED, nas seguintes ruas: Lourival Maria da Concei\u00e7\u00e3o, Maria da Penha Saraiva, Alfredo Barbosa, Farmac\u00eautico Jos\u00e9 Martins, Ant\u00f4nio Jos\u00e9 Buffe, Whashington Lu\u00eds, No\u00e9 da Paix\u00e3o Santos, Dr. Arthur Leite, Ant\u00f4nio Mansinho, Pedro Maria Pereira, Salim Issa, Professora Guida Vieira, Oz\u00f3rio Ferreira da Silva, Jos\u00e9 de Paula Tol\u00eado, Jo\u00e3o Sabino Passo e Mardoqueu Moreira, no Bairro Felipe Cl\u00e1udio de Sales."}, {"id": "21256", "ano": "2023", "numero": "41", "tipo__sigla": "IND", "tipo__descricao": "Indica\u00e7\u00e3o", "autoria": "Frederico Henrique Cota Alves (Fred Piau)", "texto_original": "http://sapl.pedroleopoldo.mg.leg.br/media/sapl/public/materialegislativa/2023/21256/indicacao_no_41-23_-_autor_ver._frederico.pdf", "ementa": "No uso de minhas atribui\u00e7\u00f5es regimentais, indico \u00e0 Excelent\u00edssima Senhora Prefeita determinar ao setor competente providenciar a troca da ilumina\u00e7\u00e3o por l\u00e2mpadas de Diodo Emissor de Luz - LED \u2013 nas Ruas Elias Rafael, Pedrinho Pedroca, Juca Machado, Raul Hanriot, Ot\u00e1vio Gouv\u00eaia, Emilio Ferreira, Betim, Maria Helena Costa, Dr. R\u00f4mulo  de Azevedo e Ludgarda de Paula Cota, nos Bairros Santo Ant\u00f4nio e Mirante."}, {"id": "21257", "ano": "2023", "numero": "42", "tipo__sigla": "IND", "tipo__descricao": "Indica\u00e7\u00e3o", "autoria": "Frederico Henrique Cota Alves (Fred Piau)", "texto_original": "http://sapl.pedroleopoldo.mg.leg.br/media/sapl/public/materialegislativa/2023/21257/indicacao_no_42-23_-_autor_ver._frederico.pdf", "ementa": "No uso de minhas atribui\u00e7\u00f5es regimentais, indico \u00e0 Excelent\u00edssima Senhora Prefeita determinar ao setor competente a possibilidade da cria\u00e7\u00e3o de um Centro Municipal de Aten\u00e7\u00e3o Veterin\u00e1ria, fornecendo atendimento gratuito para a popula\u00e7\u00e3o cadastrada em programas sociais, protetores que resgatam animais em situa\u00e7\u00e3o de rua e demais popula\u00e7\u00e3o. Fornecendo no local o atendimento da sa\u00fade prim\u00e1ria dos animais dom\u00e9sticos, vacina\u00e7\u00e3o, castra\u00e7\u00e3o e chipagem dos animais."}, {"id": "21258", "ano": "2023", "numero": "43", "tipo__sigla": "IND", "tipo__descricao": "Indica\u00e7\u00e3o", "autoria": "Warlen Alves da Silva", "texto_original": "http://sapl.pedroleopoldo.mg.leg.br/media/sapl/public/materialegislativa/2023/21258/indicacao_no_43-23_-_autor_ver._warlen.pdf", "ementa": "No uso de minhas atribui\u00e7\u00f5es regimentais, indico \u00e0 Excelent\u00edssima Senhora Prefeita determinar ao setor competente para que providencie o recapeamento asf\u00e1sltico em toda extens\u00e3o da rua Helio Viana Nery, no centro da cidade."}, {"id": "21259", "ano": "2023", "numero": "44", "tipo__sigla": "IND", "tipo__descricao": "Indica\u00e7\u00e3o", "autoria": "Rafael Vieira Faria (Rafa)", "texto_original": "http://sapl.pedroleopoldo.mg.leg.br/media/sapl/public/materialegislativa/2023/21259/indicacao_no_44-23_-_autor_ver._rafael.pdf", "ementa": "No uso de minhas atribui\u00e7\u00f5es regimentais, indico \u00e0 Excelent\u00edssima Senhora Prefeita determinar ao setor competente providenciar a aquisi\u00e7\u00e3o de 04 (quatro) computadores e 01 (uma) impressora para serem instalados na Escola Municipal Santo Ant\u00f4nio da Barra,"}, {"id": "21260", "ano": "2023", "numero": "45", "tipo__sigla": "IND", "tipo__descricao": "Indica\u00e7\u00e3o", "autoria": "Rafael Vieira Faria (Rafa)", "texto_original": "http://sapl.pedroleopoldo.mg.leg.br/media/sapl/public/materialegislativa/2023/21260/indicacao_no_45-23_-_autor_ver._rafael.pdf", "ementa": "No uso de minhas atribui\u00e7\u00f5es, indico \u00e0  Excelent\u00edssima Senhora Prefeita determinar ao setor competente providenciar o recapeamento da Rua S\u00e3o Vicente, situada no Bairro Santo Ant\u00f4nio da Barra."}, {"id": "21261", "ano": "2023", "numero": "46", "tipo__sigla": "IND", "tipo__descricao": "Indica\u00e7\u00e3o", "autoria": "Rafael Vieira Faria (Rafa)", "texto_original": "http://sapl.pedroleopoldo.mg.leg.br/media/sapl/public/materialegislativa/2023/21261/indicacao_no_46-23_-_autor_ver._rafael.pdf", "ementa": "No uso de minhas atribui\u00e7\u00f5es regimentais, indico \u00e0 Excelent\u00edssima Senhora Prefeita determinar ao setor competente providenciar o recapeamento da Rua Domingos Sorrentino, situada no bairro Santo Ant\u00f4nio da Barra."}, {"id": "21262", "ano": "2023", "numero": "47", "tipo__sigla": "IND", "tipo__descricao": "Indica\u00e7\u00e3o", "autoria": "Rafael Vieira Faria (Rafa)", "texto_original": "http://sapl.pedroleopoldo.mg.leg.br/media/sapl/public/materialegislativa/2023/21262/indicacao_no_47-23_-_autor_ver._rafael.pdf", "ementa": "No uso de minhas atribui\u00e7\u00f5es regimentais, indico \u00e0 Excenlentissima Senhora Prefeita determinar ao setor competente providenciar o recapeamento da Rua Te\u00f3filo Calazans, situada no Bairro Santo Ant\u00f4nio da Barra."}, {"id": "21292", "ano": "2023", "numero": "48", "tipo__sigla": "IND", "tipo__descricao": "Indica\u00e7\u00e3o", "autoria": "Evaldo Geraldo do Carmo (Evaldo do A\u00e7ougue)", "texto_original": "http://sapl.pedroleopoldo.mg.leg.br/media/sapl/public/materialegislativa/2023/21292/indicacao_48-2023_-_evaldo_-_pavimentacao_rua_jose_justino_dos_reis_-_dom_camilo.docx", "ementa": "Indica o recapeamento asf\u00e1ltico em toda extens\u00e3o da Rua Jos\u00e9 Justino dos Reis, no Bairro Dom Camilo, neste munic\u00edpio."}, {"id": "21293", "ano": "2023", "numero": "49", "tipo__sigla": "IND", "tipo__descricao": "Indica\u00e7\u00e3o", "autoria": "Cynthia Salom\u00e3o Bastos Faria", "texto_original": "http://sapl.pedroleopoldo.mg.leg.br/media/sapl/public/materialegislativa/2023/21293/indicacao_no_049-2023_-_cynthia_salomao_bastos_faria.pdf", "ementa": "Indica que seja acrescentado o Cargo de Bibliotec\u00e1rio em todas as Institui\u00e7\u00f5es Municipais de Ensino, neste munic\u00edpio."}, {"id": "21294", "ano": "2023", "numero": "50", "tipo__sigla": "IND", "tipo__descricao": "Indica\u00e7\u00e3o", "autoria": "Cynthia Salom\u00e3o Bastos Faria", "texto_original": "http://sapl.pedroleopoldo.mg.leg.br/media/sapl/public/materialegislativa/2023/21294/indicacao_no_050-2023_-_cynthia_salomao_bastos_faria.pdf", "ementa": "Indica viabilizar o uso dos tablets nas institui\u00e7\u00f5es municipais de ensino, neste munic\u00edpio."}, {"id": "21304", "ano": "2023", "numero": "51", "tipo__sigla": "IND", "tipo__descricao": "Indica\u00e7\u00e3o", "autoria": "Cynthia Salom\u00e3o Bastos Faria", "texto_original": "http://sapl.pedroleopoldo.mg.leg.br/media/sapl/public/materialegislativa/2023/21304/indicacao_no_051-2023_-_cynthia_salomao_bastos_faria.pdf", "ementa": "Indica verificar a possibilidade junto a empresa Expresso UNIR, inserir o hor\u00e1rio de \u00f4nibus saindo da Rodovi\u00e1ria \u00e0s 8h para o Bairro Quinta do Sumidouro e retorno do mesmo para a Rodovi\u00e1ria \u00e0s 9h."}, {"id": "21305", "ano": "2023", "numero": "52", "tipo__sigla": "IND", "tipo__descricao": "Indica\u00e7\u00e3o", "autoria": "Cynthia Salom\u00e3o Bastos Faria", "texto_original": "http://sapl.pedroleopoldo.mg.leg.br/media/sapl/public/materialegislativa/2023/21305/indicacao_no_052-2023_-_cynthia_salomao_bastos_faria.pdf", "ementa": "Indica Conceder Mo\u00e7\u00e3o de Parab\u00e9ns ao Professor Alain Mendon\u00e7a Pereira, pelo excelente trabalho que vem desempenhando na tarefa de ensinar e educar"}, {"id": "21306", "ano": "2023", "numero": "53", "tipo__sigla": "IND", "tipo__descricao": "Indica\u00e7\u00e3o", "autoria": "Cynthia Salom\u00e3o Bastos Faria", "texto_original": "http://sapl.pedroleopoldo.mg.leg.br/media/sapl/public/materialegislativa/2023/21306/indicacao_no_053-2023_-_cynthia_salomao_bastos_faria.pdf", "ementa": "- Indica a retirada do barro acumulado para evitar risco de acidente e a constru\u00e7\u00e3o de uma ondula\u00e7\u00e3o transversal para facilitar o escoamento da \u00e1gua de pluvial na Rua Fern\u00e3o Dias, pr\u00f3ximo ao n\u00famero 84, no Distrito de Fidalgo."}, {"id": "21307", "ano": "2023", "numero": "54", "tipo__sigla": "IND", "tipo__descricao": "Indica\u00e7\u00e3o", "autoria": "Guilherme de Lima Braga (Guilherme do Doce)", "texto_original": "http://sapl.pedroleopoldo.mg.leg.br/media/sapl/public/materialegislativa/2023/21307/indicacao_no_054-2023_-_guilherme_de_lima_braga.pdf", "ementa": "Indica Conceder Mo\u00e7\u00e3o de Parab\u00e9ns ao Sr. L\u00facio Carlos de Oliveira."}, {"id": "21308", "ano": "2023", "numero": "55", "tipo__sigla": "IND", "tipo__descricao": "Indica\u00e7\u00e3o", "autoria": "Evaldo Geraldo do Carmo (Evaldo do A\u00e7ougue)", "texto_original": "http://sapl.pedroleopoldo.mg.leg.br/media/sapl/public/materialegislativa/2023/21308/indicacao_55-2023_-_evaldo.doc", "ementa": "Indica recapeamento asf\u00e1ltico em toda extens\u00e3o da Rua Jos\u00e9 Justino dos Reis, no Bairro Dom Camilo, neste munic\u00edpio."}, {"id": "21309", "ano": "2023", "numero": "56", "tipo__sigla": "IND", "tipo__descricao": "Indica\u00e7\u00e3o", "autoria": "Guilherme de Lima Braga (Guilherme do Doce)", "texto_original": "http://sapl.pedroleopoldo.mg.leg.br/media/sapl/public/materialegislativa/2023/21309/indicacao_no_056-2023_-_guilherme_de_lima_braga.pdf", "ementa": "Indica opera\u00e7\u00e3o tapa buracos na Rua Jo\u00e3o Otoni, S\u00e3o Geraldo, neste  Munic\u00edpio."}, {"id": "21310", "ano": "2023", "numero": "57", "tipo__sigla": "IND", "tipo__descricao": "Indica\u00e7\u00e3o", "autoria": "Evaldo Geraldo do Carmo (Evaldo do A\u00e7ougue)", "texto_original": "http://sapl.pedroleopoldo.mg.leg.br/media/sapl/public/materialegislativa/2023/21310/indicacao_no_057-2023_-_evaldo_geraldo_do_carmo.pdf", "ementa": "Indica limpeza e desobstru\u00e7\u00e3o do bueiro da Rua Dirceu Lopes, em frente ao n\u00famero 48, Centro, neste munic\u00edpio"}, {"id": "21311", "ano": "2023", "numero": "58", "tipo__sigla": "IND", "tipo__descricao": "Indica\u00e7\u00e3o", "autoria": "Guilherme de Lima Braga (Guilherme do Doce)", "texto_original": "http://sapl.pedroleopoldo.mg.leg.br/media/sapl/public/materialegislativa/2023/21311/indicacao_no_058-2023_-_guilherme_de_lima_braga.pdf", "ementa": "Indica providenciar o servi\u00e7o de recapeamento asf\u00e1ltico em toda a extens\u00e3o da Rua Suzana Passos, localizada no Bairro Santo Ant\u00f4nio da Barra, neste Munic\u00edpio."}, {"id": "21312", "ano": "2023", "numero": "59", "tipo__sigla": "IND", "tipo__descricao": "Indica\u00e7\u00e3o", "autoria": "Eldir Jos\u00e9 Batista (Baixinho da Garagem)", "texto_original": "http://sapl.pedroleopoldo.mg.leg.br/media/sapl/public/materialegislativa/2023/21312/indicacao_59-23_-_ver._eldir.pdf", "ementa": "Indica servi\u00e7os de limpeza (capina e ro\u00e7ada) nas seguintes Ruas: S\u00e3o Vicente, S\u00e3o Sebasti\u00e3o, Esporte, Bernardo Ferreira, Manoel Fiel e Alvorada, no Bairro Ferreiras."}, {"id": "21313", "ano": "2023", "numero": "60", "tipo__sigla": "IND", "tipo__descricao": "Indica\u00e7\u00e3o", "autoria": "Eldir Jos\u00e9 Batista (Baixinho da Garagem)", "texto_original": "http://sapl.pedroleopoldo.mg.leg.br/media/sapl/public/materialegislativa/2023/21313/indicacao_60-23_-_ver._eldir.pdf", "ementa": "Indica servi\u00e7os de limpeza (capina e ro\u00e7ada) na Estrada do Coqueirinho, neste munic\u00edpio."}, {"id": "21314", "ano": "2023", "numero": "61", "tipo__sigla": "IND", "tipo__descricao": "Indica\u00e7\u00e3o", "autoria": "Eldir Jos\u00e9 Batista (Baixinho da Garagem)", "texto_original": "http://sapl.pedroleopoldo.mg.leg.br/media/sapl/public/materialegislativa/2023/21314/indicacao_61-23_-_ver._eldir.pdf", "ementa": "Indica realiza\u00e7\u00e3o de limpeza, capina e opera\u00e7\u00e3o tapa-buracos nas Ruas Ant\u00f4nio Aleixo Cruz, Eug\u00eania Ferreira Cruz, Jos\u00e9 Maria Domingues e Wandencolk Wallace Cruz, no Bairro Jardin\u00f3polis, neste munic\u00edpio."}, {"id": "21315", "ano": "2023", "numero": "62", "tipo__sigla": "IND", "tipo__descricao": "Indica\u00e7\u00e3o", "autoria": "Eldir Jos\u00e9 Batista (Baixinho da Garagem)", "texto_original": "http://sapl.pedroleopoldo.mg.leg.br/media/sapl/public/materialegislativa/2023/21315/indicacao_62-23_-_ver._eldir.pdf", "ementa": "Indica servi\u00e7os de limpeza (capina e ro\u00e7ada) e opera\u00e7\u00e3o Tapa Buracos, nas Ruas S\u00e3o Geraldo, Jo\u00e3o Uriel, In\u00e1cia de Carvalho, localizadas no Bairro Tapera."}, {"id": "21316", "ano": "2023", "numero": "63", "tipo__sigla": "IND", "tipo__descricao": "Indica\u00e7\u00e3o", "autoria": "Rafael Vieira Faria (Rafa)", "texto_original": "http://sapl.pedroleopoldo.mg.leg.br/media/sapl/public/materialegislativa/2023/21316/indicacao_no_063-2023_-_rafael_vieira_faria.pdf", "ementa": "Indica o recapeamento da Rua Geraldo Braz Moreira, situada no Bairro Santo Ant\u00f4nio da Barra, recuperando toda a camada asf\u00e1ltica."}, {"id": "21317", "ano": "2023", "numero": "64", "tipo__sigla": "IND", "tipo__descricao": "Indica\u00e7\u00e3o", "autoria": "Rafael Vieira Faria (Rafa)", "texto_original": "http://sapl.pedroleopoldo.mg.leg.br/media/sapl/public/materialegislativa/2023/21317/indicacao_no_064-2023_-_rafael_vieira_faria.pdf", "ementa": "Indica a reforma do telhado da Unidade B\u00e1sica de Sa\u00fade Santo Ant\u00f4nio, situada na Avenida Comendador Ant\u00f4nio Alves, Bairro Santo Ant\u00f4nio,"}, {"id": "21318", "ano": "2023", "numero": "65", "tipo__sigla": "IND", "tipo__descricao": "Indica\u00e7\u00e3o", "autoria": "Rafael Vieira Faria (Rafa)", "texto_original": "http://sapl.pedroleopoldo.mg.leg.br/media/sapl/public/materialegislativa/2023/21318/indicacao_no_065-2023_-_rafael_vieira_faria.pdf", "ementa": "Indica a constru\u00e7\u00e3o de uma Unidade B\u00e1sica de Sa\u00fade -UBS- no Bairro Santo Ant\u00f4nio da Barra, mais moderna e adequada \u00e0s necessidades da coletividade, al\u00e9m de proporcionar um ambiente de trabalho mais harmonioso para os servidores que laboram no local."}, {"id": "21319", "ano": "2023", "numero": "66", "tipo__sigla": "IND", "tipo__descricao": "Indica\u00e7\u00e3o", "autoria": "Rafael Vieira Faria (Rafa)", "texto_original": "http://sapl.pedroleopoldo.mg.leg.br/media/sapl/public/materialegislativa/2023/21319/indicacao_no_066-2023_-_rafael_vieira_faria.pdf", "ementa": "Indica a implanta\u00e7\u00e3o de posto avan\u00e7ado do Corpo de Bombeiros, proporcionando, al\u00e9m de desenvolvimento, seguran\u00e7a \u00e0 vida e ao meio ambiente, promovendo a valoriza\u00e7\u00e3o da coletividade."}, {"id": "21320", "ano": "2023", "numero": "67", "tipo__sigla": "IND", "tipo__descricao": "Indica\u00e7\u00e3o", "autoria": "Guilherme de Lima Braga (Guilherme do Doce)", "texto_original": "http://sapl.pedroleopoldo.mg.leg.br/media/sapl/public/materialegislativa/2023/21320/indicacao_067-2023_-_guilherme_-_mocao_thiago_henrique.docx", "ementa": "Indica Mo\u00e7\u00e3o de Parab\u00e9ns ao Senhor Thiago Henrique Pereira Sousa."}, {"id": "21321", "ano": "2023", "numero": "68", "tipo__sigla": "IND", "tipo__descricao": "Indica\u00e7\u00e3o", "autoria": "Leonardo Pereira Ribeiro (Leoz\u00e3o)", "texto_original": "http://sapl.pedroleopoldo.mg.leg.br/media/sapl/public/materialegislativa/2023/21321/indicacao_68-23_-_leonardo.pdf", "ementa": "Indica a extens\u00e3o da rede el\u00e9trica da Rua Jos\u00e9 Balbino de Melo, no Distrito de Lagoa de Santo Ant\u00f4nio, com a instala\u00e7\u00e3o de ba\u00e7os de ilumina\u00e7\u00e3o nos postes da referida rua."}, {"id": "21323", "ano": "2023", "numero": "69", "tipo__sigla": "IND", "tipo__descricao": "Indica\u00e7\u00e3o", "autoria": "Frederico Henrique Cota Alves (Fred Piau)", "texto_original": "http://sapl.pedroleopoldo.mg.leg.br/media/sapl/public/materialegislativa/2023/21323/indicacao_no_069-2023_-_frederico_henrique_cota_alves.pdf", "ementa": "Indica a inser\u00e7\u00e3o dos Jogos de Tabuleiro no Torneio Estudantil JEMPEL."}, {"id": "21324", "ano": "2023", "numero": "70", "tipo__sigla": "IND", "tipo__descricao": "Indica\u00e7\u00e3o", "autoria": "Frederico Henrique Cota Alves (Fred Piau)", "texto_original": "http://sapl.pedroleopoldo.mg.leg.br/media/sapl/public/materialegislativa/2023/21324/indicacao_no_070-2023_-_frederico_henrique_cota_alves.pdf", "ementa": "Indica a cria\u00e7\u00e3o de Campeonato de Skate no Munic\u00edpio."}, {"id": "21325", "ano": "2023", "numero": "71", "tipo__sigla": "IND", "tipo__descricao": "Indica\u00e7\u00e3o", "autoria": "Frederico Henrique Cota Alves (Fred Piau)", "texto_original": "http://sapl.pedroleopoldo.mg.leg.br/media/sapl/public/materialegislativa/2023/21325/indicacao_no_071-2023_-_frederico_henrique_cota_alves.pdf", "ementa": "Indica a institui\u00e7\u00e3o da Solenidade Trof\u00e9u Dirceu Lopes, fechando o calend\u00e1rio de competi\u00e7\u00f5es da liga de Futebol Amador de Pedro Leopoldo, a ser realizada no m\u00eas de Dezembro."}, {"id": "21326", "ano": "2023", "numero": "72", "tipo__sigla": "IND", "tipo__descricao": "Indica\u00e7\u00e3o", "autoria": "Frederico Henrique Cota Alves (Fred Piau)", "texto_original": "http://sapl.pedroleopoldo.mg.leg.br/media/", "ementa": "Indica a instala\u00e7\u00e3o de corrim\u00e3o, guarda corpo na passarela inferior do Viaduto localizado na Rua Expedicion\u00e1rio Raimundo Nogueira da Cruz, Centro, neste Munic\u00edpio."}, {"id": "21327", "ano": "2023", "numero": "73", "tipo__sigla": "IND", "tipo__descricao": "Indica\u00e7\u00e3o", "autoria": "Frederico Henrique Cota Alves (Fred Piau)", "texto_original": "http://sapl.pedroleopoldo.mg.leg.br/media/sapl/public/materialegislativa/2023/21327/indicacao_no_073-2023_-_frederico_henrique_cota_alves.pdf", "ementa": "Indica que seja providenciado curso de aperfei\u00e7oamento de abordagem ao cidad\u00e3o, a ser ministrado especificamente a Guarda Municipal, para os agentes de tr\u00e2nsito."}, {"id": "21360", "ano": "2023", "numero": "74", "tipo__sigla": "IND", "tipo__descricao": "Indica\u00e7\u00e3o", "autoria": "Evaldo Geraldo do Carmo (Evaldo do A\u00e7ougue)", "texto_original": "http://sapl.pedroleopoldo.mg.leg.br/media/sapl/public/materialegislativa/2023/21360/indicacao_74_-_evaldo.pdf", "ementa": "Indica a realiza\u00e7\u00e3o de opera\u00e7\u00e3o tapa-buracos, na Rua Geraldo dos Santos Filho, no Bairro Maria C\u00e2ndida, neste munic\u00edpio."}, {"id": "21361", "ano": "2023", "numero": "75", "tipo__sigla": "IND", "tipo__descricao": "Indica\u00e7\u00e3o", "autoria": "Evaldo Geraldo do Carmo (Evaldo do A\u00e7ougue), Mauro J\u00fanior Lopes Francisco", "texto_original": "http://sapl.pedroleopoldo.mg.leg.br/media/sapl/public/materialegislativa/2023/21361/indicacao_75-23_-_ver._evaldo_e_mauro.pdf", "ementa": "Indica o recapeamento da Rua Lourival Maria da Concei\u00e7\u00e3o, Bairro Felipe Cl\u00e1udio de Sales, neste munic\u00edpio."}, {"id": "21362", "ano": "2023", "numero": "76", "tipo__sigla": "IND", "tipo__descricao": "Indica\u00e7\u00e3o", "autoria": "Evaldo Geraldo do Carmo (Evaldo do A\u00e7ougue)", "texto_original": "http://sapl.pedroleopoldo.mg.leg.br/media/sapl/public/materialegislativa/2023/21362/indicacao_76-23_-_ver._evaldo.pdf", "ementa": "Indica a instala\u00e7\u00e3o de lixeiras na rotat\u00f3ria da Rua Via Norte (em frente \u00e0 Secretaria de Obras), neste munic\u00edpio."}, {"id": "21363", "ano": "2023", "numero": "77", "tipo__sigla": "IND", "tipo__descricao": "Indica\u00e7\u00e3o", "autoria": "Guilherme de Lima Braga (Guilherme do Doce)", "texto_original": "http://sapl.pedroleopoldo.mg.leg.br/media/sapl/public/materialegislativa/2023/21363/indicacao_77-23_-_ver._guilherme.pdf", "ementa": "Indica que seja feita a extens\u00e3o de rede el\u00e9trica na Rua Jo\u00e3o Evangelista Serafim, no Bairro Novo Campinho, neste munic\u00edpio."}, {"id": "21364", "ano": "2023", "numero": "78", "tipo__sigla": "IND", "tipo__descricao": "Indica\u00e7\u00e3o", "autoria": "Guilherme de Lima Braga (Guilherme do Doce)", "texto_original": "http://sapl.pedroleopoldo.mg.leg.br/media/sapl/public/materialegislativa/2023/21364/indicacao_78-23_-_ver._guilherme.pdf", "ementa": "Indica a limpeza (capina e ro\u00e7ada) nas ruas: Jo\u00e3o Evangelista Serafim, e Fernando Gon\u00e7alves da Silva, Bairro Novo Campinho, neste munic\u00edpio."}, {"id": "21365", "ano": "2023", "numero": "79", "tipo__sigla": "IND", "tipo__descricao": "Indica\u00e7\u00e3o", "autoria": "Cynthia Salom\u00e3o Bastos Faria", "texto_original": "http://sapl.pedroleopoldo.mg.leg.br/media/sapl/public/materialegislativa/2023/21365/indicacao_79-23_-_ver._cynthia.pdf", "ementa": "Indica \u00e0 Excelent\u00edssima Senhora Prefeita que solicite \u00e0 Expresso Unir que retome o hor\u00e1rio de \u00f4nibus das 17h05m da rodovi\u00e1ria, sentido Quinta do Sumidouro."}, {"id": "21366", "ano": "2023", "numero": "80", "tipo__sigla": "IND", "tipo__descricao": "Indica\u00e7\u00e3o", "autoria": "Cynthia Salom\u00e3o Bastos Faria", "texto_original": "http://sapl.pedroleopoldo.mg.leg.br/media/sapl/public/materialegislativa/2023/21366/indicacao_80-23_-_ver._cynthia.pdf", "ementa": "Indica a pavimenta\u00e7\u00e3o asf\u00e1ltica da Rua Nossa Senhora do Ros\u00e1rio, no Bairro Quinta do Sumidouro."}, {"id": "21367", "ano": "2023", "numero": "81", "tipo__sigla": "IND", "tipo__descricao": "Indica\u00e7\u00e3o", "autoria": "Cynthia Salom\u00e3o Bastos Faria", "texto_original": "http://sapl.pedroleopoldo.mg.leg.br/media/sapl/public/materialegislativa/2023/21367/indicacao_81-23_-_ver._cynthia.pdf", "ementa": "Indica colocar piso de cimento no parquinho do Cemai Eug\u00eania de Bastos no Distrito de Fidalgo."}, {"id": "21368", "ano": "2023", "numero": "82", "tipo__sigla": "IND", "tipo__descricao": "Indica\u00e7\u00e3o", "autoria": "Cynthia Salom\u00e3o Bastos Faria", "texto_original": "http://sapl.pedroleopoldo.mg.leg.br/media/sapl/public/materialegislativa/2023/21368/indicacao_82-23_-_ver._cynthia.pdf", "ementa": "Indica a realiza\u00e7\u00e3o de poda da \u00e1rvore, localizada na Rua da Ribeira, pr\u00f3ximo ao n\u00famero 2.580, no Distrito de Fidalgo."}, {"id": "21369", "ano": "2023", "numero": "83", "tipo__sigla": "IND", "tipo__descricao": "Indica\u00e7\u00e3o", "autoria": "Cynthia Salom\u00e3o Bastos Faria", "texto_original": "http://sapl.pedroleopoldo.mg.leg.br/media/sapl/public/materialegislativa/2023/21369/indicacao_83-23_-_ver._cynthia.pdf", "ementa": "Indica que os Professores de Educa\u00e7\u00e3o B\u00e1sica I - efetivos, possam ter o direito da adequa\u00e7\u00e3o de carga hor\u00e1ria: cumprimento obrigat\u00f3rio de jornada de trabalho excedente ao estabelecido pela lei, por exig\u00eancia curricular e enquadrados nos cargos para o qual prestaram concurso de acordo com a carga hor\u00e1ria optada."}, {"id": "21370", "ano": "2023", "numero": "84", "tipo__sigla": "IND", "tipo__descricao": "Indica\u00e7\u00e3o", "autoria": "Frederico Henrique Cota Alves (Fred Piau)", "texto_original": "http://sapl.pedroleopoldo.mg.leg.br/media/sapl/public/materialegislativa/2023/21370/indicacao_84-23_-_ver._frederico.pdf", "ementa": "Indica a cria\u00e7\u00e3o da Pra\u00e7a Esportiva pr\u00f3xima \u00e0 quadra do Bairro Santo Ant\u00f4nio da Barra, neste Munic\u00edpio."}, {"id": "21371", "ano": "2023", "numero": "85", "tipo__sigla": "IND", "tipo__descricao": "Indica\u00e7\u00e3o", "autoria": "Frederico Henrique Cota Alves (Fred Piau)", "texto_original": "http://sapl.pedroleopoldo.mg.leg.br/media/sapl/public/materialegislativa/2023/21371/indicacao_85-23_-_ver._frederico.pdf", "ementa": "Indica a cria\u00e7\u00e3o do Evento Cultural: \"Vila Gastron\u00f4mica\", no roteiro tur\u00edstico da cidade."}, {"id": "21372", "ano": "2023", "numero": "86", "tipo__sigla": "IND", "tipo__descricao": "Indica\u00e7\u00e3o", "autoria": "Frederico Henrique Cota Alves (Fred Piau)", "texto_original": "http://sapl.pedroleopoldo.mg.leg.br/media/sapl/public/materialegislativa/2023/21372/indicacao_86-23_-_ver._frederico.pdf", "ementa": "Indica a constru\u00e7\u00e3o de po\u00e7o artesiano no Bairro Quinta das Palmeiras."}, {"id": "21373", "ano": "2023", "numero": "87", "tipo__sigla": "IND", "tipo__descricao": "Indica\u00e7\u00e3o", "autoria": "Frederico Henrique Cota Alves (Fred Piau)", "texto_original": "http://sapl.pedroleopoldo.mg.leg.br/media/sapl/public/materialegislativa/2023/21373/indicacao_87-23_-_ver._frederico.pdf", "ementa": "Indica a cria\u00e7\u00e3o e realiza\u00e7\u00e3o do evento: \u201cArraial de Pedro Leopoldo\u201d."}, {"id": "21374", "ano": "2023", "numero": "88", "tipo__sigla": "IND", "tipo__descricao": "Indica\u00e7\u00e3o", "autoria": "Frederico Henrique Cota Alves (Fred Piau)", "texto_original": "http://sapl.pedroleopoldo.mg.leg.br/media/sapl/public/materialegislativa/2023/21374/indicacao_88-23_-_ver._frederico.pdf", "ementa": "Indica a cria\u00e7\u00e3o do Conselho Municipal de Controle de Zoonoses e Bem-Estar Animal."}, {"id": "21396", "ano": "2023", "numero": "89", "tipo__sigla": "IND", "tipo__descricao": "Indica\u00e7\u00e3o", "autoria": "Evaldo Geraldo do Carmo (Evaldo do A\u00e7ougue)", "texto_original": "http://sapl.pedroleopoldo.mg.leg.br/media/sapl/public/materialegislativa/2023/21396/indicacao_89-23_-_ver._evaldo.pdf", "ementa": "Indica verificar a possibilidade de abertura da Rua Ant\u00f4nio Elias, pr\u00f3ximo ao quarteir\u00e3o da Pol\u00edcia Civil, no Centro da cidade."}, {"id": "21397", "ano": "2023", "numero": "90", "tipo__sigla": "IND", "tipo__descricao": "Indica\u00e7\u00e3o", "autoria": "Evaldo Geraldo do Carmo (Evaldo do A\u00e7ougue)", "texto_original": "http://sapl.pedroleopoldo.mg.leg.br/media/sapl/public/materialegislativa/2023/21397/indicacao_90-23_-_ver._evaldo.pdf", "ementa": "Indica o recapeamento por toda extens\u00e3o e a instala\u00e7\u00e3o de galeria de \u00e1gua pluvial, na Rua Dr. Louis Ench, Centro, neste munic\u00edpio."}, {"id": "21398", "ano": "2023", "numero": "91", "tipo__sigla": "IND", "tipo__descricao": "Indica\u00e7\u00e3o", "autoria": "Evaldo Geraldo do Carmo (Evaldo do A\u00e7ougue)", "texto_original": "http://sapl.pedroleopoldo.mg.leg.br/media/sapl/public/materialegislativa/2023/21398/indicacao_91-23_-_ver._evaldo.pdf", "ementa": "Indica o recapeamento, por toda extens\u00e3o, da Rua Fidalgo, Centro, neste munic\u00edpio."}, {"id": "21399", "ano": "2023", "numero": "92", "tipo__sigla": "IND", "tipo__descricao": "Indica\u00e7\u00e3o", "autoria": "Rafael Vieira Faria (Rafa)", "texto_original": "http://sapl.pedroleopoldo.mg.leg.br/media/sapl/public/materialegislativa/2023/21399/indicacao_92-23_-_ver._rafael.pdf", "ementa": "Indica a realiza\u00e7\u00e3o de encontro de carros antigos, a ser realizado, mensalmente, na Pra\u00e7a Francisco C\u00e2ndido Xavier."}, {"id": "21400", "ano": "2023", "numero": "93", "tipo__sigla": "IND", "tipo__descricao": "Indica\u00e7\u00e3o", "autoria": "Rafael Vieira Faria (Rafa)", "texto_original": "http://sapl.pedroleopoldo.mg.leg.br/media/sapl/public/materialegislativa/2023/21400/indicacao_93-23_-_ver._rafael.pdf", "ementa": "Indica o recapeamento das seguintes vias do Bairro Santo Ant\u00f4nio da Barra: Rua S\u00e3o Jo\u00e3o; Rua Ulisses Cardeal; Rua Tupis; Rua Guaranis; Rua Pac\u00edfico Gon\u00e7alves Filho; Rua Professora Justa Vilela do Amaral; Rua Vinte e Um de Abril; Rua Esporte; Rua Beco do Atl\u00e9tico; Rua Beco do Cruzeiro; Rua Pedro Leopoldo."}, {"id": "21401", "ano": "2023", "numero": "94", "tipo__sigla": "IND", "tipo__descricao": "Indica\u00e7\u00e3o", "autoria": "Rafael Vieira Faria (Rafa)", "texto_original": "http://sapl.pedroleopoldo.mg.leg.br/media/sapl/public/materialegislativa/2023/21401/indicacao_94-23_-_ver._rafael.pdf", "ementa": "Indica a realiza\u00e7\u00e3o de estudo t\u00e9cnico, visando reduzir a velocidade de tr\u00e1fego de ve\u00edculos automotores, na Rua dos Andradas, Bairro Donato, Pedro Leopoldo."}, {"id": "21402", "ano": "2023", "numero": "95", "tipo__sigla": "IND", "tipo__descricao": "Indica\u00e7\u00e3o", "autoria": "Rafael Vieira Faria (Rafa)", "texto_original": "http://sapl.pedroleopoldo.mg.leg.br/media/sapl/public/materialegislativa/2023/21402/indicacao_95-23_-_ver._rafael.pdf", "ementa": "Indica a cria\u00e7\u00e3o de um monumento alusivo ao \u201cBoi da Manta\u201d a ser instalado na Pra\u00e7a Dr. Senra, Centro de Pedro Leopoldo, dada a import\u00e2ncia hist\u00f3rica, cultural e art\u00edstica trazida nessa figura popular e presente na vida da comunidade pedro-leopoldense."}, {"id": "21403", "ano": "2023", "numero": "96", "tipo__sigla": "IND", "tipo__descricao": "Indica\u00e7\u00e3o", "autoria": "Warlen Alves da Silva", "texto_original": "http://sapl.pedroleopoldo.mg.leg.br/media/sapl/public/materialegislativa/2023/21403/indicacao_096-2023_-_warlen_-_mocao_gabriel_marques_de_almeida.docx", "ementa": "Indica conceder Mo\u00e7\u00e3o de Parab\u00e9ns a Gabriel Marques de Almeida."}, {"id": "21404", "ano": "2023", "numero": "97", "tipo__sigla": "IND", "tipo__descricao": "Indica\u00e7\u00e3o", "autoria": "Frederico Henrique Cota Alves (Fred Piau)", "texto_original": "http://sapl.pedroleopoldo.mg.leg.br/media/sapl/public/materialegislativa/2023/21404/indicacao_97-23_-_ver._frederico.pdf", "ementa": "Indica a instala\u00e7\u00e3o de um Ecoponto pr\u00f3ximo \u00e0 Escola Municipal Dona Jandirinha Sales Joviano, localizada no Bairro Felipe Claudio de Sales, neste munic\u00edpio."}, {"id": "21405", "ano": "2023", "numero": "98", "tipo__sigla": "IND", "tipo__descricao": "Indica\u00e7\u00e3o", "autoria": "Frederico Henrique Cota Alves (Fred Piau)", "texto_original": "http://sapl.pedroleopoldo.mg.leg.br/media/sapl/public/materialegislativa/2023/21405/indicacao_98-23_-_ver._frederico.pdf", "ementa": "Indica a instala\u00e7\u00e3o de tr\u00eas pontos de \u00f4nibus no Bairro Morada dos Angicos, na Rua Cruzeiro, que percorre todo o bairro."}, {"id": "21406", "ano": "2023", "numero": "99", "tipo__sigla": "IND", "tipo__descricao": "Indica\u00e7\u00e3o", "autoria": "Frederico Henrique Cota Alves (Fred Piau)", "texto_original": "http://sapl.pedroleopoldo.mg.leg.br/media/sapl/public/materialegislativa/2023/21406/indicacao_99-23_-_frederico.pdf", "ementa": "Indica a instala\u00e7\u00e3o de uma faixa de pedestre em frente \u00e0 Pista de Skate Plaza, localizada na Pra\u00e7a da Esta\u00e7\u00e3o."}, {"id": "21407", "ano": "2023", "numero": "100", "tipo__sigla": "IND", "tipo__descricao": "Indica\u00e7\u00e3o", "autoria": "Frederico Henrique Cota Alves (Fred Piau)", "texto_original": "http://sapl.pedroleopoldo.mg.leg.br/media/sapl/public/materialegislativa/2023/21407/indicacao_100-23_-_frederico.pdf", "ementa": "Indica a cria\u00e7\u00e3o do Transporte para Universit\u00e1rios em nosso Munic\u00edpio, com rotas de Pedro Leopoldo rumo a Belo Horizonte, em tr\u00eas turnos ou de acordo com a demanda."}, {"id": "21408", "ano": "2023", "numero": "101", "tipo__sigla": "IND", "tipo__descricao": "Indica\u00e7\u00e3o", "autoria": "Frederico Henrique Cota Alves (Fred Piau)", "texto_original": "http://sapl.pedroleopoldo.mg.leg.br/media/sapl/public/materialegislativa/2023/21408/indicacao_101-23_-_ver._frederico.pdf", "ementa": "Indica a cria\u00e7\u00e3o do Banco de Alimentos Municipal."}, {"id": "21435", "ano": "2023", "numero": "102", "tipo__sigla": "IND", "tipo__descricao": "Indica\u00e7\u00e3o", "autoria": "Frederico Henrique Cota Alves (Fred Piau)", "texto_original": "http://sapl.pedroleopoldo.mg.leg.br/media/sapl/public/materialegislativa/2023/21435/indicacao_102-23_-_ver._frederico.pdf", "ementa": "Indica a cria\u00e7\u00e3o de um concurso de fotografia e artes pl\u00e1sticas a partir do ano que vem, em comemora\u00e7\u00e3o aos cem anos de Pedro Leopoldo, expondo belezas que homenageiam o munic\u00edpio, para que a popula\u00e7\u00e3o vote e eleja os melhores trabalhos, dentro de categorias criadas."}, {"id": "21436", "ano": "2023", "numero": "103", "tipo__sigla": "IND", "tipo__descricao": "Indica\u00e7\u00e3o", "autoria": "Rafael Vieira Faria (Rafa)", "texto_original": "http://sapl.pedroleopoldo.mg.leg.br/media/sapl/public/materialegislativa/2023/21436/indicacao_103-23_-_ver._rafael.pdf", "ementa": "Indica a realiza\u00e7\u00e3o de uma \u201cBlitz Educativa\u201d, refor\u00e7ando as boas pr\u00e1ticas de higiene bucal, que visa otimizar a qualidade de vida e sa\u00fade."}, {"id": "21437", "ano": "2023", "numero": "104", "tipo__sigla": "IND", "tipo__descricao": "Indica\u00e7\u00e3o", "autoria": "Rafael Vieira Faria (Rafa)", "texto_original": "http://sapl.pedroleopoldo.mg.leg.br/media/sapl/public/materialegislativa/2023/21437/indicacao_104-23_-_ver._rafael.pdf", "ementa": "Indica a instala\u00e7\u00e3o do Programa Bombeiro Mirim do Corpo de Bombeiros de Minas Gerais nas escolas Municipais do Munic\u00edpio de Pedro Leopoldo, visando preparar nossos adolescentes para o enfrentamento de situa\u00e7\u00f5es de emerg\u00eancia no campo da seguran\u00e7a contra inc\u00eandio e p\u00e2nico, disseminando a cultura de preven\u00e7\u00e3o do Corpo de Bombeiros Militar de Minas Gerais (CBMMG)."}, {"id": "21438", "ano": "2023", "numero": "105", "tipo__sigla": "IND", "tipo__descricao": "Indica\u00e7\u00e3o", "autoria": "Rafael Vieira Faria (Rafa)", "texto_original": "http://sapl.pedroleopoldo.mg.leg.br/media/sapl/public/materialegislativa/2023/21438/indicacao_105-23_-_ver._rafael.pdf", "ementa": "Indica o recapeamento das seguintes ruas, localizadas no Centro de Pedro Leopoldo: Rua S\u00edlvio Bahia, CEP 33250-183; Rua Vereador Jos\u00e9 Roberto do Amaral, CEP: 33250-186; Rua Jos\u00e9 Flaviano Machado, CEP 33250-189."}, {"id": "21439", "ano": "2023", "numero": "106", "tipo__sigla": "IND", "tipo__descricao": "Indica\u00e7\u00e3o", "autoria": "Frederico Henrique Cota Alves (Fred Piau)", "texto_original": "http://sapl.pedroleopoldo.mg.leg.br/media/sapl/public/materialegislativa/2023/21439/indicacao_106-23_-_ver._frederico.pdf", "ementa": "Indica a constru\u00e7\u00e3o de: cobertura, dois vesti\u00e1rios e almoxarifado, na Pista de Skate Plaza, localizada na Pra\u00e7a da Esta\u00e7\u00e3o."}, {"id": "21440", "ano": "2023", "numero": "107", "tipo__sigla": "IND", "tipo__descricao": "Indica\u00e7\u00e3o", "autoria": "Frederico Henrique Cota Alves (Fred Piau)", "texto_original": "http://sapl.pedroleopoldo.mg.leg.br/media/sapl/public/materialegislativa/2023/21440/indicacao_107-23_-_ver._frederico.pdf", "ementa": "Indica a revitaliza\u00e7\u00e3o do cal\u00e7ad\u00e3o da Rua Juscelino Kubitschek, nas proximidades dos n\u00fameros 36 ao 90, em frente \u00e0 Escola Municipal Dona Jandirinha Sales Joviano e pr\u00f3ximo \u00e0 Escola Municipal Jos\u00e9 Pedro Filho, Bairro Felipe Cl\u00e1udio de Sales. Indico, ainda, a elabora\u00e7\u00e3o de um projeto de arboriza\u00e7\u00e3o e aproveitamento do referido passeio, que \u00e9 bastante largo."}, {"id": "21441", "ano": "2023", "numero": "108", "tipo__sigla": "IND", "tipo__descricao": "Indica\u00e7\u00e3o", "autoria": "Frederico Henrique Cota Alves (Fred Piau)", "texto_original": "http://sapl.pedroleopoldo.mg.leg.br/media/sapl/public/materialegislativa/2023/21441/indicacao_108-23_-_ver._frederico.pdf", "ementa": "Indica a cria\u00e7\u00e3o de um aplicativo online, da C\u00e2mara Municipal de Pedro Leopoldo, para receber den\u00fancias da popula\u00e7\u00e3o."}, {"id": "21442", "ano": "2023", "numero": "109", "tipo__sigla": "IND", "tipo__descricao": "Indica\u00e7\u00e3o", "autoria": "Evaldo Geraldo do Carmo (Evaldo do A\u00e7ougue)", "texto_original": "http://sapl.pedroleopoldo.mg.leg.br/media/sapl/public/materialegislativa/2023/21442/indicacao_109-23_-_ver._evaldo_-_mocao_parabens.pdf", "ementa": "Indica conceder Mo\u00e7\u00e3o de Parab\u00e9ns ao Sr. Fabr\u00edcio Junio da Silva, cabo do Corpo de Bombeiros Militar de Minas Gerais."}, {"id": "21443", "ano": "2023", "numero": "110", "tipo__sigla": "IND", "tipo__descricao": "Indica\u00e7\u00e3o", "autoria": "Cynthia Salom\u00e3o Bastos Faria", "texto_original": "http://sapl.pedroleopoldo.mg.leg.br/media/sapl/public/materialegislativa/2023/21443/indicacao_110-23_-_ver._cynthia.pdf", "ementa": "Indica o servi\u00e7o de nivelamento com patrol, na Rua Noraldino Almeida, no Bairro Quinta do Sumidouro."}, {"id": "21444", "ano": "2023", "numero": "111", "tipo__sigla": "IND", "tipo__descricao": "Indica\u00e7\u00e3o", "autoria": "Cynthia Salom\u00e3o Bastos Faria", "texto_original": "http://sapl.pedroleopoldo.mg.leg.br/media/sapl/public/materialegislativa/2023/21444/indicacao_111-23_-_ver._cynthia.pdf", "ementa": "Indica a constru\u00e7\u00e3o de mais uma Unidade B\u00e1sica de Sa\u00fade da Fam\u00edlia \u2013 UBS \u2013 no Distrito de Lagoa de Santo Ant\u00f4nio, neste munic\u00edpio."}, {"id": "21445", "ano": "2023", "numero": "112", "tipo__sigla": "IND", "tipo__descricao": "Indica\u00e7\u00e3o", "autoria": "Cynthia Salom\u00e3o Bastos Faria", "texto_original": "http://sapl.pedroleopoldo.mg.leg.br/media/sapl/public/materialegislativa/2023/21445/indicacao_112-23_-_ver._cynthia.pdf", "ementa": "Indica a perfura\u00e7\u00e3o de um po\u00e7o artesiano e a constru\u00e7\u00e3o de uma rede de \u00e1gua na Comunidade de Periquito, no Bairro Quinta do Sumidouro."}, {"id": "21446", "ano": "2023", "numero": "113", "tipo__sigla": "IND", "tipo__descricao": "Indica\u00e7\u00e3o", "autoria": "Cynthia Salom\u00e3o Bastos Faria", "texto_original": "http://sapl.pedroleopoldo.mg.leg.br/media/sapl/public/materialegislativa/2023/21446/indicacao_113-23_-_ver._cynthia.pdf", "ementa": "Indica destinar materiais esportivos e um bebedouro para o apoio e incentivo \u00e0 pr\u00e1tica esportiva para a escola de futebol de Fidalgo que acontece no Campo Independente, neste munic\u00edpio."}, {"id": "21447", "ano": "2023", "numero": "114", "tipo__sigla": "IND", "tipo__descricao": "Indica\u00e7\u00e3o", "autoria": "Cynthia Salom\u00e3o Bastos Faria", "texto_original": "http://sapl.pedroleopoldo.mg.leg.br/media/sapl/public/materialegislativa/2023/21447/indicacao_114-23_-_ver._cynthia.pdf", "ementa": "Indica que seja disponibilizado absorvente \u00edntimo nas escolas municipais que atendem o ensino fundamental para o atendimento a eventuais necessidades das alunas."}, {"id": "21448", "ano": "2023", "numero": "115", "tipo__sigla": "IND", "tipo__descricao": "Indica\u00e7\u00e3o", "autoria": "Frederico Henrique Cota Alves (Fred Piau)", "texto_original": "http://sapl.pedroleopoldo.mg.leg.br/media/sapl/public/materialegislativa/2023/21448/indicacao_115-23_-_ver._frederico.pdf", "ementa": "Indica que seja criado o Centro de Atendimento \u00e0 Dengue \u2013 CAD."}, {"id": "21466", "ano": "2023", "numero": "116", "tipo__sigla": "IND", "tipo__descricao": "Indica\u00e7\u00e3o", "autoria": "Frederico Henrique Cota Alves (Fred Piau)", "texto_original": "http://sapl.pedroleopoldo.mg.leg.br/media/sapl/public/materialegislativa/2023/21466/indicacao_116-23_-_frederico.pdf", "ementa": "Indica a cria\u00e7\u00e3o de um Centro de Reabilita\u00e7\u00e3o com uma equipe composta por fisioterapeutas, psic\u00f3logas, terapeutas ocupacional, nutricionistas e fonoaudi\u00f3logas, no Distrito da Lagoa de Santo Ant\u00f4nio."}, {"id": "21467", "ano": "2023", "numero": "117", "tipo__sigla": "IND", "tipo__descricao": "Indica\u00e7\u00e3o", "autoria": "Frederico Henrique Cota Alves (Fred Piau)", "texto_original": "http://sapl.pedroleopoldo.mg.leg.br/media/sapl/public/materialegislativa/2023/21467/indicacao_117-23_-_frederico.pdf", "ementa": "Indica a reforma da Quadra Poliesportiva Geraldo Braz Moreira em Santo Ant\u00f4nio da Barra."}, {"id": "21468", "ano": "2023", "numero": "118", "tipo__sigla": "IND", "tipo__descricao": "Indica\u00e7\u00e3o", "autoria": "Frederico Henrique Cota Alves (Fred Piau)", "texto_original": "http://sapl.pedroleopoldo.mg.leg.br/media/sapl/public/materialegislativa/2023/21468/indicacao_118-23_-_frederico.pdf", "ementa": "Indica dar continuidade e ampliar o Projeto Escola de Campe\u00f5es de forma gradativa para todos os Bairros de Pedro Leopoldo, aumentando de 4 n\u00facleos para 20 n\u00facleos em 4 anos, estendendo as a\u00e7\u00f5es do projeto para toda cidade."}, {"id": "21469", "ano": "2023", "numero": "119", "tipo__sigla": "IND", "tipo__descricao": "Indica\u00e7\u00e3o", "autoria": "Frederico Henrique Cota Alves (Fred Piau)", "texto_original": "http://sapl.pedroleopoldo.mg.leg.br/media/sapl/public/materialegislativa/2023/21469/indicacao_119-23_-_frederico.pdf", "ementa": "Indica a informatiza\u00e7\u00e3o gradativa dos meios de atendimentos da Prefeitura ao cidad\u00e3o, facilitando e trazendo economia e agilidade aos processos."}, {"id": "21470", "ano": "2023", "numero": "120", "tipo__sigla": "IND", "tipo__descricao": "Indica\u00e7\u00e3o", "autoria": "Frederico Henrique Cota Alves (Fred Piau)", "texto_original": "http://sapl.pedroleopoldo.mg.leg.br/media/sapl/public/materialegislativa/2023/21470/indicacao_120-23_-_frederico.pdf", "ementa": "Indica a amplia\u00e7\u00e3o das modalidades do JEMPEL E JEMPELZINHO."}, {"id": "21471", "ano": "2023", "numero": "121", "tipo__sigla": "IND", "tipo__descricao": "Indica\u00e7\u00e3o", "autoria": "Rafael Vieira Faria (Rafa)", "texto_original": "http://sapl.pedroleopoldo.mg.leg.br/media/sapl/public/materialegislativa/2023/21471/indicacao_121-23_-_rafael.pdf", "ementa": "Indica a cria\u00e7\u00e3o do projeto social \u201cRaquete Social, Uma Sacada Para a Vida\u201d, visando ensinar Tennis e Beach Tennis a crian\u00e7as carentes a fim de integrar, instruir, socializar e dar uma nova perspectiva de vida, atrav\u00e9s do Esporte."}, {"id": "21472", "ano": "2023", "numero": "122", "tipo__sigla": "IND", "tipo__descricao": "Indica\u00e7\u00e3o", "autoria": "Rafael Vieira Faria (Rafa)", "texto_original": "http://sapl.pedroleopoldo.mg.leg.br/media/sapl/public/materialegislativa/2023/21472/indicacao_122-23_-_rafael.pdf", "ementa": "Indica o recapeamento de duas vias, no Bairro Teot\u00f4nio Batista de Freitas, Pedro Leopoldo-MG:\r\nRua Zico Barbosa, CEP 33254-184;\r\nAvenida Waldemar Damas, lado \u00edmpar CEP 33254-182, lado par CEP 33254-180."}, {"id": "21473", "ano": "2023", "numero": "123", "tipo__sigla": "IND", "tipo__descricao": "Indica\u00e7\u00e3o", "autoria": "Rafael Vieira Faria (Rafa)", "texto_original": "http://sapl.pedroleopoldo.mg.leg.br/media/sapl/public/materialegislativa/2023/21473/indicacao_123-23_-_rafael.pdf", "ementa": "Indica a retomada da confec\u00e7\u00e3o e do fornecimento de pr\u00f3tese dent\u00e1ria, promovendo \u00e0 popula\u00e7\u00e3o assist\u00eancia a esse servi\u00e7o que promove, al\u00e9m da autoestima, melhores condi\u00e7\u00f5es de sa\u00fade e bem-estar."}, {"id": "21474", "ano": "2023", "numero": "124", "tipo__sigla": "IND", "tipo__descricao": "Indica\u00e7\u00e3o", "autoria": "Rafael Vieira Faria (Rafa)", "texto_original": "http://sapl.pedroleopoldo.mg.leg.br/media/sapl/public/materialegislativa/2023/21474/indicacao_124-23_-_rafael.pdf", "ementa": "Indica a aquisi\u00e7\u00e3o e o fornecimento de vacinas com objetivo de proteger a popula\u00e7\u00e3o da contamina\u00e7\u00e3o ao v\u00edrus da dengue e suas varia\u00e7\u00f5es ou sorotipos distintos."}, {"id": "21475", "ano": "2023", "numero": "125", "tipo__sigla": "IND", "tipo__descricao": "Indica\u00e7\u00e3o", "autoria": "Guilherme de Lima Braga (Guilherme do Doce)", "texto_original": "http://sapl.pedroleopoldo.mg.leg.br/media/sapl/public/materialegislativa/2023/21475/indicacao_125-23_-_guilherme.pdf", "ementa": "Indica interven\u00e7\u00f5es para melhoria e mais seguran\u00e7a no tr\u00e2nsito do entroncamento da Rua Pac\u00edfico Jos\u00e9 Diniz com Av. Coronel Juventino Dias, neste munic\u00edpio."}, {"id": "21476", "ano": "2023", "numero": "126", "tipo__sigla": "IND", "tipo__descricao": "Indica\u00e7\u00e3o", "autoria": "Guilherme de Lima Braga (Guilherme do Doce)", "texto_original": "http://sapl.pedroleopoldo.mg.leg.br/media/sapl/public/materialegislativa/2023/21476/indicacao_126-23_-_guilherme.pdf", "ementa": "Indica interven\u00e7\u00f5es para melhoria e mais seguran\u00e7a no tr\u00e2nsito do entroncamento da Rua Francisco de Paula Moreira com Av. Coronel Juventino Dias, neste munic\u00edpio."}, {"id": "21477", "ano": "2023", "numero": "127", "tipo__sigla": "IND", "tipo__descricao": "Indica\u00e7\u00e3o", "autoria": "Guilherme de Lima Braga (Guilherme do Doce)", "texto_original": "http://sapl.pedroleopoldo.mg.leg.br/media/sapl/public/materialegislativa/2023/21477/indicacao_127-23_-_guilherme.pdf", "ementa": "Indica a implanta\u00e7\u00e3o de placas \u201cProibido estacionar\u201d do lado esquerdo da Rua Pac\u00edfico Jos\u00e9 Diniz, pr\u00f3ximo ao n\u00famero 457, neste munic\u00edpio."}, {"id": "21478", "ano": "2023", "numero": "128", "tipo__sigla": "IND", "tipo__descricao": "Indica\u00e7\u00e3o", "autoria": "Guilherme de Lima Braga (Guilherme do Doce)", "texto_original": "http://sapl.pedroleopoldo.mg.leg.br/media/sapl/public/materialegislativa/2023/21478/indicacao_128-23_-_guilherme.pdf", "ementa": "Indica a implanta\u00e7\u00e3o de placas \u201cProibido estacionar\u201d do lado esquerdo da Rua Francisco de Paula Moreira, neste munic\u00edpio."}, {"id": "21479", "ano": "2023", "numero": "129", "tipo__sigla": "IND", "tipo__descricao": "Indica\u00e7\u00e3o", "autoria": "Warlen Alves da Silva", "texto_original": "http://sapl.pedroleopoldo.mg.leg.br/media/sapl/public/materialegislativa/2023/21479/indicacao_129-23_-_warlen.pdf", "ementa": "Indica a aquisi\u00e7\u00e3o de um micro-\u00f4nibus para atender a demanda de transporte da sa\u00fade do munic\u00edpio, em casos em que popula\u00e7\u00e3o precise de realizar exames ou consultas em Belo Horizonte."}, {"id": "21480", "ano": "2023", "numero": "130", "tipo__sigla": "IND", "tipo__descricao": "Indica\u00e7\u00e3o", "autoria": "Cynthia Salom\u00e3o Bastos Faria", "texto_original": "http://sapl.pedroleopoldo.mg.leg.br/media/sapl/public/materialegislativa/2023/21480/indicacao_130-23_-_cynthia.pdf", "ementa": "Indica opera\u00e7\u00e3o tapa-buraco na Rua da Lapinha, estrada que liga a Quinta do sumidouro \u00e0 Lapinha."}, {"id": "21481", "ano": "2023", "numero": "131", "tipo__sigla": "IND", "tipo__descricao": "Indica\u00e7\u00e3o", "autoria": "Cynthia Salom\u00e3o Bastos Faria", "texto_original": "http://sapl.pedroleopoldo.mg.leg.br/media/sapl/public/materialegislativa/2023/21481/indicacao_131-23_-_cynthia.pdf", "ementa": "Indica colocar um redutor de velocidade (quebra-molas) na Rua Herculano Soares de Oliveira, pr\u00f3ximo ao n\u00famero 3.387, no Bairro Quinta do Sumidouro."}, {"id": "21482", "ano": "2023", "numero": "132", "tipo__sigla": "IND", "tipo__descricao": "Indica\u00e7\u00e3o", "autoria": "Cynthia Salom\u00e3o Bastos Faria", "texto_original": "http://sapl.pedroleopoldo.mg.leg.br/media/sapl/public/materialegislativa/2023/21482/indicacao_132-23_-_cynthia.pdf", "ementa": "Indica a instala\u00e7\u00e3o de sinaliza\u00e7\u00e3o vertical de \u201cProibido Parar e Estacionar\u201d em um dos lados da Rua Fern\u00e3o Dias, nas proximidades da capela vel\u00f3rio do Bairro Quinta do Sumidouro."}, {"id": "21483", "ano": "2023", "numero": "133", "tipo__sigla": "IND", "tipo__descricao": "Indica\u00e7\u00e3o", "autoria": "Cynthia Salom\u00e3o Bastos Faria", "texto_original": "http://sapl.pedroleopoldo.mg.leg.br/media/sapl/public/materialegislativa/2023/21483/indicacao_133-23_-_cynthia.pdf", "ementa": "Indica que o \u00f4nibus da linha de Fidalgo e Quinta do Sumidouro passe a atender em todos os hor\u00e1rios os moradores da Comunidade do Periquito, at\u00e9 a Rua Matoso, no Bairro Quinta do Sumidouro."}, {"id": "21484", "ano": "2023", "numero": "134", "tipo__sigla": "IND", "tipo__descricao": "Indica\u00e7\u00e3o", "autoria": "Cynthia Salom\u00e3o Bastos Faria", "texto_original": "http://sapl.pedroleopoldo.mg.leg.br/media/sapl/public/materialegislativa/2023/21484/indicacao_134-23_-_cynthia.pdf", "ementa": "Indica providenciar a extens\u00e3o da rede el\u00e9trica e a instala\u00e7\u00e3o de bra\u00e7os de luz na Rua Maria Pereira e na Rua Edna Pereira, no Bairro Periquito \u2013 Fidalgo."}, {"id": "21485", "ano": "2023", "numero": "135", "tipo__sigla": "IND", "tipo__descricao": "Indica\u00e7\u00e3o", "autoria": "Warlen Alves da Silva", "texto_original": "http://sapl.pedroleopoldo.mg.leg.br/media/sapl/public/materialegislativa/2023/21485/indicacao_135-23_-_ver._warlen.pdf", "ementa": "Indica conceder de Mo\u00e7\u00e3o de Parab\u00e9ns ao Pastor Paulo C\u00e9sar Gomes pelo desempenho de suas fun\u00e7\u00f5es como servo de Deus, sempre atuando com muito amor, fidelidade, ren\u00fancia, prontid\u00e3o e empenho na divulga\u00e7\u00e3o e compreens\u00e3o da palavra de Deus."}, {"id": "21486", "ano": "2023", "numero": "136", "tipo__sigla": "IND", "tipo__descricao": "Indica\u00e7\u00e3o", "autoria": "Warlen Alves da Silva", "texto_original": "http://sapl.pedroleopoldo.mg.leg.br/media/sapl/public/materialegislativa/2023/21486/indicacao_136-23_-_ver._warlen.pdf", "ementa": "Indica conceder Mo\u00e7\u00e3o de Parab\u00e9ns \u00e0 Tenente Dra. Rejane Cristina dos Santos Fazza pelo empenho junto \u00e0 Prefeitura de Pedro Leopoldo, em trazer o Hospital de Campanha - HCAMP -, em nossa cidade, nos anos 2017 e 2018."}, {"id": "21487", "ano": "2023", "numero": "137", "tipo__sigla": "IND", "tipo__descricao": "Indica\u00e7\u00e3o", "autoria": "Warlen Alves da Silva", "texto_original": "http://sapl.pedroleopoldo.mg.leg.br/media/sapl/public/materialegislativa/2023/21487/indicacao_137-23_-_ver._warlen.pdf", "ementa": "Indica conceder Mo\u00e7\u00e3o de Parab\u00e9ns ao Pastor Guilherme Henrique Paulino, pela excel\u00eancia de suas fun\u00e7\u00f5es como Presb\u00edtero, sempre empenhado na divulga\u00e7\u00e3o e compreens\u00e3o da palavra de Deus, \u00e0 frente da Igreja Assembleia de Deus Bar\u00e9ia."}, {"id": "21488", "ano": "2023", "numero": "138", "tipo__sigla": "IND", "tipo__descricao": "Indica\u00e7\u00e3o", "autoria": "Cynthia Salom\u00e3o Bastos Faria, Eldir Jos\u00e9 Batista (Baixinho da Garagem), Evaldo Geraldo do Carmo (Evaldo do A\u00e7ougue), Frederico Henrique Cota Alves (Fred Piau), Guilherme de Lima Braga (Guilherme do Doce), Leonardo Pereira Ribeiro (Leoz\u00e3o), Matheus Utsch de Oliveira, Mauro J\u00fanior Lopes Francisco, Rafael Vieira Faria (Rafa), Warlen Alves da Silva", "texto_original": "http://sapl.pedroleopoldo.mg.leg.br/media/sapl/public/materialegislativa/2023/21488/indicacao_138-23_-_todos_vereadores.pdf", "ementa": "Indica\u00e7\u00e3o de  Mo\u00e7\u00e3o de Parab\u00e9ns a empresa PRECON de Pedro Leopoldo, pelos seus 60 anos de funda\u00e7\u00e3o,"}, {"id": "21489", "ano": "2023", "numero": "139", "tipo__sigla": "IND", "tipo__descricao": "Indica\u00e7\u00e3o", "autoria": "Eldir Jos\u00e9 Batista (Baixinho da Garagem)", "texto_original": "http://sapl.pedroleopoldo.mg.leg.br/media/sapl/public/materialegislativa/2023/21489/indicacao_139-23_-_eldir.pdf", "ementa": "Indico recapeamento da Av. Francisco de Assis Viana, 321 no Bairro Manoel Carlos em Pedro Leopoldo."}, {"id": "21518", "ano": "2023", "numero": "140", "tipo__sigla": "IND", "tipo__descricao": "Indica\u00e7\u00e3o", "autoria": "Frederico Henrique Cota Alves (Fred Piau)", "texto_original": "http://sapl.pedroleopoldo.mg.leg.br/media/sapl/public/materialegislativa/2023/21518/indicacao_140-23_-_frederico.pdf", "ementa": "Indica a realiza\u00e7\u00e3o de chamamentos p\u00fablicos, para cess\u00e3o de terrenos municipais."}, {"id": "21519", "ano": "2023", "numero": "141", "tipo__sigla": "IND", "tipo__descricao": "Indica\u00e7\u00e3o", "autoria": "Frederico Henrique Cota Alves (Fred Piau)", "texto_original": "http://sapl.pedroleopoldo.mg.leg.br/media/sapl/public/materialegislativa/2023/21519/indicacao_141-23_-_frederico.pdf", "ementa": "Indica a amplia\u00e7\u00e3o do Projeto Escola de Campe\u00f5es para os distritos: de Fidalgo e Lagoa de Santo Ant\u00f4nio; e para os bairros: Teoth\u00f4nio Batista de Freitas, Felipe Cl\u00e1udio de Sales e Quinta das Palmeiras."}, {"id": "21520", "ano": "2023", "numero": "142", "tipo__sigla": "IND", "tipo__descricao": "Indica\u00e7\u00e3o", "autoria": "Frederico Henrique Cota Alves (Fred Piau)", "texto_original": "http://sapl.pedroleopoldo.mg.leg.br/media/sapl/public/materialegislativa/2023/21520/indicacao_142-23_-_frederico.pdf", "ementa": "Indica que o Festival de Luz seja inclu\u00eddo no Calend\u00e1rio Cultural Municipal."}, {"id": "21521", "ano": "2023", "numero": "143", "tipo__sigla": "IND", "tipo__descricao": "Indica\u00e7\u00e3o", "autoria": "Frederico Henrique Cota Alves (Fred Piau)", "texto_original": "http://sapl.pedroleopoldo.mg.leg.br/media/sapl/public/materialegislativa/2023/21521/indicacao_143-23_-_frederico.pdf", "ementa": "Indica conceder Mo\u00e7\u00e3o de Parab\u00e9ns ao Presidente da Funda\u00e7\u00e3o Cultural Chico Xavier, Jhon Harley, pelo Festival de Luz, promovido em nossa cidade."}, {"id": "21522", "ano": "2023", "numero": "144", "tipo__sigla": "IND", "tipo__descricao": "Indica\u00e7\u00e3o", "autoria": "Frederico Henrique Cota Alves (Fred Piau)", "texto_original": "http://sapl.pedroleopoldo.mg.leg.br/media/sapl/public/materialegislativa/2023/21522/indicacao_144-23_-_frederico.pdf", "ementa": "Indica a instala\u00e7\u00e3o de c\u00e2meras de seguran\u00e7a em todas as salas de aula das escolas municipais."}, {"id": "21523", "ano": "2023", "numero": "145", "tipo__sigla": "IND", "tipo__descricao": "Indica\u00e7\u00e3o", "autoria": "Leonardo Pereira Ribeiro (Leoz\u00e3o)", "texto_original": "http://sapl.pedroleopoldo.mg.leg.br/media/sapl/public/materialegislativa/2023/21523/indicacao_145-23_-_leonardo.pdf", "ementa": "Indica que seja feita uma manuten\u00e7\u00e3o no caminho que d\u00e1 acesso aos t\u00famulos e covas do Cemit\u00e9rio do Distrito de Lagoa de Santo Ant\u00f4nio, Pedro Leopoldo-MG."}, {"id": "21524", "ano": "2023", "numero": "146", "tipo__sigla": "IND", "tipo__descricao": "Indica\u00e7\u00e3o", "autoria": "Leonardo Pereira Ribeiro (Leoz\u00e3o)", "texto_original": "http://sapl.pedroleopoldo.mg.leg.br/media/sapl/public/materialegislativa/2023/21524/indicacao_146-23_-_leonardo.pdf", "ementa": "Indica que seja alterado o decreto que restringe os hor\u00e1rios de vel\u00f3rios e sepultamentos no munic\u00edpio de Pedro Leopoldo MG."}, {"id": "21525", "ano": "2023", "numero": "147", "tipo__sigla": "IND", "tipo__descricao": "Indica\u00e7\u00e3o", "autoria": "Leonardo Pereira Ribeiro (Leoz\u00e3o)", "texto_original": "http://sapl.pedroleopoldo.mg.leg.br/media/sapl/public/materialegislativa/2023/21525/indicacao_147-23_-_leonardo.pdf", "ementa": "Indica a autoriza\u00e7\u00e3o para serem servidos lanches nos vel\u00f3rios dos cemit\u00e9rios de Pedro Leopoldo-MG."}, {"id": "21526", "ano": "2023", "numero": "148", "tipo__sigla": "IND", "tipo__descricao": "Indica\u00e7\u00e3o", "autoria": "Leonardo Pereira Ribeiro (Leoz\u00e3o)", "texto_original": "http://sapl.pedroleopoldo.mg.leg.br/media/sapl/public/materialegislativa/2023/21526/indicacao_148-23_-_leonardo.pdf", "ementa": "Indica a compra de um carrinho de cemit\u00e9rio para a movimenta\u00e7\u00e3o de corpos, para o Cemit\u00e9rio do Distrito de Lagoa de Santo Ant\u00f4nio, Pedro Leopoldo-MG."}, {"id": "21527", "ano": "2023", "numero": "149", "tipo__sigla": "IND", "tipo__descricao": "Indica\u00e7\u00e3o", "autoria": "Cynthia Salom\u00e3o Bastos Faria", "texto_original": "http://sapl.pedroleopoldo.mg.leg.br/media/sapl/public/materialegislativa/2023/21527/indicacao_149-23_-_cynthia.pdf", "ementa": "Indica a realiza\u00e7\u00e3o de mutir\u00e3o de mamografias, no munic\u00edpio de Pedro Leopoldo."}, {"id": "21528", "ano": "2023", "numero": "150", "tipo__sigla": "IND", "tipo__descricao": "Indica\u00e7\u00e3o", "autoria": "Cynthia Salom\u00e3o Bastos Faria", "texto_original": "http://sapl.pedroleopoldo.mg.leg.br/media/sapl/public/materialegislativa/2023/21528/indicacao_150-23_-_cynthia.pdf", "ementa": "Indica enviar um projeto de lei que crie a obrigatoriedade da perman\u00eancia das Salas de Recursos Multifuncionais, neste munic\u00edpio."}, {"id": "21529", "ano": "2023", "numero": "151", "tipo__sigla": "IND", "tipo__descricao": "Indica\u00e7\u00e3o", "autoria": "Cynthia Salom\u00e3o Bastos Faria, Eldir Jos\u00e9 Batista (Baixinho da Garagem), Evaldo Geraldo do Carmo (Evaldo do A\u00e7ougue), Frederico Henrique Cota Alves (Fred Piau), Guilherme de Lima Braga (Guilherme do Doce), Leonardo Pereira Ribeiro (Leoz\u00e3o), Matheus Utsch de Oliveira, Mauro J\u00fanior Lopes Francisco, Rafael Vieira Faria (Rafa), Warlen Alves da Silva", "texto_original": "http://sapl.pedroleopoldo.mg.leg.br/media/sapl/public/materialegislativa/2023/21529/indicacao_151-23_-_todos_os_vereadores.pdf", "ementa": "Indica disponibilizar porteiro em todas as Unidades de Sa\u00fade do Munic\u00edpio de Pedro Leopoldo, em todos os hor\u00e1rios de funcionamento."}, {"id": "21530", "ano": "2023", "numero": "152", "tipo__sigla": "IND", "tipo__descricao": "Indica\u00e7\u00e3o", "autoria": "Cynthia Salom\u00e3o Bastos Faria, Eldir Jos\u00e9 Batista (Baixinho da Garagem), Evaldo Geraldo do Carmo (Evaldo do A\u00e7ougue), Frederico Henrique Cota Alves (Fred Piau), Guilherme de Lima Braga (Guilherme do Doce), Leonardo Pereira Ribeiro (Leoz\u00e3o), Matheus Utsch de Oliveira, Mauro J\u00fanior Lopes Francisco, Rafael Vieira Faria (Rafa), Warlen Alves da Silva", "texto_original": "http://sapl.pedroleopoldo.mg.leg.br/media/sapl/public/materialegislativa/2023/21530/indicacao_152-23_-_todos_os_vereadores.pdf", "ementa": "Indica disponibilizar porteiro em todas as Institui\u00e7\u00f5es de Ensino do Munic\u00edpio de Pedro Leopoldo, em todos os hor\u00e1rios de funcionamento."}, {"id": "21531", "ano": "2023", "numero": "153", "tipo__sigla": "IND", "tipo__descricao": "Indica\u00e7\u00e3o", "autoria": "Cynthia Salom\u00e3o Bastos Faria", "texto_original": "http://sapl.pedroleopoldo.mg.leg.br/media/sapl/public/materialegislativa/2023/21531/indicacao_153-23_-_cynthia.pdf", "ementa": "Indica designar um profissional para ensinar Xadrez nas Institui\u00e7\u00f5es de Ensino, neste Munic\u00edpio."}, {"id": "21532", "ano": "2023", "numero": "154", "tipo__sigla": "IND", "tipo__descricao": "Indica\u00e7\u00e3o", "autoria": "Eldir Jos\u00e9 Batista (Baixinho da Garagem)", "texto_original": "http://sapl.pedroleopoldo.mg.leg.br/media/sapl/public/materialegislativa/2023/21532/indicacao_154-23_-_eldir.pdf", "ementa": "Indico 2 ( duas ) faixas elevadas  na subida do Bairro S\u00e3o Geraldo, pr\u00f3ximo ao PA Central. Uma faixa elevada pr\u00f3ximo ao n\u00ba 15 da Rua Olivier Teixeira e outra faixa elevada pr\u00f3ximo ao n\u00ba 26 da Rua Dr Rocha."}, {"id": "21582", "ano": "2023", "numero": "155", "tipo__sigla": "IND", "tipo__descricao": "Indica\u00e7\u00e3o", "autoria": "Mauro J\u00fanior Lopes Francisco, Cynthia Salom\u00e3o Bastos Faria", "texto_original": "http://sapl.pedroleopoldo.mg.leg.br/media/sapl/public/materialegislativa/2023/21582/indicacao_155-23_-_mauro.pdf", "ementa": "No uso de nossas atribui\u00e7\u00f5es regimentais, reiteramos a indica\u00e7\u00e3o de n\u00ba 737/2021 \u00e0 Excelent\u00edssima Senhora Prefeita determinar ao setor competente providenciar o patrolamento, cascalhamento, bem como abertura para escoamento de \u00e1gua da chuva em toda a extens\u00e3o da Estrada do Bebedouro, localizada no Bairro Quinta do Sumidouro."}, {"id": "21583", "ano": "2023", "numero": "156", "tipo__sigla": "IND", "tipo__descricao": "Indica\u00e7\u00e3o", "autoria": "Leonardo Pereira Ribeiro (Leoz\u00e3o)", "texto_original": "http://sapl.pedroleopoldo.mg.leg.br/media/sapl/public/materialegislativa/2023/21583/indicacao_156-23_-_leonardo.pdf", "ementa": "No uso de minhas atribui\u00e7\u00f5es regimentais, indico \u00e0 Excelent\u00edssima Senhora Prefeita determinar ao setor competente a compra de tr\u00eas macas para o Centro Municipal de Fisioterapia, na Rua Dr. Herbster, 118 \u2013 Centro, neste munic\u00edpio."}, {"id": "21584", "ano": "2023", "numero": "157", "tipo__sigla": "IND", "tipo__descricao": "Indica\u00e7\u00e3o", "autoria": "Leonardo Pereira Ribeiro (Leoz\u00e3o)", "texto_original": "http://sapl.pedroleopoldo.mg.leg.br/media/sapl/public/materialegislativa/2023/21584/indicacao_157-23_-_leonardo.pdf", "ementa": "No uso de minhas atribui\u00e7\u00f5es regimentais, indico \u00e0 Excelent\u00edssima Senhora Prefeita determinar ao setor competente providenciar a compra de ventiladores para o Centro Municipal de Fisioterapia, na Rua Dr. Herbster, 118 \u2013 Centro, neste munic\u00edpio."}, {"id": "21585", "ano": "2023", "numero": "158", "tipo__sigla": "IND", "tipo__descricao": "Indica\u00e7\u00e3o", "autoria": "Leonardo Pereira Ribeiro (Leoz\u00e3o)", "texto_original": "http://sapl.pedroleopoldo.mg.leg.br/media/sapl/public/materialegislativa/2023/21585/indicacao_158-23_-_leonardo.pdf", "ementa": "No uso de minhas atribui\u00e7\u00f5es regimentais, indico \u00e0 Excelent\u00edssima Senhora Prefeita determinar ao setor competente providenciar a compra de um bebedouro para o Centro Municipal de Fisioterapia, na Rua Dr. Herbster, 118 \u2013 Centro, neste munic\u00edpio"}, {"id": "21586", "ano": "2023", "numero": "159", "tipo__sigla": "IND", "tipo__descricao": "Indica\u00e7\u00e3o", "autoria": "Mauro J\u00fanior Lopes Francisco", "texto_original": "http://sapl.pedroleopoldo.mg.leg.br/media/sapl/public/materialegislativa/2023/21586/indicacao_159-23_-_mauro.pdf", "ementa": "No uso de minhas atribui\u00e7\u00f5es regimentais, indico a Vossa Excel\u00eancia conceder Mo\u00e7\u00e3o de Parab\u00e9ns ao Senhor Eduardo Martins Rosa pelo excelente desempenho de suas fun\u00e7\u00f5es com seriedade, compet\u00eancia e responsabilidade junto \u00e0 Guarda Civil do Munic\u00edpio de Pedro Leopoldo."}, {"id": "21587", "ano": "2023", "numero": "160", "tipo__sigla": "IND", "tipo__descricao": "Indica\u00e7\u00e3o", "autoria": "Mauro J\u00fanior Lopes Francisco", "texto_original": "http://sapl.pedroleopoldo.mg.leg.br/media/sapl/public/materialegislativa/2023/21587/indicacao_160-23_-_mauro.pdf", "ementa": "No uso de minhas atribui\u00e7\u00f5es regimentais, indico a Vossa Excel\u00eancia conceder Mo\u00e7\u00e3o de Parab\u00e9ns ao Senhor Warleson Aparecido da Costa pelo excelente desempenho de suas fun\u00e7\u00f5es com seriedade, compet\u00eancia e responsabilidade junto \u00e0 Guarda Civil de Pedro Leopoldo."}, {"id": "21588", "ano": "2023", "numero": "161", "tipo__sigla": "IND", "tipo__descricao": "Indica\u00e7\u00e3o", "autoria": "Mauro J\u00fanior Lopes Francisco", "texto_original": "http://sapl.pedroleopoldo.mg.leg.br/media/sapl/public/materialegislativa/2023/21588/indicacao_161-23_-_mauro.pdf", "ementa": "No uso de minhas atribui\u00e7\u00f5es regimentais, indico a Vossa Excel\u00eancia conceder Mo\u00e7\u00e3o de Parab\u00e9ns \u00e0 Senhora Jucilene Helena Souza pelo excelente desempenho de suas fun\u00e7\u00f5es com seriedade, compet\u00eancia e responsabilidade junto \u00e0 Guarda Civil de Pedro Leopoldo."}, {"id": "21589", "ano": "2023", "numero": "162", "tipo__sigla": "IND", "tipo__descricao": "Indica\u00e7\u00e3o", "autoria": "Frederico Henrique Cota Alves (Fred Piau)", "texto_original": "http://sapl.pedroleopoldo.mg.leg.br/media/sapl/public/materialegislativa/2023/21589/indicacao_162-23_-_frederico.pdf", "ementa": "No uso de minhas atribui\u00e7\u00f5es regimentais, indico \u00e0 Excelent\u00edssima Senhora Prefeita determinar ao setor competente providenciar a transmiss\u00e3o de todos os processos licitat\u00f3rios da Prefeitura Municipal, atrav\u00e9s da internet."}, {"id": "21590", "ano": "2023", "numero": "163", "tipo__sigla": "IND", "tipo__descricao": "Indica\u00e7\u00e3o", "autoria": "Frederico Henrique Cota Alves (Fred Piau)", "texto_original": "http://sapl.pedroleopoldo.mg.leg.br/media/sapl/public/materialegislativa/2023/21590/indicacao_163-23_-_frederico.pdf", "ementa": "No uso de minhas atribui\u00e7\u00f5es regimentais, indico \u00e0 Excelent\u00edssima Senhora Prefeita determinar ao setor competente a cria\u00e7\u00e3o do Projeto \u201cCultura na Escola\u201d, incluindo na programa\u00e7\u00e3o dele apresenta\u00e7\u00f5es culturais nas Escolas Municipais e Estaduais de Pedro Leopoldo."}, {"id": "21591", "ano": "2023", "numero": "164", "tipo__sigla": "IND", "tipo__descricao": "Indica\u00e7\u00e3o", "autoria": "Frederico Henrique Cota Alves (Fred Piau)", "texto_original": "http://sapl.pedroleopoldo.mg.leg.br/media/sapl/public/materialegislativa/2023/21591/indicacao_164-23_-_frederico.pdf", "ementa": "No uso de minhas atribui\u00e7\u00f5es regimentais, indico \u00e0 Excelent\u00edssima Senhora Prefeita determinar ao setor competente a melhoria da rede pluvial da Av. R\u00f4mulo Joviano, neste Munic\u00edpio."}, {"id": "21592", "ano": "2023", "numero": "165", "tipo__sigla": "IND", "tipo__descricao": "Indica\u00e7\u00e3o", "autoria": "Frederico Henrique Cota Alves (Fred Piau)", "texto_original": "http://sapl.pedroleopoldo.mg.leg.br/media/sapl/public/materialegislativa/2023/21592/indicacao_165-23_-_frederico.pdf", "ementa": "No uso de minhas atribui\u00e7\u00f5es regimentais, indico \u00e0 Excelent\u00edssima Senhora Prefeita determinar ao setor competente o fomento de a\u00e7\u00f5es da campanha em combate \u00e0 Dengue em toda a cidade."}, {"id": "21593", "ano": "2023", "numero": "166", "tipo__sigla": "IND", "tipo__descricao": "Indica\u00e7\u00e3o", "autoria": "Frederico Henrique Cota Alves (Fred Piau)", "texto_original": "http://sapl.pedroleopoldo.mg.leg.br/media/sapl/public/materialegislativa/2023/21593/indicacao_166-23_-_frederico.pdf", "ementa": "No uso de minhas atribui\u00e7\u00f5es regimentais, indico \u00e0 Excelent\u00edssima Senhora Prefeita determinar ao setor competente a realiza\u00e7\u00e3o de chamamento p\u00fablico para contrata\u00e7\u00e3o de Associa\u00e7\u00e3o Cultural que fomente em n\u00facleos culturais de bairros: aulas de dan\u00e7a, aulas de m\u00fasica, aulas de teatro e artesanato. Solicito ainda que anualmente seja realizado um evento cultural mostrando os resultados do projeto \u00e0 popula\u00e7\u00e3o."}, {"id": "21594", "ano": "2023", "numero": "167", "tipo__sigla": "IND", "tipo__descricao": "Indica\u00e7\u00e3o", "autoria": "Cynthia Salom\u00e3o Bastos Faria", "texto_original": "http://sapl.pedroleopoldo.mg.leg.br/media/sapl/public/materialegislativa/2023/21594/indicacao_167-23_-_cynthia.pdf", "ementa": "No uso de minhas atribui\u00e7\u00f5es regimentais, indico \u00e0 Excelent\u00edssima Senhora Prefeita determinar ao setor competente a redu\u00e7\u00e3o para 06 horas a carga hor\u00e1ria de Vice - Diretor nas Institui\u00e7\u00f5es de Ensino Municipal."}, {"id": "21598", "ano": "2023", "numero": "168", "tipo__sigla": "IND", "tipo__descricao": "Indica\u00e7\u00e3o", "autoria": "Cynthia Salom\u00e3o Bastos Faria", "texto_original": "http://sapl.pedroleopoldo.mg.leg.br/media/sapl/public/materialegislativa/2023/21598/indicacao_168-23_-_todos_vereadores.pdf", "ementa": "No uso de nossas atribui\u00e7\u00f5es regimentais, indicamos \u00e0 Excelent\u00edssima Senhora Prefeita determinar ao setor competente que seja enviado um Projeto de Lei que trata da Seguran\u00e7a nos Pr\u00e9dios e Reparti\u00e7\u00f5es P\u00fablicas do Munic\u00edpio de Pedro Leopoldo."}, {"id": "21599", "ano": "2023", "numero": "169", "tipo__sigla": "IND", "tipo__descricao": "Indica\u00e7\u00e3o", "autoria": "Cynthia Salom\u00e3o Bastos Faria", "texto_original": "http://sapl.pedroleopoldo.mg.leg.br/media/sapl/public/materialegislativa/2023/21599/indicacao_169-23_-_cynthia.pdf", "ementa": "No uso de minhas atribui\u00e7\u00f5es regimentais, indico \u00e0 Excelent\u00edssima Senhora Prefeita determinar ao setor competente destinar materiais esportivos e um bebedouro para a Escola de Futebol do Santa Cruz de Fidalgo, neste munic\u00edpio."}, {"id": "21610", "ano": "2023", "numero": "170", "tipo__sigla": "IND", "tipo__descricao": "Indica\u00e7\u00e3o", "autoria": "Cynthia Salom\u00e3o Bastos Faria", "texto_original": "http://sapl.pedroleopoldo.mg.leg.br/media/sapl/public/materialegislativa/2023/21610/indicacao_170-23_-_cynthia.pdf", "ementa": "No uso de minhas atribui\u00e7\u00f5es regimentais, indico \u00e0 Excelent\u00edssima Senhora Prefeita determinar ao setor competente a amplia\u00e7\u00e3o do hor\u00e1rio de \u00f4nibus aos s\u00e1bados da linha da Quinta do Sumidouro, per\u00edodo noturno, nos respectivos hor\u00e1rios: 21h30min e 22h15min."}, {"id": "21612", "ano": "2023", "numero": "171", "tipo__sigla": "IND", "tipo__descricao": "Indica\u00e7\u00e3o", "autoria": "Cynthia Salom\u00e3o Bastos Faria", "texto_original": "http://sapl.pedroleopoldo.mg.leg.br/media/sapl/public/materialegislativa/2023/21612/indicacao_171-23_-_cynthia.pdf", "ementa": "No uso de minhas atribui\u00e7\u00f5es regimentais, indico \u00e0 Excelent\u00edssima Senhora Prefeita determinar ao setor competente destinar materiais esportivos e um bebedouro para o apoio e incentivo \u00e0 pr\u00e1tica esportiva para a Escola de Futebol Esporte Clube Universo, na Quinta do Sumidouro, neste Munic\u00edpio."}, {"id": "21613", "ano": "2023", "numero": "172", "tipo__sigla": "IND", "tipo__descricao": "Indica\u00e7\u00e3o", "autoria": "Cynthia Salom\u00e3o Bastos Faria", "texto_original": "http://sapl.pedroleopoldo.mg.leg.br/media/sapl/public/materialegislativa/2023/21613/indicacao_172-23_-_cynthia.pdf", "ementa": "No uso de minhas atribui\u00e7\u00f5es regimentais, indico \u00e0 Excelent\u00edssima Senhora Prefeita determinar ao setor competente realizar o servi\u00e7o de patrolamento e bica corrida na Rua Jair Martins, em Fidalgo."}, {"id": "21669", "ano": "2023", "numero": "173", "tipo__sigla": "IND", "tipo__descricao": "Indica\u00e7\u00e3o", "autoria": "Guilherme de Lima Braga (Guilherme do Doce)", "texto_original": "http://sapl.pedroleopoldo.mg.leg.br/media/sapl/public/materialegislativa/2023/21669/indicacao_173-23_-_guilherme.pdf", "ementa": "Indica a instala\u00e7\u00e3o de redutores de velocidade (quebra-molas), na Rua Caio Martins, no Bairro Joana D\u2019Arc, neste Munic\u00edpio."}, {"id": "21670", "ano": "2023", "numero": "174", "tipo__sigla": "IND", "tipo__descricao": "Indica\u00e7\u00e3o", "autoria": "Guilherme de Lima Braga (Guilherme do Doce)", "texto_original": "http://sapl.pedroleopoldo.mg.leg.br/media/sapl/public/materialegislativa/2023/21670/indicacao_174-23_-_guilherme.pdf", "ementa": "Indica o servi\u00e7o de recapeamento asf\u00e1ltico em toda a extens\u00e3o da Rua das Brom\u00e9lias, localizada no Bairro Morada dos Hibiscos, neste munic\u00edpio."}, {"id": "21671", "ano": "2023", "numero": "175", "tipo__sigla": "IND", "tipo__descricao": "Indica\u00e7\u00e3o", "autoria": "Guilherme de Lima Braga (Guilherme do Doce)", "texto_original": "http://sapl.pedroleopoldo.mg.leg.br/media/sapl/public/materialegislativa/2023/21671/indicacao_175-23_-_guilherme.pdf", "ementa": "Indica providenciar, junto aos \u00f3rg\u00e3os competentes, a pavimenta\u00e7\u00e3o asf\u00e1ltica da Estrada da Lapa Vermelha, neste munic\u00edpio."}, {"id": "21672", "ano": "2023", "numero": "176", "tipo__sigla": "IND", "tipo__descricao": "Indica\u00e7\u00e3o", "autoria": "Guilherme de Lima Braga (Guilherme do Doce)", "texto_original": "http://sapl.pedroleopoldo.mg.leg.br/media/sapl/public/materialegislativa/2023/21672/indicacao_176-23_-_guilherme.pdf", "ementa": "Indica a pavimenta\u00e7\u00e3o asf\u00e1ltica do final da Rua Caio Martins, pr\u00f3ximo ao n\u00famero 925, localizada no Bairro S\u00e3o Geraldo, neste munic\u00edpio."}, {"id": "21673", "ano": "2023", "numero": "177", "tipo__sigla": "IND", "tipo__descricao": "Indica\u00e7\u00e3o", "autoria": "Guilherme de Lima Braga (Guilherme do Doce)", "texto_original": "http://sapl.pedroleopoldo.mg.leg.br/media/sapl/public/materialegislativa/2023/21673/indicacao_177-23_-_guilherme.pdf", "ementa": "Indica a instala\u00e7\u00e3o de manilhas na Rua Jos\u00e9 Salom\u00e3o, pr\u00f3ximo ao n\u00famero 385, Bairro Vera Cruz de Minas."}, {"id": "21674", "ano": "2023", "numero": "178", "tipo__sigla": "IND", "tipo__descricao": "Indica\u00e7\u00e3o", "autoria": "Rafael Vieira Faria (Rafa)", "texto_original": "http://sapl.pedroleopoldo.mg.leg.br/media/sapl/public/materialegislativa/2023/21674/indicacao_178-23_-_rafael.pdf", "ementa": "Indica\u00e7\u00e3o a extens\u00e3o da rede de ilumina\u00e7\u00e3o p\u00fablica, na Rua da Lapinha, via que liga a Quinta do Sumidouro \u00e0 Lapinha."}, {"id": "21675", "ano": "2023", "numero": "179", "tipo__sigla": "IND", "tipo__descricao": "Indica\u00e7\u00e3o", "autoria": "Warlen Alves da Silva", "texto_original": "http://sapl.pedroleopoldo.mg.leg.br/media/sapl/public/materialegislativa/2023/21675/indicacao_179-23_-_warlen.pdf", "ementa": "Indica o servi\u00e7o de reparo ou a troca da tampa do bueiro, localizado pr\u00f3ximo ao n\u00famero 620, na Rua Jo\u00e3o Teodoro da Silva, Bairro Donato, neste munic\u00edpio."}, {"id": "21676", "ano": "2023", "numero": "180", "tipo__sigla": "IND", "tipo__descricao": "Indica\u00e7\u00e3o", "autoria": "Warlen Alves da Silva", "texto_original": "http://sapl.pedroleopoldo.mg.leg.br/media/sapl/public/materialegislativa/2023/21676/indicacao_180-23_-_warlen.pdf", "ementa": "Indica o servi\u00e7o de reparo ou a troca da tampa do bueiro localizado, pr\u00f3ximo ao n\u00famero 327, na Rua Em\u00edlio Ferreira, Bairro Santo Ant\u00f4nio, neste munic\u00edpio."}, {"id": "21677", "ano": "2023", "numero": "181", "tipo__sigla": "IND", "tipo__descricao": "Indica\u00e7\u00e3o", "autoria": "Mauro J\u00fanior Lopes Francisco", "texto_original": "http://sapl.pedroleopoldo.mg.leg.br/media/sapl/public/materialegislativa/2023/21677/indicacao_181-23_-_mauro.pdf", "ementa": "Indica conceder Mo\u00e7\u00e3o de Parab\u00e9ns a Guarda de Congo S\u00e3o Benedito e Nossa Senhora do Ros\u00e1rio de Vera Cruz de Minas em Pedro Leopoldo."}, {"id": "21678", "ano": "2023", "numero": "182", "tipo__sigla": "IND", "tipo__descricao": "Indica\u00e7\u00e3o", "autoria": "Mauro J\u00fanior Lopes Francisco", "texto_original": "http://sapl.pedroleopoldo.mg.leg.br/media/sapl/public/materialegislativa/2023/21678/indicacao_182-23_-_mauro.pdf", "ementa": "Indica a instala\u00e7\u00e3o placas de sinaliza\u00e7\u00e3o de redutores de velocidade, instalados na Av. Pedro Leopoldo no Distrito de Vera Cruz de Minas, pr\u00f3ximo aos n\u00fameros 143 e 417, bem como o redutor de velocidade instalado pr\u00f3ximo \u00e0 esquina da Avenida Central com a Av. Pedro Leopoldo, \u00e0 altura do n\u00famero 149."}, {"id": "21679", "ano": "2023", "numero": "183", "tipo__sigla": "IND", "tipo__descricao": "Indica\u00e7\u00e3o", "autoria": "Mauro J\u00fanior Lopes Francisco", "texto_original": "http://sapl.pedroleopoldo.mg.leg.br/media/sapl/public/materialegislativa/2023/21679/indicacao_183-23_-_mauro.pdf", "ementa": "Indica que seja disponibilizado, em pelo menos 3 (tr\u00eas) hor\u00e1rios, que o \u00f4nibus de Vera Cruz de Minas suba toda a Rua S\u00e3o Sebasti\u00e3o, conhecida como \u201cRua da Serra\u201d."}, {"id": "21680", "ano": "2023", "numero": "184", "tipo__sigla": "IND", "tipo__descricao": "Indica\u00e7\u00e3o", "autoria": "Mauro J\u00fanior Lopes Francisco", "texto_original": "http://sapl.pedroleopoldo.mg.leg.br/media/sapl/public/materialegislativa/2023/21680/indicacao_184-23_-_mauro.pdf", "ementa": "Indica a troca da tampa do bueiro localizado \u00e0 Rua Jos\u00e9 Salom\u00e3o, pr\u00f3ximo ao n\u00famero 70, no Distrito de Vera Cruz de Minas."}, {"id": "21681", "ano": "2023", "numero": "185", "tipo__sigla": "IND", "tipo__descricao": "Indica\u00e7\u00e3o", "autoria": "Mauro J\u00fanior Lopes Francisco", "texto_original": "http://sapl.pedroleopoldo.mg.leg.br/media/sapl/public/materialegislativa/2023/21681/indicacao_185-23_-_mauro.pdf", "ementa": "Indica a constru\u00e7\u00e3o de uma pra\u00e7a \u00e0 Avenida Central, pr\u00f3ximo ao n\u00ba 99, no Distrito de Vera Cruz de Minas."}, {"id": "21682", "ano": "2023", "numero": "186", "tipo__sigla": "IND", "tipo__descricao": "Indica\u00e7\u00e3o", "autoria": "Cynthia Salom\u00e3o Bastos Faria", "texto_original": "http://sapl.pedroleopoldo.mg.leg.br/media/sapl/public/materialegislativa/2023/21682/indicacao_186-23_-_cynthia.pdf", "ementa": "Indica a constru\u00e7\u00e3o de uma escola no Bairro Lagoa de Santo Ant\u00f4nio para atender alunos da Regi\u00e3o Norte."}, {"id": "21683", "ano": "2023", "numero": "187", "tipo__sigla": "IND", "tipo__descricao": "Indica\u00e7\u00e3o", "autoria": "Cynthia Salom\u00e3o Bastos Faria", "texto_original": "http://sapl.pedroleopoldo.mg.leg.br/media/sapl/public/materialegislativa/2023/21683/indicacao_187-23_-_cynthia.pdf", "ementa": "Indica a instala\u00e7\u00e3o de placas \u201cPROIBIDO JOGAR LIXO E ENTULHO NESTE LOCAL\u201d na esquina das seguintes ruas: Joaquim Marcelino Filho com Olhos D\u00b4\u00c1gua; Palestina com Belo Horizonte; Bras\u00edlia com Uberl\u00e2ndia; na pra\u00e7a principal de Fidalgo, Rua Ant\u00f4nio Jo\u00e3o Salom\u00e3o com Pac\u00edfico Rodrigues, em Fidalgo; e na Rua Floresta com Alice dos Anjos, na Quinta do Sumidouro."}, {"id": "21684", "ano": "2023", "numero": "188", "tipo__sigla": "IND", "tipo__descricao": "Indica\u00e7\u00e3o", "autoria": "Cynthia Salom\u00e3o Bastos Faria", "texto_original": "http://sapl.pedroleopoldo.mg.leg.br/media/sapl/public/materialegislativa/2023/21684/indicacao_188-23_-_cynthia.pdf", "ementa": "Indica retornar com todos os hor\u00e1rios de \u00f4nibus da Linha 5180 - Pedro Leopoldo / Lapinha, extintos na ocasi\u00e3o da pandemia de COVID-19."}, {"id": "21685", "ano": "2023", "numero": "189", "tipo__sigla": "IND", "tipo__descricao": "Indica\u00e7\u00e3o", "autoria": "Cynthia Salom\u00e3o Bastos Faria", "texto_original": "http://sapl.pedroleopoldo.mg.leg.br/media/sapl/public/materialegislativa/2023/21685/indicacao_189-23_-_cynthia.pdf", "ementa": "Indica a recomposi\u00e7\u00e3o asf\u00e1ltica do in\u00edcio da Estrada do Jaque, no Bairro Quinta do Sumidouro."}, {"id": "21686", "ano": "2023", "numero": "190", "tipo__sigla": "IND", "tipo__descricao": "Indica\u00e7\u00e3o", "autoria": "Cynthia Salom\u00e3o Bastos Faria", "texto_original": "http://sapl.pedroleopoldo.mg.leg.br/media/sapl/public/materialegislativa/2023/21686/indicacao_190-23_-_cynthia.pdf", "ementa": "Indica realizar um estudo para verificar a possibilidade de fazer o manilhamento da Rua Matoso, no Bairro Quinta do Sumidouro."}, {"id": "21687", "ano": "2023", "numero": "191", "tipo__sigla": "IND", "tipo__descricao": "Indica\u00e7\u00e3o", "autoria": "Frederico Henrique Cota Alves (Fred Piau)", "texto_original": "http://sapl.pedroleopoldo.mg.leg.br/media/sapl/public/materialegislativa/2023/21687/indicacao_191-23_-_frederico.pdf", "ementa": "Indica verificar junto ao departamento competente a possibilidade de contrata\u00e7\u00e3o de estagi\u00e1rios na \u00e1rea de \"Engenharia\", para dar suporte \u00e0 Secretaria de Obras."}, {"id": "21688", "ano": "2023", "numero": "192", "tipo__sigla": "IND", "tipo__descricao": "Indica\u00e7\u00e3o", "autoria": "Frederico Henrique Cota Alves (Fred Piau)", "texto_original": "http://sapl.pedroleopoldo.mg.leg.br/media/sapl/public/materialegislativa/2023/21688/indicacao_192-23_-_frederico.pdf", "ementa": "Indica a realiza\u00e7\u00e3o de processo seletivo, a fim de contratar fiscais de posturas para fiscalizarem lotes vagos e empresas poluidoras."}, {"id": "21689", "ano": "2023", "numero": "193", "tipo__sigla": "IND", "tipo__descricao": "Indica\u00e7\u00e3o", "autoria": "Frederico Henrique Cota Alves (Fred Piau)", "texto_original": "http://sapl.pedroleopoldo.mg.leg.br/media/sapl/public/materialegislativa/2023/21689/indicacao_193-23_-_frederico.pdf", "ementa": "Indica a constru\u00e7\u00e3o de ciclovia e pista de caminhada na Avenida Camilo Alves da Silva, localizada nos bairros Novo Campinho e Teoth\u00f4nio Batista de Freitas."}, {"id": "21690", "ano": "2023", "numero": "194", "tipo__sigla": "IND", "tipo__descricao": "Indica\u00e7\u00e3o", "autoria": "Frederico Henrique Cota Alves (Fred Piau)", "texto_original": "http://sapl.pedroleopoldo.mg.leg.br/media/sapl/public/materialegislativa/2023/21690/indicacao_194-23_-_frederico.pdf", "ementa": "Indica a realiza\u00e7\u00e3o de Feirinha e Rua de Lazer mensal, no formato itinerante nos bairros: Ferreiras, Vera Cruz, Santo Ant\u00f4nio da Barra, neste munic\u00edpio."}, {"id": "21691", "ano": "2023", "numero": "195", "tipo__sigla": "IND", "tipo__descricao": "Indica\u00e7\u00e3o", "autoria": "Frederico Henrique Cota Alves (Fred Piau)", "texto_original": "http://sapl.pedroleopoldo.mg.leg.br/media/sapl/public/materialegislativa/2023/21691/indicacao_195-23_-_frederico.pdf", "ementa": "Indica uma faixa de pedestre em frente \u00e0 Pista de Skate Plaza, localizada na Pra\u00e7a da Esta\u00e7\u00e3o."}, {"id": "21729", "ano": "2023", "numero": "196", "tipo__sigla": "IND", "tipo__descricao": "Indica\u00e7\u00e3o", "autoria": "Mauro J\u00fanior Lopes Francisco", "texto_original": "http://sapl.pedroleopoldo.mg.leg.br/media/sapl/public/materialegislativa/2023/21729/indicacao_no_196-23_-_mauro.pdf", "ementa": "Indica a instala\u00e7\u00e3o de redutor de velocidade (quebra-molas) na Rodovia Neves, pr\u00f3ximo ao n\u00famero 454, no Distrito de Vera Cruz de Minas, neste munic\u00edpio."}, {"id": "21730", "ano": "2023", "numero": "197", "tipo__sigla": "IND", "tipo__descricao": "Indica\u00e7\u00e3o", "autoria": "Mauro J\u00fanior Lopes Francisco", "texto_original": "http://sapl.pedroleopoldo.mg.leg.br/media/sapl/public/materialegislativa/2023/21730/indicacao_no_197-23_-_mauro.pdf", "ementa": "Indica conceder Mo\u00e7\u00e3o de Parab\u00e9ns ao Senhor Tenente Coronel Evair dos Santos de Oliveira, pela seriedade, compet\u00eancia e responsabilidade no que tange as atividades que realizou na Secretaria de Seguran\u00e7a P\u00fablica do munic\u00edpio de Pedro Leopoldo."}, {"id": "21731", "ano": "2023", "numero": "198", "tipo__sigla": "IND", "tipo__descricao": "Indica\u00e7\u00e3o", "autoria": "Guilherme de Lima Braga (Guilherme do Doce)", "texto_original": "http://sapl.pedroleopoldo.mg.leg.br/media/sapl/public/materialegislativa/2023/21731/indicacao_no_198-23_-_guilherme.pdf", "ementa": "Indica o servi\u00e7o de patrolamento na Rua Gard\u00eania, localizada no Bairro Santo Ant\u00f4nio da Barra, neste munic\u00edpio."}, {"id": "21732", "ano": "2023", "numero": "199", "tipo__sigla": "IND", "tipo__descricao": "Indica\u00e7\u00e3o", "autoria": "Guilherme de Lima Braga (Guilherme do Doce)", "texto_original": "http://sapl.pedroleopoldo.mg.leg.br/media/sapl/public/materialegislativa/2023/21732/indicacao_no_199-23_-_guilherme.pdf", "ementa": "Indica servi\u00e7os de limpeza (capina e ro\u00e7ada), na Rua Esporte, localizada no Bairro Santo Ant\u00f4nio da Barra, neste munic\u00edpio."}, {"id": "21733", "ano": "2023", "numero": "200", "tipo__sigla": "IND", "tipo__descricao": "Indica\u00e7\u00e3o", "autoria": "Guilherme de Lima Braga (Guilherme do Doce)", "texto_original": "http://sapl.pedroleopoldo.mg.leg.br/media/sapl/public/materialegislativa/2023/21733/indicacao_no_200-23_-_guilherme.pdf", "ementa": "Indica interven\u00e7\u00f5es de melhoria e seguran\u00e7a no tr\u00e2nsito do entroncamento da Av Levi Teixeira da Costa, com a entrada para os bairros: Agenor Teixeira e Maria de Lourdes, neste munic\u00edpio."}, {"id": "21734", "ano": "2023", "numero": "201", "tipo__sigla": "IND", "tipo__descricao": "Indica\u00e7\u00e3o", "autoria": "Guilherme de Lima Braga (Guilherme do Doce)", "texto_original": "http://sapl.pedroleopoldo.mg.leg.br/media/sapl/public/materialegislativa/2023/21734/indicacao_no_201-23_-_guilherme.pdf", "ementa": "Indica a disponibiliza\u00e7\u00e3o de caminh\u00f5es de terra, bica corrida ou at\u00e9 mesmo entulhos, para que sejam despejados na parte de tr\u00e1s da arquibancada da Quadra Poliesportiva Geraldo Braz Moreira, localizada no Bairro Santo Ant\u00f4nio da Barra, neste Munic\u00edpio. E que, em seguida, seja realizado o acabamento com concreto."}, {"id": "21735", "ano": "2023", "numero": "202", "tipo__sigla": "IND", "tipo__descricao": "Indica\u00e7\u00e3o", "autoria": "Guilherme de Lima Braga (Guilherme do Doce)", "texto_original": "http://sapl.pedroleopoldo.mg.leg.br/media/sapl/public/materialegislativa/2023/21735/indicacao_no_202-23_-_guilherme.pdf", "ementa": "Indica a instala\u00e7\u00e3o de lixeiras na Rua S\u00e3o Sebasti\u00e3o, pr\u00f3ximo ao n\u00famero 726, localizado no Distrito de Vera Cruz de Minas, neste Munic\u00edpio."}, {"id": "21736", "ano": "2023", "numero": "203", "tipo__sigla": "IND", "tipo__descricao": "Indica\u00e7\u00e3o", "autoria": "Frederico Henrique Cota Alves (Fred Piau)", "texto_original": "http://sapl.pedroleopoldo.mg.leg.br/media/sapl/public/materialegislativa/2023/21736/indicacao_no_203-23_-_frederico.pdf", "ementa": "Indica conceder Mo\u00e7\u00e3o de Parab\u00e9ns \u00e0 Sra. Fl\u00e1via Geovana Rocha Silva, por sua iniciativa de escrever, pesquisar, idealizar e ilustrar o livro: \u201cPor que Pedro Leopoldo? \u201d, livro infantil que conta a hist\u00f3ria de nossa Cidade."}, {"id": "21737", "ano": "2023", "numero": "204", "tipo__sigla": "IND", "tipo__descricao": "Indica\u00e7\u00e3o", "autoria": "Frederico Henrique Cota Alves (Fred Piau)", "texto_original": "http://sapl.pedroleopoldo.mg.leg.br/media/sapl/public/materialegislativa/2023/21737/indicacao_no_204-23_-_frederico.pdf", "ementa": "Indica a realiza\u00e7\u00e3o de opera\u00e7\u00e3o tapa buracos na Estrada de Fidalgo, divisa com Lagoa Santa."}, {"id": "21738", "ano": "2023", "numero": "205", "tipo__sigla": "IND", "tipo__descricao": "Indica\u00e7\u00e3o", "autoria": "Frederico Henrique Cota Alves (Fred Piau)", "texto_original": "http://sapl.pedroleopoldo.mg.leg.br/media/sapl/public/materialegislativa/2023/21738/indicacao_no_205-23_-_frederico.pdf", "ementa": "Indica a cria\u00e7\u00e3o de uma casa de acolhimento ou um Albergue Municipal para moradores de rua."}, {"id": "21739", "ano": "2023", "numero": "206", "tipo__sigla": "IND", "tipo__descricao": "Indica\u00e7\u00e3o", "autoria": "Frederico Henrique Cota Alves (Fred Piau)", "texto_original": "http://sapl.pedroleopoldo.mg.leg.br/media/sapl/public/materialegislativa/2023/21739/indicacao_no_206-23_-_frederico.pdf", "ementa": "Indica a constru\u00e7\u00e3o de uma academia ao ar livre na Rua Agenor Teixeira da Costa, pr\u00f3ximo \u00e0 entrada do Bairro Maria C\u00e2ndida."}, {"id": "21740", "ano": "2023", "numero": "207", "tipo__sigla": "IND", "tipo__descricao": "Indica\u00e7\u00e3o", "autoria": "Frederico Henrique Cota Alves (Fred Piau)", "texto_original": "http://sapl.pedroleopoldo.mg.leg.br/media/sapl/public/materialegislativa/2023/21740/indicacao_no_207-23_-_frederico.pdf", "ementa": "Indica priorizar a contrata\u00e7\u00e3o de estagi\u00e1rios para a Secretaria de Desenvolvimento Social que tenham em sua grade curricular acad\u00eamica disciplinas voltadas para o estudo do Sistema \u00danico de Assist\u00eancia Social (Suas)."}, {"id": "21741", "ano": "2023", "numero": "208", "tipo__sigla": "IND", "tipo__descricao": "Indica\u00e7\u00e3o", "autoria": "Rafael Vieira Faria (Rafa)", "texto_original": "http://sapl.pedroleopoldo.mg.leg.br/media/sapl/public/materialegislativa/2023/21741/indicacao_no_208-23_-_rafael.pdf", "ementa": "Indica o recapeamento da camada asf\u00e1ltica e instala\u00e7\u00e3o de drenagem de \u00e1guas pluviais na Rua Ninico Barbabela, CEP 33250-120, Bairro Centro, Pedro Leopoldo-MG."}, {"id": "21742", "ano": "2023", "numero": "209", "tipo__sigla": "IND", "tipo__descricao": "Indica\u00e7\u00e3o", "autoria": "Leonardo Pereira Ribeiro (Leoz\u00e3o)", "texto_original": "http://sapl.pedroleopoldo.mg.leg.br/media/sapl/public/materialegislativa/2023/21742/indicacao_no_209-23_-_leonardo.pdf", "ementa": "Indica a instala\u00e7\u00e3o de sinaliza\u00e7\u00e3o de parada obrigat\u00f3ria com placas e pintura no asfalto, no cruzamento da Rua Laerte Pereira com a Av. Elias Marqu\u00eas, Bairro Teot\u00f4nio Batista de Freitas, Pedro Leopoldo-MG."}, {"id": "21743", "ano": "2023", "numero": "210", "tipo__sigla": "IND", "tipo__descricao": "Indica\u00e7\u00e3o", "autoria": "Leonardo Pereira Ribeiro (Leoz\u00e3o)", "texto_original": "http://sapl.pedroleopoldo.mg.leg.br/media/sapl/public/materialegislativa/2023/21743/indicacao_no_210-23_-_leonardo.pdf", "ementa": "Indica a instala\u00e7\u00e3o de sinaliza\u00e7\u00e3o de parada obrigat\u00f3ria com placas e pintura no asfalto, no cruzamento da Av. Elias Marqu\u00eas, com a Rua S\u00e9rgio Falc\u00e3o, Bairro Teot\u00f4nio Batista de Freitas, Pedro Leopoldo-MG."}, {"id": "21744", "ano": "2023", "numero": "211", "tipo__sigla": "IND", "tipo__descricao": "Indica\u00e7\u00e3o", "autoria": "Leonardo Pereira Ribeiro (Leoz\u00e3o)", "texto_original": "http://sapl.pedroleopoldo.mg.leg.br/media/sapl/public/materialegislativa/2023/21744/indicacao_no_211-23_-_leonardo.pdf", "ementa": "Indica a instala\u00e7\u00e3o de sinaliza\u00e7\u00e3o de parada obrigat\u00f3ria, com placas e pintura no asfalto, no cruzamento da Rua M\u00e1rcio Campos de Souza com a Rua Rute Lopes Gon\u00e7alves, Bairro Teot\u00f4nio Batista de Freitas, Pedro Leopoldo-MG."}, {"id": "21745", "ano": "2023", "numero": "212", "tipo__sigla": "IND", "tipo__descricao": "Indica\u00e7\u00e3o", "autoria": "Leonardo Pereira Ribeiro (Leoz\u00e3o)", "texto_original": "http://sapl.pedroleopoldo.mg.leg.br/media/sapl/public/materialegislativa/2023/21745/indicacao_no_212-23_-_leonardo.pdf", "ementa": "Indica a instala\u00e7\u00e3o de sinaliza\u00e7\u00e3o de parada obrigat\u00f3ria com placas e pintura no asfalto, do cruzamento da Rua Al\u00edpio Assun\u00e7\u00e3o com a Av. Elias Marqu\u00eas, Bairro Teot\u00f4nio Batista de Freitas, Pedro Leopoldo-MG."}, {"id": "21746", "ano": "2023", "numero": "213", "tipo__sigla": "IND", "tipo__descricao": "Indica\u00e7\u00e3o", "autoria": "Leonardo Pereira Ribeiro (Leoz\u00e3o)", "texto_original": "http://sapl.pedroleopoldo.mg.leg.br/media/sapl/public/materialegislativa/2023/21746/indicacao_no_213-23_-_leonardo.pdf", "ementa": "Indica a instala\u00e7\u00e3o de sinaliza\u00e7\u00e3o de parada obrigat\u00f3ria, com placas e pintura no asfalto, do cruzamento da Rua Pedro Justino dos Reis com a Rua M\u00e1rcio Campos de Souza, Bairro Teot\u00f4nio Batista de Freitas, Pedro Leopoldo-MG."}, {"id": "21747", "ano": "2023", "numero": "214", "tipo__sigla": "IND", "tipo__descricao": "Indica\u00e7\u00e3o", "autoria": "Cynthia Salom\u00e3o Bastos Faria", "texto_original": "http://sapl.pedroleopoldo.mg.leg.br/media/sapl/public/materialegislativa/2023/21747/indicacao_no_214-23_-_cynthia.pdf", "ementa": "Indica que sejam tomadas medidas necess\u00e1rias para viabilizar o uso de computadores, com acesso \u00e0 internet, nas salas dos professores, nas institui\u00e7\u00f5es de ensino municipais."}, {"id": "21748", "ano": "2023", "numero": "215", "tipo__sigla": "IND", "tipo__descricao": "Indica\u00e7\u00e3o", "autoria": "Cynthia Salom\u00e3o Bastos Faria", "texto_original": "http://sapl.pedroleopoldo.mg.leg.br/media/sapl/public/materialegislativa/2023/21748/indicacao_no_215-23_-_cynthia.pdf", "ementa": "Indica que seja institu\u00eddo, no munic\u00edpio de Pedro Leopoldo, o direito de o contribuinte ter acesso a meios e formas de pagamento digital, tais como PIX e transfer\u00eancia banc\u00e1ria, para quita\u00e7\u00e3o de d\u00e9bitos de natureza tribut\u00e1ria, taxas e contribui\u00e7\u00f5es."}, {"id": "21749", "ano": "2023", "numero": "216", "tipo__sigla": "IND", "tipo__descricao": "Indica\u00e7\u00e3o", "autoria": "Cynthia Salom\u00e3o Bastos Faria", "texto_original": "http://sapl.pedroleopoldo.mg.leg.br/media/sapl/public/materialegislativa/2023/21749/indicacao_no_216-23_-_cynthia.pdf", "ementa": "Indica que seja realizado o servi\u00e7o de patrolamento e cascalhamento em toda a extens\u00e3o da Rua Raimundo Rafael dos Anjos (Cerrado), em Fidalgo."}, {"id": "21750", "ano": "2023", "numero": "217", "tipo__sigla": "IND", "tipo__descricao": "Indica\u00e7\u00e3o", "autoria": "Cynthia Salom\u00e3o Bastos Faria", "texto_original": "http://sapl.pedroleopoldo.mg.leg.br/media/sapl/public/materialegislativa/2023/21750/indicacao_no_217-23_-_cynthia_-_mocao.pdf", "ementa": "Indica conceder Mo\u00e7\u00e3o de Parab\u00e9ns para a Guarda de Congo Chico Rei da Quinta do Sumidouro, em Pedro Leopoldo."}, {"id": "21751", "ano": "2023", "numero": "218", "tipo__sigla": "IND", "tipo__descricao": "Indica\u00e7\u00e3o", "autoria": "Cynthia Salom\u00e3o Bastos Faria", "texto_original": "http://sapl.pedroleopoldo.mg.leg.br/media/sapl/public/materialegislativa/2023/21751/indicacao_no_218-23_-_cynthia_-_mocao.pdf", "ementa": "Indica conceder Mo\u00e7\u00e3o de Parab\u00e9ns para a Guarda de Nossa Senhora do Ros\u00e1rio e S\u00e3o Geraldo de Fidalgo, em Pedro Leopoldo."}, {"id": "21752", "ano": "2023", "numero": "219", "tipo__sigla": "IND", "tipo__descricao": "Indica\u00e7\u00e3o", "autoria": "Evaldo Geraldo do Carmo (Evaldo do A\u00e7ougue)", "texto_original": "http://sapl.pedroleopoldo.mg.leg.br/media/sapl/public/materialegislativa/2023/21752/indicacao_no_219-23_-_evaldo.pdf", "ementa": "Indica servi\u00e7o de limpeza, poda e capina em toda a extens\u00e3o da Rua Progresso, Lagoa de Santo Ant\u00f4nio, neste munic\u00edpio."}, {"id": "21801", "ano": "2023", "numero": "220", "tipo__sigla": "IND", "tipo__descricao": "Indica\u00e7\u00e3o", "autoria": "Guilherme de Lima Braga (Guilherme do Doce)", "texto_original": "http://sapl.pedroleopoldo.mg.leg.br/media/sapl/public/materialegislativa/2023/21801/indicacao_no_220-23_-_guilherme.pdf", "ementa": "Indica a amplia\u00e7\u00e3o de duas salas de aula da Escola Municipal Rosalino Marques dos Reis, localizada no Distrito de Canta Galo, neste munic\u00edpio."}, {"id": "21802", "ano": "2023", "numero": "221", "tipo__sigla": "IND", "tipo__descricao": "Indica\u00e7\u00e3o", "autoria": "Guilherme de Lima Braga (Guilherme do Doce)", "texto_original": "http://sapl.pedroleopoldo.mg.leg.br/media/sapl/public/materialegislativa/2023/21802/indicacao_no_221-23_-_guilherme.pdf", "ementa": "Indica a instala\u00e7\u00e3o de redutor de velocidade (quebra-molas) na Avenida Heitor Cl\u00e1udio de Sales, pr\u00f3ximo ao n\u00famero 176, localizado no Distrito de Lagoa de Santo Ant\u00f4nio, neste munic\u00edpio."}, {"id": "21803", "ano": "2023", "numero": "222", "tipo__sigla": "IND", "tipo__descricao": "Indica\u00e7\u00e3o", "autoria": "Guilherme de Lima Braga (Guilherme do Doce)", "texto_original": "http://sapl.pedroleopoldo.mg.leg.br/media/sapl/public/materialegislativa/2023/21803/indicacao_no_222-23_-_guilherme.pdf", "ementa": "Indica a manuten\u00e7\u00e3o das grades de rede pluvial, localizadas na Avenida Camilo Alves da Silva, pr\u00f3ximo ao n\u00famero 322, no Bairro Dom Camilo, neste munic\u00edpio."}, {"id": "21804", "ano": "2023", "numero": "223", "tipo__sigla": "IND", "tipo__descricao": "Indica\u00e7\u00e3o", "autoria": "Guilherme de Lima Braga (Guilherme do Doce)", "texto_original": "http://sapl.pedroleopoldo.mg.leg.br/media/sapl/public/materialegislativa/2023/21804/indicacao_no_223-23_-_guilherme.pdf", "ementa": "Indica a limpeza (capina, ro\u00e7ada e recolhimento de entulho) nas ruas da Horta Comunit\u00e1ria (Rocinha), localizada no Bairro Santo Ant\u00f4nio da Barra, neste munic\u00edpio."}, {"id": "21805", "ano": "2023", "numero": "224", "tipo__sigla": "IND", "tipo__descricao": "Indica\u00e7\u00e3o", "autoria": "Guilherme de Lima Braga (Guilherme do Doce)", "texto_original": "http://sapl.pedroleopoldo.mg.leg.br/media/sapl/public/materialegislativa/2023/21805/indicacao_no_224-23_-_guilherme.pdf", "ementa": "Indica a instala\u00e7\u00e3o de lixeiras na Rodovia Neves, pr\u00f3ximo ao n\u00famero 969, localizado no Distrito de Vera Cruz de Minas, neste munic\u00edpio."}, {"id": "21806", "ano": "2023", "numero": "225", "tipo__sigla": "IND", "tipo__descricao": "Indica\u00e7\u00e3o", "autoria": "Leonardo Pereira Ribeiro (Leoz\u00e3o)", "texto_original": "http://sapl.pedroleopoldo.mg.leg.br/media/sapl/public/materialegislativa/2023/21806/indicacao_225-23_-_leonardo.pdf", "ementa": "Indica a instala\u00e7\u00e3o de sinaliza\u00e7\u00e3o de parada obrigat\u00f3ria, com placas no cruzamento da Rua Jos\u00e9 Ferreira Diniz, com a Rua Jos\u00e9 Ant\u00f4nio de Figueiredo, Bairro Teot\u00f4nio Batista de Freitas, Pedro Leopoldo-MG."}, {"id": "21807", "ano": "2023", "numero": "226", "tipo__sigla": "IND", "tipo__descricao": "Indica\u00e7\u00e3o", "autoria": "Rafael Vieira Faria (Rafa)", "texto_original": "http://sapl.pedroleopoldo.mg.leg.br/media/sapl/public/materialegislativa/2023/21807/indicacao_no_226-23_-_rafael.pdf", "ementa": "Indica instalar duas faixas elevadas para pedestres na Avenida Heitor Claudio de Sales, pr\u00f3ximo \u00e0 entrada da Escola Municipal Dona Jandirinha Sales Joviano, em frente \u00e0 Rua Juscelino Kubitscheck, e outra em frente \u00e0 Rua Sebasti\u00e3o Andrade, que d\u00e1 acesso \u00e0 Escola Municipal Jos\u00e9 Pedro Filho."}, {"id": "21808", "ano": "2023", "numero": "227", "tipo__sigla": "IND", "tipo__descricao": "Indica\u00e7\u00e3o", "autoria": "Frederico Henrique Cota Alves (Fred Piau)", "texto_original": "http://sapl.pedroleopoldo.mg.leg.br/media/sapl/public/materialegislativa/2023/21808/indicacao_227-23_-_frederico.pdf", "ementa": "Indica a instala\u00e7\u00e3o de um Ecoponto na Ponte Alta."}, {"id": "21809", "ano": "2023", "numero": "228", "tipo__sigla": "IND", "tipo__descricao": "Indica\u00e7\u00e3o", "autoria": "Frederico Henrique Cota Alves (Fred Piau)", "texto_original": "http://sapl.pedroleopoldo.mg.leg.br/media/sapl/public/materialegislativa/2023/21809/indicacao_228-23_-_frederico.pdf", "ementa": "Indico \u00e0 Excelent\u00edssima Senhora Prefeita determinar ao setor competente a instala\u00e7\u00e3o de novos alambrados para o campo do CEPPEL antes do jogo final da liga que ser\u00e1 sediada no CEPPEL."}, {"id": "21810", "ano": "2023", "numero": "229", "tipo__sigla": "IND", "tipo__descricao": "Indica\u00e7\u00e3o", "autoria": "Frederico Henrique Cota Alves (Fred Piau)", "texto_original": "http://sapl.pedroleopoldo.mg.leg.br/media/sapl/public/materialegislativa/2023/21810/indicacao_229-23_-_frederico.pdf", "ementa": "Indica a realiza\u00e7\u00e3o de chamamento p\u00fablico entre a Prefeitura Municipal de Pedro Leopoldo e uma Cl\u00ednica de Medicina Veterin\u00e1ria ou o Hospital P\u00fablico Veterin\u00e1rio de Belo Horizonte (HPVBH) para anteder animais em situa\u00e7\u00e3o de rua e de fam\u00edlias cadastradas nos programas sociais do Governo Federal (CAD\u00daNICO)."}, {"id": "21811", "ano": "2023", "numero": "230", "tipo__sigla": "IND", "tipo__descricao": "Indica\u00e7\u00e3o", "autoria": "Frederico Henrique Cota Alves (Fred Piau)", "texto_original": "http://sapl.pedroleopoldo.mg.leg.br/media/sapl/public/materialegislativa/2023/21811/indicacao_230-23_-_frederico.pdf", "ementa": "Indica a constru\u00e7\u00e3o de arquibancadas no entorno da Pista de Skate Plaza, a fim de termos um espa\u00e7o adequado para os pais, atletas e p\u00fablico em eventos."}, {"id": "21812", "ano": "2023", "numero": "231", "tipo__sigla": "IND", "tipo__descricao": "Indica\u00e7\u00e3o", "autoria": "Frederico Henrique Cota Alves (Fred Piau)", "texto_original": "http://sapl.pedroleopoldo.mg.leg.br/media/sapl/public/materialegislativa/2023/21812/indicacao_231-23_-_frederico.pdf", "ementa": "Indica a cria\u00e7\u00e3o do Banco de Alimentos Municipal."}, {"id": "21813", "ano": "2023", "numero": "232", "tipo__sigla": "IND", "tipo__descricao": "Indica\u00e7\u00e3o", "autoria": "Cynthia Salom\u00e3o Bastos Faria", "texto_original": "http://sapl.pedroleopoldo.mg.leg.br/media/sapl/public/materialegislativa/2023/21813/indicacao_no_232-23_-_cynthia.pdf", "ementa": "Indica que seja disponibilizado um aparelho telef\u00f4nico corporativo para uso na Ag\u00eancia de Correios do Distrito de Fidalgo, neste munic\u00edpio."}, {"id": "21814", "ano": "2023", "numero": "233", "tipo__sigla": "IND", "tipo__descricao": "Indica\u00e7\u00e3o", "autoria": "Cynthia Salom\u00e3o Bastos Faria", "texto_original": "http://sapl.pedroleopoldo.mg.leg.br/media/sapl/public/materialegislativa/2023/21814/indicacao_no_233-23_-_cynthia.pdf", "ementa": "Indica que seja criada uma Lei obrigando o Munic\u00edpio a disponibilizar Monitores para Turmas de Educa\u00e7\u00e3o Infantil obedecendo os seguintes crit\u00e9rios:\r\nI. 01 (um) para cada turma do Ber\u00e7\u00e1rio, Maternal I, II e III;\r\nII. 01 (um) para cada 02 turmas de 1\u00ba e 2\u00ba per\u00edodo."}, {"id": "21815", "ano": "2023", "numero": "234", "tipo__sigla": "IND", "tipo__descricao": "Indica\u00e7\u00e3o", "autoria": "Cynthia Salom\u00e3o Bastos Faria", "texto_original": "http://sapl.pedroleopoldo.mg.leg.br/media/sapl/public/materialegislativa/2023/21815/indicacao_no_234-23_-_cynthia.pdf", "ementa": "Indica a instala\u00e7\u00e3o de um redutor de velocidade (quebra-molas) na Rua Joaquim Marcelino Filho, pr\u00f3ximo ao n\u00famero 156, e outro na Rua do Cerrado, pr\u00f3ximo ao n\u00famero 755, no Distrito de Fidalgo, neste Munic\u00edpio."}, {"id": "21816", "ano": "2023", "numero": "235", "tipo__sigla": "IND", "tipo__descricao": "Indica\u00e7\u00e3o", "autoria": "Cynthia Salom\u00e3o Bastos Faria", "texto_original": "http://sapl.pedroleopoldo.mg.leg.br/media/sapl/public/materialegislativa/2023/21816/indicacao_no_235-23_-_cynthia.pdf", "ementa": "Indica que seja disponibilizado computadores port\u00e1teis (notebooks), com acesso \u00e0 internet, para utiliza\u00e7\u00e3o de todos os integrantes do quadro do magist\u00e9rio das Institui\u00e7\u00f5es de Ensino Municipais, neste Munic\u00edpio."}, {"id": "21817", "ano": "2023", "numero": "236", "tipo__sigla": "IND", "tipo__descricao": "Indica\u00e7\u00e3o", "autoria": "Cynthia Salom\u00e3o Bastos Faria", "texto_original": "http://sapl.pedroleopoldo.mg.leg.br/media/sapl/public/materialegislativa/2023/21817/indicacao_no_236-23_-_cynthia.pdf", "ementa": "Indica que seja realizado um estudo para verificar a possibilidade de constru\u00e7\u00e3o de um cemit\u00e9rio no Distrito de Fidalgo, Pedro Leopoldo."}, {"id": "21842", "ano": "2023", "numero": "237", "tipo__sigla": "IND", "tipo__descricao": "Indica\u00e7\u00e3o", "autoria": "Guilherme de Lima Braga (Guilherme do Doce)", "texto_original": "http://sapl.pedroleopoldo.mg.leg.br/media/sapl/public/materialegislativa/2023/21842/indicacao_237-23_-_guilherme.pdf", "ementa": "Indica o servi\u00e7o de manuten\u00e7\u00e3o nas grades de rede pluvial, localizadas na Rua Jo\u00e3o Teodoro da Silva, pr\u00f3ximo ao n\u00famero 983, localizado no Bairro Boa Esperan\u00e7a (S\u00e3o Geraldo), neste munic\u00edpio."}, {"id": "21843", "ano": "2023", "numero": "238", "tipo__sigla": "IND", "tipo__descricao": "Indica\u00e7\u00e3o", "autoria": "Guilherme de Lima Braga (Guilherme do Doce)", "texto_original": "http://sapl.pedroleopoldo.mg.leg.br/media/sapl/public/materialegislativa/2023/21843/indicacao_238-23_-_guilherme.pdf", "ementa": "Indico o servi\u00e7o de manuten\u00e7\u00e3o das grades de rede pluvial, localizadas na Rua Claudionor Gon\u00e7alves, pr\u00f3ximo ao n\u00famero 41, localizado no Bairro Boa Esperan\u00e7a (S\u00e3o Geraldo), neste munic\u00edpio."}, {"id": "21844", "ano": "2023", "numero": "239", "tipo__sigla": "IND", "tipo__descricao": "Indica\u00e7\u00e3o", "autoria": "Guilherme de Lima Braga (Guilherme do Doce)", "texto_original": "http://sapl.pedroleopoldo.mg.leg.br/media/sapl/public/materialegislativa/2023/21844/indicacao_239-23_-_guilherme.pdf", "ementa": "Indica a instala\u00e7\u00e3o de pontos de \u00f4nibus com cobertura e placas indicativas de parada, nas principais ruas do Bairro Maria de Lourdes, neste munic\u00edpio."}, {"id": "21845", "ano": "2023", "numero": "240", "tipo__sigla": "IND", "tipo__descricao": "Indica\u00e7\u00e3o", "autoria": "Guilherme de Lima Braga (Guilherme do Doce)", "texto_original": "http://sapl.pedroleopoldo.mg.leg.br/media/sapl/public/materialegislativa/2023/21845/indicacao_240-23_-_guilherme.pdf", "ementa": "Indica a instala\u00e7\u00e3o de pontos de \u00f4nibus com cobertura e placas indicativas de parada nas principais ruas do Bairro Agenor Teixeira, neste munic\u00edpio."}, {"id": "21846", "ano": "2023", "numero": "241", "tipo__sigla": "IND", "tipo__descricao": "Indica\u00e7\u00e3o", "autoria": "Guilherme de Lima Braga (Guilherme do Doce)", "texto_original": "http://sapl.pedroleopoldo.mg.leg.br/media/sapl/public/materialegislativa/2023/21846/indicacao_241-23_-_guilherme.pdf", "ementa": "Indica a instala\u00e7\u00e3o de ciclovia na Avenida Levi Teixeira da Costa que d\u00e1 acesso aos bairros: Agenor Teixeira e Maria de Lourdes, neste munic\u00edpio."}, {"id": "21847", "ano": "2023", "numero": "242", "tipo__sigla": "IND", "tipo__descricao": "Indica\u00e7\u00e3o", "autoria": "Leonardo Pereira Ribeiro (Leoz\u00e3o)", "texto_original": "http://sapl.pedroleopoldo.mg.leg.br/media/sapl/public/materialegislativa/2023/21847/indicacao_242-23_-_leonardo.pdf", "ementa": "Indica conceder Mo\u00e7\u00e3o de Parab\u00e9ns ao Padre Ant\u00f4nio Luzia Ferreira, pelos seus 22 anos de sacerd\u00f3cio, completados no dia 12/05/2023."}, {"id": "21848", "ano": "2023", "numero": "243", "tipo__sigla": "IND", "tipo__descricao": "Indica\u00e7\u00e3o", "autoria": "Warlen Alves da Silva", "texto_original": "http://sapl.pedroleopoldo.mg.leg.br/media/sapl/public/materialegislativa/2023/21848/indicacao_243-23_-_warlen.pdf", "ementa": "Indica capina, ro\u00e7ada e opera\u00e7\u00e3o tapa-buraco em toda extens\u00e3o da Rua Jos\u00e9 Geraldo Baeta Neves, Bairro Teot\u00f4nio Batista de Freitas, neste munic\u00edpio."}, {"id": "21849", "ano": "2023", "numero": "244", "tipo__sigla": "IND", "tipo__descricao": "Indica\u00e7\u00e3o", "autoria": "Evaldo Geraldo do Carmo (Evaldo do A\u00e7ougue)", "texto_original": "http://sapl.pedroleopoldo.mg.leg.br/media/sapl/public/materialegislativa/2023/21849/indicacao_244-23_-_evaldo.pdf", "ementa": "Indica limpeza e capina em toda extens\u00e3o da Rua L\u00facio Cardoso Teixeira, Bairro Tri\u00e2ngulo, neste munic\u00edpio."}, {"id": "21850", "ano": "2023", "numero": "245", "tipo__sigla": "IND", "tipo__descricao": "Indica\u00e7\u00e3o", "autoria": "Evaldo Geraldo do Carmo (Evaldo do A\u00e7ougue)", "texto_original": "http://sapl.pedroleopoldo.mg.leg.br/media/sapl/public/materialegislativa/2023/21850/indicacao_245-23_-_evaldo.pdf", "ementa": "Indica limpeza e capina em toda extens\u00e3o da Rua Dr. Neiva, Centro, neste munic\u00edpio."}, {"id": "21851", "ano": "2023", "numero": "246", "tipo__sigla": "IND", "tipo__descricao": "Indica\u00e7\u00e3o", "autoria": "Cynthia Salom\u00e3o Bastos Faria", "texto_original": "http://sapl.pedroleopoldo.mg.leg.br/media/sapl/public/materialegislativa/2023/21851/indicacao_246-23_-_cynthia.pdf", "ementa": "Indica que seja destinado materiais esportivos para o apoio e o incentivo da pr\u00e1tica esportiva na quadra de Fidalgo, neste munic\u00edpio."}, {"id": "21852", "ano": "2023", "numero": "247", "tipo__sigla": "IND", "tipo__descricao": "Indica\u00e7\u00e3o", "autoria": "Cynthia Salom\u00e3o Bastos Faria", "texto_original": "http://sapl.pedroleopoldo.mg.leg.br/media/sapl/public/materialegislativa/2023/21852/indicacao_247-23_-_cynthia.pdf", "ementa": "Indica que seja realizada a abertura de vala de drenagem para escoamento de \u00e1gua, em toda extens\u00e3o da Rua Noraldino Almeida, no Bairro Quinta do Sumidouro."}, {"id": "21853", "ano": "2023", "numero": "248", "tipo__sigla": "IND", "tipo__descricao": "Indica\u00e7\u00e3o", "autoria": "Cynthia Salom\u00e3o Bastos Faria", "texto_original": "http://sapl.pedroleopoldo.mg.leg.br/media/sapl/public/materialegislativa/2023/21853/indicacao_248-23_-_cynthia.pdf", "ementa": "Indica que os Professores de Educa\u00e7\u00e3o B\u00e1sica I das Institui\u00e7\u00f5es Escolares que atuam em turmas multisseriadas na Rede Municipal de Ensino possam ter o direito de receber uma gratifica\u00e7\u00e3o ou um adicional em seus vencimentos pela extens\u00e3o de carga hor\u00e1ria."}, {"id": "21854", "ano": "2023", "numero": "249", "tipo__sigla": "IND", "tipo__descricao": "Indica\u00e7\u00e3o", "autoria": "Cynthia Salom\u00e3o Bastos Faria", "texto_original": "http://sapl.pedroleopoldo.mg.leg.br/media/sapl/public/materialegislativa/2023/21854/indicacao_249-23_-_cynthia.pdf", "ementa": "Indica a instala\u00e7\u00e3o de sinaliza\u00e7\u00e3o gr\u00e1fica vertical de placas de velocidade m\u00e1xima, curva em \u201cS\u201d, e sinaliza\u00e7\u00e3o gr\u00e1fica horizontal de faixa tracejada e cont\u00ednua, \u201cPARE\u201d, pintura de quebra-molas, faixa de pedestres, entre outras que se fazem necess\u00e1rias para garantir a seguran\u00e7a dos usu\u00e1rios em toda extens\u00e3o da Rua Herculano Soares de Oliveira, no Bairro Quinta do Sumidouro, neste munic\u00edpio."}, {"id": "21855", "ano": "2023", "numero": "250", "tipo__sigla": "IND", "tipo__descricao": "Indica\u00e7\u00e3o", "autoria": "Cynthia Salom\u00e3o Bastos Faria", "texto_original": "http://sapl.pedroleopoldo.mg.leg.br/media/sapl/public/materialegislativa/2023/21855/indicacao_250-23_-_cynthia.pdf", "ementa": "Indica que sejam realizadas interven\u00e7\u00f5es de melhoria e seguran\u00e7a no tr\u00e2nsito da pra\u00e7a principal de Fidalgo, no entroncamento da Rua Pac\u00edfico Rodrigues com as Rua Ant\u00f4nio Jo\u00e3o Salom\u00e3o e Rua Tranquilino de Bastos. De imediato, sugiro as seguintes interven\u00e7\u00f5es:\r\n- Instala\u00e7\u00e3o de Placa de Regulamenta\u00e7\u00e3o R-1 Parada Obrigat\u00f3ria na Rua Ant\u00f4nio Jo\u00e3o Salom\u00e3o;\r\n- Pintura de faixas de pedestres."}, {"id": "21894", "ano": "2023", "numero": "251", "tipo__sigla": "IND", "tipo__descricao": "Indica\u00e7\u00e3o", "autoria": "Guilherme de Lima Braga (Guilherme do Doce)", "texto_original": "http://sapl.pedroleopoldo.mg.leg.br/media/sapl/public/materialegislativa/2023/21894/indicacao_251-23_-_guilherme.pdf", "ementa": "Indica a implanta\u00e7\u00e3o de c\u00e2meras de olho vivo e patrulhamento policial nas ruas do Bairro Maria de Lourdes, neste munic\u00edpio."}, {"id": "21895", "ano": "2023", "numero": "252", "tipo__sigla": "IND", "tipo__descricao": "Indica\u00e7\u00e3o", "autoria": "Guilherme de Lima Braga (Guilherme do Doce)", "texto_original": "http://sapl.pedroleopoldo.mg.leg.br/media/sapl/public/materialegislativa/2023/21895/indicacao_252-23_-_guilherme.pdf", "ementa": "Indica a implanta\u00e7\u00e3o de c\u00e2meras de olho vivo e patrulhamento policial nas ruas do Bairro Agenor Teixeira, neste munic\u00edpio."}, {"id": "21896", "ano": "2023", "numero": "253", "tipo__sigla": "IND", "tipo__descricao": "Indica\u00e7\u00e3o", "autoria": "Guilherme de Lima Braga (Guilherme do Doce)", "texto_original": "http://sapl.pedroleopoldo.mg.leg.br/media/sapl/public/materialegislativa/2023/21896/indicacao_253-23_-_guilherme.pdf", "ementa": "Indica a instala\u00e7\u00e3o de lixeiras nas principais ruas do Bairro Manoel Brand\u00e3o, neste munic\u00edpio."}, {"id": "21897", "ano": "2023", "numero": "254", "tipo__sigla": "IND", "tipo__descricao": "Indica\u00e7\u00e3o", "autoria": "Guilherme de Lima Braga (Guilherme do Doce)", "texto_original": "http://sapl.pedroleopoldo.mg.leg.br/media/sapl/public/materialegislativa/2023/21897/indicacao_254-23_-_guilherme.pdf", "ementa": "Indica o servi\u00e7o de patrolamento na estrada que liga a Fazenda Jatob\u00e1 ao Distrito de Vera Cruz de Minas."}, {"id": "21898", "ano": "2023", "numero": "255", "tipo__sigla": "IND", "tipo__descricao": "Indica\u00e7\u00e3o", "autoria": "Guilherme de Lima Braga (Guilherme do Doce)", "texto_original": "http://sapl.pedroleopoldo.mg.leg.br/media/sapl/public/materialegislativa/2023/21898/indicacao_255-23_-_giulherme.pdf", "ementa": "Indica o servi\u00e7o de reparo na ponte que d\u00e1 acesso \u00e0 Fazenda do Quilombo no Distrito de Vera Cruz de Minas, neste munic\u00edpio."}, {"id": "21899", "ano": "2023", "numero": "256", "tipo__sigla": "IND", "tipo__descricao": "Indica\u00e7\u00e3o", "autoria": "Leonardo Pereira Ribeiro (Leoz\u00e3o)", "texto_original": "http://sapl.pedroleopoldo.mg.leg.br/media/sapl/public/materialegislativa/2023/21899/indicacao_256-23_-_leonardo.pdf", "ementa": "Indica conceder Mo\u00e7\u00e3o de Parab\u00e9ns \u00e0 Turma Recreativa de Confins, Campe\u00e3 da 11\u00aa Copa PL de 2023."}, {"id": "21900", "ano": "2023", "numero": "257", "tipo__sigla": "IND", "tipo__descricao": "Indica\u00e7\u00e3o", "autoria": "Mauro J\u00fanior Lopes Francisco", "texto_original": "http://sapl.pedroleopoldo.mg.leg.br/media/sapl/public/materialegislativa/2023/21900/indicacao_257-23_-_mauro.pdf", "ementa": "Indica a realiza\u00e7\u00e3o de recapeamento asf\u00e1ltico na Rua Elvira Michelin, na altura do n\u00famero 41 ao 298, no Bairro Parque Agenor Teixeira, neste munic\u00edpio."}, {"id": "21901", "ano": "2023", "numero": "258", "tipo__sigla": "IND", "tipo__descricao": "Indica\u00e7\u00e3o", "autoria": "Frederico Henrique Cota Alves (Fred Piau)", "texto_original": "http://sapl.pedroleopoldo.mg.leg.br/media/sapl/public/materialegislativa/2023/21901/indicacao_258-23_-_frederico.pdf", "ementa": "Indica a instala\u00e7\u00e3o de quebra-molas na Rua Joaquim Caetano, no Bairro Santa F\u00e9, pr\u00f3ximo ao Programa Sa\u00fade da Fam\u00edlia (PSF) e que a mesma rua seja transformada em m\u00e3o \u00fanica."}, {"id": "21902", "ano": "2023", "numero": "259", "tipo__sigla": "IND", "tipo__descricao": "Indica\u00e7\u00e3o", "autoria": "Frederico Henrique Cota Alves (Fred Piau)", "texto_original": "http://sapl.pedroleopoldo.mg.leg.br/media/sapl/public/materialegislativa/2023/21902/indicacao_259-23_-_frederico.pdf", "ementa": "Indica a instala\u00e7\u00e3o de quebra-molas e sinaliza\u00e7\u00f5es no cruzamento que d\u00e1 acesso \u00e0 Rua Jos\u00e9 Pereira da Silva com Rua Jos\u00e9 Justino dos Reis, Bairro Dom Camilo."}, {"id": "21903", "ano": "2023", "numero": "260", "tipo__sigla": "IND", "tipo__descricao": "Indica\u00e7\u00e3o", "autoria": "Frederico Henrique Cota Alves (Fred Piau)", "texto_original": "http://sapl.pedroleopoldo.mg.leg.br/media/sapl/public/materialegislativa/2023/21903/indicacao_260-23_-_frederico.pdf", "ementa": "Indica a constru\u00e7\u00e3o de uma quadra poliesportiva para a popula\u00e7\u00e3o do Bairro Jardin\u00f3polis."}, {"id": "21904", "ano": "2023", "numero": "261", "tipo__sigla": "IND", "tipo__descricao": "Indica\u00e7\u00e3o", "autoria": "Frederico Henrique Cota Alves (Fred Piau)", "texto_original": "http://sapl.pedroleopoldo.mg.leg.br/media/sapl/public/materialegislativa/2023/21904/indicacao_261-23_-_frederico.pdf", "ementa": "Indica a instala\u00e7\u00e3o de uma rotat\u00f3ria entre as vias: Rua Jos\u00e9 Justino dos Reis, Av. Riachinho e Rua Carlos M\u00e1rcio Bahia Cardoso, no Bairro Dom Camilo."}, {"id": "21905", "ano": "2023", "numero": "262", "tipo__sigla": "IND", "tipo__descricao": "Indica\u00e7\u00e3o", "autoria": "Frederico Henrique Cota Alves (Fred Piau)", "texto_original": "http://sapl.pedroleopoldo.mg.leg.br/media/sapl/public/materialegislativa/2023/21905/indicacao_262-23_-_frederico.pdf", "ementa": "Indica a pavimenta\u00e7\u00e3o da Rua Pedro Ant\u00f4nio Pereira, localizada no Centro de nosso munic\u00edpio."}, {"id": "21906", "ano": "2023", "numero": "263", "tipo__sigla": "IND", "tipo__descricao": "Indica\u00e7\u00e3o", "autoria": "Cynthia Salom\u00e3o Bastos Faria, Guilherme de Lima Braga (Guilherme do Doce)", "texto_original": "http://sapl.pedroleopoldo.mg.leg.br/media/sapl/public/materialegislativa/2023/21906/indicacao_263-23_-_cynthia.pdf", "ementa": "Indica a constru\u00e7\u00e3o de mais um banheiro no Cemai Eug\u00eania de Bastos, localizado no Distrito de Fidalgo, neste munic\u00edpio."}, {"id": "21907", "ano": "2023", "numero": "264", "tipo__sigla": "IND", "tipo__descricao": "Indica\u00e7\u00e3o", "autoria": "Cynthia Salom\u00e3o Bastos Faria", "texto_original": "http://sapl.pedroleopoldo.mg.leg.br/media/sapl/public/materialegislativa/2023/21907/indicacao_264-23_-_cynthia.pdf", "ementa": "Indica que seja inclu\u00eddo o hor\u00e1rio de \u00f4nibus para o Bairro Quinta do Sumidouro, saindo \u00e0s 10h da rodovi\u00e1ria e retornando \u00e0s 11h."}, {"id": "21908", "ano": "2023", "numero": "265", "tipo__sigla": "IND", "tipo__descricao": "Indica\u00e7\u00e3o", "autoria": "Cynthia Salom\u00e3o Bastos Faria", "texto_original": "http://sapl.pedroleopoldo.mg.leg.br/media/sapl/public/materialegislativa/2023/21908/indicacao_265-23_-_cynthia.pdf", "ementa": "Indica que sejam analisados os preju\u00edzos decorrentes das turmas multisseriadas na Escola Municipal Quinta do Sumidouro e a possibilidade de separa\u00e7\u00e3o das turmas por ano de escolariza\u00e7\u00e3o."}, {"id": "21909", "ano": "2023", "numero": "266", "tipo__sigla": "IND", "tipo__descricao": "Indica\u00e7\u00e3o", "autoria": "Cynthia Salom\u00e3o Bastos Faria", "texto_original": "http://sapl.pedroleopoldo.mg.leg.br/media/sapl/public/materialegislativa/2023/21909/indicacao_266-23_-_cynthia.pdf", "ementa": "Indica a instala\u00e7\u00e3o de bra\u00e7os de luz na Rua da Ribeira, entre os n\u00fameros 1.250 e 1.504, em Fidalgo, neste munic\u00edpio."}, {"id": "21910", "ano": "2023", "numero": "267", "tipo__sigla": "IND", "tipo__descricao": "Indica\u00e7\u00e3o", "autoria": "Cynthia Salom\u00e3o Bastos Faria", "texto_original": "http://sapl.pedroleopoldo.mg.leg.br/media/sapl/public/materialegislativa/2023/21910/indicacao_267-23_-_cynthia.pdf", "ementa": "Indica que seja inclu\u00eddo no Plano de Carreiras e Remunera\u00e7\u00e3o dos Servidores da Educa\u00e7\u00e3o de Pedro Leopoldo a op\u00e7\u00e3o de extens\u00e3o da carga hor\u00e1ria (dobra) para os cargos de Professor de Educa\u00e7\u00e3o B\u00e1sica (PEB)."}, {"id": "21911", "ano": "2023", "numero": "268", "tipo__sigla": "IND", "tipo__descricao": "Indica\u00e7\u00e3o", "autoria": "Cynthia Salom\u00e3o Bastos Faria", "texto_original": "http://sapl.pedroleopoldo.mg.leg.br/media/sapl/public/materialegislativa/2023/21911/indicacao_268-23_-_cynthia.pdf", "ementa": "Indica que seja institu\u00eddo no Plano de Carreiras e Remunera\u00e7\u00e3o dos Servidores da Educa\u00e7\u00e3o de Pedro Leopoldo uma \u00fanica nomenclatura para os cargos de Professores de Educa\u00e7\u00e3o B\u00e1sica I, tanto para quem trabalha em escola quanto no Cemai ou alterar para professor I - Educa\u00e7\u00e3o Infantil e s\u00e9ries iniciais do Ensino Fundamental."}, {"id": "21931", "ano": "2023", "numero": "269", "tipo__sigla": "IND", "tipo__descricao": "Indica\u00e7\u00e3o", "autoria": "Guilherme de Lima Braga (Guilherme do Doce)", "texto_original": "http://sapl.pedroleopoldo.mg.leg.br/media/sapl/public/materialegislativa/2023/21931/indicacao_269-23_-_guilherme.pdf", "ementa": "Indica a instala\u00e7\u00e3o de pontos de \u00f4nibus com cobertura e placas indicativas de parada nas principais Ruas do Distrito de Vera Cruz de Minas, neste munic\u00edpio."}, {"id": "21932", "ano": "2023", "numero": "270", "tipo__sigla": "IND", "tipo__descricao": "Indica\u00e7\u00e3o", "autoria": "Guilherme de Lima Braga (Guilherme do Doce)", "texto_original": "http://sapl.pedroleopoldo.mg.leg.br/media/sapl/public/materialegislativa/2023/21932/indicacao_270-23_-_guilherme.pdf", "ementa": "Indica a instala\u00e7\u00e3o de cobertura nos pontos de \u00f4nibus da Rua Suzana Passos, localizada no Bairro Santo Ant\u00f4nio da Barra, neste munic\u00edpio."}, {"id": "21933", "ano": "2023", "numero": "271", "tipo__sigla": "IND", "tipo__descricao": "Indica\u00e7\u00e3o", "autoria": "Guilherme de Lima Braga (Guilherme do Doce)", "texto_original": "http://sapl.pedroleopoldo.mg.leg.br/media/sapl/public/materialegislativa/2023/21933/indicacao_271-23_-_guilherme.pdf", "ementa": "Indica a pintura dos redutores de velocidade (quebras molas) e da instala\u00e7\u00e3o das respectivas placas de sinaliza\u00e7\u00e3o na Avenida Heitor Cl\u00e1udio de Sales, localizada no Distrito de Lagoa de Santo Ant\u00f4nio, neste munic\u00edpio."}, {"id": "21934", "ano": "2023", "numero": "272", "tipo__sigla": "IND", "tipo__descricao": "Indica\u00e7\u00e3o", "autoria": "Guilherme de Lima Braga (Guilherme do Doce)", "texto_original": "http://sapl.pedroleopoldo.mg.leg.br/media/sapl/public/materialegislativa/2023/21934/indicacao_272-23_-_guilherme.pdf", "ementa": "Indica interven\u00e7\u00f5es de melhoria para mais seguran\u00e7a no tr\u00e2nsito, na entrada do Bairro Teot\u00f4nio Batista de Freitas, neste munic\u00edpio."}, {"id": "21935", "ano": "2023", "numero": "273", "tipo__sigla": "IND", "tipo__descricao": "Indica\u00e7\u00e3o", "autoria": "Cynthia Salom\u00e3o Bastos Faria", "texto_original": "http://sapl.pedroleopoldo.mg.leg.br/media/sapl/public/materialegislativa/2023/21935/indicacao_273-23_-_cynthia.pdf", "ementa": "Indica as seguintes interven\u00e7\u00f5es de melhoria na Rua Ant\u00f4nio Francisco Barbosa, nas proximidades do n\u00famero 39, no Distrito de Lagoa de Santo Ant\u00f4nio, neste munic\u00edpio:\r\n - Retirada da terra agarrada no asfalto;\r\n - Constru\u00e7\u00e3o de um sistema de drenagem com instala\u00e7\u00e3o de boca de lobo para escoamento da \u00e1gua;\r\n -  Retirada de lixo e entulho;\r\n -  Instala\u00e7\u00e3o de placa de sinaliza\u00e7\u00e3o PROIBIDO JOGAR LIXO E ENTULHO NESTE LOCAL."}, {"id": "21936", "ano": "2023", "numero": "274", "tipo__sigla": "IND", "tipo__descricao": "Indica\u00e7\u00e3o", "autoria": "Cynthia Salom\u00e3o Bastos Faria", "texto_original": "http://sapl.pedroleopoldo.mg.leg.br/media/sapl/public/materialegislativa/2023/21936/indicacao_274-23_-_cynthia.pdf", "ementa": "Indica a instala\u00e7\u00e3o de um bra\u00e7o de luz na Rua Rui Barbosa, n\u00famero 25, em Fidalgo, neste munic\u00edpio."}, {"id": "21937", "ano": "2023", "numero": "275", "tipo__sigla": "IND", "tipo__descricao": "Indica\u00e7\u00e3o", "autoria": "Cynthia Salom\u00e3o Bastos Faria", "texto_original": "http://sapl.pedroleopoldo.mg.leg.br/media/sapl/public/materialegislativa/2023/21937/indicacao_275-23_-_cynthia.pdf", "ementa": "Indica determinar ao setor competente cumprir com a Lei Federal 13.935, de 11 de dezembro de 2019, que trata da composi\u00e7\u00e3o da Equipe Multiprofissional da Educa\u00e7\u00e3o Especial com Assistente Social, no Munic\u00edpio de Pedro Leopoldo."}, {"id": "21938", "ano": "2023", "numero": "276", "tipo__sigla": "IND", "tipo__descricao": "Indica\u00e7\u00e3o", "autoria": "Cynthia Salom\u00e3o Bastos Faria", "texto_original": "http://sapl.pedroleopoldo.mg.leg.br/media/sapl/public/materialegislativa/2023/21938/indicacao_276-23_-_cynthia.pdf", "ementa": "Indica conceder Mo\u00e7\u00e3o de Parab\u00e9ns ao Time Santa Cruz de Fidalgo pelo excelente desempenho no Campeonato Amador de Pedro Leopoldo - Temporada 2022."}, {"id": "21939", "ano": "2023", "numero": "277", "tipo__sigla": "IND", "tipo__descricao": "Indica\u00e7\u00e3o", "autoria": "Cynthia Salom\u00e3o Bastos Faria", "texto_original": "http://sapl.pedroleopoldo.mg.leg.br/media/sapl/public/materialegislativa/2023/21939/indicacao_277-23_-_cynthia.pdf", "ementa": "Indica a constru\u00e7\u00e3o de uma nova rampa de acessibilidade na quadra da Escola Municipal Jos\u00e9 Pedro Filho ou reforma da atual para possibilitar o acesso de pessoas com Defici\u00eancia F\u00edsica ou mobilidade reduzida, no Bairro Felipe Cl\u00e1udio de Sales, neste munic\u00edpio."}, {"id": "21940", "ano": "2023", "numero": "278", "tipo__sigla": "IND", "tipo__descricao": "Indica\u00e7\u00e3o", "autoria": "Guilherme de Lima Braga (Guilherme do Doce)", "texto_original": "http://sapl.pedroleopoldo.mg.leg.br/media/sapl/public/materialegislativa/2023/21940/indicacao_278-23_-_guilherme.pdf", "ementa": "Indica o servi\u00e7o de pavimenta\u00e7\u00e3o asf\u00e1ltica nas ruas do Bairro Vila S\u00e3o Jo\u00e3o, neste munic\u00edpio."}, {"id": "21941", "ano": "2023", "numero": "279", "tipo__sigla": "IND", "tipo__descricao": "Indica\u00e7\u00e3o", "autoria": "Mauro J\u00fanior Lopes Francisco", "texto_original": "http://sapl.pedroleopoldo.mg.leg.br/media/", "ementa": "Indica opera\u00e7\u00e3o tapa-buracos em toda a extens\u00e3o da Rua Esp\u00edrito Santo no Bairro Santo Ant\u00f4nio da Barra, neste munic\u00edpio."}, {"id": "21942", "ano": "2023", "numero": "280", "tipo__sigla": "IND", "tipo__descricao": "Indica\u00e7\u00e3o", "autoria": "Rafael Vieira Faria (Rafa)", "texto_original": "http://sapl.pedroleopoldo.mg.leg.br/media/sapl/public/materialegislativa/2023/21942/indicacao_280-23_-_rafael.pdf", "ementa": "Indica o fornecimento e a instala\u00e7\u00e3o de um bebedouro industrial na Capela Vel\u00f3rio do Distrito de Lagoa de Santo Ant\u00f4nio."}, {"id": "21943", "ano": "2023", "numero": "281", "tipo__sigla": "IND", "tipo__descricao": "Indica\u00e7\u00e3o", "autoria": "Frederico Henrique Cota Alves (Fred Piau)", "texto_original": "http://sapl.pedroleopoldo.mg.leg.br/media/sapl/public/materialegislativa/2023/21943/indicacao_281-23_-_frederico.pdf", "ementa": "Indica a cria\u00e7\u00e3o de duas esta\u00e7\u00f5es de integra\u00e7\u00e3o de \u00f4nibus em nossa cidade: uma na Regi\u00e3o Norte e outra na Regi\u00e3o Sul."}, {"id": "21944", "ano": "2023", "numero": "282", "tipo__sigla": "IND", "tipo__descricao": "Indica\u00e7\u00e3o", "autoria": "Frederico Henrique Cota Alves (Fred Piau)", "texto_original": "http://sapl.pedroleopoldo.mg.leg.br/media/", "ementa": "Indica a instala\u00e7\u00e3o de l\u00e2mpadas de diodo emissor de luz \u2014 LED \u2013 nas Pra\u00e7as do Bairro Ferreiras, Santo Ant\u00f4nio da Barra e Vera Cruz."}, {"id": "21945", "ano": "2023", "numero": "283", "tipo__sigla": "IND", "tipo__descricao": "Indica\u00e7\u00e3o", "autoria": "Frederico Henrique Cota Alves (Fred Piau)", "texto_original": "http://sapl.pedroleopoldo.mg.leg.br/media/sapl/public/materialegislativa/2023/21945/indicacao_283-23_-_frederico.pdf", "ementa": "Indica a cria\u00e7\u00e3o de um mural de avisos, para os pais nas escolas do munic\u00edpio."}, {"id": "21946", "ano": "2023", "numero": "284", "tipo__sigla": "IND", "tipo__descricao": "Indica\u00e7\u00e3o", "autoria": "Frederico Henrique Cota Alves (Fred Piau)", "texto_original": "http://sapl.pedroleopoldo.mg.leg.br/media/sapl/public/materialegislativa/2023/21946/indicacao_284-23_-_frederico.pdf", "ementa": "Indica a aquisi\u00e7\u00e3o de mudas e sementes da \u00e1rvore denominada Crotal\u00e1ria, a qual tem a fun\u00e7\u00e3o repelente natural contra insetos, a fim de providenciar o plantio na cidade."}, {"id": "21947", "ano": "2023", "numero": "285", "tipo__sigla": "IND", "tipo__descricao": "Indica\u00e7\u00e3o", "autoria": "Frederico Henrique Cota Alves (Fred Piau)", "texto_original": "http://sapl.pedroleopoldo.mg.leg.br/media/sapl/public/materialegislativa/2023/21947/indicacao_285-23_-_frederico.pdf", "ementa": "Indica o monitoramento das quadras dos bairros: Vera Cruz de Minas, Ferreiras e Santo Ant\u00f4nio da Barra, as quais ir\u00e3o atender ao Projeto do Esporte Especializado Escola de Campe\u00f5es. Indico, ainda, a manuten\u00e7\u00e3o paliativa constante na quadra de Santo Ant\u00f4nio da Barra."}, {"id": "21968", "ano": "2023", "numero": "286", "tipo__sigla": "IND", "tipo__descricao": "Indica\u00e7\u00e3o", "autoria": "Guilherme de Lima Braga (Guilherme do Doce)", "texto_original": "http://sapl.pedroleopoldo.mg.leg.br/media/sapl/public/materialegislativa/2023/21968/indicacao_286-23_-_guilherme.pdf", "ementa": "Indica a manuten\u00e7\u00e3o das grades de rede pluvial, localizadas na Rua Dona Branca, pr\u00f3ximo ao n\u00famero 26, no Bairro Teot\u00f4nio Batista de Freitas, neste munic\u00edpio."}, {"id": "21969", "ano": "2023", "numero": "287", "tipo__sigla": "IND", "tipo__descricao": "Indica\u00e7\u00e3o", "autoria": "Rafael Vieira Faria (Rafa)", "texto_original": "http://sapl.pedroleopoldo.mg.leg.br/media/sapl/public/materialegislativa/2023/21969/indicacao_287-23_-_guilherme.pdf", "ementa": "Indica a realiza\u00e7\u00e3o de obra de recapeamento da Rua Santos, recompondo a qualidade da camada asf\u00e1ltica, trazendo mais qualidade de tr\u00e1fego e seguran\u00e7a para a popula\u00e7\u00e3o."}, {"id": "21970", "ano": "2023", "numero": "288", "tipo__sigla": "IND", "tipo__descricao": "Indica\u00e7\u00e3o", "autoria": "Rafael Vieira Faria (Rafa)", "texto_original": "http://sapl.pedroleopoldo.mg.leg.br/media/sapl/public/materialegislativa/2023/21970/indicacao_288-23_-_rafael.pdf", "ementa": "Indica a realiza\u00e7\u00e3o de fiscaliza\u00e7\u00e3o em estabelecimentos que realizem a compra de materiais recicl\u00e1veis, visando localizar poss\u00edveis materiais il\u00edcitos, contribuindo para a redu\u00e7\u00e3o dos \u00edndices de furtos."}, {"id": "21971", "ano": "2023", "numero": "289", "tipo__sigla": "IND", "tipo__descricao": "Indica\u00e7\u00e3o", "autoria": "Frederico Henrique Cota Alves (Fred Piau)", "texto_original": "http://sapl.pedroleopoldo.mg.leg.br/media/sapl/public/materialegislativa/2023/21971/indicacao_289-23_-_frederico.pdf", "ementa": "Indica instala\u00e7\u00e3o de dois Ecopontos na Rua Cruzeiro no Bairro Morada dos Angicos."}, {"id": "21972", "ano": "2023", "numero": "290", "tipo__sigla": "IND", "tipo__descricao": "Indica\u00e7\u00e3o", "autoria": "Frederico Henrique Cota Alves (Fred Piau)", "texto_original": "http://sapl.pedroleopoldo.mg.leg.br/media/sapl/public/materialegislativa/2023/21972/indicacao_290-23_-_frederico.pdf", "ementa": "Indica a revitaliza\u00e7\u00e3o das Pra\u00e7as Nhazinha Carvalho e Rosa Fontana, localizadas no Bairro Novo Campinho. Solicito tamb\u00e9m a instala\u00e7\u00e3o de bancos e playground."}, {"id": "21973", "ano": "2023", "numero": "291", "tipo__sigla": "IND", "tipo__descricao": "Indica\u00e7\u00e3o", "autoria": "Frederico Henrique Cota Alves (Fred Piau)", "texto_original": "http://sapl.pedroleopoldo.mg.leg.br/media/sapl/public/materialegislativa/2023/21973/indicacao_291-23_-_frederico.pdf", "ementa": "Indica providenciar a melhoria da Rede Pluvial da Av. R\u00f4mulo Joviano, neste munic\u00edpio."}, {"id": "21974", "ano": "2023", "numero": "292", "tipo__sigla": "IND", "tipo__descricao": "Indica\u00e7\u00e3o", "autoria": "Frederico Henrique Cota Alves (Fred Piau)", "texto_original": "http://sapl.pedroleopoldo.mg.leg.br/media/sapl/public/materialegislativa/2023/21974/indicacao_292-23_-_frederico.pdf", "ementa": "Indica a implanta\u00e7\u00e3o da \u201cLousa Branca\u201d em todas as Escolas Municipais."}, {"id": "21975", "ano": "2023", "numero": "293", "tipo__sigla": "IND", "tipo__descricao": "Indica\u00e7\u00e3o", "autoria": "Frederico Henrique Cota Alves (Fred Piau)", "texto_original": "http://sapl.pedroleopoldo.mg.leg.br/media/sapl/public/materialegislativa/2023/21975/indicacao_293-23_-_frederico.pdf", "ementa": "Indica a instala\u00e7\u00e3o de um redutor de velocidade na Rua Artur Malloy, pr\u00f3ximo ao n\u00famero 459, Bairro Parque Jardim Soli, neste Munic\u00edpio."}, {"id": "21976", "ano": "2023", "numero": "294", "tipo__sigla": "IND", "tipo__descricao": "Indica\u00e7\u00e3o", "autoria": "Rafael Vieira Faria (Rafa)", "texto_original": "http://sapl.pedroleopoldo.mg.leg.br/media/sapl/public/materialegislativa/2023/21976/indicacao_294-23_-_rafael.pdf", "ementa": "Indica o recapeamento da Avenida Dr. R\u00f4mulo Joviano, recuperando toda a camada asf\u00e1ltica, tornando a pista mais segura e com melhor qualidade de tr\u00e1fego, atendendo a necessidade da coletividade."}, {"id": "21977", "ano": "2023", "numero": "295", "tipo__sigla": "IND", "tipo__descricao": "Indica\u00e7\u00e3o", "autoria": "Warlen Alves da Silva", "texto_original": "http://sapl.pedroleopoldo.mg.leg.br/media/sapl/public/materialegislativa/2023/21977/indicacao_295-23_-_warlen.pdf", "ementa": "Indica a realiza\u00e7\u00e3o de vistoria da casa abandonada em frente ao n\u00famero 166, da Rua Joaquim Bahia, Centro de Pedro Leopoldo, para poss\u00edvel demoli\u00e7\u00e3o."}, {"id": "21978", "ano": "2023", "numero": "296", "tipo__sigla": "IND", "tipo__descricao": "Indica\u00e7\u00e3o", "autoria": "Cynthia Salom\u00e3o Bastos Faria", "texto_original": "http://sapl.pedroleopoldo.mg.leg.br/media/sapl/public/materialegislativa/2023/21978/indicacao_296-23_-_cynthia.pdf", "ementa": "Indica que os professores de educa\u00e7\u00e3o b\u00e1sica (CEMAI) possam ter o direito de extens\u00e3o de carga hor\u00e1ria: cumprimento tempor\u00e1rio e opcional de jornada de trabalho que est\u00e1 al\u00e9m do limite estabelecido em lei."}, {"id": "21979", "ano": "2023", "numero": "297", "tipo__sigla": "IND", "tipo__descricao": "Indica\u00e7\u00e3o", "autoria": "Cynthia Salom\u00e3o Bastos Faria", "texto_original": "http://sapl.pedroleopoldo.mg.leg.br/media/sapl/public/materialegislativa/2023/21979/indicacao_297-23_-_cynthia.pdf", "ementa": "Indica que os Professores de Educa\u00e7\u00e3o B\u00e1sica I possam ter o direito da adequa\u00e7\u00e3o de carga hor\u00e1ria: cumprimento obrigat\u00f3rio de jornada de trabalho excedente ao estabelecido pela lei, por exig\u00eancia curricular."}, {"id": "21980", "ano": "2023", "numero": "298", "tipo__sigla": "IND", "tipo__descricao": "Indica\u00e7\u00e3o", "autoria": "Cynthia Salom\u00e3o Bastos Faria", "texto_original": "http://sapl.pedroleopoldo.mg.leg.br/media/sapl/public/materialegislativa/2023/21980/indicacao_298-23_-_cynthia.pdf", "ementa": "Indica que sejam tomadas as medidas necess\u00e1rias para viabilizar o uso de computadores com acesso \u00e0 internet e impressora na sala dos supervisores e orientadores nas institui\u00e7\u00f5es de ensino municipais."}, {"id": "21981", "ano": "2023", "numero": "299", "tipo__sigla": "IND", "tipo__descricao": "Indica\u00e7\u00e3o", "autoria": "Cynthia Salom\u00e3o Bastos Faria", "texto_original": "http://sapl.pedroleopoldo.mg.leg.br/media/sapl/public/materialegislativa/2023/21981/indicacao_299-23_-_cynthia.pdf", "ementa": "Indica destinar materiais esportivos e um bebedouro para o apoio e incentivo \u00e0 pr\u00e1tica esportiva para a Escola de Futebol de Fidalgo que acontece no Campo Independente, neste munic\u00edpio."}, {"id": "22052", "ano": "2023", "numero": "300", "tipo__sigla": "IND", "tipo__descricao": "Indica\u00e7\u00e3o", "autoria": "Rafael Vieira Faria (Rafa)", "texto_original": "http://sapl.pedroleopoldo.mg.leg.br/media/sapl/public/materialegislativa/2023/22052/indicacao_300-23_-_rafael_-_mocao.pdf", "ementa": "Indica conceder Mo\u00e7\u00e3o de Parab\u00e9ns a Mariella de Sales Rosa, empres\u00e1ria e atleta de Crossfit que vem se destacando no cen\u00e1rio esportivo."}, {"id": "22053", "ano": "2023", "numero": "301", "tipo__sigla": "IND", "tipo__descricao": "Indica\u00e7\u00e3o", "autoria": "Rafael Vieira Faria (Rafa)", "texto_original": "http://sapl.pedroleopoldo.mg.leg.br/media/sapl/public/materialegislativa/2023/22053/indicacao_301-213_-_rafael_-_mocao.pdf", "ementa": "Indica conceder Mo\u00e7\u00e3o de Parab\u00e9ns a Amanda Tabatta Silveira Fonseca, s\u00f3cia da Empresa CFPL - CrossFit Pedro Leopoldo Academia que promove sa\u00fade e bem-estar desde 2016."}, {"id": "22054", "ano": "2023", "numero": "302", "tipo__sigla": "IND", "tipo__descricao": "Indica\u00e7\u00e3o", "autoria": "Warlen Alves da Silva", "texto_original": "http://sapl.pedroleopoldo.mg.leg.br/media/sapl/public/materialegislativa/2023/22054/indicacao_302-23_-_warlen.pdf", "ementa": "Indica o recapeamento asf\u00e1ltico em toda extens\u00e3o da Rua Jos\u00e9 Pedroca, no Bairro Magalh\u00e3es, neste munic\u00edpio."}, {"id": "22055", "ano": "2023", "numero": "303", "tipo__sigla": "IND", "tipo__descricao": "Indica\u00e7\u00e3o", "autoria": "Leonardo Pereira Ribeiro (Leoz\u00e3o)", "texto_original": "http://sapl.pedroleopoldo.mg.leg.br/media/sapl/public/materialegislativa/2023/22055/indicacao_303-23_-_leonardo.pdf", "ementa": "Indica que seja realizada manuten\u00e7\u00e3o dos banheiros do cemit\u00e9rio do Distrito de Lagoa de Santo Ant\u00f4nio, Pedro Leopoldo."}, {"id": "22056", "ano": "2023", "numero": "304", "tipo__sigla": "IND", "tipo__descricao": "Indica\u00e7\u00e3o", "autoria": "Leonardo Pereira Ribeiro (Leoz\u00e3o)", "texto_original": "http://sapl.pedroleopoldo.mg.leg.br/media/sapl/public/materialegislativa/2023/22056/indicacao_304-23_-_leonardo.pdf", "ementa": "Indica que seja atribu\u00edda como via \u00fanica, a Rua Lu\u00eds Pires Guimar\u00e3es, no Conjunto Habitacional Ad\u00e9lia Issa, Pedro Leopoldo-MG."}, {"id": "22057", "ano": "2023", "numero": "305", "tipo__sigla": "IND", "tipo__descricao": "Indica\u00e7\u00e3o", "autoria": "Cynthia Salom\u00e3o Bastos Faria", "texto_original": "http://sapl.pedroleopoldo.mg.leg.br/media/sapl/public/materialegislativa/2023/22057/indicacao_305-23_-_cynthia.pdf", "ementa": "Indica a constru\u00e7\u00e3o de uma faixa elevada, em frente ao Supermercado BH, na Rua Agenor Teixeira da Costa, 352 - Campinho, neste munic\u00edpio."}, {"id": "22058", "ano": "2023", "numero": "306", "tipo__sigla": "IND", "tipo__descricao": "Indica\u00e7\u00e3o", "autoria": "Cynthia Salom\u00e3o Bastos Faria", "texto_original": "http://sapl.pedroleopoldo.mg.leg.br/media/sapl/public/materialegislativa/2023/22058/indicacao_306-23_-_cynthia.pdf", "ementa": "Indica a instala\u00e7\u00e3o da devida sinaliza\u00e7\u00e3o gr\u00e1fica e vertical de placas de \u201cvelocidade m\u00e1xima\u201d ou de \u201creduza a velocidade\u201d, bem como sinaliza\u00e7\u00e3o gr\u00e1fica horizontal e outras mais que se fizerem necess\u00e1rias para garantir a seguran\u00e7a dos usu\u00e1rios, na Rua Agenor Teixeira da Costa, nas media\u00e7\u00f5es do Supermercado BH, n\u00ba 352 - Campinho, neste munic\u00edpio."}, {"id": "22059", "ano": "2023", "numero": "307", "tipo__sigla": "IND", "tipo__descricao": "Indica\u00e7\u00e3o", "autoria": "Cynthia Salom\u00e3o Bastos Faria", "texto_original": "http://sapl.pedroleopoldo.mg.leg.br/media/sapl/public/materialegislativa/2023/22059/indicacao_307-23_-_cynthia.pdf", "ementa": "Indica declarar as Guardas de Congo, as Folias de Reis e o Candombe como Patrim\u00f4nio Cultural Imaterial do Munic\u00edpio de Pedro Leopoldo."}, {"id": "22060", "ano": "2023", "numero": "308", "tipo__sigla": "IND", "tipo__descricao": "Indica\u00e7\u00e3o", "autoria": "Frederico Henrique Cota Alves (Fred Piau)", "texto_original": "http://sapl.pedroleopoldo.mg.leg.br/media/sapl/public/materialegislativa/2023/22060/indicacao_308-23_-_frederico.pdf", "ementa": "Indica a cria\u00e7\u00e3o do Conselho Municipal de Desenvolvimento Econ\u00f4mico - Codecon."}, {"id": "22061", "ano": "2023", "numero": "309", "tipo__sigla": "IND", "tipo__descricao": "Indica\u00e7\u00e3o", "autoria": "Frederico Henrique Cota Alves (Fred Piau)", "texto_original": "http://sapl.pedroleopoldo.mg.leg.br/media/sapl/public/materialegislativa/2023/22061/indicacao_309-23_-_frederico.pdf", "ementa": "Indica verificar a possibilidade de se criar o Cargo de Veterin\u00e1rio Municipal na estrutura administrativa do Munic\u00edpio."}, {"id": "22062", "ano": "2023", "numero": "310", "tipo__sigla": "IND", "tipo__descricao": "Indica\u00e7\u00e3o", "autoria": "Frederico Henrique Cota Alves (Fred Piau)", "texto_original": "http://sapl.pedroleopoldo.mg.leg.br/media/sapl/public/materialegislativa/2023/22062/indicacao_310-23_-_frederico.pdf", "ementa": "Indica a implanta\u00e7\u00e3o de um Ecoponto no Distrito de Fidalgo, pr\u00f3ximo \u00e0 quadra poliesportiva do bairro."}, {"id": "22063", "ano": "2023", "numero": "311", "tipo__sigla": "IND", "tipo__descricao": "Indica\u00e7\u00e3o", "autoria": "Frederico Henrique Cota Alves (Fred Piau)", "texto_original": "http://sapl.pedroleopoldo.mg.leg.br/media/sapl/public/materialegislativa/2023/22063/indicacao_311-23_-_frederico.pdf", "ementa": "Indica a instala\u00e7\u00e3o de um \u201cRedutor de Velocidade\u201d na Rua Jos\u00e9 Pires de Ara\u00fajo, pr\u00f3ximo ao n\u00famero 135."}, {"id": "22064", "ano": "2023", "numero": "312", "tipo__sigla": "IND", "tipo__descricao": "Indica\u00e7\u00e3o", "autoria": "Frederico Henrique Cota Alves (Fred Piau)", "texto_original": "http://sapl.pedroleopoldo.mg.leg.br/media/sapl/public/materialegislativa/2023/22064/indicacao_312-23_-_frederico.pdf", "ementa": "Indica a instala\u00e7\u00e3o de l\u00e2mpadas de Diodo Emissor de Luz - LED - nas seguintes ruas: das Palmeiras, Joaquim Carolins, Maria Jer\u00f4nimo, Utiliza\u00e7\u00e3o, dos Sabi\u00e1s - Bairro Quinta das Palmeiras."}, {"id": "22120", "ano": "2023", "numero": "313", "tipo__sigla": "IND", "tipo__descricao": "Indica\u00e7\u00e3o", "autoria": "Rafael Vieira Faria (Rafa)", "texto_original": "http://sapl.pedroleopoldo.mg.leg.br/media/sapl/public/materialegislativa/2023/22120/indicacao_313-23_-_rafael.pdf", "ementa": "No uso de minhas atribui\u00e7\u00f5es regimentais, indico \u00e0 Excelent\u00edssima Senhora Prefeita determinar ao setor competente providenciar a substitui\u00e7\u00e3o de L\u00e2mpadas de Vapor de Merc\u00fario por L\u00e2mpadas de LED no Quilombo Pimentel."}, {"id": "22121", "ano": "2023", "numero": "314", "tipo__sigla": "IND", "tipo__descricao": "Indica\u00e7\u00e3o", "autoria": "Rafael Vieira Faria (Rafa)", "texto_original": "http://sapl.pedroleopoldo.mg.leg.br/media/sapl/public/materialegislativa/2023/22121/indicacao_314-23_-_rafael.pdf", "ementa": "No uso de minhas atribui\u00e7\u00f5es regimentais, indico \u00e0 Excelent\u00edssima Senhora Prefeita determinar ao setor competente providenciar a substitui\u00e7\u00e3o de L\u00e2mpadas de Vapor de Merc\u00fario por L\u00e2mpadas de LED na \u00e1rea Rural conhecida como \"Matos\"."}, {"id": "22122", "ano": "2023", "numero": "315", "tipo__sigla": "IND", "tipo__descricao": "Indica\u00e7\u00e3o", "autoria": "Rafael Vieira Faria (Rafa)", "texto_original": "http://sapl.pedroleopoldo.mg.leg.br/media/sapl/public/materialegislativa/2023/22122/indicacao_315-23_-_rafael.pdf", "ementa": "No uso de minhas atribui\u00e7\u00f5es regimentais, indico \u00e0 Excelent\u00edssima Senhora Prefeita determinar ao setor competente providenciar a constru\u00e7\u00e3o de uma faixa elevada de pedestres na Rua Agenor Teixeira da Costa, entre os n\u00fameros 71 e 110, em frente ao Condom\u00ednio Residencial Pedra do Sol, Bairro Maria C\u00e2ndida."}, {"id": "22123", "ano": "2023", "numero": "316", "tipo__sigla": "IND", "tipo__descricao": "Indica\u00e7\u00e3o", "autoria": "Leonardo Pereira Ribeiro (Leoz\u00e3o)", "texto_original": "http://sapl.pedroleopoldo.mg.leg.br/media/sapl/public/materialegislativa/2023/22123/indicacao_316-23_-_leonardo.pdf", "ementa": "No uso de minhas atribui\u00e7\u00f5es regimentais, indico \u00e0 Excelent\u00edssima Senhora Prefeita determinar ao setor competente providenciar a presen\u00e7a da Guarda Municipal na Par\u00f3quia de Santo Ant\u00f4nio, Pra\u00e7a Jos\u00e9 dos Anjos, no Distrito Lagoa de Santo Ant\u00f4nio, neste munic\u00edpio."}, {"id": "22124", "ano": "2023", "numero": "317", "tipo__sigla": "IND", "tipo__descricao": "Indica\u00e7\u00e3o", "autoria": "Leonardo Pereira Ribeiro (Leoz\u00e3o)", "texto_original": "http://sapl.pedroleopoldo.mg.leg.br/media/sapl/public/materialegislativa/2023/22124/indicacao_317-23_-_leonardo.pdf", "ementa": "No uso de minhas atribui\u00e7\u00f5es regimentais, indico \u00e0 Excelent\u00edssima Senhora Prefeita determinar ao setor competente verificar o escoamento de esgoto a c\u00e9u aberto na Rua das Quaresmeiras n\u00ba 36, no Bairro Morada dos Hibiscos, neste munic\u00edpio."}, {"id": "22125", "ano": "2023", "numero": "318", "tipo__sigla": "IND", "tipo__descricao": "Indica\u00e7\u00e3o", "autoria": "Warlen Alves da Silva", "texto_original": "http://sapl.pedroleopoldo.mg.leg.br/media/sapl/public/materialegislativa/2023/22125/indicacao_318-23_-_warlen.pdf", "ementa": "No uso de minhas atribui\u00e7\u00f5es regimentais, indico \u00e0 Excelent\u00edssima Senhora Prefeita determinar ao setor competente providenciar a instala\u00e7\u00e3o de l\u00e2mpadas de Diodo Emissor de Luz LED, em toda a extens\u00e3o da Rua Expedicion\u00e1rio Rui Ant\u00f4nio da Silva - Bairro Santo Ant\u00f4nio da Barra, neste munic\u00edpio."}, {"id": "22126", "ano": "2023", "numero": "319", "tipo__sigla": "IND", "tipo__descricao": "Indica\u00e7\u00e3o", "autoria": "Warlen Alves da Silva", "texto_original": "http://sapl.pedroleopoldo.mg.leg.br/media/sapl/public/materialegislativa/2023/22126/indicacao_319-23_-_warlen.pdf", "ementa": "No uso de minhas atribui\u00e7\u00f5es regimentais, indico \u00e0 Excelent\u00edssima Senhora Prefeita determinar ao setor competente providenciar a instala\u00e7\u00e3o de 02 (dois) redutores de velocidade (quebra-molas), na Rua Francisca Alves de Carvalho, na altura dos n\u00fameros 299 e 407, no Bairro Santa Tereza"}, {"id": "22127", "ano": "2023", "numero": "320", "tipo__sigla": "IND", "tipo__descricao": "Indica\u00e7\u00e3o", "autoria": "Guilherme de Lima Braga (Guilherme do Doce)", "texto_original": "http://sapl.pedroleopoldo.mg.leg.br/media/sapl/public/materialegislativa/2023/22127/indicacao_320-23_-_guilherme.pdf", "ementa": "No uso de minhas atribui\u00e7\u00f5es regimentais, indico a Vossa Excel\u00eancia conceder Mo\u00e7\u00e3o de Parab\u00e9ns \u00e0 Senhora Maria Martins Campolina, pela dedica\u00e7\u00e3o a Nossa Senhora do Ros\u00e1rio, dan\u00e7ando e louvando Seu Nome na Guarda de Congo Santa Efig\u00eania e S\u00e3o Benedito do Bairro Santo Ant\u00f4nio da Barra."}, {"id": "22128", "ano": "2023", "numero": "321", "tipo__sigla": "IND", "tipo__descricao": "Indica\u00e7\u00e3o", "autoria": "Guilherme de Lima Braga (Guilherme do Doce)", "texto_original": "http://sapl.pedroleopoldo.mg.leg.br/media/sapl/public/materialegislativa/2023/22128/indicacao_321-23_-_guilherme.pdf", "ementa": "No uso de minhas atribui\u00e7\u00f5es regimentais, indico \u00e0 Excelent\u00edssima Senhora Prefeita determinar ao setor competente providenciar a extens\u00e3o de rede el\u00e9trica na Rua Nossa Senhora do Ros\u00e1rio, pr\u00f3ximo ao n\u00famero 13, localizada no Distrito de Vera Cruz de Minas, neste munic\u00edpio."}, {"id": "22129", "ano": "2023", "numero": "322", "tipo__sigla": "IND", "tipo__descricao": "Indica\u00e7\u00e3o", "autoria": "Guilherme de Lima Braga (Guilherme do Doce)", "texto_original": "http://sapl.pedroleopoldo.mg.leg.br/media/sapl/public/materialegislativa/2023/22129/indicacao_322-23_-_guilherme.pdf", "ementa": "No uso de minhas atribui\u00e7\u00f5es regimentais, indico \u00e0 Excelent\u00edssima Senhora Prefeita determinar ao setor competente providenciar o servi\u00e7o de patrolamento e reparo de eros\u00e3o na Rua S\u00e3o Sebasti\u00e3o, pr\u00f3ximo ao n\u00famero 985, no Distrito de Vera Cruz de Minas, neste munic\u00edpio"}, {"id": "22130", "ano": "2023", "numero": "323", "tipo__sigla": "IND", "tipo__descricao": "Indica\u00e7\u00e3o", "autoria": "Guilherme de Lima Braga (Guilherme do Doce)", "texto_original": "http://sapl.pedroleopoldo.mg.leg.br/media/sapl/public/materialegislativa/2023/22130/indicacao_323-23_-_guilherme.pdf", "ementa": "No uso de minhas atribui\u00e7\u00f5es regimentais, indico a Vossa Excel\u00eancia conceder Mo\u00e7\u00e3o de Parab\u00e9ns ao Senhor Carlos Alberto Pereira, pelo exemplo de honestidade, prestatividade, carisma e amor ao pr\u00f3ximo."}, {"id": "22131", "ano": "2023", "numero": "324", "tipo__sigla": "IND", "tipo__descricao": "Indica\u00e7\u00e3o", "autoria": "Mauro J\u00fanior Lopes Francisco", "texto_original": "http://sapl.pedroleopoldo.mg.leg.br/media/sapl/public/materialegislativa/2023/22131/indicacao_324-23_-_maruo.pdf", "ementa": "No uso de minhas atribui\u00e7\u00f5es regimentais, indico \u00e0 Excelent\u00edssima Senhora Prefeita determinar ao setor competente providenciar a sinaliza\u00e7\u00e3o das vagas de estacionamento no p\u00e1tio do PA Central."}, {"id": "22132", "ano": "2023", "numero": "325", "tipo__sigla": "IND", "tipo__descricao": "Indica\u00e7\u00e3o", "autoria": "Eldir Jos\u00e9 Batista (Baixinho da Garagem)", "texto_original": "http://sapl.pedroleopoldo.mg.leg.br/media/sapl/public/materialegislativa/2023/22132/indicacao_325-23_-_eldir.pdf", "ementa": "No uso de minhas atribui\u00e7\u00f5es regimentais, indico \u00e0 Excelent\u00edssima Senhora Prefeita determinar ao setor competente providenciar a revitaliza\u00e7\u00e3o da Pra\u00e7a Jos\u00e9 Br\u00e1z, no Bairro Ferreiras, neste munic\u00edpio."}, {"id": "22133", "ano": "2023", "numero": "326", "tipo__sigla": "IND", "tipo__descricao": "Indica\u00e7\u00e3o", "autoria": "Eldir Jos\u00e9 Batista (Baixinho da Garagem)", "texto_original": "http://sapl.pedroleopoldo.mg.leg.br/media/sapl/public/materialegislativa/2023/22133/indicacao_326-23_-eldir.pdf", "ementa": "No uso de minhas atribui\u00e7\u00f5es regimentais, indico \u00e0 Excelent\u00edssima Senhora Prefeita determinar ao setor competente providenciar o servi\u00e7o de patrolamento e ro\u00e7ada da Rua Sobrado, no Bairro Tapera, neste munic\u00edpio."}, {"id": "22134", "ano": "2023", "numero": "327", "tipo__sigla": "IND", "tipo__descricao": "Indica\u00e7\u00e3o", "autoria": "Frederico Henrique Cota Alves (Fred Piau)", "texto_original": "http://sapl.pedroleopoldo.mg.leg.br/media/sapl/public/materialegislativa/2023/22134/indicacao_327-23_-_frederico.pdf", "ementa": "No uso de minhas atribui\u00e7\u00f5es regimentais, indico \u00e0 Excelent\u00edssima Senhora Prefeita determinar ao setor competente a possibilidade de cria\u00e7\u00e3o de um programa de reuni\u00f5es mensais entre popula\u00e7\u00e3o, t\u00e9cnicos e autoridades municipais para avaliar o atendimento e funcionamento do CRAS Sul e CRAS Norte."}, {"id": "22135", "ano": "2023", "numero": "328", "tipo__sigla": "IND", "tipo__descricao": "Indica\u00e7\u00e3o", "autoria": "Frederico Henrique Cota Alves (Fred Piau)", "texto_original": "http://sapl.pedroleopoldo.mg.leg.br/media/sapl/public/materialegislativa/2023/22135/indicacao_328-23_-_frederico.pdf", "ementa": "No uso de minhas atribui\u00e7\u00f5es regimentais, indico \u00e0 Excelent\u00edssima Senhora Prefeita determinar ao setor competente providenciar o recapeamento e pintura dos quebra-molas da Rua Nossa Senhora das Gra\u00e7as, localizada no Centro, neste munic\u00edpio."}, {"id": "22136", "ano": "2023", "numero": "329", "tipo__sigla": "IND", "tipo__descricao": "Indica\u00e7\u00e3o", "autoria": "Frederico Henrique Cota Alves (Fred Piau)", "texto_original": "http://sapl.pedroleopoldo.mg.leg.br/media/sapl/public/materialegislativa/2023/22136/indicacao_329-23_-_frederico.pdf", "ementa": "No uso de minhas atribui\u00e7\u00f5es regimentais, indico \u00e0 Excelent\u00edssima Senhora Prefeita determinar ao setor competente providenciar a instala\u00e7\u00e3o de 10 (dez) lixeiras no Centro Poliesportivo de Pedro Leopoldo \u2013 Ceppel."}, {"id": "22137", "ano": "2023", "numero": "330", "tipo__sigla": "IND", "tipo__descricao": "Indica\u00e7\u00e3o", "autoria": "Frederico Henrique Cota Alves (Fred Piau)", "texto_original": "http://sapl.pedroleopoldo.mg.leg.br/media/sapl/public/materialegislativa/2023/22137/indicacao_330-23_-_frederico.pdf", "ementa": "No uso de minhas atribui\u00e7\u00f5es regimentais, indico \u00e0 Excelent\u00edssima Senhora Prefeita determinar ao setor competente providenciar a instala\u00e7\u00e3o de novos pontos de ilumina\u00e7\u00e3o na Pra\u00e7a Francisco Viana, conhecida como Pra\u00e7a da Matriz."}, {"id": "22138", "ano": "2023", "numero": "331", "tipo__sigla": "IND", "tipo__descricao": "Indica\u00e7\u00e3o", "autoria": "Frederico Henrique Cota Alves (Fred Piau)", "texto_original": "http://sapl.pedroleopoldo.mg.leg.br/media/sapl/public/materialegislativa/2023/22138/indicacao_331-23_-_frederico.pdf", "ementa": "No uso de minhas atribui\u00e7\u00f5es regimentais, indico \u00e0 Excelent\u00edssima Senhora Prefeita determinar ao setor competente melhorias na sinaliza\u00e7\u00e3o da Rua Geraldo Tavares, localizada no bairro Santo Ant\u00f4nio e, se poss\u00edvel, a constru\u00e7\u00e3o de um redutor de velocidade no local."}, {"id": "22139", "ano": "2023", "numero": "332", "tipo__sigla": "IND", "tipo__descricao": "Indica\u00e7\u00e3o", "autoria": "Cynthia Salom\u00e3o Bastos Faria", "texto_original": "http://sapl.pedroleopoldo.mg.leg.br/media/sapl/public/materialegislativa/2023/22139/indicacao_332-23_-_cynthia.pdf", "ementa": "No uso de minhas atribui\u00e7\u00f5es regimentais, indico \u00e0 Excelent\u00edssima Senhora Prefeita determinar ao setor competente providenciar a reforma e a revitaliza\u00e7\u00e3o do pr\u00e9dio da Escola Municipal Jos\u00e9 Pedro Filho, no Bairro Felipe Cl\u00e1udio de Sales, neste munic\u00edpio."}, {"id": "22140", "ano": "2023", "numero": "333", "tipo__sigla": "IND", "tipo__descricao": "Indica\u00e7\u00e3o", "autoria": "Cynthia Salom\u00e3o Bastos Faria", "texto_original": "http://sapl.pedroleopoldo.mg.leg.br/media/sapl/public/materialegislativa/2023/22140/indicacao_333-23_-_cynthia.pdf", "ementa": "No uso de minhas atribui\u00e7\u00f5es regimentais, indico \u00e0 Excelent\u00edssima Senhora Prefeita determinar ao setor competente providenciar a compra de um aparelho de micro-ondas e um liquidificador industrial para uso na Escola Municipal Jos\u00e9 Pedro Filho, no Bairro Felipe Cl\u00e1udio de Sales, neste munic\u00edpio"}, {"id": "22141", "ano": "2023", "numero": "334", "tipo__sigla": "IND", "tipo__descricao": "Indica\u00e7\u00e3o", "autoria": "Cynthia Salom\u00e3o Bastos Faria", "texto_original": "http://sapl.pedroleopoldo.mg.leg.br/media/sapl/public/materialegislativa/2023/22141/indicacao_334-23_-_cynthia.pdf", "ementa": "No uso de minhas atribui\u00e7\u00f5es regimentais, indico \u00e0 Excelent\u00edssima Senhora Prefeita determinar ao setor competente providenciar a reabertura da Casa Fern\u00e3o Dias para visita\u00e7\u00e3o diariamente."}, {"id": "22189", "ano": "2023", "numero": "335", "tipo__sigla": "IND", "tipo__descricao": "Indica\u00e7\u00e3o", "autoria": "Guilherme de Lima Braga (Guilherme do Doce)", "texto_original": "http://sapl.pedroleopoldo.mg.leg.br/media/sapl/public/materialegislativa/2023/22189/indicacao_335-23_-_guilherme.pdf", "ementa": "No uso de minhas atribui\u00e7\u00f5es regimentais, indico \u00e0 Vossa Excel\u00eancia conceder Mo\u00e7\u00e3o de Parab\u00e9ns ao Senhor Eug\u00eanio Marques Ferreira, pela brilhante carreira como jogador profissional e belo trabalho desenvolvido em sua Academia de Goleiros, exemplo de dignidade, carisma, honestidade e amor a profiss\u00e3o."}, {"id": "22190", "ano": "2023", "numero": "336", "tipo__sigla": "IND", "tipo__descricao": "Indica\u00e7\u00e3o", "autoria": "Frederico Henrique Cota Alves (Fred Piau)", "texto_original": "http://sapl.pedroleopoldo.mg.leg.br/media/sapl/public/materialegislativa/2023/22190/indicacao_336-23_-_frederico.pdf", "ementa": "No uso de minhas atribui\u00e7\u00f5es regimentais, indico \u00e0 Exma. Sra. Prefeita, determinar ao setor competente, instalar l\u00e2mpadas de Diodo Emissor de Luz (LED) nas ruas Pet\u00fanias, Azaleias, Brom\u00e9lias, Flamboyant, Orqu\u00eddeas, Arecas, Bairro Morada dos Hibiscos, neste Munic\u00edpio."}, {"id": "22191", "ano": "2023", "numero": "337", "tipo__sigla": "IND", "tipo__descricao": "Indica\u00e7\u00e3o", "autoria": "Guilherme de Lima Braga (Guilherme do Doce)", "texto_original": "http://sapl.pedroleopoldo.mg.leg.br/media/sapl/public/materialegislativa/2023/22191/indicacao_337-23_-_guilherme.pdf", "ementa": "No uso de minhas atribui\u00e7\u00f5es regimentais, indico \u00e0 Vossa Excel\u00eancia conceder Mo\u00e7\u00e3o de Parab\u00e9ns a Senhora Solange Aparecida Fraga Silva, pela sua atua\u00e7\u00e3o como Pregadora no Grupo de Ora\u00e7\u00e3o Rainha da Paz em Vera Cruz de Minas, evangelizando e levando a palavra de Deus onde preciso for."}, {"id": "22192", "ano": "2023", "numero": "338", "tipo__sigla": "IND", "tipo__descricao": "Indica\u00e7\u00e3o", "autoria": "Rafael Vieira Faria (Rafa)", "texto_original": "http://sapl.pedroleopoldo.mg.leg.br/media/sapl/public/materialegislativa/2023/22192/indicacao_338-23_-_rafael.pdf", "ementa": "N\u00f3s, Rafael Vieira Faria e Frederico Henrique Cota Alves, ambos Vereadores do Munic\u00edpio de Pedro Leopoldo, no uso de nossas atribui\u00e7\u00f5es regimentais, indicamos a Exma. Sra. Prefeita Municipal, a cria\u00e7\u00e3o de \u00e1rea de embarque e desembarque na CEMAI Vov\u00f3 Elza, conforme justificativa em anexo."}, {"id": "22193", "ano": "2023", "numero": "339", "tipo__sigla": "IND", "tipo__descricao": "Indica\u00e7\u00e3o", "autoria": "Rafael Vieira Faria (Rafa)", "texto_original": "http://sapl.pedroleopoldo.mg.leg.br/media/sapl/public/materialegislativa/2023/22193/indicacao_339-23_-_rafael.pdf", "ementa": "Eu, Rafael Vieira Faria, Vereador do Munic\u00edpio de Pedro Leopoldo, venho, no uso de minhas atribui\u00e7\u00f5es, na forma dos artigos 182 e 183, se\u00e7\u00e3o VII da Resolu\u00e7\u00e3o N\u00ba 870/2022 que disp\u00f5e sobre o Regimento Interno da C\u00e2mara Municipal de Pedro Leopoldo, apresentar INDICA\u00c7\u00c3O, sugerindo a que seja produzido um cronograma de recupera\u00e7\u00e3o de bocas de lobos, contemplando manuten\u00e7\u00f5es preventivas e preditivas, conforme justificativa abaixo."}, {"id": "22194", "ano": "2023", "numero": "340", "tipo__sigla": "IND", "tipo__descricao": "Indica\u00e7\u00e3o", "autoria": "Guilherme de Lima Braga (Guilherme do Doce)", "texto_original": "http://sapl.pedroleopoldo.mg.leg.br/media/sapl/public/materialegislativa/2023/22194/indicacao_340-23_-_guilherme.pdf", "ementa": "No uso de minhas atribui\u00e7\u00f5es regimentais, indico \u00e0 Excelent\u00edssima Senhora Prefeita solicitar ao setor competente a instala\u00e7\u00e3o de redutor de velocidade (quebra-molas) na rua Zico Barbosa, pr\u00f3ximo ao n\u00famero 500 no bairro Teot\u00f4nio Batista de Freitas, neste Munic\u00edpio."}, {"id": "22195", "ano": "2023", "numero": "341", "tipo__sigla": "IND", "tipo__descricao": "Indica\u00e7\u00e3o", "autoria": "Cynthia Salom\u00e3o Bastos Faria", "texto_original": "http://sapl.pedroleopoldo.mg.leg.br/media/sapl/public/materialegislativa/2023/22195/indicacao_341-23_-_cynthia.pdf", "ementa": "Indica realizar o corte de uma \u00e1rvore na Rua Nossa Senhora das Dores, 176, no Bairro Quinta do Sumidouro"}, {"id": "22196", "ano": "2023", "numero": "342", "tipo__sigla": "IND", "tipo__descricao": "Indica\u00e7\u00e3o", "autoria": "Cynthia Salom\u00e3o Bastos Faria", "texto_original": "http://sapl.pedroleopoldo.mg.leg.br/media/sapl/public/materialegislativa/2023/22196/indicacao_342-23_-_cynthia.pdf", "ementa": "a capina e ro\u00e7agem em toda a extens\u00e3o da Rua Olhos d\u00b4 \u00c1gua, no Distrito de Fidalgo, neste Munic\u00edpio."}, {"id": "22210", "ano": "2023", "numero": "343", "tipo__sigla": "IND", "tipo__descricao": "Indica\u00e7\u00e3o", "autoria": "Cynthia Salom\u00e3o Bastos Faria", "texto_original": "http://sapl.pedroleopoldo.mg.leg.br/media/sapl/public/materialegislativa/2023/22210/indicacao_343-23_-_cynthia.pdf", "ementa": "Indica colocar redutor de velocidade (quebra-molas) na rua Joaquim Marcelino Filho, pr\u00f3ximo ao Restaurante Baruch, n\u00famero 293, em Fidalgo, neste Munic\u00edpio."}, {"id": "22211", "ano": "2023", "numero": "344", "tipo__sigla": "IND", "tipo__descricao": "Indica\u00e7\u00e3o", "autoria": "Cynthia Salom\u00e3o Bastos Faria", "texto_original": "http://sapl.pedroleopoldo.mg.leg.br/media/sapl/public/materialegislativa/2023/22211/indicacao_344-23_-_cynthia.pdf", "ementa": "Indica realizar a proje\u00e7\u00e3o de imagem no tel\u00e3o com fotos, v\u00eddeos, apresenta\u00e7\u00f5es ou similares da (s) pessoa (s) no momento em que recebe (m) a honraria."}, {"id": "22212", "ano": "2023", "numero": "345", "tipo__sigla": "IND", "tipo__descricao": "Indica\u00e7\u00e3o", "autoria": "Frederico Henrique Cota Alves (Fred Piau)", "texto_original": "http://sapl.pedroleopoldo.mg.leg.br/media/sapl/public/materialegislativa/2023/22212/indicacao_345-23_-_frederico.pdf", "ementa": "No uso de minhas atribui\u00e7\u00f5es regimentais, indico a Exma. Sra. Prefeita, determinar ao Setor competente, a inser\u00e7\u00e3o de cota especial para traslados, cobrindo toda extens\u00e3o do territ\u00f3rio nacional, no Edital e no contrato da empresa, prestados de servi\u00e7os funer\u00e1rios, para a Secretaria de Desenvolvimento Social."}, {"id": "22213", "ano": "2023", "numero": "346", "tipo__sigla": "IND", "tipo__descricao": "Indica\u00e7\u00e3o", "autoria": "Frederico Henrique Cota Alves (Fred Piau)", "texto_original": "http://sapl.pedroleopoldo.mg.leg.br/media/sapl/public/materialegislativa/2023/22213/indicacao_346-23_-_frederico.pdf", "ementa": "No uso de minhas atribui\u00e7\u00f5es regimentais, indico a Excelent\u00edssima Senhora Prefeita verificar a possibilidade de ampliar a instala\u00e7\u00e3o dos pontos de olho vivo nas seguintes localidades: pra\u00e7as dos bairros Santo Ant\u00f4nio da Barra, Vera Cruz, Lagoa de Santo Ant\u00f4nio; Dr. Lund, Dom Camilo e Ferreiras; na Pista de Copper da Fazenda Modelo; na rotat\u00f3ria da Avenida Araguaia, Bairro Andyara; na Pra\u00e7a em frente ao Supermercado Supriforte; final da rua Jo\u00e3o Teodoro da Silva; pr\u00f3ximo ao Ceppel, neste Munic\u00edpio"}, {"id": "22214", "ano": "2023", "numero": "347", "tipo__sigla": "IND", "tipo__descricao": "Indica\u00e7\u00e3o", "autoria": "Frederico Henrique Cota Alves (Fred Piau)", "texto_original": "http://sapl.pedroleopoldo.mg.leg.br/media/sapl/public/materialegislativa/2023/22214/indicacao_347-23-_frederico.pdf", "ementa": "No uso de minhas atribui\u00e7\u00f5es regimentais, indico a Excelent\u00edssima Senhora Prefeita determinar o setor competente a regulariza\u00e7\u00e3o fundi\u00e1ria do bairro Quinta das Palmeiras"}, {"id": "22217", "ano": "2023", "numero": "348", "tipo__sigla": "IND", "tipo__descricao": "Indica\u00e7\u00e3o", "autoria": "Rafael Vieira Faria (Rafa)", "texto_original": "http://sapl.pedroleopoldo.mg.leg.br/media/sapl/public/materialegislativa/2023/22217/indicacao_348-23_-_rafael.pdf", "ementa": "Eu, Rafael Vieira Faria, Vereador do Munic\u00edpio de Pedro Leopoldo, venho, no uso de minhas atribui\u00e7\u00f5es, na forma dos artigos 182 e 183, se\u00e7\u00e3o VII da Resolu\u00e7\u00e3o N\u00ba 870/2022 que disp\u00f5e sobre o Regimento Interno da C\u00e2mara Municipal de Pedro Leopoldo, apresentar INDICA\u00c7\u00c3O, sugerindo realizar uma a\u00e7\u00e3o social em parceria com a Funda\u00e7\u00e3o Hemominas, promovendo doa\u00e7\u00e3o de sangue itinerante utilizando as salas do -CAC- Centro de Aten\u00e7\u00e3o ao Cidad\u00e3o Jos\u00e9 Justino Pires Damaso."}, {"id": "22218", "ano": "2023", "numero": "349", "tipo__sigla": "IND", "tipo__descricao": "Indica\u00e7\u00e3o", "autoria": "Guilherme de Lima Braga (Guilherme do Doce)", "texto_original": "http://sapl.pedroleopoldo.mg.leg.br/media/sapl/public/materialegislativa/2023/22218/indicacao_349-23_-_guilherme.pdf", "ementa": "No uso de minhas atribui\u00e7\u00f5es regimentais, indico a Excelent\u00edssima Senhora Prefeita determinar ao setor competente providenciar a pintura dos redutores de velocidade (quebras molas) e das placas de sinaliza\u00e7\u00e3o na Avenida Coronel Juventino Dias, Centro, neste Munic\u00edpio."}, {"id": "22219", "ano": "2023", "numero": "350", "tipo__sigla": "IND", "tipo__descricao": "Indica\u00e7\u00e3o", "autoria": "Rafael Vieira Faria (Rafa)", "texto_original": "http://sapl.pedroleopoldo.mg.leg.br/media/sapl/public/materialegislativa/2023/22219/indicacao_350-23_-_rafael.pdf", "ementa": "Eu, Rafael Vieira Faria, Vereador do Munic\u00edpio de Pedro Leopoldo, venho, no uso de minhas atribui\u00e7\u00f5es, na forma dos artigos 182 e 183, se\u00e7\u00e3o VII da Resolu\u00e7\u00e3o N\u00ba 870/2022 que disp\u00f5e sobre o Regimento Interno da C\u00e2mara Municipal de Pedro Leopoldo, apresentar INDICA\u00c7\u00c3O, sugerindo a constru\u00e7\u00e3o de uma quadra poliesportiva multifuncional na Cemai Vov\u00f3 Elza."}, {"id": "22220", "ano": "2023", "numero": "351", "tipo__sigla": "IND", "tipo__descricao": "Indica\u00e7\u00e3o", "autoria": "Rafael Vieira Faria (Rafa)", "texto_original": "http://sapl.pedroleopoldo.mg.leg.br/media/sapl/public/materialegislativa/2023/22220/indicacao_351-23_-_rafael.pdf", "ementa": "Eu, Rafael Vieira Faria, Vereador do Munic\u00edpio de Pedro Leopoldo, venho, no uso de minhas atribui\u00e7\u00f5es regimentais, solicitar a Exma. Sra. Prefeita, determinar ao setor competente a realiza\u00e7\u00e3o de obra de sinaliza\u00e7\u00e3o horizontal de tr\u00e2nsito na Rua Espirito Santo no trecho pr\u00f3ximo ao Pronto Atendimento da Regi\u00e3o de Lagoa Santo Ant\u00f4nio."}, {"id": "22221", "ano": "2023", "numero": "352", "tipo__sigla": "IND", "tipo__descricao": "Indica\u00e7\u00e3o", "autoria": "Frederico Henrique Cota Alves (Fred Piau)", "texto_original": "http://sapl.pedroleopoldo.mg.leg.br/media/sapl/public/materialegislativa/2023/22221/indicacao_352-23_-_frederico.pdf", "ementa": "No uso de minhas atribui\u00e7\u00f5es regimentais, indico \u00e0 Excelent\u00edssima Senhora Prefeita determinar ao setor competente a instala\u00e7\u00e3o de olho vivo bem como sinaliza\u00e7\u00e3o no cruzamento da Rua Jos\u00e9 Justino dos Reis com Av. Alberto Braga - Bairro Dom Camilo \u2013 Pedro Leopoldo/MG."}, {"id": "22225", "ano": "2023", "numero": "353", "tipo__sigla": "IND", "tipo__descricao": "Indica\u00e7\u00e3o", "autoria": "Mauro J\u00fanior Lopes Francisco", "texto_original": "http://sapl.pedroleopoldo.mg.leg.br/media/sapl/public/materialegislativa/2023/22225/indicacao_353-23_-_mauro.pdf", "ementa": "No uso de minhas atribui\u00e7\u00f5es regimentais, indico a Vossa Excel\u00eancia, conceder Mo\u00e7\u00e3o de Parab\u00e9ns ao senhor Nilson do Carmo ex jogador de futebol, pelo lan\u00e7amento de seu livro \u201cO Impetuoso Nilson"}, {"id": "22226", "ano": "2023", "numero": "354", "tipo__sigla": "IND", "tipo__descricao": "Indica\u00e7\u00e3o", "autoria": "Rafael Vieira Faria (Rafa)", "texto_original": "http://sapl.pedroleopoldo.mg.leg.br/media/sapl/public/materialegislativa/2023/22226/indicacao_354-23_-_rafael.pdf", "ementa": "apresentar INDICA\u00c7\u00c3O, sugerindo a REURB, regulariza\u00e7\u00e3o fundi\u00e1ria nos Bairros Coqueirinho, Ferreiras, Jardin\u00f3polis, Manoel Brand\u00e3o, Tapera, Quintas de Vera Cruz, Vera Cruz de Minas"}, {"id": "22227", "ano": "2023", "numero": "355", "tipo__sigla": "IND", "tipo__descricao": "Indica\u00e7\u00e3o", "autoria": "Rafael Vieira Faria (Rafa)", "texto_original": "http://sapl.pedroleopoldo.mg.leg.br/media/sapl/public/materialegislativa/2023/22227/indicacao_355-23-_rafael.pdf", "ementa": "INDICA\u00c7\u00c3O, sugerindo a REURB, regulariza\u00e7\u00e3o fundi\u00e1ria no Bairro Teot\u00f4nio Batista de Freitas, Santa Tereza e Dom Camilo"}, {"id": "22228", "ano": "2023", "numero": "356", "tipo__sigla": "IND", "tipo__descricao": "Indica\u00e7\u00e3o", "autoria": "Rafael Vieira Faria (Rafa)", "texto_original": "http://sapl.pedroleopoldo.mg.leg.br/media/sapl/public/materialegislativa/2023/22228/indicacao_356-23_-_rafael.pdf", "ementa": "apresentar INDICA\u00c7\u00c3O, sugerindo ao Procon C\u00e2mara, realizar fiscaliza\u00e7\u00e3o nos postos de combust\u00edveis da nossa cidade"}, {"id": "22229", "ano": "2023", "numero": "357", "tipo__sigla": "IND", "tipo__descricao": "Indica\u00e7\u00e3o", "autoria": "Cynthia Salom\u00e3o Bastos Faria", "texto_original": "http://sapl.pedroleopoldo.mg.leg.br/media/sapl/public/materialegislativa/2023/22229/indicacao_357-23_-_cynthia.pdf", "ementa": "No uso de minhas atribui\u00e7\u00f5es regimentais, indico \u00e0 Excelent\u00edssima Senhora Prefeita, determinar ao setor competente providenciar a reforma,  revitaliza\u00e7\u00e3o e amplia\u00e7\u00e3o do pr\u00e9dio da Escola Municipal Quinta do Sumidouro, no bairro Quinta do Sumidouro, neste munic\u00edpio."}, {"id": "22256", "ano": "2023", "numero": "358", "tipo__sigla": "IND", "tipo__descricao": "Indica\u00e7\u00e3o", "autoria": "Leonardo Pereira Ribeiro (Leoz\u00e3o)", "texto_original": "http://sapl.pedroleopoldo.mg.leg.br/media/sapl/public/materialegislativa/2023/22256/indicacao_358-23_-_leonardo.pdf", "ementa": "No uso de minhas atribui\u00e7\u00f5es regimentais, indico a Excelent\u00edssima Sra. Prefeita, determinar ao \u00f3rg\u00e3o competente que seja estendida a rota do \u00f4nibus do Morada dos Angicos, at\u00e9 a divisa dos  Munic\u00edpios de Pedro Leopoldo MG/Matozinhos MG"}, {"id": "22230", "ano": "2023", "numero": "359", "tipo__sigla": "IND", "tipo__descricao": "Indica\u00e7\u00e3o", "autoria": "Cynthia Salom\u00e3o Bastos Faria", "texto_original": "http://sapl.pedroleopoldo.mg.leg.br/media/sapl/public/materialegislativa/2023/22230/indicacao_359-23_-_cynthia.pdf", "ementa": "No uso de minhas atribui\u00e7\u00f5es regimentais, indico \u00e0 Excelent\u00edssima Senhora Prefeita, determinar ao setor competente realizar a castra\u00e7\u00e3o de animais nos bairros de Fidalgo e Quinta do Sumidouro, neste munic\u00edpio."}, {"id": "22231", "ano": "2023", "numero": "360", "tipo__sigla": "IND", "tipo__descricao": "Indica\u00e7\u00e3o", "autoria": "Rafael Vieira Faria (Rafa)", "texto_original": "http://sapl.pedroleopoldo.mg.leg.br/media/", "ementa": "INDICA\u00c7\u00c3O, sugerindo o patrolamento com bica corrida nas ruas 05, 06 e 07, ambas situadas no bairro Teot\u00f4nio Batista de Freitas (\u00c1rea Verde),"}, {"id": "22258", "ano": "2023", "numero": "361", "tipo__sigla": "IND", "tipo__descricao": "Indica\u00e7\u00e3o", "autoria": "Evaldo Geraldo do Carmo (Evaldo do A\u00e7ougue)", "texto_original": "http://sapl.pedroleopoldo.mg.leg.br/media/sapl/public/materialegislativa/2023/22258/indicacao_361-23_-_evaldo.pdf", "ementa": "No uso de minhas atribui\u00e7\u00f5es regimentais, indico \u00e0 Excelent\u00edssima Senhora Prefeita determinar ao setor competente providenciar a opera\u00e7\u00e3o tapa buracos na rua Das Orqu\u00eddeas, em frente ao n\u00famero 88, no bairro Santa F\u00e9, neste munic\u00edpio."}, {"id": "22259", "ano": "2023", "numero": "362", "tipo__sigla": "IND", "tipo__descricao": "Indica\u00e7\u00e3o", "autoria": "Evaldo Geraldo do Carmo (Evaldo do A\u00e7ougue)", "texto_original": "http://sapl.pedroleopoldo.mg.leg.br/media/sapl/public/materialegislativa/2023/22259/indicacao_362-23_-_evaldo.pdf", "ementa": "No uso de minhas atribui\u00e7\u00f5es regimentais, indico a Exma. Sra. Prefeita, as seguintes interven\u00e7\u00f5es de melhoria na Rua Joaquim Caetano, nas proximidades da esquina com Rua Quatro (sem n\u00famero), no Bairro Santa F\u00e9, neste munic\u00edpio: - Retirada de lixo e entulho; - Instala\u00e7\u00e3o de placa de sinaliza\u00e7\u00e3o PROIBIDO JOGAR LIXO E ENTULHO NESTE LOCAL."}, {"id": "22232", "ano": "2023", "numero": "363", "tipo__sigla": "IND", "tipo__descricao": "Indica\u00e7\u00e3o", "autoria": "Rafael Vieira Faria (Rafa)", "texto_original": "http://sapl.pedroleopoldo.mg.leg.br/media/sapl/public/materialegislativa/2023/22232/indicacao_363-23_-_rafael.pdf", "ementa": "INDICA\u00c7\u00c3O, sugerindo o limpeza e manuten\u00e7\u00e3o na pra\u00e7a Jos\u00e9 Braz Ferreira, nomeada pela Lei n\u00ba 1688 de 11 de setembro de 1990, disponibilizando um(a) diarista para garantir a regularidade da atividade"}, {"id": "22233", "ano": "2023", "numero": "364", "tipo__sigla": "IND", "tipo__descricao": "Indica\u00e7\u00e3o", "autoria": "Frederico Henrique Cota Alves (Fred Piau)", "texto_original": "http://sapl.pedroleopoldo.mg.leg.br/media/sapl/public/materialegislativa/2023/22233/indicacao_364-23_-_frederico.pdf", "ementa": "No uso de minhas atribui\u00e7\u00f5es regimentais, indico \u00e0 Excelent\u00edssima Senhora Prefeita determinar ao setor competente a realiza\u00e7\u00e3o de um chamamento p\u00fablico ou termo de colabora\u00e7\u00e3o para custeio de pol\u00edticas de combate as drogas e tratamento de dependentes qu\u00edmicos."}, {"id": "22236", "ano": "2023", "numero": "365", "tipo__sigla": "IND", "tipo__descricao": "Indica\u00e7\u00e3o", "autoria": "Warlen Alves da Silva", "texto_original": "http://sapl.pedroleopoldo.mg.leg.br/media/sapl/public/materialegislativa/2023/22236/indicacao_365-23_-_warlen.pdf", "ementa": "No uso de minhas atribui\u00e7\u00f5es regimentais, indico \u00e0 Excelent\u00edssima Senhora Prefeita determinar ao setor competente para que providencie o recapeamento asf\u00e1ltico em toda extens\u00e3o da rua Am\u00e1lia Rodrigues de Jesus, no bairro Felipe Cl\u00e1udio, neste munic\u00edpio."}, {"id": "22237", "ano": "2023", "numero": "366", "tipo__sigla": "IND", "tipo__descricao": "Indica\u00e7\u00e3o", "autoria": "Warlen Alves da Silva", "texto_original": "http://sapl.pedroleopoldo.mg.leg.br/media/sapl/public/materialegislativa/2023/22237/indicacao_366-23_-_warlen.pdf", "ementa": "No uso de minhas atribui\u00e7\u00f5es regimentais, indico \u00e0 Excelent\u00edssima Senhora Prefeita determinar ao setor competente para que providencie o recapeamento asf\u00e1ltico em toda extens\u00e3o da rua Jo\u00e3o Miguel Ribeiro, no Distrito de Lagoa de Santo Ant\u00f4nio, Pedro Leopoldo."}, {"id": "22238", "ano": "2023", "numero": "367", "tipo__sigla": "IND", "tipo__descricao": "Indica\u00e7\u00e3o", "autoria": "Cynthia Salom\u00e3o Bastos Faria", "texto_original": "http://sapl.pedroleopoldo.mg.leg.br/media/sapl/public/materialegislativa/2023/22238/indicacao_367-23_-_cynthia.pdf", "ementa": "No uso de minhas atribui\u00e7\u00f5es regimentais, indico \u00e0 Excelent\u00edssima Senhora Prefeita, determinar ao setor competente realizar o servi\u00e7o de patrolamento, cascalhamento e a abertura de vala de drenagem para escoamento de \u00e1gua no final da Rua Santa Luzia, pr\u00f3ximo ao n\u00famero 316, em Fidalgo, neste Munic\u00edpio."}, {"id": "22279", "ano": "2023", "numero": "368", "tipo__sigla": "IND", "tipo__descricao": "Indica\u00e7\u00e3o", "autoria": "Leonardo Pereira Ribeiro (Leoz\u00e3o)", "texto_original": "http://sapl.pedroleopoldo.mg.leg.br/media/sapl/public/materialegislativa/2023/22279/indicacao_368-23_-leonardo.pdf", "ementa": "No uso de minhas atribui\u00e7\u00f5es regimentais, indico a Excelent\u00edssima Sra Prefeita, determinar ao \u00f3rg\u00e3o competente a coloca\u00e7\u00e3o de redutor de velocidade na rua Rita Ribeiro, na altura do n\u00b0 131 Lagoa de Santo Ant\u00f4nio, Pedro Leopoldo MG"}, {"id": "22239", "ano": "2023", "numero": "369", "tipo__sigla": "IND", "tipo__descricao": "Indica\u00e7\u00e3o", "autoria": "Guilherme de Lima Braga (Guilherme do Doce)", "texto_original": "http://sapl.pedroleopoldo.mg.leg.br/media/sapl/public/materialegislativa/2023/22239/indicacao_369-23_-_guilherme.pdf", "ementa": "No uso de minhas atribui\u00e7\u00f5es regimentais, indico \u00e0 Vossa Excel\u00eancia conceder Mo\u00e7\u00e3o de Parab\u00e9ns a Senhora Eloiza Batista Guimar\u00e3es. Digna de tal homenagem pelo seu exemplo de prestatividade, honestidade e amor ao pr\u00f3ximo, se dedica \u00e0 sua comunidade deixando sempre as portas de sua casa abertas para todos que precisarem"}, {"id": "22240", "ano": "2023", "numero": "370", "tipo__sigla": "IND", "tipo__descricao": "Indica\u00e7\u00e3o", "autoria": "Guilherme de Lima Braga (Guilherme do Doce)", "texto_original": "http://sapl.pedroleopoldo.mg.leg.br/media/sapl/public/materialegislativa/2023/22240/indicacao_370-23_-_guilherme.pdf", "ementa": "No uso de minhas atribui\u00e7\u00f5es regimentais, indico \u00e0 Vossa Excel\u00eancia conceder Mo\u00e7\u00e3o de Parab\u00e9ns ao Senhor Marcos Tulio da Silva. Digno de tal homenagem pela excelente carreira como profissional de futebol, talento, esfor\u00e7o e carisma."}, {"id": "22280", "ano": "2023", "numero": "371", "tipo__sigla": "IND", "tipo__descricao": "Indica\u00e7\u00e3o", "autoria": "Guilherme de Lima Braga (Guilherme do Doce)", "texto_original": "http://sapl.pedroleopoldo.mg.leg.br/media/sapl/public/materialegislativa/2023/22280/indicacao_371-23_-_guilherme.pdf", "ementa": "No uso de minhas atribui\u00e7\u00f5es regimentais, indico a Excelent\u00edssima Senhora Prefeita determinar ao setor competente providenciar o servi\u00e7o de pavimenta\u00e7\u00e3o asf\u00e1ltica na rua V\u00e1rzea Formosa localizada no Distrito de Vera Cruz de Minas, neste Munic\u00edpio."}, {"id": "22281", "ano": "2023", "numero": "372", "tipo__sigla": "IND", "tipo__descricao": "Indica\u00e7\u00e3o", "autoria": "Frederico Henrique Cota Alves (Fred Piau)", "texto_original": "http://sapl.pedroleopoldo.mg.leg.br/media/sapl/public/materialegislativa/2023/22281/indicacao_372-23_-_frederico.pdf", "ementa": "No uso de minhas atribui\u00e7\u00f5es regimentais, indico \u00e0 Excelent\u00edssima Senhora Prefeita determinar ao setor competente realizar poda de \u00e1rvore, avalia\u00e7\u00e3o da conserva\u00e7\u00e3o e se h\u00e1 risco de queda da mesma na Rua Dirceu Lopes, n\u00famero 220, Centro \u2013 Pedro Leopoldo."}, {"id": "22282", "ano": "2023", "numero": "373", "tipo__sigla": "IND", "tipo__descricao": "Indica\u00e7\u00e3o", "autoria": "Frederico Henrique Cota Alves (Fred Piau)", "texto_original": "http://sapl.pedroleopoldo.mg.leg.br/media/sapl/public/materialegislativa/2023/22282/indicacao_373-23_-_frederico.pdf", "ementa": "No uso de minhas atribui\u00e7\u00f5es regimentais, indico \u00e0 Excelent\u00edssima Senhora Prefeita determinar ao setor competente, realizar opera\u00e7\u00e3o cidade limpa com caminh\u00e3o pipa, capina, varri\u00e7\u00e3o e pintura no Distrito Industrial Sul de nossa cidade."}, {"id": "22283", "ano": "2023", "numero": "374", "tipo__sigla": "IND", "tipo__descricao": "Indica\u00e7\u00e3o", "autoria": "Frederico Henrique Cota Alves (Fred Piau)", "texto_original": "http://sapl.pedroleopoldo.mg.leg.br/media/sapl/public/materialegislativa/2023/22283/indicacao_374-23_-_frederico.pdf", "ementa": "No uso de minhas atribui\u00e7\u00f5es regimentais, indico \u00e0 Excelent\u00edssima Senhora Prefeita determinar ao setor competente a instala\u00e7\u00e3o de quebra-molas e sinaliza\u00e7\u00f5es no cruzamento que d\u00e1 acesso \u00e0 rua Jos\u00e9 de Paula Toledo com Rua Salim Issa, no Bairro Felipe Cl\u00e1udio de Sales."}, {"id": "22284", "ano": "2023", "numero": "375", "tipo__sigla": "IND", "tipo__descricao": "Indica\u00e7\u00e3o", "autoria": "Frederico Henrique Cota Alves (Fred Piau)", "texto_original": "http://sapl.pedroleopoldo.mg.leg.br/media/sapl/public/materialegislativa/2023/22284/indicacao_375-23_-_frederico.pdf", "ementa": "No uso de minhas atribui\u00e7\u00f5es regimentais, indico \u00e0 Excelent\u00edssima Senhora Prefeita determinar ao setor competente asfaltar a rua das Orqu\u00eddeas, bairro hibiscos, neste Munic\u00edpio."}, {"id": "22285", "ano": "2023", "numero": "376", "tipo__sigla": "IND", "tipo__descricao": "Indica\u00e7\u00e3o", "autoria": "Frederico Henrique Cota Alves (Fred Piau)", "texto_original": "http://sapl.pedroleopoldo.mg.leg.br/media/sapl/public/materialegislativa/2023/22285/indicacao_376-23_-_frederico.pdf", "ementa": "Fiscaliza\u00e7\u00e3o na rua Comendador Ant\u00f4nio Alves, na esquina com a rua Pedro Ant\u00f4nio Pereira, foi pintada uma faixa de pedestre cujos motoristas n\u00e3o respeitam. Indico a instala\u00e7\u00e3o de uma faixa elevada"}, {"id": "22286", "ano": "2023", "numero": "377", "tipo__sigla": "IND", "tipo__descricao": "Indica\u00e7\u00e3o", "autoria": "Frederico Henrique Cota Alves (Fred Piau)", "texto_original": "http://sapl.pedroleopoldo.mg.leg.br/media/sapl/public/materialegislativa/2023/22286/indicacao_377-23_-_frederico.pdf", "ementa": "No uso de minhas atribui\u00e7\u00f5es regimentais, indico \u00e0 Excelent\u00edssima Senhora Prefeita determinar ao setor competente solicitar reparos do bueiro exposto na rua Levy Teixeira da Costa, bairro Maria de Lourdes. Bem como capina as margens da mesma via, neste munic\u00edpio."}, {"id": "22287", "ano": "2023", "numero": "378", "tipo__sigla": "IND", "tipo__descricao": "Indica\u00e7\u00e3o", "autoria": "Frederico Henrique Cota Alves (Fred Piau)", "texto_original": "http://sapl.pedroleopoldo.mg.leg.br/media/sapl/public/materialegislativa/2023/22287/indicacao_378-23_-_frederico.pdf", "ementa": "Providenciar a constru\u00e7\u00e3o de uma faixa elevada na Av. Heitor Cl\u00e1udio de Sales altura do n\u00famero 467 Bairro Felipe Cl\u00e1udio de Sales."}, {"id": "22288", "ano": "2023", "numero": "379", "tipo__sigla": "IND", "tipo__descricao": "Indica\u00e7\u00e3o", "autoria": "Warlen Alves da Silva", "texto_original": "http://sapl.pedroleopoldo.mg.leg.br/media/sapl/public/materialegislativa/2023/22288/indicacao_379-23_-_warlen.pdf", "ementa": "No uso de minhas atribui\u00e7\u00f5es regimentais, indico \u00e0 Excelent\u00edssima Senhora Prefeita determinar ao setor competente para que providencie o servi\u00e7o de tapa buracos em toda extens\u00e3o da rua Guajajaras, no bairro Andyara, no Distrito de Pedro Leopoldo"}, {"id": "22291", "ano": "2023", "numero": "380", "tipo__sigla": "IND", "tipo__descricao": "Indica\u00e7\u00e3o", "autoria": "Warlen Alves da Silva", "texto_original": "http://sapl.pedroleopoldo.mg.leg.br/media/sapl/public/materialegislativa/2023/22291/indicacao_380-23_-_warlen.pdf", "ementa": "No uso de minhas atribui\u00e7\u00f5es regimentais, indico a Vossa Excel\u00eancia a concess\u00e3o de Mo\u00e7\u00e3o de Parab\u00e9ns \u00e0 Gabriela de Oliveira Vieira, pelos relevantes trabalho prestados como agente de combate as endemias \u00e0 mais de 10 anos no munic\u00edpio de Pedro Leopoldo."}, {"id": "22292", "ano": "2023", "numero": "381", "tipo__sigla": "IND", "tipo__descricao": "Indica\u00e7\u00e3o", "autoria": "Evaldo Geraldo do Carmo (Evaldo do A\u00e7ougue)", "texto_original": "http://sapl.pedroleopoldo.mg.leg.br/media/sapl/public/materialegislativa/2023/22292/indicacao_381-23_-_evaldo.pdf", "ementa": "No uso de minhas atribui\u00e7\u00f5es regimentais, indico \u00e0 Excelent\u00edssima Senhora Prefeita determinar ao setor competente providenciar reforma na escola Raimundo Salvador da Silva, Rua  Guili Viana, 197, Bairro: Teot\u00f4nio Batista de Freitas, neste munic\u00edpio."}, {"id": "22293", "ano": "2023", "numero": "382", "tipo__sigla": "IND", "tipo__descricao": "Indica\u00e7\u00e3o", "autoria": "Rafael Vieira Faria (Rafa)", "texto_original": "http://sapl.pedroleopoldo.mg.leg.br/media/sapl/public/materialegislativa/2023/22293/indicacao_382-23_-_rafael.pdf", "ementa": "Venho, no uso de minhas atribui\u00e7\u00f5es regimentais, apresentar indica\u00e7\u00e3o, sugerindo ao Poder Executivo, a estrutura\u00e7\u00e3o da sala do Centro de Artes e Esportes Unificados -CEU-, destinada a aulas de ballet, tornando a sala mais adequada a pratica da dan\u00e7a, instalando barras, espelhos, piso flutuante e piso lin\u00f3leo, cortinas, bebedouro, visando promover um ambiente mais harmonioso, salubre e congruente aos alunos e professores, tanto no que tange a qualidade de ensino, quanto na oportunidade de alcan\u00e7ar melhores resultados a cada aula."}, {"id": "22294", "ano": "2023", "numero": "383", "tipo__sigla": "IND", "tipo__descricao": "Indica\u00e7\u00e3o", "autoria": "Cynthia Salom\u00e3o Bastos Faria", "texto_original": "http://sapl.pedroleopoldo.mg.leg.br/media/sapl/public/materialegislativa/2023/22294/indicacao_383-23_-_cynthia.pdf", "ementa": "Indica determinar ao setor competente realizar um estudo para controlar ou eliminar a infesta\u00e7\u00e3o de caramujo africano, no bairro Quinta do Sumidouro, neste Munic\u00edpio"}, {"id": "22295", "ano": "2023", "numero": "384", "tipo__sigla": "IND", "tipo__descricao": "Indica\u00e7\u00e3o", "autoria": "Cynthia Salom\u00e3o Bastos Faria", "texto_original": "http://sapl.pedroleopoldo.mg.leg.br/media/sapl/public/materialegislativa/2023/22295/indicacao_384-23_-_cynthia.pdf", "ementa": "Indica determinar ao setor competente realizar interven\u00e7\u00f5es para melhoria e mais seguran\u00e7a no entroncamento da rua Timbiras com a rua Moacir Jos\u00e9 da Silva. De imediato, sugiro as seguintes interven\u00e7\u00f5es:\r\n- Instala\u00e7\u00e3o de Placa de Regulamenta\u00e7\u00e3o R-1 Parada Obrigat\u00f3ria;\r\n- Pintura de faixas de pedestres"}, {"id": "22296", "ano": "2023", "numero": "385", "tipo__sigla": "IND", "tipo__descricao": "Indica\u00e7\u00e3o", "autoria": "Frederico Henrique Cota Alves (Fred Piau)", "texto_original": "http://sapl.pedroleopoldo.mg.leg.br/media/sapl/public/materialegislativa/2023/22296/indicacao_385-23_-_frederico.pdf", "ementa": "A reformula\u00e7\u00e3o da sala mineira do empreendedor, de nossa cidade."}, {"id": "22297", "ano": "2023", "numero": "386", "tipo__sigla": "IND", "tipo__descricao": "Indica\u00e7\u00e3o", "autoria": "Cynthia Salom\u00e3o Bastos Faria", "texto_original": "http://sapl.pedroleopoldo.mg.leg.br/media/sapl/public/materialegislativa/2023/22297/indicacao_386-23_-_cynthia.pdf", "ementa": "Indica determinar ao setor competente realizar interven\u00e7\u00f5es para melhoria e mais seguran\u00e7a nos entroncamentos da Pra\u00e7a Jos\u00e9 Elias da Costa com as ruas Timbiras, Presidente Kennedy e Cristov\u00e3o Duarte. De imediato, sugiro as seguintes interven\u00e7\u00f5es:\r\n-Instala\u00e7\u00e3o de Placas de faixa de pedestres;\r\n-Pintura de faixa de pedestres."}, {"id": "22298", "ano": "2023", "numero": "387", "tipo__sigla": "IND", "tipo__descricao": "Indica\u00e7\u00e3o", "autoria": "Warlen Alves da Silva", "texto_original": "http://sapl.pedroleopoldo.mg.leg.br/media/sapl/public/materialegislativa/2023/22298/indicacao_387-23_-_warlen.pdf", "ementa": "No uso de minhas atribui\u00e7\u00f5es regimentais, indico a Exma Senhora Prefeita determinar ao setor competente a limpeza, capina e retirada de lixos e entulhos da Av. Dr. R\u00f4mulo Juliano Viana (AV. DA PONTE QUE LEVA A LUGAR NENHUM) final da Rua Manoelito Cunha, bem como a possibilidade de fechamento da entrada da rua para carros e caminh\u00f5es no bairro Santo Ant\u00f4nio."}, {"id": "22299", "ano": "2023", "numero": "388", "tipo__sigla": "IND", "tipo__descricao": "Indica\u00e7\u00e3o", "autoria": "Frederico Henrique Cota Alves (Fred Piau)", "texto_original": "http://sapl.pedroleopoldo.mg.leg.br/media/sapl/public/materialegislativa/2023/22299/indicacao_388-23_-_frederico.pdf", "ementa": "O fechamento da rodovi\u00e1ria durante o per\u00edodo em que essa n\u00e3o estiver em funcionamento, bem como o seu isolamento f\u00edsico, por meio de muros ou alambrado, para impedir poss\u00edveis atos de vandalismo."}, {"id": "22301", "ano": "2023", "numero": "389", "tipo__sigla": "IND", "tipo__descricao": "Indica\u00e7\u00e3o", "autoria": "Frederico Henrique Cota Alves (Fred Piau)", "texto_original": "http://sapl.pedroleopoldo.mg.leg.br/media/sapl/public/materialegislativa/2023/22301/indicacao_389-23_-_frederico.pdf", "ementa": "No uso de minhas atribui\u00e7\u00f5es regimentais, indico \u00e0 Excelent\u00edssima Senhora Prefeita determinar ao setor competente a manuten\u00e7\u00e3o das grades e extens\u00e3o das mesmas na galeria pluvial localizada na rua pacifico Gon\u00e7alves Filho, pr\u00f3ximo ao n\u00famero 175, situada no Distrito de Santo Ant\u00f4nio da Barra."}, {"id": "22302", "ano": "2023", "numero": "390", "tipo__sigla": "IND", "tipo__descricao": "Indica\u00e7\u00e3o", "autoria": "Frederico Henrique Cota Alves (Fred Piau)", "texto_original": "http://sapl.pedroleopoldo.mg.leg.br/media/sapl/public/materialegislativa/2023/22302/indicacao_390-23_-_frederico.pdf", "ementa": "No uso de minhas atribui\u00e7\u00f5es regimentais, indico \u00e0 Excelent\u00edssima Senhora Prefeita determinar ao setor competente a cria\u00e7\u00e3o do \u201cPasse Atleta\u201d em nosso munic\u00edpio."}, {"id": "22303", "ano": "2023", "numero": "391", "tipo__sigla": "IND", "tipo__descricao": "Indica\u00e7\u00e3o", "autoria": "Frederico Henrique Cota Alves (Fred Piau)", "texto_original": "http://sapl.pedroleopoldo.mg.leg.br/media/sapl/public/materialegislativa/2023/22303/indicacao_391-23_-_frederico.pdf", "ementa": "No uso de minhas atribui\u00e7\u00f5es regimentais, indico \u00e0 Excelent\u00edssima Senhora Prefeita determinar ao setor competente dar publicidade aos hor\u00e1rios, modalidades e escolas que participam do Projeto Educa\u00e7\u00e3o com Arte."}, {"id": "22304", "ano": "2023", "numero": "392", "tipo__sigla": "IND", "tipo__descricao": "Indica\u00e7\u00e3o", "autoria": "Frederico Henrique Cota Alves (Fred Piau)", "texto_original": "http://sapl.pedroleopoldo.mg.leg.br/media/sapl/public/materialegislativa/2023/22304/indicacao_392-23_-_frederico.pdf", "ementa": "No uso de minhas atribui\u00e7\u00f5es regimentais, indico \u00e0 Excelent\u00edssima Senhora Prefeita determinar ao setor competente, providenciar o credenciamento dos m\u00fasicos e artistas da cidade para organizar as futuras apresenta\u00e7\u00f5es no munic\u00edpio."}, {"id": "22305", "ano": "2023", "numero": "393", "tipo__sigla": "IND", "tipo__descricao": "Indica\u00e7\u00e3o", "autoria": "Frederico Henrique Cota Alves (Fred Piau)", "texto_original": "http://sapl.pedroleopoldo.mg.leg.br/media/sapl/public/materialegislativa/2023/22305/indicacao_393-23_-_frederico.pdf", "ementa": "No uso de minhas atribui\u00e7\u00f5es regimentais, indico \u00e0 Excelent\u00edssima Senhora Prefeita determinar ao setor competente a realiza\u00e7\u00e3o de processo licitat\u00f3rio para aquisi\u00e7\u00e3o de playground de madeira para evitar deteriora\u00e7\u00e3o, para ser instalado nas pra\u00e7as da cidade, priorizando as pra\u00e7as que possuam maior movimenta\u00e7\u00e3o de pessoas."}, {"id": "22306", "ano": "2023", "numero": "394", "tipo__sigla": "IND", "tipo__descricao": "Indica\u00e7\u00e3o", "autoria": "Warlen Alves da Silva", "texto_original": "http://sapl.pedroleopoldo.mg.leg.br/media/sapl/public/materialegislativa/2023/22306/indicacao_394-23_-_warlen.pdf", "ementa": "No uso de minhas atribui\u00e7\u00f5es regimentais, indico \u00e0 excelent\u00edssima Senhora Prefeita determinar ao setor competente a realiza\u00e7\u00e3o do recapeamento asf\u00e1ltico em toda extens\u00e3o da rua Senador Melo Viana, bairro centro, neste mun\u00edcipio"}, {"id": "22307", "ano": "2023", "numero": "395", "tipo__sigla": "IND", "tipo__descricao": "Indica\u00e7\u00e3o", "autoria": "Cynthia Salom\u00e3o Bastos Faria", "texto_original": "http://sapl.pedroleopoldo.mg.leg.br/media/sapl/public/materialegislativa/2023/22307/indicacao_395-23_-_cynthia.pdf", "ementa": "No uso de minhas atribui\u00e7\u00f5es regimentais, indico \u00e0 Excelent\u00edssima Senhora Prefeita, solicitar ao setor competente realizar opera\u00e7\u00e3o tapa-buraco  na Estrada Jos\u00e9 Pedr\u00e3o, que liga o Bairro Lagoa de Santo Ant\u00f4nio ao Distrito de Fidalgo, neste Munic\u00edpio"}, {"id": "22308", "ano": "2023", "numero": "396", "tipo__sigla": "IND", "tipo__descricao": "Indica\u00e7\u00e3o", "autoria": "Cynthia Salom\u00e3o Bastos Faria", "texto_original": "http://sapl.pedroleopoldo.mg.leg.br/media/sapl/public/materialegislativa/2023/22308/indicacao_396-23_-_cynthia.pdf", "ementa": "Indica determinar ao setor competente realizar um estudo para avaliar os motivos que est\u00e3o levando a morte dos p\u00e9s de manga espada, no bairro Quinta do Sumidouro."}, {"id": "22309", "ano": "2023", "numero": "397", "tipo__sigla": "IND", "tipo__descricao": "Indica\u00e7\u00e3o", "autoria": "Rafael Vieira Faria (Rafa)", "texto_original": "http://sapl.pedroleopoldo.mg.leg.br/media/sapl/public/materialegislativa/2023/22309/indicacao_397-23_-_rafel.pdf", "ementa": "Venho, atrav\u00e9s da presente indica\u00e7\u00e3o, sugerir ao Poder Executivo, a sinaliza\u00e7\u00e3o horizontal dos redutores de velocidade na Avenida Gil Ant\u00f4nio Pereira, visando facilitar a visualiza\u00e7\u00e3o, trazendo mais seguran\u00e7a aos condutores e pedestres."}, {"id": "22310", "ano": "2023", "numero": "398", "tipo__sigla": "IND", "tipo__descricao": "Indica\u00e7\u00e3o", "autoria": "Evaldo Geraldo do Carmo (Evaldo do A\u00e7ougue)", "texto_original": "http://sapl.pedroleopoldo.mg.leg.br/media/sapl/public/materialegislativa/2023/22310/indicacao_398-23_-_evaldo.pdf", "ementa": "No uso de minhas atribui\u00e7\u00f5es regimentais, indico \u00e0 Excelent\u00edssima Senhora Prefeita determinar ao setor competente providenciar a limpeza da quadra localizada na Rua Am\u00e1lia Rodrigues de Jesus esquina com a Rua Pedro Maria Pereira, pr\u00f3ximo ao n\u00famero 668. Bairro Felipe Claudio, neste munic\u00edpio"}, {"id": "22311", "ano": "2023", "numero": "399", "tipo__sigla": "IND", "tipo__descricao": "Indica\u00e7\u00e3o", "autoria": "Guilherme de Lima Braga (Guilherme do Doce)", "texto_original": "http://sapl.pedroleopoldo.mg.leg.br/media/sapl/public/materialegislativa/2023/22311/indicacao_399-23_-_guilherme.pdf", "ementa": "No uso de minhas atribui\u00e7\u00f5es regimentais, indico \u00e0 Excelent\u00edssima Senhora Prefeita solicitar ao setor competente a sinaliza\u00e7\u00e3o e melhorias no tr\u00e2nsito na rua Jo\u00e3o Bosco pr\u00f3ximo ao n\u00famero 11, no bairro Magalh\u00e3es, neste Munic\u00edpio"}, {"id": "22312", "ano": "2023", "numero": "400", "tipo__sigla": "IND", "tipo__descricao": "Indica\u00e7\u00e3o", "autoria": "Guilherme de Lima Braga (Guilherme do Doce)", "texto_original": "http://sapl.pedroleopoldo.mg.leg.br/media/sapl/public/materialegislativa/2023/22312/indicacao_400-23_-_guilherme.pdf", "ementa": "No uso de minhas atribui\u00e7\u00f5es regimentais, indico \u00e0 Excelent\u00edssima Senhora Prefeita solicitar ao setor competente a instala\u00e7\u00e3o de faixa elevada na Avenida Heitor Cl\u00e1udio de Sales pr\u00f3ximo ao n\u00famero 115, localizada no Distrito de Lagoa de santo Ant\u00f4nio, neste Munic\u00edpio"}, {"id": "22313", "ano": "2023", "numero": "401", "tipo__sigla": "IND", "tipo__descricao": "Indica\u00e7\u00e3o", "autoria": "Guilherme de Lima Braga (Guilherme do Doce)", "texto_original": "http://sapl.pedroleopoldo.mg.leg.br/media/sapl/public/materialegislativa/2023/22313/indicacao_401-23_-_guilherme.pdf", "ementa": "No uso de minhas atribui\u00e7\u00f5es regimentais, indico \u00e0 Excelent\u00edssima Senhora Prefeita solicitar ao setor competente a instala\u00e7\u00e3o de redutor de velocidade (quebra-molas) na Avenida Heitor Cl\u00e1udio de Sales pr\u00f3ximo ao n\u00famero 241, localizada no Distrito de Lagoa de santo Ant\u00f4nio, neste Munic\u00edpio."}, {"id": "22314", "ano": "2023", "numero": "402", "tipo__sigla": "IND", "tipo__descricao": "Indica\u00e7\u00e3o", "autoria": "Cynthia Salom\u00e3o Bastos Faria", "texto_original": "http://sapl.pedroleopoldo.mg.leg.br/media/sapl/public/materialegislativa/2023/22314/indicacao_402-23_-_cynthia.pdf", "ementa": "No uso de minhas atribui\u00e7\u00f5es regimentais, indico \u00e0 Excelent\u00edssima Senhora Prefeita, determinar ao setor competente realizar o tratamento contra a lagarta da \u00e1rvore conhecida como castanheira, na pra\u00e7a Jos\u00e9 Elias da Costa, Bairro S\u00e3o Jos\u00e9, neste Munic\u00edpio."}, {"id": "22315", "ano": "2023", "numero": "404", "tipo__sigla": "IND", "tipo__descricao": "Indica\u00e7\u00e3o", "autoria": "Warlen Alves da Silva", "texto_original": "http://sapl.pedroleopoldo.mg.leg.br/media/sapl/public/materialegislativa/2023/22315/indicacao_404-23_-_warlen.pdf", "ementa": "No uso de minhas atribui\u00e7\u00f5es regimentais, indico a Vossa Excel\u00eancia a concess\u00e3o de Mo\u00e7\u00e3o de Parab\u00e9ns \u00e0 Adriana Cristina Pereira Isidro"}, {"id": "22321", "ano": "2023", "numero": "405", "tipo__sigla": "IND", "tipo__descricao": "Indica\u00e7\u00e3o", "autoria": "Frederico Henrique Cota Alves (Fred Piau)", "texto_original": "http://sapl.pedroleopoldo.mg.leg.br/media/sapl/public/materialegislativa/2023/22321/indicacao_405-23_-_frederico.pdf", "ementa": "No uso de minhas atribui\u00e7\u00f5es regimentais, indico \u00e0 Excelent\u00edssima Senhora Prefeita a cria\u00e7\u00e3o do Conselho Municipal de Prote\u00e7\u00e3o e Bem-Estar Animal \u2013 CMPBA em nosso munic\u00edpio"}, {"id": "22322", "ano": "2023", "numero": "406", "tipo__sigla": "IND", "tipo__descricao": "Indica\u00e7\u00e3o", "autoria": "Frederico Henrique Cota Alves (Fred Piau)", "texto_original": "http://sapl.pedroleopoldo.mg.leg.br/media/sapl/public/materialegislativa/2023/22322/indicacao_406-23_-_frederico.pdf", "ementa": "No uso de minhas atribui\u00e7\u00f5es regimentais, indico \u00e0 Excelent\u00edssima Senhora Prefeita determinar ao setor competente a instala\u00e7\u00e3o de olho vivo na rua Wenceslau Braz esquina com a rua Francisca Alves Bairro Santa Tereza"}, {"id": "22323", "ano": "2023", "numero": "407", "tipo__sigla": "IND", "tipo__descricao": "Indica\u00e7\u00e3o", "autoria": "Frederico Henrique Cota Alves (Fred Piau)", "texto_original": "http://sapl.pedroleopoldo.mg.leg.br/media/sapl/public/materialegislativa/2023/22323/indicacao_407-23_-_frederico.pdf", "ementa": "No uso de minhas atribui\u00e7\u00f5es regimentais, indica ao Excelent\u00edssimo Senhor Presidente da C\u00e2mara Municipal que as reuni\u00f5es de comiss\u00f5es permanentes e tem\u00e1ticas, CPI e reuni\u00f5es conjuntas. Tamb\u00e9m sejam transmitidas pelo TV C\u00c2MARA."}, {"id": "22324", "ano": "2023", "numero": "408", "tipo__sigla": "IND", "tipo__descricao": "Indica\u00e7\u00e3o", "autoria": "Frederico Henrique Cota Alves (Fred Piau)", "texto_original": "http://sapl.pedroleopoldo.mg.leg.br/media/sapl/public/materialegislativa/2023/22324/indicacao_408-23_-_frederico.pdf", "ementa": "No uso de minhas atribui\u00e7\u00f5es regimentais, indico \u00e0 Excelent\u00edssima Senhora Prefeita determinar ao setor competente providenciar a elabora\u00e7\u00e3o do Plano Municipal para o Desenvolvimento do Turismo e Sustentabilidade."}, {"id": "22325", "ano": "2023", "numero": "409", "tipo__sigla": "IND", "tipo__descricao": "Indica\u00e7\u00e3o", "autoria": "Frederico Henrique Cota Alves (Fred Piau)", "texto_original": "http://sapl.pedroleopoldo.mg.leg.br/media/sapl/public/materialegislativa/2023/22325/indicacao_409-23_-_frederico.pdf", "ementa": "A instala\u00e7\u00e3o de lixeiras acopladas aos pontos de \u00f4nibus da cidade."}, {"id": "22326", "ano": "2023", "numero": "410", "tipo__sigla": "IND", "tipo__descricao": "Indica\u00e7\u00e3o", "autoria": "Evaldo Geraldo do Carmo (Evaldo do A\u00e7ougue)", "texto_original": "http://sapl.pedroleopoldo.mg.leg.br/media/sapl/public/materialegislativa/2023/22326/indicacao_410-23_-_evaldo.pdf", "ementa": "No uso de minhas atribui\u00e7\u00f5es regimentais, indico a Excelent\u00edssima Senhora Prefeita determinar ao Setor Competente providenciar a instala\u00e7\u00e3o de c\u00e2meras de v\u00eddeo monitoramento (olho vivo) nas imedia\u00e7\u00f5es da Capela vel\u00f3rio no Bairro Lagoa de Santo Ant\u00f3nio"}, {"id": "22327", "ano": "2023", "numero": "411", "tipo__sigla": "IND", "tipo__descricao": "Indica\u00e7\u00e3o", "autoria": "Cynthia Salom\u00e3o Bastos Faria", "texto_original": "http://sapl.pedroleopoldo.mg.leg.br/media/sapl/public/materialegislativa/2023/22327/indicacao_411-23_-_cynthia.pdf", "ementa": "Indica determinar ao setor competente colocar redutores de velocidade (quebra-molas)  na rua Moacir Jos\u00e9 da Silva, pr\u00f3ximo ao n\u00famero 60, no bairro S\u00e3o Jos\u00e9, neste Munic\u00edpio."}, {"id": "22328", "ano": "2023", "numero": "412", "tipo__sigla": "IND", "tipo__descricao": "Indica\u00e7\u00e3o", "autoria": "Warlen Alves da Silva", "texto_original": "http://sapl.pedroleopoldo.mg.leg.br/media/sapl/public/materialegislativa/2023/22328/indicacao_412-23_-_warlen.pdf", "ementa": "No uso de minhas atribui\u00e7\u00f5es regimentais, indico \u00e0 Excelent\u00edssima Senhora Prefeita determinar ao setor competente providenciar a instala\u00e7\u00e3o de 2 redutores de velocidade (quebra-mola), na rua Santa M\u00f4nica na altura dos n\u00fameros 68 e 126 , no bairro Teotonio Batista de Freitas."}, {"id": "22329", "ano": "2023", "numero": "413", "tipo__sigla": "IND", "tipo__descricao": "Indica\u00e7\u00e3o", "autoria": "Cynthia Salom\u00e3o Bastos Faria", "texto_original": "http://sapl.pedroleopoldo.mg.leg.br/media/sapl/public/materialegislativa/2023/22329/indicacao_413-23-_cynthia.pdf", "ementa": "Indica determinar ao setor competente realizar opera\u00e7\u00e3o tapa-buraco nas ruas R, Jo\u00e3o Gon\u00e7alves Martins, Jacarand\u00e1 e Roberto Belis\u00e1rio Viana, no Distrito de Fidalgo, neste Munic\u00edpio."}, {"id": "22427", "ano": "2023", "numero": "414", "tipo__sigla": "IND", "tipo__descricao": "Indica\u00e7\u00e3o", "autoria": "Frederico Henrique Cota Alves (Fred Piau)", "texto_original": "http://sapl.pedroleopoldo.mg.leg.br/media/sapl/public/materialegislativa/2023/22427/indicacao_414-23_-_ver._frederico.pdf", "ementa": "No uso de minhas atribui\u00e7\u00f5es regimentais, indico \u00e0 Excelent\u00edssima Senhora Prefeita determinar ao setor competente melhorias na acessibilidade de pedestres e no tr\u00e2nsito nas portas das Escolas Municipais: Dona Carmem Barroso, Evary de Campos, Cantinho Feliz, Dr. Cristiano Otoni, Heitor Claudio de Sales, Izabel Gomes, Jandirinha Sales Joviano, Jos\u00e9 Elias da Costa, Jos\u00e9 Pedro Filho, Matos, Inhazinha Carvalho, Pedro Leopoldo, Raimundo Salvador da Silva e Rosalino Marques dos Reis; Estaduais: Imaculada Concei\u00e7\u00e3o, Fazenda Modelo, Magno Claret Vieira e Dr. J\u00falio C\u00e9sar de Vasconcelos, bem como, separar vagas para embarque e desembarque de Ve\u00edculos de Transporte Escolar na sa\u00edda das mesmas."}, {"id": "22428", "ano": "2023", "numero": "415", "tipo__sigla": "IND", "tipo__descricao": "Indica\u00e7\u00e3o", "autoria": "Frederico Henrique Cota Alves (Fred Piau)", "texto_original": "http://sapl.pedroleopoldo.mg.leg.br/media/sapl/public/materialegislativa/2023/22428/indicacao_415-23_-_ver._frederico.pdf", "ementa": "Providenciar a instala\u00e7\u00e3o de brinquedos nas Pra\u00e7as dos Bairros Ferreiras, Santo Ant\u00f4nio da Barra e Vera Cruz de Minas."}, {"id": "22429", "ano": "2023", "numero": "416", "tipo__sigla": "IND", "tipo__descricao": "Indica\u00e7\u00e3o", "autoria": "Frederico Henrique Cota Alves (Fred Piau)", "texto_original": "http://sapl.pedroleopoldo.mg.leg.br/media/sapl/public/materialegislativa/2023/22429/indicacao_416-23_-_ver._frederico.pdf", "ementa": "A promo\u00e7\u00e3o de estudos para que ocorra a melhoria no sistema de triagem de atendimento do ESF\"."}, {"id": "22430", "ano": "2023", "numero": "417", "tipo__sigla": "IND", "tipo__descricao": "Indica\u00e7\u00e3o", "autoria": "Frederico Henrique Cota Alves (Fred Piau)", "texto_original": "http://sapl.pedroleopoldo.mg.leg.br/media/sapl/public/materialegislativa/2023/22430/indicacao_417-23_-_ver._frederico.pdf", "ementa": "A extens\u00e3o da rede de \u00e1gua na Rua Helo\u00edna Pereira, localizada no Bairro Quinta do Sumidouro na regi\u00e3o do Periquito."}, {"id": "22431", "ano": "2023", "numero": "418", "tipo__sigla": "IND", "tipo__descricao": "Indica\u00e7\u00e3o", "autoria": "Frederico Henrique Cota Alves (Fred Piau)", "texto_original": "http://sapl.pedroleopoldo.mg.leg.br/media/sapl/public/materialegislativa/2023/22431/indicacao_418-23_-_ver._frederico.pdf", "ementa": "A instala\u00e7\u00e3o de l\u00e2mpadas de LED na rua Lu\u00eds Pires Dias Guimar\u00e3es, Distrito de Lagoa de Santo Ant\u00f4nio"}, {"id": "22432", "ano": "2023", "numero": "419", "tipo__sigla": "IND", "tipo__descricao": "Indica\u00e7\u00e3o", "autoria": "Warlen Alves da Silva", "texto_original": "http://sapl.pedroleopoldo.mg.leg.br/media/sapl/public/materialegislativa/2023/22432/indicacao_419-23_-_ver._warlen.pdf", "ementa": "No uso de minhas atribui\u00e7\u00f5es regimentais, indico a Vossa Excel\u00eancia conceder Mo\u00e7\u00e3o de Parab\u00e9ns ao Pastor Ronaldo Alves de Souza, pelos relevantes trabalhos espirituais prestados a frente da Igreja Palavra Prof\u00e9tica."}, {"id": "22433", "ano": "2023", "numero": "420", "tipo__sigla": "IND", "tipo__descricao": "Indica\u00e7\u00e3o", "autoria": "Leonardo Pereira Ribeiro (Leoz\u00e3o)", "texto_original": "http://sapl.pedroleopoldo.mg.leg.br/media/sapl/public/materialegislativa/2023/22433/indicacao_420-23_-_ver._leonardo.pdf", "ementa": "No uso de minhas atribui\u00e7\u00f5es regimentais, indico a Vossa Excel\u00eancia conceder Mo\u00e7\u00e3o de Parab\u00e9ns \u00e0 Escola Estadual Imaculada Concei\u00e7\u00e3o em comemora\u00e7\u00e3o aos 75 anos de funda\u00e7\u00e3o"}, {"id": "22435", "ano": "2023", "numero": "421", "tipo__sigla": "IND", "tipo__descricao": "Indica\u00e7\u00e3o", "autoria": "Leonardo Pereira Ribeiro (Leoz\u00e3o)", "texto_original": "http://sapl.pedroleopoldo.mg.leg.br/media/sapl/public/materialegislativa/2023/22435/indicacao_421-23_-_ver._leonardo.pdf", "ementa": "No uso de minhas atribui\u00e7\u00f5es regimentais, indico a Vossa Excel\u00eancia conceder Mo\u00e7\u00e3o de Parab\u00e9ns para a Irmandade Feminina de Congo Nossa Senhora do Ros\u00e1rio, pelos seus 56 anos de funda\u00e7\u00e3o."}, {"id": "22437", "ano": "2023", "numero": "422", "tipo__sigla": "IND", "tipo__descricao": "Indica\u00e7\u00e3o", "autoria": "Leonardo Pereira Ribeiro (Leoz\u00e3o)", "texto_original": "http://sapl.pedroleopoldo.mg.leg.br/media/sapl/public/materialegislativa/2023/22437/indicacao_422-23_-_ver._leonardo.pdf", "ementa": "No uso de minhas atribui\u00e7\u00f5es regimentais, indico a Vossa Excel\u00eancia conceder Mo\u00e7\u00e3o de Parab\u00e9ns, para a Irmandade de Mo\u00e7ambique Nossa Senhora Do Ros\u00e1rio, pelos seus 40 anos."}, {"id": "22445", "ano": "2023", "numero": "423", "tipo__sigla": "IND", "tipo__descricao": "Indica\u00e7\u00e3o", "autoria": "Leonardo Pereira Ribeiro (Leoz\u00e3o)", "texto_original": "http://sapl.pedroleopoldo.mg.leg.br/media/sapl/public/materialegislativa/2023/22445/indicacao_423-23_-_ver._leonardo.pdf", "ementa": "No uso de minhas atribui\u00e7\u00f5es regimentais, solicito a Excelent\u00edssima Sra Prefeita, que encaminhe ao \u00f3rg\u00e3o competente que seja feito o passeio entre a Escola Municipal Jos\u00e9 Pedro Filho e Jandirinha na Rua Jucelino Kubitschek Bairro, Adelia Issa, Pedro Leopoldo MG."}, {"id": "22447", "ano": "2023", "numero": "424", "tipo__sigla": "IND", "tipo__descricao": "Indica\u00e7\u00e3o", "autoria": "Evaldo Geraldo do Carmo (Evaldo do A\u00e7ougue)", "texto_original": "http://sapl.pedroleopoldo.mg.leg.br/media/sapl/public/materialegislativa/2023/22447/indicacao_424-23_-_ver._evaldo.pdf", "ementa": "No uso de minhas atribui\u00e7\u00f5es regimentais, indico \u00e0 Excelent\u00edssima Senhora Prefeita determinar ao setor competente providenciar a instala\u00e7\u00e3o de redutor de velocidade (quebra-molas) com placas e pintura na Rua Magno Claret, em frente ao numero 451. Bairro Lagoa de Santo Ant\u00f4nio, neste Munic\u00edpio."}, {"id": "22448", "ano": "2023", "numero": "425", "tipo__sigla": "IND", "tipo__descricao": "Indica\u00e7\u00e3o", "autoria": "Cynthia Salom\u00e3o Bastos Faria", "texto_original": "http://sapl.pedroleopoldo.mg.leg.br/media/sapl/public/materialegislativa/2023/22448/indicacao_425-23_-_ver._cynthia.pdf", "ementa": "Indica \u00e0 Excelent\u00edssima Senhora Prefeita, determinar ao setor competente realizar a abertura de uma Estrada que liga a Rua Ant\u00f4nio Antunes Pereira, na Comunidade conhecida como Periquito, \u00e0 Rua Agenor do Pio, no Bairro Quinta do sumidouro, neste Munic\u00edpio."}, {"id": "22449", "ano": "2023", "numero": "426", "tipo__sigla": "IND", "tipo__descricao": "Indica\u00e7\u00e3o", "autoria": "Cynthia Salom\u00e3o Bastos Faria", "texto_original": "http://sapl.pedroleopoldo.mg.leg.br/media/sapl/public/materialegislativa/2023/22449/indicacao_426-23_-_ver._cynthia.pdf", "ementa": "No uso de minhas atribui\u00e7\u00f5es regimentais, indico ao Excelent\u00edssimo Presidente da C\u00e2mara Municipal, conceder Mo\u00e7\u00e3o de Parab\u00e9ns \u00e0s Folias de S\u00e3o Sebasti\u00e3o e Santos Reis, Folia do Divino Esp\u00edrito Santo, Folia de Nossa Senhora do Ros\u00e1rio, Folia de S\u00e3o Sebasti\u00e3o e Folia Nossa Senhora da Concei\u00e7\u00e3o e Santos Reis, pertencentes \u00e0s comunidades de Fidalgo e Quinta do Sumidouro, neste Munic\u00edpio, por manter viva na mem\u00f3ria das pessoas a cultura presente nestas Comunidades e regi\u00e3o. Tradi\u00e7\u00e3o essa que contribui para a preserva\u00e7\u00e3o, a valoriza\u00e7\u00e3o e o reconhecimento da cultura no Munic\u00edpio de Pedro Leopoldo"}, {"id": "22450", "ano": "2023", "numero": "427", "tipo__sigla": "IND", "tipo__descricao": "Indica\u00e7\u00e3o", "autoria": "Rafael Vieira Faria (Rafa)", "texto_original": "http://sapl.pedroleopoldo.mg.leg.br/media/sapl/public/materialegislativa/2023/22450/indicacao_427-23_-_ver._rafael.pdf", "ementa": "Venho, no uso de minhas atribui\u00e7\u00f5es, apresentar indica\u00e7\u00e3o, sugerindo ao Poder Executivo a Institui\u00e7\u00e3o da Patrulha da Mulher, visando reduzir os \u00edndices de viol\u00eancia contra a mulher."}, {"id": "23724", "ano": "2023", "numero": "428", "tipo__sigla": "IND", "tipo__descricao": "Indica\u00e7\u00e3o", "autoria": "", "texto_original": "http://sapl.pedroleopoldo.mg.leg.br/media/sapl/public/materialegislativa/2023/23724/indicacao_no_428-2023_-_mocao_lucas_azevedo.pdf", "ementa": "Concede Mo\u00e7\u00e3o de Parab\u00e9ns ao Senhor Lucas Soares de Azevedo pela sua excelente atua\u00e7\u00e3o na R\u00e1dio PLFM. (INDICA\u00c7\u00c3O RETIRADA PELO AUTOR NA 25 REUNI\u00c3O ORDIN\u00c1RIA 21-08-2023)"}, {"id": "23722", "ano": "2023", "numero": "429", "tipo__sigla": "IND", "tipo__descricao": "Indica\u00e7\u00e3o", "autoria": "Guilherme de Lima Braga (Guilherme do Doce)", "texto_original": "http://sapl.pedroleopoldo.mg.leg.br/media/sapl/public/materialegislativa/2023/23722/indicacao_no_429-2023_-_mocao_ronan_batista_de_souza_-.pdf", "ementa": "Concede Mo\u00e7\u00e3o de Parab\u00e9ns ao Senhor Ronan Batista de Souza, pelos seus 36 anos de trabalho na Lanchonete Scooby Doo e exemplo de homem respons\u00e1vel, honesto, \u00edntegro e generoso. (Indica\u00e7\u00e3o retirada pelo Autor na 25 Reuni\u00e3o Ordin\u00e1ria)"}, {"id": "23723", "ano": "2023", "numero": "430", "tipo__sigla": "IND", "tipo__descricao": "Indica\u00e7\u00e3o", "autoria": "Guilherme de Lima Braga (Guilherme do Doce)", "texto_original": "http://sapl.pedroleopoldo.mg.leg.br/media/sapl/public/materialegislativa/2023/23723/indicacao_no_430-2023_-_mocao_gentil_viana.pdf", "ementa": "conceder Mo\u00e7\u00e3o de Parab\u00e9ns ao Senhor Gentil C\u00e2ndido Diniz Viana por sempre prestar assist\u00eancia judici\u00e1ria gratuita e por sua atua\u00e7\u00e3o nos servi\u00e7os comunit\u00e1rios e sociais. (INDICA\u00c7\u00c3O RETIRADA PELO AUTOR NA 25 REUNI\u00c3O ORDIN\u00c1RIA - 21-08-2023)"}, {"id": "22584", "ano": "2023", "numero": "431", "tipo__sigla": "IND", "tipo__descricao": "Indica\u00e7\u00e3o", "autoria": "Mauro J\u00fanior Lopes Francisco", "texto_original": "http://sapl.pedroleopoldo.mg.leg.br/media/sapl/public/materialegislativa/2023/22584/indicacao_431-23_-_ver._mauro.pdf", "ementa": "No uso de minhas atribui\u00e7\u00f5es regimentais, indico \u00e0 Excelent\u00edssima Senhora Prefeita determinar ao setor competente a aquisi\u00e7\u00e3o de aparelhos de eletrochoque, tatame, paralela para treino, colch\u00f5es e bicicleta ergom\u00e9trica para o Centro Municipal de Fisioterapia, rua Dr. Herbster, 118 \u2013 Centro. Solicito ainda, agilidade na devolu\u00e7\u00e3o de aparelhos encaminhados para manuten\u00e7\u00e3o."}, {"id": "22585", "ano": "2023", "numero": "432", "tipo__sigla": "IND", "tipo__descricao": "Indica\u00e7\u00e3o", "autoria": "Guilherme de Lima Braga (Guilherme do Doce)", "texto_original": "http://sapl.pedroleopoldo.mg.leg.br/media/sapl/public/materialegislativa/2023/22585/indicacao_432-23_-_ver._guilherme.pdf", "ementa": "No uso de minhas atribui\u00e7\u00f5es regimentais, indico \u00e0 Vossa Excel\u00eancia conceder Mo\u00e7\u00e3o de Parab\u00e9ns a Senhora Giselly Pereira Alves pelo seus 16 anos de excelente trabalho desenvolvido no Centro Municipal de Fisioterapia de Pedro Leopoldo, exercendo sua profiss\u00e3o com muita dedica\u00e7\u00e3o e amor."}, {"id": "22586", "ano": "2023", "numero": "433", "tipo__sigla": "IND", "tipo__descricao": "Indica\u00e7\u00e3o", "autoria": "Warlen Alves da Silva", "texto_original": "http://sapl.pedroleopoldo.mg.leg.br/media/sapl/public/materialegislativa/2023/22586/indicacao_433-23_-_ver._warlen.pdf", "ementa": "No uso de minhas atribui\u00e7\u00f5es regimentais, indico \u00e0 Excelent\u00edssima Senhora Prefeita determinar ao setor competente para que providencie o recapeamento asf\u00e1ltico em toda extens\u00e3o da rua An\u00e9lio Caldas, no centro da cidade."}, {"id": "22587", "ano": "2023", "numero": "434", "tipo__sigla": "IND", "tipo__descricao": "Indica\u00e7\u00e3o", "autoria": "Warlen Alves da Silva", "texto_original": "http://sapl.pedroleopoldo.mg.leg.br/media/sapl/public/materialegislativa/2023/22587/indicacao_434-23_-_ver._warlen.pdf", "ementa": "No uso de minhas atribui\u00e7\u00f5es regimentais, indico \u00e0 Excelent\u00edssima Senhora Prefeita determinar ao setor competente para que providencie o recapeamento asf\u00e1ltico em toda extens\u00e3o da rua Comendador Ant\u00f4nio Alves, no centro da cidade"}, {"id": "22588", "ano": "2023", "numero": "435", "tipo__sigla": "IND", "tipo__descricao": "Indica\u00e7\u00e3o", "autoria": "Frederico Henrique Cota Alves (Fred Piau)", "texto_original": "http://sapl.pedroleopoldo.mg.leg.br/media/sapl/public/materialegislativa/2023/22588/indicacao_435-23_-_ver._frederico.pdf", "ementa": "No uso de minhas atribui\u00e7\u00f5es regimentais, indico \u00e0 Excelent\u00edssima Senhora Prefeita determinar ao setor competente fiscaliza\u00e7\u00e3o de uma \u00e1rvore com a raiz exposta em frente \u00e0 loja Cordilheira na rua Comendador Ant\u00f4nio Alves, 424 - Centro, Pedro Leopoldo, esquina com Coronel C\u00e2ndido Viana, no Centro de Pedro Leopoldo."}, {"id": "22589", "ano": "2023", "numero": "436", "tipo__sigla": "IND", "tipo__descricao": "Indica\u00e7\u00e3o", "autoria": "Evaldo Geraldo do Carmo (Evaldo do A\u00e7ougue)", "texto_original": "http://sapl.pedroleopoldo.mg.leg.br/media/sapl/public/materialegislativa/2023/22589/indicacao_436-23_-_ver._evaldo.pdf", "ementa": "No uso de minhas atribui\u00e7\u00f5es regimentais, indico \u00e0 Excelent\u00edssima Senhora Refeita determinar ao setor competente providenciar recapeamento na Rua Luiz Pires Dias Guimar\u00e3es por toda sua extens\u00e3o no Distrito de Lagoa de Santo Ant\u00f4nio, neste munic\u00edpio."}, {"id": "22590", "ano": "2023", "numero": "437", "tipo__sigla": "IND", "tipo__descricao": "Indica\u00e7\u00e3o", "autoria": "Frederico Henrique Cota Alves (Fred Piau)", "texto_original": "http://sapl.pedroleopoldo.mg.leg.br/media/sapl/public/materialegislativa/2023/22590/indicacao_437-23_-_ver._frederico.pdf", "ementa": "No uso de minhas atribui\u00e7\u00f5es regimentais, indico \u00e0 Excelent\u00edssima Senhora Prefeita determinar ao setor competente a instala\u00e7\u00e3o de quebra-molas na rua Jesu\u00edna Moreira Cota, pr\u00f3ximo ao n\u00famero 37 e n\u00famero 149 - Bairro Santa Tereza, neste Munic\u00edpio."}, {"id": "22591", "ano": "2023", "numero": "438", "tipo__sigla": "IND", "tipo__descricao": "Indica\u00e7\u00e3o", "autoria": "Warlen Alves da Silva", "texto_original": "http://sapl.pedroleopoldo.mg.leg.br/media/sapl/public/materialegislativa/2023/22591/indicacao_438-23_-_ver._warlen.pdf", "ementa": "No uso de minhas atribui\u00e7\u00f5es regimentais, indico \u00e0 excelent\u00edssima Senhora Prefeita determinar ao setor competente a realiza\u00e7\u00e3o do recapeamento asf\u00e1ltico em toda sua extens\u00e3o na rua Doutor Rocha, bairro centro, neste mun\u00edcipio."}, {"id": "22592", "ano": "2023", "numero": "439", "tipo__sigla": "IND", "tipo__descricao": "Indica\u00e7\u00e3o", "autoria": "Warlen Alves da Silva", "texto_original": "http://sapl.pedroleopoldo.mg.leg.br/media/sapl/public/materialegislativa/2023/22592/indicacao_439-23_-_ver._warlen.pdf", "ementa": "No uso de minhas atribui\u00e7\u00f5es regimentais, indico \u00e0 Excelent\u00edssima Senhora Prefeita determinar ao setor competente para que providencie o recapeamento asf\u00e1ltico em toda extens\u00e3o da rua Dr. Roberto Beliz\u00e1rio Viana, no centro da cidade, neste Munic\u00edpio"}, {"id": "22593", "ano": "2023", "numero": "440", "tipo__sigla": "IND", "tipo__descricao": "Indica\u00e7\u00e3o", "autoria": "Warlen Alves da Silva", "texto_original": "http://sapl.pedroleopoldo.mg.leg.br/media/sapl/public/materialegislativa/2023/22593/indicacao_440-23_-_ver._warlen.pdf", "ementa": "No uso de minhas atribui\u00e7\u00f5es regimentais, indico \u00e0 excelent\u00edssima Senhora Prefeita determinar ao setor competente a realiza\u00e7\u00e3o do recapeamento asf\u00e1ltico em toda extens\u00e3o da rua S\u00e3o Sebasti\u00e3o, bairro centro, neste mun\u00edcipio."}, {"id": "22594", "ano": "2023", "numero": "441", "tipo__sigla": "IND", "tipo__descricao": "Indica\u00e7\u00e3o", "autoria": "Mauro J\u00fanior Lopes Francisco", "texto_original": "http://sapl.pedroleopoldo.mg.leg.br/media/sapl/public/materialegislativa/2023/22594/indicacao_441-23_-_ver._mauro.pdf", "ementa": "No uso de minhas atribui\u00e7\u00f5es regimentais, indico \u00e0 Excelent\u00edssima Senhora Prefeita determinar ao setor competente, fazer o reparo de um buraco situado na rua Juca Isaias na altura do n\u00famero 150, no Conjunto Habitacional Romero de Carvalho"}, {"id": "22595", "ano": "2023", "numero": "442", "tipo__sigla": "IND", "tipo__descricao": "Indica\u00e7\u00e3o", "autoria": "Mauro J\u00fanior Lopes Francisco", "texto_original": "http://sapl.pedroleopoldo.mg.leg.br/media/sapl/public/materialegislativa/2023/22595/indicacao_442-23_-_ver._mauro.pdf", "ementa": "No uso de minhas atribui\u00e7\u00f5es regimentais, indico \u00e0 Excelent\u00edssima Senhora Prefeita determinar ao setor competente, fazer a instala\u00e7\u00e3o de manilhas na rua Pedro Leopoldo, pr\u00f3ximo aos n\u00fameros 268/274 e 280 A e B, no distrito de Vera Cruz de Minas."}, {"id": "22596", "ano": "2023", "numero": "443", "tipo__sigla": "IND", "tipo__descricao": "Indica\u00e7\u00e3o", "autoria": "Frederico Henrique Cota Alves (Fred Piau)", "texto_original": "http://sapl.pedroleopoldo.mg.leg.br/media/sapl/public/materialegislativa/2023/22596/indicacao_443-23_-_ver._frederico.pdf", "ementa": "A instala\u00e7\u00e3o de novos brinquedos na pra\u00e7a Juscelino Kubitscheck, e a instala\u00e7\u00e3o de c\u00e2meras de v\u00eddeo monitoramento (olho vivo) no local."}, {"id": "22597", "ano": "2023", "numero": "444", "tipo__sigla": "IND", "tipo__descricao": "Indica\u00e7\u00e3o", "autoria": "Cynthia Salom\u00e3o Bastos Faria", "texto_original": "http://sapl.pedroleopoldo.mg.leg.br/media/sapl/public/materialegislativa/2023/22597/indicacao_444-23_-_ver._cynthia.pdf", "ementa": "indica \u00e0 Excelent\u00edssima Senhora Prefeita, solicitar ao setor competente realizar Pavimenta\u00e7\u00e3o Asf\u00e1ltica nas ruas Ant\u00f4nio Rodrigues, Ros\u00e1rio, Noraldino Almeida, \u00canio Pereira e continua\u00e7\u00e3o da rua Agenor do Pio no Bairro Quinta do Sumidouro."}, {"id": "22598", "ano": "2023", "numero": "445", "tipo__sigla": "IND", "tipo__descricao": "Indica\u00e7\u00e3o", "autoria": "Cynthia Salom\u00e3o Bastos Faria", "texto_original": "http://sapl.pedroleopoldo.mg.leg.br/media/sapl/public/materialegislativa/2023/22598/indicacao_445-23_-_ver._cynthia.pdf", "ementa": "indica \u00e0 Excelent\u00edssima Senhora Prefeita, solicitar ao setor competente realizar Pavimenta\u00e7\u00e3o Asfaltica nas ruas Beco Milit\u00e3o e continua\u00e7\u00e3o da rua Santa Luzia e Rui Barbosa em Fidalgo"}, {"id": "22599", "ano": "2023", "numero": "446", "tipo__sigla": "IND", "tipo__descricao": "Indica\u00e7\u00e3o", "autoria": "Cynthia Salom\u00e3o Bastos Faria", "texto_original": "http://sapl.pedroleopoldo.mg.leg.br/media/sapl/public/materialegislativa/2023/22599/indicacao_446-23_-_ver._cynthia.pdf", "ementa": "solicito \u00e0 Vossa Excel\u00eancia conceder Mo\u00e7\u00e3o de Parab\u00e9ns ao secret\u00e1rio de Planejamento Urbano Gerson Alfredo Viana Santos, pelos excelentes servi\u00e7os prestados junto a Secretaria Municipal de Planejamento Urbano."}, {"id": "22600", "ano": "2023", "numero": "447", "tipo__sigla": "IND", "tipo__descricao": "Indica\u00e7\u00e3o", "autoria": "Cynthia Salom\u00e3o Bastos Faria", "texto_original": "http://sapl.pedroleopoldo.mg.leg.br/media/sapl/public/materialegislativa/2023/22600/indicacao_447-23_-_ver._cynthia.pdf", "ementa": "solicito \u00e0 Vossa Excel\u00eancia Conceder Mo\u00e7\u00e3o de Parab\u00e9ns ao Respons\u00e1vel t\u00e9cnico da Secretaria de Meio Ambiente Leonardo Viana Costa E Silva, pelos excelentes servi\u00e7os prestados junto a Secretaria Municipal de Meio Ambiente"}, {"id": "22601", "ano": "2023", "numero": "448", "tipo__sigla": "IND", "tipo__descricao": "Indica\u00e7\u00e3o", "autoria": "Cynthia Salom\u00e3o Bastos Faria", "texto_original": "http://sapl.pedroleopoldo.mg.leg.br/media/sapl/public/materialegislativa/2023/22601/indicacao_448-23_-_ver._cynthia.pdf", "ementa": "indico \u00e0 Excelent\u00edssima Senhora Prefeita, determinar ao setor competente disponibilizar abafadores de ru\u00eddos para uso dos alunos com Transtorno do Espectro Autista nas Institui\u00e7\u00f5es de Ensino Municipais."}, {"id": "22633", "ano": "2023", "numero": "449", "tipo__sigla": "IND", "tipo__descricao": "Indica\u00e7\u00e3o", "autoria": "Leonardo Pereira Ribeiro (Leoz\u00e3o)", "texto_original": "http://sapl.pedroleopoldo.mg.leg.br/media/sapl/public/materialegislativa/2023/22633/indicacao_449-23_-_leonardo.pdf", "ementa": "No uso de minhas atribui\u00e7\u00f5es regimentais, indico a Excelent\u00edssima Sra Prefeita, determinar ao \u00f3rg\u00e3o competente a coloca\u00e7\u00e3o de redutores  de velocidade (quebra-molas) na rua Guilhermina Augusta Vieira n\u00b0 205 no Distrito de Lagoa de Santo Ant\u00f4nio, Pedro Leopoldo MG"}, {"id": "22636", "ano": "2023", "numero": "450", "tipo__sigla": "IND", "tipo__descricao": "Indica\u00e7\u00e3o", "autoria": "Warlen Alves da Silva", "texto_original": "http://sapl.pedroleopoldo.mg.leg.br/media/sapl/public/materialegislativa/2023/22636/indicacao_450-23_-_ver._warlen.pdf", "ementa": "No uso de minhas atribui\u00e7\u00f5es regimentais, indico \u00e0 excelent\u00edssima Senhora Prefeita determinar ao setor competente a realiza\u00e7\u00e3o do recapeamento asf\u00e1ltico em toda extens\u00e3o da rua Alameda Pau Brasil, bairro Lagoa de Santo Ant\u00f4nio, neste mun\u00edcipio"}, {"id": "22642", "ano": "2023", "numero": "451", "tipo__sigla": "IND", "tipo__descricao": "Indica\u00e7\u00e3o", "autoria": "Evaldo Geraldo do Carmo (Evaldo do A\u00e7ougue)", "texto_original": "http://sapl.pedroleopoldo.mg.leg.br/media/sapl/public/materialegislativa/2023/22642/indicacao_451-23_-_ver._evaldo.pdf", "ementa": "No uso de minhas atribui\u00e7\u00f5es regimentais, indico \u00e0 Excelent\u00edssima Senhora Prefeita determinar ao setor competente providenciar a coloca\u00e7\u00e3o de uma passagem elevada no ponto de \u00f3nibus e placa sinalizadora na Horizontal, na Rua Prefeito Cec\u00e9, em frente ao n\u00ba 702 (Bar do K-xote), Centro, neste munic\u00edpio."}, {"id": "22643", "ano": "2023", "numero": "452", "tipo__sigla": "IND", "tipo__descricao": "Indica\u00e7\u00e3o", "autoria": "Evaldo Geraldo do Carmo (Evaldo do A\u00e7ougue)", "texto_original": "http://sapl.pedroleopoldo.mg.leg.br/media/sapl/public/materialegislativa/2023/22643/indicacao_452-23_-_ver._evaldo.pdf", "ementa": "Indico determinar ao setor competente realizar interven\u00e7\u00f5es para melhoria e mais seguran\u00e7a na Av. Ver. Magno Claret Vieira (\u00e1rea comercial) n\u00b0 773 ao n\u00ba 326. De imediato, sugiro as seguintes interven\u00e7\u00f5es: -Instala\u00e7\u00e3o de Placas horizontal de faixa de pedestres; -Pintura de faixa de pedestres; Parada Obrigat\u00f3ria; Estacionamento; Pintura de faixa elevada."}, {"id": "22647", "ano": "2023", "numero": "453", "tipo__sigla": "IND", "tipo__descricao": "Indica\u00e7\u00e3o", "autoria": "Frederico Henrique Cota Alves (Fred Piau)", "texto_original": "http://sapl.pedroleopoldo.mg.leg.br/media/sapl/public/materialegislativa/2023/22647/indicacao_453-23_-_ver._frederico.pdf", "ementa": "No uso de minhas atribui\u00e7\u00f5es regimentais, indico \u00e0 Excelent\u00edssima Senhora Prefeita determinar ao setor competente a constru\u00e7\u00e3o de um Gin\u00e1sio Poliesportivo, no Distrito de Lagoa de Santo Ant\u00f4nio."}, {"id": "22648", "ano": "2023", "numero": "454", "tipo__sigla": "IND", "tipo__descricao": "Indica\u00e7\u00e3o", "autoria": "Evaldo Geraldo do Carmo (Evaldo do A\u00e7ougue)", "texto_original": "http://sapl.pedroleopoldo.mg.leg.br/media/sapl/public/materialegislativa/2023/22648/indicacao_454-23_-_ver._evaldo.pdf", "ementa": "No uso de minhas atribui\u00e7\u00f5es regimentais, indico \u00e0 Excelent\u00edssima Senhora Prefeita verificar com o setor competente, a possibilidade de incluir aulas de Caligrafia em TODAS as Escolas Municipais de Pedro Leopoldo."}, {"id": "22649", "ano": "2023", "numero": "455", "tipo__sigla": "IND", "tipo__descricao": "Indica\u00e7\u00e3o", "autoria": "Frederico Henrique Cota Alves (Fred Piau)", "texto_original": "http://sapl.pedroleopoldo.mg.leg.br/media/", "ementa": "No uso de minhas atribui\u00e7\u00f5es regimentais, indico \u00e0 Excelent\u00edssima Senhora Prefeita determinar ao setor competente o restabelecimento das linhas telef\u00f4nicas e corporativas do ESF Lagoa de Santo Ant\u00f4nio, situado a Rua Joaquim Caetano, n\u00famero 270, bairro Santa F\u00e9, neste munic\u00edpio."}, {"id": "22650", "ano": "2023", "numero": "456", "tipo__sigla": "IND", "tipo__descricao": "Indica\u00e7\u00e3o", "autoria": "Evaldo Geraldo do Carmo (Evaldo do A\u00e7ougue)", "texto_original": "http://sapl.pedroleopoldo.mg.leg.br/media/sapl/public/materialegislativa/2023/22650/indicacao_456-23_-_ver._evaldo.pdf", "ementa": "No uso de minhas atribui\u00e7\u00f5es regimentais, indico a Excelent\u00edssima Senhora Prefeita, solicitar ao departamento competente que providencie uma pintura de faixa de pedestres no cruzamento das ruas Juscelino Kubitscheck com avenida Heitor Cl\u00e1udio de Sales."}, {"id": "22651", "ano": "2023", "numero": "457", "tipo__sigla": "IND", "tipo__descricao": "Indica\u00e7\u00e3o", "autoria": "Frederico Henrique Cota Alves (Fred Piau)", "texto_original": "http://sapl.pedroleopoldo.mg.leg.br/media/sapl/public/materialegislativa/2023/22651/indicacao_457-23_-_ver._frederico.pdf", "ementa": "Obras em escoamento de \u00e1gua na rua Zeno del Carlo na altura do n\u00famero 10, Bairro Santo Ant\u00f4nio da Barra."}, {"id": "22652", "ano": "2023", "numero": "458", "tipo__sigla": "IND", "tipo__descricao": "Indica\u00e7\u00e3o", "autoria": "Warlen Alves da Silva", "texto_original": "http://sapl.pedroleopoldo.mg.leg.br/media/sapl/public/materialegislativa/2023/22652/indicacao_458-23_-_ver._warlen.pdf", "ementa": "Indico \u00e0 Excelent\u00edssima Senhora Prefeita determinar ao setor competente servi\u00e7o de manuten\u00e7\u00e3o da parte el\u00e9trica da Quadra do CEU \u2014 Centro de Artes e Esportes bem como a troca das l\u00e2mpadas que se encontram queimadas e em torno da mesma da Quadra do CEU \u2014 Centro de Artes e Esportes, localizado no Bairro Morada dos Hibiscos, neste Munic\u00edpio."}, {"id": "22653", "ano": "2023", "numero": "459", "tipo__sigla": "IND", "tipo__descricao": "Indica\u00e7\u00e3o", "autoria": "Warlen Alves da Silva", "texto_original": "http://sapl.pedroleopoldo.mg.leg.br/media/sapl/public/materialegislativa/2023/22653/indicacao_459-23_-_ver._warlen.pdf", "ementa": "No uso de minhas atribui\u00e7\u00f5es regimentais, indico \u00e0 Excelent\u00edssima Senhora Prefeita determinar ao setor competente, servi\u00e7o de ilumina\u00e7\u00e3o da Quadra de Esportes Paulo Eust\u00e1quio, rua Herm\u00ednio Lopes pr\u00f3ximo ao n\u00famero 26, do bairro Romero de Carvalho bem como a troca das l\u00e2mpadas que se encontram queimadas, neste Munic\u00edpio."}, {"id": "22654", "ano": "2023", "numero": "460", "tipo__sigla": "IND", "tipo__descricao": "Indica\u00e7\u00e3o", "autoria": "", "texto_original": "http://sapl.pedroleopoldo.mg.leg.br/media/sapl/public/materialegislativa/2023/22654/indicacao_460-23-_ver._cynthia.pdf", "ementa": "Indica \u00e0 Excelent\u00edssima Senhora Prefeita, determinar ao setor competente  providenciar a instala\u00e7\u00e3o de ilumina\u00e7\u00e3o de LED no campo do Luano Futebol Clube, no Bairro Teot\u00f4nio de Freitas, neste Munic\u00edpio."}, {"id": "22655", "ano": "2023", "numero": "461", "tipo__sigla": "IND", "tipo__descricao": "Indica\u00e7\u00e3o", "autoria": "Cynthia Salom\u00e3o Bastos Faria", "texto_original": "http://sapl.pedroleopoldo.mg.leg.br/media/sapl/public/materialegislativa/2023/22655/indicacao_461-23_-_ver._cynthia.pdf", "ementa": "No uso de minhas atribui\u00e7\u00f5es regimentais, indico a Excelent\u00edssima Senhora Prefeita determinar ao setor competente que seja disponibilizado um\r\n aparelho de celular corporativo para uso na UBS Jos\u00e9 Pereira da Concei\u00e7\u00e3o, no Distrito de Fidalgo, neste Munic\u00edpio."}, {"id": "22656", "ano": "2023", "numero": "462", "tipo__sigla": "IND", "tipo__descricao": "Indica\u00e7\u00e3o", "autoria": "Warlen Alves da Silva", "texto_original": "http://sapl.pedroleopoldo.mg.leg.br/media/sapl/public/materialegislativa/2023/22656/indicacao_462-23_-_ver._warlen.pdf", "ementa": "No uso de minhas atribui\u00e7\u00f5es regimentais, indico a Vossa Excel\u00eancia conceder  Mo\u00e7\u00e3o de Parab\u00e9ns Pedro Henrique Sapori Meireles Alves."}, {"id": "22657", "ano": "2023", "numero": "463", "tipo__sigla": "IND", "tipo__descricao": "Indica\u00e7\u00e3o", "autoria": "Warlen Alves da Silva", "texto_original": "http://sapl.pedroleopoldo.mg.leg.br/media/sapl/public/materialegislativa/2023/22657/indicacao_463-23_-_warlen.pdf", "ementa": "No uso de minhas atribui\u00e7\u00f5es regimentais, indico a Vossa Excel\u00eancia conceder  Mo\u00e7\u00e3o de Parab\u00e9ns ao Presb\u00edtero Tiago Tasses Maciel, pelos relevantes trabalhos espirituais prestados a frente da Igreja Assembleia de Deus."}, {"id": "22658", "ano": "2023", "numero": "464", "tipo__sigla": "IND", "tipo__descricao": "Indica\u00e7\u00e3o", "autoria": "Guilherme de Lima Braga (Guilherme do Doce)", "texto_original": "http://sapl.pedroleopoldo.mg.leg.br/media/sapl/public/materialegislativa/2023/22658/indicacao_464-23_-_giulherme.pdf", "ementa": "No uso de minhas atribui\u00e7\u00f5es regimentais, indico a Excelent\u00edssima Senhora Prefeita determinar ao setor competente a revitaliza\u00e7\u00e3o de pontos \u201cViciosos de Lixo\u201d na rua Jos\u00e9 Le\u00e3o, pr\u00f3ximo ao n\u00famero 122, Distrito de Dr. Lund, neste Munic\u00edpio."}, {"id": "22659", "ano": "2023", "numero": "465", "tipo__sigla": "IND", "tipo__descricao": "Indica\u00e7\u00e3o", "autoria": "Guilherme de Lima Braga (Guilherme do Doce)", "texto_original": "http://sapl.pedroleopoldo.mg.leg.br/media/sapl/public/materialegislativa/2023/22659/indicacao_465-23_-_guilherme.pdf", "ementa": "No uso de minhas atribui\u00e7\u00f5es regimentais, indico a Excelent\u00edssima Senhora Prefeita determinar ao setor competente a revitaliza\u00e7\u00e3o de pontos \u201cViciosos de Lixo\u201d na rua Rivad\u00e1via, pr\u00f3ximo ao n\u00famero 1620, bairro Vila Aparecida, neste Munic\u00edpio."}, {"id": "22660", "ano": "2023", "numero": "466", "tipo__sigla": "IND", "tipo__descricao": "Indica\u00e7\u00e3o", "autoria": "Guilherme de Lima Braga (Guilherme do Doce)", "texto_original": "http://sapl.pedroleopoldo.mg.leg.br/media/sapl/public/materialegislativa/2023/22660/indicacao_466-23_-_guilherme.pdf", "ementa": "No uso de minhas atribui\u00e7\u00f5es regimentais, indico a Excelent\u00edssima Senhora Prefeita determinar ao setor competente a instala\u00e7\u00e3o de um redutor de velocidade (quebra-molas) na Avenida Carmelinda Pereira Costa, pr\u00f3ximo ao n\u00famero 275 no bairro Teot\u00f4nio Batista de Freitas, neste Munic\u00edpio"}, {"id": "22661", "ano": "2023", "numero": "467", "tipo__sigla": "IND", "tipo__descricao": "Indica\u00e7\u00e3o", "autoria": "Frederico Henrique Cota Alves (Fred Piau)", "texto_original": "http://sapl.pedroleopoldo.mg.leg.br/media/sapl/public/materialegislativa/2023/22661/indicacao_467-23_-_frederico.pdf", "ementa": "Recapeamento asf\u00e1ltico na rua Dama da Noite Bairro Hibiscos."}, {"id": "22662", "ano": "2023", "numero": "468", "tipo__sigla": "IND", "tipo__descricao": "Indica\u00e7\u00e3o", "autoria": "Frederico Henrique Cota Alves (Fred Piau)", "texto_original": "http://sapl.pedroleopoldo.mg.leg.br/media/sapl/public/materialegislativa/2023/22662/indicacao_468-23_-_ver._frederico.pdf", "ementa": "No uso de minhas atribui\u00e7\u00f5es regimentais, indico \u00e0 Excelent\u00edssima Senhora Prefeita determinar ao setor competente cria\u00e7\u00e3o de um plano municipal de transporte p\u00fablico."}, {"id": "22663", "ano": "2023", "numero": "469", "tipo__sigla": "IND", "tipo__descricao": "Indica\u00e7\u00e3o", "autoria": "Rafael Vieira Faria (Rafa)", "texto_original": "http://sapl.pedroleopoldo.mg.leg.br/media/sapl/public/materialegislativa/2023/22663/indicacao_469-23_-_ver._rafael.pdf", "ementa": "Venho, no uso de minhas atribui\u00e7\u00f5es, apresentar indica\u00e7\u00e3o, sugerindo ao Poder Executivo a aquisi\u00e7\u00e3o e fornecimento de microfone sem fio tipo telemarketing para Lian Gong, conforme justificativa em anexo."}, {"id": "22665", "ano": "2023", "numero": "471", "tipo__sigla": "IND", "tipo__descricao": "Indica\u00e7\u00e3o", "autoria": "Cynthia Salom\u00e3o Bastos Faria", "texto_original": "http://sapl.pedroleopoldo.mg.leg.br/media/sapl/public/materialegislativa/2023/22665/indicacao_471-23_-_cynthia.pdf", "ementa": "Indica \u00e0 Excelent\u00edssima Senhora Prefeita, fazer o escoamento de \u00e1gua da Rua  Tr\u00eas, no bairro Lagoa de Santo Ant\u00f4nio, neste Munic\u00edpio"}, {"id": "22666", "ano": "2023", "numero": "472", "tipo__sigla": "IND", "tipo__descricao": "Indica\u00e7\u00e3o", "autoria": "Evaldo Geraldo do Carmo (Evaldo do A\u00e7ougue)", "texto_original": "http://sapl.pedroleopoldo.mg.leg.br/media/sapl/public/materialegislativa/2023/22666/indicacao_472-23_-_evaldo.pdf", "ementa": "Indico determinar ao setor competente realizar um estudo para avaliar rotat\u00f3ria localizada em frente ao supermercado EPA na Av. Gil Ant\u00f3nio Pereira, 1109 , no bairro Campinho. Neste Munic\u00edpio.  COM URG\u00caNCIA"}, {"id": "22631", "ano": "2023", "numero": "473", "tipo__sigla": "IND", "tipo__descricao": "Indica\u00e7\u00e3o", "autoria": "Evaldo Geraldo do Carmo (Evaldo do A\u00e7ougue)", "texto_original": "http://sapl.pedroleopoldo.mg.leg.br/media/sapl/public/materialegislativa/2023/22631/indicacao_473-23_-_ver._evaldo.pdf", "ementa": "No uso de minhas atribui\u00e7\u00f5es regimentais, indico \u00e0 Excelent\u00edssima Senhora Prefeita determinar ao setor competente providenciar a coloca\u00e7\u00e3o de uma passagem elevada com urg\u00eancia na Rua Joaquim Caetano, n\u00ba 270 (ESF Lagoa de Santo Ant\u00f4nio) - Bairro Santa F\u00e9, Distrito de Lagoa de Santo Ant\u00f3nio, neste munic\u00edpio."}, {"id": "22632", "ano": "2023", "numero": "474", "tipo__sigla": "IND", "tipo__descricao": "Indica\u00e7\u00e3o", "autoria": "Evaldo Geraldo do Carmo (Evaldo do A\u00e7ougue)", "texto_original": "http://sapl.pedroleopoldo.mg.leg.br/media/sapl/public/materialegislativa/2023/22632/indicacao_474-23_-_ver._evaldo.pdf", "ementa": "Eu, Evaldo Geraldo Carmo, Vereador do Munic\u00edpio de Pedro Leopoldo, venho, no uso de minhas atribui\u00e7\u00f5es, na forma dos artigos 182 e 183, se\u00e7\u00e3o VII da Resolu\u00e7\u00e3o N\u00ba 870/2022 que disp\u00f5e sobre o Regimento Interno da C\u00e2mara Municipal de Pedro Leopoldo, apresentar INDICA\u00c7\u00c3O, sugerindo realizar uma a\u00e7\u00e3o social em parceria com a Funda\u00e7\u00e3o Hemominas, promovendo doa\u00e7\u00e3o de sangue itinerante utilizando as salas da Escola Heitor Claudio de Sales, neste municipio."}, {"id": "22634", "ano": "2023", "numero": "475", "tipo__sigla": "IND", "tipo__descricao": "Indica\u00e7\u00e3o", "autoria": "Warlen Alves da Silva", "texto_original": "http://sapl.pedroleopoldo.mg.leg.br/media/sapl/public/materialegislativa/2023/22634/indicacao_475-23_-_ver._warlen.pdf", "ementa": "No uso de minhas atribui\u00e7\u00f5es regimentais, indico a Vossa Excel\u00eancia a concess\u00e3o de Mo\u00e7\u00e3o de Parab\u00e9ns ao Pastor Raimundo Alves, pelos relevantes trabalhos espirituais prestados \u00e1 frente da Igreja Evangelica de Jesus."}, {"id": "22635", "ano": "2023", "numero": "476", "tipo__sigla": "IND", "tipo__descricao": "Indica\u00e7\u00e3o", "autoria": "Evaldo Geraldo do Carmo (Evaldo do A\u00e7ougue)", "texto_original": "http://sapl.pedroleopoldo.mg.leg.br/media/sapl/public/materialegislativa/2023/22635/indicacao_476-23_-_ver._evaldo.pdf", "ementa": "No uso de minhas atribui\u00e7\u00f5es regimentais, indico \u00e0 Excelent\u00edssima Senhora Prefeita determinar ao setor competente providenciar a cria\u00e7\u00e3o de Feira de Artesanato e comidas t\u00edpicas com a participa\u00e7\u00e3o de m\u00fasicos da regi\u00e3o, em domingos alternados, na Pra\u00e7a  Jos\u00e9 dos Anjos, em Lagoa de Santo Ant\u00f3nio. Neste Munic\u00edpio."}, {"id": "22637", "ano": "2023", "numero": "477", "tipo__sigla": "IND", "tipo__descricao": "Indica\u00e7\u00e3o", "autoria": "Frederico Henrique Cota Alves (Fred Piau)", "texto_original": "http://sapl.pedroleopoldo.mg.leg.br/media/sapl/public/materialegislativa/2023/22637/indicacao_477-23_-_ver._frederico.pdf", "ementa": "Asfaltar a rua das Hort\u00eansias no bairro Hibiscos."}, {"id": "22638", "ano": "2023", "numero": "478", "tipo__sigla": "IND", "tipo__descricao": "Indica\u00e7\u00e3o", "autoria": "Frederico Henrique Cota Alves (Fred Piau)", "texto_original": "http://sapl.pedroleopoldo.mg.leg.br/media/sapl/public/materialegislativa/2023/22638/indicacao_478-23_-_ver._frederico.pdf", "ementa": "No uso de minhas atribui\u00e7\u00f5es regimentais, indico \u00e0 Excelent\u00edssima Senhora Prefeita determinar ao setor competente cria\u00e7\u00e3o uma pra\u00e7a e academia ao ar livre que atenda os moradores dos Bairros Morada dos Angicos e Santa F\u00e9."}, {"id": "22639", "ano": "2023", "numero": "479", "tipo__sigla": "IND", "tipo__descricao": "Indica\u00e7\u00e3o", "autoria": "Frederico Henrique Cota Alves (Fred Piau)", "texto_original": "http://sapl.pedroleopoldo.mg.leg.br/media/sapl/public/materialegislativa/2023/22639/indicacao_479-23_-_ver._frederico.pdf", "ementa": "faixa elevada na Avenida Vereador Magno Claret Vieira na altura do n\u00famero 900 no bairro Lagoa de Santo Ant\u00f4nio."}, {"id": "22640", "ano": "2023", "numero": "480", "tipo__sigla": "IND", "tipo__descricao": "Indica\u00e7\u00e3o", "autoria": "Frederico Henrique Cota Alves (Fred Piau)", "texto_original": "http://sapl.pedroleopoldo.mg.leg.br/media/sapl/public/materialegislativa/2023/22640/indicacao_480-23_-_ver._frederico.pdf", "ementa": "No uso de minhas atribui\u00e7\u00f5es regimentais, indico \u00e0 Excelent\u00edssima Senhora Prefeita determinar ao setor competente constru\u00e7\u00e3o de um Centro Municipal de Aten\u00e7\u00e3o \u00e0 Inf\u00e2ncia \u2013 CEMAI, no bairro Magalh\u00e3es, neste munic\u00edpio"}, {"id": "22641", "ano": "2023", "numero": "481", "tipo__sigla": "IND", "tipo__descricao": "Indica\u00e7\u00e3o", "autoria": "Rafael Vieira Faria (Rafa)", "texto_original": "http://sapl.pedroleopoldo.mg.leg.br/media/sapl/public/materialegislativa/2023/22641/indicacao_481-23_-_ver._rafael.pdf", "ementa": "Venho, no uso de minhas atribui\u00e7\u00f5es, apresentar indica\u00e7\u00e3o, sugerindo ao Poder Executivo a realiza\u00e7\u00e3o de sinaliza\u00e7\u00e3o horizontal e, sucessivamente, a instala\u00e7\u00e3o de faixa de pedestres na Rua S\u00e3o Paulo, Bairro Cachoeira Grande, CEP 33251-012, no trecho entre as ruas Jos\u00e9 Pires Ara\u00fajo e Ant\u00f4nio Rodrigues Cardoso"}, {"id": "22644", "ano": "2023", "numero": "482", "tipo__sigla": "IND", "tipo__descricao": "Indica\u00e7\u00e3o", "autoria": "Rafael Vieira Faria (Rafa)", "texto_original": "http://sapl.pedroleopoldo.mg.leg.br/media/sapl/public/materialegislativa/2023/22644/indicacao_482-23_-_ver._rafael.pdf", "ementa": "Venho, no uso de minhas atribui\u00e7\u00f5es, apresentar indica\u00e7\u00e3o, sugerindo ao Poder Executivo o recapeamento da Rua Ant\u00f4nio da Barra, Santo Ant\u00f4nio da Barra, CEP 33257-055"}, {"id": "22645", "ano": "2023", "numero": "483", "tipo__sigla": "IND", "tipo__descricao": "Indica\u00e7\u00e3o", "autoria": "Frederico Henrique Cota Alves (Fred Piau)", "texto_original": "http://sapl.pedroleopoldo.mg.leg.br/media/sapl/public/materialegislativa/2023/22645/indicacao_483-23_-_ver._frederico.pdf", "ementa": "No uso de minhas atribui\u00e7\u00f5es regimentais, indico \u00e0 Excelent\u00edssima Senhora Prefeita determinar ao setor competente recapeamento da parte j\u00e1 asfaltada da Rua Pedro Ant\u00f4nio Pereira."}, {"id": "22646", "ano": "2023", "numero": "484", "tipo__sigla": "IND", "tipo__descricao": "Indica\u00e7\u00e3o", "autoria": "Rafael Vieira Faria (Rafa)", "texto_original": "http://sapl.pedroleopoldo.mg.leg.br/media/sapl/public/materialegislativa/2023/22646/indicacao_484-23_-_ver._rafael.pdf", "ementa": "Venho, no uso de minhas atribui\u00e7\u00f5es, apresentar indica\u00e7\u00e3o, sugerindo ao Poder Executivo a sinaliza\u00e7\u00e3o horizontal e vertical na Rua S\u00e3o Vicente entre a rua Suzana Passos e a Rodovia Neves"}, {"id": "22674", "ano": "2023", "numero": "485", "tipo__sigla": "IND", "tipo__descricao": "Indica\u00e7\u00e3o", "autoria": "Warlen Alves da Silva", "texto_original": "http://sapl.pedroleopoldo.mg.leg.br/media/sapl/public/materialegislativa/2023/22674/indicacao_485-23_-_ver._warlen.pdf", "ementa": "No uso de minhas atribui\u00e7\u00f5es regimentais, indico \u00e0 Excelent\u00edssima Senhora Prefeita determinar ao setor competente para que providencie o recapeamento asf\u00e1ltico em toda extens\u00e3o da rua Rivad\u00e1via, que liga os bairros S\u00e3o Jos\u00e9, bairro Santa Rita e o bairro Vila Aparecida, nesse munic\u00edpio."}, {"id": "22675", "ano": "2023", "numero": "486", "tipo__sigla": "IND", "tipo__descricao": "Indica\u00e7\u00e3o", "autoria": "Warlen Alves da Silva", "texto_original": "http://sapl.pedroleopoldo.mg.leg.br/media/sapl/public/materialegislativa/2023/22675/indicacao_486-23_-_ver._warlen.pdf", "ementa": "No uso de minhas atribui\u00e7\u00f5es regimentais, indico \u00e0 Excelent\u00edssima Senhora Prefeita determinar ao setor competente para que providencie o recapeamento asf\u00e1ltico em toda extens\u00e3o da Rod\u00f3via Dr. Ot\u00e1vio Costa ,no bairro Dr. Lund, neste mun\u00edcipio."}, {"id": "22692", "ano": "2023", "numero": "487", "tipo__sigla": "IND", "tipo__descricao": "Indica\u00e7\u00e3o", "autoria": "Warlen Alves da Silva", "texto_original": "http://sapl.pedroleopoldo.mg.leg.br/media/sapl/public/materialegislativa/2023/22692/indicacao_487-23_-_ver._warlen.pdf", "ementa": "No uso de minhas atribui\u00e7\u00f5es regimentais, indico \u00e0 Excelent\u00edssima Senhora Prefeita determinar ao setor competente para que providencie o recapeamento asf\u00e1ltico na  Avenida Camilo Alves da Silva, pr\u00f3ximo a rua Jo\u00e3o Evangelista Serafim, que liga o bairro Teotonio Batista de Freitas ao bairro Novo Campinho, neste Munic\u00edpio."}, {"id": "22679", "ano": "2023", "numero": "488", "tipo__sigla": "IND", "tipo__descricao": "Indica\u00e7\u00e3o", "autoria": "Warlen Alves da Silva", "texto_original": "http://sapl.pedroleopoldo.mg.leg.br/media/sapl/public/materialegislativa/2023/22679/indicacao_488-23_-_ver._warlen.pdf", "ementa": "No uso de minhas atribui\u00e7\u00f5es regimentais, indico \u00e0 Excelent\u00edssima Senhora Prefeita determinar ao setor competente para que providencie o recapeamento asf\u00e1ltico em toda extens\u00e3o da rua Guida Viana, no bairro Felipe Cla\u00fadio de Sales, neste Munic\u00edpio."}, {"id": "22682", "ano": "2023", "numero": "489", "tipo__sigla": "IND", "tipo__descricao": "Indica\u00e7\u00e3o", "autoria": "Cynthia Salom\u00e3o Bastos Faria", "texto_original": "http://sapl.pedroleopoldo.mg.leg.br/media/sapl/public/materialegislativa/2023/22682/indicacao_489-23-_ver._cynthia.pdf", "ementa": "Indica, \u00e0 Excelent\u00edssima Senhora Prefeita, determinar ao setor competente, a perfura\u00e7\u00e3o de um po\u00e7o artesiano e a constru\u00e7\u00e3o de uma rede de \u00e1gua na Estrada do Bebedouro, no bairro Quinta do Sumidouro neste Munic\u00edpio."}, {"id": "22689", "ano": "2023", "numero": "490", "tipo__sigla": "IND", "tipo__descricao": "Indica\u00e7\u00e3o", "autoria": "Mauro J\u00fanior Lopes Francisco", "texto_original": "http://sapl.pedroleopoldo.mg.leg.br/media/sapl/public/materialegislativa/2023/22689/indicacao_490-23_-_ver._mauro.pdf", "ementa": "No uso de minhas atribui\u00e7\u00f5es regimentais, indico \u00e0 Excelent\u00edssima Senhora Prefeita determinar ao setor competente, a instala\u00e7\u00e3o de um ponto de \u00f4nibus com cobertura, na Avenida Camilo Alves da Silva, a altura do n\u00famero 3.045 (pr\u00f3ximo a antiga empresa de transportes Rodolatina), localizada no bairro Dom Camilo."}, {"id": "22683", "ano": "2023", "numero": "491", "tipo__sigla": "IND", "tipo__descricao": "Indica\u00e7\u00e3o", "autoria": "Cynthia Salom\u00e3o Bastos Faria", "texto_original": "http://sapl.pedroleopoldo.mg.leg.br/media/sapl/public/materialegislativa/2023/22683/indicacao_491-23_-_ver._cynthia.pdf", "ementa": "Indica \u00e0 Excelent\u00edssima Senhora Prefeita, determinar ao setor competente alterar a rota do \u00f4nibus escolar que transportam os alunos da Quinta do Sumidouro para a Escola Municipal Quinta do Sumidouro e Escola Estadual Romero Carvalho, neste munic\u00edpio."}, {"id": "22684", "ano": "2023", "numero": "492", "tipo__sigla": "IND", "tipo__descricao": "Indica\u00e7\u00e3o", "autoria": "Eldir Jos\u00e9 Batista (Baixinho da Garagem)", "texto_original": "http://sapl.pedroleopoldo.mg.leg.br/media/sapl/public/materialegislativa/2023/22684/indicacao_492-23_-_ver._eldir.pdf", "ementa": "No uso de minhas atribui\u00e7\u00f5es regimentais, indico conceder Mo\u00e7\u00e3o de Parab\u00e9ns \u00e0 Excelent\u00edssima Dra. Maria Cristina Diniz Caixeta, pela Posse como Desembargadora no TRT da 3\u00aa Regi\u00e3o."}, {"id": "22685", "ano": "2023", "numero": "493", "tipo__sigla": "IND", "tipo__descricao": "Indica\u00e7\u00e3o", "autoria": "Guilherme de Lima Braga (Guilherme do Doce)", "texto_original": "http://sapl.pedroleopoldo.mg.leg.br/media/sapl/public/materialegislativa/2023/22685/indicacao_493-23_-_ver._guilherme.pdf", "ementa": "No uso de minhas atribui\u00e7\u00f5es regimentais, indico \u00e0 Excelent\u00edssima Senhora Prefeita, determinar ao setor competente providenciar o servi\u00e7o de recapeamento asf\u00e1ltico na rua Jo\u00e3o Aleixo, Jo\u00e3o Leroy e Ibrahim Sinval Filag\u00f4nio, localizadas no bairro Santa Rita, neste Munic\u00edpio."}, {"id": "22686", "ano": "2023", "numero": "494", "tipo__sigla": "IND", "tipo__descricao": "Indica\u00e7\u00e3o", "autoria": "Guilherme de Lima Braga (Guilherme do Doce)", "texto_original": "http://sapl.pedroleopoldo.mg.leg.br/media/sapl/public/materialegislativa/2023/22686/indicacao_494-23_-_ver._guilherme.pdf", "ementa": "No uso de minhas atribui\u00e7\u00f5es regimentais, indico a Excelent\u00edssima Senhora Prefeita determinar ao setor competente a Constru\u00e7\u00e3o de um Posto de Sa\u00fade no Bairro Manoel Brand\u00e3o, neste Munic\u00edpio."}, {"id": "22687", "ano": "2023", "numero": "495", "tipo__sigla": "IND", "tipo__descricao": "Indica\u00e7\u00e3o", "autoria": "Guilherme de Lima Braga (Guilherme do Doce)", "texto_original": "http://sapl.pedroleopoldo.mg.leg.br/media/sapl/public/materialegislativa/2023/22687/indicacao_495-23_-_ver._guiherme.pdf", "ementa": "No uso de minhas atribui\u00e7\u00f5es regimentais, indico a Excelent\u00edssima Senhora Prefeita determinar ao setor competente providenciar um ponto de \u00f4nibus na rua Pedro Leopoldo pr\u00f3ximo ao n\u00famero 195 A, localizada no Distrito de Vera cruz de Minas, neste Mun\u00edcipio."}, {"id": "22713", "ano": "2023", "numero": "496", "tipo__sigla": "IND", "tipo__descricao": "Indica\u00e7\u00e3o", "autoria": "Frederico Henrique Cota Alves (Fred Piau)", "texto_original": "http://sapl.pedroleopoldo.mg.leg.br/media/sapl/public/materialegislativa/2023/22713/indicacao_496-23_-ver._frederico.pdf", "ementa": "No uso de minhas atribui\u00e7\u00f5es regimentais, indico \u00e0 Excelent\u00edssima Senhora Prefeita determinar ao setor competente instala\u00e7\u00e3o e uma academia ao ar livre na pra\u00e7a Juscelino Kubistchek, no bairro Felipe Cl\u00e1udio de Sales."}, {"id": "22714", "ano": "2023", "numero": "497", "tipo__sigla": "IND", "tipo__descricao": "Indica\u00e7\u00e3o", "autoria": "Frederico Henrique Cota Alves (Fred Piau)", "texto_original": "http://sapl.pedroleopoldo.mg.leg.br/media/sapl/public/materialegislativa/2023/22714/indicacao_497-23_-ver_._frederico.pdf", "ementa": "Renovar a sinaliza\u00e7\u00e3o da Rotat\u00f3ria em frente ao Posto Rone no cruzamento da Rua S\u00e3o Paulo com rua Prefeito Cec\u00e9 e Agenor Teixeira da Costa, bem como melhorias nas sinaliza\u00e7\u00f5es pr\u00f3ximo ao local."}, {"id": "22715", "ano": "2023", "numero": "498", "tipo__sigla": "IND", "tipo__descricao": "Indica\u00e7\u00e3o", "autoria": "", "texto_original": "http://sapl.pedroleopoldo.mg.leg.br/media/sapl/public/materialegislativa/2023/22715/indicacao_498-23-ver_._frederico.pdf", "ementa": "A instala\u00e7\u00e3o de redutor de velocidade (quebra-molas) na Av. Heitor Cl\u00e1udio de Sales, pr\u00f3ximo n\u00ba 853, (Sal\u00e3o do Jackson), bem como melhorias da sinaliza\u00e7\u00e3o pr\u00f3ximo a este local."}, {"id": "22716", "ano": "2023", "numero": "499", "tipo__sigla": "IND", "tipo__descricao": "Indica\u00e7\u00e3o", "autoria": "Frederico Henrique Cota Alves (Fred Piau)", "texto_original": "http://sapl.pedroleopoldo.mg.leg.br/media/sapl/public/materialegislativa/2023/22716/indicacao_499-23-ver_._frederico.pdf", "ementa": "No uso de minhas atribui\u00e7\u00f5es regimentais, indico \u00e0 Excelent\u00edssima Senhora Prefeita determinar ao setor competente pavimentar as ruas Arecas e nove no bairro Morada dos Hibiscos."}, {"id": "22719", "ano": "2023", "numero": "500", "tipo__sigla": "IND", "tipo__descricao": "Indica\u00e7\u00e3o", "autoria": "Frederico Henrique Cota Alves (Fred Piau)", "texto_original": "http://sapl.pedroleopoldo.mg.leg.br/media/sapl/public/materialegislativa/2023/22719/indicacao_500-23-ver_._frederico.pdf", "ementa": "Averiguar o motivo do asfalto est\u00e1 cedendo na rua Betim na altura do n\u00famero 130."}, {"id": "22720", "ano": "2023", "numero": "501", "tipo__sigla": "IND", "tipo__descricao": "Indica\u00e7\u00e3o", "autoria": "Warlen Alves da Silva", "texto_original": "http://sapl.pedroleopoldo.mg.leg.br/media/sapl/public/materialegislativa/2023/22720/indicacao_501-23_-ver._warlen.pdf", "ementa": "No uso de minhas atribui\u00e7\u00f5es regimentais, indico \u00e0 Excelent\u00edssima Senhora Prefeita determinar ao setor competente para que providencie o recapeamento asf\u00e1ltico em toda extens\u00e3o da rua Vit\u00f3ria, no bairro Mirante, desse Munic\u00edpio"}, {"id": "22726", "ano": "2023", "numero": "502", "tipo__sigla": "IND", "tipo__descricao": "Indica\u00e7\u00e3o", "autoria": "Rafael Vieira Faria (Rafa)", "texto_original": "http://sapl.pedroleopoldo.mg.leg.br/media/sapl/public/materialegislativa/2023/22726/indicacao_502_-23_-ver._rafael.pdf", "ementa": "Venho, no uso de minhas atribui\u00e7\u00f5es, apresentar indica\u00e7\u00e3o, sugerindo ao Poder Executivo a constru\u00e7\u00e3o de uma pista de cooper e ciclovia ao longo da via, no trecho entre Vera Cruz e Neves, visando promover mais seguran\u00e7a \u00e0s pessoas, al\u00e9m de estimular a pratica de atividade f\u00edsica."}, {"id": "22728", "ano": "2023", "numero": "503", "tipo__sigla": "IND", "tipo__descricao": "Indica\u00e7\u00e3o", "autoria": "Leonardo Pereira Ribeiro (Leoz\u00e3o)", "texto_original": "http://sapl.pedroleopoldo.mg.leg.br/media/sapl/public/materialegislativa/2023/22728/indicacao_503_-23-_ver._leonardo.pdf", "ementa": "No uso de minhas atribui\u00e7\u00f5es regimentais, indico \u00e0 Excelent\u00edssima Sra Prefeita, solicitar ao \u00f3rg\u00e3o competente, providenciar a coloca\u00e7\u00e3o de telhado, no espa\u00e7o anexo ao ESF do bairro Morada dos Angicos, onde um grupo de moradores usa para fazer gin\u00e1stica."}, {"id": "22729", "ano": "2023", "numero": "504", "tipo__sigla": "IND", "tipo__descricao": "Indica\u00e7\u00e3o", "autoria": "Leonardo Pereira Ribeiro (Leoz\u00e3o)", "texto_original": "http://sapl.pedroleopoldo.mg.leg.br/media/sapl/public/materialegislativa/2023/22729/indicacao_504_-23-_ver._leonardo.pdf", "ementa": "No uso de minhas atribui\u00e7\u00f5es regimentais, solicito a Excelent\u00edssima Sra Prefeita, encaminhar ao \u00f3rg\u00e3o competente, providenciar uma mesa de refeit\u00f3rio no ESF do Bairro Morada dos Angicos, no munic\u00edpio de Pedro Leopoldo MG."}, {"id": "22730", "ano": "2023", "numero": "505", "tipo__sigla": "IND", "tipo__descricao": "Indica\u00e7\u00e3o", "autoria": "Warlen Alves da Silva", "texto_original": "http://sapl.pedroleopoldo.mg.leg.br/media/sapl/public/materialegislativa/2023/22730/indicacao_505-_23_-ver._warlen.pdf", "ementa": "No uso de minhas atribui\u00e7\u00f5es regimentais, indico \u00e0 Excelent\u00edssima Senhora Prefeita determinar ao setor competente providenciar a instala\u00e7\u00e3o de l\u00e2mpadas de Diodo Emissor de Luz LED, em toda a extens\u00e3o da Avenida Levi Teixeira da Costa - Bairro Maria de Lourdes, neste munic\u00edpio."}, {"id": "22731", "ano": "2023", "numero": "506", "tipo__sigla": "IND", "tipo__descricao": "Indica\u00e7\u00e3o", "autoria": "Leonardo Pereira Ribeiro (Leoz\u00e3o)", "texto_original": "http://sapl.pedroleopoldo.mg.leg.br/media/sapl/public/materialegislativa/2023/22731/indicacao_506_-23_-ver._leonardo.pdf", "ementa": "No uso de minhas atribui\u00e7\u00f5es regimentais, solicito a Excelent\u00edssima Sra Prefeita, encaminhar ao \u00f3rg\u00e3o competente, providenciar c\u00e2meras de seguran\u00e7a no ESF do Bairro Morada dos Angicos, no munic\u00edpio de Pedro Leopoldo MG."}, {"id": "22732", "ano": "2023", "numero": "507", "tipo__sigla": "IND", "tipo__descricao": "Indica\u00e7\u00e3o", "autoria": "Leonardo Pereira Ribeiro (Leoz\u00e3o)", "texto_original": "http://sapl.pedroleopoldo.mg.leg.br/media/sapl/public/materialegislativa/2023/22732/indicacao_507_-23_-ver._leonardo.pdf", "ementa": "No uso de minhas atribui\u00e7\u00f5es regimentais, solicito a Excelent\u00edssima Sra Prefeita, encaminhar ao \u00f3rg\u00e3o competente, um aparelho telef\u00f4nico corporativo no ESF do Bairro Morada dos Angicos, no munic\u00edpio de Pedro Leopoldo MG."}, {"id": "22733", "ano": "2023", "numero": "508", "tipo__sigla": "IND", "tipo__descricao": "Indica\u00e7\u00e3o", "autoria": "Evaldo Geraldo do Carmo (Evaldo do A\u00e7ougue)", "texto_original": "http://sapl.pedroleopoldo.mg.leg.br/media/sapl/public/materialegislativa/2023/22733/indicacao_508_-23-_ver._evaldo.pdf", "ementa": "Indica sinaliza\u00e7\u00e3o no cruzamento das ruas Jos\u00e9 Justino dos reis com a rua Francisca Alves Carvalho, no bairro dom Santa Tereza."}, {"id": "22734", "ano": "2023", "numero": "510", "tipo__sigla": "IND", "tipo__descricao": "Indica\u00e7\u00e3o", "autoria": "Rafael Vieira Faria (Rafa)", "texto_original": "http://sapl.pedroleopoldo.mg.leg.br/media/sapl/public/materialegislativa/2023/22734/indicacao_510_-23-_ver._rafael.pdf", "ementa": "Indica\u00e7\u00e3o\r\nInicialmente a inten\u00e7\u00e3o era aprovar uma lei declarando a festividade do Boi da Manta Patrim\u00f4nio Cultural Imateral de Pedro Leopoldo. No entanto, proposta n\u00e3o prosperou, consoante a Lei n\u00ba 2.963, de 13 de julho de 2007, que institui as formas de registros de bens culturais de natureza imaterial ou intang\u00edvel que constitui o patrim\u00f4nio cultural de Pedro Leopoldo.\r\nPosto isso a proposta de lei foi transformada em indica\u00e7\u00e3o, conforme justificativa em anexo."}, {"id": "22736", "ano": "2023", "numero": "511", "tipo__sigla": "IND", "tipo__descricao": "Indica\u00e7\u00e3o", "autoria": "Cynthia Salom\u00e3o Bastos Faria", "texto_original": "http://sapl.pedroleopoldo.mg.leg.br/media/sapl/public/materialegislativa/2023/22736/indicacao_511_-23-_ver._cynthia.pdf", "ementa": "Indica \u00e0 Excelent\u00edssima Senhora Prefeita, determinar ao setor competente criar estrat\u00e9gias para inibi\u00e7\u00e3o de pombos, como a coloca\u00e7\u00e3o de telas de prote\u00e7\u00e3o para evitar a entrada dos pombos no telhado das Institui\u00e7\u00f5es Escolares Municipais, neste Munic\u00edpio."}, {"id": "22737", "ano": "2023", "numero": "512", "tipo__sigla": "IND", "tipo__descricao": "Indica\u00e7\u00e3o", "autoria": "Cynthia Salom\u00e3o Bastos Faria", "texto_original": "http://sapl.pedroleopoldo.mg.leg.br/media/sapl/public/materialegislativa/2023/22737/indicacao_512_-23_-ver._cynthia.pdf", "ementa": "Indica \u00e0 Excelent\u00edssima Senhora Prefeita, determinar ao setor competente criar estrat\u00e9gias para inibi\u00e7\u00e3o de pombos, como a coloca\u00e7\u00e3o de telas de prote\u00e7\u00e3o para evitar a entrada dos pombos no telhado das Institui\u00e7\u00f5es Escolares Municipais, neste Munic\u00edpio."}, {"id": "22752", "ano": "2023", "numero": "513", "tipo__sigla": "IND", "tipo__descricao": "Indica\u00e7\u00e3o", "autoria": "Frederico Henrique Cota Alves (Fred Piau)", "texto_original": "http://sapl.pedroleopoldo.mg.leg.br/media/sapl/public/materialegislativa/2023/22752/indicacao_513-2023_-_ver._frederico.pdf", "ementa": "No uso de minhas atribui\u00e7\u00f5es regimentais, indico \u00e0 Excelent\u00edssima Senhora Prefeita determinar ao setor competente implementar um Circuito Cultural nas pra\u00e7as do munic\u00edpio de Pedro Leopoldo"}, {"id": "22753", "ano": "2023", "numero": "514", "tipo__sigla": "IND", "tipo__descricao": "Indica\u00e7\u00e3o", "autoria": "Frederico Henrique Cota Alves (Fred Piau)", "texto_original": "http://sapl.pedroleopoldo.mg.leg.br/media/sapl/public/materialegislativa/2023/22753/indicacao__514_-2023_-_ver._frederico.pdf", "ementa": "No uso de minhas atribui\u00e7\u00f5es regimentais, indico \u00e0 Excelent\u00edssima Senhora Prefeita determinar ao setor competente a volta do Festival de Ver\u00e3o de Pedro Leopoldo, Priorizando os artistas locais."}, {"id": "22755", "ano": "2023", "numero": "515", "tipo__sigla": "IND", "tipo__descricao": "Indica\u00e7\u00e3o", "autoria": "Frederico Henrique Cota Alves (Fred Piau)", "texto_original": "http://sapl.pedroleopoldo.mg.leg.br/media/sapl/public/materialegislativa/2023/22755/indicacao_515-2023_-_ver._frederico.pdf", "ementa": "No uso de minhas atribui\u00e7\u00f5es regimentais, indico \u00e0 Excelent\u00edssima Senhora Prefeita determinar ao setor competente a revitaliza\u00e7\u00e3o dos passeios da \u00e1rea central para o devido atendimento das pessoas com defici\u00eancia."}, {"id": "22756", "ano": "2023", "numero": "516", "tipo__sigla": "IND", "tipo__descricao": "Indica\u00e7\u00e3o", "autoria": "Frederico Henrique Cota Alves (Fred Piau)", "texto_original": "http://sapl.pedroleopoldo.mg.leg.br/media/sapl/public/materialegislativa/2023/22756/indicacao_516-2023_-_ver._frederico.pdf", "ementa": "No uso de minhas atribui\u00e7\u00f5es regimentais, indico \u00e0 Excelent\u00edssima Senhora Prefeita determinar ao setor competente a cria\u00e7\u00e3o do JOMEI \u2013 Jogos da Melhor Idade no munic\u00edpio."}, {"id": "22759", "ano": "2023", "numero": "517", "tipo__sigla": "IND", "tipo__descricao": "Indica\u00e7\u00e3o", "autoria": "Frederico Henrique Cota Alves (Fred Piau)", "texto_original": "http://sapl.pedroleopoldo.mg.leg.br/media/sapl/public/materialegislativa/2023/22759/indicacao_517-2023-_ver._frederico.pdf", "ementa": "No uso de minhas atribui\u00e7\u00f5es regimentais, indico \u00e0 Excelent\u00edssima Senhora Prefeita determinar ao setor competente a cria\u00e7\u00e3o de um fundo espec\u00edfico para prote\u00e7\u00e3o e bem-estar animal no munic\u00edpio."}, {"id": "22760", "ano": "2023", "numero": "518", "tipo__sigla": "IND", "tipo__descricao": "Indica\u00e7\u00e3o", "autoria": "Mauro J\u00fanior Lopes Francisco", "texto_original": "http://sapl.pedroleopoldo.mg.leg.br/media/sapl/public/materialegislativa/2023/22760/indicacao_518-2023_-_ver._mauro.pdf", "ementa": "No uso de minhas atribui\u00e7\u00f5es regimentais, indico \u00e0 Excelent\u00edssima Senhora Prefeita determinar ao setor competente, que seja realizada a limpeza e desobstru\u00e7\u00e3o do bueiro localizado na Rua B (casas populares), no Distrito de Vera Cruz."}, {"id": "22761", "ano": "2023", "numero": "519", "tipo__sigla": "IND", "tipo__descricao": "Indica\u00e7\u00e3o", "autoria": "Cynthia Salom\u00e3o Bastos Faria", "texto_original": "http://sapl.pedroleopoldo.mg.leg.br/media/sapl/public/materialegislativa/2023/22761/indicacao_519-2023_-_ver._cynthia.pdf", "ementa": "Indica, \u00e0 Excelent\u00edssima Senhora Prefeita, a destinar recursos financeiros para a constru\u00e7\u00e3o de Pol\u00edticas P\u00fablicas direcionadas \u00e0 popula\u00e7\u00e3o LGBTQIAPN+, atrav\u00e9s do Conselho Municipal LGBTQIAPN+, neste Munic\u00edpio."}, {"id": "22762", "ano": "2023", "numero": "520", "tipo__sigla": "IND", "tipo__descricao": "Indica\u00e7\u00e3o", "autoria": "Rafael Vieira Faria (Rafa)", "texto_original": "http://sapl.pedroleopoldo.mg.leg.br/media/sapl/public/materialegislativa/2023/22762/indicacao_520-_2023_-_ver._rafael.pdf", "ementa": "Venho, no uso de minhas atribui\u00e7\u00f5es regimentais, apresentar presente indica\u00e7\u00e3o, sugerindo ao Poder Executivo, a constru\u00e7\u00e3o de um Posto de Sa\u00fade da Fam\u00edlia no Distrito de Lagoa de Santo Ant\u00f4nio, tornando o acesso ao Posto de Sa\u00fade mais pr\u00f3ximo da popula\u00e7\u00e3o, sobretudo para aquelas pessoas que residem em bairros mais distantes do bairro Santa Tereza."}, {"id": "22765", "ano": "2023", "numero": "521", "tipo__sigla": "IND", "tipo__descricao": "Indica\u00e7\u00e3o", "autoria": "Warlen Alves da Silva", "texto_original": "http://sapl.pedroleopoldo.mg.leg.br/media/sapl/public/materialegislativa/2023/22765/indicacao_521_-2023_-ver._warlen.pdf", "ementa": "No uso de minhas atribui\u00e7\u00f5es regimentais, indico \u00e0 Excelent\u00edssima Senhora Prefeita determinar ao setor competente para que providencie opera\u00e7\u00e3o tapa buraco em toda extens\u00e3o da rua Maria de Lourdes Alves de Andrade, no bairro Novo Campinho."}, {"id": "22766", "ano": "2023", "numero": "522", "tipo__sigla": "IND", "tipo__descricao": "Indica\u00e7\u00e3o", "autoria": "Mauro J\u00fanior Lopes Francisco", "texto_original": "http://sapl.pedroleopoldo.mg.leg.br/media/sapl/public/materialegislativa/2023/22766/indicacao_522_-_2023-_ver_mauro.pdf", "ementa": "No uso de minhas atribui\u00e7\u00f5es regimentais, indico \u00e0 Excelent\u00edssima Senhora Prefeita determinar ao setor competente, providenciar a pintura dos redutores de velocidade instalados \u00e0 Avenida Camilo Alves da Silva, pr\u00f3ximo \u00e0 entrada do bairro Teot\u00f4nio Batista de Freitas, \u00e0 altura dos n\u00fameros 1.304 e 1.550, neste munic\u00edpio."}, {"id": "22767", "ano": "2023", "numero": "523", "tipo__sigla": "IND", "tipo__descricao": "Indica\u00e7\u00e3o", "autoria": "Warlen Alves da Silva", "texto_original": "http://sapl.pedroleopoldo.mg.leg.br/media/sapl/public/materialegislativa/2023/22767/indicacao_523_-2023_-_ver.warlen.pdf", "ementa": "No uso de minhas atribui\u00e7\u00f5es regimentais, indico a Vossa Excel\u00eancia conceder de Mo\u00e7\u00e3o de Parab\u00e9ns ao Adilson da Silva Santos, pelos relevantes trabalhos prestados \u00e0 Policia Militar e pelos trinta e tr\u00eas anos como Oficial de Justi\u00e7a - TJMG."}, {"id": "22768", "ano": "2023", "numero": "524", "tipo__sigla": "IND", "tipo__descricao": "Indica\u00e7\u00e3o", "autoria": "Cynthia Salom\u00e3o Bastos Faria", "texto_original": "http://sapl.pedroleopoldo.mg.leg.br/media/sapl/public/materialegislativa/2023/22768/indicacao_524_-_2023_-_ver._cynthia.pdf", "ementa": "Indica declarar a Roda de Capoeira, Patrim\u00f4nio Cultural Imaterial do Munic\u00edpio de Pedro Leopoldo"}, {"id": "22769", "ano": "2023", "numero": "525", "tipo__sigla": "IND", "tipo__descricao": "Indica\u00e7\u00e3o", "autoria": "Cynthia Salom\u00e3o Bastos Faria", "texto_original": "http://sapl.pedroleopoldo.mg.leg.br/media/sapl/public/materialegislativa/2023/22769/indicacao_525-_2023_-_ver._cynthia.pdf", "ementa": "Indica adquirir um terreno em Fidalgo para a constru\u00e7\u00e3o de um Centro Cultural para servir de ponto de apoio para as manifesta\u00e7\u00f5es culturais locais e regionais, neste Munic\u00edpio."}, {"id": "22798", "ano": "2023", "numero": "526", "tipo__sigla": "IND", "tipo__descricao": "Indica\u00e7\u00e3o", "autoria": "Frederico Henrique Cota Alves (Fred Piau)", "texto_original": "http://sapl.pedroleopoldo.mg.leg.br/media/sapl/public/materialegislativa/2023/22798/indicacao_526-2023.pdf", "ementa": "Providenciar a constru\u00e7\u00e3o de uma faixa elevada na Av. Heitor Cl\u00e1udio de Sales, altura do n\u00famero 547 \u2013 Bairro Felipe Cl\u00e1udio de Sales"}, {"id": "22799", "ano": "2023", "numero": "527", "tipo__sigla": "IND", "tipo__descricao": "Indica\u00e7\u00e3o", "autoria": "Frederico Henrique Cota Alves (Fred Piau)", "texto_original": "http://sapl.pedroleopoldo.mg.leg.br/media/sapl/public/materialegislativa/2023/22799/indicacao_527-2023.pdf", "ementa": "No uso de minhas atribui\u00e7\u00f5es regimentais, indico \u00e0 Excelent\u00edssima Senhora Prefeita determinar ao setor competente melhorias na sinaliza\u00e7\u00e3o de tr\u00e2nsito pr\u00f3ximo \u00e0 igreja S\u00e3o Judas Tadeu, no Bairro Andyara."}, {"id": "22801", "ano": "2023", "numero": "528", "tipo__sigla": "IND", "tipo__descricao": "Indica\u00e7\u00e3o", "autoria": "Frederico Henrique Cota Alves (Fred Piau)", "texto_original": "http://sapl.pedroleopoldo.mg.leg.br/media/sapl/public/materialegislativa/2023/22801/indicacao_528-2023.pdf", "ementa": "A reconstru\u00e7\u00e3o do passeio no in\u00edcio da rua Maur\u00edcio de Azevedo na subida do bairro Magalh\u00e3es pr\u00f3ximo a coleta do bairro."}, {"id": "22802", "ano": "2023", "numero": "530", "tipo__sigla": "IND", "tipo__descricao": "Indica\u00e7\u00e3o", "autoria": "", "texto_original": "http://sapl.pedroleopoldo.mg.leg.br/media/sapl/public/materialegislativa/2023/22802/indicacao_530-2023.pdf", "ementa": "No uso de minhas atribui\u00e7\u00f5es regimentais, indico \u00e0 Excelent\u00edssima Senhora Prefeita determinar ao setor competente colocar uma grade ou placa de concreto na cal\u00e7ada da Av. Heitor Cl\u00e1udio de Sales, pr\u00f3ximo a escola Dona Jandirinha Sales Joviano, altura do n\u00famero 649, no Bairro Felipe Cl\u00e1udio de Sales, neste munic\u00edpio."}, {"id": "22803", "ano": "2023", "numero": "531", "tipo__sigla": "IND", "tipo__descricao": "Indica\u00e7\u00e3o", "autoria": "Cynthia Salom\u00e3o Bastos Faria", "texto_original": "http://sapl.pedroleopoldo.mg.leg.br/media/sapl/public/materialegislativa/2023/22803/indicacao_531-2023.pdf", "ementa": "Indica \u00e0 Excelent\u00edssima Senhora Prefeita, determinar ao setor competente instalar lixeira na \u00e1rea externa do CEMAI Eug\u00eania de Bastos, em Fidalgo, neste Munic\u00edpio."}, {"id": "22805", "ano": "2023", "numero": "532", "tipo__sigla": "IND", "tipo__descricao": "Indica\u00e7\u00e3o", "autoria": "Cynthia Salom\u00e3o Bastos Faria", "texto_original": "http://sapl.pedroleopoldo.mg.leg.br/media/sapl/public/materialegislativa/2023/22805/indicacao_532-2023.pdf", "ementa": "Indica \u00e0 Excelent\u00edssima Senhora Prefeita, realizar interven\u00e7\u00f5es de melhoria e seguran\u00e7a na estrada Jos\u00e9 Pedr\u00e3o na entrada principal que d\u00e1 acesso \u00e0 Gruta do Ba\u00fa, no Distrito de Fidalgo, neste Munic\u00edpio. De imediato, sugiro: \r\n\u2022        Placas de sinaliza\u00e7\u00e3o: Aten\u00e7\u00e3o! Entrada e sa\u00edda de ve\u00edculos; Cuidado! Travessia de pedestres;\r\n\u2022        Faixa elevada ou pintura de faixas de pedestres; \r\n\u2022        Acostamento com asfalto nos dois sentidos da via e outras mais que se fizerem necess\u00e1rias para garantir a seguran\u00e7a dos usu\u00e1rios."}, {"id": "22806", "ano": "2023", "numero": "533", "tipo__sigla": "IND", "tipo__descricao": "Indica\u00e7\u00e3o", "autoria": "Cynthia Salom\u00e3o Bastos Faria", "texto_original": "http://sapl.pedroleopoldo.mg.leg.br/media/sapl/public/materialegislativa/2023/22806/indicacao_533-2023.pdf", "ementa": "Indica \u00e0 Excelent\u00edssima Senhora Prefeita, determinar ao setor competente realizar as devidas melhorias no pr\u00e9dio da Escola Municipal Jos\u00e9 Elias da Costa. De imediato sugiro, a troca dos vasos sanit\u00e1rios e coloca\u00e7\u00e3o de espelhos nos banheiros destinados aos alunos, reparo na estrutura da parede met\u00e1lica do banheiro masculino, coloca\u00e7\u00e3o de uma parte da parede de estrutura met\u00e1lica do refeit\u00f3rio, reparo e/ou substitui\u00e7\u00e3o em algumas partes do alambrado de tela em torno da quadra de esportes, no Bairro Santo Ant\u00f4nio, neste munic\u00edpio."}, {"id": "22807", "ano": "2023", "numero": "534", "tipo__sigla": "IND", "tipo__descricao": "Indica\u00e7\u00e3o", "autoria": "Cynthia Salom\u00e3o Bastos Faria", "texto_original": "http://sapl.pedroleopoldo.mg.leg.br/media/sapl/public/materialegislativa/2023/22807/indicacao_534-2023.pdf", "ementa": "Indica \u00e0 Excelent\u00edssima Senhora Prefeita, a implantar o vale cultura para os professores e servidores da rede Municipal"}, {"id": "22836", "ano": "2023", "numero": "535", "tipo__sigla": "IND", "tipo__descricao": "Indica\u00e7\u00e3o", "autoria": "Frederico Henrique Cota Alves (Fred Piau)", "texto_original": "http://sapl.pedroleopoldo.mg.leg.br/media/sapl/public/materialegislativa/2023/22836/inidicacao_535_-2023.pdf", "ementa": "Pavimentar o restante do passeio na Av Heitor Cl\u00e1udio de Sales no Bairro Felipe Cl\u00e1udio de Sales, pr\u00f3ximo a casa nova m\u00f3veis no passeio que da acesso \u00e0 escola Jandirinha e manuten\u00e7\u00e3o do barranco onde as pessoas est\u00e3o jogando lixo no local."}, {"id": "22837", "ano": "2023", "numero": "536", "tipo__sigla": "IND", "tipo__descricao": "Indica\u00e7\u00e3o", "autoria": "Frederico Henrique Cota Alves (Fred Piau)", "texto_original": "http://sapl.pedroleopoldo.mg.leg.br/media/sapl/public/materialegislativa/2023/22837/inidicacao_536-2023.pdf", "ementa": "Constru\u00e7\u00e3o de uma faixa elevada na Av Heitor Cl\u00e1udio de Sales, altura do n.\u00ba 210 pr\u00f3ximo a loja do Petr\u00f4nio bateria e pe\u00e7as no Ad\u00e9lia Issa."}, {"id": "22838", "ano": "2023", "numero": "537", "tipo__sigla": "IND", "tipo__descricao": "Indica\u00e7\u00e3o", "autoria": "Frederico Henrique Cota Alves (Fred Piau)", "texto_original": "http://sapl.pedroleopoldo.mg.leg.br/media/sapl/public/materialegislativa/2023/22838/indicacao_537-2023.pdf", "ementa": "No uso de minhas atribui\u00e7\u00f5es regimentais, indico \u00e0 Excelent\u00edssima Senhora Prefeita determinar ao setor competente a cria\u00e7\u00e3o de um abrigo para mulheres em situa\u00e7\u00e3o de risco ou agress\u00e3o, para que ela possa se restabelecer e seguir sua vida com dignidade."}, {"id": "22839", "ano": "2023", "numero": "538", "tipo__sigla": "IND", "tipo__descricao": "Indica\u00e7\u00e3o", "autoria": "Frederico Henrique Cota Alves (Fred Piau)", "texto_original": "http://sapl.pedroleopoldo.mg.leg.br/media/sapl/public/materialegislativa/2023/22839/indicacao_538-2023.pdf", "ementa": "O uso de minhas atribui\u00e7\u00f5es regimentais, indico ao Excelent\u00edssimo Senhor Presidente determinar ao setor competente a inclus\u00e3o de link de WhatsApp no perfil de cada vereador, direcionando o cidad\u00e3o para o gabinete escolhido."}, {"id": "22840", "ano": "2023", "numero": "539", "tipo__sigla": "IND", "tipo__descricao": "Indica\u00e7\u00e3o", "autoria": "Frederico Henrique Cota Alves (Fred Piau)", "texto_original": "http://sapl.pedroleopoldo.mg.leg.br/media/sapl/public/materialegislativa/2023/22840/indicacao_539-2023.pdf", "ementa": "No uso de minhas atribui\u00e7\u00f5es regimentais, indico \u00e0 Excelent\u00edssima Senhora Prefeita determinar ao setor competente a convoca\u00e7\u00e3o da COPASA, para realizar a manuten\u00e7\u00e3o de um buraco na Rua Betim, na altura do n\u00famero 498 \u2013 bairro Santo Ant\u00f4nio."}, {"id": "22841", "ano": "2023", "numero": "540", "tipo__sigla": "IND", "tipo__descricao": "Indica\u00e7\u00e3o", "autoria": "Guilherme de Lima Braga (Guilherme do Doce)", "texto_original": "http://sapl.pedroleopoldo.mg.leg.br/media/sapl/public/materialegislativa/2023/22841/indicacao_540-2023.pdf", "ementa": "No uso de minhas atribui\u00e7\u00f5es regimentais, indico \u00e0 Excelent\u00edssima Senhora Prefeita solicitar ao setor competente que seja feito um reparo de infiltra\u00e7\u00e3o e uma nova pintura nas paredes do ESF do bairro Santo Ant\u00f4nio (Cascavel),  neste Munic\u00edpio."}, {"id": "22842", "ano": "2023", "numero": "541", "tipo__sigla": "IND", "tipo__descricao": "Indica\u00e7\u00e3o", "autoria": "Cynthia Salom\u00e3o Bastos Faria", "texto_original": "http://sapl.pedroleopoldo.mg.leg.br/media/sapl/public/materialegislativa/2023/22842/indicacao_541-2023.pdf", "ementa": "Indica \u00e0 Excelent\u00edssima Senhora Prefeita, determinar ao setor competente realizar a retirada dos barrancos de terra nas laterais da rua Agenor do Pio e realizar o seu alargamento, no Bairro Quinta do Sumidouro, neste Munic\u00edpio."}, {"id": "22843", "ano": "2023", "numero": "542", "tipo__sigla": "IND", "tipo__descricao": "Indica\u00e7\u00e3o", "autoria": "Mauro J\u00fanior Lopes Francisco", "texto_original": "http://sapl.pedroleopoldo.mg.leg.br/media/sapl/public/materialegislativa/2023/22843/indicacao_542-2023.pdf", "ementa": "No uso de minhas atribui\u00e7\u00f5es regimentais, indico a Vossa Excel\u00eancia a concess\u00e3o de Mo\u00e7\u00e3o de Parab\u00e9ns ao Cabo PM Laurisson Roberto R. Alc\u00e2ntara e a Soldado PM Larissa Santos Silva, que comp\u00f5em a equipe PPVD (Patrulha de Preven\u00e7\u00e3o a Viol\u00eancia Dom\u00e9stica) da pol\u00edcia militar de Pedro Leopoldo."}, {"id": "22844", "ano": "2023", "numero": "543", "tipo__sigla": "IND", "tipo__descricao": "Indica\u00e7\u00e3o", "autoria": "Cynthia Salom\u00e3o Bastos Faria", "texto_original": "http://sapl.pedroleopoldo.mg.leg.br/media/sapl/public/materialegislativa/2023/22844/indicacao_543-2023.pdf", "ementa": "Indico implantar aux\u00edlio combust\u00edvel ou gratifica\u00e7\u00e3o de dif\u00edcil acesso destinado a m\u00e9dicos de UBS\u2019s, pertencentes a comunidades mais distantes como Fidalgo, Quinta do Sumidouro, Quinta das Palmeiras e Vera cruz de Minas, neste Munic\u00edpio"}, {"id": "22845", "ano": "2023", "numero": "544", "tipo__sigla": "IND", "tipo__descricao": "Indica\u00e7\u00e3o", "autoria": "Mauro J\u00fanior Lopes Francisco", "texto_original": "http://sapl.pedroleopoldo.mg.leg.br/media/sapl/public/materialegislativa/2023/22845/indicacao_544-2023.pdf", "ementa": "No uso de minhas atribui\u00e7\u00f5es regimentais, indico a Vossa Excel\u00eancia a concess\u00e3o de Mo\u00e7\u00e3o de Parab\u00e9ns a senhora Rosilene Aparecida Gomes Cunha, moradora do bairro Vera Cruz de Minas, pela sua garra e por ser uma mulher cheia de virtudes."}, {"id": "23686", "ano": "2023", "numero": "545", "tipo__sigla": "IND", "tipo__descricao": "Indica\u00e7\u00e3o", "autoria": "Mauro J\u00fanior Lopes Francisco", "texto_original": "http://sapl.pedroleopoldo.mg.leg.br/media/sapl/public/materialegislativa/2023/23686/indicacao_545-2023-_mauro_junior.pdf", "ementa": "No uso de minhas atribui\u00e7\u00f5es regimentais, indico a Vossa Excel\u00eancia a concess\u00e3o de Mo\u00e7\u00e3o de Parab\u00e9ns a senhora Varlenita Barbosa Costa, moradora do bairro S\u00e3o Jos\u00e9, Pedro Leopoldo, pelo exemplo de mulher batalhadora, vencedora, justa e honesta."}, {"id": "22857", "ano": "2023", "numero": "546", "tipo__sigla": "IND", "tipo__descricao": "Indica\u00e7\u00e3o", "autoria": "Frederico Henrique Cota Alves (Fred Piau)", "texto_original": "http://sapl.pedroleopoldo.mg.leg.br/media/sapl/public/materialegislativa/2023/22857/indicacao_546-2023-_frederico_henrique.pdf", "ementa": "No uso de minhas atribui\u00e7\u00f5es regimentais, indico \u00e0 Excelent\u00edssima Senhora Prefeita determinar ao setor competente o reparo da rua Betim, bairro Santo Ant\u00f4nio, na altura do n\u00famero 131, em que o asfalto est\u00e1 cedendo."}, {"id": "22858", "ano": "2023", "numero": "547", "tipo__sigla": "IND", "tipo__descricao": "Indica\u00e7\u00e3o", "autoria": "Frederico Henrique Cota Alves (Fred Piau)", "texto_original": "http://sapl.pedroleopoldo.mg.leg.br/media/sapl/public/materialegislativa/2023/22858/indicacao_547-2023-_frederico_henrique.pdf", "ementa": "Melhorias na sinaliza\u00e7\u00e3o em um redutor de velocidade (quebra-molas), na rua Santa Luzia esquina com a rua Pac\u00edfico Jos\u00e9 Diniz na altura do n\u00famero 625 - Centro."}, {"id": "22859", "ano": "2023", "numero": "548", "tipo__sigla": "IND", "tipo__descricao": "Indica\u00e7\u00e3o", "autoria": "Frederico Henrique Cota Alves (Fred Piau)", "texto_original": "http://sapl.pedroleopoldo.mg.leg.br/media/sapl/public/materialegislativa/2023/22859/indicacao_548-2023-_frederico_henrique.pdf", "ementa": "Recapeamento asf\u00e1ltico na rua Santa Luzia \u2013 Centro."}, {"id": "22860", "ano": "2023", "numero": "549", "tipo__sigla": "IND", "tipo__descricao": "Indica\u00e7\u00e3o", "autoria": "Frederico Henrique Cota Alves (Fred Piau)", "texto_original": "http://sapl.pedroleopoldo.mg.leg.br/media/sapl/public/materialegislativa/2023/22860/indicacao_549-2023-_frederico_henrique.pdf", "ementa": "A instala\u00e7\u00e3o de l\u00e2mpadas de LED no campo Terrestre Futebol Clube, localizado na rua Raimundo Joaquim de Souza no bairro Dom Camilo."}, {"id": "22861", "ano": "2023", "numero": "550", "tipo__sigla": "IND", "tipo__descricao": "Indica\u00e7\u00e3o", "autoria": "Frederico Henrique Cota Alves (Fred Piau)", "texto_original": "http://sapl.pedroleopoldo.mg.leg.br/media/sapl/public/materialegislativa/2023/22861/indicacao_550-2023-_frederico_henrique.pdf", "ementa": "Cria\u00e7\u00e3o de Centro de Refer\u00eancia do Autista para promover inclus\u00e3o."}, {"id": "22862", "ano": "2023", "numero": "551", "tipo__sigla": "IND", "tipo__descricao": "Indica\u00e7\u00e3o", "autoria": "Guilherme de Lima Braga (Guilherme do Doce)", "texto_original": "http://sapl.pedroleopoldo.mg.leg.br/media/sapl/public/materialegislativa/2023/22862/indicacao_551-2023-_guilherme_de_lima.pdf", "ementa": "No uso de minhas atribui\u00e7\u00f5es regimentais, indico \u00e0 Excelent\u00edssima Senhora Prefeita solicitar ao setor competente providenciar a pintura de uma faixa de pedestres na rua Professor Bicalho pr\u00f3ximo ao n\u00famero 44 Centro, neste Munic\u00edpio."}, {"id": "22863", "ano": "2023", "numero": "552", "tipo__sigla": "IND", "tipo__descricao": "Indica\u00e7\u00e3o", "autoria": "Guilherme de Lima Braga (Guilherme do Doce)", "texto_original": "http://sapl.pedroleopoldo.mg.leg.br/media/sapl/public/materialegislativa/2023/22863/indicacao_552-2023-_guilherme_de_lima.pdf", "ementa": "No uso de minhas atribui\u00e7\u00f5es regimentais, indico \u00e0 Excelent\u00edssima Senhora Prefeita solicitar ao setor competente providenciar opera\u00e7\u00e3o tapa buracos em toda extens\u00e3o da rua Jos\u00e9 Pires Xavier Sobrinho no bairro Tri\u00e2ngulo, neste Munic\u00edpio"}, {"id": "22864", "ano": "2023", "numero": "553", "tipo__sigla": "IND", "tipo__descricao": "Indica\u00e7\u00e3o", "autoria": "Cynthia Salom\u00e3o Bastos Faria", "texto_original": "http://sapl.pedroleopoldo.mg.leg.br/media/sapl/public/materialegislativa/2023/22864/indicacao_553-2023-__cynthia_salomao.pdf", "ementa": "Indico implantar o aux\u00edlio-academia para os servidores p\u00fablicos municipais de Pedro Leopoldo."}, {"id": "22867", "ano": "2023", "numero": "554", "tipo__sigla": "IND", "tipo__descricao": "Indica\u00e7\u00e3o", "autoria": "Mauro J\u00fanior Lopes Francisco", "texto_original": "http://sapl.pedroleopoldo.mg.leg.br/media/sapl/public/materialegislativa/2023/22867/indicacao_554-2023-_mauro_junior.pdf", "ementa": "No uso de minhas atribui\u00e7\u00f5es regimentais, indico a Vossa Excel\u00eancia a concess\u00e3o de Mo\u00e7\u00e3o de Parab\u00e9ns ao senhor Wellington Luis Soares, pelos relevantes servi\u00e7os prestados \u00e0 comunidade de Vera Cruz de Minas, n\u00e3o medindo esfor\u00e7os para ajudar a Comunidade."}, {"id": "22868", "ano": "2023", "numero": "555", "tipo__sigla": "IND", "tipo__descricao": "Indica\u00e7\u00e3o", "autoria": "Rafael Vieira Faria (Rafa)", "texto_original": "http://sapl.pedroleopoldo.mg.leg.br/media/", "ementa": "Venho, no uso de minhas atribui\u00e7\u00f5es, apresentar indica\u00e7\u00e3o, sugerindo ao Poder Executivo a isen\u00e7\u00e3o de ITBI para aquelas pessoas que adquirir o primeiro im\u00f3vel atrav\u00e9s de SFH, bem como aqueles im\u00f3veis adquiridos pelo programa minha casa minha vida."}, {"id": "22869", "ano": "2023", "numero": "556", "tipo__sigla": "IND", "tipo__descricao": "Indica\u00e7\u00e3o", "autoria": "Cynthia Salom\u00e3o Bastos Faria", "texto_original": "http://sapl.pedroleopoldo.mg.leg.br/media/sapl/public/materialegislativa/2023/22869/indicacao_556-2023-_cynthia_salomao.pdf", "ementa": "Indico instituir Plano de Sa\u00fade e Plano Odontol\u00f3gico para os Servidores P\u00fablicos Municipais, neste Munic\u00edpio."}, {"id": "22871", "ano": "2023", "numero": "557", "tipo__sigla": "IND", "tipo__descricao": "Indica\u00e7\u00e3o", "autoria": "", "texto_original": "http://sapl.pedroleopoldo.mg.leg.br/media/sapl/public/materialegislativa/2023/22871/indicacao_557-2023-_rafael_faria.pdf", "ementa": "Venho, no uso de minhas atribui\u00e7\u00f5es, apresentar indica\u00e7\u00e3o, sugerindo ao Poder Executivo a reestrutura\u00e7\u00e3o do sistema de escoamento de \u00e1guas pluviais da Rua Geraldo Braz Moreira, situada no bairro Santo Ant\u00f4nio da Barra, consoante justificativa em anexo."}, {"id": "22872", "ano": "2023", "numero": "558", "tipo__sigla": "IND", "tipo__descricao": "Indica\u00e7\u00e3o", "autoria": "Matheus Utsch de Oliveira", "texto_original": "http://sapl.pedroleopoldo.mg.leg.br/media/", "ementa": "No uso de minhas atribui\u00e7\u00f5es regimentais, indico a receber MO\u00c7\u00c3O DE PARAB\u00c9NS a institui\u00e7\u00e3o LAIITE pelos seus 20 anos de trabalho filantr\u00f3pico beneficente prestados \u00e0 comunidade de Pedro Leopoldo."}, {"id": "22916", "ano": "2023", "numero": "559", "tipo__sigla": "IND", "tipo__descricao": "Indica\u00e7\u00e3o", "autoria": "Frederico Henrique Cota Alves (Fred Piau)", "texto_original": "http://sapl.pedroleopoldo.mg.leg.br/media/sapl/public/materialegislativa/2023/22916/indicacao_559-2023-_ver_frederico_henrique.pdf", "ementa": "No uso de minhas atribui\u00e7\u00f5es regimentais, indico \u00e0 Excelent\u00edssima Senhora Prefeita determinar ao setor competente realizar a pavimenta\u00e7\u00e3o asf\u00e1ltica na rua Flamboyant no bairro Hibiscos, neste Munic\u00edpio"}, {"id": "22917", "ano": "2023", "numero": "560", "tipo__sigla": "IND", "tipo__descricao": "Indica\u00e7\u00e3o", "autoria": "Frederico Henrique Cota Alves (Fred Piau)", "texto_original": "http://sapl.pedroleopoldo.mg.leg.br/media/sapl/public/materialegislativa/2023/22917/indicacao_560-2023-_ver_frederico_henrique.pdf", "ementa": "A instala\u00e7\u00e3o de ilumina\u00e7\u00e3o de LED na quadra e na Pra\u00e7a An\u00edbal Fernandes em Dr Lund."}, {"id": "22918", "ano": "2023", "numero": "561", "tipo__sigla": "IND", "tipo__descricao": "Indica\u00e7\u00e3o", "autoria": "Frederico Henrique Cota Alves (Fred Piau)", "texto_original": "http://sapl.pedroleopoldo.mg.leg.br/media/sapl/public/materialegislativa/2023/22918/indicacao_561-2023-_ver_frederico_henrique.pdf", "ementa": "No uso de minhas atribui\u00e7\u00f5es regimentais, indico \u00e0 Excelent\u00edssima Senhora Prefeita determinar ao setor competente melhoria na sinaliza\u00e7\u00e3o das ruas H\u00e9lio Issa e Via Norte, no bairro Portal das Ac\u00e1cias."}, {"id": "22919", "ano": "2023", "numero": "562", "tipo__sigla": "IND", "tipo__descricao": "Indica\u00e7\u00e3o", "autoria": "Frederico Henrique Cota Alves (Fred Piau)", "texto_original": "http://sapl.pedroleopoldo.mg.leg.br/media/", "ementa": "No uso de minhas atribui\u00e7\u00f5es regimentais, indico \u00e0 Excelent\u00edssima Senhora Prefeita determinar ao setor competente instala\u00e7\u00e3o de c\u00e2meras de monitoramento (Olho Vivo) no bairro Portal das Ac\u00e1cias."}, {"id": "22920", "ano": "2023", "numero": "563", "tipo__sigla": "IND", "tipo__descricao": "Indica\u00e7\u00e3o", "autoria": "Cynthia Salom\u00e3o Bastos Faria", "texto_original": "http://sapl.pedroleopoldo.mg.leg.br/media/sapl/public/materialegislativa/2023/22920/indicacao_563-2023-_ver_cynthia_salomao.pdf", "ementa": "Indica \u00e0 Excelent\u00edssima Senhora Prefeita,  a amplia\u00e7\u00e3o do passeio na rua Dr Cristiano Otoni ,555 ao lado do estacionamento da C\u00e2mara Municipal de Pedro Leopoldo, visto que tem varias \u00e1rvores que impedem/e ou dificultam a circula\u00e7\u00e3o dos pedestre"}, {"id": "22921", "ano": "2023", "numero": "564", "tipo__sigla": "IND", "tipo__descricao": "Indica\u00e7\u00e3o", "autoria": "Eldir Jos\u00e9 Batista (Baixinho da Garagem)", "texto_original": "http://sapl.pedroleopoldo.mg.leg.br/media/sapl/public/materialegislativa/2023/22921/indicacao_564-2023-_ver_eldir_jose.pdf", "ementa": "Indico ilumina\u00e7\u00e3o p\u00fablica em toda a extens\u00e3o da Rodovia Ascendino Jos\u00e9 Costa (Rodovia Neves) Pedro Leopoldo, bem como, postes e bra\u00e7os com l\u00e2mpadas de LED."}, {"id": "22922", "ano": "2023", "numero": "565", "tipo__sigla": "IND", "tipo__descricao": "Indica\u00e7\u00e3o", "autoria": "Cynthia Salom\u00e3o Bastos Faria", "texto_original": "http://sapl.pedroleopoldo.mg.leg.br/media/sapl/public/materialegislativa/2023/22922/indicacao_565-2023-_ver_cynthia_salomao.pdf", "ementa": "Indica \u00e0 Excelent\u00edssima Senhora Prefeita, determinar ao setor competente a colocar Bra\u00e7o de luz e L\u00e2mpadas de LED na Rua Orlando Melo Beliz\u00e1rio, 1390, Novo Campinho ao lado da BR MG424- pr\u00f3ximo ao Condom\u00ednio Vit\u00f3ria da Uni\u00e3o Prime, na entrada do Supermercado Apoio Mineiro"}, {"id": "22923", "ano": "2023", "numero": "566", "tipo__sigla": "IND", "tipo__descricao": "Indica\u00e7\u00e3o", "autoria": "Eldir Jos\u00e9 Batista (Baixinho da Garagem)", "texto_original": "http://sapl.pedroleopoldo.mg.leg.br/media/sapl/public/materialegislativa/2023/22923/indicacao_566-2023-_eldir_jose.pdf", "ementa": "Indico uma faixa elevada em frente o n\u00ba 119 da rua S\u00e3o Vicente, no Bairro Ferreiras em Pedro Leopoldo."}, {"id": "22924", "ano": "2023", "numero": "567", "tipo__sigla": "IND", "tipo__descricao": "Indica\u00e7\u00e3o", "autoria": "Cynthia Salom\u00e3o Bastos Faria", "texto_original": "http://sapl.pedroleopoldo.mg.leg.br/media/sapl/public/materialegislativa/2023/22924/indicacao_567-2023-_cynthia_salomao.pdf", "ementa": "Indico criar a Secretaria Municipal da Pessoa com Defici\u00eancia, Mobilidade Reduzida e de Aten\u00e7\u00e3o ao Idoso, neste Munic\u00edpio."}, {"id": "22925", "ano": "2023", "numero": "568", "tipo__sigla": "IND", "tipo__descricao": "Indica\u00e7\u00e3o", "autoria": "Frederico Henrique Cota Alves (Fred Piau)", "texto_original": "http://sapl.pedroleopoldo.mg.leg.br/media/sapl/public/materialegislativa/2023/22925/indicacao_568-2023-_ver_frederico.pdf", "ementa": "A instala\u00e7\u00e3o de cadeiras no Terminal Rodovi\u00e1rio de Pedro Leopoldo, para oferecer maior conforto aos usu\u00e1rios do transporte p\u00fablico."}, {"id": "22926", "ano": "2023", "numero": "569", "tipo__sigla": "IND", "tipo__descricao": "Indica\u00e7\u00e3o", "autoria": "Guilherme de Lima Braga (Guilherme do Doce)", "texto_original": "http://sapl.pedroleopoldo.mg.leg.br/media/sapl/public/materialegislativa/2023/22926/indicacao_569-2023_-_ver_guilherme.pdf", "ementa": "No uso de minhas atribui\u00e7\u00f5es regimentais, indico \u00e0 Excelent\u00edssima Senhora Prefeita solicitar ao setor competente providenciar o servi\u00e7o de patrolamento com cascalho nas ruas, Dezenove, Vinte, Vinte e Um, Vinte e Dois, Dezoito, Dois,, Tr\u00eas, Quatro, Cinco, Sete, Seis, Vinte e Tr\u00eas, Vinte e Quatro, Oito, Quinze, Dezesseis, Dezessete, Quatorze, Treze, Doze, Nove, Dez, Onze e nas Avenidas Um, Dois e Tr\u00eas, localizadas no bairro Manoel Brand\u00e3o, neste Munic\u00edpio."}, {"id": "22927", "ano": "2023", "numero": "570", "tipo__sigla": "IND", "tipo__descricao": "Indica\u00e7\u00e3o", "autoria": "Guilherme de Lima Braga (Guilherme do Doce)", "texto_original": "http://sapl.pedroleopoldo.mg.leg.br/media/", "ementa": "No uso de minhas atribui\u00e7\u00f5es regimentais, indico \u00e0 Excelent\u00edssima Senhora Prefeita solicitar ao setor competente providenciar opera\u00e7\u00e3o tapa buracos na rua Washington Luiz Oliveira pr\u00f3ximo ao n\u00famero 172, esquina com a rua Alfredo Barbosa no bairro Felipe Cl\u00e1udio de Sales, neste Munic\u00edpio"}, {"id": "22942", "ano": "2023", "numero": "571", "tipo__sigla": "IND", "tipo__descricao": "Indica\u00e7\u00e3o", "autoria": "Guilherme de Lima Braga (Guilherme do Doce)", "texto_original": "http://sapl.pedroleopoldo.mg.leg.br/media/sapl/public/materialegislativa/2023/22942/indicacao_571-2023-_ver_guilherme.pdf", "ementa": "No uso de minhas atribui\u00e7\u00f5es regimentais, indico \u00e0 Excelent\u00edssima Senhora Prefeita solicitar ao setor competente providenciar o servi\u00e7o de patrolamento com cascalho nas ruas, D\u00e1lia, Ort\u00eancia, Yp\u00ea Amarelo e Cervid\u00e3o, localizadas no bairro Quintas de Vera Cruz, neste Munic\u00edpio ."}, {"id": "22943", "ano": "2023", "numero": "572", "tipo__sigla": "IND", "tipo__descricao": "Indica\u00e7\u00e3o", "autoria": "Rafael Vieira Faria (Rafa)", "texto_original": "http://sapl.pedroleopoldo.mg.leg.br/media/sapl/public/materialegislativa/2023/22943/indicacao_572-2023_-_ver_rafael_faria.pdf", "ementa": "Venho, no uso de minhas atribui\u00e7\u00f5es, apresentar indica\u00e7\u00e3o, sugerindo ao Poder Executivo o recapeamento asf\u00e1ltico da Rua Jo\u00e3o Uriel, Bairro Tapera, Pedro Leopoldo, CEP 33257-496"}, {"id": "22944", "ano": "2023", "numero": "573", "tipo__sigla": "IND", "tipo__descricao": "Indica\u00e7\u00e3o", "autoria": "Evaldo Geraldo do Carmo (Evaldo do A\u00e7ougue)", "texto_original": "http://sapl.pedroleopoldo.mg.leg.br/media/sapl/public/materialegislativa/2023/22944/indicacao_573-2023-_ver_evaldo.pdf", "ementa": "No uso de minhas atribui\u00e7\u00f5es regimentais, indico \u00e0 Excelent\u00edssima Senhora Prefeita determinar ao setor competente a instala\u00e7\u00e3o de sinaliza\u00e7\u00e3o com tacha refletiva bidirecional (mini olho de gato), no cruzamento da Rua Vereador Magno Claret Vieira, esquina com a rua Mar\u00e7al Lopes da Silva, no Distrito de Lagoa de Santo Ant\u00f4nio, neste Munic\u00edpio."}, {"id": "22945", "ano": "2023", "numero": "574", "tipo__sigla": "IND", "tipo__descricao": "Indica\u00e7\u00e3o", "autoria": "Rafael Vieira Faria (Rafa)", "texto_original": "http://sapl.pedroleopoldo.mg.leg.br/media/sapl/public/materialegislativa/2023/22945/indicacao_574-2023-_ver_rafael_faria.pdf", "ementa": "Considerando a oportunidade de alterar a reda\u00e7\u00e3o da Lei Municipal trazendo-a para os mesmos moldes da Lei Estadual, venho, no uso de minhas atribui\u00e7\u00f5es apresentar indica\u00e7\u00e3o, sugerindo ao Poder Executivo a alterar a reda\u00e7\u00e3o do art. 55 da Lei Municipal n\u00ba 1.812 de 29 de abril de 1992,  visando conceder f\u00e9rias-pr\u00eamio de 03 (tr\u00eas) meses a cada per\u00edodo de 05 (cinco) anos para o servidor ocupante de cargo de provimento efetivo e fun\u00e7\u00e3o p\u00fablica do Munic\u00edpio de Pedro Leopoldo."}, {"id": "22946", "ano": "2023", "numero": "575", "tipo__sigla": "IND", "tipo__descricao": "Indica\u00e7\u00e3o", "autoria": "Warlen Alves da Silva", "texto_original": "http://sapl.pedroleopoldo.mg.leg.br/media/sapl/public/materialegislativa/2023/22946/indicacao_575-2023_-_ver_warlen_alves.pdf", "ementa": "No uso de minhas atribui\u00e7\u00f5es regimentais, indico \u00e0 Excelent\u00edssima Senhora Prefeita determinar ao setor competente, providenciar o servi\u00e7o de reparo ou troca da tampa de bueiro localizado pr\u00f3ximo ao n\u00famero 1975, rua Jo\u00e3o Teodoro da Silva, bairro Donato, neste munic\u00edpio."}, {"id": "22947", "ano": "2023", "numero": "576", "tipo__sigla": "IND", "tipo__descricao": "Indica\u00e7\u00e3o", "autoria": "Warlen Alves da Silva", "texto_original": "http://sapl.pedroleopoldo.mg.leg.br/media/sapl/public/materialegislativa/2023/22947/indicacao_576-2023_-ver_warlen_alves.pdf", "ementa": "No uso de minhas atribui\u00e7\u00f5es regimentais, indico \u00e0 Excelent\u00edssima Senhora Prefeita determinar ao setor competente para que providencie instala\u00e7\u00e3o de placas de sinaliza\u00e7\u00e3o horizontal de faixa de pedestres, pintura de faixa de pedestre e substitui\u00e7\u00e3o de placas que foram danificadas na rua Santos com rua Dr. Rocha, bairro centro, neste mun\u00edcipio."}, {"id": "22958", "ano": "2023", "numero": "577", "tipo__sigla": "IND", "tipo__descricao": "Indica\u00e7\u00e3o", "autoria": "Mauro J\u00fanior Lopes Francisco", "texto_original": "http://sapl.pedroleopoldo.mg.leg.br/media/sapl/public/materialegislativa/2023/22958/inidcacao_577-_ver_mauro_junior.pdf", "ementa": "No uso de minhas atribui\u00e7\u00f5es regimentais, indico \u00e0 Excelent\u00edssima Senhora Prefeita determinar ao setor competente providenciar opera\u00e7\u00e3o tapa buracos na rua V\u00e1rzea Formosa (em frente a Funda\u00e7\u00e3o Jos\u00e9 Hil\u00e1rio), no distrito de Vera Cruz de Minas."}, {"id": "22959", "ano": "2023", "numero": "578", "tipo__sigla": "IND", "tipo__descricao": "Indica\u00e7\u00e3o", "autoria": "Rafael Vieira Faria (Rafa)", "texto_original": "http://sapl.pedroleopoldo.mg.leg.br/media/sapl/public/materialegislativa/2023/22959/indicacao_578-_ver_rafael_vieira.pdf", "ementa": "Venho, no uso de minhas atribui\u00e7\u00f5es, apresentar indica\u00e7\u00e3o, sugerindo ao Poder Executivo instalar uma faixa de pedestres na Rua Dr. Rocha, pr\u00f3ximo ao numero 1305, bairro Centro de Pedro Leopoldo."}, {"id": "22960", "ano": "2023", "numero": "579", "tipo__sigla": "IND", "tipo__descricao": "Indica\u00e7\u00e3o", "autoria": "Cynthia Salom\u00e3o Bastos Faria", "texto_original": "http://sapl.pedroleopoldo.mg.leg.br/media/sapl/public/materialegislativa/2023/22960/inidcacao_579-_ver_cynthia_salomao.pdf", "ementa": "Indica \u00e0 Excelent\u00edssima Senhora Prefeita, determinar ao setor competente realizar a retirada de entulho, das Ruas Sergipe, S\u00e3o Paulo, Bras\u00edlia, Palestina esquina com Belo Horizonte, Independente, Joaquim Marcelino Filho, Urbano Pereira da Concei\u00e7\u00e3o, Pacifico Rodrigues, Raimundo Rafael dos Anjos(Cerrado), Ant\u00f4nio Jo\u00e3o Salom\u00e3o, Palmeiras, Geralda Marina Toledo, Manuel Rodrigues, Belo Horizonte, S\u00e3o Vicente, Jo\u00e3o Gon\u00e7alves, Uberl\u00e2ndia, em Fidalgo, neste Munic\u00edpio"}, {"id": "22961", "ano": "2023", "numero": "580", "tipo__sigla": "IND", "tipo__descricao": "Indica\u00e7\u00e3o", "autoria": "Cynthia Salom\u00e3o Bastos Faria", "texto_original": "http://sapl.pedroleopoldo.mg.leg.br/media/sapl/public/materialegislativa/2023/22961/inidcacao_580-_ver_cynthia_salomao.pdf", "ementa": "Indica \u00e0 Excelent\u00edssima Senhora Prefeita, determinar ao setor competente a realizar capina e limpeza nas ruas: Adalto Parreiras de Moraes,Altino Martins, Amap\u00e1, Amaro Pereira da Concei\u00e7\u00e3o, Antonio jo\u00e3o Salom\u00e3o, Belo Horizonte, Brasilia, Contorno, Ribeira, Vargem, Palmeiras, Evangelista,Fern\u00e3o Dias, Geraldda Marina Toledo,Goias, Helca Leandro Martins, Herculano Soares Oliveira, Independente, Jair Martins, Jo\u00e3o Gon\u00e7alves, Jo\u00e3o Milit\u00e3o, Martins, Joaquim Marcelino, Manoel Rodrigues, Martins, Nosas Senhora da Concei\u00e7\u00e3o, Pacifico Rdrigues, Palestina, Paran\u00e1, Pedro Candido,Raimundo Rafael dos Anjos, Rainha das Flores,Roberto Belis\u00e1rio Viana, Salvador, Santa luzia, S\u00e3o Benedito, S\u00e3o Jos\u00e9, S\u00e3o Paulo, S\u00e3o Paulo, Sa\u00f5 Vicente, Sergipe, Tranquilino de Bastos, Uberlandia e Pra\u00e7a Jos\u00e9 Pereira da Concei\u00e7\u00e3o em Fidalgo neste Municipio."}, {"id": "22962", "ano": "2023", "numero": "581", "tipo__sigla": "IND", "tipo__descricao": "Indica\u00e7\u00e3o", "autoria": "Warlen Alves da Silva", "texto_original": "http://sapl.pedroleopoldo.mg.leg.br/media/sapl/public/materialegislativa/2023/22962/indicacao_581-_ver_warlen_alves.pdf", "ementa": "indico \u00e0 Excelent\u00edssima Senhora Prefeita determinar ao setor competente, providenciar garrafas t\u00e9rmicas de cinco litros para armazenar \u00e1gua pot\u00e1vel e soro de hidrata\u00e7\u00e3o (cloreto de s\u00f3dio 0,9%), para os colaboradores da empresa VINA e SECRETARIA MUNICIPAL DE OBRAS, neste munic\u00edpio."}, {"id": "22963", "ano": "2023", "numero": "582", "tipo__sigla": "IND", "tipo__descricao": "Indica\u00e7\u00e3o", "autoria": "Rafael Vieira Faria (Rafa)", "texto_original": "http://sapl.pedroleopoldo.mg.leg.br/media/", "ementa": "Venho, no uso de minhas atribui\u00e7\u00f5es regimentais, apresentar indica\u00e7\u00e3o, sugerindo ao Poder Executivo, a Realiza\u00e7\u00e3o de um estudo t\u00e9cnico visando instalar uma faixa elevada para pedestres na Rua An\u00e9lio Caldas, pr\u00f3ximo ao n\u00famero 124, centro de Pedro Leopoldo, CEP 33250-072, visando tornar o tr\u00e1fego de pessoas a p\u00e9 mais seguro."}, {"id": "22964", "ano": "2023", "numero": "583", "tipo__sigla": "IND", "tipo__descricao": "Indica\u00e7\u00e3o", "autoria": "Frederico Henrique Cota Alves (Fred Piau)", "texto_original": "http://sapl.pedroleopoldo.mg.leg.br/media/sapl/public/materialegislativa/2023/22964/indicacao_583-_ver_frederico_henrique.pdf", "ementa": "No uso de minhas atribui\u00e7\u00f5es regimentais, indico \u00e0 Excelent\u00edssima Senhora Prefeita determinar ao setor competente estudos de: velocidade permitida, bem como instala\u00e7\u00e3o de \u201colho vivo\u201d, faixas elevadas para travessia de pedestres e, se necess\u00e1rio, instala\u00e7\u00e3o de redutores de velocidade na Rua Paranaiara, sugiro nas alturas dos n\u00fameros 215, 415, no Bairro Andiara, neste munic\u00edpio."}, {"id": "22965", "ano": "2023", "numero": "584", "tipo__sigla": "IND", "tipo__descricao": "Indica\u00e7\u00e3o", "autoria": "Frederico Henrique Cota Alves (Fred Piau)", "texto_original": "http://sapl.pedroleopoldo.mg.leg.br/media/sapl/public/materialegislativa/2023/22965/inidcacao_584-_ver_frederico_henrique.pdf", "ementa": "No uso de minhas atribui\u00e7\u00f5es regimentais, indico \u00e0 Excelent\u00edssima Senhora Prefeita determinar ao setor competente um estudo para instala\u00e7\u00e3o de redutores de velocidade (quebra-molas) nas ruas do bairro Santa F\u00e9 (Rua das Violetas, Margaridas, Orqu\u00eddeas, Azal\u00e9ias, Rosas e refor\u00e7o o pedido anterior para rua Joaquim Caetano)."}, {"id": "22966", "ano": "2023", "numero": "585", "tipo__sigla": "IND", "tipo__descricao": "Indica\u00e7\u00e3o", "autoria": "Frederico Henrique Cota Alves (Fred Piau)", "texto_original": "http://sapl.pedroleopoldo.mg.leg.br/media/sapl/public/materialegislativa/2023/22966/inidcacao_585-_ver_frederico_henrique.pdf", "ementa": "No uso de minhas atribui\u00e7\u00f5es regimentais, indico \u00e0 Excelent\u00edssima Senhora Prefeita determinar ao setor competente, fiscalizar uma carreta vermelha que fica estacionada Na rua Rivad\u00e1via, sentido Dr Lund com rua Jo\u00e3o Aleixo, no Bairro Santa Rita."}, {"id": "22967", "ano": "2023", "numero": "586", "tipo__sigla": "IND", "tipo__descricao": "Indica\u00e7\u00e3o", "autoria": "Frederico Henrique Cota Alves (Fred Piau)", "texto_original": "http://sapl.pedroleopoldo.mg.leg.br/media/sapl/public/materialegislativa/2023/22967/indicacao_586-_ver_frederico_henrique.pdf", "ementa": "No uso de minhas atribui\u00e7\u00f5es regimentais, indico \u00e0 Excelent\u00edssima Senhora Prefeita determinar ao setor competente, estudo de constru\u00e7\u00e3o de mais uma creche que atenda a popula\u00e7\u00e3o da zona Norte da cidade, sugiro que seja entre o bairro Dom Camilo e Ad\u00e9lia Issa"}, {"id": "22968", "ano": "2023", "numero": "587", "tipo__sigla": "IND", "tipo__descricao": "Indica\u00e7\u00e3o", "autoria": "Frederico Henrique Cota Alves (Fred Piau)", "texto_original": "http://sapl.pedroleopoldo.mg.leg.br/media/sapl/public/materialegislativa/2023/22968/inidcacao_587_-_ver_frederico_henrique.pdf", "ementa": "No uso de minhas atribui\u00e7\u00f5es regimentais, indico \u00e0 Excelent\u00edssima Senhora Prefeita determinar ao setor competente realizar a limpeza e capina no bairro portal das Ac\u00e1cias nas Ruas Ubiratan Viana, Iracema Viana, Jos\u00e9 Nicolau Filho, Jornalista Nicolau Neto, An\u00e1lia Nery, Murilo Teixeira, Helenice Hermeto Costa e Av Riachinho."}, {"id": "22972", "ano": "2023", "numero": "588", "tipo__sigla": "IND", "tipo__descricao": "Indica\u00e7\u00e3o", "autoria": "Frederico Henrique Cota Alves (Fred Piau)", "texto_original": "http://sapl.pedroleopoldo.mg.leg.br/media/sapl/public/materialegislativa/2023/22972/indicacao_588-2023-_ver__frederico_henrique.pdf", "ementa": "No uso de minhas atribui\u00e7\u00f5es regimentais, indico \u00e0 Excelent\u00edssima Senhora Prefeita determinar ao setor competente a constru\u00e7\u00e3o de uma barragem de conten\u00e7\u00e3o lateral na pista de cooper, na Av R\u00f4mulo Joviano, pr\u00f3ximo ao n\u00famero 206"}, {"id": "23056", "ano": "2023", "numero": "589", "tipo__sigla": "IND", "tipo__descricao": "Indica\u00e7\u00e3o", "autoria": "Guilherme de Lima Braga (Guilherme do Doce)", "texto_original": "http://sapl.pedroleopoldo.mg.leg.br/media/sapl/public/materialegislativa/2023/23056/inidcacao_589_-_ver_guilherme_de_lima.pdf", "ementa": "No uso de minhas atribui\u00e7\u00f5es regimentais, indico \u00e0 Excelent\u00edssima Senhora Prefeita determinar ao setor competente providenciar o servi\u00e7o de pavimenta\u00e7\u00e3o asf\u00e1ltica na rua Duarte no distrito de Vera Cruz de Minas, neste Munic\u00edpio."}, {"id": "23057", "ano": "2023", "numero": "590", "tipo__sigla": "IND", "tipo__descricao": "Indica\u00e7\u00e3o", "autoria": "Guilherme de Lima Braga (Guilherme do Doce)", "texto_original": "http://sapl.pedroleopoldo.mg.leg.br/media/sapl/public/materialegislativa/2023/23057/inidcacao_590_-_ver_guilherme_de_lima.pdf", "ementa": "No uso de minhas atribui\u00e7\u00f5es regimentais, indico \u00e0 Excelent\u00edssima Senhora Prefeita determinar ao setor competente providenciar a pintura de uma faixa de pedestres em frente \u00e0 Escola Municipal Alice Lobato, na rua Rosalino Maria da Silva em frente ao n\u00famero 109, localizada no Conjunto Abitacional Romero de Carvalho, neste Munic\u00edpio."}, {"id": "22997", "ano": "2023", "numero": "591", "tipo__sigla": "IND", "tipo__descricao": "Indica\u00e7\u00e3o", "autoria": "Evaldo Geraldo do Carmo (Evaldo do A\u00e7ougue)", "texto_original": "http://sapl.pedroleopoldo.mg.leg.br/media/sapl/public/materialegislativa/2023/22997/inidcacao_591-2023-_ver_evaldo_geraldo.pdf", "ementa": "No uso de minhas atribui\u00e7\u00f5es regimentais, indico \u00e0 Excelent\u00edssima Senhora Prefeita determinar ao setor competente para que providencie uma grade na rede de agua pluvial na rua Joaquim Batista de Azevedo, em frente ao n\u00famero 301, no Distrito de Lagoa de Santo Ant\u00f4nio, com urg\u00eancia, pois a rua esta cedendo e em \u00e9poca de chuva est\u00e1 entrando \u00e1gua nas casa."}, {"id": "22998", "ano": "2023", "numero": "592", "tipo__sigla": "IND", "tipo__descricao": "Indica\u00e7\u00e3o", "autoria": "Evaldo Geraldo do Carmo (Evaldo do A\u00e7ougue)", "texto_original": "http://sapl.pedroleopoldo.mg.leg.br/media/sapl/public/materialegislativa/2023/22998/inidcacao_592-2023-_ver_evaldo_geraldo.pdf", "ementa": "No uso de minhas atribui\u00e7\u00f5es regimentais, indico \u00e0 Excelent\u00edssima Senhora Prefeita determinar ao setor competente realizar o reparo no asfalto da Rua Jos\u00e9 Justino dos Reis, em frente ao n\u00famero 259, bairro Dom Camilo, onde o asfalto est\u00e1 cedendo."}, {"id": "22999", "ano": "2023", "numero": "593", "tipo__sigla": "IND", "tipo__descricao": "Indica\u00e7\u00e3o", "autoria": "Evaldo Geraldo do Carmo (Evaldo do A\u00e7ougue)", "texto_original": "http://sapl.pedroleopoldo.mg.leg.br/media/sapl/public/materialegislativa/2023/22999/inidcacao_593-2023-_ver_evaldo_geraldo.pdf", "ementa": "No uso de minhas atribui\u00e7\u00f5es regimentais, indico ao Excelent\u00edssimo Senhor Prefeito determinar ao setor competente providenciar a instala\u00e7\u00e3o de uma grade de rede pluvial na Rua Joaquim Caetano com esquina na Rua Cruzeiro, no Bairro Santa F\u00e9."}, {"id": "23000", "ano": "2023", "numero": "594", "tipo__sigla": "IND", "tipo__descricao": "Indica\u00e7\u00e3o", "autoria": "Warlen Alves da Silva", "texto_original": "http://sapl.pedroleopoldo.mg.leg.br/media/sapl/public/materialegislativa/2023/23000/inidcacao_594-2023-_ver_warlen_alves.pdf", "ementa": "No uso de minhas atribui\u00e7\u00f5es regimentais, indico \u00e0 Excelent\u00edssima Senhora Prefeita determinar ao setor competente para que providencie o patrolamento em toda extens\u00e3o da Rua Floresta, bairro Quinta do Sumidouro, neste munic\u00edpio."}, {"id": "23001", "ano": "2023", "numero": "595", "tipo__sigla": "IND", "tipo__descricao": "Indica\u00e7\u00e3o", "autoria": "Frederico Henrique Cota Alves (Fred Piau)", "texto_original": "http://sapl.pedroleopoldo.mg.leg.br/media/sapl/public/materialegislativa/2023/23001/inidcacao_595-2023-_ver_frederico_henrique.pdf", "ementa": "No uso de minhas atribui\u00e7\u00f5es regimentais, indico \u00e0 Excelent\u00edssima Senhora Prefeita determinar ao setor competente ampliar os atendimentos nas UBS's do Bairro Morada dos Angicos e Ad\u00e9lia Issa, pois os moradores est\u00e3o reclamando do pouco atendimento m\u00e9dico"}, {"id": "23002", "ano": "2023", "numero": "596", "tipo__sigla": "IND", "tipo__descricao": "Indica\u00e7\u00e3o", "autoria": "Frederico Henrique Cota Alves (Fred Piau)", "texto_original": "http://sapl.pedroleopoldo.mg.leg.br/media/sapl/public/materialegislativa/2023/23002/indicacao_596-2023-_ver_frederico_henrique.pdf", "ementa": "No uso de minhas atribui\u00e7\u00f5es regimentais, indico \u00e0 Excelent\u00edssima Senhora Prefeita determinar ao setor competente um treinamento para os funcion\u00e1rios das UBS's, bem como ter uma caixinha de avalia\u00e7\u00f5es dos funcion\u00e1rios"}, {"id": "23003", "ano": "2023", "numero": "597", "tipo__sigla": "IND", "tipo__descricao": "Indica\u00e7\u00e3o", "autoria": "Frederico Henrique Cota Alves (Fred Piau)", "texto_original": "http://sapl.pedroleopoldo.mg.leg.br/media/sapl/public/materialegislativa/2023/23003/inidcacao_597-2023-_ver_frederico_henrique.pdf", "ementa": "No uso de minhas atribui\u00e7\u00f5es regimentais, indico \u00e0 Excelent\u00edssima Senhora Prefeita, determinar ao setor competente, estudar a possibilidade de altera\u00e7\u00e3o do hor\u00e1rio de limpeza do Terminal Rodovi\u00e1rio do Munic\u00edpio, quando houver menor fluxo de pessoas."}, {"id": "23058", "ano": "2023", "numero": "598", "tipo__sigla": "IND", "tipo__descricao": "Indica\u00e7\u00e3o", "autoria": "Guilherme de Lima Braga (Guilherme do Doce)", "texto_original": "http://sapl.pedroleopoldo.mg.leg.br/media/", "ementa": "No uso de minhas atribui\u00e7\u00f5es regimentais, indico \u00e0 Excelent\u00edssima Senhora Prefeita solicitar ao setor competente providenciar o servi\u00e7o de recapeamento asf\u00e1ltico na rua Francisco Cardoso Pereira, localizada no Conjunto Habitacional Romero de Carvalho, neste Munic\u00edpio"}, {"id": "23059", "ano": "2023", "numero": "599", "tipo__sigla": "IND", "tipo__descricao": "Indica\u00e7\u00e3o", "autoria": "Guilherme de Lima Braga (Guilherme do Doce)", "texto_original": "http://sapl.pedroleopoldo.mg.leg.br/media/sapl/public/materialegislativa/2023/23059/inidcacao_599_-_ver_guilherme_de_lima.pdf", "ementa": "No uso de minhas atribui\u00e7\u00f5es regimentais, indico \u00e0 Excelent\u00edssima Senhora Prefeita solicitar ao setor competente a instala\u00e7\u00e3o de um redutor de velocidade (quebra-molas) na rua Joaquim Batista dos Santos, pr\u00f3ximo ao n\u00famero 230, esquina com a rua Jo\u00e3o Ant\u00f4nio Pereira, localizada no bairro Teot\u00f4nio Batista de Freitas,  neste Munic\u00edpio."}, {"id": "23060", "ano": "2023", "numero": "600", "tipo__sigla": "IND", "tipo__descricao": "Indica\u00e7\u00e3o", "autoria": "Frederico Henrique Cota Alves (Fred Piau)", "texto_original": "http://sapl.pedroleopoldo.mg.leg.br/media/sapl/public/materialegislativa/2023/23060/inidcacao_600_-_ver_frederico_henrique.pdf", "ementa": "No uso de minhas atribui\u00e7\u00f5es regimentais, indico \u00e0 Excelent\u00edssima Senhora Prefeita determinar ao setor competente um estudo para constru\u00e7\u00e3o de uma barreira de conten\u00e7\u00e3o na Av. Camilo Alves da Silva, 2.685, neste Munic\u00edpio"}, {"id": "23061", "ano": "2023", "numero": "601", "tipo__sigla": "IND", "tipo__descricao": "Indica\u00e7\u00e3o", "autoria": "Frederico Henrique Cota Alves (Fred Piau)", "texto_original": "http://sapl.pedroleopoldo.mg.leg.br/media/sapl/public/materialegislativa/2023/23061/inidcacao_601_-_ver_frederico_henrique.pdf", "ementa": "No uso de minhas atribui\u00e7\u00f5es regimentais, indico \u00e0 Excelent\u00edssima Senhora Prefeita determinar ao setor competente um estudo Rua Senador Melo Viana, na altura do n\u00famero 746 A, para melhorias no escoamento pluvial e limpeza de bueiros."}, {"id": "23048", "ano": "2023", "numero": "602", "tipo__sigla": "IND", "tipo__descricao": "Indica\u00e7\u00e3o", "autoria": "Frederico Henrique Cota Alves (Fred Piau)", "texto_original": "http://sapl.pedroleopoldo.mg.leg.br/media/sapl/public/materialegislativa/2023/23048/indicacao_602_-_ver__frederico_henrique.pdf", "ementa": "No uso de minhas atribui\u00e7\u00f5es regimentais, indico conceder Mo\u00e7\u00e3o de Parab\u00e9ns ao Pedro Leopoldo Futebol Clube, pela conquista do Campeonato Amador de Pedro Leopoldo, edi\u00e7\u00e3o 2023."}, {"id": "23062", "ano": "2023", "numero": "603", "tipo__sigla": "IND", "tipo__descricao": "Indica\u00e7\u00e3o", "autoria": "Warlen Alves da Silva", "texto_original": "http://sapl.pedroleopoldo.mg.leg.br/media/sapl/public/materialegislativa/2023/23062/indicacao_603_-_ver_warlen_alves.pdf", "ementa": "No uso de minhas atribui\u00e7\u00f5es regimentais, indico \u00e0 Excelent\u00edssima Senhora Prefeita determinar ao setor competente para que providencie opera\u00e7\u00e3o tapa buraco em toda extens\u00e3o da Avenida Via Norte, no bairro  Andiara, neste munic\u00edpio."}, {"id": "23063", "ano": "2023", "numero": "604", "tipo__sigla": "IND", "tipo__descricao": "Indica\u00e7\u00e3o", "autoria": "Warlen Alves da Silva", "texto_original": "http://sapl.pedroleopoldo.mg.leg.br/media/sapl/public/materialegislativa/2023/23063/indicacao_604-_ver_warlen_alves.pdf", "ementa": "No uso de minhas atribui\u00e7\u00f5es regimentais, indico \u00e0 Excelent\u00edssima Senhora Prefeita determinar ao setor competente para que providencie o recapeamento asf\u00e1ltico em toda extens\u00e3o da Avenida Via Norte, bairro Andiara, neste munic\u00edpio"}, {"id": "23064", "ano": "2023", "numero": "605", "tipo__sigla": "IND", "tipo__descricao": "Indica\u00e7\u00e3o", "autoria": "Cynthia Salom\u00e3o Bastos Faria", "texto_original": "http://sapl.pedroleopoldo.mg.leg.br/media/", "ementa": "No uso de minhas atribui\u00e7\u00f5es regimentais, indico \u00e0 Excelent\u00edssima Senhora Prefeita, determinar ao setor competente, realizar a instala\u00e7\u00e3o de rede de \u00e1gua pluvial em toda extens\u00e3o da Rua S\u00e3o Paulo em Fidalgo, neste Munic\u00edpio"}, {"id": "23051", "ano": "2023", "numero": "606", "tipo__sigla": "IND", "tipo__descricao": "Indica\u00e7\u00e3o", "autoria": "Guilherme de Lima Braga (Guilherme do Doce)", "texto_original": "http://sapl.pedroleopoldo.mg.leg.br/media/sapl/public/materialegislativa/2023/23051/inidcacao_606_-_ver_guilherme_de_lima.pdf", "ementa": "No uso de minhas atribui\u00e7\u00f5es regimentais, indico \u00e0 Vossa Excel\u00eancia conceder Mo\u00e7\u00e3o de Parab\u00e9ns ao Senhor Deivison Tiago Freitas Ramos .\r\nDigno de tal homenagem pelo seu brilhantismo trabalho na condu\u00e7\u00e3o da empresa Sertub Industria e Com\u00e9rcio Ltda e por ser atuante no cen\u00e1rio da economia de Pedro Leopoldo."}, {"id": "23067", "ano": "2023", "numero": "607", "tipo__sigla": "IND", "tipo__descricao": "Indica\u00e7\u00e3o", "autoria": "Cynthia Salom\u00e3o Bastos Faria", "texto_original": "http://sapl.pedroleopoldo.mg.leg.br/media/sapl/public/materialegislativa/2023/23067/indicacao_607-_ver_cynthia_salomao.pdf", "ementa": "indica \u00e0 Excelent\u00edssima Senhora Prefeita, determinar ao setor competente a realizar capina e limpeza nas ruas, Agenor Pio, Alice dos Anjos, Altino Leles Tavares, Ant\u00f4nio, Ant\u00f4nio Rodrigues (Beco de Servid\u00e3o), Descida da Lapinha ( Estrada do Jaque), Rua da Mangueira, Rua do Cedro, Divino Esp\u00edrito Santo, Em\u00edlio Gon\u00e7alves, F\u00e1bio Marques Pereira, Pra\u00e7a Fern\u00e3o Dias, rua Fern\u00e3o Dias,  Floresta, Herculano Soares Oliveira, Jo\u00e3o Teodoro, Joaquim Marcelino Filho, Jos\u00e9 Ambr\u00f3sio, Jos\u00e9 Martins Sobrinho, Jos\u00e9 Pereira da Concei\u00e7\u00e3o, Nossa Senhora das Dores, Nossa Senhora do Ros\u00e1rio, Olhos D`\u00e1gua, Matoso , Ant\u00f4nio Antunes,  Rio das Velhas, Vargem do Moreira, Maria Pereira Rodrigues (Maria Rodrigues), Jos\u00e9 Mineiro, \u00canio Pereira, Guilhermina Antunes, Marcelino Pereira, Jos\u00e9 Pereira Antunes, Nossa Senhora da Piedade, Edna Pereira (Elo\u00edna Pereira), Ant\u00f4nio Ladislau Costa, Noraldino Almeida, Rua do Ros\u00e1rio, F\u00e1bio Marques Pereira, Nossa senhora da Piedade. No bairro Quinta do Sumidouro, neste Munic\u00edpio."}, {"id": "23075", "ano": "2023", "numero": "608", "tipo__sigla": "IND", "tipo__descricao": "Indica\u00e7\u00e3o", "autoria": "Evaldo Geraldo do Carmo (Evaldo do A\u00e7ougue)", "texto_original": "http://sapl.pedroleopoldo.mg.leg.br/media/sapl/public/materialegislativa/2023/23075/inidcacao_608_-_ver_evaldo_geraldo.pdf", "ementa": "No uso de minhas atribui\u00e7\u00f5es regimentais, indico \u00e0 Excelent\u00edssima Senhora Prefeita determinar ao setor competente, apresentar o projeto \u201cSem\u00e1foro do Toque\u201d dentro das escolas do Munic\u00edpio."}, {"id": "23076", "ano": "2023", "numero": "609", "tipo__sigla": "IND", "tipo__descricao": "Indica\u00e7\u00e3o", "autoria": "Leonardo Pereira Ribeiro (Leoz\u00e3o)", "texto_original": "http://sapl.pedroleopoldo.mg.leg.br/media/sapl/public/materialegislativa/2023/23076/indicacao_609_-__ver_leonardo_pereira.pdf", "ementa": "No uso de minhas atribui\u00e7\u00f5es regimentais, indico a Excelent\u00edssima Sra Prefeita, determinar ao \u00f3rg\u00e3o competente desativar o Eco ponto na rua Jos\u00e9 Le\u00e3o em frente o n 122 em Doutor Lund, Pedro Leopoldo MG"}, {"id": "23077", "ano": "2023", "numero": "610", "tipo__sigla": "IND", "tipo__descricao": "Indica\u00e7\u00e3o", "autoria": "Frederico Henrique Cota Alves (Fred Piau)", "texto_original": "http://sapl.pedroleopoldo.mg.leg.br/media/sapl/public/materialegislativa/2023/23077/inidcacao_610_-_ver_frederico_henrique.pdf", "ementa": "No uso de minhas atribui\u00e7\u00f5es regimentais, indico \u00e0 Excelent\u00edssima Senhora Prefeita determinar ao setor competente realizar limpeza e revitaliza\u00e7\u00e3o da Pra\u00e7a Sa\u00fade Barbosa Diniz no Bairro Dom Camilo."}, {"id": "23099", "ano": "2023", "numero": "612", "tipo__sigla": "IND", "tipo__descricao": "Indica\u00e7\u00e3o", "autoria": "Guilherme de Lima Braga (Guilherme do Doce)", "texto_original": "http://sapl.pedroleopoldo.mg.leg.br/media/sapl/public/materialegislativa/2023/23099/indicacao_612_-_2023_-_guilhermem_de_lima.pdf", "ementa": "No uso de minhas atribui\u00e7\u00f5es regimentais, indico \u00e0 Excelent\u00edssima Senhora Prefeita solicitar ao setor competente a instala\u00e7\u00e3o de um redutor de velocidade (quebra-molas) na rua Raimundo Rafael dos Anjos (rua do Cerrado) pr\u00f3ximo ao n\u00famero 851, localizada no Distrito de Fidalgo, neste Munic\u00edpio."}, {"id": "23100", "ano": "2023", "numero": "613", "tipo__sigla": "IND", "tipo__descricao": "Indica\u00e7\u00e3o", "autoria": "Guilherme de Lima Braga (Guilherme do Doce)", "texto_original": "http://sapl.pedroleopoldo.mg.leg.br/media/sapl/public/materialegislativa/2023/23100/indicacao_613_-_2023_-_guilherme_de_lima.pdf", "ementa": "No uso de minhas atribui\u00e7\u00f5es regimentais, indico \u00e0 Excelent\u00edssima Senhora Prefeita solicitar ao setor competente providenciar opera\u00e7\u00e3o tapa buracos em toda extens\u00e3o da rua V\u00e1rzea Formosa localizada no Distrito de Vera Cruz de Minas, neste Munic\u00edpio."}, {"id": "23101", "ano": "2023", "numero": "614", "tipo__sigla": "IND", "tipo__descricao": "Indica\u00e7\u00e3o", "autoria": "Guilherme de Lima Braga (Guilherme do Doce)", "texto_original": "http://sapl.pedroleopoldo.mg.leg.br/media/sapl/public/materialegislativa/2023/23101/indicacao_614_-_2023_-_guilherme_de_lima.pdf", "ementa": "No uso de minhas atribui\u00e7\u00f5es regimentais, indico \u00e0 Excelent\u00edssima Senhora Prefeita solicitar ao setor competente o servi\u00e7o limpeza (ro\u00e7ada e capina), na rua Varz\u00e9a Formosa, localizada no Distrito de Vera Cruz, neste Munic\u00edpio."}, {"id": "23102", "ano": "2023", "numero": "615", "tipo__sigla": "IND", "tipo__descricao": "Indica\u00e7\u00e3o", "autoria": "Guilherme de Lima Braga (Guilherme do Doce)", "texto_original": "http://sapl.pedroleopoldo.mg.leg.br/media/sapl/public/materialegislativa/2023/23102/indicacao_615_-_2023_-_guilherme_de_lima.pdf", "ementa": "No uso de minhas atribui\u00e7\u00f5es regimentais, indico \u00e0 Excelent\u00edssima Senhora Prefeita solicitar ao setor competente determinar a implanta\u00e7\u00e3o de c\u00e2meras de olho vivo na Rodovia Neves pr\u00f3ximo ao n\u00famero 1161, localizada no Distrito de Vera Cruz de Minas, neste Munic\u00edpio"}, {"id": "23103", "ano": "2023", "numero": "616", "tipo__sigla": "IND", "tipo__descricao": "Indica\u00e7\u00e3o", "autoria": "Guilherme de Lima Braga (Guilherme do Doce)", "texto_original": "http://sapl.pedroleopoldo.mg.leg.br/media/sapl/public/materialegislativa/2023/23103/indicacao_616_-_2023_-_guilherme_de_lima.pdf", "ementa": "No uso de minhas atribui\u00e7\u00f5es regimentais, indico \u00e0 Excelent\u00edssima Senhora Prefeita solicitar ao setor competente a instala\u00e7\u00e3o de uma faixa elevada na rua Rivad\u00e1via pr\u00f3ximo ao n\u00famero 1180 em frente a empresa Incopre, localizada no bairro Santa Rita, neste Munic\u00edpio"}, {"id": "23148", "ano": "2023", "numero": "617", "tipo__sigla": "IND", "tipo__descricao": "Indica\u00e7\u00e3o", "autoria": "Guilherme de Lima Braga (Guilherme do Doce)", "texto_original": "http://sapl.pedroleopoldo.mg.leg.br/media/sapl/public/materialegislativa/2023/23148/indicacao_617_-_ver_guilherme_de_lima.pdf", "ementa": "No uso de minhas atribui\u00e7\u00f5es regimentais, indico \u00e0 Excelent\u00edssima Senhora Prefeita solicitar ao setor competente a instala\u00e7\u00e3o de pontos de \u00f4nibus com cobertura e placas indicativas de parada na rua Rivad\u00e1via pr\u00f3ximo ao n\u00famero 1180, localizada no bairro Santa Rita, neste Munic\u00edpio"}, {"id": "23149", "ano": "2023", "numero": "618", "tipo__sigla": "IND", "tipo__descricao": "Indica\u00e7\u00e3o", "autoria": "Guilherme de Lima Braga (Guilherme do Doce)", "texto_original": "http://sapl.pedroleopoldo.mg.leg.br/media/", "ementa": "No uso de minhas atribui\u00e7\u00f5es regimentais, indico \u00e0 Excelent\u00edssima Senhora Prefeita solicitar ao setor competente a implanta\u00e7\u00e3o de placas \u201cProibido estacionar\u201d de um lado lado da rua Dirceu Lopes, neste Munic\u00edpio."}, {"id": "23104", "ano": "2023", "numero": "619", "tipo__sigla": "IND", "tipo__descricao": "Indica\u00e7\u00e3o", "autoria": "Cynthia Salom\u00e3o Bastos Faria", "texto_original": "http://sapl.pedroleopoldo.mg.leg.br/media/sapl/public/materialegislativa/2023/23104/indicacao_619-_2023_-_cynthia_salomao.pdf", "ementa": "Trocar as cadeiras de ferro dos acompanhantes dos Pronto Atendimentos PA Central e PA da Lagoa e do Hospital Municipal Francisco Gon\u00e7alves por cadeiras almofadas ou poltronas reclin\u00e1veis, al\u00e9m da manuten\u00e7\u00e3o e reparo das unidades que est\u00e3o danificadas."}, {"id": "23105", "ano": "2023", "numero": "620", "tipo__sigla": "IND", "tipo__descricao": "Indica\u00e7\u00e3o", "autoria": "Frederico Henrique Cota Alves (Fred Piau)", "texto_original": "http://sapl.pedroleopoldo.mg.leg.br/media/sapl/public/materialegislativa/2023/23105/indicacao_620_-_2023_-_frederico_henrique.pdf", "ementa": "No uso de minhas atribui\u00e7\u00f5es regimentais, indico \u00e0 Excelent\u00edssima Senhora Prefeita determinar ao setor competente realizar instala\u00e7\u00e3o de ilumina\u00e7\u00e3o p\u00fablica na via de pedestre (Beco Via de Pedestre) entre os bairros Morada dos Hib\u00edscos e Felipe Cl\u00e1udio de Sales."}, {"id": "23106", "ano": "2023", "numero": "621", "tipo__sigla": "IND", "tipo__descricao": "Indica\u00e7\u00e3o", "autoria": "Frederico Henrique Cota Alves (Fred Piau)", "texto_original": "http://sapl.pedroleopoldo.mg.leg.br/media/sapl/public/materialegislativa/2023/23106/indicacao_621_-_2023_-_frederico_henrique.pdf", "ementa": "Opera\u00e7\u00e3o tapa buracos na Estrada da Lapa Vermelha na altura do cruzamento com a rua Anhanguera no Parque Andiara"}, {"id": "23107", "ano": "2023", "numero": "622", "tipo__sigla": "IND", "tipo__descricao": "Indica\u00e7\u00e3o", "autoria": "Frederico Henrique Cota Alves (Fred Piau)", "texto_original": "http://sapl.pedroleopoldo.mg.leg.br/media/sapl/public/materialegislativa/2023/23107/indicacao_622_-_2023_-_frederico_henrique.pdf", "ementa": "No uso de minhas atribui\u00e7\u00f5es regimentais, indico \u00e0 Excelent\u00edssima Senhora Prefeita determinar ao setor competente instalar c\u00e2meras de monitoramento (olho vivo) no \u201cBeco\u201d (Via de pedestre, entre o bairro Morada dos Hibiscos e Felipe Cl\u00e1udio de Sales para seguran\u00e7a dos moradores dos bairros."}, {"id": "23098", "ano": "2023", "numero": "623", "tipo__sigla": "IND", "tipo__descricao": "Indica\u00e7\u00e3o", "autoria": "Cynthia Salom\u00e3o Bastos Faria", "texto_original": "http://sapl.pedroleopoldo.mg.leg.br/media/sapl/public/materialegislativa/2023/23098/indicacao_623-2023_-_cynthia_salomao.pdf", "ementa": "Providenciar a instala\u00e7\u00e3o de placas de sinaliza\u00e7\u00e3o vertical proibindo parar e estacionar em um dos lados em toda a extens\u00e3o da Avenida Heitor Cl\u00e1udio de Sales, neste Munic\u00edpio"}, {"id": "23108", "ano": "2023", "numero": "624", "tipo__sigla": "IND", "tipo__descricao": "Indica\u00e7\u00e3o", "autoria": "Warlen Alves da Silva", "texto_original": "http://sapl.pedroleopoldo.mg.leg.br/media/sapl/public/materialegislativa/2023/23108/indicacao_624_-_2023_-_warlen_alves.pdf", "ementa": "No uso de minhas atribui\u00e7\u00f5es regimentais, indico \u00e0 Excelent\u00edssima Senhora Prefeita determinar ao setor competente para que providencie o recapeamento em toda extens\u00e3o da Rua Maria de Lourdes Alves Andrade, bairro Novo Campinho, neste munic\u00edpio."}, {"id": "23109", "ano": "2023", "numero": "625", "tipo__sigla": "IND", "tipo__descricao": "Indica\u00e7\u00e3o", "autoria": "Frederico Henrique Cota Alves (Fred Piau)", "texto_original": "http://sapl.pedroleopoldo.mg.leg.br/media/sapl/public/materialegislativa/2023/23109/indicacao_625_-_2023-_frederico_henrique.pdf", "ementa": "No uso de minhas atribui\u00e7\u00f5es regimentais, indico \u00e0 Excelent\u00edssima Senhora Prefeita determinar ao setor competente desobstru\u00e7\u00e3o de bueiros na rua Senador Melo Viana, na altura dos n\u00fameros 841 e 842."}, {"id": "23111", "ano": "2023", "numero": "626", "tipo__sigla": "IND", "tipo__descricao": "Indica\u00e7\u00e3o", "autoria": "Cynthia Salom\u00e3o Bastos Faria", "texto_original": "http://sapl.pedroleopoldo.mg.leg.br/media/sapl/public/materialegislativa/2023/23111/indicacao_626-2023-_cynthia_salomao.pdf", "ementa": "Indico \u00e0 Excelent\u00edssima Senhora Prefeita, determinar ao setor competente a instalar um dispositivo de indica\u00e7\u00e3o sonora nos sem\u00e1foros das ruas, Comendador Ant\u00f4nio Alves, Dr Cristiano Otoni, Francisco de Azevedo, Dr Rocha, e onde mais se fizer necess\u00e1rio para travessia de pessoas com defici\u00eancia visual at\u00e9 o final da faixa de pedestre. Neste Munic\u00edpio"}, {"id": "23112", "ano": "2023", "numero": "627", "tipo__sigla": "IND", "tipo__descricao": "Indica\u00e7\u00e3o", "autoria": "Cynthia Salom\u00e3o Bastos Faria", "texto_original": "http://sapl.pedroleopoldo.mg.leg.br/media/sapl/public/materialegislativa/2023/23112/indicacao_627-2023_-_cynthia_salomao.pdf", "ementa": "Indico \u00e0 Excelent\u00edssima Senhora Prefeita, determinar ao setor competente providenciar a amplia\u00e7ao do Cemit\u00e9rio da Quinta do Sumidouro, neste Munic\u00edpio"}, {"id": "23113", "ano": "2023", "numero": "628", "tipo__sigla": "IND", "tipo__descricao": "Indica\u00e7\u00e3o", "autoria": "Cynthia Salom\u00e3o Bastos Faria", "texto_original": "http://sapl.pedroleopoldo.mg.leg.br/media/sapl/public/materialegislativa/2023/23113/indicacao_628-2023_-_cynthia_salomao.pdf", "ementa": "Indica \u00e0 Excelent\u00edssima Senhora Prefeita, determinar ao setor competente providenciar a reestrutura\u00e7\u00e3o da ilumina\u00e7\u00e3o do campo Santa Cruz Futebol Clube, no Bairro Fidalgo, neste Munic\u00edpio"}, {"id": "23140", "ano": "2023", "numero": "629", "tipo__sigla": "IND", "tipo__descricao": "Indica\u00e7\u00e3o", "autoria": "Cynthia Salom\u00e3o Bastos Faria", "texto_original": "http://sapl.pedroleopoldo.mg.leg.br/media/sapl/public/materialegislativa/2023/23140/inidcacao_629-_ver_cynthia_salomao.pdf", "ementa": "Indica \u00e0 Excelent\u00edssima Senhora Prefeita, determinar ao setor competente providenciar a reestrutura\u00e7\u00e3o da ilumina\u00e7\u00e3o do campo Independente Futebol Clube, no Bairro Fidalgo, neste Munic\u00edpio"}, {"id": "23141", "ano": "2023", "numero": "630", "tipo__sigla": "IND", "tipo__descricao": "Indica\u00e7\u00e3o", "autoria": "Cynthia Salom\u00e3o Bastos Faria", "texto_original": "http://sapl.pedroleopoldo.mg.leg.br/media/", "ementa": "Indica \u00e0 Excelent\u00edssima Senhora Prefeita, determinar ao setor competente providenciar a reestrutura\u00e7\u00e3o da ilumina\u00e7\u00e3o do campo do Esporte Clube Universo, no Bairro Quinta do Sumidouro, neste Munic\u00edpio"}, {"id": "23154", "ano": "2023", "numero": "631", "tipo__sigla": "IND", "tipo__descricao": "Indica\u00e7\u00e3o", "autoria": "Cynthia Salom\u00e3o Bastos Faria", "texto_original": "http://sapl.pedroleopoldo.mg.leg.br/media/sapl/public/materialegislativa/2023/23154/indicacao_631_-_ver_cynthia_salomao.pdf", "ementa": "indica \u00e0 Excelent\u00edssima Senhora Prefeita, determinar ao setor competente providenciar a reestrutura\u00e7\u00e3o da ilumina\u00e7\u00e3o do campo Ideal Futebol Clube, no Distrito de Lagoa de Santo Ant\u00f4nio, neste Munic\u00edpio"}, {"id": "23155", "ano": "2023", "numero": "632", "tipo__sigla": "IND", "tipo__descricao": "Indica\u00e7\u00e3o", "autoria": "Cynthia Salom\u00e3o Bastos Faria", "texto_original": "http://sapl.pedroleopoldo.mg.leg.br/media/sapl/public/materialegislativa/2023/23155/indicacao_632_-_ver_cynthia_salomao.pdf", "ementa": "Providenciar a instala\u00e7\u00e3o de placas de sinaliza\u00e7\u00e3o vertical proibindo parar e estacionar em um dos lados de toda a extens\u00e3o da Rua Vereador Magno Claret Vieira, neste Munic\u00edpio"}, {"id": "23157", "ano": "2023", "numero": "633", "tipo__sigla": "IND", "tipo__descricao": "Indica\u00e7\u00e3o", "autoria": "Warlen Alves da Silva", "texto_original": "http://sapl.pedroleopoldo.mg.leg.br/media/", "ementa": "No uso de minhas atribui\u00e7\u00f5es regimentais, indico \u00e0 Excelent\u00edssima Senhora Prefeita determinar ao setor competente providenciar a instala\u00e7\u00e3o de cobertura da quadra de esportes e possivel arquibancada, localizada na Pra\u00e7a An\u00edbal Fernandes, no Distrito de Dr. Lund, neste munic\u00edpio"}, {"id": "23158", "ano": "2023", "numero": "634", "tipo__sigla": "IND", "tipo__descricao": "Indica\u00e7\u00e3o", "autoria": "Warlen Alves da Silva", "texto_original": "http://sapl.pedroleopoldo.mg.leg.br/media/sapl/public/materialegislativa/2023/23158/indicacao_634_-_ver_warlen_alves.pdf", "ementa": "No uso de minhas atribui\u00e7\u00f5es regimentais, indico \u00e0 Excelent\u00edssima Senhora Prefeita determinar ao setor competente providenciar a coloca\u00e7\u00e3o de cobertura na quadra poliesportiva e poss\u00edvel arquibancada, localizada na Rua Dr. Rocha, Centro, neste munic\u00edpio"}, {"id": "23159", "ano": "2023", "numero": "635", "tipo__sigla": "IND", "tipo__descricao": "Indica\u00e7\u00e3o", "autoria": "Leonardo Pereira Ribeiro (Leoz\u00e3o)", "texto_original": "http://sapl.pedroleopoldo.mg.leg.br/media/sapl/public/materialegislativa/2023/23159/inidcacao_635_-_ver_leonardo_pereira.pdf", "ementa": "No uso de minhas atribui\u00e7\u00f5es regimentais, solicito a Excelent\u00edssima Sra Prefeita, encaminhar ao \u00f3rg\u00e3o competente, a coloca\u00e7\u00e3o de uma placa com o nome de identifica\u00e7\u00e3o da Rua  Ana Batista Teodoro, no Distrito Lagoa de Santo Ant\u00f4nio, Pedro Leopoldo"}, {"id": "23156", "ano": "2023", "numero": "636", "tipo__sigla": "IND", "tipo__descricao": "Indica\u00e7\u00e3o", "autoria": "Cynthia Salom\u00e3o Bastos Faria", "texto_original": "http://sapl.pedroleopoldo.mg.leg.br/media/sapl/public/materialegislativa/2023/23156/indicacao_636_-_ver_cynthia_salomao.pdf", "ementa": "Instala\u00e7\u00e3o de placa de sinaliza\u00e7\u00e3o vertical PARE, no cruzamento da rua Nossa Senhora do Ros\u00e1rio com a rua Fern\u00e3o Dias, em frente a Igreja Nossa Senhora do Ros\u00e1rio, no bairro Quinta do Sumidouro"}, {"id": "23147", "ano": "2023", "numero": "637", "tipo__sigla": "IND", "tipo__descricao": "Indica\u00e7\u00e3o", "autoria": "Frederico Henrique Cota Alves (Fred Piau)", "texto_original": "http://sapl.pedroleopoldo.mg.leg.br/media/sapl/public/materialegislativa/2023/23147/indicacao_637_-_ver_frederico_henrique.pdf", "ementa": "No uso de minhas atribui\u00e7\u00f5es regimentais, indico conceder Mo\u00e7\u00e3o de Parab\u00e9ns ao XCO MAXACALI, pela realiza\u00e7\u00e3o da 1\u00aa Prova Mountain Bike XCO Maxacali \u2013 Parque Andiara \u2013 Pedro Leopoldo/MG"}, {"id": "23190", "ano": "2023", "numero": "638", "tipo__sigla": "IND", "tipo__descricao": "Indica\u00e7\u00e3o", "autoria": "Cynthia Salom\u00e3o Bastos Faria", "texto_original": "http://sapl.pedroleopoldo.mg.leg.br/media/sapl/public/materialegislativa/2023/23190/indicacao_638_-_2023_-_ver_cynthia_salomao.pdf", "ementa": "Verificar junto ao setor competente, providenciar a instala\u00e7\u00e3o de bra\u00e7os de luz na rua Matoso, pr\u00f3ximo aos n\u00fameros 1334, 1607 e 1611, no bairro Quinta do Sumidouro, neste Munic\u00edpio"}, {"id": "23191", "ano": "2023", "numero": "639", "tipo__sigla": "IND", "tipo__descricao": "Indica\u00e7\u00e3o", "autoria": "Cynthia Salom\u00e3o Bastos Faria", "texto_original": "http://sapl.pedroleopoldo.mg.leg.br/media/sapl/public/materialegislativa/2023/23191/indicacao_639_-_2023_-_ver_cynthia_salomao.pdf", "ementa": "Instala\u00e7\u00e3o de um poste e  bra\u00e7o de luz,  na rua  Independente, N\u00ba 66,  no Distrito de Fidalgo, neste Munic\u00edpio"}, {"id": "23150", "ano": "2023", "numero": "640", "tipo__sigla": "IND", "tipo__descricao": "Indica\u00e7\u00e3o", "autoria": "Frederico Henrique Cota Alves (Fred Piau)", "texto_original": "http://sapl.pedroleopoldo.mg.leg.br/media/sapl/public/materialegislativa/2023/23150/indicacao_640_-_ver_frederico_henrique.pdf", "ementa": "Providenciar servi\u00e7o de extens\u00e3o de rede e instala\u00e7\u00e3o de l\u00e2mpadas de LED em toda a extens\u00e3o da Estrada da Lapa Vermelha"}, {"id": "23151", "ano": "2023", "numero": "641", "tipo__sigla": "IND", "tipo__descricao": "Indica\u00e7\u00e3o", "autoria": "Frederico Henrique Cota Alves (Fred Piau)", "texto_original": "http://sapl.pedroleopoldo.mg.leg.br/media/sapl/public/materialegislativa/2023/23151/indicacao_641_-_ver_frederico_henrique.pdf", "ementa": "Incluir no site da Prefeitura todos os telefones e endere\u00e7os \u00fateis da cidade. De todos os postos de sa\u00fade, PA, escolas, pol\u00edcia, guarda, TRANS-PL, c\u00e2mara."}, {"id": "23146", "ano": "2023", "numero": "642", "tipo__sigla": "IND", "tipo__descricao": "Indica\u00e7\u00e3o", "autoria": "Leonardo Pereira Ribeiro (Leoz\u00e3o)", "texto_original": "http://sapl.pedroleopoldo.mg.leg.br/media/sapl/public/materialegislativa/2023/23146/indicacao_642_-_ver_leonardo_pereira.pdf", "ementa": "No uso de minhas atribui\u00e7\u00f5es regimentais, indico \u00e0 Vossa Excel\u00eancia conceder Mo\u00e7\u00e3o de Parab\u00e9ns, ao \u201dEJC Encontro de Jovens com Cristo,\u201d de Pedro Leopoldo, MG, realizado pela Igreja Matriz Nossa Senhora da Concei\u00e7\u00e3o, que vem evangelizando e resgatando o amor pr\u00f3prio e a alto valoriza\u00e7\u00e3o dos jovens e das fam\u00edlias, aproximando-os cada vez mais de Cristo."}, {"id": "23152", "ano": "2023", "numero": "643", "tipo__sigla": "IND", "tipo__descricao": "Indica\u00e7\u00e3o", "autoria": "Frederico Henrique Cota Alves (Fred Piau)", "texto_original": "http://sapl.pedroleopoldo.mg.leg.br/media/sapl/public/materialegislativa/2023/23152/indicacao_643_-_ver_frederico_henrique.pdf", "ementa": "No uso de minhas atribui\u00e7\u00f5es regimentais, indico \u00e0 Excelent\u00edssima Senhora Prefeita determinar ao setor competente para que providencie o patrolamento em toda extens\u00e3o da Rua Floresta, bairro Quinta do Sumidouro, neste munic\u00edpio."}, {"id": "23153", "ano": "2023", "numero": "644", "tipo__sigla": "IND", "tipo__descricao": "Indica\u00e7\u00e3o", "autoria": "Frederico Henrique Cota Alves (Fred Piau)", "texto_original": "http://sapl.pedroleopoldo.mg.leg.br/media/sapl/public/materialegislativa/2023/23153/indicacao_644_-_ver_frederico_henrique.pdf", "ementa": "No uso de minhas atribui\u00e7\u00f5es regimentais, indico \u00e0 Excelent\u00edssima Senhora Prefeita determinar ao setor competente fazer um paliativo na rua Principal dos Matos, pr\u00f3ximo ao n\u00famero 800, colocando bica corrida. Fa\u00e7o a solicita\u00e7\u00e3o porque a via est\u00e1 intransit\u00e1vel devido as chuvas."}, {"id": "23196", "ano": "2023", "numero": "645", "tipo__sigla": "IND", "tipo__descricao": "Indica\u00e7\u00e3o", "autoria": "Frederico Henrique Cota Alves (Fred Piau)", "texto_original": "http://sapl.pedroleopoldo.mg.leg.br/media/sapl/public/materialegislativa/2023/23196/indicacao_654_-_2023_-_ver_cynthia_salomao.pdf", "ementa": "Incluir no site da Prefeitura, junto com a apresenta\u00e7\u00e3o de cada secret\u00e1rio, o endere\u00e7o e hor\u00e1rio de funcionamento de cada secretaria"}, {"id": "23197", "ano": "2023", "numero": "646", "tipo__sigla": "IND", "tipo__descricao": "Indica\u00e7\u00e3o", "autoria": "Frederico Henrique Cota Alves (Fred Piau)", "texto_original": "http://sapl.pedroleopoldo.mg.leg.br/media/sapl/public/materialegislativa/2023/23197/indicacao_646_-_2023_-_ver_frederico_henrique.pdf", "ementa": "No uso de minhas atribui\u00e7\u00f5es regimentais, indico \u00e0 Excelent\u00edssima Senhora Prefeita determinar ao setor competente incluir o evento XCO MAXAKALI no calend\u00e1rio esportivo anual do Munic\u00edpio"}, {"id": "23200", "ano": "2023", "numero": "647", "tipo__sigla": "IND", "tipo__descricao": "Indica\u00e7\u00e3o", "autoria": "Rafael Vieira Faria (Rafa)", "texto_original": "http://sapl.pedroleopoldo.mg.leg.br/media/sapl/public/materialegislativa/2023/23200/indicacao_647_-_2023_-ver_rafael_faria.pdf", "ementa": "Venho, no uso de minhas atribui\u00e7\u00f5es regimentais, apresentar presente indica\u00e7\u00e3o, sugerindo ao Poder Executivo,  a instala\u00e7\u00e3o de ilumina\u00e7\u00e3o na passarela que liga a Rua Guaranis a Rua Travessa Guarani na Horta Comunit\u00e1ria e, sucessivamente, indica a limpeza da passarela, trazendo mais seguran\u00e7a e qualidade de vida para as pessoas que transitam pelo local."}, {"id": "23201", "ano": "2023", "numero": "648", "tipo__sigla": "IND", "tipo__descricao": "Indica\u00e7\u00e3o", "autoria": "Rafael Vieira Faria (Rafa)", "texto_original": "http://sapl.pedroleopoldo.mg.leg.br/media/sapl/public/materialegislativa/2023/23201/indicacao_648_-_2023_-ver_rafael_faria.pdf", "ementa": "Venho, no uso de minhas atribui\u00e7\u00f5es regimentais, apresentar indica\u00e7\u00e3o, sugerindo ao Poder Executivo, o recapeamento da Rua Lucio Cardoso Teixeira no bairro Tri\u00e2ngulo CEP 33256-002, recompondo a qualidade da camada asf\u00e1ltica, trazendo mais comodidade, qualidade de tr\u00e1fego e seguran\u00e7a para a popula\u00e7\u00e3o que transita por essa via."}, {"id": "23198", "ano": "2023", "numero": "649", "tipo__sigla": "IND", "tipo__descricao": "Indica\u00e7\u00e3o", "autoria": "Frederico Henrique Cota Alves (Fred Piau)", "texto_original": "http://sapl.pedroleopoldo.mg.leg.br/media/sapl/public/materialegislativa/2023/23198/indicacao_649_-_2023_-_ver_frederico_henrique.pdf", "ementa": "No uso de minhas atribui\u00e7\u00f5es regimentais, indico \u00e0 Excelent\u00edssima Senhora Prefeita a constru\u00e7\u00e3o de um centro poliesportivo no distrito de Lagoa de Santo Ant\u00f4nio."}, {"id": "23199", "ano": "2023", "numero": "650", "tipo__sigla": "IND", "tipo__descricao": "Indica\u00e7\u00e3o", "autoria": "Frederico Henrique Cota Alves (Fred Piau)", "texto_original": "http://sapl.pedroleopoldo.mg.leg.br/media/sapl/public/materialegislativa/2023/23199/indicacao_650-_2023_-_ver_frederico_henrique.pdf", "ementa": "Criar uma linha de \u00f4nibus circular para a regi\u00e3o sul, (Fazenda Modelo, Santo Ant\u00f4nio da Barra, Coqueirinho, Tapera, Jardin\u00f3polis, e Vera Cruz de Minas)"}, {"id": "23203", "ano": "2023", "numero": "651", "tipo__sigla": "IND", "tipo__descricao": "Indica\u00e7\u00e3o", "autoria": "Warlen Alves da Silva", "texto_original": "http://sapl.pedroleopoldo.mg.leg.br/media/sapl/public/materialegislativa/2023/23203/indicacao_651_-2023_-warlen_alves.pdf", "ementa": "No uso de minhas atribui\u00e7\u00f5es regimentais, indico \u00e0 Excelent\u00edssima Senhora Prefeita determinar ao setor competente para que providencie a instala\u00e7\u00e3o de placa de sinaliza\u00e7\u00e3o vertical e horizontal \u201cproibido parar e estacionar\u201d, rua Comendador Ant\u00f4nio Alves n\u00b0 2155, no bairro Santo Ant\u00f4nio em frente ao Instituto Educacional   Vida Plena e Igreja Evang\u00e9lica Vida Plena, neste munic\u00edpio."}, {"id": "23193", "ano": "2023", "numero": "652", "tipo__sigla": "IND", "tipo__descricao": "Indica\u00e7\u00e3o", "autoria": "Cynthia Salom\u00e3o Bastos Faria", "texto_original": "http://sapl.pedroleopoldo.mg.leg.br/media/sapl/public/materialegislativa/2023/23193/indicacao_652_-_2023_-_ver_cynthia_salomao.pdf", "ementa": "Indica \u00e0 Excelent\u00edssima Senhora Prefeita, determinar ao setor competente providenciar a instala\u00e7\u00e3o da ilumina\u00e7\u00e3o e a reforma do Campo do Independente Futebol Clube, Distrito de Fidalgo. Neste Munic\u00edpio"}, {"id": "23194", "ano": "2023", "numero": "653", "tipo__sigla": "IND", "tipo__descricao": "Indica\u00e7\u00e3o", "autoria": "Cynthia Salom\u00e3o Bastos Faria", "texto_original": "http://sapl.pedroleopoldo.mg.leg.br/media/sapl/public/materialegislativa/2023/23194/indicacao_653_-_2023_-_ver_cynthia_salomao.pdf", "ementa": "Indica \u00e0 Excelent\u00edssima Senhora Prefeita, determinar ao setor competente providenciar a instala\u00e7\u00e3o da ilumina\u00e7\u00e3o e a reforma do Campo do Esporte Clube Universo, no bairro Quinta do Sumidouro. Neste Munic\u00edpio"}, {"id": "23195", "ano": "2023", "numero": "654", "tipo__sigla": "IND", "tipo__descricao": "Indica\u00e7\u00e3o", "autoria": "Cynthia Salom\u00e3o Bastos Faria", "texto_original": "http://sapl.pedroleopoldo.mg.leg.br/media/sapl/public/materialegislativa/2023/23195/indicacao_654_-_2023_-_ver_cynthia_salomao.pdf", "ementa": "Indica \u00e0 Excelent\u00edssima Senhora Prefeita, determinar ao setor competente\r\nprovidenciar a ilumina\u00e7\u00e3o de LED na rua  Agenor do Pio, entre os n\u00fameros 281 e 676 em Quinta do Sumidouro. Neste Munic\u00edpio"}, {"id": "23204", "ano": "2023", "numero": "655", "tipo__sigla": "IND", "tipo__descricao": "Indica\u00e7\u00e3o", "autoria": "Warlen Alves da Silva", "texto_original": "http://sapl.pedroleopoldo.mg.leg.br/media/sapl/public/materialegislativa/2023/23204/indicacao_655_-_2023_-_ver_warlen_alves.pdf", "ementa": "No uso de minhas atribui\u00e7\u00f5es regimentais, indico \u00e0 Excelent\u00edssima Senhora Prefeita solicitar ao setor competente o estudo e instala\u00e7\u00e3o de um redutor de velocidade (quebra-molas) na rua \u00c1urea Pereira Gon\u00e7alves pr\u00f3ximo ao n\u00famero 259, localizada no bairro Felipe Claudio, neste Munic\u00edpio"}, {"id": "23205", "ano": "2023", "numero": "656", "tipo__sigla": "IND", "tipo__descricao": "Indica\u00e7\u00e3o", "autoria": "Warlen Alves da Silva", "texto_original": "http://sapl.pedroleopoldo.mg.leg.br/media/sapl/public/materialegislativa/2023/23205/indicacao_656_-_2023_-ver_warlen_alves.pdf", "ementa": "No uso de minhas atribui\u00e7\u00f5es regimentais, indico \u00e0 Excelent\u00edssima Senhora Prefeita determinar ao setor competente para que providencie a desobstru\u00e7\u00e3o de bueiro na Rua Caio Martins, em frente ao n\u00famero 301 no bairro S\u00e3o Geraldo, neste munic\u00edpio"}, {"id": "23202", "ano": "2023", "numero": "657", "tipo__sigla": "IND", "tipo__descricao": "Indica\u00e7\u00e3o", "autoria": "Rafael Vieira Faria (Rafa)", "texto_original": "http://sapl.pedroleopoldo.mg.leg.br/media/sapl/public/materialegislativa/2023/23202/indicacao_657_-_2023_-_ver_rafael_faria.pdf", "ementa": "Venho, no uso de minhas atribui\u00e7\u00f5es, apresentar indica\u00e7\u00e3o, sugerindo ao Poder Executivo, a realiza\u00e7\u00e3o de estudo t\u00e9cnico visando adotar medidas para reduzir a velocidade de tr\u00e1fego nas ruas Tapaj\u00f3s e Anhanguera, trazendo mais seguran\u00e7a para as pessoas que transitam a p\u00e9 por essas vias."}, {"id": "23206", "ano": "2023", "numero": "658", "tipo__sigla": "IND", "tipo__descricao": "Indica\u00e7\u00e3o", "autoria": "Warlen Alves da Silva", "texto_original": "http://sapl.pedroleopoldo.mg.leg.br/media/sapl/public/materialegislativa/2023/23206/indicacao_658-2023_-ver_warlen_alves.pdf", "ementa": "No uso de minhas atribui\u00e7\u00f5es regimentais, indico \u00e0 Excelent\u00edssima Senhora Prefeita determinar ao setor competente para que providencie a desobstru\u00e7\u00e3o de bueiro na Rua Romero Carvalho esquina com a Rua Padre Expechit no Centro, neste munic\u00edpio."}, {"id": "23215", "ano": "2023", "numero": "659", "tipo__sigla": "IND", "tipo__descricao": "Indica\u00e7\u00e3o", "autoria": "Frederico Henrique Cota Alves (Fred Piau)", "texto_original": "http://sapl.pedroleopoldo.mg.leg.br/media/sapl/public/materialegislativa/2023/23215/indicacao_659_-_2023_-frederico_henrique.pdf", "ementa": "No uso de minhas atribui\u00e7\u00f5es regimentais, indico \u00e1 Excelent\u00edssima senhora Prefeita determinar ao setor competente realizar limpeza e capina na Rua Jo\u00e3o Teodoro da Silva n\u00famero 1844- Bairro Donato, pr\u00f3ximo ao ponto de \u00f4nibus em frente a APAE"}, {"id": "23216", "ano": "2023", "numero": "660", "tipo__sigla": "IND", "tipo__descricao": "Indica\u00e7\u00e3o", "autoria": "Frederico Henrique Cota Alves (Fred Piau)", "texto_original": "http://sapl.pedroleopoldo.mg.leg.br/media/sapl/public/materialegislativa/2023/23216/indicacao_660-2023_-_frederico_henrique.pdf", "ementa": "indico \u00e0 Excelent\u00edssima Senhora Prefeita determinar ao setor competente a instala\u00e7\u00e3o de ciclovia e passeio em toda a extens\u00e3o da Rodovia Maria Piedade Costa (estrada do urubu), neste Munic\u00edpio."}, {"id": "23217", "ano": "2023", "numero": "661", "tipo__sigla": "IND", "tipo__descricao": "Indica\u00e7\u00e3o", "autoria": "Frederico Henrique Cota Alves (Fred Piau)", "texto_original": "http://sapl.pedroleopoldo.mg.leg.br/media/sapl/public/materialegislativa/2023/23217/indicacao_661-_2023_-frederico_henrique.pdf", "ementa": "No uso de minhas atribui\u00e7\u00f5es regimentais, indico \u00e0 Excelent\u00edssima Senhora Prefeita determinar ao setor competente realizar um estudo para viabilidade de instala\u00e7\u00e3o de redutores de velocidade (quebra-molas) na rua Moacir Alonso Reis \u2013 Conjunto Habitacional Marieta Batista de Sales, neste Munic\u00edpio."}, {"id": "23218", "ano": "2023", "numero": "662", "tipo__sigla": "IND", "tipo__descricao": "Indica\u00e7\u00e3o", "autoria": "Frederico Henrique Cota Alves (Fred Piau)", "texto_original": "http://sapl.pedroleopoldo.mg.leg.br/media/sapl/public/materialegislativa/2023/23218/indicacao_662-2023_-_frederico_henrique.pdf", "ementa": "No uso de minhas atribui\u00e7\u00f5es regimentais, indico \u00e0 Exma. Sra. Prefeita, realizar a limpeza e capina no entorno da Quadra Poliesportiva do Bairro Magalh\u00e3es, neste Munic\u00edpio"}, {"id": "23220", "ano": "2023", "numero": "664", "tipo__sigla": "IND", "tipo__descricao": "Indica\u00e7\u00e3o", "autoria": "Mauro J\u00fanior Lopes Francisco", "texto_original": "http://sapl.pedroleopoldo.mg.leg.br/media/sapl/public/materialegislativa/2023/23220/indicacao_664-2023_-_mauro_junior_lopes.pdf", "ementa": "No uso de minhas atribui\u00e7\u00f5es regimentais, indico \u00e0 Excelent\u00edssima Senhora Prefeita determinar ao setor competente, providenciar uma sinaliza\u00e7\u00e3o de sentido proibido em frente \u00e0 igreja na pra\u00e7a Nossa Senhora do Ros\u00e1rio, no Distrito de Vera Cruz de Minas, neste munic\u00edpio"}, {"id": "23221", "ano": "2023", "numero": "665", "tipo__sigla": "IND", "tipo__descricao": "Indica\u00e7\u00e3o", "autoria": "Mauro J\u00fanior Lopes Francisco", "texto_original": "http://sapl.pedroleopoldo.mg.leg.br/media/sapl/public/materialegislativa/2023/23221/indicacao_665-2023_-_mauro_junior_lopes.pdf", "ementa": "No uso de minhas atribui\u00e7\u00f5es regimentais, indico \u00e0 Excelent\u00edssima Senhora Prefeita determinar ao setor competente, providenciar uma sinaliza\u00e7\u00e3o com indica\u00e7\u00e3o de altura para o pontilh\u00e3o da rua S\u00e3o Sebasti\u00e3o que transp\u00f5e a rodovia Neves, localizado pr\u00f3ximo a Igreja Nossa Senhora do Ros\u00e1rio, no Distrito de Vera Cruz de Minas, neste munic\u00edpio."}, {"id": "23222", "ano": "2023", "numero": "666", "tipo__sigla": "IND", "tipo__descricao": "Indica\u00e7\u00e3o", "autoria": "Evaldo Geraldo do Carmo (Evaldo do A\u00e7ougue)", "texto_original": "http://sapl.pedroleopoldo.mg.leg.br/media/sapl/public/materialegislativa/2023/23222/indicacao_666-2023_-_evaldo_geraldo.pdf", "ementa": "Indico determinar ao setor competente providenciar, a limpeza e capina em toda extens\u00e3o da estrada da Ciminas ate a estrada do Engenho, neste munic\u00edpio"}, {"id": "23223", "ano": "2023", "numero": "667", "tipo__sigla": "IND", "tipo__descricao": "Indica\u00e7\u00e3o", "autoria": "Rafael Vieira Faria (Rafa)", "texto_original": "http://sapl.pedroleopoldo.mg.leg.br/media/sapl/public/materialegislativa/2023/23223/indicacao_667-2023_-__rafael_faria.pdf", "ementa": "Venho, no uso de minhas atribui\u00e7\u00f5es regimentais, apresentar indica\u00e7\u00e3o, sugerindo ao Poder Executivo, a instala\u00e7\u00e3o de sinaliza\u00e7\u00e3o vertical indicativa nas estradas que levam ao Quilombo Pimentel, visando orientar \u00e0s pessoas como chegar na comunidade Quilombola"}, {"id": "23225", "ano": "2023", "numero": "668", "tipo__sigla": "IND", "tipo__descricao": "Indica\u00e7\u00e3o", "autoria": "Warlen Alves da Silva", "texto_original": "http://sapl.pedroleopoldo.mg.leg.br/media/sapl/public/materialegislativa/2023/23225/indicacao_668_-2023_-_warlen_alves.pdf", "ementa": "No uso de minhas atribui\u00e7\u00f5es regimentais, indico \u00e0 Excelent\u00edssima Senhora Prefeita determinar ao setor competente providenciar a instala\u00e7\u00e3o de uma faixa elevada para travessia de pedestres na rua Emilio Gon\u00e7alves na altura dos n\u00fameros 516 e instala\u00e7\u00e3o de placas de sinaliza\u00e7\u00e3o horizontal de PARE no cruzamento com a rua Altino Leles Tavares e rua Herculano Soares de Oliveira no bairro Quinta do Sumidouro, neste munic\u00edpio"}, {"id": "23226", "ano": "2023", "numero": "669", "tipo__sigla": "IND", "tipo__descricao": "Indica\u00e7\u00e3o", "autoria": "Warlen Alves da Silva", "texto_original": "http://sapl.pedroleopoldo.mg.leg.br/media/sapl/public/materialegislativa/2023/23226/indicacao_669-_2023_-warlen_alves.pdf", "ementa": "No uso de minhas atribui\u00e7\u00f5es regimentais, indico \u00e0 Excelent\u00edssima Senhora Prefeita solicitar ao setor competente providenciar a supress\u00e3o de uma \u00e1rvore localizada na Rua Raimundo Felix, em frente ao n\u00b0 900, Bairro Novo Campinho, neste Munic\u00edpio"}, {"id": "23232", "ano": "2023", "numero": "670", "tipo__sigla": "IND", "tipo__descricao": "Indica\u00e7\u00e3o", "autoria": "Cynthia Salom\u00e3o Bastos Faria, Leonardo Pereira Ribeiro (Leoz\u00e3o)", "texto_original": "http://sapl.pedroleopoldo.mg.leg.br/media/sapl/public/materialegislativa/2023/23232/indicacao_670-2023_-_leonardo_ribeiro.pdf", "ementa": "Conceder Mo\u00e7\u00e3o de Parab\u00e9ns ao Senhor Vanderson Ant\u00f4nio Moreira Santos pela relevante contribui\u00e7\u00e3o e incentivo a doa\u00e7\u00e3o de sangue"}, {"id": "23228", "ano": "2023", "numero": "671", "tipo__sigla": "IND", "tipo__descricao": "Indica\u00e7\u00e3o", "autoria": "Frederico Henrique Cota Alves (Fred Piau)", "texto_original": "http://sapl.pedroleopoldo.mg.leg.br/media/sapl/public/materialegislativa/2023/23228/indicacao_671_-2023_-frederico_henrique.pdf", "ementa": "No uso de minhas atribui\u00e7\u00f5es regimentais, indico \u00e0 Excelent\u00edssima Senhora Prefeita determinar ao setor competente providenciar o recapeamento asf\u00e1ltico da rua A, Bairro Mirante, neste Munic\u00edpio"}, {"id": "23229", "ano": "2023", "numero": "672", "tipo__sigla": "IND", "tipo__descricao": "Indica\u00e7\u00e3o", "autoria": "Cynthia Salom\u00e3o Bastos Faria", "texto_original": "http://sapl.pedroleopoldo.mg.leg.br/media/sapl/public/materialegislativa/2023/23229/indicacao_672-2023_-_cynthia_salomao.pdf", "ementa": "No uso de minhas atribui\u00e7\u00f5es regimentais, indico \u00e0 Excelent\u00edssima Senhora Prefeita, determinar ao setor competente instalar uma faixa elevada na Avenida Camilo Alves, entre os n\u00fameros 570 e 602, no bairro Dom Camilo, neste Munic\u00edpio"}, {"id": "23726", "ano": "2023", "numero": "673", "tipo__sigla": "IND", "tipo__descricao": "Indica\u00e7\u00e3o", "autoria": "Guilherme de Lima Braga (Guilherme do Doce)", "texto_original": "http://sapl.pedroleopoldo.mg.leg.br/media/", "ementa": "Mo\u00e7\u00e3o Parab\u00e9ns Gentil Viana"}, {"id": "22664", "ano": "2023", "numero": "470", "tipo__sigla": "IEMEI", "tipo__descricao": "Indica\u00e7\u00e3o Emenda Impositiva", "autoria": "Cynthia Salom\u00e3o Bastos Faria", "texto_original": "http://sapl.pedroleopoldo.mg.leg.br/media/sapl/public/materialegislativa/2023/22664/indicacao_470-23_-_cynthia.pdf", "ementa": "Indica \u00e0 Excelent\u00edssima Senhora Prefeita, determinar ao setor competente disponibilizar um aparelho telef\u00f4nico corporativo para uso da USB (UNIDADE DE SAUDE BUCAL) do DISTRITO de FIDALGO, neste Munic\u00edpio,"}, {"id": "22678", "ano": "2023", "numero": "487", "tipo__sigla": "IEMEI", "tipo__descricao": "Indica\u00e7\u00e3o Emenda Impositiva", "autoria": "Warlen Alves da Silva", "texto_original": "http://sapl.pedroleopoldo.mg.leg.br/media/sapl/public/materialegislativa/2023/22678/indicacao_487-23_-_ver._warlen.pdf", "ementa": "No uso de minhas atribui\u00e7\u00f5es regimentais, indico \u00e0 Excelent\u00edssima Senhora Prefeita determinar ao setor competente para que providencie o recapeamento asf\u00e1ltico na  Avenida Camilo Alves da Silva, pr\u00f3ximo a rua Jo\u00e3o Evangelista Serafim, que liga o bairro Teotonio Batista de Freitas ao bairro Novo Campinho, neste Munic\u00edpio."}, {"id": "21147", "ano": "2023", "numero": "1", "tipo__sigla": "OF", "tipo__descricao": "Of\u00edcio", "autoria": "", "texto_original": "http://sapl.pedroleopoldo.mg.leg.br/media/sapl/public/materialegislativa/2023/21147/oficio_01-2023.pdf", "ementa": "Ilmo (a). Sr(a). Representante da Aedificandi Arquitetura e Engenharia LTDA\r\n\r\n\r\n\r\n\r\n\r\n\r\n\r\n\r\n\r\n\r\n\r\n\r\n\r\n\r\n\r\n\r\n\r\n\r\n\r\n\r\n\r\n\r\n\r\n\r\n\r\n\r\n\r\n\r\n\r\n\r\n\r\n\r\n\r\n\r\n\r\n\r\n\r\n\r\n\r\n\r\n\r\n\r\n\r\n\r\n\r\n\r\n\r\n\r\n\r\n\r\n\r\n\r\n\r\n\r\n\r\n\r\n\r\n\r\n\r\n\r\n\r\n\r\n\r\n\r\n\r\n\r\n\r\n\r\n\r\n\r\n\r\n\r\n\r\n\r\n\r\n\r\n\r\n\r\n\r\n\r\n\r\n\r\n\r\n\r\n\r\n\r\n\r\n\r\n\r\n\r\n\r\n\r\n\r\n\r\n\r\n\r\n\r\n\r\n\r\n\r\n\r\n\r\n\r\n\r\n\r\n\r\n\r\n\r\n\r\n\r\n\r\n\r\n\r\n\r\n\r\n\r\n\r\n\r\n\r\n\r\n\r\n\r\n\r\n\r\n\r\n\r\n\r\n\r\n\r\n\r\n\r\n\r\n\r\n\r\n\r\n\r\n\r\n\r\n\r\n\r\n\r\n\r\n\r\n\r\n\r\n\r\n\r\n\r\n\r\n\r\n\r\n\r\n\r\n\r\n\r\n\r\n\r\n\r\n\r\nAssunto: Processo Licitat\u00f3rio 30/2022"}, {"id": "21148", "ano": "2023", "numero": "3", "tipo__sigla": "OF", "tipo__descricao": "Of\u00edcio", "autoria": "", "texto_original": "http://sapl.pedroleopoldo.mg.leg.br/media/sapl/public/materialegislativa/2023/21148/oficio__03_-_2023.pdf", "ementa": "\u00c0 Exma. Sra. Prefeita \r\nEloisa Helena Carvalho de Freitas Pereira \r\nPrefeitura Municipal de Pedro Leopoldo/MG\r\n\r\n\r\n\r\n\r\n\r\n\r\n\r\n\r\n\r\n\r\n\r\n\r\n\r\n\r\n\r\n\r\n\r\n\r\n\r\n\r\n\r\n\r\n\r\n\r\n\r\n\r\n\r\n\r\n\r\n\r\n\r\n\r\n\r\n\r\n\r\n\r\n\r\n\r\n\r\n\r\n\r\n\r\n\r\n\r\n\r\n\r\n\r\n\r\n\r\n\r\n\r\n\r\n\r\n\r\n\r\n\r\n\r\n\r\n\r\n\r\n\r\n\r\n\r\n\r\n\r\n\r\n\r\n\r\n\r\n\r\n\r\n\r\n\r\n\r\n\r\n\r\n\r\n\r\n\r\n\r\n\r\n\r\n\r\n\r\n\r\n\r\n\r\n\r\n\r\n\r\n\r\n\r\n\r\n\r\n\r\n\r\n\r\n\r\n\r\n\r\n\r\n\r\n\r\n\r\n\r\n\r\n\r\n\r\n\r\n\r\n\r\n\r\n\r\n\r\n\r\n\r\n\r\n\r\n\r\n\r\n\r\n\r\n\r\n\r\n\r\n\r\n\r\n\r\n\r\n\r\n\r\n\r\n\r\n\r\n\r\n\r\n\r\n\r\n\r\n\r\n\r\n\r\nAssunto: Solicito documentos"}, {"id": "21153", "ano": "2023", "numero": "4", "tipo__sigla": "OF", "tipo__descricao": "Of\u00edcio", "autoria": "", "texto_original": "http://sapl.pedroleopoldo.mg.leg.br/media/sapl/public/materialegislativa/2023/21153/oficio_04-2023.pdf", "ementa": "Excelent\u00edssimo Sr:\r\nLuiz In\u00e1cio Lula da silva \r\nPresidente da Rep\u00fablica/ Pal\u00e1cio do Planalto - \r\nPra\u00e7a dos Tr\u00eas Poderes / Bras\u00edlia /DF\r\n\r\n\r\n\r\n\r\n\r\n\r\n\r\n\r\n\r\n\r\n\r\n\r\n\r\n\r\n\r\n\r\n\r\n\r\n\r\n\r\n\r\n\r\n\r\n\r\n\r\n\r\n\r\n\r\n\r\n\r\n\r\n\r\n\r\n\r\n\r\n\r\n\r\n\r\n\r\n\r\n\r\n\r\n\r\n\r\n\r\n\r\n\r\n\r\n\r\n\r\n\r\n\r\n\r\n\r\n\r\n\r\n\r\n\r\n\r\n\r\n\r\n\r\n\r\n\r\n\r\n\r\n\r\n\r\n\r\n\r\n\r\n\r\n\r\n\r\n\r\n\r\n\r\n\r\n\r\n\r\n\r\n\r\n\r\n\r\n\r\n\r\n\r\n\r\n\r\n\r\n\r\n\r\n\r\n\r\n\r\nAssunto: Envia Rep\u00fadio manifesta\u00e7\u00f5es em Bras\u00edlia /DF"}, {"id": "21154", "ano": "2023", "numero": "5", "tipo__sigla": "OF", "tipo__descricao": "Of\u00edcio", "autoria": "", "texto_original": "http://sapl.pedroleopoldo.mg.leg.br/media/", "ementa": "Excelent\u00edssimo Sr:\r\nRodrigo Pacheco \r\nPresidente do Senado Federal \r\nPra\u00e7a dos Tr\u00eas Poderes - Bras\u00edlia -DF\r\n\r\n\r\n\r\n\r\n\r\n\r\n\r\n\r\n\r\n\r\n\r\n\r\n\r\n\r\n\r\n\r\n\r\n\r\n\r\n\r\n\r\n\r\n\r\n\r\n\r\n\r\n\r\n\r\n\r\n\r\n\r\n\r\n\r\n\r\n\r\n\r\n\r\n\r\n\r\n\r\n\r\n\r\n\r\n\r\n\r\n\r\n\r\n\r\n\r\n\r\n\r\n\r\n\r\n\r\n\r\n\r\n\r\n\r\n\r\n\r\n\r\n\r\n\r\n\r\n\r\n\r\n\r\n\r\n\r\n\r\n\r\n\r\n\r\n\r\n\r\n\r\n\r\n\r\n\r\n\r\n\r\n\r\n\r\n\r\n\r\n\r\n\r\n\r\n\r\n\r\n\r\n\r\n\r\n\r\n\r\n\r\nAssunto: Envia Rep\u00fadio manifesta\u00e7\u00f5es em Bras\u00edlia /DF"}, {"id": "21155", "ano": "2023", "numero": "6", "tipo__sigla": "OF", "tipo__descricao": "Of\u00edcio", "autoria": "", "texto_original": "http://sapl.pedroleopoldo.mg.leg.br/media/sapl/public/materialegislativa/2023/21155/oficio_06-2023.pdf", "ementa": "Excelent\u00edssimo Sr:\r\nArthur Lira \r\nPresidente da C\u00e2mara dos Deputados \r\nPra\u00e7a dos Tr\u00eas Poderes  - Bras\u00edlia/ DF\r\n\r\n\r\n\r\n\r\n\r\n\r\n\r\n\r\n\r\n\r\n\r\n\r\n\r\n\r\n\r\n\r\n\r\n\r\n\r\n\r\n\r\n\r\n\r\n\r\n\r\n\r\n\r\n\r\n\r\n\r\n\r\n\r\n\r\n\r\n\r\n\r\n\r\n\r\n\r\n\r\n\r\n\r\n\r\n\r\n\r\n\r\n\r\n\r\n\r\n\r\n\r\n\r\n\r\n\r\n\r\n\r\n\r\n\r\n\r\n\r\n\r\n\r\n\r\n\r\n\r\n\r\n\r\n\r\n\r\n\r\n\r\n\r\n\r\n\r\n\r\n\r\n\r\n\r\n\r\n\r\n\r\n\r\n\r\n\r\n\r\n\r\n\r\n\r\n\r\n\r\n\r\n\r\n\r\n\r\n\r\n\r\n\r\n\r\n\r\n\r\n\r\n\r\n\r\n\r\n\r\n\r\n\r\n\r\n\r\n\r\n\r\nAssunto: Envia Rep\u00fadio manifesta\u00e7\u00f5es em Bras\u00edlia /DF"}, {"id": "21156", "ano": "2023", "numero": "7", "tipo__sigla": "OF", "tipo__descricao": "Of\u00edcio", "autoria": "", "texto_original": "http://sapl.pedroleopoldo.mg.leg.br/media/sapl/public/materialegislativa/2023/21156/oficio_07-2023.pdf", "ementa": "Excelent\u00edssima Sra:\r\nMinistra Rosa Weber \r\nPresidente do Supremo Tribunal \r\nPra\u00e7a dos Tr\u00eas Poderes \r\nBras\u00edlia / DF\r\n\r\n\r\n\r\n\r\n\r\n\r\n\r\n\r\n\r\n\r\n\r\n\r\n\r\n\r\n\r\n\r\n\r\n\r\n\r\n\r\n\r\n\r\n\r\n\r\n\r\n\r\n\r\n\r\n\r\n\r\n\r\n\r\n\r\n\r\n\r\n\r\n\r\n\r\n\r\n\r\n\r\n\r\n\r\n\r\n\r\n\r\n\r\n\r\n\r\n\r\n\r\n\r\n\r\n\r\n\r\n\r\n\r\n\r\n\r\n\r\n\r\n\r\n\r\n\r\n\r\n\r\n\r\n\r\n\r\n\r\n\r\n\r\n\r\n\r\n\r\n\r\n\r\n\r\n\r\n\r\n\r\n\r\n\r\n\r\n\r\n\r\n\r\n\r\n\r\n\r\n\r\n\r\n\r\n\r\n\r\n\r\n\r\n\r\n\r\n\r\n\r\n\r\n\r\n\r\n\r\n\r\n\r\n\r\n\r\n\r\n\r\n\r\nAssunto: Envia Rep\u00fadio manifesta\u00e7\u00f5es em Bras\u00edlia /DF"}, {"id": "21157", "ano": "2023", "numero": "10", "tipo__sigla": "OF", "tipo__descricao": "Of\u00edcio", "autoria": "", "texto_original": "http://sapl.pedroleopoldo.mg.leg.br/media/sapl/public/materialegislativa/2023/21157/oficio_10-2023.pdf", "ementa": "\u00c0 Excelent\u00edssima Senhora Eloisa Helena Carvalho de Freitas Pereira \r\nPrefeitura Municipal de Pedro Leopoldo\r\n\r\n\r\n\r\n\r\n\r\n\r\n\r\n\r\n\r\n\r\n\r\n\r\n\r\n\r\n\r\n\r\n\r\n\r\n\r\n\r\n\r\n\r\n\r\n\r\n\r\n\r\n\r\n\r\n\r\n\r\n\r\n\r\n\r\n\r\n\r\n\r\n\r\n\r\n\r\n\r\n\r\n\r\n\r\n\r\n\r\n\r\n\r\n\r\n\r\n\r\n\r\n\r\n\r\n\r\n\r\n\r\n\r\n\r\n\r\n\r\n\r\n\r\n\r\n\r\n\r\n\r\n\r\n\r\n\r\n\r\n\r\n\r\n\r\n\r\n\r\n\r\n\r\n\r\n\r\n\r\n\r\n\r\n\r\n\r\n\r\n\r\n\r\n\r\n\r\n\r\n\r\n\r\n\r\n\r\n\r\n\r\n\r\n\r\n\r\n\r\n\r\n\r\n\r\n\r\n\r\n\r\n\r\n\r\n\r\n\r\n\r\n\r\n\r\n\r\n\r\n\r\n\r\n\r\n\r\n\r\n\r\n\r\n\r\n\r\n\r\n\r\n\r\n\r\n\r\n\r\n\r\n\r\n\r\n\r\n\r\n\r\n\r\n\r\n\r\n\r\n\r\n\r\n\r\n\r\n\r\n\r\n\r\n\r\n\r\n\r\n\r\n\r\n\r\n\r\n\r\nAssunto: Solicita\u00e7\u00e3o (Faz)"}, {"id": "21280", "ano": "2023", "numero": "12", "tipo__sigla": "OF", "tipo__descricao": "Of\u00edcio", "autoria": "", "texto_original": "http://sapl.pedroleopoldo.mg.leg.br/media/sapl/public/materialegislativa/2023/21280/oficio_12-2023.pdf", "ementa": "Assunto : Voto de pesar pelo falecimento do querido ex-vereador, Sr. Agenor Ant\u00e3o Martins"}, {"id": "21281", "ano": "2023", "numero": "13", "tipo__sigla": "OF", "tipo__descricao": "Of\u00edcio", "autoria": "", "texto_original": "http://sapl.pedroleopoldo.mg.leg.br/media/sapl/public/materialegislativa/2023/21281/oficio_13-2023.pdf", "ementa": "Ao senhor \r\nCoronel Evair dos santos de Oliveira \r\nSecret\u00e1rio Municipal de Seguran\u00e7a P\u00fablica \r\nPrefeitura de Pedro Leopoldo / MG \r\n\r\n\r\n\r\n\r\n\r\n\r\n\r\n\r\n\r\n\r\n\r\n\r\n\r\n\r\n\r\n\r\n\r\n\r\n\r\n\r\n\r\n\r\n\r\n\r\n\r\n\r\n\r\n\r\n\r\n\r\n\r\n\r\n\r\n\r\n\r\n\r\n\r\n\r\n\r\n\r\n\r\n\r\n\r\n\r\n\r\n\r\n\r\n\r\n\r\n\r\n\r\n\r\n\r\n\r\n\r\n\r\n\r\n\r\n\r\n\r\n\r\n\r\n\r\n\r\n\r\n\r\n\r\n\r\n\r\n\r\n\r\n\r\n\r\nAssunto: Uso do plen\u00e1rio"}, {"id": "21282", "ano": "2023", "numero": "16", "tipo__sigla": "OF", "tipo__descricao": "Of\u00edcio", "autoria": "", "texto_original": "http://sapl.pedroleopoldo.mg.leg.br/media/sapl/public/materialegislativa/2023/21282/oficio_16-2023.pdf", "ementa": "Exma. Sra.\r\nHeloisa Helena Carvalho de Freitas Pereira \r\nPrefeitura Municipal de Pedro Leopoldo/MG\r\n\r\n\r\n\r\n\r\n\r\n\r\n\r\n\r\n\r\n\r\n\r\n\r\n\r\n\r\n\r\n\r\n\r\n\r\n\r\n\r\n\r\n\r\n\r\n\r\n\r\n\r\n\r\n\r\n\r\n\r\n\r\n\r\n\r\n\r\n\r\n\r\n\r\n\r\n\r\n\r\n\r\n\r\n\r\n\r\n\r\n\r\n\r\n\r\n\r\n\r\n\r\n\r\n\r\n\r\n\r\n\r\n\r\n\r\n\r\n\r\n\r\n\r\n\r\n\r\n\r\n\r\n\r\n\r\n\r\n\r\n\r\n\r\n\r\n\r\n\r\n\r\n\r\n\r\n\r\n\r\n\r\n\r\n\r\n\r\n\r\n\r\n\r\n\r\n\r\n\r\n\r\n\r\n\r\n\r\n\r\n\r\n\r\n\r\n\r\n\r\n\r\n\r\n\r\n\r\n\r\n\r\n\r\n\r\n\r\n\r\n\r\n\r\n\r\n\r\n\r\n\r\n\r\n\r\n\r\n\r\n\r\n\r\n\r\n\r\n\r\n\r\n\r\n\r\n\r\n\r\n\r\n\r\n\r\n\r\n\r\n\r\n\r\n\r\n\r\n\r\n\r\n\r\n\r\n\r\n\r\n\r\n\r\n\r\n\r\n\r\n\r\n\r\n\r\n\r\n\r\n\r\n\r\n\r\n\r\n\r\n\r\n\r\n\r\nAssunto: Mat\u00e9ria aprovada na 1\u00aaReuni\u00e3o Ordin\u00e1ria da C\u00e2mara Municipal de Pedro Leopoldo, realizada em 06 de fevereiro de 2023."}, {"id": "21283", "ano": "2023", "numero": "18", "tipo__sigla": "OF", "tipo__descricao": "Of\u00edcio", "autoria": "", "texto_original": "http://sapl.pedroleopoldo.mg.leg.br/media/sapl/public/materialegislativa/2023/21283/oficio_18-2023.pdf", "ementa": "Ilma. Sra.\r\nEuzi Cardeal e familiares \r\n\r\n\r\n\r\n\r\n\r\n\r\n\r\n\r\n\r\n\r\n\r\n\r\n\r\n\r\n\r\n\r\n\r\n\r\n\r\n\r\n\r\n\r\n\r\n\r\n\r\n\r\n\r\n\r\n\r\n\r\n\r\n\r\n\r\n\r\n\r\n\r\n\r\n\r\n\r\n\r\n\r\n\r\n\r\n\r\n\r\n\r\n\r\n\r\n\r\n\r\n\r\n\r\n\r\n\r\n\r\n\r\n\r\n\r\n\r\n\r\n\r\n\r\n\r\n\r\n\r\n\r\n\r\n\r\n\r\n\r\n\r\n\r\n\r\n\r\n\r\nAssunto: Voto de pesar pelo falecimento do seu esposo, Sr. Altamir Cardeal"}, {"id": "21284", "ano": "2023", "numero": "19", "tipo__sigla": "OF", "tipo__descricao": "Of\u00edcio", "autoria": "", "texto_original": "http://sapl.pedroleopoldo.mg.leg.br/media/sapl/public/materialegislativa/2023/21284/oficio_19-2023.pdf", "ementa": "Ao \r\nExmo. Sr.\r\nDr. Leonardo Guimar\u00e3es Moreira \r\nJuiz de Direito da unidade Jurisdicional da Comarca de Pedro Leopoldo /MG\r\n\r\n\r\n\r\n\r\n\r\n\r\n\r\n\r\n\r\n\r\n\r\n\r\n\r\n\r\n\r\n\r\n\r\n\r\n\r\n\r\n\r\n\r\n\r\n\r\n\r\n\r\n\r\n\r\n\r\n\r\n\r\n\r\n\r\n\r\n\r\n\r\n\r\n\r\n\r\n\r\n\r\n\r\n\r\n\r\n\r\n\r\n\r\n\r\n\r\n\r\nAssunto: Instala\u00e7\u00e3o CEJUCs"}, {"id": "21286", "ano": "2023", "numero": "25", "tipo__sigla": "OF", "tipo__descricao": "Of\u00edcio", "autoria": "", "texto_original": "http://sapl.pedroleopoldo.mg.leg.br/media/sapl/public/materialegislativa/2023/21286/oficio_25-2023.pdf", "ementa": "Exma. Sra.\r\nEloisa Helena Carvalho de Freitas Pereira \r\nPrefeitura Municipal Pedro Leopoldo/MG\r\n\r\n\r\n\r\n\r\n\r\n\r\n\r\n\r\n\r\n\r\n\r\n\r\n\r\n\r\n\r\n\r\n\r\n\r\n\r\n\r\n\r\n\r\n\r\n\r\n\r\n\r\n\r\n\r\n\r\n\r\n\r\n\r\n\r\n\r\n\r\n\r\n\r\n\r\n\r\n\r\n\r\n\r\n\r\n\r\n\r\n\r\n\r\n\r\n\r\n\r\n\r\n\r\n\r\n\r\n\r\n\r\n\r\n\r\n\r\n\r\n\r\n\r\n\r\n\r\n\r\n\r\n\r\n\r\n\r\n\r\n\r\n\r\n\r\n\r\n\r\n\r\n\r\n\r\n\r\n\r\n\r\n\r\n\r\n\r\n\r\n\r\n\r\n\r\n\r\n\r\n\r\n\r\n\r\n\r\n\r\n\r\n\r\n\r\n\r\n\r\n\r\n\r\n\r\n\r\n\r\n\r\n\r\n\r\n\r\n\r\n\r\n\r\n\r\n\r\n\r\n\r\n\r\n\r\nAssunto: Mat\u00e9ria aprovada na 2\u00aa Reuni\u00e3o Ordin\u00e1ria da C\u00e2mara Municipal de Pedro Leopoldo , realizada em 13 de fevereiro 2023."}, {"id": "21535", "ano": "2023", "numero": "26", "tipo__sigla": "OF", "tipo__descricao": "Of\u00edcio", "autoria": "", "texto_original": "http://sapl.pedroleopoldo.mg.leg.br/media/sapl/public/materialegislativa/2023/21535/oficio_26-2023.pdf", "ementa": "Ilma. Sra.\r\nSimone Batista Ferreira e familiares \r\n\r\n\r\n\r\n\r\n\r\n\r\n\r\n\r\n\r\n\r\n\r\n\r\n\r\n\r\n\r\n\r\n\r\n\r\n\r\n\r\n\r\n\r\n\r\n\r\n\r\n\r\n\r\n\r\n\r\n\r\n\r\n\r\n\r\n\r\n\r\n\r\n\r\n\r\n\r\n\r\n\r\n\r\n\r\n\r\n\r\n\r\n\r\n\r\n\r\n\r\n\r\n\r\n\r\n\r\n\r\n\r\n\r\n\r\n\r\n\r\n\r\n\r\n\r\n\r\n\r\n\r\n\r\n\r\n\r\n\r\n\r\n\r\n\r\n\r\n\r\n\r\n\r\n\r\n\r\n\r\n\r\n\r\n\r\n\r\n\r\n\r\n\r\n\r\n\r\n\r\n\r\n\r\n\r\n\r\n\r\n\r\n\r\n\r\n\r\n\r\n\r\n\r\n\r\n\r\n\r\n\r\n\r\n\r\n\r\n\r\n\r\n\r\nAssunto: Voto de pesar pelo falecimento de seu filho, Walison Batista Andrade"}, {"id": "21536", "ano": "2023", "numero": "27", "tipo__sigla": "OF", "tipo__descricao": "Of\u00edcio", "autoria": "", "texto_original": "http://sapl.pedroleopoldo.mg.leg.br/media/sapl/public/materialegislativa/2023/21536/oficio_27-2023.pdf", "ementa": "Ao Exmo. Sr. \r\nGerson Alfredo Viana Santos \r\nSecret\u00e1rio de Planejamento Urbano\r\nPrefeitura de Pedro Leopoldo \r\n\r\n\r\n\r\n\r\n\r\n\r\n\r\n\r\n\r\n\r\n\r\n\r\n\r\n\r\n\r\n\r\n\r\n\r\n\r\n\r\n\r\n\r\n\r\n\r\n\r\n\r\n\r\n\r\n\r\n\r\n\r\n\r\n\r\n\r\n\r\n\r\n\r\n\r\n\r\n\r\n\r\n\r\n\r\n\r\n\r\n\r\n\r\n\r\n\r\n\r\n\r\n\r\n\r\n\r\n\r\n\r\n\r\n\r\n\r\n\r\n\r\n\r\n\r\n\r\n\r\n\r\n\r\n\r\n\r\n\r\n\r\n\r\n Assunto: Solicita Documentos"}, {"id": "21537", "ano": "2023", "numero": "28", "tipo__sigla": "OF", "tipo__descricao": "Of\u00edcio", "autoria": "", "texto_original": "http://sapl.pedroleopoldo.mg.leg.br/media/sapl/public/materialegislativa/2023/21537/oficio_28-2023.pdf", "ementa": "Exma.  Sra.\r\nEloisa Helena Carvalho de Freitas Pereira \r\nPrefeita Municipal \r\nPedro Leopoldo/MG \r\n\r\n\r\n\r\n\r\n\r\n\r\n\r\n\r\n\r\n\r\n\r\n\r\n\r\n\r\n\r\n\r\n\r\n\r\n\r\n\r\n\r\n\r\n\r\n\r\n\r\n\r\n\r\n\r\n\r\n\r\n\r\n\r\n\r\n\r\n\r\n\r\n\r\n\r\n\r\n\r\n\r\n\r\n\r\n\r\n\r\n\r\n\r\n\r\n\r\n\r\n\r\n\r\n\r\n\r\n\r\n\r\n\r\n\r\n\r\n\r\n\r\n\r\n\r\n\r\n\r\n\r\n\r\n\r\n\r\n\r\n\r\n\r\n\r\n\r\n\r\n\r\n\r\n\r\n\r\n\r\n\r\n\r\n\r\n\r\n\r\n\r\n\r\n\r\n\r\n\r\n\r\n\r\n\r\n\r\n\r\n\r\n\r\n\r\n\r\n\r\n\r\n\r\n\r\n\r\n\r\nAssunto: Mat\u00e9ria aprovada na 3\u00aaReuni\u00e3o Ordin\u00e1ria da C\u00e2mara Municipal de Pedro Leopoldo, realizada em 27 de fevereiro de 2023."}, {"id": "21538", "ano": "2023", "numero": "29", "tipo__sigla": "OF", "tipo__descricao": "Of\u00edcio", "autoria": "", "texto_original": "http://sapl.pedroleopoldo.mg.leg.br/media/sapl/public/materialegislativa/2023/21538/oficio_29-2023.pdf", "ementa": "Ilma. Sra. \r\nVal\u00e9ria Batista Rodrigues e familiares \r\n\r\n\r\n\r\n\r\n\r\n\r\n\r\n\r\n\r\n\r\n\r\n\r\n\r\n\r\n\r\n\r\n\r\n\r\n\r\n\r\n\r\n\r\n\r\n\r\n\r\n\r\n\r\n\r\n\r\n\r\n\r\n\r\n\r\n\r\n\r\n\r\n\r\n\r\n\r\n\r\n\r\n\r\n\r\n\r\n\r\n\r\n\r\n\r\n\r\n\r\n\r\n\r\n\r\n\r\n\r\n\r\n\r\n\r\n\r\n\r\n\r\n\r\n\r\n\r\n\r\n\r\n\r\n\r\n\r\n\r\n\r\n\r\n\r\n\r\n\r\n\r\n\r\n\r\n\r\n\r\n\r\n\r\n\r\n\r\n\r\n\r\nAssunto:  Voto de pesar pelo falecimento da Sra. Efig\u00eania Batista Felix"}, {"id": "21539", "ano": "2023", "numero": "31", "tipo__sigla": "OF", "tipo__descricao": "Of\u00edcio", "autoria": "", "texto_original": "http://sapl.pedroleopoldo.mg.leg.br/media/sapl/public/materialegislativa/2023/21539/oficio_31-2023.pdf", "ementa": "Ilma. Sra.\r\nJosiane Rosangela Ferreira Ven\u00e2ncio e familiares \r\n\r\n\r\n\r\n\r\n\r\n\r\n\r\n\r\n\r\n\r\n\r\n\r\n\r\n\r\n\r\n\r\n\r\n\r\n\r\n\r\n\r\n\r\n\r\n\r\n\r\n\r\n\r\n\r\n\r\n\r\n\r\n\r\n\r\n\r\n\r\n\r\n\r\n\r\n\r\n\r\n\r\n\r\n\r\n\r\n\r\n\r\n\r\n\r\n\r\n\r\n\r\n\r\n\r\n\r\n\r\n\r\n\r\n\r\n\r\n\r\n\r\n\r\n\r\n\r\n\r\n\r\n\r\n\r\n\r\n\r\n\r\n\r\n\r\n\r\n\r\n\r\n\r\n\r\n\r\n\r\n\r\n\r\n\r\n\r\n\r\n\r\n\r\n\r\n\r\n\r\n\r\nAssunto: Voto de pesar pelo falecimento do seu esposo , Sr. Dem\u00edlcio Izabel Ven\u00e2ncio"}, {"id": "21540", "ano": "2023", "numero": "32", "tipo__sigla": "OF", "tipo__descricao": "Of\u00edcio", "autoria": "", "texto_original": "http://sapl.pedroleopoldo.mg.leg.br/media/sapl/public/materialegislativa/2023/21540/oficio_32-2023.pdf", "ementa": "Ilma. Sra.\r\nCristina Martins e familiares \r\n\r\n\r\n\r\n\r\n\r\n\r\n\r\n\r\n\r\n\r\n\r\n\r\n\r\n\r\n\r\n\r\n\r\n\r\n\r\n\r\n\r\n\r\n\r\n\r\n\r\n\r\n\r\n\r\n\r\n\r\n\r\n\r\n\r\n\r\n\r\n\r\n\r\n\r\n\r\n\r\n\r\n\r\n\r\n\r\n\r\n\r\n\r\n\r\n\r\n\r\n\r\n\r\n\r\n\r\n\r\n\r\n\r\n\r\n\r\n\r\n\r\n\r\n\r\n\r\n\r\n\r\n\r\n\r\n\r\n\r\n\r\n\r\n\r\n\r\n\r\n\r\n\r\n\r\nAssunto: Voto de pesar pelo falecimento do seu filho , Cristian Blayner Martins"}, {"id": "21541", "ano": "2023", "numero": "33", "tipo__sigla": "OF", "tipo__descricao": "Of\u00edcio", "autoria": "", "texto_original": "http://sapl.pedroleopoldo.mg.leg.br/media/sapl/public/materialegislativa/2023/21541/oficio_33-2023.pdf", "ementa": "Ilma. Sra \r\nCl\u00e1udia Simone Pereira Ara\u00fajo e familiares \r\n\r\n\r\n\r\n\r\n\r\n\r\n\r\n\r\n\r\n\r\n\r\n\r\n\r\n\r\n\r\n\r\n\r\n\r\n\r\n\r\n\r\n\r\n\r\n\r\n\r\n\r\n\r\n\r\n\r\n\r\n\r\n\r\n\r\n\r\n\r\n\r\n\r\n\r\n\r\n\r\n\r\n\r\n\r\n\r\n\r\n\r\n\r\n\r\n\r\n\r\n\r\n\r\n\r\n\r\n\r\n\r\n\r\n\r\n\r\nAssunto: Voto  de pesar pelo falecimento do seu filho, Wudinei Pereira Ara\u00fajo"}, {"id": "21542", "ano": "2023", "numero": "35", "tipo__sigla": "OF", "tipo__descricao": "Of\u00edcio", "autoria": "", "texto_original": "http://sapl.pedroleopoldo.mg.leg.br/media/sapl/public/materialegislativa/2023/21542/oficio_35-2023.pdf", "ementa": "Ilma. Sra.\r\nEloisa Helena Carvalho de Freitas Pereira \r\nPrefeita Municipal \r\n\r\n\r\n\r\n\r\n\r\n\r\n\r\n\r\n\r\n\r\n\r\n\r\n\r\n\r\n\r\n\r\n\r\n\r\n\r\n\r\n\r\n\r\n\r\n\r\n\r\n\r\n\r\n\r\n\r\n\r\n\r\n\r\n\r\n\r\n\r\n\r\n\r\n\r\n\r\n\r\n\r\n\r\n\r\n\r\n\r\n\r\n\r\n\r\n\r\n\r\n\r\n\r\n\r\n\r\n\r\n\r\n\r\n\r\n\r\n\r\n\r\n\r\n\r\n\r\n\r\n\r\n\r\n\r\n\r\n\r\n\r\n\r\n\r\n\r\n\r\n\r\n\r\n\r\n\r\n\r\n\r\n\r\n\r\n\r\n\r\n\r\n\r\n\r\n\r\n\r\n\r\n\r\nAssunto: Mat\u00e9ria aprovada na 4\u00aa Reuni\u00e3o Ordin\u00e1ria da C\u00e2mara Municipal de Pedro Leopoldo, realizada em 06 de mar\u00e7o de 2023"}, {"id": "21543", "ano": "2023", "numero": "36", "tipo__sigla": "OF", "tipo__descricao": "Of\u00edcio", "autoria": "", "texto_original": "http://sapl.pedroleopoldo.mg.leg.br/media/sapl/public/materialegislativa/2023/21543/oficio_36-2023.pdf", "ementa": "Ilmo. Sr.\r\nWanildo Domingues Rodrigues e familiares \r\n\r\n\r\n\r\n\r\n\r\n\r\n\r\n\r\n\r\n\r\n\r\n\r\n\r\n\r\n\r\n\r\n\r\n\r\n\r\n\r\n\r\n\r\n\r\n\r\n\r\n\r\n\r\n\r\n\r\n\r\n\r\n\r\n\r\n\r\n\r\n\r\n\r\n\r\n\r\n\r\n\r\n\r\n\r\n\r\n\r\n\r\n\r\n\r\n\r\n\r\n\r\n\r\n\r\n\r\n\r\n\r\n\r\n\r\n\r\n\r\n\r\n\r\n\r\n\r\n\r\n\r\n\r\n\r\n\r\n\r\n\r\n\r\n\r\n\r\n\r\n\r\n\r\n\r\n\r\n\r\n\r\n\r\n\r\n\r\n\r\n\r\n\r\n\r\n\r\n\r\n\r\n\r\n\r\n\r\n\r\n\r\n\r\n\r\n\r\n\r\n\r\n\r\n\r\n\r\nAssunto: Voto de pesar pelo falecimento do seu sobrinho, Henrique Perazolly"}, {"id": "21544", "ano": "2023", "numero": "37", "tipo__sigla": "OF", "tipo__descricao": "Of\u00edcio", "autoria": "", "texto_original": "http://sapl.pedroleopoldo.mg.leg.br/media/sapl/public/materialegislativa/2023/21544/oficio_37-2023.pdf", "ementa": "Ilma. Sra.\r\nLeiva Rodrigues Silva e familiares \r\n\r\n\r\n\r\n\r\n\r\n\r\n\r\n\r\n\r\n\r\n\r\n\r\n\r\n\r\n\r\n\r\n\r\n\r\n\r\n\r\n\r\n\r\n\r\n\r\n\r\n\r\n\r\n\r\n\r\n\r\n\r\n\r\n\r\n\r\n\r\n\r\n\r\n\r\n\r\n\r\n\r\n\r\n\r\n\r\n\r\n\r\n\r\n\r\n\r\n\r\n\r\n\r\n\r\n\r\n\r\n\r\n\r\n\r\n\r\n\r\n\r\n\r\n\r\n\r\n\r\n\r\n\r\n\r\n\r\n\r\n\r\n\r\n\r\n\r\n\r\n\r\nAssunto: Voto de pesar pelo falecimento da sua m\u00e3e , Irene Rodrigues Silva"}, {"id": "21545", "ano": "2023", "numero": "38", "tipo__sigla": "OF", "tipo__descricao": "Of\u00edcio", "autoria": "", "texto_original": "http://sapl.pedroleopoldo.mg.leg.br/media/sapl/public/materialegislativa/2023/21545/oficio_38-2023.pdf", "ementa": "Ilmo. Sr.\r\nNilton Pezinni e familiares \r\n\r\n\r\n\r\n\r\n\r\n\r\n\r\n\r\n\r\n\r\n\r\n\r\n\r\n\r\n\r\n\r\n\r\n\r\n\r\n\r\n\r\n\r\n\r\n\r\n\r\n\r\n\r\n\r\n\r\n\r\n\r\n\r\n\r\n\r\n\r\n\r\n\r\n\r\n\r\n\r\n\r\n\r\n\r\n\r\n\r\n\r\n\r\n\r\n\r\n\r\n\r\n\r\n\r\n\r\n\r\n\r\n\r\n\r\n\r\n\r\n\r\n\r\n\r\n\r\n\r\n\r\n\r\n\r\n\r\n\r\n\r\n\r\n\r\n\r\n\r\n\r\n\r\n\r\n\r\n\r\n\r\n\r\n\r\n\r\n\r\n\r\n\r\n\r\n\r\n\r\n\r\n\r\n\r\n\r\n\r\n\r\n\r\n\r\n\r\n\r\n\r\n\r\n\r\n\r\n\r\n\r\n\r\n\r\n\r\n\r\n\r\n\r\n\r\n\r\n\r\n\r\n\r\n\r\n\r\n\r\n\r\n\r\n\r\n\r\n\r\n\r\n\r\n\r\n\r\n\r\n\r\n\r\n\r\n\r\n\r\n\r\n\r\n\r\n\r\n\r\n\r\n\r\n\r\n\r\n\r\n\r\n\r\n\r\n\r\n\r\nAssunto: Voto de pesar pelo falecimento do seu irm\u00e3o , C\u00e1ssio  Machado Pezinni"}, {"id": "21546", "ano": "2023", "numero": "39", "tipo__sigla": "OF", "tipo__descricao": "Of\u00edcio", "autoria": "", "texto_original": "http://sapl.pedroleopoldo.mg.leg.br/media/sapl/public/materialegislativa/2023/21546/oficio_39-2023.pdf", "ementa": "Exma. Sra.\r\nEloisa Helena Carvalho de Freitas Pereira \r\n\r\n\r\n\r\n\r\n\r\n\r\n\r\n\r\n\r\n\r\n\r\n\r\n\r\n\r\n\r\n\r\n\r\n\r\n\r\n\r\n\r\n\r\n\r\n\r\n\r\n\r\n\r\n\r\n\r\n\r\n\r\n\r\n\r\n\r\n\r\n\r\n\r\n\r\n\r\n\r\n\r\n\r\n\r\n\r\n\r\n\r\n\r\n\r\n\r\n\r\n\r\n\r\n\r\n\r\n\r\n\r\n\r\n\r\n\r\n\r\n\r\n\r\n\r\n\r\n\r\n\r\n\r\n\r\n\r\n\r\n\r\n\r\n\r\n\r\n\r\n\r\n\r\n\r\n\r\n\r\n\r\n\r\n\r\n\r\n\r\n\r\n\r\n\r\n\r\n\r\n\r\n\r\n\r\n\r\n\r\n\r\n\r\n\r\n\r\n\r\n\r\n\r\n\r\n\r\n\r\n\r\n\r\n\r\n\r\n\r\n\r\n\r\n\r\n\r\n\r\n\r\n\r\n\r\n\r\n\r\n\r\n\r\n\r\n\r\n\r\n\r\n\r\n\r\n\r\n\r\n\r\n\r\n\r\n\r\n\r\n\r\n\r\n\r\n\r\n\r\n\r\n\r\n\r\n\r\n\r\n\r\n\r\n\r\n\r\n\r\n\r\n\r\n\r\n\r\n\r\n\r\n\r\n\r\n\r\n\r\n\r\n\r\n\r\n\r\nAssunto: Mat\u00e9ria aprovada na 2\u00aa Reuni\u00e3o Extraordin\u00e1ria da C\u00e2mara Municipal de Pedro Leopoldo, realizada em 08 de mar\u00e7o de 2023"}, {"id": "21552", "ano": "2023", "numero": "40", "tipo__sigla": "OF", "tipo__descricao": "Of\u00edcio", "autoria": "", "texto_original": "http://sapl.pedroleopoldo.mg.leg.br/media/sapl/public/materialegislativa/2023/21552/oficio_40-2023.pdf", "ementa": "Ilmos. (a). Srs.(a)\r\nAssessoria Parlamentares da C\u00e2mara Municipal de Pedro Leopoldo \r\n\r\n\r\n\r\n\r\n\r\n\r\n\r\n\r\n\r\n\r\n\r\n\r\n\r\n\r\n\r\n\r\n\r\n\r\n\r\n\r\n\r\n\r\n\r\n\r\n\r\n\r\n\r\n\r\n\r\n\r\n\r\n\r\n\r\n\r\n\r\n\r\n\r\n\r\n\r\n\r\n\r\n\r\n\r\n\r\n\r\n\r\n\r\n\r\n\r\n\r\n\r\n\r\n\r\n\r\n\r\n\r\n\r\n\r\n\r\n\r\n\r\n\r\n\r\n\r\n\r\n\r\n\r\n\r\n\r\n\r\n\r\n\r\n\r\n\r\n\r\n\r\n\r\n\r\n\r\n\r\n\r\n\r\n\r\n\r\n\r\n\r\n\r\n\r\n\r\n\r\nAssunto: Solicita retirada de projeto"}, {"id": "21553", "ano": "2023", "numero": "42", "tipo__sigla": "OF", "tipo__descricao": "Of\u00edcio", "autoria": "", "texto_original": "http://sapl.pedroleopoldo.mg.leg.br/media/sapl/public/materialegislativa/2023/21553/oficio_42-2023.pdf", "ementa": "Exma. Sra.\r\nEloisa Helena Carvalho de Freitas Pereira \r\nPrefeita Municipal \r\nPedro Leopoldo/MG\r\n\r\n\r\n\r\n\r\n\r\n\r\n\r\n\r\n\r\n\r\n\r\n\r\n\r\n\r\n\r\n\r\n\r\n\r\n\r\n\r\n\r\n\r\n\r\n\r\n\r\n\r\n\r\n\r\n\r\n\r\n\r\n\r\n\r\n\r\n\r\n\r\n\r\n\r\n\r\n\r\n\r\n\r\n\r\n\r\n\r\n\r\n\r\n\r\n\r\n\r\n\r\n\r\n\r\n\r\n\r\n\r\n\r\n\r\n\r\n\r\n\r\n\r\n\r\n\r\n\r\n\r\n\r\n\r\n\r\n\r\n\r\n\r\n\r\n\r\n\r\n\r\n\r\n\r\n\r\n\r\n\r\n\r\n\r\n\r\n\r\n\r\n\r\n\r\n\r\n\r\n\r\n\r\n\r\n\r\n\r\n\r\n\r\n\r\n\r\n\r\n\r\n\r\nAssunto: Mat\u00e9ria aprovada na 5\u00aa Reuni\u00e3o Ordin\u00e1ria da C\u00e2mara Municipal de Pedro Leopoldo, realizada em 13 de mar\u00e7o de 2023"}, {"id": "21554", "ano": "2023", "numero": "43", "tipo__sigla": "OF", "tipo__descricao": "Of\u00edcio", "autoria": "", "texto_original": "http://sapl.pedroleopoldo.mg.leg.br/media/sapl/public/materialegislativa/2023/21554/oficio_43-2023.pdf", "ementa": "Ilmo.Sr. \r\nSergio Luiz Torres e familiares \r\n\r\n\r\n\r\n\r\n\r\n\r\n\r\n\r\n\r\n\r\n\r\n\r\n\r\n\r\n\r\n\r\n\r\n\r\n\r\n\r\n\r\n\r\n\r\n\r\n\r\n\r\n\r\n\r\n\r\n\r\n\r\n\r\n\r\n\r\n\r\n\r\n\r\n\r\n\r\n\r\n\r\n\r\n\r\n\r\n\r\n\r\n\r\n\r\n\r\n\r\n\r\n\r\n\r\n\r\n\r\n\r\n\r\n\r\n\r\n\r\n\r\n\r\n\r\n\r\n\r\n\r\n\r\n\r\n\r\n\r\n\r\n\r\n\r\n\r\n\r\n\r\n\r\n\r\n\r\n\r\n\r\n\r\n\r\n\r\n\r\n\r\n\r\n\r\n\r\n\r\n\r\n\r\n\r\n\r\n\r\n\r\n\r\n\r\n\r\n\r\n\r\n\r\n\r\n\r\n\r\n\r\n\r\n\r\n\r\n\r\n\r\n\r\n\r\n\r\n\r\n\r\n\r\n\r\n\r\n\r\n\r\n\r\n\r\n\r\n\r\n\r\n\r\n\r\n\r\n\r\n\r\n\r\n\r\n\r\n\r\n\r\n\r\n\r\n\r\n\r\n\r\n\r\n\r\n\r\n\r\n\r\nAssunto: Voto de pesar pelo falecimento da sua m\u00e3e, Maria Auxiliadora Barbosa Torres"}, {"id": "21555", "ano": "2023", "numero": "44", "tipo__sigla": "OF", "tipo__descricao": "Of\u00edcio", "autoria": "", "texto_original": "http://sapl.pedroleopoldo.mg.leg.br/media/sapl/public/materialegislativa/2023/21555/oficio_44-2023.pdf", "ementa": "Ilmo. Sr.\r\nGeraldo Diogo Alves e familiares \r\n\r\n\r\n\r\n\r\n\r\n\r\n\r\n\r\n\r\n\r\n\r\n\r\n\r\n\r\n\r\n\r\n\r\n\r\n\r\n\r\n\r\n\r\n\r\n\r\n\r\n\r\n\r\n\r\n\r\n\r\n\r\n\r\n\r\n\r\n\r\n\r\n\r\n\r\n\r\n\r\n\r\n\r\n\r\n\r\n\r\n\r\n\r\n\r\n\r\n\r\n\r\n\r\n\r\n\r\n\r\n\r\n\r\n\r\n\r\n\r\n\r\n\r\n\r\n\r\n\r\n\r\n\r\n\r\n\r\n\r\n\r\n\r\n\r\n\r\n\r\n\r\n\r\n\r\n\r\n\r\n\r\n\r\n\r\n\r\n\r\n\r\n\r\n\r\n\r\n\r\n\r\n\r\n\r\n\r\n\r\n\r\n\r\n\r\n\r\n\r\n\r\n\r\n\r\n\r\n\r\n\r\n\r\n\r\n\r\n\r\n\r\n\r\n\r\n\r\n\r\n\r\n\r\n\r\n\r\n\r\n\r\n\r\n\r\n\r\nAssunto : Voto de pesar pelo falecimento de seu filho , Elias Diogo Alves"}, {"id": "21556", "ano": "2023", "numero": "46", "tipo__sigla": "OF", "tipo__descricao": "Of\u00edcio", "autoria": "", "texto_original": "http://sapl.pedroleopoldo.mg.leg.br/media/sapl/public/materialegislativa/2023/21556/oficio_46-2023.pdf", "ementa": "Ilmos(a). Srs(a)\r\nAssessoria Parlamentar da C\u00e2mara Municipal de Pedro Leopoldo \r\n\r\n\r\n\r\n\r\n\r\n\r\n\r\n\r\n\r\n\r\n\r\n\r\n\r\n\r\n\r\n\r\n\r\n\r\n\r\n\r\n\r\n\r\n\r\n\r\n\r\n\r\n\r\n\r\n\r\n\r\n\r\n\r\n\r\n\r\n\r\n\r\n\r\n\r\n\r\n\r\n\r\n\r\n\r\n\r\n\r\n\r\n\r\n\r\n\r\n\r\n\r\n\r\n\r\n\r\n\r\n\r\n\r\n\r\n\r\n\r\n\r\n\r\n\r\n\r\n\r\n\r\n\r\n\r\n\r\n\r\n\r\n\r\n\r\n\r\n\r\n\r\n\r\n\r\n\r\n\r\n\r\n\r\n\r\n\r\n\r\n\r\n\r\n\r\n\r\n\r\n\r\n\r\n\r\n\r\n\r\n\r\n\r\n\r\n\r\nAssunto: Solicita retirada de projeto"}, {"id": "21557", "ano": "2023", "numero": "49", "tipo__sigla": "OF", "tipo__descricao": "Of\u00edcio", "autoria": "", "texto_original": "http://sapl.pedroleopoldo.mg.leg.br/media/sapl/public/materialegislativa/2023/21557/oficio_49-2023.pdf", "ementa": "Exma. Sra.\r\nEloisa Helena Carvalho de Freitas Pereira \r\nPrefeita Municipal\r\nPedro Leopoldo /MG\r\n\r\n\r\n\r\n\r\n\r\n\r\n\r\n\r\n\r\n\r\n\r\n\r\n\r\n\r\n\r\n\r\n\r\n\r\n\r\n\r\n\r\n\r\n\r\n\r\n\r\n\r\n\r\n\r\n\r\n\r\n\r\n\r\n\r\n\r\n\r\n\r\n\r\n\r\n\r\n\r\n\r\n\r\n\r\n\r\n\r\n\r\n\r\n\r\n\r\n\r\n\r\n\r\n\r\n\r\n\r\n\r\n\r\n\r\n\r\n\r\n\r\n\r\n\r\n\r\n\r\n\r\n\r\n\r\n\r\n\r\n\r\n\r\n\r\n\r\n\r\n\r\n\r\n\r\n\r\n\r\n\r\n\r\nAssunto: Mat\u00e9ria aprovada na 6\u00aa Reuni\u00e3o Ordin\u00e1ria da C\u00e2mara Municipal de Pedro Leopoldo,  realizada em 20 de mar\u00e7o de 2023"}, {"id": "21595", "ano": "2023", "numero": "50", "tipo__sigla": "OF", "tipo__descricao": "Of\u00edcio", "autoria": "", "texto_original": "http://sapl.pedroleopoldo.mg.leg.br/media/sapl/public/materialegislativa/2023/21595/oficio_50-2023.pdf", "ementa": "Ilmo. Sr.\r\nMatheus Utsch de Oliveira e Familiares \r\nVereador C\u00e2mara Municipal \r\n\r\n\r\n\r\n\r\n\r\n\r\n\r\n\r\n\r\n\r\n\r\n\r\n\r\n\r\n\r\n\r\n\r\n\r\n\r\n\r\n\r\n\r\n\r\n\r\n\r\n\r\n\r\n\r\n\r\n\r\n\r\n\r\n\r\n\r\n\r\n\r\n\r\n\r\n\r\n\r\n\r\n\r\n\r\n\r\n\r\n\r\n\r\n\r\n\r\n\r\n\r\n\r\n\r\n\r\n\r\n\r\n\r\n\r\n\r\n\r\n\r\n\r\n\r\n\r\n\r\n\r\n\r\n\r\n\r\n\r\n\r\n\r\n\r\n\r\n\r\n\r\n\r\n\r\n\r\n\r\n\r\n\r\n\r\n\r\n\r\n\r\n\r\n\r\n\r\n\r\n\r\n\r\n\r\n\r\n\r\n\r\n\r\nAssunto: Voto de pesar pelo falecimento da sua av\u00f4, Sra. Djanira Pereira de Oliveira"}, {"id": "21596", "ano": "2023", "numero": "51", "tipo__sigla": "OF", "tipo__descricao": "Of\u00edcio", "autoria": "", "texto_original": "http://sapl.pedroleopoldo.mg.leg.br/media/sapl/public/materialegislativa/2023/21596/oficio_51-2023.pdf", "ementa": "Ao Senhor Jos\u00e9 Claudio \r\nAg\u00eancia da Copasa \r\nPedro Leopoldo /MG\r\n\r\n\r\n\r\n\r\n\r\n\r\n\r\n\r\n\r\n\r\n\r\n\r\n\r\n\r\n\r\n\r\n\r\n\r\n\r\n\r\n\r\n\r\n\r\n\r\n\r\n\r\n\r\n\r\n\r\n\r\n\r\n\r\n\r\n\r\n\r\n\r\n\r\n\r\n\r\n\r\n\r\n\r\n\r\n\r\n\r\n\r\n\r\n\r\n\r\n\r\n\r\n\r\n\r\n\r\n\r\n\r\n\r\n\r\n\r\n\r\n\r\n\r\n\r\n\r\n\r\n\r\n\r\n\r\n\r\n\r\n\r\n\r\n\r\n\r\n\r\n\r\n\r\n\r\n\r\n\r\n\r\n\r\n\r\n\r\n\r\n\r\n\r\n\r\n\r\n\r\n\r\n\r\n\r\n\r\nAssunto: Troca de titularidade"}, {"id": "21597", "ano": "2023", "numero": "52", "tipo__sigla": "OF", "tipo__descricao": "Of\u00edcio", "autoria": "", "texto_original": "http://sapl.pedroleopoldo.mg.leg.br/media/sapl/public/materialegislativa/2023/21597/oficio_52-2023.pdf", "ementa": "Ilmo. Sr. \r\nPaulo Ferreira Pinto \r\n\r\n\r\n\r\n\r\n\r\n\r\n\r\n\r\n\r\n\r\n\r\n\r\n\r\n\r\n\r\n\r\n\r\n\r\n\r\n\r\n\r\n\r\n\r\n\r\n\r\n\r\n\r\n\r\n\r\n\r\n\r\n\r\n\r\n\r\n\r\n\r\n\r\n\r\n\r\n\r\n\r\n\r\n\r\n\r\n\r\n\r\n\r\n\r\n\r\n\r\n\r\n\r\n\r\n\r\n\r\n\r\n\r\n\r\n\r\n\r\n\r\n\r\n\r\n\r\n\r\n\r\n\r\n\r\n\r\n\r\n\r\n\r\n\r\n\r\n\r\n\r\n\r\n\r\n\r\n\r\n\r\n\r\n\r\n\r\n\r\nAssunto: Projeto de resolu\u00e7\u00e3o n\u00ba 04/2023, concedendo-lhe a merecida Comenda Chico Xavier \"Diploma e Medalha \" de autoria de todos os vereadores  e resolu\u00e7\u00e3o 882."}, {"id": "21600", "ano": "2023", "numero": "53", "tipo__sigla": "OF", "tipo__descricao": "Of\u00edcio", "autoria": "", "texto_original": "http://sapl.pedroleopoldo.mg.leg.br/media/sapl/public/materialegislativa/2023/21600/oficio_53-2023.pdf", "ementa": "Ilmo. Sr\r\nPl\u00ednio Roberto Soares de Oliveira \r\nA/C Jhon Harley Madureira Marques \r\nFunda\u00e7\u00e3o Cultural Chico Xavier \r\n\r\n\r\n\r\n\r\n\r\n\r\n\r\n\r\n\r\n\r\n\r\n\r\n\r\n\r\n\r\n\r\n\r\n\r\n\r\n\r\n\r\n\r\n\r\n\r\n\r\n\r\n\r\n\r\n\r\n\r\n\r\n\r\n\r\n\r\n\r\n\r\n\r\n\r\n\r\n\r\n\r\n\r\n\r\n\r\n\r\n\r\n\r\n\r\n\r\n\r\n\r\n\r\n\r\n\r\n\r\n\r\n\r\n\r\n\r\n\r\n\r\n\r\n\r\nAssunto: Projeto de Resolu\u00e7\u00e3o n\u00ba 03/2023, concedendo - lhe a merecida Comenda Chico Xavier \"Diploma e Medalha \" de autoria de todos os vereadores e da resolu\u00e7\u00e3o 881."}, {"id": "21601", "ano": "2023", "numero": "54", "tipo__sigla": "OF", "tipo__descricao": "Of\u00edcio", "autoria": "", "texto_original": "http://sapl.pedroleopoldo.mg.leg.br/media/sapl/public/materialegislativa/2023/21601/oficio_54-2023.pdf", "ementa": "Ilmo. Sr\r\nWilson Marques da Silva \r\n\r\n\r\n\r\n\r\n\r\n\r\n\r\n\r\n\r\n\r\n\r\n\r\n\r\n\r\n\r\n\r\n\r\n\r\n\r\n\r\n\r\n\r\n\r\n\r\n\r\n\r\n\r\n\r\n\r\n\r\n\r\n\r\n\r\n\r\n\r\n\r\n\r\n\r\n\r\n\r\n\r\n\r\n\r\n\r\n\r\n\r\n\r\n\r\n\r\n\r\n\r\n\r\n\r\n\r\n\r\n\r\n\r\n\r\n\r\n\r\n\r\n\r\n\r\n\r\n\r\n\r\n\r\n\r\n\r\n\r\n\r\n\r\n\r\n\r\n\r\n\r\n\r\n\r\n\r\n\r\n\r\n\r\n\r\n\r\n\r\n\r\n\r\n\r\n\r\n\r\n\r\n\r\n\r\n\r\n\r\n\r\n\r\n\r\n\r\n\r\n\r\n\r\n\r\n\r\n\r\n\r\n\r\n\r\n\r\nAssunto: Projeto de Resolu\u00e7\u00e3o n\u00ba 05/2023, concedendo-lhe a merecida Comenda Chico Xavier \"Diploma e Medalha \" de autoria do Vereador Warlen Alves da Silva"}, {"id": "21602", "ano": "2023", "numero": "57", "tipo__sigla": "OF", "tipo__descricao": "Of\u00edcio", "autoria": "", "texto_original": "http://sapl.pedroleopoldo.mg.leg.br/media/sapl/public/materialegislativa/2023/21602/oficio_57-2023.pdf", "ementa": "Exma. Sra \r\nEloisa Helena Carvalho de Freitas Pereira \r\nPrefeita Municipal \r\nPedro Leopoldo-MG \r\n\r\n\r\n\r\n\r\n\r\n\r\n\r\n\r\n\r\n\r\n\r\n\r\n\r\n\r\n\r\n\r\n\r\n\r\n\r\n\r\n\r\n\r\n\r\n\r\n\r\n\r\n\r\n\r\n\r\n\r\n\r\n\r\n\r\n\r\n\r\n\r\n\r\n\r\n\r\n\r\n\r\n\r\n\r\n\r\n\r\n\r\n\r\n\r\n\r\n\r\n\r\n\r\n\r\n\r\n\r\n\r\n\r\n\r\n\r\n\r\n\r\n\r\n\r\n\r\n\r\n\r\n\r\n\r\n\r\n\r\n\r\n\r\n\r\n\r\n\r\n\r\n\r\n\r\n\r\n\r\n\r\n\r\n\r\n\r\n\r\n\r\n\r\n\r\n\r\n\r\n\r\n\r\n\r\n\r\n\r\n\r\n\r\nAssunto: Mat\u00e9ria aprovada na 7\u00aa Reuni\u00e3o Ordin\u00e1ria da C\u00e2mara Municipal de Pedro Leopoldo , realizada em 27 de mar\u00e7o 2023"}, {"id": "21603", "ano": "2023", "numero": "58", "tipo__sigla": "OF", "tipo__descricao": "Of\u00edcio", "autoria": "", "texto_original": "http://sapl.pedroleopoldo.mg.leg.br/media/sapl/public/materialegislativa/2023/21603/oficio_58-2023.pdf", "ementa": "Ilma. Sra.\r\nLarissa Martins e Familiares \r\n\r\n\r\n\r\n\r\n\r\n\r\n\r\n\r\n\r\n\r\n\r\n\r\n\r\n\r\n\r\n\r\n\r\n\r\n\r\n\r\n\r\n\r\n\r\n\r\n\r\n\r\n\r\n\r\n\r\n\r\n\r\n\r\n\r\n\r\n\r\n\r\n\r\n\r\n\r\n\r\n\r\n\r\n\r\n\r\n\r\n\r\n\r\n\r\n\r\n\r\n\r\n\r\n\r\n\r\n\r\n\r\n\r\n\r\n\r\n\r\n\r\n\r\n\r\n\r\n\r\n\r\n\r\n\r\n\r\n\r\n\r\n\r\n\r\n\r\n\r\n\r\n\r\n\r\n\r\n\r\n\r\n\r\n\r\n\r\n\r\n\r\n\r\n\r\n\r\n\r\n\r\n\r\n\r\n\r\n\r\n\r\n\r\n\r\n\r\n\r\n\r\n\r\nAssunto: Voto de pesar pelo falecimento do seu pai, Sr. Jorge Luiz Alves Martins"}, {"id": "21604", "ano": "2023", "numero": "59", "tipo__sigla": "OF", "tipo__descricao": "Of\u00edcio", "autoria": "", "texto_original": "http://sapl.pedroleopoldo.mg.leg.br/media/sapl/public/materialegislativa/2023/21604/oficio_59-2023.pdf", "ementa": "Ilma. Sra \r\nIrene Fraga Alves e Familiares \r\n\r\n\r\n\r\n\r\n\r\n\r\n\r\n\r\n\r\n\r\n\r\n\r\n\r\n\r\n\r\n\r\n\r\n\r\n\r\n\r\n\r\n\r\n\r\n\r\n\r\n\r\n\r\n\r\n\r\n\r\n\r\n\r\n\r\n\r\n\r\n\r\n\r\n\r\n\r\n\r\n\r\n\r\n\r\n\r\n\r\n\r\n\r\n\r\n\r\n\r\n\r\n\r\n\r\n\r\n\r\n\r\n\r\n\r\n\r\n\r\n\r\n\r\n\r\n\r\n\r\n\r\n\r\n\r\n\r\n\r\n\r\n\r\n\r\n\r\n\r\n\r\n\r\n\r\n\r\n\r\n\r\n\r\n\r\n\r\n\r\n\r\n\r\n\r\n\r\n\r\n\r\n\r\n\r\n\r\n\r\n\r\n\r\n\r\n\r\n\r\n\r\n\r\n\r\n\r\n\r\n\r\n\r\n\r\n\r\n\r\n\r\n\r\n\r\n\r\n\r\n\r\n\r\n\r\n\r\nAssunto: Voto de pesar pelo falecimento do seu esposo, Sr. Moacir Sette Alves"}, {"id": "21605", "ano": "2023", "numero": "60", "tipo__sigla": "OF", "tipo__descricao": "Of\u00edcio", "autoria": "", "texto_original": "http://sapl.pedroleopoldo.mg.leg.br/media/sapl/public/materialegislativa/2023/21605/oficio_60-2023.pdf", "ementa": "Ilmo. Sr \r\nAnt\u00f4nio Pedro Paulo e Familiares \r\n\r\n\r\n\r\n\r\n\r\n\r\n\r\n\r\n\r\n\r\n\r\n\r\n\r\n\r\n\r\n\r\n\r\n\r\n\r\n\r\n\r\n\r\n\r\n\r\n\r\n\r\n\r\n\r\n\r\n\r\n\r\n\r\n\r\n\r\n\r\n\r\n\r\n\r\n\r\n\r\n\r\n\r\n\r\n\r\n\r\n\r\n\r\n\r\n\r\n\r\n\r\n\r\n\r\n\r\n\r\n\r\n\r\n\r\n\r\n\r\n\r\n\r\n\r\n\r\n\r\n\r\n\r\n\r\n\r\n\r\n\r\n\r\n\r\n\r\n\r\n\r\n\r\n\r\n\r\n\r\n\r\n\r\n\r\n\r\n\r\n\r\n\r\n\r\n\r\n\r\n\r\n\r\nAssunto: Voto de pesar pelo falecimento da sua esposa, Sra. Maria Neuza Paulo"}, {"id": "21606", "ano": "2023", "numero": "62", "tipo__sigla": "OF", "tipo__descricao": "Of\u00edcio", "autoria": "", "texto_original": "http://sapl.pedroleopoldo.mg.leg.br/media/sapl/public/materialegislativa/2023/21606/oficio_62-2023.pdf", "ementa": "Exma. Sra.\r\nEloisa Helena Carvalho de Freitas Pereira \r\nPrefeita Municipal \r\nPedro Leopoldo/ MG \r\n\r\n\r\n\r\n\r\n\r\n\r\n\r\n\r\n\r\n\r\n\r\n\r\n\r\n\r\n\r\n\r\n\r\n\r\n\r\n\r\n\r\n\r\n\r\n\r\n\r\n\r\n\r\n\r\n\r\n\r\n\r\n\r\n\r\n\r\n\r\n\r\n\r\n\r\n\r\n\r\n\r\n\r\n\r\n\r\n\r\n\r\n\r\n\r\n\r\n\r\n\r\n\r\n\r\n\r\n\r\n\r\n\r\n\r\n\r\n\r\n\r\n\r\n\r\n\r\n\r\n\r\n\r\n\r\nAssunto: Mat\u00e9ria aprovada na 8\u00aa Reuni\u00e3o Ordin\u00e1ria da C\u00e2mara Municipal de Pedro Leopoldo, realizada em 03 de abril de 2023."}, {"id": "21607", "ano": "2023", "numero": "63", "tipo__sigla": "OF", "tipo__descricao": "Of\u00edcio", "autoria": "", "texto_original": "http://sapl.pedroleopoldo.mg.leg.br/media/sapl/public/materialegislativa/2023/21607/oficio_63-2023.pdf", "ementa": "Ilma. Sra.\r\nC\u00e9lia Moura Viana e Familiares \r\n\r\n\r\n\r\n\r\n\r\n\r\n\r\n\r\n\r\n\r\n\r\n\r\n\r\n\r\n\r\n\r\n\r\n\r\n\r\n\r\n\r\n\r\n\r\n\r\n\r\n\r\n\r\n\r\n\r\n\r\n\r\n\r\n\r\n\r\n\r\n\r\n\r\n\r\n\r\n\r\n\r\n\r\n\r\n\r\n\r\n\r\n\r\n\r\n\r\n\r\n\r\n\r\n\r\n\r\n\r\n\r\n\r\n\r\n\r\n\r\n\r\n\r\n\r\n\r\n\r\n\r\n\r\n\r\n\r\n\r\n\r\n\r\n\r\n\r\n\r\n\r\n\r\n\r\n\r\n\r\n\r\n\r\n\r\n\r\n\r\n\r\n\r\n\r\n\r\n\r\n\r\n\r\n\r\n\r\nAssunto: Voto de pesar pelo falecimento do seu esposo, Sr. Francisco Viana ( Sargento Viana)"}, {"id": "21608", "ano": "2023", "numero": "64", "tipo__sigla": "OF", "tipo__descricao": "Of\u00edcio", "autoria": "", "texto_original": "http://sapl.pedroleopoldo.mg.leg.br/media/sapl/public/materialegislativa/2023/21608/oficio_64-2023.pdf", "ementa": "Ilma. Sra. \r\nMaria Aparecida dos Santos e Familiares \r\n\r\n\r\n\r\n\r\n\r\n\r\n\r\n\r\n\r\n\r\n\r\n\r\n\r\n\r\n\r\n\r\n\r\n\r\n\r\n\r\n\r\n\r\n\r\n\r\n\r\n\r\n\r\n\r\n\r\n\r\n\r\n\r\n\r\n\r\n\r\n\r\n\r\n\r\n\r\n\r\n\r\n\r\n\r\n\r\n\r\n\r\n\r\n\r\n\r\n\r\n\r\n\r\n\r\n\r\n\r\n\r\n\r\n\r\n\r\n\r\n\r\n\r\n\r\n\r\n\r\n\r\n\r\n\r\n\r\n\r\n\r\n\r\n\r\n\r\n\r\n\r\n\r\n\r\n\r\n\r\n\r\n\r\n\r\n\r\n\r\n\r\n\r\n\r\n\r\n\r\n\r\n\r\n\r\n\r\n\r\n\r\n\r\n\r\n\r\n\r\n\r\n\r\n\r\n\r\nAssunto: Voto de pesar pelo falecimento dos seu filho, Flaviano Hebert Moreira dos Santos ."}, {"id": "21609", "ano": "2023", "numero": "67", "tipo__sigla": "OF", "tipo__descricao": "Of\u00edcio", "autoria": "", "texto_original": "http://sapl.pedroleopoldo.mg.leg.br/media/sapl/public/materialegislativa/2023/21609/oficio_67-2023.pdf", "ementa": "Exma. Sra.\r\nEloisa Helena Carvalho de Freitas Pereira \r\nPrefeitura Municipal \r\nPedro Leopoldo/MG\r\n\r\n\r\n\r\n\r\n\r\n\r\n\r\n\r\n\r\n\r\n\r\n\r\n\r\n\r\n\r\n\r\n\r\n\r\n\r\n\r\n\r\n\r\n\r\n\r\n\r\n\r\n\r\n\r\n\r\n\r\n\r\n\r\n\r\n\r\n\r\n\r\n\r\n\r\n\r\n\r\n\r\n\r\n\r\n\r\n\r\n\r\n\r\n\r\n\r\n\r\n\r\n\r\n\r\n\r\n\r\n\r\n\r\n\r\n\r\n\r\n\r\n\r\n\r\n\r\n\r\n\r\n\r\n\r\n\r\n\r\n\r\n\r\n\r\n\r\n\r\n\r\n\r\n\r\n\r\n\r\n\r\n\r\n\r\n\r\n\r\n\r\n\r\n\r\n\r\n\r\n\r\n\r\n\r\n\r\n\r\n\r\n\r\n\r\n\r\n\r\n\r\n\r\n\r\n\r\n\r\n\r\n\r\n\r\n\r\n\r\n\r\nAssunto: Mat\u00e9ria aprovada na 9\u00aa Reuni\u00e3o Ordin\u00e1ria da C\u00e2mara Municipal de Pedro Leopoldo, realizada em 10 de abril de 2023."}, {"id": "21611", "ano": "2023", "numero": "68", "tipo__sigla": "OF", "tipo__descricao": "Of\u00edcio", "autoria": "", "texto_original": "http://sapl.pedroleopoldo.mg.leg.br/media/sapl/public/materialegislativa/2023/21611/oficio_68-2023.pdf", "ementa": "Ilma. Sra.\r\nCleotilde de Paula Batista e Familiares \r\n\r\n\r\n\r\n\r\n\r\n\r\n\r\n\r\n\r\n\r\n\r\n\r\n\r\n\r\n\r\n\r\n\r\n\r\n\r\n\r\n\r\n\r\n\r\n\r\n\r\n\r\n\r\n\r\n\r\n\r\n\r\n\r\n\r\n\r\n\r\n\r\n\r\n\r\n\r\n\r\n\r\n\r\n\r\n\r\n\r\n\r\n\r\n\r\n\r\n\r\n\r\n\r\n\r\n\r\n\r\n\r\n\r\n\r\n\r\n\r\n\r\n\r\n\r\n\r\n\r\n\r\n\r\n\r\n\r\n\r\n\r\n\r\n\r\n\r\n\r\n\r\n\r\n\r\n\r\n\r\n\r\n\r\n\r\nAssunto: Voto de pesar pelo falecimento de seu esposo, Eust\u00e1quio Batista dos Santos"}, {"id": "21628", "ano": "2023", "numero": "69", "tipo__sigla": "OF", "tipo__descricao": "Of\u00edcio", "autoria": "", "texto_original": "http://sapl.pedroleopoldo.mg.leg.br/media/sapl/public/materialegislativa/2023/21628/oficio_69-2023.pdf", "ementa": "Ilma. Sra.\r\nL\u00edvia Santos Lopes Perp\u00e9tuo e Familiares \r\n\r\n\r\n\r\n\r\n\r\n\r\n\r\n\r\n\r\n\r\n\r\n\r\n\r\n\r\n\r\n\r\n\r\n\r\n\r\n\r\n\r\n\r\n\r\n\r\n\r\n\r\n\r\n\r\n\r\n\r\n\r\n\r\n\r\n\r\n\r\n\r\n\r\n\r\n\r\n\r\n\r\n\r\n\r\n\r\n\r\n\r\n\r\n\r\n\r\n\r\n\r\n\r\n\r\n\r\n\r\n\r\n\r\n\r\n\r\n\r\n\r\n\r\n\r\n\r\n\r\n\r\n\r\n\r\n\r\n\r\n\r\n\r\n\r\n\r\n\r\n\r\n\r\n\r\n\r\n\r\n\r\n\r\n\r\n\r\n\r\n\r\n\r\n\r\n\r\nAssunto: Voto de pesar pelo falecimento de seu esposo, R\u00f4mulo Vieira Perp\u00e9tuo"}, {"id": "21629", "ano": "2023", "numero": "70", "tipo__sigla": "OF", "tipo__descricao": "Of\u00edcio", "autoria": "", "texto_original": "http://sapl.pedroleopoldo.mg.leg.br/media/sapl/public/materialegislativa/2023/21629/oficio_70-2023.pdf", "ementa": "Ilma. Sra \r\nIvone Maria de Souza Diniz e Familiares \r\n\r\n\r\n\r\n\r\n\r\n\r\n\r\n\r\n\r\n\r\n\r\n\r\n\r\n\r\n\r\n\r\n\r\n\r\n\r\n\r\n\r\n\r\n\r\n\r\n\r\n\r\n\r\n\r\n\r\n\r\n\r\n\r\n\r\n\r\n\r\n\r\n\r\n\r\n\r\n\r\n\r\n\r\n\r\n\r\n\r\n\r\n\r\n\r\n\r\n\r\n\r\n\r\n\r\n\r\n\r\n\r\n\r\n\r\n\r\n\r\n\r\n\r\n\r\n\r\n\r\n\r\n\r\n\r\n\r\n\r\n\r\n\r\n\r\n\r\n\r\n\r\n\r\n\r\n\r\n\r\n\r\n\r\n\r\n\r\n\r\n\r\n\r\n\r\n\r\n\r\n\r\n\r\n\r\n\r\n\r\n\r\n\r\n\r\n\r\n\r\n\r\n\r\n\r\n\r\n\r\nAssunto: Voto de pesar pelo falecimento de sua irm\u00e3 , Maria Helena de Souza"}, {"id": "21630", "ano": "2023", "numero": "71", "tipo__sigla": "OF", "tipo__descricao": "Of\u00edcio", "autoria": "", "texto_original": "http://sapl.pedroleopoldo.mg.leg.br/media/sapl/public/materialegislativa/2023/21630/oficio_71-2023.pdf", "ementa": "Ilma. Sra.\r\nLaise Aparecida Matias Sim\u00e3o e Familiares \r\n\r\n\r\n\r\n\r\n\r\n\r\n\r\n\r\n\r\n\r\n\r\n\r\n\r\n\r\n\r\n\r\n\r\n\r\n\r\n\r\n\r\n\r\n\r\n\r\n\r\n\r\n\r\n\r\n\r\n\r\n\r\n\r\n\r\n\r\n\r\n\r\n\r\n\r\n\r\n\r\n\r\n\r\n\r\n\r\n\r\n\r\n\r\n\r\n\r\n\r\n\r\n\r\n\r\n\r\n\r\n\r\n\r\n\r\n\r\n\r\n\r\n\r\n\r\n\r\n\r\n\r\n\r\n\r\n\r\n\r\n\r\n\r\n\r\n\r\n\r\n\r\n\r\n\r\n\r\n\r\n\r\n\r\n\r\n\r\n\r\n\r\n\r\n\r\n\r\n\r\n\r\n\r\n\r\nAssunto: Voto de pesar pelo falecimento de sua m\u00e3e , T\u00e2nia L\u00facia Matias Sim\u00e3o"}, {"id": "21631", "ano": "2023", "numero": "75", "tipo__sigla": "OF", "tipo__descricao": "Of\u00edcio", "autoria": "", "texto_original": "http://sapl.pedroleopoldo.mg.leg.br/media/sapl/public/materialegislativa/2023/21631/oficio_75-2023.pdf", "ementa": "Patr\u00edcia Rafael Perdig\u00e3o \r\nSecret\u00e1ria Municipal de Cultura \r\nPrefeitura Municipal de Pedro Leopoldo / MG\r\n\r\n\r\n\r\n\r\n\r\n\r\n\r\n\r\n\r\n\r\n\r\n\r\n\r\n\r\n\r\n\r\n\r\n\r\n\r\n\r\n\r\n\r\n\r\n\r\n\r\n\r\n\r\n\r\n\r\n\r\n\r\n\r\n\r\n\r\n\r\n\r\n\r\n\r\n\r\n\r\n\r\n\r\n\r\n\r\n\r\n\r\n\r\n\r\n\r\n\r\n\r\n\r\n\r\n\r\n\r\n\r\n\r\n\r\n\r\n\r\n\r\n\r\n\r\n\r\n\r\n\r\n\r\n\r\n\r\n\r\n\r\n\r\n\r\n\r\n\r\n\r\n\r\n\r\n\r\n\r\n\r\n\r\n\r\n\r\n\r\n\r\n\r\n\r\n\r\n\r\n\r\n\r\n\r\n\r\n\r\n\r\n\r\n\r\n\r\n\r\n\r\n\r\n\r\n\r\n\r\n\r\n\r\n\r\n\r\n\r\n\r\n\r\n\r\n\r\n\r\n\r\n\r\n\r\n\r\n\r\n\r\n\r\n\r\n\r\n\r\n\r\n\r\n\r\n\r\n\r\n\r\n\r\n\r\n\r\n\r\n\r\n\r\n\r\n\r\n\r\n\r\n\r\n\r\n\r\n\r\n\r\n\r\nAssunto: Representante do Legislativo Municipal para comporem o Conselho Municipal de Patrim\u00f4nio Cultural e Natural de Pedro Leopoldo, a Vereadora Cynthia Salom\u00e3o Bastos Faria como membro efetivo e o Vereador Leonardo Pereira Ribeiro com suplente."}, {"id": "21632", "ano": "2023", "numero": "76", "tipo__sigla": "OF", "tipo__descricao": "Of\u00edcio", "autoria": "", "texto_original": "http://sapl.pedroleopoldo.mg.leg.br/media/sapl/public/materialegislativa/2023/21632/oficio_76-2023.pdf", "ementa": "Exma. Sra. \r\nEloisa  Helena Carvalho de Freitas Pereira \r\nPrefeitura Municipal \r\nPedro Leopoldo/MG\r\n\r\n\r\n\r\n\r\n\r\n\r\n\r\n\r\n\r\n\r\n\r\n\r\n\r\n\r\n\r\n\r\n\r\n\r\n\r\n\r\n\r\n\r\n\r\n\r\n\r\n\r\n\r\n\r\n\r\n\r\n\r\n\r\n\r\n\r\n\r\n\r\n\r\n\r\n\r\n\r\n\r\n\r\n\r\n\r\n\r\n\r\n\r\n\r\n\r\n\r\n\r\n\r\n\r\n\r\n\r\n\r\n\r\n\r\n\r\n\r\n\r\n\r\n\r\n\r\n\r\n\r\n\r\n\r\n\r\n\r\n\r\n\r\n\r\n\r\n\r\n\r\n\r\n\r\n\r\n\r\n\r\n\r\n\r\n\r\n\r\n\r\n\r\n\r\n\r\n\r\n\r\n\r\n\r\n\r\n\r\n\r\n\r\n\r\n\r\n\r\n\r\n\r\n\r\n\r\n\r\n\r\nAssunto: Mat\u00e9ria aprovada na 10\u00aa Reuni\u00e3o Ordin\u00e1ria da C\u00e2mara Municipal de Pedro Leopoldo, realizada em 17 de abril de 2023"}, {"id": "21633", "ano": "2023", "numero": "77", "tipo__sigla": "OF", "tipo__descricao": "Of\u00edcio", "autoria": "", "texto_original": "http://sapl.pedroleopoldo.mg.leg.br/media/sapl/public/materialegislativa/2023/21633/oficio_77-2023.pdf", "ementa": "Ilma. Sra.\r\nAdriana dos Santos e Fam\u00edlia \r\n\r\n\r\n\r\n\r\n\r\n\r\n\r\n\r\n\r\n\r\n\r\n\r\n\r\n\r\n\r\n\r\n\r\n\r\n\r\n\r\n\r\n\r\n\r\n\r\n\r\n\r\n\r\n\r\n\r\n\r\n\r\n\r\n\r\n\r\n\r\n\r\n\r\n\r\n\r\n\r\n\r\n\r\n\r\n\r\n\r\n\r\n\r\n\r\n\r\n\r\n\r\n\r\n\r\n\r\n\r\n\r\n\r\n\r\n\r\n\r\n\r\n\r\n\r\n\r\n\r\n\r\n\r\n\r\n\r\n\r\n\r\n\r\n\r\n\r\n\r\n\r\n\r\n\r\n\r\n\r\n\r\n\r\n\r\n\r\n\r\n\r\n\r\n\r\n\r\n\r\n\r\n\r\n\r\n\r\n\r\n\r\n\r\n\r\n\r\n\r\n\r\nAssunto: Voto de pesar pelo falecimento de sua irm\u00e3, Patr\u00edcia de Lourdes da Silva"}, {"id": "21634", "ano": "2023", "numero": "78", "tipo__sigla": "OF", "tipo__descricao": "Of\u00edcio", "autoria": "", "texto_original": "http://sapl.pedroleopoldo.mg.leg.br/media/sapl/public/materialegislativa/2023/21634/oficio_78-2023.pdf", "ementa": "Ilma. Sra \r\nFl\u00e1via Pereira Viveiros e Fam\u00edlia\r\n\r\n\r\n\r\n\r\n\r\n\r\n\r\n\r\n\r\n\r\n\r\n\r\n\r\n\r\n\r\n\r\n\r\n\r\n\r\n\r\n\r\n\r\n\r\n\r\n\r\n\r\n\r\n\r\n\r\n\r\n\r\n\r\n\r\n\r\n\r\n\r\n\r\n\r\n\r\n\r\n\r\n\r\n\r\n\r\n\r\n\r\n\r\n\r\n\r\n\r\n\r\n\r\n\r\n\r\n\r\n\r\n\r\n\r\n\r\n\r\n\r\n\r\n\r\n\r\n\r\n\r\n\r\n\r\n\r\n\r\n\r\n\r\n\r\n\r\n\r\n\r\n\r\n\r\n\r\n\r\n\r\n\r\n\r\n\r\n\r\n\r\n\r\n\r\n\r\n\r\n\r\n\r\n\r\n\r\n\r\n\r\n\r\n\r\n\r\n\r\n\r\n\r\n\r\n\r\n\r\n\r\n\r\n\r\n\r\n\r\n\r\n\r\n\r\n\r\n\r\n\r\n\r\n\r\n\r\n\r\n\r\n\r\n\r\n\r\n\r\n\r\n\r\n\r\n\r\n\r\n\r\n\r\n\r\n\r\n\r\n\r\n\r\n\r\n\r\n\r\n\r\n\r\n\r\n\r\n\r\n\r\n\r\n\r\n\r\n\r\n\r\n\r\n\r\n\r\n\r\nAssunto: Voto de pesar pelo falecimento de sua m\u00e3e, Ilma de Freitas Viveiros"}, {"id": "21635", "ano": "2023", "numero": "79", "tipo__sigla": "OF", "tipo__descricao": "Of\u00edcio", "autoria": "", "texto_original": "http://sapl.pedroleopoldo.mg.leg.br/media/sapl/public/materialegislativa/2023/21635/oficio_79-2023.pdf", "ementa": "Ilma. Sra \r\nLuciana Pereira Viveiros e fam\u00edlia \r\n\r\n\r\n\r\n\r\n\r\n\r\n\r\n\r\n\r\n\r\n\r\n\r\n\r\n\r\n\r\n\r\n\r\n\r\n\r\n\r\n\r\n\r\n\r\n\r\n\r\n\r\n\r\n\r\n\r\n\r\n\r\n\r\n\r\n\r\n\r\n\r\n\r\n\r\n\r\n\r\n\r\n\r\n\r\n\r\n\r\n\r\n\r\n\r\n\r\n\r\n\r\n\r\n\r\n\r\n\r\n\r\n\r\n\r\n\r\n\r\n\r\n\r\n\r\n\r\n\r\n\r\n\r\n\r\n\r\n\r\n\r\n\r\n\r\n\r\n\r\n\r\n\r\n\r\n\r\n\r\n\r\n\r\n\r\n\r\n\r\n\r\n\r\n\r\n\r\n\r\n\r\n\r\n\r\n\r\n\r\n\r\nAssunto: Voto de pesar pelo falecimento de sua m\u00e3e, Ilma de Freitas Viveiros"}, {"id": "21636", "ano": "2023", "numero": "80", "tipo__sigla": "OF", "tipo__descricao": "Of\u00edcio", "autoria": "", "texto_original": "http://sapl.pedroleopoldo.mg.leg.br/media/sapl/public/materialegislativa/2023/21636/oficio_80-2023.pdf", "ementa": "Ilmo. Sr.\r\nC\u00e9sar Augusto dos Santos e fam\u00edlia \r\n\r\n\r\n\r\n\r\n\r\n\r\n\r\n\r\n\r\n\r\n\r\n\r\n\r\n\r\n\r\n\r\n\r\n\r\n\r\n\r\n\r\n\r\n\r\n\r\n\r\n\r\n\r\n\r\n\r\n\r\n\r\n\r\n\r\n\r\n\r\n\r\n\r\n\r\n\r\n\r\n\r\n\r\n\r\n\r\n\r\n\r\n\r\n\r\n\r\n\r\n\r\n\r\n\r\n\r\n\r\n\r\n\r\n\r\n\r\n\r\n\r\n\r\n\r\n\r\n\r\n\r\n\r\n\r\n\r\n\r\n\r\n\r\n\r\n\r\n\r\n\r\n\r\n\r\n\r\n\r\n\r\n\r\n\r\n\r\n\r\n\r\n\r\n\r\n\r\n\r\n\r\n\r\n\r\n\r\n\r\n\r\n\r\n\r\n\r\n\r\n\r\n\r\nAssunto: Voto de pesar pelo falecimento de sua irm\u00e3 , Patr\u00edcia de Lourdes da Silva"}, {"id": "21637", "ano": "2023", "numero": "81", "tipo__sigla": "OF", "tipo__descricao": "Of\u00edcio", "autoria": "", "texto_original": "http://sapl.pedroleopoldo.mg.leg.br/media/sapl/public/materialegislativa/2023/21637/oficio_81-2023.pdf", "ementa": "Ilmo. Sr.\r\nAdriano C\u00e9sar e Fam\u00edlia \r\n\r\n\r\n\r\n\r\n\r\n\r\n\r\n\r\n\r\n\r\n\r\n\r\n\r\n\r\n\r\n\r\n\r\n\r\n\r\n\r\n\r\n\r\n\r\n\r\n\r\n\r\n\r\n\r\n\r\n\r\n\r\n\r\n\r\n\r\n\r\n\r\n\r\n\r\n\r\n\r\n\r\n\r\n\r\n\r\n\r\n\r\n\r\n\r\n\r\n\r\n\r\n\r\n\r\n\r\n\r\n\r\n\r\n\r\n\r\n\r\n\r\n\r\n\r\n\r\n\r\n\r\n\r\n\r\n\r\n\r\n\r\n\r\n\r\n\r\n\r\n\r\n\r\n\r\n\r\n\r\n\r\n\r\n\r\n\r\n\r\n\r\n\r\n\r\n\r\n\r\n\r\n\r\n\r\n\r\n\r\n\r\n\r\n\r\n\r\n\r\n\r\n\r\n\r\n\r\n\r\n\r\n\r\n\r\n\r\n\r\n\r\n\r\n\r\n\r\n\r\nAssunto:  Voto de Pesar pelo falecimento de sua m\u00e3e, Patr\u00edcia de Lourdes da Silva"}, {"id": "21638", "ano": "2023", "numero": "85", "tipo__sigla": "OF", "tipo__descricao": "Of\u00edcio", "autoria": "", "texto_original": "http://sapl.pedroleopoldo.mg.leg.br/media/sapl/public/materialegislativa/2023/21638/oficio_85-2023.pdf", "ementa": "\u00c0 Exma. Sra. Prefeita \r\nEloisa Helena Carvalho de Freitas Pereira \r\nPrefeitura Municipal de Pedro Leopoldo \r\n\r\n\r\n\r\n\r\n\r\n\r\n\r\n\r\n\r\n\r\n\r\n\r\n\r\n\r\n\r\n\r\n\r\n\r\n\r\n\r\n\r\n\r\n\r\n\r\n\r\n\r\n\r\n\r\n\r\n\r\n\r\n\r\n\r\n\r\n\r\n\r\n\r\n\r\n\r\n\r\n\r\n\r\n\r\n\r\n\r\n\r\n\r\n\r\n\r\n\r\n\r\n\r\n\r\n\r\n\r\n\r\n\r\n\r\n\r\n\r\n\r\n\r\n\r\n\r\n\r\n\r\n\r\n\r\n\r\n\r\n\r\n\r\n\r\n\r\n\r\n\r\n\r\n\r\n\r\n\r\n\r\n\r\n\r\n\r\n\r\n\r\n\r\n\r\n\r\n\r\n\r\n\r\n\r\n\r\n\r\n\r\n\r\n\r\n\r\n\r\n\r\n\r\n\r\n\r\n\r\n\r\n\r\n\r\n\r\n\r\n\r\n\r\n\r\n\r\n\r\n\r\n\r\n\r\n\r\n\r\n\r\n\r\nAssunto: Indica\u00e7\u00e3o membro"}, {"id": "21645", "ano": "2023", "numero": "86", "tipo__sigla": "OF", "tipo__descricao": "Of\u00edcio", "autoria": "", "texto_original": "http://sapl.pedroleopoldo.mg.leg.br/media/sapl/public/materialegislativa/2023/21645/oficio_86-2023.pdf", "ementa": "\u00c0 Exma . Sra.\r\nEloisa Helena Carvalho de Freitas Pereira \r\nPrefeita\r\nPrefeitura Municipal de Pedro Leopoldo \r\n\r\nA/C\u00f3pia: Ger\u00eancia de Material de Patrim\u00f4nio da Prefeitura \r\n\r\n\r\n\r\n\r\n\r\n\r\n\r\n\r\n\r\n\r\n\r\n\r\n\r\n\r\n\r\n\r\n\r\n\r\n\r\n\r\n\r\n\r\n\r\n\r\n\r\n\r\n\r\n\r\n\r\n\r\n\r\n\r\n\r\n\r\n\r\n\r\n\r\n\r\n\r\n\r\n\r\n\r\n\r\n\r\n\r\n\r\n\r\n\r\n\r\n\r\n\r\n\r\n\r\n\r\n\r\n\r\n\r\n\r\n\r\n\r\n\r\n\r\n\r\n\r\n\r\n\r\n\r\n\r\n\r\n\r\n\r\n\r\n\r\n\r\n\r\n\r\n\r\n\r\n\r\n\r\n\r\n\r\n\r\n\r\n\r\n\r\n\r\n\r\n\r\n\r\n\r\n\r\n\r\n\r\n\r\n\r\n\r\n\r\n\r\n\r\n\r\n\r\n\r\n\r\n\r\n\r\n\r\n\r\n\r\n\r\n\r\n\r\n\r\n\r\n\r\nAssunto: Bens inserv\u00edveis"}, {"id": "21646", "ano": "2023", "numero": "87", "tipo__sigla": "OF", "tipo__descricao": "Of\u00edcio", "autoria": "", "texto_original": "http://sapl.pedroleopoldo.mg.leg.br/media/sapl/public/materialegislativa/2023/21646/oficio_87-2023.pdf", "ementa": "Exma. Sra.\r\nEloisa Helena Carvalho de Freitas Pereira \r\nPrefeita Municipal \r\nPedro Leopoldo/MG\r\n\r\n\r\n\r\n\r\n\r\n\r\n\r\n\r\n\r\n\r\n\r\n\r\n\r\n\r\n\r\n\r\n\r\n\r\n\r\n\r\n\r\n\r\n\r\n\r\n\r\n\r\n\r\n\r\n\r\n\r\n\r\n\r\n\r\n\r\n\r\n\r\n\r\n\r\n\r\n\r\n\r\n\r\n\r\n\r\n\r\n\r\n\r\n\r\n\r\n\r\n\r\n\r\n\r\n\r\n\r\n\r\n\r\n\r\n\r\n\r\n\r\n\r\n\r\n\r\n\r\n\r\n\r\n\r\n\r\n\r\n\r\n\r\n\r\n\r\n\r\n\r\n\r\n\r\n\r\n\r\n\r\n\r\n\r\n\r\n\r\n\r\n\r\n\r\n\r\n\r\n\r\n\r\n\r\n\r\n\r\n\r\n\r\n\r\n\r\n\r\n\r\n\r\n\r\n\r\n\r\n\r\n\r\n\r\n\r\n\r\nAssunto: Mat\u00e9ria aprovada na 11\u00aa Reuni\u00e3o Ordin\u00e1ria da C\u00e2mara Municipal de Pedro Leopoldo, realizada em 24 de abril de 2023."}, {"id": "21647", "ano": "2023", "numero": "88", "tipo__sigla": "OF", "tipo__descricao": "Of\u00edcio", "autoria": "", "texto_original": "http://sapl.pedroleopoldo.mg.leg.br/media/sapl/public/materialegislativa/2023/21647/oficio_88-2023.pdf", "ementa": "Ilma. Sra.\r\nCarine Matias e Fam\u00edlia \r\n\r\n\r\n\r\n\r\n\r\n\r\n\r\n\r\n\r\n\r\n\r\n\r\n\r\n\r\n\r\n\r\n\r\n\r\n\r\n\r\n\r\n\r\n\r\n\r\n\r\n\r\n\r\n\r\n\r\n\r\n\r\n\r\n\r\n\r\n\r\n\r\n\r\n\r\n\r\n\r\n\r\n\r\n\r\n\r\n\r\n\r\n\r\n\r\n\r\n\r\n\r\n\r\n\r\n\r\n\r\n\r\n\r\n\r\n\r\n\r\n\r\n\r\n\r\n\r\n\r\n\r\n\r\n\r\n\r\n\r\n\r\n\r\n\r\n\r\n\r\n\r\n\r\n\r\n\r\n\r\nAssunto: Voto de pesar pelo falecimento de seu esposo, Anderson Vieira Cardoso (Leleco)"}, {"id": "21648", "ano": "2023", "numero": "89", "tipo__sigla": "OF", "tipo__descricao": "Of\u00edcio", "autoria": "", "texto_original": "http://sapl.pedroleopoldo.mg.leg.br/media/sapl/public/materialegislativa/2023/21648/oficio_89-2023.pdf", "ementa": "Ilma. Sra.\r\nT\u00e2nia Helena Martins de Jesus e Fam\u00edlia \r\n\r\n\r\n\r\n\r\n\r\n\r\n\r\n\r\n\r\n\r\n\r\n\r\n\r\n\r\n\r\n\r\n\r\n\r\n\r\n\r\n\r\n\r\n\r\n\r\n\r\n\r\n\r\n\r\n\r\n\r\n\r\n\r\n\r\n\r\n\r\n\r\n\r\n\r\n\r\n\r\n\r\n\r\n\r\n\r\n\r\n\r\n\r\n\r\n\r\n\r\n\r\n\r\n\r\n\r\n\r\n\r\n\r\n\r\n\r\n\r\n\r\n\r\n\r\n\r\n\r\n\r\n\r\n\r\n\r\n\r\n\r\n\r\n\r\n\r\n\r\n\r\n\r\n\r\n\r\n\r\n\r\n\r\n\r\n\r\n\r\n\r\n\r\n\r\n\r\nAssunto: Voto de pesar pelo falecimento de seu filho, Vitor Martins de Jesus (Vitinho)"}, {"id": "21649", "ano": "2023", "numero": "90", "tipo__sigla": "OF", "tipo__descricao": "Of\u00edcio", "autoria": "", "texto_original": "http://sapl.pedroleopoldo.mg.leg.br/media/sapl/public/materialegislativa/2023/21649/oficio_90-2023.pdf", "ementa": "Ilma. Sra.\r\nCynthia Salom\u00e3o Bastos Faria e Fam\u00edlia \r\n\r\n\r\n\r\n\r\n\r\n\r\n\r\n\r\n\r\n\r\n\r\n\r\n\r\n\r\n\r\n\r\n\r\n\r\n\r\n\r\n\r\n\r\n\r\n\r\n\r\n\r\n\r\n\r\n\r\n\r\n\r\n\r\n\r\n\r\n\r\n\r\n\r\n\r\n\r\n\r\n\r\n\r\n\r\n\r\n\r\n\r\n\r\n\r\n\r\n\r\n\r\n\r\n\r\n\r\n\r\n\r\n\r\n\r\n\r\n\r\n\r\n\r\n\r\n\r\n\r\n\r\n\r\n\r\n\r\n\r\n\r\n\r\n\r\n\r\n\r\n\r\n\r\n\r\n\r\n\r\n\r\n\r\n\r\n\r\n\r\n\r\n\r\n\r\n\r\n\r\n\r\n\r\n\r\n\r\n\r\n\r\n\r\n\r\n\r\n\r\n\r\n\r\n\r\n\r\n\r\n\r\n\r\n\r\n\r\n\r\n\r\n\r\n\r\n\r\n\r\n\r\n\r\n\r\n\r\n\r\n\r\n\r\n\r\n\r\n\r\n\r\n\r\n\r\n\r\n\r\nAssunto: Voto de pesar pelo falecimento de sua tia, Elza de Bastos ."}, {"id": "22401", "ano": "2023", "numero": "94", "tipo__sigla": "OF", "tipo__descricao": "Of\u00edcio", "autoria": "", "texto_original": "http://sapl.pedroleopoldo.mg.leg.br/media/sapl/public/materialegislativa/2023/22401/oficio_94-2023.pdf", "ementa": "Ilmo. Sr\r\nCel. Charles Generoso Baracho\r\nSecret\u00e1rio Municipal de Pedro Leopoldo\r\n\r\n\r\n\r\n\r\n\r\n\r\n\r\n\r\n\r\n\r\n\r\n\r\n\r\n\r\n\r\n\r\n\r\n\r\n\r\n\r\n\r\n\r\n\r\n\r\n\r\n\r\n\r\n\r\n\r\n\r\n\r\n\r\n\r\n\r\n\r\n\r\n\r\n\r\n\r\n\r\n\r\n\r\n\r\n\r\n\r\n\r\n\r\n\r\n\r\n\r\n\r\n\r\n\r\n\r\n\r\n\r\n\r\n\r\n\r\n\r\n\r\n\r\n\r\n\r\n\r\n\r\n\r\n\r\n\r\n\r\n\r\n\r\n\r\n\r\n\r\n\r\n\r\n\r\n\r\n\r\n\r\n\r\n\r\n\r\n\r\n\r\n\r\n\r\n\r\n\r\n\r\n\r\n\r\n\r\n\r\n\r\n\r\n\r\n\r\n\r\n\r\n\r\n\r\n\r\n\r\n\r\n\r\n\r\n\r\n\r\n\r\n\r\n\r\n Assunto: Solicita\u00e7\u00e3o de Apoio da Guarda Municipal e viatura nos eventos da C\u00e2mara Municipal que ser\u00e3o realizados no audit\u00f3rio do LANAGRO"}, {"id": "22402", "ano": "2023", "numero": "95", "tipo__sigla": "OF", "tipo__descricao": "Of\u00edcio", "autoria": "", "texto_original": "http://sapl.pedroleopoldo.mg.leg.br/media/sapl/public/materialegislativa/2023/22402/oficio_95-2023.pdf", "ementa": "Ilmo. Sr.\r\nTen. Cel. Adeir Jos\u00e9 Moreira \r\nComandante 11\u00aa CIA PM IND \r\nRua: Goianazes 246 - Bairro Andyara - Pedro Leopoldo \r\n\r\n\r\n\r\n\r\n\r\n\r\n\r\n\r\n\r\n\r\n\r\n\r\n\r\n\r\n\r\n\r\n\r\n\r\n\r\n\r\n\r\n\r\n\r\n\r\n\r\n\r\n\r\n\r\n\r\n\r\n\r\n\r\n\r\n\r\n\r\n\r\n\r\n\r\n\r\n\r\n\r\n\r\n\r\n\r\n\r\n\r\n\r\n\r\n\r\n\r\n\r\n\r\n\r\n\r\n\r\n\r\n\r\n\r\n\r\n\r\n\r\n\r\n\r\n\r\n\r\n\r\n\r\n\r\n\r\n\r\n\r\n\r\n\r\n\r\n\r\n\r\n\r\n\r\n\r\n\r\n\r\n\r\n\r\n\r\n\r\n\r\n\r\n\r\n\r\n\r\n\r\n\r\n\r\n\r\n\r\n\r\n\r\n\r\n\r\n\r\n\r\n\r\n\r\n\r\n\r\nAssunto: Solicita\u00e7\u00e3o de Apoio da Policia Militar  - Audit\u00f3rio do LANAGRO"}, {"id": "22404", "ano": "2023", "numero": "99", "tipo__sigla": "OF", "tipo__descricao": "Of\u00edcio", "autoria": "", "texto_original": "http://sapl.pedroleopoldo.mg.leg.br/media/sapl/public/materialegislativa/2023/22404/oficio_99-2023.pdf", "ementa": "Exma. Sra.\r\nEloisa Helena Carvalho de Freitas Pereira \r\nPrefeita Municipal / Pedro Leopoldo/MG\r\n\r\n\r\n\r\n\r\n\r\n\r\n\r\n\r\n\r\n\r\n\r\n\r\n\r\n\r\n\r\n\r\n\r\n\r\n\r\n\r\n\r\n\r\n\r\n\r\n\r\n\r\n\r\n\r\n\r\n\r\n\r\n\r\n\r\n\r\n\r\n\r\n\r\n\r\n\r\n\r\n\r\n\r\n\r\n\r\n\r\n\r\n\r\n\r\n\r\n\r\n\r\n\r\n\r\n\r\n\r\n\r\n\r\n\r\n\r\n\r\n\r\n\r\n\r\n\r\n\r\n\r\n\r\n\r\n\r\n\r\n\r\n\r\n\r\n\r\n\r\n\r\n\r\n\r\n\r\n\r\n\r\n\r\n\r\n\r\n\r\n\r\n\r\n\r\n\r\n\r\n\r\n\r\n\r\n\r\n\r\n\r\n\r\n\r\n\r\n\r\n\r\n\r\n\r\n Assunto: Mat\u00e9ria aprovada da 12\u00aa Reuni\u00e3o Ordin\u00e1ria da C\u00e2mara Municipal de Pedro Leopoldo , realizada em 08 de maio de 2023."}, {"id": "22405", "ano": "2023", "numero": "100", "tipo__sigla": "OF", "tipo__descricao": "Of\u00edcio", "autoria": "", "texto_original": "http://sapl.pedroleopoldo.mg.leg.br/media/sapl/public/materialegislativa/2023/22405/oficio_100-2023.pdf", "ementa": "Ilma. Sra.\r\nSolange Aparecida de Souza e Fam\u00edlia \r\n\r\n\r\n\r\n\r\n\r\n\r\n\r\n\r\n\r\n\r\n\r\n\r\n\r\n\r\n\r\n\r\n\r\n\r\n\r\n\r\n\r\n\r\n\r\n\r\n\r\n\r\n\r\n\r\n\r\n\r\n\r\n\r\n\r\n\r\n\r\n\r\n\r\n\r\n\r\n\r\n\r\n\r\n\r\n\r\n\r\n\r\n\r\n\r\n\r\n\r\n\r\n\r\n\r\n\r\n\r\n\r\n\r\n\r\n\r\n\r\n\r\n\r\n\r\n\r\n\r\n\r\n\r\n\r\n\r\nAssunto : Voto de pesar pelo falecimento de seu esposo , Sr. Ant\u00f4nio Humberto de Souza ."}, {"id": "22406", "ano": "2023", "numero": "101", "tipo__sigla": "OF", "tipo__descricao": "Of\u00edcio", "autoria": "", "texto_original": "http://sapl.pedroleopoldo.mg.leg.br/media/sapl/public/materialegislativa/2023/22406/oficio_101-2023.pdf", "ementa": "Ilma. Sra\r\nTereza Cristina Silva e Fam\u00edlia \r\n\r\n\r\n\r\n\r\n\r\n\r\n\r\n\r\n\r\n\r\n\r\n\r\n\r\n\r\n\r\n\r\n\r\n\r\n\r\n\r\n\r\n\r\n\r\n\r\n\r\n\r\n\r\n\r\n\r\n\r\n\r\n\r\n\r\n\r\n\r\n\r\n\r\n\r\n\r\n\r\n\r\n\r\n\r\n\r\n\r\n\r\n\r\n\r\n\r\n\r\n\r\n\r\n\r\n\r\n\r\n\r\n\r\n\r\n\r\n\r\n\r\n\r\n\r\n\r\n\r\n\r\n\r\n\r\n\r\n\r\n\r\n\r\n\r\n\r\n\r\n\r\n\r\n\r\n\r\n\r\n\r\n\r\n\r\n\r\n\r\n\r\n\r\n\r\n\r\n\r\n\r\n\r\n\r\n\r\n\r\n\r\n\r\n\r\n\r\n\r\n\r\n\r\n\r\n\r\nAssunto: Voto de pesar pelo falecimento de seu filho , Leandro Martins ."}, {"id": "22407", "ano": "2023", "numero": "102", "tipo__sigla": "OF", "tipo__descricao": "Of\u00edcio", "autoria": "", "texto_original": "http://sapl.pedroleopoldo.mg.leg.br/media/sapl/public/materialegislativa/2023/22407/oficio_102-2023.pdf", "ementa": "Ilmo. Sr. Nilson Rodrigues de Aguilar e Fam\u00edlia \r\n\r\n\r\n\r\n\r\n\r\n\r\n\r\n\r\n\r\n\r\n\r\n\r\n\r\n\r\n\r\n\r\n\r\n\r\n\r\n\r\n\r\n\r\n\r\n\r\n\r\n\r\n\r\n\r\n\r\n\r\n\r\n\r\n\r\n\r\n\r\n\r\n\r\n\r\n\r\n\r\n\r\n\r\n\r\n\r\n\r\n\r\n\r\n\r\n\r\n\r\n\r\n\r\n\r\n\r\n\r\n\r\n\r\n\r\n\r\n\r\n\r\n\r\n\r\n\r\n\r\n\r\n\r\n\r\n\r\n\r\n\r\n\r\n\r\n\r\n\r\n\r\n\r\n\r\n\r\n\r\n\r\n\r\n\r\n\r\n\r\n\r\n\r\n\r\n\r\n\r\n\r\n\r\n\r\n\r\n\r\n\r\n\r\n\r\n\r\n\r\n\r\n\r\n\r\n\r\n\r\n\r\n\r\n\r\n\r\n\r\n\r\n\r\n\r\n\r\n\r\n\r\n\r\n\r\n\r\n\r\n\r\n\r\n\r\n\r\n\r\n\r\n\r\n\r\n\r\n\r\n\r\n\r\n\r\n\r\n\r\n\r\n\r\nAssunto: Voto de pesar pelo falecimento de sua m\u00e3e, Sra. Joana Rodrigues de Aguilar"}, {"id": "22410", "ano": "2023", "numero": "103", "tipo__sigla": "OF", "tipo__descricao": "Of\u00edcio", "autoria": "", "texto_original": "http://sapl.pedroleopoldo.mg.leg.br/media/sapl/public/materialegislativa/2023/22410/oficio_103-2023.pdf", "ementa": "Ilma. Sra\r\nM\u00e1rcia Perdig\u00e3o e Fam\u00edlia \r\nEndere\u00e7o: Washington Luiz de Oliveira - 321 apto111 - BlocoA\r\nFelipa Cl\u00e1udio de Sales\r\n\r\n\r\n\r\n\r\n\r\n\r\n\r\n\r\n\r\n\r\n\r\n\r\n\r\n\r\n\r\n\r\n\r\n\r\n\r\n\r\n\r\n\r\n\r\n\r\n\r\n\r\n\r\n\r\n\r\n\r\n\r\n\r\n\r\n\r\n\r\n\r\n\r\n\r\n\r\n\r\n\r\n\r\n\r\n\r\n\r\n\r\n\r\n\r\n\r\n\r\n\r\n\r\n\r\n\r\n\r\n\r\n\r\n\r\n\r\n\r\n\r\n\r\n\r\n\r\n\r\n\r\n\r\n\r\n\r\n\r\n\r\n\r\n\r\n\r\n\r\n\r\n\r\n\r\n\r\n\r\n\r\n\r\n\r\n\r\n\r\n\r\n\r\n\r\n\r\n\r\n\r\n\r\n\r\n\r\n\r\n\r\n\r\n\r\n\r\n\r\n\r\n\r\n\r\n\r\n\r\n\r\n\r\n\r\n\r\n\r\n\r\n\r\n\r\n\r\n\r\n\r\n\r\n\r\n\r\n\r\n\r\n\r\n\r\n\r\n\r\n\r\n\r\n\r\n\r\n\r\n\r\n\r\n\r\n\r\n\r\n\r\n\r\n\r\n\r\n\r\n\r\n\r\nAssunto: Voto de pesar pelo falecimento de seu irm\u00e3o, \u00c2ngelo Leonardo Perdig\u00e3o"}, {"id": "22421", "ano": "2023", "numero": "105", "tipo__sigla": "OF", "tipo__descricao": "Of\u00edcio", "autoria": "", "texto_original": "http://sapl.pedroleopoldo.mg.leg.br/media/sapl/public/materialegislativa/2023/22421/oficio_105-2023.pdf", "ementa": "Ilmo. Sr\r\nCel. Charles Generoso Baracho \r\nSecret\u00e1rio Municipal de Seguran\u00e7a P\u00fablica \r\nPedro Leopoldo /MG\r\n\r\nA/C: Sr. Gerente da Trans PL \r\nWantuir Gomes da Silva \r\n\r\n\r\n\r\n\r\n\r\n\r\n\r\n\r\n\r\n\r\n\r\n\r\n\r\n\r\n\r\n\r\n\r\n\r\n\r\n\r\n\r\n\r\n\r\n\r\n\r\n\r\n\r\n\r\n\r\n\r\n\r\n\r\n\r\n\r\n\r\n\r\n\r\n\r\n\r\n\r\n\r\n\r\n\r\n\r\n\r\n\r\n\r\n\r\n\r\n\r\n\r\n\r\n\r\n\r\n\r\n\r\n\r\n\r\n\r\n\r\n\r\n\r\n\r\n\r\n\r\n\r\n\r\n\r\n\r\n\r\n\r\n\r\n\r\n\r\n\r\n\r\n\r\n\r\n\r\n\r\n\r\n\r\n\r\n\r\n\r\n\r\n\r\n\r\n\r\n\r\n\r\n\r\n\r\n\r\n\r\n\r\n\r\n\r\n\r\n\r\n\r\n\r\n\r\n\r\n\r\n\r\n\r\n\r\n\r\n\r\n\r\n\r\n\r\n\r\n\r\n\r\n\r\n\r\n\r\n\r\n\r\n\r\n\r\n\r\n\r\n\r\n\r\n\r\n\r\n\r\n\r\n\r\n\r\n\r\n\r\n\r\n\r\n\r\nAssunto: Solicita\u00e7\u00e3o de Apoio da TransPL"}, {"id": "22422", "ano": "2023", "numero": "107", "tipo__sigla": "OF", "tipo__descricao": "Of\u00edcio", "autoria": "", "texto_original": "http://sapl.pedroleopoldo.mg.leg.br/media/sapl/public/materialegislativa/2023/22422/oficio_107-2023.pdf", "ementa": "Exma. Sra \r\nEloisa Helena Carvalho de Freitas Pereira \r\nPrefeitura Municipal\r\nPedro Leopoldo/MG\r\n\r\n\r\n\r\n\r\n\r\n\r\n\r\n\r\n\r\n\r\n\r\n\r\n\r\n\r\n\r\n\r\n\r\n\r\n\r\n\r\n\r\n\r\n\r\n\r\n\r\n\r\n\r\n\r\n\r\n\r\n\r\n\r\n\r\n\r\n\r\n\r\n\r\n\r\n\r\n\r\n\r\n\r\n\r\n\r\n\r\n\r\n\r\n\r\n\r\n\r\n\r\n\r\n\r\n\r\n\r\n\r\n\r\n\r\nAssunto: Mat\u00e9ria aprovada na 13\u00aa Reuni\u00e3o Ordin\u00e1ria da C\u00e2mara Municipal de Pedro Leopoldo, realizada em 15 de maio de 2023."}, {"id": "22423", "ano": "2023", "numero": "108", "tipo__sigla": "OF", "tipo__descricao": "Of\u00edcio", "autoria": "", "texto_original": "http://sapl.pedroleopoldo.mg.leg.br/media/", "ementa": "Ilma. Sra \r\nIara Souza Vieira \r\nSecret\u00e1ria de Fazenda \r\nPrefeitura Municipal de Pedro Leopoldo/ MG\r\n\r\n\r\n\r\n\r\n\r\n\r\n\r\n\r\n\r\n\r\n\r\n\r\n\r\n\r\n\r\n\r\n\r\n\r\n\r\n\r\n\r\n\r\n\r\n\r\n\r\n\r\n\r\n\r\n\r\n\r\n\r\n\r\n\r\n\r\n\r\n\r\n\r\n\r\n\r\n\r\n\r\n\r\n\r\n\r\n\r\n\r\n\r\n\r\n\r\n\r\n\r\n\r\n\r\n\r\n\r\n\r\n\r\n\r\n\r\n\r\n\r\n\r\n\r\n\r\n\r\n\r\n\r\n\r\n\r\n\r\n\r\n\r\n\r\n\r\n\r\n\r\n\r\n\r\n\r\n\r\n\r\n\r\n\r\n\r\n\r\n\r\n\r\n\r\n\r\n\r\n\r\n\r\n\r\n\r\n\r\n\r\n\r\n\r\n\r\n\r\n\r\n\r\n\r\n\r\n\r\n\r\n\r\n\r\n\r\n\r\n\r\n\r\n\r\n\r\n\r\n\r\n\r\n\r\n\r\n\r\n\r\n\r\n\r\n\r\n\r\n\r\n\r\n\r\n\r\n\r\n Assunto: Metas da LDO do legislativo para o ano de 2024 da C\u00e2mara Municipal de Pedro Leopoldo"}, {"id": "22424", "ano": "2023", "numero": "110", "tipo__sigla": "OF", "tipo__descricao": "Of\u00edcio", "autoria": "", "texto_original": "http://sapl.pedroleopoldo.mg.leg.br/media/sapl/public/materialegislativa/2023/22424/oficio_110-2023.pdf", "ementa": "Exma. Sra.\r\nEloisa Helena Carvalho de Freitas Pereira \r\nPrefeita Municipal \r\nPedro Leopoldo /MG\r\n\r\n\r\n\r\n\r\n\r\n\r\n\r\n\r\n\r\n\r\n\r\n\r\n\r\n\r\n\r\n\r\n\r\n\r\n\r\n\r\n\r\n\r\n\r\n\r\n\r\n\r\n\r\n\r\n\r\n\r\n\r\n\r\n\r\n\r\n\r\n\r\n\r\n\r\n\r\n\r\n\r\n\r\n\r\n\r\n\r\n\r\n\r\n\r\n\r\n\r\n\r\n\r\n\r\n\r\n\r\n\r\n\r\n\r\n\r\n\r\n\r\n\r\n\r\n\r\n\r\n\r\n\r\n\r\n\r\n\r\n\r\n\r\n\r\n\r\n\r\n\r\n\r\n\r\n\r\n\r\n\r\n\r\n\r\n\r\n\r\n\r\n\r\n\r\n\r\n\r\n\r\n\r\n\r\n\r\n\r\n\r\n\r\n\r\n\r\n\r\n\r\n\r\n\r\n\r\n\r\n\r\n\r\n\r\n\r\n\r\n\r\n\r\n\r\n\r\n\r\n\r\n\r\n\r\n\r\n\r\n\r\n\r\n\r\n\r\n\r\n\r\n\r\n\r\n\r\n\r\n\r\n\r\n\r\n\r\n\r\n\r\n\r\n\r\nAssunto: Mat\u00e9ria aprovada na 14\u00aa Reuni\u00e3o Ordin\u00e1ria da C\u00e2mara Municipal de Pedro Leopoldo , realizada em 22 de maio de 2023"}, {"id": "22425", "ano": "2023", "numero": "111", "tipo__sigla": "OF", "tipo__descricao": "Of\u00edcio", "autoria": "", "texto_original": "http://sapl.pedroleopoldo.mg.leg.br/media/sapl/public/materialegislativa/2023/22425/oficio_111-2023.pdf", "ementa": "Ilmo. Sr\r\nGeraldo de Souza Ferreira e Fam\u00edlia \r\n\r\n\r\n\r\n\r\n\r\n\r\n\r\n\r\n\r\n\r\n\r\n\r\n\r\n\r\n\r\n\r\n\r\n\r\n\r\n\r\n\r\n\r\n\r\n\r\n\r\n\r\n\r\n\r\n\r\n\r\n\r\n\r\n\r\n\r\n\r\n\r\n\r\n\r\n\r\n\r\n\r\n\r\n\r\n\r\n\r\n\r\n\r\n\r\n\r\n\r\n\r\n\r\n\r\n\r\n\r\n\r\n\r\n\r\n\r\n\r\n\r\n\r\n\r\n\r\n\r\n\r\n\r\n\r\n\r\n\r\n\r\n\r\n\r\n\r\n\r\n\r\n\r\n\r\n\r\n\r\n\r\n\r\n\r\n\r\n\r\n\r\n\r\n\r\n\r\n\r\n\r\n\r\n\r\n\r\n\r\n\r\n\r\n\r\n\r\nAssunto: Voto de pesar pelo falecimento de sua esposa, Sra Evanil Mafada Ferreira ."}, {"id": "22426", "ano": "2023", "numero": "112", "tipo__sigla": "OF", "tipo__descricao": "Of\u00edcio", "autoria": "", "texto_original": "http://sapl.pedroleopoldo.mg.leg.br/media/sapl/public/materialegislativa/2023/22426/oficio_112-2023.pdf", "ementa": "Ilma. Sra.\r\nRosana Pinto e Fam\u00edlia \r\n\r\n\r\n\r\n\r\n\r\n\r\n\r\n\r\n\r\n\r\n\r\n\r\n\r\n\r\n\r\n\r\n\r\n\r\n\r\n\r\n\r\n\r\n\r\n\r\n\r\n\r\n\r\n\r\n\r\n\r\n\r\n\r\n\r\n\r\n\r\n\r\n\r\n\r\n\r\n\r\n\r\n\r\n\r\n\r\n\r\n\r\n\r\n\r\n\r\n\r\n\r\n\r\n\r\n\r\n\r\n\r\n\r\n\r\n\r\n\r\n\r\nAssunto: Voto de pesar pelo falecimento de seu esposo, Sr. Mauro Alves da Silva"}, {"id": "22434", "ano": "2023", "numero": "113", "tipo__sigla": "OF", "tipo__descricao": "Of\u00edcio", "autoria": "", "texto_original": "http://sapl.pedroleopoldo.mg.leg.br/media/sapl/public/materialegislativa/2023/22434/oficio_113-2023.pdf", "ementa": "Exmo. Sr\r\nFrederico Henrique Cota Alves e Fam\u00edlia \r\nVereador C\u00e2mara Municipal \r\nPedro Leopoldo/ MG\r\n\r\n\r\n\r\n\r\n\r\n\r\n\r\n\r\n\r\n\r\n\r\n\r\n\r\n\r\n\r\n\r\n\r\n\r\n\r\n\r\n\r\n\r\n\r\n\r\n\r\n\r\n\r\n\r\n\r\n\r\n\r\n\r\n\r\n\r\n\r\n\r\n\r\n\r\n\r\n\r\n\r\n\r\n\r\n\r\n\r\n\r\n\r\n\r\n\r\n\r\n\r\n\r\n\r\n\r\n\r\n\r\n\r\n\r\n\r\n\r\n\r\n\r\n\r\n\r\n\r\n\r\n\r\n\r\n\r\n\r\n\r\n\r\n\r\nAssunto: Voto de pesar pelo falecimento de seu tio, Sr. Dirceu Augusto da Silva"}, {"id": "22436", "ano": "2023", "numero": "114", "tipo__sigla": "OF", "tipo__descricao": "Of\u00edcio", "autoria": "", "texto_original": "http://sapl.pedroleopoldo.mg.leg.br/media/sapl/public/materialegislativa/2023/22436/oficio_114-2023.pdf", "ementa": "Exma. Sra\r\nEloisa Helena Carvalho de Freitas Pereira \r\nPrefeita Municipal \r\nPedro Leopoldo/MG\r\n\r\n\r\n\r\n\r\n\r\n\r\n\r\n\r\n\r\n\r\n\r\n\r\n\r\n\r\n\r\n\r\n\r\n\r\n\r\n\r\n\r\n\r\n\r\n\r\n\r\n\r\n\r\n\r\n\r\n\r\n\r\n\r\n\r\n\r\n\r\n\r\n\r\n\r\n\r\n\r\n\r\n\r\n\r\n\r\n\r\n\r\n\r\n\r\n\r\n\r\n\r\n\r\n\r\n\r\n\r\n\r\n\r\n\r\n\r\n\r\n\r\n\r\n\r\n\r\n\r\n\r\n\r\n\r\n\r\n\r\n\r\n\r\n\r\n\r\n\r\n\r\n\r\n\r\n\r\n\r\n\r\n\r\n\r\n\r\n\r\n\r\n\r\n\r\n\r\n\r\n\r\n\r\n\r\n\r\n\r\n\r\nAssunto: Mat\u00e9ria aprovada na 15\u00aa Reuni\u00e3o Ordin\u00e1ria da C\u00e2mara Municipal de Pedro Leopoldo, realizada em 29 de maio de 2023"}, {"id": "22438", "ano": "2023", "numero": "115", "tipo__sigla": "OF", "tipo__descricao": "Of\u00edcio", "autoria": "", "texto_original": "http://sapl.pedroleopoldo.mg.leg.br/media/", "ementa": "Ilmo. Sr \r\nF\u00e1bio Francisco de Oliveira e Fam\u00edlia \r\n\r\n\r\n\r\n\r\n\r\n\r\n\r\n\r\n\r\n\r\n\r\n\r\n\r\n\r\n\r\n\r\n\r\n\r\n\r\n\r\n\r\n\r\n\r\n\r\n\r\n\r\n\r\n\r\n\r\n\r\n\r\n\r\n\r\n\r\n\r\n\r\n\r\n\r\n\r\n\r\n\r\n\r\n\r\n\r\n\r\n\r\n\r\n\r\n\r\n\r\n\r\n\r\n\r\n\r\n\r\n\r\n\r\n\r\n\r\n\r\n\r\n\r\n\r\n\r\n\r\n\r\n\r\n\r\n\r\n\r\n\r\n\r\n\r\n\r\n\r\n\r\n\r\n\r\n\r\n\r\n\r\n\r\n\r\n\r\n\r\n\r\n\r\n\r\n\r\n\r\n\r\n\r\n\r\n\r\n\r\n\r\n\r\n\r\n\r\n\r\n\r\n\r\n\r\n\r\n\r\n\r\n\r\n\r\n\r\nAssunto: Voto de pesar pelo falecimento de sua esposa, Sra. Doralice In\u00e1cio da Silva Oliveira"}, {"id": "22439", "ano": "2023", "numero": "116", "tipo__sigla": "OF", "tipo__descricao": "Of\u00edcio", "autoria": "", "texto_original": "http://sapl.pedroleopoldo.mg.leg.br/media/sapl/public/materialegislativa/2023/22439/oficio_116-2023.pdf", "ementa": "Ilma. Sra \r\nNilza Ribeiro Santos Pires e Fam\u00edlia\r\n\r\n\r\n\r\n\r\n\r\n\r\n\r\n\r\n\r\n\r\n\r\n\r\n\r\n\r\n\r\n\r\n\r\n\r\n\r\n\r\n\r\n\r\n\r\n\r\n\r\n\r\n\r\n\r\n\r\n\r\n\r\n\r\n\r\n\r\n\r\n\r\n\r\n\r\n\r\n\r\n\r\n\r\n\r\n\r\n\r\n\r\n\r\n\r\n\r\n\r\n\r\n\r\n\r\n\r\n\r\n\r\n\r\n\r\n\r\n\r\n\r\n\r\n\r\n\r\n\r\n\r\n\r\n\r\n\r\n\r\n\r\n\r\n\r\n\r\n\r\n\r\n\r\n\r\nAssunto: Voto de pesar pelo falecimento de seu esposo, Sr. Andr\u00e9 Lu\u00eds Pires"}, {"id": "22440", "ano": "2023", "numero": "117", "tipo__sigla": "OF", "tipo__descricao": "Of\u00edcio", "autoria": "", "texto_original": "http://sapl.pedroleopoldo.mg.leg.br/media/sapl/public/materialegislativa/2023/22440/oficio_117-2023.pdf", "ementa": "Ilma. Sra \r\nT\u00e2nia Aparecida Daniel e fam\u00edlia \r\n\r\n\r\n\r\n\r\n\r\n\r\n\r\n\r\n\r\n\r\n\r\n\r\n\r\n\r\n\r\n\r\n\r\n\r\n\r\n\r\n\r\n\r\n\r\n\r\n\r\n\r\n\r\n\r\n\r\n\r\n\r\n\r\n\r\n\r\n\r\n\r\n\r\n\r\n\r\n\r\n\r\n\r\n\r\n\r\n\r\n\r\n\r\n\r\n\r\n\r\n\r\n\r\n\r\n\r\n\r\n\r\n\r\n\r\n\r\n\r\n\r\n\r\n\r\n\r\n\r\n\r\n\r\n\r\n\r\n\r\n\r\n\r\n\r\n\r\n\r\n\r\n\r\n\r\n\r\n\r\n\r\n\r\n\r\n\r\n\r\n\r\n\r\n\r\n\r\n\r\n\r\n\r\n\r\n\r\n\r\n\r\n\r\n\r\n\r\nAssunto: Voto de pesar pelo falecimento de sua m\u00e3e , Sra. Jorgina de Oliveira Daniel"}, {"id": "22441", "ano": "2023", "numero": "118", "tipo__sigla": "OF", "tipo__descricao": "Of\u00edcio", "autoria": "", "texto_original": "http://sapl.pedroleopoldo.mg.leg.br/media/", "ementa": "Ilmo. Sr\r\nWanderlei Fernandes Corr\u00eaa e fam\u00edlia \r\n\r\n\r\n\r\n\r\n\r\n\r\n\r\n\r\n\r\n\r\n\r\n\r\n\r\n\r\n\r\n\r\n\r\n\r\n\r\n\r\n\r\n\r\n\r\n\r\n\r\n\r\n\r\n\r\n\r\n\r\n\r\n\r\n\r\n\r\n\r\n\r\n\r\n\r\n\r\n\r\n\r\n\r\n\r\n\r\n\r\n\r\n\r\n\r\n\r\n\r\n\r\n\r\n\r\n\r\n\r\n\r\n\r\n\r\n\r\n\r\n\r\n\r\n\r\nAssunto: Voto de pesar pelo falecimento de seu pai, Sr . Esa\u00fa Fernandes Corr\u00eaa"}, {"id": "22442", "ano": "2023", "numero": "120", "tipo__sigla": "OF", "tipo__descricao": "Of\u00edcio", "autoria": "", "texto_original": "http://sapl.pedroleopoldo.mg.leg.br/media/sapl/public/materialegislativa/2023/22442/oficio_120-2023.pdf", "ementa": "Exma. Sra\r\nEloisa Helena Carvalho de Freitas Pereira \r\nPrefeita Municipal \r\nPedro Leopoldo \r\n\r\n\r\n\r\n\r\n\r\n\r\n\r\n\r\n\r\n\r\n\r\n\r\n\r\n\r\n\r\n\r\n\r\n\r\n\r\n\r\n\r\n\r\n\r\n\r\n\r\n\r\n\r\n\r\n\r\n\r\n\r\n\r\n\r\n\r\n\r\n\r\n\r\n\r\n\r\n\r\n\r\n\r\n\r\n\r\n\r\n\r\n\r\n\r\n\r\n\r\n\r\n\r\n\r\n\r\n\r\n\r\n\r\n\r\n\r\n\r\n\r\n\r\n\r\n\r\n\r\n\r\n\r\n\r\n\r\n\r\n\r\n\r\n\r\n\r\n\r\n\r\n\r\n\r\n\r\n\r\n\r\n\r\n Assunto: Mat\u00e9ria aprovada na 16\u00aa reuni\u00e3o Ordin\u00e1ria da C\u00e2mara Municipal de Pedro Leopoldo, realizada em 05 de junho de 2023"}, {"id": "22443", "ano": "2023", "numero": "121", "tipo__sigla": "OF", "tipo__descricao": "Of\u00edcio", "autoria": "", "texto_original": "http://sapl.pedroleopoldo.mg.leg.br/media/sapl/public/materialegislativa/2023/22443/oficio_121-2023.pdf", "ementa": "Ilmo. Sr \r\nJadir Ant\u00f4nio Moreira e Fam\u00edlia \r\n\r\n\r\n\r\n\r\n\r\n\r\n\r\n\r\n\r\n\r\n\r\n\r\n\r\n\r\n\r\n\r\n\r\n\r\n\r\n\r\n\r\n\r\n\r\n\r\n\r\n\r\n\r\n\r\n\r\n\r\n\r\n\r\n\r\n\r\n\r\n\r\n\r\n\r\n\r\n\r\n\r\n\r\n\r\n\r\n\r\n\r\n\r\n\r\n\r\n\r\n\r\n\r\n\r\n\r\n\r\n\r\n\r\n\r\n\r\n\r\n Assunto: Voto de pesar pelo falecimento de sua esposa, Sra . Maria de Lourdes Ribeiro Moreira"}, {"id": "22444", "ano": "2023", "numero": "122", "tipo__sigla": "OF", "tipo__descricao": "Of\u00edcio", "autoria": "", "texto_original": "http://sapl.pedroleopoldo.mg.leg.br/media/sapl/public/materialegislativa/2023/22444/oficio_122-2023.pdf", "ementa": "Ilmo. Sr.\r\nGustavo Ribeiro Moreira e Fam\u00edlia \r\n\r\n\r\n\r\n\r\n\r\n\r\n\r\n\r\n\r\n\r\n\r\n\r\n\r\n\r\n\r\n\r\n\r\n\r\n\r\n\r\n\r\n\r\n\r\n\r\n\r\n\r\n\r\n\r\n\r\n\r\n\r\n\r\n\r\n\r\n\r\n\r\n\r\n\r\n\r\n\r\n\r\n\r\n\r\n\r\n\r\n\r\n\r\n\r\n\r\n\r\n\r\n\r\n\r\n\r\n\r\n\r\n\r\n\r\n\r\n\r\n\r\n\r\n\r\n\r\n\r\n\r\n\r\n\r\n\r\n\r\n\r\n\r\n\r\n\r\n\r\n\r\nAssunto: Voto de pesar pelo falecimento de sua m\u00e3e , Sra Maria de Lourdes Ribeiro Moreira"}, {"id": "22446", "ano": "2023", "numero": "123", "tipo__sigla": "OF", "tipo__descricao": "Of\u00edcio", "autoria": "", "texto_original": "http://sapl.pedroleopoldo.mg.leg.br/media/sapl/public/materialegislativa/2023/22446/oficio_123-2023.pdf", "ementa": "Ilma. Sra \r\nAline Pereira e Fam\u00edlia \r\n\r\n\r\n\r\n\r\n\r\n\r\n\r\n\r\n\r\n\r\n\r\n\r\n\r\n\r\n\r\n\r\n\r\n\r\n\r\n\r\n\r\n\r\n\r\n\r\n\r\n\r\n\r\n\r\n\r\n\r\n\r\n\r\n\r\n\r\n\r\n\r\n\r\n\r\n\r\n\r\n\r\n\r\n\r\n\r\n\r\n\r\n\r\n\r\n\r\n\r\n\r\n\r\n\r\n\r\n\r\n\r\n\r\n\r\n\r\n\r\n\r\n\r\n\r\n\r\n\r\n\r\n\r\n\r\n\r\n\r\n\r\n\r\n\r\n\r\n\r\n\r\n\r\n\r\n\r\n\r\n\r\n\r\n\r\n\r\n\r\n\r\n\r\n\r\n\r\n\r\nAssunto: Voto de pesar pelo falecimento de seu irm\u00e3o, Sr . S\u00e9rgio Vitalino Costa"}, {"id": "22451", "ano": "2023", "numero": "126", "tipo__sigla": "OF", "tipo__descricao": "Of\u00edcio", "autoria": "", "texto_original": "http://sapl.pedroleopoldo.mg.leg.br/media/sapl/public/materialegislativa/2023/22451/oficio_126-2023.pdf", "ementa": "Exma. Sra\r\nEloisa Helena Carvalho de Freitas Pereira \r\nPrefeita Municipal \r\nPedro Leopoldo/MG\r\n\r\n\r\n\r\n\r\n\r\n\r\n\r\n\r\n\r\n\r\n\r\n\r\n\r\n\r\n\r\n\r\n\r\n\r\n\r\n\r\n\r\n\r\n\r\n\r\n\r\n\r\n\r\n\r\n\r\n\r\n\r\n\r\n\r\n\r\n\r\n\r\n\r\n\r\n\r\n\r\n\r\n\r\n\r\n\r\n\r\n\r\n\r\n\r\n\r\n\r\n\r\n\r\n\r\n\r\n\r\n\r\n\r\n\r\n\r\n\r\n\r\n\r\n\r\n\r\n\r\n\r\n\r\n\r\n\r\n\r\n\r\n\r\n\r\n\r\n\r\n\r\n\r\n\r\n\r\n\r\n\r\n\r\n\r\n\r\n\r\n\r\n\r\n\r\n\r\n\r\n\r\n\r\n\r\n\r\n\r\n\r\n\r\n\r\n\r\n\r\n\r\n\r\n\r\n\r\n\r\n\r\n\r\n\r\n\r\n\r\n\r\n\r\n\r\n\r\n\r\n\r\n\r\n\r\n\r\n\r\n\r\n\r\n\r\n\r\n\r\n\r\n\r\n\r\n\r\n\r\n\r\n\r\n\r\n\r\n\r\n\r\n\r\n\r\n\r\n\r\n\r\n\r\n\r\n\r\n\r\n\r\n\r\n\r\n\r\n\r\n\r\n\r\n\r\n\r\n\r\n\r\n\r\n\r\n\r\n\r\n\r\n\r\n\r\n\r\n\r\n\r\n\r\n\r\n\r\n\r\n\r\n\r\n\r\n\r\n\r\n\r\n\r\n\r\nAssunto: Mat\u00e9ria aprovada na 17\u00aa Reuni\u00e3o Ordin\u00e1ria da C\u00e2mara Municipal de  Pedro Leopoldo, realizada em 12 de junho de 2023."}, {"id": "22452", "ano": "2023", "numero": "127", "tipo__sigla": "OF", "tipo__descricao": "Of\u00edcio", "autoria": "", "texto_original": "http://sapl.pedroleopoldo.mg.leg.br/media/sapl/public/materialegislativa/2023/22452/oficio_127-2023.pdf", "ementa": "Ilmo.Sr(a)\r\nAnt\u00f4nio Glic\u00e9rio Magalh\u00e3es,\r\nMarlene Felipe Pereira Magalh\u00e3es e sua Fam\u00edlia \r\n\r\n\r\n\r\n\r\n\r\n\r\n\r\n\r\n\r\n\r\n\r\n\r\n\r\n\r\n\r\n\r\n\r\n\r\n\r\n\r\n\r\n\r\n\r\n\r\n\r\n\r\n\r\n\r\n\r\n\r\n\r\n\r\n\r\n\r\n\r\n\r\n\r\n\r\n\r\n\r\n\r\n\r\n\r\n\r\n\r\n\r\n\r\n\r\n\r\n\r\n\r\n\r\n\r\n\r\n\r\n\r\n\r\n\r\n\r\n\r\n\r\n\r\n\r\n\r\n\r\n\r\n\r\n\r\n\r\n\r\n\r\n\r\n\r\n\r\n\r\n\r\n\r\n\r\n\r\n\r\n\r\n\r\n\r\n\r\n\r\n\r\n\r\nAssunto: Voto de pesar pelo falecimento de sua filha, Sabrina Jord\u00e2nia Magalh\u00e3es."}, {"id": "22453", "ano": "2023", "numero": "128", "tipo__sigla": "OF", "tipo__descricao": "Of\u00edcio", "autoria": "", "texto_original": "http://sapl.pedroleopoldo.mg.leg.br/media/sapl/public/materialegislativa/2023/22453/oficio_128-2023.pdf", "ementa": "Ilmo. Sr\r\nAgostinho Alves de Moura e Fam\u00edlia \r\n\r\n\r\n\r\n\r\n\r\n\r\n\r\n\r\n\r\n\r\n\r\n\r\n\r\n\r\n\r\n\r\n\r\n\r\n\r\n\r\n\r\n\r\n\r\n\r\n\r\n\r\n\r\n\r\n\r\n\r\n\r\n\r\n\r\n\r\n\r\n\r\n\r\n\r\n\r\n\r\n\r\n\r\n\r\n\r\n\r\n\r\n\r\n\r\n\r\n\r\n\r\n\r\n\r\n\r\n\r\n\r\n\r\n\r\n\r\n\r\n\r\n\r\n\r\n\r\n\r\n\r\n\r\n Assunto: Voto de pesar pelo falecimento de seu irm\u00e3o , Daniel Alves ."}, {"id": "22454", "ano": "2023", "numero": "129", "tipo__sigla": "OF", "tipo__descricao": "Of\u00edcio", "autoria": "", "texto_original": "http://sapl.pedroleopoldo.mg.leg.br/media/sapl/public/materialegislativa/2023/22454/oficio_129-2023.pdf", "ementa": "Ilma. Sra \r\nFabiani Vieira Valadares e Fam\u00edlia \r\n\r\n\r\n\r\n\r\n\r\n\r\n\r\n\r\n\r\n\r\n\r\n\r\n\r\n\r\n\r\n\r\n\r\n\r\n\r\n\r\n\r\n\r\n\r\n\r\n\r\n\r\n\r\n\r\n\r\n\r\n\r\n\r\n\r\n\r\n\r\n\r\n\r\n\r\n\r\n\r\n\r\n\r\n\r\n\r\n\r\n\r\n\r\n\r\n\r\n\r\n\r\n\r\n\r\n\r\n\r\n\r\n\r\n\r\n\r\n\r\n\r\n\r\n\r\n\r\nAssunto: Voto de pesar pelo falecimento de sua m\u00e3e, Sra. Geralda Vieira Rocha."}, {"id": "22455", "ano": "2023", "numero": "130", "tipo__sigla": "OF", "tipo__descricao": "Of\u00edcio", "autoria": "", "texto_original": "http://sapl.pedroleopoldo.mg.leg.br/media/sapl/public/materialegislativa/2023/22455/oficio_130-2023.pdf", "ementa": "Ilmo. Sr\r\nWelligton Nunes da Silva e Fam\u00edlia \r\n\r\n\r\n\r\n\r\n\r\n\r\n\r\n\r\n\r\n\r\n\r\n\r\n\r\n\r\n\r\n\r\n\r\n\r\n\r\n\r\n\r\n\r\n\r\n\r\n\r\n\r\n\r\n\r\n\r\n\r\n\r\n\r\n\r\n\r\n\r\n\r\n\r\n\r\n\r\n\r\n\r\n\r\n\r\n\r\n\r\n\r\n\r\n\r\n\r\n\r\n\r\n\r\n\r\n\r\n\r\n\r\nAssunto: Voto de pesar pelo falecimento de seu pai, Sr. Sebasti\u00e3o Ferreira da Silva."}, {"id": "22456", "ano": "2023", "numero": "131", "tipo__sigla": "OF", "tipo__descricao": "Of\u00edcio", "autoria": "", "texto_original": "http://sapl.pedroleopoldo.mg.leg.br/media/sapl/public/materialegislativa/2023/22456/oficio_131_-2023.pdf", "ementa": "Ilma. Sra\r\nFrancisca Regina de Jesus Costa e Fam\u00edlia \r\n\r\n\r\n\r\n\r\n\r\n\r\n\r\n\r\n\r\n\r\n\r\n\r\n\r\n\r\n\r\n\r\n\r\n\r\n\r\n\r\n\r\n\r\n\r\n\r\n\r\n\r\n\r\n\r\n\r\n\r\n\r\n\r\n\r\n\r\n\r\n\r\n\r\n\r\n\r\n\r\n\r\n\r\n\r\n\r\n\r\n\r\n\r\n\r\n\r\n\r\n\r\n\r\n\r\n\r\n\r\n\r\n\r\n\r\n\r\n\r\n\r\n\r\n\r\n\r\n\r\n\r\n\r\n\r\n\r\n\r\n\r\n\r\n\r\n\r\n\r\n\r\n\r\n\r\n\r\n\r\n\r\n\r\n\r\n\r\n\r\n\r\n\r\n\r\n\r\n\r\n\r\n\r\n\r\n\r\n\r\n\r\n\r\n\r\n\r\nAssunto: Voto de pesar pelo falecimento de sua m\u00e3e, Sra. Terezinha de Jesus Rocha ."}, {"id": "22457", "ano": "2023", "numero": "133", "tipo__sigla": "OF", "tipo__descricao": "Of\u00edcio", "autoria": "", "texto_original": "http://sapl.pedroleopoldo.mg.leg.br/media/sapl/public/materialegislativa/2023/22457/oficio_133-2023.pdf", "ementa": "Exma. Sra\r\nEloisa Helena Carvalho de Freitas Pereira \r\nPrefeita Municipal\r\nPedro Leopoldo/MG\r\n\r\n\r\n\r\n\r\n\r\n\r\n\r\n\r\n\r\n\r\n\r\n\r\n\r\n\r\n\r\n\r\n\r\n\r\n\r\n\r\n\r\n\r\n\r\n\r\n\r\n\r\n\r\n\r\n\r\n\r\n\r\n\r\n\r\n\r\n\r\n\r\n\r\n\r\n\r\n\r\n\r\n\r\n\r\n\r\n\r\n\r\n\r\n\r\n\r\n\r\n\r\n\r\n\r\n\r\n\r\n\r\n\r\n\r\n\r\n\r\n\r\n\r\n\r\n\r\n\r\n\r\n\r\n\r\n\r\n\r\n\r\n\r\n\r\n\r\n\r\n\r\n\r\n\r\n\r\n\r\n\r\n\r\n\r\n\r\n\r\n\r\nAssunto: Mat\u00e9ria aprovada na 18\u00aa Reuni\u00e3o Ordin\u00e1ria da C\u00e2mara Municipal de Pedro Leopoldo, realizada em 19 de junho de 2023."}, {"id": "22458", "ano": "2023", "numero": "134", "tipo__sigla": "OF", "tipo__descricao": "Of\u00edcio", "autoria": "", "texto_original": "http://sapl.pedroleopoldo.mg.leg.br/media/sapl/public/materialegislativa/2023/22458/oficio_134-2023.pdf", "ementa": "Ilma. Sra.\r\nDoraci Moreira dos Santos e Fam\u00edlia \r\n\r\n\r\n\r\n\r\n\r\n\r\n\r\n\r\n\r\n\r\n\r\n\r\n\r\n\r\n\r\n\r\n\r\n\r\n\r\n\r\n\r\n\r\n\r\n\r\n\r\n\r\n\r\n\r\n\r\n\r\n\r\n\r\n\r\n\r\n\r\n\r\n\r\n\r\n\r\n\r\n\r\n\r\n\r\n\r\n\r\n\r\n\r\n\r\n\r\n\r\n\r\n\r\n\r\n\r\n\r\n\r\n\r\n\r\n\r\n\r\n\r\nAssunto: Voto de pesar pelo falecimento de seu filho, Milton dos Santos J\u00fanior."}, {"id": "22459", "ano": "2023", "numero": "135", "tipo__sigla": "OF", "tipo__descricao": "Of\u00edcio", "autoria": "", "texto_original": "http://sapl.pedroleopoldo.mg.leg.br/media/sapl/public/materialegislativa/2023/22459/oficio_135-2023.pdf", "ementa": "Ilmo.Sr\r\nJos\u00e9 Expedito Pacheco e fam\u00edlia \r\n\r\n\r\n\r\n\r\n\r\n\r\n\r\n\r\n\r\n\r\n\r\n\r\n\r\n\r\n\r\n\r\n\r\n\r\n\r\n\r\n\r\n\r\n\r\n\r\n\r\n\r\n\r\n\r\n\r\n\r\n\r\n\r\n\r\n\r\n\r\n\r\n\r\n\r\n\r\n\r\n\r\n\r\n\r\n\r\n\r\n\r\n\r\n\r\n\r\n\r\n\r\n\r\n\r\n\r\n\r\n\r\n\r\n\r\n\r\n\r\n\r\n\r\n\r\n\r\n\r\n\r\n\r\n\r\n\r\n Assunto: Voto de pesar pelo falecimento de sua esposa, Sra. Dail Fagundes Pacheco ."}, {"id": "22498", "ano": "2023", "numero": "137", "tipo__sigla": "OF", "tipo__descricao": "Of\u00edcio", "autoria": "", "texto_original": "http://sapl.pedroleopoldo.mg.leg.br/media/sapl/public/materialegislativa/2023/22498/oficio_173-2023.pdf", "ementa": "Ilma. Sra\r\nCl\u00e9ria Maria da Silva e Fam\u00edlia \r\n\r\n\r\n\r\n\r\n\r\n\r\n\r\n\r\n\r\n\r\n\r\n\r\n\r\n\r\n\r\n\r\n\r\n\r\n\r\n\r\n\r\n\r\n\r\n\r\n\r\n\r\n\r\n\r\n\r\n\r\n\r\n\r\n\r\n\r\n\r\n\r\n\r\n\r\n\r\n\r\n\r\n\r\n\r\n\r\n\r\n\r\n\r\n\r\n\r\n\r\n\r\n\r\n\r\n\r\n\r\n\r\n\r\n\r\n\r\n\r\n\r\n\r\n\r\n\r\n\r\n\r\n\r\n\r\n\r\n\r\n\r\n\r\n\r\n\r\n\r\n\r\n\r\n\r\n\r\n\r\n\r\n\r\n\r\n\r\n\r\n\r\n\r\n\r\n\r\n\r\n\r\n\r\n\r\n\r\n\r\n\r\n\r\n\r\n\r\n\r\n\r\n\r\n\r\n\r\n\r\n\r\n\r\n\r\n\r\n\r\n\r\n\r\n\r\n\r\n\r\n\r\n\r\n\r\nAssunto: Voto de pesar pelo falecimento do saudoso, Jos\u00e9 Alves de Oliveira."}, {"id": "22466", "ano": "2023", "numero": "138", "tipo__sigla": "OF", "tipo__descricao": "Of\u00edcio", "autoria": "", "texto_original": "http://sapl.pedroleopoldo.mg.leg.br/media/sapl/public/materialegislativa/2023/22466/oficio_138-2023.pdf", "ementa": "Exma. Sra.\r\nEloisa Helena Carvalho de Freitas Pereira \r\nPrefeita Municipal \r\nPedro Leopoldo /MG\r\n\r\n\r\n\r\n\r\n\r\n\r\n\r\n\r\n\r\n\r\n\r\n\r\n\r\n\r\n\r\n\r\n\r\n\r\n\r\n\r\n\r\n\r\n\r\n\r\n\r\n\r\n\r\n\r\n\r\n\r\n\r\n\r\n\r\n\r\n\r\n\r\n\r\n\r\n\r\n\r\n\r\n\r\n\r\n\r\n\r\n\r\n\r\n\r\n\r\n\r\n\r\n\r\n\r\n\r\n\r\n\r\n\r\n\r\n\r\n\r\n\r\n\r\n\r\n\r\n\r\n\r\n\r\n\r\n\r\n\r\n\r\n\r\n\r\n\r\n\r\n\r\n\r\n\r\n\r\n\r\n\r\n\r\n\r\nAssunto: Projeto de remanejamento de Emendas Parlamentares"}, {"id": "22467", "ano": "2023", "numero": "140", "tipo__sigla": "OF", "tipo__descricao": "Of\u00edcio", "autoria": "", "texto_original": "http://sapl.pedroleopoldo.mg.leg.br/media/sapl/public/materialegislativa/2023/22467/oficio_140-2023.pdf", "ementa": "Exma. Sra\r\nEloisa Helena Carvalho de Freitas Pereira \r\nPrefeita Municipal \r\nPedro Leopoldo/MG\r\n\r\n\r\n\r\n\r\n\r\n\r\n\r\n\r\n\r\n\r\n\r\n\r\n\r\n\r\n\r\n\r\n\r\n\r\n\r\n\r\n\r\n\r\n\r\n\r\n\r\n\r\n\r\n\r\n\r\n\r\n\r\n\r\n\r\n\r\n\r\n\r\n\r\n\r\n\r\n\r\n\r\n\r\n\r\n\r\n\r\n\r\n\r\n\r\n\r\n\r\n\r\n\r\n\r\n\r\n\r\n\r\n\r\n\r\n\r\n\r\n\r\n\r\n\r\n\r\n\r\n\r\n\r\n\r\n\r\n\r\n\r\n\r\nAssunto: Mat\u00e9ria aprovada na 19\u00aa Reuni\u00e3o Ordin\u00e9ria da C\u00e2mara Municipal de Pedro Leopoldo, realizada em 26 de junho de 2023."}, {"id": "22468", "ano": "2023", "numero": "141", "tipo__sigla": "OF", "tipo__descricao": "Of\u00edcio", "autoria": "", "texto_original": "http://sapl.pedroleopoldo.mg.leg.br/media/sapl/public/materialegislativa/2023/22468/oficio_141-2023.pdf", "ementa": "Ilam.Sra\r\nClarice Batista de Lima e Familiares \r\n\r\n\r\n\r\n\r\n\r\n\r\n\r\n\r\n\r\n\r\n\r\n\r\n\r\n\r\n\r\n\r\n\r\n\r\n\r\n\r\n\r\n\r\n\r\n\r\n\r\n\r\n\r\n\r\n\r\n\r\n\r\n\r\n\r\n\r\n\r\n\r\n\r\n\r\n\r\n\r\n\r\n\r\n\r\n\r\n\r\n\r\n\r\n\r\n\r\n\r\n\r\n\r\n\r\n\r\n\r\n\r\n\r\n\r\n\r\n\r\n\r\n\r\n\r\n\r\n\r\n\r\n\r\n\r\n\r\n\r\n\r\n\r\n\r\n\r\n\r\n\r\n\r\n\r\n\r\n\r\n\r\n\r\n\r\n\r\n\r\n\r\n\r\n\r\n\r\n\r\n\r\n\r\n\r\n\r\nAssunto: Voto de pesar pelo falecimento da Sra. Waldezina Batista de Lima."}, {"id": "22469", "ano": "2023", "numero": "142", "tipo__sigla": "OF", "tipo__descricao": "Of\u00edcio", "autoria": "", "texto_original": "http://sapl.pedroleopoldo.mg.leg.br/media/sapl/public/materialegislativa/2023/22469/oficio_142-2023.pdf", "ementa": "Ilmo. Sr\r\nRenato Pereira e Familiares\r\n\r\n\r\n\r\n\r\n\r\n\r\n\r\n\r\n\r\n\r\n\r\n\r\n\r\n\r\n\r\n\r\n\r\n\r\n\r\n\r\n\r\n\r\n\r\n\r\n\r\n\r\n\r\n\r\n\r\n\r\n\r\n\r\n\r\n\r\n\r\n\r\n\r\n\r\n\r\n\r\n\r\n\r\n\r\n\r\n\r\n\r\n\r\n\r\n\r\n\r\n\r\n\r\n\r\n\r\n\r\n\r\n\r\n\r\n\r\n\r\n\r\n\r\n\r\n\r\n\r\n\r\n\r\n\r\n\r\n\r\n\r\n\r\n\r\n\r\n\r\n\r\n\r\nAssunto: Voto de pesar pelo falecimento do seu saudoso pai Sr, Geraldo Isabel Pereira."}, {"id": "22470", "ano": "2023", "numero": "143", "tipo__sigla": "OF", "tipo__descricao": "Of\u00edcio", "autoria": "", "texto_original": "http://sapl.pedroleopoldo.mg.leg.br/media/sapl/public/materialegislativa/2023/22470/oficio_143-2023.pdf", "ementa": "Ilma. Sra \r\nGl\u00f3ria de Jesus Ribeiro e familiares \r\n\r\n\r\n\r\n\r\n\r\n\r\n\r\n\r\n\r\n\r\n\r\n\r\n\r\n\r\n\r\n\r\n\r\n\r\n\r\n\r\n\r\n\r\n\r\n\r\n\r\n\r\n\r\n\r\n\r\n\r\n\r\n\r\n\r\n\r\n\r\n\r\n\r\n\r\n\r\n\r\n\r\n\r\n\r\n\r\n\r\n\r\n\r\n\r\n\r\n\r\n\r\n\r\n\r\n\r\n\r\n\r\n\r\n\r\n\r\n\r\n\r\n\r\n\r\n\r\n\r\n\r\n\r\n\r\n\r\n\r\n\r\n\r\n\r\n\r\n\r\n\r\n\r\n\r\n\r\n\r\n\r\n\r\n\r\n\r\n\r\n\r\n\r\n\r\n\r\n\r\n\r\n\r\n\r\n\r\n\r\n\r\n\r\n\r\n\r\n\r\n\r\nAssunto: Voto de pesar pelo falecimento do seu saudoso pai Sr. Gabriel Ribeiro Sobral."}, {"id": "22471", "ano": "2023", "numero": "144", "tipo__sigla": "OF", "tipo__descricao": "Of\u00edcio", "autoria": "", "texto_original": "http://sapl.pedroleopoldo.mg.leg.br/media/sapl/public/materialegislativa/2023/22471/oficio_144-2023.pdf", "ementa": "Ilma. Sra\r\nMarilene Borges da Silva Andrade e Familiares \r\n\r\n\r\n\r\n\r\n\r\n\r\n\r\n\r\n\r\n\r\n\r\n\r\n\r\n\r\n\r\n\r\n\r\n\r\n\r\n\r\n\r\n\r\n\r\n\r\n\r\n\r\n\r\n\r\n\r\n\r\n\r\n\r\n\r\n\r\n\r\n\r\n\r\n\r\n\r\n\r\n\r\n\r\n\r\n\r\n\r\n\r\n\r\n\r\n\r\n\r\n\r\n\r\n\r\n\r\n\r\n\r\n\r\n\r\n\r\n\r\n\r\n\r\n\r\n\r\n\r\n\r\n\r\n\r\n\r\nAssunto: Voto de pesar pelo falecimento do seu saudoso pai, Sr. Manoel Gomes da Silva."}, {"id": "22472", "ano": "2023", "numero": "145", "tipo__sigla": "OF", "tipo__descricao": "Of\u00edcio", "autoria": "", "texto_original": "http://sapl.pedroleopoldo.mg.leg.br/media/sapl/public/materialegislativa/2023/22472/oficio_145-2023.pdf", "ementa": "Ilma. Sra \r\nVera Ferreira Gomes e Familiares \r\n\r\n\r\n\r\n\r\n\r\n\r\n\r\n\r\n\r\n\r\n\r\n\r\n\r\n\r\n\r\n\r\n\r\n\r\n\r\n\r\n\r\n\r\n\r\n\r\n\r\n\r\n\r\n\r\n\r\n\r\n\r\n\r\n\r\n\r\n\r\n\r\n\r\n\r\n\r\n\r\n\r\n\r\n\r\n\r\n\r\n\r\n\r\n\r\n\r\n\r\n\r\n\r\n\r\n\r\n\r\n\r\n\r\n\r\n\r\n\r\n\r\n\r\n\r\n\r\n\r\n\r\n\r\n\r\n\r\n\r\n\r\n\r\n\r\n\r\n\r\n\r\n\r\n\r\n\r\n\r\n\r\n\r\n\r\n\r\n\r\n\r\n\r\n\r\n\r\n\r\n\r\n\r\n\r\n\r\n\r\nAssunto: Voto de pesar pelo falecimento do seu saudoso esposo Sr. Eun\u00edcio Geraldo Gomes."}, {"id": "22473", "ano": "2023", "numero": "146", "tipo__sigla": "OF", "tipo__descricao": "Of\u00edcio", "autoria": "", "texto_original": "http://sapl.pedroleopoldo.mg.leg.br/media/sapl/public/materialegislativa/2023/22473/oficio_146-2023.pdf", "ementa": "Ilma. Sra\r\nFl\u00e1via Alice Rosa e Familiares \r\n\r\n\r\n\r\n\r\n\r\n\r\n\r\n\r\n\r\n\r\n\r\n\r\n\r\n\r\n\r\n\r\n\r\n\r\n\r\n\r\n\r\n\r\n\r\n\r\n\r\n\r\n\r\n\r\n\r\n\r\n\r\n\r\n\r\n\r\n\r\n\r\n\r\n\r\n\r\n\r\n\r\n\r\n\r\n\r\n\r\n\r\n\r\n\r\n\r\n\r\n\r\n\r\n\r\n\r\n\r\n\r\n\r\n\r\n\r\n\r\n\r\n\r\n\r\n\r\n\r\n\r\n\r\n\r\n\r\n\r\n\r\n\r\n\r\n\r\n\r\n\r\n\r\n\r\n\r\n\r\n\r\n\r\n\r\n\r\n\r\n\r\n\r\n\r\n\r\n\r\n\r\n\r\n\r\n\r\n\r\n\r\n\r\n\r\nAssunto: Voto de pesar pelo falecimento do seu saudoso pai, Sr. Eun\u00edcio Geraldo Gomes."}, {"id": "22474", "ano": "2023", "numero": "147", "tipo__sigla": "OF", "tipo__descricao": "Of\u00edcio", "autoria": "", "texto_original": "http://sapl.pedroleopoldo.mg.leg.br/media/sapl/public/materialegislativa/2023/22474/oficio_147_-_2023.pdf", "ementa": "Ilmo.Sr\r\nSilmar Cardeal Pereira e Familiares \r\n\r\n\r\n\r\n\r\n\r\n\r\n\r\n\r\n\r\n\r\n\r\n\r\n\r\n\r\n\r\n\r\n\r\n\r\n\r\n\r\n\r\n\r\n\r\n\r\n\r\n\r\n\r\n\r\n\r\n\r\n\r\n\r\n\r\n\r\n\r\n\r\n\r\n\r\n\r\n\r\n\r\n\r\n\r\n\r\n\r\n\r\n\r\n\r\n\r\n\r\n\r\n\r\n\r\n\r\n\r\n\r\n\r\n\r\n\r\n\r\n\r\n\r\n\r\n\r\n\r\n\r\n\r\n\r\n\r\n\r\n\r\n\r\n\r\n\r\n\r\n\r\n\r\n\r\n\r\n\r\n\r\n\r\n\r\n\r\n\r\n\r\n\r\n\r\n\r\n\r\n\r\n\r\n\r\n\r\n\r\n\r\n\r\n\r\n\r\n\r\n\r\n\r\nAssunto: Voto de pesar pelo falecimento do seu saudoso pai Sr. Imar Andrade Pereira."}, {"id": "22475", "ano": "2023", "numero": "149", "tipo__sigla": "OF", "tipo__descricao": "Of\u00edcio", "autoria": "", "texto_original": "http://sapl.pedroleopoldo.mg.leg.br/media/sapl/public/materialegislativa/2023/22475/oficio_149-2023.pdf", "ementa": "Exma. Sra\r\nEloisa Helena Carvalho de Freitas Pereira \r\nPrefeita Municipal \r\nPedro Leopoldo/MG\r\n\r\n\r\n\r\n\r\n\r\n\r\n\r\n\r\n\r\n\r\n\r\n\r\n\r\n\r\n\r\n\r\n\r\n\r\n\r\n\r\n\r\n\r\n\r\n\r\n\r\n\r\n\r\n\r\n\r\n\r\n\r\n\r\n\r\n\r\n\r\n\r\n\r\n\r\n\r\n\r\n\r\n\r\n\r\n\r\n\r\n\r\n\r\n\r\n\r\n\r\n\r\n\r\n\r\n\r\n\r\n\r\n\r\n\r\n\r\n\r\n\r\n\r\n\r\n\r\n\r\n\r\n\r\n\r\n\r\n\r\n\r\n\r\n\r\n\r\n\r\n\r\n\r\n\r\n\r\n\r\n\r\n\r\n\r\n\r\n\r\n\r\n\r\n\r\n\r\n\r\n\r\n\r\n\r\n\r\n\r\n\r\n\r\n\r\n\r\n\r\n\r\n\r\n\r\n\r\n\r\n\r\n\r\n\r\n\r\n\r\n\r\n\r\n\r\n\r\n\r\n\r\n\r\n\r\n\r\n\r\n\r\n\r\n\r\n\r\n\r\n\r\n\r\n\r\n\r\n\r\n\r\n\r\n\r\n\r\n\r\n\r\n\r\n\r\n\r\n\r\n\r\n\r\n\r\n\r\n\r\n\r\n\r\n\r\n\r\n\r\n\r\n\r\nAssunto: Mat\u00e9ria aprovada na 20\u00aa Reuni\u00e3o Ordin\u00e1ria da C\u00e2mara Municipal de Pedro Leopoldo, realizada e 03 de julho de 2023."}, {"id": "22477", "ano": "2023", "numero": "150", "tipo__sigla": "OF", "tipo__descricao": "Of\u00edcio", "autoria": "", "texto_original": "http://sapl.pedroleopoldo.mg.leg.br/media/sapl/public/materialegislativa/2023/22477/oficio_150-2023.pdf", "ementa": "Exmo. Sr\r\nFrederico Henrique Cota Alves e Fam\u00edlia \r\nVereador C\u00e2mara Municipal \r\nPedro Leopoldo/ MG\r\n\r\n\r\n\r\n\r\n\r\n\r\n\r\n\r\n\r\n\r\n\r\n\r\n\r\n\r\n\r\n\r\n\r\n\r\n\r\n\r\n\r\n\r\n\r\n\r\n\r\n\r\n\r\n\r\n\r\n\r\n\r\n\r\n\r\n\r\n\r\n\r\n\r\n\r\n\r\n\r\n\r\n\r\n\r\n\r\n\r\n\r\n\r\n\r\n\r\n\r\n\r\n\r\n\r\n\r\n\r\n\r\n\r\n\r\n\r\n\r\n\r\n\r\n\r\n\r\n\r\n\r\n\r\n\r\n\r\n\r\n\r\n\r\n\r\n\r\n\r\n\r\n\r\n\r\n\r\n\r\n\r\n\r\n\r\n\r\n\r\n\r\n\r\n\r\n\r\n\r\n\r\n\r\n\r\n\r\n\r\n\r\n\r\n\r\n\r\n\r\n\r\n\r\n\r\n\r\n\r\n\r\n\r\n\r\n\r\n\r\n\r\n\r\n\r\n\r\n\r\n\r\n\r\n\r\n\r\n\r\nAssunto: Voto de pesar pelo falecimento do seu saudoso tio, Sr. Adegilson Alves ."}, {"id": "22478", "ano": "2023", "numero": "151", "tipo__sigla": "OF", "tipo__descricao": "Of\u00edcio", "autoria": "", "texto_original": "http://sapl.pedroleopoldo.mg.leg.br/media/sapl/public/materialegislativa/2023/22478/oficio_151-2023.pdf", "ementa": "\u00c0 Senhora \r\nAndrea Melo Garcia de Oliveira \r\nCoordenadora do Lanagro\r\n\r\n\r\n\r\n\r\n\r\n\r\n\r\n\r\n\r\n\r\n\r\n\r\n\r\n\r\n\r\n\r\n\r\n\r\n\r\n\r\n\r\n\r\n\r\n\r\n\r\n\r\n\r\n\r\n\r\n\r\n\r\n\r\n\r\n\r\n\r\n\r\n\r\n\r\n\r\n\r\n\r\n\r\n\r\n\r\n\r\n\r\n\r\n\r\n\r\n\r\n\r\n\r\n\r\n\r\n\r\n\r\n\r\n\r\n\r\n\r\n\r\n\r\n\r\n\r\n\r\n\r\n\r\n\r\n\r\n\r\n\r\n\r\n\r\n\r\n\r\n\r\n\r\n\r\n\r\n\r\n\r\n\r\n\r\n\r\n\r\n\r\n\r\n\r\n\r\n\r\n\r\n\r\n\r\n\r\n\r\n\r\n\r\n\r\n\r\n\r\n\r\n\r\n\r\n\r\n\r\n\r\n\r\n\r\n\r\n\r\n\r\n\r\n\r\nAssunto: Agradecimento"}, {"id": "22479", "ano": "2023", "numero": "154", "tipo__sigla": "OF", "tipo__descricao": "Of\u00edcio", "autoria": "", "texto_original": "http://sapl.pedroleopoldo.mg.leg.br/media/sapl/public/materialegislativa/2023/22479/oficio_154-2023.pdf", "ementa": "Exma. Sra \r\nEloisa Helena Carvalho de Freitas Pereira \r\nPrefeita Municipal \r\nPedro Leopoldo/MG\r\n\r\n\r\n\r\n\r\n\r\n\r\n\r\n\r\n\r\n\r\n\r\n\r\n\r\n\r\n\r\n\r\n\r\n\r\n\r\n\r\n\r\n\r\n\r\n\r\n\r\n\r\n\r\n\r\n\r\n\r\n\r\n\r\n\r\n\r\n\r\n\r\n\r\n\r\n\r\n\r\n\r\n\r\n\r\n\r\n\r\n\r\n\r\n\r\n\r\n\r\n\r\n\r\n\r\n\r\n\r\n\r\n\r\n\r\n\r\n\r\n\r\n\r\n\r\n\r\n\r\n\r\n\r\n\r\n\r\n\r\n\r\n\r\n\r\n\r\n\r\n\r\n\r\n\r\n\r\n\r\n\r\n\r\n\r\n\r\n\r\n\r\n\r\n\r\n\r\n\r\n\r\n\r\n\r\n\r\n\r\n\r\n\r\n\r\n\r\n\r\n\r\n\r\n\r\n\r\n\r\n\r\n\r\n\r\n\r\n\r\n\r\n\r\n\r\n\r\n\r\n\r\n\r\n\r\n\r\n\r\n\r\n\r\n\r\n\r\n\r\n\r\n\r\n\r\n\r\n\r\n\r\n\r\n\r\n\r\n\r\n\r\n\r\n\r\n\r\n\r\nAssunto: Mat\u00e9ria aprovada na 21\u00aa Reuni\u00e3o Ordin\u00e1ria da C\u00e2mara Municipal de Pedro Leopoldo, realizada em 10 de Julho de 2023."}, {"id": "22480", "ano": "2023", "numero": "155", "tipo__sigla": "OF", "tipo__descricao": "Of\u00edcio", "autoria": "", "texto_original": "http://sapl.pedroleopoldo.mg.leg.br/media/sapl/public/materialegislativa/2023/22480/oficio_155-2023.pdf", "ementa": "Ilma. Sra .\r\nMarlene Ferreira Gomes e Fam\u00edlia\r\n\r\n\r\n\r\n\r\n\r\n\r\n\r\n\r\n\r\n\r\n\r\n\r\n\r\n\r\n\r\n\r\n\r\n\r\n\r\n\r\n\r\n\r\n\r\n\r\n\r\n\r\n\r\n\r\n\r\n\r\n\r\n\r\n\r\n\r\n\r\n\r\n\r\n\r\n\r\n\r\n\r\n\r\n\r\n\r\n\r\n\r\n\r\n\r\n\r\n\r\n\r\n\r\n\r\n\r\n\r\n\r\n\r\n\r\n\r\n\r\n\r\n\r\n\r\n\r\n\r\n\r\n\r\n\r\n\r\n\r\n\r\n\r\n\r\n\r\n\r\n\r\n\r\n\r\n\r\n\r\n\r\n\r\n\r\n\r\n\r\n\r\n\r\n\r\n\r\n\r\n\r\n\r\n\r\n\r\n\r\n\r\n\r\n\r\n\r\n\r\n\r\n\r\nAssunto: Voto de pesar pelo falecimento do seu saudoso esposo, Sr. Manoel Magela Gomes."}, {"id": "22481", "ano": "2023", "numero": "156", "tipo__sigla": "OF", "tipo__descricao": "Of\u00edcio", "autoria": "", "texto_original": "http://sapl.pedroleopoldo.mg.leg.br/media/sapl/public/materialegislativa/2023/22481/oficio_156-2023.pdf", "ementa": "Ilma. Sra.\r\nSilvia de Oliveira Santos e Fam\u00edlia \r\n\r\n\r\n\r\n\r\n\r\n\r\n\r\n\r\n\r\n\r\n\r\n\r\n\r\n\r\n\r\n\r\n\r\n\r\n\r\n\r\n\r\n\r\n\r\n\r\n\r\n\r\n\r\n\r\n\r\n\r\n\r\n\r\n\r\n\r\n\r\n\r\n\r\n\r\n\r\n\r\n\r\n\r\n\r\n\r\n\r\n\r\n\r\n\r\n\r\n\r\n\r\n\r\n\r\n\r\n\r\n\r\n\r\n\r\n\r\n\r\n\r\n\r\n\r\n\r\n\r\n\r\n\r\n\r\n\r\n\r\n\r\n\r\n\r\n\r\n\r\n\r\n\r\n\r\n\r\n\r\n\r\n\r\n\r\n\r\n\r\n\r\n\r\n\r\n\r\n\r\n\r\n\r\n\r\n\r\n\r\n\r\n\r\n\r\n\r\n\r\n\r\n\r\n\r\n\r\n\r\n\r\n\r\n\r\n\r\n\r\n\r\n\r\n\r\n\r\n\r\n\r\n\r\n\r\n\r\n\r\nAssunto: Voto de pesar pelo falecimento da sua saudosa m\u00e3e, Sra. Maria Soares de Oliveira."}, {"id": "22482", "ano": "2023", "numero": "157", "tipo__sigla": "OF", "tipo__descricao": "Of\u00edcio", "autoria": "", "texto_original": "http://sapl.pedroleopoldo.mg.leg.br/media/sapl/public/materialegislativa/2023/22482/oficio_157-2023.pdf", "ementa": "Ilmo. Sr.\r\nGeraldo Anacleto e Fam\u00edlia\r\n\r\n\r\n\r\n\r\n\r\n\r\n\r\n\r\n\r\n\r\n\r\n\r\n\r\n\r\n\r\n\r\n\r\n\r\n\r\n\r\n\r\n\r\n\r\n\r\n\r\n\r\n\r\n\r\n\r\n\r\n\r\n\r\n\r\n\r\n\r\n\r\n\r\n\r\n\r\n\r\n\r\n\r\n\r\n\r\n\r\n\r\n\r\n\r\n\r\n\r\n\r\n\r\n\r\n\r\n\r\n\r\n\r\n\r\n\r\n\r\n\r\n\r\n\r\n\r\n\r\n\r\n\r\n\r\n\r\n\r\n\r\n\r\n\r\n\r\n\r\n\r\n\r\n\r\n\r\n\r\n\r\n\r\n\r\n\r\n\r\n\r\n\r\n\r\n\r\n\r\n\r\n\r\n\r\n\r\n\r\n\r\n\r\n\r\n\r\n\r\n\r\n\r\n\r\n\r\n\r\nAssunto: Voto de pesar pelo falecimento da sua esposa , Sra. Isolina da Silva Anacleto."}, {"id": "22483", "ano": "2023", "numero": "158", "tipo__sigla": "OF", "tipo__descricao": "Of\u00edcio", "autoria": "", "texto_original": "http://sapl.pedroleopoldo.mg.leg.br/media/sapl/public/materialegislativa/2023/22483/oficio_158-2023.pdf", "ementa": "Ilmo. Sr\r\nThiago Moura e Fam\u00edlia \r\n\r\n\r\n\r\n\r\n\r\n\r\n\r\n\r\n\r\n\r\n\r\n\r\n\r\n\r\n\r\n\r\n\r\n\r\n\r\n\r\n\r\n\r\n\r\n\r\n\r\n\r\n\r\n\r\n\r\n\r\n\r\n\r\n\r\n\r\n\r\n\r\n\r\n\r\n\r\n\r\n\r\n\r\n\r\n\r\n\r\n\r\n\r\n\r\n\r\n\r\n\r\n\r\n\r\n\r\n\r\n\r\n\r\n\r\n\r\n\r\n\r\n\r\n\r\n\r\n\r\n\r\n\r\n\r\n\r\n\r\n\r\n\r\n\r\n\r\n\r\n\r\n\r\n\r\n\r\n\r\n\r\n\r\n\r\n\r\n\r\n\r\n\r\n\r\n\r\n\r\n\r\n\r\n\r\n\r\n\r\n\r\n\r\n\r\n\r\n\r\n\r\n\r\n\r\n\r\n\r\n\r\n\r\n\r\n\r\n\r\n\r\n\r\n\r\n\r\n\r\n\r\n\r\n\r\n\r\n\r\n\r\n\r\n\r\n\r\n\r\nAssunto: Voto de pesar pelo falecimento do seu saudoso pai, Sr. Ronaldo Celso de Oliveira."}, {"id": "22484", "ano": "2023", "numero": "159", "tipo__sigla": "OF", "tipo__descricao": "Of\u00edcio", "autoria": "", "texto_original": "http://sapl.pedroleopoldo.mg.leg.br/media/sapl/public/materialegislativa/2023/22484/oficio_159-2023.pdf", "ementa": "Ilmo. Sr.\r\nJos\u00e9 Euz\u00e9bio de Oliveira e Irm\u00e3os \r\n\r\n\r\n\r\n\r\n\r\n\r\n\r\n\r\n\r\n\r\n\r\n\r\n\r\n\r\n\r\n\r\n\r\n\r\n\r\n\r\n\r\n\r\n\r\n\r\n\r\n\r\n\r\n\r\n\r\n\r\n\r\n\r\n\r\n\r\n\r\n\r\n\r\n\r\n\r\n\r\n\r\n\r\n\r\n\r\n\r\n\r\n\r\n\r\n\r\n\r\n\r\n\r\n\r\n\r\n\r\n\r\n\r\n\r\n\r\n\r\n\r\n\r\n\r\n\r\n\r\n\r\n\r\n\r\n\r\n\r\n\r\n\r\n\r\n\r\n\r\n\r\n\r\n\r\n\r\n\r\n\r\n\r\n\r\n\r\n\r\n\r\n\r\n\r\n\r\n\r\n\r\n\r\n\r\n\r\n\r\n\r\n\r\n\r\n\r\n\r\n\r\n\r\n\r\n\r\n\r\n\r\n\r\n\r\n\r\n\r\n\r\n\r\n\r\n\r\n\r\n\r\n\r\n\r\n\r\n\r\n\r\n\r\n\r\n\r\n\r\n\r\n\r\n\r\n\r\n\r\n\r\n\r\n\r\n\r\nAssunto: Voto de pesar pelo falecimento da saudosa , Sra Dalila Eduardo de Oliveira."}, {"id": "22485", "ano": "2023", "numero": "160", "tipo__sigla": "OF", "tipo__descricao": "Of\u00edcio", "autoria": "", "texto_original": "http://sapl.pedroleopoldo.mg.leg.br/media/sapl/public/materialegislativa/2023/22485/oficio_160-2023.pdf", "ementa": "Ilma. Sra\r\nMargarete Leila da Fonseca e Fam\u00edlia \r\n\r\n\r\n\r\n\r\n\r\n\r\n\r\n\r\n\r\n\r\n\r\n\r\n\r\n\r\n\r\n\r\n\r\n\r\n\r\n\r\n\r\n\r\n\r\n\r\n\r\n\r\n\r\n\r\n\r\n\r\n\r\n\r\n\r\n\r\n\r\n\r\n\r\n\r\n\r\n\r\n\r\n\r\n\r\n\r\n\r\n\r\n\r\n\r\n\r\n\r\n\r\n\r\n\r\n\r\n\r\n\r\n\r\n\r\n\r\n\r\n\r\n\r\n\r\n\r\n\r\n\r\n\r\n\r\n\r\n\r\n\r\n\r\n\r\n\r\n\r\n\r\n\r\n\r\n\r\n\r\n\r\n\r\n\r\n\r\n\r\n\r\n\r\n\r\n\r\n\r\n\r\n\r\n\r\n\r\n\r\n\r\n\r\n\r\n\r\n\r\n\r\n\r\n\r\n\r\n\r\n\r\n\r\n\r\n\r\n\r\n\r\n\r\n\r\n\r\n\r\n\r\n\r\n\r\n\r\n\r\n\r\n\r\n\r\n\r\n\r\n\r\n\r\n\r\n\r\n\r\n\r\n\r\n\r\nAssunto: Voto de pesar pelo falecimento da sua saudosa m\u00e3e, Sra. Alicina Soares da Fonseca."}, {"id": "22488", "ano": "2023", "numero": "162", "tipo__sigla": "OF", "tipo__descricao": "Of\u00edcio", "autoria": "", "texto_original": "http://sapl.pedroleopoldo.mg.leg.br/media/sapl/public/materialegislativa/2023/22488/oficio_162-2023.pdf", "ementa": "Ilmo.Sr\r\nMarcos Vin\u00edcius Silva e Fam\u00edlia \r\n\r\n\r\n\r\n\r\n\r\n\r\n\r\n\r\n\r\n\r\n\r\n\r\n\r\n\r\n\r\n\r\n\r\n\r\n\r\n\r\n\r\n\r\n\r\n\r\n\r\n\r\n\r\n\r\n\r\n\r\n\r\n\r\n\r\n\r\n\r\n\r\n\r\n\r\n\r\n\r\n\r\n\r\n\r\n\r\n\r\n\r\n\r\n\r\n\r\n\r\n\r\n\r\n\r\n\r\n\r\n\r\n\r\n\r\n\r\n\r\n\r\n\r\n\r\n\r\n\r\n\r\n\r\n\r\n\r\n\r\n\r\n\r\n\r\n\r\n\r\n\r\n\r\n\r\n\r\n\r\n\r\n\r\n\r\n\r\n\r\n\r\n\r\n\r\n\r\n\r\n\r\n\r\n\r\n\r\n\r\n\r\n\r\n\r\n\r\n\r\n\r\n\r\n\r\n\r\n\r\n\r\n\r\n\r\n\r\n\r\n\r\n\r\n\r\n\r\n\r\n\r\n\r\n\r\n\r\n\r\n\r\n\r\n\r\n\r\n\r\n\r\nAssunto: Voto de pesar pelo falecimento do seu saudoso pai, Sr M\u00e1rcio Pereira e Silva."}, {"id": "22489", "ano": "2023", "numero": "163", "tipo__sigla": "OF", "tipo__descricao": "Of\u00edcio", "autoria": "", "texto_original": "http://sapl.pedroleopoldo.mg.leg.br/media/sapl/public/materialegislativa/2023/22489/oficio_163-2023.pdf", "ementa": "Ilma. Sra \r\nFernanda de Souza Carvalho e Fam\u00edlia \r\n\r\n\r\n\r\n\r\n\r\n\r\n\r\n\r\n\r\n\r\n\r\n\r\n\r\n\r\n\r\n\r\n\r\n\r\n\r\n\r\n\r\n\r\n\r\n\r\n\r\n\r\n\r\n\r\n\r\n\r\n\r\n\r\n\r\n\r\n\r\n\r\n\r\n\r\n\r\n\r\n\r\n\r\n\r\n\r\n\r\n\r\n\r\n\r\n\r\n\r\n\r\n\r\n\r\n\r\n\r\n\r\n\r\n\r\n\r\n\r\n\r\n\r\n\r\n\r\n\r\n\r\n\r\n\r\n\r\n\r\n\r\n\r\n\r\n\r\n\r\n\r\n\r\n\r\n\r\n\r\n\r\n\r\n\r\n\r\n\r\n\r\n\r\n\r\n\r\n\r\n\r\n\r\n\r\n\r\n\r\n\r\n\r\n\r\n\r\n\r\n\r\n\r\n\r\n\r\n\r\n\r\nAssunto: Voto de pesar pelo falecimento de sua saudosa m\u00e3e, Maria Aparecida Rufina de Carvalho."}, {"id": "22490", "ano": "2023", "numero": "164", "tipo__sigla": "OF", "tipo__descricao": "Of\u00edcio", "autoria": "", "texto_original": "http://sapl.pedroleopoldo.mg.leg.br/media/", "ementa": "Ilma. Sra\r\nMarcela Silva Nunes e Fam\u00edlia \r\n\r\n\r\n\r\n\r\n\r\n\r\n\r\n\r\n\r\n\r\n\r\n\r\n\r\n\r\n\r\n\r\n\r\n\r\n\r\n\r\n\r\n\r\n\r\n\r\n\r\n\r\n\r\n\r\n\r\n\r\n\r\n\r\n\r\n\r\n\r\n\r\n\r\n\r\n\r\n\r\n\r\n\r\n\r\n\r\n\r\n\r\n\r\n\r\n\r\n\r\n\r\n\r\n\r\n\r\n\r\n\r\n\r\n\r\n\r\n\r\n\r\n\r\n\r\n\r\n\r\n\r\n\r\n\r\n\r\n\r\n\r\n\r\n\r\n\r\n\r\n\r\n\r\n\r\n\r\n\r\n\r\n\r\n\r\n\r\n\r\n\r\n\r\n\r\n\r\n\r\n\r\n\r\n\r\n\r\n\r\n\r\n\r\n\r\n\r\n\r\n\r\n\r\n\r\n\r\n\r\n\r\n\r\n\r\n\r\n\r\n\r\n\r\n\r\n\r\n\r\n\r\n\r\nAssunto: Voto de pesar pelo falecimento de sua saudosa m\u00e3e, Maria das Gra\u00e7as Silva Nunes."}, {"id": "22491", "ano": "2023", "numero": "165", "tipo__sigla": "OF", "tipo__descricao": "Of\u00edcio", "autoria": "", "texto_original": "http://sapl.pedroleopoldo.mg.leg.br/media/sapl/public/materialegislativa/2023/22491/oficio_165-2023.pdf", "ementa": "Exma. Sra\r\nEloisa Helena Carvalho de Freitas Pereira \r\nPrefeita Municipal \r\nPedro Leopoldo/MG\r\n\r\n\r\n\r\n\r\n\r\n\r\n\r\n\r\n\r\n\r\n\r\n\r\n\r\n\r\n\r\n\r\n\r\n\r\n\r\n\r\n\r\n\r\n\r\n\r\n\r\n\r\n\r\n\r\n\r\n\r\n\r\n\r\n\r\n\r\n\r\n\r\n\r\n\r\n\r\n\r\n\r\n\r\n\r\n\r\n\r\n\r\n\r\n\r\n\r\n\r\n\r\n\r\n\r\n\r\n\r\n\r\n\r\n\r\n\r\n\r\n\r\n\r\n\r\n\r\n\r\n\r\n\r\n\r\n\r\n\r\n\r\n\r\n\r\n\r\n\r\n\r\n\r\n\r\n\r\n\r\n\r\n\r\n\r\n\r\n\r\n\r\n\r\n\r\n\r\n\r\n\r\n\r\n\r\n\r\n\r\n\r\n\r\n\r\n\r\n\r\n\r\n\r\n\r\n\r\n\r\n\r\n\r\n\r\n\r\n\r\n\r\n\r\n\r\n\r\n\r\n\r\n\r\n\r\n\r\n\r\n\r\n\r\n\r\n\r\n\r\n\r\n\r\n\r\n\r\n\r\n\r\n\r\n\r\nAssunto: Mat\u00e9ria aprovada na 22\u00aa Reuni\u00e3o Ordin\u00e1ria da C\u00e2mara Municipal de Pedro Leopoldo, realizada em 17 de julho de 2023."}, {"id": "22492", "ano": "2023", "numero": "166", "tipo__sigla": "OF", "tipo__descricao": "Of\u00edcio", "autoria": "", "texto_original": "http://sapl.pedroleopoldo.mg.leg.br/media/sapl/public/materialegislativa/2023/22492/oficio_166-2023.pdf", "ementa": "Ilmo. Sr\r\nGeraldo Roberto Dias e Fam\u00edlia \r\n\r\n\r\n\r\n\r\n\r\n\r\n\r\n\r\n\r\n\r\n\r\n\r\n\r\n\r\n\r\n\r\n\r\n\r\n\r\n\r\n\r\n\r\n\r\n\r\n\r\n\r\n\r\n\r\n\r\n\r\n\r\n\r\n\r\n\r\n\r\n\r\n\r\n\r\n\r\n\r\n\r\n\r\n\r\n\r\n\r\n\r\n\r\n\r\n\r\n\r\n\r\n\r\n\r\n\r\n\r\n\r\n\r\n\r\n\r\n\r\n\r\n\r\n\r\n\r\n\r\n\r\n\r\n\r\n\r\n\r\n\r\n\r\n\r\n\r\n\r\n\r\n\r\n\r\n\r\n\r\n\r\n\r\n\r\n\r\n\r\n\r\n\r\n\r\n\r\n\r\n\r\n\r\n\r\n\r\n\r\n\r\n\r\n\r\n\r\n\r\n\r\n\r\n\r\n\r\n\r\n\r\n\r\n\r\n\r\n\r\n\r\n\r\n\r\n\r\n\r\n\r\n\r\n\r\n\r\n\r\n\r\n\r\n\r\n\r\n\r\n\r\n\r\n\r\n\r\n\r\n\r\n\r\n\r\n\r\n\r\n\r\n\r\n\r\n\r\n\r\n\r\n\r\n\r\n\r\n\r\n\r\n\r\n\r\n\r\n\r\n\r\n\r\n\r\n\r\n\r\n\r\n\r\n\r\n\r\n\r\n\r\n\r\n\r\n\r\n\r\n\r\n\r\n\r\n\r\n\r\n\r\n\r\n\r\n\r\n\r\n\r\n\r\n\r\n\r\n\r\n\r\n\r\n\r\n\r\n\r\n\r\n\r\n\r\n\r\n\r\n\r\n\r\n\r\n\r\n\r\n\r\n\r\n\r\n\r\n\r\n\r\n\r\n\r\n\r\n\r\n\r\n\r\n\r\n\r\n\r\n\r\n\r\n\r\n\r\n\r\n\r\n\r\n\r\n\r\n\r\n\r\n\r\n\r\n\r\n\r\n\r\n\r\n\r\n\r\n\r\n\r\n\r\nAssunto: Voto de pesar pelo falecimento de sua esposa , Marli Gon\u00e7alves Dias"}, {"id": "22493", "ano": "2023", "numero": "167", "tipo__sigla": "OF", "tipo__descricao": "Of\u00edcio", "autoria": "", "texto_original": "http://sapl.pedroleopoldo.mg.leg.br/media/sapl/public/materialegislativa/2023/22493/oficio_167-2023.pdf", "ementa": "Ilma. Sra \r\nCec\u00edlia Ferreira e Fam\u00edlia \r\n\r\n\r\n\r\n\r\n\r\n\r\n\r\n\r\n\r\n\r\n\r\n\r\n\r\n\r\n\r\n\r\n\r\n\r\n\r\n\r\n\r\n\r\n\r\n\r\n\r\n\r\n\r\n\r\n\r\n\r\n\r\n\r\n\r\n\r\n\r\n\r\n\r\n\r\n\r\n\r\n\r\n\r\n\r\n\r\n\r\n\r\n\r\n\r\n\r\n\r\n\r\n\r\n\r\n\r\n\r\n\r\n\r\n\r\n\r\n\r\n\r\n\r\n\r\n\r\n\r\n\r\n\r\n\r\n\r\n\r\n\r\n\r\n\r\n\r\n\r\n\r\n\r\n\r\n\r\n\r\n\r\n\r\n\r\n\r\n\r\n\r\n\r\n\r\n\r\n\r\n\r\n\r\n\r\n\r\n\r\n\r\n\r\n\r\n\r\n\r\n\r\n\r\n\r\n\r\n\r\n\r\n\r\n\r\n\r\n\r\n\r\n\r\n\r\n\r\n\r\n\r\n\r\n\r\n\r\n\r\n\r\n\r\n\r\n\r\n\r\n\r\n\r\n\r\n\r\n\r\n\r\n\r\n\r\n\r\n\r\n\r\n\r\n\r\n\r\n\r\n\r\n\r\n\r\n\r\n\r\n\r\n\r\n\r\n\r\nAssunto: Voto de pesar pelo falecimento de seu esposo, Rafael Arcanjo Ferreira."}, {"id": "22494", "ano": "2023", "numero": "168", "tipo__sigla": "OF", "tipo__descricao": "Of\u00edcio", "autoria": "", "texto_original": "http://sapl.pedroleopoldo.mg.leg.br/media/sapl/public/materialegislativa/2023/22494/oficio_168-2023.pdf", "ementa": "Exma. Sra\r\nEloisa Helena Carvalho de Freitas Pereira \r\nPrefeita Municipal \r\nPedro Leopoldo /MG\r\n\r\n\r\n\r\n\r\n\r\n\r\n\r\n\r\n\r\n\r\n\r\n\r\n\r\n\r\n\r\n\r\n\r\n\r\n\r\n\r\n\r\n\r\n\r\n\r\n\r\n\r\n\r\n\r\n\r\n\r\n\r\n\r\n\r\n\r\n\r\n\r\n\r\n\r\n\r\n\r\n\r\n\r\n\r\n\r\n\r\n\r\n\r\n\r\n\r\n\r\n\r\n\r\n\r\n\r\n\r\n\r\n\r\n\r\n\r\n\r\n\r\n\r\n\r\n\r\n\r\n\r\n\r\n\r\n\r\n\r\n\r\n\r\n\r\n\r\n\r\n\r\n\r\n\r\n\r\n\r\n\r\n\r\n\r\n\r\n\r\n\r\n\r\n\r\n\r\n\r\n\r\n\r\n\r\n\r\n\r\n\r\n\r\n\r\n\r\n\r\n\r\n\r\n\r\n\r\n\r\n\r\n\r\n\r\n\r\n\r\n\r\n\r\n\r\n\r\n\r\n\r\n\r\n\r\n\r\n\r\n\r\n\r\n\r\n\r\n\r\n\r\n\r\n\r\n\r\n\r\n\r\n\r\n\r\n\r\n\r\n\r\n\r\n\r\n\r\n\r\n\r\n\r\n\r\n\r\n\r\n\r\n\r\n\r\n\r\n\r\n\r\n\r\n\r\n\r\n\r\n\r\n\r\n\r\n\r\n\r\n\r\n\r\n\r\n\r\n\r\n\r\n\r\n\r\n\r\n\r\n\r\n\r\n\r\n\r\n\r\n\r\n\r\n\r\n\r\n\r\n\r\n\r\n\r\n\r\n\r\n\r\n\r\n\r\n\r\n\r\n\r\n\r\n\r\n\r\n\r\n\r\n\r\n\r\n\r\n\r\n\r\n\r\n\r\n\r\n\r\n\r\n\r\n\r\n\r\n\r\n\r\n\r\n\r\n\r\n\r\n\r\n\r\n\r\n\r\n\r\n\r\n\r\n\r\n\r\n\r\n\r\n\r\n\r\n\r\n\r\n\r\n\r\n\r\n\r\n\r\n\r\n\r\n\r\n\r\n\r\n\r\n\r\n\r\n\r\n\r\n\r\n\r\n\r\n\r\n\r\n\r\n\r\n\r\n\r\n\r\n\r\n\r\n\r\n\r\n\r\n\r\n\r\n\r\n\r\n\r\n\r\n\r\n\r\n\r\n\r\n\r\n\r\n\r\n\r\n\r\n\r\n\r\n\r\n\r\n\r\n\r\n\r\nAssunto: Reitera Of\u00edcio Geral 138- Projeto de remanejamento de Emendas Parlamentares."}, {"id": "22495", "ano": "2023", "numero": "170", "tipo__sigla": "OF", "tipo__descricao": "Of\u00edcio", "autoria": "", "texto_original": "http://sapl.pedroleopoldo.mg.leg.br/media/sapl/public/materialegislativa/2023/22495/oficio_170_-2023.pdf", "ementa": "Exma. Sra\r\nEloisa Helena Carvalho de Freitas Pereira \r\nPrefeita Municipal \r\nPedro Leopoldo/ MG\r\n\r\n\r\n\r\n\r\n\r\n\r\n\r\n\r\n\r\n\r\n\r\n\r\n\r\n\r\n\r\n\r\n\r\n\r\n\r\n\r\n\r\n\r\n\r\n\r\n\r\n\r\n\r\n\r\n\r\n\r\n\r\n\r\n\r\n\r\n\r\n\r\n\r\n\r\n\r\n\r\n\r\n\r\n\r\n\r\n\r\n\r\n\r\n\r\n\r\n\r\n\r\n\r\n\r\n\r\n\r\n\r\n\r\n\r\n\r\n\r\n\r\n\r\n\r\n\r\n\r\n\r\n\r\n\r\n\r\n\r\n\r\n\r\n\r\n\r\n\r\n\r\n\r\n\r\n\r\n\r\n\r\n\r\n\r\n\r\n\r\n\r\n\r\n\r\n\r\n\r\n\r\n\r\n\r\n\r\n\r\n\r\n\r\n\r\n\r\n\r\n\r\n\r\n\r\n\r\n\r\n\r\n\r\n\r\n\r\n\r\n\r\n\r\n\r\n\r\n\r\n\r\n\r\n\r\n\r\n\r\n\r\n\r\n\r\n\r\n\r\n\r\n\r\n\r\n\r\n\r\n\r\n\r\n\r\n\r\n\r\n\r\n\r\n\r\n\r\n\r\n\r\n\r\n\r\n\r\n\r\n\r\n\r\n\r\n\r\n\r\n\r\n\r\n\r\n\r\n\r\n\r\n\r\n\r\n\r\n\r\n\r\n\r\n\r\nAssunto: Mat\u00e9ria aprovada na 3\u00aa Reuni\u00e3o Extraordin\u00e1ria da C\u00e2mara Municipal de Pedro Leopoldo, realizada em 21 de julho de 2023."}, {"id": "22496", "ano": "2023", "numero": "171", "tipo__sigla": "OF", "tipo__descricao": "Of\u00edcio", "autoria": "", "texto_original": "http://sapl.pedroleopoldo.mg.leg.br/media/sapl/public/materialegislativa/2023/22496/oficio_171-2023.pdf", "ementa": "Exma. Sra\r\nEloisa Helena Carvalho de Freitas Pereira \r\nPrefeita Municipal \r\nPedro Leopoldo/ MG\r\n\r\n\r\n\r\n\r\n\r\n\r\n\r\n\r\n\r\n\r\n\r\n\r\n\r\n\r\n\r\n\r\n\r\n\r\n\r\n\r\n\r\n\r\n\r\n\r\n\r\n\r\n\r\n\r\n\r\n\r\n\r\n\r\n\r\n\r\n\r\n\r\n\r\n\r\n\r\n\r\n\r\n\r\n\r\n\r\n\r\n\r\n\r\n\r\n\r\n\r\n\r\n\r\n\r\n\r\n\r\n\r\n\r\n\r\n\r\n\r\n\r\n\r\n\r\n\r\n\r\n\r\n\r\n\r\n\r\n\r\n\r\n\r\n\r\n\r\n\r\n\r\n\r\n\r\n\r\n\r\n\r\n\r\n\r\n\r\n\r\n\r\n\r\n\r\n\r\n\r\n\r\n\r\n\r\n\r\n\r\n\r\n\r\n\r\n\r\n\r\n\r\n\r\n\r\n\r\n\r\n\r\n\r\n\r\n\r\n\r\n\r\n\r\n\r\n\r\n\r\n\r\n\r\n\r\n\r\n\r\n\r\n\r\n\r\n\r\n\r\n\r\n\r\n\r\n\r\n\r\n\r\n\r\n\r\n\r\n\r\n\r\n\r\n\r\n\r\n\r\n\r\n\r\n\r\n\r\n\r\n\r\n\r\n\r\n\r\n\r\n\r\n\r\n\r\n\r\n\r\n\r\n\r\nAssunto: Mat\u00e9ria aprovada na 23\u00aa Reuni\u00e3o Ordin\u00e1ria da C\u00e2mara Municipal de Pedro Leopoldo, realizada em 24 de julho de 2023."}, {"id": "22497", "ano": "2023", "numero": "172", "tipo__sigla": "OF", "tipo__descricao": "Of\u00edcio", "autoria": "", "texto_original": "http://sapl.pedroleopoldo.mg.leg.br/media/sapl/public/materialegislativa/2023/22497/oficio_172-2023.pdf", "ementa": "Ilam. Sra\r\nV\u00e2nia Silva de Oliveira e Fam\u00edlia \r\n\r\n\r\n\r\n\r\n\r\n\r\n\r\n\r\n\r\n\r\n\r\n\r\n\r\n\r\n\r\n\r\n\r\n\r\n\r\n\r\n\r\n\r\n\r\n\r\n\r\n\r\n\r\n\r\n\r\n\r\n\r\n\r\n\r\n\r\n\r\n\r\n\r\n\r\n\r\n\r\n\r\n\r\n\r\n\r\n\r\n\r\n\r\n\r\n\r\n\r\n\r\n\r\n\r\n\r\n\r\n\r\n\r\n\r\n\r\n\r\n\r\n\r\n\r\n\r\n\r\n\r\n\r\n\r\n\r\n\r\n\r\n\r\n\r\n\r\n\r\n\r\n\r\n\r\n\r\n\r\n\r\n\r\n\r\n\r\n\r\n\r\n\r\n\r\n\r\n\r\n\r\n\r\n\r\n\r\n\r\n\r\n\r\n\r\n\r\n\r\n\r\n\r\n\r\n\r\n\r\n\r\n\r\n\r\n\r\n\r\n\r\n\r\n\r\n\r\n\r\n\r\n\r\n\r\n\r\n\r\n\r\n\r\n\r\n\r\n\r\n\r\n\r\n\r\n\r\n\r\n\r\n\r\n\r\n\r\n\r\n\r\n\r\n\r\n\r\n\r\n\r\n\r\n\r\n\r\n\r\n\r\n\r\n\r\n\r\n\r\n\r\n\r\n\r\n\r\n\r\n\r\n\r\n\r\n\r\n\r\n\r\n\r\n\r\n\r\n\r\n\r\n\r\nAssunto: Voto de pesar pelo falecimento de seu esposo, S\u00edlvio Alves dos Santos."}, {"id": "22499", "ano": "2023", "numero": "174", "tipo__sigla": "OF", "tipo__descricao": "Of\u00edcio", "autoria": "", "texto_original": "http://sapl.pedroleopoldo.mg.leg.br/media/sapl/public/materialegislativa/2023/22499/oficio_174_-2023.pdf", "ementa": "Ilmo. Sr\r\nGeraldo Lindomar dos Santos e Fam\u00edlia \r\n\r\n\r\n\r\n\r\n\r\n\r\n\r\n\r\n\r\n\r\n\r\n\r\n\r\n\r\n\r\n\r\n\r\n\r\n\r\n\r\n\r\n\r\n\r\n\r\n\r\n\r\n\r\n\r\n\r\n\r\n\r\n\r\n\r\n\r\n\r\n\r\n\r\n\r\n\r\n\r\n\r\n\r\n\r\n\r\n\r\n\r\n\r\n\r\n\r\n\r\n\r\n\r\n\r\n\r\n\r\n\r\n\r\n\r\n\r\n\r\n\r\n\r\n\r\n\r\n\r\n\r\n\r\n\r\n\r\n\r\n\r\n\r\n\r\n\r\n\r\n\r\n\r\n\r\n\r\n\r\n\r\n\r\n\r\n\r\n\r\n\r\n\r\n\r\n\r\n\r\n\r\n\r\n\r\n\r\n\r\n\r\n\r\n\r\n\r\n\r\n\r\n\r\n\r\n\r\n\r\n\r\n\r\n\r\n\r\n\r\n\r\n\r\n\r\n\r\n\r\n\r\n\r\n\r\n\r\n\r\n\r\n\r\n\r\n\r\n\r\nAssunto: Voto de pesar pelo falecimento de seu saudoso irm\u00e3o, Jos\u00e9 Carlos de Oliveira."}, {"id": "22515", "ano": "2023", "numero": "176", "tipo__sigla": "OF", "tipo__descricao": "Of\u00edcio", "autoria": "", "texto_original": "http://sapl.pedroleopoldo.mg.leg.br/media/sapl/public/materialegislativa/2023/22515/oficio_176-2023.pdf", "ementa": "Exmo. Sra.\r\nEloisa Helena Carvalho de Freitas Pereira \r\nPrefeita Municipal \r\nPedro Leopoldo/MG\r\n\r\n\r\n\r\n\r\n\r\n\r\n\r\n\r\n\r\n\r\n\r\n\r\n\r\n\r\n\r\n\r\n\r\n\r\n\r\n\r\n\r\n\r\n\r\n\r\n\r\n\r\n\r\n\r\n\r\n\r\n\r\n\r\n\r\n\r\n\r\n\r\n\r\n\r\n\r\n\r\n\r\n\r\n\r\n\r\n\r\n\r\n\r\n\r\n\r\n\r\n\r\n\r\n\r\n\r\n\r\n\r\n\r\n\r\n\r\n\r\n\r\n\r\n\r\n\r\n\r\n\r\n\r\n\r\n\r\n\r\n\r\n\r\n\r\n\r\n\r\n\r\n\r\n\r\n\r\n\r\n\r\n\r\n\r\n\r\n\r\n\r\n\r\n\r\n\r\n\r\n\r\n\r\n\r\n\r\n\r\n\r\n\r\n\r\n\r\n\r\n\r\n\r\n\r\n\r\n\r\n\r\n\r\n\r\n\r\n\r\n\r\n\r\n\r\n\r\n\r\n\r\n\r\n\r\n\r\n\r\n\r\n\r\n\r\n\r\n\r\n\r\n\r\n\r\n\r\n\r\n\r\nAssunto: Mat\u00e9ria aprovada na 4\u00aa Reuni\u00e3o Extraordin\u00e1ria da C\u00e2mara Municipal de Pedro Leopoldo, realizada em 02 de agosto de 2023."}, {"id": "22514", "ano": "2023", "numero": "180", "tipo__sigla": "OF", "tipo__descricao": "Of\u00edcio", "autoria": "", "texto_original": "http://sapl.pedroleopoldo.mg.leg.br/media/sapl/public/materialegislativa/2023/22514/oficio_180-2023.pdf", "ementa": "Exma. Sra\r\nEloisa Helena Carvalho de Freitas Pereira \r\nPrefeita Municipal \r\nPedro Leopoldo /MG\r\n\r\n\r\n\r\n\r\n\r\n\r\n\r\n\r\n\r\n\r\n\r\n\r\n\r\n\r\n\r\n\r\n\r\n\r\n\r\n\r\n\r\n\r\n\r\n\r\n\r\n\r\n\r\n\r\n\r\n\r\n\r\n\r\n\r\n\r\n\r\n\r\n\r\n\r\n\r\n\r\n\r\n\r\n\r\n\r\n\r\n\r\n\r\n\r\n\r\n\r\n\r\n\r\n\r\n\r\n\r\n\r\n\r\n\r\n\r\n\r\n\r\n\r\n\r\n\r\n\r\n\r\n\r\n\r\n\r\n\r\n\r\n\r\n\r\n\r\n\r\n\r\n\r\n\r\n\r\n\r\n\r\n\r\n\r\n\r\n\r\n\r\n\r\n\r\n\r\n\r\n\r\n\r\n\r\n\r\n\r\n\r\n\r\n\r\n\r\n\r\n\r\n\r\n\r\n\r\n\r\n\r\n\r\n\r\n\r\n\r\n\r\n\r\n\r\n\r\n\r\nAssunto: Mat\u00e9ria aprovada na 24\u00aa Reuni\u00e3o Ordin\u00e1ria da C\u00e2mara Municipal de Pedro Leopoldo, realizada em 07 de agosto de 2023."}, {"id": "22513", "ano": "2023", "numero": "181", "tipo__sigla": "OF", "tipo__descricao": "Of\u00edcio", "autoria": "", "texto_original": "http://sapl.pedroleopoldo.mg.leg.br/media/sapl/public/materialegislativa/2023/22513/oficio_181-2023.pdf", "ementa": "Ilma. Sra\r\nRosane Santos Nogueira e Fam\u00edlia \r\n\r\n\r\n\r\n\r\n\r\n\r\n\r\n\r\n\r\n\r\n\r\n\r\n\r\n\r\n\r\n\r\n\r\n\r\n\r\n\r\n\r\n\r\n\r\n\r\n\r\n\r\n\r\n\r\n\r\n\r\n\r\n\r\n\r\n\r\n\r\n\r\n\r\n\r\n\r\n\r\n\r\n\r\n\r\n\r\n\r\n\r\n\r\n\r\n\r\n\r\n\r\n\r\n\r\n\r\n\r\n\r\n\r\n\r\n\r\n\r\n\r\n\r\n\r\n\r\n\r\n\r\n\r\n\r\n\r\n\r\n\r\n\r\n\r\n\r\n\r\n\r\n\r\n\r\n\r\n\r\n\r\n\r\n\r\n\r\n\r\n\r\n\r\n\r\n\r\n\r\n\r\n\r\n\r\n\r\n\r\n\r\n\r\n\r\n\r\n\r\n\r\n\r\n\r\n\r\n\r\n\r\n\r\n\r\n\r\n\r\n\r\n\r\n\r\n\r\n\r\n\r\nAssunto: Voto de pesar pelo falecimento de sua saudosa m\u00e3e, Sra Maria Ivete Ferreira."}, {"id": "22512", "ano": "2023", "numero": "182", "tipo__sigla": "OF", "tipo__descricao": "Of\u00edcio", "autoria": "", "texto_original": "http://sapl.pedroleopoldo.mg.leg.br/media/sapl/public/materialegislativa/2023/22512/oficio_182-2023.pdf", "ementa": "Ilma. Sra \r\nNedina Teodoro Ribeiro e Fam\u00edlia \r\n\r\n\r\n\r\n\r\n\r\n\r\n\r\n\r\n\r\n\r\n\r\n\r\n\r\n\r\n\r\n\r\n\r\n\r\n\r\n\r\n\r\n\r\n\r\n\r\n\r\n\r\n\r\n\r\n\r\n\r\n\r\n\r\n\r\n\r\n\r\n\r\n\r\n\r\n\r\n\r\n\r\n\r\n\r\n\r\n\r\n\r\n\r\n\r\n\r\n\r\n\r\n\r\n\r\n\r\n\r\n\r\n\r\n\r\n\r\n\r\n\r\n\r\n\r\n\r\n\r\n\r\n\r\n\r\n\r\n\r\n\r\n\r\n\r\n\r\n\r\n\r\n\r\n\r\n\r\n\r\n\r\n\r\n\r\n\r\n\r\n\r\n\r\n\r\n\r\n\r\n\r\n\r\n\r\n\r\n\r\n\r\n\r\n\r\n\r\n\r\n\r\n\r\n\r\n\r\n\r\n\r\n\r\n\r\n\r\n\r\n\r\n\r\n\r\nAssunto: Voto de pesar pelo falecimento de seu saudoso filho, Ricardo dos Santos Ribeiro."}, {"id": "22511", "ano": "2023", "numero": "183", "tipo__sigla": "OF", "tipo__descricao": "Of\u00edcio", "autoria": "", "texto_original": "http://sapl.pedroleopoldo.mg.leg.br/media/sapl/public/materialegislativa/2023/22511/oficio_183-2023.pdf", "ementa": "Ilam. Sra\r\nJ\u00falia Constantina dos Santos Fidelis e Fam\u00edlia \r\n\r\n\r\n\r\n\r\n\r\n\r\n\r\n\r\n\r\n\r\n\r\n\r\n\r\n\r\n\r\n\r\n\r\n\r\n\r\n\r\n\r\n\r\n\r\n\r\n\r\n\r\n\r\n\r\n\r\n\r\n\r\n\r\n\r\n\r\n\r\n\r\n\r\n\r\n\r\n\r\n\r\n\r\n\r\n\r\n\r\n\r\n\r\n\r\n\r\n\r\n\r\n\r\n\r\n\r\n\r\n\r\n\r\n\r\n\r\n\r\n\r\n\r\n\r\n\r\n\r\n\r\n\r\n\r\n\r\n\r\n\r\n\r\n\r\n\r\n\r\n\r\n\r\n\r\n\r\n\r\n\r\n\r\n\r\n\r\n\r\n\r\n\r\n\r\n\r\n\r\n\r\n\r\n\r\n\r\n\r\n\r\n\r\n\r\n\r\n\r\n\r\n\r\n\r\n\r\n\r\n\r\n\r\n\r\n\r\n\r\n\r\n\r\n\r\n\r\n\r\n\r\n\r\n\r\n\r\nAssunto: Voto de pesar pelo falecimento de seu saudoso esposo, Sr. Ant\u00f4nio Carlos Fidelis."}, {"id": "22510", "ano": "2023", "numero": "184", "tipo__sigla": "OF", "tipo__descricao": "Of\u00edcio", "autoria": "", "texto_original": "http://sapl.pedroleopoldo.mg.leg.br/media/sapl/public/materialegislativa/2023/22510/oficio_184-2023.pdf", "ementa": "Ilma. Sra\r\nSimone Aparecida da Silva e Fam\u00edlia \r\n\r\n\r\n\r\n\r\n\r\n\r\n\r\n\r\n\r\n\r\n\r\n\r\n\r\n\r\n\r\n\r\n\r\n\r\n\r\n\r\n\r\n\r\n\r\n\r\n\r\n\r\n\r\n\r\n\r\n\r\n\r\n\r\n\r\n\r\n\r\n\r\n\r\n\r\n\r\n\r\n\r\n\r\n\r\n\r\n\r\n\r\n\r\n\r\n\r\n\r\n\r\n\r\n\r\n\r\n\r\n\r\n\r\n\r\n\r\n\r\n\r\n\r\n\r\n\r\n\r\n\r\n\r\n\r\n\r\n\r\n\r\n\r\n\r\n\r\n\r\n\r\n\r\n\r\n\r\n\r\n\r\n\r\n\r\n\r\n\r\n\r\n\r\n\r\n\r\n\r\n\r\n\r\n\r\n\r\n\r\n\r\n\r\n\r\n\r\n\r\nAssunto: Voto de pesar pelo falecimento de sua saudosa m\u00e3e, Sra. Vera L\u00facia da Silva."}, {"id": "22509", "ano": "2023", "numero": "185", "tipo__sigla": "OF", "tipo__descricao": "Of\u00edcio", "autoria": "", "texto_original": "http://sapl.pedroleopoldo.mg.leg.br/media/sapl/public/materialegislativa/2023/22509/oficio_185-2023.pdf", "ementa": "Ilmo. Sr \r\nAlmiro Martins Cardoso e Fam\u00edlia \r\n\r\n\r\n\r\n\r\n\r\n\r\n\r\n\r\n\r\n\r\n\r\n\r\n\r\n\r\n\r\n\r\n\r\n\r\n\r\n\r\n\r\n\r\n\r\n\r\n\r\n\r\n\r\n\r\n\r\n\r\n\r\n\r\n\r\n\r\n\r\n\r\n\r\n\r\n\r\n\r\n\r\n\r\n\r\n\r\n\r\n\r\n\r\n\r\n\r\n\r\n\r\n\r\n\r\n\r\n\r\n\r\n\r\n\r\n\r\n\r\n\r\n\r\n\r\n\r\n\r\n\r\n\r\n\r\n\r\n\r\n\r\n\r\n\r\n\r\n\r\n\r\n\r\n\r\n\r\n\r\n\r\n\r\n\r\n\r\n\r\n\r\n\r\n\r\n\r\n\r\n\r\n\r\n\r\n\r\n\r\n\r\n\r\n\r\n\r\n\r\n\r\n\r\n\r\n\r\nAssunto: Voto de pesar pelo falecimento de sua saudosa m\u00e3e, Sra. Juliana Martins Cardoso."}, {"id": "22508", "ano": "2023", "numero": "186", "tipo__sigla": "OF", "tipo__descricao": "Of\u00edcio", "autoria": "", "texto_original": "http://sapl.pedroleopoldo.mg.leg.br/media/sapl/public/materialegislativa/2023/22508/oficio_186-2023.pdf", "ementa": "Ilmo. Sr\r\nElder Tom\u00e9 e Fam\u00edlia \r\n\r\n\r\n\r\n\r\n\r\n\r\n\r\n\r\n\r\n\r\n\r\n\r\n\r\n\r\n\r\n\r\n\r\n\r\n\r\n\r\n\r\n\r\n\r\n\r\n\r\n\r\n\r\n\r\n\r\n\r\n\r\n\r\n\r\n\r\n\r\n\r\n\r\n\r\n\r\n\r\n\r\n\r\n\r\n\r\n\r\n\r\n\r\n\r\n\r\n\r\n\r\n\r\n\r\n\r\n\r\n\r\n\r\n\r\n\r\n\r\n\r\n\r\n\r\n\r\n\r\n\r\n\r\n\r\n\r\n\r\n\r\n\r\n\r\n\r\n\r\n\r\n\r\n\r\n\r\n\r\n\r\n\r\n\r\n\r\n\r\n\r\n\r\n\r\n\r\n\r\n\r\n\r\n\r\n\r\n\r\n\r\n\r\n\r\n\r\n\r\n\r\n\r\n\r\n\r\n\r\n\r\n\r\n\r\n\r\n\r\n\r\n\r\n\r\n\r\n\r\n\r\n\r\n\r\n\r\n\r\n\r\n\r\n\r\n\r\n\r\n\r\n\r\n\r\n\r\n\r\n\r\n\r\n\r\n\r\n\r\n\r\n\r\n\r\n\r\n\r\n\r\nAssunto: Voto de pesar pelo falecimento de seu saudoso pai, Sr. Euler Marques Moreira Sobrinho."}, {"id": "22507", "ano": "2023", "numero": "188", "tipo__sigla": "OF", "tipo__descricao": "Of\u00edcio", "autoria": "", "texto_original": "http://sapl.pedroleopoldo.mg.leg.br/media/sapl/public/materialegislativa/2023/22507/oficio_188-2023.pdf", "ementa": "Ilma. Sra\r\nAna Paula Rodrigues e Fam\u00edlia \r\n\r\n\r\n\r\n\r\n\r\n\r\n\r\n\r\n\r\n\r\n\r\n\r\n\r\n\r\n\r\n\r\n\r\n\r\n\r\n\r\n\r\n\r\n\r\n\r\n\r\n\r\n\r\n\r\n\r\n\r\n\r\n\r\n\r\n\r\n\r\n\r\n\r\n\r\n\r\n\r\n\r\n\r\n\r\n\r\n\r\n\r\n\r\n\r\n\r\n\r\n\r\n\r\n\r\n\r\n\r\n\r\n\r\n\r\n\r\n\r\n\r\n\r\n\r\n\r\n\r\n\r\n\r\n\r\n\r\n\r\n\r\n\r\n\r\n\r\n\r\n\r\n\r\n\r\n\r\n\r\n\r\n\r\n\r\n\r\n\r\n\r\n\r\n\r\n\r\n\r\n\r\n\r\n\r\n\r\n\r\n\r\n\r\n\r\n\r\n\r\n\r\n\r\n\r\n\r\n\r\n\r\n\r\n\r\n\r\n\r\n\r\n\r\n\r\n\r\n\r\n\r\n\r\n\r\n\r\n\r\n\r\n\r\n\r\n\r\n\r\n\r\n\r\nAssunto: Voto de pesar pelo falecimento de sua saudosa m\u00e3e, Sra. Berenice Pereira Rodrigues."}, {"id": "22500", "ano": "2023", "numero": "191", "tipo__sigla": "OF", "tipo__descricao": "Of\u00edcio", "autoria": "", "texto_original": "http://sapl.pedroleopoldo.mg.leg.br/media/sapl/public/materialegislativa/2023/22500/oficio_191-2023.pdf", "ementa": "Exma. Sra.\r\nElisa Helena Carvalho de Freitas Pereira \r\nPrefeita Municipal \r\nPedro Leopoldo / MG\r\n\r\n\r\n\r\n\r\n\r\n\r\n\r\n\r\n\r\n\r\n\r\n\r\n\r\n\r\n\r\n\r\n\r\n\r\n\r\n\r\n\r\n\r\n\r\n\r\n\r\n\r\n\r\n\r\n\r\n\r\n\r\n\r\n\r\n\r\n\r\n\r\n\r\n\r\n\r\n\r\n\r\n\r\n\r\n\r\n\r\n\r\n\r\n\r\n\r\n\r\n\r\n\r\n\r\n\r\n\r\n\r\n\r\n\r\n\r\n\r\n\r\n\r\n\r\n\r\n\r\n\r\n\r\n\r\n\r\n\r\n\r\n\r\n\r\n\r\n\r\n\r\n\r\n\r\n\r\n\r\n\r\n\r\n\r\n\r\n\r\n\r\n\r\n\r\n\r\n\r\n\r\n\r\n\r\n\r\n\r\n\r\n\r\n\r\n\r\n\r\n\r\n\r\n\r\n\r\n\r\n\r\n\r\n\r\n\r\n\r\n\r\n\r\n\r\n\r\n\r\n\r\n\r\n\r\n\r\n\r\n\r\n\r\n\r\n\r\n\r\n\r\n\r\n\r\n\r\n\r\n\r\n\r\n\r\nAssunto: Mat\u00e9ria aprovada na 25\u00aa Reuni\u00e3o Ordin\u00e1ria da C\u00e2mara Municipal de Pedro Leopoldo, realizada em 21 de agosto 2023."}, {"id": "22501", "ano": "2023", "numero": "192", "tipo__sigla": "OF", "tipo__descricao": "Of\u00edcio", "autoria": "", "texto_original": "http://sapl.pedroleopoldo.mg.leg.br/media/sapl/public/materialegislativa/2023/22501/oficio_192-2023.pdf", "ementa": "Ilmo.Sr.\r\nExpedito Sorrentino Filho e Fam\u00edlia \r\n\r\n\r\n\r\n\r\n\r\n\r\n\r\n\r\n\r\n\r\n\r\n\r\n\r\n\r\n\r\n\r\n\r\n\r\n\r\n\r\n\r\n\r\n\r\n\r\n\r\n\r\n\r\n\r\n\r\n\r\n\r\n\r\n\r\n\r\n\r\n\r\n\r\n\r\n\r\n\r\n\r\n\r\n\r\n\r\n\r\n\r\n\r\n\r\n\r\n\r\n\r\n\r\n\r\n\r\n\r\n\r\n\r\n\r\n\r\n\r\n\r\n\r\n\r\n\r\n\r\n\r\n\r\n\r\n\r\n\r\n\r\n\r\n\r\n\r\n\r\n\r\n\r\n\r\n\r\n\r\n\r\n\r\n\r\n\r\n\r\n\r\n\r\n\r\n\r\n\r\n\r\n\r\n\r\n\r\n\r\n\r\n\r\n\r\n\r\n\r\n\r\n\r\n\r\n\r\n\r\n\r\n\r\n\r\n\r\n\r\n\r\n\r\n\r\nAssunto: Voto de pesar pelo falecimento de sua m\u00e3e , Sra. Alzair Cardeal Sorrentino."}, {"id": "22502", "ano": "2023", "numero": "193", "tipo__sigla": "OF", "tipo__descricao": "Of\u00edcio", "autoria": "", "texto_original": "http://sapl.pedroleopoldo.mg.leg.br/media/sapl/public/materialegislativa/2023/22502/oficio_193-2023.pdf", "ementa": "Ilma. Sra \r\nMarcela Moreira Rocha e Fam\u00edlia \r\n\r\n\r\n\r\n\r\n\r\n\r\n\r\n\r\n\r\n\r\n\r\n\r\n\r\n\r\n\r\n\r\n\r\n\r\n\r\n\r\n\r\n\r\n\r\n\r\n\r\n\r\n\r\n\r\n\r\n\r\n\r\n\r\n\r\n\r\n\r\n\r\n\r\n\r\n\r\n\r\n\r\n\r\n\r\n\r\n\r\n\r\n\r\n\r\n\r\n\r\n\r\n\r\n\r\n\r\n\r\n\r\n\r\n\r\n\r\n\r\n\r\n\r\n\r\n\r\n\r\n\r\n\r\n\r\n\r\n\r\n\r\n\r\n\r\n\r\n\r\n\r\n\r\n\r\n\r\n\r\n\r\n\r\n\r\n\r\n\r\n\r\n\r\n\r\n\r\n\r\n\r\n\r\n\r\n\r\n\r\n\r\n\r\n\r\n\r\n\r\n\r\n\r\n\r\n\r\n\r\n\r\n\r\n\r\n\r\n\r\n\r\n\r\n\r\n\r\n\r\n\r\n\r\n\r\n\r\n\r\n\r\n\r\n\r\n\r\n\r\n\r\n\r\n\r\n\r\n\r\n\r\n\r\n\r\n\r\n\r\n\r\nAssunto: Voto de pesar pelo falecimento de sua saudosa m\u00e3e, Sra. Miriam da Rocha."}, {"id": "22503", "ano": "2023", "numero": "194", "tipo__sigla": "OF", "tipo__descricao": "Of\u00edcio", "autoria": "", "texto_original": "http://sapl.pedroleopoldo.mg.leg.br/media/sapl/public/materialegislativa/2023/22503/oficio_194-2023.pdf", "ementa": "Ilma. Sra\r\nTereza Lage e Fam\u00edlia \r\n\r\n\r\n\r\n\r\n\r\n\r\n\r\n\r\n\r\n\r\n\r\n\r\n\r\n\r\n\r\n\r\n\r\n\r\n\r\n\r\n\r\n\r\n\r\n\r\n\r\n\r\n\r\n\r\n\r\n\r\n\r\n\r\n\r\n\r\n\r\n\r\n\r\n\r\n\r\n\r\n\r\n\r\n\r\n\r\n\r\n\r\n\r\n\r\n\r\n\r\n\r\n\r\n\r\n\r\n\r\n\r\n\r\n\r\n\r\n\r\n\r\n\r\n\r\n\r\n\r\n\r\n\r\n\r\n\r\n\r\n\r\n\r\n\r\n\r\n\r\n\r\n\r\n\r\n\r\n\r\n\r\n\r\n\r\n\r\n\r\n\r\n\r\n\r\n\r\n\r\n\r\n\r\n\r\n\r\n\r\n\r\n\r\n\r\n\r\n\r\n\r\n\r\n\r\n\r\n\r\n\r\n\r\n\r\n\r\n\r\n\r\n\r\n\r\n\r\n\r\n\r\n\r\n\r\n\r\n\r\n\r\n\r\n\r\n\r\n\r\n\r\n\r\n\r\nAssunto: Voto de pesar pelo falecimento de seu saudoso esposo, Sr. \u00c1tila de Morais Lage."}, {"id": "22504", "ano": "2023", "numero": "195", "tipo__sigla": "OF", "tipo__descricao": "Of\u00edcio", "autoria": "", "texto_original": "http://sapl.pedroleopoldo.mg.leg.br/media/sapl/public/materialegislativa/2023/22504/oficio_195-2023.pdf", "ementa": "Ilma. Sra\r\nMaria Geralda Corr\u00eaa Ven\u00e2ncio e Fam\u00edlia \r\n\r\n\r\n\r\n\r\n\r\n\r\n\r\n\r\n\r\n\r\n\r\n\r\n\r\n\r\n\r\n\r\n\r\n\r\n\r\n\r\n\r\n\r\n\r\n\r\n\r\n\r\n\r\n\r\n\r\n\r\n\r\n\r\n\r\n\r\n\r\n\r\n\r\n\r\n\r\n\r\n\r\n\r\n\r\n\r\n\r\n\r\n\r\n\r\n\r\n\r\n\r\n\r\n\r\n\r\n\r\n\r\n\r\n\r\n\r\n\r\n\r\n\r\n\r\n\r\n\r\n\r\n\r\n\r\n\r\n\r\n\r\n\r\n\r\n\r\n\r\n\r\n\r\n\r\n\r\n\r\n\r\n\r\n\r\n\r\n\r\n\r\n\r\n\r\n\r\n\r\n\r\n\r\n\r\n\r\n\r\n\r\n\r\n\r\n\r\n\r\n\r\n\r\n\r\n\r\n\r\n\r\n\r\n\r\n\r\n\r\n\r\n\r\n\r\n\r\n\r\n\r\n\r\n\r\n\r\n\r\n\r\n\r\n\r\n\r\n\r\n\r\n\r\n\r\n\r\n\r\n\r\nAssunto: Voto de pesar pelo falecimento de seu saudoso esposo, Sr. Jos\u00e9 Osmar Ven\u00e2ncio."}, {"id": "22505", "ano": "2023", "numero": "196", "tipo__sigla": "OF", "tipo__descricao": "Of\u00edcio", "autoria": "", "texto_original": "http://sapl.pedroleopoldo.mg.leg.br/media/sapl/public/materialegislativa/2023/22505/oficio_196-2023.pdf", "ementa": "Ilma. Sra\r\nGeralda Miranda e Fam\u00edlia \r\n\r\n\r\n\r\n\r\n\r\n\r\n\r\n\r\n\r\n\r\n\r\n\r\n\r\n\r\n\r\n\r\n\r\n\r\n\r\n\r\n\r\n\r\n\r\n\r\n\r\n\r\n\r\n\r\n\r\n\r\n\r\n\r\n\r\n\r\n\r\n\r\n\r\n\r\n\r\n\r\n\r\n\r\n\r\n\r\n\r\n\r\n\r\n\r\n\r\n\r\n\r\n\r\n\r\n\r\n\r\n\r\n\r\n\r\n\r\n\r\n\r\n\r\n\r\n\r\n\r\n\r\n\r\n\r\n\r\n\r\n\r\n\r\n\r\n\r\n\r\n\r\n\r\n\r\n\r\n\r\n\r\n\r\n\r\n\r\n\r\n\r\n\r\n\r\n\r\n\r\n\r\n\r\n\r\n\r\n\r\n\r\n\r\n\r\n\r\n\r\n\r\n\r\n\r\n\r\n\r\n\r\n\r\n\r\n\r\n\r\n\r\n\r\n\r\n\r\n\r\n\r\n\r\n\r\n\r\n\r\n\r\n\r\n\r\n\r\n\r\n\r\n\r\n\r\n\r\n\r\n\r\n\r\n\r\n\r\n\r\n\r\n\r\n\r\n\r\n\r\n\r\n\r\n\r\n\r\n\r\n\r\n\r\n\r\n\r\n\r\n\r\n\r\n\r\n\r\nAssunto: Voto de pesar pelo falecimento de sua saudosa m\u00e3e, Sra. Carmosina Miranda"}, {"id": "22506", "ano": "2023", "numero": "197", "tipo__sigla": "OF", "tipo__descricao": "Of\u00edcio", "autoria": "", "texto_original": "http://sapl.pedroleopoldo.mg.leg.br/media/sapl/public/materialegislativa/2023/22506/oficio_197-2023.pdf", "ementa": "Ilmo. Sr.\r\nFelipe Alexandre Bracho Sena e Fam\u00edlia \r\n\r\n\r\n\r\n\r\n\r\n\r\n\r\n\r\n\r\n\r\n\r\n\r\n\r\n\r\n\r\n\r\n\r\n\r\n\r\n\r\n\r\n\r\n\r\n\r\n\r\n\r\n\r\n\r\n\r\n\r\n\r\n\r\n\r\n\r\n\r\n\r\n\r\n\r\n\r\n\r\n\r\n\r\n\r\n\r\n\r\n\r\n\r\n\r\n\r\n\r\n\r\n\r\n\r\n\r\n\r\n\r\n\r\n\r\n\r\n\r\n\r\n\r\n\r\n\r\n\r\n\r\n\r\n\r\n\r\n\r\n\r\n\r\n\r\n\r\n\r\n\r\n\r\n\r\n\r\n\r\n\r\n\r\n\r\n\r\n\r\n\r\n\r\n\r\n\r\n\r\n\r\n\r\n\r\n\r\n\r\n\r\n\r\n\r\n\r\n\r\n\r\n\r\n\r\n\r\n\r\n\r\n\r\n\r\n\r\n\r\n\r\n\r\n\r\n\r\n\r\n\r\n\r\n\r\n\r\n\r\n\r\n\r\n\r\n\r\n\r\n\r\n\r\n\r\n\r\n\r\nAssunto: Voto de pesar pelo falecimento do seu saudoso pai, Sr. Alexandre Garcia Sena."}, {"id": "23243", "ano": "2023", "numero": "199", "tipo__sigla": "OF", "tipo__descricao": "Of\u00edcio", "autoria": "", "texto_original": "http://sapl.pedroleopoldo.mg.leg.br/media/sapl/public/materialegislativa/2023/23243/oficio_199-2023.pdf", "ementa": "Exma. Sra\r\nEloisa Helena Carvalho de Freitas Pereira \r\nPrefeita Municipal \r\nPedro Leopoldo/ MG\r\n\r\n\r\n\r\n\r\n\r\n\r\n\r\n\r\n\r\n\r\n\r\n\r\n\r\n\r\n\r\n\r\n\r\n\r\n\r\n\r\n\r\n\r\n\r\n\r\n\r\n\r\n\r\n\r\n\r\n\r\n\r\n\r\n\r\n\r\n\r\n\r\n\r\n\r\n\r\n\r\n\r\n\r\n\r\n\r\n\r\n\r\n\r\n\r\n\r\n\r\n\r\n\r\n\r\n\r\n\r\n\r\n\r\n\r\n\r\n\r\n\r\n\r\n\r\n\r\n\r\n\r\n\r\n\r\n\r\n\r\n\r\n\r\n\r\n\r\n\r\n\r\n\r\n\r\n\r\n\r\n\r\n\r\n\r\n\r\n\r\n\r\n\r\n\r\n\r\n\r\n\r\n\r\n\r\n\r\n\r\n\r\n\r\n\r\n\r\n\r\n\r\n\r\n\r\n\r\n\r\n\r\n\r\n\r\n\r\n\r\n\r\n\r\n\r\n\r\n\r\n\r\n\r\n\r\n\r\n\r\n\r\n\r\n\r\n\r\n\r\n\r\n\r\n\r\n\r\n\r\n\r\n\r\nAssunto: Mat\u00e9ria aprovada na 26\u00aa Reuni\u00e3o Ordin\u00e1ria da C\u00e2mara Municipal de Pedro Leopoldo, realizada em 28 de agosto de 2023."}, {"id": "23253", "ano": "2023", "numero": "200", "tipo__sigla": "OF", "tipo__descricao": "Of\u00edcio", "autoria": "", "texto_original": "http://sapl.pedroleopoldo.mg.leg.br/media/sapl/public/materialegislativa/2023/23253/oficio_209-2023.pdf", "ementa": "Ilma.Sra. F\u00e1tima Vieira Perazoli e Familiares\r\n\r\n\r\n\r\n\r\n\r\n\r\n\r\n\r\n\r\n\r\n\r\n\r\n\r\n\r\n\r\n\r\n\r\n\r\n\r\n\r\n\r\n\r\n\r\n\r\n\r\n\r\n\r\n\r\n\r\n\r\n\r\n\r\n\r\n\r\n\r\n\r\n\r\n\r\n\r\n\r\n\r\n\r\n\r\n\r\n\r\n\r\n\r\n\r\n\r\n\r\n\r\n\r\n\r\n\r\n\r\n\r\n\r\n\r\n\r\n\r\n\r\n\r\n\r\n\r\n\r\n\r\n\r\n\r\n\r\n\r\n\r\n\r\n\r\n\r\n\r\n\r\n\r\n\r\n\r\n\r\n\r\n\r\n\r\n\r\n\r\n\r\n\r\n\r\n\r\n\r\n\r\n\r\n\r\n\r\n\r\n\r\n\r\n\r\n\r\n\r\n\r\n\r\n\r\n\r\n\r\n\r\n\r\n\r\n\r\n\r\n\r\n\r\n\r\n\r\n\r\n\r\n\r\n\r\n\r\n\r\n\r\n\r\n\r\n\r\n\r\n\r\n\r\n\r\n\r\n\r\n\r\n\r\n\r\n\r\n\r\n\r\n\r\n\r\n\r\n\r\n\r\n\r\n\r\n\r\n\r\n\r\n\r\n\r\n\r\n\r\n\r\n\r\n\r\n\r\n\r\n\r\n\r\n\r\nFalecimento do seu saudoso pai, Sr. Jaime Perazoli"}, {"id": "23254", "ano": "2023", "numero": "201", "tipo__sigla": "OF", "tipo__descricao": "Of\u00edcio", "autoria": "", "texto_original": "http://sapl.pedroleopoldo.mg.leg.br/media/sapl/public/materialegislativa/2023/23254/oficio_201-2023.pdf", "ementa": "Ilma. Sra \r\nMarisa Diniz Rocha e Familiares \r\n\r\n\r\n\r\n\r\n\r\n\r\n\r\n\r\n\r\n\r\n\r\n\r\n\r\n\r\n\r\n\r\n\r\n\r\n\r\n\r\n\r\n\r\n\r\n\r\n\r\n\r\n\r\n\r\n\r\n\r\n\r\n\r\n\r\n\r\n\r\n\r\n\r\n\r\n\r\n\r\n\r\n\r\n\r\n\r\n\r\n\r\n\r\n\r\n\r\n\r\n\r\n\r\n\r\n\r\n\r\n\r\n\r\n\r\n\r\n\r\n\r\n\r\n\r\n\r\n\r\n\r\n\r\n\r\n\r\n\r\n\r\n\r\n\r\n\r\n\r\n\r\n\r\n\r\n\r\n\r\n\r\n\r\n\r\n\r\n\r\n\r\n\r\n\r\n\r\n\r\n\r\n\r\n\r\n\r\n\r\n\r\n\r\n\r\n\r\n\r\n\r\n\r\nAssunto: Voto de pesar pelo falecimento do seu esposo, Sr. Luiz Carlos Rocha (Luizinho Madereira)."}, {"id": "23255", "ano": "2023", "numero": "202", "tipo__sigla": "OF", "tipo__descricao": "Of\u00edcio", "autoria": "", "texto_original": "http://sapl.pedroleopoldo.mg.leg.br/media/sapl/public/materialegislativa/2023/23255/oficio_202-2023.pdf", "ementa": "Ilmo(a)s. Sr(a).\r\nNelma, Vicente e Edir e Familiares \r\n\r\n\r\n\r\n\r\n\r\n\r\n\r\n\r\n\r\n\r\n\r\n\r\n\r\n\r\n\r\n\r\n\r\n\r\n\r\n\r\n\r\n\r\n\r\n\r\n\r\n\r\n\r\n\r\n\r\n\r\n\r\n\r\n\r\n\r\n\r\n\r\n\r\n\r\n\r\n\r\n\r\n\r\n\r\n\r\n\r\n\r\n\r\n\r\n\r\n\r\n\r\n\r\n\r\n\r\n\r\n\r\n\r\n\r\n\r\n\r\n\r\n\r\n\r\n\r\n\r\n\r\n\r\n\r\n\r\n\r\n\r\n\r\n\r\n\r\n\r\n\r\n\r\n\r\n\r\n\r\n\r\n\r\n\r\n\r\n\r\n\r\n\r\n\r\n\r\n\r\n\r\n\r\n\r\n\r\n\r\n\r\n\r\n\r\n\r\n\r\n\r\n\r\n\r\n\r\n\r\n\r\n\r\n\r\n\r\n\r\n\r\n\r\n\r\n\r\n\r\n\r\n\r\n\r\n\r\n\r\n\r\n\r\n\r\n\r\n\r\n\r\n\r\n\r\n\r\n\r\n\r\n\r\n\r\n\r\n\r\n\r\n\r\n\r\n\r\n\r\n\r\n\r\n\r\n\r\n\r\n\r\n\r\n\r\nAssunto: Voto de pesar pelo falecimento de sua m\u00e3e, Sra. Ros\u00e1ria Pereira de Melo."}, {"id": "23256", "ano": "2023", "numero": "203", "tipo__sigla": "OF", "tipo__descricao": "Of\u00edcio", "autoria": "", "texto_original": "http://sapl.pedroleopoldo.mg.leg.br/media/sapl/public/materialegislativa/2023/23256/oficio_203-2023.pdf", "ementa": "Ilmo.Sr.\r\nDanilo Mendes da Cunha e Familiares\r\n\r\n\r\n\r\n\r\n\r\n\r\n\r\n\r\n\r\n\r\n\r\n\r\n\r\n\r\n\r\n\r\n\r\n\r\n\r\n\r\n\r\n\r\n\r\n\r\n\r\n\r\n\r\n\r\n\r\n\r\n\r\n\r\n\r\n\r\n\r\n\r\n\r\n\r\n\r\n\r\n\r\n\r\n\r\n\r\n\r\n\r\n\r\n\r\n\r\n\r\n\r\n\r\n\r\n\r\n\r\n\r\n\r\n\r\n\r\n\r\n\r\n\r\n\r\n\r\n\r\n\r\n\r\n\r\n\r\n\r\n\r\n\r\n\r\n\r\n\r\n\r\n\r\n\r\n\r\n\r\n\r\n\r\n\r\n\r\n\r\n\r\n\r\n\r\n\r\n\r\n\r\n\r\n\r\n\r\n\r\n\r\n\r\n\r\n\r\n\r\n\r\n\r\n\r\n\r\n\r\n\r\n\r\n\r\n\r\n\r\n\r\n\r\n\r\n\r\n\r\n\r\n\r\n\r\n\r\n\r\n\r\n\r\n\r\n\r\n\r\n\r\n\r\n\r\n\r\n\r\n\r\n\r\n\r\n\r\n\r\n\r\n\r\n\r\n\r\n\r\n\r\n\r\n\r\n\r\n\r\n\r\n\r\n\r\n\r\n\r\n\r\n\r\n\r\n\r\n\r\n\r\n\r\n\r\n\r\n\r\nAssunto: Voto de pesar pela sua m\u00e3e, Sra. Norma Mendes"}, {"id": "23257", "ano": "2023", "numero": "204", "tipo__sigla": "OF", "tipo__descricao": "Of\u00edcio", "autoria": "", "texto_original": "http://sapl.pedroleopoldo.mg.leg.br/media/sapl/public/materialegislativa/2023/23257/oficio_204-2023.pdf", "ementa": "Ilma. Sra.\r\nIara Souza Vieira\r\nSecret\u00e1ria de Fazenda \r\nPrefeitura Municipal de Pedro Leopoldo-MG\r\n\r\n\r\n\r\n\r\n\r\n\r\n\r\n\r\n\r\n\r\n\r\n\r\n\r\n\r\n\r\n\r\n\r\n\r\n\r\n\r\n\r\n\r\n\r\n\r\n\r\n\r\n\r\n\r\n\r\n\r\n\r\n\r\n\r\n\r\n\r\n\r\n\r\n\r\n\r\n\r\n\r\n\r\n\r\n\r\n\r\n\r\n\r\n\r\n\r\n\r\n\r\n\r\n\r\n\r\n\r\n\r\n\r\n\r\n\r\n\r\n\r\n\r\n\r\n\r\n\r\n\r\n\r\n\r\n\r\n\r\n\r\n\r\n\r\n\r\n\r\n\r\n\r\n\r\n\r\n\r\n\r\n\r\n\r\n\r\n\r\n\r\n\r\n\r\n\r\n\r\n\r\n\r\n\r\n\r\n\r\n\r\n\r\n\r\n\r\n\r\n\r\n\r\n\r\n\r\n\r\n\r\n\r\n\r\n\r\n\r\n\r\n\r\n\r\n\r\nEncaminha a Previs\u00e3o Or\u00e7ament\u00e1ria para exerc\u00edcio de 2024 da C\u00e2mara Municipal de Pedro Leopoldo e solicitou que seja feito a Compatibiliza\u00e7\u00e3o do Or\u00e7amento ao Plano Plurianual - PPA  LDO"}, {"id": "23258", "ano": "2023", "numero": "205", "tipo__sigla": "OF", "tipo__descricao": "Of\u00edcio", "autoria": "", "texto_original": "http://sapl.pedroleopoldo.mg.leg.br/media/sapl/public/materialegislativa/2023/23258/oficio_205_-_2023.pdf", "ementa": "Exma. Sra.\r\nEloisa Helena Carvalho de Freitas de Freitas Pereira\r\nPedro Leopoldo/MG\r\n\r\n\r\n\r\n\r\n\r\n\r\n\r\n\r\n\r\n\r\n\r\n\r\n\r\n\r\n\r\n\r\n\r\n\r\n\r\n\r\n\r\n\r\n\r\n\r\n\r\n\r\n\r\n\r\n\r\n\r\n\r\n\r\n\r\n\r\n\r\n\r\n\r\n\r\n\r\n\r\n\r\n\r\n\r\n\r\n\r\n\r\n\r\n\r\n\r\n\r\n\r\n\r\n\r\n\r\n\r\n\r\n\r\n\r\n\r\n\r\n\r\n\r\n\r\n\r\n\r\n\r\n\r\n\r\n\r\n\r\n\r\n\r\n\r\n\r\n\r\n\r\n\r\n\r\n\r\n\r\n\r\n\r\n\r\n\r\n\r\n\r\n\r\n\r\n\r\n\r\n\r\n\r\n\r\n\r\n\r\n\r\n\r\n\r\n\r\n\r\n\r\n\r\n\r\n\r\n\r\n\r\n\r\n\r\n\r\n\r\n\r\n\r\n\r\n\r\n\r\n\r\n\r\n\r\n\r\n\r\n\r\n\r\n\r\n\r\n\r\n\r\n\r\n\r\n\r\n\r\n\r\n\r\n\r\n\r\n\r\n\r\n\r\nAssunto: Mat\u00e9ria aprovada na 6\u00aa Reuni\u00e3o Extraordin\u00e1ria da C\u00e2mara Municipal  de Pedro Leopoldo."}, {"id": "23259", "ano": "2023", "numero": "209", "tipo__sigla": "OF", "tipo__descricao": "Of\u00edcio", "autoria": "", "texto_original": "http://sapl.pedroleopoldo.mg.leg.br/media/sapl/public/materialegislativa/2023/23259/oficio_209-2023.pdf", "ementa": "Exma. Sra.\r\nEloisa Helena Carvalho de Freitas Pereira\r\nPrefeita Municipal\r\nPedro Leopoldo/MG\r\n\r\n\r\n\r\n\r\n\r\n\r\n\r\n\r\n\r\n\r\n\r\n\r\n\r\n\r\n\r\n\r\n\r\n\r\n\r\n\r\n\r\n\r\n\r\n\r\n\r\n\r\n\r\n\r\n\r\n\r\n\r\n\r\n\r\n\r\n\r\n\r\n\r\n\r\n\r\n\r\n\r\n\r\n\r\n\r\n\r\n\r\n\r\n\r\n\r\n\r\n\r\n\r\n\r\n\r\n\r\n\r\n\r\n\r\n\r\n\r\n\r\n\r\n\r\n\r\n\r\n\r\n\r\n\r\n\r\n\r\n\r\n\r\n\r\n\r\n\r\n\r\n\r\n\r\n\r\n\r\n\r\n\r\n\r\n\r\n\r\n\r\n\r\n\r\n\r\n\r\n\r\n\r\n\r\n\r\n\r\n\r\n\r\n\r\n\r\n\r\n\r\n\r\n\r\n\r\n\r\n\r\n\r\n\r\n\r\n\r\n\r\n\r\n\r\n\r\n\r\n\r\n\r\n\r\n\r\n\r\n\r\n\r\n\r\n\r\n\r\n\r\n\r\n\r\n\r\n\r\n\r\n\r\n\r\n\r\n\r\n\r\n\r\n\r\n\r\n\r\n\r\n\r\n\r\n\r\n\r\n\r\n\r\n\r\n\r\n\r\n\r\n\r\n\r\n\r\n\r\n\r\n\r\n\r\nAssunto: Mat\u00e9ria aprovada na 27\u00aa Reuni\u00e3o Ordin\u00e1ria da C\u00e2mara Municipal de Pedro Leopoldo, realizada em 05 de setembro 2023."}, {"id": "23260", "ano": "2023", "numero": "210", "tipo__sigla": "OF", "tipo__descricao": "Of\u00edcio", "autoria": "", "texto_original": "http://sapl.pedroleopoldo.mg.leg.br/media/sapl/public/materialegislativa/2023/23260/oficio_210-2023.pdf", "ementa": "Ilmo. Sr.\r\nGilson Santos/S\u00f4nia Martins dos Santos e Sobrinhos\r\n\r\n\r\n\r\n\r\n\r\n\r\n\r\n\r\n\r\n\r\n\r\n\r\n\r\n\r\n\r\n\r\n\r\n\r\n\r\n\r\n\r\n\r\n\r\n\r\n\r\n\r\n\r\n\r\n\r\n\r\n\r\n\r\n\r\n\r\n\r\n\r\n\r\n\r\n\r\n\r\n\r\n\r\n\r\n\r\n\r\n\r\n\r\n\r\n\r\n\r\n\r\n\r\n\r\n\r\n\r\n\r\n\r\n\r\n\r\n\r\n\r\n\r\n\r\n\r\n\r\n\r\n\r\n\r\n\r\n\r\n\r\n\r\n\r\n\r\n\r\n\r\n\r\n\r\n\r\n\r\n\r\n\r\n\r\n\r\n\r\n\r\n\r\n\r\n\r\n\r\n\r\n\r\n\r\n\r\n\r\n\r\n\r\n\r\n\r\n\r\n\r\n\r\n\r\n\r\n\r\n\r\n\r\n\r\nAssunto: Voto de pesar pelo falecimento do seu irm\u00e3o, Sr. Arilton Martins dos Santos."}, {"id": "23261", "ano": "2023", "numero": "211", "tipo__sigla": "OF", "tipo__descricao": "Of\u00edcio", "autoria": "", "texto_original": "http://sapl.pedroleopoldo.mg.leg.br/media/sapl/public/materialegislativa/2023/23261/oficio_211-2023.pdf", "ementa": "Ilmo. Sr.\r\nRodrigo de Almeida Penido\r\n\r\n\r\n\r\n\r\n\r\n\r\n\r\n\r\n\r\n\r\n\r\n\r\n\r\n\r\n\r\n\r\n\r\n\r\n\r\n\r\n\r\n\r\n\r\n\r\n\r\n\r\n\r\n\r\n\r\n\r\n\r\n\r\nAssunto: Voto de pesar pelo falecimento do seu pai, Sr. Jos\u00e9 dos Santos Penido"}, {"id": "23262", "ano": "2023", "numero": "212", "tipo__sigla": "OF", "tipo__descricao": "Of\u00edcio", "autoria": "", "texto_original": "http://sapl.pedroleopoldo.mg.leg.br/media/sapl/public/materialegislativa/2023/23262/oficio_212-2023.pdf", "ementa": "Ilma. Sra.\r\nTatiane Aparecida Fernandes Fonseca\r\n\r\n\r\n\r\n\r\n\r\n\r\n\r\n\r\n\r\n\r\n\r\n\r\n\r\n\r\n\r\n\r\n\r\n\r\n\r\n\r\n\r\n\r\n\r\n\r\n\r\n\r\n\r\n\r\n\r\n\r\n\r\n\r\n\r\n\r\n\r\n\r\n\r\n\r\n\r\n\r\n\r\n\r\n\r\n\r\n\r\n\r\n\r\n\r\n\r\n\r\n\r\n\r\n\r\n\r\n\r\n\r\n\r\n\r\n\r\n\r\n\r\n\r\n\r\n\r\n\r\n\r\n\r\n\r\n\r\n\r\n\r\n\r\n\r\n\r\n\r\n\r\n\r\n\r\n\r\n\r\n\r\n\r\n\r\n\r\n\r\n\r\n\r\n\r\n\r\n\r\n\r\n\r\n\r\n\r\n\r\n\r\n\r\n\r\n\r\n\r\n\r\n\r\n\r\n\r\n\r\n\r\n\r\n\r\n\r\n\r\n\r\n\r\n\r\nAssunto: Voto de pesar pelo falecimento da sua m\u00e3e, Sra. Vera L\u00facia Fernandes."}, {"id": "23263", "ano": "2023", "numero": "213", "tipo__sigla": "OF", "tipo__descricao": "Of\u00edcio", "autoria": "", "texto_original": "http://sapl.pedroleopoldo.mg.leg.br/media/sapl/public/materialegislativa/2023/23263/oficio_213-2023.pdf", "ementa": "Ilma. Sra.\r\nGleice Mendes\r\n\r\n\r\n\r\n\r\n\r\n\r\n\r\n\r\n\r\n\r\n\r\n\r\n\r\n\r\n\r\n\r\n\r\n\r\n\r\n\r\n\r\n\r\n\r\n\r\n\r\n\r\n\r\n\r\n\r\n\r\n\r\n\r\n\r\n\r\n\r\n\r\n\r\n\r\n\r\n\r\n\r\n\r\n\r\n\r\n\r\n\r\n\r\n\r\n\r\n\r\n\r\n\r\n\r\n\r\n\r\n\r\n\r\n\r\n\r\n\r\n\r\n\r\n\r\n\r\n\r\n\r\n\r\n\r\n\r\n\r\n\r\n\r\n\r\n\r\n\r\n\r\n\r\n\r\n\r\n\r\n\r\n\r\n\r\n\r\n\r\nAssunto: Voto de pesar pelo falecimento do seu pai, Sr. Jos\u00e9 Evanir de Souza Mendes."}, {"id": "20785", "ano": "2023", "numero": "215", "tipo__sigla": "OF", "tipo__descricao": "Of\u00edcio", "autoria": "", "texto_original": "http://sapl.pedroleopoldo.mg.leg.br/media/", "ementa": "Exma. Sra.\r\nEloisa Helena Carvalho de Freitas Pereira \r\nPrefeitura Municipal de Pedro Leopoldo/MG\r\n\r\n\r\n\r\n\r\n\r\n\r\n\r\n\r\n\r\n\r\n\r\n\r\n\r\n\r\n\r\n\r\n\r\n\r\n\r\n\r\n\r\n\r\n\r\n\r\n\r\n\r\n\r\n\r\n\r\n\r\n\r\n\r\n\r\n\r\n\r\n\r\n\r\n\r\n\r\n\r\n\r\n\r\n\r\n\r\n\r\n\r\n\r\n\r\n\r\n\r\n\r\n\r\n\r\n\r\n\r\n\r\n\r\n\r\n\r\n\r\n\r\n\r\n\r\n\r\n\r\n\r\n\r\n\r\n\r\n\r\n\r\n\r\n\r\n\r\n\r\n\r\n\r\n\r\n\r\n\r\n\r\n\r\n\r\n\r\n\r\n\r\n\r\n\r\n\r\n\r\n\r\n\r\n\r\n\r\n\r\n\r\n\r\n\r\n\r\nAssunto: Mat\u00e9ria aprovada na 27\u00aa  Reuni\u00e3o Ordin\u00e1ria da C\u00e2mara Municipal de Pedro Leopoldo, realizada em 29 de agosto de 2022"}, {"id": "23272", "ano": "2023", "numero": "216", "tipo__sigla": "OF", "tipo__descricao": "Of\u00edcio", "autoria": "", "texto_original": "http://sapl.pedroleopoldo.mg.leg.br/media/", "ementa": "Ilmo. Sr.\r\nRicardo Vieira Barbosa e Familiares \r\n\r\n\r\n\r\n\r\n\r\n\r\n\r\n\r\n\r\n\r\n\r\n\r\n\r\n\r\n\r\n\r\n\r\n\r\n\r\n\r\n\r\n\r\n\r\n\r\n\r\n\r\n\r\n\r\n\r\n\r\n\r\n\r\n\r\n\r\n\r\n\r\n\r\n\r\n\r\n\r\n\r\n\r\n\r\n\r\n\r\n\r\n\r\n\r\n\r\n\r\n\r\n\r\n\r\n\r\n\r\n\r\n\r\n\r\n\r\n\r\n\r\n\r\n\r\n\r\n\r\n\r\n\r\n\r\n\r\n\r\n\r\n\r\n\r\n\r\n\r\n\r\n\r\n\r\n\r\n\r\n\r\n\r\n\r\n\r\n\r\n\r\n\r\n\r\n\r\n\r\n\r\n\r\n\r\n\r\n\r\n\r\n\r\n\r\n\r\n\r\n\r\n\r\n\r\nAssunto: Voto de pesar pelo falecimento da sua esposa,  Sra. Mariana de Castro Nunes."}, {"id": "23265", "ano": "2023", "numero": "217", "tipo__sigla": "OF", "tipo__descricao": "Of\u00edcio", "autoria": "", "texto_original": "http://sapl.pedroleopoldo.mg.leg.br/media/sapl/public/materialegislativa/2023/23265/oficio_217-2023.pdf", "ementa": "Ilma. Sra.\r\nMaria da Concei\u00e7\u00e3o Barbosa e Familiares\r\n\r\n\r\n\r\n\r\n\r\n\r\n\r\n\r\n\r\n\r\n\r\n\r\n\r\n\r\n\r\n\r\n\r\n\r\n\r\n\r\n\r\n\r\n\r\n\r\n\r\n\r\n\r\n\r\n\r\n\r\n\r\n\r\n\r\n\r\n\r\n\r\n\r\n\r\n\r\n\r\n\r\n\r\n\r\n\r\n\r\n\r\n\r\n\r\n\r\n\r\n\r\n\r\n\r\n\r\n\r\n\r\n\r\n\r\n\r\n\r\n\r\n\r\n\r\n\r\n\r\n\r\n\r\n\r\n\r\n\r\n\r\n\r\n\r\n\r\n\r\n\r\n\r\n\r\n\r\n\r\n\r\n\r\n\r\n\r\n\r\n\r\n\r\n\r\n\r\n\r\n\r\n\r\n\r\n\r\n\r\n\r\n\r\n\r\n\r\n\r\n\r\n\r\n\r\n\r\n\r\n\r\n\r\n\r\n\r\n\r\n\r\n\r\n\r\n\r\n\r\n\r\n\r\nAssunto: Voto de pesar pelo  falecimento do seu filho Daniel Carlindo Barbosa."}, {"id": "23264", "ano": "2023", "numero": "218", "tipo__sigla": "OF", "tipo__descricao": "Of\u00edcio", "autoria": "", "texto_original": "http://sapl.pedroleopoldo.mg.leg.br/media/sapl/public/materialegislativa/2023/23264/oficio_215-2023.pdf", "ementa": "Exma. Sra.\r\nEloisa Helena Carvalho de Freitas Pereira\r\n\r\n\r\n\r\n\r\n\r\n\r\n\r\n\r\n\r\n\r\n\r\n\r\n\r\n\r\n\r\n\r\n\r\n\r\n\r\n\r\n\r\n\r\n\r\n\r\n\r\n\r\n\r\n\r\n\r\n\r\n\r\n\r\n\r\n\r\n\r\n\r\n\r\n\r\n\r\n\r\n\r\n\r\n\r\n\r\n\r\n\r\n\r\n\r\n\r\n\r\n\r\n\r\n\r\n\r\n\r\n\r\n\r\n\r\n\r\n\r\n\r\n\r\n\r\n\r\n\r\n\r\n\r\n\r\n\r\n\r\n\r\n\r\n\r\n\r\n\r\n\r\n\r\n\r\n\r\n\r\n\r\n\r\n\r\n\r\n\r\n\r\n\r\n\r\n\r\n\r\n\r\n\r\n\r\n\r\n\r\n\r\n\r\n\r\n\r\n\r\n\r\n\r\n\r\n\r\n\r\n\r\n\r\n\r\n\r\n\r\n\r\n\r\n\r\n\r\n\r\n\r\n\r\n\r\n\r\n\r\nAssunto: Mat\u00e9ria aprovada na 28\u00aa Reuni\u00e3o Ordin\u00e1ria da C\u00e3mara Municipal de Pedro Leopoldo, realizada em 11 de setembro de 2023."}, {"id": "23266", "ano": "2023", "numero": "219", "tipo__sigla": "OF", "tipo__descricao": "Of\u00edcio", "autoria": "", "texto_original": "http://sapl.pedroleopoldo.mg.leg.br/media/sapl/public/materialegislativa/2023/23266/oficio_218-2023.pdf", "ementa": "Ilma. Sra.\r\nDirce Maria do Nascimento e Familiares\r\n\r\n\r\n\r\n\r\n\r\n\r\n\r\n\r\n\r\n\r\n\r\n\r\n\r\n\r\n\r\n\r\n\r\n\r\n\r\n\r\n\r\n\r\n\r\n\r\n\r\n\r\n\r\n\r\n\r\n\r\n\r\n\r\n\r\n\r\n\r\n\r\n\r\n\r\n\r\n\r\n\r\n\r\n\r\n\r\n\r\n\r\n\r\n\r\n\r\n\r\n\r\n\r\n\r\n\r\n\r\n\r\n\r\n\r\n\r\n\r\n\r\n\r\n\r\n\r\n\r\n\r\n\r\n\r\n\r\n\r\n\r\n\r\n\r\n\r\n\r\n\r\n\r\n\r\n\r\n\r\nAssunto: Voto de pesar pelo falecimento do seu pai, Jos\u00e9 Trindade do Nascimento."}, {"id": "23267", "ano": "2023", "numero": "220", "tipo__sigla": "OF", "tipo__descricao": "Of\u00edcio", "autoria": "", "texto_original": "http://sapl.pedroleopoldo.mg.leg.br/media/sapl/public/materialegislativa/2023/23267/oficio_220-2023.pdf", "ementa": "Exma. Sra.\r\nEloisa Helena Carvalho de Freitas Pereira\r\nPrefeita Municipal\r\nPedro Leopoldo/MG\r\n\r\n\r\n\r\n\r\n\r\n\r\n\r\n\r\n\r\n\r\n\r\n\r\n\r\n\r\n\r\n\r\n\r\n\r\n\r\n\r\n\r\n\r\n\r\n\r\n\r\n\r\n\r\n\r\n\r\n\r\n\r\n\r\n\r\n\r\n\r\n\r\n\r\n\r\n\r\n\r\n\r\n\r\n\r\n\r\n\r\n\r\n\r\n\r\n\r\n\r\n\r\n\r\n\r\n\r\n\r\n\r\n\r\n\r\n\r\n\r\n\r\n\r\n\r\n\r\n\r\n\r\n\r\n\r\n\r\n\r\n\r\n\r\n\r\n\r\n\r\n\r\n\r\n\r\n\r\n\r\n\r\n\r\n\r\n\r\n\r\n\r\n\r\n\r\n\r\n\r\n\r\n\r\n\r\n\r\n\r\n\r\n\r\n\r\n\r\n\r\n\r\n\r\n\r\n\r\n\r\n\r\n\r\n\r\n\r\n\r\n\r\n\r\n\r\n\r\n\r\n\r\n\r\n\r\n\r\nAssunto: Mat\u00e9ria aprovada na 7\u00aa Reuni\u00e3o Extraordin\u00e1ria da C\u00e2mara Municipal de Pedro Leopoldo, realizada em 13 de setembro 2023."}, {"id": "23268", "ano": "2023", "numero": "224", "tipo__sigla": "OF", "tipo__descricao": "Of\u00edcio", "autoria": "", "texto_original": "http://sapl.pedroleopoldo.mg.leg.br/media/sapl/public/materialegislativa/2023/23268/oficio_224-2023.pdf", "ementa": "Exma. Sra.\r\nEloisa Helena Carvalho de Freitas Pereira\r\n\r\n\r\n\r\n\r\n\r\n\r\n\r\n\r\n\r\n\r\n\r\n\r\n\r\n\r\n\r\n\r\n\r\n\r\n\r\n\r\n\r\n\r\n\r\n\r\n\r\n\r\n\r\n\r\n\r\n\r\n\r\n\r\n\r\n\r\n\r\n\r\n\r\n\r\n\r\n\r\n\r\n\r\n\r\n\r\n\r\n\r\n\r\n\r\n\r\n\r\n\r\n\r\n\r\n\r\n\r\n\r\n\r\n\r\n\r\n\r\n\r\n\r\n\r\n\r\n\r\n\r\n\r\n\r\n\r\n\r\nAssunto: Mat\u00e9ria aprovada na 29\u00aa da Reuni\u00e3o Ordin\u00e1ria da C\u00e2mara Municipal de Pedro Leopoldo, realizada em 18 setembro de 2023."}, {"id": "23269", "ano": "2023", "numero": "225", "tipo__sigla": "OF", "tipo__descricao": "Of\u00edcio", "autoria": "", "texto_original": "http://sapl.pedroleopoldo.mg.leg.br/media/sapl/public/materialegislativa/2023/23269/oficio_225-2023.pdf", "ementa": "Ilma. Sra.\r\nDaiane Aparecida de Assis e Fam\u00edlia\r\n\r\n\r\n\r\n\r\n\r\n\r\n\r\n\r\n\r\n\r\n\r\n\r\n\r\n\r\n\r\n\r\n\r\n\r\n\r\n\r\n\r\n\r\n\r\n\r\n\r\n\r\n\r\n\r\n\r\n\r\n\r\n\r\n\r\n\r\n\r\n\r\n\r\n\r\n\r\n\r\n\r\n\r\n\r\n\r\n\r\n\r\n\r\n\r\n\r\n\r\n\r\n\r\n\r\n\r\n\r\nAssunto: Voto de pesar pelo falecimento de seu pai, Marcelo de Assis Santos."}, {"id": "23270", "ano": "2023", "numero": "226", "tipo__sigla": "OF", "tipo__descricao": "Of\u00edcio", "autoria": "", "texto_original": "http://sapl.pedroleopoldo.mg.leg.br/media/sapl/public/materialegislativa/2023/23270/oficio_226-2023.pdf", "ementa": "Ilma. Sra.\r\nAna L\u00facia Vieira Conrado\r\n\r\n\r\n\r\n\r\n\r\n\r\n\r\n\r\n\r\n\r\n\r\n\r\n\r\n\r\n\r\n\r\n\r\n\r\n\r\n\r\n\r\n\r\n\r\n\r\n\r\n\r\n\r\n\r\n\r\n\r\n\r\n\r\n\r\n\r\n\r\n\r\n\r\n\r\n\r\n\r\n\r\n\r\n\r\n\r\n\r\n\r\n\r\n\r\n\r\n\r\n\r\n\r\n\r\n\r\n\r\n\r\n\r\n\r\n\r\n\r\n\r\n\r\n\r\n\r\n\r\n\r\n\r\n\r\n\r\n\r\n\r\n\r\n\r\n\r\n\r\n\r\n\r\n\r\n\r\n\r\n\r\n\r\n\r\n\r\n\r\n\r\n\r\n\r\n\r\n\r\n\r\n\r\n\r\n\r\n\r\n\r\n\r\n\r\n\r\n\r\n\r\n\r\n\r\n\r\n\r\n\r\n\r\n\r\n\r\n\r\n\r\n\r\n\r\n\r\n\r\n\r\n\r\n\r\n\r\n\r\n\r\nAssunto: Voto de pesar pelo falecimento da sua filha, Maria Beatriz Camelo."}, {"id": "23271", "ano": "2023", "numero": "227", "tipo__sigla": "OF", "tipo__descricao": "Of\u00edcio", "autoria": "", "texto_original": "http://sapl.pedroleopoldo.mg.leg.br/media/sapl/public/materialegislativa/2023/23271/oficio_227-2023.pdf", "ementa": "Ilma. Sra.\r\nMaria Barbosa\r\n\r\n\r\n\r\n\r\n\r\n\r\n\r\n\r\n\r\n\r\n\r\n\r\n\r\n\r\n\r\n\r\n\r\n\r\n\r\n\r\n\r\n\r\n\r\n\r\n\r\n\r\n\r\n\r\n\r\n\r\n\r\n\r\n\r\n\r\n\r\n\r\n\r\n\r\n\r\n\r\n\r\n\r\n\r\n\r\n\r\n\r\n\r\n\r\n\r\n\r\n\r\n\r\n\r\n\r\n\r\n\r\n\r\n\r\n\r\n\r\n\r\n\r\n\r\n\r\n\r\n\r\n\r\n\r\n\r\n\r\n\r\n\r\n\r\n\r\n\r\n\r\n\r\n\r\n\r\n\r\n\r\n\r\n\r\nAssunto: Voto de pesar pelo falecimento do seu c\u00f4njugue, Wilson Barbosa."}, {"id": "23273", "ano": "2023", "numero": "228", "tipo__sigla": "OF", "tipo__descricao": "Of\u00edcio", "autoria": "", "texto_original": "http://sapl.pedroleopoldo.mg.leg.br/media/sapl/public/materialegislativa/2023/23273/oficio_228-2023.pdf", "ementa": "Ilma.(s) Sra.(s)\r\nRoneide Regina Leroy Batista e Renata Leroy\r\n\r\n\r\n\r\n\r\n\r\n\r\n\r\n\r\n\r\n\r\n\r\n\r\n\r\n\r\n\r\n\r\n\r\n\r\n\r\n\r\n\r\n\r\n\r\n\r\n\r\n\r\n\r\n\r\n\r\n\r\n\r\n\r\n\r\n\r\n\r\n\r\n\r\n\r\n\r\n\r\n\r\n\r\n\r\n\r\n\r\n\r\n\r\n\r\n\r\n\r\n\r\n\r\n\r\n\r\n\r\n\r\n\r\n\r\n\r\n\r\n\r\n\r\n\r\n\r\n\r\n\r\n\r\n\r\n\r\n\r\n\r\n\r\n\r\n\r\n\r\n\r\n\r\n\r\n\r\n\r\n\r\n\r\n\r\n\r\n\r\n\r\n\r\n\r\n\r\n\r\n\r\n\r\n\r\n\r\n\r\n\r\n\r\n\r\n\r\n\r\n\r\n\r\n\r\n\r\n\r\n\r\n\r\n\r\n\r\nAssunto: Voto de pesar pelo falecimento do Sr. Reginaldo Leroy Faria."}, {"id": "23274", "ano": "2023", "numero": "231", "tipo__sigla": "OF", "tipo__descricao": "Of\u00edcio", "autoria": "", "texto_original": "http://sapl.pedroleopoldo.mg.leg.br/media/sapl/public/materialegislativa/2023/23274/oficio_231-2023.pdf", "ementa": "Exma. Sra.\r\nEloisa Helena Carvalho de Freitas Pereira\r\nPrefeita Municipal\r\nPedro Leopoldo/MG\r\n\r\n\r\n\r\n\r\n\r\n\r\n\r\n\r\n\r\n\r\n\r\n\r\n\r\n\r\n\r\n\r\n\r\n\r\n\r\n\r\n\r\n\r\n\r\n\r\n\r\n\r\n\r\n\r\n\r\n\r\n\r\n\r\n\r\n\r\n\r\n\r\n\r\n\r\n\r\n\r\n\r\n\r\n\r\n\r\n\r\n\r\n\r\n\r\n\r\n\r\n\r\n\r\n\r\n\r\n\r\n\r\n\r\n\r\n\r\n\r\n\r\n\r\n\r\n\r\n\r\n\r\n\r\n\r\n\r\n\r\n\r\n\r\n\r\n\r\n\r\n\r\n\r\n\r\n\r\n\r\n\r\n\r\n\r\n\r\n\r\nAssunto: Mat\u00e9ria aprovada na 8\u00aa Reuni\u00e3o Extraordin\u00e1ria da C\u00e2mara Municipal de Pedro Leopoldo, realizada em 21 de setembro de 2023."}, {"id": "23275", "ano": "2023", "numero": "232", "tipo__sigla": "OF", "tipo__descricao": "Of\u00edcio", "autoria": "", "texto_original": "http://sapl.pedroleopoldo.mg.leg.br/media/sapl/public/materialegislativa/2023/23275/oficio_232-2023.pdf", "ementa": "Exma. Sra.\r\nEloisa Helena Carvalho de Freitas Pereira\r\nPrefeita Municipal\r\nPedro Leopoldo/MG\r\n\r\n\r\n\r\n\r\n\r\n\r\n\r\n\r\n\r\n\r\n\r\n\r\n\r\n\r\n\r\n\r\n\r\n\r\n\r\n\r\n\r\n\r\n\r\n\r\n\r\n\r\n\r\n\r\n\r\n\r\n\r\n\r\n\r\n\r\n\r\n\r\n\r\n\r\n\r\n\r\n\r\n\r\n\r\n\r\n\r\n\r\n\r\n\r\n\r\n\r\n\r\n\r\n\r\n\r\n\r\n\r\n\r\n\r\n\r\n\r\n\r\n\r\n\r\n\r\n\r\n\r\n\r\n\r\n\r\n\r\n\r\n\r\n\r\n\r\n\r\n\r\n\r\n\r\n\r\n\r\n\r\n\r\n\r\n\r\n\r\n\r\n\r\n\r\n\r\n\r\n\r\n\r\n\r\n\r\n\r\n\r\n\r\n\r\n\r\n\r\n\r\n\r\n\r\n\r\n\r\n\r\n\r\n\r\n\r\n\r\n\r\n\r\n\r\n\r\n\r\nAssunto: Mat\u00e9ria aprovada na 30\u00aa Reuni\u00e3o Ordin\u00e1ria da C\u00e2mara Municipal de Pedro Leopoldo, realizada em 25 de setembro de 2023."}, {"id": "23276", "ano": "2023", "numero": "233", "tipo__sigla": "OF", "tipo__descricao": "Of\u00edcio", "autoria": "", "texto_original": "http://sapl.pedroleopoldo.mg.leg.br/media/sapl/public/materialegislativa/2023/23276/oficio_233-2023.pdf", "ementa": "Ilmo.(s) Sr.(s)\r\nDiego Lamounier e Luiz Gustavo Lamounier\r\n\r\n\r\n\r\n\r\n\r\n\r\n\r\n\r\n\r\n\r\n\r\n\r\n\r\n\r\n\r\n\r\n\r\n\r\n\r\n\r\n\r\n\r\n\r\n\r\n\r\n\r\n\r\n\r\n\r\n\r\n\r\n\r\n\r\n\r\n\r\n\r\n\r\n\r\n\r\n\r\n\r\n\r\n\r\n\r\n\r\n\r\n\r\n\r\n\r\n\r\n\r\n\r\n\r\n\r\n\r\n\r\n\r\n\r\n\r\n\r\n\r\n\r\n\r\n\r\n\r\n\r\n\r\n\r\n\r\n\r\n\r\n\r\n\r\n\r\n\r\n\r\n\r\n\r\n\r\n\r\n\r\n\r\n\r\n\r\n\r\n\r\n\r\n\r\n\r\n\r\n\r\n\r\n\r\n\r\n\r\n\r\n\r\nAssunto: Voto de pesar pelo falecimento do Sr. J\u00falio Eduardo Teixeira."}, {"id": "23277", "ano": "2023", "numero": "234", "tipo__sigla": "OF", "tipo__descricao": "Of\u00edcio", "autoria": "", "texto_original": "http://sapl.pedroleopoldo.mg.leg.br/media/sapl/public/materialegislativa/2023/23277/oficio_234-2023.pdf", "ementa": "Ilma. Sra.\r\nLet\u00edcia Eliane Campolina Ferreira Costa\r\n\r\n\r\n\r\n\r\n\r\n\r\n\r\n\r\n\r\n\r\n\r\n\r\n\r\n\r\n\r\n\r\n\r\n\r\n\r\n\r\n\r\n\r\n\r\n\r\n\r\n\r\n\r\n\r\n\r\n\r\n\r\n\r\n\r\n\r\n\r\n\r\n\r\n\r\n\r\n\r\n\r\n\r\n\r\n\r\n\r\n\r\n\r\n\r\n\r\n\r\n\r\n\r\n\r\n\r\n\r\n\r\n\r\n\r\n\r\n\r\n\r\n\r\n\r\n\r\n\r\n\r\n\r\n\r\n\r\n\r\n\r\n\r\n\r\n\r\n\r\n\r\n\r\n\r\n\r\n\r\n\r\n\r\n\r\n\r\n\r\n\r\n\r\n\r\n\r\n\r\n\r\n\r\n\r\n\r\n\r\n\r\n\r\n\r\n\r\n\r\n\r\n\r\n\r\n\r\n\r\n\r\n\r\n\r\n\r\n\r\n\r\n\r\n\r\n\r\n\r\n\r\n\r\n\r\n\r\n\r\n\r\n\r\n\r\n\r\n\r\n\r\n\r\n\r\n\r\n\r\n\r\n\r\n\r\n\r\n\r\n\r\n\r\n\r\nAssunto: Voto de pesar pelo falecimento do Sr. Geraldo Batista Campolina."}, {"id": "23278", "ano": "2023", "numero": "235", "tipo__sigla": "OF", "tipo__descricao": "Of\u00edcio", "autoria": "", "texto_original": "http://sapl.pedroleopoldo.mg.leg.br/media/sapl/public/materialegislativa/2023/23278/oficio_235-2023.pdf", "ementa": "Ilma. Sra.\r\nMarta Efig\u00eanio\r\n\r\n\r\n\r\n\r\n\r\n\r\n\r\n\r\n\r\n\r\n\r\n\r\n\r\n\r\n\r\n\r\n\r\n\r\n\r\n\r\n\r\n\r\n\r\n\r\n\r\n\r\n\r\n\r\n\r\n\r\n\r\n\r\n\r\n\r\n\r\n\r\n\r\n\r\n\r\n\r\n\r\n\r\n\r\n\r\n\r\n\r\n\r\n\r\n\r\n\r\n\r\n\r\n\r\n\r\n\r\n\r\n\r\n\r\n\r\n\r\n\r\n\r\n\r\n\r\n\r\n\r\n\r\n\r\n\r\n\r\n\r\n\r\n\r\n\r\n\r\n\r\n\r\n\r\n\r\n\r\n\r\nAssunto: Voto de pesar pelo falecimento do seu pai, Marcos Efig\u00eanio de Souza."}, {"id": "23279", "ano": "2023", "numero": "236", "tipo__sigla": "OF", "tipo__descricao": "Of\u00edcio", "autoria": "", "texto_original": "http://sapl.pedroleopoldo.mg.leg.br/media/sapl/public/materialegislativa/2023/23279/oficio_236-2023.pdf", "ementa": "Ilmo. Sr.\r\nMilton Efig\u00eanio de Souza\r\n\r\n\r\n\r\n\r\n\r\n\r\n\r\n\r\n\r\n\r\n\r\n\r\n\r\n\r\n\r\n\r\n\r\n\r\n\r\n\r\n\r\n\r\n\r\n\r\n\r\n\r\n\r\n\r\n\r\n\r\n\r\n\r\n\r\n\r\n\r\n\r\n\r\n\r\n\r\n\r\n\r\n\r\n\r\n\r\n\r\n\r\n\r\n\r\n\r\n\r\n\r\n\r\n\r\n\r\n\r\n\r\n\r\n\r\n\r\n\r\n\r\n\r\n\r\n\r\n\r\n\r\n\r\n\r\n\r\n\r\n\r\n\r\n\r\n\r\n\r\n\r\n\r\n\r\n\r\n\r\n\r\n\r\n\r\n\r\n\r\n\r\n\r\n\r\n\r\n\r\n\r\n\r\n\r\n\r\n\r\n\r\n\r\n\r\n\r\n\r\n\r\n\r\n\r\n\r\n\r\n\r\n\r\n\r\n\r\n\r\n\r\n\r\n\r\n\r\n\r\n\r\n\r\n\r\n\r\n\r\n\r\n\r\nAssunto: Voto de pesar pelo falecimento do seu pai, Marcos Efig\u00eanio de Souza."}, {"id": "23280", "ano": "2023", "numero": "237", "tipo__sigla": "OF", "tipo__descricao": "Of\u00edcio", "autoria": "", "texto_original": "http://sapl.pedroleopoldo.mg.leg.br/media/sapl/public/materialegislativa/2023/23280/oficio_237-2023.pdf", "ementa": "Ilma. (o) Sra. (o)\r\nDenise Santos, Isabel Gabrich e Marcelo Santos\r\n\r\n\r\n\r\n\r\n\r\n\r\n\r\n\r\n\r\n\r\n\r\n\r\n\r\n\r\n\r\n\r\n\r\n\r\n\r\n\r\n\r\n\r\n\r\n\r\n\r\n\r\n\r\n\r\n\r\n\r\n\r\n\r\n\r\n\r\n\r\n\r\n\r\n\r\n\r\n\r\n\r\n\r\n\r\n\r\n\r\n\r\n\r\n\r\n\r\n\r\n\r\n\r\n\r\n\r\n\r\n\r\n\r\n\r\n\r\n\r\n\r\n\r\n\r\n\r\n\r\n\r\n\r\n\r\n\r\n\r\n\r\n\r\n\r\n\r\n\r\n\r\n\r\n\r\n\r\n\r\n\r\n\r\n\r\n\r\n\r\n\r\n\r\n\r\n\r\n\r\n\r\nAssunto: Voto de pesar pelo falecimento da sua m\u00e3e, Maria Eug\u00eania Alves dos Santos."}, {"id": "23281", "ano": "2023", "numero": "238", "tipo__sigla": "OF", "tipo__descricao": "Of\u00edcio", "autoria": "", "texto_original": "http://sapl.pedroleopoldo.mg.leg.br/media/sapl/public/materialegislativa/2023/23281/oficio_238-2023.pdf", "ementa": "Ilma. Sra.\r\nDirlene Aparecida Lima\r\n\r\n\r\n\r\n\r\n\r\n\r\n\r\n\r\n\r\n\r\n\r\n\r\n\r\n\r\n\r\n\r\n\r\n\r\n\r\n\r\n\r\n\r\n\r\n\r\n\r\n\r\n\r\n\r\n\r\n\r\n\r\n\r\n\r\n\r\n\r\n\r\n\r\n\r\n\r\n\r\n\r\n\r\n\r\n\r\n\r\n\r\n\r\n\r\n\r\n\r\n\r\n\r\n\r\n\r\n\r\n\r\n\r\n\r\n\r\n\r\n\r\n\r\n\r\n\r\n\r\n\r\n\r\n\r\n\r\n\r\n\r\n\r\n\r\n\r\n\r\n\r\n\r\n\r\n\r\n\r\n\r\n\r\n\r\n\r\n\r\n\r\n\r\n\r\n\r\n\r\n\r\n\r\n\r\n\r\n\r\n\r\n\r\n\r\n\r\n\r\n\r\n\r\n\r\n\r\n\r\n\r\n\r\n\r\n\r\n\r\n\r\n\r\n\r\n\r\n\r\n\r\n\r\n\r\n\r\n\r\n\r\n\r\n\r\n\r\n\r\n\r\n\r\n\r\n\r\n\r\n\r\n\r\n\r\n\r\n\r\n\r\n\r\nAssunto: Voto de pesar pelo falecimento pelo seu pai, Nonato Damas Matoso."}, {"id": "23282", "ano": "2023", "numero": "239", "tipo__sigla": "OF", "tipo__descricao": "Of\u00edcio", "autoria": "", "texto_original": "http://sapl.pedroleopoldo.mg.leg.br/media/sapl/public/materialegislativa/2023/23282/oficio_239-2023.pdf", "ementa": "Exma. Sra.\r\nEloisa Helena Carvalho de Freitas Pereira\r\nPrefeita Municipal\r\nPedro Leopoldo/MG\r\n\r\n\r\n\r\n\r\n\r\n\r\n\r\n\r\n\r\n\r\n\r\n\r\n\r\n\r\n\r\n\r\n\r\n\r\n\r\n\r\n\r\n\r\n\r\n\r\n\r\n\r\n\r\n\r\n\r\n\r\n\r\n\r\n\r\n\r\n\r\n\r\n\r\n\r\n\r\n\r\n\r\n\r\n\r\n\r\n\r\n\r\n\r\n\r\n\r\n\r\n\r\n\r\n\r\n\r\n\r\n\r\n\r\n\r\n\r\n\r\n\r\n\r\n\r\n\r\n\r\n\r\n\r\n\r\n\r\n\r\n\r\n\r\n\r\n\r\n\r\n\r\n\r\n\r\n\r\n\r\n\r\n\r\n\r\n\r\n\r\n\r\n\r\n\r\n\r\n\r\n\r\n\r\n\r\n\r\n\r\n\r\n\r\n\r\n\r\n\r\n\r\n\r\n\r\n\r\n\r\n\r\n\r\n\r\n\r\n\r\n\r\n\r\n\r\n\r\n\r\n\r\n\r\n\r\n\r\n\r\n\r\n\r\n\r\n\r\n\r\n\r\nAssunto: Mat\u00e9ria aprovada na 31\u00aa Reuni\u00e3o Ordin\u00e1ria da C\u00e2mara Municipal de Pedro Leopoldo, realizada em 02 de outubro de 2023."}, {"id": "23283", "ano": "2023", "numero": "240", "tipo__sigla": "OF", "tipo__descricao": "Of\u00edcio", "autoria": "", "texto_original": "http://sapl.pedroleopoldo.mg.leg.br/media/sapl/public/materialegislativa/2023/23283/oficio_240-2023.pdf", "ementa": "Ilma. Sra.\r\nMaria do Ros\u00e1rio Souza Reis e Fam\u00edlia\r\n\r\n\r\n\r\n\r\n\r\n\r\n\r\n\r\n\r\n\r\n\r\n\r\n\r\n\r\n\r\n\r\n\r\n\r\n\r\n\r\n\r\n\r\n\r\n\r\n\r\n\r\n\r\n\r\n\r\n\r\n\r\n\r\n\r\n\r\n\r\n\r\n\r\n\r\n\r\n\r\n\r\n\r\n\r\n\r\n\r\n\r\n\r\n\r\n\r\n\r\n\r\n\r\n\r\n\r\n\r\n\r\n\r\n\r\n\r\n\r\n\r\n\r\n\r\n\r\n\r\n\r\n\r\n\r\n\r\n\r\n\r\n\r\n\r\n\r\n\r\n\r\n\r\n\r\n\r\n\r\n\r\nAssunto: Voto de pesar pelo falecimento do seu irm\u00e3o, Miguel de Jesus Ferreira de Souza."}, {"id": "23284", "ano": "2023", "numero": "241", "tipo__sigla": "OF", "tipo__descricao": "Of\u00edcio", "autoria": "", "texto_original": "http://sapl.pedroleopoldo.mg.leg.br/media/sapl/public/materialegislativa/2023/23284/oficio_241-2023.pdf", "ementa": "Ilma. Sra.\r\nN\u00fabia Soares Albano e Fam\u00edlia\r\n\r\n\r\n\r\n\r\n\r\n\r\n\r\n\r\n\r\n\r\n\r\n\r\n\r\n\r\n\r\n\r\n\r\n\r\n\r\n\r\n\r\n\r\n\r\n\r\n\r\n\r\n\r\n\r\n\r\n\r\n\r\n\r\n\r\n\r\n\r\n\r\n\r\n\r\n\r\n\r\n\r\n\r\n\r\n\r\n\r\n\r\n\r\n\r\n\r\n\r\n\r\n\r\n\r\n\r\n\r\n\r\n\r\n\r\n\r\n\r\n\r\n\r\n\r\n\r\n\r\n\r\n\r\n\r\n\r\n\r\n\r\n\r\n\r\n\r\n\r\n\r\n\r\n\r\n\r\n\r\n\r\n\r\n\r\n\r\n\r\n\r\n\r\n\r\n\r\n\r\n\r\n\r\n\r\n\r\n\r\n\r\n\r\n\r\n\r\n\r\n\r\n\r\n\r\n\r\n\r\n\r\n\r\n\r\nAssunto: Voto de pesar pelo falecimento do seu pai, Sr. Adeildo Albano."}, {"id": "23285", "ano": "2023", "numero": "242", "tipo__sigla": "OF", "tipo__descricao": "Of\u00edcio", "autoria": "", "texto_original": "http://sapl.pedroleopoldo.mg.leg.br/media/sapl/public/materialegislativa/2023/23285/oficio_242-2023.pdf", "ementa": "Ilma. Sra.\r\nDaiane Rodrigues e Fam\u00edlia \r\n\r\n\r\n\r\n\r\n\r\n\r\n\r\n\r\n\r\n\r\n\r\n\r\n\r\n\r\n\r\n\r\n\r\n\r\n\r\n\r\n\r\n\r\n\r\n\r\n\r\n\r\n\r\n\r\n\r\n\r\n\r\n\r\n\r\n\r\n\r\n\r\n\r\n\r\n\r\n\r\n\r\n\r\n\r\n\r\n\r\n\r\n\r\n\r\n\r\n\r\n\r\n\r\n\r\n\r\n\r\n\r\n\r\n\r\n\r\n\r\n\r\n\r\n\r\n\r\nAssunto: Voto de pesar pelo falecimento do seu pai, Raimundo Benedito Rodrigues."}, {"id": "23286", "ano": "2023", "numero": "243", "tipo__sigla": "OF", "tipo__descricao": "Of\u00edcio", "autoria": "", "texto_original": "http://sapl.pedroleopoldo.mg.leg.br/media/sapl/public/materialegislativa/2023/23286/oficio_243-2023.pdf", "ementa": "Ilma. Sra.\r\nMarta Efig\u00eanio\r\n\r\n\r\n\r\n\r\n\r\n\r\n\r\n\r\n\r\n\r\n\r\n\r\n\r\n\r\n\r\n\r\n\r\n\r\n\r\n\r\n\r\n\r\n\r\n\r\n\r\n\r\n\r\n\r\n\r\n\r\n\r\n\r\n\r\n\r\n\r\n\r\n\r\n\r\n\r\n\r\n\r\n\r\n\r\n\r\n\r\n\r\n\r\n\r\n\r\n\r\n\r\n\r\n\r\n\r\n\r\n\r\n\r\n\r\n\r\n\r\n\r\n\r\n\r\n\r\n\r\n\r\n\r\n\r\n\r\n\r\n\r\n\r\n\r\n\r\n\r\n\r\n\r\n\r\n\r\n\r\n\r\n\r\n\r\n\r\n\r\n\r\n\r\n\r\n\r\n\r\n\r\n\r\n\r\n\r\n\r\n\r\n\r\n\r\n\r\n\r\n\r\n\r\n\r\n\r\n\r\nAssunto: Voto de pesar pelo falecimento do seu pai, Marcos Efig\u00eanio de Souza."}, {"id": "23287", "ano": "2023", "numero": "244", "tipo__sigla": "OF", "tipo__descricao": "Of\u00edcio", "autoria": "", "texto_original": "http://sapl.pedroleopoldo.mg.leg.br/media/sapl/public/materialegislativa/2023/23287/oficio_244-2023.pdf", "ementa": "Ilmo. Sr.\r\nMilton Efig\u00eanio de Souza\r\n\r\n\r\n\r\n\r\n\r\n\r\n\r\n\r\n\r\n\r\n\r\n\r\n\r\n\r\n\r\n\r\n\r\n\r\n\r\n\r\n\r\n\r\n\r\n\r\n\r\n\r\n\r\n\r\n\r\n\r\n\r\n\r\n\r\n\r\n\r\n\r\n\r\n\r\n\r\n\r\n\r\n\r\n\r\n\r\n\r\n\r\n\r\n\r\n\r\n\r\n\r\n\r\n\r\n\r\n\r\n\r\n\r\n\r\n\r\n\r\n\r\n\r\n\r\n\r\n\r\n\r\n\r\n\r\n\r\n\r\n\r\n\r\n\r\n\r\n\r\n\r\n\r\n\r\n\r\n\r\n\r\n\r\n\r\n\r\n\r\n\r\n\r\n\r\n\r\n\r\n\r\n\r\n\r\n\r\n\r\n\r\n\r\n\r\n\r\n\r\n\r\n\r\n\r\n\r\n\r\n\r\n\r\n\r\n\r\n\r\n\r\n\r\n\r\n\r\n\r\n\r\n\r\n\r\n\r\n\r\n\r\n\r\n\r\n\r\n\r\n\r\n\r\n\r\n\r\n\r\nAssunto: Voto de pesar pelo falecimento do seu pai, Marcos Efig\u00eanio de Souza."}, {"id": "23288", "ano": "2023", "numero": "245", "tipo__sigla": "OF", "tipo__descricao": "Of\u00edcio", "autoria": "", "texto_original": "http://sapl.pedroleopoldo.mg.leg.br/media/sapl/public/materialegislativa/2023/23288/oficio_245-2023.pdf", "ementa": "Ilmo. Sr.\r\nVin\u00edcius Santos Rodrigues e Fam\u00edlia\r\n\r\n\r\n\r\n\r\n\r\n\r\n\r\n\r\n\r\n\r\n\r\n\r\n\r\n\r\n\r\n\r\n\r\n\r\n\r\n\r\n\r\n\r\n\r\n\r\n\r\n\r\n\r\n\r\n\r\n\r\n\r\n\r\n\r\n\r\n\r\n\r\n\r\n\r\n\r\n\r\n\r\n\r\n\r\n\r\n\r\n\r\n\r\n\r\n\r\n\r\n\r\n\r\n\r\n\r\n\r\n\r\n\r\n\r\n\r\n\r\n\r\n\r\n\r\n\r\n\r\n\r\n\r\n\r\n\r\n\r\n\r\n\r\n\r\n\r\n\r\n\r\n\r\n\r\n\r\n\r\n\r\n\r\nAssunto: Voto de pesar pelo falecimento do seu pai, Raimundo Benedito Rodrigues."}, {"id": "23289", "ano": "2023", "numero": "246", "tipo__sigla": "OF", "tipo__descricao": "Of\u00edcio", "autoria": "", "texto_original": "http://sapl.pedroleopoldo.mg.leg.br/media/sapl/public/materialegislativa/2023/23289/oficio_246-2023.pdf", "ementa": "Ilmo. Sr.\r\nRayberg Rodrigues e Fam\u00edlia\r\n\r\n\r\n\r\n\r\n\r\n\r\n\r\n\r\n\r\n\r\n\r\n\r\n\r\n\r\n\r\n\r\n\r\n\r\n\r\n\r\n\r\n\r\n\r\n\r\n\r\n\r\n\r\n\r\n\r\n\r\n\r\n\r\n\r\n\r\n\r\n\r\n\r\n\r\n\r\n\r\n\r\n\r\n\r\n\r\n\r\n\r\n\r\n\r\n\r\n\r\n\r\n\r\n\r\n\r\n\r\n\r\n\r\n\r\n\r\n\r\n\r\n\r\n\r\n\r\n\r\n\r\n\r\n\r\n\r\n\r\n\r\n\r\n\r\n\r\n\r\n\r\n\r\n\r\n\r\n\r\n\r\n\r\n\r\n\r\n\r\n\r\n\r\n\r\n\r\n\r\n\r\n\r\n\r\n\r\n\r\n\r\n\r\n\r\n\r\nAssunto: Voto de pesar pelo falecimento do seu pai, Raimundo Benedito Rodrigues."}, {"id": "23290", "ano": "2023", "numero": "247", "tipo__sigla": "OF", "tipo__descricao": "Of\u00edcio", "autoria": "", "texto_original": "http://sapl.pedroleopoldo.mg.leg.br/media/sapl/public/materialegislativa/2023/23290/oficio_247-2023.pdf", "ementa": "Ilmo. Sr.\r\nChristian Rodrigues e Fam\u00edlia\r\n\r\n\r\n\r\n\r\n\r\n\r\n\r\n\r\n\r\n\r\n\r\n\r\n\r\n\r\n\r\n\r\n\r\n\r\n\r\n\r\n\r\n\r\n\r\n\r\n\r\n\r\n\r\n\r\n\r\n\r\n\r\n\r\n\r\n\r\n\r\n\r\n\r\n\r\n\r\n\r\n\r\n\r\n\r\n\r\n\r\n\r\n\r\n\r\n\r\n\r\n\r\n\r\n\r\n\r\n\r\n\r\n\r\n\r\n\r\n\r\n\r\n\r\n\r\n\r\n\r\n\r\n\r\n\r\n\r\n\r\n\r\n\r\n\r\n\r\n\r\n\r\n\r\n\r\n\r\n\r\n\r\n\r\n\r\n\r\n\r\n\r\n\r\n\r\n\r\n\r\n\r\n\r\n\r\n\r\n\r\n\r\nAssunto: Voto de pesar pelo falecimento do seu pai, Raimundo Benedito Rodrigues"}, {"id": "23291", "ano": "2023", "numero": "250", "tipo__sigla": "OF", "tipo__descricao": "Of\u00edcio", "autoria": "", "texto_original": "http://sapl.pedroleopoldo.mg.leg.br/media/sapl/public/materialegislativa/2023/23291/oficio_250-2023.pdf", "ementa": "Ilmo.Sr.\r\nWanildo Domingo Rodrigues \r\n\r\n\r\n\r\n\r\n\r\n\r\n\r\n\r\n\r\n\r\n\r\n\r\n\r\n\r\n\r\n\r\n\r\n\r\n\r\n\r\n\r\n\r\n\r\n\r\n\r\n\r\n\r\n\r\n\r\n\r\n\r\n\r\n\r\n\r\n\r\n\r\n\r\n\r\n\r\n\r\n\r\n\r\n\r\n\r\n\r\n\r\n\r\n\r\n\r\n\r\n\r\n\r\n\r\n\r\n\r\n\r\n\r\n\r\n\r\n\r\n\r\n\r\n\r\n\r\n\r\n\r\n\r\n\r\n\r\n\r\n\r\n\r\n\r\n\r\n\r\n\r\n\r\n\r\nAssunto: Voto de pesar pelo falecimento do Sr. M\u00e1rcio Luiz Rodrigues"}, {"id": "23292", "ano": "2023", "numero": "251", "tipo__sigla": "OF", "tipo__descricao": "Of\u00edcio", "autoria": "", "texto_original": "http://sapl.pedroleopoldo.mg.leg.br/media/sapl/public/materialegislativa/2023/23292/oficio_251-2023.pdf", "ementa": "Ilmo. Sr. \r\nJos\u00e9 Patroc\u00ednio de Oliveira\r\n\r\n\r\n\r\n\r\n\r\n\r\n\r\n\r\n\r\n\r\n\r\n\r\n\r\n\r\n\r\n\r\n\r\n\r\n\r\n\r\n\r\n\r\n\r\n\r\n\r\n\r\n\r\n\r\n\r\n\r\n\r\n\r\n\r\n\r\n\r\n\r\n\r\n\r\n\r\n\r\n\r\n\r\n\r\n\r\n\r\n\r\n\r\n\r\n\r\n\r\n\r\n\r\n\r\n\r\n\r\n\r\n\r\n\r\n\r\n\r\n\r\n\r\n\r\n\r\n\r\n\r\n\r\n\r\n\r\n\r\n\r\n\r\n\r\n\r\n\r\n\r\n\r\n\r\n\r\n\r\n\r\n\r\n\r\n\r\n\r\n\r\n\r\n\r\n\r\nAssunto: Voto de pesar pelo falecimento da Sra. Maria Jos\u00e9 Falc\u00e3o de Oliveira."}, {"id": "23293", "ano": "2023", "numero": "252", "tipo__sigla": "OF", "tipo__descricao": "Of\u00edcio", "autoria": "", "texto_original": "http://sapl.pedroleopoldo.mg.leg.br/media/sapl/public/materialegislativa/2023/23293/oficio_252-2023.pdf", "ementa": "Ilma. Sra.\r\nM\u00f4nica Bahia Mendes \r\n\r\n\r\n\r\n\r\n\r\n\r\n\r\n\r\n\r\n\r\n\r\n\r\n\r\n\r\n\r\n\r\n\r\n\r\n\r\n\r\n\r\n\r\n\r\n\r\n\r\n\r\n\r\n\r\n\r\n\r\n\r\n\r\n\r\n\r\n\r\n\r\n\r\n\r\n\r\n\r\n\r\n\r\n\r\n\r\n\r\n\r\n\r\n\r\n\r\n\r\n\r\n\r\n\r\n\r\n\r\n\r\n\r\n\r\n\r\n\r\n\r\n\r\n\r\n\r\n\r\n\r\n\r\n\r\n\r\n\r\n\r\n\r\n\r\n\r\n\r\n\r\n\r\n\r\n\r\n\r\n\r\n\r\n\r\n\r\n\r\n\r\n\r\n\r\n\r\n\r\n\r\n\r\n\r\n\r\n\r\n\r\n\r\n\r\nAssunto: Voto de pesar pelo falecimento da Sra. Maria de Lourdes Bahia Mendes"}, {"id": "23294", "ano": "2023", "numero": "253", "tipo__sigla": "OF", "tipo__descricao": "Of\u00edcio", "autoria": "", "texto_original": "http://sapl.pedroleopoldo.mg.leg.br/media/sapl/public/materialegislativa/2023/23294/oficio_253-2023.pdf", "ementa": "Ilma. Sra.\r\nMaria de Lourdes Ribeiro e Familiares\r\n\r\n\r\n\r\n\r\n\r\n\r\n\r\n\r\n\r\n\r\n\r\n\r\n\r\n\r\n\r\n\r\n\r\n\r\n\r\n\r\n\r\n\r\n\r\n\r\n\r\n\r\n\r\n\r\n\r\n\r\n\r\n\r\n\r\n\r\n\r\n\r\n\r\n\r\n\r\n\r\n\r\n\r\n\r\n\r\n\r\n\r\n\r\n\r\n\r\n\r\n\r\n\r\n\r\n\r\n\r\n\r\n\r\n\r\n\r\n\r\n\r\n\r\n\r\n\r\n\r\n\r\n\r\n\r\n\r\n\r\n\r\n\r\n\r\n\r\n\r\n\r\n\r\n\r\n\r\n\r\n\r\n\r\n\r\n\r\n\r\n\r\n\r\n\r\n\r\n\r\n\r\n\r\n\r\n\r\n\r\n\r\n\r\n\r\n\r\n\r\n\r\n\r\n\r\n\r\n\r\n\r\n\r\n\r\n\r\n\r\n\r\n\r\n\r\nAssunto: Voto de pesar pelo falecimento do Sr. Ant\u00f4nio da Fonseca"}, {"id": "23295", "ano": "2023", "numero": "254", "tipo__sigla": "OF", "tipo__descricao": "Of\u00edcio", "autoria": "", "texto_original": "http://sapl.pedroleopoldo.mg.leg.br/media/sapl/public/materialegislativa/2023/23295/oficio_254-2023.pdf", "ementa": "Ilma. Sra.\r\nLeda Aparecida da Fonseca e Familiares\r\n\r\n\r\n\r\n\r\n\r\n\r\n\r\n\r\n\r\n\r\n\r\n\r\n\r\n\r\n\r\n\r\n\r\n\r\n\r\n\r\n\r\n\r\n\r\n\r\n\r\n\r\n\r\n\r\n\r\n\r\n\r\n\r\n\r\n\r\n\r\n\r\n\r\n\r\n\r\n\r\n\r\n\r\n\r\n\r\n\r\n\r\n\r\n\r\n\r\n\r\n\r\n\r\n\r\n\r\n\r\n\r\n\r\n\r\n\r\n\r\n\r\n\r\n\r\n\r\n\r\n\r\n\r\n\r\n\r\n\r\n\r\n\r\n\r\n\r\n\r\n\r\n\r\n\r\n\r\n\r\n\r\n\r\n\r\n\r\n\r\n\r\n\r\n\r\n\r\n\r\n\r\n\r\n\r\n\r\n\r\n\r\n\r\n\r\n\r\n\r\n\r\n\r\n\r\n\r\n\r\n\r\n\r\n\r\n\r\n\r\n\r\n\r\n\r\n\r\n\r\n\r\n\r\n\r\n\r\n\r\n\r\n\r\n\r\n\r\n\r\n\r\n\r\n\r\n\r\n\r\n\r\n\r\n\r\n\r\n\r\n\r\n\r\n\r\n\r\n\r\n\r\n\r\n\r\n\r\n\r\n\r\n\r\n\r\n\r\n\r\n\r\n\r\n\r\n\r\n\r\n\r\nAssunto: Voto de pesar pelo falecimento do Sr. Ant\u00f4nio da Fonseca"}, {"id": "23296", "ano": "2023", "numero": "255", "tipo__sigla": "OF", "tipo__descricao": "Of\u00edcio", "autoria": "", "texto_original": "http://sapl.pedroleopoldo.mg.leg.br/media/sapl/public/materialegislativa/2023/23296/oficio_255-2023.pdf", "ementa": "Ilma. Sra.\r\nEliana Sueli da Fonseca e Familiares\r\n\r\n\r\n\r\n\r\n\r\n\r\n\r\n\r\n\r\n\r\n\r\n\r\n\r\n\r\n\r\n\r\n\r\n\r\n\r\n\r\n\r\n\r\n\r\n\r\n\r\n\r\n\r\n\r\n\r\n\r\n\r\n\r\n\r\n\r\n\r\n\r\n\r\n\r\n\r\n\r\n\r\n\r\n\r\n\r\n\r\n\r\n\r\n\r\n\r\n\r\n\r\n\r\n\r\n\r\n\r\n\r\n\r\n\r\n\r\n\r\n\r\n\r\n\r\n\r\n\r\n\r\n\r\n\r\n\r\n\r\n\r\n\r\n\r\n\r\n\r\n\r\n\r\n\r\n\r\n\r\n\r\n\r\n\r\n\r\n\r\n\r\n\r\n\r\n\r\n\r\n\r\n\r\n\r\n\r\n\r\n\r\n\r\n\r\n\r\n\r\n\r\n\r\n\r\n\r\n\r\n\r\n\r\n\r\nAssunto: Voto de pesar pelo falecimento do Sr. Ant\u00f4nio da Fonseca"}, {"id": "23297", "ano": "2023", "numero": "256", "tipo__sigla": "OF", "tipo__descricao": "Of\u00edcio", "autoria": "", "texto_original": "http://sapl.pedroleopoldo.mg.leg.br/media/sapl/public/materialegislativa/2023/23297/oficio_256-2023.pdf", "ementa": "Ilmo. Sr.\r\nAlcimar da Fonseca e Familiares \r\n\r\n\r\n\r\n\r\n\r\n\r\n\r\n\r\n\r\n\r\n\r\n\r\n\r\n\r\n\r\n\r\n\r\n\r\n\r\n\r\n\r\n\r\n\r\n\r\n\r\n\r\n\r\n\r\n\r\n\r\n\r\n\r\n\r\n\r\n\r\n\r\n\r\n\r\n\r\n\r\n\r\n\r\n\r\n\r\n\r\n\r\n\r\n\r\n\r\n\r\n\r\n\r\n\r\n\r\n\r\n\r\n\r\n\r\n\r\n\r\n\r\n\r\n\r\n\r\n\r\n\r\n\r\n\r\n\r\n\r\n\r\n\r\n\r\n\r\n\r\n\r\n\r\n\r\n\r\n\r\n\r\n\r\n\r\n\r\n\r\n\r\n\r\n\r\n\r\nAssunto: Voto de pesar pelo falecimento do Sr. Ant\u00f5nio da Fonseca"}, {"id": "23298", "ano": "2023", "numero": "257", "tipo__sigla": "OF", "tipo__descricao": "Of\u00edcio", "autoria": "", "texto_original": "http://sapl.pedroleopoldo.mg.leg.br/media/sapl/public/materialegislativa/2023/23298/oficio_257-2023.pdf", "ementa": "Ilmo. Sr.\r\nMaur\u00edlio da Silva e Familiares\r\n\r\n\r\n\r\n\r\n\r\n\r\n\r\n\r\n\r\n\r\n\r\n\r\n\r\n\r\n\r\n\r\n\r\n\r\n\r\n\r\n\r\n\r\n\r\n\r\n\r\n\r\n\r\n\r\n\r\n\r\n\r\n\r\n\r\n\r\n\r\n\r\n\r\n\r\n\r\n\r\n\r\n\r\n\r\n\r\n\r\n\r\n\r\n\r\n\r\n\r\n\r\n\r\n\r\n\r\n\r\n\r\n\r\n\r\n\r\n\r\n\r\n\r\n\r\n\r\n\r\n\r\n\r\n\r\n\r\n\r\n\r\n\r\n\r\n\r\n\r\n\r\n\r\n\r\n\r\n\r\n\r\n\r\n\r\n\r\n\r\n\r\n\r\nAssunto: Voto de pesar pelo falecimento da Sra. Maristela Martins da Silva"}, {"id": "23299", "ano": "2023", "numero": "258", "tipo__sigla": "OF", "tipo__descricao": "Of\u00edcio", "autoria": "", "texto_original": "http://sapl.pedroleopoldo.mg.leg.br/media/sapl/public/materialegislativa/2023/23299/oficio_258-2023.pdf", "ementa": "Ilmo.(s). Sr.(s)\r\nElmo Jos\u00e9 Soares de Oliveira e Osmar Jos\u00e9 Soares de Oliveira\r\n\r\n\r\n\r\n\r\n\r\n\r\n\r\n\r\n\r\n\r\n\r\n\r\n\r\n\r\n\r\n\r\n\r\n\r\n\r\n\r\n\r\n\r\n\r\n\r\n\r\n\r\n\r\n\r\n\r\n\r\n\r\n\r\n\r\n\r\n\r\n\r\n\r\n\r\n\r\n\r\n\r\n\r\n\r\n\r\n\r\n\r\n\r\n\r\n\r\n\r\n\r\n\r\n\r\n\r\n\r\n\r\n\r\n\r\n\r\n\r\n\r\n\r\n\r\n\r\n\r\n\r\n\r\n\r\n\r\n\r\n\r\n\r\n\r\n\r\n\r\n\r\n\r\n\r\n\r\n\r\n\r\n\r\n\r\n\r\n\r\n\r\n\r\n\r\n\r\n\r\n\r\n\r\n\r\n\r\n\r\n\r\n\r\n\r\n\r\n\r\n\r\n\r\n\r\n\r\n\r\n\r\n\r\n\r\n\r\n\r\n\r\n\r\n\r\n\r\n\r\n\r\n\r\n\r\n\r\n\r\n\r\n\r\n\r\n\r\n\r\n\r\n\r\n\r\n\r\n\r\n\r\n\r\n\r\n\r\n\r\n\r\n\r\n\r\n\r\n\r\n\r\n\r\n\r\n\r\n\r\n\r\n\r\nAssunto: Voto de pesar pelo falecimento do Sr. Juvenil Jos\u00e9 de Oliveira."}, {"id": "23300", "ano": "2023", "numero": "259", "tipo__sigla": "OF", "tipo__descricao": "Of\u00edcio", "autoria": "", "texto_original": "http://sapl.pedroleopoldo.mg.leg.br/media/sapl/public/materialegislativa/2023/23300/oficio_259-2023.pdf", "ementa": "Exma. Sra.\r\nEloisa Helena Carvalho de Freitas Pereira\r\nPrefeita Municipal\r\nPedro Leopoldo/MG\r\n\r\n\r\n\r\n\r\n\r\n\r\n\r\n\r\n\r\n\r\n\r\n\r\n\r\n\r\n\r\n\r\n\r\n\r\n\r\n\r\n\r\n\r\n\r\n\r\n\r\n\r\n\r\n\r\n\r\n\r\n\r\n\r\n\r\n\r\n\r\n\r\n\r\n\r\n\r\n\r\n\r\n\r\n\r\n\r\n\r\n\r\n\r\n\r\n\r\n\r\n\r\n\r\n\r\n\r\n\r\n\r\n\r\n\r\n\r\n\r\n\r\n\r\n\r\n\r\n\r\n\r\n\r\n\r\n\r\n\r\n\r\n\r\n\r\n\r\n\r\n\r\n\r\n\r\n\r\n\r\n\r\n\r\n\r\n\r\n\r\n\r\n\r\n\r\n\r\n\r\n\r\n\r\n\r\n\r\n\r\n\r\n\r\n\r\n\r\n\r\n\r\n\r\n\r\n\r\n\r\n\r\n\r\n\r\n\r\n\r\n\r\n\r\n\r\n\r\n\r\n\r\n\r\n\r\n\r\n\r\n\r\n\r\n\r\n\r\n\r\n\r\n\r\n\r\n\r\n\r\n\r\n\r\n\r\n\r\n\r\n\r\n\r\n\r\n\r\n\r\n\r\n\r\n\r\n\r\n\r\n\r\n\r\n\r\n\r\n\r\n\r\n\r\n\r\n\r\nAssunto: Mat\u00e9ria aprovada na 32\u00aa Reuni\u00e3o Ordin\u00e1ria da C\u00e2mara Municipal de Pedro Leopoldo, realizada no dia 09 de outubro de 2023."}, {"id": "23301", "ano": "2023", "numero": "261", "tipo__sigla": "OF", "tipo__descricao": "Of\u00edcio", "autoria": "", "texto_original": "http://sapl.pedroleopoldo.mg.leg.br/media/sapl/public/materialegislativa/2023/23301/oficio_261-2023.pdf", "ementa": "Ilmo. Sr. \r\nGeraldo Pereira Trindade e Fam\u00edlia\r\n\r\n\r\n\r\n\r\n\r\n\r\n\r\n\r\n\r\n\r\n\r\n\r\n\r\n\r\n\r\n\r\n\r\n\r\n\r\n\r\n\r\n\r\n\r\n\r\n\r\n\r\n\r\n\r\n\r\n\r\n\r\n\r\n\r\n\r\n\r\n\r\n\r\n\r\n\r\n\r\n\r\n\r\n\r\n\r\n\r\n\r\n\r\n\r\n\r\n\r\n\r\n\r\n\r\n\r\n\r\n\r\n\r\n\r\n\r\n\r\n\r\n\r\n\r\n\r\n\r\n\r\n\r\n\r\n\r\n\r\n\r\n\r\n\r\n\r\n\r\n\r\n\r\n\r\n\r\n\r\n\r\n\r\n\r\n\r\n\r\n\r\n\r\n\r\n\r\n\r\n\r\n\r\n\r\n\r\n\r\n\r\n\r\n\r\n\r\n\r\n\r\n\r\n\r\n\r\n\r\n\r\n\r\n\r\n\r\n\r\n\r\n\r\n\r\n\r\n\r\n\r\n\r\n\r\n\r\n\r\n\r\n\r\n\r\n\r\n\r\n\r\n\r\n\r\n\r\n\r\n\r\n\r\n\r\n\r\n\r\n\r\n\r\n\r\nAssunto: Voto de pesar pelo falecimento da Sra. Paula Gabriela Ribeiro Andrade Woodsome."}, {"id": "23302", "ano": "2023", "numero": "262", "tipo__sigla": "OF", "tipo__descricao": "Of\u00edcio", "autoria": "", "texto_original": "http://sapl.pedroleopoldo.mg.leg.br/media/sapl/public/materialegislativa/2023/23302/oficio_262-2023.pdf", "ementa": "Ilmo. Sr.\r\nVicente Roberto Costa e Fam\u00edlia\r\n\r\n\r\n\r\n\r\n\r\n\r\n\r\n\r\n\r\n\r\n\r\n\r\n\r\n\r\n\r\n\r\n\r\n\r\n\r\n\r\n\r\n\r\n\r\n\r\n\r\n\r\n\r\n\r\n\r\n\r\n\r\n\r\n\r\n\r\n\r\n\r\n\r\n\r\n\r\n\r\n\r\n\r\n\r\n\r\n\r\n\r\n\r\n\r\n\r\n\r\n\r\n\r\n\r\n\r\n\r\n\r\n\r\n\r\n\r\n\r\n\r\n\r\n\r\n\r\n\r\n\r\n\r\n\r\n\r\n\r\n\r\n\r\n\r\n\r\n\r\n\r\n\r\n\r\n\r\n\r\n\r\n\r\n\r\n\r\n\r\n\r\n\r\n\r\n\r\n\r\n\r\n\r\n\r\n\r\n\r\n\r\n\r\n\r\n\r\n\r\n\r\n\r\n\r\n\r\n\r\n\r\n\r\n\r\n\r\n\r\n\r\nAssunto: Voto de pesar pelo falecimento do Sr. Roberto Costa."}, {"id": "23303", "ano": "2023", "numero": "263", "tipo__sigla": "OF", "tipo__descricao": "Of\u00edcio", "autoria": "", "texto_original": "http://sapl.pedroleopoldo.mg.leg.br/media/sapl/public/materialegislativa/2023/23303/oficio_263-2023.pdf", "ementa": "Ilma. Sra.\r\nIara Cristina da Silva e Fam\u00edlia\r\n\r\n\r\n\r\n\r\n\r\n\r\n\r\n\r\n\r\n\r\n\r\n\r\n\r\n\r\n\r\n\r\n\r\n\r\n\r\n\r\n\r\n\r\n\r\n\r\n\r\n\r\n\r\n\r\n\r\n\r\n\r\n\r\n\r\n\r\n\r\n\r\n\r\n\r\n\r\n\r\n\r\n\r\n\r\n\r\n\r\n\r\n\r\n\r\n\r\n\r\n\r\n\r\n\r\n\r\n\r\n\r\n\r\n\r\n\r\n\r\n\r\n\r\n\r\n\r\n\r\n\r\n\r\n\r\n\r\n\r\n\r\n\r\n\r\n\r\n\r\n\r\n\r\n\r\n\r\n\r\n\r\n\r\n\r\n\r\n\r\n\r\n\r\n\r\n\r\n\r\n\r\n\r\nAssunto: Voto de pesar pelo falecimento da Sra. Maria dos Reis Silva Rosa."}, {"id": "23304", "ano": "2023", "numero": "264", "tipo__sigla": "OF", "tipo__descricao": "Of\u00edcio", "autoria": "", "texto_original": "http://sapl.pedroleopoldo.mg.leg.br/media/sapl/public/materialegislativa/2023/23304/oficio_264-2023.pdf", "ementa": "Ilma. Sra.\r\nMarluci de Jesus Silva e Fam\u00edlia\r\n\r\n\r\n\r\n\r\n\r\n\r\n\r\n\r\n\r\n\r\n\r\n\r\n\r\n\r\n\r\n\r\n\r\n\r\n\r\n\r\n\r\n\r\n\r\n\r\n\r\n\r\n\r\n\r\n\r\n\r\n\r\n\r\n\r\n\r\n\r\n\r\n\r\n\r\n\r\n\r\n\r\n\r\n\r\n\r\n\r\n\r\n\r\n\r\n\r\n\r\n\r\n\r\n\r\n\r\n\r\n\r\n\r\n\r\n\r\n\r\n\r\n\r\n\r\n\r\n\r\n\r\n\r\n\r\n\r\n\r\n\r\n\r\n\r\n\r\n\r\n\r\n\r\n\r\n\r\n\r\n\r\n\r\n\r\n\r\n\r\n\r\n\r\n\r\n\r\n\r\n\r\n\r\nAssunto: Voto de pesar pelo falecimento da Sra. Maria da Concei\u00e7\u00e3o Silva."}, {"id": "23305", "ano": "2023", "numero": "265", "tipo__sigla": "OF", "tipo__descricao": "Of\u00edcio", "autoria": "", "texto_original": "http://sapl.pedroleopoldo.mg.leg.br/media/sapl/public/materialegislativa/2023/23305/oficio_265-2023.pdf", "ementa": "Ilmo. Sr.\r\nWilton Rocha Pereira e Fam\u00edlia\r\n\r\n\r\n\r\n\r\n\r\n\r\n\r\n\r\n\r\n\r\n\r\n\r\n\r\n\r\n\r\n\r\n\r\n\r\n\r\n\r\n\r\n\r\n\r\n\r\n\r\n\r\n\r\n\r\n\r\n\r\n\r\n\r\n\r\n\r\n\r\n\r\n\r\n\r\n\r\n\r\n\r\n\r\n\r\n\r\n\r\n\r\n\r\n\r\n\r\n\r\n\r\n\r\n\r\n\r\n\r\n\r\n\r\n\r\n\r\n\r\n\r\n\r\n\r\n\r\n\r\n\r\n\r\n\r\n\r\n\r\n\r\n\r\n\r\n\r\n\r\n\r\nAssunto: Voto de pesar pelo falecimento da Sra. Rita Rocha Pereira e Fam\u00edlia."}, {"id": "23306", "ano": "2023", "numero": "266", "tipo__sigla": "OF", "tipo__descricao": "Of\u00edcio", "autoria": "", "texto_original": "http://sapl.pedroleopoldo.mg.leg.br/media/sapl/public/materialegislativa/2023/23306/oficio_266-2023.pdf", "ementa": "Exma. Sra.\r\nEloisa Helena Carvalho de Freitas Pereira\r\nPrefeita Municipal\r\nPedro Leopoldo/MG\r\n\r\n\r\n\r\n\r\n\r\n\r\n\r\n\r\n\r\n\r\n\r\n\r\n\r\n\r\n\r\n\r\n\r\n\r\n\r\n\r\n\r\n\r\n\r\n\r\n\r\n\r\n\r\n\r\n\r\n\r\n\r\n\r\n\r\n\r\n\r\n\r\n\r\n\r\n\r\n\r\n\r\n\r\n\r\n\r\n\r\n\r\n\r\n\r\n\r\n\r\n\r\n\r\n\r\n\r\n\r\n\r\n\r\n\r\n\r\n\r\n\r\n\r\n\r\n\r\n\r\n\r\n\r\n\r\n\r\n\r\n\r\n\r\n\r\n\r\n\r\n\r\n\r\n\r\n\r\n\r\n\r\n\r\n\r\n\r\n\r\n\r\n\r\n\r\n\r\n\r\n\r\n\r\n\r\n\r\n\r\n\r\n\r\n\r\n\r\n\r\n\r\n\r\n\r\n\r\n\r\n\r\n\r\n\r\n\r\n\r\n\r\n\r\n\r\nAssunto: Mat\u00e9ria aprovada na 33\u00aa Reuni\u00e3o Ordin\u00e1ria da C\u00e2mara Municipal de Pedro Leopoldo, realizada em 16 de outubro de 2023."}, {"id": "23307", "ano": "2023", "numero": "269", "tipo__sigla": "OF", "tipo__descricao": "Of\u00edcio", "autoria": "", "texto_original": "http://sapl.pedroleopoldo.mg.leg.br/media/sapl/public/materialegislativa/2023/23307/oficio_269-2023.pdf", "ementa": "Ilma. Sra.\r\nMaria Catarina Pereira de Amorim e Fam\u00edlia\r\n\r\n\r\n\r\n\r\n\r\n\r\n\r\n\r\n\r\n\r\n\r\n\r\n\r\n\r\n\r\n\r\n\r\n\r\n\r\n\r\n\r\n\r\n\r\n\r\n\r\n\r\n\r\n\r\n\r\n\r\n\r\n\r\n\r\n\r\n\r\n\r\n\r\n\r\n\r\n\r\n\r\n\r\n\r\n\r\n\r\n\r\n\r\n\r\n\r\n\r\n\r\n\r\n\r\n\r\n\r\n\r\n\r\n\r\n\r\n\r\n\r\n\r\n\r\n\r\n\r\n\r\n\r\n\r\n\r\n\r\n\r\n\r\n\r\n\r\n\r\nAssunto: Voto de pesar pelo falecimento do Sr. Paulo Sim\u00f5es Pereira"}, {"id": "23308", "ano": "2023", "numero": "270", "tipo__sigla": "OF", "tipo__descricao": "Of\u00edcio", "autoria": "", "texto_original": "http://sapl.pedroleopoldo.mg.leg.br/media/sapl/public/materialegislativa/2023/23308/oficio_270-2023.pdf", "ementa": "Ilma. Sra.\r\nEfig\u00eania Neres Pereira e Fam\u00edlia\r\n\r\n\r\n\r\n\r\n\r\n\r\n\r\n\r\n\r\n\r\n\r\n\r\n\r\n\r\n\r\n\r\n\r\n\r\n\r\n\r\n\r\n\r\n\r\n\r\n\r\n\r\n\r\n\r\n\r\n\r\n\r\n\r\n\r\n\r\n\r\n\r\n\r\n\r\n\r\n\r\n\r\n\r\n\r\n\r\n\r\n\r\n\r\n\r\n\r\n\r\n\r\n\r\n\r\n\r\n\r\n\r\n\r\n\r\n\r\n\r\n\r\n\r\n\r\n\r\n\r\n\r\n\r\n\r\n\r\n\r\n\r\n\r\n\r\n\r\n\r\n\r\n\r\n\r\n\r\n\r\n\r\n\r\n\r\n\r\n\r\n\r\n\r\n\r\n\r\n\r\n\r\n\r\n\r\n\r\n\r\n\r\n\r\n\r\nAssunto: Voto de pesar pelo falecimento do Sr. Paulo Sim\u00f5es Pereira."}, {"id": "23309", "ano": "2023", "numero": "271", "tipo__sigla": "OF", "tipo__descricao": "Of\u00edcio", "autoria": "", "texto_original": "http://sapl.pedroleopoldo.mg.leg.br/media/sapl/public/materialegislativa/2023/23309/oficio_271-2023.pdf", "ementa": "Ilmo. Sr.\r\nClelio Alves Fonseca e Fam\u00edlia\r\n\r\n\r\n\r\n\r\n\r\n\r\n\r\n\r\n\r\n\r\n\r\n\r\n\r\n\r\n\r\n\r\n\r\n\r\n\r\n\r\n\r\n\r\n\r\n\r\n\r\n\r\n\r\n\r\n\r\n\r\n\r\n\r\n\r\n\r\n\r\n\r\n\r\n\r\n\r\n\r\n\r\n\r\n\r\n\r\n\r\n\r\n\r\n\r\n\r\n\r\n\r\n\r\n\r\n\r\n\r\n\r\n\r\n\r\n\r\n\r\n\r\n\r\nAssunto: Voto de pesar pelo falecimento da Sra. Maria Alves Fonseca."}, {"id": "23310", "ano": "2023", "numero": "272", "tipo__sigla": "OF", "tipo__descricao": "Of\u00edcio", "autoria": "", "texto_original": "http://sapl.pedroleopoldo.mg.leg.br/media/sapl/public/materialegislativa/2023/23310/oficio_272-2023.pdf", "ementa": "Ilma. Sra.\r\nEdv\u00e2nia Costa e Fam\u00edlia\r\n\r\n\r\n\r\n\r\n\r\n\r\n\r\n\r\n\r\n\r\n\r\n\r\n\r\n\r\n\r\n\r\n\r\n\r\n\r\n\r\n\r\n\r\n\r\n\r\n\r\n\r\n\r\n\r\n\r\n\r\n\r\n\r\n\r\n\r\n\r\n\r\n\r\n\r\n\r\n\r\n\r\n\r\n\r\n\r\n\r\n\r\n\r\n\r\n\r\n\r\n\r\n\r\n\r\n\r\n\r\n\r\n\r\n\r\n\r\n\r\n\r\n\r\n\r\n\r\n\r\n\r\n\r\n\r\n\r\n\r\n\r\n\r\n\r\n\r\n\r\n\r\n\r\n\r\n\r\n\r\n\r\n\r\n\r\n\r\n\r\n\r\n\r\n\r\n\r\n\r\n\r\n\r\n\r\n\r\n\r\n\r\n\r\n\r\n\r\n\r\n\r\n\r\n\r\n\r\n\r\n\r\n\r\n\r\n\r\n\r\n\r\n\r\n\r\n\r\n\r\n\r\n\r\n\r\n\r\n\r\n\r\n\r\n\r\n\r\n\r\n\r\n\r\n\r\n\r\n\r\n\r\n\r\n\r\n\r\nAssunto: Voto de pesar pelo falecimento da Sra. Karine Fernandes Sousa."}, {"id": "23311", "ano": "2023", "numero": "273", "tipo__sigla": "OF", "tipo__descricao": "Of\u00edcio", "autoria": "", "texto_original": "http://sapl.pedroleopoldo.mg.leg.br/media/sapl/public/materialegislativa/2023/23311/oficio_273-2023.pdf", "ementa": "Ilma. Sra.\r\nFernanda Viana Costa e Fam\u00edlia\r\n\r\n\r\n\r\n\r\n\r\n\r\n\r\n\r\n\r\n\r\n\r\n\r\n\r\n\r\n\r\n\r\n\r\n\r\n\r\n\r\n\r\n\r\n\r\n\r\n\r\n\r\n\r\n\r\n\r\n\r\n\r\n\r\n\r\n\r\n\r\n\r\n\r\n\r\n\r\n\r\n\r\n\r\n\r\n\r\n\r\n\r\n\r\n\r\n\r\n\r\n\r\n\r\n\r\n\r\n\r\n\r\n\r\n\r\n\r\n\r\n\r\n\r\n\r\n\r\n\r\n\r\n\r\n\r\n\r\n\r\n\r\n\r\n\r\n\r\n\r\n\r\n\r\n\r\n\r\n\r\n\r\n\r\n\r\n\r\n\r\n\r\n\r\n\r\nAssunto: Voto de pesar pelo falecimento do Sr. Adriano Faria Caldas."}, {"id": "23312", "ano": "2023", "numero": "274", "tipo__sigla": "OF", "tipo__descricao": "Of\u00edcio", "autoria": "", "texto_original": "http://sapl.pedroleopoldo.mg.leg.br/media/sapl/public/materialegislativa/2023/23312/oficio_274-2023.pdf", "ementa": "Ilma. Sra.\r\nEloisa Helena Carvalho de Freitas Pereira\r\n\r\n\r\n\r\n\r\n\r\n\r\n\r\n\r\n\r\n\r\n\r\n\r\n\r\n\r\n\r\n\r\n\r\n\r\n\r\n\r\n\r\n\r\n\r\n\r\n\r\n\r\n\r\n\r\n\r\n\r\n\r\n\r\n\r\n\r\n\r\n\r\n\r\n\r\n\r\n\r\n\r\n\r\n\r\n\r\n\r\n\r\n\r\n\r\n\r\n\r\n\r\n\r\n\r\n\r\n\r\n\r\n\r\n\r\n\r\n\r\n\r\n\r\n\r\n\r\n\r\n\r\n\r\n\r\n\r\n\r\n\r\n\r\n\r\n\r\n\r\n\r\n\r\n\r\n\r\n\r\n\r\n\r\n\r\n\r\n\r\n\r\n\r\n\r\n\r\n\r\n\r\n\r\n\r\n\r\n\r\n\r\n\r\n\r\n\r\n\r\n\r\n\r\n\r\n\r\n\r\n\r\n\r\n\r\nAssunto: Mat\u00e9ria aprovada na 34\u00aa Reuni\u00e3o Ordin\u00e1ria da C\u00e2mara Municipal de Pedro Leopoldo, realizada em 23 de outubro de 2023."}, {"id": "23313", "ano": "2023", "numero": "275", "tipo__sigla": "OF", "tipo__descricao": "Of\u00edcio", "autoria": "", "texto_original": "http://sapl.pedroleopoldo.mg.leg.br/media/sapl/public/materialegislativa/2023/23313/oficio_275-2023.pdf", "ementa": "Ilma. Sra.\r\nMarlene Ant\u00f4nia de Deus Ferreira e Fam\u00edlia\r\n\r\n\r\n\r\n\r\n\r\n\r\n\r\n\r\n\r\n\r\n\r\n\r\n\r\n\r\n\r\n\r\n\r\n\r\n\r\n\r\n\r\n\r\n\r\n\r\n\r\n\r\n\r\n\r\n\r\n\r\n\r\n\r\n\r\n\r\n\r\n\r\n\r\n\r\n\r\n\r\n\r\n\r\n\r\n\r\n\r\n\r\n\r\n\r\n\r\n\r\n\r\n\r\n\r\n\r\n\r\n\r\n\r\n\r\n\r\n\r\n\r\n\r\n\r\n\r\n\r\n\r\n\r\n\r\n\r\n\r\n\r\n\r\n\r\n\r\n\r\n\r\n\r\n\r\n\r\n\r\n\r\n\r\n\r\n\r\n\r\nAssunto: Voto de pesar pelo falecimento do Sr. Gustavo de Deus Ferreira."}, {"id": "23314", "ano": "2023", "numero": "276", "tipo__sigla": "OF", "tipo__descricao": "Of\u00edcio", "autoria": "", "texto_original": "http://sapl.pedroleopoldo.mg.leg.br/media/sapl/public/materialegislativa/2023/23314/oficio_276-2023.pdf", "ementa": "Ilma. Sra.\r\nAndreza S. de Deus e Fam\u00edlia\r\n\r\n\r\n\r\n\r\n\r\n\r\n\r\n\r\n\r\n\r\n\r\n\r\n\r\n\r\n\r\n\r\n\r\n\r\n\r\n\r\n\r\n\r\n\r\n\r\n\r\n\r\n\r\n\r\n\r\n\r\n\r\n\r\n\r\n\r\n\r\n\r\n\r\n\r\n\r\n\r\n\r\n\r\n\r\n\r\n\r\n\r\n\r\n\r\n\r\n\r\n\r\n\r\n\r\n\r\n\r\nAssunto: Voto de pesar pelo falecimento do Sr. Gustavo de Deus Ferreira."}, {"id": "23315", "ano": "2023", "numero": "277", "tipo__sigla": "OF", "tipo__descricao": "Of\u00edcio", "autoria": "", "texto_original": "http://sapl.pedroleopoldo.mg.leg.br/media/sapl/public/materialegislativa/2023/23315/oficio_277-2023.pdf", "ementa": "Ilma. Sra.\r\nMaria Euz\u00e9bio Vieira Ribeiro e Fam\u00edlia\r\n\r\n\r\n\r\n\r\n\r\n\r\n\r\n\r\n\r\n\r\n\r\n\r\n\r\n\r\n\r\n\r\n\r\n\r\n\r\n\r\n\r\n\r\n\r\n\r\n\r\n\r\n\r\n\r\n\r\n\r\n\r\n\r\n\r\n\r\n\r\n\r\n\r\n\r\n\r\n\r\n\r\n\r\n\r\n\r\n\r\n\r\n\r\n\r\n\r\n\r\n\r\n\r\n\r\n\r\n\r\n\r\n\r\n\r\n\r\n\r\n\r\n\r\n\r\n\r\n\r\n\r\n\r\n\r\n\r\n\r\n\r\n\r\n\r\n\r\n\r\n\r\n\r\n\r\n\r\n\r\n\r\n\r\n\r\n\r\n\r\n\r\n\r\n\r\n\r\n\r\n\r\n\r\n\r\n\r\n\r\n\r\n\r\n\r\n\r\n\r\n\r\n\r\n\r\nAssunto: Voto de pesar pelo falecimento do Sr. Divaldo Louren\u00e7o Ribeiro"}, {"id": "23316", "ano": "2023", "numero": "279", "tipo__sigla": "OF", "tipo__descricao": "Of\u00edcio", "autoria": "", "texto_original": "http://sapl.pedroleopoldo.mg.leg.br/media/sapl/public/materialegislativa/2023/23316/oficio_279-2023.pdf", "ementa": "Ilma. Sra.\r\nAdenise Ribeiro da Silva e Familiares\r\n\r\n\r\n\r\n\r\n\r\n\r\n\r\n\r\n\r\n\r\n\r\n\r\n\r\n\r\n\r\n\r\n\r\n\r\n\r\n\r\n\r\n\r\n\r\n\r\n\r\n\r\n\r\n\r\n\r\n\r\n\r\n\r\n\r\n\r\n\r\n\r\n\r\n\r\n\r\n\r\n\r\n\r\n\r\n\r\n\r\n\r\n\r\n\r\n\r\n\r\n\r\n\r\n\r\n\r\n\r\n\r\n\r\n\r\n\r\n\r\n\r\n\r\n\r\n\r\n\r\n\r\n\r\n\r\nAssunto: Voto de pesar pelo falecimento da Sra. Luiza Ribeiro."}, {"id": "23317", "ano": "2023", "numero": "280", "tipo__sigla": "OF", "tipo__descricao": "Of\u00edcio", "autoria": "", "texto_original": "http://sapl.pedroleopoldo.mg.leg.br/media/sapl/public/materialegislativa/2023/23317/oficio_280-2023.pdf", "ementa": "Ilma. Sra.\r\nMariza Eduardo Martins e Fam\u00edlia\r\n\r\n\r\n\r\n\r\n\r\n\r\n\r\n\r\n\r\n\r\n\r\n\r\n\r\n\r\n\r\n\r\n\r\n\r\n\r\n\r\n\r\n\r\n\r\n\r\n\r\n\r\n\r\n\r\n\r\n\r\n\r\n\r\n\r\n\r\n\r\n\r\n\r\n\r\n\r\n\r\n\r\n\r\n\r\n\r\n\r\n\r\n\r\n\r\n\r\n\r\n\r\n\r\n\r\n\r\n\r\n\r\n\r\n\r\n\r\n\r\n\r\n\r\n\r\n\r\n\r\n\r\n\r\n\r\n\r\n\r\n\r\n\r\n\r\n\r\n\r\n\r\n\r\n\r\n\r\n\r\n\r\n\r\n\r\n\r\n\r\n\r\n\r\n\r\n\r\n\r\n\r\n\r\n\r\n\r\n\r\n\r\n\r\n\r\n\r\n\r\n\r\n\r\n\r\n\r\n\r\n\r\n\r\n\r\n\r\n\r\n\r\n\r\n\r\n\r\nAssunto: Voto de pesar pelo falecimento do Sr. Agenor Martins Filho."}, {"id": "23318", "ano": "2023", "numero": "281", "tipo__sigla": "OF", "tipo__descricao": "Of\u00edcio", "autoria": "", "texto_original": "http://sapl.pedroleopoldo.mg.leg.br/media/sapl/public/materialegislativa/2023/23318/oficio_281-2023.pdf", "ementa": "Ilma. Sra.\r\nRita de F\u00e1tima Santos e Familiares\r\n\r\n\r\n\r\n\r\n\r\n\r\n\r\n\r\n\r\n\r\n\r\n\r\n\r\n\r\n\r\n\r\n\r\n\r\n\r\n\r\n\r\n\r\n\r\n\r\n\r\n\r\n\r\n\r\n\r\n\r\n\r\n\r\n\r\n\r\n\r\n\r\n\r\n\r\n\r\n\r\n\r\n\r\n\r\n\r\n\r\n\r\n\r\n\r\n\r\n\r\n\r\n\r\n\r\n\r\n\r\n\r\n\r\n\r\n\r\n\r\n\r\n\r\n\r\n\r\n\r\n\r\n\r\n\r\n\r\n\r\n\r\n\r\n\r\n\r\n\r\n\r\n\r\n\r\n\r\n\r\n\r\n\r\n\r\n\r\n\r\n\r\n\r\n\r\n\r\n\r\n\r\n\r\n\r\n\r\n\r\n\r\n\r\n\r\n\r\n\r\n\r\n\r\n\r\n\r\n\r\n\r\n\r\n\r\n\r\nAssunto: Voto de pesar pelo falecimento do Sr. J\u00falio C\u00e9sar Coelho"}, {"id": "23319", "ano": "2023", "numero": "282", "tipo__sigla": "OF", "tipo__descricao": "Of\u00edcio", "autoria": "", "texto_original": "http://sapl.pedroleopoldo.mg.leg.br/media/sapl/public/materialegislativa/2023/23319/oficio_282-2023.pdf", "ementa": "Exma. Sra.\r\nEloisa Helena Carvalho de Freitas Pereira\r\nPrefeita Municipal\r\nPedro Leopoldo/MG\r\n\r\n\r\n\r\n\r\n\r\n\r\n\r\n\r\n\r\n\r\n\r\n\r\n\r\n\r\n\r\n\r\n\r\n\r\n\r\n\r\n\r\n\r\n\r\n\r\n\r\n\r\n\r\n\r\n\r\n\r\n\r\n\r\n\r\n\r\n\r\n\r\n\r\n\r\n\r\n\r\n\r\n\r\n\r\n\r\n\r\n\r\n\r\n\r\n\r\n\r\n\r\n\r\n\r\n\r\n\r\n\r\n\r\n\r\n\r\n\r\n\r\n\r\n\r\n\r\n\r\n\r\n\r\n\r\n\r\n\r\n\r\n\r\n\r\n\r\n\r\n\r\n\r\n\r\n\r\n\r\n\r\n\r\n\r\n\r\n\r\n\r\n\r\n\r\n\r\n\r\n\r\n\r\n\r\n\r\n\r\n\r\n\r\n\r\n\r\n\r\n\r\n\r\n\r\n\r\n\r\n\r\n\r\n\r\n\r\n\r\n\r\n\r\n\r\n\r\n\r\n\r\n\r\n\r\n\r\n\r\n\r\n\r\n\r\n\r\n\r\n\r\n\r\n\r\n\r\n\r\n\r\nAssunto: Mat\u00e9ria aprovada na 35\u00aa Reuni\u00e3o Ordin\u00e1ria da C\u00e2mara Municipal de Pedro Leopoldo, realizada em 30 de Outubro 2023"}, {"id": "23320", "ano": "2023", "numero": "283", "tipo__sigla": "OF", "tipo__descricao": "Of\u00edcio", "autoria": "", "texto_original": "http://sapl.pedroleopoldo.mg.leg.br/media/sapl/public/materialegislativa/2023/23320/oficio_283-2023.pdf", "ementa": "Ilmo(a). Sr(a).\r\nGeraldo Ribeiro, Denide e Familiares\r\n\r\n\r\n\r\n\r\n\r\n\r\n\r\n\r\n\r\n\r\n\r\n\r\n\r\n\r\n\r\n\r\n\r\n\r\n\r\n\r\n\r\n\r\n\r\n\r\n\r\n\r\n\r\n\r\n\r\n\r\n\r\n\r\n\r\n\r\n\r\n\r\n\r\n\r\n\r\n\r\n\r\n\r\n\r\n\r\n\r\n\r\n\r\n\r\n\r\n\r\n\r\n\r\n\r\n\r\n\r\n\r\n\r\n\r\n\r\n\r\n\r\n\r\n\r\n\r\n\r\n\r\n\r\n\r\n\r\n\r\n\r\n\r\n\r\n\r\nAssunto: Voto de pesar pelo falecimento da Sra. Luiza Ribeiro"}, {"id": "23321", "ano": "2023", "numero": "285", "tipo__sigla": "OF", "tipo__descricao": "Of\u00edcio", "autoria": "", "texto_original": "http://sapl.pedroleopoldo.mg.leg.br/media/sapl/public/materialegislativa/2023/23321/oficio_285-2023.pdf", "ementa": "Ilma. Sra.\r\nDona Cec\u00edlia e Familiares\r\n\r\n\r\n\r\n\r\n\r\n\r\n\r\n\r\n\r\n\r\n\r\n\r\n\r\n\r\n\r\n\r\n\r\n\r\n\r\n\r\n\r\n\r\n\r\n\r\n\r\n\r\n\r\n\r\n\r\n\r\n\r\n\r\n\r\n\r\n\r\n\r\n\r\n\r\n\r\n\r\n\r\n\r\n\r\n\r\n\r\n\r\n\r\n\r\n\r\n\r\n\r\n\r\n\r\n\r\n\r\n\r\n\r\n\r\n\r\n\r\n\r\n\r\n\r\n\r\n\r\n\r\n\r\n\r\n\r\n\r\n\r\n\r\n\r\n\r\n\r\n\r\n\r\n\r\n\r\n\r\n\r\n\r\n\r\n\r\n\r\n\r\n\r\n\r\n\r\n\r\n\r\n\r\n\r\n\r\n\r\n\r\n\r\n\r\n\r\n\r\n\r\n\r\n\r\n\r\n\r\n\r\n\r\n\r\n\r\n\r\n\r\nAssunto; Voto de pesar pelo falecimento do Sr. Jo\u00e3o Batista dos Reis."}, {"id": "23322", "ano": "2023", "numero": "286", "tipo__sigla": "OF", "tipo__descricao": "Of\u00edcio", "autoria": "", "texto_original": "http://sapl.pedroleopoldo.mg.leg.br/media/sapl/public/materialegislativa/2023/23322/oficio_286-2023.pdf", "ementa": "Ilma. Sra.\r\nSimone Cristina da Costa Eduardo e Familiares\r\n\r\n\r\n\r\n\r\n\r\n\r\n\r\n\r\n\r\n\r\n\r\n\r\n\r\n\r\n\r\n\r\n\r\n\r\n\r\n\r\n\r\n\r\n\r\n\r\n\r\n\r\n\r\n\r\n\r\n\r\n\r\n\r\n\r\n\r\n\r\n\r\n\r\n\r\n\r\n\r\n\r\n\r\n\r\n\r\n\r\n\r\n\r\n\r\n\r\n\r\n\r\n\r\n\r\n\r\n\r\n\r\n\r\n\r\n\r\n\r\n\r\n\r\n\r\n\r\n\r\n\r\n\r\n\r\n\r\n\r\n\r\n\r\n\r\n\r\n\r\n\r\n\r\n\r\n\r\n\r\n\r\n\r\n\r\n\r\n\r\n\r\n\r\n\r\n\r\n\r\n\r\n\r\n\r\n\r\n\r\n\r\n\r\n\r\n\r\n\r\n\r\n\r\n\r\n\r\n\r\n\r\n\r\n\r\n\r\n\r\n\r\n\r\n\r\n\r\n\r\n\r\n\r\n\r\n\r\n\r\n\r\n\r\n\r\n\r\n\r\n\r\n\r\n\r\n\r\n\r\n\r\n\r\n\r\n\r\n\r\n\r\n\r\n\r\n\r\nAssunto: Voto de pesar pelo falecimento da Sra. Maria Jos\u00e9 da Fonseca"}, {"id": "23323", "ano": "2023", "numero": "287", "tipo__sigla": "OF", "tipo__descricao": "Of\u00edcio", "autoria": "", "texto_original": "http://sapl.pedroleopoldo.mg.leg.br/media/sapl/public/materialegislativa/2023/23323/oficio_287-2023.pdf", "ementa": "Exma. Sra.\r\nEloisa Helena Carvalho de Freitas Pereira\r\n\r\n\r\n\r\n\r\n\r\n\r\n\r\n\r\n\r\n\r\n\r\n\r\n\r\n\r\n\r\n\r\n\r\n\r\n\r\n\r\n\r\n\r\n\r\n\r\n\r\n\r\n\r\n\r\n\r\n\r\n\r\n\r\n\r\n\r\n\r\n\r\n\r\n\r\n\r\n\r\n\r\n\r\n\r\n\r\n\r\n\r\n\r\n\r\n\r\n\r\n\r\n\r\n\r\n\r\n\r\n\r\n\r\n\r\n\r\n\r\n\r\n\r\n\r\n\r\n\r\n\r\n\r\n\r\n\r\n\r\n\r\n\r\n\r\n\r\n\r\n\r\n\r\n\r\n\r\n\r\n\r\n\r\n\r\n\r\n\r\n\r\n\r\n\r\n\r\n\r\n\r\n\r\n\r\n\r\n\r\n\r\n\r\n\r\n\r\n\r\n\r\n\r\n\r\n\r\n\r\n\r\n\r\n\r\n\r\n\r\n\r\n\r\n\r\n\r\n\r\n\r\n\r\n\r\n\r\n\r\n\r\nAssunto: Mat\u00e9ria aprovada na 36\u00aa Reuni\u00e3o Ordin\u00e1ria da C\u00e2mara Municipal de Pedro Leopoldo, realizada em 06 de novembro de 2023."}, {"id": "23324", "ano": "2023", "numero": "288", "tipo__sigla": "OF", "tipo__descricao": "Of\u00edcio", "autoria": "", "texto_original": "http://sapl.pedroleopoldo.mg.leg.br/media/sapl/public/materialegislativa/2023/23324/oficio_288-2023.pdf", "ementa": "Ilma. Sra.\r\nElenir da Fonseca e Familiares\r\n\r\n\r\n\r\n\r\n\r\n\r\n\r\n\r\n\r\n\r\n\r\n\r\n\r\n\r\n\r\n\r\n\r\n\r\n\r\n\r\n\r\n\r\n\r\n\r\n\r\n\r\n\r\n\r\n\r\n\r\n\r\n\r\n\r\n\r\n\r\n\r\n\r\n\r\n\r\n\r\n\r\n\r\n\r\n\r\n\r\n\r\n\r\n\r\n\r\n\r\n\r\n\r\n\r\n\r\n\r\n\r\n\r\n\r\n\r\n\r\n\r\n\r\n\r\n\r\n\r\n\r\n\r\n\r\n\r\n\r\n\r\n\r\n\r\n\r\n\r\n\r\n\r\n\r\n\r\n\r\n\r\n\r\n\r\n\r\n\r\n\r\n\r\n\r\n\r\n\r\n\r\n\r\n\r\n\r\n\r\n\r\n\r\n\r\n\r\n\r\n\r\n\r\n\r\n\r\n\r\n\r\n\r\n\r\n\r\n\r\n\r\n\r\n\r\n\r\n\r\n\r\n\r\n\r\n\r\n\r\nAssunto: Voto de pesar pelo falecimento da Sra. Maria Jos\u00e9 Fonseca."}, {"id": "23325", "ano": "2023", "numero": "293", "tipo__sigla": "OF", "tipo__descricao": "Of\u00edcio", "autoria": "", "texto_original": "http://sapl.pedroleopoldo.mg.leg.br/media/sapl/public/materialegislativa/2023/23325/oficio_293-2023.pdf", "ementa": "Ilma. Sra.\r\nVanusa Aparecida Ribeiro Silva e Familiares\r\n\r\n\r\n\r\n\r\n\r\n\r\n\r\n\r\n\r\n\r\n\r\n\r\n\r\n\r\n\r\n\r\n\r\n\r\n\r\n\r\n\r\n\r\n\r\n\r\n\r\n\r\n\r\n\r\n\r\n\r\n\r\n\r\n\r\n\r\n\r\n\r\n\r\n\r\n\r\n\r\n\r\n\r\n\r\n\r\n\r\n\r\n\r\n\r\n\r\n\r\n\r\n\r\n\r\n\r\n\r\n\r\n\r\n\r\n\r\n\r\n\r\n\r\n\r\n\r\n\r\n\r\n\r\n\r\n\r\n\r\n\r\n\r\n\r\n\r\n\r\n\r\n\r\n\r\n\r\n\r\n\r\n\r\n\r\n\r\n\r\n\r\n\r\n\r\n\r\n\r\n\r\n\r\n\r\n\r\n\r\n\r\n\r\n\r\n\r\n\r\n\r\n\r\n\r\n\r\n\r\n\r\n\r\n\r\n\r\n\r\n\r\n\r\n\r\n\r\n\r\n\r\n\r\n\r\n\r\n\r\n\r\n\r\n\r\n\r\n\r\n\r\nAssunto: Voto de pesar pelo falecimento do Sr. Jos\u00e9 Canuto de Abreu"}, {"id": "23326", "ano": "2023", "numero": "294", "tipo__sigla": "OF", "tipo__descricao": "Of\u00edcio", "autoria": "", "texto_original": "http://sapl.pedroleopoldo.mg.leg.br/media/sapl/public/materialegislativa/2023/23326/oficio_294-2023.pdf", "ementa": "Ilma. Sra.\r\nLidiane de Oliveira Costa e Familiares\r\n\r\n\r\n\r\n\r\n\r\n\r\n\r\n\r\n\r\n\r\n\r\n\r\n\r\n\r\n\r\n\r\n\r\n\r\n\r\n\r\n\r\n\r\n\r\n\r\n\r\n\r\n\r\n\r\n\r\n\r\n\r\n\r\n\r\n\r\n\r\n\r\n\r\n\r\n\r\n\r\n\r\n\r\n\r\n\r\n\r\n\r\n\r\n\r\n\r\n\r\n\r\n\r\n\r\n\r\n\r\n\r\n\r\n\r\n\r\n\r\n\r\n\r\n\r\n\r\n\r\n\r\n\r\n\r\n\r\n\r\nAssunto; Voto de pesar pelo falecimento da Sra. Maria Angela Gon\u00e7alves."}, {"id": "23327", "ano": "2023", "numero": "295", "tipo__sigla": "OF", "tipo__descricao": "Of\u00edcio", "autoria": "", "texto_original": "http://sapl.pedroleopoldo.mg.leg.br/media/sapl/public/materialegislativa/2023/23327/oficio_295-2023.pdf", "ementa": "Ilma. Sra.\r\nAlexsandra Cristina Roberto e Familiares\r\n\r\n\r\n\r\n\r\n\r\n\r\n\r\n\r\n\r\n\r\n\r\n\r\n\r\n\r\n\r\n\r\n\r\n\r\n\r\n\r\n\r\n\r\n\r\n\r\n\r\n\r\n\r\n\r\n\r\n\r\n\r\n\r\n\r\n\r\n\r\n\r\n\r\n\r\n\r\n\r\n\r\n\r\n\r\n\r\n\r\n\r\n\r\n\r\n\r\n\r\n\r\n\r\n\r\n\r\n\r\n\r\n\r\n\r\n\r\n\r\n\r\n\r\n\r\n\r\n\r\n\r\n\r\n\r\n\r\n\r\n\r\n\r\n\r\n\r\n\r\n\r\n\r\n\r\n\r\n\r\n\r\n\r\n\r\n\r\n\r\n\r\n\r\n\r\n\r\n\r\n\r\n\r\n\r\n\r\n\r\n\r\n\r\n\r\n\r\n\r\n\r\n\r\n\r\n\r\n\r\n\r\n\r\n\r\n\r\n\r\n\r\n\r\n\r\n\r\n\r\n\r\n\r\n\r\n\r\n\r\n\r\n\r\n\r\n\r\n\r\n\r\n\r\n\r\n\r\n\r\n\r\n\r\n\r\n\r\n\r\n\r\n\r\nAssunto: Voto de pesar pelo falecimento  do Sr. Fernandes Luiz Roberto de Paula."}, {"id": "23328", "ano": "2023", "numero": "296", "tipo__sigla": "OF", "tipo__descricao": "Of\u00edcio", "autoria": "", "texto_original": "http://sapl.pedroleopoldo.mg.leg.br/media/sapl/public/materialegislativa/2023/23328/oficio_296-2023.pdf", "ementa": "Ilma. Sra.\r\nAna Maria Costa e Familiares\r\n\r\n\r\n\r\n\r\n\r\n\r\n\r\n\r\n\r\n\r\n\r\n\r\n\r\n\r\n\r\n\r\n\r\n\r\n\r\n\r\n\r\n\r\n\r\n\r\n\r\n\r\n\r\n\r\n\r\n\r\n\r\n\r\n\r\n\r\n\r\n\r\n\r\n\r\n\r\n\r\n\r\n\r\n\r\n\r\n\r\n\r\n\r\n\r\n\r\n\r\n\r\n\r\n\r\n\r\n\r\n\r\n\r\n\r\n\r\n\r\n\r\n\r\n\r\n\r\n\r\n\r\n\r\n\r\n\r\n\r\n\r\n\r\n\r\n\r\n\r\n\r\n\r\n\r\n\r\n\r\n\r\n\r\n\r\n\r\n\r\n\r\n\r\n\r\n\r\n\r\n\r\n\r\n\r\n\r\n\r\n\r\n\r\n\r\n\r\n\r\n\r\n\r\n\r\n\r\n\r\n\r\n\r\n\r\n\r\n\r\n\r\n\r\n\r\n\r\n\r\n\r\n\r\n\r\n\r\n\r\n\r\n\r\n\r\n\r\n\r\n\r\n\r\n\r\n\r\n\r\n\r\n\r\n\r\n\r\n\r\n\r\n\r\n\r\n\r\n\r\n\r\n\r\n\r\n\r\n\r\n\r\n\r\n\r\n\r\nAssunto: Voto de pesar pelo falecimento da Sra. Maria Jos\u00e9 da Costa"}, {"id": "23329", "ano": "2023", "numero": "297", "tipo__sigla": "OF", "tipo__descricao": "Of\u00edcio", "autoria": "", "texto_original": "http://sapl.pedroleopoldo.mg.leg.br/media/sapl/public/materialegislativa/2023/23329/oficio_297-2023.pdf", "ementa": "Exma. Sra.\r\nEloisa Helena Carvalho de Freitas Pereira\r\nPrefeita Municipal\r\nPedro Leopoldo/MG\r\n\r\n\r\n\r\n\r\n\r\n\r\n\r\n\r\n\r\n\r\n\r\n\r\n\r\n\r\n\r\n\r\n\r\n\r\n\r\n\r\n\r\n\r\n\r\n\r\n\r\n\r\n\r\n\r\n\r\n\r\n\r\n\r\n\r\n\r\n\r\n\r\n\r\n\r\n\r\n\r\n\r\n\r\n\r\n\r\n\r\n\r\n\r\n\r\n\r\n\r\n\r\n\r\n\r\n\r\n\r\n\r\n\r\n\r\n\r\n\r\n\r\n\r\n\r\n\r\n\r\n\r\n\r\n\r\n\r\n\r\n\r\n\r\n\r\n\r\n\r\n\r\n\r\n\r\n\r\n\r\n\r\n\r\n\r\n\r\n\r\n\r\n\r\n\r\n\r\n\r\n\r\n\r\n\r\n\r\n\r\n\r\nAssunto: Mat\u00e9ria aprovada na 37\u00aa Reuni\u00e3o Ordin\u00e1ria da C\u00e2mara Municipal de Pedro Leopoldo, realizada em 13 de novembro de 2023."}, {"id": "23330", "ano": "2023", "numero": "300", "tipo__sigla": "OF", "tipo__descricao": "Of\u00edcio", "autoria": "", "texto_original": "http://sapl.pedroleopoldo.mg.leg.br/media/sapl/public/materialegislativa/2023/23330/oficio_300-2023.pdf", "ementa": "Ilma. Sra.\r\nAparecida da Concei\u00e7\u00e3o e Familiares \r\n\r\n\r\n\r\n\r\n\r\n\r\n\r\n\r\n\r\n\r\n\r\n\r\n\r\n\r\n\r\n\r\n\r\n\r\n\r\n\r\n\r\n\r\n\r\n\r\n\r\n\r\n\r\n\r\n\r\n\r\n\r\n\r\n\r\n\r\n\r\n\r\n\r\n\r\n\r\n\r\n\r\n\r\n\r\n\r\n\r\n\r\n\r\n\r\n\r\n\r\n\r\n\r\n\r\n\r\n\r\n\r\n\r\n\r\n\r\n\r\n\r\n\r\n\r\n\r\n\r\n\r\n\r\n\r\n\r\n\r\n\r\n\r\n\r\n\r\n\r\n\r\n\r\n\r\n\r\n\r\n\r\n\r\n\r\n\r\n\r\n\r\n\r\n\r\n\r\n\r\n\r\n\r\n\r\n\r\n\r\n\r\n\r\n\r\n\r\n\r\n\r\n\r\n\r\n\r\n\r\n\r\n\r\n\r\n\r\n\r\n\r\n\r\n\r\n\r\n\r\n\r\n\r\n\r\n\r\n\r\n\r\n\r\n\r\n\r\n\r\n\r\n\r\n\r\n\r\n\r\n\r\n\r\nAssunto: Voto de pesar pelo falecimento do Sr. Carlos Alberto Tavares da Silva."}, {"id": "23331", "ano": "2023", "numero": "301", "tipo__sigla": "OF", "tipo__descricao": "Of\u00edcio", "autoria": "", "texto_original": "http://sapl.pedroleopoldo.mg.leg.br/media/sapl/public/materialegislativa/2023/23331/oficio_301-2023.pdf", "ementa": "Ilma. Sra.\r\nM\u00e1rcia Nogueira Machado e Familiares\r\n\r\n\r\n\r\n\r\n\r\n\r\n\r\n\r\n\r\n\r\n\r\n\r\n\r\n\r\n\r\n\r\n\r\n\r\n\r\n\r\n\r\n\r\n\r\n\r\n\r\n\r\n\r\n\r\n\r\n\r\n\r\n\r\n\r\n\r\n\r\n\r\n\r\n\r\n\r\n\r\n\r\n\r\n\r\n\r\n\r\n\r\n\r\n\r\n\r\n\r\n\r\n\r\n\r\n\r\n\r\n\r\n\r\n\r\n\r\n\r\n\r\n\r\n\r\n\r\n\r\n\r\n\r\n\r\n\r\n\r\n\r\n\r\n\r\n\r\n\r\n\r\n\r\n\r\n\r\n\r\n\r\n\r\n\r\n\r\n\r\n\r\n\r\n\r\n\r\n\r\n\r\n\r\n\r\n\r\n\r\n\r\n\r\n\r\n\r\n\r\n\r\n\r\n\r\n\r\n\r\n\r\n\r\n\r\n\r\n\r\n\r\n\r\nAssunto: Voto de pesar pelo falecimento do seu esposo, Sr. Maur\u00edcio Jos\u00e9 Machado."}, {"id": "23332", "ano": "2023", "numero": "302", "tipo__sigla": "OF", "tipo__descricao": "Of\u00edcio", "autoria": "", "texto_original": "http://sapl.pedroleopoldo.mg.leg.br/media/sapl/public/materialegislativa/2023/23332/oficio_302-2023.pdf", "ementa": "Ilma. Sra.\r\nMaria Aparecida Santos de Paula e Familiares.\r\n\r\n\r\n\r\n\r\n\r\n\r\n\r\n\r\n\r\n\r\n\r\n\r\n\r\n\r\n\r\n\r\n\r\n\r\n\r\n\r\n\r\n\r\n\r\n\r\n\r\n\r\n\r\n\r\n\r\n\r\n\r\n\r\n\r\n\r\n\r\n\r\n\r\n\r\n\r\n\r\n\r\n\r\n\r\n\r\n\r\n\r\n\r\n\r\n\r\n\r\n\r\n\r\n\r\n\r\n\r\n\r\n\r\n\r\n\r\n\r\n\r\n\r\n\r\n\r\n\r\n\r\n\r\n\r\n\r\n\r\n\r\n\r\n\r\n\r\n\r\n\r\n\r\n\r\n\r\n\r\n\r\n\r\n\r\n\r\n\r\n\r\n\r\n\r\n\r\n\r\n\r\n\r\n\r\n\r\n\r\n\r\n\r\n\r\n\r\n\r\n\r\n\r\n\r\n\r\n\r\n\r\n\r\n\r\n\r\n\r\n\r\n\r\n\r\nAssunto: Voto de pesar pelo falecimento do Sr. Francisco de Paula."}, {"id": "23333", "ano": "2023", "numero": "303", "tipo__sigla": "OF", "tipo__descricao": "Of\u00edcio", "autoria": "", "texto_original": "http://sapl.pedroleopoldo.mg.leg.br/media/sapl/public/materialegislativa/2023/23333/oficio_303-2023.pdf", "ementa": "Ilma. Sra.\r\nLucinet Braga dos Santos e Familiares\r\n\r\n\r\n\r\n\r\n\r\n\r\n\r\n\r\n\r\n\r\n\r\n\r\n\r\n\r\n\r\n\r\n\r\n\r\n\r\n\r\n\r\n\r\n\r\n\r\n\r\n\r\n\r\n\r\n\r\n\r\n\r\n\r\n\r\n\r\n\r\n\r\n\r\n\r\n\r\n\r\n\r\n\r\n\r\n\r\n\r\n\r\n\r\n\r\n\r\n\r\n\r\n\r\n\r\n\r\n\r\n\r\n\r\n\r\n\r\n\r\n\r\n\r\n\r\n\r\n\r\n\r\n\r\n\r\n\r\n\r\n\r\n\r\n\r\n\r\n\r\n\r\n\r\n\r\n\r\n\r\n\r\n\r\n\r\n\r\n\r\n\r\n\r\n\r\n\r\n\r\n\r\n\r\n\r\n\r\n\r\n\r\n\r\n\r\n\r\n\r\n\r\n\r\n\r\n\r\n\r\n\r\n\r\n\r\n\r\n\r\n\r\n\r\n\r\n\r\n\r\n\r\nAssunto: Voto de pesar pelo falecimento do Sr. Jair de Freitas Braga (Sr. Braz)."}, {"id": "23334", "ano": "2023", "numero": "304", "tipo__sigla": "OF", "tipo__descricao": "Of\u00edcio", "autoria": "", "texto_original": "http://sapl.pedroleopoldo.mg.leg.br/media/sapl/public/materialegislativa/2023/23334/oficio_304-2023.pdf", "ementa": "Ilmo. Sr.\r\nEl\u00edsio Pereira Torres e Familiares\r\n\r\n\r\n\r\n\r\n\r\n\r\n\r\n\r\n\r\n\r\n\r\n\r\n\r\n\r\n\r\n\r\n\r\n\r\n\r\n\r\n\r\n\r\n\r\n\r\n\r\n\r\n\r\n\r\n\r\n\r\n\r\n\r\n\r\n\r\n\r\n\r\n\r\n\r\n\r\n\r\n\r\n\r\n\r\n\r\n\r\n\r\n\r\n\r\n\r\n\r\n\r\n\r\n\r\n\r\n\r\n\r\n\r\n\r\n\r\n\r\n\r\n\r\n\r\n\r\n\r\n\r\n\r\n\r\n\r\n\r\n\r\n\r\n\r\n\r\n\r\n\r\n\r\n\r\n\r\n\r\n\r\n\r\n\r\n\r\n\r\n\r\n\r\n\r\n\r\n\r\n\r\n\r\n\r\n\r\n\r\n\r\n\r\n\r\n\r\n\r\n\r\n\r\n\r\n\r\n\r\n\r\n\r\n\r\n\r\nAssunto: Voto de pesar pelo falecimento da Sra. Edna Catarina Torres."}, {"id": "23335", "ano": "2023", "numero": "305", "tipo__sigla": "OF", "tipo__descricao": "Of\u00edcio", "autoria": "", "texto_original": "http://sapl.pedroleopoldo.mg.leg.br/media/sapl/public/materialegislativa/2023/23335/oficio_305-2023.pdf", "ementa": "Ilma. Sra.\r\nMichaele  Kenedy de Jesus Reis e Familiares\r\n\r\n\r\n\r\n\r\n\r\n\r\n\r\n\r\n\r\n\r\n\r\n\r\n\r\n\r\n\r\n\r\n\r\n\r\n\r\n\r\n\r\n\r\n\r\n\r\n\r\n\r\n\r\n\r\n\r\n\r\n\r\n\r\n\r\n\r\n\r\n\r\n\r\n\r\n\r\n\r\n\r\n\r\n\r\n\r\n\r\n\r\n\r\n\r\n\r\n\r\n\r\n\r\n\r\n\r\n\r\n\r\n\r\n\r\n\r\n\r\n\r\n\r\n\r\n\r\n\r\n\r\n\r\n\r\n\r\n\r\n\r\n\r\n\r\n\r\n\r\n\r\n\r\n\r\n\r\n\r\n\r\n\r\n\r\n\r\n\r\n\r\n\r\n\r\n\r\n\r\n\r\n\r\n\r\n\r\n\r\n\r\n\r\n\r\n\r\n\r\n\r\n\r\n\r\n\r\n\r\n\r\n\r\n\r\n\r\n\r\nAssunto: Voto de pesar pelo falecimento do Sr. Jack Kenedy."}, {"id": "23336", "ano": "2023", "numero": "306", "tipo__sigla": "OF", "tipo__descricao": "Of\u00edcio", "autoria": "", "texto_original": "http://sapl.pedroleopoldo.mg.leg.br/media/sapl/public/materialegislativa/2023/23336/oficio_306-2023.pdf", "ementa": "Ilma. Sra.\r\nDeise Mara Nascimento de Andrade e Familiares\r\n\r\n\r\n\r\n\r\n\r\n\r\n\r\n\r\n\r\n\r\n\r\n\r\n\r\n\r\n\r\n\r\n\r\n\r\n\r\n\r\n\r\n\r\n\r\n\r\n\r\n\r\n\r\n\r\n\r\n\r\n\r\n\r\n\r\n\r\n\r\n\r\n\r\n\r\n\r\n\r\n\r\n\r\n\r\n\r\n\r\n\r\n\r\n\r\n\r\n\r\n\r\n\r\n\r\n\r\n\r\n\r\n\r\n\r\n\r\n\r\n\r\n\r\n\r\n\r\n\r\n\r\n\r\n\r\n\r\n\r\n\r\n\r\n\r\n\r\n\r\n\r\n\r\n\r\n\r\n\r\n\r\n\r\n\r\n\r\n\r\n\r\n\r\n\r\n\r\n\r\n\r\n\r\n\r\n\r\n\r\n\r\n\r\n\r\n\r\n\r\n\r\n\r\n\r\n\r\n\r\n\r\n\r\n\r\n\r\n\r\n\r\n\r\n\r\n\r\n\r\n\r\n\r\n\r\n\r\nAssunto: Voto de pesar pelo falecimento da Sra. Eni de Lima Nascimento."}, {"id": "23337", "ano": "2023", "numero": "307", "tipo__sigla": "OF", "tipo__descricao": "Of\u00edcio", "autoria": "", "texto_original": "http://sapl.pedroleopoldo.mg.leg.br/media/sapl/public/materialegislativa/2023/23337/oficio_307-2023.pdf", "ementa": "Ilmos. Srs.\r\nRoney da Silva, Jos\u00e9 Geraldo da Silva, Marcos Ant\u00f4nio da Silva, Tonio Geberson da Silva, Patr\u00edcia Aparecida da Silva, Silvana Aparecida da Silva e Familiares.\r\n\r\n\r\n\r\n\r\n\r\n\r\n\r\n\r\n\r\n\r\n\r\n\r\n\r\n\r\n\r\n\r\n\r\n\r\n\r\n\r\n\r\n\r\n\r\n\r\n\r\n\r\n\r\n\r\n\r\n\r\n\r\n\r\n\r\n\r\n\r\n\r\n\r\n\r\n\r\n\r\n\r\n\r\n\r\n\r\n\r\n\r\n\r\n\r\n\r\n\r\n\r\n\r\n\r\n\r\n\r\n\r\n\r\n\r\n\r\n\r\n\r\n\r\n\r\n\r\n\r\n\r\n\r\n\r\n\r\n\r\n\r\n\r\n\r\n\r\n\r\n\r\n\r\n\r\n\r\n\r\n\r\n\r\n\r\n\r\n\r\n\r\n\r\n\r\n\r\n\r\n\r\n\r\n\r\n\r\n\r\n\r\n\r\n\r\n\r\n\r\n\r\n\r\n\r\n\r\n\r\n\r\n\r\n\r\n\r\n\r\n\r\nAssunto: Voto de pesar pelo falecimento do Sr. Robson Roberto da Silva."}, {"id": "23338", "ano": "2023", "numero": "308", "tipo__sigla": "OF", "tipo__descricao": "Of\u00edcio", "autoria": "", "texto_original": "http://sapl.pedroleopoldo.mg.leg.br/media/sapl/public/materialegislativa/2023/23338/oficio_308-2023.pdf", "ementa": "Exma. Sra.\r\nEloisa Helena Carvalho de Freitas Pereira\r\nPrefeita Municipal\r\nPedro Leopoldo/MG\r\n\r\n\r\n\r\n\r\n\r\n\r\n\r\n\r\n\r\n\r\n\r\n\r\n\r\n\r\n\r\n\r\n\r\n\r\n\r\n\r\n\r\n\r\n\r\n\r\n\r\n\r\n\r\n\r\n\r\n\r\n\r\n\r\n\r\n\r\n\r\n\r\n\r\n\r\n\r\n\r\n\r\n\r\n\r\n\r\n\r\n\r\n\r\n\r\n\r\n\r\n\r\n\r\n\r\n\r\n\r\n\r\n\r\n\r\n\r\n\r\n\r\n\r\n\r\n\r\n\r\n\r\n\r\n\r\n\r\n\r\n\r\n\r\n\r\n\r\n\r\n\r\n\r\n\r\n\r\n\r\n\r\n\r\n\r\n\r\n\r\n\r\n\r\n\r\n\r\n\r\n\r\n\r\n\r\n\r\n\r\n\r\n\r\n\r\n\r\n\r\n\r\n\r\n\r\n\r\n\r\n\r\n\r\n\r\n\r\n\r\n\r\n\r\n\r\n\r\n\r\n\r\n\r\n\r\n\r\n\r\n\r\n\r\n\r\n\r\n\r\n\r\n\r\n\r\n\r\n\r\n\r\n\r\n\r\n\r\n\r\n\r\n\r\n\r\n\r\n\r\n\r\n\r\n\r\n\r\n\r\n\r\n\r\n\r\n\r\n\r\n\r\n\r\n\r\n\r\n\r\n\r\n\r\n\r\n\r\n\r\n\r\n\r\n\r\n\r\n\r\n\r\n\r\n\r\n\r\n\r\n\r\n\r\n\r\n\r\n\r\n\r\n\r\n\r\n\r\n\r\n\r\n\r\nAssunto: Mat\u00e9ria aprovada na 38\u00aa Reuni\u00e3o Ordin\u00e1ria da C\u00e2mara Municipal de Pedro Leopoldo, realizada em 20 de novembro de 2023."}, {"id": "23339", "ano": "2023", "numero": "309", "tipo__sigla": "OF", "tipo__descricao": "Of\u00edcio", "autoria": "", "texto_original": "http://sapl.pedroleopoldo.mg.leg.br/media/sapl/public/materialegislativa/2023/23339/oficio_309-2023.pdf", "ementa": "Ilmo. Sr.\r\nMarivaldo Ferreira Campos e Familiares.\r\n\r\n\r\n\r\n\r\n\r\n\r\n\r\n\r\n\r\n\r\n\r\n\r\n\r\n\r\n\r\n\r\n\r\n\r\n\r\n\r\n\r\n\r\n\r\n\r\n\r\n\r\n\r\n\r\n\r\n\r\n\r\n\r\n\r\n\r\n\r\n\r\n\r\n\r\n\r\n\r\n\r\n\r\n\r\n\r\n\r\n\r\n\r\n\r\n\r\n\r\n\r\n\r\n\r\n\r\n\r\n\r\n\r\n\r\n\r\n\r\n\r\n\r\n\r\n\r\n\r\n\r\n\r\n\r\n\r\n\r\n\r\n\r\n\r\n\r\n\r\n\r\n\r\n\r\n\r\n\r\n\r\n\r\n\r\n\r\n\r\n\r\n\r\n\r\n\r\n\r\n\r\n\r\n\r\n\r\n\r\n\r\n\r\n\r\n\r\n\r\n\r\n\r\n\r\n\r\n\r\n\r\n\r\n\r\n\r\n\r\n\r\n\r\nAssunto: Voto de pesar pelo falecimento da Sra. Najla Maria Ferreira Campos."}, {"id": "23340", "ano": "2023", "numero": "310", "tipo__sigla": "OF", "tipo__descricao": "Of\u00edcio", "autoria": "", "texto_original": "http://sapl.pedroleopoldo.mg.leg.br/media/sapl/public/materialegislativa/2023/23340/oficio_310-2023.pdf", "ementa": "Ilmo. Sr.\r\nAnt\u00f4nio Calixto Rodrigues e Familiares\r\n\r\n\r\n\r\n\r\n\r\n\r\n\r\n\r\n\r\n\r\n\r\n\r\n\r\n\r\n\r\n\r\n\r\n\r\n\r\n\r\n\r\n\r\n\r\n\r\n\r\n\r\n\r\n\r\n\r\n\r\n\r\n\r\n\r\n\r\n\r\n\r\n\r\n\r\n\r\n\r\n\r\n\r\n\r\n\r\n\r\n\r\n\r\n\r\n\r\n\r\n\r\n\r\n\r\n\r\n\r\n\r\n\r\n\r\n\r\n\r\n\r\n\r\n\r\n\r\n\r\n\r\n\r\n\r\n\r\n\r\n\r\n\r\n\r\n\r\n\r\n\r\n\r\n\r\n\r\n\r\n\r\n\r\n\r\n\r\n\r\n\r\n\r\n\r\n\r\n\r\n\r\n\r\n\r\n\r\n\r\n\r\n\r\n\r\n\r\n\r\n\r\n\r\n\r\n\r\n\r\n\r\n\r\n\r\n\r\n\r\n\r\n\r\n\r\n\r\n.\r\nAssunto: Voto de pesar pelo falecimento do Sr. Miguel Arcanjo Rodrigues."}, {"id": "23341", "ano": "2023", "numero": "311", "tipo__sigla": "OF", "tipo__descricao": "Of\u00edcio", "autoria": "", "texto_original": "http://sapl.pedroleopoldo.mg.leg.br/media/sapl/public/materialegislativa/2023/23341/oficio_311-2023.pdf", "ementa": "Ilma. Sra.\r\nFrancisca Luiz de Souza Chaves e Familiares\r\n\r\n\r\n\r\n\r\n\r\n\r\n\r\n\r\n\r\n\r\n\r\n\r\n\r\n\r\n\r\n\r\n\r\n\r\n\r\n\r\n\r\n\r\n\r\n\r\n\r\n\r\n\r\n\r\n\r\n\r\n\r\n\r\n\r\n\r\n\r\n\r\n\r\n\r\n\r\n\r\n\r\n\r\n\r\n\r\n\r\n\r\n\r\n\r\n\r\n\r\n\r\n\r\n\r\n\r\n\r\n\r\nAssunto: Voto de pesar pelo falecimento do Sr. Jos\u00e9 Luiz de Souza."}, {"id": "23342", "ano": "2023", "numero": "312", "tipo__sigla": "OF", "tipo__descricao": "Of\u00edcio", "autoria": "", "texto_original": "http://sapl.pedroleopoldo.mg.leg.br/media/sapl/public/materialegislativa/2023/23342/oficio_312-2023.pdf", "ementa": "Ilmo. Sr.\r\nMarco Ant\u00f5nio Salem Diniz e Familiares\r\n\r\n\r\n\r\n\r\n\r\n\r\n\r\n\r\n\r\n\r\n\r\n\r\n\r\n\r\n\r\n\r\n\r\n\r\n\r\n\r\n\r\n\r\n\r\n\r\n\r\n\r\n\r\n\r\n\r\n\r\n\r\n\r\n\r\n\r\n\r\n\r\n\r\n\r\n\r\n\r\n\r\n\r\n\r\n\r\n\r\n\r\n\r\n\r\n\r\n\r\n\r\n\r\n\r\n\r\n\r\n\r\n\r\n\r\n\r\n\r\n\r\n\r\n\r\n\r\n\r\n\r\n\r\n\r\n\r\n\r\n\r\n\r\n\r\n\r\n\r\n\r\n\r\n\r\n\r\n\r\n\r\n\r\n\r\n\r\n\r\n\r\n\r\n\r\n\r\n\r\n\r\n\r\n\r\nAssunto: Voto de pesar pelo falecimento do Sr. Paulo Campelo Diniz."}, {"id": "23343", "ano": "2023", "numero": "313", "tipo__sigla": "OF", "tipo__descricao": "Of\u00edcio", "autoria": "", "texto_original": "http://sapl.pedroleopoldo.mg.leg.br/media/sapl/public/materialegislativa/2023/23343/oficio_313-2023.pdf", "ementa": "Ilma. Sra.\r\nT\u00e2nia Barreto e Familiares\r\n\r\n\r\n\r\n\r\n\r\n\r\n\r\n\r\n\r\n\r\n\r\n\r\n\r\n\r\n\r\n\r\n\r\n\r\n\r\n\r\n\r\n\r\n\r\n\r\n\r\n\r\n\r\n\r\n\r\n\r\n\r\n\r\n\r\n\r\n\r\n\r\n\r\n\r\n\r\n\r\n\r\n\r\n\r\n\r\n\r\n\r\n\r\n\r\n\r\n\r\n\r\n\r\n\r\n\r\n\r\n\r\n\r\n\r\n\r\n\r\n\r\n\r\n\r\n\r\n\r\n\r\n\r\n\r\n\r\n\r\n\r\n\r\n\r\n\r\n\r\n\r\n\r\n\r\n\r\n\r\n\r\n\r\n\r\n\r\n\r\n\r\n\r\n\r\n\r\n\r\n\r\n\r\n\r\n\r\n\r\n\r\n\r\n\r\n\r\n\r\n\r\n\r\n\r\n\r\n\r\n\r\n\r\n\r\n\r\n\r\n\r\n\r\n\r\n\r\n\r\n\r\n\r\n\r\n\r\n\r\nAssunto: Voto de pesar pelo falecimento do Sr. Davi de Assis Barreto."}, {"id": "23344", "ano": "2023", "numero": "314", "tipo__sigla": "OF", "tipo__descricao": "Of\u00edcio", "autoria": "", "texto_original": "http://sapl.pedroleopoldo.mg.leg.br/media/sapl/public/materialegislativa/2023/23344/oficio_314-2023.pdf", "ementa": "Exma. Sra.\r\nEloisa Helena Carvalho de Freitas Pereira\r\nPrefeita Municipal\r\nPedro Leopoldo/MG\r\n\r\n\r\n\r\n\r\n\r\n\r\n\r\n\r\n\r\n\r\n\r\n\r\n\r\n\r\n\r\n\r\n\r\n\r\n\r\n\r\n\r\n\r\n\r\n\r\n\r\n\r\n\r\n\r\n\r\n\r\n\r\n\r\n\r\n\r\n\r\n\r\n\r\n\r\n\r\n\r\n\r\n\r\n\r\n\r\n\r\n\r\n\r\n\r\n\r\n\r\n\r\n\r\n\r\n\r\n\r\n\r\n\r\n\r\n\r\n\r\n\r\n\r\n\r\n\r\n\r\n\r\n\r\n\r\n\r\n\r\n\r\n\r\n\r\n\r\n\r\n\r\n\r\n\r\n\r\n\r\n\r\n\r\n\r\n\r\n\r\n\r\n\r\n\r\n\r\n\r\n\r\n\r\n\r\n\r\n\r\n\r\n\r\n\r\n\r\n\r\n\r\n\r\n\r\n\r\n\r\n\r\n\r\n\r\n\r\n\r\n\r\n\r\n\r\n\r\n\r\n\r\n\r\n\r\n\r\n\r\n\r\n\r\n\r\n\r\n\r\nAssunto: Mat\u00e9ria aprovada na 39\u00aa Reuni\u00e3o Ordin\u00e1ria da C\u00e2mara Municipal de Pedro Leopoldo, realizada em 27 de novembro de 2023."}, {"id": "23345", "ano": "2023", "numero": "316", "tipo__sigla": "OF", "tipo__descricao": "Of\u00edcio", "autoria": "", "texto_original": "http://sapl.pedroleopoldo.mg.leg.br/media/sapl/public/materialegislativa/2023/23345/oficio_316-2023.pdf", "ementa": "Ilmo. Sr.\r\nClaudine Bahia Andrade Modiano e Familiares\r\n\r\n\r\n\r\n\r\n\r\n\r\n\r\n\r\n\r\n\r\n\r\n\r\n\r\n\r\n\r\n\r\n\r\n\r\n\r\n\r\n\r\n\r\n\r\n\r\n\r\n\r\n\r\n\r\n\r\n\r\n\r\n\r\n\r\n\r\n\r\n\r\n\r\n\r\n\r\n\r\n\r\n\r\n\r\n\r\n\r\n\r\n\r\n\r\n\r\n\r\n\r\n\r\n\r\n\r\n\r\n\r\n\r\n\r\n\r\n\r\n\r\n\r\n\r\n\r\n\r\n\r\n\r\n\r\n\r\n\r\n\r\n\r\n\r\n\r\n\r\n\r\n\r\n\r\n\r\n\r\n\r\n\r\n\r\n\r\n\r\n\r\n\r\n\r\n\r\n\r\n\r\n\r\n\r\n\r\n\r\n\r\n\r\n\r\n\r\n\r\n\r\n\r\n\r\n\r\n\r\n\r\n\r\n\r\n\r\n\r\n\r\n\r\n\r\n\r\n\r\n\r\n\r\n\r\n\r\n\r\n\r\n\r\n\r\n\r\n\r\n\r\n\r\n\r\n\r\n\r\n\r\n\r\n\r\n\r\n\r\n\r\n\r\n\r\n\r\n\r\n\r\n\r\n\r\n\r\n\r\n\r\n\r\n\r\n\r\n\r\n\r\n\r\nAssunto: Voto de pesar pelo falecimento do Sr. Carlo Rosano Beliz\u00e1rio Modiano."}, {"id": "23346", "ano": "2023", "numero": "317", "tipo__sigla": "OF", "tipo__descricao": "Of\u00edcio", "autoria": "", "texto_original": "http://sapl.pedroleopoldo.mg.leg.br/media/sapl/public/materialegislativa/2023/23346/oficio_317-2023.pdf", "ementa": "Ilma. Sra.\r\nIn\u00eas Andrade e Familiares\r\n\r\n\r\n\r\n\r\n\r\n\r\n\r\n\r\n\r\n\r\n\r\n\r\n\r\n\r\n\r\n\r\n\r\n\r\n\r\n\r\n\r\n\r\n\r\n\r\n\r\n\r\n\r\n\r\n\r\n\r\n\r\n\r\n\r\n\r\n\r\n\r\n\r\n\r\n\r\n\r\n\r\n\r\n\r\n\r\n\r\n\r\n\r\n\r\n\r\n\r\n\r\n\r\n\r\n\r\n\r\n\r\n\r\n\r\n\r\n\r\n\r\n\r\n\r\n\r\n\r\n\r\n\r\n\r\n\r\n\r\n\r\n\r\n\r\n\r\n\r\n\r\n\r\n\r\n\r\n\r\n\r\n\r\n\r\n\r\n\r\n\r\n\r\n\r\n\r\n\r\n\r\n\r\n\r\n\r\n\r\n\r\n\r\n\r\n\r\n\r\n\r\n\r\n\r\n\r\n\r\n\r\n\r\n\r\n\r\n\r\n\r\n\r\n\r\n\r\n\r\n\r\n\r\n\r\n\r\n\r\n\r\n\r\n\r\n\r\n\r\n\r\n\r\n\r\n\r\n\r\n\r\n\r\n\r\n\r\n\r\n\r\n\r\n\r\n\r\nAssunto: Voto de pesar pelo falecimento da Sra. Geralda Alves de Andrade Silva."}, {"id": "23347", "ano": "2023", "numero": "318", "tipo__sigla": "OF", "tipo__descricao": "Of\u00edcio", "autoria": "", "texto_original": "http://sapl.pedroleopoldo.mg.leg.br/media/sapl/public/materialegislativa/2023/23347/oficio_318-2023.pdf", "ementa": "Ilmos. Srs.\r\nMurilo Dias, Gustavo Dias e Familiares\r\n\r\n\r\n\r\n\r\n\r\n\r\n\r\n\r\n\r\n\r\n\r\n\r\n\r\n\r\n\r\n\r\n\r\n\r\n\r\n\r\n\r\n\r\n\r\n\r\n\r\n\r\n\r\n\r\n\r\n\r\n\r\n\r\n\r\n\r\n\r\n\r\n\r\n\r\n\r\n\r\n\r\n\r\n\r\n\r\n\r\n\r\n\r\n\r\n\r\n\r\n\r\n\r\n\r\n\r\n\r\n\r\n\r\n\r\n\r\n\r\n\r\n\r\n\r\n\r\n\r\n\r\n\r\n\r\n\r\n\r\n\r\n\r\n\r\n\r\n\r\n\r\n\r\n\r\n\r\n\r\n\r\n\r\n\r\n\r\n\r\n\r\n\r\n\r\n\r\n\r\n\r\n\r\n\r\n\r\n\r\n\r\n\r\n\r\n\r\n\r\n\r\n\r\n\r\n\r\n\r\n\r\n\r\n\r\n\r\n\r\n\r\n\r\n\r\n\r\n\r\n\r\n\r\n\r\n\r\n\r\n\r\n\r\n\r\n\r\n\r\n\r\n\r\n\r\n\r\n\r\n\r\n\r\n\r\n\r\n\r\n\r\n\r\n\r\n\r\nAssunto: Voto de pesar pelo falecimento do Sr. Murilo Dias Nogueira."}, {"id": "23348", "ano": "2023", "numero": "319", "tipo__sigla": "OF", "tipo__descricao": "Of\u00edcio", "autoria": "", "texto_original": "http://sapl.pedroleopoldo.mg.leg.br/media/sapl/public/materialegislativa/2023/23348/oficio_319-2023.pdf", "ementa": "Ilma. Sra.\r\nSandra Regina Tom\u00e9 Lopes e Familiares\r\n\r\n\r\n\r\n\r\n\r\n\r\n\r\n\r\n\r\n\r\n\r\n\r\n\r\n\r\n\r\n\r\n\r\n\r\n\r\n\r\n\r\n\r\n\r\n\r\n\r\n\r\n\r\n\r\n\r\n\r\n\r\n\r\n\r\n\r\n\r\n\r\n\r\n\r\n\r\n\r\n\r\n\r\n\r\n\r\n\r\n\r\n\r\n\r\n\r\n\r\n\r\n\r\n\r\n\r\n\r\n\r\n\r\n\r\n\r\n\r\n\r\n\r\n\r\n\r\n\r\n\r\n\r\n\r\n\r\n\r\n\r\n\r\n\r\n\r\n\r\n\r\n\r\n\r\n\r\n\r\n\r\n\r\n\r\n\r\n\r\n\r\n\r\n\r\n\r\n\r\n\r\n\r\n\r\n\r\n\r\n\r\n\r\n\r\n\r\n\r\n\r\n\r\n\r\n\r\n\r\n\r\n\r\n\r\n\r\n\r\n\r\n\r\n\r\n\r\n\r\n\r\n\r\n\r\n\r\n\r\n\r\n\r\n\r\n\r\n\r\n\r\n\r\n\r\n\r\n\r\n\r\n\r\n\r\n\r\n\r\n\r\n\r\n\r\n\r\n\r\n\r\n\r\n\r\n\r\n\r\n\r\n\r\n\r\nAssunto: Voto de pesar pelo falecimento da Sra. Geralda Tom\u00e9 Anselmo."}, {"id": "23349", "ano": "2023", "numero": "320", "tipo__sigla": "OF", "tipo__descricao": "Of\u00edcio", "autoria": "", "texto_original": "http://sapl.pedroleopoldo.mg.leg.br/media/sapl/public/materialegislativa/2023/23349/oficio_320-2023.pdf", "ementa": "Ilma. Sra.\r\nS\u00f4nia Elisabete e Familiares\r\n\r\n\r\n\r\n\r\n\r\n\r\n\r\n\r\n\r\n\r\n\r\n\r\n\r\n\r\n\r\n\r\n\r\n\r\n\r\n\r\n\r\n\r\n\r\n\r\n\r\n\r\n\r\n\r\n\r\n\r\n\r\n\r\n\r\n\r\n\r\n\r\n\r\n\r\n\r\n\r\n\r\n\r\n\r\n\r\n\r\n\r\n\r\n\r\n\r\n\r\n\r\n\r\n\r\n\r\n\r\n\r\n\r\n\r\n\r\n\r\n\r\n\r\n\r\n\r\n\r\n\r\n\r\n\r\n\r\n\r\n\r\n\r\n\r\n\r\n\r\n\r\n\r\n\r\n\r\n\r\n\r\n\r\n\r\n\r\n\r\n\r\n\r\n\r\n\r\n\r\n\r\n\r\n\r\n\r\n\r\n\r\n\r\n\r\n\r\n\r\n\r\n\r\n\r\n\r\n\r\n\r\n\r\n\r\n\r\n\r\n\r\n\r\n\r\n\r\n\r\n\r\n\r\n\r\n\r\n\r\n\r\n\r\n\r\n\r\n\r\n\r\n\r\n\r\n\r\n\r\n\r\n\r\n\r\n\r\n\r\n\r\n\r\n\r\n\r\n\r\n\r\n\r\n\r\n\r\n\r\n\r\n\r\n\r\n\r\n\r\n\r\n\r\n\r\n\r\n\r\n\r\n\r\n\r\n\r\n\r\n\r\n\r\n\r\n\r\n\r\n\r\n\r\n\r\n\r\n\r\n\r\n\r\n\r\n\r\n\r\n\r\n\r\n\r\n\r\n\r\n\r\n\r\n\r\n\r\n\r\n\r\n\r\n\r\n\r\n\r\n\r\n\r\n\r\n\r\n\r\n\r\n\r\n\r\n\r\n\r\n\r\n\r\n\r\n\r\n\r\n\r\n\r\n\r\n\r\n\r\n\r\n\r\n\r\n\r\n\r\n\r\n\r\n\r\n\r\n\r\n\r\n\r\n\r\nAssunto: Voto de pesar pelo falecimento do Sr. Adilson Alves."}, {"id": "23350", "ano": "2023", "numero": "321", "tipo__sigla": "OF", "tipo__descricao": "Of\u00edcio", "autoria": "", "texto_original": "http://sapl.pedroleopoldo.mg.leg.br/media/sapl/public/materialegislativa/2023/23350/oficio_321-2023.pdf", "ementa": "Ilmo(s). Sr(s).\r\nRonan Barbosa, Renan Barbosa, Alan Celso Barbosa e Familiares\r\n\r\n\r\n\r\n\r\n\r\n\r\n\r\n\r\n\r\n\r\n\r\n\r\n\r\n\r\n\r\n\r\n\r\n\r\n\r\n\r\n\r\n\r\n\r\n\r\n\r\n\r\n\r\n\r\n\r\n\r\n\r\n\r\n\r\n\r\n\r\n\r\n\r\n\r\n\r\n\r\n\r\n\r\n\r\n\r\n\r\n\r\n\r\n\r\n\r\n\r\n\r\n\r\n\r\n\r\n\r\n\r\n\r\n\r\n\r\n\r\n\r\n\r\n\r\n\r\n\r\n\r\n\r\n\r\n\r\n\r\n\r\n\r\n\r\n\r\n\r\n\r\n\r\n\r\n\r\n\r\n\r\n\r\n\r\n\r\n\r\n\r\n\r\n\r\n\r\n\r\n\r\n\r\n\r\n\r\n\r\n\r\n\r\n\r\n\r\n\r\n\r\n\r\n\r\n\r\n\r\n\r\n\r\n\r\n\r\n\r\n\r\n\r\n\r\n\r\n\r\n\r\n\r\n\r\n\r\n\r\n\r\n\r\n\r\n\r\n\r\n\r\n\r\n\r\n\r\n\r\n\r\n\r\n\r\n\r\n\r\n\r\n\r\n\r\n\r\n\r\n\r\n\r\n\r\n\r\n\r\n\r\n\r\n\r\n\r\n\r\n\r\n\r\n\r\n\r\n\r\n\r\n\r\n\r\n\r\n\r\nAssunto: Voto de pesar pelo falecimento da Sra. Nair Luiza Barbosa."}, {"id": "23351", "ano": "2023", "numero": "322", "tipo__sigla": "OF", "tipo__descricao": "Of\u00edcio", "autoria": "", "texto_original": "http://sapl.pedroleopoldo.mg.leg.br/media/sapl/public/materialegislativa/2023/23351/oficio_322-2023.pdf", "ementa": "Ilma(s). Sra(s).\r\nMonica e Bibiana e Familiares\r\n\r\n\r\n\r\n\r\n\r\n\r\n\r\n\r\n\r\n\r\n\r\n\r\n\r\n\r\n\r\n\r\n\r\n\r\n\r\n\r\n\r\n\r\n\r\n\r\n\r\n\r\n\r\n\r\n\r\n\r\n\r\n\r\n\r\n\r\n\r\n\r\n\r\n\r\n\r\n\r\n\r\n\r\n\r\n\r\n\r\n\r\n\r\n\r\n\r\n\r\n\r\n\r\n\r\n\r\n\r\n\r\n\r\n\r\n\r\n\r\n\r\n\r\n\r\n\r\n\r\n\r\n\r\n\r\n\r\n\r\n\r\n\r\n\r\n\r\n\r\n\r\n\r\n\r\n\r\n\r\n\r\n\r\n\r\n\r\n\r\n\r\n\r\n\r\n\r\n\r\n\r\n\r\n\r\n\r\n\r\n\r\n\r\n\r\n\r\n\r\n\r\n\r\n\r\n\r\n\r\n\r\n\r\n\r\n\r\n\r\n\r\n\r\n\r\n\r\n\r\n\r\n\r\n\r\n\r\n\r\n\r\n\r\n\r\n\r\n\r\n\r\n\r\n\r\n\r\n\r\n\r\n\r\n\r\n\r\n\r\n\r\n\r\n\r\n\r\n\r\n\r\n\r\n\r\n\r\n\r\n\r\n\r\nAssunto: Voto de pesar pelo falecimento da Sra. Viviane Fernandes"}, {"id": "23352", "ano": "2023", "numero": "323", "tipo__sigla": "OF", "tipo__descricao": "Of\u00edcio", "autoria": "", "texto_original": "http://sapl.pedroleopoldo.mg.leg.br/media/sapl/public/materialegislativa/2023/23352/oficio_323-2023.pdf", "ementa": "Exma. Sra.\r\nEloisa Helena Carvalho de Freitas Pereira\r\nPrefeita Municipal\r\nPedro Leopoldo/MG\r\n\r\n\r\n\r\n\r\n\r\n\r\n\r\n\r\n\r\n\r\n\r\n\r\n\r\n\r\n\r\n\r\n\r\n\r\n\r\n\r\n\r\n\r\n\r\n\r\n\r\n\r\n\r\n\r\n\r\n\r\n\r\n\r\n\r\n\r\n\r\n\r\n\r\n\r\n\r\n\r\n\r\n\r\n\r\n\r\n\r\n\r\n\r\n\r\n\r\n\r\n\r\n\r\n\r\n\r\n\r\n\r\n\r\n\r\n\r\n\r\n\r\n\r\n\r\n\r\n\r\n\r\n\r\n\r\n\r\n\r\n\r\n\r\n\r\n\r\n\r\n\r\n\r\n\r\n\r\n\r\n\r\n\r\n\r\n\r\n\r\n\r\n\r\n\r\n\r\n\r\n\r\n\r\n\r\n\r\n\r\n\r\n\r\n\r\n\r\n\r\n\r\n\r\n\r\n\r\n\r\n\r\n\r\n\r\n\r\n\r\n\r\n\r\n\r\n\r\n\r\n\r\nAssunto: Mat\u00e9ria aprovada na 40\u00aa Reuni\u00e3o Ordin\u00e1ria da C\u00e2mara Municipal de Pedro Leopoldo, realizada em 04 de dezembro de 2023."}, {"id": "23353", "ano": "2023", "numero": "327", "tipo__sigla": "OF", "tipo__descricao": "Of\u00edcio", "autoria": "", "texto_original": "http://sapl.pedroleopoldo.mg.leg.br/media/sapl/public/materialegislativa/2023/23353/oficio_327-2023.pdf", "ementa": "Exma. Sra.\r\nEloisa Helena Carvalho de Freitas Pereira \r\nPrefeita Municipal \r\nPedro Leopoldo/MG\r\n\r\n\r\n\r\n\r\n\r\n\r\n\r\n\r\n\r\n\r\n\r\n\r\n\r\n\r\n\r\n\r\n\r\n\r\n\r\n\r\n\r\n\r\n\r\n\r\n\r\n\r\n\r\n\r\n\r\n\r\n\r\n\r\n\r\n\r\n\r\n\r\n\r\n\r\n\r\n\r\n\r\n\r\n\r\n\r\n\r\n\r\n\r\n\r\n\r\n\r\n\r\n\r\n\r\n\r\n\r\n\r\n\r\n\r\n\r\n\r\n\r\n\r\n\r\n\r\n\r\n\r\n\r\n\r\n\r\n\r\n\r\n\r\n\r\n\r\n\r\n\r\n\r\n\r\n\r\n\r\n\r\n\r\n\r\n\r\n\r\n\r\n\r\n\r\n\r\n\r\n\r\n\r\n\r\n\r\n\r\n\r\n\r\n\r\n\r\n\r\n\r\n\r\n\r\n\r\n\r\n\r\n\r\n\r\n\r\n\r\n\r\n\r\n\r\n\r\n\r\n\r\n\r\n\r\n\r\n\r\n\r\n\r\n\r\n\r\n\r\nAssunto: Mat\u00e9ria aprovada na 9\u00aa Reuni\u00e3o Extraordin\u00e1ria da C\u00e2mara Municipal de Pedro Leopoldo, realizada em 07 de dezembro de 2023"}, {"id": "23354", "ano": "2023", "numero": "328", "tipo__sigla": "OF", "tipo__descricao": "Of\u00edcio", "autoria": "", "texto_original": "http://sapl.pedroleopoldo.mg.leg.br/media/sapl/public/materialegislativa/2023/23354/oficio_328-2023.pdf", "ementa": "Exma. Sra.\r\nEloisa Helena Carvalho de Freitas Pereira\r\nPrefeita Municipal\r\nPedro Leopoldo/MG\r\n\r\n\r\n\r\n\r\n\r\n\r\n\r\n\r\n\r\n\r\n\r\n\r\n\r\n\r\n\r\n\r\n\r\n\r\n\r\n\r\n\r\n\r\n\r\n\r\n\r\n\r\n\r\n\r\n\r\n\r\n\r\n\r\n\r\n\r\n\r\n\r\n\r\n\r\n\r\n\r\n\r\n\r\n\r\n\r\n\r\n\r\n\r\n\r\n\r\n\r\n\r\n\r\n\r\n\r\n\r\n\r\n\r\n\r\n\r\n\r\n\r\n\r\n\r\n\r\n\r\n\r\n\r\n\r\n\r\n\r\n\r\n\r\n\r\n\r\n\r\n\r\n\r\n\r\n\r\n\r\n\r\n\r\n\r\n\r\n\r\n\r\n\r\n\r\n\r\n\r\n\r\n\r\n\r\n\r\n\r\n\r\n\r\n\r\n\r\n\r\n\r\n\r\n\r\n\r\n\r\n\r\n\r\n\r\n\r\n\r\n\r\n\r\n\r\n\r\n\r\n\r\n\r\n\r\n\r\n\r\n\r\n\r\n\r\n\r\n\r\n\r\n\r\n\r\n\r\n\r\n\r\n\r\n\r\n\r\n\r\n\r\n\r\n\r\n\r\n\r\n\r\n\r\n\r\n\r\n\r\n\r\n\r\n\r\n\r\n\r\n\r\n\r\n\r\n\r\n\r\nAssunto: Mat\u00e9ria aprovada na 41\u00aa Reuni\u00e3o Ordin\u00e1ria da C\u00e2mara Municipal de Pedro Leopoldo, realizada em 11 de dezembro de 2023."}, {"id": "23355", "ano": "2023", "numero": "329", "tipo__sigla": "OF", "tipo__descricao": "Of\u00edcio", "autoria": "", "texto_original": "http://sapl.pedroleopoldo.mg.leg.br/media/sapl/public/materialegislativa/2023/23355/oficio_329-2023.pdf", "ementa": "Ilma. Sra.\r\nLuziana Lima Campos e Familiares\r\n\r\n\r\n\r\n\r\n\r\n\r\n\r\n\r\n\r\n\r\n\r\n\r\n\r\n\r\n\r\n\r\n\r\n\r\n\r\n\r\n\r\n\r\n\r\n\r\n\r\n\r\n\r\n\r\n\r\n\r\n\r\n\r\n\r\n\r\n\r\n\r\n\r\n\r\n\r\n\r\n\r\n\r\n\r\n\r\n\r\n\r\n\r\n\r\n\r\n\r\n\r\n\r\n\r\n\r\n\r\n\r\n\r\n\r\n\r\n\r\n\r\n\r\n\r\n\r\n\r\n\r\n\r\n\r\n\r\n\r\n\r\n\r\n\r\n\r\n\r\n\r\n\r\n\r\n\r\n\r\n\r\n\r\n\r\n\r\n\r\n\r\n\r\n\r\n\r\n\r\n\r\n\r\n\r\n\r\n\r\n\r\n\r\n\r\n\r\nAssunto: Voto de pesar pelo falecimento do seu esposo Sr. J\u00fanio Gomes Pereira."}, {"id": "23356", "ano": "2023", "numero": "330", "tipo__sigla": "OF", "tipo__descricao": "Of\u00edcio", "autoria": "", "texto_original": "http://sapl.pedroleopoldo.mg.leg.br/media/sapl/public/materialegislativa/2023/23356/oficio_330-2023.pdf", "ementa": "Exma. Sra.\r\nEloisa Helena Carvalho de Freitas Pereira\r\nPrefeita Municipal\r\nPedro Leopoldo/MG\r\n\r\n\r\n\r\n\r\n\r\n\r\n\r\n\r\n\r\n\r\n\r\n\r\n\r\n\r\n\r\n\r\n\r\n\r\n\r\n\r\n\r\n\r\n\r\n\r\n\r\n\r\n\r\n\r\n\r\n\r\n\r\n\r\n\r\n\r\n\r\n\r\n\r\n\r\n\r\n\r\n\r\n\r\n\r\n\r\n\r\n\r\n\r\n\r\n\r\n\r\n\r\n\r\n\r\n\r\n\r\n\r\n\r\n\r\n\r\n\r\n\r\n\r\n\r\n\r\n\r\n\r\n\r\n\r\n\r\n\r\n\r\n\r\n\r\n\r\n\r\n\r\n\r\n\r\n\r\n\r\n\r\n\r\n\r\n\r\n\r\n\r\n\r\n\r\n\r\n\r\n\r\n\r\n\r\n\r\n\r\n\r\n\r\n\r\n\r\n\r\n\r\n\r\n\r\n\r\n\r\n\r\n\r\n\r\n\r\nAssunto: Mat\u00e9ria aprovada na 10\u00aa Reuni\u00e3o Extraordin\u00e1ria da  C\u00e2mara Municipal de Pedro Leopoldo, realizada em 15 de dezembro de 2023."}, {"id": "23251", "ano": "2023", "numero": "1", "tipo__sigla": "PELOM", "tipo__descricao": "Projeto de Emenda \u00e0 Lei Org\u00e2nica", "autoria": "Mesa Diretora", "texto_original": "http://sapl.pedroleopoldo.mg.leg.br/media/sapl/public/materialegislativa/2023/23251/projeto_de_emenda_lom_01-23_-_com_impacto.pdf", "ementa": "Altera o art. 55 da Lei Org\u00e2nica do Munic\u00edpio de Pedro Leopoldo, promulgada em 27 de dezembro de 2022 e d\u00e1 outras provid\u00eancias."}, {"id": "21123", "ano": "2023", "numero": "1", "tipo__sigla": "PLO", "tipo__descricao": "Projeto de Lei Ordin\u00e1ria", "autoria": "Executivo", "texto_original": "http://sapl.pedroleopoldo.mg.leg.br/media/sapl/public/materialegislativa/2023/21123/projeto_de_lei_no_01-2023.pdf", "ementa": "Denomina as Ruas 01, 02 e 03 do Loteamento Vesper Tri\u00e2ngulo, como Rua Maria Luiza Beliz\u00e1rio, Rua Dr. Roger Modiano e Rua L\u00edgia Belis\u00e1rio, respectivamente."}, {"id": "21124", "ano": "2023", "numero": "2", "tipo__sigla": "PLO", "tipo__descricao": "Projeto de Lei Ordin\u00e1ria", "autoria": "Mesa Diretora", "texto_original": "http://sapl.pedroleopoldo.mg.leg.br/media/sapl/public/materialegislativa/2023/21124/projeto_de_lei_no_02-2023.pdf", "ementa": "Altera a Lei Municipal n\u00ba 3.597, de 15 de abril de 2021, que \"Institui o Plano de Cargos, Carreiras e Vencimentos dos servidores p\u00fablicos do Poder Legislativo do Munic\u00edpio de Pedro Leopoldo e d\u00e1 provid\u00eancias\", e disp\u00f5e sobre o reajuste dos vencimentos de seus servidores e dos subs\u00eddios de seus agentes p\u00fablicos."}, {"id": "21127", "ano": "2023", "numero": "3", "tipo__sigla": "PLO", "tipo__descricao": "Projeto de Lei Ordin\u00e1ria", "autoria": "Mesa Diretora", "texto_original": "http://sapl.pedroleopoldo.mg.leg.br/media/sapl/public/materialegislativa/2023/21127/projeto_de_lei_no_03-2023.pdf", "ementa": "Autoriza abertura de cr\u00e9dito especial no or\u00e7amento da C\u00e2mara Municipal de Pedro Leopoldo, e d\u00e1 outras provid\u00eancias."}, {"id": "21129", "ano": "2023", "numero": "4", "tipo__sigla": "PLO", "tipo__descricao": "Projeto de Lei Ordin\u00e1ria", "autoria": "Mesa Diretora", "texto_original": "http://sapl.pedroleopoldo.mg.leg.br/media/sapl/public/materialegislativa/2023/21129/projeto_de_lei_no_04-2023.pdf", "ementa": "Regulamenta a concess\u00e3o de di\u00e1rias de viagens e reembolso de despesas em deslocamento de agentes p\u00fablicos e estagi\u00e1rios da C\u00e2mara Municipal de Pedro Leopoldo e d\u00e1 outras provid\u00eancias."}, {"id": "21329", "ano": "2023", "numero": "5", "tipo__sigla": "PLO", "tipo__descricao": "Projeto de Lei Ordin\u00e1ria", "autoria": "Cynthia Salom\u00e3o Bastos Faria, Eldir Jos\u00e9 Batista (Baixinho da Garagem), Evaldo Geraldo do Carmo (Evaldo do A\u00e7ougue), Frederico Henrique Cota Alves (Fred Piau), Guilherme de Lima Braga (Guilherme do Doce), Leonardo Pereira Ribeiro (Leoz\u00e3o), Matheus Utsch de Oliveira, Mauro J\u00fanior Lopes Francisco, Rafael Vieira Faria (Rafa), Warlen Alves da Silva", "texto_original": "http://sapl.pedroleopoldo.mg.leg.br/media/sapl/public/materialegislativa/2023/21329/projeto_de_lei_no_05-2023.pdf", "ementa": "Denomina de Vereador Jos\u00e9 Justino Pires Damaso, o Centro de Aten\u00e7\u00e3o ao Cidad\u00e3o e d\u00e1 outras provid\u00eancias"}, {"id": "21330", "ano": "2023", "numero": "6", "tipo__sigla": "PLO", "tipo__descricao": "Projeto de Lei Ordin\u00e1ria", "autoria": "Frederico Henrique Cota Alves (Fred Piau)", "texto_original": "http://sapl.pedroleopoldo.mg.leg.br/media/sapl/public/materialegislativa/2023/21330/projeto_de_lei_no_06-2023_-_cordao_girassol.docx", "ementa": "Disp\u00f5e sobre a utiliza\u00e7\u00e3o do cord\u00e3o de girassol como s\u00edmbolo para identifica\u00e7\u00e3o da pessoa com defici\u00eancia oculta no Munic\u00edpio e d\u00e1 outras provid\u00eancias."}, {"id": "21382", "ano": "2023", "numero": "7", "tipo__sigla": "PLO", "tipo__descricao": "Projeto de Lei Ordin\u00e1ria", "autoria": "Executivo", "texto_original": "http://sapl.pedroleopoldo.mg.leg.br/media/sapl/public/materialegislativa/2023/21382/projeto_de_lei_07-23_-_prefeita_-_altera_lei_municipal_2.853.pdf", "ementa": "Altera o Anexo VI, da Lei Municipal n\u00ba 2.853, de 1\u00ba de janeiro de 2006 e d\u00e1 outras provid\u00eancias."}, {"id": "21383", "ano": "2023", "numero": "8", "tipo__sigla": "PLO", "tipo__descricao": "Projeto de Lei Ordin\u00e1ria", "autoria": "Executivo", "texto_original": "http://sapl.pedroleopoldo.mg.leg.br/media/sapl/public/materialegislativa/2023/21383/projeto_de_lei_-_prefeita_-_cria_funcoes_gratificadas.pdf", "ementa": "Cria fun\u00e7\u00f5es gratificadas para os agentes p\u00fablicos do Poder Executivo Municipal em cumprimento \u00e0s previs\u00f5es da Lei Federal n\u00ba 14.133, de 1\u00ba de abril de 2021 e d\u00e1 outras provid\u00eancias."}, {"id": "21384", "ano": "2023", "numero": "9", "tipo__sigla": "PLO", "tipo__descricao": "Projeto de Lei Ordin\u00e1ria", "autoria": "Matheus Utsch de Oliveira", "texto_original": "http://sapl.pedroleopoldo.mg.leg.br/media/sapl/public/materialegislativa/2023/21384/projeto_de_lei_no_09-2023_-_pet_shops.docx.pdf", "ementa": "Disp\u00f5e sobre a obrigatoriedade das cl\u00ednicas veterin\u00e1rias, Pet Shops e outros estabelecimentos assemelhados que recebam e fa\u00e7am tratamento M\u00e9dico veterin\u00e1rio em comunicar a Delegacia competente o recebimento de casos de animais dom\u00e9sticos ou domesticados em situa\u00e7\u00e3o de maus-tratos."}, {"id": "21385", "ano": "2023", "numero": "10", "tipo__sigla": "PLO", "tipo__descricao": "Projeto de Lei Ordin\u00e1ria", "autoria": "Eldir Jos\u00e9 Batista (Baixinho da Garagem)", "texto_original": "http://sapl.pedroleopoldo.mg.leg.br/media/sapl/public/materialegislativa/2023/21385/projeto_de_lei_no_10-2023_-_institui_a_semana_da_saude.docx.pdf", "ementa": "Institui a Semana da Sa\u00fade no Munic\u00edpio de Pedro Leopoldo e d\u00e1 outras provid\u00eancias."}, {"id": "21464", "ano": "2023", "numero": "11", "tipo__sigla": "PLO", "tipo__descricao": "Projeto de Lei Ordin\u00e1ria", "autoria": "Executivo", "texto_original": "http://sapl.pedroleopoldo.mg.leg.br/media/sapl/public/materialegislativa/2023/21464/projeto_de_lei_11-23_-_retifica_o_art._1o_lei_3.334_27-06-23_-_prefeita.pdf", "ementa": "Retifica o art. 1\u00ba da Lei Municipal n\u00ba 3.334, de 27 de janeiro de 2013."}, {"id": "21562", "ano": "2023", "numero": "12", "tipo__sigla": "PLO", "tipo__descricao": "Projeto de Lei Ordin\u00e1ria", "autoria": "Warlen Alves da Silva", "texto_original": "http://sapl.pedroleopoldo.mg.leg.br/media/sapl/public/materialegislativa/2023/21562/projeto_de_lei_n_12-2023_-_material_publicitario_pedofilia.pdf", "ementa": "Disp\u00f5e sobre a utiliza\u00e7\u00e3o de material publicit\u00e1rio nos ve\u00edculos de transporte escolar com intuito de combater a pedofilia, a cyberpedofilia ou apologia \u00e0 pedofilia e d\u00e1 outras provid\u00eancias."}, {"id": "21563", "ano": "2023", "numero": "13", "tipo__sigla": "PLO", "tipo__descricao": "Projeto de Lei Ordin\u00e1ria", "autoria": "Executivo", "texto_original": "http://sapl.pedroleopoldo.mg.leg.br/media/sapl/public/materialegislativa/2023/21563/projeto_de_lei_13-23_-_prefeita_municipal.pdf", "ementa": "Inclui o artigo 54-A na Lei Municipal n\u00ba 3.281, de 03 de abril de 2012, com altera\u00e7\u00f5es impostas pela Lei Municipal n\u00ba 3.520, de 20 de dezembro de 2.018."}, {"id": "21564", "ano": "2023", "numero": "14", "tipo__sigla": "PLO", "tipo__descricao": "Projeto de Lei Ordin\u00e1ria", "autoria": "Executivo", "texto_original": "http://sapl.pedroleopoldo.mg.leg.br/media/sapl/public/materialegislativa/2023/21564/projeto_de_lei_14-23_-_prefeita_municipal.pdf", "ementa": "Disp\u00f5e sobre a proibi\u00e7\u00e3o da perman\u00eancia de animais de m\u00e9dio e grande porte nas vias e logradouros p\u00fablicos do Munic\u00edpio de Pedro Leopoldo."}, {"id": "21663", "ano": "2023", "numero": "15", "tipo__sigla": "PLO", "tipo__descricao": "Projeto de Lei Ordin\u00e1ria", "autoria": "Executivo", "texto_original": "http://sapl.pedroleopoldo.mg.leg.br/media/sapl/public/materialegislativa/2023/21663/projeto_de_lei_15-23_-_autoriza_municipio_a_permutar_imoveis_-_prefeita.pdf", "ementa": "Autoriza ao Munic\u00edpio de Pedro Leopoldo a permutar im\u00f3veis que especifica."}, {"id": "21664", "ano": "2023", "numero": "16", "tipo__sigla": "PLO", "tipo__descricao": "Projeto de Lei Ordin\u00e1ria", "autoria": "Cynthia Salom\u00e3o Bastos Faria", "texto_original": "http://sapl.pedroleopoldo.mg.leg.br/media/sapl/public/materialegislativa/2023/21664/projeto_de_lei_no_16-2023_-_carteira_de_identidade.pdf", "ementa": "Permite a apresenta\u00e7\u00e3o da carteira de identidade como meio de prova para atestar defici\u00eancia permanente f\u00edsica, mental, intelectual, auditiva ou visual, bem como o Transtorno do Espectro Autista (TEA), perante os servi\u00e7os p\u00fablicos e para a concess\u00e3o de benef\u00edcios que exijam comprova\u00e7\u00e3o de condi\u00e7\u00f5es de sa\u00fade no Munic\u00edpio de Pedro Leopoldo."}, {"id": "21800", "ano": "2023", "numero": "17", "tipo__sigla": "PLO", "tipo__descricao": "Projeto de Lei Ordin\u00e1ria", "autoria": "Rafael Vieira Faria (Rafa)", "texto_original": "http://sapl.pedroleopoldo.mg.leg.br/media/", "ementa": "Disp\u00f5e sobre manter um vigilante patrimonial, instala\u00e7\u00e3o de detectores de metais e c\u00e2meras de vigil\u00e2ncia de monitoramento nas CEMAis e Escolas P\u00fablicas Municipais, mantidas pelo Poder Executivo Municipal."}, {"id": "21792", "ano": "2023", "numero": "18", "tipo__sigla": "PLO", "tipo__descricao": "Projeto de Lei Ordin\u00e1ria", "autoria": "Mesa Diretora", "texto_original": "http://sapl.pedroleopoldo.mg.leg.br/media/sapl/public/materialegislativa/2023/21792/projeto_de_lei_18-23_-_altera_lei_3.175-2010.pdf", "ementa": "Altera a Lei 3.175 de 28 de setembro de 2010"}, {"id": "21793", "ano": "2023", "numero": "19", "tipo__sigla": "PLO", "tipo__descricao": "Projeto de Lei Ordin\u00e1ria", "autoria": "Mesa Diretora", "texto_original": "http://sapl.pedroleopoldo.mg.leg.br/media/sapl/public/materialegislativa/2023/21793/projeto_de_lei_19-23_-_plano_saude_camara.pdf", "ementa": "Altera a Lei 3.676 de 30 de agosto de 2022, que disp\u00f5e sobre as Diretrizes \u00e0 elabora\u00e7\u00e3o do or\u00e7amento do Munic\u00edpio de Pedro Leopoldo para o Exerc\u00edcio de 2023 e d\u00e1 outras provid\u00eancias."}, {"id": "21785", "ano": "2023", "numero": "20", "tipo__sigla": "PLO", "tipo__descricao": "Projeto de Lei Ordin\u00e1ria", "autoria": "Executivo", "texto_original": "http://sapl.pedroleopoldo.mg.leg.br/media/sapl/public/materialegislativa/2023/21785/projeto_de_lei_no_20-2023_-_conselho_cultura.pdf", "ementa": "Cria o Conselho Municipal de Cultura e d\u00e1 outras provid\u00eancias."}, {"id": "21786", "ano": "2023", "numero": "21", "tipo__sigla": "PLO", "tipo__descricao": "Projeto de Lei Ordin\u00e1ria", "autoria": "Executivo", "texto_original": "http://sapl.pedroleopoldo.mg.leg.br/media/sapl/public/materialegislativa/2023/21786/projeto_de_lei_no_21-2023_-__cria_fundo_cultura.pdf", "ementa": "Cria o Fundo Municipal de Cultura e d\u00e1 outras provid\u00eancias."}, {"id": "21753", "ano": "2023", "numero": "23", "tipo__sigla": "PLO", "tipo__descricao": "Projeto de Lei Ordin\u00e1ria", "autoria": "Executivo", "texto_original": "http://sapl.pedroleopoldo.mg.leg.br/media/sapl/public/materialegislativa/2023/21753/projeto_de_lei_no_23-2023.pdf", "ementa": "Disp\u00f5e sobre o piso nacional dos Agentes Comunit\u00e1rios de Sa\u00fade e dos Agentes de Combate \u00e0 Endemias e d\u00e1 outras provid\u00eancias."}, {"id": "21758", "ano": "2023", "numero": "24", "tipo__sigla": "PLO", "tipo__descricao": "Projeto de Lei Ordin\u00e1ria", "autoria": "Executivo", "texto_original": "http://sapl.pedroleopoldo.mg.leg.br/media/sapl/public/materialegislativa/2023/21758/projeto_de_lei_no_24-2023.pdf", "ementa": "Altera a Lei Municipal n\u00ba 3.369, de 10 de mar\u00e7o de 2014"}, {"id": "21754", "ano": "2023", "numero": "25", "tipo__sigla": "PLO", "tipo__descricao": "Projeto de Lei Ordin\u00e1ria", "autoria": "Executivo", "texto_original": "http://sapl.pedroleopoldo.mg.leg.br/media/sapl/public/materialegislativa/2023/21754/projeto_de_lei_no_25-2023.pdf", "ementa": "Altera a Lei Municipal n\u00ba 3.669, de 11 de julho de 2022."}, {"id": "21755", "ano": "2023", "numero": "26", "tipo__sigla": "PLO", "tipo__descricao": "Projeto de Lei Ordin\u00e1ria", "autoria": "Executivo", "texto_original": "http://sapl.pedroleopoldo.mg.leg.br/media/sapl/public/materialegislativa/2023/21755/projeto_de_lei_no_26-2023.pdf", "ementa": "Altera a Lei Municipal n\u00ba 3.502, de 23 de outubro de 2018, que disp\u00f5e sobre a institui\u00e7\u00e3o da Guarda Civil Municipal de Pedro Leopoldo/MG e d\u00e1 outras provid\u00eancias."}, {"id": "21757", "ano": "2023", "numero": "27", "tipo__sigla": "PLO", "tipo__descricao": "Projeto de Lei Ordin\u00e1ria", "autoria": "Executivo", "texto_original": "http://sapl.pedroleopoldo.mg.leg.br/media/sapl/public/materialegislativa/2023/21757/projeto_de_lei_no_27-2023.pdf", "ementa": "Altera a Lei Municipal n.\u00ba 3.562, de 3 de abril de 2020, que estabelece normas para concess\u00e3o de Gratifica\u00e7\u00e3o por exerc\u00edcio de trabalho em regime de sobreaviso aos Agentes Municipais de Tr\u00e2nsito de Pedro Leopoldo."}, {"id": "21756", "ano": "2023", "numero": "28", "tipo__sigla": "PLO", "tipo__descricao": "Projeto de Lei Ordin\u00e1ria", "autoria": "Executivo", "texto_original": "http://sapl.pedroleopoldo.mg.leg.br/media/sapl/public/materialegislativa/2023/21756/projeto_de_lei_no_28-2023.pdf", "ementa": "Altera a Lei Municipal n.\u00ba 3.567, de 3 de abril de 2020, que institui a gratifica\u00e7\u00e3o de sobreaviso aos servidores detentores dos cargos de Fiscal de Posturas e de Fiscal Sanit\u00e1rio do Munic\u00edpio de Pedro Leopoldo."}, {"id": "21761", "ano": "2023", "numero": "29", "tipo__sigla": "PLO", "tipo__descricao": "Projeto de Lei Ordin\u00e1ria", "autoria": "Executivo", "texto_original": "http://sapl.pedroleopoldo.mg.leg.br/media/sapl/public/materialegislativa/2023/21761/projeto_de_lei_no_29-2023.pdf", "ementa": "Disp\u00f5e sobre a revis\u00e3o geral dos vencimentos dos servidores p\u00fablicos e dos subs\u00eddios dos agentes pol\u00edticos da Prefeitura Municipal de Pedro Leopoldo, nos termos do disposto no artigo 37, X, da Constitui\u00e7\u00e3o Federal e d\u00e1 outras provid\u00eancias."}, {"id": "21760", "ano": "2023", "numero": "30", "tipo__sigla": "PLO", "tipo__descricao": "Projeto de Lei Ordin\u00e1ria", "autoria": "Executivo", "texto_original": "http://sapl.pedroleopoldo.mg.leg.br/media/sapl/public/materialegislativa/2023/21760/projeto_de_lei_no_30-2023.pdf", "ementa": "Altera a Lei Municipal n\u00ba 3.568, de 3 de abril de 2020, que altera a Lei Municipal n\u00ba 2.853, de 01 de janeiro de 2006 e institui a Gratifica\u00e7\u00e3o do Regime de sobreaviso dos Servidores da Ger\u00eancia de Tecnologia da Informa\u00e7\u00e3o - GRSSGTI - e d\u00e1 outras provid\u00eancias."}, {"id": "21759", "ano": "2023", "numero": "31", "tipo__sigla": "PLO", "tipo__descricao": "Projeto de Lei Ordin\u00e1ria", "autoria": "Executivo", "texto_original": "http://sapl.pedroleopoldo.mg.leg.br/media/sapl/public/materialegislativa/2023/21759/projeto_de_lei_no_31-2023.pdf", "ementa": "Altera a Lei Municipal n\u00ba 3.415, de 10 de julho de 2015 e d\u00e1 outras provid\u00eancias."}, {"id": "21762", "ano": "2023", "numero": "32", "tipo__sigla": "PLO", "tipo__descricao": "Projeto de Lei Ordin\u00e1ria", "autoria": "Executivo", "texto_original": "http://sapl.pedroleopoldo.mg.leg.br/media/sapl/public/materialegislativa/2023/21762/projeto_de_lei_no_32-2023.pdf", "ementa": "Autoriza a abertura de Cr\u00e9dito Adicional Suplementar no Or\u00e7amento de 2023."}, {"id": "21874", "ano": "2023", "numero": "33", "tipo__sigla": "PLO", "tipo__descricao": "Projeto de Lei Ordin\u00e1ria", "autoria": "Executivo", "texto_original": "http://sapl.pedroleopoldo.mg.leg.br/media/sapl/public/materialegislativa/2023/21874/projeto_de_lei_33-23_-_alianca_-_25_de_maio_de_2023_-_prefeita.pdf", "ementa": "Autoriza a Concess\u00e3o de Direito Real de Uso de \u00e1rea municipal para implanta\u00e7\u00e3o da empresa ALIAN\u00c7A ALIMENTOS LTDA - EPP e d\u00e1 outras provid\u00eancias."}, {"id": "21875", "ano": "2023", "numero": "34", "tipo__sigla": "PLO", "tipo__descricao": "Projeto de Lei Ordin\u00e1ria", "autoria": "Executivo", "texto_original": "http://sapl.pedroleopoldo.mg.leg.br/media/sapl/public/materialegislativa/2023/21875/projeto_de_lei_34_de_25_de_maio_de_2023.pdf", "ementa": "Autoriza a Concess\u00e3o de Direito Real de Uso de \u00e1rea municipal para implanta\u00e7\u00e3o da empresa SERTUB IND\u00daSTRIA E COM\u00c9RCIO LTDA, e d\u00e1 outras provid\u00eancias."}, {"id": "21876", "ano": "2023", "numero": "35", "tipo__sigla": "PLO", "tipo__descricao": "Projeto de Lei Ordin\u00e1ria", "autoria": "Executivo", "texto_original": "http://sapl.pedroleopoldo.mg.leg.br/media/sapl/public/materialegislativa/2023/21876/projeto_de_lei_35-23_-_serc_estruturas_-_prefeita.pdf", "ementa": "Autoriza a Concess\u00e3o de Direito Real de Uso de \u00e1rea municipal para implanta\u00e7\u00e3o da empresa SERC ESTRUTURAS INDUSTRIAIS LTDA e d\u00e1 outras provid\u00eancias"}, {"id": "21877", "ano": "2023", "numero": "36", "tipo__sigla": "PLO", "tipo__descricao": "Projeto de Lei Ordin\u00e1ria", "autoria": "Executivo", "texto_original": "http://sapl.pedroleopoldo.mg.leg.br/media/sapl/public/materialegislativa/2023/21877/projeto_de_lei_36-23_-_ratifica_alteracao_contrato_consorcio_saude_-_cias.pdf", "ementa": "Ratifica a 1\u00aa altera\u00e7\u00e3o do Contrato do Cons\u00f3rcio do Cons\u00f3rcio Intermunicipal Alian\u00e7a para a Sa\u00fade - CIAS, subscrita pelo Executivo do Munic\u00edpio de Pedro Leopoldo/MG."}, {"id": "21878", "ano": "2023", "numero": "37", "tipo__sigla": "PLO", "tipo__descricao": "Projeto de Lei Ordin\u00e1ria", "autoria": "Executivo", "texto_original": "http://sapl.pedroleopoldo.mg.leg.br/media/sapl/public/materialegislativa/2023/21878/projeto_de_lei_37-23_-_diretrizes_do_orcamento_municipal_2024.pdf", "ementa": "Disp\u00f5e sobre as Diretrizes \u00e0 elabora\u00e7\u00e3o do Or\u00e7amento do Munic\u00edpio de Pedro Leopoldo-MG para o Exerc\u00edcio de 2024 e d\u00e1 outras provid\u00eancias."}, {"id": "21929", "ano": "2023", "numero": "38", "tipo__sigla": "PLO", "tipo__descricao": "Projeto de Lei Ordin\u00e1ria", "autoria": "Executivo", "texto_original": "http://sapl.pedroleopoldo.mg.leg.br/media/sapl/public/materialegislativa/2023/21929/projeto_de_lei_38-23_-_altera_lei_3.725.pdf", "ementa": "Altera A Lei Municipal n\u00b0 3.725, de 31 de maio de 2023."}, {"id": "21930", "ano": "2023", "numero": "39", "tipo__sigla": "PLO", "tipo__descricao": "Projeto de Lei Ordin\u00e1ria", "autoria": "Executivo", "texto_original": "http://sapl.pedroleopoldo.mg.leg.br/media/sapl/public/materialegislativa/2023/21930/projeto_de_lei_39-23_-_dispoe_sobre_concessao_gratificacao.pdf", "ementa": "Disp\u00f5e sobre a concess\u00e3o de gratifica\u00e7\u00e3o financeira aos servidores lotados na Secretaria Municipal de Educa\u00e7\u00e3o, na forma que especifica\u201d."}, {"id": "21986", "ano": "2023", "numero": "40", "tipo__sigla": "PLO", "tipo__descricao": "Projeto de Lei Ordin\u00e1ria", "autoria": "Executivo", "texto_original": "http://sapl.pedroleopoldo.mg.leg.br/media/sapl/public/materialegislativa/2023/21986/projeto_de_lei_40-23_-_altera_anexo_i_lei_municipal_3.281.pdf", "ementa": "Altera o Anexo I, da Lei Municipal n\u00ba 3.281, de 03 de abril de 2012."}, {"id": "21987", "ano": "2023", "numero": "41", "tipo__sigla": "PLO", "tipo__descricao": "Projeto de Lei Ordin\u00e1ria", "autoria": "Executivo", "texto_original": "http://sapl.pedroleopoldo.mg.leg.br/media/sapl/public/materialegislativa/2023/21987/projeto_de_lei_41-23_-_auxilio_centro_espirita_luiz_gonzaga.pdf", "ementa": "Autoriza o Poder Executivo Municipal a conceder aux\u00edlio de R$ 200.000,00(duzentos mil reais), ao Centro Esp\u00edrita Luiz Gonzaga, e d\u00e1 outras provid\u00eancias"}, {"id": "21988", "ano": "2023", "numero": "42", "tipo__sigla": "PLO", "tipo__descricao": "Projeto de Lei Ordin\u00e1ria", "autoria": "Executivo", "texto_original": "http://sapl.pedroleopoldo.mg.leg.br/media/sapl/public/materialegislativa/2023/21988/projeto_de_lei_42-23_-_altera_lei_3001.pdf", "ementa": "Altera a Lei Municipal n\u00ba 3.001, de 26 de dezembro de 2.007 e d\u00e1 outras provid\u00eancias."}, {"id": "21997", "ano": "2023", "numero": "43", "tipo__sigla": "PLO", "tipo__descricao": "Projeto de Lei Ordin\u00e1ria", "autoria": "Executivo", "texto_original": "http://sapl.pedroleopoldo.mg.leg.br/media/sapl/public/materialegislativa/2023/21997/projeto_de_lei_43-2023_-_prefeita.pdf", "ementa": "Autoriza a Chefe do Executivo a conceder ajuda de custo para o m\u00e9dico que atue no programa Mais M\u00e9dicos no Munic\u00edpio de Pedro Leopoldo/MG e d\u00e1 outras provid\u00eancias"}, {"id": "21999", "ano": "2023", "numero": "44", "tipo__sigla": "PLO", "tipo__descricao": "Projeto de Lei Ordin\u00e1ria", "autoria": "Executivo", "texto_original": "http://sapl.pedroleopoldo.mg.leg.br/media/sapl/public/materialegislativa/2023/21999/projeto_de_lei_44-23_-_prefeita_-_altera_lei_3.539-2019.pdf", "ementa": "Altera a Lei Municipal n\u00ba 3.539, de 17 de setembro de 2.019, a qual institui o Programa Municipal Bolsa Atleta."}, {"id": "22255", "ano": "2023", "numero": "45", "tipo__sigla": "PLO", "tipo__descricao": "Projeto de Lei Ordin\u00e1ria", "autoria": "Executivo", "texto_original": "http://sapl.pedroleopoldo.mg.leg.br/media/sapl/public/materialegislativa/2023/22255/projeto_de_lei_45-23_-_altera_lei_2.864-2006.pdf", "ementa": "Altera a Lei Municipal 2.864, de 28 de abril de 2006 e d\u00e1 outras provid\u00eancias."}, {"id": "22179", "ano": "2023", "numero": "46", "tipo__sigla": "PLO", "tipo__descricao": "Projeto de Lei Ordin\u00e1ria", "autoria": "Executivo", "texto_original": "http://sapl.pedroleopoldo.mg.leg.br/media/sapl/public/materialegislativa/2023/22179/pl_46-23_-_altera_anexo_i_lei_2.853_acrescenta_vagas_cargos_agente_saude.pdf", "ementa": "Altera o Anexo I da Lei n\u00ba. 2.853, de 1\u00ba de janeiro de 2006, acrescendo quantitativo de vagas para os cargos de Agente de Combate a Endemias e Agente Comunit\u00e1rio de Sa\u00fade, previstos nas Leis Municipais n\u00ba. 3.220, de 1\u00ba de abril de 2011 e n\u00ba. 3.511, de 30 de novembro de 2018, respectivamente."}, {"id": "22151", "ano": "2023", "numero": "47", "tipo__sigla": "PLO", "tipo__descricao": "Projeto de Lei Ordin\u00e1ria", "autoria": "Rafael Vieira Faria (Rafa)", "texto_original": "http://sapl.pedroleopoldo.mg.leg.br/media/sapl/public/materialegislativa/2023/22151/pl_47-23_-_parklet.pdf", "ementa": "Autoriza o Munic\u00edpio de Pedro Leopoldo a instalar e utilizar a extens\u00e3o tempor\u00e1ria de passeio p\u00fablico, denominada Parklet, e d\u00e1 outras provid\u00eancias."}, {"id": "22152", "ano": "2023", "numero": "48", "tipo__sigla": "PLO", "tipo__descricao": "Projeto de Lei Ordin\u00e1ria", "autoria": "Rafael Vieira Faria (Rafa)", "texto_original": "http://sapl.pedroleopoldo.mg.leg.br/media/sapl/public/materialegislativa/2023/22152/pl_48-23_-_regulamenta_proerd.pdf", "ementa": "Autoriza o Munic\u00edpio de Pedro Leopoldo, atrav\u00e9s do Poder Executivo, a implementar e regulamentar o \u201cPrograma Educacional de Resist\u00eancia \u00e0s Drogas e \u00e0 Viol\u00eancia \u2013 PROERD\u201d e d\u00e1 outras provid\u00eancias."}, {"id": "22153", "ano": "2023", "numero": "49", "tipo__sigla": "PLO", "tipo__descricao": "Projeto de Lei Ordin\u00e1ria", "autoria": "Eldir Jos\u00e9 Batista (Baixinho da Garagem)", "texto_original": "http://sapl.pedroleopoldo.mg.leg.br/media/sapl/public/materialegislativa/2023/22153/pl_49-23_-_banco_ideias.pdf", "ementa": "Institui o Banco de Ideias Legislativas no Munic\u00edpio de Pedro Leopoldo."}, {"id": "22154", "ano": "2023", "numero": "50", "tipo__sigla": "PLO", "tipo__descricao": "Projeto de Lei Ordin\u00e1ria", "autoria": "Guilherme de Lima Braga (Guilherme do Doce)", "texto_original": "http://sapl.pedroleopoldo.mg.leg.br/media/sapl/public/materialegislativa/2023/22154/pl_50-23_-_denomina_maria_neuza.pdf", "ementa": "Denomina a rua B que se inicia em frente ao lote 01 da quadra 03, indo at\u00e9 o lote 05 da quadra 09, como Rua Maria Neuza Paulo, no Bairro Andiara, neste Munic\u00edpio."}, {"id": "22155", "ano": "2023", "numero": "51", "tipo__sigla": "PLO", "tipo__descricao": "Projeto de Lei Ordin\u00e1ria", "autoria": "Rafael Vieira Faria (Rafa)", "texto_original": "http://sapl.pedroleopoldo.mg.leg.br/media/sapl/public/materialegislativa/2023/22155/pl_51-23_-_salva-vidas_clubes.pdf", "ementa": "\u201cDisp\u00f5e sobre a obrigatoriedade da perman\u00eancia do professor de educa\u00e7\u00e3o f\u00edsica, durante todo o expediente nos clubes e academias que desenvolvam aulas de nata\u00e7\u00e3o, e sobre a obrigatoriedade de clubes e balne\u00e1rios do Munic\u00edpio de Pedro Leopoldo, que possuam piscinas em suas depend\u00eancias, a manter salva-vidas durante todo o seu per\u00edodo de funcionamento e d\u00e1 outras provid\u00eancias\u201d."}, {"id": "22156", "ano": "2023", "numero": "52", "tipo__sigla": "PLO", "tipo__descricao": "Projeto de Lei Ordin\u00e1ria", "autoria": "Rafael Vieira Faria (Rafa)", "texto_original": "http://sapl.pedroleopoldo.mg.leg.br/media/sapl/public/materialegislativa/2023/22156/pl_52-23_-_patrimonio_festividade_boi.pdf", "ementa": "Declara como Patrim\u00f4nio Cultural Imaterial do Munic\u00edpio de Pedro Leopoldo a Festividade do Boi da Manta."}, {"id": "22157", "ano": "2023", "numero": "53", "tipo__sigla": "PLO", "tipo__descricao": "Projeto de Lei Ordin\u00e1ria", "autoria": "Cynthia Salom\u00e3o Bastos Faria", "texto_original": "http://sapl.pedroleopoldo.mg.leg.br/media/sapl/public/materialegislativa/2023/22157/pl_53-23_-_patrimonio_guardas_congo.pdf", "ementa": "Declara como Patrim\u00f4nio Cultural Imaterial do Munic\u00edpio de Pedro Leopoldo as Guardas de Congo, as Folias de Reis e o Candombe."}, {"id": "22100", "ano": "2023", "numero": "54", "tipo__sigla": "PLO", "tipo__descricao": "Projeto de Lei Ordin\u00e1ria", "autoria": "Executivo", "texto_original": "http://sapl.pedroleopoldo.mg.leg.br/media/sapl/public/materialegislativa/2023/22100/projeto_de_lei_54-2023_-_piso_salarial_magisterio.pdf", "ementa": "Disp\u00f5e sobre o piso salarial do Magist\u00e9rio no Munic\u00edpio de Pedro Leopoldo"}, {"id": "22319", "ano": "2023", "numero": "55", "tipo__sigla": "PLO", "tipo__descricao": "Projeto de Lei Ordin\u00e1ria", "autoria": "Frederico Henrique Cota Alves (Fred Piau)", "texto_original": "http://sapl.pedroleopoldo.mg.leg.br/media/sapl/public/materialegislativa/2023/22319/projeto_de_lei_no_55-2023_-_pessoa_idosa.pdf", "ementa": "Disp\u00f5e sobre a prote\u00e7\u00e3o da pessoa idosa, deficiente psicosocial, pessoas com transtornos mentais, deficiente e pensionistas nos procedimentos de contrata\u00e7\u00e3o de empr\u00e9stimo consignado, de cart\u00e3o de cr\u00e9dito consignado e de servi\u00e7o cujo desconto incida sobre a folha de pagamento."}, {"id": "22717", "ano": "2023", "numero": "56", "tipo__sigla": "PLO", "tipo__descricao": "Projeto de Lei Ordin\u00e1ria", "autoria": "Executivo", "texto_original": "http://sapl.pedroleopoldo.mg.leg.br/media/sapl/public/materialegislativa/2023/22717/projeto_de_lei_56-2023_-_capsula_do_tempo_-_prefeita.pdf", "ementa": "Institui o Projeto Cultural denominado C\u00e1psula do Tempo do Munic\u00edpio de Pedro Leopoldo e confere outras provid\u00eancias."}, {"id": "24029", "ano": "2023", "numero": "57", "tipo__sigla": "PLO", "tipo__descricao": "Projeto de Lei Ordin\u00e1ria", "autoria": "Matheus Utsch de Oliveira", "texto_original": "http://sapl.pedroleopoldo.mg.leg.br/media/sapl/public/materialegislativa/2023/24029/projeto_de_lei_57-2023_-_praca_tancredo_neves.pdf", "ementa": "Altera o nome da Pra\u00e7a Tancredo Neves para Pra\u00e7a Cleusa dos Santos Borges"}, {"id": "24732", "ano": "2023", "numero": "58", "tipo__sigla": "PLO", "tipo__descricao": "Projeto de Lei Ordin\u00e1ria", "autoria": "Frederico Henrique Cota Alves (Fred Piau)", "texto_original": "http://sapl.pedroleopoldo.mg.leg.br/media/sapl/public/materialegislativa/2023/24732/projeto_de_lei_58-2023_-_institui_dia_protetor_animais.pdf", "ementa": "Institui o Dia Municipal do Protetor de Animais e d\u00e1 outras provid\u00eancias."}, {"id": "23114", "ano": "2023", "numero": "59", "tipo__sigla": "PLO", "tipo__descricao": "Projeto de Lei Ordin\u00e1ria", "autoria": "Mauro J\u00fanior Lopes Francisco", "texto_original": "http://sapl.pedroleopoldo.mg.leg.br/media/", "ementa": "Altera a Lei Municipal n\u00ba 2.205, de 27 de agosto de 1996 que Institui o novo C\u00f3digo de Posturas do Munic\u00edpio de Pedro Leopoldo e d\u00e1 outras provid\u00eancias. Projeto de Lei n\u00ba 56/2023 \"Disp\u00f5e sobre ru\u00eddos em zonas urbanas e/ou rurais e prote\u00e7\u00e3o do bem estar e do sossego p\u00fablico d\u00e1 outras provid\u00eancias."}, {"id": "22320", "ano": "2023", "numero": "60", "tipo__sigla": "PLO", "tipo__descricao": "Projeto de Lei Ordin\u00e1ria", "autoria": "Executivo", "texto_original": "http://sapl.pedroleopoldo.mg.leg.br/media/sapl/public/materialegislativa/2023/22320/projeto_de_lei_60-23_-_credito_adicional__-_prefeita.pdf", "ementa": "Autoriza abertura de Cr\u00e9dito Adicional Suplementar"}, {"id": "22356", "ano": "2023", "numero": "61", "tipo__sigla": "PLO", "tipo__descricao": "Projeto de Lei Ordin\u00e1ria", "autoria": "Executivo", "texto_original": "http://sapl.pedroleopoldo.mg.leg.br/media/sapl/public/materialegislativa/2023/22356/projeto_de_lei_no_61_de_20_de_julho_de_2023.pdf", "ementa": "Institui o Programa de Regulariza\u00e7\u00e3o Fiscal - REFIS - 2023 e d\u00e1 outras provid\u00eancias."}, {"id": "22605", "ano": "2023", "numero": "62", "tipo__sigla": "PLO", "tipo__descricao": "Projeto de Lei Ordin\u00e1ria", "autoria": "Executivo", "texto_original": "http://sapl.pedroleopoldo.mg.leg.br/media/sapl/public/materialegislativa/2023/22605/projeto_lei_62-23-_altera_lei_3.703_-_receitas_e_despesas.pdf", "ementa": "Altera a Lei Municipal n\u00ba 3.703, de 29 de dezembro de 2022, que \"Estima as receitas e fixa as despesas do or\u00e7amento fiscal do Munic\u00edpio de Pedro Leopoldo para o exerc\u00edcio financeiro de 2023\"."}, {"id": "22718", "ano": "2023", "numero": "63", "tipo__sigla": "PLO", "tipo__descricao": "Projeto de Lei Ordin\u00e1ria", "autoria": "Leonardo Pereira Ribeiro (Leoz\u00e3o)", "texto_original": "http://sapl.pedroleopoldo.mg.leg.br/media/sapl/public/materialegislativa/2023/22718/projeto_de_lei_63-23.pdf", "ementa": "Pro\u00edbe a produ\u00e7\u00e3o de mudas e o plantio da spathodea campanulata, tamb\u00e9m conhecida como espat\u00f3dea, bisnagueira, tulipa-dogab\u00e3o, xixi-de-macaco ou chama-da-floresta, e incentiva a substitui\u00e7\u00e3o por plantas nativas em todo territ\u00f3rio do munic\u00edpio de Pedro Leopoldo e d\u00e1 outras  provid\u00eancias."}, {"id": "22724", "ano": "2023", "numero": "64", "tipo__sigla": "PLO", "tipo__descricao": "Projeto de Lei Ordin\u00e1ria", "autoria": "Leonardo Pereira Ribeiro (Leoz\u00e3o)", "texto_original": "http://sapl.pedroleopoldo.mg.leg.br/media/sapl/public/materialegislativa/2023/22724/projeto_de_lei_64-23.pdf", "ementa": "Altera a lei Municipal n\u00b0 3.618, de 1\u00b0 de outubro de 2021, que institui a \u201cSemana na M\u00e3o Certa\u201d, visando o combater a explora\u00e7\u00e3o sexual de crian\u00e7as e adolescentes no \u00e2mbito de Pedro Leopoldo."}, {"id": "22725", "ano": "2023", "numero": "65", "tipo__sigla": "PLO", "tipo__descricao": "Projeto de Lei Ordin\u00e1ria", "autoria": "Executivo", "texto_original": "http://sapl.pedroleopoldo.mg.leg.br/media/sapl/public/materialegislativa/2023/22725/projeto_de_lei_65-23_-_prefeita_-_altera_lei_3.245_-_08-09-23.pdf", "ementa": "Altera a Lei Municipal n\u00ba 3.245, de 08 de setembro de 2011, que disp\u00f5e sobre o Conselho Municipal de Pol\u00edticas sobre Drogas, e d\u00e1 outras provid\u00eancias."}, {"id": "22606", "ano": "2023", "numero": "66", "tipo__sigla": "PLO", "tipo__descricao": "Projeto de Lei Ordin\u00e1ria", "autoria": "Executivo", "texto_original": "http://sapl.pedroleopoldo.mg.leg.br/media/sapl/public/materialegislativa/2023/22606/projeto_de_lei_66-23_-_altera_a_lei_3.555_-_prefeita.pdf", "ementa": "Altera a Lei Municipal n\u00ba 3.555, de 18 de dezembro de 2019, que disp\u00f5e sobre a Pol\u00edtica Municipal de Promo\u00e7\u00e3o da Igualdade Racial no Munic\u00edpio de Pedro Leopoldo."}, {"id": "22385", "ano": "2023", "numero": "67", "tipo__sigla": "PLO", "tipo__descricao": "Projeto de Lei Ordin\u00e1ria", "autoria": "Executivo", "texto_original": "http://sapl.pedroleopoldo.mg.leg.br/media/sapl/public/materialegislativa/2023/22385/projeto_de_lei_67-23_-_altera_lei_3.632_-_prefeita.pdf", "ementa": "Altera a Lei Municipal n\u00ba 3.632, de 14 de dezembro de 2021, que cria, na estrutura da Secretaria Municipal de Desenvolvimento Social, o Conselho Municipal de Pol\u00edticas para a Popula\u00e7\u00e3o LGBTQIA+ e da outra providencias."}, {"id": "22681", "ano": "2023", "numero": "68", "tipo__sigla": "PLO", "tipo__descricao": "Projeto de Lei Ordin\u00e1ria", "autoria": "Marina", "texto_original": "http://sapl.pedroleopoldo.mg.leg.br/media/sapl/public/materialegislativa/2023/22681/pl_68-23_-_altera_loa_-_impositivas.pdf", "ementa": "Altera a Lei Municipal n\u00ba 3.703, de 29 de dezembro de  2022, que \u201cEstima as receitas e fixa as despesas do or\u00e7amento fiscal do Munic\u00edpio de Pedro Leopoldo para o exerc\u00edcio financeiro de 2023\u201d- EMENDAS IMPOSITIVAS DOS VEREADORES"}, {"id": "22703", "ano": "2023", "numero": "69", "tipo__sigla": "PLO", "tipo__descricao": "Projeto de Lei Ordin\u00e1ria", "autoria": "Matheus Utsch de Oliveira", "texto_original": "http://sapl.pedroleopoldo.mg.leg.br/media/sapl/public/materialegislativa/2023/22703/projeto_de_lei_69-23_-_altera_lei_2468_disciplina_denominacao_logradouros.pdf", "ementa": "Altera a Lei n\u00ba 2.468, de 12 de novembro de 1999, que Disciplina a denomina\u00e7\u00e3o de logradouros p\u00fablicos do Munic\u00edpio, e d\u00e1 outras provid\u00eancias"}, {"id": "22722", "ano": "2023", "numero": "70", "tipo__sigla": "PLO", "tipo__descricao": "Projeto de Lei Ordin\u00e1ria", "autoria": "Executivo", "texto_original": "http://sapl.pedroleopoldo.mg.leg.br/media/sapl/public/materialegislativa/2023/22722/projeto_de_lei_no_70-2023_-_piso_salarial_dos_enfermeiros_e_etc.pdf", "ementa": "Disp\u00f5e sobre a regulamenta\u00e7\u00e3o da Assist\u00eancia Financeira Complementar repassada pela Uni\u00e3o Federal visando dar cumprimento ao disposto na Lei Federal n\u00ba 14.434, de 04 de agosto de 2022, a qual instituiu o piso salarial nacional do Enfermeiro, do t\u00e9cnico de enfermagem, do auxiliar de enfermagem e da parteira."}, {"id": "23183", "ano": "2023", "numero": "71", "tipo__sigla": "PLO", "tipo__descricao": "Projeto de Lei Ordin\u00e1ria", "autoria": "Rafael Vieira Faria (Rafa)", "texto_original": "http://sapl.pedroleopoldo.mg.leg.br/media/sapl/public/materialegislativa/2023/23183/projeto_de_lei_71-23-_qr_code_nas_obras_municipais.pdf", "ementa": "Disp\u00f5e sobre a inser\u00e7\u00e3o de C\u00f3digo de Barras Bidimensional - QR Code- em todas as placas de obras p\u00fablicas municipais em andamento para leitura atrav\u00e9s de dispositivos m\u00f3veis para fiscaliza\u00e7\u00e3o eletr\u00f4nica."}, {"id": "22976", "ano": "2023", "numero": "72", "tipo__sigla": "PLO", "tipo__descricao": "Projeto de Lei Ordin\u00e1ria", "autoria": "Executivo", "texto_original": "http://sapl.pedroleopoldo.mg.leg.br/media/sapl/public/materialegislativa/2023/22976/projeto_de_lei_no_72-2023_-_loa_pesquisavel.pdf", "ementa": "Lei Or\u00e7ament\u00e1ria Anual - Estima a receita e fixa as despesas do Munic\u00edpio de Pedro Leopoldo para o exerc\u00edcio financeiro de 2024. (indexa\u00e7\u00e3o: LOA)"}, {"id": "22786", "ano": "2023", "numero": "73", "tipo__sigla": "PLO", "tipo__descricao": "Projeto de Lei Ordin\u00e1ria", "autoria": "Executivo", "texto_original": "http://sapl.pedroleopoldo.mg.leg.br/media/sapl/public/materialegislativa/2023/22786/projeto_de__lei__no73_de_26_setembro_de_2023.pdf", "ementa": "Disp\u00f5e sobre o Aux\u00edlio Fardamento/Uniforme, destinado aos Servidores da Guarda Civil Municipal e Agentes de Tr\u00e2nsito - TRANS PL, do munic\u00edpio de Pedro Leopoldo e d\u00e1 outras provid\u00eancias\u201d."}, {"id": "23184", "ano": "2023", "numero": "74", "tipo__sigla": "PLO", "tipo__descricao": "Projeto de Lei Ordin\u00e1ria", "autoria": "Frederico Henrique Cota Alves (Fred Piau)", "texto_original": "http://sapl.pedroleopoldo.mg.leg.br/media/sapl/public/materialegislativa/2023/23184/projeto_de_lei_74-23.pdf", "ementa": "\"Institui o Programa de Preven\u00e7\u00e3o ao Diabetes nas Creches e Escolas P\u00fablicas municipais e d\u00e1 outras provid\u00eancias\"."}, {"id": "23019", "ano": "2023", "numero": "75", "tipo__sigla": "PLO", "tipo__descricao": "Projeto de Lei Ordin\u00e1ria", "autoria": "Executivo", "texto_original": "http://sapl.pedroleopoldo.mg.leg.br/media/sapl/public/materialegislativa/2023/23019/projeto_de_lei_no75-2023.pdf", "ementa": "\u201cDisp\u00f5e sobre descontos, isen\u00e7\u00f5es e redu\u00e7\u00f5es no pagamento do Imposto sobre a Propriedade Predial e Territorial Urbana \u2013 IPTU, referente ao exerc\u00edcio de 2024\u201d."}, {"id": "23207", "ano": "2023", "numero": "76", "tipo__sigla": "PLO", "tipo__descricao": "Projeto de Lei Ordin\u00e1ria", "autoria": "Frederico Henrique Cota Alves (Fred Piau)", "texto_original": "http://sapl.pedroleopoldo.mg.leg.br/media/sapl/public/materialegislativa/2023/23207/projeto_de_lei_76-23_-_estacionamento.pdf", "ementa": "Disp\u00f5e sobre a disponibiliza\u00e7\u00e3o e demarca\u00e7\u00e3o de vagas de estacionamento para pessoas com TEA (Transtorno Espectro Autista)."}, {"id": "22957", "ano": "2023", "numero": "77", "tipo__sigla": "PLO", "tipo__descricao": "Projeto de Lei Ordin\u00e1ria", "autoria": "Mesa Diretora", "texto_original": "http://sapl.pedroleopoldo.mg.leg.br/media/sapl/public/materialegislativa/2023/22957/projeto_de_lei_77-2023_-_escaneado.pdf", "ementa": "Altera a Lei Municipal n\u00ba 3.597, de 15 de abril de 2021, que: Institui o Plano de Cargos, Carreiras e Vencimentos dos Servidores P\u00fablicos do Poder Legislativo do Munic\u00edpio de Pedro Leopoldo e d\u00e1 outras provid\u00eancias. (indexa\u00e7\u00e3o: organograma, estrutura administrativa)"}, {"id": "23185", "ano": "2023", "numero": "78", "tipo__sigla": "PLO", "tipo__descricao": "Projeto de Lei Ordin\u00e1ria", "autoria": "Executivo", "texto_original": "http://sapl.pedroleopoldo.mg.leg.br/media/sapl/public/materialegislativa/2023/23185/projeto_de_lei_78-2023_-_servico_de_inspecao_municipal_-_prefeita.pdf", "ementa": "Institui o Servi\u00e7o de Inspe\u00e7\u00e3o Municipal e d\u00e1 outras provid\u00eancias."}, {"id": "23186", "ano": "2023", "numero": "79", "tipo__sigla": "PLO", "tipo__descricao": "Projeto de Lei Ordin\u00e1ria", "autoria": "Cynthia Salom\u00e3o Bastos Faria", "texto_original": "http://sapl.pedroleopoldo.mg.leg.br/media/sapl/public/materialegislativa/2023/23186/projeto_de_lei_79-23_-_atendimento_prioritario.pdf", "ementa": "Garantir o atendimento priorit\u00e1rio e a acessibilidade de pessoas com obesidade, obesidade severa ou obesidade m\u00f3rbida aos servi\u00e7os dos estabelecimentos banc\u00e1rios, comerciais, \u00f3rg\u00e3os p\u00fablicos e outros servi\u00e7os que importem em atendimento atrav\u00e9s de filas, senhas ou outros m\u00e9todos similares."}, {"id": "23212", "ano": "2023", "numero": "80", "tipo__sigla": "PLO", "tipo__descricao": "Projeto de Lei Ordin\u00e1ria", "autoria": "Leonardo Pereira Ribeiro (Leoz\u00e3o)", "texto_original": "http://sapl.pedroleopoldo.mg.leg.br/media/sapl/public/materialegislativa/2023/23212/projeto_de_lei_80-23_-_tropeiro.pdf", "ementa": "Institui o \u00faltimo domingo do m\u00eas de maio,   o  \u201cDia   Do  Tropeiro\u201d no munic\u00edpio de Pedro Leopoldo MG e da   outras   Provid\u00eancias."}, {"id": "23187", "ano": "2023", "numero": "81", "tipo__sigla": "PLO", "tipo__descricao": "Projeto de Lei Ordin\u00e1ria", "autoria": "Executivo", "texto_original": "http://sapl.pedroleopoldo.mg.leg.br/media/sapl/public/materialegislativa/2023/23187/projeto_de_lei_no_81-2023_-_consignado.pdf", "ementa": "\"Altera a Lei Municipal n\u00ba 3.659, de 27 de maio de 2022, a qual disp\u00f5e sobre as consigna\u00e7\u00f5es em folha de pagamento de servidores p\u00fablicos municipais do Poder Executivo do Munic\u00edpio de Pedro Leopoldo e d\u00e1 outras provid\u00eancias\"."}, {"id": "23188", "ano": "2023", "numero": "82", "tipo__sigla": "PLO", "tipo__descricao": "Projeto de Lei Ordin\u00e1ria", "autoria": "Frederico Henrique Cota Alves (Fred Piau)", "texto_original": "http://sapl.pedroleopoldo.mg.leg.br/media/sapl/public/materialegislativa/2023/23188/projeto_de_lei_82-23.pdf", "ementa": "DECLARA DE UTILIDADE P\u00daBLICA MUNICIPAL ASSOCIA\u00c7\u00c3O CANTINHO DE LUZ, E DA OUTRAS PROVID\u00caNCIAS"}, {"id": "23192", "ano": "2023", "numero": "83", "tipo__sigla": "PLO", "tipo__descricao": "Projeto de Lei Ordin\u00e1ria", "autoria": "Executivo", "texto_original": "http://sapl.pedroleopoldo.mg.leg.br/media/sapl/public/materialegislativa/2023/23192/projeto_de_lei_83-2023_-_altera_lei_3.641_-_subsidio_transporte_publico.pdf", "ementa": "Altera a Lei Municipal n\u00ba 3.641, de 27 de dezembro de 2021, a qual Autoriza a concess\u00e3o de subs\u00eddio tarif\u00e1rio tempor\u00e1rio ao Servi\u00e7o de Transporte P\u00fablico Coletivo Urbano do Munic\u00edpio de Pedro Leopoldo e d\u00e1 outras provid\u00eancias."}, {"id": "23208", "ano": "2023", "numero": "84", "tipo__sigla": "PLO", "tipo__descricao": "Projeto de Lei Ordin\u00e1ria", "autoria": "Executivo", "texto_original": "http://sapl.pedroleopoldo.mg.leg.br/media/sapl/public/materialegislativa/2023/23208/projeto_de_lei_84-23_-_institui_gratificacao_incentivo_produt._fiscal.pdf", "ementa": "Institui a Gratifica\u00e7\u00e3o de Incentivo \u00e0 Produtividade Fiscal e Servi\u00e7os de Apoio \u00e0 Arrecada\u00e7\u00e3o Tribut\u00e1ria Municipal - GIP e d\u00e1 outras provid\u00eancias."}, {"id": "23209", "ano": "2023", "numero": "85", "tipo__sigla": "PLO", "tipo__descricao": "Projeto de Lei Ordin\u00e1ria", "autoria": "Executivo", "texto_original": "http://sapl.pedroleopoldo.mg.leg.br/media/sapl/public/materialegislativa/2023/23209/projeto_de_lei_85-23_-_altera_lei_2853_e_lei_3281.pdf", "ementa": "Altera a Lei Municipal n\u00ba 2.853, de 1\u00ba de janeiro de 2006 e a Lei Municipal n\u00ba 3.281, de 03 de abril de 2012."}, {"id": "23210", "ano": "2023", "numero": "86", "tipo__sigla": "PLO", "tipo__descricao": "Projeto de Lei Ordin\u00e1ria", "autoria": "Executivo", "texto_original": "http://sapl.pedroleopoldo.mg.leg.br/media/sapl/public/materialegislativa/2023/23210/projeto_de_lei_86-2023_-_concede_adicional_periculosidade_aos_guardas_civis_municipais.pdf", "ementa": "Concede adicional de periculosidade aos Guardas Civis Municipais e aos Agentes de Tr\u00e2nsito do Munic\u00edpio de Pedro Leopoldo e d\u00e1 outras provid\u00eancias."}, {"id": "23211", "ano": "2023", "numero": "87", "tipo__sigla": "PLO", "tipo__descricao": "Projeto de Lei Ordin\u00e1ria", "autoria": "Executivo", "texto_original": "http://sapl.pedroleopoldo.mg.leg.br/media/sapl/public/materialegislativa/2023/23211/projeto_de_lei_87-2023_-_direito_de_uso_real_-_torresminas.pdf", "ementa": "Autoriza a concess\u00e3o de Direito Real de Uso de \u00e1rea municipal para implanta\u00e7\u00e3o da empresa TORRESMINAS IND\u00daSTRIA E COM\u00c9RCIO DE CARNES E DERIVADOS LTDA - EPP e d\u00e1 outras provid\u00eancias."}, {"id": "23213", "ano": "2023", "numero": "88", "tipo__sigla": "PLO", "tipo__descricao": "Projeto de Lei Ordin\u00e1ria", "autoria": "Executivo", "texto_original": "http://sapl.pedroleopoldo.mg.leg.br/media/sapl/public/materialegislativa/2023/23213/projeto_de_lei_88-2023_-_direito_real_de_uso_empresa_causimec.pdf", "ementa": "Autoriza a concess\u00e3o de Direito Real de Uso de \u00e1rea municipal para implanta\u00e7\u00e3o da empresa CAUSIMEC IND\u00daSTRIA E COM\u00c9RCIO LTDA - EPP, e d\u00e1 outras provid\u00eancias."}, {"id": "23214", "ano": "2023", "numero": "89", "tipo__sigla": "PLO", "tipo__descricao": "Projeto de Lei Ordin\u00e1ria", "autoria": "Mesa Diretora", "texto_original": "http://sapl.pedroleopoldo.mg.leg.br/media/sapl/public/materialegislativa/2023/23214/projeto_de_lei_89-23_-_altera_a_lei_no_3.713-2023_-_pdv.pdf", "ementa": "Altera a reda\u00e7\u00e3o dos artigos 3\u00ba e par\u00e1grafo \u00fanico, 5\u00ba, caput, art. 6\u00ba, \u00a7\u00a71\u00ba e 2\u00ba, anexos I e II, revoga o \u00a7 2\u00ba do art. 5\u00ba e acrescenta par\u00e1grafo \u00fanico ao art. 10, todos da lei 3.713, de 15 de maio de 2023, que instituiu o Programa de Desligamento Volunt\u00e1rio de Servidores P\u00fablicos Efetivos da C\u00e2mara Municipal de Pedro Leopoldo e d\u00e1 outras provid\u00eancias."}, {"id": "21131", "ano": "2023", "numero": "1", "tipo__sigla": "PRE", "tipo__descricao": "Projeto de Resolu\u00e7\u00e3o", "autoria": "Mesa Diretora", "texto_original": "http://sapl.pedroleopoldo.mg.leg.br/media/", "ementa": "Ficam transferidas, temporariamente, as reuni\u00f5es da C\u00e2mara Municipal para o audit\u00f3rio da Prefeitura de Pedro Leopoldo e d\u00e1 outras provid\u00eancias."}, {"id": "21295", "ano": "2023", "numero": "2", "tipo__sigla": "PRE", "tipo__descricao": "Projeto de Resolu\u00e7\u00e3o", "autoria": "Cynthia Salom\u00e3o Bastos Faria, Eldir Jos\u00e9 Batista (Baixinho da Garagem), Evaldo Geraldo do Carmo (Evaldo do A\u00e7ougue), Frederico Henrique Cota Alves (Fred Piau), Guilherme de Lima Braga (Guilherme do Doce), Leonardo Pereira Ribeiro (Leoz\u00e3o), Matheus Utsch de Oliveira, Mauro J\u00fanior Lopes Francisco, Rafael Vieira Faria (Rafa), Warlen Alves da Silva", "texto_original": "http://sapl.pedroleopoldo.mg.leg.br/media/sapl/public/materialegislativa/2023/21295/projeto_de_resolucao_no_02-2023_-_denomina_centro_de_atencao_ao_cidadao_cac_-_jose_justino.doc", "ementa": "Denomina o Centro de Aten\u00e7\u00e3o ao Cidad\u00e3o da C\u00e2mara Municipal de Pedro Leopoldo - CAC - de Vereador Jos\u00e9 Justino Pires Damaso, e d\u00e1 outras provid\u00eancias."}, {"id": "21331", "ano": "2023", "numero": "3", "tipo__sigla": "PRE", "tipo__descricao": "Projeto de Resolu\u00e7\u00e3o", "autoria": "Cynthia Salom\u00e3o Bastos Faria, Eldir Jos\u00e9 Batista (Baixinho da Garagem), Evaldo Geraldo do Carmo (Evaldo do A\u00e7ougue), Frederico Henrique Cota Alves (Fred Piau), Guilherme de Lima Braga (Guilherme do Doce), Leonardo Pereira Ribeiro (Leoz\u00e3o), Matheus Utsch de Oliveira, Mauro J\u00fanior Lopes Francisco, Rafael Vieira Faria (Rafa), Warlen Alves da Silva", "texto_original": "http://sapl.pedroleopoldo.mg.leg.br/media/sapl/public/materialegislativa/2023/21331/projeto_de_resolucao_no_03_-_sr._plinio_oliveira.docx", "ementa": "Concede Medalha Chico Xavier ao Sr. Pl\u00ednio Roberto Soares de Oliveira e d\u00e1 outras provid\u00eancias."}, {"id": "21332", "ano": "2023", "numero": "4", "tipo__sigla": "PRE", "tipo__descricao": "Projeto de Resolu\u00e7\u00e3o", "autoria": "Cynthia Salom\u00e3o Bastos Faria, Eldir Jos\u00e9 Batista (Baixinho da Garagem), Evaldo Geraldo do Carmo (Evaldo do A\u00e7ougue), Frederico Henrique Cota Alves (Fred Piau), Guilherme de Lima Braga (Guilherme do Doce), Leonardo Pereira Ribeiro (Leoz\u00e3o), Matheus Utsch de Oliveira, Mauro J\u00fanior Lopes Francisco, Rafael Vieira Faria (Rafa), Warlen Alves da Silva", "texto_original": "http://sapl.pedroleopoldo.mg.leg.br/media/sapl/public/materialegislativa/2023/21332/projeto_de_resolucao_no_04_-_sr._paulo_ferreira_pinto.docx", "ementa": "Concede Medalha Chico Xavier ao Sr. Paulo Ferreira Pinto e d\u00e1 outras provid\u00eancias."}, {"id": "21333", "ano": "2023", "numero": "5", "tipo__sigla": "PRE", "tipo__descricao": "Projeto de Resolu\u00e7\u00e3o", "autoria": "Warlen Alves da Silva", "texto_original": "http://sapl.pedroleopoldo.mg.leg.br/media/sapl/public/materialegislativa/2023/21333/projeto_de_resolucao_no_05_-_wilson_bamba.docx", "ementa": "Concede Medalha Chico Xavier ao Sr. Wilson Marques da Silva e d\u00e1 outras provid\u00eancias."}, {"id": "21334", "ano": "2023", "numero": "6", "tipo__sigla": "PRE", "tipo__descricao": "Projeto de Resolu\u00e7\u00e3o", "autoria": "Mesa Diretora", "texto_original": "http://sapl.pedroleopoldo.mg.leg.br/media/sapl/public/materialegislativa/2023/21334/projeto_de_resolucao_no_06-2023_-_altera_horario_reuniao.docx", "ementa": "Altera o hor\u00e1rio da 7\u00aa Reuni\u00e3o Ordin\u00e1ria da C\u00e2mara Municipal de Pedro Leopoldo e d\u00e1 outras provid\u00eancias."}, {"id": "21561", "ano": "2023", "numero": "7", "tipo__sigla": "PRE", "tipo__descricao": "Projeto de Resolu\u00e7\u00e3o", "autoria": "Warlen Alves da Silva", "texto_original": "http://sapl.pedroleopoldo.mg.leg.br/media/sapl/public/materialegislativa/2023/21561/projeto_de_resolucao_no_07-2023_-_medalha_varao_e_varoa.pdf", "ementa": "Institui a Medalha Var\u00e3o e Varoa de Cristo, no Munic\u00edpio de Pedro Leopoldo e d\u00e1 outras provid\u00eancias"}, {"id": "22101", "ano": "2023", "numero": "8", "tipo__sigla": "PRE", "tipo__descricao": "Projeto de Resolu\u00e7\u00e3o", "autoria": "Rafael Vieira Faria (Rafa)", "texto_original": "http://sapl.pedroleopoldo.mg.leg.br/media/sapl/public/materialegislativa/2023/22101/projeto_de_resolucao_08-2023_-_titulo_filipe_rocha.pdf", "ementa": "Concede T\u00edtulo de Cidadania Honor\u00e1ria de Pedro Leopoldo ao Sr. Filipe Rocha de Almeida Costa e d\u00e1 outras provid\u00eancias."}, {"id": "22158", "ano": "2023", "numero": "9", "tipo__sigla": "PRE", "tipo__descricao": "Projeto de Resolu\u00e7\u00e3o", "autoria": "Leonardo Pereira Ribeiro (Leoz\u00e3o)", "texto_original": "http://sapl.pedroleopoldo.mg.leg.br/media/sapl/public/materialegislativa/2023/22158/pres_09-23_-_titulo_pedro_garrido.pdf", "ementa": "Concede T\u00edtulo de Cidadania Benem\u00e9rita de Pedro Leopoldo ao Dr. Pedro Luis Garrido Elias, e d\u00e1 outras provid\u00eancias."}, {"id": "22159", "ano": "2023", "numero": "10", "tipo__sigla": "PRE", "tipo__descricao": "Projeto de Resolu\u00e7\u00e3o", "autoria": "Leonardo Pereira Ribeiro (Leoz\u00e3o)", "texto_original": "http://sapl.pedroleopoldo.mg.leg.br/media/sapl/public/materialegislativa/2023/22159/pres_10-23_-_titulo_renato_perdigao.pdf", "ementa": "Concede T\u00edtulo de Cidadania Benem\u00e9rita de Pedro Leopoldo ao Sr. Renato Perdig\u00e3o, e d\u00e1 outras provid\u00eancias."}, {"id": "22300", "ano": "2023", "numero": "11", "tipo__sigla": "PRE", "tipo__descricao": "Projeto de Resolu\u00e7\u00e3o", "autoria": "Mauro J\u00fanior Lopes Francisco", "texto_original": "http://sapl.pedroleopoldo.mg.leg.br/media/sapl/public/materialegislativa/2023/22300/projeto_de_resolucao_11-2023_-_titulo_aurelio_rosa_de_aguiar.pdf", "ementa": "Concede T\u00edtulo de Cidad\u00e3o Honor\u00e1rio de Pedro Leopoldo ao Sr. Aur\u00e9lio Rosa Aguiar e d\u00e1 outras provid\u00eancias."}, {"id": "22254", "ano": "2023", "numero": "12", "tipo__sigla": "PRE", "tipo__descricao": "Projeto de Resolu\u00e7\u00e3o", "autoria": "Mauro J\u00fanior Lopes Francisco", "texto_original": "http://sapl.pedroleopoldo.mg.leg.br/media/sapl/public/materialegislativa/2023/22254/projeto_resolucao_12-23_-_altera_resolucao_848.pdf", "ementa": "Altera a Resolu\u00e7\u00e3o 848 de 02 de agosto de 2021 que: \u201cInstitui a honraria legislativa \u201cServidor P\u00fablico Destaque do Ano\u201d e d\u00e1 outras provid\u00eancias\u201d."}, {"id": "22704", "ano": "2023", "numero": "13", "tipo__sigla": "PRE", "tipo__descricao": "Projeto de Resolu\u00e7\u00e3o", "autoria": "Leonardo Pereira Ribeiro (Leoz\u00e3o), Guilherme de Lima Braga (Guilherme do Doce)", "texto_original": "http://sapl.pedroleopoldo.mg.leg.br/media/sapl/public/materialegislativa/2023/22704/projeto_de_resolucao_13-23_-_titulo_cidadania_honoraria_lucio.pdf", "ementa": "Concede T\u00edtulo de Cidadania Honor\u00e1ria de Pedro Leopoldo ao Sr. L\u00facio Ant\u00f4nio Lopes e d\u00e1 outras provid\u00eancias."}, {"id": "22705", "ano": "2023", "numero": "14", "tipo__sigla": "PRE", "tipo__descricao": "Projeto de Resolu\u00e7\u00e3o", "autoria": "Frederico Henrique Cota Alves (Fred Piau)", "texto_original": "http://sapl.pedroleopoldo.mg.leg.br/media/sapl/public/materialegislativa/2023/22705/projeto_de_resolucao_14-23_-_titulo_honorario_danny_alexandro.pdf", "ementa": "Concede T\u00edtulo de Cidadania Honor\u00e1ria de Pedro Leopoldo \u00e0 Danny Alexandro Lopes de Oliveira"}, {"id": "22773", "ano": "2023", "numero": "15", "tipo__sigla": "PRE", "tipo__descricao": "Projeto de Resolu\u00e7\u00e3o", "autoria": "Guilherme de Lima Braga (Guilherme do Doce)", "texto_original": "http://sapl.pedroleopoldo.mg.leg.br/media/sapl/public/materialegislativa/2023/22773/projeto_de_resolucao_no_15-2023.pdf", "ementa": "Concede T\u00edtulo de Cidad\u00e3o Honor\u00e1rio  de Pedro Leopoldo ao Sr. Gentil C\u00e2ndido Diniz Viana e d\u00e1 outras provid\u00eancias."}, {"id": "22774", "ano": "2023", "numero": "16", "tipo__sigla": "PRE", "tipo__descricao": "Projeto de Resolu\u00e7\u00e3o", "autoria": "Guilherme de Lima Braga (Guilherme do Doce)", "texto_original": "http://sapl.pedroleopoldo.mg.leg.br/media/sapl/public/materialegislativa/2023/22774/projeto_de_resolucao_no16-2023.pdf", "ementa": "Concede a \u201cComenda Jornalista Jos\u00e9 Nicolau Neto\u201d ao Senhor Lucas Soares de Azevedo, e d\u00e1 outras provid\u00eancias"}, {"id": "22790", "ano": "2023", "numero": "17", "tipo__sigla": "PRE", "tipo__descricao": "Projeto de Resolu\u00e7\u00e3o", "autoria": "Frederico Henrique Cota Alves (Fred Piau)", "texto_original": "http://sapl.pedroleopoldo.mg.leg.br/media/sapl/public/materialegislativa/2023/22790/projeto_de_resolucao_17-2023.pdf", "ementa": "Concede a Ins\u00edgnia Comenda Jornalista Jos\u00e9 Nicolau Neto\u201d ao Sr Adroaldo Leal da Silva J\u00fanior e d\u00e1 outras provid\u00eancias."}, {"id": "22791", "ano": "2023", "numero": "18", "tipo__sigla": "PRE", "tipo__descricao": "Projeto de Resolu\u00e7\u00e3o", "autoria": "Leonardo Pereira Ribeiro (Leoz\u00e3o)", "texto_original": "http://sapl.pedroleopoldo.mg.leg.br/media/sapl/public/materialegislativa/2023/22791/projeto_de_resolucao_18-2023.pdf", "ementa": "Concede T\u00edtulo de Cidad\u00e3o Honor\u00e1rio de Pedro Leopoldo a Andr\u00e9 Felipe Vieira Andrade Carvalho e d\u00e1 outras provid\u00eancias."}, {"id": "22792", "ano": "2023", "numero": "19", "tipo__sigla": "PRE", "tipo__descricao": "Projeto de Resolu\u00e7\u00e3o", "autoria": "Rafael Vieira Faria (Rafa)", "texto_original": "http://sapl.pedroleopoldo.mg.leg.br/media/sapl/public/materialegislativa/2023/22792/projeto_de_resolucao_19-2023_-_cidadania_benemerita_leticia.pdf", "ementa": "Concede T\u00edtulo de Cidadania Benem\u00e9rita de Pedro Leopoldo a Sra. Let\u00edcia Rodrigues Guimar\u00e3es Mendes e d\u00e1 outras provid\u00eancias."}, {"id": "22793", "ano": "2023", "numero": "20", "tipo__sigla": "PRE", "tipo__descricao": "Projeto de Resolu\u00e7\u00e3o", "autoria": "Rafael Vieira Faria (Rafa)", "texto_original": "http://sapl.pedroleopoldo.mg.leg.br/media/sapl/public/materialegislativa/2023/22793/projeto_de_resolucao_20-2023_-_cidadania_honoraria_maria_izabel.pdf", "ementa": "Concede T\u00edtulo de Cidadania Honor\u00e1ria de Pedro Leopoldo a Sra. Maria Izabel Alves Costa - Dona Bela - e d\u00e1 outras provid\u00eancias."}, {"id": "22987", "ano": "2023", "numero": "21", "tipo__sigla": "PRE", "tipo__descricao": "Projeto de Resolu\u00e7\u00e3o", "autoria": "Mauro J\u00fanior Lopes Francisco", "texto_original": "http://sapl.pedroleopoldo.mg.leg.br/media/sapl/public/materialegislativa/2023/22987/projeto_de_resolucao_21-2023_-_chico_xavier_ao_sr._cleber_gomes.pdf", "ementa": "Concede Medalha Chico Xavier ao Sr. Cleber Gomes da Silva e d\u00e1 outras provid\u00eancias."}, {"id": "22988", "ano": "2023", "numero": "22", "tipo__sigla": "PRE", "tipo__descricao": "Projeto de Resolu\u00e7\u00e3o", "autoria": "Matheus Utsch de Oliveira", "texto_original": "http://sapl.pedroleopoldo.mg.leg.br/media/sapl/public/materialegislativa/2023/22988/projeto_de_resolucao_22-2023_-_marcelo_gonzalez.pdf", "ementa": "Concede T\u00edtulo de Cidad\u00e3o Honor\u00e1rio de Pedro Leopoldo ao Sr. Marcelo Gonzalez Duarte e d\u00e1 outras provid\u00eancias."}, {"id": "23250", "ano": "2023", "numero": "23", "tipo__sigla": "PRE", "tipo__descricao": "Projeto de Resolu\u00e7\u00e3o", "autoria": "Mesa Diretora", "texto_original": "http://sapl.pedroleopoldo.mg.leg.br/media/sapl/public/materialegislativa/2023/23250/projeto_de_resolucao_23-2023_-_com_impacto.pdf", "ementa": "Altera o art. 2\u00ba da Resolu\u00e7\u00e3o 870, de 10 de outubro de 2022, que disp\u00f5e sobre o Regimento Interno da C\u00e2mara Municipal de Pedro Leopoldo"}, {"id": "22989", "ano": "2023", "numero": "24", "tipo__sigla": "PRE", "tipo__descricao": "Projeto de Resolu\u00e7\u00e3o", "autoria": "Matheus Utsch de Oliveira", "texto_original": "http://sapl.pedroleopoldo.mg.leg.br/media/", "ementa": "Concede T\u00edtulo de Cidad\u00e3o Honor\u00e1rio de Pedro Leopoldo ao Sr. Alo\u00edsio Vila\u00e7a Constantino."}, {"id": "22990", "ano": "2023", "numero": "25", "tipo__sigla": "PRE", "tipo__descricao": "Projeto de Resolu\u00e7\u00e3o", "autoria": "Frederico Henrique Cota Alves (Fred Piau)", "texto_original": "http://sapl.pedroleopoldo.mg.leg.br/media/sapl/public/materialegislativa/2023/22990/projeto_de_resolucao_25-2023.pdf", "ementa": "Concede T\u00edtulo de Cidad\u00e3 Honor\u00e1ria de Pedro Leopoldo \u00e0 Sra. F\u00e1tima Maria Lana Diniz."}, {"id": "22991", "ano": "2023", "numero": "26", "tipo__sigla": "PRE", "tipo__descricao": "Projeto de Resolu\u00e7\u00e3o", "autoria": "Mesa Diretora", "texto_original": "http://sapl.pedroleopoldo.mg.leg.br/media/sapl/public/materialegislativa/2023/22991/projeto_de_resolucao_26-2023_-_revoga_a_resolucao_406.pdf", "ementa": "Revoga a Resolu\u00e7\u00e3o n\u00ba 406, de 02 de julho de 1998."}, {"id": "23252", "ano": "2023", "numero": "27", "tipo__sigla": "PRE", "tipo__descricao": "Projeto de Resolu\u00e7\u00e3o", "autoria": "Mauro J\u00fanior Lopes Francisco", "texto_original": "http://sapl.pedroleopoldo.mg.leg.br/media/sapl/public/materialegislativa/2023/23252/projeto_de_resolucao_no_27-2023_-_altera_honra_ao_merito.pdf", "ementa": "Altera a ementa e o art. 1\u00ba da Resolu\u00e7\u00e3o n\u00ba 106, de 21 de maio de 1987, que \"Limita a Concess\u00e3o de Diploma de Honra ao M\u00e9rito\"."}, {"id": "23219", "ano": "2023", "numero": "28", "tipo__sigla": "PRE", "tipo__descricao": "Projeto de Resolu\u00e7\u00e3o", "autoria": "Mesa Diretora", "texto_original": "http://sapl.pedroleopoldo.mg.leg.br/media/sapl/public/materialegislativa/2023/23219/projeto_de_resolucao_no_28-2023_-_alt_res_estagio.pdf", "ementa": "Altera a ementa e o art. 6\u00ba da Resolu\u00e7\u00e3o n\u00ba 656 de 16 de mar\u00e7o de 2009 que: \u201cInstitui o sistema de concess\u00e3o de bolsas de est\u00e1gio pela C\u00e2mara Municipal de Pedro Leopoldo a estudantes de n\u00edvel superior e d\u00e1 outras provid\u00eancias\u201d."}, {"id": "23224", "ano": "2023", "numero": "29", "tipo__sigla": "PRE", "tipo__descricao": "Projeto de Resolu\u00e7\u00e3o", "autoria": "Frederico Henrique Cota Alves (Fred Piau)", "texto_original": "http://sapl.pedroleopoldo.mg.leg.br/media/sapl/public/materialegislativa/2023/23224/projeto_de_resolucao_29-23.pdf", "ementa": "Concede T\u00edtulo de Cidad\u00e3o Honor\u00e1rio a M\u00e1rio Helen Ramon Ponchon."}, {"id": "23242", "ano": "2023", "numero": "30", "tipo__sigla": "PRE", "tipo__descricao": "Projeto de Resolu\u00e7\u00e3o", "autoria": "Mesa Diretora", "texto_original": "http://sapl.pedroleopoldo.mg.leg.br/media/sapl/public/materialegislativa/2023/23242/projeto_de_resolucao_30-2023_-_alt_860_-_consignados_camara.pdf", "ementa": "Altera a Resolu\u00e7\u00e3o 860, de 28 de mar\u00e7o de 2022, que \u201cDisp\u00f5e sobre as consigna\u00e7\u00f5es em folha de pagamento de servidores p\u00fablicos do Poder Legislativo do Munic\u00edpio de Pedro Leopoldo\u201d."}, {"id": "21064", "ano": "2023", "numero": "1", "tipo__sigla": "PROT", "tipo__descricao": "Protocolo", "autoria": "Frederico Henrique Cota Alves (Fred Piau)", "texto_original": "http://sapl.pedroleopoldo.mg.leg.br/media/", "ementa": "Requer informa\u00e7\u00f5es sobre o valor gasto para produ\u00e7\u00e3o e veicula\u00e7\u00e3o de propaganda em rede de televis\u00e3o. As informa\u00e7\u00f5es s\u00e3o referentes ao processo licitat\u00f3rio 147/2021, contrato 28/2022, modalidade concorr\u00eancia p\u00fablica, com a empresa contratada 2004 Publicidade e Propaganda LTDA."}, {"id": "21065", "ano": "2023", "numero": "2", "tipo__sigla": "PROT", "tipo__descricao": "Protocolo", "autoria": "Frederico Henrique Cota Alves (Fred Piau)", "texto_original": "http://sapl.pedroleopoldo.mg.leg.br/media/sapl/public/materialegislativa/2023/21065/protocolo_02-93-2023.docx", "ementa": "Disp\u00f5e sobre a utiliza\u00e7\u00e3o do cord\u00e3o de girassol como s\u00edmbolo para a identifica\u00e7\u00e3o da pessoa com defici\u00eancia oculta no Munic\u00edpio e d\u00e1 outras provid\u00eancias."}, {"id": "21066", "ano": "2023", "numero": "3", "tipo__sigla": "PROT", "tipo__descricao": "Protocolo", "autoria": "", "texto_original": "http://sapl.pedroleopoldo.mg.leg.br/media/", "ementa": "Institui o uso do colar de girassol como instrumento auxiliar de orienta\u00e7\u00e3o para identifica\u00e7\u00e3o de pessoas com defici\u00eancias ocultas, no Munic\u00edpio de Pedro Leopoldo, e d\u00e1 outras providencias."}, {"id": "21092", "ano": "2023", "numero": "4", "tipo__sigla": "PROT", "tipo__descricao": "Protocolo", "autoria": "Executivo", "texto_original": "http://sapl.pedroleopoldo.mg.leg.br/media/", "ementa": "Projeto de Lei : Denomina as Ruas 01, 02 e 03 do Loteamento Vesper Tri\u00e2ngulo, como Rua Maria Luiza Beliz\u00e1rio, Rua Dr. Roger Modiano e Rua L\u00edgia Belis\u00e1rio, respectivamente.\r\nAutoria: prefeita\r\nObs.: Em 10/01/23 foi enviado of\u00edcio 03/23 \u00e0 prefeita, solicitando complementa\u00e7\u00e3o dos documentos."}, {"id": "21093", "ano": "2023", "numero": "5", "tipo__sigla": "PROT", "tipo__descricao": "Protocolo", "autoria": "Leonardo Pereira Ribeiro (Leoz\u00e3o)", "texto_original": "http://sapl.pedroleopoldo.mg.leg.br/media/sapl/public/materialegislativa/2023/21093/protocolo_05-99-2023.docx", "ementa": "Disp\u00f5e sobre a obrigatoriedade de expedi\u00e7\u00e3o de receitas m\u00e9dicas e odontol\u00f3gicas digitadas em computador e d\u00e1 outras provid\u00eancias."}, {"id": "21094", "ano": "2023", "numero": "6", "tipo__sigla": "PROT", "tipo__descricao": "Protocolo", "autoria": "Leonardo Pereira Ribeiro (Leoz\u00e3o)", "texto_original": "http://sapl.pedroleopoldo.mg.leg.br/media/", "ementa": "Indica a emiss\u00e3o de credenciais de estacionamento com um valor acess\u00edvel, sem a obrigatoriedade de hor\u00e1rio para microempreendedores individuais - MEI."}, {"id": "21095", "ano": "2023", "numero": "7", "tipo__sigla": "PROT", "tipo__descricao": "Protocolo", "autoria": "Matheus Utsch de Oliveira", "texto_original": "http://sapl.pedroleopoldo.mg.leg.br/media/", "ementa": "Requer o comprovante do ISS pago ao Mineirinho Produ\u00e7\u00f5es, ou \u00e0 empresa equivalente, respons\u00e1vel pelo recebimento do show de anivers\u00e1rio da cidade com a Banda SPC."}, {"id": "21096", "ano": "2023", "numero": "8", "tipo__sigla": "PROT", "tipo__descricao": "Protocolo", "autoria": "Matheus Utsch de Oliveira", "texto_original": "http://sapl.pedroleopoldo.mg.leg.br/media/", "ementa": "Requer os projetos realizados pela Solar Engenharia: 5177/2022, 2996/2022, 2951/2022, 1780/2022, 1269/2022, 116/2022, 3836/2021 e 134/2016, 2714/2015, 2713/2015, 2712/2015, 2711/2015, 2710/2015, 1902/2014, 1901/2014, 1900/2014, 1899/2014."}, {"id": "21097", "ano": "2023", "numero": "9", "tipo__sigla": "PROT", "tipo__descricao": "Protocolo", "autoria": "Leonardo Pereira Ribeiro (Leoz\u00e3o)", "texto_original": "http://sapl.pedroleopoldo.mg.leg.br/media/", "ementa": "Indica Mo\u00e7\u00e3o de Parab\u00e9ns ao Padre Jos\u00e9 Genildo Silva Bezerra, pelos seus vinte e cinco anos de sacerd\u00f3cio, e pela bel\u00edssima miss\u00e3o de pastorear os fi\u00e9is que lhe foram confiados."}, {"id": "21098", "ano": "2023", "numero": "10", "tipo__sigla": "PROT", "tipo__descricao": "Protocolo", "autoria": "Cynthia Salom\u00e3o Bastos Faria", "texto_original": "http://sapl.pedroleopoldo.mg.leg.br/media/", "ementa": "INDICA ALTERAR A ROTA DO \u00d4NIBUS DA LINHA DE FIDALGO E QUINTA DO SUMIDOURO NA RUA PALESTINA, PASSANDO PELA RUA BELO HORIZONTE."}, {"id": "21099", "ano": "2023", "numero": "11", "tipo__sigla": "PROT", "tipo__descricao": "Protocolo", "autoria": "Cynthia Salom\u00e3o Bastos Faria", "texto_original": "http://sapl.pedroleopoldo.mg.leg.br/media/", "ementa": "Indica alterar a rota do \u00f4nibus da linha de Fidalgo e Quinta do Sumidouro, na Rua Joaquim Marcelino Filho, passando pelas ruas Paran\u00e1 e Cerrado."}, {"id": "21100", "ano": "2023", "numero": "12", "tipo__sigla": "PROT", "tipo__descricao": "Protocolo", "autoria": "Cynthia Salom\u00e3o Bastos Faria", "texto_original": "http://sapl.pedroleopoldo.mg.leg.br/media/", "ementa": "INDICA ALTERAR A ROTA DO \u00d4NIBUS DA LINHA DE FIDALGO E QUINTA DO SUMIDOURO, NA RUA FERN\u00c3O DIAS, PASSANDO PELA RUA DAS PALMEIRAS, JOAQUIM MARCELINO FILHO, NOVAMENTE PELA FERN\u00c3O DIAS E TRANQUILINO DE BASTOS."}, {"id": "21101", "ano": "2023", "numero": "13", "tipo__sigla": "PROT", "tipo__descricao": "Protocolo", "autoria": "Cynthia Salom\u00e3o Bastos Faria", "texto_original": "http://sapl.pedroleopoldo.mg.leg.br/media/", "ementa": "INDICA SERVI\u00c7O DE NIVELAMENTO COM PATROL NA RUA F\u00c1BIO MARQUES PEREIRA NA QUINTA DO SUMIDOURO."}, {"id": "21102", "ano": "2023", "numero": "14", "tipo__sigla": "PROT", "tipo__descricao": "Protocolo", "autoria": "Cynthia Salom\u00e3o Bastos Faria", "texto_original": "http://sapl.pedroleopoldo.mg.leg.br/media/", "ementa": "Indica a constru\u00e7\u00e3o de uma ondula\u00e7\u00e3o transversal na Estrada do Bebedouro com a Rua Herculano Soares de Oliveira, na Quinta do Sumidouro"}, {"id": "21103", "ano": "2023", "numero": "15", "tipo__sigla": "PROT", "tipo__descricao": "Protocolo", "autoria": "Mesa Diretora", "texto_original": "http://sapl.pedroleopoldo.mg.leg.br/media/", "ementa": "Projeto de Resolu\u00e7\u00e3o: Ficam transferidas, temporariamente, as reuni\u00f5es da C\u00e2mara Municipal para o audit\u00f3rio da Prefeitura de Pedro Leopoldo e d\u00e1 outras provid\u00eancias."}, {"id": "21125", "ano": "2023", "numero": "16", "tipo__sigla": "PROT", "tipo__descricao": "Protocolo", "autoria": "Mesa Diretora", "texto_original": "http://sapl.pedroleopoldo.mg.leg.br/media/", "ementa": "Altera a Lei Municipal n\u00ba 3.597, de 15 de abril de 2021, que \"Institui o Plano de Cargos, Carreiras e Vencimentos dos servidores p\u00fablicos do Poder Legislativo do Munic\u00edpio de Pedro Leopoldo e d\u00e1 provid\u00eancias\", e disp\u00f5e sobre o reajuste dos vencimentos de seus servidores e dos subs\u00eddios de seus agentes p\u00fablicos."}, {"id": "21126", "ano": "2023", "numero": "17", "tipo__sigla": "PROT", "tipo__descricao": "Protocolo", "autoria": "Mesa Diretora", "texto_original": "http://sapl.pedroleopoldo.mg.leg.br/media/sapl/public/materialegislativa/2023/21126/projeto_de_lei_no_03-2023.pdf", "ementa": "Autoriza abertura de cr\u00e9dito especial no or\u00e7amento da C\u00e2mara Municipal de Pedro Leopoldo, e d\u00e1 outras provid\u00eancias."}, {"id": "21128", "ano": "2023", "numero": "18", "tipo__sigla": "PROT", "tipo__descricao": "Protocolo", "autoria": "Mesa Diretora", "texto_original": "http://sapl.pedroleopoldo.mg.leg.br/media/", "ementa": "Regulamenta a concess\u00e3o de di\u00e1rias de viagens e reembolso de despesas em deslocamento de agentes p\u00fablicos e estagi\u00e1rios da C\u00e2mara Municipal de Pedro Leopoldo e d\u00e1 outras provid\u00eancias."}, {"id": "21130", "ano": "2023", "numero": "19", "tipo__sigla": "PROT", "tipo__descricao": "Protocolo", "autoria": "Executivo", "texto_original": "http://sapl.pedroleopoldo.mg.leg.br/media/", "ementa": "VETO PARCIAL AO PROJETO DE LEI N\u00ba 50/2022 \u2013 Disp\u00f5e sobre a Pol\u00edtica de Aten\u00e7\u00e3o Integral \u00e0 Sa\u00fade das Pessoas com Doen\u00e7as Raras no Munic\u00edpio."}, {"id": "21132", "ano": "2023", "numero": "20", "tipo__sigla": "PROT", "tipo__descricao": "Protocolo", "autoria": "Evaldo Geraldo do Carmo (Evaldo do A\u00e7ougue)", "texto_original": "http://sapl.pedroleopoldo.mg.leg.br/media/", "ementa": "Indica a instala\u00e7\u00e3o de brinquedos (parquinho/playground) na Pra\u00e7a Jos\u00e9 Ant\u00f4nio Figueiredo, localizada no Bairro Dom Camilo, entre as ruas: Moacir Alonso Reis, Arlindo de Castro Mirante e Joaquim T. Dias."}, {"id": "21133", "ano": "2023", "numero": "21", "tipo__sigla": "PROT", "tipo__descricao": "Protocolo", "autoria": "Evaldo Geraldo do Carmo (Evaldo do A\u00e7ougue)", "texto_original": "http://sapl.pedroleopoldo.mg.leg.br/media/", "ementa": "Indica o recapeamento asf\u00e1ltico em toda a extens\u00e3o da Rua Elvira Michelin, no Parque Agenor Teixeira, neste munic\u00edpio."}, {"id": "21134", "ano": "2023", "numero": "22", "tipo__sigla": "PROT", "tipo__descricao": "Protocolo", "autoria": "Cynthia Salom\u00e3o Bastos Faria", "texto_original": "http://sapl.pedroleopoldo.mg.leg.br/media/", "ementa": "Indica a redu\u00e7\u00e3o da carga hor\u00e1ria do cargo de Monitor da Educa\u00e7\u00e3o das unidades escolares, mantidas pelo poder p\u00fablico municipal."}, {"id": "21135", "ano": "2023", "numero": "23", "tipo__sigla": "PROT", "tipo__descricao": "Protocolo", "autoria": "Cynthia Salom\u00e3o Bastos Faria", "texto_original": "http://sapl.pedroleopoldo.mg.leg.br/media/", "ementa": "Indica igualar, nas institui\u00e7\u00f5es de ensino, a carga hor\u00e1ria do cargo de Auxiliar de Servi\u00e7os Gerais da educa\u00e7\u00e3o, com a carga hor\u00e1ria do cargo de Auxiliar de Escola."}, {"id": "21136", "ano": "2023", "numero": "24", "tipo__sigla": "PROT", "tipo__descricao": "Protocolo", "autoria": "Cynthia Salom\u00e3o Bastos Faria", "texto_original": "http://sapl.pedroleopoldo.mg.leg.br/media/", "ementa": "Indica interven\u00e7\u00f5es para melhoria e seguran\u00e7a no tr\u00e2nsito do entroncamento da Ruas Senador Melo Viana com Rua Salgado Filho. De imediato, sugiro as seguintes interven\u00e7\u00f5es: \r\n\u2022 instala\u00e7\u00e3o de Placa de Regulamenta\u00e7\u00e3o R-1 (Parada Obrigat\u00f3ria);\r\n\u2022 sinaliza\u00e7\u00e3o horizontal;\r\n\u2022 pintura de faixas de pedestres;\r\n\u2022 constru\u00e7\u00e3o de uma rotat\u00f3ria."}, {"id": "21137", "ano": "2023", "numero": "25", "tipo__sigla": "PROT", "tipo__descricao": "Protocolo", "autoria": "Cynthia Salom\u00e3o Bastos Faria", "texto_original": "http://sapl.pedroleopoldo.mg.leg.br/media/", "ementa": "Indica a constru\u00e7\u00e3o de um parquinho (playground) na Pra\u00e7a Jos\u00e9 Pereira da Concei\u00e7\u00e3o em Fidalgo."}, {"id": "21138", "ano": "2023", "numero": "26", "tipo__sigla": "PROT", "tipo__descricao": "Protocolo", "autoria": "Cynthia Salom\u00e3o Bastos Faria", "texto_original": "http://sapl.pedroleopoldo.mg.leg.br/media/", "ementa": "Indica a constru\u00e7\u00e3o de um parquinho na Pra\u00e7a Fern\u00e3o Dias, na Quinta do Sumidouro."}, {"id": "21139", "ano": "2023", "numero": "27", "tipo__sigla": "PROT", "tipo__descricao": "Protocolo", "autoria": "Leonardo Pereira Ribeiro (Leoz\u00e3o)", "texto_original": "http://sapl.pedroleopoldo.mg.leg.br/media/", "ementa": "Indica a implanta\u00e7\u00e3o de computadores nas redes b\u00e1sicas de sa\u00fade, para que as receitas m\u00e9dicas sejam digitadas e impressas para os pacientes."}, {"id": "21140", "ano": "2023", "numero": "28", "tipo__sigla": "PROT", "tipo__descricao": "Protocolo", "autoria": "Cynthia Salom\u00e3o Bastos Faria", "texto_original": "http://sapl.pedroleopoldo.mg.leg.br/media/", "ementa": "Indica \u00e0 Excelent\u00edssima Senhora Prefeita determinar ao setor competente encaminhar Projeto de Lei \u00e0 C\u00e2mara com a finalidade de conceder isen\u00e7\u00e3o, desconto ou incentivo fiscal do Imposto Predial e Territorial urbano \u2013 IPTU \u2013 a empresas que contratarem mulheres v\u00edtimas de viol\u00eancia dom\u00e9stica."}, {"id": "21141", "ano": "2023", "numero": "29", "tipo__sigla": "PROT", "tipo__descricao": "Protocolo", "autoria": "Cynthia Salom\u00e3o Bastos Faria, Eldir Jos\u00e9 Batista (Baixinho da Garagem), Evaldo Geraldo do Carmo (Evaldo do A\u00e7ougue), Frederico Henrique Cota Alves (Fred Piau), Guilherme de Lima Braga (Guilherme do Doce), Leonardo Pereira Ribeiro (Leoz\u00e3o), Matheus Utsch de Oliveira, Mauro J\u00fanior Lopes Francisco, Rafael Vieira Faria (Rafa), Warlen Alves da Silva", "texto_original": "http://sapl.pedroleopoldo.mg.leg.br/media/", "ementa": "PROJETO DE RESOLU\u00c7\u00c3O\r\nDenomina de Vereador Jos\u00e9 Justino Pires Damaso \u2013 o Centro de Aten\u00e7\u00e3o ao Cidad\u00e3o."}, {"id": "21142", "ano": "2023", "numero": "30", "tipo__sigla": "PROT", "tipo__descricao": "Protocolo", "autoria": "Matheus Utsch de Oliveira", "texto_original": "http://sapl.pedroleopoldo.mg.leg.br/media/", "ementa": "Requer informa\u00e7\u00f5es sobre a previs\u00e3o de in\u00edcio do reparo do telhado do CEPPEL."}, {"id": "21143", "ano": "2023", "numero": "31", "tipo__sigla": "PROT", "tipo__descricao": "Protocolo", "autoria": "Matheus Utsch de Oliveira", "texto_original": "http://sapl.pedroleopoldo.mg.leg.br/media/", "ementa": "Requer o cronograma de Pavimenta\u00e7\u00e3o do Centro, conforme novas demandas e or\u00e7amento da Lei Or\u00e7ament\u00e1ria Anual - LOA."}, {"id": "21144", "ano": "2023", "numero": "32", "tipo__sigla": "PROT", "tipo__descricao": "Protocolo", "autoria": "Warlen Alves da Silva", "texto_original": "http://sapl.pedroleopoldo.mg.leg.br/media/sapl/public/materialegislativa/2023/21144/medalha_chico_xavier_ao_sr._wilson_marques_da_silva.docx", "ementa": "PROJETO DE RESOLU\u00c7\u00c3O\r\nConcede Medalha Chico Xavier ao Sr. Wilson Marques da Silva e d\u00e1 outras provid\u00eancias."}, {"id": "21145", "ano": "2023", "numero": "33", "tipo__sigla": "PROT", "tipo__descricao": "Protocolo", "autoria": "Guilherme de Lima Braga (Guilherme do Doce)", "texto_original": "http://sapl.pedroleopoldo.mg.leg.br/media/", "ementa": "N\u00c3O PODE, POIS J\u00c1 EXISTE A Indica\u00e7\u00e3o n\u00ba 332 de 2022 DE RAFAEL VIEIRA FARIA\r\nIndica obras de desassoreamento no Ribeir\u00e3o localizado no Bairro Donato."}, {"id": "21146", "ano": "2023", "numero": "34", "tipo__sigla": "PROT", "tipo__descricao": "Protocolo", "autoria": "Leonardo Pereira Ribeiro (Leoz\u00e3o)", "texto_original": "http://sapl.pedroleopoldo.mg.leg.br/media/", "ementa": "Indica a elabora\u00e7\u00e3o de um projeto de lei sobre os seguintes assuntos: Glowing line, fotoluminescentes, luz solar."}, {"id": "21149", "ano": "2023", "numero": "35", "tipo__sigla": "PROT", "tipo__descricao": "Protocolo", "autoria": "Leonardo Pereira Ribeiro (Leoz\u00e3o)", "texto_original": "http://sapl.pedroleopoldo.mg.leg.br/media/", "ementa": "VOTO DE PESAR PARA: WALISON BATISTA ANDRADE \r\n\r\nENVIAR PARA: SUA M\u00c3E, SIMONE BATISTA FERREIRA\r\n\r\nENDERE\u00c7O: RUA G, 17 - TEOT\u00d4NIO BATISTA DE FREITAS."}, {"id": "21150", "ano": "2023", "numero": "36", "tipo__sigla": "PROT", "tipo__descricao": "Protocolo", "autoria": "Eldir Jos\u00e9 Batista (Baixinho da Garagem)", "texto_original": "http://sapl.pedroleopoldo.mg.leg.br/media/", "ementa": "Indico a retirada do sem\u00e1foro localizado \u00e0 Rua Comendador Antonio Alves esquina com a Pra\u00e7a Dr Senra, no centro de Pedro Leopoldo e ver a possibilidade de coloc\u00e1-lo na rotat\u00f3ria da Rua Ver. Magno Claret Vieira com Av: Camilo Alves da Silva, em Lagoa Santo Antonio."}, {"id": "21151", "ano": "2023", "numero": "37", "tipo__sigla": "PROT", "tipo__descricao": "Protocolo", "autoria": "Evaldo Geraldo do Carmo (Evaldo do A\u00e7ougue)", "texto_original": "http://sapl.pedroleopoldo.mg.leg.br/media/", "ementa": "INDICA\u00c7\u00c3O, para providenciar a limpeza e capina em toda extens\u00e3o da Rua: Ant\u00f4nio de Melo, no Bairro Lagoa de Santo Ant\u00f4nio, neste munic\u00edpio."}, {"id": "21152", "ano": "2023", "numero": "38", "tipo__sigla": "PROT", "tipo__descricao": "Protocolo", "autoria": "Evaldo Geraldo do Carmo (Evaldo do A\u00e7ougue)", "texto_original": "http://sapl.pedroleopoldo.mg.leg.br/media/", "ementa": "INDICA\u00c7\u00c3O,  providenciar opera\u00e7\u00e3o tapa buracos na Rua Vereador Magno Claret, esquina com a Rua Wenceslau Br\u00e1s, pr\u00f3ximo ao n\u00famero 990 a 1310, no bairro Lagoa de Santo Ant\u00f4nio, neste Munic\u00edpio"}, {"id": "21158", "ano": "2023", "numero": "39", "tipo__sigla": "PROT", "tipo__descricao": "Protocolo", "autoria": "Frederico Henrique Cota Alves (Fred Piau)", "texto_original": "http://sapl.pedroleopoldo.mg.leg.br/media/", "ementa": "No uso de minhas atribui\u00e7\u00f5es regimentais, requeiro \u00e0 Excelent\u00edssima Senhora Prefeita qual o Desfecho da liga\u00e7\u00e3o da rede de esgoto no Bairro morada dos Hibiscos e quando, de fato, teremos as liga\u00e7\u00f5es sendo feitas?"}, {"id": "21159", "ano": "2023", "numero": "40", "tipo__sigla": "PROT", "tipo__descricao": "Protocolo", "autoria": "Frederico Henrique Cota Alves (Fred Piau)", "texto_original": "http://sapl.pedroleopoldo.mg.leg.br/media/", "ementa": "No uso de minhas atribui\u00e7\u00f5es regimentais, requeiro \u00e0 Excelent\u00edssima Senhora Prefeita Levantamento do ICMS (valores arrecadados e a serem arrecadados), programa\u00e7\u00e3o da Secretaria do esporte em 2023, in\u00edcio da implementa\u00e7\u00e3o da Escola de Campe\u00f5es (projeto para os esportes especializados) e, por fim, Programa\u00e7\u00e3o das obras do Ceppel."}, {"id": "21160", "ano": "2023", "numero": "41", "tipo__sigla": "PROT", "tipo__descricao": "Protocolo", "autoria": "Frederico Henrique Cota Alves (Fred Piau)", "texto_original": "http://sapl.pedroleopoldo.mg.leg.br/media/", "ementa": "No uso de minhas atribui\u00e7\u00f5es regimentais, requeiro \u00e0 Excelent\u00edssima Senhora Prefeita Previs\u00e3o de funcionamento em sua totalidade no Centro Integrado Dr. Joao Indiano e o motivo pelo qual ainda n\u00e3o foi feito."}, {"id": "21161", "ano": "2023", "numero": "42", "tipo__sigla": "PROT", "tipo__descricao": "Protocolo", "autoria": "Cynthia Salom\u00e3o Bastos Faria", "texto_original": "http://sapl.pedroleopoldo.mg.leg.br/media/", "ementa": "INSTITUI NO MUNIC\u00cdPIO DE PEDRO LEOPOLDO O DIREITO DO CONTRIBUINTE DE TER ACESSO A MEIOS E FORMAS DE PAGAMENTO DIGITAL, TAIS COMO PIX E TRANSFER\u00caNCIA BANC\u00c1RIA, PARA QUITA\u00c7\u00c3O DE D\u00c9BITOS DE NATUREZA TRIBUT\u00c1RIA, TAXAS E CONTRIBUI\u00c7\u00d5ES.\r\nObs: Aguardar a elabora\u00e7\u00e3o do Projeto."}, {"id": "21162", "ano": "2023", "numero": "43", "tipo__sigla": "PROT", "tipo__descricao": "Protocolo", "autoria": "Cynthia Salom\u00e3o Bastos Faria", "texto_original": "http://sapl.pedroleopoldo.mg.leg.br/media/", "ementa": "Indica que os professores de educa\u00e7\u00e3o b\u00e1sica (CEMAI) possam ter o direito da extens\u00e3o de carga hor\u00e1ria: cumprimento tempor\u00e1rio e opcional de jornada de trabalho que est\u00e1 al\u00e9m do limite estabelecido em lei."}, {"id": "21163", "ano": "2023", "numero": "44", "tipo__sigla": "PROT", "tipo__descricao": "Protocolo", "autoria": "Cynthia Salom\u00e3o Bastos Faria", "texto_original": "http://sapl.pedroleopoldo.mg.leg.br/media/", "ementa": "Indica que os Professores de Educa\u00e7\u00e3o B\u00e1sica I possam ter o direito da adequa\u00e7\u00e3o de carga hor\u00e1ria: cumprimento obrigat\u00f3rio de jornada de trabalho excedente ao estabelecido pela lei, por exig\u00eancia curricular."}, {"id": "21164", "ano": "2023", "numero": "45", "tipo__sigla": "PROT", "tipo__descricao": "Protocolo", "autoria": "Cynthia Salom\u00e3o Bastos Faria", "texto_original": "http://sapl.pedroleopoldo.mg.leg.br/media/", "ementa": "Indica \u00e0 Excelent\u00edssima Senhora Prefeita que solicite \u00e0 Expresso Unir que retome o hor\u00e1rio de \u00f4nibus das 17h05m da rodovi\u00e1ria sentido Quinta do Sumidouro."}, {"id": "21165", "ano": "2023", "numero": "46", "tipo__sigla": "PROT", "tipo__descricao": "Protocolo", "autoria": "Cynthia Salom\u00e3o Bastos Faria", "texto_original": "http://sapl.pedroleopoldo.mg.leg.br/media/", "ementa": "Indica a pavimenta\u00e7\u00e3o asf\u00e1ltica da Rua Nossa Senhora do Ros\u00e1rio, no Bairro Quinta do Sumidouro."}, {"id": "21166", "ano": "2023", "numero": "47", "tipo__sigla": "PROT", "tipo__descricao": "Protocolo", "autoria": "Leonardo Pereira Ribeiro (Leoz\u00e3o)", "texto_original": "http://sapl.pedroleopoldo.mg.leg.br/media/", "ementa": "VOTO DE PESAR PARA: EFIG\u00caNIA BATISTA FELIX\r\n\r\nENVIAR PARA: VAL\u00c9RIA BATISTA RODRIGUES\r\n\r\nENDERE\u00c7O: RUA, JOS\u00c9 RODRIGUES, N\u00ba 133 LAGOA DE SANTO ANT\u00d4NIO\r\nCEP: 33252-502"}, {"id": "21167", "ano": "2023", "numero": "48", "tipo__sigla": "PROT", "tipo__descricao": "Protocolo", "autoria": "Rafael Vieira Faria (Rafa)", "texto_original": "http://sapl.pedroleopoldo.mg.leg.br/media/", "ementa": "Indica o recapeamento da Rua Expedicion\u00e1rio Rui Ant\u00f4nio da Silva, situada no Bairro Santo Ant\u00f4nio da Barra."}, {"id": "21168", "ano": "2023", "numero": "49", "tipo__sigla": "PROT", "tipo__descricao": "Protocolo", "autoria": "Matheus Utsch de Oliveira", "texto_original": "http://sapl.pedroleopoldo.mg.leg.br/media/", "ementa": "Requer as seguintes informa\u00e7\u00f5es sobre a pavimenta\u00e7\u00e3o asf\u00e1ltica da Rua Esporte:\r\n1 \u2013 se foi solucionado o problema de esgoto antes de pavimentar com asfalto;\r\n2 \u2013 se a Companhia de Saneamento de Minas Gerais (Copasa-MG) foi informada sobre o referido problema ou qual o procedimento formal foi realizado;\r\n3 \u2013 se h\u00e1 riscos de obras posteriores \u00e0 pavimenta\u00e7\u00e3o asf\u00e1ltica de imediato."}, {"id": "21169", "ano": "2023", "numero": "50", "tipo__sigla": "PROT", "tipo__descricao": "Protocolo", "autoria": "Rafael Vieira Faria (Rafa)", "texto_original": "http://sapl.pedroleopoldo.mg.leg.br/media/", "ementa": "Voto de Pesar pelo Falecimento do Sr. Demilcio Izabel Ven\u00e2ncio - Encaminhar para a esposa Josiane Ros\u00e2ngela Ferreira Ven\u00e2ncio - Rua do Mirante, n\u00ba 104 Condom\u00ednio Lajinha - Cep 33250-426 - Pedro Leopoldo-MG"}, {"id": "21170", "ano": "2023", "numero": "51", "tipo__sigla": "PROT", "tipo__descricao": "Protocolo", "autoria": "Matheus Utsch de Oliveira", "texto_original": "http://sapl.pedroleopoldo.mg.leg.br/media/", "ementa": "No uso de minhas atribui\u00e7\u00f5es regimentais, requeiro \u00e0 Excelent\u00edssima Prefeita informa\u00e7\u00f5es sobre a utiliza\u00e7\u00e3o da emenda impositiva para a publica\u00e7\u00e3o de livro destinada \u00e0 Secretaria de Cultura."}, {"id": "21176", "ano": "2023", "numero": "52", "tipo__sigla": "PROT", "tipo__descricao": "Protocolo", "autoria": "Rafael Vieira Faria (Rafa)", "texto_original": "http://sapl.pedroleopoldo.mg.leg.br/media/", "ementa": "No uso de minhas atribui\u00e7\u00f5es, apresentar indica\u00e7\u00e3o, sugerindo ao Poder Executivo a aquisi\u00e7\u00e3o de 04 (quatro) computadores e 01 (uma) impressora para serem instalados na Escola Municipal Santo Ant\u00f4nio da Barra."}, {"id": "21177", "ano": "2023", "numero": "53", "tipo__sigla": "PROT", "tipo__descricao": "Protocolo", "autoria": "Matheus Utsch de Oliveira", "texto_original": "http://sapl.pedroleopoldo.mg.leg.br/media/", "ementa": "Disp\u00f5e sobre a obrigatoriedade das cl\u00ednicas veterin\u00e1rias, Pet Shops e outros estabelecimentos assemelhados que recebam e fa\u00e7am tratamento M\u00e9dico veterin\u00e1rio em comunicar a Delegacia competente o recebimento de casos de animais dom\u00e9sticos ou domesticados em situa\u00e7\u00e3o de maus-tratos."}, {"id": "21178", "ano": "2023", "numero": "54", "tipo__sigla": "PROT", "tipo__descricao": "Protocolo", "autoria": "Cynthia Salom\u00e3o Bastos Faria", "texto_original": "http://sapl.pedroleopoldo.mg.leg.br/media/", "ementa": "Indica conceder Mo\u00e7\u00e3o de Parab\u00e9ns \u00e0 jovem Evilly L\u00edvia Silva Fonseca, pelo excelente desempenho nos campeonatos de xadrez no Estado de Minas Gerais."}, {"id": "21179", "ano": "2023", "numero": "55", "tipo__sigla": "PROT", "tipo__descricao": "Protocolo", "autoria": "Cynthia Salom\u00e3o Bastos Faria", "texto_original": "http://sapl.pedroleopoldo.mg.leg.br/media/", "ementa": "Indica conceder Mo\u00e7\u00e3o de Parab\u00e9ns ao professor Alain Mendon\u00e7a Pereira, pelo excelente trabalho que vem desempenhando na tarefa de ensinar e educar."}, {"id": "21180", "ano": "2023", "numero": "56", "tipo__sigla": "PROT", "tipo__descricao": "Protocolo", "autoria": "Rafael Vieira Faria (Rafa)", "texto_original": "http://sapl.pedroleopoldo.mg.leg.br/media/", "ementa": "No uso de minhas atribui\u00e7\u00f5es, apresentar indica\u00e7\u00e3o, sugerindo ao Poder Executivo, a implanta\u00e7\u00e3o de posto avan\u00e7ado do corpo de bombeiros, proporcionando, al\u00e9m de desenvolvimento, seguran\u00e7a \u00e0 vida e ao meio ambiente, promovendo a valoriza\u00e7\u00e3o da coletividade."}, {"id": "21181", "ano": "2023", "numero": "57", "tipo__sigla": "PROT", "tipo__descricao": "Protocolo", "autoria": "Rafael Vieira Faria (Rafa)", "texto_original": "http://sapl.pedroleopoldo.mg.leg.br/media/", "ementa": "No uso de minhas atribui\u00e7\u00f5es, apresentar indica\u00e7\u00e3o, sugerindo ao Poder Executivo o recapeamento da Rua S\u00e3o Vicente, situada no Bairro Santo Ant\u00f4nio da Barra."}, {"id": "21182", "ano": "2023", "numero": "58", "tipo__sigla": "PROT", "tipo__descricao": "Protocolo", "autoria": "Rafael Vieira Faria (Rafa)", "texto_original": "http://sapl.pedroleopoldo.mg.leg.br/media/", "ementa": "Indica ao Poder Executivo o recapeamento da rua Geraldo Braz Moreira, situada no bairro Santo Ant\u00f4nio da Barra, recuperando toda a camada asf\u00e1ltica."}, {"id": "21184", "ano": "2023", "numero": "59", "tipo__sigla": "PROT", "tipo__descricao": "Protocolo", "autoria": "Rafael Vieira Faria (Rafa)", "texto_original": "http://sapl.pedroleopoldo.mg.leg.br/media/", "ementa": "No uso de minhas atribui\u00e7\u00f5es, venho apresentar a presente indica\u00e7\u00e3o, sugerindo ao Poder Executivo o recapeamento da Rua Domingos Sorrentino, situada no bairro Santo Ant\u00f4nio da Barra, consoante justificativa em anexo."}, {"id": "21183", "ano": "2023", "numero": "60", "tipo__sigla": "PROT", "tipo__descricao": "Protocolo", "autoria": "Rafael Vieira Faria (Rafa)", "texto_original": "http://sapl.pedroleopoldo.mg.leg.br/media/", "ementa": "Indica ao Poder Executivo o recapeamento da rua Te\u00f3filo Calazans, situada no bairro Santo Ant\u00f4nio da Barra, conforme justificativa em anexo."}, {"id": "21185", "ano": "2023", "numero": "61", "tipo__sigla": "PROT", "tipo__descricao": "Protocolo", "autoria": "Cynthia Salom\u00e3o Bastos Faria", "texto_original": "http://sapl.pedroleopoldo.mg.leg.br/media/", "ementa": "COLOCAR PISO DE CIMENTO NO PARQUINHO DO CEMAI EUG\u00caNIA DE BASTOS NO DISTRITO DE FIDALGO/PL."}, {"id": "21186", "ano": "2023", "numero": "62", "tipo__sigla": "PROT", "tipo__descricao": "Protocolo", "autoria": "Cynthia Salom\u00e3o Bastos Faria", "texto_original": "http://sapl.pedroleopoldo.mg.leg.br/media/", "ementa": "DETERMINAR AO SETOR COMPETENTE UM ESTUDO PARA VERIFICAR A POSSIBILIDADE DE  CONSTRU\u00c7\u00c3O DE UM CEMIT\u00c9RIO NO DISTRITO DE FIDALGO/PL."}, {"id": "21187", "ano": "2023", "numero": "63", "tipo__sigla": "PROT", "tipo__descricao": "Protocolo", "autoria": "Cynthia Salom\u00e3o Bastos Faria", "texto_original": "http://sapl.pedroleopoldo.mg.leg.br/media/", "ementa": "QUE SEJA INCLU\u00cdDO NO PLANO DE CARREIRAS E REMUNERA\u00c7\u00c3O DOS SERVIDORES DA EDUCA\u00c7\u00c3O DE PEDRO LEOPOLDO A OP\u00c7\u00c3O DE EXTENS\u00c3O DA CARGA HOR\u00c1RIA (DOBRA) PARA OS CARGOS DE PEB."}, {"id": "21188", "ano": "2023", "numero": "64", "tipo__sigla": "PROT", "tipo__descricao": "Protocolo", "autoria": "Rafael Vieira Faria (Rafa)", "texto_original": "http://sapl.pedroleopoldo.mg.leg.br/media/", "ementa": "No uso de minhas atribui\u00e7\u00f5es apresentar a presente indica\u00e7\u00e3o, sugerindo ao Poder Executivo a realiza\u00e7\u00e3o da obra de recapeamento da Rua Suzana Passos, regi\u00e3o Sul de Pedro Leopoldo."}, {"id": "21189", "ano": "2023", "numero": "65", "tipo__sigla": "PROT", "tipo__descricao": "Protocolo", "autoria": "Cynthia Salom\u00e3o Bastos Faria", "texto_original": "http://sapl.pedroleopoldo.mg.leg.br/media/", "ementa": "QUE SEJA INSTITU\u00cdDO NO PLANO DE CARREIRAS E REMUNERA\u00c7\u00c3O DOS SERVIDORES DA EDUCA\u00c7\u00c3O DE PEDRO LEOPOLDO UMA \u00daNICA NOMENCLATURA PARA OS CARGOS DE PROFESSORES DE EDUCA\u00c7\u00c3O B\u00c1SICA I, TANTO PARA QUEM TRABALHA EM ESCOLA QUANTO NO CEMAI OU ALTERAR PARA PROFESSOR I - EDUCA\u00c7\u00c3O INFANTIL E S\u00c9RIES INICIAIS DO ENSINO FUNDAMENTAL."}, {"id": "21190", "ano": "2023", "numero": "66", "tipo__sigla": "PROT", "tipo__descricao": "Protocolo", "autoria": "Cynthia Salom\u00e3o Bastos Faria", "texto_original": "http://sapl.pedroleopoldo.mg.leg.br/media/", "ementa": "VERIFICAR AO SETOR COMPETENTE A POSSIBILIDADE DE REALIZAR A PODA DE UMA \u00c1RVORE NA RUA DA RIBEIRA, PR\u00d3XIMO AO N\u00daMERO 2.580, NO DISTRITO DE FIDALGO/PL."}, {"id": "21191", "ano": "2023", "numero": "67", "tipo__sigla": "PROT", "tipo__descricao": "Protocolo", "autoria": "Matheus Utsch de Oliveira", "texto_original": "http://sapl.pedroleopoldo.mg.leg.br/media/", "ementa": "No uso de minhas atribui\u00e7\u00f5es regimentais, requeiro \u00e0 Excelent\u00edssima Prefeita informa\u00e7\u00f5es sobre a utiliza\u00e7\u00e3o da emenda impositiva para a publica\u00e7\u00e3o de livro destinada \u00e0 Secretaria de Cultura."}, {"id": "21192", "ano": "2023", "numero": "68", "tipo__sigla": "PROT", "tipo__descricao": "Protocolo", "autoria": "Matheus Utsch de Oliveira", "texto_original": "http://sapl.pedroleopoldo.mg.leg.br/media/", "ementa": "No uso de minhas atribui\u00e7\u00f5es regimentais, requeiro \u00e0 Excelent\u00edssima Prefeita informa\u00e7\u00f5es e c\u00f3pias de todas as notifica\u00e7\u00f5es e a\u00e7\u00f5es jur\u00eddicas da Prefeitura contra a Copasa no ano de 2022."}, {"id": "21193", "ano": "2023", "numero": "69", "tipo__sigla": "PROT", "tipo__descricao": "Protocolo", "autoria": "Matheus Utsch de Oliveira", "texto_original": "http://sapl.pedroleopoldo.mg.leg.br/media/", "ementa": "No uso de minhas atribui\u00e7\u00f5es regimentais, requeiro \u00e0 Excelent\u00edssima Prefeita informa\u00e7\u00f5es sobre as medidas e os valores gastos com opera\u00e7\u00f5es tapa buracos e pavimenta\u00e7\u00f5es em 2022."}, {"id": "21194", "ano": "2023", "numero": "70", "tipo__sigla": "PROT", "tipo__descricao": "Protocolo", "autoria": "Matheus Utsch de Oliveira", "texto_original": "http://sapl.pedroleopoldo.mg.leg.br/media/", "ementa": "No uso de minhas atribui\u00e7\u00f5es regimentais, requeiro \u00e0 Excelent\u00edssima Prefeita informa\u00e7\u00f5es e c\u00f3pias do \u00faltimo laudo da Vigil\u00e2ncia Sanit\u00e1ria sobre o PA."}, {"id": "21195", "ano": "2023", "numero": "71", "tipo__sigla": "PROT", "tipo__descricao": "Protocolo", "autoria": "Matheus Utsch de Oliveira", "texto_original": "http://sapl.pedroleopoldo.mg.leg.br/media/", "ementa": "No uso de minhas atribui\u00e7\u00f5es regimentais, requeiro \u00e0 Excelent\u00edssima Prefeita informa\u00e7\u00f5es e c\u00f3pias de documentos gerados na limpeza do telhado e manuten\u00e7\u00e3o do PA."}, {"id": "21196", "ano": "2023", "numero": "72", "tipo__sigla": "PROT", "tipo__descricao": "Protocolo", "autoria": "Matheus Utsch de Oliveira", "texto_original": "http://sapl.pedroleopoldo.mg.leg.br/media/", "ementa": "No uso de minhas atribui\u00e7\u00f5es regimentais, requeiro \u00e0 Excelent\u00edssima Prefeita informa\u00e7\u00f5es sobre a previs\u00e3o de regulariza\u00e7\u00e3o fundi\u00e1ria no ano de 2023."}, {"id": "21197", "ano": "2023", "numero": "73", "tipo__sigla": "PROT", "tipo__descricao": "Protocolo", "autoria": "Matheus Utsch de Oliveira", "texto_original": "http://sapl.pedroleopoldo.mg.leg.br/media/", "ementa": "No uso de minhas atribui\u00e7\u00f5es regimentais, requeiro \u00e0 Excelent\u00edssima Prefeita informa\u00e7\u00f5es conforme item 2.10 do contrato 025/2022 do Rotativo, o relat\u00f3rio de Monitoramento e Controle do sistema desde sua implanta\u00e7\u00e3o, se poss\u00edvel, m\u00eas a m\u00eas em Excel, e toda receita da utiliza\u00e7\u00e3o de cr\u00e9ditos no per\u00edodo."}, {"id": "21198", "ano": "2023", "numero": "74", "tipo__sigla": "PROT", "tipo__descricao": "Protocolo", "autoria": "Matheus Utsch de Oliveira", "texto_original": "http://sapl.pedroleopoldo.mg.leg.br/media/", "ementa": "No uso de minhas atribui\u00e7\u00f5es regimentais, requeiro \u00e0 Excelent\u00edssima Senhora Prefeita todos os documentos e relat\u00f3rios da Lei n\u00ba 3.641 de 27 de dezembro de 2021, incluindo os do Sistema de Bilhetagem Eletr\u00f4nica no per\u00edodo de 2022."}, {"id": "21199", "ano": "2023", "numero": "75", "tipo__sigla": "PROT", "tipo__descricao": "Protocolo", "autoria": "Cynthia Salom\u00e3o Bastos Faria", "texto_original": "http://sapl.pedroleopoldo.mg.leg.br/media/", "ementa": "REALIZAR A PODA DE UMA \u00c1RVORE NA RUA DA RIBEIRA, PR\u00d3XIMO AO N\u00daMERO 2.580, NO DISTRITO DE FIDALGO/PL."}, {"id": "21200", "ano": "2023", "numero": "76", "tipo__sigla": "PROT", "tipo__descricao": "Protocolo", "autoria": "Warlen Alves da Silva", "texto_original": "http://sapl.pedroleopoldo.mg.leg.br/media/", "ementa": "No uso de minhas atribui\u00e7\u00f5es regimentais, indico \u00e0 Excelent\u00edssima Senhora Prefeita determinar ao setor competente para que providencie o recapeamento asf\u00e1ltico em toda extens\u00e3o da rua H\u00e9lio Viana Nery, no centro da cidade."}, {"id": "21201", "ano": "2023", "numero": "77", "tipo__sigla": "PROT", "tipo__descricao": "Protocolo", "autoria": "Rafael Vieira Faria (Rafa)", "texto_original": "http://sapl.pedroleopoldo.mg.leg.br/media/", "ementa": "Indica ao Poder Executivo a reforma do telhado da Unidade B\u00e1sica de Sa\u00fade Santo Ant\u00f4nio, situada na Avenida Comendador Ant\u00f4nio Alves, Bairro Santo Ant\u00f4nio, consoante justificativa em anexo."}, {"id": "21202", "ano": "2023", "numero": "78", "tipo__sigla": "PROT", "tipo__descricao": "Protocolo", "autoria": "Rafael Vieira Faria (Rafa)", "texto_original": "http://sapl.pedroleopoldo.mg.leg.br/media/", "ementa": "No uso de minhas atribui\u00e7\u00f5es, apresentar indica\u00e7\u00e3o, sugerindo ao Poder Executivo, a constru\u00e7\u00e3o de uma Unidade B\u00e1sica de Sa\u00fade -UBS- no bairro Santo Ant\u00f4nio da Barra, mais moderna e adequada \u00e0s necessidades da coletividade, al\u00e9m de proporcionar um ambiente de trabalho mais harmonioso para os servidores que laboram no local."}, {"id": "21203", "ano": "2023", "numero": "79", "tipo__sigla": "PROT", "tipo__descricao": "Protocolo", "autoria": "Evaldo Geraldo do Carmo (Evaldo do A\u00e7ougue)", "texto_original": "http://sapl.pedroleopoldo.mg.leg.br/media/", "ementa": "INDICA\u00c7\u00c3O, sugerindo o recapeamento asf\u00e1ltico em toda extens\u00e3o da Rua: Jos\u00e9 Justino dos Reis, no bairro Dom Camilo, neste munic\u00edpio."}, {"id": "21204", "ano": "2023", "numero": "80", "tipo__sigla": "PROT", "tipo__descricao": "Protocolo", "autoria": "Cynthia Salom\u00e3o Bastos Faria", "texto_original": "http://sapl.pedroleopoldo.mg.leg.br/media/", "ementa": "REALIZA\u00c7\u00c3O DE OPERA\u00c7\u00c3O TAPA-BURACO NAS RUAS FERN\u00c3O DIAS, AGENOR PIO, ALICE DOS ANJOS,  ALTINO LELES TAVARES, DIVINO ESP\u00cdRITO SANTO,  EM\u00cdLIO GON\u00c7ALVES,  HERCULANO SOARES OLIVEIRA, JO\u00c3O TEODORO E NOSSA SENHORA DAS DORES NO BAIRRO QUINTA DO SUMIDOURO/PL."}, {"id": "21205", "ano": "2023", "numero": "81", "tipo__sigla": "PROT", "tipo__descricao": "Protocolo", "autoria": "Cynthia Salom\u00e3o Bastos Faria", "texto_original": "http://sapl.pedroleopoldo.mg.leg.br/media/", "ementa": "REALIZA\u00c7\u00c3O DE OPERA\u00c7\u00c3O TAPA-BURACO NAS RUAS AMAP\u00c1, VARGEM, PALMEIRAS, INDEPENDENTE, FERN\u00c3O DIAS, GOI\u00c1S, BRAS\u00cdLIA, JOAQUIM MARCELINO FILHO, MANOEL RODRIGUES, MARTINS, PALESTINA, SANTA LUZIA, URBANO PEREIRA DA CONCEI\u00c7\u00c3O, R E RUA DO CERRADO NO DISTRITO DE FIDALGO/PL."}, {"id": "21206", "ano": "2023", "numero": "82", "tipo__sigla": "PROT", "tipo__descricao": "Protocolo", "autoria": "Cynthia Salom\u00e3o Bastos Faria", "texto_original": "http://sapl.pedroleopoldo.mg.leg.br/media/", "ementa": "REALIZA\u00c7\u00c3O A RO\u00c7AGEM DE MATO NA ESTRADA JOS\u00c9 PEDR\u00c3O QUE LIGA O BAIRRO LAGOA DE SANTO ANT\u00d4NIO AO DISTRITO DE FIDALGO."}, {"id": "21207", "ano": "2023", "numero": "83", "tipo__sigla": "PROT", "tipo__descricao": "Protocolo", "autoria": "Cynthia Salom\u00e3o Bastos Faria", "texto_original": "http://sapl.pedroleopoldo.mg.leg.br/media/", "ementa": "QUE SEJA ACRESCENTADO O CARGO DE PROFESSOR EVENTUAL EM TODAS AS ESCOLAS MUNICIPAIS QUE ATENDAM O ENSINO FUNDAMENTAL - S\u00c9RIES FINAIS (6\u00ba AO 9\u00ba)."}, {"id": "21227", "ano": "2023", "numero": "84", "tipo__sigla": "PROT", "tipo__descricao": "Protocolo", "autoria": "Cynthia Salom\u00e3o Bastos Faria", "texto_original": "http://sapl.pedroleopoldo.mg.leg.br/media/", "ementa": "INDICA A RETIRADA DO BARRO ACUMULADO PARA EVITAR  RISCO DE ACIDENTE E A CONSTRU\u00c7\u00c3O DE UMA ONDULA\u00c7\u00c3O TRANSVERSAL PARA FACILITAR O ESCOAMENTO DA \u00c1GUA DE CHUVA, NA RUA FERN\u00c3O DIAS, PR\u00d3XIMO AO N\u00daMERO 84, NO DISTRITO DE FIDALGO/PL."}, {"id": "21228", "ano": "2023", "numero": "85", "tipo__sigla": "PROT", "tipo__descricao": "Protocolo", "autoria": "Cynthia Salom\u00e3o Bastos Faria", "texto_original": "http://sapl.pedroleopoldo.mg.leg.br/media/", "ementa": "QUE SEJAM TOMADAS AS MEDIDAS NECESS\u00c1RIAS PARA VIABILIZAR O USO DOS TABLETS NAS INSTITUI\u00c7\u00d5ES MUNICIPAIS DE ENSINO."}, {"id": "21229", "ano": "2023", "numero": "86", "tipo__sigla": "PROT", "tipo__descricao": "Protocolo", "autoria": "Cynthia Salom\u00e3o Bastos Faria", "texto_original": "http://sapl.pedroleopoldo.mg.leg.br/media/", "ementa": "QUE SEJA ACRESCENTADO O CARGO DE BIBLIOTEC\u00c1RIO EM TODAS AS INSTITUI\u00c7\u00d5ES  MUNICIPAIS DE ENSINO, NESTE MUNIC\u00cdPIO"}, {"id": "21230", "ano": "2023", "numero": "87", "tipo__sigla": "PROT", "tipo__descricao": "Protocolo", "autoria": "Guilherme de Lima Braga (Guilherme do Doce)", "texto_original": "http://sapl.pedroleopoldo.mg.leg.br/media/", "ementa": "No uso de minhas atribui\u00e7\u00f5es regimentais, indico \u00e0 Vossa Excel\u00eancia conceder Mo\u00e7\u00e3o de Parab\u00e9ns ao Sr. L\u00facio Carlos de Oliveira."}, {"id": "21231", "ano": "2023", "numero": "88", "tipo__sigla": "PROT", "tipo__descricao": "Protocolo", "autoria": "Guilherme de Lima Braga (Guilherme do Doce)", "texto_original": "http://sapl.pedroleopoldo.mg.leg.br/media/", "ementa": "No uso de minhas atribui\u00e7\u00f5es regimentais, indico \u00e0 Excelent\u00edssima Senhora Prefeita determinar ao setor competente providenciar opera\u00e7\u00e3o tapa buracos na rua Jo\u00e3o Otoni, S\u00e3o Geraldo, neste Munic\u00edpio."}, {"id": "21232", "ano": "2023", "numero": "89", "tipo__sigla": "PROT", "tipo__descricao": "Protocolo", "autoria": "Evaldo Geraldo do Carmo (Evaldo do A\u00e7ougue)", "texto_original": "http://sapl.pedroleopoldo.mg.leg.br/media/", "ementa": "Providenciar limpeza e desobstru\u00e7\u00e3o do bueiro da Rua: Dirceu Lopes em frente ao n\u00famero 48, Centro, neste munic\u00edpio."}, {"id": "21233", "ano": "2023", "numero": "90", "tipo__sigla": "PROT", "tipo__descricao": "Protocolo", "autoria": "Guilherme de Lima Braga (Guilherme do Doce)", "texto_original": "http://sapl.pedroleopoldo.mg.leg.br/media/", "ementa": "Com os meus cumprimentos, venho por meio deste solicitar de vossa excel\u00eancia determinar ao setor competente providenciar o servi\u00e7o de recapeamento asf\u00e1ltico em toda a extens\u00e3o da rua Suzana Passos, localizada no bairro Santo Ant\u00f4nio da Barra, neste Munic\u00edpio."}, {"id": "21234", "ano": "2023", "numero": "91", "tipo__sigla": "PROT", "tipo__descricao": "Protocolo", "autoria": "Guilherme de Lima Braga (Guilherme do Doce)", "texto_original": "http://sapl.pedroleopoldo.mg.leg.br/media/", "ementa": "No uso de minhas atribui\u00e7\u00f5es regimentais, indico \u00e0 Vossa Excel\u00eancia conceder Mo\u00e7\u00e3o de Parab\u00e9ns ao Senhor Thiago Henrique Pereira Sousa."}, {"id": "21235", "ano": "2023", "numero": "92", "tipo__sigla": "PROT", "tipo__descricao": "Protocolo", "autoria": "Leonardo Pereira Ribeiro (Leoz\u00e3o)", "texto_original": "http://sapl.pedroleopoldo.mg.leg.br/media/", "ementa": "VOTO SE PESAR PARA: HENRIQUE PERAZOLLY\r\n\r\nENVIAR PARA: SEU TIO WANILDO DOMINGOS RODRIGUES \r\n\r\nENDERE\u00c7O: RUA, ANTONIO PEREIRA, N 103 LAGOA DE SANTO ANTONIO\r\nCEP: 33252479"}, {"id": "21237", "ano": "2023", "numero": "93", "tipo__sigla": "PROT", "tipo__descricao": "Protocolo", "autoria": "Eldir Jos\u00e9 Batista (Baixinho da Garagem)", "texto_original": "http://sapl.pedroleopoldo.mg.leg.br/media/", "ementa": "Institui a Semana da Sa\u00fade no Munic\u00edpio de Pedro Leopoldo e d\u00e1 outras provid\u00eancias."}, {"id": "21238", "ano": "2023", "numero": "94", "tipo__sigla": "PROT", "tipo__descricao": "Protocolo", "autoria": "Matheus Utsch de Oliveira", "texto_original": "http://sapl.pedroleopoldo.mg.leg.br/media/", "ementa": "No uso de minhas atribui\u00e7\u00f5es regimentais, requeiro \u00e0 Excelent\u00edssima Senhora Prefeita informa\u00e7\u00f5es sobre quantas pessoas foram estimadas e quantas pessoas de fato fizeram cirurgias eletivas pelo conv\u00eanio com a Maternidade que utilizaram emendas parlamentares no ano de 2021 e 2022."}, {"id": "21239", "ano": "2023", "numero": "95", "tipo__sigla": "PROT", "tipo__descricao": "Protocolo", "autoria": "Matheus Utsch de Oliveira", "texto_original": "http://sapl.pedroleopoldo.mg.leg.br/media/", "ementa": "No uso de minhas atribui\u00e7\u00f5es regimentais, requeiro \u00e0 Excelent\u00edssima Senhora Prefeita informa\u00e7\u00f5es sobre custo total dos 2 contadores de datas (Painel Digital) para o centen\u00e1rio da cidade."}, {"id": "21240", "ano": "2023", "numero": "96", "tipo__sigla": "PROT", "tipo__descricao": "Protocolo", "autoria": "Matheus Utsch de Oliveira", "texto_original": "http://sapl.pedroleopoldo.mg.leg.br/media/", "ementa": "No uso de minhas atribui\u00e7\u00f5es regimentais, requeiro \u00e0 Excelent\u00edssima Senhora Prefeita informa\u00e7\u00f5es sobre quantos funcion\u00e1rios est\u00e3o contratados para fiscaliza\u00e7\u00e3o e opera\u00e7\u00e3o do Rotativo."}, {"id": "21241", "ano": "2023", "numero": "97", "tipo__sigla": "PROT", "tipo__descricao": "Protocolo", "autoria": "Cynthia Salom\u00e3o Bastos Faria", "texto_original": "http://sapl.pedroleopoldo.mg.leg.br/media/", "ementa": "QUE OS PROFESSORES DE EDUCA\u00c7\u00c3O B\u00c1SICA I I EFETIVOS, POSSAM TER O DIREITO DA ADEQUA\u00c7\u00c3O DE CARGA HOR\u00c1RIA: CUMPRIMENTO OBRIGAT\u00d3RIO DE JORNADA DE TRABALHO EXCEDENTE AO ESTABELECIDO PELA LEI, POR EXIG\u00caNCIA CURRICULAR E ENQUADRADOS NOS CARGOS PARA O QUAL PRESTARAM CONCURSO DE ACORDO COM A CARGA HOR\u00c1RIA OPTADA."}, {"id": "21242", "ano": "2023", "numero": "98", "tipo__sigla": "PROT", "tipo__descricao": "Protocolo", "autoria": "Cynthia Salom\u00e3o Bastos Faria", "texto_original": "http://sapl.pedroleopoldo.mg.leg.br/media/", "ementa": "INSERIR O HOR\u00c1RIO DE \u00d4NIBUS SAINDO DA RODOVI\u00c1RIA \u00c0S 8H PARA O BAIRRO QUINTA DO SUMIDOURO E RETORNANDO DO MESMO \u00c0S 9H."}, {"id": "21243", "ano": "2023", "numero": "99", "tipo__sigla": "PROT", "tipo__descricao": "Protocolo", "autoria": "Cynthia Salom\u00e3o Bastos Faria", "texto_original": "http://sapl.pedroleopoldo.mg.leg.br/media/", "ementa": "INSERIR O HOR\u00c1RIO DE \u00d4NIBUS SAINDO DA RODOVI\u00c1RIA \u00c0S 10H PARA O BAIRRO QUINTA DO SUMIDOURO E RETORNANDO DO MESMO \u00c0S 11H."}, {"id": "21244", "ano": "2023", "numero": "100", "tipo__sigla": "PROT", "tipo__descricao": "Protocolo", "autoria": "Eldir Jos\u00e9 Batista (Baixinho da Garagem)", "texto_original": "http://sapl.pedroleopoldo.mg.leg.br/media/", "ementa": "Indica servi\u00e7os de limpeza (capina e ro\u00e7ada) nas ruas abaixo, todas no Bairro Ferreiras neste munic\u00edpio.\r\nRua S\u00e3o Vicente\r\nRua S\u00e3o Sebasti\u00e3o\r\nRua Esporte\r\nRua Bernardo Ferreira\r\nRua Manoel Fiel\r\nRua Alvorada"}, {"id": "21245", "ano": "2023", "numero": "101", "tipo__sigla": "PROT", "tipo__descricao": "Protocolo", "autoria": "Eldir Jos\u00e9 Batista (Baixinho da Garagem)", "texto_original": "http://sapl.pedroleopoldo.mg.leg.br/media/", "ementa": "Indica servi\u00e7os de limpeza (capina e ro\u00e7ada) e opera\u00e7\u00e3o Tapa Buracos nas Ruas S\u00e3o Geraldo, Rua Jo\u00e3o Uriel, Rua In\u00e1cia de Carvalho, todas no Bairro Tapera neste munic\u00edpio."}, {"id": "21246", "ano": "2023", "numero": "102", "tipo__sigla": "PROT", "tipo__descricao": "Protocolo", "autoria": "Eldir Jos\u00e9 Batista (Baixinho da Garagem)", "texto_original": "http://sapl.pedroleopoldo.mg.leg.br/media/", "ementa": "Indica servi\u00e7os de limpeza (capina e ro\u00e7ada) na Estrada do Coqueirinho, neste munic\u00edpio."}, {"id": "21247", "ano": "2023", "numero": "103", "tipo__sigla": "PROT", "tipo__descricao": "Protocolo", "autoria": "Eldir Jos\u00e9 Batista (Baixinho da Garagem)", "texto_original": "http://sapl.pedroleopoldo.mg.leg.br/media/", "ementa": "Reiterar a indica\u00e7\u00e3o 36/2020 Indica\u00e7\u00e3o para realiza\u00e7\u00e3o de limpeza, capina e opera\u00e7\u00e3o tapa-buracos nas Ruas Ant\u00f4nio Aleixo Cruz, Eug\u00eania Ferreira Cruz, Jos\u00e9 Maria Domingues e Wandencolk Wallace Cruz, no Bairro Jardin\u00f3polis, neste munic\u00edpio."}, {"id": "21265", "ano": "2023", "numero": "104", "tipo__sigla": "PROT", "tipo__descricao": "Protocolo", "autoria": "Mesa Diretora", "texto_original": "http://sapl.pedroleopoldo.mg.leg.br/media/sapl/public/materialegislativa/2023/21265/projeto_de_lei_no_05-2023_-_denomina_centro_de_atencao_ao_cidadao_cac_-_jose_justino.pdf", "ementa": "Denomina o Centro de Aten\u00e7\u00e3o ao Cidad\u00e3o da C\u00e2mara Municipal de Pedro Leopoldo - CAC, de Vereador Jos\u00e9 Justino Pires Damaso e d\u00e1 outras provid\u00eancias."}, {"id": "21267", "ano": "2023", "numero": "105", "tipo__sigla": "PROT", "tipo__descricao": "Protocolo", "autoria": "Leonardo Pereira Ribeiro (Leoz\u00e3o)", "texto_original": "http://sapl.pedroleopoldo.mg.leg.br/media/", "ementa": "No uso de minhas atribui\u00e7\u00f5es regimentais, solicito a Excelent\u00edssima Sra Prefeita o recapeamento da rua: Almir Marques no Bairro Lagoa de Santo Ant\u00f4nio, Pedro Leopoldo MG."}, {"id": "21268", "ano": "2023", "numero": "106", "tipo__sigla": "PROT", "tipo__descricao": "Protocolo", "autoria": "Frederico Henrique Cota Alves (Fred Piau)", "texto_original": "http://sapl.pedroleopoldo.mg.leg.br/media/", "ementa": "Projeto de Lei que \"Pro\u00edbe a vota\u00e7\u00e3o de projetos em bloco\""}, {"id": "21322", "ano": "2023", "numero": "107", "tipo__sigla": "PROT", "tipo__descricao": "Protocolo", "autoria": "Leonardo Pereira Ribeiro (Leoz\u00e3o)", "texto_original": "http://sapl.pedroleopoldo.mg.leg.br/media/", "ementa": "Indica a pavimenta\u00e7\u00e3o da Rua Jos\u00e9 Balbino de Melo, no Bairro Lagoa de Santo Ant\u00f4nio, bem como bra\u00e7os de ilumina\u00e7\u00e3o nos postes existentes da referida rua."}, {"id": "21270", "ano": "2023", "numero": "108", "tipo__sigla": "PROT", "tipo__descricao": "Protocolo", "autoria": "Eldir Jos\u00e9 Batista (Baixinho da Garagem)", "texto_original": "http://sapl.pedroleopoldo.mg.leg.br/media/sapl/public/materialegislativa/2023/21270/protocolo_108_texto_original.docx", "ementa": "Concede Medalha Chico Xavier ao Sr. Pl\u00ednio Roberto Soares de Oliveira e d\u00e1 outras provid\u00eancias."}, {"id": "21271", "ano": "2023", "numero": "109", "tipo__sigla": "PROT", "tipo__descricao": "Protocolo", "autoria": "Eldir Jos\u00e9 Batista (Baixinho da Garagem)", "texto_original": "http://sapl.pedroleopoldo.mg.leg.br/media/sapl/public/materialegislativa/2023/21271/concede_medalha_chico_xavier_ao_sr._paulo_ferreira_pinto_e_da_outras_providencias..docx", "ementa": "Concede Medalha Chico Xavier Ao Sr. Paulo Ferreira Pinto e d\u00e1 Outras Provid\u00eancias."}, {"id": "21272", "ano": "2023", "numero": "110", "tipo__sigla": "PROT", "tipo__descricao": "Protocolo", "autoria": "Cynthia Salom\u00e3o Bastos Faria", "texto_original": "http://sapl.pedroleopoldo.mg.leg.br/media/", "ementa": "Reduzir para 6 horas a carga hor\u00e1ria de vice-diretor nas institui\u00e7\u00f5es de ensino municipal."}, {"id": "21273", "ano": "2023", "numero": "111", "tipo__sigla": "PROT", "tipo__descricao": "Protocolo", "autoria": "Matheus Utsch de Oliveira", "texto_original": "http://sapl.pedroleopoldo.mg.leg.br/media/", "ementa": "Requer o cancelamento de todas as multas aplicadas no per\u00edodo do novo contrato do rotativo devido o n\u00e3o cumprimento do contrato:\r\nDescumprimento 1) O sistema dever\u00e1 enviar alerta para o usu\u00e1rio quando o tempo de estacionamento estiver prestes a expirar, considerada a perman\u00eancia permitida para o local de estacionamento informado na ativa\u00e7\u00e3o.\r\nDescumprimento 2) Desrespeito \u00e0 Lei Municipal 3.603 de 29 de junho de 2021 que estabelece 15% de vagas para idosos e deficientes f\u00edsicos.\r\nDescumprimento 3) O Anexo de tabela de custos do contrato Edital exige 6 (seis) monitores de tr\u00e2nsito, e na pr\u00e1tica, temos 3 (tr\u00eas)."}, {"id": "21274", "ano": "2023", "numero": "112", "tipo__sigla": "PROT", "tipo__descricao": "Protocolo", "autoria": "Matheus Utsch de Oliveira", "texto_original": "http://sapl.pedroleopoldo.mg.leg.br/media/", "ementa": "Requer informa\u00e7\u00f5es sobre quais artistas foram contratados para os eventos de carnavais com datas, locais, valores pagos e crit\u00e9rios das respectivas escolhas."}, {"id": "21275", "ano": "2023", "numero": "113", "tipo__sigla": "PROT", "tipo__descricao": "Protocolo", "autoria": "Matheus Utsch de Oliveira", "texto_original": "http://sapl.pedroleopoldo.mg.leg.br/media/", "ementa": "Requer o relat\u00f3rio da quantidade de ambulantes sem regulariza\u00e7\u00e3o para o com\u00e9rcio de comidas, nas pra\u00e7as e espa\u00e7os p\u00fablicos da cidade e o plano de a\u00e7\u00e3o para resolver o problema."}, {"id": "21276", "ano": "2023", "numero": "114", "tipo__sigla": "PROT", "tipo__descricao": "Protocolo", "autoria": "Mesa Diretora", "texto_original": "http://sapl.pedroleopoldo.mg.leg.br/media/", "ementa": "ALTERA O HOR\u00c1RIO DA 7\u00aa REUNI\u00c3O ORDIN\u00c1RIA DA C\u00c2MARA MUNICIPAL DE PEDRO LEOPOLDO E D\u00c1 OUTRAS PROVID\u00caNCIAS."}, {"id": "21277", "ano": "2023", "numero": "115", "tipo__sigla": "PROT", "tipo__descricao": "Protocolo", "autoria": "Executivo", "texto_original": "http://sapl.pedroleopoldo.mg.leg.br/media/", "ementa": "Altera o Anexo VI, da Lei Municipal n\u00ba 2.853, de 1\u00ba de janeiro de 2006 e d\u00e1 outras provid\u00eancias."}, {"id": "21278", "ano": "2023", "numero": "116", "tipo__sigla": "PROT", "tipo__descricao": "Protocolo", "autoria": "Executivo", "texto_original": "http://sapl.pedroleopoldo.mg.leg.br/media/", "ementa": "Cria fun\u00e7\u00f5es gratificadas para os agentes p\u00fablicos do Poder Executivo Municipal em cumprimento \u00e0s previs\u00f5es da Lei Federal n\u00ba 14.133, de 1\u00ba de abril de 2021 e d\u00e1 outras provid\u00eancias."}, {"id": "21279", "ano": "2023", "numero": "117", "tipo__sigla": "PROT", "tipo__descricao": "Protocolo", "autoria": "Leonardo Pereira Ribeiro (Leoz\u00e3o)", "texto_original": "http://sapl.pedroleopoldo.mg.leg.br/media/", "ementa": "VOTO DE PESAR PARA: MARIA AUXILIADORA BARBOSA TORRES \r\n\r\nENVIAR PARA: SEU FILHO, S\u00c9RGIO LUIZ TORRES\r\n\r\nENDERE\u00c7O: S\u00c3O SEBASTI\u00c3O, 96 - CENTRO"}, {"id": "21285", "ano": "2023", "numero": "118", "tipo__sigla": "PROT", "tipo__descricao": "Protocolo", "autoria": "Matheus Utsch de Oliveira", "texto_original": "http://sapl.pedroleopoldo.mg.leg.br/media/", "ementa": "No uso de minhas atribui\u00e7\u00f5es regimentais, requeiro \u00e0 Excelent\u00edssima Senhora Prefeita as informa\u00e7\u00f5es sobre a situa\u00e7\u00e3o cadastral e as pend\u00eancias para regulariza\u00e7\u00e3o da Associa\u00e7\u00e3o de Bairro S\u00e3o Jos\u00e9."}, {"id": "21287", "ano": "2023", "numero": "119", "tipo__sigla": "PROT", "tipo__descricao": "Protocolo", "autoria": "Evaldo Geraldo do Carmo (Evaldo do A\u00e7ougue)", "texto_original": "http://sapl.pedroleopoldo.mg.leg.br/media/", "ementa": "Indico determinar ao setor competente providenciar opera\u00e7\u00e3o tapa buracos na rua Geraldo dos Santos Filho, no bairro Maria Candida, neste munic\u00edpio."}, {"id": "21288", "ano": "2023", "numero": "120", "tipo__sigla": "PROT", "tipo__descricao": "Protocolo", "autoria": "Evaldo Geraldo do Carmo (Evaldo do A\u00e7ougue)", "texto_original": "http://sapl.pedroleopoldo.mg.leg.br/media/", "ementa": "Indico determinar ao setor competente providenciar, o recapeamento da Rua Lourival Maria da Concei\u00e7\u00e3o, bairro Felipe Claudio de Sales, neste munic\u00edpio."}, {"id": "21289", "ano": "2023", "numero": "121", "tipo__sigla": "PROT", "tipo__descricao": "Protocolo", "autoria": "Evaldo Geraldo do Carmo (Evaldo do A\u00e7ougue)", "texto_original": "http://sapl.pedroleopoldo.mg.leg.br/media/", "ementa": "Indico determinar ao setor competente providenciar, instala\u00e7\u00f5es de lixeiras na rotat\u00f3ria da rua Via Norte (em frente a Secretaria de Obras), neste munic\u00edpio."}, {"id": "21290", "ano": "2023", "numero": "122", "tipo__sigla": "PROT", "tipo__descricao": "Protocolo", "autoria": "Guilherme de Lima Braga (Guilherme do Doce)", "texto_original": "http://sapl.pedroleopoldo.mg.leg.br/media/", "ementa": "No uso de minhas atribui\u00e7\u00f5es regimentais, indico a Excelent\u00edssima Senhora Prefeita providenciar, junto aos \u00f3rg\u00e3os competentes, que seja feito a extens\u00e3o de rede el\u00e9trica na rua Jo\u00e3o Evangelista Serafim no bairro Novo Campinho, neste Munic\u00edpio."}, {"id": "21291", "ano": "2023", "numero": "123", "tipo__sigla": "PROT", "tipo__descricao": "Protocolo", "autoria": "Guilherme de Lima Braga (Guilherme do Doce)", "texto_original": "http://sapl.pedroleopoldo.mg.leg.br/media/", "ementa": "No uso de minhas atribui\u00e7\u00f5es regimentais, indico a Excelent\u00edssima Senhora Prefeita determinar ao setor competente providenciar servi\u00e7os de limpeza (capina e ro\u00e7ada) nas ruas Jo\u00e3o Evangelista Serafim e Fernando Gon\u00e7alves da Silva, Bairro Novo Campinho, neste Munic\u00edpio."}, {"id": "21296", "ano": "2023", "numero": "124", "tipo__sigla": "PROT", "tipo__descricao": "Protocolo", "autoria": "Leonardo Pereira Ribeiro (Leoz\u00e3o)", "texto_original": "http://sapl.pedroleopoldo.mg.leg.br/media/", "ementa": "fica pro\u00edbido manifesta\u00e7\u00f5es de cunho eleitoral com apoio expl\u00edcito a um partido ou candidato por parte de artistas e empresas contratadas com verba p\u00fablica, fixando pena de reten\u00e7\u00e3o do pagamento do cach\u00ea, e d\u00e1 outras provid\u00eancias."}, {"id": "21297", "ano": "2023", "numero": "125", "tipo__sigla": "PROT", "tipo__descricao": "Protocolo", "autoria": "Cynthia Salom\u00e3o Bastos Faria", "texto_original": "http://sapl.pedroleopoldo.mg.leg.br/media/", "ementa": "QUE SEJAM TOMADAS AS MEDIDAS NECESS\u00c1RIAS PARA VIABILIZAR O USO DE COMPUTADORES COM ACESSO A INTERNET NA SALA DOS PROFESSORES NAS INSTITUI\u00c7\u00d5ES DE ENSINO MUNICIPAIS."}, {"id": "21298", "ano": "2023", "numero": "126", "tipo__sigla": "PROT", "tipo__descricao": "Protocolo", "autoria": "Cynthia Salom\u00e3o Bastos Faria", "texto_original": "http://sapl.pedroleopoldo.mg.leg.br/media/", "ementa": "que sejam tomadas as medidas necess\u00e1rias para viabilizar o uso de computadores com acesso a internet e impressora na sala dos supervisores e orientadores nas institui\u00e7\u00f5es de ensino municipais"}, {"id": "21299", "ano": "2023", "numero": "127", "tipo__sigla": "PROT", "tipo__descricao": "Protocolo", "autoria": "Matheus Utsch de Oliveira", "texto_original": "http://sapl.pedroleopoldo.mg.leg.br/media/", "ementa": "No uso de minhas atribui\u00e7\u00f5es regimentais, requeiro \u00e0 Excelent\u00edssima Prefeita informa\u00e7\u00f5es de quais medidas est\u00e3o sendo tomadas sobre as constantes viola\u00e7\u00f5es da Lei n\u00ba 3.546, de 03 de dezembro de 2019."}, {"id": "21300", "ano": "2023", "numero": "128", "tipo__sigla": "PROT", "tipo__descricao": "Protocolo", "autoria": "Matheus Utsch de Oliveira", "texto_original": "http://sapl.pedroleopoldo.mg.leg.br/media/", "ementa": "No uso de minhas atribui\u00e7\u00f5es regimentais, requeiro \u00e0 Excelent\u00edssima Prefeita informa\u00e7\u00f5es sobre o cronograma dos pagamentos atrasados por categoria de servidores efetivos conforme a Lei n\u00ba 3.546, de 03 de dezembro de 2019."}, {"id": "21301", "ano": "2023", "numero": "129", "tipo__sigla": "PROT", "tipo__descricao": "Protocolo", "autoria": "Matheus Utsch de Oliveira", "texto_original": "http://sapl.pedroleopoldo.mg.leg.br/media/", "ementa": "Modifica o Art. 7\u00ba do Projeto de Lei 44/2022 que \"Cria o Projeto Adote uma \u00c1rvore - Pedro Leopoldo mais verde\"."}, {"id": "21302", "ano": "2023", "numero": "130", "tipo__sigla": "PROT", "tipo__descricao": "Protocolo", "autoria": "Matheus Utsch de Oliveira", "texto_original": "http://sapl.pedroleopoldo.mg.leg.br/media/", "ementa": "Suprime o Anexo I do Projeto de Lei 44/2022 que \"Cria o Projeto Adote uma \u00c1rvore - Pedro Leopoldo mais verde\"."}, {"id": "21303", "ano": "2023", "numero": "131", "tipo__sigla": "PROT", "tipo__descricao": "Protocolo", "autoria": "Cynthia Salom\u00e3o Bastos Faria", "texto_original": "http://sapl.pedroleopoldo.mg.leg.br/media/", "ementa": "SERVI\u00c7O DE NIVELAMENTO COM PATROL NA RUA NORALDINO ALMEIDA NO BAIRRO QUINTA DO SUMIDOURO."}, {"id": "21336", "ano": "2023", "numero": "132", "tipo__sigla": "PROT", "tipo__descricao": "Protocolo", "autoria": "Rafael Vieira Faria (Rafa)", "texto_original": "http://sapl.pedroleopoldo.mg.leg.br/media/", "ementa": "Indica a realiza\u00e7\u00e3o de estudo t\u00e9cnico visando reduzir a velocidade de tr\u00e1fego de ve\u00edculos automores da Rua dos Andradas, bairro Donato, Pedro Leopoldo."}, {"id": "21337", "ano": "2023", "numero": "133", "tipo__sigla": "PROT", "tipo__descricao": "Protocolo", "autoria": "Matheus Utsch de Oliveira", "texto_original": "http://sapl.pedroleopoldo.mg.leg.br/media/", "ementa": "No uso de minhas atribui\u00e7\u00f5es regimentais, requeiro \u00e0 Excelent\u00edssima Prefeita informa\u00e7\u00f5es sobre uma poss\u00edvel parceria entre a Prefeitura e Copasa para constru\u00e7\u00e3o de passarela sob a constru\u00e7\u00e3o de estrutura ao lado da ponte da pra\u00e7a Dr Senra."}, {"id": "21338", "ano": "2023", "numero": "134", "tipo__sigla": "PROT", "tipo__descricao": "Protocolo", "autoria": "Rafael Vieira Faria (Rafa)", "texto_original": "http://sapl.pedroleopoldo.mg.leg.br/media/", "ementa": "Indica ao Poder Executivo a inclus\u00e3o no calend\u00e1rio oficial de eventos, a realiza\u00e7\u00e3o de encontro de carros antigos a ser realizado mensalmente na Pra\u00e7a Francisco C\u00e2ndido Xavier."}, {"id": "21339", "ano": "2023", "numero": "135", "tipo__sigla": "PROT", "tipo__descricao": "Protocolo", "autoria": "Rafael Vieira Faria (Rafa)", "texto_original": "http://sapl.pedroleopoldo.mg.leg.br/media/", "ementa": "Venho, no uso de minhas atribui\u00e7\u00f5es regimentais, apresentar indica\u00e7\u00e3o, sugerindo ao Poder Executivo, a cria\u00e7\u00e3o de um monumento alusivo ao \u201cboi da manta\u201d a ser instalado na Pra\u00e7a Dr. Senra, Centro de Pedro Leopoldo, dada a import\u00e2ncia hist\u00f3rica, cultural e art\u00edstica trazida nessa figura popular e presente na vida da comunidade Pedro Leopoldense."}, {"id": "21340", "ano": "2023", "numero": "136", "tipo__sigla": "PROT", "tipo__descricao": "Protocolo", "autoria": "Rafael Vieira Faria (Rafa)", "texto_original": "http://sapl.pedroleopoldo.mg.leg.br/media/", "ementa": "Venho, no uso de minhas atribui\u00e7\u00f5es regimentais, apresentar indica\u00e7\u00e3o, sugerindo ao Poder Executivo, o recapeamento da Rua S\u00e3o Jo\u00e3o, situada no bairro Santo Ant\u00f4nio da Barra, CEP 33257-016."}, {"id": "21341", "ano": "2023", "numero": "137", "tipo__sigla": "PROT", "tipo__descricao": "Protocolo", "autoria": "Rafael Vieira Faria (Rafa)", "texto_original": "http://sapl.pedroleopoldo.mg.leg.br/media/", "ementa": "Venho, no uso de minhas atribui\u00e7\u00f5es, apresentar indica\u00e7\u00e3o, sugerindo ao Poder Executivo o recapeamento da Rua Ulisses Cardeal, situada no bairro Santo Ant\u00f4nio da Barra, CEP 33257-019."}, {"id": "21342", "ano": "2023", "numero": "138", "tipo__sigla": "PROT", "tipo__descricao": "Protocolo", "autoria": "Rafael Vieira Faria (Rafa)", "texto_original": "http://sapl.pedroleopoldo.mg.leg.br/media/", "ementa": "Venho, no uso de minhas atribui\u00e7\u00f5es regimentais, apresentar indica\u00e7\u00e3o, sugerindo ao Poder Executivo o recapeamento da Rua Tupis, Situada no bairro Santo Ant\u00f4nio da Barra, CEP 33257-025."}, {"id": "21343", "ano": "2023", "numero": "139", "tipo__sigla": "PROT", "tipo__descricao": "Protocolo", "autoria": "Rafael Vieira Faria (Rafa)", "texto_original": "http://sapl.pedroleopoldo.mg.leg.br/media/", "ementa": "Venho, no uso de minhas atribui\u00e7\u00f5es, apresentar indica\u00e7\u00e3o, sugerindo ao Poder Executivo o recapeamento da rua Guaranis, situada no bairro Santo Ant\u00f4nio da Barra, CEP 33257-022."}, {"id": "21344", "ano": "2023", "numero": "140", "tipo__sigla": "PROT", "tipo__descricao": "Protocolo", "autoria": "Rafael Vieira Faria (Rafa)", "texto_original": "http://sapl.pedroleopoldo.mg.leg.br/media/", "ementa": "Venho no uso de minhas atribui\u00e7\u00f5es regimentais, apresentar indica\u00e7\u00e3o, sugerindo ao Poder Executivo o recapeamento da Rua Pac\u00edfico Gon\u00e7alves Filho, situada no Bairro Santo Ant\u00f4nio da Barra, CEP 33257-079."}, {"id": "21345", "ano": "2023", "numero": "141", "tipo__sigla": "PROT", "tipo__descricao": "Protocolo", "autoria": "Rafael Vieira Faria (Rafa)", "texto_original": "http://sapl.pedroleopoldo.mg.leg.br/media/", "ementa": "Venho, no uso de minhas atribui\u00e7\u00f5es, apresentar indica\u00e7\u00e3o, sugerindo ao Poder Executivo o recapeamento da Rua Professora Justa Vilela do Amaral, situada no Bairro Santo Ant\u00f4nio da Barra, CEP 33257-082."}, {"id": "21346", "ano": "2023", "numero": "142", "tipo__sigla": "PROT", "tipo__descricao": "Protocolo", "autoria": "Rafael Vieira Faria (Rafa)", "texto_original": "http://sapl.pedroleopoldo.mg.leg.br/media/", "ementa": "Venho, no uso de minhas atribui\u00e7\u00f5es regimentais, apresentar indica\u00e7\u00e3o, sugerindo ao Poder Executivo o recapeamento da Rua Vinte e Um de Abril, situada no Bairro Santo Ant\u00f4nio da Barra, CEP 33257-058."}, {"id": "21347", "ano": "2023", "numero": "143", "tipo__sigla": "PROT", "tipo__descricao": "Protocolo", "autoria": "Rafael Vieira Faria (Rafa)", "texto_original": "http://sapl.pedroleopoldo.mg.leg.br/media/", "ementa": "Venho, no uso de minhas atribui\u00e7\u00f5es regimentais, apresentar indica\u00e7\u00e3o, sugerindo ao Poder Executivo o recapeamento da Rua Vinte e Um de Abril, situada no Bairro Santo Ant\u00f4nio da Barra, CEP 33257-058."}, {"id": "21348", "ano": "2023", "numero": "144", "tipo__sigla": "PROT", "tipo__descricao": "Protocolo", "autoria": "Rafael Vieira Faria (Rafa)", "texto_original": "http://sapl.pedroleopoldo.mg.leg.br/media/", "ementa": "Venho, no uso de minhas atribui\u00e7\u00f5es, apresentar indica\u00e7\u00e3o, sugerindo ao Poder Executivo o recapeamento da Rua Esporte, situada no Bairro Santo Ant\u00f4nio da Barra, CEP 33257-073."}, {"id": "21349", "ano": "2023", "numero": "145", "tipo__sigla": "PROT", "tipo__descricao": "Protocolo", "autoria": "Rafael Vieira Faria (Rafa)", "texto_original": "http://sapl.pedroleopoldo.mg.leg.br/media/", "ementa": "Venho, no uso de minhas regimentais, apresentar indica\u00e7\u00e3o, sugerindo ao Poder Executivo o recapeamento da Rua Beco do Atl\u00e9tico, situada no Bairro Santo Ant\u00f4nio da Barra, CEP 33257-085."}, {"id": "21350", "ano": "2023", "numero": "146", "tipo__sigla": "PROT", "tipo__descricao": "Protocolo", "autoria": "Cynthia Salom\u00e3o Bastos Faria", "texto_original": "http://sapl.pedroleopoldo.mg.leg.br/media/", "ementa": "CONSTRU\u00c7\u00c3O DE UMA ESCOLA NO BAIRRO LAGOA DE SANTO ANT\u00d4NIO PARA ATENDER ALUNOS DA REGI\u00c3O NORTE."}, {"id": "21351", "ano": "2023", "numero": "147", "tipo__sigla": "PROT", "tipo__descricao": "Protocolo", "autoria": "Rafael Vieira Faria (Rafa)", "texto_original": "http://sapl.pedroleopoldo.mg.leg.br/media/", "ementa": "Venho, no uso de minhas atribui\u00e7\u00f5es, apresentar indica\u00e7\u00e3o, sugerindo ao Poder Executivo o recapeamento da Rua Beco do Cruzeiro, situada no bairro Santo Ant\u00f4nio da Barra, CEP 33257-088."}, {"id": "21352", "ano": "2023", "numero": "148", "tipo__sigla": "PROT", "tipo__descricao": "Protocolo", "autoria": "Rafael Vieira Faria (Rafa)", "texto_original": "http://sapl.pedroleopoldo.mg.leg.br/media/", "ementa": "Venho, no uso de minhas atribui\u00e7\u00f5es, apresentar indica\u00e7\u00e3o, sugerindo ao Poder Executivo o recapeamento da Rua Pedro Leopoldo, situada no Bairro Santo Ant\u00f4nio da Barra, CEP 33257-067"}, {"id": "21353", "ano": "2023", "numero": "149", "tipo__sigla": "PROT", "tipo__descricao": "Protocolo", "autoria": "Evaldo Geraldo do Carmo (Evaldo do A\u00e7ougue)", "texto_original": "http://sapl.pedroleopoldo.mg.leg.br/media/", "ementa": "Indico determinar ao setor competente verificar a possibilidade da abertura da Rua Ant\u00f4nio Elias, pr\u00f3ximo ao quarteir\u00e3o da Policia Civil, no Centro da cidade."}, {"id": "21354", "ano": "2023", "numero": "150", "tipo__sigla": "PROT", "tipo__descricao": "Protocolo", "autoria": "Evaldo Geraldo do Carmo (Evaldo do A\u00e7ougue)", "texto_original": "http://sapl.pedroleopoldo.mg.leg.br/media/", "ementa": "Indico determinar ao setor competente providenciar, o recapeamento por toda extens\u00e3o e a instala\u00e7\u00e3o de galeria de \u00e1gua pluvial, na Rua Dr. Louis Ensch, Centro, neste munic\u00edpio."}, {"id": "21355", "ano": "2023", "numero": "151", "tipo__sigla": "PROT", "tipo__descricao": "Protocolo", "autoria": "Evaldo Geraldo do Carmo (Evaldo do A\u00e7ougue)", "texto_original": "http://sapl.pedroleopoldo.mg.leg.br/media/", "ementa": "Indico determinar ao setor competente providenciar, o recapeamento por toda extens\u00e3o na Rua Fidalgo, centro, neste munic\u00edpio."}, {"id": "21356", "ano": "2023", "numero": "152", "tipo__sigla": "PROT", "tipo__descricao": "Protocolo", "autoria": "Cynthia Salom\u00e3o Bastos Faria", "texto_original": "http://sapl.pedroleopoldo.mg.leg.br/media/", "ementa": "CONSTRUIR UMA UBS - UNIDADE B\u00c1SICA DE SA\u00daDE DA FAM\u00cdLIA NO BAIRRO LAGOA DE SANTO ANT\u00d4NIO, NESTE MUNIC\u00cdPIO."}, {"id": "21357", "ano": "2023", "numero": "153", "tipo__sigla": "PROT", "tipo__descricao": "Protocolo", "autoria": "Cynthia Salom\u00e3o Bastos Faria", "texto_original": "http://sapl.pedroleopoldo.mg.leg.br/media/", "ementa": "INSTITUIR NO MUNIC\u00cdPIO DE PEDRO LEOPOLDO O DIREITO DO CONTRIBUINTE DE TER ACESSO A MEIOS E FORMAS DE PAGAMENTO DIGITAL, TAIS COMO PIX E TRANSFER\u00caNCIA BANC\u00c1RIA, PARA QUITA\u00c7\u00c3O DE D\u00c9BITOS DE NATUREZA TRIBUT\u00c1RIA, TAXAS E CONTRIBUI\u00c7\u00d5ES."}, {"id": "21358", "ano": "2023", "numero": "154", "tipo__sigla": "PROT", "tipo__descricao": "Protocolo", "autoria": "Frederico Henrique Cota Alves (Fred Piau)", "texto_original": "http://sapl.pedroleopoldo.mg.leg.br/media/", "ementa": "No uso de minhas atribui\u00e7\u00f5es regimentais, requeiro \u00e0 Excelent\u00edssima Senhora Prefeita informa\u00e7\u00f5es sobre o Bairro Cidade Jardim, que j\u00e1 se encontra com problemas relacionados \u00e0 rede de esgoto. Quais s\u00e3o as pendencias do bairro, quais as medidas est\u00e3o sendo tomadas e qual a previs\u00e3o para resolu\u00e7\u00e3o?"}, {"id": "21359", "ano": "2023", "numero": "155", "tipo__sigla": "PROT", "tipo__descricao": "Protocolo", "autoria": "Cynthia Salom\u00e3o Bastos Faria", "texto_original": "http://sapl.pedroleopoldo.mg.leg.br/media/", "ementa": "DISPONIBILIZAR ABSORVENTE \u00cdNTIMO NAS ESCOLAS MUNICIPAIS QUE ATENDEM O ENSINO FUNDAMENTAL PARA ATENDIMENTO A EVENTUAIS NECESSIDADES DAS ALUNAS."}, {"id": "21377", "ano": "2023", "numero": "156", "tipo__sigla": "PROT", "tipo__descricao": "Protocolo", "autoria": "Cynthia Salom\u00e3o Bastos Faria", "texto_original": "http://sapl.pedroleopoldo.mg.leg.br/media/", "ementa": "PERFURA\u00c7\u00c3O DE UM PO\u00c7O ARTESIANO E A CONSTRU\u00c7\u00c3O DE UMA REDE DE \u00c1GUA NA COMUNIDADE DE PERIQUITO, NO BAIRRO QUINTA DO SUMIDOURO."}, {"id": "21378", "ano": "2023", "numero": "157", "tipo__sigla": "PROT", "tipo__descricao": "Protocolo", "autoria": "Matheus Utsch de Oliveira", "texto_original": "http://sapl.pedroleopoldo.mg.leg.br/media/", "ementa": "No uso de minhas atribui\u00e7\u00f5es regimentais, requeiro \u00e0 Excelent\u00edssima Prefeita c\u00f3pia do cronograma da opera\u00e7\u00e3o tapa buracos."}, {"id": "21379", "ano": "2023", "numero": "158", "tipo__sigla": "PROT", "tipo__descricao": "Protocolo", "autoria": "Matheus Utsch de Oliveira", "texto_original": "http://sapl.pedroleopoldo.mg.leg.br/media/", "ementa": "No uso de minhas atribui\u00e7\u00f5es regimentais, requeiro \u00e0 Excelent\u00edssima Prefeita informa\u00e7\u00f5es sobre a sinaliza\u00e7\u00e3o vi\u00e1ria conforme prometido pela TransPL em 2022 para o ano de 2023 visto os diversos acidentes e problemas."}, {"id": "21380", "ano": "2023", "numero": "159", "tipo__sigla": "PROT", "tipo__descricao": "Protocolo", "autoria": "Matheus Utsch de Oliveira", "texto_original": "http://sapl.pedroleopoldo.mg.leg.br/media/", "ementa": "No uso de minhas atribui\u00e7\u00f5es regimentais, requeiro \u00e0 Excelent\u00edssima Prefeita c\u00f3pia do extrato de gastos com publicidade, incluindo impulsionamentos em redes sociais e previs\u00e3o para o ano."}, {"id": "21381", "ano": "2023", "numero": "160", "tipo__sigla": "PROT", "tipo__descricao": "Protocolo", "autoria": "Warlen Alves da Silva", "texto_original": "http://sapl.pedroleopoldo.mg.leg.br/media/", "ementa": "No uso de minhas atribui\u00e7\u00f5es regimentais, indico a Vossa Excel\u00eancia conceder Mo\u00e7\u00e3o de Parab\u00e9ns \u00e0 Gabriel Marques de Almeida."}, {"id": "21386", "ano": "2023", "numero": "161", "tipo__sigla": "PROT", "tipo__descricao": "Protocolo", "autoria": "Guilherme de Lima Braga (Guilherme do Doce)", "texto_original": "http://sapl.pedroleopoldo.mg.leg.br/media/", "ementa": "Voto de pesar ao falecido: Moacir Sette Alves\r\nEncaminhar para a esposa: Irene Fraga Alves\r\nAutor: Guilherme de Lima Braga\r\nEndere\u00e7o: Rua Suzana Passos, 605\r\nBairro: Santo Ant\u00f4nio da Barra\r\nPedro Leopoldo/MG\r\n33257-010"}, {"id": "21387", "ano": "2023", "numero": "162", "tipo__sigla": "PROT", "tipo__descricao": "Protocolo", "autoria": "Frederico Henrique Cota Alves (Fred Piau)", "texto_original": "http://sapl.pedroleopoldo.mg.leg.br/media/", "ementa": "Disp\u00f5e sobre o sistema de bilhetagem eletr\u00f4nica no servi\u00e7o de transporte p\u00fablico coletivo de passageiros por \u00f4nibus, e d\u00e1 outras provid\u00eancias."}, {"id": "21388", "ano": "2023", "numero": "163", "tipo__sigla": "PROT", "tipo__descricao": "Protocolo", "autoria": "Frederico Henrique Cota Alves (Fred Piau)", "texto_original": "http://sapl.pedroleopoldo.mg.leg.br/media/", "ementa": "Criar um concurso de fotografia e artes pl\u00e1sticas \u00e0 partir do ano que vem, em comemora\u00e7\u00e3o aos cem anos de Pedro Leopoldo, expondo artes e fotografias que homenageiam Pedro Leopoldo para que a popula\u00e7\u00e3o vote e escolha as imagens, dentro das categorias criadas, campe\u00e3s."}, {"id": "21389", "ano": "2023", "numero": "164", "tipo__sigla": "PROT", "tipo__descricao": "Protocolo", "autoria": "Rafael Vieira Faria (Rafa)", "texto_original": "http://sapl.pedroleopoldo.mg.leg.br/media/", "ementa": "Venho, no uso de minhas atribui\u00e7\u00f5es regimentais, apresentar indica\u00e7\u00e3o, sugerindo ao Poder Executivo a realiza\u00e7\u00e3o de blitz educativa, refor\u00e7ando as boas pr\u00e1ticas de higiene bucal, visando otimizar a qualidade de vida e sa\u00fade."}, {"id": "21390", "ano": "2023", "numero": "165", "tipo__sigla": "PROT", "tipo__descricao": "Protocolo", "autoria": "Rafael Vieira Faria (Rafa)", "texto_original": "http://sapl.pedroleopoldo.mg.leg.br/media/", "ementa": "Venho, no uso de minhas atribui\u00e7\u00f5es regimentais, apresentar presente indica\u00e7\u00e3o, sugerindo ao Poder Executivo, a instala\u00e7\u00e3o do programa Bombeiro Mirim do Corpo de Bombeiros De Minas Gerais nas escolas Municipais do Munic\u00edpio de Pedro Leopoldo, visando preparar nossos adolescentes para o enfrentamento de situa\u00e7\u00f5es de emerg\u00eancia no campo da seguran\u00e7a contra inc\u00eandio e p\u00e2nico, disseminando a cultura prevencionista do Corpo de Bombeiros Militar de Minas Gerais (CBMMG)."}, {"id": "21391", "ano": "2023", "numero": "166", "tipo__sigla": "PROT", "tipo__descricao": "Protocolo", "autoria": "Cynthia Salom\u00e3o Bastos Faria", "texto_original": "http://sapl.pedroleopoldo.mg.leg.br/media/", "ementa": "DESTINAR MATERIAIS ESPORTIVOS PARA O APOIO E INCENTIVO \u00c0 PR\u00c1TICA ESPORTIVA PARA A QUADRA DE FIDALGO, NESTE MUNIC\u00cdPIO."}, {"id": "21392", "ano": "2023", "numero": "167", "tipo__sigla": "PROT", "tipo__descricao": "Protocolo", "autoria": "Cynthia Salom\u00e3o Bastos Faria", "texto_original": "http://sapl.pedroleopoldo.mg.leg.br/media/", "ementa": "DESTINAR MATERIAIS ESPORTIVOS E UM BEBEDOURO PARA O APOIO E INCENTIVO \u00c0 PR\u00c1TICA ESPORTIVA PARA A ESCOLA DE FUTEBOL DE FIDALGO QUE ACONTECE NO CAMPO INDEPENDENTE, NESTE MUNIC\u00cdPIO"}, {"id": "21393", "ano": "2023", "numero": "168", "tipo__sigla": "PROT", "tipo__descricao": "Protocolo", "autoria": "Cynthia Salom\u00e3o Bastos Faria", "texto_original": "http://sapl.pedroleopoldo.mg.leg.br/media/", "ementa": "DETERMINAR AO SETOR COMPETENTE REALIZAR OPERA\u00c7\u00c3O TAPA-BURACO NO IN\u00cdCIO DA RUA MATOSO NO BAIRRO QUINTA DO SUMIDOURO."}, {"id": "21394", "ano": "2023", "numero": "169", "tipo__sigla": "PROT", "tipo__descricao": "Protocolo", "autoria": "Cynthia Salom\u00e3o Bastos Faria", "texto_original": "http://sapl.pedroleopoldo.mg.leg.br/media/", "ementa": "SERVI\u00c7O DE NIVELAMENTO COM PATROL NA ESTRADA DO JAQUE, NO BAIRRO QUINTA DO SUMIDOURO."}, {"id": "21395", "ano": "2023", "numero": "170", "tipo__sigla": "PROT", "tipo__descricao": "Protocolo", "autoria": "Cynthia Salom\u00e3o Bastos Faria", "texto_original": "http://sapl.pedroleopoldo.mg.leg.br/media/", "ementa": "DISPONIBILIZAR UM APARELHO TELEF\u00d4NICO CORPORATIVO  PARA O USO NA AG\u00caNCIA DE CORREIOS DO DISTRITO DE FIDALGO, NESTE MUNIC\u00cdPIO."}, {"id": "21412", "ano": "2023", "numero": "171", "tipo__sigla": "PROT", "tipo__descricao": "Protocolo", "autoria": "Cynthia Salom\u00e3o Bastos Faria", "texto_original": "http://sapl.pedroleopoldo.mg.leg.br/media/", "ementa": "SOLICITAR AO SETOR COMPETENTE  REALIZAR OPERA\u00c7\u00c3O TAPA-BURACO NA RUA DA LAPINHA, ESTRADA QUE LIGA  QUINTA DO SUMIDOURO \u00c0 LAPINHA."}, {"id": "21413", "ano": "2023", "numero": "172", "tipo__sigla": "PROT", "tipo__descricao": "Protocolo", "autoria": "Rafael Vieira Faria (Rafa)", "texto_original": "http://sapl.pedroleopoldo.mg.leg.br/media/", "ementa": "Venho, no uso de minhas atribui\u00e7\u00f5es regimentais, apresentar indica\u00e7\u00e3o, sugerindo ao Poder Executivo o recapeamento das Ruas, ambas no Centro de Pedro Leopoldo: \r\nS\u00edlvio Bahia CEP: 33250-183\r\nVereador Jos\u00e9 Roberto do Amaral CEP: 33250-186\r\nJos\u00e9 Flaviano Machado CEP: 33250-189"}, {"id": "21414", "ano": "2023", "numero": "173", "tipo__sigla": "PROT", "tipo__descricao": "Protocolo", "autoria": "Evaldo Geraldo do Carmo (Evaldo do A\u00e7ougue)", "texto_original": "http://sapl.pedroleopoldo.mg.leg.br/media/", "ementa": "Indica conceder Mo\u00e7\u00e3o de Parab\u00e9ns ao Sr. Fabr\u00edcio Junio da Silva, bombeiro militar."}, {"id": "21415", "ano": "2023", "numero": "174", "tipo__sigla": "PROT", "tipo__descricao": "Protocolo", "autoria": "Cynthia Salom\u00e3o Bastos Faria", "texto_original": "http://sapl.pedroleopoldo.mg.leg.br/media/", "ementa": "Indica a realiza\u00e7\u00e3o de mutir\u00e3o de mamografias, no munic\u00edpio de Pedro Leopoldo."}, {"id": "21416", "ano": "2023", "numero": "175", "tipo__sigla": "PROT", "tipo__descricao": "Protocolo", "autoria": "Cynthia Salom\u00e3o Bastos Faria", "texto_original": "http://sapl.pedroleopoldo.mg.leg.br/media/", "ementa": "N\u00e3o pode: IND 737/2021 de Mauro J\u00fanior\r\nIndica o servi\u00e7o de patrolamento e cascalhamento na Estrada do Bebedouro, no Bairro Quinta do Sumidouro."}, {"id": "21417", "ano": "2023", "numero": "176", "tipo__sigla": "PROT", "tipo__descricao": "Protocolo", "autoria": "Rafael Vieira Faria (Rafa)", "texto_original": "http://sapl.pedroleopoldo.mg.leg.br/media/", "ementa": "Venho, no uso de minhas atribui\u00e7\u00f5es regimentais, apresentar indica\u00e7\u00e3o, sugerindo ao Poder Executivo, a instala\u00e7\u00e3o do projeto social \u201cRaquete Social, Uma Sacada Para a Vida\u201d, visando ensinar Tennis e Beach Tennis a crian\u00e7as carentes a fim de integrar, instruir, socializar e dar uma nova perspectiva de vida, atrav\u00e9s do Esporte"}, {"id": "21418", "ano": "2023", "numero": "177", "tipo__sigla": "PROT", "tipo__descricao": "Protocolo", "autoria": "Cynthia Salom\u00e3o Bastos Faria", "texto_original": "http://sapl.pedroleopoldo.mg.leg.br/media/", "ementa": "COLOCAR UM REDUTOR DE VELOCIDADE (QUEBRA - MOLAS) NA RUA HERCULANO SOARES DE OLIVEIRA, PR\u00d3XIMO AO N\u00daMERO 3.387, NO BAIRRO QUINTA DO SUMIDOURO."}, {"id": "21419", "ano": "2023", "numero": "178", "tipo__sigla": "PROT", "tipo__descricao": "Protocolo", "autoria": "Rafael Vieira Faria (Rafa)", "texto_original": "http://sapl.pedroleopoldo.mg.leg.br/media/", "ementa": "Venho, no uso de minhas atribui\u00e7\u00f5es regimentais, apresentar indica\u00e7\u00e3o, sugerindo ao Poder Executivo o recapeamento das Ruas, ambas no bairro Teot\u00f4nio Batista de Freitas, Pedro Leopoldo-MG: \r\nRua Zico Barbosa, CEP 33254-184;\r\nAvenida Waldemar Damas, lado \u00edmpar,\tCEP 33254-182, lado par CEP 33254-180"}, {"id": "21420", "ano": "2023", "numero": "179", "tipo__sigla": "PROT", "tipo__descricao": "Protocolo", "autoria": "Cynthia Salom\u00e3o Bastos Faria", "texto_original": "http://sapl.pedroleopoldo.mg.leg.br/media/", "ementa": "A SINALIZA\u00c7\u00c3O VERTICAL PROIBINDO PARAR E ESTACIONAR EM UM DOS LADOS DA RUA FERN\u00c3O DIAS,  NAS PROXIMIDADES DA CAPELA VEL\u00d3RIO, NO BAIRRO QUINTA DO SUMIDOURO."}, {"id": "21421", "ano": "2023", "numero": "180", "tipo__sigla": "PROT", "tipo__descricao": "Protocolo", "autoria": "Guilherme de Lima Braga (Guilherme do Doce)", "texto_original": "http://sapl.pedroleopoldo.mg.leg.br/media/", "ementa": "Com os meus cumprimentos, venho por meio deste solicitar de vossa excel\u00eancia determinar ao setor competente interven\u00e7\u00f5es para melhoria e mais seguran\u00e7a no tr\u00e2nsito do entroncamento das ruas Pac\u00edfico Jos\u00e9 Diniz e Av Coronel Juventino Dias, neste Munic\u00edpio."}, {"id": "21422", "ano": "2023", "numero": "181", "tipo__sigla": "PROT", "tipo__descricao": "Protocolo", "autoria": "Guilherme de Lima Braga (Guilherme do Doce)", "texto_original": "http://sapl.pedroleopoldo.mg.leg.br/media/", "ementa": "Com os meus cumprimentos, venho por meio deste solicitar de vossa excel\u00eancia determinar ao setor competente interven\u00e7\u00f5es para melhoria e mais seguran\u00e7a no tr\u00e2nsito do entroncamento das ruas Francisco de Paula Moreira e Av Coronel Juventino Dias, neste Munic\u00edpio."}, {"id": "21423", "ano": "2023", "numero": "182", "tipo__sigla": "PROT", "tipo__descricao": "Protocolo", "autoria": "Guilherme de Lima Braga (Guilherme do Doce)", "texto_original": "http://sapl.pedroleopoldo.mg.leg.br/media/", "ementa": "Com os meus cumprimentos, venho por meio deste solicitar de vossa excel\u00eancia determinar ao setor competente implanta\u00e7\u00e3o de placas \u201cProibido estacionar\u201d do lado esquerdo da rua Pac\u00edfico Jos\u00e9 Diniz, Pr\u00f3ximo ao n\u00famero 457, neste Munic\u00edpio."}, {"id": "21424", "ano": "2023", "numero": "183", "tipo__sigla": "PROT", "tipo__descricao": "Protocolo", "autoria": "Guilherme de Lima Braga (Guilherme do Doce)", "texto_original": "http://sapl.pedroleopoldo.mg.leg.br/media/", "ementa": "Com os meus cumprimentos, venho por meio deste solicitar de vossa excel\u00eancia determinar ao setor competente implanta\u00e7\u00e3o de placas \u201cProibido estacionar\u201d do lado esquerdo da rua Francisco de Paula Moreira, neste Munic\u00edpio"}, {"id": "21425", "ano": "2023", "numero": "184", "tipo__sigla": "PROT", "tipo__descricao": "Protocolo", "autoria": "Rafael Vieira Faria (Rafa)", "texto_original": "http://sapl.pedroleopoldo.mg.leg.br/media/", "ementa": "Venho, no uso de minhas atribui\u00e7\u00f5es regimentais, apresentar indica\u00e7\u00e3o, sugerindo ao Poder Executivo, a retomada da confec\u00e7\u00e3o e do fornecimento de pr\u00f3tese dent\u00e1ria, promovendo a popula\u00e7\u00e3o a assist\u00eancia a esse servi\u00e7o que promove, al\u00e9m da auto estima, melhores condi\u00e7\u00f5es de sa\u00fade e bem-estar."}, {"id": "21426", "ano": "2023", "numero": "185", "tipo__sigla": "PROT", "tipo__descricao": "Protocolo", "autoria": "Cynthia Salom\u00e3o Bastos Faria", "texto_original": "http://sapl.pedroleopoldo.mg.leg.br/media/", "ementa": "QUE \u00d4NIBUS DA LINHA DE FIDALGO E QUINTA DO SUMIDOURO PASSE A ATENDER EM TODOS OS HOR\u00c1RIOS OS MORADORES DA COMUNIDADE DO PERIQUITO, AT\u00c9 A RUA MATOSO, NO BAIRRO QUINTA DO SUMIDOURO."}, {"id": "21427", "ano": "2023", "numero": "186", "tipo__sigla": "PROT", "tipo__descricao": "Protocolo", "autoria": "Rafael Vieira Faria (Rafa)", "texto_original": "http://sapl.pedroleopoldo.mg.leg.br/media/", "ementa": "Venho, no uso de minhas atribui\u00e7\u00f5es, apresentar a presente indica\u00e7\u00e3o, sugerindo ao Poder Executivo a aquisi\u00e7\u00e3o e o fornecimento de vacinas com objetivo de proteger a popula\u00e7\u00e3o da contamina\u00e7\u00e3o ao v\u00edrus da dengue e suas varia\u00e7\u00f5es ou sorotipos distinto"}, {"id": "21428", "ano": "2023", "numero": "187", "tipo__sigla": "PROT", "tipo__descricao": "Protocolo", "autoria": "Cynthia Salom\u00e3o Bastos Faria", "texto_original": "http://sapl.pedroleopoldo.mg.leg.br/media/", "ementa": "DETERMINAR AO SETOR COMPETENTE PROVIDENCIAR A INSTALA\u00c7\u00c3O DE LIXEIRA COMUNIT\u00c1RIA COM PLACA INFORMATIVA NA SA\u00cdDA DE FIDALGO, NESTE MUNIC\u00cdPIO."}, {"id": "21429", "ano": "2023", "numero": "188", "tipo__sigla": "PROT", "tipo__descricao": "Protocolo", "autoria": "Cynthia Salom\u00e3o Bastos Faria", "texto_original": "http://sapl.pedroleopoldo.mg.leg.br/media/", "ementa": "DETERMINAR AO SETOR COMPETENTE PROVIDENCIAR A EXTENS\u00c3O DA REDE EL\u00c9TRICA E A INSTALA\u00c7\u00c3O DE BRA\u00c7OS DE LUZ NAS RUA MARIA PEREIRA E EDNA PEREIRA, NO BAIRRO QUINTA DO SUMIDOURO."}, {"id": "21430", "ano": "2023", "numero": "189", "tipo__sigla": "PROT", "tipo__descricao": "Protocolo", "autoria": "Warlen Alves da Silva", "texto_original": "http://sapl.pedroleopoldo.mg.leg.br/media/", "ementa": "No uso de minhas atribui\u00e7\u00f5es regimentais, indico \u00e0 Excelent\u00edssima Senhora Prefeita determinar ao setor competente para que providencie a aquisi\u00e7\u00e3o de um micro-\u00f4nibus para estar atendendo a demanda de sa\u00fade do munic\u00edpio, quando a popula\u00e7\u00e3o precisa de exames, consulta em belo horizonte."}, {"id": "21431", "ano": "2023", "numero": "190", "tipo__sigla": "PROT", "tipo__descricao": "Protocolo", "autoria": "Warlen Alves da Silva", "texto_original": "http://sapl.pedroleopoldo.mg.leg.br/media/", "ementa": "No uso de minhas atribui\u00e7\u00f5es regimentais, indico a Vossa Excel\u00eancia conceder de Mo\u00e7\u00e3o de Parab\u00e9ns ao Pastor Paulo C\u00e9sar Gomes. pelo desempenho de suas fun\u00e7\u00f5es como servo de Deus sempre atuando com muito amor, fidelidade, ren\u00fancia, prontid\u00e3o e empenho na divulga\u00e7\u00e3o e compreens\u00e3o da palavra de Deus"}, {"id": "21432", "ano": "2023", "numero": "191", "tipo__sigla": "PROT", "tipo__descricao": "Protocolo", "autoria": "Warlen Alves da Silva", "texto_original": "http://sapl.pedroleopoldo.mg.leg.br/media/", "ementa": "No uso de minhas atribui\u00e7\u00f5es regimentais, indico a Vossa Excel\u00eancia conceder de Mo\u00e7\u00e3o de Parab\u00e9ns a Tenente Rejane Cristina dos Santos Fazza, pelos relevantes trabalhos pastoral."}, {"id": "21433", "ano": "2023", "numero": "192", "tipo__sigla": "PROT", "tipo__descricao": "Protocolo", "autoria": "Warlen Alves da Silva", "texto_original": "http://sapl.pedroleopoldo.mg.leg.br/media/", "ementa": ", indico a Vossa Excel\u00eancia conceder de Mo\u00e7\u00e3o de Parab\u00e9ns ao Pastor Guilherme Henrique Paulino, pela excel\u00eancia de suas fun\u00e7\u00f5es como Presb\u00edtero, sempre empenhado na divulga\u00e7\u00e3o e compreens\u00e3o da palavra de Deus, \u00e0 frente da Igreja Assembleia de Deus Bar\u00e9ia."}, {"id": "21434", "ano": "2023", "numero": "193", "tipo__sigla": "PROT", "tipo__descricao": "Protocolo", "autoria": "Mauro J\u00fanior Lopes Francisco", "texto_original": "http://sapl.pedroleopoldo.mg.leg.br/media/", "ementa": "Voto de pesar pelo falecimento do Senhor Francisco Viana conhecido como Sargento Viana. \r\nEncaminhar voto em nome de sua esposa C\u00e9lia Moura Viana e filhas Maria Cl\u00e1udia Viana e Cl\u00e1udia Maria Viana. \r\nEndere\u00e7o: Rua Geraldo Tavares, 63 - Santo Ant\u00f4nio  - Cep 33250-390"}, {"id": "21451", "ano": "2023", "numero": "194", "tipo__sigla": "PROT", "tipo__descricao": "Protocolo", "autoria": "Frederico Henrique Cota Alves (Fred Piau)", "texto_original": "http://sapl.pedroleopoldo.mg.leg.br/media/", "ementa": "Com os meus cumprimentos, venho por meio deste, Indicar que o FESTIVAL DE LUZ, promovido pela Funda\u00e7\u00e3o Cultural Chico Xavier, seja incluso no Calend\u00e1rio Cultural Municipal, uma vez que \u00e9 um evento de alta relev\u00e2ncia que promove grande destaque e movimenta\u00e7\u00e3o para nossa cidade."}, {"id": "21452", "ano": "2023", "numero": "195", "tipo__sigla": "PROT", "tipo__descricao": "Protocolo", "autoria": "Warlen Alves da Silva", "texto_original": "http://sapl.pedroleopoldo.mg.leg.br/media/", "ementa": "\"INSTITUI A MEDALHA VAR\u00c3O E VAROA DE CRISTO\""}, {"id": "21453", "ano": "2023", "numero": "196", "tipo__sigla": "PROT", "tipo__descricao": "Protocolo", "autoria": "Matheus Utsch de Oliveira", "texto_original": "http://sapl.pedroleopoldo.mg.leg.br/media/", "ementa": "No uso de minhas atribui\u00e7\u00f5es regimentais, requeiro \u00e0 Excelent\u00edssima Prefeita informa\u00e7\u00f5es de quais a\u00e7\u00f5es est\u00e3o sendo tomadas para a abertura \u00e0 visita\u00e7\u00e3o na Fazenda Modelo"}, {"id": "21454", "ano": "2023", "numero": "197", "tipo__sigla": "PROT", "tipo__descricao": "Protocolo", "autoria": "Matheus Utsch de Oliveira", "texto_original": "http://sapl.pedroleopoldo.mg.leg.br/media/", "ementa": "No uso de minhas atribui\u00e7\u00f5es regimentais, requeiro \u00e0 Excelent\u00edssima Prefeita informa\u00e7\u00f5es sobre quais medidas ser\u00e3o/foram tomadas devidos os constantes furtos de fios e vandalismos praticados na Pra\u00e7a Tancredo Neves."}, {"id": "21455", "ano": "2023", "numero": "198", "tipo__sigla": "PROT", "tipo__descricao": "Protocolo", "autoria": "Warlen Alves da Silva", "texto_original": "http://sapl.pedroleopoldo.mg.leg.br/media/", "ementa": "Disp\u00f5e sobre a utiliza\u00e7\u00e3o de material publicit\u00e1rio nos ve\u00edculos de transporte escolar com intuito de combater a pedofilia, a cyberpedofilia ou apologia \u00e0 pedofilia."}, {"id": "21456", "ano": "2023", "numero": "199", "tipo__sigla": "PROT", "tipo__descricao": "Protocolo", "autoria": "Eldir Jos\u00e9 Batista (Baixinho da Garagem)", "texto_original": "http://sapl.pedroleopoldo.mg.leg.br/media/", "ementa": "Indica\u00e7\u00e3o de  Mo\u00e7\u00e3o de Parab\u00e9ns a empresa PRECON de Pedro Leopoldo, pelos seus 60 anos de funda\u00e7\u00e3o,"}, {"id": "21457", "ano": "2023", "numero": "200", "tipo__sigla": "PROT", "tipo__descricao": "Protocolo", "autoria": "Eldir Jos\u00e9 Batista (Baixinho da Garagem)", "texto_original": "http://sapl.pedroleopoldo.mg.leg.br/media/", "ementa": "Indico recapeamento da Av. Francisco de Assis Viana, 321no Bairro Manoel Carlos em Pedro Leopoldo."}, {"id": "21458", "ano": "2023", "numero": "201", "tipo__sigla": "PROT", "tipo__descricao": "Protocolo", "autoria": "Frederico Henrique Cota Alves (Fred Piau)", "texto_original": "http://sapl.pedroleopoldo.mg.leg.br/media/", "ementa": "No uso de minhas atribui\u00e7\u00f5es regimentais, indico \u00e0 Vossa Excel\u00eancia Conceder Mo\u00e7\u00e3o de Parab\u00e9ns ao Presidente da Funda\u00e7\u00e3o Cultural Chico Xavier, Jhon Harley, pelo Festival de Luz, promovido em nossa cidade."}, {"id": "21459", "ano": "2023", "numero": "202", "tipo__sigla": "PROT", "tipo__descricao": "Protocolo", "autoria": "Cynthia Salom\u00e3o Bastos Faria", "texto_original": "http://sapl.pedroleopoldo.mg.leg.br/media/", "ementa": "ENVIAR UM PROJETO DE LEI CRIANDO A OBRIGATORIEDADE DA PERMAN\u00caNCIA DAS SALAS DE RECURSOS MULTIFUNCIONAIS, NESTE MUNIC\u00cdPIO."}, {"id": "21460", "ano": "2023", "numero": "203", "tipo__sigla": "PROT", "tipo__descricao": "Protocolo", "autoria": "Leonardo Pereira Ribeiro (Leoz\u00e3o)", "texto_original": "http://sapl.pedroleopoldo.mg.leg.br/media/", "ementa": "VOTO DE PESAR PARA: ROMULO VIEIRA PERP\u00c9TUO\r\n\r\nENVIAR PARA SUA ESPOSA: LIVIA SANTOS LOPES PERP\u00c9TUO \r\n\r\nENDERE\u00c7O: RUA PEDRO ANTONIO PEREIRA N 38 BAIRRO CENTRO\r\nCEP: 33250-168"}, {"id": "21461", "ano": "2023", "numero": "204", "tipo__sigla": "PROT", "tipo__descricao": "Protocolo", "autoria": "Leonardo Pereira Ribeiro (Leoz\u00e3o)", "texto_original": "http://sapl.pedroleopoldo.mg.leg.br/media/", "ementa": "VOTO DE PESAR PARA: MARIA HELENA DE SOUZA \r\n\r\nENVIAR PARA SUA IRM\u00c3: IVONE MARIA DE SOUZA DINIZ \r\n\r\nENDERE\u00c7O: RUA ELZA EVANGELISTA, N 175 BAIRRO AD\u00c9LIA ISSA\r\nCEP:33252-084"}, {"id": "21462", "ano": "2023", "numero": "205", "tipo__sigla": "PROT", "tipo__descricao": "Protocolo", "autoria": "Guilherme de Lima Braga (Guilherme do Doce)", "texto_original": "http://sapl.pedroleopoldo.mg.leg.br/media/", "ementa": "Voto de Pesar pelo Falecimento do Sr. Eust\u00e1quio Batista dos Santos (Le\u00e3o)\r\nEnviar para a Esposa Cleotilde de Paula Batista\r\nRua Suzana Passos,309 Santo Ant\u00f4nio da Barra, Pedro Leopoldo. \r\nCep: 33257010"}, {"id": "21463", "ano": "2023", "numero": "206", "tipo__sigla": "PROT", "tipo__descricao": "Protocolo", "autoria": "Executivo", "texto_original": "http://sapl.pedroleopoldo.mg.leg.br/media/", "ementa": "Retifica o art. 1\u00ba da Lei Municipal n\u00ba 3.334, de 27 de junho de 2023."}, {"id": "21465", "ano": "2023", "numero": "207", "tipo__sigla": "PROT", "tipo__descricao": "Protocolo", "autoria": "Cynthia Salom\u00e3o Bastos Faria", "texto_original": "http://sapl.pedroleopoldo.mg.leg.br/media/", "ementa": "VOTO DE PESAR PARA: T\u00c2NIA LUCIA MATIAS SIM\u00c3O \r\n\r\nPARA SUA FILHA: LAISE APARECIDA MATIAS SIM\u00c3O\r\n\r\nENDERE\u00c7O:  RUA JOAQUIM VIEIRA, N 4298 LAGOA DE SANTO ANTONIO \r\nCEP:33252-129"}, {"id": "21492", "ano": "2023", "numero": "208", "tipo__sigla": "PROT", "tipo__descricao": "Protocolo", "autoria": "Leonardo Pereira Ribeiro (Leoz\u00e3o)", "texto_original": "http://sapl.pedroleopoldo.mg.leg.br/media/", "ementa": "No uso de minhas atribui\u00e7\u00f5es regimentais, solicito a Excelent\u00edssima Sra Prefeita, que seja feita uma melhor manuten\u00e7\u00e3o do caminho que d\u00e1 acesso aos t\u00famulos e covas do cemit\u00e9rio do bairro: Lagoa de Santo Ant\u00f4nio, Pedro Leopoldo MG."}, {"id": "21493", "ano": "2023", "numero": "209", "tipo__sigla": "PROT", "tipo__descricao": "Protocolo", "autoria": "Leonardo Pereira Ribeiro (Leoz\u00e3o)", "texto_original": "http://sapl.pedroleopoldo.mg.leg.br/media/", "ementa": "No uso de minhas atribui\u00e7\u00f5es regimentais, solicito a Excelent\u00edssima Sra Prefeita a altera\u00e7\u00e3o no decreto com rela\u00e7\u00e3o restri\u00e7\u00e3o de hor\u00e1rios para os vel\u00f3rios e sepultamentos no munic\u00edpio de Pedro Leopoldo MG."}, {"id": "21494", "ano": "2023", "numero": "210", "tipo__sigla": "PROT", "tipo__descricao": "Protocolo", "autoria": "Leonardo Pereira Ribeiro (Leoz\u00e3o)", "texto_original": "http://sapl.pedroleopoldo.mg.leg.br/media/", "ementa": "IND\tNo uso de minhas atribui\u00e7\u00f5es regimentais, solicito a Excelent\u00edssima Sra Prefeita a altera\u00e7\u00e3o no decreto com rela\u00e7\u00e3o restri\u00e7\u00e3o de hor\u00e1rios para os vel\u00f3rios e sepultamentos no munic\u00edpio de Pedro Leopoldo MG."}, {"id": "21495", "ano": "2023", "numero": "211", "tipo__sigla": "PROT", "tipo__descricao": "Protocolo", "autoria": "Leonardo Pereira Ribeiro (Leoz\u00e3o)", "texto_original": "http://sapl.pedroleopoldo.mg.leg.br/media/", "ementa": "No uso de minhas atribui\u00e7\u00f5es regimentais, solicito a Excelent\u00edssima Sra Prefeita a compra de um carrinho de cemit\u00e9rio para movimenta\u00e7\u00e3o dos corpos, para o cemit\u00e9rio do bairro Lagoa de Santo Ant\u00f4nio, Pedro Leopoldo MG."}, {"id": "21496", "ano": "2023", "numero": "212", "tipo__sigla": "PROT", "tipo__descricao": "Protocolo", "autoria": "Matheus Utsch de Oliveira", "texto_original": "http://sapl.pedroleopoldo.mg.leg.br/media/", "ementa": "No uso de minhas atribui\u00e7\u00f5es regimentais, requeiro \u00e0 Excelent\u00edssima Senhora Prefeita as seguintes informa\u00e7\u00f5es:\r\n Haver\u00e1 a troca da empresa DDS?\r\nManter\u00e3o os cargos?\r\n Os funcion\u00e1rios receberam os mesmo direitos da empresa VINA?"}, {"id": "21497", "ano": "2023", "numero": "213", "tipo__sigla": "PROT", "tipo__descricao": "Protocolo", "autoria": "Evaldo Geraldo do Carmo (Evaldo do A\u00e7ougue)", "texto_original": "http://sapl.pedroleopoldo.mg.leg.br/media/", "ementa": "(N\u00c3O PODE IND 92/2022 - LEONARDO PEREIRA RIBEIRO)\r\nIndica capina em toda extens\u00e3o da Av. Levi Teixeira da Costa, Bairro Maria de Lourdes, neste munic\u00edpio."}, {"id": "21498", "ano": "2023", "numero": "214", "tipo__sigla": "PROT", "tipo__descricao": "Protocolo", "autoria": "Cynthia Salom\u00e3o Bastos Faria", "texto_original": "http://sapl.pedroleopoldo.mg.leg.br/media/", "ementa": "Indica disponibilizar porteiro em todas as Unidades de Sa\u00fade do Munic\u00edpio de Pedro Leopoldo, em todos os hor\u00e1rios de funcionamento."}, {"id": "21499", "ano": "2023", "numero": "215", "tipo__sigla": "PROT", "tipo__descricao": "Protocolo", "autoria": "Cynthia Salom\u00e3o Bastos Faria", "texto_original": "http://sapl.pedroleopoldo.mg.leg.br/media/", "ementa": "Indica disponibilizar porteiro em todas as Institui\u00e7\u00f5es de Ensino do Munic\u00edpio de Pedro Leopoldo, em todos os hor\u00e1rios de funcionamento."}, {"id": "21500", "ano": "2023", "numero": "216", "tipo__sigla": "PROT", "tipo__descricao": "Protocolo", "autoria": "Frederico Henrique Cota Alves (Fred Piau)", "texto_original": "http://sapl.pedroleopoldo.mg.leg.br/media/", "ementa": "Indica a instala\u00e7\u00e3o de c\u00e2meras de seguran\u00e7a em todas as salas de aula das escolas municipais."}, {"id": "21501", "ano": "2023", "numero": "217", "tipo__sigla": "PROT", "tipo__descricao": "Protocolo", "autoria": "Cynthia Salom\u00e3o Bastos Faria", "texto_original": "http://sapl.pedroleopoldo.mg.leg.br/media/", "ementa": "Indica designar um profissional para ensinar Xadrez nas Institui\u00e7\u00f5es de Ensino, neste Munic\u00edpio."}, {"id": "21502", "ano": "2023", "numero": "218", "tipo__sigla": "PROT", "tipo__descricao": "Protocolo", "autoria": "Mauro J\u00fanior Lopes Francisco", "texto_original": "http://sapl.pedroleopoldo.mg.leg.br/media/", "ementa": "No uso de nossas atribui\u00e7\u00f5es regimentais, reiteramos a indica\u00e7\u00e3o de n\u00ba737/2021 \u00e0 Excelent\u00edssima Senhora Prefeita determinar ao setor competente providenciar patrolamento, cascalhamento, bem como abertura para escoamento de \u00e1gua da chuva em toda a extens\u00e3o da Estrada do Bebedouro localizada no bairro Quinta do Sumidouro.\r\nMauro Junior e Cynthia Salom\u00e3o"}, {"id": "21503", "ano": "2023", "numero": "219", "tipo__sigla": "PROT", "tipo__descricao": "Protocolo", "autoria": "Cynthia Salom\u00e3o Bastos Faria", "texto_original": "http://sapl.pedroleopoldo.mg.leg.br/media/", "ementa": "Enviar um Projeto de Lei que trata da Seguran\u00e7a nos Pr\u00e9dios e Reparti\u00e7\u00f5es P\u00fablicas do Munic\u00edpio de Pedro Leopoldo."}, {"id": "21504", "ano": "2023", "numero": "220", "tipo__sigla": "PROT", "tipo__descricao": "Protocolo", "autoria": "Rafael Vieira Faria (Rafa)", "texto_original": "http://sapl.pedroleopoldo.mg.leg.br/media/", "ementa": "Disp\u00f5e sobre manter um vigilante patrimonial, instala\u00e7\u00e3o de detectores de metais e c\u00e2meras de vigil\u00e2ncia de monitoramento nas EMEIs e Escolas P\u00fablicas Municipais, mantidas pelo Poder Executivo Municipal."}, {"id": "21505", "ano": "2023", "numero": "221", "tipo__sigla": "PROT", "tipo__descricao": "Protocolo", "autoria": "Frederico Henrique Cota Alves (Fred Piau)", "texto_original": "http://sapl.pedroleopoldo.mg.leg.br/media/", "ementa": "Disp\u00f5e sobre o sistema de bilhetagem eletr\u00f4nica no servi\u00e7o de transporte p\u00fablico coletivo de passageiros por \u00f4nibus, e d\u00e1 outras provid\u00eancias."}, {"id": "21506", "ano": "2023", "numero": "222", "tipo__sigla": "PROT", "tipo__descricao": "Protocolo", "autoria": "Leonardo Pereira Ribeiro (Leoz\u00e3o)", "texto_original": "http://sapl.pedroleopoldo.mg.leg.br/media/", "ementa": "No uso de minhas atribui\u00e7\u00f5es regimentais, indico a Excelent\u00edssima Sra Prefeita determinar ao setor competente a compra de 3 tr\u00eas macas para o Centro Municipal  de Fisioterapia, na rua Herbster, 118 - centro de Pedro Leopoldo MG."}, {"id": "21507", "ano": "2023", "numero": "223", "tipo__sigla": "PROT", "tipo__descricao": "Protocolo", "autoria": "Leonardo Pereira Ribeiro (Leoz\u00e3o)", "texto_original": "http://sapl.pedroleopoldo.mg.leg.br/media/", "ementa": "No uso de minhas atribui\u00e7\u00f5es regimentais, indico a Excelent\u00edssima Sra Prefeita determinar ao setor competente,  a compra de ventiladores para o Centro Municipal de Fisioterapia, na rua Dr. Herbster, 118 - centro de Pedro Leopoldo MG."}, {"id": "21508", "ano": "2023", "numero": "224", "tipo__sigla": "PROT", "tipo__descricao": "Protocolo", "autoria": "Leonardo Pereira Ribeiro (Leoz\u00e3o)", "texto_original": "http://sapl.pedroleopoldo.mg.leg.br/media/", "ementa": "No uso de minhas atribui\u00e7\u00f5es regimentais, indico a Excelent\u00edssima Sra Prefeita determinar ao setor competente a compra de um bebedouro para o Centro Municipal de Fisioterapia, na rua Dr. Herbster, 118 -  centro de Pedro Leopoldo MG."}, {"id": "21509", "ano": "2023", "numero": "225", "tipo__sigla": "PROT", "tipo__descricao": "Protocolo", "autoria": "Eldir Jos\u00e9 Batista (Baixinho da Garagem)", "texto_original": "http://sapl.pedroleopoldo.mg.leg.br/media/", "ementa": "Indico 2 ( dois ) elevados e 1 ( uma ) rotat\u00f3ria na subida da Rua Jo\u00e3o Teodoro da Silva, pr\u00f3ximo ao PA Central."}, {"id": "21510", "ano": "2023", "numero": "226", "tipo__sigla": "PROT", "tipo__descricao": "Protocolo", "autoria": "Executivo", "texto_original": "http://sapl.pedroleopoldo.mg.leg.br/media/", "ementa": "Inclui o artigo 54-A na Lei Municipal n\u00ba 3.281, de 03 de abril de 2012, com altera\u00e7\u00f5es impostas pela Lei Municipal n\u00ba 3.520, de 20 de dezembro de 2.018."}, {"id": "21511", "ano": "2023", "numero": "227", "tipo__sigla": "PROT", "tipo__descricao": "Protocolo", "autoria": "Executivo", "texto_original": "http://sapl.pedroleopoldo.mg.leg.br/media/", "ementa": "Disp\u00f5e sobre a proibi\u00e7\u00e3o da perman\u00eancia de animais de m\u00e9dio e grande porte nas vias e logradouros p\u00fablicos do Munic\u00edpio de Pedro Leopoldo."}, {"id": "21512", "ano": "2023", "numero": "228", "tipo__sigla": "PROT", "tipo__descricao": "Protocolo", "autoria": "Cynthia Salom\u00e3o Bastos Faria", "texto_original": "http://sapl.pedroleopoldo.mg.leg.br/media/", "ementa": "Requeiro \u00e0 Excelent\u00edssima Senhora Prefeita, informa\u00e7\u00f5es sobre quais as a\u00e7\u00f5es educativas desenvolvidas pela Secretaria Municipal de Educa\u00e7\u00e3o em rela\u00e7\u00e3o ao combate ao bullying e na preven\u00e7\u00e3o de viol\u00eancia no ambiente escolar, neste munic\u00edpio."}, {"id": "21513", "ano": "2023", "numero": "229", "tipo__sigla": "PROT", "tipo__descricao": "Protocolo", "autoria": "Cynthia Salom\u00e3o Bastos Faria", "texto_original": "http://sapl.pedroleopoldo.mg.leg.br/media/", "ementa": "Determinar ao setor competente um estudo para que sejam analisados os preju\u00edzos decorrentes das turmas multisseriadas na Escola Municipal Quinta do Sumidouro e a possibilidade de separa\u00e7\u00e3o das turmas por ano de escolariza\u00e7\u00e3o."}, {"id": "21514", "ano": "2023", "numero": "230", "tipo__sigla": "PROT", "tipo__descricao": "Protocolo", "autoria": "Cynthia Salom\u00e3o Bastos Faria", "texto_original": "http://sapl.pedroleopoldo.mg.leg.br/media/", "ementa": "Permite a apresenta\u00e7\u00e3o da carteira de identidade como meio de prova para atestar defici\u00eancia permanente f\u00edsica, mental, intelectual, auditiva ou visual, bem como o Transtorno do Espectro Autista (TEA), perante os servi\u00e7os p\u00fablicos e para a concess\u00e3o de benef\u00edcios que exijam comprova\u00e7\u00e3o de condi\u00e7\u00f5es de sa\u00fade no Munic\u00edpio de Pedro Leopoldo."}, {"id": "21515", "ano": "2023", "numero": "231", "tipo__sigla": "PROT", "tipo__descricao": "Protocolo", "autoria": "Leonardo Pereira Ribeiro (Leoz\u00e3o)", "texto_original": "http://sapl.pedroleopoldo.mg.leg.br/media/", "ementa": "VOTO DE PESAR PARA: PATRICIA DE LOURDES DA SILVA \r\n\r\nPARA SUA IRM\u00c3: ADRIANA DOS SANTOS \r\nENDERE\u00c7O: RUA, DAS MARGARIDAS N46 BAIRRO MORADA DOS ANGICOS\r\nCEP:33252-658 -  \r\n\r\nPARA SEU IRM\u00c3O: CESAR AUGUSTO DOS SANTOS\r\nENDERE\u00c7O: RUA, RIACHINHO N680 BAIRRO, MARIA DE LOURDES\r\nRESIDENCIAL JOAQUIM TAVARES\r\nCEP:33255004"}, {"id": "21516", "ano": "2023", "numero": "232", "tipo__sigla": "PROT", "tipo__descricao": "Protocolo", "autoria": "Cynthia Salom\u00e3o Bastos Faria", "texto_original": "http://sapl.pedroleopoldo.mg.leg.br/media/", "ementa": "VOTO DE PESAR PARA: ILMA DE FREITAS VIVEIROS\r\nENVIAR PARA : AS FILHAS: FL\u00c1VIA E LUCIANA\r\nN\u00c3O H\u00c1 NECESSIDADE DE ENVIO DE CORRESPOND\u00caNCIA."}, {"id": "21517", "ano": "2023", "numero": "233", "tipo__sigla": "PROT", "tipo__descricao": "Protocolo", "autoria": "Eldir Jos\u00e9 Batista (Baixinho da Garagem)", "texto_original": "http://sapl.pedroleopoldo.mg.leg.br/media/", "ementa": "Indico 2 ( duas ) faixas elevadas  na subida do Bairro S\u00e3o Geraldo, pr\u00f3ximo ao PA Central. Uma faixa elevada pr\u00f3ximo ao n\u00ba 15 da Rua Olivier Teixeira e outra faixa elevada pr\u00f3ximo ao n\u00ba 26 da Rua Dr Rocha."}, {"id": "21547", "ano": "2023", "numero": "234", "tipo__sigla": "PROT", "tipo__descricao": "Protocolo", "autoria": "Cynthia Salom\u00e3o Bastos Faria", "texto_original": "http://sapl.pedroleopoldo.mg.leg.br/media/", "ementa": "Determinar ao setor competente destinar materiais esportivos e um bebedouro para o apoio e incentivo \u00e0 pr\u00e1tica esportiva para a Escola de Futebol Santa Cruz, em Fidalgo, neste Munic\u00edpio."}, {"id": "21548", "ano": "2023", "numero": "235", "tipo__sigla": "PROT", "tipo__descricao": "Protocolo", "autoria": "Matheus Utsch de Oliveira", "texto_original": "http://sapl.pedroleopoldo.mg.leg.br/media/", "ementa": "No uso de minhas atribui\u00e7\u00f5es regimentais, requeiro \u00e0 Excelent\u00edssima Senhora Prefeita informa\u00e7\u00f5es sobre o crime ambiental atualmente cometido pela Secretaria de Obras na Estrada do Pimentel, pr\u00f3ximo ao  km 1,4."}, {"id": "21549", "ano": "2023", "numero": "236", "tipo__sigla": "PROT", "tipo__descricao": "Protocolo", "autoria": "Mauro J\u00fanior Lopes Francisco", "texto_original": "http://sapl.pedroleopoldo.mg.leg.br/media/", "ementa": "No uso de minhas atribui\u00e7\u00f5es regimentais, indico a Vossa Excel\u00eancia a concess\u00e3o de Mo\u00e7\u00e3o de Parab\u00e9ns ao senhor Eduardo Martins Rosa Guarda Civil de Pedro Leopoldo."}, {"id": "21550", "ano": "2023", "numero": "237", "tipo__sigla": "PROT", "tipo__descricao": "Protocolo", "autoria": "Mauro J\u00fanior Lopes Francisco", "texto_original": "http://sapl.pedroleopoldo.mg.leg.br/media/", "ementa": "No uso de minhas atribui\u00e7\u00f5es regimentais, indico a Vossa Excel\u00eancia a concess\u00e3o de Mo\u00e7\u00e3o de Parab\u00e9ns ao senhor Warleson Aparecido da Costa Guarda Civil de Pedro Leopoldo."}, {"id": "21551", "ano": "2023", "numero": "238", "tipo__sigla": "PROT", "tipo__descricao": "Protocolo", "autoria": "Mauro J\u00fanior Lopes Francisco", "texto_original": "http://sapl.pedroleopoldo.mg.leg.br/media/", "ementa": "No uso de minhas atribui\u00e7\u00f5es regimentais, indico a Vossa Excel\u00eancia a concess\u00e3o de Mo\u00e7\u00e3o de Parab\u00e9ns \u00e0 senhora Jucilene Helena Souza Guarda Civil de Pedro Leopoldo."}, {"id": "21558", "ano": "2023", "numero": "239", "tipo__sigla": "PROT", "tipo__descricao": "Protocolo", "autoria": "Cynthia Salom\u00e3o Bastos Faria", "texto_original": "http://sapl.pedroleopoldo.mg.leg.br/media/", "ementa": "Determinar ao setor competente fazer a amplia\u00e7\u00e3o do hor\u00e1rio de \u00f4nibus aos s\u00e1bados da linha da Quinta do Sumidouro, per\u00edodo noturno, nos respectivos hor\u00e1rios: 21h30min e 22h15min."}, {"id": "21559", "ano": "2023", "numero": "240", "tipo__sigla": "PROT", "tipo__descricao": "Protocolo", "autoria": "Cynthia Salom\u00e3o Bastos Faria", "texto_original": "http://sapl.pedroleopoldo.mg.leg.br/media/", "ementa": "Determinar ao setor competente destinar materiais esportivos e um bebedouro para o apoio e incentivo \u00e0 pr\u00e1tica esportiva para a Escola de Futebol Esporte Clube Universo, na Quinta do Sumidouro, neste Munic\u00edpio."}, {"id": "21560", "ano": "2023", "numero": "241", "tipo__sigla": "PROT", "tipo__descricao": "Protocolo", "autoria": "Cynthia Salom\u00e3o Bastos Faria", "texto_original": "http://sapl.pedroleopoldo.mg.leg.br/media/", "ementa": "Determinar ao setor competente realizar o servi\u00e7o de patrolamento e bica corrida na rua Jair Martins, em Fidalgo."}, {"id": "21565", "ano": "2023", "numero": "242", "tipo__sigla": "PROT", "tipo__descricao": "Protocolo", "autoria": "Guilherme de Lima Braga (Guilherme do Doce)", "texto_original": "http://sapl.pedroleopoldo.mg.leg.br/media/", "ementa": "No uso de minhas atribui\u00e7\u00f5es regimentais, indico \u00e0 Excelent\u00edssima Senhora Prefeita solicitar ao setor competente a instala\u00e7\u00e3o de redutores de velocidade (quebra-molas) na rua Caio Martins, no bairro Joana Darc, neste Munic\u00edpio."}, {"id": "21566", "ano": "2023", "numero": "243", "tipo__sigla": "PROT", "tipo__descricao": "Protocolo", "autoria": "Rafael Vieira Faria (Rafa)", "texto_original": "http://sapl.pedroleopoldo.mg.leg.br/media/", "ementa": "Indica\u00e7\u00e3o a extens\u00e3o de rede de ilumina\u00e7\u00e3o p\u00fablica na Rua da Lapinha, via que liga a Quinta do Sumidouro a Lapinha."}, {"id": "21567", "ano": "2023", "numero": "244", "tipo__sigla": "PROT", "tipo__descricao": "Protocolo", "autoria": "Warlen Alves da Silva", "texto_original": "http://sapl.pedroleopoldo.mg.leg.br/media/", "ementa": "No uso de minhas atribui\u00e7\u00f5es regimentais, indico \u00e0 Excelent\u00edssima Senhora Prefeita determinar ao setor competente, providenciar o servi\u00e7o de reparo ou troca da tampa de bueiro localizado pr\u00f3ximo ao n\u00famero 620, Rua Joao Teodoro da Silva, bairro Donato, neste munic\u00edpio."}, {"id": "21568", "ano": "2023", "numero": "245", "tipo__sigla": "PROT", "tipo__descricao": "Protocolo", "autoria": "Warlen Alves da Silva", "texto_original": "http://sapl.pedroleopoldo.mg.leg.br/media/", "ementa": "No uso de minhas atribui\u00e7\u00f5es regimentais, indico \u00e0 Excelent\u00edssima Senhora Prefeita determinar ao setor competente, providenciar o servi\u00e7o de reparo ou troca da tampa de bueiro localizado pr\u00f3ximo ao n\u00famero 327, Rua Em\u00edlio Ferreira, bairro Santo Ant\u00f4nio, neste munic\u00edpio."}, {"id": "21569", "ano": "2023", "numero": "246", "tipo__sigla": "PROT", "tipo__descricao": "Protocolo", "autoria": "Guilherme de Lima Braga (Guilherme do Doce)", "texto_original": "http://sapl.pedroleopoldo.mg.leg.br/media/", "ementa": "Voto de pesar para o Sr. Vitor Martins de Jesus \r\nRua Herm\u00ednio Lopes, 132 Romero de Carvalho\r\nPara sua M\u00e3e T\u00e2nia Helena Martins de Jesus"}, {"id": "21570", "ano": "2023", "numero": "247", "tipo__sigla": "PROT", "tipo__descricao": "Protocolo", "autoria": "Mauro J\u00fanior Lopes Francisco", "texto_original": "http://sapl.pedroleopoldo.mg.leg.br/media/", "ementa": "No uso de minhas atribui\u00e7\u00f5es regimentais, indico a Vossa Excel\u00eancia a concess\u00e3o de Mo\u00e7\u00e3o de Parab\u00e9ns a Guarda de Congo S\u00e3o Benedito e Nossa Senhora do Ros\u00e1rio de Vera Cruz de Minas em Pedro Leopoldo."}, {"id": "21571", "ano": "2023", "numero": "248", "tipo__sigla": "PROT", "tipo__descricao": "Protocolo", "autoria": "Guilherme de Lima Braga (Guilherme do Doce)", "texto_original": "http://sapl.pedroleopoldo.mg.leg.br/media/", "ementa": "Voto de pesar para  Anderson Vieira Cardoso\r\nRua Matutina, n\u00famero 90 bairro Joana Darc 33255-276\r\nEsposa Carine Matias."}, {"id": "21572", "ano": "2023", "numero": "249", "tipo__sigla": "PROT", "tipo__descricao": "Protocolo", "autoria": "Mauro J\u00fanior Lopes Francisco", "texto_original": "http://sapl.pedroleopoldo.mg.leg.br/media/", "ementa": "No uso de minhas atribui\u00e7\u00f5es regimentais, indico \u00e0 Excelent\u00edssima Senhora Prefeita determinar ao setor competente providenciar placas de sinaliza\u00e7\u00e3o nos redutores de velocidade instalados \u00e0 Av. Pedro Leopoldo no munic\u00edpio de Vera Cruz de Minas pr\u00f3ximo aos n\u00fameros 143 e 417 bem como, o redutor de velocidade instalado pr\u00f3ximo a esquina da Avenida Central com a Av. Pedro Leopoldo \u00e0 altura do n\u00famero 149."}, {"id": "21573", "ano": "2023", "numero": "250", "tipo__sigla": "PROT", "tipo__descricao": "Protocolo", "autoria": "Guilherme de Lima Braga (Guilherme do Doce)", "texto_original": "http://sapl.pedroleopoldo.mg.leg.br/media/", "ementa": "No uso de minhas atribui\u00e7\u00f5es regimentais, indico \u00e0 Excelent\u00edssima Senhora Prefeita solicitar ao setor competente providenciar o servi\u00e7o de recapeamento asf\u00e1ltico em toda a extens\u00e3o da rua das Brom\u00e9lias localizada no bairro Morada dos Hibiscos, neste Munic\u00edpio."}, {"id": "21574", "ano": "2023", "numero": "251", "tipo__sigla": "PROT", "tipo__descricao": "Protocolo", "autoria": "Mauro J\u00fanior Lopes Francisco", "texto_original": "http://sapl.pedroleopoldo.mg.leg.br/media/", "ementa": "No uso de minhas atribui\u00e7\u00f5es regimentais, indico \u00e0 Excelent\u00edssima Senhora Prefeita determinar ao setor competente providenciar opera\u00e7\u00e3o tapa buracos em toda a extens\u00e3o da Rua Jos\u00e9 Salom\u00e3o no distrito de Vera Cruz de Minas."}, {"id": "21575", "ano": "2023", "numero": "252", "tipo__sigla": "PROT", "tipo__descricao": "Protocolo", "autoria": "Cynthia Salom\u00e3o Bastos Faria", "texto_original": "http://sapl.pedroleopoldo.mg.leg.br/media/", "ementa": "No uso de minhas atribui\u00e7\u00f5es regimentais, indico \u00e0 Excelent\u00edssima Senhora Prefeita determinar ao setor competente providenciar que seja disponibilizado em pelo menos 3 (tr\u00eas) hor\u00e1rios que o \u00f4nibus de Vera Cruz de Minas suba toda a Rua S\u00e3o Sebasti\u00e3o, conhecido como rua da Serra."}, {"id": "21576", "ano": "2023", "numero": "253", "tipo__sigla": "PROT", "tipo__descricao": "Protocolo", "autoria": "Matheus Utsch de Oliveira", "texto_original": "http://sapl.pedroleopoldo.mg.leg.br/media/", "ementa": "Solicito saber informa\u00e7\u00f5es de quando ser\u00e1 a convoca\u00e7\u00e3o dos demais agentes aprovados no processo seletivo; se foi confirmado pela prefeita em reuni\u00e3o com a Michelle, diretora de sa\u00fade, que as vagas sairiam at\u00e9 abril deste ano; se procede a renova\u00e7\u00e3o do processo seletivo por mais 2 anos, conforme relatado aos aprovados por e-mail."}, {"id": "21577", "ano": "2023", "numero": "254", "tipo__sigla": "PROT", "tipo__descricao": "Protocolo", "autoria": "Cynthia Salom\u00e3o Bastos Faria", "texto_original": "http://sapl.pedroleopoldo.mg.leg.br/media/", "ementa": "Determinar ao setor competente fazer a instala\u00e7\u00e3o de placas  PROIBIDO JOGAR LIXO E ENTULHO NESTE LOCAL na esquina das ruas Joaquim Marcelino Filho com Olhos D\u00b4\u00c1gua, Palestina com Belo Horizonte, Bras\u00edlia com Uberl\u00e2ndia, na pra\u00e7a principal de Fidalgo: Rua Ant\u00f4nio Jo\u00e3o Salom\u00e3o com Pac\u00edfico Rodrigues, em Fidalgo e na rua Floresta com Alice dos Anjos, na Quinta do Sumidouro."}, {"id": "21578", "ano": "2023", "numero": "255", "tipo__sigla": "PROT", "tipo__descricao": "Protocolo", "autoria": "Cynthia Salom\u00e3o Bastos Faria", "texto_original": "http://sapl.pedroleopoldo.mg.leg.br/media/", "ementa": "Determinar ao setor competente realizar o servi\u00e7o de patrolamento e cascalhamento em toda a extens\u00e3o da rua Raimundo Rafael dos Anjos (Cerrado), em Fidalgo."}, {"id": "21579", "ano": "2023", "numero": "256", "tipo__sigla": "PROT", "tipo__descricao": "Protocolo", "autoria": "Cynthia Salom\u00e3o Bastos Faria", "texto_original": "http://sapl.pedroleopoldo.mg.leg.br/media/", "ementa": "Determinar ao setor competente retornar com o hor\u00e1rio de \u00f4nibus da rodovi\u00e1ria sentido Lagoa Santa via Fidalgo e Quinta do Sumidouro."}, {"id": "21580", "ano": "2023", "numero": "257", "tipo__sigla": "PROT", "tipo__descricao": "Protocolo", "autoria": "Cynthia Salom\u00e3o Bastos Faria", "texto_original": "http://sapl.pedroleopoldo.mg.leg.br/media/", "ementa": "Determinar ao setor competente retornar com todos os hor\u00e1rios de \u00f4nibus da Linha 5180 - Pedro Leopoldo / Lapinha, extintos na ocasi\u00e3o da pandemia de COVID-19."}, {"id": "21581", "ano": "2023", "numero": "258", "tipo__sigla": "PROT", "tipo__descricao": "Protocolo", "autoria": "Cynthia Salom\u00e3o Bastos Faria", "texto_original": "http://sapl.pedroleopoldo.mg.leg.br/media/", "ementa": "Determinar ao setor competente realizar a recomposi\u00e7\u00e3o asf\u00e1ltica no in\u00edcio da Estrada do Jaque, no bairro Quinta do Sumidouro."}, {"id": "21614", "ano": "2023", "numero": "259", "tipo__sigla": "PROT", "tipo__descricao": "Protocolo", "autoria": "Eldir Jos\u00e9 Batista (Baixinho da Garagem)", "texto_original": "http://sapl.pedroleopoldo.mg.leg.br/media/", "ementa": "DISP\u00d5E SOBRE A ELABORA\u00c7\u00c3O DEO LIVRO \"PEDRO LEOPOLDO: HIST\u00d3RIA E MEM\u00d3RIA\", A SER ESCRITO POR UM AUTOR LOCAL, E D\u00c1 OUTRAS PROVID\u00caNCIAS."}, {"id": "21615", "ano": "2023", "numero": "260", "tipo__sigla": "PROT", "tipo__descricao": "Protocolo", "autoria": "Eldir Jos\u00e9 Batista (Baixinho da Garagem)", "texto_original": "http://sapl.pedroleopoldo.mg.leg.br/media/", "ementa": "Indico a instala\u00e7\u00e3o de 02 redutores de velocidade (quebra molas) na Rua Jo\u00e3o de Deus Costa, pr\u00f3ximo ao n\u00ba 30, Fazenda Cachoeirinha em 5\u00aa das Palmeiras."}, {"id": "21616", "ano": "2023", "numero": "261", "tipo__sigla": "PROT", "tipo__descricao": "Protocolo", "autoria": "Mauro J\u00fanior Lopes Francisco", "texto_original": "http://sapl.pedroleopoldo.mg.leg.br/media/", "ementa": "No uso de minhas atribui\u00e7\u00f5es regimentais, indico \u00e0 Excelent\u00edssima Senhora Prefeita determinar ao setor competente que seja providenciado troca de tampa do bueiro localizado \u00e0 Rua Jos\u00e9 Salom\u00e3o pr\u00f3ximo ao n\u00famero 70, no distrito de Vera Cruz de Minas."}, {"id": "21617", "ano": "2023", "numero": "262", "tipo__sigla": "PROT", "tipo__descricao": "Protocolo", "autoria": "Mauro J\u00fanior Lopes Francisco", "texto_original": "http://sapl.pedroleopoldo.mg.leg.br/media/", "ementa": "No uso de minhas atribui\u00e7\u00f5es regimentais, indico \u00e0 Excelent\u00edssima Senhora Prefeita determinar ao setor competente a constru\u00e7\u00e3o de uma pra\u00e7a \u00e0 Avenida Central pr\u00f3ximo ao n\u00ba 99 no Distrito de Vera Cruz de Minas."}, {"id": "21621", "ano": "2023", "numero": "263", "tipo__sigla": "PROT", "tipo__descricao": "Protocolo", "autoria": "Mauro J\u00fanior Lopes Francisco", "texto_original": "http://sapl.pedroleopoldo.mg.leg.br/media/", "ementa": "No uso de minhas atribui\u00e7\u00f5es regimentais, indico \u00e0 Excelent\u00edssima Senhora Prefeita solicitar ao setor competente a instala\u00e7\u00e3o de redutor de velocidade (quebra-molas) na Rodovia Neves pr\u00f3ximo ao n\u00famero 454 no bairro Vera Cruz, neste Munic\u00edpio."}, {"id": "21622", "ano": "2023", "numero": "264", "tipo__sigla": "PROT", "tipo__descricao": "Protocolo", "autoria": "Mauro J\u00fanior Lopes Francisco", "texto_original": "http://sapl.pedroleopoldo.mg.leg.br/media/", "ementa": "No uso de minhas atribui\u00e7\u00f5es regimentais, indico \u00e0 Excelent\u00edssima Senhora Prefeita providenciar, junto aos \u00f3rg\u00e3os competentes, que seja feito a Pavimenta\u00e7\u00e3o Asf\u00e1ltica na Estrada da Lapa Vermelha, neste munic\u00edpio"}, {"id": "21623", "ano": "2023", "numero": "265", "tipo__sigla": "PROT", "tipo__descricao": "Protocolo", "autoria": "Guilherme de Lima Braga (Guilherme do Doce)", "texto_original": "http://sapl.pedroleopoldo.mg.leg.br/media/", "ementa": "No uso de minhas atribui\u00e7\u00f5es regimentais, indico a Excelent\u00edssima Senhora Prefeita providenciar, junto aos \u00f3rg\u00e3os competentes, que seja feito a Pavimenta\u00e7\u00e3o Asf\u00e1ltica no final da rua Caio Martins pr\u00f3ximo ao n\u00famero 925 localizada no bairro S\u00e3o Geraldo, neste munic\u00edpio"}, {"id": "21624", "ano": "2023", "numero": "266", "tipo__sigla": "PROT", "tipo__descricao": "Protocolo", "autoria": "Guilherme de Lima Braga (Guilherme do Doce)", "texto_original": "http://sapl.pedroleopoldo.mg.leg.br/media/", "ementa": "No uso de minhas atribui\u00e7\u00f5es regimentais, indico a Excelent\u00edssima Senhora Prefeita determinar ao setor competente IMPLANTA\u00c7\u00c3O DE MANILHAS  na rua Jos\u00e9 Salom\u00e3o, pr\u00f3ximo ao n\u00famero 385, bairro Vera Cruz de Minas."}, {"id": "21625", "ano": "2023", "numero": "267", "tipo__sigla": "PROT", "tipo__descricao": "Protocolo", "autoria": "Guilherme de Lima Braga (Guilherme do Doce)", "texto_original": "http://sapl.pedroleopoldo.mg.leg.br/media/", "ementa": "No uso de minhas atribui\u00e7\u00f5es regimentais, indico \u00e0 Excelent\u00edssima Senhora Prefeita solicitar ao setor competente providenciar o servi\u00e7o de patrolamento na rua Gard\u00eania localizada no bairro Santo Ant\u00f4nio da Barra, neste munic\u00edpio."}, {"id": "21626", "ano": "2023", "numero": "268", "tipo__sigla": "PROT", "tipo__descricao": "Protocolo", "autoria": "Guilherme de Lima Braga (Guilherme do Doce)", "texto_original": "http://sapl.pedroleopoldo.mg.leg.br/media/", "ementa": "Voto de pesar pelo falecimento do Sr. Ant\u00f4nio Humberto de Souza, enviar para sua esposa Solange Aparecida de Souza. Rua Ascendino Jos\u00e9 Costa n\u00famero 475 coqueirinho."}, {"id": "21627", "ano": "2023", "numero": "269", "tipo__sigla": "PROT", "tipo__descricao": "Protocolo", "autoria": "Mauro J\u00fanior Lopes Francisco", "texto_original": "http://sapl.pedroleopoldo.mg.leg.br/media/", "ementa": "No uso de minhas atribui\u00e7\u00f5es regimentais, indico a Vossa Excel\u00eancia a concess\u00e3o de Mo\u00e7\u00e3o de Parab\u00e9ns ao senhor Tenente Coronel Evair dos Santos de Oliveira antigo Secret\u00e1rio de Seguran\u00e7a P\u00fablica do munic\u00edpio de Pedro Leopoldo."}, {"id": "21639", "ano": "2023", "numero": "270", "tipo__sigla": "PROT", "tipo__descricao": "Protocolo", "autoria": "Matheus Utsch de Oliveira", "texto_original": "http://sapl.pedroleopoldo.mg.leg.br/media/", "ementa": "No uso de minhas atribui\u00e7\u00f5es regimentais, requeiro \u00e0 Excelent\u00edssima Senhora Prefeita as informa\u00e7\u00f5es e documentos (respeitando a LGPD) que comprovem os nomes dos empregados da empresa DDS que prestaram servi\u00e7os na prefeitura, respectivamente seus setores, sal\u00e1rios e cargos/fun\u00e7\u00f5es no per\u00edodo de vig\u00eancia do contrato."}, {"id": "21640", "ano": "2023", "numero": "271", "tipo__sigla": "PROT", "tipo__descricao": "Protocolo", "autoria": "Executivo", "texto_original": "http://sapl.pedroleopoldo.mg.leg.br/media/", "ementa": "Autoriza ao Munic\u00edpio de Pedro Leopoldo a permutar im\u00f3veis que especifica."}, {"id": "21641", "ano": "2023", "numero": "272", "tipo__sigla": "PROT", "tipo__descricao": "Protocolo", "autoria": "Executivo", "texto_original": "http://sapl.pedroleopoldo.mg.leg.br/media/", "ementa": "EMENDA MODIFICATIVA 01 - Alteram os artigos 9\u00ba e 10 do Projeto de Lei 08/2023"}, {"id": "21642", "ano": "2023", "numero": "273", "tipo__sigla": "PROT", "tipo__descricao": "Protocolo", "autoria": "Cynthia Salom\u00e3o Bastos Faria", "texto_original": "http://sapl.pedroleopoldo.mg.leg.br/media/", "ementa": "Indica determinar ao setor competente realizar um estudo para verificar a possibilidade de fazer o manilhamento da rua Matoso, no bairro Quinta do Sumidouro."}, {"id": "21643", "ano": "2023", "numero": "274", "tipo__sigla": "PROT", "tipo__descricao": "Protocolo", "autoria": "Executivo", "texto_original": "http://sapl.pedroleopoldo.mg.leg.br/media/", "ementa": "SUBSTITUTIVO 01 AO PL 11/2023 / Retifica o artigo 1\u00ba da Lei Municipal 3.334, de 27 de junho de 2023."}, {"id": "21650", "ano": "2023", "numero": "275", "tipo__sigla": "PROT", "tipo__descricao": "Protocolo", "autoria": "Eldir Jos\u00e9 Batista (Baixinho da Garagem)", "texto_original": "http://sapl.pedroleopoldo.mg.leg.br/media/", "ementa": "Altera a Lei 3.175 de 28 de setembro de 2010 e d\u00e1 outras provid\u00eancias.\u201d"}, {"id": "21651", "ano": "2023", "numero": "276", "tipo__sigla": "PROT", "tipo__descricao": "Protocolo", "autoria": "Cynthia Salom\u00e3o Bastos Faria", "texto_original": "http://sapl.pedroleopoldo.mg.leg.br/media/", "ementa": "Indica determinar ao setor competente colocar uma faixa de pedestres na Avenida Camilo Alves em frente \u00e0 entrada principal dos Bairros Teot\u00f4nio Batista de Freitas e Novo Campinho, neste munic\u00edpio."}, {"id": "21652", "ano": "2023", "numero": "277", "tipo__sigla": "PROT", "tipo__descricao": "Protocolo", "autoria": "Cynthia Salom\u00e3o Bastos Faria", "texto_original": "http://sapl.pedroleopoldo.mg.leg.br/media/", "ementa": "Indica solicitar ao setor competente realizar a abertura de vala de drenagem para escoamento de \u00e1gua, em toda extens\u00e3o da Rua Noraldino Almeida, no bairro Quinta do Sumidouro."}, {"id": "21653", "ano": "2023", "numero": "278", "tipo__sigla": "PROT", "tipo__descricao": "Protocolo", "autoria": "Eldir Jos\u00e9 Batista (Baixinho da Garagem)", "texto_original": "http://sapl.pedroleopoldo.mg.leg.br/media/", "ementa": "\u201cAltera a Lei 3.676 de 30 de agosto de 2022 e d\u00e1 outras provid\u00eancias.\u201d"}, {"id": "21654", "ano": "2023", "numero": "279", "tipo__sigla": "PROT", "tipo__descricao": "Protocolo", "autoria": "Guilherme de Lima Braga (Guilherme do Doce)", "texto_original": "http://sapl.pedroleopoldo.mg.leg.br/media/", "ementa": "No uso de minhas atribui\u00e7\u00f5es regimentais, indico \u00e0 Excelent\u00edssima Senhora Prefeita solicitar ao setor competente providenciar servi\u00e7os de limpeza (capina e ro\u00e7ada) em todas as ruas do bairro Maria de Lourdes,, neste Munic\u00edpio."}, {"id": "21655", "ano": "2023", "numero": "280", "tipo__sigla": "PROT", "tipo__descricao": "Protocolo", "autoria": "Guilherme de Lima Braga (Guilherme do Doce)", "texto_original": "http://sapl.pedroleopoldo.mg.leg.br/media/", "ementa": "No uso de minhas atribui\u00e7\u00f5es regimentais, indico \u00e0 Excelent\u00edssima Senhora Prefeita solicitar ao setor competente providenciar servi\u00e7os de limpeza (capina e ro\u00e7ada) em todas as ruas do bairro Agenor Teixeira, neste Munic\u00edpio."}, {"id": "21656", "ano": "2023", "numero": "281", "tipo__sigla": "PROT", "tipo__descricao": "Protocolo", "autoria": "Guilherme de Lima Braga (Guilherme do Doce)", "texto_original": "http://sapl.pedroleopoldo.mg.leg.br/media/", "ementa": "No uso de minhas atribui\u00e7\u00f5es regimentais, indico \u00e0 Excelent\u00edssima Senhora Prefeita solicitar ao setor competente providenciar servi\u00e7os de limpeza (capina e ro\u00e7ada), na rua Esporte localizada no bairro Santo Ant\u00f4nio da Barra, neste Munic\u00edpio."}, {"id": "21658", "ano": "2023", "numero": "282", "tipo__sigla": "PROT", "tipo__descricao": "Protocolo", "autoria": "Guilherme de Lima Braga (Guilherme do Doce)", "texto_original": "http://sapl.pedroleopoldo.mg.leg.br/media/", "ementa": "No uso de minhas atribui\u00e7\u00f5es regimentais, indico \u00e0 Excelent\u00edssima Senhora Prefeita solicitar ao setor competente interven\u00e7\u00f5es para melhoria e mais seguran\u00e7a no tr\u00e2nsito do entroncamento da Av Lev\u00ed Teixeira da Costa com a entrada para os bairros Agenor Teixeira e Maria de Lourdes, neste Munic\u00edpio."}, {"id": "21659", "ano": "2023", "numero": "283", "tipo__sigla": "PROT", "tipo__descricao": "Protocolo", "autoria": "Guilherme de Lima Braga (Guilherme do Doce)", "texto_original": "http://sapl.pedroleopoldo.mg.leg.br/media/", "ementa": "voto de pesar pelo falecimento de Leandro Martins\r\nenviar para sua m\u00e3e Teresa Cristina Silva\r\nendere\u00e7o rua Elza Evangelista 145 bairro Adelia Issa"}, {"id": "21660", "ano": "2023", "numero": "284", "tipo__sigla": "PROT", "tipo__descricao": "Protocolo", "autoria": "Guilherme de Lima Braga (Guilherme do Doce)", "texto_original": "http://sapl.pedroleopoldo.mg.leg.br/media/", "ementa": "voto de pesar pelo falecimento de Joana Rodrigues de Aguilar\r\nenviar para seu filho Nilson Rodrigues de Aguilar \r\nendere\u00e7o rua da Lapinha n\u00famero 88 bairro Quinta do Sumidouro"}, {"id": "21661", "ano": "2023", "numero": "285", "tipo__sigla": "PROT", "tipo__descricao": "Protocolo", "autoria": "Executivo", "texto_original": "http://sapl.pedroleopoldo.mg.leg.br/media/", "ementa": "Cria o Conselho Municipal de Cultura e d\u00e1 outras provid\u00eancias"}, {"id": "21662", "ano": "2023", "numero": "286", "tipo__sigla": "PROT", "tipo__descricao": "Protocolo", "autoria": "Executivo", "texto_original": "http://sapl.pedroleopoldo.mg.leg.br/media/", "ementa": "Cria o Fundo Municipal de Cultura e d\u00e1 outras provid\u00eancias."}, {"id": "21665", "ano": "2023", "numero": "287", "tipo__sigla": "PROT", "tipo__descricao": "Protocolo", "autoria": "Frederico Henrique Cota Alves (Fred Piau)", "texto_original": "http://sapl.pedroleopoldo.mg.leg.br/media/", "ementa": "No uso de minhas atribui\u00e7\u00f5es regimentais, indico Vossa Excel\u00eancia conceder Mo\u00e7\u00e3o de Parab\u00e9ns \u00e0 Sra. Fl\u00e1via Geovana Rocha Silva, por sua iniciativa de escrever, pesquisar, idealizar e ilustrar o livro \u201cPor que Pedro Leopoldo?\u201d. Livro infantil que conta a hist\u00f3ria de nossa Cidade"}, {"id": "21666", "ano": "2023", "numero": "288", "tipo__sigla": "PROT", "tipo__descricao": "Protocolo", "autoria": "Guilherme de Lima Braga (Guilherme do Doce)", "texto_original": "http://sapl.pedroleopoldo.mg.leg.br/media/", "ementa": "No uso de minhas atribui\u00e7\u00f5es regimentais, indico \u00e0 Excelent\u00edssima Senhora Prefeita solicitar ao setor competente que disponibilize caminh\u00f5es de terra, bica corrida ou at\u00e9 mesmo entulhos, para que sejam despejados na parte de tr\u00e1s da arquibancada da quadra poliesportiva Geraldo Braz Moreira, localizada no bairro Santo Ant\u00f4nio da Barra, neste Munic\u00edpio. E que em seguida seja realizado o acabamento com concreto."}, {"id": "21667", "ano": "2023", "numero": "289", "tipo__sigla": "PROT", "tipo__descricao": "Protocolo", "autoria": "Guilherme de Lima Braga (Guilherme do Doce)", "texto_original": "http://sapl.pedroleopoldo.mg.leg.br/media/", "ementa": "No uso de minhas atribui\u00e7\u00f5es regimentais, indico \u00e0 Excelent\u00edssima Senhora Prefeita solicitar ao setor competente a instala\u00e7\u00e3o de lixeiras na rua S\u00e3o Sebasti\u00e3o, pr\u00f3ximo ao n\u00famero 726, localizado no Distrito de Vera Cruz de Minas, neste Munic\u00edpio."}, {"id": "21668", "ano": "2023", "numero": "290", "tipo__sigla": "PROT", "tipo__descricao": "Protocolo", "autoria": "Leonardo Pereira Ribeiro (Leoz\u00e3o)", "texto_original": "http://sapl.pedroleopoldo.mg.leg.br/media/", "ementa": "VOTO DE PESAR PARA: ANGELO LEONARDO PERDIG\u00c3O\r\nPARA SUA IRM\u00c3: MARCIA PERDIG\u00c3O\r\nENDERE\u00c7O: RUA WASHINGTON LUIZ DE OLIVEIRA N 321 AP101 BLOCO A\r\nCEP:33252-022"}, {"id": "21694", "ano": "2023", "numero": "291", "tipo__sigla": "PROT", "tipo__descricao": "Protocolo", "autoria": "Rafael Vieira Faria (Rafa)", "texto_original": "http://sapl.pedroleopoldo.mg.leg.br/media/", "ementa": "Autoriza o Munic\u00edpio de Pedro Leopoldo, atrav\u00e9s do Poder Executivo, a implementar e regulamentar o \u201cPrograma Educacional de Resist\u00eancia \u00e0s Drogas e \u00e0 Viol\u00eancia \u2013 PROERD\u201d e d\u00e1 outras provid\u00eancias."}, {"id": "21695", "ano": "2023", "numero": "292", "tipo__sigla": "PROT", "tipo__descricao": "Protocolo", "autoria": "Rafael Vieira Faria (Rafa)", "texto_original": "http://sapl.pedroleopoldo.mg.leg.br/media/", "ementa": "Autoriza o Munic\u00edpio de Pedro Leopoldo a instalar e utilizar a extens\u00e3o tempor\u00e1ria de passeio p\u00fablico, denominada Parklet, e d\u00e1 outras provid\u00eancias."}, {"id": "21696", "ano": "2023", "numero": "293", "tipo__sigla": "PROT", "tipo__descricao": "Protocolo", "autoria": "Rafael Vieira Faria (Rafa)", "texto_original": "http://sapl.pedroleopoldo.mg.leg.br/media/", "ementa": "apresentar indica\u00e7\u00e3o, sugerindo ao Poder Executivo o recapeamento da Rua: Ninico Barbabela, recuperando toda a camada asf\u00e1ltica, al\u00e9m de realizar uma obra visando retirar o acumulo de \u00e1guas pluviais, trazendo mais comodidade e seguran\u00e7a para as pessoas que residem ou conduzem ve\u00edculos nesse trecho."}, {"id": "21697", "ano": "2023", "numero": "294", "tipo__sigla": "PROT", "tipo__descricao": "Protocolo", "autoria": "Eldir Jos\u00e9 Batista (Baixinho da Garagem)", "texto_original": "http://sapl.pedroleopoldo.mg.leg.br/media/", "ementa": "Estabelece as Pol\u00edticas P\u00fablicas para a seguran\u00e7a escolar nas institui\u00e7\u00f5es p\u00fablicas e privadas de ensino, no \u00e2mbito do Munic\u00edpio de Pedro Leopoldo e d\u00e1 outras provid\u00eancias."}, {"id": "21698", "ano": "2023", "numero": "295", "tipo__sigla": "PROT", "tipo__descricao": "Protocolo", "autoria": "Guilherme de Lima Braga (Guilherme do Doce)", "texto_original": "http://sapl.pedroleopoldo.mg.leg.br/media/", "ementa": "No uso de minhas atribui\u00e7\u00f5es regimentais, indico \u00e0 Excelent\u00edssima Senhora Prefeita solicitar ao setor competente amplia\u00e7\u00e3o de duas salas de aula na Escola Municipal Rosalino Marques dos Reis, localizada no Distrito de Canta Galo, neste Munic\u00edpio."}, {"id": "21699", "ano": "2023", "numero": "296", "tipo__sigla": "PROT", "tipo__descricao": "Protocolo", "autoria": "Guilherme de Lima Braga (Guilherme do Doce)", "texto_original": "http://sapl.pedroleopoldo.mg.leg.br/media/", "ementa": "indico \u00e0 Excelent\u00edssima Senhora Prefeita solicitar ao setor competente a instala\u00e7\u00e3o de redutor de velocidade (quebra-molas) na Avenida Heitor Cl\u00e1udio de Sales pr\u00f3ximo ao n\u00famero 176 localizado no bairro Lagoa de Santo Ant\u00f4nio, neste Munic\u00edpio."}, {"id": "21700", "ano": "2023", "numero": "297", "tipo__sigla": "PROT", "tipo__descricao": "Protocolo", "autoria": "Guilherme de Lima Braga (Guilherme do Doce)", "texto_original": "http://sapl.pedroleopoldo.mg.leg.br/media/", "ementa": "Com os meus cumprimentos, venho por meio deste solicitar de vossa excel\u00eancia determinar ao setor competente servi\u00e7o de manuten\u00e7\u00e3o nas grades de rede pluvial, localizadas na Avenida Camilo Alves da Silva pr\u00f3ximo ao n\u00famero 322, localizada no bairro Dom Camilo, neste Munic\u00edpio."}, {"id": "21701", "ano": "2023", "numero": "298", "tipo__sigla": "PROT", "tipo__descricao": "Protocolo", "autoria": "Leonardo Pereira Ribeiro (Leoz\u00e3o)", "texto_original": "http://sapl.pedroleopoldo.mg.leg.br/media/", "ementa": "competente, a sinaliza\u00e7\u00e3o de parada obrigat\u00f3ria com placas  e sinaliza\u00e7\u00e3o no asfalto no cruzamento da rua, Laerte Pereira com a Av. El\u00edas Marqu\u00eas, Teot\u00f4nio Batistas de Freitas, Pedro Leopoldo MG."}, {"id": "21702", "ano": "2023", "numero": "299", "tipo__sigla": "PROT", "tipo__descricao": "Protocolo", "autoria": "Leonardo Pereira Ribeiro (Leoz\u00e3o)", "texto_original": "http://sapl.pedroleopoldo.mg.leg.br/media/", "ementa": "No uso de minhas atribui\u00e7\u00f5es regimentais, solicito a Excelent\u00edssima Sra Prefeita, encaminhar ao \u00f3rg\u00e3o competente, a sinaliza\u00e7\u00e3o de parada obrigat\u00f3ria com placas  e sinaliza\u00e7\u00e3o no asfalto no cruzamento da Av. Elias Marques, com a rua S\u00e9rgio Falc\u00e3o,  Teot\u00f4nio Batistas de Freitas, Pedro Leopoldo MG"}, {"id": "21703", "ano": "2023", "numero": "300", "tipo__sigla": "PROT", "tipo__descricao": "Protocolo", "autoria": "Leonardo Pereira Ribeiro (Leoz\u00e3o)", "texto_original": "http://sapl.pedroleopoldo.mg.leg.br/media/", "ementa": "No uso de minhas atribui\u00e7\u00f5es regimentais, solicito a Excelent\u00edssima Sra Prefeita, encaminhar ao \u00f3rg\u00e3o competente, a sinaliza\u00e7\u00e3o de parada obrigat\u00f3ria com placas  e sinaliza\u00e7\u00e3o no asfalto no cruzamento da rua, Marcio Campos de Souza com a rua Rute Lopes Gon\u00e7alves, Teotonio Batistas de Freitas, Pedro Leopoldo MG."}, {"id": "21704", "ano": "2023", "numero": "301", "tipo__sigla": "PROT", "tipo__descricao": "Protocolo", "autoria": "Leonardo Pereira Ribeiro (Leoz\u00e3o)", "texto_original": "http://sapl.pedroleopoldo.mg.leg.br/media/", "ementa": "No uso de minhas atribui\u00e7\u00f5es regimentais, solicito a Excelent\u00edssima Sra Prefeita, encaminhar ao \u00f3rg\u00e3o competente, a sinaliza\u00e7\u00e3o de parada obrigat\u00f3ria com placas  e sinaliza\u00e7\u00e3o no asfalto no cruzamento da rua, Al\u00edpio Assun\u00e7\u00e3o com a Av. El\u00edas Marqu\u00eas, Teotonio Batistas de Freitas, Pedro Leopoldo MG."}, {"id": "21705", "ano": "2023", "numero": "302", "tipo__sigla": "PROT", "tipo__descricao": "Protocolo", "autoria": "Leonardo Pereira Ribeiro (Leoz\u00e3o)", "texto_original": "http://sapl.pedroleopoldo.mg.leg.br/media/", "ementa": "No uso de minhas atribui\u00e7\u00f5es regimentais, solicito a Excelent\u00edssima Sra Prefeita, encaminhar ao \u00f3rg\u00e3o competente, a sinaliza\u00e7\u00e3o de parada obrigat\u00f3ria com placas  e sinaliza\u00e7\u00e3o no asfalto no cruzamento da rua, Pedro Justino dos Reis com a rua, Marcio Campos de Souza, Teotonio Batistas de Freitas, Pedro Leopoldo MG"}, {"id": "21706", "ano": "2023", "numero": "303", "tipo__sigla": "PROT", "tipo__descricao": "Protocolo", "autoria": "Cynthia Salom\u00e3o Bastos Faria", "texto_original": "http://sapl.pedroleopoldo.mg.leg.br/media/", "ementa": "Indico ao Excelent\u00edssimo Presidente da C\u00e2mara Municipal, conceder Mo\u00e7\u00e3o de Parab\u00e9ns a Guarda de Congo Chico Rei da Quinta do Sumidouro, em Pedro Leopoldo."}, {"id": "21707", "ano": "2023", "numero": "304", "tipo__sigla": "PROT", "tipo__descricao": "Protocolo", "autoria": "Cynthia Salom\u00e3o Bastos Faria", "texto_original": "http://sapl.pedroleopoldo.mg.leg.br/media/", "ementa": "Indico ao Excelent\u00edssimo Presidente da C\u00e2mara Municipal, conceder Mo\u00e7\u00e3o de Parab\u00e9ns \u00e0 Guarda de Nossa Senhora do Ros\u00e1rio e S\u00e3o Geraldo de Fidalgo, em Pedro Leopoldo."}, {"id": "21708", "ano": "2023", "numero": "305", "tipo__sigla": "PROT", "tipo__descricao": "Protocolo", "autoria": "Leonardo Pereira Ribeiro (Leoz\u00e3o)", "texto_original": "http://sapl.pedroleopoldo.mg.leg.br/media/", "ementa": "No uso de minhas atribui\u00e7\u00f5es regimentais, solicito a Excelent\u00edssima Sra Prefeita, encaminhar ao \u00f3rg\u00e3o competente, a sinaliza\u00e7\u00e3o de parada obrigat\u00f3ria com placas  no cruzamento da rua, jos\u00e9 Ferreira Diniz com a rua Jos\u00e9 Ant\u00f4nio de figueiredo, Teotonio Batistas de Freitas, Pedro Leopoldo MG."}, {"id": "21709", "ano": "2023", "numero": "306", "tipo__sigla": "PROT", "tipo__descricao": "Protocolo", "autoria": "Leonardo Pereira Ribeiro (Leoz\u00e3o)", "texto_original": "http://sapl.pedroleopoldo.mg.leg.br/media/", "ementa": "indico determinar ao setor competente providenciar, a limpeza, poda e capina em toda extens\u00e3o da rua: Progresso, Lagoa de Santo Ant\u00f4nio, neste munic\u00edpio."}, {"id": "21720", "ano": "2023", "numero": "307", "tipo__sigla": "PROT", "tipo__descricao": "Protocolo", "autoria": "Rafael Vieira Faria (Rafa)", "texto_original": "http://sapl.pedroleopoldo.mg.leg.br/media/", "ementa": "instalar duas faixas elevadas para pedestres na Avenida Heitor Claudio de Sales, pr\u00f3ximo a entrada da Escola Municipal Dona Jandirinha Sales Joviano, em frente a Rua Juscelino Kubitscheck, e outra em frente a Rua Sebasti\u00e3o Andrade, que d\u00e1 acesso a Escola Municipal Jos\u00e9 Pedro Filho, ambas as faixas na Avenida Heitor Cl\u00e1udio de Sales."}, {"id": "21721", "ano": "2023", "numero": "308", "tipo__sigla": "PROT", "tipo__descricao": "Protocolo", "autoria": "Guilherme de Lima Braga (Guilherme do Doce)", "texto_original": "http://sapl.pedroleopoldo.mg.leg.br/media/", "ementa": "No uso de minhas atribui\u00e7\u00f5es regimentais, indico a Excelent\u00edssima Senhora Prefeita determinar ao setor competente providenciar servi\u00e7os de limpeza (capina, ro\u00e7ada e recolhimento de entulho) nas ruas da Horta Comunit\u00e1ria (Rocinha), localizada no bairro Santo Ant\u00f4nio da Barra, neste Munic\u00edpio."}, {"id": "21722", "ano": "2023", "numero": "309", "tipo__sigla": "PROT", "tipo__descricao": "Protocolo", "autoria": "Guilherme de Lima Braga (Guilherme do Doce)", "texto_original": "http://sapl.pedroleopoldo.mg.leg.br/media/", "ementa": "Com os meus cumprimentos, venho por meio deste solicitar de vossa excel\u00eancia determinar ao setor competente servi\u00e7o de manuten\u00e7\u00e3o nas grades de rede pluvial, localizadas na rua Santos pr\u00f3ximo ao n\u00famero 749, localizada no bairro  Santo Ant\u00f4nio da Barra, neste Munic\u00edpio."}, {"id": "21724", "ano": "2023", "numero": "310", "tipo__sigla": "PROT", "tipo__descricao": "Protocolo", "autoria": "Guilherme de Lima Braga (Guilherme do Doce)", "texto_original": "http://sapl.pedroleopoldo.mg.leg.br/media/", "ementa": "No uso de minhas atribui\u00e7\u00f5es regimentais, indico \u00e0 Excelent\u00edssima Senhora Prefeita solicitar ao setor competente a instala\u00e7\u00e3o de lixeiras na Rodovia Neves, pr\u00f3ximo ao n\u00famero 969, localizado no Distrito de Vera Cruz de Minas, neste Munic\u00edpio."}, {"id": "21725", "ano": "2023", "numero": "311", "tipo__sigla": "PROT", "tipo__descricao": "Protocolo", "autoria": "", "texto_original": "http://sapl.pedroleopoldo.mg.leg.br/media/", "ementa": "servi\u00e7o de manuten\u00e7\u00e3o nas grades de rede pluvial, localizadas na rua Jo\u00e3o Teodoro da Silva pr\u00f3ximo ao n\u00famero 983, localizada no bairro Boa Esperan\u00e7a (S\u00e3o Geraldo, neste Munic\u00edpio."}, {"id": "21726", "ano": "2023", "numero": "312", "tipo__sigla": "PROT", "tipo__descricao": "Protocolo", "autoria": "Guilherme de Lima Braga (Guilherme do Doce)", "texto_original": "http://sapl.pedroleopoldo.mg.leg.br/media/", "ementa": "Com os meus cumprimentos, venho por meio deste solicitar de vossa excel\u00eancia determinar ao setor competente servi\u00e7o de manuten\u00e7\u00e3o nas grades de rede pluvial, localizadas na rua Claudionor Gon\u00e7alves pr\u00f3ximo ao n\u00famero 41, localizada no bairro Boa Esperan\u00e7a (S\u00e3o Geraldo, neste Munic\u00edpio."}, {"id": "22795", "ano": "2023", "numero": "313", "tipo__sigla": "PROT", "tipo__descricao": "Protocolo", "autoria": "Rafael Vieira Faria (Rafa)", "texto_original": "http://sapl.pedroleopoldo.mg.leg.br/media/", "ementa": "Concede T\u00edtulo de Cidadania Benem\u00e9rita de Pedro Leopoldo ao Sra. Let\u00edcia Rodrigues Guimar\u00e3es Mendes e d\u00e1 outras provid\u00eancias."}, {"id": "21728", "ano": "2023", "numero": "314", "tipo__sigla": "PROT", "tipo__descricao": "Protocolo", "autoria": "Eldir Jos\u00e9 Batista (Baixinho da Garagem)", "texto_original": "http://sapl.pedroleopoldo.mg.leg.br/media/", "ementa": "Institui o Banco de Ideias Legislativas, no munic\u00edpio de Pedro Leopoldo, e d\u00e1 outras provid\u00eancias."}, {"id": "21765", "ano": "2023", "numero": "315", "tipo__sigla": "PROT", "tipo__descricao": "Protocolo", "autoria": "Guilherme de Lima Braga (Guilherme do Doce)", "texto_original": "http://sapl.pedroleopoldo.mg.leg.br/media/", "ementa": "No uso de minhas atribui\u00e7\u00f5es regimentais, indico a Excelent\u00edssima Senhora Prefeita determinar ao setor competente, providenciar a instala\u00e7\u00e3o de pontos de \u00f4nibus com cobertura e placas indicativas de parada nas principais ruas do bairro Maria de Lourdes, neste Munic\u00edpio."}, {"id": "21766", "ano": "2023", "numero": "316", "tipo__sigla": "PROT", "tipo__descricao": "Protocolo", "autoria": "Guilherme de Lima Braga (Guilherme do Doce)", "texto_original": "http://sapl.pedroleopoldo.mg.leg.br/media/", "ementa": "No uso de minhas atribui\u00e7\u00f5es regimentais, indico a Excelent\u00edssima Senhora Prefeita determinar ao setor competente, providenciar a instala\u00e7\u00e3o de pontos de \u00f4nibus com cobertura e placas indicativas de parada nas principais ruas do bairro Agenor Teixeira, neste Munic\u00edpio."}, {"id": "21767", "ano": "2023", "numero": "317", "tipo__sigla": "PROT", "tipo__descricao": "Protocolo", "autoria": "Guilherme de Lima Braga (Guilherme do Doce)", "texto_original": "http://sapl.pedroleopoldo.mg.leg.br/media/", "ementa": "No uso de minhas atribui\u00e7\u00f5es regimentais, indico a Excelent\u00edssima Senhora Prefeita providenciar, junto aos \u00f3rg\u00e3os competentes, a implanta\u00e7\u00e3o de ciclovia na Avenida Lev\u00ed Teixeira da Costa que da acesso aos bairros Agenor Teixeira e Maria de Lourdes, neste Munic\u00edpio."}, {"id": "21768", "ano": "2023", "numero": "318", "tipo__sigla": "PROT", "tipo__descricao": "Protocolo", "autoria": "Guilherme de Lima Braga (Guilherme do Doce)", "texto_original": "http://sapl.pedroleopoldo.mg.leg.br/media/", "ementa": "No uso de minhas atribui\u00e7\u00f5es regimentais, indico a Excelent\u00edssima Senhora Prefeita determinar ao setor competente a implanta\u00e7\u00e3o de c\u00e2meras de olho vivo e patrulhamento policial nas ruas do bairro Maria de Lourdes, neste Munic\u00edpio."}, {"id": "21769", "ano": "2023", "numero": "319", "tipo__sigla": "PROT", "tipo__descricao": "Protocolo", "autoria": "Guilherme de Lima Braga (Guilherme do Doce)", "texto_original": "http://sapl.pedroleopoldo.mg.leg.br/media/", "ementa": "No uso de minhas atribui\u00e7\u00f5es regimentais, indico a Excelent\u00edssima Senhora Prefeita determinar ao setor competente a implanta\u00e7\u00e3o de c\u00e2meras de olho vivo e patrulhamento policial nas ruas do bairro Agenor Teixeira, neste Munic\u00edpio."}, {"id": "21770", "ano": "2023", "numero": "320", "tipo__sigla": "PROT", "tipo__descricao": "Protocolo", "autoria": "Executivo", "texto_original": "http://sapl.pedroleopoldo.mg.leg.br/media/", "ementa": "Disp\u00f5e sobre o piso nacional dos Agentes Comunit\u00e1rios de Sa\u00fade e dos Agentes de Combate \u00e0 Endemias e d\u00e1 outras provid\u00eancias"}, {"id": "21771", "ano": "2023", "numero": "321", "tipo__sigla": "PROT", "tipo__descricao": "Protocolo", "autoria": "Executivo", "texto_original": "http://sapl.pedroleopoldo.mg.leg.br/media/", "ementa": "Altera a Lei Municipal n\u00ba 3.369, de 10 de mar\u00e7o de 2014"}, {"id": "21772", "ano": "2023", "numero": "322", "tipo__sigla": "PROT", "tipo__descricao": "Protocolo", "autoria": "Rafael Vieira Faria (Rafa)", "texto_original": "http://sapl.pedroleopoldo.mg.leg.br/media/", "ementa": "Concede T\u00edtulo de Cidadania Honor\u00e1ria de Pedro Leopoldo a Sra. Maria Izabel Alves Costa -Dona Bela- e d\u00e1 outras provid\u00eancias."}, {"id": "21773", "ano": "2023", "numero": "323", "tipo__sigla": "PROT", "tipo__descricao": "Protocolo", "autoria": "Cynthia Salom\u00e3o Bastos Faria", "texto_original": "http://sapl.pedroleopoldo.mg.leg.br/media/", "ementa": "Indica que seja criada uma Lei obrigando o Munic\u00edpio a disponibilizar Monitores para Turmas de Educa\u00e7\u00e3o Infantil obedecendo os seguintes crit\u00e9rios:\r\nI. 01 (um) para cada turma do Ber\u00e7\u00e1rio, Maternal I, II e III;\r\nII. 01 (um) para cada 02 turmas de 1\u00ba e 2\u00ba per\u00edodo."}, {"id": "21774", "ano": "2023", "numero": "324", "tipo__sigla": "PROT", "tipo__descricao": "Protocolo", "autoria": "Frederico Henrique Cota Alves (Fred Piau)", "texto_original": "http://sapl.pedroleopoldo.mg.leg.br/media/", "ementa": "No uso de minhas atribui\u00e7\u00f5es regimentais, requeiro \u00e0 Excelent\u00edssima Senhora Prefeita Audi\u00eancia P\u00fablica, junto \u00e0 Secret\u00e1ria de Educa\u00e7\u00e3o para informar \u00e0 popula\u00e7\u00e3o as medidas que ser\u00e3o tomadas para seguran\u00e7a das escolas de nosso munic\u00edpio."}, {"id": "21775", "ano": "2023", "numero": "325", "tipo__sigla": "PROT", "tipo__descricao": "Protocolo", "autoria": "Cynthia Salom\u00e3o Bastos Faria", "texto_original": "http://sapl.pedroleopoldo.mg.leg.br/media/", "ementa": "Determinar ao setor competente colocar redutor de velocidade (quebra-molas) na rua Joaquim Marcelino Filho, pr\u00f3ximo ao n\u00famero 156 e na rua do Cerrado, pr\u00f3ximo ao n\u00famero 755, ambos em Fidalgo, neste munic\u00edpio."}, {"id": "21776", "ano": "2023", "numero": "326", "tipo__sigla": "PROT", "tipo__descricao": "Protocolo", "autoria": "Cynthia Salom\u00e3o Bastos Faria", "texto_original": "http://sapl.pedroleopoldo.mg.leg.br/media/", "ementa": "Indica disponibilizar computadores port\u00e1teis (notebooks), com acesso \u00e0 internet para utiliza\u00e7\u00e3o de todos os integrantes do quadro do magist\u00e9rio nas Institui\u00e7\u00f5es de Ensino Municipais, neste Munic\u00edpio."}, {"id": "21777", "ano": "2023", "numero": "327", "tipo__sigla": "PROT", "tipo__descricao": "Protocolo", "autoria": "Executivo", "texto_original": "http://sapl.pedroleopoldo.mg.leg.br/media/", "ementa": "Altera a Lei Municipal n\u00ba 3.669, de 11 de julho de 2022"}, {"id": "21778", "ano": "2023", "numero": "328", "tipo__sigla": "PROT", "tipo__descricao": "Protocolo", "autoria": "Executivo", "texto_original": "http://sapl.pedroleopoldo.mg.leg.br/media/", "ementa": "Altera a Lei Municipal n\u00ba 3.502, de 23 de outubro de 2018, que disp\u00f5e sobre a institui\u00e7\u00e3o da Guarda Civil Municipal de Pedro Leopoldo/MG e d\u00e1 outras provid\u00eancias."}, {"id": "21779", "ano": "2023", "numero": "329", "tipo__sigla": "PROT", "tipo__descricao": "Protocolo", "autoria": "Executivo", "texto_original": "http://sapl.pedroleopoldo.mg.leg.br/media/", "ementa": "Altera a Lei Municipal n.\u00ba 3.562, de 3 de abril de 2020, que estabelece normas para concess\u00e3o de Gratifica\u00e7\u00e3o por exerc\u00edcio de trabalho em regime de sobreaviso aos Agentes Municipais de Tr\u00e2nsito de Pedro Leopoldo."}, {"id": "21780", "ano": "2023", "numero": "330", "tipo__sigla": "PROT", "tipo__descricao": "Protocolo", "autoria": "Executivo", "texto_original": "http://sapl.pedroleopoldo.mg.leg.br/media/", "ementa": "Altera a Lei Municipal n.\u00ba 3.567, de 3 de abril de 2020, que institui a gratifica\u00e7\u00e3o de sobreaviso aos servidores detentores dos cargos de Fiscal de Posturas e de Fiscal Sanit\u00e1rio do Munic\u00edpio de Pedro Leopoldo."}, {"id": "21781", "ano": "2023", "numero": "331", "tipo__sigla": "PROT", "tipo__descricao": "Protocolo", "autoria": "Executivo", "texto_original": "http://sapl.pedroleopoldo.mg.leg.br/media/", "ementa": "Disp\u00f5e sobre a revis\u00e3o geral dos vencimentos dos servidores p\u00fablicos e dos subs\u00eddios dos agentes pol\u00edticos da Prefeitura Municipal de Pedro Leopoldo, nos termos do disposto no artigo 37, X, da Constitui\u00e7\u00e3o Federal e d\u00e1 outras provid\u00eancias"}, {"id": "21782", "ano": "2023", "numero": "332", "tipo__sigla": "PROT", "tipo__descricao": "Protocolo", "autoria": "Executivo", "texto_original": "http://sapl.pedroleopoldo.mg.leg.br/media/", "ementa": "Altera a Lei Municipal n\u00ba 3.568, de 3 de abril de 2020, que altera a Lei Municipal n\u00ba 2.853, de 01 de janeiro de 2006 e institui a Gratifica\u00e7\u00e3o do Regime de sobreaviso dos Servidores da Ger\u00eancia de Tecnologia da Informa\u00e7\u00e3o - GRSSGTI - e d\u00e1 outras provid\u00eancias."}, {"id": "21783", "ano": "2023", "numero": "333", "tipo__sigla": "PROT", "tipo__descricao": "Protocolo", "autoria": "Executivo", "texto_original": "http://sapl.pedroleopoldo.mg.leg.br/media/", "ementa": "Altera a Lei Municipal n\u00ba 3.415, de 10 de julho de 2015 e d\u00e1 outras provid\u00eancias"}, {"id": "21784", "ano": "2023", "numero": "334", "tipo__sigla": "PROT", "tipo__descricao": "Protocolo", "autoria": "Executivo", "texto_original": "http://sapl.pedroleopoldo.mg.leg.br/media/", "ementa": "Autoriza a abertura de Cr\u00e9dito Adicional Suplementar no Or\u00e7amento de 2023."}, {"id": "21787", "ano": "2023", "numero": "335", "tipo__sigla": "PROT", "tipo__descricao": "Protocolo", "autoria": "Rafael Vieira Faria (Rafa)", "texto_original": "http://sapl.pedroleopoldo.mg.leg.br/media/", "ementa": "Torna obrigat\u00f3ria a presta\u00e7\u00e3o de socorro aos animais atropelados no Munic\u00edpio de Pedro Leopoldo, e d\u00e1 outras provid\u00eancias."}, {"id": "21788", "ano": "2023", "numero": "336", "tipo__sigla": "PROT", "tipo__descricao": "Protocolo", "autoria": "Frederico Henrique Cota Alves (Fred Piau)", "texto_original": "http://sapl.pedroleopoldo.mg.leg.br/media/", "ementa": "Disp\u00f5e sobre o prazo de validade do laudo m\u00e9dico pericial que atesta Transtorno Espectro Autista (TEA)."}, {"id": "21789", "ano": "2023", "numero": "337", "tipo__sigla": "PROT", "tipo__descricao": "Protocolo", "autoria": "Matheus Utsch de Oliveira", "texto_original": "http://sapl.pedroleopoldo.mg.leg.br/media/", "ementa": "No uso de minhas atribui\u00e7\u00f5es regimentais, requeiro \u00e0 Excelent\u00edssima Senhora Prefeita a raz\u00e3o social dos benefici\u00e1rios com Publicidade e Propaganda da empresa contratada 2004 publicidade, contrato 28/2022 e os motivos dos aditivos de 150 mil reais."}, {"id": "21790", "ano": "2023", "numero": "338", "tipo__sigla": "PROT", "tipo__descricao": "Protocolo", "autoria": "Rafael Vieira Faria (Rafa)", "texto_original": "http://sapl.pedroleopoldo.mg.leg.br/media/", "ementa": "Concede T\u00edtulo de Cidadania Honor\u00e1ria de Pedro Leopoldo ao Sr. Filipe Rocha de Almeida Costa e d\u00e1 outras provid\u00eancias."}, {"id": "21791", "ano": "2023", "numero": "339", "tipo__sigla": "PROT", "tipo__descricao": "Protocolo", "autoria": "Warlen Alves da Silva", "texto_original": "http://sapl.pedroleopoldo.mg.leg.br/media/", "ementa": "\u201cNo uso de minhas atribui\u00e7\u00f5es regimentais, requeiro \u00e0 Vossa Excel\u00eancia a realiza\u00e7\u00e3o de Audi\u00eancia P\u00fablica com representantes da COPASA \u2013 Companhia de Saneamento de Minas Gerais, para tratar de assuntos referentes ao Munic\u00edpio.\u201d"}, {"id": "21794", "ano": "2023", "numero": "340", "tipo__sigla": "PROT", "tipo__descricao": "Protocolo", "autoria": "Leonardo Pereira Ribeiro (Leoz\u00e3o)", "texto_original": "http://sapl.pedroleopoldo.mg.leg.br/media/", "ementa": "Concede T\u00edtulo de Cidad\u00e3o Benem\u00e9rito a Dr. Pedro Luis Garrido Elias, e d\u00e1 outras provid\u00eancias."}, {"id": "21795", "ano": "2023", "numero": "341", "tipo__sigla": "PROT", "tipo__descricao": "Protocolo", "autoria": "Frederico Henrique Cota Alves (Fred Piau)", "texto_original": "http://sapl.pedroleopoldo.mg.leg.br/media/", "ementa": "No uso de minhas atribui\u00e7\u00f5es regimentais, requeiro \u00e0 Excelent\u00edssima Senhora Prefeita informa\u00e7\u00f5es sobre onde est\u00e3o armazenados os equipamentos do bloco cir\u00fargico do CIAS JO\u00c3O INDIANO, que foram adquiridos junto com o im\u00f3vel. Em rela\u00e7\u00e3o ao requerimento anterior solicito informa\u00e7\u00f5es sobre a data de conclus\u00e3o da obra do CIAS JO\u00c3O INDIANO, conforme previsto no contrato 11/2023 a ser executado pela empresa DINAMUS CONTRUTORA e, por fim, qual a data para funcionamento total desse importante equipamento de sa\u00fade."}, {"id": "21796", "ano": "2023", "numero": "342", "tipo__sigla": "PROT", "tipo__descricao": "Protocolo", "autoria": "Leonardo Pereira Ribeiro (Leoz\u00e3o)", "texto_original": "http://sapl.pedroleopoldo.mg.leg.br/media/", "ementa": "No uso de minhas atribui\u00e7\u00f5es regimentais, indico a Vossa Excel\u00eancia conceder Mo\u00e7\u00e3o de Parab\u00e9ns ao Padre Ant\u00f4nio Luzia Ferreira, pelos seus 22 anos de sacerd\u00f3cio, completados no dia 12/05/2023."}, {"id": "21797", "ano": "2023", "numero": "343", "tipo__sigla": "PROT", "tipo__descricao": "Protocolo", "autoria": "Guilherme de Lima Braga (Guilherme do Doce)", "texto_original": "http://sapl.pedroleopoldo.mg.leg.br/media/", "ementa": "Voto de pesar pela morte de Evanil Mafada Ferreira \r\nEnviar para seu esposo Geraldo de Souza Ferreira \r\nEndere\u00e7o Rua Dama da Noite n\u00famero 418 Bairro Hibiscos  - 33251-572"}, {"id": "21798", "ano": "2023", "numero": "344", "tipo__sigla": "PROT", "tipo__descricao": "Protocolo", "autoria": "Matheus Utsch de Oliveira", "texto_original": "http://sapl.pedroleopoldo.mg.leg.br/media/", "ementa": "No uso de minhas atribui\u00e7\u00f5es regimentais, requeiro \u00e0 Excelent\u00edssima Senhora Prefeita o contrato com a nova empresa terceirizada substituta da DDS bem como a rela\u00e7\u00e3o de funcion\u00e1rios (respeitando a LGPD)."}, {"id": "21799", "ano": "2023", "numero": "345", "tipo__sigla": "PROT", "tipo__descricao": "Protocolo", "autoria": "Matheus Utsch de Oliveira", "texto_original": "http://sapl.pedroleopoldo.mg.leg.br/media/", "ementa": "No uso de minhas atribui\u00e7\u00f5es regimentais, requeiro \u00e0 Excelent\u00edssima Senhora Prefeita explica\u00e7\u00f5es e quais argumentos t\u00e9cnicos por optar por um sistema de rotativo extremamente danoso operacionalmente e financeiramente para o munic\u00edpio."}, {"id": "21821", "ano": "2023", "numero": "346", "tipo__sigla": "PROT", "tipo__descricao": "Protocolo", "autoria": "Cynthia Salom\u00e3o Bastos Faria", "texto_original": "http://sapl.pedroleopoldo.mg.leg.br/media/", "ementa": "Indica que os Professores de Educa\u00e7\u00e3o B\u00e1sica I das Institui\u00e7\u00f5es Escolares que atuam em turmas multisseriadas na Rede Municipal de Ensino, possam ter o direito de receber uma gratifica\u00e7\u00e3o ou um adicional em seus vencimentos pela extens\u00e3o de carga hor\u00e1ria."}, {"id": "21822", "ano": "2023", "numero": "347", "tipo__sigla": "PROT", "tipo__descricao": "Protocolo", "autoria": "Cynthia Salom\u00e3o Bastos Faria", "texto_original": "http://sapl.pedroleopoldo.mg.leg.br/media/", "ementa": "Indica determinar ao setor competente fazer a sinaliza\u00e7\u00e3o gr\u00e1fica vertical de placas de velocidade m\u00e1xima, curva em S e sinaliza\u00e7\u00e3o gr\u00e1fica horizontal de faixa tracejada e cont\u00ednua, pare, pintura de quebra-molas e faixa de pedestres, e outras mais que se fizerem necess\u00e1rias para garantir a seguran\u00e7a dos usu\u00e1rios em toda extens\u00e3o da Rua Herculano Soares de Oliveira, no bairro Quinta do Sumidouro, neste Munic\u00edpio."}, {"id": "21823", "ano": "2023", "numero": "348", "tipo__sigla": "PROT", "tipo__descricao": "Protocolo", "autoria": "Cynthia Salom\u00e3o Bastos Faria", "texto_original": "http://sapl.pedroleopoldo.mg.leg.br/media/", "ementa": "Indica determinar ao setor competente realizar interven\u00e7\u00f5es para melhoria e mais seguran\u00e7a no tr\u00e2nsito da Pra\u00e7a principal de Fidalgo, no entroncamento da Rua Pac\u00edfico Rodrigues com as Ruas Ant\u00f4nio Jo\u00e3o Salom\u00e3o e Tranquilino de Bastos. De imediato, sugiro as seguintes interven\u00e7\u00f5es:\r\n Instala\u00e7\u00e3o de Placa de Regulamenta\u00e7\u00e3o R-1 Parada Obrigat\u00f3ria na rua Ant\u00f4nio Jo\u00e3o Salom\u00e3o;\r\n Pintura de faixas de pedestres"}, {"id": "21824", "ano": "2023", "numero": "349", "tipo__sigla": "PROT", "tipo__descricao": "Protocolo", "autoria": "Frederico Henrique Cota Alves (Fred Piau)", "texto_original": "http://sapl.pedroleopoldo.mg.leg.br/media/", "ementa": "No uso de minhas atribui\u00e7\u00f5es regimentais, requeiro \u00e0 Excelent\u00edssima Senhora Prefeita informa\u00e7\u00f5es sobre quais s\u00e3o os valores repassados \u00e0 ASSER, quais s\u00e3o as atividades desenvolvidas, quais os hor\u00e1rios dias e locais das aulas oferecidas, quem s\u00e3o os profissionais que ministram as aulas e quantos s\u00e3o os alunos por modalidade."}, {"id": "21825", "ano": "2023", "numero": "350", "tipo__sigla": "PROT", "tipo__descricao": "Protocolo", "autoria": "Warlen Alves da Silva", "texto_original": "http://sapl.pedroleopoldo.mg.leg.br/media/", "ementa": "No uso de minhas atribui\u00e7\u00f5es regimentais, indico \u00e0 Excelent\u00edssima Senhora Prefeita solicitar ao setor competente para que providencie capina, ro\u00e7ada e opera\u00e7\u00e3o tapa buraco, em toda extens\u00e3o da rua Jos\u00e9 Geraldo Baeta Neves,  bairro Teot\u00f4nio Batista de Freitas, neste munic\u00edpio."}, {"id": "21826", "ano": "2023", "numero": "351", "tipo__sigla": "PROT", "tipo__descricao": "Protocolo", "autoria": "Evaldo Geraldo do Carmo (Evaldo do A\u00e7ougue)", "texto_original": "http://sapl.pedroleopoldo.mg.leg.br/media/", "ementa": "indico determinar ao setor competente providenciar a limpeza e capina em toda extens\u00e3o da rua: Lucio Cardoso Teixeira, Tri\u00e2ngulo, neste munic\u00edpio."}, {"id": "21827", "ano": "2023", "numero": "352", "tipo__sigla": "PROT", "tipo__descricao": "Protocolo", "autoria": "Evaldo Geraldo do Carmo (Evaldo do A\u00e7ougue)", "texto_original": "http://sapl.pedroleopoldo.mg.leg.br/media/", "ementa": "indico determinar ao setor competente providenciar, a limpeza e capina em toda extens\u00e3o da rua Dr. Neiva, Centro, neste munic\u00edpio."}, {"id": "21828", "ano": "2023", "numero": "353", "tipo__sigla": "PROT", "tipo__descricao": "Protocolo", "autoria": "Frederico Henrique Cota Alves (Fred Piau)", "texto_original": "http://sapl.pedroleopoldo.mg.leg.br/media/", "ementa": "Indico \u00e0 Excelent\u00edssima Senhora Prefeita determinar ao setor competente a instala\u00e7\u00e3o de novos alambrados para o campo do CEPPEL antes do jogo final da liga que ser\u00e1 sediada no CEPPEL."}, {"id": "21829", "ano": "2023", "numero": "354", "tipo__sigla": "PROT", "tipo__descricao": "Protocolo", "autoria": "Matheus Utsch de Oliveira, Cynthia Salom\u00e3o Bastos Faria, Evaldo Geraldo do Carmo (Evaldo do A\u00e7ougue), Frederico Henrique Cota Alves (Fred Piau), Guilherme de Lima Braga (Guilherme do Doce), Mauro J\u00fanior Lopes Francisco, Rafael Vieira Faria (Rafa), Warlen Alves da Silva", "texto_original": "http://sapl.pedroleopoldo.mg.leg.br/media/", "ementa": "Os vereadores abaixo-assinados, no uso de suas prerrogativas e fun\u00e7\u00f5es regimentais, requerem a Vossa Excel\u00eancia a instaura\u00e7\u00e3o de uma CPI \u2013 Comiss\u00e3o Parlamentar de Inqu\u00e9rito \u2013 com o objetivo e a finalidade de investigar os atos referentes \u00e0s obras realizadas pela C\u00e2mara em suas depend\u00eancias nos anos de 2021, 2022 e 2023, tendo como base os ind\u00edcios de crimes constantes na notifica\u00e7\u00e3o interna da Controladoria, cujos os n\u00famero 0001/2022 de 14 de outubro de 2022 e  001/2023 de 31 de mar\u00e7o de 2023, e do setor de Contabilidade subscritas nos n\u00fameros de memorando 89/2022 de 30 de agosto de 2022, 119/2022 de 24 de outubro de 2022 e 102/2022 de 22 de setembro de 2022."}, {"id": "21830", "ano": "2023", "numero": "355", "tipo__sigla": "PROT", "tipo__descricao": "Protocolo", "autoria": "Frederico Henrique Cota Alves (Fred Piau)", "texto_original": "http://sapl.pedroleopoldo.mg.leg.br/media/", "ementa": "Levantamento de todas as quadras municipais poliesportivas de nossa cidade, com endere\u00e7o, data de ultima manuten\u00e7\u00e3o e quais s\u00e3o os projetos para ativa-las."}, {"id": "21831", "ano": "2023", "numero": "356", "tipo__sigla": "PROT", "tipo__descricao": "Protocolo", "autoria": "Frederico Henrique Cota Alves (Fred Piau)", "texto_original": "http://sapl.pedroleopoldo.mg.leg.br/media/", "ementa": "instala\u00e7\u00e3o de quebra-molas na rua Joaquim Caetano, bairro Santa F\u00e9 na altura do PSF e transforma-la em via \u00fanica."}, {"id": "21832", "ano": "2023", "numero": "357", "tipo__sigla": "PROT", "tipo__descricao": "Protocolo", "autoria": "Mauro J\u00fanior Lopes Francisco", "texto_original": "http://sapl.pedroleopoldo.mg.leg.br/media/", "ementa": "No uso de minhas atribui\u00e7\u00f5es regimentais, indico \u00e0 Excelent\u00edssima Senhora Prefeita a realiza\u00e7\u00e3o de recapeamento asf\u00e1ltico na rua Elvira Michelin, altura do n\u00famero 41 ao 298 no bairro Parque Agenor Teixeira, neste munic\u00edpio."}, {"id": "21833", "ano": "2023", "numero": "358", "tipo__sigla": "PROT", "tipo__descricao": "Protocolo", "autoria": "Frederico Henrique Cota Alves (Fred Piau)", "texto_original": "http://sapl.pedroleopoldo.mg.leg.br/media/", "ementa": "a instala\u00e7\u00e3o de quebra-molas e sinaliza\u00e7\u00f5es no cruzamento que d\u00e1 acesso \u00e0 rua Jos\u00e9 Pereira da Silva com Rua Jos\u00e9 Justino dos Reis, bairro Dom Camilo."}, {"id": "21834", "ano": "2023", "numero": "359", "tipo__sigla": "PROT", "tipo__descricao": "Protocolo", "autoria": "Cynthia Salom\u00e3o Bastos Faria", "texto_original": "http://sapl.pedroleopoldo.mg.leg.br/media/", "ementa": "Indica determinar ao setor competente providenciar a instala\u00e7\u00e3o de bra\u00e7os de luz na rua da Ribeira, entre os n\u00fameros 1.250 e 1.504, em Fidalgo, neste Munic\u00edpio."}, {"id": "21835", "ano": "2023", "numero": "360", "tipo__sigla": "PROT", "tipo__descricao": "Protocolo", "autoria": "Guilherme de Lima Braga (Guilherme do Doce)", "texto_original": "http://sapl.pedroleopoldo.mg.leg.br/media/", "ementa": "Voto de pesar pela morte de Doralice In\u00e1cia da Silva Oliveira\r\nenviar para seu esposo F\u00e1bio Francisco de Oliveira\r\nendere\u00e7o Rua Expedicion\u00e1rio Rui Ant\u00f4nio da Silva, 177 Santo Ant\u00f4nio da Barra"}, {"id": "21836", "ano": "2023", "numero": "361", "tipo__sigla": "PROT", "tipo__descricao": "Protocolo", "autoria": "Guilherme de Lima Braga (Guilherme do Doce)", "texto_original": "http://sapl.pedroleopoldo.mg.leg.br/media/", "ementa": "Voto de pesar pela morte de Andr\u00e9 Lu\u00eds Pires \r\nenviar para sua esposa Nilza Ribeiro Santos Pires \r\nEndere\u00e7o Rua Suzana Passos 296 Santo Ant\u00f4nio da Barra"}, {"id": "21837", "ano": "2023", "numero": "362", "tipo__sigla": "PROT", "tipo__descricao": "Protocolo", "autoria": "Guilherme de Lima Braga (Guilherme do Doce)", "texto_original": "http://sapl.pedroleopoldo.mg.leg.br/media/", "ementa": "Voto de pesar pela morte de Jorgina de Oliveira Daniel\r\nEnviar para T\u00e2nia Aparecida Daniel e Fam\u00edlia \r\nendere\u00e7o Avenida Coronel Juventino Dias 379 Centro PL"}, {"id": "21838", "ano": "2023", "numero": "363", "tipo__sigla": "PROT", "tipo__descricao": "Protocolo", "autoria": "Leonardo Pereira Ribeiro (Leoz\u00e3o)", "texto_original": "http://sapl.pedroleopoldo.mg.leg.br/media/", "ementa": "No uso de minhas atribui\u00e7\u00f5es regimentais, indico a Vossa Excel\u00eancia conceder Mo\u00e7\u00e3o de Parab\u00e9ns,  ao TRC - Turma Recreativa de Confins, Campe\u00e3o da 11\u00b0 Copa PL 2023 - Cl\u00e9ver Assun\u00e7\u00e3o Gon\u00e7alves."}, {"id": "21839", "ano": "2023", "numero": "364", "tipo__sigla": "PROT", "tipo__descricao": "Protocolo", "autoria": "Frederico Henrique Cota Alves (Fred Piau)", "texto_original": "http://sapl.pedroleopoldo.mg.leg.br/media/", "ementa": "A constru\u00e7\u00e3o de uma quadra poliesportiva para a popula\u00e7\u00e3o do bairro Jardin\u00f3polis."}, {"id": "21840", "ano": "2023", "numero": "365", "tipo__sigla": "PROT", "tipo__descricao": "Protocolo", "autoria": "Leonardo Pereira Ribeiro (Leoz\u00e3o)", "texto_original": "http://sapl.pedroleopoldo.mg.leg.br/media/", "ementa": "Concede T\u00edtulo de Cidad\u00e3o Benem\u00e9rito ao Sr. Renato Perdig\u00e3o, e d\u00e1 outras provid\u00eancias."}, {"id": "21841", "ano": "2023", "numero": "366", "tipo__sigla": "PROT", "tipo__descricao": "Protocolo", "autoria": "Guilherme de Lima Braga (Guilherme do Doce)", "texto_original": "http://sapl.pedroleopoldo.mg.leg.br/media/", "ementa": "No uso de minhas atribui\u00e7\u00f5es regimentais, indico \u00e0 Excelent\u00edssima Senhora Prefeita solicitar ao setor competente a instala\u00e7\u00e3o de lixeiras nas principais ruas do bairro Manoel Brand\u00e3o, neste Munic\u00edpio."}, {"id": "21856", "ano": "2023", "numero": "367", "tipo__sigla": "PROT", "tipo__descricao": "Protocolo", "autoria": "Frederico Henrique Cota Alves (Fred Piau)", "texto_original": "http://sapl.pedroleopoldo.mg.leg.br/media/", "ementa": "a instala\u00e7\u00e3o de uma rotat\u00f3ria entre as ruas Jos\u00e9 Justino dos Reis, Av Riachinho e Rua Carlos Marcio Bahia Cardoso Bairro, Dom Camilo"}, {"id": "21857", "ano": "2023", "numero": "368", "tipo__sigla": "PROT", "tipo__descricao": "Protocolo", "autoria": "Guilherme de Lima Braga (Guilherme do Doce)", "texto_original": "http://sapl.pedroleopoldo.mg.leg.br/media/", "ementa": "indico \u00e0 Excelent\u00edssima Senhora Prefeita solicitar ao setor competente providenciar o servi\u00e7o de patrolamento na estrada que liga a fazenda Jatob\u00e1 ao Distrito de Vera Cruz de Minas"}, {"id": "21858", "ano": "2023", "numero": "369", "tipo__sigla": "PROT", "tipo__descricao": "Protocolo", "autoria": "Guilherme de Lima Braga (Guilherme do Doce)", "texto_original": "http://sapl.pedroleopoldo.mg.leg.br/media/", "ementa": "indico \u00e0 Excelent\u00edssima Senhora Prefeita solicitar ao setor competente servi\u00e7o de reparo na ponte que da acesso a Fazenda do Quilombo no Distrito de Vera Cruz de Minas, neste Munic\u00edpio."}, {"id": "21859", "ano": "2023", "numero": "370", "tipo__sigla": "PROT", "tipo__descricao": "Protocolo", "autoria": "Guilherme de Lima Braga (Guilherme do Doce)", "texto_original": "http://sapl.pedroleopoldo.mg.leg.br/media/", "ementa": "indico a Excelent\u00edssima Senhora Prefeita determinar ao setor competente, providenciar a instala\u00e7\u00e3o de pontos de \u00f4nibus com cobertura e placas indicativas de parada nas principais ruas do Distrito de Vera Cruz de Minas, neste Munic\u00edpio."}, {"id": "21860", "ano": "2023", "numero": "371", "tipo__sigla": "PROT", "tipo__descricao": "Protocolo", "autoria": "Guilherme de Lima Braga (Guilherme do Doce)", "texto_original": "http://sapl.pedroleopoldo.mg.leg.br/media/", "ementa": "indico a Excelent\u00edssima Senhora Prefeita determinar ao setor competente, providenciar a instala\u00e7\u00e3o de cobertura nos pontos de \u00f4nibus da rua Suzana Passos localizada no bairro Santo Ant\u00f4nio da Barra, neste Munic\u00edpio."}, {"id": "21861", "ano": "2023", "numero": "372", "tipo__sigla": "PROT", "tipo__descricao": "Protocolo", "autoria": "Guilherme de Lima Braga (Guilherme do Doce)", "texto_original": "http://sapl.pedroleopoldo.mg.leg.br/media/", "ementa": "Indico a Excelent\u00edssima Senhora Prefeita determinar ao \r\nsetor competente providenciar a pintura dos redutores de velocidade (quebras molas) e das placas de sinaliza\u00e7\u00e3o na Avenida Heitor Cla\u00fadio de Sales, localizada no bairro Lagoa de Santo Ant\u00f4nio, neste Munic\u00edpio."}, {"id": "21862", "ano": "2023", "numero": "373", "tipo__sigla": "PROT", "tipo__descricao": "Protocolo", "autoria": "Guilherme de Lima Braga (Guilherme do Doce)", "texto_original": "http://sapl.pedroleopoldo.mg.leg.br/media/", "ementa": "No uso de minhas atribui\u00e7\u00f5es regimentais, indico a Excelent\u00edssima Senhora Prefeita determinar ao setor competente interven\u00e7\u00f5es para melhoria e mais seguran\u00e7a no tr\u00e2nsito na entrada do bairro Teot\u00f4nio Batista de Freitas, neste Munic\u00edpio."}, {"id": "21863", "ano": "2023", "numero": "374", "tipo__sigla": "PROT", "tipo__descricao": "Protocolo", "autoria": "Frederico Henrique Cota Alves (Fred Piau)", "texto_original": "http://sapl.pedroleopoldo.mg.leg.br/media/", "ementa": "A c\u00f3pia do projeto para as obras do CEPPEL, valor da obra, data de in\u00edcio e data da entrega do CEPPEL."}, {"id": "21868", "ano": "2023", "numero": "375", "tipo__sigla": "PROT", "tipo__descricao": "Protocolo", "autoria": "Guilherme de Lima Braga (Guilherme do Doce)", "texto_original": "http://sapl.pedroleopoldo.mg.leg.br/media/", "ementa": "No uso de minhas atribui\u00e7\u00f5es regimentais, indico a Excelent\u00edssima Senhora Prefeita determinar ao setor competente a constru\u00e7\u00e3o de mais um banheiro no Cemai Eug\u00eania de Bastos localizado no Distrito de Fidalgo, neste Munic\u00edpio."}, {"id": "21869", "ano": "2023", "numero": "376", "tipo__sigla": "PROT", "tipo__descricao": "Protocolo", "autoria": "Executivo", "texto_original": "http://sapl.pedroleopoldo.mg.leg.br/media/", "ementa": "Autoriza a Concess\u00e3o de Direito Real de Uso de \u00e1rea municipal para implanta\u00e7\u00e3o da empresa ALIAN\u00c7A ALIMENTOS LTDA - EPP e d\u00e1 outras provid\u00eancias."}, {"id": "21870", "ano": "2023", "numero": "377", "tipo__sigla": "PROT", "tipo__descricao": "Protocolo", "autoria": "Executivo", "texto_original": "http://sapl.pedroleopoldo.mg.leg.br/media/", "ementa": "Autoriza a Concess\u00e3o de Direito Real de Uso de \u00e1rea municipal para implanta\u00e7\u00e3o da empresa SERTUB IND\u00daSTRIA E COM\u00c9RCIO LTDA, e d\u00e1 outras provid\u00eancias."}, {"id": "21871", "ano": "2023", "numero": "378", "tipo__sigla": "PROT", "tipo__descricao": "Protocolo", "autoria": "Executivo", "texto_original": "http://sapl.pedroleopoldo.mg.leg.br/media/", "ementa": "Autoriza a Concess\u00e3o de Direito Real de Uso de \u00e1rea municipal para implanta\u00e7\u00e3o da empresa SERC ESTRUTURAS INDUSTRIAIS LTDA e d\u00e1 outras provid\u00eancias"}, {"id": "21872", "ano": "2023", "numero": "379", "tipo__sigla": "PROT", "tipo__descricao": "Protocolo", "autoria": "Executivo", "texto_original": "http://sapl.pedroleopoldo.mg.leg.br/media/", "ementa": "Ratifica a 1\u00aa altera\u00e7\u00e3o do Contrato do Cons\u00f3rcio do Cons\u00f3rcio Intermunicipal Alian\u00e7a para a Sa\u00fade - CIAS, subscrita pelo Executivo do Munic\u00edpio de Pedro Leopoldo/MG."}, {"id": "21873", "ano": "2023", "numero": "380", "tipo__sigla": "PROT", "tipo__descricao": "Protocolo", "autoria": "Executivo", "texto_original": "http://sapl.pedroleopoldo.mg.leg.br/media/", "ementa": "Disp\u00f5e sobre as Diretrizes \u00e0 elabora\u00e7\u00e3o do Or\u00e7amento do Munic\u00edpio de Pedro Leopoldo-MG para o Exerc\u00edcio de 2024 e d\u00e1 outras provid\u00eancias."}, {"id": "21880", "ano": "2023", "numero": "381", "tipo__sigla": "PROT", "tipo__descricao": "Protocolo", "autoria": "Cynthia Salom\u00e3o Bastos Faria", "texto_original": "http://sapl.pedroleopoldo.mg.leg.br/media/", "ementa": "Indico solicitar ao setor competente realizar as seguintes interven\u00e7\u00f5es de melhoria na rua Ant\u00f4nio Francisco Barbosa, nas proximidades do n\u00famero 39, no bairro Lagoa de Santo Ant\u00f4nio, neste munic\u00edpio. Sendo elas:\r\n - Retirada da terra agarrada no asfalto;\r\n - Constru\u00e7\u00e3o de um sistema de drenagem com instala\u00e7\u00e3o de boca de lobo para escoamento da \u00e1gua;\r\n -  Retirada de lixo e entulho;\r\n -  Instala\u00e7\u00e3o de placa de sinaliza\u00e7\u00e3o PROIBIDO JOGAR LIXO E ENTULHO NESTE LOCAL ."}, {"id": "21881", "ano": "2023", "numero": "382", "tipo__sigla": "PROT", "tipo__descricao": "Protocolo", "autoria": "Cynthia Salom\u00e3o Bastos Faria", "texto_original": "http://sapl.pedroleopoldo.mg.leg.br/media/", "ementa": "Indica determinar ao setor competente providenciar a instala\u00e7\u00e3o de um bra\u00e7o de luz na rua Rui Barbosa, n\u00famero 25, em Fidalgo, neste Munic\u00edpio."}, {"id": "21882", "ano": "2023", "numero": "383", "tipo__sigla": "PROT", "tipo__descricao": "Protocolo", "autoria": "Leonardo Pereira Ribeiro (Leoz\u00e3o)", "texto_original": "http://sapl.pedroleopoldo.mg.leg.br/media/", "ementa": "VOTO DE PESAR PARA: MARIA DE LOURDES RIBEIRO MOREIRA\r\n\r\nPARA SEU ESPOSO: JADIR ANT\u00d4NIO MOREIRA \r\n\r\nENDERE\u00c7O: RUA, JO\u00c3O LEROY N 137 BAIRRO SANTA RITA \r\nCEP: 33250344"}, {"id": "21883", "ano": "2023", "numero": "384", "tipo__sigla": "PROT", "tipo__descricao": "Protocolo", "autoria": "Mauro J\u00fanior Lopes Francisco", "texto_original": "http://sapl.pedroleopoldo.mg.leg.br/media/", "ementa": "No uso de minhas atribui\u00e7\u00f5es regimentais, indico \u00e0 Excelent\u00edssima Senhora Prefeita determinar ao setor competente providenciar opera\u00e7\u00e3o tapa buracos em toda a extens\u00e3o da Rua Esp\u00edrito Santo no bairro Santo Ant\u00f4nio da Barra  neste munic\u00edpio."}, {"id": "21884", "ano": "2023", "numero": "385", "tipo__sigla": "PROT", "tipo__descricao": "Protocolo", "autoria": "Guilherme de Lima Braga (Guilherme do Doce)", "texto_original": "http://sapl.pedroleopoldo.mg.leg.br/media/", "ementa": "No uso de minhas atribui\u00e7\u00f5es regimentais, indico a Excelent\u00edssima Senhora Prefeita determinar ao setor competente providenciar o servi\u00e7o de pavimenta\u00e7\u00e3o asf\u00e1ltica nas ruas do bairro Vila S\u00e3o Jo\u00e3o, neste Munic\u00edpio."}, {"id": "21885", "ano": "2023", "numero": "386", "tipo__sigla": "PROT", "tipo__descricao": "Protocolo", "autoria": "Guilherme de Lima Braga (Guilherme do Doce)", "texto_original": "http://sapl.pedroleopoldo.mg.leg.br/media/", "ementa": "No uso de minhas atribui\u00e7\u00f5es regimentais, indico a Excelent\u00edssima Senhora Prefeita determinar ao setor competente providenciar o servi\u00e7o de manuten\u00e7\u00e3o na Avenida R\u00f4mulo Joviano, neste Munic\u00edpio."}, {"id": "21886", "ano": "2023", "numero": "387", "tipo__sigla": "PROT", "tipo__descricao": "Protocolo", "autoria": "Guilherme de Lima Braga (Guilherme do Doce)", "texto_original": "http://sapl.pedroleopoldo.mg.leg.br/media/", "ementa": "No uso de minhas atribui\u00e7\u00f5es regimentais, indico a Excelent\u00edssima Senhora Prefeita determinar ao setor competente providenciar servi\u00e7o de manuten\u00e7\u00e3o nas grades de rede pluvial, localizada na rua Dona Branca pr\u00f3ximo ao n\u00famero 26, localizada no bairro Teot\u00f4nio Batista de Freitas, neste Munic\u00edpio."}, {"id": "21887", "ano": "2023", "numero": "388", "tipo__sigla": "PROT", "tipo__descricao": "Protocolo", "autoria": "Frederico Henrique Cota Alves (Fred Piau)", "texto_original": "http://sapl.pedroleopoldo.mg.leg.br/media/", "ementa": "Informa\u00e7\u00f5es sobre a farm\u00e1cia itinerante, datas e locais que est\u00e3o atendendo, quais medicamentos est\u00e3o em falta e o motivo da falta destes medicamentos."}, {"id": "21888", "ano": "2023", "numero": "389", "tipo__sigla": "PROT", "tipo__descricao": "Protocolo", "autoria": "Frederico Henrique Cota Alves (Fred Piau)", "texto_original": "http://sapl.pedroleopoldo.mg.leg.br/media/", "ementa": "Solicitar a secretaria de obras previs\u00e3o de manuten\u00e7\u00e3o das ruas da quinta das palmeiras."}, {"id": "21889", "ano": "2023", "numero": "390", "tipo__sigla": "PROT", "tipo__descricao": "Protocolo", "autoria": "Rafael Vieira Faria (Rafa)", "texto_original": "http://sapl.pedroleopoldo.mg.leg.br/media/", "ementa": "Venho, no uso de minhas atribui\u00e7\u00f5es regimentais, apresentar indica\u00e7\u00e3o, sugerindo ao Poder Executivo, o fornecimento e a instala\u00e7\u00e3o de um bebedouro industrial na Capela Vel\u00f3rio do Distrito de Lagoa de Santo Ant\u00f4nio."}, {"id": "21890", "ano": "2023", "numero": "391", "tipo__sigla": "PROT", "tipo__descricao": "Protocolo", "autoria": "Cynthia Salom\u00e3o Bastos Faria", "texto_original": "http://sapl.pedroleopoldo.mg.leg.br/media/", "ementa": "Indica determinar ao setor competente cumprir com a Lei Federal 13.935, de  11 de dezembro de 2019, que trata da composi\u00e7\u00e3o da Equipe Multiprofissional da Educa\u00e7\u00e3o Especial com Assistente Social, no Munic\u00edpio de Pedro Leopoldo."}, {"id": "21891", "ano": "2023", "numero": "392", "tipo__sigla": "PROT", "tipo__descricao": "Protocolo", "autoria": "Cynthia Salom\u00e3o Bastos Faria", "texto_original": "http://sapl.pedroleopoldo.mg.leg.br/media/", "ementa": "Indica conceder Mo\u00e7\u00e3o de Parab\u00e9ns ao Time Santa Cruz de Fidalgo pelo excelente desempenho no Campeonato Amador de Pedro Leopoldo - Temporada 2022."}, {"id": "21892", "ano": "2023", "numero": "393", "tipo__sigla": "PROT", "tipo__descricao": "Protocolo", "autoria": "Guilherme de Lima Braga (Guilherme do Doce)", "texto_original": "http://sapl.pedroleopoldo.mg.leg.br/media/", "ementa": "VOTO DE PESAR PELA MORTE DE S\u00c9RGIO VITALINO COSTA\r\nENVIAR PARA SUA IRM\u00c3 ALINA PEREIRA \r\nENDERE\u00c7O RUA NOSSA SENHORA DO ROS\u00c1RIO N\u00daMERO 226\r\n BAIRRO VERA CRUZ"}, {"id": "21893", "ano": "2023", "numero": "394", "tipo__sigla": "PROT", "tipo__descricao": "Protocolo", "autoria": "Cynthia Salom\u00e3o Bastos Faria", "texto_original": "http://sapl.pedroleopoldo.mg.leg.br/media/", "ementa": "Indico determinar ao setor competente a constru\u00e7\u00e3o de uma nova rampa de acessibilidade a quadra da Escola Municipal Jos\u00e9 Pedro Filho ou reforma da mesma para possibilitar o acesso de pessoas com Defici\u00eancia F\u00edsica ou mobilidade reduzida, no bairro Felipe Cl\u00e1udio de Sales, neste munic\u00edpio."}, {"id": "21916", "ano": "2023", "numero": "395", "tipo__sigla": "PROT", "tipo__descricao": "Protocolo", "autoria": "Executivo", "texto_original": "http://sapl.pedroleopoldo.mg.leg.br/media/", "ementa": "Altera a Lei Municipal n.\u00ba 3.725, de 31 de maio de 2023."}, {"id": "21917", "ano": "2023", "numero": "396", "tipo__sigla": "PROT", "tipo__descricao": "Protocolo", "autoria": "Executivo", "texto_original": "http://sapl.pedroleopoldo.mg.leg.br/media/", "ementa": "Disp\u00f5e sobre a concess\u00e3o de gratifica\u00e7\u00e3o financeira aos servidores lotados na Secretaria Municipal de Educa\u00e7\u00e3o, na forma que especifica."}, {"id": "21918", "ano": "2023", "numero": "397", "tipo__sigla": "PROT", "tipo__descricao": "Protocolo", "autoria": "Leonardo Pereira Ribeiro (Leoz\u00e3o)", "texto_original": "http://sapl.pedroleopoldo.mg.leg.br/media/", "ementa": "VOTO DE PESAR PARA: SABRINA JORD\u00c2NIS MAGALHAES\r\n\r\nENVIAR PARA SEUS PAIS: ANT\u00d4NIO GLIC\u00c9RIO MAGALHAES E MARLENE FELIPE PEREIRA MAGALHAES \r\n\r\nENDERE\u00c7O: RUA, CELESTINO RODRIGUES N 34 BAIRRO LAGOA DE SANTO ANTONIO\r\nCEP: 33252-208"}, {"id": "21919", "ano": "2023", "numero": "398", "tipo__sigla": "PROT", "tipo__descricao": "Protocolo", "autoria": "Rafael Vieira Faria (Rafa)", "texto_original": "http://sapl.pedroleopoldo.mg.leg.br/media/", "ementa": "Venho, no uso de minhas atribui\u00e7\u00f5es regimentais, apresentar indica\u00e7\u00e3o, sugerindo ao Poder Executivo, a realiza\u00e7\u00e3o de obra de recapeamento da Rua Santos, recompondo a qualidade da camada asf\u00e1ltica, trazendo mais qualidade de trafego e seguran\u00e7a para a popula\u00e7\u00e3o."}, {"id": "21920", "ano": "2023", "numero": "399", "tipo__sigla": "PROT", "tipo__descricao": "Protocolo", "autoria": "Rafael Vieira Faria (Rafa)", "texto_original": "http://sapl.pedroleopoldo.mg.leg.br/media/", "ementa": "Venho, no uso de minhas atribui\u00e7\u00f5es regimentais, apresentar indica\u00e7\u00e3o, sugerindo ao Poder Executivo, atrav\u00e9s da secretaria de seguran\u00e7a p\u00fablica, a realiza\u00e7\u00e3o de fiscaliza\u00e7\u00e3o em estabelecimentos que realizem a compra de materiais recicl\u00e1veis, visando localizar poss\u00edveis materiais il\u00edcitos, contribuindo para a redu\u00e7\u00e3o dos \u00edndices de furtos."}, {"id": "21922", "ano": "2023", "numero": "400", "tipo__sigla": "PROT", "tipo__descricao": "Protocolo", "autoria": "Rafael Vieira Faria (Rafa)", "texto_original": "http://sapl.pedroleopoldo.mg.leg.br/media/", "ementa": "Voto de Pesar pelo falecimento do senhor Daniel Alves\r\nIrm\u00e3o, senhor Agostinho Alves de Moura\r\nRua \u201cC\u201d, bairro Dom Camilo, n\u00ba 213, Pedro Leopoldo-MG. 33252-100"}, {"id": "21923", "ano": "2023", "numero": "401", "tipo__sigla": "PROT", "tipo__descricao": "Protocolo", "autoria": "Guilherme de Lima Braga (Guilherme do Doce)", "texto_original": "http://sapl.pedroleopoldo.mg.leg.br/media/", "ementa": "voto de pesar pelo falecimento de Geralda Vieira Rocha\r\nEnviar para sua filha Fabiani Vieira Valadares e netas\r\nendere\u00e7o rua dos couras n\u00famero 113 Distrito de Vera Cruz de Minas"}, {"id": "21924", "ano": "2023", "numero": "402", "tipo__sigla": "PROT", "tipo__descricao": "Protocolo", "autoria": "Mauro J\u00fanior Lopes Francisco", "texto_original": "http://sapl.pedroleopoldo.mg.leg.br/media/", "ementa": "voto de pesar pelo falecicimnento do senhor Sebasti\u00e3o ferreira da silva\r\nenviar para o filho Wellington Nunes da silva e demais familiares.\r\nEndere\u00e7o: Rua s\u00e3o sebasti\u00e3o n 192.\r\nBairro vera Cruz de Minas 33257677"}, {"id": "21925", "ano": "2023", "numero": "403", "tipo__sigla": "PROT", "tipo__descricao": "Protocolo", "autoria": "Guilherme de Lima Braga (Guilherme do Doce)", "texto_original": "http://sapl.pedroleopoldo.mg.leg.br/media/", "ementa": "voto de pesar pelo falecimento de Terezinha de Jesus Rosa\r\nenviar para sua filha Francisca Regina de Jesus Costa e demais familiares\r\nendere\u00e7o rua Joaquim Camargo de Andrade n\u00famero 792 cep 33257629\r\nobs: Juntamente com os vereadores Warlen e Mauro J\u00fanior"}, {"id": "21926", "ano": "2023", "numero": "404", "tipo__sigla": "PROT", "tipo__descricao": "Protocolo", "autoria": "Executivo", "texto_original": "http://sapl.pedroleopoldo.mg.leg.br/media/", "ementa": "Altera o Anexo I, da Lei Municipal n\u00ba 3.281, de 03 de abril de 2012."}, {"id": "21927", "ano": "2023", "numero": "405", "tipo__sigla": "PROT", "tipo__descricao": "Protocolo", "autoria": "Executivo", "texto_original": "http://sapl.pedroleopoldo.mg.leg.br/media/", "ementa": "Autoriza o Poder Executivo Municipal a conceder aux\u00edlio de R$ 200.000,00(duzentos mil reais), ao Centro Esp\u00edrita Luiz Gonzaga, e d\u00e1 outras provid\u00eancias"}, {"id": "21928", "ano": "2023", "numero": "406", "tipo__sigla": "PROT", "tipo__descricao": "Protocolo", "autoria": "Executivo", "texto_original": "http://sapl.pedroleopoldo.mg.leg.br/media/", "ementa": "Altera a Lei Municipal n.\u00ba 3.001, de 26 de dezembro de 2.007 e d\u00e1 outras provid\u00eancias."}, {"id": "21948", "ano": "2023", "numero": "407", "tipo__sigla": "PROT", "tipo__descricao": "Protocolo", "autoria": "Matheus Utsch de Oliveira", "texto_original": "http://sapl.pedroleopoldo.mg.leg.br/media/", "ementa": "No uso de minhas atribui\u00e7\u00f5es regimentais, requeiro \u00e0 Excelent\u00edssima Senhora Prefeita saber quantas vans atualmente fazem o transporte de pacientes para BH, especialmente da hemodi\u00e1lise e qual a situa\u00e7\u00e3o das Vans com ano de fabrica\u00e7\u00e3o e estado de manuten\u00e7\u00e3o das mesmas."}, {"id": "21949", "ano": "2023", "numero": "408", "tipo__sigla": "PROT", "tipo__descricao": "Protocolo", "autoria": "Matheus Utsch de Oliveira", "texto_original": "http://sapl.pedroleopoldo.mg.leg.br/media/", "ementa": "No uso de minhas atribui\u00e7\u00f5es regimentais, requeiro \u00e0 Excelent\u00edssima Senhora Prefeita documentos que informe a fila de espera de pacientes que usam o transporte de van para fazer hemodi\u00e1lise e qual atual demanda."}, {"id": "21950", "ano": "2023", "numero": "409", "tipo__sigla": "PROT", "tipo__descricao": "Protocolo", "autoria": "Matheus Utsch de Oliveira", "texto_original": "http://sapl.pedroleopoldo.mg.leg.br/media/", "ementa": "No uso de minhas atribui\u00e7\u00f5es regimentais, requeiro \u00e0 Excelent\u00edssima Senhora Prefeita o planejamento para seguran\u00e7a na portaria do PA central, se ser\u00e1 via concurso da Guarda Municipal ou terceirizado."}, {"id": "21951", "ano": "2023", "numero": "410", "tipo__sigla": "PROT", "tipo__descricao": "Protocolo", "autoria": "Warlen Alves da Silva", "texto_original": "http://sapl.pedroleopoldo.mg.leg.br/media/", "ementa": "No uso de minhas atribui\u00e7\u00f5es regimentais, indico \u00e0 Excelent\u00edssima Senhora Prefeita determinar ao setor competente, a realiza\u00e7\u00e3o vistoria casa abandonada em frente ao n\u00famero 166, na rua Joaquim Bahia, centro Pedro Leopoldo, para poss\u00edvel demoli\u00e7\u00e3o."}, {"id": "21952", "ano": "2023", "numero": "411", "tipo__sigla": "PROT", "tipo__descricao": "Protocolo", "autoria": "Rafael Vieira Faria (Rafa)", "texto_original": "http://sapl.pedroleopoldo.mg.leg.br/media/", "ementa": "Venho, no uso de minhas atribui\u00e7\u00f5es, apresentar indica\u00e7\u00e3o, sugerindo ao Poder Executivo o recapeamento da Avenida Dr. R\u00f4mulo Joviano, recuperando toda a camada asf\u00e1ltica, tornando a pista mais segura e com melhor qualidade de tr\u00e1fego, atendendo a necessidade da coletividade."}, {"id": "21957", "ano": "2023", "numero": "412", "tipo__sigla": "PROT", "tipo__descricao": "Protocolo", "autoria": "Mauro J\u00fanior Lopes Francisco", "texto_original": "http://sapl.pedroleopoldo.mg.leg.br/media/", "ementa": "Nota de pesar pelo Falecimento de Milton dos Santos Junior\r\nenviar a sua m\u00e3e Doraci Moreira dos Santos e demais familiares.\r\nEndere\u00e7o: Rua In\u00e1cia de Carvalho n\u00ba 300\r\nVera Cruz de minas\r\ncep:33257650"}, {"id": "21958", "ano": "2023", "numero": "413", "tipo__sigla": "PROT", "tipo__descricao": "Protocolo", "autoria": "Cynthia Salom\u00e3o Bastos Faria", "texto_original": "http://sapl.pedroleopoldo.mg.leg.br/media/", "ementa": "Determinar ao setor competente a constru\u00e7\u00e3o de uma faixa elevada , em frente ao supermercado BH , na Rua Agenor Teixeira da Costa - Campinho, neste munic\u00edpio."}, {"id": "21959", "ano": "2023", "numero": "414", "tipo__sigla": "PROT", "tipo__descricao": "Protocolo", "autoria": "Cynthia Salom\u00e3o Bastos Faria", "texto_original": "http://sapl.pedroleopoldo.mg.leg.br/media/", "ementa": "Indica determinar ao setor competente fazer a devida sinaliza\u00e7\u00e3o gr\u00e1fica vertical de placas de \u201cvelocidade m\u00e1xima\u201d ou de \u201creduza a velocidade\u201d, sinaliza\u00e7\u00e3o gr\u00e1fica horizontal e outras mais que se fizerem necess\u00e1rias para garantir a seguran\u00e7a dos usu\u00e1rios, na Rua Agenor Teixeira da Costa, nas media\u00e7\u00f5es do Supermercado BH,  Campinho, neste munic\u00edpio."}, {"id": "21960", "ano": "2023", "numero": "415", "tipo__sigla": "PROT", "tipo__descricao": "Protocolo", "autoria": "Rafael Vieira Faria (Rafa)", "texto_original": "http://sapl.pedroleopoldo.mg.leg.br/media/", "ementa": "Declara como Patrim\u00f4nio Cultural Imaterial do Munic\u00edpio de Pedro Leopoldo a festividade do Boi da Manta."}, {"id": "21961", "ano": "2023", "numero": "416", "tipo__sigla": "PROT", "tipo__descricao": "Protocolo", "autoria": "Cynthia Salom\u00e3o Bastos Faria", "texto_original": "http://sapl.pedroleopoldo.mg.leg.br/media/", "ementa": "Indica declarar as Guardas de Congo, as Folias de Reis e o Candombe Patrim\u00f4nio Cultural Imaterial do Munic\u00edpio de Pedro Leopoldo"}, {"id": "21962", "ano": "2023", "numero": "417", "tipo__sigla": "PROT", "tipo__descricao": "Protocolo", "autoria": "Cynthia Salom\u00e3o Bastos Faria", "texto_original": "http://sapl.pedroleopoldo.mg.leg.br/media/", "ementa": "INSTITUIR NO MUNIC\u00cdPIO DE PEDRO LEOPOLDO A DECLARA\u00c7\u00c3O DAS GUARDAS DE CONGO, AS FOLIAS DE REIS E O CANDOMBE PATRIM\u00d4NIO CULTURAL IMATERIAL."}, {"id": "21963", "ano": "2023", "numero": "418", "tipo__sigla": "PROT", "tipo__descricao": "Protocolo", "autoria": "Rafael Vieira Faria (Rafa)", "texto_original": "http://sapl.pedroleopoldo.mg.leg.br/media/", "ementa": "Disp\u00f5e sobre a obrigatoriedade da perman\u00eancia do professor de educa\u00e7\u00e3o f\u00edsica, durante todo o expediente nos clubes e academias que desenvolvam aulas de nata\u00e7\u00e3o, e sobre a obrigatoriedade de clubes e balne\u00e1rios do Munic\u00edpio de Pedro Leopoldo, que possuam piscinas em suas depend\u00eancias, a manter salva vidas durante todo o seu per\u00edodo de funcionamento e, d\u00e1 outras provid\u00eancias."}, {"id": "21964", "ano": "2023", "numero": "419", "tipo__sigla": "PROT", "tipo__descricao": "Protocolo", "autoria": "Rafael Vieira Faria (Rafa)", "texto_original": "http://sapl.pedroleopoldo.mg.leg.br/media/", "ementa": "Indica conceder Mo\u00e7\u00e3o de Parab\u00e9ns a Mariella de Sales Rosa, empres\u00e1ria e atleta de Crossfit que vem se destacando no cen\u00e1rio esportivo."}, {"id": "21965", "ano": "2023", "numero": "420", "tipo__sigla": "PROT", "tipo__descricao": "Protocolo", "autoria": "Rafael Vieira Faria (Rafa)", "texto_original": "http://sapl.pedroleopoldo.mg.leg.br/media/", "ementa": "Venho, no uso de minhas atribui\u00e7\u00f5es, apresentar a presente indica\u00e7\u00e3o, visando conceder mo\u00e7\u00e3o de Parab\u00e9ns a Academia Crossfit Pedro Leopoldo- CFPL, entregando uma singela homenagem na pessoa da Amanda Tabatta."}, {"id": "21966", "ano": "2023", "numero": "421", "tipo__sigla": "PROT", "tipo__descricao": "Protocolo", "autoria": "Warlen Alves da Silva", "texto_original": "http://sapl.pedroleopoldo.mg.leg.br/media/", "ementa": "No uso de minhas atribui\u00e7\u00f5es regimentais, indico \u00e0 Excelent\u00edssima Senhora Prefeita determinar ao setor competente para que providencie o recapeamento asf\u00e1ltico em toda extens\u00e3o da rua Jos\u00e9 Pedroca, no bairro Magalh\u00e3es, no Distrito de Pedro Leopoldo."}, {"id": "21967", "ano": "2023", "numero": "422", "tipo__sigla": "PROT", "tipo__descricao": "Protocolo", "autoria": "Cynthia Salom\u00e3o Bastos Faria", "texto_original": "http://sapl.pedroleopoldo.mg.leg.br/media/", "ementa": "VOTO DE PESAR PARA: DAIL FAGUNDES PACHECO\r\nENVIAR PARA SEU ESPOSO: JOS\u00c9 EXPEDITO PACHECO\r\nPARA SUA FILHA: SIMONE FAGUNDES PACHECO\r\nPARA SEU FILHO: MARCOS R\u00c9GIS FAGUNDES PACHECO\r\nENDERE\u00c7O: RUA ANT\u00d4NIO JO\u00c3O SALOM\u00c3O, 83 - FIDALGO - PL\r\n CEP: 33253-028\r\n\r\nOBS: ENVIAR TODOS TR\u00caS NO MESMO ENDERE\u00c7O."}, {"id": "21985", "ano": "2023", "numero": "423", "tipo__sigla": "PROT", "tipo__descricao": "Protocolo", "autoria": "Executivo", "texto_original": "http://sapl.pedroleopoldo.mg.leg.br/media/", "ementa": "EMENDA MODIFICATIVA N\u00ba 001 AO PROJETO DE LEI N\u00ba 38/2023\r\nAltera o artigo 2\u00ba do Projeto de Lei n\u00ba 38/2023\r\n\"Ficam alterados os Anexos I e VI, ambos da Lei Municipal n\u00ba 3.725, de 31 de maio de 2023\"."}, {"id": "21989", "ano": "2023", "numero": "424", "tipo__sigla": "PROT", "tipo__descricao": "Protocolo", "autoria": "Leonardo Pereira Ribeiro (Leoz\u00e3o)", "texto_original": "http://sapl.pedroleopoldo.mg.leg.br/media/", "ementa": "No uso de minhas atribui\u00e7\u00f5es regimentais, solicito a Excelent\u00edssima Sra Prefeita, que encaminhe ao \u00f3rg\u00e3o competente que seja feita uma melhor manuten\u00e7\u00e3o nos banheiros do cemit\u00e9rio do bairro: Lagoa de Santo Ant\u00f4nio, Pedro Leopoldo MG."}, {"id": "21990", "ano": "2023", "numero": "425", "tipo__sigla": "PROT", "tipo__descricao": "Protocolo", "autoria": "Mauro J\u00fanior Lopes Francisco", "texto_original": "http://sapl.pedroleopoldo.mg.leg.br/media/", "ementa": "Concede T\u00edtulo de Cidadania Honor\u00e1ria de Pedro Leopoldo ao Sr. Aur\u00e9lio Rosa Aguiar e d\u00e1 outras provid\u00eancias"}, {"id": "21991", "ano": "2023", "numero": "426", "tipo__sigla": "PROT", "tipo__descricao": "Protocolo", "autoria": "Leonardo Pereira Ribeiro (Leoz\u00e3o)", "texto_original": "http://sapl.pedroleopoldo.mg.leg.br/media/", "ementa": "No uso de minhas atribui\u00e7\u00f5es regimentais, indico a Excelent\u00edssima Sra Prefeita, determinar ao \u00f3rg\u00e3o competente que seja feita a limpeza, capina e varredura, na rua Ant\u00f4nio Francisco Barbosa, Lagoa de Santo Ant\u00f4nio, Pedro Leopoldo MG."}, {"id": "21992", "ano": "2023", "numero": "427", "tipo__sigla": "PROT", "tipo__descricao": "Protocolo", "autoria": "Cynthia Salom\u00e3o Bastos Faria", "texto_original": "http://sapl.pedroleopoldo.mg.leg.br/media/", "ementa": "Indica determinar ao setor competente providenciar a extens\u00e3o da rede el\u00e9trica, a instala\u00e7\u00e3o de bra\u00e7os de luz e l\u00e2mpadas de LED na Rua Raimundo Rafael dos Anjos (antiga Rua do Cerrado), acima do n\u00famero 893, no Distrito de Fidalgo, neste munic\u00edpio."}, {"id": "21993", "ano": "2023", "numero": "428", "tipo__sigla": "PROT", "tipo__descricao": "Protocolo", "autoria": "Leonardo Pereira Ribeiro (Leoz\u00e3o)", "texto_original": "http://sapl.pedroleopoldo.mg.leg.br/media/", "ementa": "No uso de minhas atribui\u00e7\u00f5es regimentais, indico a Excelent\u00edssima Sra Prefeita, determinar ao \u00f3rg\u00e3o competente atribuir como via \u00fanica, a rua Lu\u00eds Pires Guimar\u00e3es no bairro Ad\u00e9lia Issa - Pedro Leopoldo MG."}, {"id": "21994", "ano": "2023", "numero": "429", "tipo__sigla": "PROT", "tipo__descricao": "Protocolo", "autoria": "", "texto_original": "http://sapl.pedroleopoldo.mg.leg.br/media/", "ementa": "VOTO DE PESAR PARA: WALDEZINA BATISTA DE LIMA\r\nPARA SUA FILHA: CLARICE BATISTA DE LIMA \r\nENDERE\u00c7O: RUA, OT\u00c1VIO GOUVEIA, N77 - BAIRRO SANTO ANT\u00d4NIO CASCAV\u00c9L - CEP:33250-384"}, {"id": "21995", "ano": "2023", "numero": "430", "tipo__sigla": "PROT", "tipo__descricao": "Protocolo", "autoria": "Guilherme de Lima Braga (Guilherme do Doce)", "texto_original": "http://sapl.pedroleopoldo.mg.leg.br/media/", "ementa": "Denomina a rua B que se inicia em frente ao lote 01 da quadra 03, indo at\u00e9 o lote 05 da quadra 09, como Rua Maria Neuza Paulo bairro Andiara."}, {"id": "21996", "ano": "2023", "numero": "431", "tipo__sigla": "PROT", "tipo__descricao": "Protocolo", "autoria": "Executivo", "texto_original": "http://sapl.pedroleopoldo.mg.leg.br/media/", "ementa": "Autoriza a Chefe do Executivo a conceder ajuda de custo para o m\u00e9dico que atue no programa Mais M\u00e9dicos no Munic\u00edpio de Pedro Leopoldo/MG e d\u00e1 outras provid\u00eancias"}, {"id": "21998", "ano": "2023", "numero": "432", "tipo__sigla": "PROT", "tipo__descricao": "Protocolo", "autoria": "Executivo", "texto_original": "http://sapl.pedroleopoldo.mg.leg.br/media/", "ementa": "Altera a Lei Municipal n\u00ba 3.539, de 17 de setembro de 2.019, a qual Institui o Programa Bolsa Atleta."}, {"id": "22000", "ano": "2023", "numero": "433", "tipo__sigla": "PROT", "tipo__descricao": "Protocolo", "autoria": "Executivo", "texto_original": "http://sapl.pedroleopoldo.mg.leg.br/media/", "ementa": "Altera a Lei Municipal n\u00ba 2.864, de 28 de abril de 2006 e d\u00e1 outras provid\u00eancias"}, {"id": "22041", "ano": "2023", "numero": "434", "tipo__sigla": "PROT", "tipo__descricao": "Protocolo", "autoria": "Rafael Vieira Faria (Rafa)", "texto_original": "http://sapl.pedroleopoldo.mg.leg.br/media/", "ementa": "Venho, no uso de minhas atribui\u00e7\u00f5es, apresentar indica\u00e7\u00e3o, sugerindo ao Poder Executivo, a substitui\u00e7\u00e3o de L\u00e2mpadas de Vapor de Merc\u00fario por L\u00e2mpadas de LED no Quilombo Pimentel."}, {"id": "22042", "ano": "2023", "numero": "435", "tipo__sigla": "PROT", "tipo__descricao": "Protocolo", "autoria": "Rafael Vieira Faria (Rafa)", "texto_original": "http://sapl.pedroleopoldo.mg.leg.br/media/", "ementa": "Venho, no uso de minhas atribui\u00e7\u00f5es, apresentar indica\u00e7\u00e3o, sugerindo ao Poder Executivo a substitui\u00e7\u00e3o de L\u00e2mpadas de vapor de merc\u00fario por l\u00e2mpadas de LED na \u00e1rea Rural conhecida como \"Matos\"."}, {"id": "22043", "ano": "2023", "numero": "436", "tipo__sigla": "PROT", "tipo__descricao": "Protocolo", "autoria": "Leonardo Pereira Ribeiro (Leoz\u00e3o)", "texto_original": "http://sapl.pedroleopoldo.mg.leg.br/media/", "ementa": "No uso de minhas atribui\u00e7\u00f5es regimentais, indico a Excelent\u00edssima Sra. Prefeita, determinar ao \u00f3rg\u00e3o competente, solicitar a presen\u00e7a da guarda municipal na Par\u00f3quia de Santo Ant\u00f4nio, Pra\u00e7a Jos\u00e9 dos Anjos no bairro Lagoa de Santo Ant\u00f4nio, Pedro Leopoldo MG"}, {"id": "22044", "ano": "2023", "numero": "437", "tipo__sigla": "PROT", "tipo__descricao": "Protocolo", "autoria": "Executivo", "texto_original": "http://sapl.pedroleopoldo.mg.leg.br/media/", "ementa": "Altera o Anexo I da Lei Municipal n.\u00ba 2.853, de 1\u00ba de janeiro de 2006, acrescendo quantitativo de vagas para os cargos de Agente de Combate a Endemias e Agente Comunit\u00e1rio de Sa\u00fade, previstos nas Leis Municipais n\u00ba 3.220, de 1\u00ba de abril de 2011 e n\u00ba 3.511, de 30 de novembro de 2018, respectivamente."}, {"id": "22045", "ano": "2023", "numero": "438", "tipo__sigla": "PROT", "tipo__descricao": "Protocolo", "autoria": "Leonardo Pereira Ribeiro (Leoz\u00e3o)", "texto_original": "http://sapl.pedroleopoldo.mg.leg.br/media/", "ementa": "No uso de minhas atribui\u00e7\u00f5es regimentais, indico a Excelent\u00edssima Sra Prefeita, determinar ao \u00f3rg\u00e3o competente, verificar o escoamento de esgoto a c\u00e9u aberto na rua das Quaresmeiras n 36 no bairro Morada dos Hibiscos Pedro Leopoldo MG."}, {"id": "22046", "ano": "2023", "numero": "439", "tipo__sigla": "PROT", "tipo__descricao": "Protocolo", "autoria": "Guilherme de Lima Braga (Guilherme do Doce)", "texto_original": "http://sapl.pedroleopoldo.mg.leg.br/media/", "ementa": "Voto de pesar pela morte de Geraldo Isabel Pereira \r\nenviar para seu filho Renato Pereira \r\nEndere\u00e7o rua: Pergentino Souza Santos N\u00famero 313 Bairro Teot\u00f4nio Batista de Freitas cep 33254128"}, {"id": "22047", "ano": "2023", "numero": "440", "tipo__sigla": "PROT", "tipo__descricao": "Protocolo", "autoria": "Leonardo Pereira Ribeiro (Leoz\u00e3o)", "texto_original": "http://sapl.pedroleopoldo.mg.leg.br/media/", "ementa": "VOTO DE PESAR PARA: GABRIEL RIBEIRO SOBRAL\r\nPARA SUA FILHA: GLORIA DE JESUS RIBEIRO SOBRAL\r\nENDERE\u00c7O: RUA, LUCI PEREIRA BEM N 81 DOM CAMILI\r\nCEP33254-290"}, {"id": "22048", "ano": "2023", "numero": "441", "tipo__sigla": "PROT", "tipo__descricao": "Protocolo", "autoria": "Leonardo Pereira Ribeiro (Leoz\u00e3o)", "texto_original": "http://sapl.pedroleopoldo.mg.leg.br/media/", "ementa": "VOTO DE PESAR FALECIMENTO: MANOEL GOMES DA SILVA \r\nEMVIAR PARA SUA FILHA: MARILENE BORGES DA SILVA ANDRADES \r\nENDERE\u00c7O: RUA OS\u00d3RIO FERREIRA DA SILVA, N 304 BAIRRO FELIPE CL\u00c1UDIO DE SALES\r\nCEP:33252-050"}, {"id": "22049", "ano": "2023", "numero": "442", "tipo__sigla": "PROT", "tipo__descricao": "Protocolo", "autoria": "Cynthia Salom\u00e3o Bastos Faria", "texto_original": "http://sapl.pedroleopoldo.mg.leg.br/media/", "ementa": "Voto de pesar pelo falecimento do Sr. Eun\u00edcio Geraldo Gomes\r\nPara sua esposa: Vera Ferreira Gomes e familiares\r\nEndere\u00e7o: Rua S\u00e3o Vicente, 761 - Fidalgo - Pedro Leopoldo/MG\r\nCEP:33253-018\r\nPara sua filha: Flavia Alice Rosa\r\nEndere\u00e7o: Rua Nossa Senhora da Concei\u00e7\u00e3o, 194 - Fidalgo - Pedro Leopoldo/MG\r\nCEP:332053-032"}, {"id": "22050", "ano": "2023", "numero": "443", "tipo__sigla": "PROT", "tipo__descricao": "Protocolo", "autoria": "Warlen Alves da Silva", "texto_original": "http://sapl.pedroleopoldo.mg.leg.br/media/", "ementa": "No uso de minhas atribui\u00e7\u00f5es regimentais, indico \u00e0 Excelent\u00edssima Senhora Prefeita determinar ao setor competente providenciar a coloca\u00e7\u00e3o de l\u00e2mpadas de Diodo Emissor de Luz LED, em toda a extens\u00e3o da rua Expedicion\u00e1rio Rui Ant\u00f4nio da Silva - Bairro Santo Ant\u00f4nio da Barra, neste munic\u00edpio."}, {"id": "22051", "ano": "2023", "numero": "444", "tipo__sigla": "PROT", "tipo__descricao": "Protocolo", "autoria": "Guilherme de Lima Braga (Guilherme do Doce)", "texto_original": "http://sapl.pedroleopoldo.mg.leg.br/media/", "ementa": "No uso de minhas atribui\u00e7\u00f5es regimentais, indico \u00e0 Vossa Excel\u00eancia conceder Mo\u00e7\u00e3o de Parab\u00e9ns a Senhora Maria Martins Campolina, pela dedica\u00e7\u00e3o a Nossa Senhora do Ros\u00e1rio, dan\u00e7ando e louvando seu nome na Guarda de Congo Santa Efig\u00eania e S\u00e3o Benedito do bairro Santo Ant\u00f4nio da Barra."}, {"id": "22067", "ano": "2023", "numero": "445", "tipo__sigla": "PROT", "tipo__descricao": "Protocolo", "autoria": "Rafael Vieira Faria (Rafa)", "texto_original": "http://sapl.pedroleopoldo.mg.leg.br/media/", "ementa": "Venho, no uso de minhas atribui\u00e7\u00f5es regimentais, apresentar indica\u00e7\u00e3o, sugerindo a constru\u00e7\u00e3o de uma faixa elevada de pedestres na rua Agenor Teixeira da Costa, entre os n\u00fameros 71 e 110, em frente ao Condom\u00ednio Residencial Pedra Do Sol, Bairro Maria C\u00e2ndida."}, {"id": "22068", "ano": "2023", "numero": "446", "tipo__sigla": "PROT", "tipo__descricao": "Protocolo", "autoria": "Matheus Utsch de Oliveira", "texto_original": "http://sapl.pedroleopoldo.mg.leg.br/media/", "ementa": "No uso de minhas atribui\u00e7\u00f5es regimentais, requeiro \u00e0 Excelent\u00edssima Senhora Prefeita, apresenta\u00e7\u00e3o do escopo ou projeto da Via Norte e Rua Jaci Teixeira da Costa (lateral ao Supermercados BH) que dar\u00e1 acesso \u00e0 avenida do Bairro Andyara."}, {"id": "22069", "ano": "2023", "numero": "447", "tipo__sigla": "PROT", "tipo__descricao": "Protocolo", "autoria": "Mauro J\u00fanior Lopes Francisco", "texto_original": "http://sapl.pedroleopoldo.mg.leg.br/media/", "ementa": "No uso de minhas atribui\u00e7\u00f5es regimentais, indico \u00e0 Excelent\u00edssima Senhora Prefeita determinar ao setor competente providenciar a sinaliza\u00e7\u00e3o das vagas de estacionamento no p\u00e1tio do PA Central."}, {"id": "22070", "ano": "2023", "numero": "448", "tipo__sigla": "PROT", "tipo__descricao": "Protocolo", "autoria": "Matheus Utsch de Oliveira", "texto_original": "http://sapl.pedroleopoldo.mg.leg.br/media/", "ementa": "No uso de minhas atribui\u00e7\u00f5es regimentais, requeiro \u00e0 Excelent\u00edssima Senhora Prefeita, informa\u00e7\u00f5es se h\u00e1 estudos para bombeamento da \u00e1gua da Lagoa em Lagoa de Santo Ant\u00f4nio para o per\u00edodo de seca evitando mais alagamentos."}, {"id": "22071", "ano": "2023", "numero": "449", "tipo__sigla": "PROT", "tipo__descricao": "Protocolo", "autoria": "Matheus Utsch de Oliveira", "texto_original": "http://sapl.pedroleopoldo.mg.leg.br/media/", "ementa": "No uso de minhas atribui\u00e7\u00f5es regimentais, requeiro \u00e0 Excelent\u00edssima Senhora Prefeita, imagens das c\u00e2meras de seguran\u00e7a do PA no dia 15/06/2023, dia do acidente nos hor\u00e1rios entre 16:30 e 17h."}, {"id": "22072", "ano": "2023", "numero": "450", "tipo__sigla": "PROT", "tipo__descricao": "Protocolo", "autoria": "Matheus Utsch de Oliveira", "texto_original": "http://sapl.pedroleopoldo.mg.leg.br/media/", "ementa": "No uso de minhas atribui\u00e7\u00f5es regimentais, requeiro \u00e0 Excelent\u00edssima Senhora Prefeita se h\u00e1 procedimento interno para an\u00e1lise do caso de poss\u00edvel neglig\u00eancia ou imper\u00edcia no acidente e demora da ambul\u00e2ncia no acidente com v\u00edtima em frente ao supermercado BH"}, {"id": "22073", "ano": "2023", "numero": "451", "tipo__sigla": "PROT", "tipo__descricao": "Protocolo", "autoria": "Matheus Utsch de Oliveira", "texto_original": "http://sapl.pedroleopoldo.mg.leg.br/media/", "ementa": "No uso de minhas atribui\u00e7\u00f5es regimentais, requeiro \u00e0 Excelent\u00edssima Senhora Prefeita, o mapeamento das \u00e1reas alagadas nas \u00faltimas chuvas com destaque para as solu\u00e7\u00f5es poss\u00edveis."}, {"id": "22074", "ano": "2023", "numero": "452", "tipo__sigla": "PROT", "tipo__descricao": "Protocolo", "autoria": "Matheus Utsch de Oliveira", "texto_original": "http://sapl.pedroleopoldo.mg.leg.br/media/", "ementa": "No uso de minhas atribui\u00e7\u00f5es regimentais, requeiro \u00e0 Excelent\u00edssima Senhora Prefeita,  informa\u00e7\u00f5es sobre as a\u00e7\u00f5es realizadas at\u00e9 o momento (07/2023) e a\u00e7\u00f5es a serem realizadas at\u00e9 o in\u00edcio das chuvas nos pontos mapeados de alagamento na cidade."}, {"id": "22075", "ano": "2023", "numero": "453", "tipo__sigla": "PROT", "tipo__descricao": "Protocolo", "autoria": "Warlen Alves da Silva", "texto_original": "http://sapl.pedroleopoldo.mg.leg.br/media/", "ementa": "No uso de minhas atribui\u00e7\u00f5es regimentais, indico \u00e0 Excelent\u00edssima Senhora Prefeita determinar ao setor competente providenciar a instala\u00e7\u00e3o de 2 redutores de velocidade (quebra-molas), na rua Francisca Alves de Carvalho, na altura dos n\u00fameros 299 e 407, no bairro Santa Tereza."}, {"id": "22076", "ano": "2023", "numero": "454", "tipo__sigla": "PROT", "tipo__descricao": "Protocolo", "autoria": "Guilherme de Lima Braga (Guilherme do Doce)", "texto_original": "http://sapl.pedroleopoldo.mg.leg.br/media/", "ementa": "No uso de minhas atribui\u00e7\u00f5es regimentais, indico a Excelent\u00edssima Senhora Prefeita determinar ao setor competente providenciar a extens\u00e3o de rede el\u00e9trica na rua Nossa Senhora do Ros\u00e1rio pr\u00f3ximo ao n\u00famero 13, localizada no Distrito de Vera Cruz de Minas, neste Munic\u00edpio."}, {"id": "22077", "ano": "2023", "numero": "455", "tipo__sigla": "PROT", "tipo__descricao": "Protocolo", "autoria": "Guilherme de Lima Braga (Guilherme do Doce)", "texto_original": "http://sapl.pedroleopoldo.mg.leg.br/media/", "ementa": "Com os meus cumprimentos, venho por meio deste solicitar de vossa excel\u00eancia determinar ao setor competente o servi\u00e7o de patrolamento e reparo de eros\u00e3o na rua S\u00e3o Sebasti\u00e3o, pr\u00f3ximo ao n\u00famero 985 no Distrito de Vera Cruz de Minas, neste Munic\u00edpio."}, {"id": "22078", "ano": "2023", "numero": "456", "tipo__sigla": "PROT", "tipo__descricao": "Protocolo", "autoria": "Cynthia Salom\u00e3o Bastos Faria", "texto_original": "http://sapl.pedroleopoldo.mg.leg.br/media/", "ementa": "Indica determinar ao setor competente providenciar a reforma e a revitaliza\u00e7\u00e3o do pr\u00e9dio da Escola Municipal Jos\u00e9 Pedro Filho, no bairro Felipe Cl\u00e1udio de Sales, neste munic\u00edpio."}, {"id": "22079", "ano": "2023", "numero": "457", "tipo__sigla": "PROT", "tipo__descricao": "Protocolo", "autoria": "Cynthia Salom\u00e3o Bastos Faria", "texto_original": "http://sapl.pedroleopoldo.mg.leg.br/media/", "ementa": "Indica determinar ao setor competente providenciar um micro-ondas e um liquidificador industrial para uso na Escola Municipal Jos\u00e9 Pedro Filho, no bairro Felipe Cl\u00e1udio de Sales, neste munic\u00edpio."}, {"id": "22080", "ano": "2023", "numero": "458", "tipo__sigla": "PROT", "tipo__descricao": "Protocolo", "autoria": "Guilherme de Lima Braga (Guilherme do Doce)", "texto_original": "http://sapl.pedroleopoldo.mg.leg.br/media/", "ementa": "No uso de minhas atribui\u00e7\u00f5es regimentais, indico \u00e0 Vossa Excel\u00eancia conceder Mo\u00e7\u00e3o de Parab\u00e9ns ao Senhor Carlos Alberto Pereira, pelo belo exemplo de honestidade, prestatividade, carisma e amor ao pr\u00f3ximo."}, {"id": "22081", "ano": "2023", "numero": "459", "tipo__sigla": "PROT", "tipo__descricao": "Protocolo", "autoria": "Eldir Jos\u00e9 Batista (Baixinho da Garagem)", "texto_original": "http://sapl.pedroleopoldo.mg.leg.br/media/", "ementa": "Indico a limpeza  no Campo do Terrestre ao lado da Escola Municipal Isabel Gomes, no Bairro Dom Camilo em Pedro Leopoldo, neste munic\u00edpio."}, {"id": "22082", "ano": "2023", "numero": "460", "tipo__sigla": "PROT", "tipo__descricao": "Protocolo", "autoria": "Cynthia Salom\u00e3o Bastos Faria", "texto_original": "http://sapl.pedroleopoldo.mg.leg.br/media/", "ementa": "Indica determinar ao setor competente realizar a reabertura da Casa Fern\u00e3o Dias para visita\u00e7\u00e3o diariamente."}, {"id": "22083", "ano": "2023", "numero": "461", "tipo__sigla": "PROT", "tipo__descricao": "Protocolo", "autoria": "Eldir Jos\u00e9 Batista (Baixinho da Garagem)", "texto_original": "http://sapl.pedroleopoldo.mg.leg.br/media/", "ementa": "Indico providenciar a revitaliza\u00e7\u00e3o da Pra\u00e7a Jos\u00e9 Br\u00e1z no Bairro Ferreiras em Pedro Leopoldo, neste munic\u00edpio."}, {"id": "22084", "ano": "2023", "numero": "462", "tipo__sigla": "PROT", "tipo__descricao": "Protocolo", "autoria": "Eldir Jos\u00e9 Batista (Baixinho da Garagem)", "texto_original": "http://sapl.pedroleopoldo.mg.leg.br/media/", "ementa": "Indico providenciar o patrolamento e ro\u00e7ada da Rua Sobrado, no Bairro Tapera em Pedro Leopoldo, neste munic\u00edpio."}, {"id": "22086", "ano": "2023", "numero": "463", "tipo__sigla": "PROT", "tipo__descricao": "Protocolo", "autoria": "Guilherme de Lima Braga (Guilherme do Doce)", "texto_original": "http://sapl.pedroleopoldo.mg.leg.br/media/", "ementa": "No uso de minhas atribui\u00e7\u00f5es regimentais, indico \u00e0 Vossa Excel\u00eancia conceder Mo\u00e7\u00e3o de Parab\u00e9ns ao Senhor Eug\u00eanio Marques Ferreira, pela brilhante carreira como jogador profissional e belo trabalho desenvolvido em sua Academia de Goleiros, exemplo de dignidade, carisma, honestidade e amor a profiss\u00e3o."}, {"id": "22087", "ano": "2023", "numero": "464", "tipo__sigla": "PROT", "tipo__descricao": "Protocolo", "autoria": "Frederico Henrique Cota Alves (Fred Piau)", "texto_original": "http://sapl.pedroleopoldo.mg.leg.br/media/", "ementa": "Instala\u00e7\u00e3o de olho vivo bem como sinaliza\u00e7\u00e3o no cruzamento da Rua Jos\u00e9 Justino dos Reis com Av Alberto Braga Bairro Dom Camilo."}, {"id": "22088", "ano": "2023", "numero": "465", "tipo__sigla": "PROT", "tipo__descricao": "Protocolo", "autoria": "Guilherme de Lima Braga (Guilherme do Doce)", "texto_original": "http://sapl.pedroleopoldo.mg.leg.br/media/", "ementa": "No uso de minhas atribui\u00e7\u00f5es regimentais, indico \u00e0 Vossa Excel\u00eancia conceder Mo\u00e7\u00e3o de Parab\u00e9ns a Senhora Solange Aparecida Fraga Silva.\r\nDigna de tal destaque Pela sua F\u00e9 e por ter aceitado de Deus a miss\u00e3o que lhe foi concedida."}, {"id": "22089", "ano": "2023", "numero": "466", "tipo__sigla": "PROT", "tipo__descricao": "Protocolo", "autoria": "Rafael Vieira Faria (Rafa)", "texto_original": "http://sapl.pedroleopoldo.mg.leg.br/media/", "ementa": "N\u00f3s, Rafael Vieira Faria e Frederico Henrique Cota Alves, ambos Vereadores do Munic\u00edpio de Pedro Leopoldo, viemos no uso de nossas atribui\u00e7\u00f5es regimentais, indicar a Exma. Sra. Prefeita Municipal, a cria\u00e7\u00e3o de \u00e1rea de embarque e desembarque na CEMAI Vov\u00f3 Elza, conforme justificativa em anexo."}, {"id": "22090", "ano": "2023", "numero": "467", "tipo__sigla": "PROT", "tipo__descricao": "Protocolo", "autoria": "Rafael Vieira Faria (Rafa)", "texto_original": "http://sapl.pedroleopoldo.mg.leg.br/media/", "ementa": "Venho, no uso de minhas atribui\u00e7\u00f5es regimentais, apresentar presente indica\u00e7\u00e3o, sugerindo ao Poder Executivo, a produ\u00e7\u00e3o de um cronograma de recupera\u00e7\u00e3o de bocas de lobos, contemplando manuten\u00e7\u00f5es preventivas e preditivas."}, {"id": "22091", "ano": "2023", "numero": "468", "tipo__sigla": "PROT", "tipo__descricao": "Protocolo", "autoria": "Guilherme de Lima Braga (Guilherme do Doce)", "texto_original": "http://sapl.pedroleopoldo.mg.leg.br/media/", "ementa": "No uso de minhas atribui\u00e7\u00f5es regimentais, indico \u00e0 Excelent\u00edssima Senhora Prefeita solicitar ao setor competente a instala\u00e7\u00e3o de redutor de velocidade (quebra-molas) na rua Zico Barbosa, pr\u00f3ximo ao n\u00famero 500 no bairro Teot\u00f4nio Batista de Freitas,"}, {"id": "22092", "ano": "2023", "numero": "469", "tipo__sigla": "PROT", "tipo__descricao": "Protocolo", "autoria": "Rafael Vieira Faria (Rafa)", "texto_original": "http://sapl.pedroleopoldo.mg.leg.br/media/", "ementa": "Venho, no uso de minhas atribui\u00e7\u00f5es, apresentar indica\u00e7\u00e3o, sugerindo a presid\u00eancia desta casa a realiza\u00e7\u00e3o de uma a\u00e7\u00e3o de doa\u00e7\u00e3o de sangue em parceria com a Funda\u00e7\u00e3o Hemominas e C\u00e2mara Municipal de Pedro Leopoldo, utilizando as salas do CAC- Centro de Aten\u00e7\u00e3o ao Cidad\u00e3o Jos\u00e9 Justino Pires Damaso."}, {"id": "22093", "ano": "2023", "numero": "470", "tipo__sigla": "PROT", "tipo__descricao": "Protocolo", "autoria": "Guilherme de Lima Braga (Guilherme do Doce)", "texto_original": "http://sapl.pedroleopoldo.mg.leg.br/media/", "ementa": "No uso de minhas atribui\u00e7\u00f5es regimentais, indico a Excelent\u00edssima Senhora Prefeita determinar ao setor competente providenciar a pintura dos redutores de velocidade (quebras molas) e das placas de sinaliza\u00e7\u00e3o na Avenida Coronel Juventino Dias, Centro, neste Munic\u00edpio"}, {"id": "22094", "ano": "2023", "numero": "471", "tipo__sigla": "PROT", "tipo__descricao": "Protocolo", "autoria": "Rafael Vieira Faria (Rafa)", "texto_original": "http://sapl.pedroleopoldo.mg.leg.br/media/", "ementa": "Visando tornar o ambiente mais adequado \u00e0s necessidades, venho, no uso de minhas atribui\u00e7\u00f5es regimentais, apresentar presente indica\u00e7\u00e3o, sugerindo ao Poder Executivo, a constru\u00e7\u00e3o de uma quadra poliesportiva na Cemai Vov\u00f3 Elza, utilizando a \u00e1rea n\u00e3o edificada, promovendo mais acesso ao esporte, lazer e cultura, al\u00e9m de fun\u00e7\u00e3o social a \u00e1rea n\u00e3o edificada."}, {"id": "22095", "ano": "2023", "numero": "472", "tipo__sigla": "PROT", "tipo__descricao": "Protocolo", "autoria": "Frederico Henrique Cota Alves (Fred Piau)", "texto_original": "http://sapl.pedroleopoldo.mg.leg.br/media/", "ementa": "Disp\u00f5e sobre a prote\u00e7\u00e3o da pessoa idosa, deficiente psicossocial, pessoas com transtornos mentais, deficiente e pensionistas nos procedimentos de contrata\u00e7\u00e3o de empr\u00e9stimo consignado, de cart\u00e3o de cr\u00e9dito consignado e de servi\u00e7o cujo desconto incida sobre a folha de pagamento."}, {"id": "22096", "ano": "2023", "numero": "473", "tipo__sigla": "PROT", "tipo__descricao": "Protocolo", "autoria": "Leonardo Pereira Ribeiro (Leoz\u00e3o)", "texto_original": "http://sapl.pedroleopoldo.mg.leg.br/media/", "ementa": "VOTO DE PESAR PARA: ISOLINA DA SILVA ANACLETO\r\nENVIAR PARA SEU ESPOSO: GERALDO ANACLETO\r\nENDERE\u00c7O: RUA JOS\u00c9 ANACLETO N 473\r\nLAGOA DE SANTO ANTONIO\r\nCEP:33252-635"}, {"id": "22097", "ano": "2023", "numero": "474", "tipo__sigla": "PROT", "tipo__descricao": "Protocolo", "autoria": "Cynthia Salom\u00e3o Bastos Faria", "texto_original": "http://sapl.pedroleopoldo.mg.leg.br/media/", "ementa": "Indica determinar ao setor competente realizar o corte de uma \u00e1rvore na Rua Nossa Senhora das Dores, 176, no bairro Quinta do Sumidouro"}, {"id": "22098", "ano": "2023", "numero": "475", "tipo__sigla": "PROT", "tipo__descricao": "Protocolo", "autoria": "Matheus Utsch de Oliveira", "texto_original": "http://sapl.pedroleopoldo.mg.leg.br/media/", "ementa": "No uso de minhas atribui\u00e7\u00f5es regimentais, requeiro \u00e0 Excelent\u00edssima Senhora Prefeita, informa\u00e7\u00f5es e o cronograma de a\u00e7\u00f5es de desassoreamento dos ribeir\u00f5es da Mata e das Neves no segundo semestre de 2023."}, {"id": "22099", "ano": "2023", "numero": "476", "tipo__sigla": "PROT", "tipo__descricao": "Protocolo", "autoria": "Executivo", "texto_original": "http://sapl.pedroleopoldo.mg.leg.br/media/", "ementa": "Disp\u00f5e sobre o piso salarial do Magist\u00e9rio no Munic\u00edpio de Pedro Leopoldo"}, {"id": "22102", "ano": "2023", "numero": "477", "tipo__sigla": "PROT", "tipo__descricao": "Protocolo", "autoria": "Cynthia Salom\u00e3o Bastos Faria", "texto_original": "http://sapl.pedroleopoldo.mg.leg.br/media/", "ementa": "Indica determinar ao setor competente realizar a capina e ro\u00e7agem em toda a extens\u00e3o da Rua Olhos d\u00b4 \u00c1gua, no Distrito de Fidalgo, neste Munic\u00edpio."}, {"id": "22103", "ano": "2023", "numero": "478", "tipo__sigla": "PROT", "tipo__descricao": "Protocolo", "autoria": "Rafael Vieira Faria (Rafa)", "texto_original": "http://sapl.pedroleopoldo.mg.leg.br/media/", "ementa": "Visando otimizar a sinaliza\u00e7\u00e3o horizontal na rua Espirito Santo, Pr\u00f3ximo ao P.A da Lagoa, venho, no uso de minhas atribui\u00e7\u00f5es regimentais, apresentar indica\u00e7\u00e3o, sugerindo ao Poder Executivo, a Realiza\u00e7\u00e3o de obra de sinaliza\u00e7\u00e3o horizontal, identificando a faixa de estacionamento, destacando vagas destinadas a urg\u00eancia e emerg\u00eancia, idosos, pessoas com necessidades especiais, trazendo mais seguran\u00e7a, conforto e garantia de direitos imposto pelo ordenamento jur\u00eddico."}, {"id": "22104", "ano": "2023", "numero": "479", "tipo__sigla": "PROT", "tipo__descricao": "Protocolo", "autoria": "Cynthia Salom\u00e3o Bastos Faria", "texto_original": "http://sapl.pedroleopoldo.mg.leg.br/media/", "ementa": "Voto de pesar pelo falecimento da Sra. Alicina Saores da Fonseca\r\nPara sua filha:. Margarete Leila da Fonseca, demais irm\u00e3os e familiares\r\nEndere\u00e7o: Rua Herculano Soares de Oliveira, 3331- Quinta do Sumidouro \r\nCEP:33253-134"}, {"id": "22105", "ano": "2023", "numero": "480", "tipo__sigla": "PROT", "tipo__descricao": "Protocolo", "autoria": "Cynthia Salom\u00e3o Bastos Faria", "texto_original": "http://sapl.pedroleopoldo.mg.leg.br/media/", "ementa": "Indica determinar ao setor competente colocar redutor de velocidade (quebra-molas) na rua Joaquim Marcelino Filho, pr\u00f3ximo ao Restaurante Baruch, n\u00famero 293, em Fidalgo, neste Munic\u00edpio."}, {"id": "22106", "ano": "2023", "numero": "481", "tipo__sigla": "PROT", "tipo__descricao": "Protocolo", "autoria": "Cynthia Salom\u00e3o Bastos Faria", "texto_original": "http://sapl.pedroleopoldo.mg.leg.br/media/", "ementa": "Indica determinar ao setor competente realizar a proje\u00e7\u00e3o de imagem no tel\u00e3o com fotos, v\u00eddeos, apresenta\u00e7\u00f5es ou similares da (s) pessoa (s) no momento em que recebe (m) a honraria."}, {"id": "22107", "ano": "2023", "numero": "482", "tipo__sigla": "PROT", "tipo__descricao": "Protocolo", "autoria": "Mauro J\u00fanior Lopes Francisco", "texto_original": "http://sapl.pedroleopoldo.mg.leg.br/media/", "ementa": "No uso de minhas atribui\u00e7\u00f5es regimentais, indico a Vossa Excel\u00eancia a concess\u00e3o de Mo\u00e7\u00e3o de Parab\u00e9ns ao senhor Nilson do Carmo ex jogador de futebol."}, {"id": "22108", "ano": "2023", "numero": "483", "tipo__sigla": "PROT", "tipo__descricao": "Protocolo", "autoria": "Cynthia Salom\u00e3o Bastos Faria", "texto_original": "http://sapl.pedroleopoldo.mg.leg.br/media/", "ementa": "INSTITUIR NO MUNIC\u00cdPIO DE PEDRO LEOPOLDO A DECLARA\u00c7\u00c3O DA RODA DE CAPOEIRA PATRIM\u00d4NIO CULTURAL IMATERIAL."}, {"id": "22109", "ano": "2023", "numero": "484", "tipo__sigla": "PROT", "tipo__descricao": "Protocolo", "autoria": "Rafael Vieira Faria (Rafa)", "texto_original": "http://sapl.pedroleopoldo.mg.leg.br/media/", "ementa": "No uso de minhas atribui\u00e7\u00f5es regimentais, apresento indica\u00e7\u00e3o, sugerindo ao Poder Executivo a regulariza\u00e7\u00e3o fundi\u00e1ria -REURB- nos Bairros Vera Cruz, Quintas de Vera Cruz, Tapera, Coqueirinho, Jardin\u00f3polis, Manoel Brand\u00e3o e Ferreiras, ambos situados na Regi\u00e3o Sul de Pedro Leopoldo."}, {"id": "22110", "ano": "2023", "numero": "485", "tipo__sigla": "PROT", "tipo__descricao": "Protocolo", "autoria": "Rafael Vieira Faria (Rafa)", "texto_original": "http://sapl.pedroleopoldo.mg.leg.br/media/", "ementa": "Venho, no uso de minhas atribui\u00e7\u00f5es, apresentar indica\u00e7\u00e3o, sugerindo ao Poder Executivo a regulariza\u00e7\u00e3o fundi\u00e1ria -REURB- nos Bairros Teot\u00f4nio Batista de Freitas, Santa Tereza e Dom Camilo, ambos situados na regi\u00e3o Norte de Pedro Leopoldo."}, {"id": "22111", "ano": "2023", "numero": "486", "tipo__sigla": "PROT", "tipo__descricao": "Protocolo", "autoria": "Rafael Vieira Faria (Rafa)", "texto_original": "http://sapl.pedroleopoldo.mg.leg.br/media/", "ementa": "Consoante as diversas demandas trazidas ao gabinete relacionadas a quantidade de produto abastecido e quantidade demonstrada na bomba, al\u00e9m da qualidade dos combust\u00edveis comercializados nos postos de combust\u00edveis da nossa cidade, venho, no uso de minhas atribui\u00e7\u00f5es, apresentar indica\u00e7\u00e3o, sugerindo ao Procon C\u00e2mara realizar uma fiscaliza\u00e7\u00e3o nos postos de combust\u00edveis fazendo uso das ferramentas dispon\u00edveis e, sucessivamente, publicar o resultado desse trabalho nos canais de comunica\u00e7\u00e3o desta casa."}, {"id": "22112", "ano": "2023", "numero": "487", "tipo__sigla": "PROT", "tipo__descricao": "Protocolo", "autoria": "Cynthia Salom\u00e3o Bastos Faria", "texto_original": "http://sapl.pedroleopoldo.mg.leg.br/media/", "ementa": "Indica determinar ao setor competente providenciar a reforma, revitaliza\u00e7\u00e3o e amplia\u00e7\u00e3o do pr\u00e9dio da Escola Municipal Quinta do Sumidouro, no bairro Quinta do Sumidouro, neste munic\u00edpio."}, {"id": "22113", "ano": "2023", "numero": "488", "tipo__sigla": "PROT", "tipo__descricao": "Protocolo", "autoria": "Leonardo Pereira Ribeiro (Leoz\u00e3o)", "texto_original": "http://sapl.pedroleopoldo.mg.leg.br/media/", "ementa": "No uso de minhas atribui\u00e7\u00f5es regimentais, indico a Excelent\u00edssima Sra. Prefeita, determinar ao \u00f3rg\u00e3o competente que seja estendida a rota do \u00f4nibus do bairro Morada dos Angicos, at\u00e9 a divisa dos Munic\u00edpios de Pedro Leopoldo MG/ Matozinhos MG."}, {"id": "22114", "ano": "2023", "numero": "489", "tipo__sigla": "PROT", "tipo__descricao": "Protocolo", "autoria": "Cynthia Salom\u00e3o Bastos Faria", "texto_original": "http://sapl.pedroleopoldo.mg.leg.br/media/", "ementa": "Indica determinar ao setor competente realizar a castra\u00e7\u00e3o de animais nos bairros de Fidalgo e Quinta do Sumidouro, neste munic\u00edpio."}, {"id": "22115", "ano": "2023", "numero": "490", "tipo__sigla": "PROT", "tipo__descricao": "Protocolo", "autoria": "Rafael Vieira Faria (Rafa)", "texto_original": "http://sapl.pedroleopoldo.mg.leg.br/media/", "ementa": "Consoante a necessidade de manuten\u00e7\u00e3o nas ruas 05, 06 e 07, ambas situadas no Bairro Teot\u00f4nio Batista de Freitas (\u00c1rea Verde), venho, no uso de minhas atribui\u00e7\u00f5es regimentais, apresentar presente indica\u00e7\u00e3o, sugerindo ao Poder Executivo, o patrolamento com bica corrida devolvendo \u00e0s vias supracitadas melhor qualidade de tr\u00e1fego."}, {"id": "22116", "ano": "2023", "numero": "491", "tipo__sigla": "PROT", "tipo__descricao": "Protocolo", "autoria": "Evaldo Geraldo do Carmo (Evaldo do A\u00e7ougue)", "texto_original": "http://sapl.pedroleopoldo.mg.leg.br/media/", "ementa": "No uso de minhas atribui\u00e7\u00f5es regimentais, indico \u00e0 Excelent\u00edssima Senhora Prefeita determinar ao setor competente opera\u00e7\u00e3o tapa buracos na Rua das Orqu\u00eddias, em frente ao n\u00famero 85, no Bairro Santa F\u00e9, neste Munic\u00edpio."}, {"id": "22117", "ano": "2023", "numero": "492", "tipo__sigla": "PROT", "tipo__descricao": "Protocolo", "autoria": "Evaldo Geraldo do Carmo (Evaldo do A\u00e7ougue)", "texto_original": "http://sapl.pedroleopoldo.mg.leg.br/media/", "ementa": "No uso de minhas atribui\u00e7\u00f5es regimentais, indico as seguintes interven\u00e7\u00f5es de melhoria na Rua Joaquim Caetano, nas proximidades da esquina com Rua Quatro (sem numero), no Bairro Santa F\u00e9, neste munic\u00edpio: - Retirada de lixo e entulho; - Instala\u00e7\u00e3o de placa de sinaliza\u00e7\u00e3o PROIBIDO JOGAR LIXO E ENTULHO NESTE LOCAL."}, {"id": "22118", "ano": "2023", "numero": "493", "tipo__sigla": "PROT", "tipo__descricao": "Protocolo", "autoria": "Rafael Vieira Faria (Rafa)", "texto_original": "http://sapl.pedroleopoldo.mg.leg.br/media/", "ementa": "Venho, no uso de minhas atribui\u00e7\u00f5es regimentais, indico \u00e0 Exma. Sra. Prefeita a disponibilizar uma pessoa diariamente para realizar a limpeza e a manuten\u00e7\u00e3o da Pra\u00e7a Jos\u00e9 Braz Ferreira, proporcionando \u00e0 popula\u00e7\u00e3o um local mais salubre, limpo, adequado, organizado e harmonioso, trazendo mais qualidade visual."}, {"id": "22119", "ano": "2023", "numero": "494", "tipo__sigla": "PROT", "tipo__descricao": "Protocolo", "autoria": "Guilherme de Lima Braga (Guilherme do Doce)", "texto_original": "http://sapl.pedroleopoldo.mg.leg.br/media/", "ementa": "Voto de pesar pelo falecimento de Manoel Magela Gomes\r\nEnviar para sua esposa Marlene Ferreira Gomes\r\nEndere\u00e7o : rua Presidente Kennedy n\u00famero 310 cep 33250290\r\nBairro S\u00e3o Jos\u00e9"}, {"id": "22144", "ano": "2023", "numero": "495", "tipo__sigla": "PROT", "tipo__descricao": "Protocolo", "autoria": "Frederico Henrique Cota Alves (Fred Piau)", "texto_original": "http://sapl.pedroleopoldo.mg.leg.br/media/", "ementa": "A realiza\u00e7\u00e3o de um chamamento p\u00fablico ou termo de colabora\u00e7\u00e3o para custeio de pol\u00edticas de combate as drogas e tratamento de dependentes qu\u00edmicos."}, {"id": "22145", "ano": "2023", "numero": "496", "tipo__sigla": "PROT", "tipo__descricao": "Protocolo", "autoria": "Warlen Alves da Silva", "texto_original": "http://sapl.pedroleopoldo.mg.leg.br/media/", "ementa": "No uso de minhas atribui\u00e7\u00f5es regimentais, indico \u00e0 Excelent\u00edssima Senhora Prefeita determinar ao setor competente para que providencie o recapeamento asf\u00e1ltico em toda extens\u00e3o da rua Am\u00e1lia Rodrigues de Jesus, no bairro Felipe Cl\u00e1udio, neste munic\u00edpio."}, {"id": "22146", "ano": "2023", "numero": "497", "tipo__sigla": "PROT", "tipo__descricao": "Protocolo", "autoria": "Warlen Alves da Silva", "texto_original": "http://sapl.pedroleopoldo.mg.leg.br/media/", "ementa": "No uso de minhas atribui\u00e7\u00f5es regimentais, indico \u00e0 Excelent\u00edssima Senhora Prefeita determinar ao setor competente para que providencie o recapeamento asf\u00e1ltico em toda extens\u00e3o da rua Jo\u00e3o Miguel Ribeiro, no bairro Lagoa de Santo Ant\u00f4nio, no Distrito de Pedro Leopoldo."}, {"id": "22147", "ano": "2023", "numero": "498", "tipo__sigla": "PROT", "tipo__descricao": "Protocolo", "autoria": "Mauro J\u00fanior Lopes Francisco", "texto_original": "http://sapl.pedroleopoldo.mg.leg.br/media/", "ementa": "Altera a Resolu\u00e7\u00e3o 848 de 02 de agosto de 2021 que: \"Institui a honraria legislativa Servidor P\u00fablico Destaque do Ano e d\u00e1 outras provid\u00eancias.\""}, {"id": "22148", "ano": "2023", "numero": "499", "tipo__sigla": "PROT", "tipo__descricao": "Protocolo", "autoria": "Cynthia Salom\u00e3o Bastos Faria", "texto_original": "http://sapl.pedroleopoldo.mg.leg.br/media/", "ementa": "Indica determinar ao setor competente realizar o servi\u00e7o de patrolamento, cascalhamento e a abertura de vala de drenagem para escoamento de \u00e1gua no final da Rua Santa Luzia, pr\u00f3ximo ao n\u00famero 316, em Fidalgo, neste Munic\u00edpio."}, {"id": "22149", "ano": "2023", "numero": "500", "tipo__sigla": "PROT", "tipo__descricao": "Protocolo", "autoria": "Leonardo Pereira Ribeiro (Leoz\u00e3o)", "texto_original": "http://sapl.pedroleopoldo.mg.leg.br/media/", "ementa": "No uso de minhas atribui\u00e7\u00f5es regimentais, indico a Excelent\u00edssima Sra Prefeita, determinar ao \u00f3rg\u00e3o competente a coloca\u00e7\u00e3o de redutor de velocidade na rua Rita Ribeiro, na altura do n\u00b0 131 Lagoa de Santo Ant\u00f4nio, Pedro Leopoldo MG."}, {"id": "22150", "ano": "2023", "numero": "501", "tipo__sigla": "PROT", "tipo__descricao": "Protocolo", "autoria": "Executivo", "texto_original": "http://sapl.pedroleopoldo.mg.leg.br/media/", "ementa": "Institui o Projeto Cultural denominado C\u00e1psula do Tempo do Munic\u00edpio de Pedro Leopoldo e confere outras provid\u00eancias."}, {"id": "22160", "ano": "2023", "numero": "502", "tipo__sigla": "PROT", "tipo__descricao": "Protocolo", "autoria": "Guilherme de Lima Braga (Guilherme do Doce)", "texto_original": "http://sapl.pedroleopoldo.mg.leg.br/media/", "ementa": "No uso de minhas atribui\u00e7\u00f5es regimentais, indico \u00e0 Vossa Excel\u00eancia conceder Mo\u00e7\u00e3o de Parab\u00e9ns a Senhora Eloiza Batista Guimar\u00e3es.\r\nDigna de tal homenagem pelo seu exemplo de prestatividade, honestidade e amor ao pr\u00f3ximo, se dedica \u00e1 sua comunidade deixando sempre as portas de sua casa abertas para todos que precisarem."}, {"id": "22161", "ano": "2023", "numero": "503", "tipo__sigla": "PROT", "tipo__descricao": "Protocolo", "autoria": "Guilherme de Lima Braga (Guilherme do Doce)", "texto_original": "http://sapl.pedroleopoldo.mg.leg.br/media/", "ementa": "No uso de minhas atribui\u00e7\u00f5es regimentais, indico \u00e0 Vossa Excel\u00eancia conceder Mo\u00e7\u00e3o de Parab\u00e9ns ao Senhor Marcos Tulio da Silva. Digno de tal homenagem pela excelente carreira como profissional de futebol, talento, esfor\u00e7o e carisma."}, {"id": "22162", "ano": "2023", "numero": "504", "tipo__sigla": "PROT", "tipo__descricao": "Protocolo", "autoria": "Guilherme de Lima Braga (Guilherme do Doce)", "texto_original": "http://sapl.pedroleopoldo.mg.leg.br/media/", "ementa": "No uso de minhas atribui\u00e7\u00f5es regimentais, indico a Excelent\u00edssima Senhora Prefeita determinar ao setor competente providenciar o servi\u00e7o de pavimenta\u00e7\u00e3o asf\u00e1ltica na rua V\u00e1rzea Formosa localizada no Distrito de Vera Cruz de Minas, neste Munic\u00edpio."}, {"id": "22163", "ano": "2023", "numero": "505", "tipo__sigla": "PROT", "tipo__descricao": "Protocolo", "autoria": "Frederico Henrique Cota Alves (Fred Piau)", "texto_original": "http://sapl.pedroleopoldo.mg.leg.br/media/", "ementa": "No uso de minhas atribui\u00e7\u00f5es regimentais, indico \u00e0 Excelent\u00edssima Senhora Prefeita determinar ao setor competente realizar poda de \u00e1rvore, avalia\u00e7\u00e3o da conserva\u00e7\u00e3o e se h\u00e1 risco de queda da mesma na Rua Dirceu Lopes, n\u00famero 220, Centro \u2013 Pedro Leopoldo."}, {"id": "22164", "ano": "2023", "numero": "506", "tipo__sigla": "PROT", "tipo__descricao": "Protocolo", "autoria": "Frederico Henrique Cota Alves (Fred Piau)", "texto_original": "http://sapl.pedroleopoldo.mg.leg.br/media/", "ementa": "No uso de minhas atribui\u00e7\u00f5es regimentais, indico \u00e0 Excelent\u00edssima Senhora Prefeita determinar ao setor competente, realizar opera\u00e7\u00e3o cidade limpa com caminh\u00e3o pipa, capina, varri\u00e7\u00e3o e pintura no Distrito Industrial Sul de nossa cidade."}, {"id": "22165", "ano": "2023", "numero": "507", "tipo__sigla": "PROT", "tipo__descricao": "Protocolo", "autoria": "Frederico Henrique Cota Alves (Fred Piau)", "texto_original": "http://sapl.pedroleopoldo.mg.leg.br/media/", "ementa": "Instala\u00e7\u00e3o de quebra-molas e sinaliza\u00e7\u00f5es no cruzamento que d\u00e1 acesso \u00e0 rua Jos\u00e9 de Paula Toledo com Rua Salim Issa, no Bairro Felipe Claudio de Sales."}, {"id": "22166", "ano": "2023", "numero": "508", "tipo__sigla": "PROT", "tipo__descricao": "Protocolo", "autoria": "Frederico Henrique Cota Alves (Fred Piau)", "texto_original": "http://sapl.pedroleopoldo.mg.leg.br/media/", "ementa": "No uso de minhas atribui\u00e7\u00f5es regimentais, indico \u00e0 Excelent\u00edssima Senhora Prefeita determinar ao setor competente asfaltar a rua das Orqu\u00eddeas, bairro hibiscos, neste Munic\u00edpio."}, {"id": "22167", "ano": "2023", "numero": "509", "tipo__sigla": "PROT", "tipo__descricao": "Protocolo", "autoria": "Frederico Henrique Cota Alves (Fred Piau)", "texto_original": "http://sapl.pedroleopoldo.mg.leg.br/media/", "ementa": "Fiscaliza\u00e7\u00e3o na rua Comendador Ant\u00f4nio Alves, na esquina com a rua Pedro Ant\u00f4nio Pereira, foi pintada uma faixa de pedestre cujos motoristas n\u00e3o respeitam. Indico a instala\u00e7\u00e3o de uma faixa elevada"}, {"id": "22168", "ano": "2023", "numero": "510", "tipo__sigla": "PROT", "tipo__descricao": "Protocolo", "autoria": "Leonardo Pereira Ribeiro (Leoz\u00e3o)", "texto_original": "http://sapl.pedroleopoldo.mg.leg.br/media/", "ementa": "VOTO DE PESAR PARA: MARIA APARECIDA RUFINA DE CARVALHO\r\nPARA SEU FILHA: FERNANDA DE SOUZA CARVALHO\r\nENDERE\u00c7O: AV. GIL ANT\u00d4NIO PEREIRA N\u00b0 1501 \r\nBAIRRO TEOT\u00d4NIO BATISTA DE FREITAS \r\nCEP: 33254122"}, {"id": "22169", "ano": "2023", "numero": "511", "tipo__sigla": "PROT", "tipo__descricao": "Protocolo", "autoria": "Frederico Henrique Cota Alves (Fred Piau)", "texto_original": "http://sapl.pedroleopoldo.mg.leg.br/media/", "ementa": "No uso de minhas atribui\u00e7\u00f5es regimentais, indico \u00e0 Excelent\u00edssima Senhora Prefeita determinar ao setor competente solicitar reparos do bueiro exposto na rua Levy Teixeira da Costa, bairro Maria de Lourdes. Bem como capina as margens da mesma via, neste munic\u00edpio."}, {"id": "22170", "ano": "2023", "numero": "512", "tipo__sigla": "PROT", "tipo__descricao": "Protocolo", "autoria": "Guilherme de Lima Braga (Guilherme do Doce)", "texto_original": "http://sapl.pedroleopoldo.mg.leg.br/media/", "ementa": "Voto de pesar pelo falecimento de Ant\u00f4nio Evaristo Ramos\r\nEnviar para seu irm\u00e3o Abilio M\u00e1rcio Ramos no endere\u00e7o Rua S\u00e3o Jo\u00e3o n\u00famero 252\r\nVera Cruz de Minas\r\ncep 33257632"}, {"id": "22171", "ano": "2023", "numero": "513", "tipo__sigla": "PROT", "tipo__descricao": "Protocolo", "autoria": "Frederico Henrique Cota Alves (Fred Piau)", "texto_original": "http://sapl.pedroleopoldo.mg.leg.br/media/", "ementa": "Providenciar a constru\u00e7\u00e3o de uma faixa elevada na Av. Heitor Cl\u00e1udio de Sales altura do n\u00famero 467 Bairro Felipe Cl\u00e1udio."}, {"id": "22172", "ano": "2023", "numero": "514", "tipo__sigla": "PROT", "tipo__descricao": "Protocolo", "autoria": "Frederico Henrique Cota Alves (Fred Piau)", "texto_original": "http://sapl.pedroleopoldo.mg.leg.br/media/", "ementa": "Institui o Programa Solidare PET -Farm\u00e1cia Veterin\u00e1ria Solid\u00e1ria, o qual disp\u00f5e acerca do recebimento de doa\u00e7\u00f5es, coleta, reaproveitamento, sele\u00e7\u00e3o, armazenamento, distribui\u00e7\u00e3o gratuita e descarte de produtos de uso veterin\u00e1rio no \u00e2mbito do munic\u00edpio de Pedro Leopoldo e de outras provid\u00eancias."}, {"id": "22173", "ano": "2023", "numero": "515", "tipo__sigla": "PROT", "tipo__descricao": "Protocolo", "autoria": "Rafael Vieira Faria (Rafa)", "texto_original": "http://sapl.pedroleopoldo.mg.leg.br/media/", "ementa": "Solicito a Vossa Excel\u00eancia observar um minuto de sil\u00eancio pelo falecimento do senhor M\u00e1rcio Pereira e Silva, bem como registrar o voto de pesar e, sucessivamente, envi\u00e1-lo aos seus familiares, na pessoa de seu filho, Marcos Vin\u00edcius Silva, residente e domiciliado na Rua Salgado Filho, n\u00ba 186, bairro Centro, CEP: 33250-105, Pedro Leopoldo-MG."}, {"id": "22174", "ano": "2023", "numero": "516", "tipo__sigla": "PROT", "tipo__descricao": "Protocolo", "autoria": "Warlen Alves da Silva", "texto_original": "http://sapl.pedroleopoldo.mg.leg.br/media/", "ementa": "No uso de minhas atribui\u00e7\u00f5es regimentais, indico \u00e0 Excelent\u00edssima Senhora Prefeita determinar ao setor competente para que providencie o servi\u00e7o de tapa buracos em toda extens\u00e3o da rua Guajajaras, no bairro Andyara, no Distrito de Pedro Leopoldo"}, {"id": "22175", "ano": "2023", "numero": "517", "tipo__sigla": "PROT", "tipo__descricao": "Protocolo", "autoria": "Warlen Alves da Silva", "texto_original": "http://sapl.pedroleopoldo.mg.leg.br/media/", "ementa": "No uso de minhas atribui\u00e7\u00f5es regimentais, indico a Vossa Excel\u00eancia a concess\u00e3o de Mo\u00e7\u00e3o de Parab\u00e9ns \u00e0 Gabriela de Oliveira Vieira, pelos relevantes trabalho prestados como agente de combate as endemias \u00e0 mais de 10 anos no munic\u00edpio de Pedro Leopoldo."}, {"id": "22176", "ano": "2023", "numero": "518", "tipo__sigla": "PROT", "tipo__descricao": "Protocolo", "autoria": "Evaldo Geraldo do Carmo (Evaldo do A\u00e7ougue)", "texto_original": "http://sapl.pedroleopoldo.mg.leg.br/media/", "ementa": "No uso de minhas atribui\u00e7\u00f5es regimentais, indico \u00e0 Excelent\u00edssima Senhora Prefeita determinar ao setor competente providenciar reforma na escola Raimundo Salvador da Silva, Rua  Guili Viana, 197, Bairro: Teot\u00f4nio Batista de Freitas, , neste munic\u00edpio."}, {"id": "22177", "ano": "2023", "numero": "519", "tipo__sigla": "PROT", "tipo__descricao": "Protocolo", "autoria": "Rafael Vieira Faria (Rafa)", "texto_original": "http://sapl.pedroleopoldo.mg.leg.br/media/", "ementa": "Venho, no uso de minhas atribui\u00e7\u00f5es regimentais, apresentar indica\u00e7\u00e3o, sugerindo ao Poder Executivo, a estrutura\u00e7\u00e3o da sala do Centro de Artes e Esportes Unificados -CEU-, destinada a aulas de ballet, tornando a sala mais adequada a pratica da dan\u00e7a, instalando barras, espelhos, piso flutuante e piso lin\u00f3leo, cortinas, bebedouro, visando promover um ambiente mais harmonioso, salubre e congruente aos alunos e professores, tanto no que tange a qualidade de ensino, quanto na oportunidade de alcan\u00e7ar melhores resultados a cada aula."}, {"id": "22178", "ano": "2023", "numero": "520", "tipo__sigla": "PROT", "tipo__descricao": "Protocolo", "autoria": "Matheus Utsch de Oliveira", "texto_original": "http://sapl.pedroleopoldo.mg.leg.br/media/", "ementa": "No uso de minhas atribui\u00e7\u00f5es regimentais, requeiro \u00e0 Excelent\u00edssima Senhora Prefeita as informa\u00e7\u00f5es sobre o estudo da Lagoa de Santo Ant\u00f4nio pela UFMG previsto para julho."}, {"id": "22180", "ano": "2023", "numero": "521", "tipo__sigla": "PROT", "tipo__descricao": "Protocolo", "autoria": "Cynthia Salom\u00e3o Bastos Faria", "texto_original": "http://sapl.pedroleopoldo.mg.leg.br/media/", "ementa": "Indica determinar ao setor competente realizar um estudo para controlar ou eliminar a infesta\u00e7\u00e3o de caramujo africano, no bairro Quinta do Sumidouro, neste Munic\u00edpio"}, {"id": "22181", "ano": "2023", "numero": "522", "tipo__sigla": "PROT", "tipo__descricao": "Protocolo", "autoria": "Frederico Henrique Cota Alves (Fred Piau)", "texto_original": "http://sapl.pedroleopoldo.mg.leg.br/media/", "ementa": "Institui o Dia Municipal do Protetor de Animais."}, {"id": "22182", "ano": "2023", "numero": "523", "tipo__sigla": "PROT", "tipo__descricao": "Protocolo", "autoria": "Cynthia Salom\u00e3o Bastos Faria", "texto_original": "http://sapl.pedroleopoldo.mg.leg.br/media/", "ementa": "Indica determinar ao setor competente realizar interven\u00e7\u00f5es para melhoria e mais seguran\u00e7a no entroncamento da rua Timbiras com a rua Moacir Jos\u00e9 da Silva. De imediato, sugiro as seguintes interven\u00e7\u00f5es:\r\n- Instala\u00e7\u00e3o de Placa de Regulamenta\u00e7\u00e3o R-1 Parada Obrigat\u00f3ria;\r\n- Pintura de faixas de pedestres."}, {"id": "22183", "ano": "2023", "numero": "524", "tipo__sigla": "PROT", "tipo__descricao": "Protocolo", "autoria": "Mauro J\u00fanior Lopes Francisco", "texto_original": "http://sapl.pedroleopoldo.mg.leg.br/media/", "ementa": "Prop\u00f5e Projeto de Lei que: \"Disp\u00f5e sobre ru\u00eddos em zonas urbanas e/ou rurais e prote\u00e7\u00e3o do bem-estar e do sossego p\u00fablico\"."}, {"id": "22184", "ano": "2023", "numero": "525", "tipo__sigla": "PROT", "tipo__descricao": "Protocolo", "autoria": "Frederico Henrique Cota Alves (Fred Piau)", "texto_original": "http://sapl.pedroleopoldo.mg.leg.br/media/", "ementa": "A reformula\u00e7\u00e3o da sala mineira do empreendedor, de nossa cidade."}, {"id": "22185", "ano": "2023", "numero": "526", "tipo__sigla": "PROT", "tipo__descricao": "Protocolo", "autoria": "Cynthia Salom\u00e3o Bastos Faria", "texto_original": "http://sapl.pedroleopoldo.mg.leg.br/media/", "ementa": "Indica determinar ao setor competente realizar interven\u00e7\u00f5es para melhoria e mais seguran\u00e7a nos entroncamentos da Pra\u00e7a Jos\u00e9 Elias da Costa com as ruas Timbiras, Presidente Kennedy e Cristov\u00e3o Duarte. De imediato, sugiro as seguintes interven\u00e7\u00f5es:\r\n-Instala\u00e7\u00e3o de Placas de faixa de pedestres;\r\n-Pintura de faixa de pedestres."}, {"id": "22186", "ano": "2023", "numero": "527", "tipo__sigla": "PROT", "tipo__descricao": "Protocolo", "autoria": "Warlen Alves da Silva", "texto_original": "http://sapl.pedroleopoldo.mg.leg.br/media/", "ementa": "No uso de minhas atribui\u00e7\u00f5es regimentais, indico a Exma Senhora Prefeita determinar ao setor competente a limpeza, capina e retirada de lixos e entulhos da Av. Dr. R\u00f4mulo Juliano Viana (AV. DA PONTE QUE LEVA A LUGAR NENHUM), final da Rua Manoelito Cunha, bem como a possibilidade de fechamento da entrada da rua para carros e caminh\u00f5es no bairro Santo Ant\u00f4nio."}, {"id": "22187", "ano": "2023", "numero": "528", "tipo__sigla": "PROT", "tipo__descricao": "Protocolo", "autoria": "Frederico Henrique Cota Alves (Fred Piau)", "texto_original": "http://sapl.pedroleopoldo.mg.leg.br/media/", "ementa": "O fechamento da rodovi\u00e1ria durante o per\u00edodo em que essa n\u00e3o estiver em funcionamento, bem como o seu isolamento f\u00edsico, por meio de muros ou alambrado, para impedir poss\u00edveis atos de vandalismo."}, {"id": "22188", "ano": "2023", "numero": "529", "tipo__sigla": "PROT", "tipo__descricao": "Protocolo", "autoria": "Executivo", "texto_original": "http://sapl.pedroleopoldo.mg.leg.br/media/", "ementa": "Autoriza abertura de Cr\u00e9dito Adicional Suplementar"}, {"id": "22197", "ano": "2023", "numero": "530", "tipo__sigla": "PROT", "tipo__descricao": "Protocolo", "autoria": "Leonardo Pereira Ribeiro (Leoz\u00e3o)", "texto_original": "http://sapl.pedroleopoldo.mg.leg.br/media/", "ementa": "VOTO DE PESAR PARA: JOS\u00c9 ALVES DE OLIVEIRA\r\nPARA SUA IRM\u00c3: CL\u00c9RIA MARIA DA SILVA \r\nENDERE\u00c7O: RUA, VEREADOR JO\u00c3O EDUARDO COSTA N\u00b0 124 APTO 201 BAIRRO S\u00d4NIA ROMANELLE.\r\nCEP: 33255-200"}, {"id": "22198", "ano": "2023", "numero": "531", "tipo__sigla": "PROT", "tipo__descricao": "Protocolo", "autoria": "Leonardo Pereira Ribeiro (Leoz\u00e3o)", "texto_original": "http://sapl.pedroleopoldo.mg.leg.br/media/", "ementa": "VOTO DE PESAR PARA: JOS\u00c9 CARLOS DOS SANTOS ( IRM\u00c3O DO NILO )\r\nENVIAR PARA SEU IRM\u00c3O: GERALDO LINOMAR DOS SANTOS ( IRM\u00c3O DO NILO)\r\nENDERE\u00c7O: RUA RUI BARBOSA N\u00b0 80 LAGOA DE SANTO ANT\u00d4NIO\r\nCEP:"}, {"id": "22199", "ano": "2023", "numero": "532", "tipo__sigla": "PROT", "tipo__descricao": "Protocolo", "autoria": "Frederico Henrique Cota Alves (Fred Piau)", "texto_original": "http://sapl.pedroleopoldo.mg.leg.br/media/", "ementa": "A manuten\u00e7\u00e3o das grades e extens\u00e3o das mesmas na galeria pluvial localizada na rua pacifico Gon\u00e7alves Filho, pr\u00f3ximo ao n\u00famero 175, situada no Distrito de Santo Ant\u00f4nio da Barra."}, {"id": "22200", "ano": "2023", "numero": "533", "tipo__sigla": "PROT", "tipo__descricao": "Protocolo", "autoria": "Frederico Henrique Cota Alves (Fred Piau)", "texto_original": "http://sapl.pedroleopoldo.mg.leg.br/media/", "ementa": "No uso de minhas atribui\u00e7\u00f5es regimentais, indico \u00e0 Excelent\u00edssima Senhora Prefeita determinar ao setor competente a cria\u00e7\u00e3o do \u201cPasse Atleta\u201d em nosso munic\u00edpio."}, {"id": "22201", "ano": "2023", "numero": "534", "tipo__sigla": "PROT", "tipo__descricao": "Protocolo", "autoria": "Frederico Henrique Cota Alves (Fred Piau)", "texto_original": "http://sapl.pedroleopoldo.mg.leg.br/media/", "ementa": "No uso de minhas atribui\u00e7\u00f5es regimentais, indico \u00e0 Excelent\u00edssima Senhora Prefeita determinar ao setor competente dar publicidade aos hor\u00e1rios, modalidades e escolas que participam do Projeto Educa\u00e7\u00e3o com Arte."}, {"id": "22202", "ano": "2023", "numero": "535", "tipo__sigla": "PROT", "tipo__descricao": "Protocolo", "autoria": "Frederico Henrique Cota Alves (Fred Piau)", "texto_original": "http://sapl.pedroleopoldo.mg.leg.br/media/", "ementa": "No uso de minhas atribui\u00e7\u00f5es regimentais, indico \u00e0 Excelent\u00edssima Senhora Prefeita determinar ao setor competente credenciamento dos m\u00fasicos e artistas da cidade para organizar as futuras apresenta\u00e7\u00f5es da cidade."}, {"id": "22203", "ano": "2023", "numero": "536", "tipo__sigla": "PROT", "tipo__descricao": "Protocolo", "autoria": "Frederico Henrique Cota Alves (Fred Piau)", "texto_original": "http://sapl.pedroleopoldo.mg.leg.br/media/", "ementa": "A realiza\u00e7\u00e3o de processo licitat\u00f3rio para aquisi\u00e7\u00e3o de playground de madeira para evitar deteriora\u00e7\u00e3o para ser instalado nas pra\u00e7as da cidade, priorizando as pra\u00e7as que possuam maior movimenta\u00e7\u00e3o de pessoas."}, {"id": "22204", "ano": "2023", "numero": "537", "tipo__sigla": "PROT", "tipo__descricao": "Protocolo", "autoria": "Warlen Alves da Silva", "texto_original": "http://sapl.pedroleopoldo.mg.leg.br/media/", "ementa": "No uso de minhas atribui\u00e7\u00f5es regimentais, indico \u00e0 excelent\u00edssima Senhora Prefeita determinar ao setor competente a realiza\u00e7\u00e3o do recapeamento asf\u00e1ltico em toda extens\u00e3o da rua Senador Melo Viana, bairro centro, neste mun\u00edcipio."}, {"id": "22205", "ano": "2023", "numero": "538", "tipo__sigla": "PROT", "tipo__descricao": "Protocolo", "autoria": "Cynthia Salom\u00e3o Bastos Faria", "texto_original": "http://sapl.pedroleopoldo.mg.leg.br/media/", "ementa": "Indica verificar ao setor competente realizar opera\u00e7\u00e3o tapa-buraco na Estrada Jos\u00e9 Pedr\u00e3o, que liga o Bairro Lagoa de Santo Ant\u00f4nio ao Distrito de Fidalgo, neste Munic\u00edpio."}, {"id": "22206", "ano": "2023", "numero": "539", "tipo__sigla": "PROT", "tipo__descricao": "Protocolo", "autoria": "Cynthia Salom\u00e3o Bastos Faria", "texto_original": "http://sapl.pedroleopoldo.mg.leg.br/media/", "ementa": "Indica determinar ao setor competente realizar um estudo para avaliar os motivos que est\u00e3o levando a morte dos p\u00e9s de manga espada, no bairro Quinta do Sumidouro."}, {"id": "22207", "ano": "2023", "numero": "540", "tipo__sigla": "PROT", "tipo__descricao": "Protocolo", "autoria": "Rafael Vieira Faria (Rafa)", "texto_original": "http://sapl.pedroleopoldo.mg.leg.br/media/", "ementa": "Venho, atrav\u00e9s da presente indica\u00e7\u00e3o, sugerir ao Poder Executivo, a sinaliza\u00e7\u00e3o horizontal dos redutores de velocidade na Avenida Gil Ant\u00f4nio Pereira, visando facilitar a visualiza\u00e7\u00e3o, trazendo mais seguran\u00e7a aos condutores e pedestres."}, {"id": "22209", "ano": "2023", "numero": "541", "tipo__sigla": "PROT", "tipo__descricao": "Protocolo", "autoria": "Frederico Henrique Cota Alves (Fred Piau)", "texto_original": "http://sapl.pedroleopoldo.mg.leg.br/media/", "ementa": "No uso de minhas atribui\u00e7\u00f5es regimentais, indico \u00e0 Excelent\u00edssima Senhora Prefeita determinar ao setor competente a instala\u00e7\u00e3o de olho vivo na rua Wenceslau Braz esquina com a rua Francisca Alves Bairro Santa Tereza."}, {"id": "22215", "ano": "2023", "numero": "542", "tipo__sigla": "PROT", "tipo__descricao": "Protocolo", "autoria": "Frederico Henrique Cota Alves (Fred Piau)", "texto_original": "http://sapl.pedroleopoldo.mg.leg.br/media/", "ementa": "No uso de minhas atribui\u00e7\u00f5es regimentais, indico \u00e0 Excelent\u00edssima Senhora Prefeita a cria\u00e7\u00e3o do Conselho Municipal de Prote\u00e7\u00e3o e Bem-Estar Animal \u2013 CMPBA em nosso munic\u00edpio."}, {"id": "22216", "ano": "2023", "numero": "543", "tipo__sigla": "PROT", "tipo__descricao": "Protocolo", "autoria": "Guilherme de Lima Braga (Guilherme do Doce)", "texto_original": "http://sapl.pedroleopoldo.mg.leg.br/media/", "ementa": "Voto de pesar pelo falecimento de Silvio Alves dos Santos \r\nEnviar para sua esposa V\u00e2nia Silva de Oliveira no endere\u00e7o: Rua Ot\u00e1vio Gouveia n\u00famero 280 CEP 33250384 no bairro Santo Ant\u00f4nio"}, {"id": "22224", "ano": "2023", "numero": "544", "tipo__sigla": "PROT", "tipo__descricao": "Protocolo", "autoria": "Frederico Henrique Cota Alves (Fred Piau)", "texto_original": "http://sapl.pedroleopoldo.mg.leg.br/media/", "ementa": "No uso de minhas atribui\u00e7\u00f5es regimentais, indica ao Excelent\u00edssimo Senhor Presidente da C\u00e2mara Municipal que as reuni\u00f5es de comiss\u00f5es permanentes e tem\u00e1ticas, CPI e reuni\u00f5es conjuntas. Tamb\u00e9m sejam transmitidas pelo TV C\u00c2MARA."}, {"id": "22234", "ano": "2023", "numero": "545", "tipo__sigla": "PROT", "tipo__descricao": "Protocolo", "autoria": "Evaldo Geraldo do Carmo (Evaldo do A\u00e7ougue)", "texto_original": "http://sapl.pedroleopoldo.mg.leg.br/media/", "ementa": "No uso de minhas atribui\u00e7\u00f5es regimentais, indico \u00e0 Excelent\u00edssima Senhora Prefeita determinar ao setor competente providenciar a limpeza da quadra localizada na Rua Am\u00e1lia Rodrigues de Jesus esquina com a Rua Pedro Maria Pereira, pr\u00f3ximo ao n\u00famero 668. Bairro Felipe Claudio, neste munic\u00edpio"}, {"id": "22235", "ano": "2023", "numero": "546", "tipo__sigla": "PROT", "tipo__descricao": "Protocolo", "autoria": "Frederico Henrique Cota Alves (Fred Piau)", "texto_original": "http://sapl.pedroleopoldo.mg.leg.br/media/", "ementa": "No uso de minhas atribui\u00e7\u00f5es regimentais, indico \u00e0 Excelent\u00edssima Senhora Prefeita determinar ao setor competente providenciar a elabora\u00e7\u00e3o do Plano Municipal para o Desenvolvimento do Turismo e Sustentabilidade."}, {"id": "22241", "ano": "2023", "numero": "547", "tipo__sigla": "PROT", "tipo__descricao": "Protocolo", "autoria": "Guilherme de Lima Braga (Guilherme do Doce)", "texto_original": "http://sapl.pedroleopoldo.mg.leg.br/media/", "ementa": "No uso de minhas atribui\u00e7\u00f5es regimentais, indico \u00e0 Excelent\u00edssima Senhora Prefeita solicitar ao setor competente a sinaliza\u00e7\u00e3o e melhorias no tr\u00e2nsito na rua Jo\u00e3o Bosco pr\u00f3ximo ao n\u00famero 11, no bairro Magalh\u00e3es, neste Munic\u00edpio."}, {"id": "22242", "ano": "2023", "numero": "548", "tipo__sigla": "PROT", "tipo__descricao": "Protocolo", "autoria": "Guilherme de Lima Braga (Guilherme do Doce)", "texto_original": "http://sapl.pedroleopoldo.mg.leg.br/media/", "ementa": "No uso de minhas atribui\u00e7\u00f5es regimentais, indico \u00e0 Excelent\u00edssima Senhora Prefeita solicitar ao setor competente a instala\u00e7\u00e3o de faixa elevada na Avenida Heitor Cl\u00e1udio de Sales pr\u00f3ximo ao n\u00famero 115, localizada no Distrito de Lagoa de santo Ant\u00f4nio, neste Munic\u00edpio."}, {"id": "22243", "ano": "2023", "numero": "549", "tipo__sigla": "PROT", "tipo__descricao": "Protocolo", "autoria": "Guilherme de Lima Braga (Guilherme do Doce)", "texto_original": "http://sapl.pedroleopoldo.mg.leg.br/media/", "ementa": "No uso de minhas atribui\u00e7\u00f5es regimentais, indico \u00e0 Excelent\u00edssima Senhora Prefeita solicitar ao setor competente a instala\u00e7\u00e3o de redutor de velocidade (quebra-molas) na Avenida Heitor Cl\u00e1udio de Sales pr\u00f3ximo ao n\u00famero 241, localizada no Distrito de Lagoa de santo Ant\u00f4nio, neste Munic\u00edpio."}, {"id": "22244", "ano": "2023", "numero": "550", "tipo__sigla": "PROT", "tipo__descricao": "Protocolo", "autoria": "Cynthia Salom\u00e3o Bastos Faria", "texto_original": "http://sapl.pedroleopoldo.mg.leg.br/media/", "ementa": "Indica determinar ao setor competente realizar o tratamento contra a lagarta da \u00e1rvore conhecida como castanheira, na pra\u00e7a Jos\u00e9 Elias da Costa, Bairro S\u00e3o Jos\u00e9, neste Munic\u00edpio."}, {"id": "22245", "ano": "2023", "numero": "551", "tipo__sigla": "PROT", "tipo__descricao": "Protocolo", "autoria": "Cynthia Salom\u00e3o Bastos Faria", "texto_original": "http://sapl.pedroleopoldo.mg.leg.br/media/", "ementa": "Indica determinar ao setor competente realizar a poda das castanheiras que ficam na pra\u00e7a Jos\u00e9 Elias da Costa, Bairro S\u00e3o Jos\u00e9, neste Munic\u00edpio."}, {"id": "22246", "ano": "2023", "numero": "552", "tipo__sigla": "PROT", "tipo__descricao": "Protocolo", "autoria": "Executivo", "texto_original": "http://sapl.pedroleopoldo.mg.leg.br/media/", "ementa": "Institui o Programa de Regulariza\u00e7\u00e3o Fiscal - REFIS 2023 e d\u00e1 outras provid\u00eancias."}, {"id": "22247", "ano": "2023", "numero": "553", "tipo__sigla": "PROT", "tipo__descricao": "Protocolo", "autoria": "Executivo", "texto_original": "http://sapl.pedroleopoldo.mg.leg.br/media/", "ementa": "Altera a Lei Municipal n\u00ba 3.703. de 29 de dezembro de 2022, que \"Estima as receitas e fixa as despesas do or\u00e7amento fiscal do Munic\u00edpio de Pedro Leopoldo para o exerc\u00edcio."}, {"id": "22248", "ano": "2023", "numero": "554", "tipo__sigla": "PROT", "tipo__descricao": "Protocolo", "autoria": "Warlen Alves da Silva", "texto_original": "http://sapl.pedroleopoldo.mg.leg.br/media/", "ementa": "No uso de minhas atribui\u00e7\u00f5es regimentais, indico a Vossa Excel\u00eancia a concess\u00e3o de Mo\u00e7\u00e3o de Parab\u00e9ns \u00e0 Adriana Cristina Pereira Isidro"}, {"id": "22249", "ano": "2023", "numero": "555", "tipo__sigla": "PROT", "tipo__descricao": "Protocolo", "autoria": "Leonardo Pereira Ribeiro (Leoz\u00e3o)", "texto_original": "http://sapl.pedroleopoldo.mg.leg.br/media/", "ementa": "\u201cPro\u00edbe a produ\u00e7\u00e3o de mudas e o plantio da spathodea campanulata, tamb\u00e9m conhecida como espat\u00f3dea , bisnagueira, tulipa-dogab\u00e3o, xixi-de-macaco ou chama-da-floresta, e incentiva a substitui\u00e7\u00e3o por plantas nativas em todo territ\u00f3rio do munic\u00edpio de Pedro Leopoldo e da outras  provid\u00eancias\u201d."}, {"id": "22250", "ano": "2023", "numero": "556", "tipo__sigla": "PROT", "tipo__descricao": "Protocolo", "autoria": "Leonardo Pereira Ribeiro (Leoz\u00e3o)", "texto_original": "http://sapl.pedroleopoldo.mg.leg.br/media/", "ementa": "Altera a lei Municipal n\u00b0 3.618, de 1\u00b0 de outubro de 2021, que institui a \u201cSemana Na M\u00e3o Certa\u201d, Visando o combater a explora\u00e7\u00e3o sexual de crian\u00e7as e adolescentes no \u00e2mbito de Pedro Leopoldo."}, {"id": "22251", "ano": "2023", "numero": "557", "tipo__sigla": "PROT", "tipo__descricao": "Protocolo", "autoria": "Matheus Utsch de Oliveira", "texto_original": "http://sapl.pedroleopoldo.mg.leg.br/media/", "ementa": "No uso de minhas atribui\u00e7\u00f5es regimentais, requeiro \u00e0 Excelent\u00edssima Senhora Prefeita as informa\u00e7\u00f5es e cronograma sobre a retirada dos fios prostrados na Avenida Cel. Juventino Dias, esquina com a Rua Pac\u00edfico Jos\u00e9 Diniz."}, {"id": "22252", "ano": "2023", "numero": "558", "tipo__sigla": "PROT", "tipo__descricao": "Protocolo", "autoria": "Matheus Utsch de Oliveira", "texto_original": "http://sapl.pedroleopoldo.mg.leg.br/media/", "ementa": "No uso de minhas atribui\u00e7\u00f5es regimentais, requeiro \u00e0 Excelent\u00edssima Senhora Prefeita as informa\u00e7\u00f5es sobre aplica\u00e7\u00e3o da Lei n\u00ba 3.650, de 24 de mar\u00e7o de 2022 nos pontos cr\u00edticos da cidade que est\u00e3o com fia\u00e7\u00e3o el\u00e9trica excedente e apresentando riscos."}, {"id": "22253", "ano": "2023", "numero": "559", "tipo__sigla": "PROT", "tipo__descricao": "Protocolo", "autoria": "Matheus Utsch de Oliveira", "texto_original": "http://sapl.pedroleopoldo.mg.leg.br/media/", "ementa": "No uso de minhas atribui\u00e7\u00f5es regimentais, requeiro \u00e0 Excelent\u00edssima Senhora Prefeita as informa\u00e7\u00f5es sobre a disponibilidade de faixa de pedestre elevada em frente \u00e0 todos os Cemais e escolas do munic\u00edpio."}, {"id": "22260", "ano": "2023", "numero": "560", "tipo__sigla": "PROT", "tipo__descricao": "Protocolo", "autoria": "Executivo", "texto_original": "http://sapl.pedroleopoldo.mg.leg.br/media/", "ementa": "Altera a Lei Municipal n\u00ba 3.245, de 08 de setembro de 2011, que disp\u00f5e sobre o Conselho Municipal de Pol\u00edticas sobre Drogas, e d\u00e1 outras provid\u00eancias."}, {"id": "22261", "ano": "2023", "numero": "561", "tipo__sigla": "PROT", "tipo__descricao": "Protocolo", "autoria": "Executivo", "texto_original": "http://sapl.pedroleopoldo.mg.leg.br/media/", "ementa": "Altera a Lei Municipal n\u00ba 3.555, de 18 de dezembro de 2019, que disp\u00f5e sobre a Pol\u00edtica Municipal de Promo\u00e7\u00e3o da igualdade Racial no Munic\u00edpio de Pedro Leopoldo"}, {"id": "22262", "ano": "2023", "numero": "562", "tipo__sigla": "PROT", "tipo__descricao": "Protocolo", "autoria": "Executivo", "texto_original": "http://sapl.pedroleopoldo.mg.leg.br/media/", "ementa": "Altera a Lei Municipal n\u00ba 3.632, de 14 de dezembro de 2021, que cria, na estrutura da Secretaria Municipal de Desenvolvimento Social, o Conselho Municipal de Pol\u00edticas para a Popula\u00e7\u00e3o LGBTQIA+ e d\u00e1 outras provid\u00eancias"}, {"id": "22263", "ano": "2023", "numero": "563", "tipo__sigla": "PROT", "tipo__descricao": "Protocolo", "autoria": "Frederico Henrique Cota Alves (Fred Piau)", "texto_original": "http://sapl.pedroleopoldo.mg.leg.br/media/", "ementa": "A instala\u00e7\u00e3o de lixeiras acopladas aos pontos de \u00f4nibus da cidade."}, {"id": "22264", "ano": "2023", "numero": "564", "tipo__sigla": "PROT", "tipo__descricao": "Protocolo", "autoria": "Frederico Henrique Cota Alves (Fred Piau)", "texto_original": "http://sapl.pedroleopoldo.mg.leg.br/media/", "ementa": "Melhorias na acessibilidade de pedestres e no tr\u00e2nsito nas portas das Escolas: Municipal Dona Carmem Barroso, Evary de Campos, Cantinho Feliz, Dr. Cristiano Otoni, Heitor Claudio de Sales, Izabel Gomes, Jandirinha Sales Joviano, Jos\u00e9 Elias da Costa, Jos\u00e9 Pedro Filho, Matos, Inhazinha Carvalho, Pedro Leopoldo, Raimundo Salvador da Silva e Rosalino Marques dos Reis; Estaduais: Imaculada Concei\u00e7\u00e3o, Fazenda Modelo, Magno Claret Vieira e Dr. J\u00falio C\u00e9sar de Vasconcelos, bem como, separar vagas para embarque e desembarque de Ve\u00edculos de Transporte Escolar na sa\u00edda das mesmas."}, {"id": "22265", "ano": "2023", "numero": "565", "tipo__sigla": "PROT", "tipo__descricao": "Protocolo", "autoria": "Frederico Henrique Cota Alves (Fred Piau)", "texto_original": "http://sapl.pedroleopoldo.mg.leg.br/media/", "ementa": "Providenciar a instala\u00e7\u00e3o de brinquedos nas Pra\u00e7as dos Bairros Ferreiras, Santo Ant\u00f4nio da Barra e Vera Cruz de Minas."}, {"id": "22266", "ano": "2023", "numero": "566", "tipo__sigla": "PROT", "tipo__descricao": "Protocolo", "autoria": "Frederico Henrique Cota Alves (Fred Piau)", "texto_original": "http://sapl.pedroleopoldo.mg.leg.br/media/", "ementa": "A promo\u00e7\u00e3o de estudos para que ocorra a melhoria no sistema de triagem de atendimento do ESF\"."}, {"id": "22267", "ano": "2023", "numero": "567", "tipo__sigla": "PROT", "tipo__descricao": "Protocolo", "autoria": "Frederico Henrique Cota Alves (Fred Piau)", "texto_original": "http://sapl.pedroleopoldo.mg.leg.br/media/", "ementa": "A extens\u00e3o da rede de \u00e1gua na Rua Helo\u00edna Pereira, localizada no Bairro Quinta do Sumidouro na regi\u00e3o do Periquito."}, {"id": "22268", "ano": "2023", "numero": "568", "tipo__sigla": "PROT", "tipo__descricao": "Protocolo", "autoria": "Matheus Utsch de Oliveira", "texto_original": "http://sapl.pedroleopoldo.mg.leg.br/media/", "ementa": "No uso de minhas atribui\u00e7\u00f5es regimentais, requeiro \u00e0 Excelent\u00edssima Senhora Prefeita as informa\u00e7\u00f5es sobre a situa\u00e7\u00e3o das manilhas entupidas no bairro Joana Darc, rua Arax\u00e1, que provoca alagamentos anuais e quais a\u00e7\u00f5es est\u00e3o sendo executadas."}, {"id": "22269", "ano": "2023", "numero": "569", "tipo__sigla": "PROT", "tipo__descricao": "Protocolo", "autoria": "Evaldo Geraldo do Carmo (Evaldo do A\u00e7ougue)", "texto_original": "http://sapl.pedroleopoldo.mg.leg.br/media/", "ementa": "No uso de minhas atribui\u00e7\u00f5es regimentais, indico a Excelent\u00edssima Senhora Prefeita determinar ao Setor Competente providenciar a instala\u00e7\u00e3o de c\u00e2meras de v\u00eddeo monitoramento (olho vivo) nas imedia\u00e7\u00f5es da Capela vel\u00f3rio no Bairro Lagoa de Santo Ant\u00f3nio."}, {"id": "22270", "ano": "2023", "numero": "570", "tipo__sigla": "PROT", "tipo__descricao": "Protocolo", "autoria": "Cynthia Salom\u00e3o Bastos Faria", "texto_original": "http://sapl.pedroleopoldo.mg.leg.br/media/", "ementa": "Indica determinar ao setor competente colocar redutores de velocidade (quebra-molas)  na rua Moacir Jos\u00e9 da Silva, pr\u00f3ximo ao n\u00famero 60, no bairro S\u00e3o Jos\u00e9, neste Munic\u00edpio."}, {"id": "22271", "ano": "2023", "numero": "571", "tipo__sigla": "PROT", "tipo__descricao": "Protocolo", "autoria": "Warlen Alves da Silva", "texto_original": "http://sapl.pedroleopoldo.mg.leg.br/media/", "ementa": "No uso de minhas atribui\u00e7\u00f5es regimentais, indico \u00e0 Excelent\u00edssima Senhora Prefeita determinar ao setor competente providenciar a instala\u00e7\u00e3o de 2 redutores de velocidade (quebra-mola), na rua Santa M\u00f4nica na altura dos n\u00fameros 68 e 126 , no bairro Teotonio Batista de Freitas."}, {"id": "22272", "ano": "2023", "numero": "572", "tipo__sigla": "PROT", "tipo__descricao": "Protocolo", "autoria": "Cynthia Salom\u00e3o Bastos Faria", "texto_original": "http://sapl.pedroleopoldo.mg.leg.br/media/", "ementa": "Indica determinar ao setor competente realizar opera\u00e7\u00e3o tapa-buraco nas ruas R, Jo\u00e3o Gon\u00e7alves Martins, Jacarand\u00e1 e Roberto Beliz\u00e1rio Viana, no Distrito de Fidalgo, neste Munic\u00edpio."}, {"id": "22273", "ano": "2023", "numero": "573", "tipo__sigla": "PROT", "tipo__descricao": "Protocolo", "autoria": "Leonardo Pereira Ribeiro (Leoz\u00e3o)", "texto_original": "http://sapl.pedroleopoldo.mg.leg.br/media/", "ementa": "VOTO DE PESAR PARA: MARIA IVETE FERREIRA\r\nENVIAR PARA: SUA FILHA, ROSANE SANTOS NOGUEIRA\r\nENEDERE\u00c7O: RUA PROFESSORA GUIDA VIANA, 291 - FELIPE CL\u00c1UDIO DE SALES"}, {"id": "22274", "ano": "2023", "numero": "574", "tipo__sigla": "PROT", "tipo__descricao": "Protocolo", "autoria": "Matheus Utsch de Oliveira", "texto_original": "http://sapl.pedroleopoldo.mg.leg.br/media/", "ementa": "No uso de minhas atribui\u00e7\u00f5es regimentais, requeiro \u00e0 Excelent\u00edssima Senhora Prefeita, saber se h\u00e1 protocolo para respostas de requerimentos protocolados para realiza\u00e7\u00e3o de eventos na cidade."}, {"id": "22275", "ano": "2023", "numero": "575", "tipo__sigla": "PROT", "tipo__descricao": "Protocolo", "autoria": "Leonardo Pereira Ribeiro (Leoz\u00e3o)", "texto_original": "http://sapl.pedroleopoldo.mg.leg.br/media/", "ementa": "VOTO DE PESAR PARA : RICARDO DOS SANTOS RIBEIRO\r\nENVIAR PARA SUA M\u00c3E: NEDINA TEODORO RIBEIRO\r\nENDERE\u00c7O: LUIZ PIRES DIAS GUIMAR\u00c3ES N\u00b0 243\r\nLAGOA DE SANTO ANTONIO - CEP 33252232"}, {"id": "22276", "ano": "2023", "numero": "576", "tipo__sigla": "PROT", "tipo__descricao": "Protocolo", "autoria": "Frederico Henrique Cota Alves (Fred Piau)", "texto_original": "http://sapl.pedroleopoldo.mg.leg.br/media/", "ementa": "A instala\u00e7\u00e3o de l\u00e2mpadas de LED na rua Lu\u00eds Pires Dias Guimar\u00e3es no Bairro Santa Maria."}, {"id": "22277", "ano": "2023", "numero": "577", "tipo__sigla": "PROT", "tipo__descricao": "Protocolo", "autoria": "Guilherme de Lima Braga (Guilherme do Doce)", "texto_original": "http://sapl.pedroleopoldo.mg.leg.br/media/", "ementa": "Voto de pesar pelo falecimento de Ant\u00f4nio Carlos Fideles \r\nEnviar para sua esposa J\u00falia Constantina dos Santos Fideles no endere\u00e7o Rua Jos\u00e9 Elias da Costa Filho n\u00famero 630 no Bairro Mirante CEP 33250428"}, {"id": "22278", "ano": "2023", "numero": "578", "tipo__sigla": "PROT", "tipo__descricao": "Protocolo", "autoria": "Guilherme de Lima Braga (Guilherme do Doce)", "texto_original": "http://sapl.pedroleopoldo.mg.leg.br/media/", "ementa": "Voto de pesar pelo falecimento de Vera L\u00facia da Silva \r\nEnviar para sua Filha Simone Aparecida da Silva e demais familiares no endere\u00e7o Rua dos Couras no Distrito de Vera Cruz de Minas CEP 33257644"}, {"id": "22318", "ano": "2023", "numero": "579", "tipo__sigla": "PROT", "tipo__descricao": "Protocolo", "autoria": "Warlen Alves da Silva", "texto_original": "http://sapl.pedroleopoldo.mg.leg.br/media/", "ementa": "No uso de minhas atribui\u00e7\u00f5es regimentais, indico a Vossa Excel\u00eancia conceder Mo\u00e7\u00e3o de Parab\u00e9ns ao Pastor Ronaldo Alves de Souza, pelos relevantes trabalhos espirituais prestados a frente da Igreja Palavra Prof\u00e9tica."}, {"id": "22332", "ano": "2023", "numero": "580", "tipo__sigla": "PROT", "tipo__descricao": "Protocolo", "autoria": "Leonardo Pereira Ribeiro (Leoz\u00e3o)", "texto_original": "http://sapl.pedroleopoldo.mg.leg.br/media/", "ementa": "Emendas do Projeto de Lei n.\u00ba 37/2023 - LDO"}, {"id": "22333", "ano": "2023", "numero": "581", "tipo__sigla": "PROT", "tipo__descricao": "Protocolo", "autoria": "Leonardo Pereira Ribeiro (Leoz\u00e3o)", "texto_original": "http://sapl.pedroleopoldo.mg.leg.br/media/", "ementa": "No uso de minhas atribui\u00e7\u00f5es regimentais, indico a Vossa Excel\u00eancia conceder Mo\u00e7\u00e3o de Parab\u00e9ns \u00e0 Escola Estadual Imaculada Concei\u00e7\u00e3o em comemora\u00e7\u00e3o aos 75 anos de funda\u00e7\u00e3o."}, {"id": "22334", "ano": "2023", "numero": "582", "tipo__sigla": "PROT", "tipo__descricao": "Protocolo", "autoria": "Matheus Utsch de Oliveira", "texto_original": "http://sapl.pedroleopoldo.mg.leg.br/media/", "ementa": "\u2022\tImplementa\u00e7\u00e3o de pol\u00edtica de plantio de \u00e1rvores com in\u00edcio de 5 mil \u00e1rvores plantadas."}, {"id": "22335", "ano": "2023", "numero": "583", "tipo__sigla": "PROT", "tipo__descricao": "Protocolo", "autoria": "Matheus Utsch de Oliveira", "texto_original": "http://sapl.pedroleopoldo.mg.leg.br/media/", "ementa": "Revitaliza\u00e7\u00e3o da Lagoa do Bairro Lagoa de Santo Ant\u00f4nio."}, {"id": "22336", "ano": "2023", "numero": "584", "tipo__sigla": "PROT", "tipo__descricao": "Protocolo", "autoria": "Matheus Utsch de Oliveira", "texto_original": "http://sapl.pedroleopoldo.mg.leg.br/media/", "ementa": "Recapeamento completo da avenida da Holcim, Lapa Vermelha e Fidalgo"}, {"id": "22337", "ano": "2023", "numero": "585", "tipo__sigla": "PROT", "tipo__descricao": "Protocolo", "autoria": "Matheus Utsch de Oliveira", "texto_original": "http://sapl.pedroleopoldo.mg.leg.br/media/", "ementa": "Regulamenta\u00e7\u00e3o da Lei n\u00ba 3.650, de 24 de mar\u00e7o de 2022 afim de combater a polui\u00e7\u00e3o visual dos cabeamentos e a inseguran\u00e7a nas cal\u00e7adas."}, {"id": "22338", "ano": "2023", "numero": "586", "tipo__sigla": "PROT", "tipo__descricao": "Protocolo", "autoria": "Matheus Utsch de Oliveira", "texto_original": "http://sapl.pedroleopoldo.mg.leg.br/media/", "ementa": "Cria\u00e7\u00e3o de um novo parque industrial com desapropria\u00e7\u00e3o de \u00e1rea."}, {"id": "22339", "ano": "2023", "numero": "587", "tipo__sigla": "PROT", "tipo__descricao": "Protocolo", "autoria": "Matheus Utsch de Oliveira", "texto_original": "http://sapl.pedroleopoldo.mg.leg.br/media/", "ementa": "Melhorias e investimentos na ASCAPEL com amplia\u00e7\u00e3o do galp\u00e3o;"}, {"id": "22340", "ano": "2023", "numero": "588", "tipo__sigla": "PROT", "tipo__descricao": "Protocolo", "autoria": "Matheus Utsch de Oliveira", "texto_original": "http://sapl.pedroleopoldo.mg.leg.br/media/", "ementa": "Revitaliza\u00e7\u00e3o do canteiro e sinaliza\u00e7\u00e3o na R. Agenor Teixeira da Costa"}, {"id": "22341", "ano": "2023", "numero": "589", "tipo__sigla": "PROT", "tipo__descricao": "Protocolo", "autoria": "Matheus Utsch de Oliveira", "texto_original": "http://sapl.pedroleopoldo.mg.leg.br/media/", "ementa": "Cria\u00e7\u00e3o, implementa\u00e7\u00e3o e amplia\u00e7\u00e3o da Pol\u00edtica de conten\u00e7\u00e3o de \u00e1gua afim de evitar alagamentos na Lagoa de Santo Ant\u00f4nio."}, {"id": "22342", "ano": "2023", "numero": "590", "tipo__sigla": "PROT", "tipo__descricao": "Protocolo", "autoria": "Matheus Utsch de Oliveira", "texto_original": "http://sapl.pedroleopoldo.mg.leg.br/media/", "ementa": "Revitaliza\u00e7\u00e3o das demarca\u00e7\u00f5es de vagas de estacionamento com prioridade em vagas de idosos e deficientes."}, {"id": "22343", "ano": "2023", "numero": "591", "tipo__sigla": "PROT", "tipo__descricao": "Protocolo", "autoria": "Matheus Utsch de Oliveira", "texto_original": "http://sapl.pedroleopoldo.mg.leg.br/media/", "ementa": "Revitaliza\u00e7\u00e3o dos atuais distritos, assim como suas regulariza\u00e7\u00f5es."}, {"id": "22344", "ano": "2023", "numero": "592", "tipo__sigla": "PROT", "tipo__descricao": "Protocolo", "autoria": "Matheus Utsch de Oliveira", "texto_original": "http://sapl.pedroleopoldo.mg.leg.br/media/", "ementa": "Implementa\u00e7\u00e3o de pol\u00edtica de ado\u00e7\u00e3o de uma \u00e1rvore."}, {"id": "22345", "ano": "2023", "numero": "593", "tipo__sigla": "PROT", "tipo__descricao": "Protocolo", "autoria": "Matheus Utsch de Oliveira", "texto_original": "http://sapl.pedroleopoldo.mg.leg.br/media/", "ementa": "Amplia\u00e7\u00e3o e disponibiliza\u00e7\u00e3o da lista de medicamentos da sa\u00fade mental na farm\u00e1cia municipal."}, {"id": "22346", "ano": "2023", "numero": "594", "tipo__sigla": "PROT", "tipo__descricao": "Protocolo", "autoria": "Matheus Utsch de Oliveira", "texto_original": "http://sapl.pedroleopoldo.mg.leg.br/media/", "ementa": "Instala\u00e7\u00e3o de c\u00e2meras de Olho Vivo nas depend\u00eancias do com\u00e9rcio do bairro S\u00e3o Jos\u00e9."}, {"id": "22347", "ano": "2023", "numero": "595", "tipo__sigla": "PROT", "tipo__descricao": "Protocolo", "autoria": "Matheus Utsch de Oliveira", "texto_original": "http://sapl.pedroleopoldo.mg.leg.br/media/", "ementa": "Facilita\u00e7\u00e3o de protocolos e a \u00e1gil compensa\u00e7\u00e3o de IPTU para \u00e1reas que sofrem com alagamentos."}, {"id": "22348", "ano": "2023", "numero": "596", "tipo__sigla": "PROT", "tipo__descricao": "Protocolo", "autoria": "Matheus Utsch de Oliveira", "texto_original": "http://sapl.pedroleopoldo.mg.leg.br/media/", "ementa": "Patrulha Ostensiva da Guarda Municipal nas sa\u00eddas das escolas p\u00fablicas, Municipais, Estaduais e T\u00e9cnicas."}, {"id": "22349", "ano": "2023", "numero": "597", "tipo__sigla": "PROT", "tipo__descricao": "Protocolo", "autoria": "Matheus Utsch de Oliveira", "texto_original": "http://sapl.pedroleopoldo.mg.leg.br/media/", "ementa": "Melhorias no Portal de Transpar\u00eancia conforme legisla\u00e7\u00e3o - Lei n\u00ba 3.652, de 24 de mar\u00e7o de 2022"}, {"id": "22350", "ano": "2023", "numero": "598", "tipo__sigla": "PROT", "tipo__descricao": "Protocolo", "autoria": "Matheus Utsch de Oliveira", "texto_original": "http://sapl.pedroleopoldo.mg.leg.br/media/", "ementa": "Implanta\u00e7\u00e3o do Plano de Tr\u00e2nsito."}, {"id": "22351", "ano": "2023", "numero": "599", "tipo__sigla": "PROT", "tipo__descricao": "Protocolo", "autoria": "Matheus Utsch de Oliveira", "texto_original": "http://sapl.pedroleopoldo.mg.leg.br/media/", "ementa": "Instala\u00e7\u00e3o de rede de prote\u00e7\u00e3o (Grades) em bueiros, conhecido como Bueiros Inteligentes."}, {"id": "22352", "ano": "2023", "numero": "600", "tipo__sigla": "PROT", "tipo__descricao": "Protocolo", "autoria": "Matheus Utsch de Oliveira", "texto_original": "http://sapl.pedroleopoldo.mg.leg.br/media/", "ementa": "Cria\u00e7\u00e3o do Conselho de Mobilidade Urbana."}, {"id": "22353", "ano": "2023", "numero": "601", "tipo__sigla": "PROT", "tipo__descricao": "Protocolo", "autoria": "Matheus Utsch de Oliveira", "texto_original": "http://sapl.pedroleopoldo.mg.leg.br/media/", "ementa": "Ciclovia na Avenida Comendador Ant\u00f4nio Alves e recupera\u00e7\u00e3o das ciclovias de Dr. Lund e Regi\u00e3o Norte com melhoria e amplia\u00e7\u00e3o at\u00e9 Fidalgo."}, {"id": "22354", "ano": "2023", "numero": "602", "tipo__sigla": "PROT", "tipo__descricao": "Protocolo", "autoria": "Leonardo Pereira Ribeiro (Leoz\u00e3o)", "texto_original": "http://sapl.pedroleopoldo.mg.leg.br/media/", "ementa": "No uso de minhas atribui\u00e7\u00f5es regimentais, indico a Vossa Excel\u00eancia conceder Mo\u00e7\u00e3o de Parab\u00e9ns, para a Irmandade feminina de Congo Nossa Senhora do Ros\u00e1rio, pelos seus 56 anos."}, {"id": "22355", "ano": "2023", "numero": "603", "tipo__sigla": "PROT", "tipo__descricao": "Protocolo", "autoria": "Leonardo Pereira Ribeiro (Leoz\u00e3o)", "texto_original": "http://sapl.pedroleopoldo.mg.leg.br/media/", "ementa": "No uso de minhas atribui\u00e7\u00f5es regimentais, indico a Vossa Excel\u00eancia conceder Mo\u00e7\u00e3o de Parab\u00e9ns, para a Irmandade de Mo\u00e7ambique Nossa Senhora Do Ros\u00e1rio, pelos seus 40 anos."}, {"id": "22357", "ano": "2023", "numero": "604", "tipo__sigla": "PROT", "tipo__descricao": "Protocolo", "autoria": "Leonardo Pereira Ribeiro (Leoz\u00e3o)", "texto_original": "http://sapl.pedroleopoldo.mg.leg.br/media/", "ementa": "No uso de minhas atribui\u00e7\u00f5es regimentais, solicito a Excelent\u00edssima Sra Prefeita, que encaminhe ao \u00f3rg\u00e3o competente que seja feito o passeio entre a Escola Municipal Jos\u00e9 Pedro Filho e Jandirinha na Rua, Jucelino Kubitschek Bairro Adelia Issa Pedro Leopoldo MG."}, {"id": "22358", "ano": "2023", "numero": "605", "tipo__sigla": "PROT", "tipo__descricao": "Protocolo", "autoria": "Mauro J\u00fanior Lopes Francisco", "texto_original": "http://sapl.pedroleopoldo.mg.leg.br/media/", "ementa": "Emendas Aditivas ao Projeto de Lei 37/2023"}, {"id": "22359", "ano": "2023", "numero": "606", "tipo__sigla": "PROT", "tipo__descricao": "Protocolo", "autoria": "Evaldo Geraldo do Carmo (Evaldo do A\u00e7ougue)", "texto_original": "http://sapl.pedroleopoldo.mg.leg.br/media/", "ementa": "No uso de minhas atribui\u00e7\u00f5es regimentais, indico \u00e0 Excelent\u00edssima Senhora Prefeita determinar ao setor competente providenciar a instala\u00e7\u00e3o de redutor de velocidade (quebra-molas) com placas e pintura na Av. Magno Claret Vieira, em frente ao numero 451. Bairro Lagoa de Santo Ant\u00f3nio, neste Munic\u00edpio."}, {"id": "22360", "ano": "2023", "numero": "607", "tipo__sigla": "PROT", "tipo__descricao": "Protocolo", "autoria": "Mauro J\u00fanior Lopes Francisco", "texto_original": "http://sapl.pedroleopoldo.mg.leg.br/media/", "ementa": "No uso de nossas atribui\u00e7\u00f5es regimentais, nos termos do artigo 55 da Resolu\u00e7\u00e3o 870/2022, que \"Disp\u00f5e sobre o Regimento Interno da C\u00e2mara Municipal de Pedro Leopoldo\", em raz\u00e3o do desvio de finalidade do ato administrativo, requeremos a anula\u00e7\u00e3o da portaria 43/2023 de exonera\u00e7\u00e3o do servidor Vin\u00edcius Eduardo Hernandes Mathias, por motivos de persegui\u00e7\u00e3o pol\u00edtica.\r\n\r\nAutoria dos vereadores: Mauro J\u00fanior Lopes Francisco, Guilherme de Lima Braga, Matheus Utsch de Oliveira, Warlen Alves da Silva, Evaldo Geraldo do Carmo e Cynthia Salom\u00e3o Bastos Faria"}, {"id": "22361", "ano": "2023", "numero": "608", "tipo__sigla": "PROT", "tipo__descricao": "Protocolo", "autoria": "Cynthia Salom\u00e3o Bastos Faria", "texto_original": "http://sapl.pedroleopoldo.mg.leg.br/media/", "ementa": "Indica \u00e0 Excelent\u00edssima Senhora Prefeita, determinar ao setor competente realizar a abertura de uma Estrada que liga a Rua Ant\u00f4nio Antunes Pereira, na Comunidade conhecida como Periquito, \u00e0 Rua Agenor do Pio, no Bairro Quinta do sumidouro, neste Munic\u00edpio."}, {"id": "22362", "ano": "2023", "numero": "609", "tipo__sigla": "PROT", "tipo__descricao": "Protocolo", "autoria": "Cynthia Salom\u00e3o Bastos Faria", "texto_original": "http://sapl.pedroleopoldo.mg.leg.br/media/", "ementa": "No uso de minhas atribui\u00e7\u00f5es regimentais, indico ao Excelent\u00edssimo Presidente da C\u00e2mara Municipal, conceder Mo\u00e7\u00e3o de Parab\u00e9ns \u00e0s Folias de S\u00e3o Sebasti\u00e3o e Santos Reis, Folia do Divino Esp\u00edrito Santo, Folia de Nossa Senhora do Ros\u00e1rio, Folia de S\u00e3o Sebasti\u00e3o e Folia Nossa Senhora da Concei\u00e7\u00e3o e Santos Reis, pertencentes \u00e0s comunidades de Fidalgo e Quinta do Sumidouro, neste Munic\u00edpio, por manter viva na mem\u00f3ria das pessoas a cultura presente nestas Comunidades e regi\u00e3o. Tradi\u00e7\u00e3o essa que contribui para a preserva\u00e7\u00e3o, a valoriza\u00e7\u00e3o e o reconhecimento da cultura no Munic\u00edpio de Pedro Leopoldo"}, {"id": "22363", "ano": "2023", "numero": "610", "tipo__sigla": "PROT", "tipo__descricao": "Protocolo", "autoria": "Eldir Jos\u00e9 Batista (Baixinho da Garagem)", "texto_original": "http://sapl.pedroleopoldo.mg.leg.br/media/", "ementa": "EMENDA LDO"}, {"id": "22364", "ano": "2023", "numero": "611", "tipo__sigla": "PROT", "tipo__descricao": "Protocolo", "autoria": "Rafael Vieira Faria (Rafa)", "texto_original": "http://sapl.pedroleopoldo.mg.leg.br/media/", "ementa": "EMENDAS ADITIVAS AO PROJETO DE LEI N.\u00ba 37/2023\r\n\r\nSegue em anexo emendas Aditivas ao Projeto de Lei n\u00ba 37/2023 de n\u00ba 01 a n\u00ba 10 num \u00fanico arquivo."}, {"id": "22365", "ano": "2023", "numero": "612", "tipo__sigla": "PROT", "tipo__descricao": "Protocolo", "autoria": "Cynthia Salom\u00e3o Bastos Faria", "texto_original": "http://sapl.pedroleopoldo.mg.leg.br/media/", "ementa": "Emendas aditivas \u00e0 administra\u00e7\u00e3o, cultura, desenvolvimento social, educa\u00e7\u00e3o, fazenda, servi\u00e7os p\u00fablicos, planejamento urbano, sa\u00fade, esporte."}, {"id": "22366", "ano": "2023", "numero": "613", "tipo__sigla": "PROT", "tipo__descricao": "Protocolo", "autoria": "Frederico Henrique Cota Alves (Fred Piau)", "texto_original": "http://sapl.pedroleopoldo.mg.leg.br/media/", "ementa": "EMENDAS ADITIVAS LDO"}, {"id": "22367", "ano": "2023", "numero": "614", "tipo__sigla": "PROT", "tipo__descricao": "Protocolo", "autoria": "Cynthia Salom\u00e3o Bastos Faria", "texto_original": "http://sapl.pedroleopoldo.mg.leg.br/media/", "ementa": "EMENDAS ADITIVAS LDO"}, {"id": "22368", "ano": "2023", "numero": "615", "tipo__sigla": "PROT", "tipo__descricao": "Protocolo", "autoria": "Cynthia Salom\u00e3o Bastos Faria", "texto_original": "http://sapl.pedroleopoldo.mg.leg.br/media/", "ementa": "EMENDAS ADITIVAS LDO"}, {"id": "22369", "ano": "2023", "numero": "616", "tipo__sigla": "PROT", "tipo__descricao": "Protocolo", "autoria": "Cynthia Salom\u00e3o Bastos Faria", "texto_original": "http://sapl.pedroleopoldo.mg.leg.br/media/", "ementa": "EMENDA ADITIVA LDO"}, {"id": "22370", "ano": "2023", "numero": "617", "tipo__sigla": "PROT", "tipo__descricao": "Protocolo", "autoria": "Cynthia Salom\u00e3o Bastos Faria", "texto_original": "http://sapl.pedroleopoldo.mg.leg.br/media/", "ementa": "EMENDA ADITIVA LDO MEIO AMBIENTE"}, {"id": "22371", "ano": "2023", "numero": "618", "tipo__sigla": "PROT", "tipo__descricao": "Protocolo", "autoria": "Cynthia Salom\u00e3o Bastos Faria", "texto_original": "http://sapl.pedroleopoldo.mg.leg.br/media/", "ementa": "EMENDA ADITIVA JUVENTUDE"}, {"id": "22372", "ano": "2023", "numero": "619", "tipo__sigla": "PROT", "tipo__descricao": "Protocolo", "autoria": "Guilherme de Lima Braga (Guilherme do Doce)", "texto_original": "http://sapl.pedroleopoldo.mg.leg.br/media/", "ementa": "Voto de pesar pelo falecimento de Alazir Cardeal Sorrentino \r\nEnviar para seu filho Expedito Sorrentino Filho \r\nEndere\u00e7o rua Jos\u00e9 Dias Guimar\u00e3es n\u00famero 15 no bairro Ara\u00e7as em Capim Branco"}, {"id": "22373", "ano": "2023", "numero": "620", "tipo__sigla": "PROT", "tipo__descricao": "Protocolo", "autoria": "Guilherme de Lima Braga (Guilherme do Doce)", "texto_original": "http://sapl.pedroleopoldo.mg.leg.br/media/", "ementa": "Voto de pesar pelo falecimento de Mirian da Rocha\r\nEnviar para sua filha Marcela Moreira Rocha \r\nEndere\u00e7o rua Bras\u00edlia,  cep 35725000, n\u00famero 425 Mocambeiro, Matozinhos"}, {"id": "22374", "ano": "2023", "numero": "621", "tipo__sigla": "PROT", "tipo__descricao": "Protocolo", "autoria": "Rafael Vieira Faria (Rafa)", "texto_original": "http://sapl.pedroleopoldo.mg.leg.br/media/", "ementa": "Venho, no uso de minhas atribui\u00e7\u00f5es, apresentar indica\u00e7\u00e3o, sugerindo ao Poder Executivo a Instui\u00e7\u00e3o da Patrulha da Mulher, visando reduzir os \u00edndices de viol\u00eancia contra a mulher."}, {"id": "22375", "ano": "2023", "numero": "622", "tipo__sigla": "PROT", "tipo__descricao": "Protocolo", "autoria": "Guilherme de Lima Braga (Guilherme do Doce)", "texto_original": "http://sapl.pedroleopoldo.mg.leg.br/media/", "ementa": "No uso de minhas atribui\u00e7\u00f5es regimentais, indico \u00e0 Vossa Excel\u00eancia conceder Mo\u00e7\u00e3o de Parab\u00e9ns ao Senhor Lucas de Azevedo Soares pela sua excelente atua\u00e7\u00e3o na r\u00e1dio PLFM."}, {"id": "22376", "ano": "2023", "numero": "623", "tipo__sigla": "PROT", "tipo__descricao": "Protocolo", "autoria": "Frederico Henrique Cota Alves (Fred Piau)", "texto_original": "http://sapl.pedroleopoldo.mg.leg.br/media/", "ementa": "\"Institui o Programa de Preven\u00e7\u00e3o ao Diabetes nas Creches e Escolas P\u00fablicas municipais e d\u00e1 outras provid\u00eancias\"."}, {"id": "22377", "ano": "2023", "numero": "624", "tipo__sigla": "PROT", "tipo__descricao": "Protocolo", "autoria": "Guilherme de Lima Braga (Guilherme do Doce)", "texto_original": "http://sapl.pedroleopoldo.mg.leg.br/media/", "ementa": "No uso de minhas atribui\u00e7\u00f5es regimentais, indico \u00e0 Vossa Excel\u00eancia conceder Mo\u00e7\u00e3o de Parab\u00e9ns a Senhor Ronan Batista de Souza por ser um homem \u00edntegro e pelos seus 36 anos na Lanchonete Scooby Doo."}, {"id": "22378", "ano": "2023", "numero": "625", "tipo__sigla": "PROT", "tipo__descricao": "Protocolo", "autoria": "Guilherme de Lima Braga (Guilherme do Doce)", "texto_original": "http://sapl.pedroleopoldo.mg.leg.br/media/", "ementa": "No uso de minhas atribui\u00e7\u00f5es regimentais, indico \u00e0 Vossa Excel\u00eancia conceder Mo\u00e7\u00e3o de Parab\u00e9ns ao Senhor Gentil C\u00e2ndido Diniz Viana por sempre prestrar assist\u00eancia judici\u00e1ria gratuita e sua atua\u00e7\u00e3o nos servi\u00e7os comunit\u00e1rios e sociais."}, {"id": "22379", "ano": "2023", "numero": "626", "tipo__sigla": "PROT", "tipo__descricao": "Protocolo", "autoria": "Matheus Utsch de Oliveira", "texto_original": "http://sapl.pedroleopoldo.mg.leg.br/media/", "ementa": "No uso de minhas atribui\u00e7\u00f5es regimentais, requeiro \u00e0 Excelent\u00edssima Senhora Prefeita as informa\u00e7\u00f5es sobre o pagamento de insalubridade dos garis, funcion\u00e1rios da prefeitura e terceirizados em grau m\u00e1ximo de 40%, conforme decis\u00e3o do TST de 2022 sobre esses direitos."}, {"id": "22380", "ano": "2023", "numero": "627", "tipo__sigla": "PROT", "tipo__descricao": "Protocolo", "autoria": "Leonardo Pereira Ribeiro (Leoz\u00e3o)", "texto_original": "http://sapl.pedroleopoldo.mg.leg.br/media/", "ementa": "VOTO DE PESAR PARA: ATILA DE MORAIS LAGE \r\nENVIAR PARA: SUA ESPOSA, TEREZA LAGE\r\nENDERE\u00c7O: RUA: AN\u00c9LIO CALDAS, 608, CENTRO"}, {"id": "22381", "ano": "2023", "numero": "628", "tipo__sigla": "PROT", "tipo__descricao": "Protocolo", "autoria": "Frederico Henrique Cota Alves (Fred Piau)", "texto_original": "http://sapl.pedroleopoldo.mg.leg.br/media/", "ementa": "Solicitar ao setor respons\u00e1vel informa\u00e7\u00f5es e planejamentos do tratamento de esgoto do Munic\u00edpio."}, {"id": "22382", "ano": "2023", "numero": "629", "tipo__sigla": "PROT", "tipo__descricao": "Protocolo", "autoria": "Frederico Henrique Cota Alves (Fred Piau)", "texto_original": "http://sapl.pedroleopoldo.mg.leg.br/media/", "ementa": "Solicitar ao setor respons\u00e1vel uma posi\u00e7\u00e3o sobre as instala\u00e7\u00f5es de Empresas que tem gerado emaranhados de fios nos postes de energia el\u00e9trica do Munic\u00edpio."}, {"id": "22383", "ano": "2023", "numero": "630", "tipo__sigla": "PROT", "tipo__descricao": "Protocolo", "autoria": "Mauro J\u00fanior Lopes Francisco", "texto_original": "http://sapl.pedroleopoldo.mg.leg.br/media/", "ementa": "No uso de minhas atribui\u00e7\u00f5es regimentais, indico \u00e0 Excelent\u00edssima Senhora Prefeita determinar ao setor competente a aquisi\u00e7\u00e3o de aparelhos eletrochoque, tatame, paralela para treino, colch\u00f5es e bicicleta ergom\u00e9trica para o Centro Municipal de Fisioterapia. Solicito ainda, agilidade na devolu\u00e7\u00e3o de aparelhos encaminhados para manuten\u00e7\u00e3o."}, {"id": "22384", "ano": "2023", "numero": "631", "tipo__sigla": "PROT", "tipo__descricao": "Protocolo", "autoria": "Leonardo Pereira Ribeiro (Leoz\u00e3o)", "texto_original": "http://sapl.pedroleopoldo.mg.leg.br/media/", "ementa": "VOTO DE PESAR PARA: JOS\u00c9 OSMAR VEN\u00c2NCIO \r\nPARA SUA FILHA: AMANDA CORR\u00caA VEN\u00c2NCIO\r\nPARA SUA ESPOSA: MARIA GERALDA CORR\u00caA VEN\u00c2NCIO \r\nENDERE\u00c7O: RUA, JOS\u00c9 JO\u00c3O NASSIF, N\u00b0 233 FELIPE CL\u00c1UDIO DE SALES.\r\nCEP: 33252-016"}, {"id": "22386", "ano": "2023", "numero": "632", "tipo__sigla": "PROT", "tipo__descricao": "Protocolo", "autoria": "Guilherme de Lima Braga (Guilherme do Doce)", "texto_original": "http://sapl.pedroleopoldo.mg.leg.br/media/", "ementa": "No uso de minhas atribui\u00e7\u00f5es regimentais, indico \u00e0 Vossa Excel\u00eancia conceder Mo\u00e7\u00e3o de Parab\u00e9ns a Senhora Giselly Pereira Alves pelo seus 16 anos de hist\u00f3ria na fisioterapia do mun\u00edcipio."}, {"id": "22387", "ano": "2023", "numero": "633", "tipo__sigla": "PROT", "tipo__descricao": "Protocolo", "autoria": "Warlen Alves da Silva", "texto_original": "http://sapl.pedroleopoldo.mg.leg.br/media/", "ementa": "No uso de minhas atribui\u00e7\u00f5es regimentais, indico \u00e0 Excelent\u00edssima Senhora Prefeita determinar ao setor competente para que providencie o recapeamento asf\u00e1ltico em toda extens\u00e3o da rua An\u00e9lio Caldas, no centro da cidade."}, {"id": "22388", "ano": "2023", "numero": "634", "tipo__sigla": "PROT", "tipo__descricao": "Protocolo", "autoria": "Warlen Alves da Silva", "texto_original": "http://sapl.pedroleopoldo.mg.leg.br/media/", "ementa": "No uso de minhas atribui\u00e7\u00f5es regimentais, indico \u00e0 Excelent\u00edssima Senhora Prefeita determinar ao setor competente para que providencie o recapeamento asf\u00e1ltico em toda extens\u00e3o da rua Comendador Ant\u00f4nio Alves, no centro da cidade."}, {"id": "22389", "ano": "2023", "numero": "635", "tipo__sigla": "PROT", "tipo__descricao": "Protocolo", "autoria": "Frederico Henrique Cota Alves (Fred Piau)", "texto_original": "http://sapl.pedroleopoldo.mg.leg.br/media/", "ementa": "No uso de minhas atribui\u00e7\u00f5es regimentais, indico \u00e0 Excelent\u00edssima Senhora Prefeita determinar ao setor competente fiscaliza\u00e7\u00e3o de uma \u00e1rvore com a raiz exposta em frente \u00e0 loja Cordilheira na rua Comendador Ant\u00f4nio Alves, 424 - Centro, Pedro Leopoldo, esquina com Coronel C\u00e2ndido Viana, no Centro de Pedro Leopoldo."}, {"id": "22390", "ano": "2023", "numero": "636", "tipo__sigla": "PROT", "tipo__descricao": "Protocolo", "autoria": "Leonardo Pereira Ribeiro (Leoz\u00e3o)", "texto_original": "http://sapl.pedroleopoldo.mg.leg.br/media/", "ementa": "VOTO DE PESAR PARA: ALEXANDRE GARCIA SENA \r\nENVIAR PARA SEU FILHO: FELIPE ALEXANDRE BRACHO SENA \r\nENDERE\u00c7O: RUA, MACHADO VIEIRA N\u00b015 CENTRO \r\nPEDRO LEOPOLDO \r\nCEP:33250-144"}, {"id": "22391", "ano": "2023", "numero": "637", "tipo__sigla": "PROT", "tipo__descricao": "Protocolo", "autoria": "Evaldo Geraldo do Carmo (Evaldo do A\u00e7ougue)", "texto_original": "http://sapl.pedroleopoldo.mg.leg.br/media/", "ementa": "No uso de minhas atribui\u00e7\u00f5es regimentais, indico \u00e0 Excelent\u00edssima Senhora Refeita determinar ao setor competente providenciar recapeamento na Rua Luiz Pires Dias Guimar\u00e3es por toda sua extens\u00e3o no Distrito de Lagoa de Santo Ant\u00f4nio, neste munic\u00edpio."}, {"id": "22392", "ano": "2023", "numero": "638", "tipo__sigla": "PROT", "tipo__descricao": "Protocolo", "autoria": "Matheus Utsch de Oliveira", "texto_original": "http://sapl.pedroleopoldo.mg.leg.br/media/", "ementa": "No uso de minhas atribui\u00e7\u00f5es regimentais, requeiro \u00e0 Excelent\u00edssima Senhora Prefeita as informa\u00e7\u00f5es sobre a adequa\u00e7\u00e3o do Portal da Transpar\u00eancia conforme a legisla\u00e7\u00e3o municipal \u2013 Lei Municipal n\u00ba 3.652, de 24 de mar\u00e7o de 2022."}, {"id": "22393", "ano": "2023", "numero": "639", "tipo__sigla": "PROT", "tipo__descricao": "Protocolo", "autoria": "Matheus Utsch de Oliveira", "texto_original": "http://sapl.pedroleopoldo.mg.leg.br/media/", "ementa": "No uso de minhas atribui\u00e7\u00f5es regimentais, requeiro \u00e0 Excelent\u00edssima Senhora Prefeita as informa\u00e7\u00f5es sobre o cronograma de revitaliza\u00e7\u00e3o do canteiro na Rua Agenor Teixeira da Costa."}, {"id": "22394", "ano": "2023", "numero": "640", "tipo__sigla": "PROT", "tipo__descricao": "Protocolo", "autoria": "Frederico Henrique Cota Alves (Fred Piau)", "texto_original": "http://sapl.pedroleopoldo.mg.leg.br/media/", "ementa": "No uso de minhas atribui\u00e7\u00f5es regimentais, indico \u00e0 Excelent\u00edssima Senhora Prefeita determinar ao setor competente a instala\u00e7\u00e3o de quebra-molas na rua Jesu\u00edna Moreira Cota, pr\u00f3ximo ao n\u00famero 37 e n\u00famero 149 - Bairro Santa Tereza, neste Munic\u00edpio."}, {"id": "22395", "ano": "2023", "numero": "641", "tipo__sigla": "PROT", "tipo__descricao": "Protocolo", "autoria": "Mauro J\u00fanior Lopes Francisco", "texto_original": "http://sapl.pedroleopoldo.mg.leg.br/media/", "ementa": "No uso de minhas atribui\u00e7\u00f5es regimentais, nos termos do Art. 191, I, requeiro a retirada/arquivamento do requerimento de Pedido de Afastamento Tempor\u00e1rio 01/2023, respeitando o regular tr\u00e2mite processual."}, {"id": "22396", "ano": "2023", "numero": "642", "tipo__sigla": "PROT", "tipo__descricao": "Protocolo", "autoria": "Matheus Utsch de Oliveira", "texto_original": "http://sapl.pedroleopoldo.mg.leg.br/media/", "ementa": "No uso de minhas atribui\u00e7\u00f5es regimentais, requeiro \u00e0 Excelent\u00edssima Senhora Prefeita as informa\u00e7\u00f5es sobre a implementa\u00e7\u00e3o da pol\u00edtica de plantio de \u00e1rvores conforme legisla\u00e7\u00e3o municipal \u2013 Lei Municipal n\u00ba 3.666, de 06 de Junho de 2022."}, {"id": "22397", "ano": "2023", "numero": "643", "tipo__sigla": "PROT", "tipo__descricao": "Protocolo", "autoria": "Matheus Utsch de Oliveira", "texto_original": "http://sapl.pedroleopoldo.mg.leg.br/media/", "ementa": "No uso de minhas atribui\u00e7\u00f5es regimentais, requeiro \u00e0 Excelent\u00edssima Senhora Prefeita as informa\u00e7\u00f5es sobre o cronograma de manuten\u00e7\u00f5es da ciclovia que liga o Centro ao Distrito de Dr. Lund."}, {"id": "22398", "ano": "2023", "numero": "644", "tipo__sigla": "PROT", "tipo__descricao": "Protocolo", "autoria": "Matheus Utsch de Oliveira", "texto_original": "http://sapl.pedroleopoldo.mg.leg.br/media/", "ementa": "No uso de minhas atribui\u00e7\u00f5es regimentais, requeiro \u00e0 Excelent\u00edssima Senhora Prefeita as informa\u00e7\u00f5es sobre a\u00e7\u00f5es que est\u00e3o sendo desempenhadas para a conten\u00e7\u00e3o da \u00e1gua afim de evitar alagamentos na Lagoa de Santo Ant\u00f4nio."}, {"id": "22399", "ano": "2023", "numero": "645", "tipo__sigla": "PROT", "tipo__descricao": "Protocolo", "autoria": "Warlen Alves da Silva", "texto_original": "http://sapl.pedroleopoldo.mg.leg.br/media/", "ementa": "No uso de minhas atribui\u00e7\u00f5es regimentais, indico \u00e0 excelent\u00edssima Senhora Prefeita determinar ao setor competente a realiza\u00e7\u00e3o do recapeamento asf\u00e1ltico em toda sua extens\u00e3o na rua Doutor Rocha, bairro centro, neste mun\u00edcipio."}, {"id": "22400", "ano": "2023", "numero": "646", "tipo__sigla": "PROT", "tipo__descricao": "Protocolo", "autoria": "Warlen Alves da Silva", "texto_original": "http://sapl.pedroleopoldo.mg.leg.br/media/", "ementa": "No uso de minhas atribui\u00e7\u00f5es regimentais, indico \u00e0 Excelent\u00edssima Senhora Prefeita determinar ao setor competente para que providencie o recapeamento asf\u00e1ltico em toda extens\u00e3o da rua Dr. Roberto Belis\u00e1rio Viana, no centro da cidade, neste Munic\u00edpio."}, {"id": "22403", "ano": "2023", "numero": "647", "tipo__sigla": "PROT", "tipo__descricao": "Protocolo", "autoria": "Warlen Alves da Silva", "texto_original": "http://sapl.pedroleopoldo.mg.leg.br/media/", "ementa": "No uso de minhas atribui\u00e7\u00f5es regimentais, indico \u00e0 excelent\u00edssima Senhora Prefeita determinar ao setor competente a realiza\u00e7\u00e3o do recapeamento asf\u00e1ltico em toda extens\u00e3o da rua S\u00e3o Sebasti\u00e3o, bairro centro, neste mun\u00edcipio."}, {"id": "22408", "ano": "2023", "numero": "648", "tipo__sigla": "PROT", "tipo__descricao": "Protocolo", "autoria": "Mauro J\u00fanior Lopes Francisco", "texto_original": "http://sapl.pedroleopoldo.mg.leg.br/media/", "ementa": "No uso de minhas atribui\u00e7\u00f5es regimentais, indico \u00e0 Excelent\u00edssima Senhora Prefeita determinar ao setor competente, fazer o reparo de um buraco situado na rua Juca Isaias na altura do n\u00famero 150, no Conjunto Habitacional Romero de Carvalho"}, {"id": "22409", "ano": "2023", "numero": "649", "tipo__sigla": "PROT", "tipo__descricao": "Protocolo", "autoria": "Mauro J\u00fanior Lopes Francisco", "texto_original": "http://sapl.pedroleopoldo.mg.leg.br/media/", "ementa": "No uso de minhas atribui\u00e7\u00f5es regimentais, indico \u00e0 Excelent\u00edssima Senhora Prefeita determinar ao setor competente, fazer a instala\u00e7\u00e3o de manilhas na rua Pedro Leopoldo, pr\u00f3ximo aos n\u00fameros 268/274 e 280 A e B, no distrito de Vera Cruz de Minas."}, {"id": "22411", "ano": "2023", "numero": "650", "tipo__sigla": "PROT", "tipo__descricao": "Protocolo", "autoria": "Warlen Alves da Silva", "texto_original": "http://sapl.pedroleopoldo.mg.leg.br/media/", "ementa": "No uso de minhas atribui\u00e7\u00f5es regimentais, indico \u00e0 excelent\u00edssima Senhora Prefeita determinar ao setor competente a realiza\u00e7\u00e3o do recapeamento asf\u00e1ltico em toda extens\u00e3o da rua Alameda Pau Brasil, bairro Lagoa de Santo Ant\u00f4nio, neste mun\u00edcipio."}, {"id": "22412", "ano": "2023", "numero": "651", "tipo__sigla": "PROT", "tipo__descricao": "Protocolo", "autoria": "Frederico Henrique Cota Alves (Fred Piau)", "texto_original": "http://sapl.pedroleopoldo.mg.leg.br/media/", "ementa": "A instala\u00e7\u00e3o de novos brinquedos na pra\u00e7a Juscelino Kubitscheck, e a instala\u00e7\u00e3o de c\u00e2meras de v\u00eddeo monitoramento (olho vivo) no local."}, {"id": "22413", "ano": "2023", "numero": "652", "tipo__sigla": "PROT", "tipo__descricao": "Protocolo", "autoria": "Frederico Henrique Cota Alves (Fred Piau)", "texto_original": "http://sapl.pedroleopoldo.mg.leg.br/media/", "ementa": "No uso de minhas atribui\u00e7\u00f5es regimentais, requeiro \u00e0 Excelent\u00edssima Senhora Prefeita informa\u00e7\u00f5es de como se deu o processo de contrata\u00e7\u00e3o da equipe de arbitragem para o JEMPEL, bem como quais foram os crit\u00e9rios utilizados e quais as compet\u00eancias exigidas para contrata\u00e7\u00e3o."}, {"id": "22414", "ano": "2023", "numero": "653", "tipo__sigla": "PROT", "tipo__descricao": "Protocolo", "autoria": "Cynthia Salom\u00e3o Bastos Faria", "texto_original": "http://sapl.pedroleopoldo.mg.leg.br/media/", "ementa": "indica \u00e0 Excelent\u00edssima Senhora Prefeita, solicitar ao setor competente realizar Pavimenta\u00e7\u00e3o Asf\u00e1ltica nas ruas Ant\u00f4nio Rodrigues, Ros\u00e1rio, Noraldino Almeida, \u00canio Pereira e continua\u00e7\u00e3o da rua Agenor do Pio no Bairro Quinta do Sumidouro."}, {"id": "22415", "ano": "2023", "numero": "654", "tipo__sigla": "PROT", "tipo__descricao": "Protocolo", "autoria": "Cynthia Salom\u00e3o Bastos Faria", "texto_original": "http://sapl.pedroleopoldo.mg.leg.br/media/", "ementa": "indica \u00e0 Excelent\u00edssima Senhora Prefeita, solicitar ao setor competente realizar Pavimenta\u00e7\u00e3o Asf\u00e1ltica nas ruas Beco Milit\u00e3o e continua\u00e7\u00e3o da rua Santa Luzia e Rui Barbosa em Fidalgo"}, {"id": "22416", "ano": "2023", "numero": "655", "tipo__sigla": "PROT", "tipo__descricao": "Protocolo", "autoria": "Cynthia Salom\u00e3o Bastos Faria", "texto_original": "http://sapl.pedroleopoldo.mg.leg.br/media/", "ementa": "solicito \u00e0 Vossa Excel\u00eancia conceder Mo\u00e7\u00e3o de Parab\u00e9ns ao secret\u00e1rio de Planejamento Urbano Gerson Alfredo Viana Santos, pelos excelentes servi\u00e7os prestados junto a Secretaria Municipal de Planejamento Urbano."}, {"id": "22417", "ano": "2023", "numero": "656", "tipo__sigla": "PROT", "tipo__descricao": "Protocolo", "autoria": "Matheus Utsch de Oliveira", "texto_original": "http://sapl.pedroleopoldo.mg.leg.br/media/", "ementa": "No uso de minhas atribui\u00e7\u00f5es regimentais, requeiro \u00e0 Excelent\u00edssima Senhora Prefeita as informa\u00e7\u00f5es sobre o repasse de R$517.663,00 pela deputada Nayara Rocha para a aquisi\u00e7\u00e3o de Raio-X Fixo Digital e um Ultrassom Diagn\u00f3stico para o PA Central em mar\u00e7o de 2023."}, {"id": "22418", "ano": "2023", "numero": "657", "tipo__sigla": "PROT", "tipo__descricao": "Protocolo", "autoria": "Cynthia Salom\u00e3o Bastos Faria", "texto_original": "http://sapl.pedroleopoldo.mg.leg.br/media/", "ementa": "Solicito \u00e0 Vossa Excel\u00eancia Conceder Mo\u00e7\u00e3o de Parab\u00e9ns ao Respons\u00e1vel t\u00e9cnico da Secretaria de Meio Ambiente Leonardo Viana Costa E Silva pelos excelentes servi\u00e7os prestados junto a Secretaria Municipal de Meio Ambiente"}, {"id": "22419", "ano": "2023", "numero": "658", "tipo__sigla": "PROT", "tipo__descricao": "Protocolo", "autoria": "Cynthia Salom\u00e3o Bastos Faria", "texto_original": "http://sapl.pedroleopoldo.mg.leg.br/media/", "ementa": "indico \u00e0 Excelent\u00edssima Senhora Prefeita, determinar ao setor competente disponibilizar abafadores para uso dos alunos com Transtorno do Espectro Autista nas Institui\u00e7\u00f5es de Ensino Municipais."}, {"id": "22476", "ano": "2023", "numero": "659", "tipo__sigla": "PROT", "tipo__descricao": "Protocolo", "autoria": "Leonardo Pereira Ribeiro (Leoz\u00e3o)", "texto_original": "http://sapl.pedroleopoldo.mg.leg.br/media/", "ementa": "No uso de minhas atribui\u00e7\u00f5es regimentais, indico a Excelent\u00edssima Sra Prefeita, determinar ao \u00f3rg\u00e3o competente a coloca\u00e7\u00e3o de redutores  de velocidade (quebra-molas) na rua Guilhermina Augusta Vieira n\u00b0 205 no Distrito de Lagoa de Santo Ant\u00f4nio, Pedro Leopoldo MG."}, {"id": "22486", "ano": "2023", "numero": "660", "tipo__sigla": "PROT", "tipo__descricao": "Protocolo", "autoria": "Mauro J\u00fanior Lopes Francisco", "texto_original": "http://sapl.pedroleopoldo.mg.leg.br/media/", "ementa": "VOTO PESAR FALECIMENTO JAIME PERAZOLI"}, {"id": "22487", "ano": "2023", "numero": "661", "tipo__sigla": "PROT", "tipo__descricao": "Protocolo", "autoria": "Guilherme de Lima Braga (Guilherme do Doce)", "texto_original": "http://sapl.pedroleopoldo.mg.leg.br/media/", "ementa": "VOTO PESAR FALECIMENTO LUIZ CARLOS"}, {"id": "22516", "ano": "2023", "numero": "662", "tipo__sigla": "PROT", "tipo__descricao": "Protocolo", "autoria": "Evaldo Geraldo do Carmo (Evaldo do A\u00e7ougue)", "texto_original": "http://sapl.pedroleopoldo.mg.leg.br/media/", "ementa": "No uso de minhas atribui\u00e7\u00f5es regimentais, indico \u00e0 Excelent\u00edssima Senhora Prefeita determinar ao setor competente providenciar a coloca\u00e7\u00e3o de uma passagem elevada no ponto de \u00f3nibus e placa sinalizadora na Horizontal, na Rua Prefeito Cec\u00e9, em frente ao n\u00ba 702 (Bar do K-xote), Centro, neste munic\u00edpio."}, {"id": "22517", "ano": "2023", "numero": "663", "tipo__sigla": "PROT", "tipo__descricao": "Protocolo", "autoria": "Evaldo Geraldo do Carmo (Evaldo do A\u00e7ougue)", "texto_original": "http://sapl.pedroleopoldo.mg.leg.br/media/", "ementa": "Indico determinar ao setor competente realizar interven\u00e7\u00f5es para melhoria e mais seguran\u00e7a na Av. Ver. Magno Claret Vieira (\u00e1rea comercial) n\u00b0 773 ao n\u00ba 326. De imediato, sugiro as seguintes interven\u00e7\u00f5es: -Instala\u00e7\u00e3o de Placas horizontal de faixa de pedestres; Pintura de faixa de pedestres; Parada Obrigat\u00f3ria; Estacionamento; Pintura de faixa elevada."}, {"id": "22518", "ano": "2023", "numero": "664", "tipo__sigla": "PROT", "tipo__descricao": "Protocolo", "autoria": "Matheus Utsch de Oliveira", "texto_original": "http://sapl.pedroleopoldo.mg.leg.br/media/", "ementa": "Altera o nome da Pra\u00e7a Tancredo Neves para Pra\u00e7a Cleusa dos Santos Borges"}, {"id": "22519", "ano": "2023", "numero": "665", "tipo__sigla": "PROT", "tipo__descricao": "Protocolo", "autoria": "Cynthia Salom\u00e3o Bastos Faria", "texto_original": "http://sapl.pedroleopoldo.mg.leg.br/media/", "ementa": "Voto de pesar pelo falecimento da Sr\u00aa Ros\u00e1ria Pereira de Melo\r\nPara seus filhos: Nelma, Vicente, Edir e familiares\r\nEndere\u00e7o: Rua Nossa Senhora da Concei\u00e7\u00e3o, 217 - Fidalgo - Pedro Leopoldo/MG\r\nCEP: 33253-032"}, {"id": "22520", "ano": "2023", "numero": "666", "tipo__sigla": "PROT", "tipo__descricao": "Protocolo", "autoria": "Frederico Henrique Cota Alves (Fred Piau)", "texto_original": "http://sapl.pedroleopoldo.mg.leg.br/media/", "ementa": "No uso de minhas atribui\u00e7\u00f5es regimentais, indico \u00e0 Excelent\u00edssima Senhora Prefeita determinar ao setor competente a constru\u00e7\u00e3o de um Gin\u00e1sio Poliesportivo, no Distrito de Lagoa de Santo Ant\u00f4nio."}, {"id": "22521", "ano": "2023", "numero": "667", "tipo__sigla": "PROT", "tipo__descricao": "Protocolo", "autoria": "Evaldo Geraldo do Carmo (Evaldo do A\u00e7ougue)", "texto_original": "http://sapl.pedroleopoldo.mg.leg.br/media/", "ementa": "No uso de minhas atribui\u00e7\u00f5es regimentais, indico \u00e0 Excelent\u00edssima Senhora Prefeita verificar com o setor competente, a possibilidade de incluir aulas de Caligrafia em TODAS as Escolas Municipais de Pedro Leopoldo."}, {"id": "22522", "ano": "2023", "numero": "668", "tipo__sigla": "PROT", "tipo__descricao": "Protocolo", "autoria": "Frederico Henrique Cota Alves (Fred Piau)", "texto_original": "http://sapl.pedroleopoldo.mg.leg.br/media/", "ementa": "No uso de minhas atribui\u00e7\u00f5es regimentais, indico \u00e0 Excelent\u00edssima Senhora Prefeita determinar ao setor competente o restabelecimento das linhas telef\u00f4nicas e corporativas do ESF Lagoa de Santo Ant\u00f4nio, situado a Rua Joaquim Caetano, n\u00famero 270, bairro Santa F\u00e9, neste munic\u00edpio."}, {"id": "22523", "ano": "2023", "numero": "669", "tipo__sigla": "PROT", "tipo__descricao": "Protocolo", "autoria": "Evaldo Geraldo do Carmo (Evaldo do A\u00e7ougue)", "texto_original": "http://sapl.pedroleopoldo.mg.leg.br/media/", "ementa": "NO USO DE MINHAS ATRIBUI\u00c7\u00d5ES REGIMENTAIS, INDICO A EXCELENT\u00cdSSIMA SENHORA PREFEITA, SOLICITAR AO DEPARTAMENTO COMPETENTE QUE PROVIDENCIE UMA PINTURA DE FAIXA DE PEDESTRES NO CRUZAMENTO DAS AVENIDAS JUSCELINO KUBITSCHECK COM HEITOR CL\u00c1UDIO DE SALES."}, {"id": "22524", "ano": "2023", "numero": "670", "tipo__sigla": "PROT", "tipo__descricao": "Protocolo", "autoria": "Frederico Henrique Cota Alves (Fred Piau)", "texto_original": "http://sapl.pedroleopoldo.mg.leg.br/media/", "ementa": "Obras para escoamento de \u00e1gua na rua Zeno del Carlo na altura do n\u00famero 10, Bairro Santo Ant\u00f4nio da Barra."}, {"id": "22525", "ano": "2023", "numero": "671", "tipo__sigla": "PROT", "tipo__descricao": "Protocolo", "autoria": "Frederico Henrique Cota Alves (Fred Piau)", "texto_original": "http://sapl.pedroleopoldo.mg.leg.br/media/", "ementa": "No uso de minhas atribui\u00e7\u00f5es regimentais, requeiro \u00e0 Excelent\u00edssima Senhora Prefeita informa\u00e7\u00f5es sobre as linhas telef\u00f4nicas dos ESFs e sobre o celular corporativo das unidades, uma vez que o comprometimento no funcionamento das mesmas tem prejudicado as marca\u00e7\u00f5es de consultas e exames dos pacientes assistidos pelas unidades."}, {"id": "22526", "ano": "2023", "numero": "672", "tipo__sigla": "PROT", "tipo__descricao": "Protocolo", "autoria": "Leonardo Pereira Ribeiro (Leoz\u00e3o)", "texto_original": "http://sapl.pedroleopoldo.mg.leg.br/media/", "ementa": "SOLICITO A GENTILEZA DE INFORMAR OS ESTUDOS E AS PROVIDENCIAS QUE TEM SIDO ADOTADAS PELA ADMINISTRA\u00c7\u00c3O, OBJETIVANDO A IMPLANTA\u00c7\u00c3O DO PISO DA ENFERMAGEM DO MUNICIPIO DE PEDRO LEOPOLDO."}, {"id": "22527", "ano": "2023", "numero": "673", "tipo__sigla": "PROT", "tipo__descricao": "Protocolo", "autoria": "Warlen Alves da Silva", "texto_original": "http://sapl.pedroleopoldo.mg.leg.br/media/", "ementa": "indico \u00e0 Excelent\u00edssima Senhora Prefeita determinar ao setor competente servi\u00e7o de manuten\u00e7\u00e3o da parte el\u00e9trica da Quadra do CEU \u2014 Centro de Artes e Esportes bem como a troca das l\u00e2mpadas que se encontram queimadas e em torno da mesma da Quadra do CEU \u2014 Centro de Artes e Esportes, localizado no Bairro Morada dos Hibiscos, neste Munic\u00edpio."}, {"id": "22528", "ano": "2023", "numero": "674", "tipo__sigla": "PROT", "tipo__descricao": "Protocolo", "autoria": "Matheus Utsch de Oliveira", "texto_original": "http://sapl.pedroleopoldo.mg.leg.br/media/", "ementa": "No uso de minhas atribui\u00e7\u00f5es regimentais, requeiro \u00e0 Excelent\u00edssima Senhora Prefeita as informa\u00e7\u00f5es sobre os itens de servi\u00e7os dos 3 primeiros meses de 2023 dos contratos 10/2018 e 38/2020 que totalizam R$1.179.740,63 com a Locaflex destinadas \u00e0 promo\u00e7\u00e3o da Cultura, esporte, juventude, turismo e Lazer."}, {"id": "22529", "ano": "2023", "numero": "675", "tipo__sigla": "PROT", "tipo__descricao": "Protocolo", "autoria": "Matheus Utsch de Oliveira", "texto_original": "http://sapl.pedroleopoldo.mg.leg.br/media/", "ementa": "No uso de minhas atribui\u00e7\u00f5es regimentais, requeiro \u00e0 Excelent\u00edssima Senhora Prefeita as informa\u00e7\u00f5es portando a descri\u00e7\u00e3o dos gastos com impulsionamento nas redes sociais at\u00e9 agosto de 2023, inclusive os ativos."}, {"id": "22530", "ano": "2023", "numero": "676", "tipo__sigla": "PROT", "tipo__descricao": "Protocolo", "autoria": "Matheus Utsch de Oliveira", "texto_original": "http://sapl.pedroleopoldo.mg.leg.br/media/", "ementa": "No uso de minhas atribui\u00e7\u00f5es regimentais, requeiro \u00e0 Excelent\u00edssima Senhora Prefeita informa\u00e7\u00f5es se houve aviso ou comunica\u00e7\u00e3o \u00e0 Copasa com anteced\u00eancia sobre a cobertura asf\u00e1ltica realizada no Centro."}, {"id": "22531", "ano": "2023", "numero": "677", "tipo__sigla": "PROT", "tipo__descricao": "Protocolo", "autoria": "Mauro J\u00fanior Lopes Francisco", "texto_original": "http://sapl.pedroleopoldo.mg.leg.br/media/", "ementa": "Representa\u00e7\u00e3o\r\nNo uso de minhas atribui\u00e7\u00f5es regimentais, solicito \u00e0 Vossa Excel\u00eancia o envio de representa\u00e7\u00e3o a COPASA, pedindo o levantamento da tampa de esgoto situado na rua Progresso, entre a rua L\u00facio Cardoso Teixeira e o Pronto Atendimento Central, no bairro Tri\u00e2ngulo."}, {"id": "22532", "ano": "2023", "numero": "678", "tipo__sigla": "PROT", "tipo__descricao": "Protocolo", "autoria": "Warlen Alves da Silva", "texto_original": "http://sapl.pedroleopoldo.mg.leg.br/media/", "ementa": "No uso de minhas atribui\u00e7\u00f5es regimentais, indico \u00e0 Excelent\u00edssima Senhora Prefeita determinar ao setor competente, servi\u00e7o de ilumina\u00e7\u00e3o da Quadra de Esportes Paulo Eust\u00e1quio, rua Herm\u00ednio Lopes pr\u00f3ximo ao n\u00famero 26, do bairro Romero de Carvalho bem como a troca das l\u00e2mpadas que se encontram queimadas, neste Munic\u00edpio."}, {"id": "22533", "ano": "2023", "numero": "679", "tipo__sigla": "PROT", "tipo__descricao": "Protocolo", "autoria": "Cynthia Salom\u00e3o Bastos Faria", "texto_original": "http://sapl.pedroleopoldo.mg.leg.br/media/", "ementa": "Indica \u00e0 Excelent\u00edssima Senhora Prefeita, determinar ao setor competente  providenciar a instala\u00e7\u00e3o de ilumina\u00e7\u00e3o de LED no campo do Luano Futebol Clube, no Bairro Teot\u00f4nio de Freitas, neste Munic\u00edpio."}, {"id": "22534", "ano": "2023", "numero": "680", "tipo__sigla": "PROT", "tipo__descricao": "Protocolo", "autoria": "Cynthia Salom\u00e3o Bastos Faria", "texto_original": "http://sapl.pedroleopoldo.mg.leg.br/media/", "ementa": "No uso de minhas atribui\u00e7\u00f5es regimentais, indico a Excelent\u00edssima Senhora Prefeita determinar ao setor competente que seja disponibilizado um aparelho de celular corporativo para uso na UBS Jos\u00e9 Pereira da Concei\u00e7\u00e3o, no Distrito de Fidalgo, neste Munic\u00edpio."}, {"id": "22535", "ano": "2023", "numero": "681", "tipo__sigla": "PROT", "tipo__descricao": "Protocolo", "autoria": "Evaldo Geraldo do Carmo (Evaldo do A\u00e7ougue)", "texto_original": "http://sapl.pedroleopoldo.mg.leg.br/media/", "ementa": "No uso de minhas atribui\u00e7\u00f5es regimentais, indico \u00e0 Excelent\u00edssima Senhora Prefeita determinar ao setor competente providenciar a coloca\u00e7\u00e3o de uma passagem elevada com urg\u00eancia na Rua Joaquim Caetano, n\u00ba 270 (ESF Lagoa de Santo Ant\u00f4nio) - Bairro Santa F\u00e9, Distrito de Lagoa de Santo Ant\u00f3nio, neste munic\u00edpio."}, {"id": "22536", "ano": "2023", "numero": "682", "tipo__sigla": "PROT", "tipo__descricao": "Protocolo", "autoria": "Rafael Vieira Faria (Rafa)", "texto_original": "http://sapl.pedroleopoldo.mg.leg.br/media/", "ementa": "No uso de minhas atribui\u00e7\u00f5es regimentais, requeiro informa\u00e7\u00f5es no que tange a quais cursos e treinamentos foram oferecidos aos servidores nos anos de 2021 e 2022."}, {"id": "22537", "ano": "2023", "numero": "683", "tipo__sigla": "PROT", "tipo__descricao": "Protocolo", "autoria": "Evaldo Geraldo do Carmo (Evaldo do A\u00e7ougue)", "texto_original": "http://sapl.pedroleopoldo.mg.leg.br/media/", "ementa": "Eu, Evaldo Geraldo Carmo, Vereador do Munic\u00edpio de Pedro Leopoldo, venho, no uso de minhas atribui\u00e7\u00f5es, na forma dos artigos 182 e 183, se\u00e7\u00e3o VII da Resolu\u00e7\u00e3o N\u00ba 870/2022 que disp\u00f5e sobre o Regimento Interno da C\u00e2mara Municipal de Pedro Leopoldo, apresentar INDICA\u00c7\u00c3O, sugerindo realizar uma a\u00e7\u00e3o social em parceria com a Funda\u00e7\u00e3o Hemominas, promovendo doa\u00e7\u00e3o de sangue itinerante utilizando as salas da Escola Heitor Claudio de Sales, neste munic\u00edpio."}, {"id": "22538", "ano": "2023", "numero": "684", "tipo__sigla": "PROT", "tipo__descricao": "Protocolo", "autoria": "Warlen Alves da Silva", "texto_original": "http://sapl.pedroleopoldo.mg.leg.br/media/", "ementa": "No uso de minhas atribui\u00e7\u00f5es regimentais, indico a Vossa Excel\u00eancia conceder  Mo\u00e7\u00e3o de Parab\u00e9ns Pedro Henrique Sapori Meireles Alves."}, {"id": "22539", "ano": "2023", "numero": "685", "tipo__sigla": "PROT", "tipo__descricao": "Protocolo", "autoria": "Warlen Alves da Silva", "texto_original": "http://sapl.pedroleopoldo.mg.leg.br/media/", "ementa": "No uso de minhas atribui\u00e7\u00f5es regimentais, indico a Vossa Excel\u00eancia conceder  Mo\u00e7\u00e3o de Parab\u00e9ns ao Presb\u00edtero Tiago Tasses Maciel, pelos relevantes trabalhos espirituais prestados a frente da Igreja Assembleia de Deus."}, {"id": "22540", "ano": "2023", "numero": "686", "tipo__sigla": "PROT", "tipo__descricao": "Protocolo", "autoria": "Warlen Alves da Silva", "texto_original": "http://sapl.pedroleopoldo.mg.leg.br/media/", "ementa": "No uso de minhas atribui\u00e7\u00f5es regimentais, indico a Vossa Excel\u00eancia a concess\u00e3o de Mo\u00e7\u00e3o de Parab\u00e9ns ao Pastor Raimundo Alves, pelos relevantes trabalhos espirituais prestados \u00e1 frente da Igreja Evangelica de Jesus."}, {"id": "22541", "ano": "2023", "numero": "687", "tipo__sigla": "PROT", "tipo__descricao": "Protocolo", "autoria": "Frederico Henrique Cota Alves (Fred Piau)", "texto_original": "http://sapl.pedroleopoldo.mg.leg.br/media/", "ementa": "No uso de minhas atribui\u00e7\u00f5es regimentais, requeiro \u00e0 Excelent\u00edssima Senhora Prefeita informa\u00e7\u00f5es sobre o motivo da falta de m\u00e9dico pediatra na unidade do ESF Lagoa de Santo Ant\u00f4nio \u2013 Morada dos Angicos."}, {"id": "22542", "ano": "2023", "numero": "688", "tipo__sigla": "PROT", "tipo__descricao": "Protocolo", "autoria": "Evaldo Geraldo do Carmo (Evaldo do A\u00e7ougue)", "texto_original": "http://sapl.pedroleopoldo.mg.leg.br/media/", "ementa": "No uso de minhas atribui\u00e7\u00f5es regimentais, indico \u00e0 Excelent\u00edssima Senhora Prefeita determinar ao setor competente providenciar a cria\u00e7\u00e3o de Feira de Artesanato e comidas t\u00edpicas com a participa\u00e7\u00e3o de m\u00fasicos da regi\u00e3o, em domingos alternados, na Pra\u00e7a  Jos\u00e9 dos Anjos, em Lagoa de Santo Ant\u00f3nio. neste Munic\u00edpio."}, {"id": "22543", "ano": "2023", "numero": "689", "tipo__sigla": "PROT", "tipo__descricao": "Protocolo", "autoria": "Guilherme de Lima Braga (Guilherme do Doce)", "texto_original": "http://sapl.pedroleopoldo.mg.leg.br/media/", "ementa": "No uso de minhas atribui\u00e7\u00f5es regimentais, indico a Excelent\u00edssima Senhora Prefeita determinar ao setor competente a revitaliza\u00e7\u00e3o de pontos \u201cViciosos de Lixo\u201d na rua Jos\u00e9 Le\u00e3o, pr\u00f3ximo ao n\u00famero 122, Distrito de Dr. Lund, neste Munic\u00edpio."}, {"id": "22544", "ano": "2023", "numero": "690", "tipo__sigla": "PROT", "tipo__descricao": "Protocolo", "autoria": "Guilherme de Lima Braga (Guilherme do Doce)", "texto_original": "http://sapl.pedroleopoldo.mg.leg.br/media/", "ementa": "No uso de minhas atribui\u00e7\u00f5es regimentais, indico a Excelent\u00edssima Senhora Prefeita determinar ao setor competente a revitaliza\u00e7\u00e3o de pontos \u201cViciosos de Lixo\u201d na rua Rivad\u00e1via, pr\u00f3ximo ao n\u00famero 1620, bairro Vila Aparecida, neste Munic\u00edpio."}, {"id": "22545", "ano": "2023", "numero": "691", "tipo__sigla": "PROT", "tipo__descricao": "Protocolo", "autoria": "Guilherme de Lima Braga (Guilherme do Doce)", "texto_original": "http://sapl.pedroleopoldo.mg.leg.br/media/", "ementa": "No uso de minhas atribui\u00e7\u00f5es regimentais, indico a Excelent\u00edssima Senhora Prefeita determinar ao setor competente a instala\u00e7\u00e3o de um redutor de velocidade (quebra-molas) na Avenida Carmelinda Pereira Costa, pr\u00f3ximo ao n\u00famero 275 no bairro Teot\u00f4nio Batista de Freitas, neste Munic\u00edpio"}, {"id": "22546", "ano": "2023", "numero": "692", "tipo__sigla": "PROT", "tipo__descricao": "Protocolo", "autoria": "Frederico Henrique Cota Alves (Fred Piau)", "texto_original": "http://sapl.pedroleopoldo.mg.leg.br/media/", "ementa": "Recapeamento asf\u00e1ltico na rua Dama da Noite Bairro Hibiscos"}, {"id": "22547", "ano": "2023", "numero": "693", "tipo__sigla": "PROT", "tipo__descricao": "Protocolo", "autoria": "Frederico Henrique Cota Alves (Fred Piau)", "texto_original": "http://sapl.pedroleopoldo.mg.leg.br/media/", "ementa": "Asfaltar a rua das Hort\u00eansias no bairro Hibiscos."}, {"id": "22548", "ano": "2023", "numero": "694", "tipo__sigla": "PROT", "tipo__descricao": "Protocolo", "autoria": "Matheus Utsch de Oliveira", "texto_original": "http://sapl.pedroleopoldo.mg.leg.br/media/", "ementa": "No uso de minhas atribui\u00e7\u00f5es regimentais, requeiro \u00e0 Excelent\u00edssima Senhora Prefeita conforme o provimento ao recurso da apela\u00e7\u00e3o c\u00edvel n\u00ba 1.0000.23.090038-3/001 as informa\u00e7\u00f5es e documentos relacionando m\u00eas a m\u00eas as contrata\u00e7\u00f5es e demiss\u00f5es assim como no portal da transpar\u00eancia empregados da empresa DDS que prestaram servi\u00e7os na prefeitura, respectivamente seus cargos, fun\u00e7\u00f5es, sal\u00e1rios e processo seletivo retroativo aos anos de 2021, 2022 e 2023."}, {"id": "22549", "ano": "2023", "numero": "695", "tipo__sigla": "PROT", "tipo__descricao": "Protocolo", "autoria": "Frederico Henrique Cota Alves (Fred Piau)", "texto_original": "http://sapl.pedroleopoldo.mg.leg.br/media/", "ementa": "No uso de minhas atribui\u00e7\u00f5es regimentais, indico \u00e0 Excelent\u00edssima Senhora Prefeita determinar ao setor competente cria\u00e7\u00e3o de um plano municipal de transporte p\u00fablico."}, {"id": "22550", "ano": "2023", "numero": "696", "tipo__sigla": "PROT", "tipo__descricao": "Protocolo", "autoria": "Rafael Vieira Faria (Rafa)", "texto_original": "http://sapl.pedroleopoldo.mg.leg.br/media/", "ementa": "Venho, no uso de minhas atribui\u00e7\u00f5es, apresentar indica\u00e7\u00e3o, sugerindo ao Poder Executivo a aquisi\u00e7\u00e3o e fornecimento de microfone sem fio tipo telemarketing para Lian Gong, conforme justificativa em anexo."}, {"id": "22551", "ano": "2023", "numero": "697", "tipo__sigla": "PROT", "tipo__descricao": "Protocolo", "autoria": "Cynthia Salom\u00e3o Bastos Faria", "texto_original": "http://sapl.pedroleopoldo.mg.leg.br/media/", "ementa": "Indica \u00e0 Excelent\u00edssima Senhora Prefeita, determinar ao setor competente disponibilizar um aparelho telef\u00f4nico corporativo para uso da USB (UNIDADE DE SAUDE BUCAL) do DISTRITO de FIDALGO, neste Munic\u00edpio,"}, {"id": "22552", "ano": "2023", "numero": "698", "tipo__sigla": "PROT", "tipo__descricao": "Protocolo", "autoria": "Cynthia Salom\u00e3o Bastos Faria", "texto_original": "http://sapl.pedroleopoldo.mg.leg.br/media/", "ementa": "indica \u00e0 Excelent\u00edssima Senhora Prefeita, fazer o escoamento de \u00e1gua da Rua Tr\u00eas, no Distrito de Lagoa de Santo Ant\u00f4nio, neste Munic\u00edpio"}, {"id": "22553", "ano": "2023", "numero": "699", "tipo__sigla": "PROT", "tipo__descricao": "Protocolo", "autoria": "Evaldo Geraldo do Carmo (Evaldo do A\u00e7ougue)", "texto_original": "http://sapl.pedroleopoldo.mg.leg.br/media/", "ementa": "Indico determinar ao setor competente realizar um estudo para avaliar rotat\u00f3ria localizada em frente ao supermercado EPA na Av. Gil Ant\u00f3nio Pereira, 1109 , no bairro Campinho. Neste Munic\u00edpio.  COM URG\u00caNCIA"}, {"id": "22554", "ano": "2023", "numero": "700", "tipo__sigla": "PROT", "tipo__descricao": "Protocolo", "autoria": "Frederico Henrique Cota Alves (Fred Piau)", "texto_original": "http://sapl.pedroleopoldo.mg.leg.br/media/", "ementa": "Solicito a Vossa Excel\u00eancia observar um minuto de sil\u00eancio pelo falecimento de Arilton Martins dos Santos, bem como registrar voto de pesar e envi\u00e1-lo aos seus familiares."}, {"id": "22555", "ano": "2023", "numero": "701", "tipo__sigla": "PROT", "tipo__descricao": "Protocolo", "autoria": "Leonardo Pereira Ribeiro (Leoz\u00e3o)", "texto_original": "http://sapl.pedroleopoldo.mg.leg.br/media/", "ementa": "VOTO DE PESAR PARA: VERA LUCIA FERNANDES\r\nPARA SUA FILHA: TATIANE APARECIDA FERNANDES FONSECA \r\nENDERE\u00c7O: RUA GUILI VIANA N\u00b0 146B TEOT\u00d4NIO BATISTA DE FREITAS \r\nCEP:33254188"}, {"id": "22556", "ano": "2023", "numero": "702", "tipo__sigla": "PROT", "tipo__descricao": "Protocolo", "autoria": "Frederico Henrique Cota Alves (Fred Piau)", "texto_original": "http://sapl.pedroleopoldo.mg.leg.br/media/", "ementa": "No uso de minhas atribui\u00e7\u00f5es regimentais, indico \u00e0 Excelent\u00edssima Senhora Prefeita determinar ao setor competente cria\u00e7\u00e3o uma pra\u00e7a e academia ao ar livre que atenda os moradores dos Bairros Morada dos Angicos e Santa F\u00e9."}, {"id": "22557", "ano": "2023", "numero": "703", "tipo__sigla": "PROT", "tipo__descricao": "Protocolo", "autoria": "Frederico Henrique Cota Alves (Fred Piau)", "texto_original": "http://sapl.pedroleopoldo.mg.leg.br/media/", "ementa": "faixa elevada na Avenida Vereador Magno Claret Vieira na altura do n\u00famero 900 no bairro Lagoa de Santo Ant\u00f4nio."}, {"id": "22558", "ano": "2023", "numero": "704", "tipo__sigla": "PROT", "tipo__descricao": "Protocolo", "autoria": "Frederico Henrique Cota Alves (Fred Piau)", "texto_original": "http://sapl.pedroleopoldo.mg.leg.br/media/", "ementa": "No uso de minhas atribui\u00e7\u00f5es regimentais, indico \u00e0 Excelent\u00edssima Senhora Prefeita determinar ao setor competente constru\u00e7\u00e3o de um Centro Municipal de Aten\u00e7\u00e3o \u00e0 Inf\u00e2ncia \u2013 CEMAI, no bairro Magalh\u00e3es, neste munic\u00edpio"}, {"id": "22559", "ano": "2023", "numero": "705", "tipo__sigla": "PROT", "tipo__descricao": "Protocolo", "autoria": "Leonardo Pereira Ribeiro (Leoz\u00e3o)", "texto_original": "http://sapl.pedroleopoldo.mg.leg.br/media/", "ementa": "Concede T\u00edtulo de Cidadania Honor\u00e1ria de Pedro Leopoldo ao Sr. L\u00facio Ant\u00f4nio Lopes e d\u00e1 outras provid\u00eancias.\r\nAutor: Leonardo Pereira Ribeiro\r\nCo-autor: Guilherme de Lima Braga"}, {"id": "22560", "ano": "2023", "numero": "706", "tipo__sigla": "PROT", "tipo__descricao": "Protocolo", "autoria": "Rafael Vieira Faria (Rafa)", "texto_original": "http://sapl.pedroleopoldo.mg.leg.br/media/", "ementa": "Venho, no uso de minhas atribui\u00e7\u00f5es, apresentar indica\u00e7\u00e3o, sugerindo ao Poder Executivo a realiza\u00e7\u00e3o de sinaliza\u00e7\u00e3o horizontal e, sucessivamente, a instala\u00e7\u00e3o de faixa de pedestres na Rua S\u00e3o Paulo, Bairro Cachoeira Grande, CEP 33251-012."}, {"id": "22561", "ano": "2023", "numero": "707", "tipo__sigla": "PROT", "tipo__descricao": "Protocolo", "autoria": "Rafael Vieira Faria (Rafa)", "texto_original": "http://sapl.pedroleopoldo.mg.leg.br/media/", "ementa": "Venho, no uso de minhas atribui\u00e7\u00f5es, apresentar indica\u00e7\u00e3o, sugerindo ao Poder Executivo o recapeamento da Rua Ant\u00f4nio da Barra, Santo Ant\u00f4nio da Barra, CEP 33257-055."}, {"id": "22562", "ano": "2023", "numero": "708", "tipo__sigla": "PROT", "tipo__descricao": "Protocolo", "autoria": "Frederico Henrique Cota Alves (Fred Piau)", "texto_original": "http://sapl.pedroleopoldo.mg.leg.br/media/", "ementa": "No uso de minhas atribui\u00e7\u00f5es regimentais, indico \u00e0 Excelent\u00edssima Senhora Prefeita determinar ao setor competente recapeamento da parte j\u00e1 asfaltada da Rua Pedro Ant\u00f4nio Pereira."}, {"id": "22563", "ano": "2023", "numero": "709", "tipo__sigla": "PROT", "tipo__descricao": "Protocolo", "autoria": "Frederico Henrique Cota Alves (Fred Piau)", "texto_original": "http://sapl.pedroleopoldo.mg.leg.br/media/", "ementa": "No uso de minhas atribui\u00e7\u00f5es regimentais, indico \u00e0 Excelent\u00edssima Senhora Prefeita determinar ao setor competente instala\u00e7\u00e3o e uma academia ao ar livre na pra\u00e7a Juscelino Kubistchek, no bairro Felipe Cl\u00e1udio de Sales."}, {"id": "22564", "ano": "2023", "numero": "710", "tipo__sigla": "PROT", "tipo__descricao": "Protocolo", "autoria": "Rafael Vieira Faria (Rafa)", "texto_original": "http://sapl.pedroleopoldo.mg.leg.br/media/", "ementa": "Venho, no uso de minhas atribui\u00e7\u00f5es, apresentar indica\u00e7\u00e3o, sugerindo ao Poder Executivo a sinaliza\u00e7\u00e3o horizontal e vertical na Rua S\u00e3o Vicente entre a rua Suzana Passos e a Via Neves."}, {"id": "22565", "ano": "2023", "numero": "711", "tipo__sigla": "PROT", "tipo__descricao": "Protocolo", "autoria": "Frederico Henrique Cota Alves (Fred Piau)", "texto_original": "http://sapl.pedroleopoldo.mg.leg.br/media/", "ementa": "Renovar a sinaliza\u00e7\u00e3o da Rotat\u00f3ria em frente ao Posto Rone no cruzamento da Rua S\u00e3o Paulo com rua Prefeito Cec\u00e9 e Agenor Teixeira da Costa, bem como melhorias nas sinaliza\u00e7\u00f5es pr\u00f3ximo ao local."}, {"id": "22566", "ano": "2023", "numero": "712", "tipo__sigla": "PROT", "tipo__descricao": "Protocolo", "autoria": "Frederico Henrique Cota Alves (Fred Piau)", "texto_original": "http://sapl.pedroleopoldo.mg.leg.br/media/", "ementa": "A instala\u00e7\u00e3o de redutor de velocidade (quebra-molas) na Av. Heitor Cl\u00e1udio de Sales, pr\u00f3ximo n\u00ba 853, (Sal\u00e3o do Jackson), bem como melhorias da sinaliza\u00e7\u00e3o pr\u00f3ximo a este local."}, {"id": "22567", "ano": "2023", "numero": "713", "tipo__sigla": "PROT", "tipo__descricao": "Protocolo", "autoria": "Frederico Henrique Cota Alves (Fred Piau)", "texto_original": "http://sapl.pedroleopoldo.mg.leg.br/media/", "ementa": "No uso de minhas atribui\u00e7\u00f5es regimentais, indico \u00e0 Excelent\u00edssima Senhora Prefeita determinar ao setor competente pavimentar as ruas Arecas e nove no bairro Morada dos Hibiscos. (indexa\u00e7\u00e3o: Rua das Quaresmeiras)"}, {"id": "22569", "ano": "2023", "numero": "714", "tipo__sigla": "PROT", "tipo__descricao": "Protocolo", "autoria": "Leonardo Pereira Ribeiro (Leoz\u00e3o)", "texto_original": "http://sapl.pedroleopoldo.mg.leg.br/media/", "ementa": "VOTO DE PESAR PARA: JOS\u00c9 DOS SANTOS PENIDO \r\nENVIAR PARA SEU FILHO: RODRIGO DE ALMEIDA PENIDO\r\nENDERE\u00c7O: RUA, ALENCAR COSTA N\u00b099 SANTA TEREZA \r\nCEP: 33252-350"}, {"id": "22570", "ano": "2023", "numero": "715", "tipo__sigla": "PROT", "tipo__descricao": "Protocolo", "autoria": "Frederico Henrique Cota Alves (Fred Piau)", "texto_original": "http://sapl.pedroleopoldo.mg.leg.br/media/", "ementa": "Averiguar o motivo do asfalto est\u00e1 cedendo na rua Betim na altura do n\u00famero 130."}, {"id": "22571", "ano": "2023", "numero": "716", "tipo__sigla": "PROT", "tipo__descricao": "Protocolo", "autoria": "Warlen Alves da Silva", "texto_original": "http://sapl.pedroleopoldo.mg.leg.br/media/", "ementa": "No uso de minhas atribui\u00e7\u00f5es regimentais, indico \u00e0 Excelent\u00edssima Senhora Prefeita determinar ao setor competente para que providencie o recapeamento asf\u00e1ltico em toda extens\u00e3o da rua Rivadavia, que liga os bairros S\u00e3o Jos\u00e9, bairro Santa Rita e o bairro Vila Aparecida, nesse munic\u00edpio"}, {"id": "22572", "ano": "2023", "numero": "717", "tipo__sigla": "PROT", "tipo__descricao": "Protocolo", "autoria": "Warlen Alves da Silva", "texto_original": "http://sapl.pedroleopoldo.mg.leg.br/media/", "ementa": "No uso de minhas atribui\u00e7\u00f5es regimentais, indico \u00e0 Excelent\u00edssima Senhora Prefeita determinar ao setor competente para que providencie o recapeamento asf\u00e1sltico em toda extens\u00e3o da Rod\u00f3via Dr. Ot\u00e1vio Costa ,no bairro Dr. Lund, neste munic\u00edpio."}, {"id": "22573", "ano": "2023", "numero": "718", "tipo__sigla": "PROT", "tipo__descricao": "Protocolo", "autoria": "Warlen Alves da Silva", "texto_original": "http://sapl.pedroleopoldo.mg.leg.br/media/", "ementa": "No uso de minhas atribui\u00e7\u00f5es regimentais, indico \u00e0 Excelent\u00edssima Senhora Prefeita determinar ao setor competente para que providencie o recapeamento asf\u00e1sltico na  Avenida Camilo Alves da Silva, pr\u00f3ximo a rua Jo\u00e3o Evangelista Serafim, que liga o bairro Teotonio Batista de Freitas ao bairro Novo Campinho, neste Munic\u00edpio."}, {"id": "22574", "ano": "2023", "numero": "719", "tipo__sigla": "PROT", "tipo__descricao": "Protocolo", "autoria": "Warlen Alves da Silva", "texto_original": "http://sapl.pedroleopoldo.mg.leg.br/media/", "ementa": "No uso de minhas atribui\u00e7\u00f5es regimentais, indico \u00e0 Excelent\u00edssima Senhora Prefeita determinar ao setor competente para que providencie o recapeamento asf\u00e1sltico em toda extens\u00e3o da rua Guida Viana, no bairro Felipe Cla\u00fadio de Sales, neste Munic\u00edpio"}, {"id": "22575", "ano": "2023", "numero": "720", "tipo__sigla": "PROT", "tipo__descricao": "Protocolo", "autoria": "Cynthia Salom\u00e3o Bastos Faria", "texto_original": "http://sapl.pedroleopoldo.mg.leg.br/media/", "ementa": "Indica, \u00e0 Excelent\u00edssima Senhora Prefeita, determinar ao setor competente, a perfura\u00e7\u00e3o de um po\u00e7o artesiano e a constru\u00e7\u00e3o de uma rede de \u00e1gua na Estrada do Bebedouro, no bairro Quinta do Sumidouro neste Munic\u00edpio."}, {"id": "22576", "ano": "2023", "numero": "721", "tipo__sigla": "PROT", "tipo__descricao": "Protocolo", "autoria": "Mauro J\u00fanior Lopes Francisco", "texto_original": "http://sapl.pedroleopoldo.mg.leg.br/media/", "ementa": "No uso de minhas atribui\u00e7\u00f5es regimentais, indico \u00e0 Excelent\u00edssima Senhora Prefeita determinar ao setor competente, a instala\u00e7\u00e3o de um ponto de \u00f4nibus com cobertura, na Avenida Camilo Alves da Silva, a altura do n\u00famero 3.045 (pr\u00f3ximo a antiga empresa de transportes Rodolatina), localizada no bairro Dom Camilo."}, {"id": "22577", "ano": "2023", "numero": "722", "tipo__sigla": "PROT", "tipo__descricao": "Protocolo", "autoria": "Cynthia Salom\u00e3o Bastos Faria", "texto_original": "http://sapl.pedroleopoldo.mg.leg.br/media/", "ementa": "Indica \u00e0 Excelent\u00edssima Senhora Prefeita, determinar ao setor competente alterar a rota do \u00f4nibus escolar que transportam os alunos da Quinta do Sumidouro para a Escola Municipal Quinta do Sumidouro e Escola Estadual Romero Carvalho, neste munic\u00edpio."}, {"id": "22578", "ano": "2023", "numero": "723", "tipo__sigla": "PROT", "tipo__descricao": "Protocolo", "autoria": "Eldir Jos\u00e9 Batista (Baixinho da Garagem)", "texto_original": "http://sapl.pedroleopoldo.mg.leg.br/media/", "ementa": "No uso de minhas atribui\u00e7\u00f5es regimentais, indico conceder Mo\u00e7\u00e3o de Parab\u00e9ns \u00e0 Excelent\u00edssima Dra. Maria Cristina Diniz Caixeta, pela posse como Desembargadora no TRT da 3\u00aa Regi\u00e3o."}, {"id": "22579", "ano": "2023", "numero": "724", "tipo__sigla": "PROT", "tipo__descricao": "Protocolo", "autoria": "Guilherme de Lima Braga (Guilherme do Doce)", "texto_original": "http://sapl.pedroleopoldo.mg.leg.br/media/", "ementa": "Com os meus cumprimentos, venho por meio deste, solicitar de vossa excel\u00eancia determinar ao setor competente providenciar o servi\u00e7o de recapeamento asf\u00e1ltico na rua Jo\u00e3o Aleixo, Jo\u00e3o Leroy e Ibrahim Sinval Filag\u00f4nio, localizadas no bairro Santa Rita, neste Munic\u00edpio."}, {"id": "22580", "ano": "2023", "numero": "725", "tipo__sigla": "PROT", "tipo__descricao": "Protocolo", "autoria": "Guilherme de Lima Braga (Guilherme do Doce)", "texto_original": "http://sapl.pedroleopoldo.mg.leg.br/media/", "ementa": "No uso de minhas atribui\u00e7\u00f5es regimentais, indico a Excelent\u00edssima Senhora Prefeita determinar ao setor competente a Constru\u00e7\u00e3o de um Posto de Sa\u00fade no Bairro Manoel Brand\u00e3o, neste Munic\u00edpio."}, {"id": "22581", "ano": "2023", "numero": "726", "tipo__sigla": "PROT", "tipo__descricao": "Protocolo", "autoria": "Guilherme de Lima Braga (Guilherme do Doce)", "texto_original": "http://sapl.pedroleopoldo.mg.leg.br/media/", "ementa": "No uso de minhas atribui\u00e7\u00f5es regimentais, indico a Excelent\u00edssima Senhora Prefeita determinar ao setor competente providenciar um ponto de \u00f4nibus na rua Pedro Leopoldo pr\u00f3ximo ao n\u00famero 195 A, localizada no Distrito de Vera cruz de Minas, neste Mun\u00edcipio."}, {"id": "22582", "ano": "2023", "numero": "727", "tipo__sigla": "PROT", "tipo__descricao": "Protocolo", "autoria": "Frederico Henrique Cota Alves (Fred Piau)", "texto_original": "http://sapl.pedroleopoldo.mg.leg.br/media/", "ementa": "No uso de minhas atribui\u00e7\u00f5es regimentais, requeiro \u00e0 Excelent\u00edssima Senhora Prefeita informa\u00e7\u00f5es sobre a realiza\u00e7\u00e3o de campanhas de combate a obesidade infantil em parceria com o projeto \u201cEDUCA\u00c7\u00c3O COM ARTE\u201d, indica\u00e7\u00f5es enviadas ao executivo por duas vezes pelos n\u00fameros 305/2021 e 324/2017"}, {"id": "22583", "ano": "2023", "numero": "728", "tipo__sigla": "PROT", "tipo__descricao": "Protocolo", "autoria": "Frederico Henrique Cota Alves (Fred Piau)", "texto_original": "http://sapl.pedroleopoldo.mg.leg.br/media/", "ementa": "No uso de minhas atribui\u00e7\u00f5es regimentais, requeiro \u00e0 Excelent\u00edssima Senhora Prefeita informa\u00e7\u00f5es sobre o motivo de ainda n\u00e3o termos o PARAJEMPEL \u2013 Jogos Estudantis para Pessoas com Defici\u00eancia, conforme as indica\u00e7\u00f5es enviadas ao executivo por duas vezes pelos n\u00fameros 118/2017 e 132/2021."}, {"id": "22607", "ano": "2023", "numero": "729", "tipo__sigla": "PROT", "tipo__descricao": "Protocolo", "autoria": "Guilherme de Lima Braga (Guilherme do Doce)", "texto_original": "http://sapl.pedroleopoldo.mg.leg.br/media/", "ementa": "Voto de pesar pelo falecimento de Mariana de Castro Nunes \r\nEnviar para seu esposo Ricardo Vieira Barbosa \r\nNo endere\u00e7o Rua Aumari J Alves n\u00famero 10\r\nCep 33252058"}, {"id": "22608", "ano": "2023", "numero": "730", "tipo__sigla": "PROT", "tipo__descricao": "Protocolo", "autoria": "Guilherme de Lima Braga (Guilherme do Doce)", "texto_original": "http://sapl.pedroleopoldo.mg.leg.br/media/", "ementa": "Voto de pesar pelo falecimento de Daniel Carlindo Barbosa\r\nEnviar para sua m\u00e3e Maria da Concei\u00e7\u00e3o Barbosa\r\nEndere\u00e7o Beco do Cruzeiro n\u00famero 65 Santo Ant\u00f4nio da Barra"}, {"id": "22609", "ano": "2023", "numero": "731", "tipo__sigla": "PROT", "tipo__descricao": "Protocolo", "autoria": "Guilherme de Lima Braga (Guilherme do Doce)", "texto_original": "http://sapl.pedroleopoldo.mg.leg.br/media/", "ementa": "Voto de pesar pelo falecimento de Jos\u00e9 Trindade do Nascimento \r\nEnviar para sua esposa Dirce Maria do Nascimento \r\nEndere\u00e7o Rua Ivair de Souza Brga n\u00famero 38 \r\nSanto Ant\u00f4nio da Barra"}, {"id": "22610", "ano": "2023", "numero": "732", "tipo__sigla": "PROT", "tipo__descricao": "Protocolo", "autoria": "Warlen Alves da Silva", "texto_original": "http://sapl.pedroleopoldo.mg.leg.br/media/", "ementa": "No uso de minhas atribui\u00e7\u00f5es regimentais, indico \u00e0 Excelent\u00edssima Senhora Prefeita determinar ao setor competente para que providencie o recapeamento asf\u00e1ltico em toda extens\u00e3o da rua Vit\u00f3ria, no bairro Mirante, desse Munic\u00edpio."}, {"id": "22611", "ano": "2023", "numero": "733", "tipo__sigla": "PROT", "tipo__descricao": "Protocolo", "autoria": "Rafael Vieira Faria (Rafa)", "texto_original": "http://sapl.pedroleopoldo.mg.leg.br/media/", "ementa": "Venho, no uso de minhas atribui\u00e7\u00f5es, apresentar indica\u00e7\u00e3o, sugerindo ao Poder Executivo a constru\u00e7\u00e3o de uma pista de cooper e ciclovia ao longo da via, no trecho entre Vera Cruz e Neves, visando promover mais seguran\u00e7a \u00e0s pessoas, al\u00e9m de estimular a pratica de atividade f\u00edsica."}, {"id": "22612", "ano": "2023", "numero": "734", "tipo__sigla": "PROT", "tipo__descricao": "Protocolo", "autoria": "Leonardo Pereira Ribeiro (Leoz\u00e3o)", "texto_original": "http://sapl.pedroleopoldo.mg.leg.br/media/", "ementa": "No uso de minhas atribui\u00e7\u00f5es regimentais, indico \u00e0 Excelent\u00edssima Sra Prefeita, solicitar ao \u00f3rg\u00e3o competente, providenciar a coloca\u00e7\u00e3o de telhado, no espa\u00e7o anexo ao ESF do bairro Morada dos Angicos, onde um grupo de moradores usa para fazer gin\u00e1stica."}, {"id": "22615", "ano": "2023", "numero": "735", "tipo__sigla": "PROT", "tipo__descricao": "Protocolo", "autoria": "Leonardo Pereira Ribeiro (Leoz\u00e3o)", "texto_original": "http://sapl.pedroleopoldo.mg.leg.br/media/", "ementa": "No uso de minhas atribui\u00e7\u00f5es regimentais, solicito a Excelent\u00edssima Sra Prefeita, encaminhar ao \u00f3rg\u00e3o competente, providenciar uma mesa de refeit\u00f3rio no ESF do Bairro Morada dos Angicos, no munic\u00edpio de Pedro Leopoldo MG."}, {"id": "22616", "ano": "2023", "numero": "736", "tipo__sigla": "PROT", "tipo__descricao": "Protocolo", "autoria": "Warlen Alves da Silva", "texto_original": "http://sapl.pedroleopoldo.mg.leg.br/media/", "ementa": "No uso de minhas atribui\u00e7\u00f5es regimentais, indico \u00e0 Excelent\u00edssima Senhora Prefeita determinar ao setor competente providenciar a instala\u00e7\u00e3o de l\u00e2mpadas de Diodo Emissor de Luz LED, em toda a extens\u00e3o da Avenida Levi Teixeira da Costa - Bairro Maria de Lourdes, neste munic\u00edpio."}, {"id": "22617", "ano": "2023", "numero": "737", "tipo__sigla": "PROT", "tipo__descricao": "Protocolo", "autoria": "Leonardo Pereira Ribeiro (Leoz\u00e3o)", "texto_original": "http://sapl.pedroleopoldo.mg.leg.br/media/", "ementa": "No uso de minhas atribui\u00e7\u00f5es regimentais, solicito a Excelent\u00edssima Sra Prefeita, encaminhar ao \u00f3rg\u00e3o competente, providenciar c\u00e2meras de seguran\u00e7a (OLHO VIVO) no ESF do Bairro Morada dos Angicos, no munic\u00edpio de Pedro Leopoldo MG."}, {"id": "22618", "ano": "2023", "numero": "738", "tipo__sigla": "PROT", "tipo__descricao": "Protocolo", "autoria": "Leonardo Pereira Ribeiro (Leoz\u00e3o)", "texto_original": "http://sapl.pedroleopoldo.mg.leg.br/media/", "ementa": "No uso de minhas atribui\u00e7\u00f5es regimentais, indico a Excelent\u00edssima Sra Prefeita, encaminhar ao \u00f3rg\u00e3o competente, um aparelho telef\u00f4nico corporativo no ESF do Bairro Morada dos Angicos, no munic\u00edpio de Pedro Leopoldo MG."}, {"id": "22619", "ano": "2023", "numero": "739", "tipo__sigla": "PROT", "tipo__descricao": "Protocolo", "autoria": "Frederico Henrique Cota Alves (Fred Piau)", "texto_original": "http://sapl.pedroleopoldo.mg.leg.br/media/", "ementa": "Concede T\u00edtulo de Cidadania Honor\u00e1ria \u00e0 Danny \r\nAlexandro Lopes de Oliveira."}, {"id": "22620", "ano": "2023", "numero": "740", "tipo__sigla": "PROT", "tipo__descricao": "Protocolo", "autoria": "Matheus Utsch de Oliveira", "texto_original": "http://sapl.pedroleopoldo.mg.leg.br/media/", "ementa": "No uso de minhas atribui\u00e7\u00f5es regimentais, requeiro \u00e0 Excelent\u00edssima Senhora Prefeita as informa\u00e7\u00f5es sobre quais s\u00e3o as empresas, n\u00famero de empregos gerados, endere\u00e7o e a rela\u00e7\u00e3o descritiva do total de empregos conforme publica\u00e7\u00e3o do Jornal Folha de Pedro Leopoldo, pag. 6, ed. 955."}, {"id": "22621", "ano": "2023", "numero": "741", "tipo__sigla": "PROT", "tipo__descricao": "Protocolo", "autoria": "Evaldo Geraldo do Carmo (Evaldo do A\u00e7ougue)", "texto_original": "http://sapl.pedroleopoldo.mg.leg.br/media/", "ementa": "INDICA SINALIZA\u00c7\u00c3O NO CRUZAMENTO DAS RUAS JOS\u00c9 JUSTINO DOS REIS COM A RUA FRANCISCA ALVES CARVALHO, NO BAIRRO DOM SANTA TEREZA,"}, {"id": "22622", "ano": "2023", "numero": "742", "tipo__sigla": "PROT", "tipo__descricao": "Protocolo", "autoria": "Frederico Henrique Cota Alves (Fred Piau)", "texto_original": "http://sapl.pedroleopoldo.mg.leg.br/media/", "ementa": "No uso de minhas atribui\u00e7\u00f5es regimentais, requeiro \u00e0 Excelent\u00edssima Senhora Prefeita informa\u00e7\u00f5es sobre as medi\u00e7\u00f5es e mapeamento da rua Joaquim Carolins no bairro Quinta das Palmeiras."}, {"id": "22623", "ano": "2023", "numero": "743", "tipo__sigla": "PROT", "tipo__descricao": "Protocolo", "autoria": "Rafael Vieira Faria (Rafa)", "texto_original": "http://sapl.pedroleopoldo.mg.leg.br/media/", "ementa": "Venho, no uso de minhas atribui\u00e7\u00f5es, apresentar indica\u00e7\u00e3o, sugerindo ao Poder Executivo a instala\u00e7\u00e3o de sinaliza\u00e7\u00e3o vertical, instalando uma faixa de pedestres na Rua S\u00e3o Vicente, CEP 33257-340, bairro Ferreiras, pr\u00f3ximo ao n\u00famero 176, proporcionando mais seguran\u00e7a \u00e0s pessoas que transitam pelo local."}, {"id": "22624", "ano": "2023", "numero": "744", "tipo__sigla": "PROT", "tipo__descricao": "Protocolo", "autoria": "Rafael Vieira Faria (Rafa)", "texto_original": "http://sapl.pedroleopoldo.mg.leg.br/media/", "ementa": "Indica\u00e7\u00e3o\r\nInicialmente a inten\u00e7\u00e3o era aprovar uma lei declarando a festividade do Boi da Manta Patrim\u00f4nio Cultural Imateral de Pedro Leopoldo. No entanto, proposta n\u00e3o prosperou, consoante a Lei n\u00ba 2.963, de 13 de julho de 2007, que institui as formas de registros de bens culturais de natureza imaterial ou intang\u00edvel que constitui o patrim\u00f4nio cultural de Pedro Leopoldo.\r\nPosto isso a proposta de lei foi transformada em indica\u00e7\u00e3o, conforme justificativa em anexo."}, {"id": "22625", "ano": "2023", "numero": "745", "tipo__sigla": "PROT", "tipo__descricao": "Protocolo", "autoria": "Matheus Utsch de Oliveira", "texto_original": "http://sapl.pedroleopoldo.mg.leg.br/media/", "ementa": "Altera o Art. 2\u00ba da Lei n\u00ba 3.350, de 18 de novembro de 2013 que Disciplina a denomina\u00e7\u00e3o de logradouros p\u00fablicos do Munic\u00edpio, e d\u00e1 outras provid\u00eancias."}, {"id": "22626", "ano": "2023", "numero": "746", "tipo__sigla": "PROT", "tipo__descricao": "Protocolo", "autoria": "Matheus Utsch de Oliveira", "texto_original": "http://sapl.pedroleopoldo.mg.leg.br/media/", "ementa": "No uso de minhas atribui\u00e7\u00f5es regimentais, requeiro \u00e0 Excelent\u00edssima Senhora Prefeita as informa\u00e7\u00f5es sobre quais os motivos e justificativas para manter a limita\u00e7\u00e3o de 2 horas para vel\u00f3rios visto que o decreto sanit\u00e1rio n\u00e3o est\u00e1 em vigor."}, {"id": "22627", "ano": "2023", "numero": "747", "tipo__sigla": "PROT", "tipo__descricao": "Protocolo", "autoria": "Cynthia Salom\u00e3o Bastos Faria", "texto_original": "http://sapl.pedroleopoldo.mg.leg.br/media/", "ementa": "Indica \u00e0 Excelent\u00edssima Senhora Prefeita, determinar ao setor competente criar estrat\u00e9gias para inibi\u00e7\u00e3o de pombos, como a coloca\u00e7\u00e3o de telas de prote\u00e7\u00e3o para evitar a entrada dos pombos no telhado das Institui\u00e7\u00f5es Escolares Municipais, neste Munic\u00edpio."}, {"id": "22628", "ano": "2023", "numero": "748", "tipo__sigla": "PROT", "tipo__descricao": "Protocolo", "autoria": "Cynthia Salom\u00e3o Bastos Faria", "texto_original": "http://sapl.pedroleopoldo.mg.leg.br/media/", "ementa": "Indica \u00e0 Excelent\u00edssima Senhora Prefeita, determinar a Vigil\u00e2ncia Sanit\u00e1ria uma vistoria e dedetiza\u00e7\u00e3o para pombos nas Institui\u00e7\u00f5es de Ensino Municipais, Estaduais e Particulares, neste Munic\u00edpio."}, {"id": "22676", "ano": "2023", "numero": "749", "tipo__sigla": "PROT", "tipo__descricao": "Protocolo", "autoria": "Leonardo Pereira Ribeiro (Leoz\u00e3o)", "texto_original": "http://sapl.pedroleopoldo.mg.leg.br/media/", "ementa": "VOTO DE PESAR PARA: MARCELO DE ASSIS SANTOS \r\nENVIAR PARA SUA IRM\u00c3: DAIANE APARECIDA DE ASSIS\r\nENDERE\u00c7O: TEODORO VIANA N\u00b0 186 TEOTONIO BATISTA DE FREITAS.\r\nCEP: 33254-190"}, {"id": "22677", "ano": "2023", "numero": "750", "tipo__sigla": "PROT", "tipo__descricao": "Protocolo", "autoria": "Leonardo Pereira Ribeiro (Leoz\u00e3o)", "texto_original": "http://sapl.pedroleopoldo.mg.leg.br/media/", "ementa": "VOTO DE PESAR PARA: MARIA BEATRIZ CAMELO\r\nENVIAR PARA SUA FILHA: ANA LUCIA VIEIRA CONRADO\r\nENDERE\u00c7O: RUA, DR. ROCHA N \u00b0 1283 CENTRO\r\nCEP:33250-036"}, {"id": "22680", "ano": "2023", "numero": "751", "tipo__sigla": "PROT", "tipo__descricao": "Protocolo", "autoria": "Executivo", "texto_original": "http://sapl.pedroleopoldo.mg.leg.br/media/", "ementa": "Disp\u00f5e sobre a regulamenta\u00e7\u00e3o da Assist\u00eancia Financeira Complementar repassada pela Uni\u00e3o Federal visando dar cumprimento ao disposto na Lei Federal n\u00ba 14.434, de 04 de agosto de 2022, a qual instituiu o piso salarial nacional do Enfermeiro, do t\u00e9cnico de enfermagem, do auxiliar de enfermagem e da parteira."}, {"id": "22690", "ano": "2023", "numero": "752", "tipo__sigla": "PROT", "tipo__descricao": "Protocolo", "autoria": "Guilherme de Lima Braga (Guilherme do Doce)", "texto_original": "http://sapl.pedroleopoldo.mg.leg.br/media/", "ementa": "voto de pesar pelo falecimento de Wilson Barbosa\r\nenviar para sua esposa Maria Barbosa\r\nendere\u00e7o rua do Cruzeiro n\u00famero 25 Santo Ant\u00f4nio da Barra"}, {"id": "22693", "ano": "2023", "numero": "753", "tipo__sigla": "PROT", "tipo__descricao": "Protocolo", "autoria": "Frederico Henrique Cota Alves (Fred Piau)", "texto_original": "http://sapl.pedroleopoldo.mg.leg.br/media/", "ementa": "No uso de minhas atribui\u00e7\u00f5es regimentais, indico \u00e0 Excelent\u00edssima Senhora Prefeita determinar ao setor competente implementar um Circuito Cultural nas pra\u00e7as do munic\u00edpio de Pedro Leopoldo."}, {"id": "22694", "ano": "2023", "numero": "754", "tipo__sigla": "PROT", "tipo__descricao": "Protocolo", "autoria": "Frederico Henrique Cota Alves (Fred Piau)", "texto_original": "http://sapl.pedroleopoldo.mg.leg.br/media/", "ementa": "No uso de minhas atribui\u00e7\u00f5es regimentais, indico \u00e0 Excelent\u00edssima Senhora Prefeita determinar ao setor competente a volta do Festival de Ver\u00e3o de Pedro Leopoldo, Priorizando os artistas locais."}, {"id": "22695", "ano": "2023", "numero": "755", "tipo__sigla": "PROT", "tipo__descricao": "Protocolo", "autoria": "Frederico Henrique Cota Alves (Fred Piau)", "texto_original": "http://sapl.pedroleopoldo.mg.leg.br/media/", "ementa": "No uso de minhas atribui\u00e7\u00f5es regimentais, indico \u00e0 Excelent\u00edssima Senhora Prefeita determinar ao setor competente a revitaliza\u00e7\u00e3o dos passeios da \u00e1rea central para o devido atendimento das pessoas com defici\u00eancia"}, {"id": "22696", "ano": "2023", "numero": "756", "tipo__sigla": "PROT", "tipo__descricao": "Protocolo", "autoria": "Frederico Henrique Cota Alves (Fred Piau)", "texto_original": "http://sapl.pedroleopoldo.mg.leg.br/media/", "ementa": "No uso de minhas atribui\u00e7\u00f5es regimentais, indico \u00e0 Excelent\u00edssima Senhora Prefeita determinar ao setor competente a cria\u00e7\u00e3o do JOMEI \u2013 Jogos da Melhor Idade no munic\u00edpio."}, {"id": "22697", "ano": "2023", "numero": "757", "tipo__sigla": "PROT", "tipo__descricao": "Protocolo", "autoria": "Frederico Henrique Cota Alves (Fred Piau)", "texto_original": "http://sapl.pedroleopoldo.mg.leg.br/media/", "ementa": "No uso de minhas atribui\u00e7\u00f5es regimentais, indico \u00e0 Excelent\u00edssima Senhora Prefeita determinar ao setor competente a cria\u00e7\u00e3o de um fundo espec\u00edfico para prote\u00e7\u00e3o e bem-estar animal no munic\u00edpio."}, {"id": "22698", "ano": "2023", "numero": "758", "tipo__sigla": "PROT", "tipo__descricao": "Protocolo", "autoria": "Guilherme de Lima Braga (Guilherme do Doce)", "texto_original": "http://sapl.pedroleopoldo.mg.leg.br/media/", "ementa": "\u201cConcede T\u00edtulo de Cidadania Benem\u00e9rita ao Sr. Gentil C\u00e2ndido Diniz Viana e d\u00e1 outras provid\u00eancias."}, {"id": "22699", "ano": "2023", "numero": "759", "tipo__sigla": "PROT", "tipo__descricao": "Protocolo", "autoria": "Guilherme de Lima Braga (Guilherme do Doce)", "texto_original": "http://sapl.pedroleopoldo.mg.leg.br/media/", "ementa": "Concede a \u201cComenda Jornalista Jos\u00e9 Nicolau Neto\u201d ao Senhor Lucas Soares de Azevedo, e d\u00e1 outras provid\u00eancias"}, {"id": "22700", "ano": "2023", "numero": "760", "tipo__sigla": "PROT", "tipo__descricao": "Protocolo", "autoria": "Mauro J\u00fanior Lopes Francisco", "texto_original": "http://sapl.pedroleopoldo.mg.leg.br/media/", "ementa": "No uso de minhas atribui\u00e7\u00f5es regimentais, indico \u00e0 Excelent\u00edssima Senhora Prefeita determinar ao setor competente, que seja realizada a limpeza e desobstru\u00e7\u00e3o do bueiro localizado na Rua B (casas populares), no Distrito de Vera Cruz."}, {"id": "22701", "ano": "2023", "numero": "761", "tipo__sigla": "PROT", "tipo__descricao": "Protocolo", "autoria": "Cynthia Salom\u00e3o Bastos Faria", "texto_original": "http://sapl.pedroleopoldo.mg.leg.br/media/", "ementa": "Indica, \u00e0 Excelent\u00edssima Senhora Prefeita, a destinar recursos financeiros para a constru\u00e7\u00e3o de Pol\u00edticas P\u00fablicas direcionadas \u00e0 popula\u00e7\u00e3o LGBTQIAPN+, atrav\u00e9s do Conselho Municipal LGBTQIAPN+, neste Munic\u00edpio."}, {"id": "22702", "ano": "2023", "numero": "762", "tipo__sigla": "PROT", "tipo__descricao": "Protocolo", "autoria": "Matheus Utsch de Oliveira", "texto_original": "http://sapl.pedroleopoldo.mg.leg.br/media/", "ementa": "No uso de minhas atribui\u00e7\u00f5es regimentais, requeiro \u00e0 Excelent\u00edssima Senhora Prefeita as informa\u00e7\u00f5es sobre a data de entrada e previs\u00e3o de sa\u00edda da Van da Fisioterapia enviada para conserto na garagem da prefeitura e os valores do ve\u00edculo substituto at\u00e9 o momento."}, {"id": "22706", "ano": "2023", "numero": "763", "tipo__sigla": "PROT", "tipo__descricao": "Protocolo", "autoria": "Rafael Vieira Faria (Rafa)", "texto_original": "http://sapl.pedroleopoldo.mg.leg.br/media/", "ementa": "Venho, no uso de minhas atribui\u00e7\u00f5es regimentais, apresentar presente indica\u00e7\u00e3o, sugerindo ao Poder Executivo, a constru\u00e7\u00e3o de um Posto de Sa\u00fade da Fam\u00edlia no Distrito de Lagoa de Santo Ant\u00f4nio, tornando o acesso ao Posto de Sa\u00fade mais pr\u00f3ximo da popula\u00e7\u00e3o, sobretudo para aquelas pessoas que residem em bairros mais distantes do bairro Santa Tereza."}, {"id": "22707", "ano": "2023", "numero": "764", "tipo__sigla": "PROT", "tipo__descricao": "Protocolo", "autoria": "Warlen Alves da Silva", "texto_original": "http://sapl.pedroleopoldo.mg.leg.br/media/", "ementa": "No uso de minhas atribui\u00e7\u00f5es regimentais, indico \u00e0 Excelent\u00edssima Senhora Prefeita determinar ao setor competente para que providencie opera\u00e7\u00e3o tapa buraco em toda extens\u00e3o da rua Maria de Lourdes Alves de Andrade, no bairro Novo Campinho."}, {"id": "22708", "ano": "2023", "numero": "765", "tipo__sigla": "PROT", "tipo__descricao": "Protocolo", "autoria": "Mauro J\u00fanior Lopes Francisco", "texto_original": "http://sapl.pedroleopoldo.mg.leg.br/media/", "ementa": "No uso de minhas atribui\u00e7\u00f5es regimentais, indico \u00e0 Excelent\u00edssima Senhora Prefeita determinar ao setor competente, providenciar a pintura dos redutores de velocidade instalados \u00e0 Avenida Camilo Alves da Silva, pr\u00f3ximo \u00e0 entrada do bairro Teot\u00f4nio Batista de Freitas, \u00e0 altura dos n\u00fameros 1.304 e 1.550, neste munic\u00edpio"}, {"id": "22709", "ano": "2023", "numero": "766", "tipo__sigla": "PROT", "tipo__descricao": "Protocolo", "autoria": "Warlen Alves da Silva", "texto_original": "http://sapl.pedroleopoldo.mg.leg.br/media/", "ementa": "No uso de minhas atribui\u00e7\u00f5es regimentais, indico a Vossa Excel\u00eancia conceder de Mo\u00e7\u00e3o de Parab\u00e9ns ao Adilson da Silva Santos, pelos relevantes trabalhos prestados \u00e0 Policia Militar e pelos trinta e tr\u00eas anos como Oficial de Justi\u00e7a - TJMG."}, {"id": "22710", "ano": "2023", "numero": "767", "tipo__sigla": "PROT", "tipo__descricao": "Protocolo", "autoria": "Matheus Utsch de Oliveira", "texto_original": "http://sapl.pedroleopoldo.mg.leg.br/media/", "ementa": "No uso de minhas atribui\u00e7\u00f5es regimentais, requeiro \u00e0 Excelent\u00edssima Senhora Prefeita toda documenta\u00e7\u00e3o dispon\u00edvel sobre o processo de libera\u00e7\u00e3o da Esta\u00e7\u00e3o Elevat\u00f3ria da Lagoa do Distrito de Lagoa de Santo Ant\u00f4nio e posteriores a\u00e7\u00f5es ligadas \u00e0 ETE e esgotamento sanit\u00e1rio."}, {"id": "22711", "ano": "2023", "numero": "768", "tipo__sigla": "PROT", "tipo__descricao": "Protocolo", "autoria": "Cynthia Salom\u00e3o Bastos Faria", "texto_original": "http://sapl.pedroleopoldo.mg.leg.br/media/", "ementa": "Indica declarar a Roda de Capoeira, Patrim\u00f4nio Cultural Imaterial do Munic\u00edpio de Pedro Leopoldo"}, {"id": "22712", "ano": "2023", "numero": "769", "tipo__sigla": "PROT", "tipo__descricao": "Protocolo", "autoria": "Cynthia Salom\u00e3o Bastos Faria", "texto_original": "http://sapl.pedroleopoldo.mg.leg.br/media/", "ementa": "Indica adquirir um terreno em Fidalgo para a constru\u00e7\u00e3o de um Centro Cultural para servir de ponto de apoio para as manifesta\u00e7\u00f5es culturais locais e regionais, neste Munic\u00edpio."}, {"id": "22721", "ano": "2023", "numero": "770", "tipo__sigla": "PROT", "tipo__descricao": "Protocolo", "autoria": "Frederico Henrique Cota Alves (Fred Piau)", "texto_original": "http://sapl.pedroleopoldo.mg.leg.br/media/", "ementa": "No uso de minhas atribui\u00e7\u00f5es regimentais, indico  a medalha de VAR\u00c3O DE CRISTO ao Pastor Wenderson F\u00e1bio Carvalho."}, {"id": "22723", "ano": "2023", "numero": "771", "tipo__sigla": "PROT", "tipo__descricao": "Protocolo", "autoria": "Warlen Alves da Silva", "texto_original": "http://sapl.pedroleopoldo.mg.leg.br/media/", "ementa": "Sensibilizado com o falecimento de seu irm\u00e3o, Marcos Efig\u00eanio. Vereador Warlen Alves solicitou \u00e0 C\u00e2mara Municipal de Pedro Leopoldo observar um minuto de sil\u00eancio"}, {"id": "22735", "ano": "2023", "numero": "772", "tipo__sigla": "PROT", "tipo__descricao": "Protocolo", "autoria": "Frederico Henrique Cota Alves (Fred Piau)", "texto_original": "http://sapl.pedroleopoldo.mg.leg.br/media/", "ementa": "Concede Ins\u00edgnia \u201cComenda Jornalista Jos\u00e9 Nicolau Neto\u201d a Sr. Adroaldo Leal da Silva J\u00fanior e d\u00e1 outras provid\u00eancias."}, {"id": "22741", "ano": "2023", "numero": "773", "tipo__sigla": "PROT", "tipo__descricao": "Protocolo", "autoria": "Frederico Henrique Cota Alves (Fred Piau)", "texto_original": "http://sapl.pedroleopoldo.mg.leg.br/media/", "ementa": "Providenciar a constru\u00e7\u00e3o de uma faixa elevada na Av. Heitor Cl\u00e1udio de Sales, altura do n\u00famero 547 \u2013 Bairro Felipe Cl\u00e1udio de Sales."}, {"id": "22742", "ano": "2023", "numero": "774", "tipo__sigla": "PROT", "tipo__descricao": "Protocolo", "autoria": "Leonardo Pereira Ribeiro (Leoz\u00e3o)", "texto_original": "http://sapl.pedroleopoldo.mg.leg.br/media/", "ementa": "VOTO DE PESAR PARA: SR. NONATO DAMAS MATOSO\r\nENVIAR PARA SUA ESPOSA: SRA.DIRLENE APARECIDADE LIMA\r\nENDERE\u00c7O: RUA PEDRO MARIA PEREIRA N \u00ba546 FELIPE CL\u00c1UDIO DE SALES\r\nCEP: 33252-040"}, {"id": "22743", "ano": "2023", "numero": "775", "tipo__sigla": "PROT", "tipo__descricao": "Protocolo", "autoria": "Frederico Henrique Cota Alves (Fred Piau)", "texto_original": "http://sapl.pedroleopoldo.mg.leg.br/media/", "ementa": "No uso de minhas atribui\u00e7\u00f5es regimentais, indico \u00e0 Excelent\u00edssima Senhora Prefeita determinar ao setor competente melhorias na sinaliza\u00e7\u00e3o de tr\u00e2nsito pr\u00f3ximo \u00e0 igreja S\u00e3o Judas Tadeu, no Bairro Andyara."}, {"id": "22744", "ano": "2023", "numero": "776", "tipo__sigla": "PROT", "tipo__descricao": "Protocolo", "autoria": "Frederico Henrique Cota Alves (Fred Piau)", "texto_original": "http://sapl.pedroleopoldo.mg.leg.br/media/", "ementa": "A reconstru\u00e7\u00e3o do passeio no in\u00edcio da rua Maur\u00edcio de Azevedo na subida do bairro Magalh\u00e3es pr\u00f3ximo a coleta do bairro."}, {"id": "22745", "ano": "2023", "numero": "777", "tipo__sigla": "PROT", "tipo__descricao": "Protocolo", "autoria": "Frederico Henrique Cota Alves (Fred Piau)", "texto_original": "http://sapl.pedroleopoldo.mg.leg.br/media/", "ementa": "No uso de minhas atribui\u00e7\u00f5es regimentais, indico \u00e0 Excelent\u00edssima Senhora Prefeita determinar ao setor competente realizar pavimenta\u00e7\u00e3o asf\u00e1ltica na rua C\u00e9sar Juli\u00e3o Cec\u00e9 de Sales \u2013 bairro Ferreiras, neste munic\u00edpio."}, {"id": "22746", "ano": "2023", "numero": "778", "tipo__sigla": "PROT", "tipo__descricao": "Protocolo", "autoria": "Frederico Henrique Cota Alves (Fred Piau)", "texto_original": "http://sapl.pedroleopoldo.mg.leg.br/media/", "ementa": "No uso de minhas atribui\u00e7\u00f5es regimentais, indico \u00e0 Excelent\u00edssima Senhora Prefeita determinar ao setor competente colocar uma grade ou placa de concreto na cal\u00e7ada da Av. Heitor Cl\u00e1udio de Sales, pr\u00f3ximo a escola Dona Jandirinha Sales Joviano, altura do n\u00famero 649, no Bairro Felipe Cl\u00e1udio de Sales, neste munic\u00edpio."}, {"id": "22747", "ano": "2023", "numero": "779", "tipo__sigla": "PROT", "tipo__descricao": "Protocolo", "autoria": "Rafael Vieira Faria (Rafa)", "texto_original": "http://sapl.pedroleopoldo.mg.leg.br/media/", "ementa": "Disp\u00f5e sobre a inser\u00e7\u00e3o de C\u00f3digo de Barras Bidimensional - QR Code- em todas as placas de obras p\u00fablicas municipais em andamento para leitura atrav\u00e9s de dispositivos m\u00f3veis para fiscaliza\u00e7\u00e3o eletr\u00f4nica."}, {"id": "22748", "ano": "2023", "numero": "780", "tipo__sigla": "PROT", "tipo__descricao": "Protocolo", "autoria": "Cynthia Salom\u00e3o Bastos Faria", "texto_original": "http://sapl.pedroleopoldo.mg.leg.br/media/", "ementa": "Indica \u00e0 Excelent\u00edssima Senhora Prefeita, determinar ao setor competente instalar lixeira na \u00e1rea externa do CEMAI Eug\u00eania de Bastos, em Fidalgo, neste Munic\u00edpio."}, {"id": "22749", "ano": "2023", "numero": "781", "tipo__sigla": "PROT", "tipo__descricao": "Protocolo", "autoria": "Cynthia Salom\u00e3o Bastos Faria", "texto_original": "http://sapl.pedroleopoldo.mg.leg.br/media/", "ementa": "Indica \u00e0 Excelent\u00edssima Senhora Prefeita, realizar interven\u00e7\u00f5es de melhoria e seguran\u00e7a na estrada Jos\u00e9 Pedr\u00e3o na entrada principal que d\u00e1 acesso \u00e0 Gruta do Ba\u00fa, no Distrito de Fidalgo, neste Munic\u00edpio. De imediato, sugiro: \r\n\u2022\tPlacas de sinaliza\u00e7\u00e3o: Aten\u00e7\u00e3o! Entrada e sa\u00edda de ve\u00edculos; Cuidado! Travessia de pedestres;\r\n\u2022\tFaixa elevada ou pintura de faixas de pedestres; \r\n\u2022\tAcostamento com asfalto nos dois sentidos da via e outras mais que se fizerem necess\u00e1rias para garantir a seguran\u00e7a dos usu\u00e1rios.'"}, {"id": "22750", "ano": "2023", "numero": "782", "tipo__sigla": "PROT", "tipo__descricao": "Protocolo", "autoria": "Cynthia Salom\u00e3o Bastos Faria", "texto_original": "http://sapl.pedroleopoldo.mg.leg.br/media/", "ementa": "Indica \u00e0 Excelent\u00edssima Senhora Prefeita, determinar ao setor competente realizar as devidas melhorias no pr\u00e9dio da Escola Municipal Jos\u00e9 Elias da Costa. De imediato sugiro, a troca dos vasos sanit\u00e1rios e coloca\u00e7\u00e3o de espelhos nos banheiros destinados aos alunos, reparo na estrutura da parede met\u00e1lica do banheiro masculino, coloca\u00e7\u00e3o de uma parte da parede de estrutura met\u00e1lica do refeit\u00f3rio, reparo e/ou substitui\u00e7\u00e3o em algumas partes do alambrado de tela em torno da quadra de esportes, no Bairro Santo Ant\u00f4nio, neste munic\u00edpio."}, {"id": "22751", "ano": "2023", "numero": "783", "tipo__sigla": "PROT", "tipo__descricao": "Protocolo", "autoria": "Leonardo Pereira Ribeiro (Leoz\u00e3o)", "texto_original": "http://sapl.pedroleopoldo.mg.leg.br/media/", "ementa": "Concede T\u00edtulo de Cidad\u00e3o Honor\u00e1rio ao Sr. Andr\u00e9 Felipe Vieira Andrade Carvalho, e d\u00e1 outras provid\u00eancias."}, {"id": "22754", "ano": "2023", "numero": "784", "tipo__sigla": "PROT", "tipo__descricao": "Protocolo", "autoria": "Mauro J\u00fanior Lopes Francisco", "texto_original": "http://sapl.pedroleopoldo.mg.leg.br/media/", "ementa": "HOMENAGEADA VAROA DE CRISTO (SOLENIDADE 06/10 - SEMANA CRIST\u00c3)\r\n\r\nAnt\u00f4nia Rosendo de Oliveira"}, {"id": "22757", "ano": "2023", "numero": "785", "tipo__sigla": "PROT", "tipo__descricao": "Protocolo", "autoria": "Warlen Alves da Silva", "texto_original": "http://sapl.pedroleopoldo.mg.leg.br/media/", "ementa": "No uso de minhas atribui\u00e7\u00f5es regimentais, indico a medalha de Var\u00e3o de Cristo ao Pastor\r\n Raimundo Alves"}, {"id": "22758", "ano": "2023", "numero": "786", "tipo__sigla": "PROT", "tipo__descricao": "Protocolo", "autoria": "Cynthia Salom\u00e3o Bastos Faria", "texto_original": "http://sapl.pedroleopoldo.mg.leg.br/media/", "ementa": "Indica \u00e0 Excelent\u00edssima Senhora Prefeita, a implantar o vale cultura para os professores e servidores da rede Municipal"}, {"id": "22770", "ano": "2023", "numero": "787", "tipo__sigla": "PROT", "tipo__descricao": "Protocolo", "autoria": "Matheus Utsch de Oliveira", "texto_original": "http://sapl.pedroleopoldo.mg.leg.br/media/", "ementa": "Indico o Pastor Guilherme da Silva de Jesus para receber a Medalha Var\u00e3o e Varoa de Cristo da C\u00e2mara Municipal de Pedro Leopoldo no ano de 2023"}, {"id": "22771", "ano": "2023", "numero": "788", "tipo__sigla": "PROT", "tipo__descricao": "Protocolo", "autoria": "Rafael Vieira Faria (Rafa)", "texto_original": "http://sapl.pedroleopoldo.mg.leg.br/media/", "ementa": "Venho, no uso de minhas atribui\u00e7\u00f5es regimentais, apresentar indica\u00e7\u00e3o para Varoa de Cristo, a Sra. Maura Alves Pereira."}, {"id": "22772", "ano": "2023", "numero": "789", "tipo__sigla": "PROT", "tipo__descricao": "Protocolo", "autoria": "Matheus Utsch de Oliveira", "texto_original": "http://sapl.pedroleopoldo.mg.leg.br/media/", "ementa": "No uso de minhas atribui\u00e7\u00f5es regimentais, requeiro \u00e0 Excelent\u00edssima Senhora Prefeita informa\u00e7\u00f5es se houve aviso ou comunica\u00e7\u00e3o \u00e0 Copasa com anteced\u00eancia sobre a cobertura asf\u00e1ltica realizada no Centro."}, {"id": "22775", "ano": "2023", "numero": "790", "tipo__sigla": "PROT", "tipo__descricao": "Protocolo", "autoria": "Frederico Henrique Cota Alves (Fred Piau)", "texto_original": "http://sapl.pedroleopoldo.mg.leg.br/media/", "ementa": "Solicito a Vossa Excel\u00eancia observar um minuto de sil\u00eancio pelo falecimento de Adeildo Albano, bem como registrar voto de pesar e envi\u00e1-lo aos seus familiares."}, {"id": "22777", "ano": "2023", "numero": "791", "tipo__sigla": "PROT", "tipo__descricao": "Protocolo", "autoria": "Frederico Henrique Cota Alves (Fred Piau)", "texto_original": "http://sapl.pedroleopoldo.mg.leg.br/media/", "ementa": "No uso de minhas atribui\u00e7\u00f5es regimentais, indico  a medalha de VAR\u00c3O DE CRISTO ao Pastor Wenderson F\u00e1bio Carvalho."}, {"id": "22778", "ano": "2023", "numero": "792", "tipo__sigla": "PROT", "tipo__descricao": "Protocolo", "autoria": "Cynthia Salom\u00e3o Bastos Faria", "texto_original": "http://sapl.pedroleopoldo.mg.leg.br/media/", "ementa": "Indico conceder a Medalha Var\u00e3o de Cristo ao Pastor Armando Eduardo da Silva pelo exemplo de amor, trabalho e dedica\u00e7\u00e3o."}, {"id": "22779", "ano": "2023", "numero": "793", "tipo__sigla": "PROT", "tipo__descricao": "Protocolo", "autoria": "Evaldo Geraldo do Carmo (Evaldo do A\u00e7ougue)", "texto_original": "http://sapl.pedroleopoldo.mg.leg.br/media/", "ementa": "Indico a Medalha Var\u00e3o de Cristo ao Pastor Jo\u00e3o Nunes"}, {"id": "22780", "ano": "2023", "numero": "794", "tipo__sigla": "PROT", "tipo__descricao": "Protocolo", "autoria": "Frederico Henrique Cota Alves (Fred Piau)", "texto_original": "http://sapl.pedroleopoldo.mg.leg.br/media/", "ementa": "Pavimentar o restante do passeio na Av. Heitor Cl\u00e1udio de Sales no Bairro Felipe Cl\u00e1udio de Sales, pr\u00f3ximo a casa nova m\u00f3veis no passeio que da acesso \u00e0 escola Jandirinha e manuten\u00e7\u00e3o do barranco onde as pessoas est\u00e3o jogando lixo no local."}, {"id": "22781", "ano": "2023", "numero": "795", "tipo__sigla": "PROT", "tipo__descricao": "Protocolo", "autoria": "Eldir Jos\u00e9 Batista (Baixinho da Garagem)", "texto_original": "http://sapl.pedroleopoldo.mg.leg.br/media/", "ementa": "Institui o Banco de Ideias Legislativas, no munic\u00edpio de Pedro Leopoldo, e d\u00e1 outras provid\u00eancias.\r\nEmenda modificativa ao Projeto de Lei n\u00ba. 49/2023."}, {"id": "22782", "ano": "2023", "numero": "796", "tipo__sigla": "PROT", "tipo__descricao": "Protocolo", "autoria": "Frederico Henrique Cota Alves (Fred Piau)", "texto_original": "http://sapl.pedroleopoldo.mg.leg.br/media/", "ementa": "Constru\u00e7\u00e3o de uma faixa elevada na Av Heitor Cl\u00e1udio de Sales, altura do n.\u00ba 210 pr\u00f3ximo a loja do Petr\u00f4nio bateria e pe\u00e7as no Ad\u00e9lia Issa, neste munic\u00edpio."}, {"id": "22783", "ano": "2023", "numero": "797", "tipo__sigla": "PROT", "tipo__descricao": "Protocolo", "autoria": "Executivo", "texto_original": "http://sapl.pedroleopoldo.mg.leg.br/media/", "ementa": "Lei Or\u00e7ament\u00e1ria Anual - Estima a receita e fixa as despesas do Munic\u00edpio de Pedro Leopoldo para o exerc\u00edcio financeiro de 2024."}, {"id": "22784", "ano": "2023", "numero": "798", "tipo__sigla": "PROT", "tipo__descricao": "Protocolo", "autoria": "Leonardo Pereira Ribeiro (Leoz\u00e3o)", "texto_original": "http://sapl.pedroleopoldo.mg.leg.br/media/", "ementa": "VOTO DE PESAR PARA: MIGUEL DE JESUS FERREIRA DE SOUZA\r\nENVIAR PARA: SUA IRM\u00c3, MARIA DO ROS\u00c1RIO SOUZA REIS\r\nENDERE\u00c7O: RUA JOS\u00c9 ELIAS DA COSTA FILHO, 489, SANTO ANTONIO\r\n33250428."}, {"id": "22785", "ano": "2023", "numero": "799", "tipo__sigla": "PROT", "tipo__descricao": "Protocolo", "autoria": "Executivo", "texto_original": "http://sapl.pedroleopoldo.mg.leg.br/media/", "ementa": "Disp\u00f5e sobre o Aux\u00edlio Fardamento/Uniforme, destinado aos Servidores da Guarda Civil Municipal e Agentes de Tr\u00e2nsito - TRANS PL, do munic\u00edpio de Pedro Leopoldo e d\u00e1 outras provid\u00eancias."}, {"id": "22787", "ano": "2023", "numero": "800", "tipo__sigla": "PROT", "tipo__descricao": "Protocolo", "autoria": "Frederico Henrique Cota Alves (Fred Piau)", "texto_original": "http://sapl.pedroleopoldo.mg.leg.br/media/", "ementa": "No uso de minhas atribui\u00e7\u00f5es regimentais, indico \u00e0 Excelent\u00edssima Senhora Prefeita determinar ao setor competente a cria\u00e7\u00e3o de um abrigo para mulheres em situa\u00e7\u00e3o de risco ou agress\u00e3o, para que ela possa se restabelecer e seguir sua vida com dignidade"}, {"id": "22788", "ano": "2023", "numero": "801", "tipo__sigla": "PROT", "tipo__descricao": "Protocolo", "autoria": "Frederico Henrique Cota Alves (Fred Piau)", "texto_original": "http://sapl.pedroleopoldo.mg.leg.br/media/", "ementa": "No uso de minhas atribui\u00e7\u00f5es regimentais, indico ao Excelent\u00edssimo Senhor Presidente determinar ao setor competente a inclus\u00e3o de link de WhatsApp no perfil de cada vereador, direcionando o cidad\u00e3o para o gabinete escolhido."}, {"id": "22789", "ano": "2023", "numero": "802", "tipo__sigla": "PROT", "tipo__descricao": "Protocolo", "autoria": "Frederico Henrique Cota Alves (Fred Piau)", "texto_original": "http://sapl.pedroleopoldo.mg.leg.br/media/", "ementa": "No uso de minhas atribui\u00e7\u00f5es regimentais, indico \u00e0 Excelent\u00edssima Senhora Prefeita determinar ao setor competente a convoca\u00e7\u00e3o da COPASA, para realizar a manuten\u00e7\u00e3o de um buraco na Rua Betim, na altura do n\u00famero 498 \u2013 bairro Santo Ant\u00f4nio."}, {"id": "22797", "ano": "2023", "numero": "803", "tipo__sigla": "PROT", "tipo__descricao": "Protocolo", "autoria": "Guilherme de Lima Braga (Guilherme do Doce)", "texto_original": "http://sapl.pedroleopoldo.mg.leg.br/media/", "ementa": "No uso de minhas atribui\u00e7\u00f5es regimentais, indico \u00e0 Excelent\u00edssima Senhora Prefeita solicitar ao setor competente que seja feito um reparo de infiltra\u00e7\u00e3o e uma nova pintura nas paredes do ESF do bairro Santo Ant\u00f4nio (Cascavel),  neste Munic\u00edpio."}, {"id": "22800", "ano": "2023", "numero": "804", "tipo__sigla": "PROT", "tipo__descricao": "Protocolo", "autoria": "Cynthia Salom\u00e3o Bastos Faria", "texto_original": "http://sapl.pedroleopoldo.mg.leg.br/media/", "ementa": "Indica \u00e0 Excelent\u00edssima Senhora Prefeita, determinar ao setor competente realizar a retirada dos barrancos de terra nas laterais da rua Agenor do Pio e realizar o seu alargamento, no Bairro Quinta do Sumidouro, neste Munic\u00edpio."}, {"id": "22804", "ano": "2023", "numero": "805", "tipo__sigla": "PROT", "tipo__descricao": "Protocolo", "autoria": "Mauro J\u00fanior Lopes Francisco", "texto_original": "http://sapl.pedroleopoldo.mg.leg.br/media/", "ementa": "No uso de minhas atribui\u00e7\u00f5es regimentais, indico a Vossa Excel\u00eancia a concess\u00e3o de Mo\u00e7\u00e3o de Parab\u00e9ns ao Cabo PM Laurisson Roberto R. Alc\u00e2ntara e a Soldado PM Larissa Santos Silva, que comp\u00f5em a equipe PPVD (Patrulha de Preven\u00e7\u00e3o a Viol\u00eancia Dom\u00e9stica) da pol\u00edcia militar de Pedro Leopoldo."}, {"id": "22808", "ano": "2023", "numero": "806", "tipo__sigla": "PROT", "tipo__descricao": "Protocolo", "autoria": "Cynthia Salom\u00e3o Bastos Faria", "texto_original": "http://sapl.pedroleopoldo.mg.leg.br/media/", "ementa": "Indico implantar aux\u00edlio combust\u00edvel ou gratifica\u00e7\u00e3o de dif\u00edcil acesso destinado a m\u00e9dicos de UBS\u2019s, pertencentes a comunidades mais distantes como Fidalgo, Quinta do Sumidouro, Quinta das Palmeiras e Vera cruz de Minas, neste Munic\u00edpio"}, {"id": "22809", "ano": "2023", "numero": "807", "tipo__sigla": "PROT", "tipo__descricao": "Protocolo", "autoria": "Mauro J\u00fanior Lopes Francisco", "texto_original": "http://sapl.pedroleopoldo.mg.leg.br/media/", "ementa": "No uso de minhas atribui\u00e7\u00f5es regimentais, indico a Vossa Excel\u00eancia a concess\u00e3o de Mo\u00e7\u00e3o de Parab\u00e9ns a senhora Rosilene Aparecida Gomes Cunha, moradora do bairro Vera Cruz de Minas, pela sua garra e por ser uma mulher cheia de virtudes."}, {"id": "22810", "ano": "2023", "numero": "808", "tipo__sigla": "PROT", "tipo__descricao": "Protocolo", "autoria": "Mauro J\u00fanior Lopes Francisco", "texto_original": "http://sapl.pedroleopoldo.mg.leg.br/media/", "ementa": "No uso de minhas atribui\u00e7\u00f5es regimentais, indico a Vossa Excel\u00eancia a concess\u00e3o de Mo\u00e7\u00e3o de Parab\u00e9ns a senhora Varlenita Barbosa Costa, moradora do bairro S\u00e3o Jos\u00e9, pelo exemplo de mulher batalhadora, vencedora, justa e honesta."}, {"id": "22811", "ano": "2023", "numero": "809", "tipo__sigla": "PROT", "tipo__descricao": "Protocolo", "autoria": "Frederico Henrique Cota Alves (Fred Piau)", "texto_original": "http://sapl.pedroleopoldo.mg.leg.br/media/", "ementa": "No uso de minhas atribui\u00e7\u00f5es regimentais, indico \u00e0 Excelent\u00edssima Senhora Prefeita determinar ao setor competente o reparo da rua Betim, bairro Santo Ant\u00f4nio, na altura do n\u00famero 131, em que o asfalto est\u00e1 cedendo."}, {"id": "22812", "ano": "2023", "numero": "810", "tipo__sigla": "PROT", "tipo__descricao": "Protocolo", "autoria": "Frederico Henrique Cota Alves (Fred Piau)", "texto_original": "http://sapl.pedroleopoldo.mg.leg.br/media/", "ementa": "Melhorias na sinaliza\u00e7\u00e3o em um redutor de velocidade (quebra-molas), na rua Santa Luzia esquina com a rua Pac\u00edfico Jos\u00e9 Diniz na altura do n\u00famero 625 - Centro."}, {"id": "22813", "ano": "2023", "numero": "811", "tipo__sigla": "PROT", "tipo__descricao": "Protocolo", "autoria": "Frederico Henrique Cota Alves (Fred Piau)", "texto_original": "http://sapl.pedroleopoldo.mg.leg.br/media/", "ementa": "Recapeamento asf\u00e1ltico na rua Santa Luzia \u2013 Centro."}, {"id": "22814", "ano": "2023", "numero": "812", "tipo__sigla": "PROT", "tipo__descricao": "Protocolo", "autoria": "Frederico Henrique Cota Alves (Fred Piau)", "texto_original": "http://sapl.pedroleopoldo.mg.leg.br/media/", "ementa": "A instala\u00e7\u00e3o de l\u00e2mpadas de LED no campo Terrestre Futebol Clube,  localizado na rua Raimundo Joaquim de Souza no bairro Dom Camilo."}, {"id": "22815", "ano": "2023", "numero": "813", "tipo__sigla": "PROT", "tipo__descricao": "Protocolo", "autoria": "Frederico Henrique Cota Alves (Fred Piau)", "texto_original": "http://sapl.pedroleopoldo.mg.leg.br/media/", "ementa": "Cria\u00e7\u00e3o de Centro de Refer\u00eancia do Autista para promover inclus\u00e3o."}, {"id": "22816", "ano": "2023", "numero": "814", "tipo__sigla": "PROT", "tipo__descricao": "Protocolo", "autoria": "Leonardo Pereira Ribeiro (Leoz\u00e3o)", "texto_original": "http://sapl.pedroleopoldo.mg.leg.br/media/", "ementa": "VOTO DE PESAR PARA: M\u00c1RCIO LUIZ RODRIGES \r\nENVIAR PARA: SEU IRM\u00c3O, WANILDO DOMINGO RODRIGUES \r\nENDERE\u00c7O: AV VEREADOR MAGNO CLARET VIEIRA,103 - LAGOA DE SANTO ANTONIO.\r\nCEP:33252-380"}, {"id": "22817", "ano": "2023", "numero": "815", "tipo__sigla": "PROT", "tipo__descricao": "Protocolo", "autoria": "Leonardo Pereira Ribeiro (Leoz\u00e3o)", "texto_original": "http://sapl.pedroleopoldo.mg.leg.br/media/", "ementa": "VOTO DE PESAR PARA: MARIA JOS\u00c9 FALC\u00c3O DE OLIVEIRA\r\nENVIAR PARA SEU ESPOSO: JOS\u00c9 PATROC\u00cdNIO DE OLIVEIRA\r\nENDERE\u00c7O: RUA, JO\u00c3O TEODORO DA SILVA N\u00b0328\r\nBAIRRO, TRI\u00c2NGULO. S\u00c3O GERALDO\r\nCEP:33255-302"}, {"id": "22818", "ano": "2023", "numero": "816", "tipo__sigla": "PROT", "tipo__descricao": "Protocolo", "autoria": "Warlen Alves da Silva", "texto_original": "http://sapl.pedroleopoldo.mg.leg.br/media/", "ementa": "VOTO PESAR PELO FALECIMENTO DA SRA. MARIA DE LOURDES BAHIA MENDES"}, {"id": "22819", "ano": "2023", "numero": "817", "tipo__sigla": "PROT", "tipo__descricao": "Protocolo", "autoria": "Leonardo Pereira Ribeiro (Leoz\u00e3o)", "texto_original": "http://sapl.pedroleopoldo.mg.leg.br/media/", "ementa": "Voto de pesar pelo falecimento do Sr. Ant\u00f4nio da Fonseca\r\nPara sua esposa Maria de Lourdes Ribeiro e familiares\r\nEndere\u00e7o: Rua Manoel Rodrigues, 97 - Fidalgo - PL/MG\r\nCEP: 33253-048"}, {"id": "22820", "ano": "2023", "numero": "818", "tipo__sigla": "PROT", "tipo__descricao": "Protocolo", "autoria": "Cynthia Salom\u00e3o Bastos Faria", "texto_original": "http://sapl.pedroleopoldo.mg.leg.br/media/", "ementa": "Voto de pesar pelo falecimento da Sr. \u00aa Maristela Martins da Silva"}, {"id": "22821", "ano": "2023", "numero": "819", "tipo__sigla": "PROT", "tipo__descricao": "Protocolo", "autoria": "Leonardo Pereira Ribeiro (Leoz\u00e3o)", "texto_original": "http://sapl.pedroleopoldo.mg.leg.br/media/", "ementa": "VOTO DE PESAR APARA: JUVENIL JOS\u00c9 DE OLIVEIRA\r\nENVIAR PARA SEUS FILHOS: ELMO JOS\u00c9 SOARES DE OLIVEIRA E OSMAR JOS\u00c9 SOARES DE OLIVEIRA\r\nENDERE\u00c7O: RUA,  ANT\u00d4NIO JOS\u00c9 BUFFE, N\u00b0 434 BAIRRO: FELIPE CL\u00c1UDIO DE SALES.\r\nCEP:33252-034"}, {"id": "22822", "ano": "2023", "numero": "820", "tipo__sigla": "PROT", "tipo__descricao": "Protocolo", "autoria": "Guilherme de Lima Braga (Guilherme do Doce)", "texto_original": "http://sapl.pedroleopoldo.mg.leg.br/media/", "ementa": "No uso de minhas atribui\u00e7\u00f5es regimentais, indico \u00e0 Excelent\u00edssima Senhora Prefeita solicitar ao setor competente providenciar a pintura de uma faixa de pedestres na rua Professor Bicalho pr\u00f3ximo ao n\u00famero 44 Centro, neste Munic\u00edpio."}, {"id": "22823", "ano": "2023", "numero": "821", "tipo__sigla": "PROT", "tipo__descricao": "Protocolo", "autoria": "Guilherme de Lima Braga (Guilherme do Doce)", "texto_original": "http://sapl.pedroleopoldo.mg.leg.br/media/", "ementa": "No uso de minhas atribui\u00e7\u00f5es regimentais, indico \u00e0 Excelent\u00edssima Senhora Prefeita solicitar ao setor competente providenciar opera\u00e7\u00e3o tapa buracos em toda extens\u00e3o da rua Jos\u00e9 Pires Xavier Sobrinho no bairro Tri\u00e2ngulo, neste Munic\u00edpio"}, {"id": "22824", "ano": "2023", "numero": "822", "tipo__sigla": "PROT", "tipo__descricao": "Protocolo", "autoria": "Cynthia Salom\u00e3o Bastos Faria", "texto_original": "http://sapl.pedroleopoldo.mg.leg.br/media/", "ementa": "Indico implantar o aux\u00edlio-academia para os servidores p\u00fablicos municipais de Pedro Leopoldo."}, {"id": "22825", "ano": "2023", "numero": "823", "tipo__sigla": "PROT", "tipo__descricao": "Protocolo", "autoria": "Mauro J\u00fanior Lopes Francisco", "texto_original": "http://sapl.pedroleopoldo.mg.leg.br/media/", "ementa": "No uso de minhas atribui\u00e7\u00f5es regimentais, indico a Vossa Excel\u00eancia a concess\u00e3o de Mo\u00e7\u00e3o de Parab\u00e9ns ao senhor Wellington Luis Soares, pelos relevantes servi\u00e7os prestados \u00e0 comunidade de Vera Cruz de Minas, n\u00e3o medindo esfor\u00e7os para ajudar a Comunidade."}, {"id": "22826", "ano": "2023", "numero": "824", "tipo__sigla": "PROT", "tipo__descricao": "Protocolo", "autoria": "Rafael Vieira Faria (Rafa)", "texto_original": "http://sapl.pedroleopoldo.mg.leg.br/media/", "ementa": "Venho, no uso de minhas atribui\u00e7\u00f5es, apresentar indica\u00e7\u00e3o, sugerindo ao Poder Executivo a isen\u00e7\u00e3o de ITBI para aquelas pessoas que adquirir o primeiro im\u00f3vel atrav\u00e9s de SFH, bem como aqueles im\u00f3veis adquiridos pelo programa minha casa minha vida."}, {"id": "22827", "ano": "2023", "numero": "825", "tipo__sigla": "PROT", "tipo__descricao": "Protocolo", "autoria": "Cynthia Salom\u00e3o Bastos Faria", "texto_original": "http://sapl.pedroleopoldo.mg.leg.br/media/", "ementa": "Indico instituir Plano de Sa\u00fade e Plano Odontol\u00f3gico para os Servidores P\u00fablicos Municipais, neste Munic\u00edpio."}, {"id": "22828", "ano": "2023", "numero": "826", "tipo__sigla": "PROT", "tipo__descricao": "Protocolo", "autoria": "Frederico Henrique Cota Alves (Fred Piau)", "texto_original": "http://sapl.pedroleopoldo.mg.leg.br/media/", "ementa": "Disp\u00f5e sobre a disponibiliza\u00e7\u00e3o e demarca\u00e7\u00e3o de vagas de estacionamento para pessoas com TEA (Transtorno Espectro Autista)."}, {"id": "22829", "ano": "2023", "numero": "827", "tipo__sigla": "PROT", "tipo__descricao": "Protocolo", "autoria": "Matheus Utsch de Oliveira", "texto_original": "http://sapl.pedroleopoldo.mg.leg.br/media/", "ementa": "No uso de minhas atribui\u00e7\u00f5es regimentais, requeiro \u00e0 Excelent\u00edssima Senhora Prefeita as informa\u00e7\u00f5es sobre quais ser\u00e3o as medidas tomadas para o esvaziamento da Lagoa de Santo Ant\u00f4nio para o per\u00edodo de chuvas visto que essa j\u00e1 se encontra em seu volume m\u00e1ximo."}, {"id": "22830", "ano": "2023", "numero": "828", "tipo__sigla": "PROT", "tipo__descricao": "Protocolo", "autoria": "Rafael Vieira Faria (Rafa)", "texto_original": "http://sapl.pedroleopoldo.mg.leg.br/media/", "ementa": "Venho, no uso de minhas atribui\u00e7\u00f5es, apresentar indica\u00e7\u00e3o, sugerindo ao Poder Executivo a reestrutura\u00e7\u00e3o do sistema de escoamento de \u00e1guas pluviais da Rua Geraldo Braz Moreira, situada no bairro Santo Ant\u00f4nio da Barra, consoante justificativa em anexo."}, {"id": "22831", "ano": "2023", "numero": "829", "tipo__sigla": "PROT", "tipo__descricao": "Protocolo", "autoria": "Matheus Utsch de Oliveira", "texto_original": "http://sapl.pedroleopoldo.mg.leg.br/media/", "ementa": "No uso de minhas atribui\u00e7\u00f5es regimentais, requeiro \u00e0 Excelent\u00edssima Senhora Prefeita o relat\u00f3rio anal\u00edtico (detalhado) das emendas impositivas dos vereadores aplicadas no ano de 2021, 2022 e 2023."}, {"id": "22832", "ano": "2023", "numero": "830", "tipo__sigla": "PROT", "tipo__descricao": "Protocolo", "autoria": "Executivo", "texto_original": "http://sapl.pedroleopoldo.mg.leg.br/media/", "ementa": "Projeto de Lei: Disp\u00f5e sobre descontos, isen\u00e7\u00f5es e redu\u00e7\u00f5es no pagamento do imposto sobre a Propriedade Predial e Territorial Urbana - IPTU, referente ao exerc\u00edcio de 2024."}, {"id": "22833", "ano": "2023", "numero": "831", "tipo__sigla": "PROT", "tipo__descricao": "Protocolo", "autoria": "Matheus Utsch de Oliveira", "texto_original": "http://sapl.pedroleopoldo.mg.leg.br/media/", "ementa": "Indica mo\u00e7\u00e3o de parab\u00e9ns ao LAIITE pelos 20 anos de funda\u00e7\u00e3o. Atuando com excel\u00eancia no Munic\u00edpio de Pedro Leopoldo."}, {"id": "22834", "ano": "2023", "numero": "832", "tipo__sigla": "PROT", "tipo__descricao": "Protocolo", "autoria": "Mauro J\u00fanior Lopes Francisco", "texto_original": "http://sapl.pedroleopoldo.mg.leg.br/media/", "ementa": "Voto de pesar\r\nPelo falecimento da Sra. Maria dos Reis Silva Rosa\r\nA todos os familiares.\r\nFilha: Iara Cristina da Silva\r\nEndere\u00e7o: Rua B, n\u00b0 41 \r\nVera Cruz de Minas - 33257-692"}, {"id": "22847", "ano": "2023", "numero": "833", "tipo__sigla": "PROT", "tipo__descricao": "Protocolo", "autoria": "Cynthia Salom\u00e3o Bastos Faria", "texto_original": "http://sapl.pedroleopoldo.mg.leg.br/media/", "ementa": "Voto de pesar pelo falecimento da Sra. Paula Gabriela Ribeiro Andrade Woodsome\r\nPara seu Pai Geraldo Pereira Trindade e familiares\r\nEndere\u00e7o: Rua Herculano Soares de Oliveira, 3510 \u2013 Quinta do Sumidouro - PL/MG\r\nCEP: 33253-134"}, {"id": "22848", "ano": "2023", "numero": "834", "tipo__sigla": "PROT", "tipo__descricao": "Protocolo", "autoria": "Leonardo Pereira Ribeiro (Leoz\u00e3o)", "texto_original": "http://sapl.pedroleopoldo.mg.leg.br/media/", "ementa": "VOTO DE PESAR PADA: RITA ROCHA PEREIRA\r\nENVIAR PARA SEU FILHO:  WILTON ROCHA PEREIRA\r\nENDERE\u00c7O: AVENIDA SECRET\u00c1RIO DIVINO PADR\u00c3O. N\u00ba21\r\nBAIRRO: SANTO ANT\u00d4NIO \r\nSETE LAGOAS/ MG 35702-075"}, {"id": "22850", "ano": "2023", "numero": "835", "tipo__sigla": "PROT", "tipo__descricao": "Protocolo", "autoria": "Frederico Henrique Cota Alves (Fred Piau)", "texto_original": "http://sapl.pedroleopoldo.mg.leg.br/media/", "ementa": "Pavimenta\u00e7\u00e3o asf\u00e1ltica na rua Flamboyant no bairro Hibiscos."}, {"id": "22851", "ano": "2023", "numero": "836", "tipo__sigla": "PROT", "tipo__descricao": "Protocolo", "autoria": "Frederico Henrique Cota Alves (Fred Piau)", "texto_original": "http://sapl.pedroleopoldo.mg.leg.br/media/", "ementa": "A instala\u00e7\u00e3o de L\u00e2mpadas de LED na quadra e na Pra\u00e7a An\u00edbal Fernandes em Dr. Lund."}, {"id": "22852", "ano": "2023", "numero": "837", "tipo__sigla": "PROT", "tipo__descricao": "Protocolo", "autoria": "Frederico Henrique Cota Alves (Fred Piau)", "texto_original": "http://sapl.pedroleopoldo.mg.leg.br/media/", "ementa": "No uso de minhas atribui\u00e7\u00f5es regimentais, indico \u00e0 Excelent\u00edssima Senhora Prefeita determinar ao setor competente melhoria na sinaliza\u00e7\u00e3o das ruas H\u00e9lio Issa e Via Norte, no bairro Portal das Ac\u00e1cias."}, {"id": "22853", "ano": "2023", "numero": "838", "tipo__sigla": "PROT", "tipo__descricao": "Protocolo", "autoria": "Frederico Henrique Cota Alves (Fred Piau)", "texto_original": "http://sapl.pedroleopoldo.mg.leg.br/media/", "ementa": "No uso de minhas atribui\u00e7\u00f5es regimentais, indico \u00e0 Excelent\u00edssima Senhora Prefeita determinar ao setor competente instala\u00e7\u00e3o de c\u00e2meras de monitoramento (Olho Vivo) no bairro Portal das Ac\u00e1cias."}, {"id": "22854", "ano": "2023", "numero": "839", "tipo__sigla": "PROT", "tipo__descricao": "Protocolo", "autoria": "Matheus Utsch de Oliveira", "texto_original": "http://sapl.pedroleopoldo.mg.leg.br/media/", "ementa": "No uso de minhas atribui\u00e7\u00f5es regimentais, requeiro \u00e0 Excelent\u00edssima Senhora Prefeita as informa\u00e7\u00f5es sobre quais medidas est\u00e3o sendo tomadas para melhoria da vaz\u00e3o de \u00e1guas pluviais nos bairros Joana D'arc, Donato e Boa Esperan\u00e7a."}, {"id": "22855", "ano": "2023", "numero": "840", "tipo__sigla": "PROT", "tipo__descricao": "Protocolo", "autoria": "Matheus Utsch de Oliveira", "texto_original": "http://sapl.pedroleopoldo.mg.leg.br/media/", "ementa": "No uso de minhas atribui\u00e7\u00f5es regimentais, requeiro \u00e0 Excelent\u00edssima Senhora Prefeita as informa\u00e7\u00f5es sobre quais medidas est\u00e3o sendo tomadas para melhoria da vaz\u00e3o de \u00e1guas pluviais na rua Esp\u00edrito Santo, bairro Lagoa de Santo Ant\u00f4nio."}, {"id": "22856", "ano": "2023", "numero": "841", "tipo__sigla": "PROT", "tipo__descricao": "Protocolo", "autoria": "Matheus Utsch de Oliveira", "texto_original": "http://sapl.pedroleopoldo.mg.leg.br/media/", "ementa": "No uso de minhas atribui\u00e7\u00f5es regimentais, requeiro \u00e0 Excelent\u00edssima Senhora Prefeita as informa\u00e7\u00f5es da Secretaria de Meio Ambiente sobre o estudo encomendado pela Holcim dispon\u00edvel em seus arquivos feitos pela consultoria Brandt relacionado a Lagoa de Santo Ant\u00f4nio na d\u00e9cada de 90."}, {"id": "22865", "ano": "2023", "numero": "842", "tipo__sigla": "PROT", "tipo__descricao": "Protocolo", "autoria": "Cynthia Salom\u00e3o Bastos Faria", "texto_original": "http://sapl.pedroleopoldo.mg.leg.br/media/", "ementa": "Indica \u00e0 Excelent\u00edssima Senhora Prefeita,  a amplia\u00e7\u00e3o do passeio na rua Dr. Cristiano Otoni ,555 ao lado do estacionamento da C\u00e2mara Municipal de Pedro Leopoldo, visto que tem varias \u00e1rvores que impedem/e ou dificultam a circula\u00e7\u00e3o dos pedestres"}, {"id": "22866", "ano": "2023", "numero": "843", "tipo__sigla": "PROT", "tipo__descricao": "Protocolo", "autoria": "Mauro J\u00fanior Lopes Francisco", "texto_original": "http://sapl.pedroleopoldo.mg.leg.br/media/", "ementa": "Concede Medalha Chico Xavier ao Sr. Cleber Gomes da Silva e d\u00e1 outras provid\u00eancias, pelo seu destaque como artista pl\u00e1stico, escultor e restaurador das obras exclusivas de Chico Xavier que ele cria."}, {"id": "22870", "ano": "2023", "numero": "844", "tipo__sigla": "PROT", "tipo__descricao": "Protocolo", "autoria": "Eldir Jos\u00e9 Batista (Baixinho da Garagem)", "texto_original": "http://sapl.pedroleopoldo.mg.leg.br/media/", "ementa": "Indico ilumina\u00e7\u00e3o p\u00fablica em toda a extens\u00e3o da Rodovia Ascendino Jos\u00e9 Costa (Rodovia Neves) Pedro Leopoldo, bem como, postes e bra\u00e7os com l\u00e2mpadas de LED."}, {"id": "22874", "ano": "2023", "numero": "845", "tipo__sigla": "PROT", "tipo__descricao": "Protocolo", "autoria": "Cynthia Salom\u00e3o Bastos Faria", "texto_original": "http://sapl.pedroleopoldo.mg.leg.br/media/", "ementa": "Indica \u00e0 Excelent\u00edssima Senhora Prefeita, determinar ao setor competente a colocar Bra\u00e7o de luz e L\u00e2mpadas de LED na Rua Orlando Melo Beliz\u00e1rio, 1390, Novo Campinho ao lado da BR MG424- pr\u00f3ximo ao Condom\u00ednio Vit\u00f3ria da Uni\u00e3o Prime, na entrada do Supermercado Apoio Mineiro"}, {"id": "22876", "ano": "2023", "numero": "846", "tipo__sigla": "PROT", "tipo__descricao": "Protocolo", "autoria": "Eldir Jos\u00e9 Batista (Baixinho da Garagem)", "texto_original": "http://sapl.pedroleopoldo.mg.leg.br/media/", "ementa": "Indico uma faixa elevada em frente o n\u00ba 119 da rua S\u00e3o Vicente, no Bairro Ferreiras em Pedro Leopoldo."}, {"id": "22877", "ano": "2023", "numero": "847", "tipo__sigla": "PROT", "tipo__descricao": "Protocolo", "autoria": "Cynthia Salom\u00e3o Bastos Faria", "texto_original": "http://sapl.pedroleopoldo.mg.leg.br/media/", "ementa": "Requeiro ao Excelent\u00edssimo Senhor Secret\u00e1rio Municipal de Administra\u00e7\u00e3o, resposta quanto a INDICA\u00c7\u00c3O 232/2023 a respeito de um aparelho corporativo para uso do Correio que atende a comunidade de Fidalgo e Quinta do Sumidouro"}, {"id": "22878", "ano": "2023", "numero": "848", "tipo__sigla": "PROT", "tipo__descricao": "Protocolo", "autoria": "Matheus Utsch de Oliveira", "texto_original": "http://sapl.pedroleopoldo.mg.leg.br/media/", "ementa": "Concede T\u00edtulo de Cidadania Honor\u00e1ria de Pedro Leopoldo ao Sr. MARCELO GONZALEZ DUARTE."}, {"id": "22879", "ano": "2023", "numero": "849", "tipo__sigla": "PROT", "tipo__descricao": "Protocolo", "autoria": "Cynthia Salom\u00e3o Bastos Faria", "texto_original": "http://sapl.pedroleopoldo.mg.leg.br/media/", "ementa": "Indico criar a Secretaria Municipal da Pessoa com Defici\u00eancia, Mobilidade Reduzida e de Aten\u00e7\u00e3o ao Idoso, neste Munic\u00edpio."}, {"id": "22880", "ano": "2023", "numero": "850", "tipo__sigla": "PROT", "tipo__descricao": "Protocolo", "autoria": "Frederico Henrique Cota Alves (Fred Piau)", "texto_original": "http://sapl.pedroleopoldo.mg.leg.br/media/", "ementa": "A instala\u00e7\u00e3o de cadeiras no Terminal Rodovi\u00e1rio de Pedro Leopoldo, para oferecer maior conforto aos usu\u00e1rios do transporte p\u00fablico."}, {"id": "22881", "ano": "2023", "numero": "851", "tipo__sigla": "PROT", "tipo__descricao": "Protocolo", "autoria": "Guilherme de Lima Braga (Guilherme do Doce)", "texto_original": "http://sapl.pedroleopoldo.mg.leg.br/media/", "ementa": "No uso de minhas atribui\u00e7\u00f5es regimentais, indico \u00e0 Excelent\u00edssima Senhora Prefeita solicitar ao setor competente providenciar o servi\u00e7o de patrolamento com cascalho nas ruas, Dezenove, Vinte, Vinte e Um, Vinte e Dois, Dezoito, Dois,, Tr\u00eas, Quatro, Cinco, Sete, Seis, Vinte e Tr\u00eas, Vinte e Quatro, Oito, Quinze, Dezesseis, Dezessete, Quatorze, Treze, Doze, Nove, Dez, Onze e nas Avenidas Um, Dois e Tr\u00eas, localizadas no bairro Manoel Brand\u00e3o, neste Munic\u00edpio."}, {"id": "22882", "ano": "2023", "numero": "852", "tipo__sigla": "PROT", "tipo__descricao": "Protocolo", "autoria": "Guilherme de Lima Braga (Guilherme do Doce)", "texto_original": "http://sapl.pedroleopoldo.mg.leg.br/media/", "ementa": "No uso de minhas atribui\u00e7\u00f5es regimentais, indico \u00e0 Excelent\u00edssima Senhora Prefeita solicitar ao setor competente providenciar opera\u00e7\u00e3o tapa buracos na rua Washington Luiz Oliveira pr\u00f3ximo ao n\u00famero 172, esquina com a rua Alfredo Barbosa no bairro Felipe Cl\u00e1udio de Sales, neste Munic\u00edpio"}, {"id": "22883", "ano": "2023", "numero": "853", "tipo__sigla": "PROT", "tipo__descricao": "Protocolo", "autoria": "Guilherme de Lima Braga (Guilherme do Doce)", "texto_original": "http://sapl.pedroleopoldo.mg.leg.br/media/", "ementa": "No uso de minhas atribui\u00e7\u00f5es regimentais, indico \u00e0 Excelent\u00edssima Senhora Prefeita solicitar ao setor competente providenciar o servi\u00e7o de patrolamento com cascalho nas ruas, D\u00e1lia, Ort\u00eancia, Yp\u00ea Amarelo e Cervid\u00e3o, localizadas no bairro Quintas de Vera Cruz, neste Munic\u00edpio ."}, {"id": "22884", "ano": "2023", "numero": "854", "tipo__sigla": "PROT", "tipo__descricao": "Protocolo", "autoria": "Rafael Vieira Faria (Rafa)", "texto_original": "http://sapl.pedroleopoldo.mg.leg.br/media/", "ementa": "Venho, no uso de minhas atribui\u00e7\u00f5es, apresentar indica\u00e7\u00e3o, sugerindo ao Poder Executivo o recapeamento da Rua Jo\u00e3o Uriel, Bairro Tapera, Pedro Leopoldo, CEP 33257-496"}, {"id": "22885", "ano": "2023", "numero": "855", "tipo__sigla": "PROT", "tipo__descricao": "Protocolo", "autoria": "Evaldo Geraldo do Carmo (Evaldo do A\u00e7ougue)", "texto_original": "http://sapl.pedroleopoldo.mg.leg.br/media/", "ementa": "No uso de minhas atribui\u00e7\u00f5es regimentais, indico \u00e0 Excelent\u00edssima Senhora Prefeita determinar ao setor competente a instala\u00e7\u00e3o de sinaliza\u00e7\u00e3o com tacha refletiva bidirecional (mini olho de gato), no cruzamento da Rua Vereador Magno Claret Vieira, esquina com a rua Mar\u00e7al Lopes da Silva, no Distrito de Lagoa de Santo Ant\u00f4nio, neste Munic\u00edpio."}, {"id": "22886", "ano": "2023", "numero": "856", "tipo__sigla": "PROT", "tipo__descricao": "Protocolo", "autoria": "Frederico Henrique Cota Alves (Fred Piau)", "texto_original": "http://sapl.pedroleopoldo.mg.leg.br/media/", "ementa": "No uso de minhas atribui\u00e7\u00f5es regimentais, requeiro \u00e0 Excelent\u00edssima Senhora Prefeita informa\u00e7\u00f5es sobre o valor total da obra da pista de skate, o valor conquistado para obra e se houve algum valor de sobra onde e como foi investido"}, {"id": "22887", "ano": "2023", "numero": "857", "tipo__sigla": "PROT", "tipo__descricao": "Protocolo", "autoria": "Rafael Vieira Faria (Rafa)", "texto_original": "http://sapl.pedroleopoldo.mg.leg.br/media/", "ementa": "Considerando a oportunidade de alterar a reda\u00e7\u00e3o da Lei Municipal trazendo-a para os mesmos moldes da Lei Estadual, venho, no uso de minhas atribui\u00e7\u00f5es apresentar indica\u00e7\u00e3o, sugerindo ao Poder Executivo a alterar a reda\u00e7\u00e3o do art. 55 da Lei Municipal n\u00ba 1.812 de 29 de abril de 1992,  visando conceder f\u00e9rias-pr\u00eamio de 03 (tr\u00eas) meses a cada per\u00edodo de 05 (cinco) anos para o servidor ocupante de cargo de provimento efetivo e fun\u00e7\u00e3o p\u00fablica do Munic\u00edpio de Pedro Leopoldo."}, {"id": "22888", "ano": "2023", "numero": "858", "tipo__sigla": "PROT", "tipo__descricao": "Protocolo", "autoria": "Frederico Henrique Cota Alves (Fred Piau)", "texto_original": "http://sapl.pedroleopoldo.mg.leg.br/media/", "ementa": "No uso de minhas atribui\u00e7\u00f5es regimentais, requeiro \u00e0 Excelent\u00edssima Senhora Prefeita informa\u00e7\u00f5es sobre o planejamento urbano para receber mais moradores em nossa cidade, com tantos novos loteamentos, devido \u00e0 crise h\u00eddrica enfrentada, me preocupa como suportaremos o aumento populacional com sa\u00fade, educa\u00e7\u00e3o, saneamento b\u00e1sico e transporte p\u00fablico."}, {"id": "22890", "ano": "2023", "numero": "859", "tipo__sigla": "PROT", "tipo__descricao": "Protocolo", "autoria": "Warlen Alves da Silva", "texto_original": "http://sapl.pedroleopoldo.mg.leg.br/media/", "ementa": "No uso de minhas atribui\u00e7\u00f5es regimentais, indico \u00e0 Excelent\u00edssima Senhora Prefeita determinar ao setor competente, providenciar o servi\u00e7o de reparo ou troca da tampa de bueiro localizado pr\u00f3ximo ao n\u00famero 1975, rua Jo\u00e3o Teodoro da Silva, bairro Donato, neste munic\u00edpio."}, {"id": "22891", "ano": "2023", "numero": "860", "tipo__sigla": "PROT", "tipo__descricao": "Protocolo", "autoria": "Warlen Alves da Silva", "texto_original": "http://sapl.pedroleopoldo.mg.leg.br/media/", "ementa": "No uso de minhas atribui\u00e7\u00f5es regimentais, indico \u00e0 Excelent\u00edssima Senhora Prefeita determinar ao setor competente para que providencie instala\u00e7\u00e3o de placas de sinaliza\u00e7\u00e3o horizontal de faixa de pedestres, pintura de faixa de pedestre e substitui\u00e7\u00e3o de placas que foram danificadas na rua Santos com rua Dr. Rocha, bairro centro, neste mun\u00edcipio."}, {"id": "22892", "ano": "2023", "numero": "861", "tipo__sigla": "PROT", "tipo__descricao": "Protocolo", "autoria": "Warlen Alves da Silva", "texto_original": "http://sapl.pedroleopoldo.mg.leg.br/media/", "ementa": "No uso de minhas atribui\u00e7\u00f5es regimentais, indico \u00e0 Excelent\u00edssima Senhora Prefeita determinar ao setor competente para que providencie instala\u00e7\u00e3o de placas de sinaliza\u00e7\u00e3o horizontal de faixa de pedestres, pintura de faixa de pedestre e substitui\u00e7\u00e3o de placas que foram danificadas na rua Santos com rua Dr. Rocha, bairro centro, neste mun\u00edcipio."}, {"id": "22893", "ano": "2023", "numero": "862", "tipo__sigla": "PROT", "tipo__descricao": "Protocolo", "autoria": "Matheus Utsch de Oliveira", "texto_original": "http://sapl.pedroleopoldo.mg.leg.br/media/", "ementa": "No uso de minhas atribui\u00e7\u00f5es regimentais, requeiro \u00e0 Excelent\u00edssima Senhora Prefeita as informa\u00e7\u00f5es detalhadas sobre os gastos referentes aos contratos de publicidade com empresas terceirizadas at\u00e9 o momento da resposta deste requerimento."}, {"id": "22901", "ano": "2023", "numero": "863", "tipo__sigla": "PROT", "tipo__descricao": "Protocolo", "autoria": "Eldir Jos\u00e9 Batista (Baixinho da Garagem)", "texto_original": "http://sapl.pedroleopoldo.mg.leg.br/media/", "ementa": "No uso de minhas atribui\u00e7\u00f5es regimentais, requeiro \u00e0 Excelent\u00edssima Senhora Prefeita informa\u00e7\u00f5es sobre quantos casos de COVID-19 houveram em Pedro Leopoldo e qual foi a data do \u00faltimo \u00f3bito no Munic\u00edpio."}, {"id": "22902", "ano": "2023", "numero": "864", "tipo__sigla": "PROT", "tipo__descricao": "Protocolo", "autoria": "Leonardo Pereira Ribeiro (Leoz\u00e3o)", "texto_original": "http://sapl.pedroleopoldo.mg.leg.br/media/", "ementa": "VOTO DE PESAR PARA: SR. DIVALDO LOUREN\u00c7O RIBEIRO\r\nENVIAR PARA SUA ESPOSA: SRA. MARIA EUZ\u00c9BIO VIEIRA RIBEIRO\r\nENDERE\u00c7O: RUA VEREADOR MAGNO CLARET VIEIRA N\u00b0 1889\r\nBAIRRO: LAGOA DE SANTO ANT\u00d4NIO \r\nCEP: 33252-380"}, {"id": "22903", "ano": "2023", "numero": "865", "tipo__sigla": "PROT", "tipo__descricao": "Protocolo", "autoria": "Mesa Diretora", "texto_original": "http://sapl.pedroleopoldo.mg.leg.br/media/", "ementa": "Altera o art. 2\u00ba da Resolu\u00e7\u00e3o 870, de 10 de outubro de 2022, que disp\u00f5e sobre o Regimento Interno da C\u00e2mara Municipal de Pedro Leopoldo"}, {"id": "22904", "ano": "2023", "numero": "866", "tipo__sigla": "PROT", "tipo__descricao": "Protocolo", "autoria": "Guilherme de Lima Braga (Guilherme do Doce)", "texto_original": "http://sapl.pedroleopoldo.mg.leg.br/media/", "ementa": "voto de pesar pelo falecimento de Gustavo de Deus Ferreira\r\nenviar para sua m\u00e3e Marlene Ant\u00f4nia de Deus Ferreira\r\nendere\u00e7o Rua Camilo Alves n\u00famero 866 Dom Camilo"}, {"id": "22905", "ano": "2023", "numero": "867", "tipo__sigla": "PROT", "tipo__descricao": "Protocolo", "autoria": "Guilherme de Lima Braga (Guilherme do Doce)", "texto_original": "http://sapl.pedroleopoldo.mg.leg.br/media/", "ementa": "voto de pesar pelo falecimento de Adriano Faria Caldas\r\nenviar para sua esposa Fernanda Viana Costa\r\nendere\u00e7o Rua Domingos Sorrentino n\u00famero 29A Santo Ant\u00f4nio da Barra 33257-046"}, {"id": "22906", "ano": "2023", "numero": "868", "tipo__sigla": "PROT", "tipo__descricao": "Protocolo", "autoria": "Matheus Utsch de Oliveira", "texto_original": "http://sapl.pedroleopoldo.mg.leg.br/media/", "ementa": "Concede T\u00edtulo de Cidadania Honor\u00e1ria de Pedro Leopoldo ao Sr. Alo\u00edsio Vila\u00e7a Constantino."}, {"id": "22907", "ano": "2023", "numero": "869", "tipo__sigla": "PROT", "tipo__descricao": "Protocolo", "autoria": "Frederico Henrique Cota Alves (Fred Piau)", "texto_original": "http://sapl.pedroleopoldo.mg.leg.br/media/", "ementa": "Concede T\u00edtulo de Cidadania Honor\u00e1ria \u00e0 F\u00e1tima Maria Lana Diniz."}, {"id": "22908", "ano": "2023", "numero": "870", "tipo__sigla": "PROT", "tipo__descricao": "Protocolo", "autoria": "Executivo", "texto_original": "http://sapl.pedroleopoldo.mg.leg.br/media/", "ementa": "Institui o Servi\u00e7o de Inspe\u00e7\u00e3o Municipal e d\u00e1 outras provid\u00eancias."}, {"id": "22909", "ano": "2023", "numero": "871", "tipo__sigla": "PROT", "tipo__descricao": "Protocolo", "autoria": "Mesa Diretora", "texto_original": "http://sapl.pedroleopoldo.mg.leg.br/media/", "ementa": "Revoga a Resolu\u00e7\u00e3o n\u00ba 406, de 02 de julho de 1998."}, {"id": "22928", "ano": "2023", "numero": "872", "tipo__sigla": "PROT", "tipo__descricao": "Protocolo", "autoria": "Mauro J\u00fanior Lopes Francisco", "texto_original": "http://sapl.pedroleopoldo.mg.leg.br/media/", "ementa": "No uso de minhas atribui\u00e7\u00f5es regimentais, indico \u00e0 Excelent\u00edssima Senhora Prefeita determinar ao setor competente providenciar opera\u00e7\u00e3o tapa buracos na rua V\u00e1rzea Formosa (em frente a Funda\u00e7\u00e3o Jos\u00e9 Hil\u00e1rio), no distrito de Vera Cruz de Minas."}, {"id": "22929", "ano": "2023", "numero": "873", "tipo__sigla": "PROT", "tipo__descricao": "Protocolo", "autoria": "Matheus Utsch de Oliveira", "texto_original": "http://sapl.pedroleopoldo.mg.leg.br/media/", "ementa": "No uso de minhas atribui\u00e7\u00f5es regimentais, requeiro \u00e0 Excelent\u00edssima Senhora Prefeita as informa\u00e7\u00f5es sobre qual a situa\u00e7\u00e3o atual do Conselho do Idoso e previs\u00e3o de elei\u00e7\u00e3o para novos conselheiros."}, {"id": "22930", "ano": "2023", "numero": "874", "tipo__sigla": "PROT", "tipo__descricao": "Protocolo", "autoria": "Rafael Vieira Faria (Rafa)", "texto_original": "http://sapl.pedroleopoldo.mg.leg.br/media/", "ementa": "Venho, no uso de minhas atribui\u00e7\u00f5es, apresentar indica\u00e7\u00e3o, sugerindo ao Poder Executivo instalar uma faixa de pedestres na Rua Dr. Rocha, pr\u00f3ximo ao numero 1305, bairro Centro de Pedro Leopoldo."}, {"id": "22931", "ano": "2023", "numero": "875", "tipo__sigla": "PROT", "tipo__descricao": "Protocolo", "autoria": "Cynthia Salom\u00e3o Bastos Faria", "texto_original": "http://sapl.pedroleopoldo.mg.leg.br/media/", "ementa": "Indica \u00e0 Excelent\u00edssima Senhora Prefeita, determinar ao setor competente realizar a retirada de entulho, das Ruas Sergipe, S\u00e3o Paulo, Bras\u00edlia, Palestina esquina com Belo Horizonte, Independente, Joaquim Marcelino Filho, Urbano Pereira da Concei\u00e7\u00e3o, Pacifico Rodrigues, Raimundo Rafael dos Anjos(Cerrado), Ant\u00f4nio Jo\u00e3o Salom\u00e3o, Palmeiras, Geralda Marina Toledo, Manuel Rodrigues, Belo Horizonte, S\u00e3o Vicente, Jo\u00e3o Gon\u00e7alves, Uberl\u00e2ndia, em Fidalgo, neste Munic\u00edpio"}, {"id": "22932", "ano": "2023", "numero": "876", "tipo__sigla": "PROT", "tipo__descricao": "Protocolo", "autoria": "Matheus Utsch de Oliveira", "texto_original": "http://sapl.pedroleopoldo.mg.leg.br/media/", "ementa": "No uso de minhas atribui\u00e7\u00f5es regimentais, requeiro \u00e0 Excelent\u00edssima Senhora Prefeita as informa\u00e7\u00f5es sobre o \u00faltimo TAC assinado com a ASCAPEL e os recibos de contrapartidas financeiras e cumprimento do TAC de 2021 a 2023"}, {"id": "22933", "ano": "2023", "numero": "877", "tipo__sigla": "PROT", "tipo__descricao": "Protocolo", "autoria": "Cynthia Salom\u00e3o Bastos Faria", "texto_original": "http://sapl.pedroleopoldo.mg.leg.br/media/", "ementa": "Indica \u00e0 Excelent\u00edssima Senhora Prefeita, determinar ao setor competente a realizar capina e limpeza nas ruas: Adalto Parreiras de Moraes,Altino Martins, Amap\u00e1, Amaro Pereira da Concei\u00e7\u00e3o, Antonio jo\u00e3o Salom\u00e3o, Belo Horizonte, Brasilia, Contorno, Ribeira, Vargem, Palmeiras, Evangelista,Fern\u00e3o Dias, Geraldda Marina Toledo,Goias, Helca Leandro Martins, Herculano Soares Oliveira, Independente, Jair Martins, Jo\u00e3o Gon\u00e7alves, Jo\u00e3o Milit\u00e3o, Martins, Joaquim Marcelino, Manoel Rodrigues, Martins, Nosas Senhora da Concei\u00e7\u00e3o, Pacifico Rdrigues, Palestina, Paran\u00e1, Pedro Candido,Raimundo Rafael dos Anjos, Rainha das Flores,Roberto Belis\u00e1rio Viana, Salvador, Santa luzia, S\u00e3o Benedito, S\u00e3o Jos\u00e9, S\u00e3o Paulo, S\u00e3o Paulo, Sa\u00f5 Vicente, Sergipe, Tranquilino de Bastos, Uberlandia e Pra\u00e7a Jos\u00e9 Pereira da Concei\u00e7\u00e3o em Fidalgo neste Municipio."}, {"id": "22935", "ano": "2023", "numero": "878", "tipo__sigla": "PROT", "tipo__descricao": "Protocolo", "autoria": "Warlen Alves da Silva", "texto_original": "http://sapl.pedroleopoldo.mg.leg.br/media/", "ementa": "No uso de minhas atribui\u00e7\u00f5es regimentais, indico \u00e0 Excelent\u00edssima Senhora Prefeita determinar ao setor competente, providenciar garrafas t\u00e9rmicas de cinco litros para armazenar \u00e1gua pot\u00e1vel e soro de hidrata\u00e7\u00e3o (cloreto de s\u00f3dio 0,9%), para os colaboradores da empresa VINA e SECRETARIA DE OBRAS DO MUNIC\u00cdPIO."}, {"id": "22936", "ano": "2023", "numero": "879", "tipo__sigla": "PROT", "tipo__descricao": "Protocolo", "autoria": "Rafael Vieira Faria (Rafa)", "texto_original": "http://sapl.pedroleopoldo.mg.leg.br/media/", "ementa": "Venho, no uso de minhas atribui\u00e7\u00f5es regimentais, apresentar indica\u00e7\u00e3o, sugerindo ao Poder Executivo, a Realiza\u00e7\u00e3o de um estudo t\u00e9cnico visando instalar uma faixa elevada para pedestres na Rua An\u00e9lio Caldas, pr\u00f3ximo ao n\u00famero 124, centro de Pedro Leopoldo, CEP 33250-072, visando tornar o tr\u00e1fego de pessoas a p\u00e9 mais seguro."}, {"id": "22937", "ano": "2023", "numero": "880", "tipo__sigla": "PROT", "tipo__descricao": "Protocolo", "autoria": "Frederico Henrique Cota Alves (Fred Piau)", "texto_original": "http://sapl.pedroleopoldo.mg.leg.br/media/", "ementa": "No uso de minhas atribui\u00e7\u00f5es regimentais, indico \u00e0 Excelent\u00edssima Senhora Prefeita determinar ao setor competente estudos de: velocidade permitida, bem como instala\u00e7\u00e3o de \u201colho vivo\u201d, faixas elevadas para travessia de pedestres e, se necess\u00e1rio, instala\u00e7\u00e3o de redutores de velocidade na Rua Paranaiara, sugiro nas alturas dos n\u00fameros 215, 415, no Bairro Andiara, neste munic\u00edpio."}, {"id": "22938", "ano": "2023", "numero": "881", "tipo__sigla": "PROT", "tipo__descricao": "Protocolo", "autoria": "Frederico Henrique Cota Alves (Fred Piau)", "texto_original": "http://sapl.pedroleopoldo.mg.leg.br/media/", "ementa": "No uso de minhas atribui\u00e7\u00f5es regimentais, indico \u00e0 Excelent\u00edssima Senhora Prefeita determinar ao setor competente um estudo para instala\u00e7\u00e3o de redutores de velocidade (quebra-molas) nas ruas do bairro Santa F\u00e9 (Rua das Violetas, Margaridas, Orqu\u00eddeas, Azal\u00e9ias, Rosas e refor\u00e7o o pedido anterior para rua Joaquim Caetano)."}, {"id": "22939", "ano": "2023", "numero": "882", "tipo__sigla": "PROT", "tipo__descricao": "Protocolo", "autoria": "Frederico Henrique Cota Alves (Fred Piau)", "texto_original": "http://sapl.pedroleopoldo.mg.leg.br/media/", "ementa": "No uso de minhas atribui\u00e7\u00f5es regimentais, indico \u00e0 Excelent\u00edssima Senhora Prefeita determinar ao setor competente, fiscalizar uma carreta vermelha que fica estacionada na rua Rivad\u00e1via, esquina com rua Jo\u00e3o Aleixo, sentido Dr. Lund, no Bairro Santa Rita, neste Munic\u00edpio."}, {"id": "22940", "ano": "2023", "numero": "883", "tipo__sigla": "PROT", "tipo__descricao": "Protocolo", "autoria": "Frederico Henrique Cota Alves (Fred Piau)", "texto_original": "http://sapl.pedroleopoldo.mg.leg.br/media/", "ementa": "No uso de minhas atribui\u00e7\u00f5es regimentais, indico \u00e0 Excelent\u00edssima Senhora Prefeita determinar ao setor competente, realizar um estudo para verificar a possibilidade de constru\u00e7\u00e3o de mais uma creche que atenda a popula\u00e7\u00e3o da zona Norte da cidade, sugiro que seja entre o bairro Dom Camilo e Ad\u00e9lia Issa, neste Munic\u00edpio."}, {"id": "22941", "ano": "2023", "numero": "884", "tipo__sigla": "PROT", "tipo__descricao": "Protocolo", "autoria": "Frederico Henrique Cota Alves (Fred Piau)", "texto_original": "http://sapl.pedroleopoldo.mg.leg.br/media/", "ementa": "No uso de minhas atribui\u00e7\u00f5es regimentais, indico \u00e0 Excelent\u00edssima Senhora Prefeita determinar ao setor competente realizar a limpeza e capina nas Ruas Ubiratan Viana, Iracema Viana, Jos\u00e9 Nicolau Filho, Jornalista Nicolau Neto, An\u00e1lia Nery, Murilo Teixeira, Helenice Hermeto Costa e Av Riachinho, no bairro Portal das Ac\u00e1cias, neste Munic\u00edpio."}, {"id": "22948", "ano": "2023", "numero": "885", "tipo__sigla": "PROT", "tipo__descricao": "Protocolo", "autoria": "Frederico Henrique Cota Alves (Fred Piau)", "texto_original": "http://sapl.pedroleopoldo.mg.leg.br/media/", "ementa": "No uso de minhas atribui\u00e7\u00f5es regimentais, indico \u00e0 Excelent\u00edssima Senhora Prefeita determinar ao setor competente a constru\u00e7\u00e3o de uma barragem de conten\u00e7\u00e3o pr\u00f3ximo \u00e0 pista de cooper, na Av R\u00f4mulo Joviano."}, {"id": "22949", "ano": "2023", "numero": "886", "tipo__sigla": "PROT", "tipo__descricao": "Protocolo", "autoria": "Leonardo Pereira Ribeiro (Leoz\u00e3o)", "texto_original": "http://sapl.pedroleopoldo.mg.leg.br/media/", "ementa": "VOTO DE PESAR:  SR JULIO C\u00c9SAR COELHO \r\nENVIAR PARA SUA ESPOSA:  RITA DE F\u00c1TIMA SANTOS\r\nENDERE\u00c7O:  AV. HEITOR CL\u00c1UDIO DE SALES, N\u00b0628. \r\nBAIRRO:  FELIPE CL\u00c1UDEO DE SALES.CEP: 33252000"}, {"id": "22950", "ano": "2023", "numero": "887", "tipo__sigla": "PROT", "tipo__descricao": "Protocolo", "autoria": "Guilherme de Lima Braga (Guilherme do Doce)", "texto_original": "http://sapl.pedroleopoldo.mg.leg.br/media/", "ementa": "No uso de minhas atribui\u00e7\u00f5es regimentais, indico \u00e0 Excelent\u00edssima Senhora Prefeita determinar ao setor competente providenciar o servi\u00e7o de pavimenta\u00e7\u00e3o asf\u00e1ltica na rua Duarte no distrito de Vera Cruz de Minas, neste Munic\u00edpio."}, {"id": "22951", "ano": "2023", "numero": "888", "tipo__sigla": "PROT", "tipo__descricao": "Protocolo", "autoria": "Guilherme de Lima Braga (Guilherme do Doce)", "texto_original": "http://sapl.pedroleopoldo.mg.leg.br/media/", "ementa": "No uso de minhas atribui\u00e7\u00f5es regimentais, indico \u00e0 Excelent\u00edssima Senhora Prefeita determinar ao setor competente providenciar a pintura de uma faixa de pedestres em frente \u00e0 Escola Municipal Alice Lobato, na rua Rosalino Maria da Silva, n\u00ba 109, localizada no Conjunto Habitacional Romero de Carvalho, neste Munic\u00edpio."}, {"id": "22952", "ano": "2023", "numero": "889", "tipo__sigla": "PROT", "tipo__descricao": "Protocolo", "autoria": "Cynthia Salom\u00e3o Bastos Faria", "texto_original": "http://sapl.pedroleopoldo.mg.leg.br/media/", "ementa": "Voto de pesar pelo falecimento do Sr. Agenor Martins Filho\r\nPara sua esposa Mariza Eduardo Martins e familiares\r\nEndere\u00e7o: Rua Ant\u00f4nio Jo\u00e3o Salom\u00e3o, 111 - Fidalgo - PL/MG\r\nCEP: 33253-028"}, {"id": "22953", "ano": "2023", "numero": "890", "tipo__sigla": "PROT", "tipo__descricao": "Protocolo", "autoria": "Evaldo Geraldo do Carmo (Evaldo do A\u00e7ougue)", "texto_original": "http://sapl.pedroleopoldo.mg.leg.br/media/", "ementa": "No uso de minhas atribui\u00e7\u00f5es regimentais, indico \u00e0 Excelent\u00edssima Senhora Prefeita determinar ao setor competente para que providencie uma grade na rede de agua pluvial na rua Joaquim Batista de Azevedo, em frente ao n\u00famero 301, no Distrito de Lagoa de Santo Ant\u00f4nio, com urg\u00eancia, pois a rua esta cedendo e em \u00e9poca de chuva est\u00e1 entrando \u00e1gua nas casa."}, {"id": "22954", "ano": "2023", "numero": "891", "tipo__sigla": "PROT", "tipo__descricao": "Protocolo", "autoria": "Evaldo Geraldo do Carmo (Evaldo do A\u00e7ougue)", "texto_original": "http://sapl.pedroleopoldo.mg.leg.br/media/", "ementa": "No uso de minhas atribui\u00e7\u00f5es regimentais, indico \u00e0 Excelent\u00edssima Senhora Prefeita determinar ao setor competente o reparo no asfalto da Rua Jos\u00e9 Justino dos Reis, bairro Dom Camilo em frente do n\u00famero 259, onde o asfalto est\u00e1 cedendo."}, {"id": "22955", "ano": "2023", "numero": "892", "tipo__sigla": "PROT", "tipo__descricao": "Protocolo", "autoria": "Evaldo Geraldo do Carmo (Evaldo do A\u00e7ougue)", "texto_original": "http://sapl.pedroleopoldo.mg.leg.br/media/", "ementa": "No uso de minhas atribui\u00e7\u00f5es regimentais, indico ao Excelent\u00edssimo Senhor Prefeito determinar ao setor competente providenciar a instala\u00e7\u00e3o de uma grade de rede pluvial na Rua Joaquim Caetano com esquina na Rua Cruzeiro, no Bairro Santa F\u00e9.."}, {"id": "22956", "ano": "2023", "numero": "893", "tipo__sigla": "PROT", "tipo__descricao": "Protocolo", "autoria": "Warlen Alves da Silva", "texto_original": "http://sapl.pedroleopoldo.mg.leg.br/media/", "ementa": "No uso de minhas atribui\u00e7\u00f5es regimentais, indico \u00e0 Excelent\u00edssima Senhora Prefeita determinar ao setor competente para que providencie o patrolamento em toda extens\u00e3o da Rua Floresta, bairro Quinta do Sumidouro, neste munic\u00edpio."}, {"id": "22971", "ano": "2023", "numero": "894", "tipo__sigla": "PROT", "tipo__descricao": "Protocolo", "autoria": "Frederico Henrique Cota Alves (Fred Piau)", "texto_original": "http://sapl.pedroleopoldo.mg.leg.br/media/", "ementa": "No uso de minhas atribui\u00e7\u00f5es, indico \u00e0 Excelent\u00edssima Senhora Prefeita determinar ao setor competente ampliar os atendimentos nas UBS's do Bairro Morada dos Anjicos e Ad\u00e9lia Issa, pois os moradores est\u00e3o reclamando do pouco atendimento m\u00e9dico."}, {"id": "22973", "ano": "2023", "numero": "895", "tipo__sigla": "PROT", "tipo__descricao": "Protocolo", "autoria": "Frederico Henrique Cota Alves (Fred Piau)", "texto_original": "http://sapl.pedroleopoldo.mg.leg.br/media/", "ementa": "No uso de minhas atribui\u00e7\u00f5es regimentais, indico \u00e0 Excelent\u00edssima Senhora Prefeita determinar ao setor competente um treinamento para os funcion\u00e1rios das UBS's, bem como ter uma caixinha de avalia\u00e7\u00f5es dos funcion\u00e1rios."}, {"id": "22974", "ano": "2023", "numero": "896", "tipo__sigla": "PROT", "tipo__descricao": "Protocolo", "autoria": "Frederico Henrique Cota Alves (Fred Piau)", "texto_original": "http://sapl.pedroleopoldo.mg.leg.br/media/", "ementa": "No uso de minhas atribui\u00e7\u00f5es regimentais, indico \u00e0 Excelent\u00edssima Senhora Prefeita, determinar ao setor competente, estudar a possibilidade de altera\u00e7\u00e3o do hor\u00e1rio de limpeza do Terminal Rodovi\u00e1rio do Munic\u00edpio, quando houver menor fluxo de pessoas."}, {"id": "22975", "ano": "2023", "numero": "897", "tipo__sigla": "PROT", "tipo__descricao": "Protocolo", "autoria": "Guilherme de Lima Braga (Guilherme do Doce)", "texto_original": "http://sapl.pedroleopoldo.mg.leg.br/media/", "ementa": "No uso de minhas atribui\u00e7\u00f5es regimentais, indico \u00e0 Excelent\u00edssima Senhora Prefeita solicitar ao setor competente providenciar o servi\u00e7o de recapeamento asf\u00e1ltico na rua Francisco Cardoso Pereira, localizada no Conjunto Habitacional Romero de Carvalho, neste Munic\u00edpio"}, {"id": "22977", "ano": "2023", "numero": "898", "tipo__sigla": "PROT", "tipo__descricao": "Protocolo", "autoria": "Guilherme de Lima Braga (Guilherme do Doce)", "texto_original": "http://sapl.pedroleopoldo.mg.leg.br/media/", "ementa": "No uso de minhas atribui\u00e7\u00f5es regimentais, indico \u00e0 Excelent\u00edssima Senhora Prefeita solicitar ao setor competente a instala\u00e7\u00e3o de um redutor de velocidade (quebra-molas) na rua Joaquim Batista dos Santos, pr\u00f3ximo ao n\u00famero 230, esquina com a rua Jo\u00e3o Ant\u00f4nio Pereira, localizada no bairro Teot\u00f4nio Batista de Freitas,  neste Munic\u00edpio."}, {"id": "22978", "ano": "2023", "numero": "899", "tipo__sigla": "PROT", "tipo__descricao": "Protocolo", "autoria": "Frederico Henrique Cota Alves (Fred Piau)", "texto_original": "http://sapl.pedroleopoldo.mg.leg.br/media/", "ementa": "No uso de minhas atribui\u00e7\u00f5es regimentais, indico \u00e0 Excelent\u00edssima Senhora Prefeita determinar ao setor competente um estudo para constru\u00e7\u00e3o de uma barreira de conten\u00e7\u00e3o na Av. Camilo Alves da Silva, 2.685, neste Munic\u00edpio"}, {"id": "22979", "ano": "2023", "numero": "900", "tipo__sigla": "PROT", "tipo__descricao": "Protocolo", "autoria": "Mauro J\u00fanior Lopes Francisco", "texto_original": "http://sapl.pedroleopoldo.mg.leg.br/media/", "ementa": "Altera a ementa e o art. 1\u00ba da Resolu\u00e7\u00e3o n\u00ba 106, de 21 de maio de 1987, que: \"Limita a concess\u00e3o de Diploma de Honra ao M\u00e9rito\"."}, {"id": "22980", "ano": "2023", "numero": "901", "tipo__sigla": "PROT", "tipo__descricao": "Protocolo", "autoria": "Mesa Diretora", "texto_original": "http://sapl.pedroleopoldo.mg.leg.br/media/", "ementa": "Altera a ementa e o art. 6\u00ba da Resolu\u00e7\u00e3o n\u00ba 656 de 16 de mar\u00e7o de 2009 que: \u201cInstitui o sistema de concess\u00e3o de bolsas de est\u00e1gio pela C\u00e2mara Municipal de Pedro Leopoldo a estudantes de n\u00edvel superior e d\u00e1 outras provid\u00eancias\u201d."}, {"id": "22981", "ano": "2023", "numero": "902", "tipo__sigla": "PROT", "tipo__descricao": "Protocolo", "autoria": "Frederico Henrique Cota Alves (Fred Piau)", "texto_original": "http://sapl.pedroleopoldo.mg.leg.br/media/", "ementa": "No uso de minhas atribui\u00e7\u00f5es regimentais, indico \u00e0 Excelent\u00edssima Senhora Prefeita determinar ao setor competente um estudo Rua Senador Melo Viana, na altura do n\u00famero 746 A, para melhorias no escoamento pluvial e limpeza de bueiros."}, {"id": "22982", "ano": "2023", "numero": "903", "tipo__sigla": "PROT", "tipo__descricao": "Protocolo", "autoria": "Frederico Henrique Cota Alves (Fred Piau)", "texto_original": "http://sapl.pedroleopoldo.mg.leg.br/media/", "ementa": "No uso de minhas atribui\u00e7\u00f5es regimentais, indico conceder Mo\u00e7\u00e3o de Parab\u00e9ns ao Pedro Leopoldo Futebol Clube, pela conquista do Campeonato Amador de Pedro Leopoldo, edi\u00e7\u00e3o 2023."}, {"id": "22983", "ano": "2023", "numero": "904", "tipo__sigla": "PROT", "tipo__descricao": "Protocolo", "autoria": "Cynthia Salom\u00e3o Bastos Faria", "texto_original": "http://sapl.pedroleopoldo.mg.leg.br/media/", "ementa": "Voto de pesar pelo falecimento do Sra. Maria Jos\u00e9 Fonseca\r\n\r\nPara sua filha Simone Cristina da Costa Eduardo, irm\u00e3os e demais familiares\r\nEndere\u00e7o: Rua Amaro Pereira da Concei\u00e7\u00e3o, 50 - Fidalgo - PL/MG\r\nCEP: 33253-038\r\n\r\nPara sua irm\u00e3 Elenir da Fonseca, irm\u00e3os e demais familiares\r\nEndere\u00e7o: Rua Helca Leandro Martins, 313 - Fidalgo - PL/MG\r\nCEP: 33253-060"}, {"id": "22984", "ano": "2023", "numero": "905", "tipo__sigla": "PROT", "tipo__descricao": "Protocolo", "autoria": "Cynthia Salom\u00e3o Bastos Faria", "texto_original": "http://sapl.pedroleopoldo.mg.leg.br/media/", "ementa": "VOTO PESAR PELO FALECIMENTO DO SR. JO\u00c3O BATISTA DOS REIS (SR. REIS)"}, {"id": "22985", "ano": "2023", "numero": "906", "tipo__sigla": "PROT", "tipo__descricao": "Protocolo", "autoria": "Leonardo Pereira Ribeiro (Leoz\u00e3o)", "texto_original": "http://sapl.pedroleopoldo.mg.leg.br/media/", "ementa": "VOTO DE P\u00caSAR:  SR. FERNANDES LUIZ ROBERTO DE PAULA \r\nENVIAR PARA SUA ESPOSA:  ALEXSANDRA CRISTINA ROBERTO \r\nENDERE\u00c7O: RUA JOS\u00c9 BISPO PEREIRA, N\u00b014 \r\nBAIRRO: LAGOA DE SANTO ANT\u00d4NIO CEP33.252-250"}, {"id": "22986", "ano": "2023", "numero": "907", "tipo__sigla": "PROT", "tipo__descricao": "Protocolo", "autoria": "Leonardo Pereira Ribeiro (Leoz\u00e3o)", "texto_original": "http://sapl.pedroleopoldo.mg.leg.br/media/", "ementa": "Emenda Parlamentar Aditiva ao Projeto de Lei n\u00ba 72/2023, que disp\u00f5e sobre a Lei Or\u00e7ament\u00e1ria Anual para o exerc\u00edcio financeiro de 2024."}, {"id": "22993", "ano": "2023", "numero": "908", "tipo__sigla": "PROT", "tipo__descricao": "Protocolo", "autoria": "Warlen Alves da Silva", "texto_original": "http://sapl.pedroleopoldo.mg.leg.br/media/", "ementa": "No uso de minhas atribui\u00e7\u00f5es regimentais, indico \u00e0 Excelent\u00edssima Senhora Prefeita determinar ao setor competente para que providencie opera\u00e7\u00e3o tapa buraco em toda extens\u00e3o da Avenida Via Norte, no bairro Andiara, neste munic\u00edpio."}, {"id": "22995", "ano": "2023", "numero": "909", "tipo__sigla": "PROT", "tipo__descricao": "Protocolo", "autoria": "Warlen Alves da Silva", "texto_original": "http://sapl.pedroleopoldo.mg.leg.br/media/", "ementa": "No uso de minhas atribui\u00e7\u00f5es regimentais, indico \u00e0 Excelent\u00edssima Senhora Prefeita determinar ao setor competente para que providencie o recapeamento asf\u00e1ltico em toda extens\u00e3o da Avenida Via Norte, bairro Andiara, neste munic\u00edpio"}, {"id": "22996", "ano": "2023", "numero": "910", "tipo__sigla": "PROT", "tipo__descricao": "Protocolo", "autoria": "Cynthia Salom\u00e3o Bastos Faria", "texto_original": "http://sapl.pedroleopoldo.mg.leg.br/media/", "ementa": "No uso de minhas atribui\u00e7\u00f5es regimentais, indico \u00e0 Excelent\u00edssima Senhora Prefeita, determinar ao setor competente, realizar a instala\u00e7\u00e3o de rede de \u00e1gua pluvial em toda extens\u00e3o da Rua S\u00e3o Paulo em Fidalgo, neste Munic\u00edpio."}, {"id": "23004", "ano": "2023", "numero": "911", "tipo__sigla": "PROT", "tipo__descricao": "Protocolo", "autoria": "Frederico Henrique Cota Alves (Fred Piau)", "texto_original": "http://sapl.pedroleopoldo.mg.leg.br/media/", "ementa": "No uso de minhas atribui\u00e7\u00f5es regimentais, requeiro \u00e0 Excelent\u00edssima Senhora Prefeita informa\u00e7\u00f5es sobre queimadas constantes que acontecem dentro da Secretaria de Obras do munic\u00edpio de Pedro Leopoldo. Quem \u00e9 o respons\u00e1vel e quem autorizou esta pr\u00e1tica dentro da Secretaria de Obra, caso esteja acontecendo, de fato?"}, {"id": "23005", "ano": "2023", "numero": "912", "tipo__sigla": "PROT", "tipo__descricao": "Protocolo", "autoria": "Matheus Utsch de Oliveira", "texto_original": "http://sapl.pedroleopoldo.mg.leg.br/media/", "ementa": "No uso de minhas atribui\u00e7\u00f5es regimentais, requeiro \u00e0 Excelent\u00edssima Senhora Prefeita o documento do estudo preliminar apresentado pela UFMG no Centro de Artes e Esportes Unificados - CEU."}, {"id": "23006", "ano": "2023", "numero": "913", "tipo__sigla": "PROT", "tipo__descricao": "Protocolo", "autoria": "Guilherme de Lima Braga (Guilherme do Doce)", "texto_original": "http://sapl.pedroleopoldo.mg.leg.br/media/", "ementa": "No uso de minhas atribui\u00e7\u00f5es regimentais, indico \u00e0 Vossa Excel\u00eancia conceder Mo\u00e7\u00e3o de Parab\u00e9ns ao Senhor Deivison Tiago Freitas Ramos .\r\nDigno de tal homenagem pelo seu brilhantismo trabalho na condu\u00e7\u00e3o da empresa Sertub Industria e Com\u00e9rcio Ltda e por ser atuante no cen\u00e1rio da economia de Pedro Leopoldo."}, {"id": "23007", "ano": "2023", "numero": "914", "tipo__sigla": "PROT", "tipo__descricao": "Protocolo", "autoria": "Matheus Utsch de Oliveira", "texto_original": "http://sapl.pedroleopoldo.mg.leg.br/media/", "ementa": "Adiciona ao Projeto de Lei n.\u00ba 72/2023, onde couber, a seguinte prioridade."}, {"id": "23008", "ano": "2023", "numero": "915", "tipo__sigla": "PROT", "tipo__descricao": "Protocolo", "autoria": "Frederico Henrique Cota Alves (Fred Piau)", "texto_original": "http://sapl.pedroleopoldo.mg.leg.br/media/", "ementa": "No uso de minhas atribui\u00e7\u00f5es regimentais, requeiro \u00e0 Excelent\u00edssima Senhora Prefeita informa\u00e7\u00f5es sobre quais estudos est\u00e3o sendo feitos para melhoria da mobilidade urbana, recupera\u00e7\u00e3o de ciclovias (Adelia Issa, Campinho e Dr Lund), bem como a amplia\u00e7\u00e3o das ciclovias em nosso Munic\u00edpio. Al\u00e9m disso, requeiro informa\u00e7\u00f5es sobre como est\u00e3o sendo feitas as fiscaliza\u00e7\u00f5es e puni\u00e7\u00f5es para os condutores que estacionam sobre as ciclovias."}, {"id": "23009", "ano": "2023", "numero": "916", "tipo__sigla": "PROT", "tipo__descricao": "Protocolo", "autoria": "Frederico Henrique Cota Alves (Fred Piau)", "texto_original": "http://sapl.pedroleopoldo.mg.leg.br/media/", "ementa": "Concede T\u00edtulo de Cidadania Honor\u00e1ria a M\u00e1rio Helen Ramon Ponchon."}, {"id": "23010", "ano": "2023", "numero": "917", "tipo__sigla": "PROT", "tipo__descricao": "Protocolo", "autoria": "Cynthia Salom\u00e3o Bastos Faria", "texto_original": "http://sapl.pedroleopoldo.mg.leg.br/media/", "ementa": "Garantir o atendimento priorit\u00e1rio e a acessibilidade de pessoas com obesidade, obesidade severa ou obesidade m\u00f3rbida aos servi\u00e7os dos estabelecimentos banc\u00e1rios, comerciais, \u00f3rg\u00e3os p\u00fablicos e outros servi\u00e7os que importem em atendimento atrav\u00e9s de filas, senhas ou outros m\u00e9todos similares."}, {"id": "23011", "ano": "2023", "numero": "918", "tipo__sigla": "PROT", "tipo__descricao": "Protocolo", "autoria": "Cynthia Salom\u00e3o Bastos Faria", "texto_original": "http://sapl.pedroleopoldo.mg.leg.br/media/", "ementa": "indica \u00e0 Excelent\u00edssima Senhora Prefeita, determinar ao setor competente a realizar capina e limpeza nas ruas, Agenor Pio, Alice dos Anjos, Altino Leles Tavares, Ant\u00f4nio, Ant\u00f4nio Rodrigues (Beco de Servid\u00e3o), Descida da Lapinha ( Estrada do Jaque), Rua da Mangueira, Rua do Cedro, Divino Esp\u00edrito Santo, Em\u00edlio Gon\u00e7alves, F\u00e1bio Marques Pereira, Pra\u00e7a Fern\u00e3o Dias, rua Fern\u00e3o Dias,  Floresta, Herculano Soares Oliveira, Jo\u00e3o Teodoro, Joaquim Marcelino Filho, Jos\u00e9 Ambr\u00f3sio, Jos\u00e9 Martins Sobrinho, Jos\u00e9 Pereira da Concei\u00e7\u00e3o, Nossa Senhora das Dores, Nossa Senhora do Ros\u00e1rio, Olhos D`\u00e1gua, Matoso , Ant\u00f4nio Antunes,  Rio das Velhas, Vargem do Moreira, Maria Pereira Rodrigues (Maria Rodrigues), Jos\u00e9 Mineiro, \u00canio Pereira, Guilhermina Antunes, Marcelino Pereira, Jos\u00e9 Pereira Antunes, Nossa Senhora da Piedade, Edna Pereira (Elo\u00edna Pereira), Ant\u00f4nio Ladislau Costa, Noraldino Almeida, Rua do Ros\u00e1rio, F\u00e1bio Marques Pereira, Nossa senhora da Piedade. No bairro Quinta do Sumidouro, neste Munic\u00edpio."}, {"id": "23012", "ano": "2023", "numero": "919", "tipo__sigla": "PROT", "tipo__descricao": "Protocolo", "autoria": "Evaldo Geraldo do Carmo (Evaldo do A\u00e7ougue)", "texto_original": "http://sapl.pedroleopoldo.mg.leg.br/media/", "ementa": "No uso de minhas atribui\u00e7\u00f5es regimentais, indico \u00e0 Excelent\u00edssima Senhora Prefeita determinar ao setor competente, apresentar o projeto \u201cSem\u00e1foro do Toque\u201d dentro das escolas do Munic\u00edpio."}, {"id": "23013", "ano": "2023", "numero": "920", "tipo__sigla": "PROT", "tipo__descricao": "Protocolo", "autoria": "Leonardo Pereira Ribeiro (Leoz\u00e3o)", "texto_original": "http://sapl.pedroleopoldo.mg.leg.br/media/", "ementa": "Institui o \u00faltimo domingo do m\u00eas de maio,  o  Dia   Do  Tropeiro no munic\u00edpio de Pedro Leopoldo MG e da   outras   Provid\u00eancias."}, {"id": "23014", "ano": "2023", "numero": "921", "tipo__sigla": "PROT", "tipo__descricao": "Protocolo", "autoria": "Warlen Alves da Silva", "texto_original": "http://sapl.pedroleopoldo.mg.leg.br/media/", "ementa": "EMENDA PARLAMENTAR ADITIVA N\u00b0__\r\nAO PROJETO DE LEI N\u00b0 72/2023"}, {"id": "23015", "ano": "2023", "numero": "922", "tipo__sigla": "PROT", "tipo__descricao": "Protocolo", "autoria": "Leonardo Pereira Ribeiro (Leoz\u00e3o)", "texto_original": "http://sapl.pedroleopoldo.mg.leg.br/media/", "ementa": "No uso de minhas atribui\u00e7\u00f5es regimentais, indico a Excelent\u00edssima Sra Prefeita, determinar ao \u00f3rg\u00e3o competente desativar o Eco ponto na rua Jos\u00e9 Le\u00e3o em frente o n 122 em Doutor Lund, Pedro Leopoldo MG."}, {"id": "23016", "ano": "2023", "numero": "923", "tipo__sigla": "PROT", "tipo__descricao": "Protocolo", "autoria": "Frederico Henrique Cota Alves (Fred Piau)", "texto_original": "http://sapl.pedroleopoldo.mg.leg.br/media/", "ementa": "No uso de minhas atribui\u00e7\u00f5es regimentais, indico \u00e0 Excelent\u00edssima Senhora Prefeita determinar ao setor competente realizar limpeza e revitaliza\u00e7\u00e3o da Pra\u00e7a Sa\u00fade Barbosa Diniz no Bairro Dom Camilo."}, {"id": "23017", "ano": "2023", "numero": "924", "tipo__sigla": "PROT", "tipo__descricao": "Protocolo", "autoria": "Frederico Henrique Cota Alves (Fred Piau)", "texto_original": "http://sapl.pedroleopoldo.mg.leg.br/media/", "ementa": "No uso de minhas atribui\u00e7\u00f5es regimentais, indico \u00e0 Excelent\u00edssima Senhora Prefeita determinar ao setor competente realizar limpeza e recolhimento de entulhos na rua Jos\u00e9 Quintiliano Costa e Ant\u00f4nio Gon\u00e7alves Quirino, no Bairro Dom Camilo."}, {"id": "23018", "ano": "2023", "numero": "925", "tipo__sigla": "PROT", "tipo__descricao": "Protocolo", "autoria": "Leonardo Pereira Ribeiro (Leoz\u00e3o)", "texto_original": "http://sapl.pedroleopoldo.mg.leg.br/media/", "ementa": "VOTO DE PESAR PARA: SRA. MARIA ANGELA GON\u00c7ALVES \r\nENVIAR PARA SUA FILHA: LIDIANE DE OLIVEIRA COSTA\r\nENDERE\u00c7O: RUA, LUCI PEREIRA BEM N\u00b0 36 \r\nBAIRRO: DOM CAMILO - 33254-290"}, {"id": "23020", "ano": "2023", "numero": "926", "tipo__sigla": "PROT", "tipo__descricao": "Protocolo", "autoria": "Leonardo Pereira Ribeiro (Leoz\u00e3o)", "texto_original": "http://sapl.pedroleopoldo.mg.leg.br/media/", "ementa": "VOTO DE PESAR PARA: JOS\u00c9 CANUTO DE ABREU\r\nENVIAR APAR SIA ESPOSA: VANUSA APARECIDA RIBEIRO SILVA\r\nENDERE\u00c7O: RUA, DONANA COSTA N\u00b0 113\r\nLAGOA DE SANTO ANT\u00d4NIO. \r\n33252259"}, {"id": "23021", "ano": "2023", "numero": "927", "tipo__sigla": "PROT", "tipo__descricao": "Protocolo", "autoria": "Guilherme de Lima Braga (Guilherme do Doce)", "texto_original": "http://sapl.pedroleopoldo.mg.leg.br/media/", "ementa": "No uso de minhas atribui\u00e7\u00f5es regimentais, indico \u00e0 Excelent\u00edssima Senhora Prefeita solicitar ao setor competente a instala\u00e7\u00e3o de um redutor de velocidade (quebra-molas) na rua Raimundo Rafael dos Anjos (rua do Cerrado) pr\u00f3ximo ao n\u00famero 851, localizada no Distrito de Fidalgo, neste Munic\u00edpio."}, {"id": "23022", "ano": "2023", "numero": "928", "tipo__sigla": "PROT", "tipo__descricao": "Protocolo", "autoria": "Frederico Henrique Cota Alves (Fred Piau)", "texto_original": "http://sapl.pedroleopoldo.mg.leg.br/media/", "ementa": "No uso de minhas atribui\u00e7\u00f5es regimentais, requeiro \u00e0 Excelent\u00edssima Senhora Prefeita informa\u00e7\u00f5es sobre qual o motivo da lei 3727/2023, que disp\u00f5e sobre a proibi\u00e7\u00e3o e perman\u00eancia de animais de m\u00e9dio e grande porte em vias e logradouros p\u00fablicos do Munic\u00edpio de Pedro Leopoldo, ainda n\u00e3o est\u00e1 sendo cumprida."}, {"id": "23023", "ano": "2023", "numero": "929", "tipo__sigla": "PROT", "tipo__descricao": "Protocolo", "autoria": "Guilherme de Lima Braga (Guilherme do Doce)", "texto_original": "http://sapl.pedroleopoldo.mg.leg.br/media/", "ementa": "No uso de minhas atribui\u00e7\u00f5es regimentais, indico \u00e0 Excelent\u00edssima Senhora Prefeita solicitar ao setor competente providenciar opera\u00e7\u00e3o tapa buracos em toda extens\u00e3o da rua V\u00e1rzea Formosa localizada no Distrito de Vera Cruz de Minas, neste Munic\u00edpio."}, {"id": "23024", "ano": "2023", "numero": "930", "tipo__sigla": "PROT", "tipo__descricao": "Protocolo", "autoria": "Guilherme de Lima Braga (Guilherme do Doce)", "texto_original": "http://sapl.pedroleopoldo.mg.leg.br/media/", "ementa": "No uso de minhas atribui\u00e7\u00f5es regimentais, indico \u00e0 Excelent\u00edssima Senhora Prefeita solicitar ao setor competente o servi\u00e7o limpeza (ro\u00e7ada e capina), na rua Varz\u00e9a Formosa, localizada no Distrito de Vera Cruz, neste Munic\u00edpio."}, {"id": "23025", "ano": "2023", "numero": "931", "tipo__sigla": "PROT", "tipo__descricao": "Protocolo", "autoria": "Guilherme de Lima Braga (Guilherme do Doce)", "texto_original": "http://sapl.pedroleopoldo.mg.leg.br/media/", "ementa": "No uso de minhas atribui\u00e7\u00f5es regimentais, indico \u00e0 Excelent\u00edssima Senhora Prefeita solicitar ao setor competente determinar a implanta\u00e7\u00e3o de c\u00e2meras de olho vivo na Rodovia Neves pr\u00f3ximo ao n\u00famero 1161, localizada no Distrito de Vera Cruz de Minas, neste Munic\u00edpio"}, {"id": "23026", "ano": "2023", "numero": "932", "tipo__sigla": "PROT", "tipo__descricao": "Protocolo", "autoria": "Guilherme de Lima Braga (Guilherme do Doce)", "texto_original": "http://sapl.pedroleopoldo.mg.leg.br/media/", "ementa": "No uso de minhas atribui\u00e7\u00f5es regimentais, indico \u00e0 Excelent\u00edssima Senhora Prefeita solicitar ao setor competente a instala\u00e7\u00e3o de uma faixa elevada na rua Rivad\u00e1via pr\u00f3ximo ao n\u00famero 1180 em frente a empresa Incopre, localizada no bairro Santa Rita, neste Munic\u00edpio."}, {"id": "23027", "ano": "2023", "numero": "933", "tipo__sigla": "PROT", "tipo__descricao": "Protocolo", "autoria": "Guilherme de Lima Braga (Guilherme do Doce)", "texto_original": "http://sapl.pedroleopoldo.mg.leg.br/media/", "ementa": "No uso de minhas atribui\u00e7\u00f5es regimentais, indico \u00e0 Excelent\u00edssima Senhora Prefeita solicitar ao setor competente a instala\u00e7\u00e3o de pontos de \u00f4nibus com cobertura e placas indicativas de parada na rua Rivad\u00e1via pr\u00f3ximo ao n\u00famero 1180, localizada no bairro Santa Rita, neste Munic\u00edpio."}, {"id": "23028", "ano": "2023", "numero": "934", "tipo__sigla": "PROT", "tipo__descricao": "Protocolo", "autoria": "Guilherme de Lima Braga (Guilherme do Doce)", "texto_original": "http://sapl.pedroleopoldo.mg.leg.br/media/", "ementa": "No uso de minhas atribui\u00e7\u00f5es regimentais, indico \u00e0 Excelent\u00edssima Senhora Prefeita solicitar ao setor competente a implanta\u00e7\u00e3o de placas \u201cProibido estacionar\u201d de um lado lado da rua Dirceu Lopes, neste Munic\u00edpio."}, {"id": "23029", "ano": "2023", "numero": "935", "tipo__sigla": "PROT", "tipo__descricao": "Protocolo", "autoria": "Cynthia Salom\u00e3o Bastos Faria", "texto_original": "http://sapl.pedroleopoldo.mg.leg.br/media/", "ementa": "Trocar as cadeiras de ferro dos acompanhantes dos Pronto Atendimentos PA Central e PA da Lagoa e do Hospital Municipal Francisco Gon\u00e7alves por cadeiras almofadas ou poltronas reclin\u00e1veis, al\u00e9m da manuten\u00e7\u00e3o e reparo das unidades que est\u00e3o danificadas"}, {"id": "23030", "ano": "2023", "numero": "936", "tipo__sigla": "PROT", "tipo__descricao": "Protocolo", "autoria": "Frederico Henrique Cota Alves (Fred Piau)", "texto_original": "http://sapl.pedroleopoldo.mg.leg.br/media/", "ementa": "No uso de minhas atribui\u00e7\u00f5es regimentais, indico \u00e0 Excelent\u00edssima Senhora Prefeita determinar ao setor competente realizar instala\u00e7\u00e3o de ilumina\u00e7\u00e3o p\u00fablica na via de pedestre (Beco) entre os bairros Morada dos Hib\u00edscos e Felipe Cl\u00e1udio de Sales."}, {"id": "23031", "ano": "2023", "numero": "937", "tipo__sigla": "PROT", "tipo__descricao": "Protocolo", "autoria": "Frederico Henrique Cota Alves (Fred Piau)", "texto_original": "http://sapl.pedroleopoldo.mg.leg.br/media/", "ementa": "Opera\u00e7\u00e3o tapa buracos na Estrada da Lapa Vermelha na altura do cruzamento com a rua Anhanguera no Parque Andiara."}, {"id": "23032", "ano": "2023", "numero": "938", "tipo__sigla": "PROT", "tipo__descricao": "Protocolo", "autoria": "Frederico Henrique Cota Alves (Fred Piau)", "texto_original": "http://sapl.pedroleopoldo.mg.leg.br/media/", "ementa": "No uso de minhas atribui\u00e7\u00f5es regimentais, indico \u00e0 Excelent\u00edssima Senhora Prefeita determinar ao setor competente instalar c\u00e2meras de monitoramento (olho vivo) no \u201cBeco\u201d (Via de pedestre, entre o bairro Morada dos Hibiscos e Felipe Cl\u00e1udio de Sales para seguran\u00e7a dos moradores dos bairros."}, {"id": "23033", "ano": "2023", "numero": "939", "tipo__sigla": "PROT", "tipo__descricao": "Protocolo", "autoria": "Cynthia Salom\u00e3o Bastos Faria", "texto_original": "http://sapl.pedroleopoldo.mg.leg.br/media/", "ementa": "Providenciar a instala\u00e7\u00e3o de placas de sinaliza\u00e7\u00e3o vertical proibindo parar e estacionar em um dos lados em toda a extens\u00e3o da Avenida Heitor Cl\u00e1udio de Sales, neste Munic\u00edpio."}, {"id": "23034", "ano": "2023", "numero": "940", "tipo__sigla": "PROT", "tipo__descricao": "Protocolo", "autoria": "Warlen Alves da Silva", "texto_original": "http://sapl.pedroleopoldo.mg.leg.br/media/", "ementa": "No uso de minhas atribui\u00e7\u00f5es regimentais, indico \u00e0 Excelent\u00edssima Senhora Prefeita determinar ao setor competente para que providencie o recapeamento em toda extens\u00e3o da Rua Maria de Lourdes Alves de Andrade, bairro Novo Campinho, neste munic\u00edpio."}, {"id": "23035", "ano": "2023", "numero": "941", "tipo__sigla": "PROT", "tipo__descricao": "Protocolo", "autoria": "Frederico Henrique Cota Alves (Fred Piau)", "texto_original": "http://sapl.pedroleopoldo.mg.leg.br/media/", "ementa": "No uso de minhas atribui\u00e7\u00f5es regimentais, indico \u00e0 Excelent\u00edssima Senhora Prefeita determinar ao setor competente desobstru\u00e7\u00e3o de bueiros na rua Senador Melo Viana, na altura dos n\u00fameros 841 e 842."}, {"id": "23036", "ano": "2023", "numero": "942", "tipo__sigla": "PROT", "tipo__descricao": "Protocolo", "autoria": "Cynthia Salom\u00e3o Bastos Faria", "texto_original": "http://sapl.pedroleopoldo.mg.leg.br/media/", "ementa": "Indico \u00e0 Excelent\u00edssima Senhora Prefeita, determinar ao setor competente a instalar um dispositivo de indica\u00e7\u00e3o sonora nos sem\u00e1foros das ruas, Comendador Ant\u00f4nio Alves, Dr. Cristiano Otoni, Francisco de Azevedo, Dr. Rocha, e onde mais se fizer necess\u00e1rio para travessia de pessoas com defici\u00eancia visual at\u00e9 o final da faixa de pedestre. Neste Munic\u00edpio"}, {"id": "23037", "ano": "2023", "numero": "943", "tipo__sigla": "PROT", "tipo__descricao": "Protocolo", "autoria": "Evaldo Geraldo do Carmo (Evaldo do A\u00e7ougue)", "texto_original": "http://sapl.pedroleopoldo.mg.leg.br/media/", "ementa": "EMENDA PARLAMENTAR ADITIVA N\u00b0__\r\nAO PROJETO DE LEI N\u00b0 72/2023"}, {"id": "23038", "ano": "2023", "numero": "944", "tipo__sigla": "PROT", "tipo__descricao": "Protocolo", "autoria": "Mauro J\u00fanior Lopes Francisco", "texto_original": "http://sapl.pedroleopoldo.mg.leg.br/media/", "ementa": "EMENDA PARLAMENTAR ADITIVA N\u00ba ____ \r\nAO PROJETO DE LEI N\u00ba 72/2023"}, {"id": "23039", "ano": "2023", "numero": "945", "tipo__sigla": "PROT", "tipo__descricao": "Protocolo", "autoria": "Cynthia Salom\u00e3o Bastos Faria", "texto_original": "http://sapl.pedroleopoldo.mg.leg.br/media/", "ementa": "Indico \u00e0 Excelent\u00edssima Senhora Prefeita, determinar ao setor competente providenciar a amplia\u00e7\u00e3o do Cemit\u00e9rio da Quinta do Sumidouro, neste Munic\u00edpio."}, {"id": "23040", "ano": "2023", "numero": "946", "tipo__sigla": "PROT", "tipo__descricao": "Protocolo", "autoria": "Matheus Utsch de Oliveira", "texto_original": "http://sapl.pedroleopoldo.mg.leg.br/media/", "ementa": "No uso de minhas atribui\u00e7\u00f5es regimentais, requeiro \u00e0 Excelent\u00edssima Senhora Prefeita as informa\u00e7\u00f5es sobre quando ser\u00e1 ativado e quais as formas de capta\u00e7\u00e3o de recursos a serem destinados para o Fundo Municipal do Idoso."}, {"id": "23041", "ano": "2023", "numero": "947", "tipo__sigla": "PROT", "tipo__descricao": "Protocolo", "autoria": "Matheus Utsch de Oliveira", "texto_original": "http://sapl.pedroleopoldo.mg.leg.br/media/", "ementa": "No uso de minhas atribui\u00e7\u00f5es regimentais, requeiro \u00e0 Excelent\u00edssima Senhora Prefeita um relat\u00f3rio atualizado contendo informa\u00e7\u00f5es sobre: Regulamenta\u00e7\u00e3o, funcionamento, projetos, programas e atividades do Conselho Municipal do Idoso segundo a Lei Municipal n\u00ba 3.199 de 20 de dezembro de 2010"}, {"id": "23042", "ano": "2023", "numero": "948", "tipo__sigla": "PROT", "tipo__descricao": "Protocolo", "autoria": "Cynthia Salom\u00e3o Bastos Faria", "texto_original": "http://sapl.pedroleopoldo.mg.leg.br/media/", "ementa": "Indica \u00e0 Excelent\u00edssima Senhora Prefeita, determinar ao setor competente providenciar a reestrutura\u00e7\u00e3o da ilumina\u00e7\u00e3o do campo Santa Cruz Futebol Clube, no Bairro Fidalgo, neste Munic\u00edpio"}, {"id": "23043", "ano": "2023", "numero": "949", "tipo__sigla": "PROT", "tipo__descricao": "Protocolo", "autoria": "Cynthia Salom\u00e3o Bastos Faria", "texto_original": "http://sapl.pedroleopoldo.mg.leg.br/media/", "ementa": "Indica \u00e0 Excelent\u00edssima Senhora Prefeita, determinar ao setor competente providenciar a reestrutura\u00e7\u00e3o da ilumina\u00e7\u00e3o do campo Independente Futebol Club, no Bairro Fidalgo, neste Munic\u00edpio"}, {"id": "23044", "ano": "2023", "numero": "950", "tipo__sigla": "PROT", "tipo__descricao": "Protocolo", "autoria": "Cynthia Salom\u00e3o Bastos Faria", "texto_original": "http://sapl.pedroleopoldo.mg.leg.br/media/", "ementa": "Indica \u00e0 Excelent\u00edssima Senhora Prefeita, determinar ao setor competente providenciar a reestrutura\u00e7\u00e3o da ilumina\u00e7\u00e3o do campo Universo Futebol Club, no Bairro Quinta do Sumidouro, neste Munic\u00edpio"}, {"id": "23045", "ano": "2023", "numero": "951", "tipo__sigla": "PROT", "tipo__descricao": "Protocolo", "autoria": "Cynthia Salom\u00e3o Bastos Faria", "texto_original": "http://sapl.pedroleopoldo.mg.leg.br/media/", "ementa": "indica \u00e0 Excelent\u00edssima Senhora Prefeita, determinar ao setor competente providenciar a reestrutura\u00e7\u00e3o da ilumina\u00e7\u00e3o do campo Ideal Futebol Club, no Lagoa de Santo Ant\u00f4nio, neste Munic\u00edpio."}, {"id": "23046", "ano": "2023", "numero": "952", "tipo__sigla": "PROT", "tipo__descricao": "Protocolo", "autoria": "Cynthia Salom\u00e3o Bastos Faria", "texto_original": "http://sapl.pedroleopoldo.mg.leg.br/media/", "ementa": "Indica determinar ao setor competente providenciar a reforma, revitaliza\u00e7\u00e3o, capina, manuten\u00e7\u00e3o da rede el\u00e9trica dos espa\u00e7os e dos equipamentos de audiovisuais, troca de alambrado da quadra e \u00e1rea recreativa do Centro de Artes e Esportes Unificados \u2013 CEU, neste munic\u00edpio."}, {"id": "23047", "ano": "2023", "numero": "953", "tipo__sigla": "PROT", "tipo__descricao": "Protocolo", "autoria": "Matheus Utsch de Oliveira", "texto_original": "http://sapl.pedroleopoldo.mg.leg.br/media/", "ementa": "Emenda Impositiva LOA: Adiciona ao Projeto de Lei n.\u00ba 72/2023, onde couber, as seguintes prioridades."}, {"id": "23049", "ano": "2023", "numero": "954", "tipo__sigla": "PROT", "tipo__descricao": "Protocolo", "autoria": "Rafael Vieira Faria (Rafa)", "texto_original": "http://sapl.pedroleopoldo.mg.leg.br/media/", "ementa": "Emendas impositivas do Vereador Rafael Faria. \r\n\r\nEmendas ao Projeto de Lei n\u00ba 72/2023 \u2013 Lei Or\u00e7ament\u00e1ria Anual \u2013 Estima a receita e fixa as despesas do Munic\u00edpio de Pedro Leopoldo para o exerc\u00edcio financeiro de 2024."}, {"id": "23050", "ano": "2023", "numero": "955", "tipo__sigla": "PROT", "tipo__descricao": "Protocolo", "autoria": "Warlen Alves da Silva", "texto_original": "http://sapl.pedroleopoldo.mg.leg.br/media/", "ementa": "EMENDA PARLAMENTAR ADITIVA N\u00b0__\r\nAO PROJETO DE LEI N\u00b072/2023\r\nVEREADOR WARLEN ALVES"}, {"id": "23065", "ano": "2023", "numero": "956", "tipo__sigla": "PROT", "tipo__descricao": "Protocolo", "autoria": "Leonardo Pereira Ribeiro (Leoz\u00e3o)", "texto_original": "http://sapl.pedroleopoldo.mg.leg.br/media/", "ementa": "VOTO DE PESAR PARA: SR. FRANCISCO DE PAULA"}, {"id": "23066", "ano": "2023", "numero": "957", "tipo__sigla": "PROT", "tipo__descricao": "Protocolo", "autoria": "Leonardo Pereira Ribeiro (Leoz\u00e3o)", "texto_original": "http://sapl.pedroleopoldo.mg.leg.br/media/", "ementa": "VOTO DE P\u00caSAR: SRA. EDNA CATARINA PEREIRA TORRES"}, {"id": "23068", "ano": "2023", "numero": "958", "tipo__sigla": "PROT", "tipo__descricao": "Protocolo", "autoria": "Guilherme de Lima Braga (Guilherme do Doce)", "texto_original": "http://sapl.pedroleopoldo.mg.leg.br/media/", "ementa": "EMENDA PARLAMENTAR ADITIVA N\u00ba ____ AO PROJETO DE LEI N\u00ba 72/2023"}, {"id": "23069", "ano": "2023", "numero": "959", "tipo__sigla": "PROT", "tipo__descricao": "Protocolo", "autoria": "Cynthia Salom\u00e3o Bastos Faria", "texto_original": "http://sapl.pedroleopoldo.mg.leg.br/media/", "ementa": "Voto de pesar pelo falecimento do Sr Mauricio Jose Machado"}, {"id": "23070", "ano": "2023", "numero": "960", "tipo__sigla": "PROT", "tipo__descricao": "Protocolo", "autoria": "Cynthia Salom\u00e3o Bastos Faria", "texto_original": "http://sapl.pedroleopoldo.mg.leg.br/media/", "ementa": "Emenda Parlamentar Aditiva ao Projeto de Lei n\u00ba 72/2023, que disp\u00f5e sobre a Lei Or\u00e7ament\u00e1ria Anual para o exerc\u00edcio financeiro de 2024."}, {"id": "23071", "ano": "2023", "numero": "961", "tipo__sigla": "PROT", "tipo__descricao": "Protocolo", "autoria": "Eldir Jos\u00e9 Batista (Baixinho da Garagem)", "texto_original": "http://sapl.pedroleopoldo.mg.leg.br/media/", "ementa": "EMENDA PARLAMENTAR ADITIVA N\u00ba ____ AO PROJETO DE LEI N\u00ba 72/2023"}, {"id": "23072", "ano": "2023", "numero": "962", "tipo__sigla": "PROT", "tipo__descricao": "Protocolo", "autoria": "Frederico Henrique Cota Alves (Fred Piau)", "texto_original": "http://sapl.pedroleopoldo.mg.leg.br/media/", "ementa": "Emenda Parlamentar Aditiva ao Projeto de Lei n\u00ba 72/2023, que disp\u00f5e sobre a Lei Or\u00e7ament\u00e1ria Anual para o exerc\u00edcio financeiro de 2024."}, {"id": "23073", "ano": "2023", "numero": "963", "tipo__sigla": "PROT", "tipo__descricao": "Protocolo", "autoria": "Guilherme de Lima Braga (Guilherme do Doce)", "texto_original": "http://sapl.pedroleopoldo.mg.leg.br/media/", "ementa": "Voto de pesar pelo falecimento de Carlos Alberto Tavares da Silva"}, {"id": "23074", "ano": "2023", "numero": "964", "tipo__sigla": "PROT", "tipo__descricao": "Protocolo", "autoria": "Leonardo Pereira Ribeiro (Leoz\u00e3o)", "texto_original": "http://sapl.pedroleopoldo.mg.leg.br/media/", "ementa": "VOTO DE PESAR PARA : O SR JAIR DE FREITAS BRAGA (SR BRAZ)"}, {"id": "23078", "ano": "2023", "numero": "965", "tipo__sigla": "PROT", "tipo__descricao": "Protocolo", "autoria": "Frederico Henrique Cota Alves (Fred Piau)", "texto_original": "http://sapl.pedroleopoldo.mg.leg.br/media/", "ementa": "Solicitar ao setor respons\u00e1vel implanta\u00e7\u00e3o definitiva do Projeto c\u00e2mara mirim pela Escola do Legislativo, edi\u00e7\u00e3o anual 2024 em diante."}, {"id": "23079", "ano": "2023", "numero": "966", "tipo__sigla": "PROT", "tipo__descricao": "Protocolo", "autoria": "Cynthia Salom\u00e3o Bastos Faria", "texto_original": "http://sapl.pedroleopoldo.mg.leg.br/media/", "ementa": "Providenciar a instala\u00e7\u00e3o de placas de sinaliza\u00e7\u00e3o vertical proibindo parar e estacionar em um dos lados de toda a extens\u00e3o da Rua Vereador Magno Claret Vieira, neste Munic\u00edpio."}, {"id": "23080", "ano": "2023", "numero": "967", "tipo__sigla": "PROT", "tipo__descricao": "Protocolo", "autoria": "Warlen Alves da Silva", "texto_original": "http://sapl.pedroleopoldo.mg.leg.br/media/", "ementa": "No uso de minhas atribui\u00e7\u00f5es regimentais, indico \u00e0 Excelent\u00edssima Senhora Prefeita determinar ao setor competente providenciar a instala\u00e7\u00e3o de cobertura da quadra de esportes e poss\u00edvel arquibancada, localizada na Pra\u00e7a An\u00edbal Fernandes, no Distrito de Dr. Lund, neste munic\u00edpio."}, {"id": "23081", "ano": "2023", "numero": "968", "tipo__sigla": "PROT", "tipo__descricao": "Protocolo", "autoria": "Warlen Alves da Silva", "texto_original": "http://sapl.pedroleopoldo.mg.leg.br/media/", "ementa": "No uso de minhas atribui\u00e7\u00f5es regimentais, indico \u00e0 Excelent\u00edssima Senhora Prefeita determinar ao setor competente providenciar a coloca\u00e7\u00e3o de cobertura na quadra poliesportiva e poss\u00edvel arquibancada, localizada na Rua Dr. Rocha, Centro, neste munic\u00edpio."}, {"id": "23082", "ano": "2023", "numero": "969", "tipo__sigla": "PROT", "tipo__descricao": "Protocolo", "autoria": "Rafael Vieira Faria (Rafa)", "texto_original": "http://sapl.pedroleopoldo.mg.leg.br/media/", "ementa": "Solicito a Vossa Excel\u00eancia observar um minuto de sil\u00eancio pelo falecimento do senhor Robson Roberto da Silva"}, {"id": "23083", "ano": "2023", "numero": "970", "tipo__sigla": "PROT", "tipo__descricao": "Protocolo", "autoria": "Rafael Vieira Faria (Rafa)", "texto_original": "http://sapl.pedroleopoldo.mg.leg.br/media/", "ementa": "Solicito a Vossa Excel\u00eancia observar um minuto de sil\u00eancio pelo falecimento da senhora Eni de Lima Nascimento"}, {"id": "23084", "ano": "2023", "numero": "971", "tipo__sigla": "PROT", "tipo__descricao": "Protocolo", "autoria": "Leonardo Pereira Ribeiro (Leoz\u00e3o)", "texto_original": "http://sapl.pedroleopoldo.mg.leg.br/media/", "ementa": "No uso de minhas atribui\u00e7\u00f5es regimentais, solicito a Excelent\u00edssima Sra Prefeita, encaminhar ao \u00f3rg\u00e3o competente, a coloca\u00e7\u00e3o de uma placa com o nome de identifica\u00e7\u00e3o da Rua  Ana Batista Teodoro, no Distrito Lagoa de Santo Ant\u00f4nio, Pedro Leopoldo."}, {"id": "23085", "ano": "2023", "numero": "972", "tipo__sigla": "PROT", "tipo__descricao": "Protocolo", "autoria": "Leonardo Pereira Ribeiro (Leoz\u00e3o)", "texto_original": "http://sapl.pedroleopoldo.mg.leg.br/media/", "ementa": "VOTO DE PESAR: SR. MIGUEL ARCANJO RODRIGUES \r\nPARA SEU IRM\u00c3O: ANT\u00d4NIO CALIXTO RODRIGUES\r\nENDERE\u00c7O: SENADOR MELO VIANA N\u00b0897\r\nCENTRO CEP33250-108"}, {"id": "23086", "ano": "2023", "numero": "973", "tipo__sigla": "PROT", "tipo__descricao": "Protocolo", "autoria": "Cynthia Salom\u00e3o Bastos Faria", "texto_original": "http://sapl.pedroleopoldo.mg.leg.br/media/", "ementa": "Instala\u00e7\u00e3o de placa de sinaliza\u00e7\u00e3o vertical PARE, no cruzamento da rua Nossa Senhora do Ros\u00e1rio com a rua Fern\u00e3o Dias, em frente a Igreja Nossa Senhora do Ros\u00e1rio, no bairro Quinta do Sumidouro."}, {"id": "23087", "ano": "2023", "numero": "974", "tipo__sigla": "PROT", "tipo__descricao": "Protocolo", "autoria": "Matheus Utsch de Oliveira", "texto_original": "http://sapl.pedroleopoldo.mg.leg.br/media/", "ementa": "No uso de minhas atribui\u00e7\u00f5es regimentais, requeiro \u00e0 Excelent\u00edssima Senhora Prefeita informa\u00e7\u00f5es sobre a situa\u00e7\u00e3o atual das negocia\u00e7\u00f5es da prefeitura sobre a reabertura da Fazenda Modelo."}, {"id": "23088", "ano": "2023", "numero": "975", "tipo__sigla": "PROT", "tipo__descricao": "Protocolo", "autoria": "Matheus Utsch de Oliveira", "texto_original": "http://sapl.pedroleopoldo.mg.leg.br/media/", "ementa": "No uso de minhas atribui\u00e7\u00f5es regimentais, requeiro \u00e0 Excelent\u00edssima Senhora Prefeita informa\u00e7\u00f5es sobre quais s\u00e3o as dificuldades para aplica\u00e7\u00e3o da emenda impositiva para a confec\u00e7\u00e3o do livro sobre a hist\u00f3ria das ruas da cidade da senhora Let\u00edcia Rodrigues Guimaraes Mendes."}, {"id": "23089", "ano": "2023", "numero": "976", "tipo__sigla": "PROT", "tipo__descricao": "Protocolo", "autoria": "Frederico Henrique Cota Alves (Fred Piau)", "texto_original": "http://sapl.pedroleopoldo.mg.leg.br/media/", "ementa": "No uso de minhas atribui\u00e7\u00f5es regimentais, indico conceder Mo\u00e7\u00e3o de Parab\u00e9ns ao XCO MAXACALI, pela realiza\u00e7\u00e3o da 1\u00aa Prova Mountain Bike XCO Maxacali \u2013 Parque Andiara \u2013 Pedro Leopoldo/MG."}, {"id": "23090", "ano": "2023", "numero": "977", "tipo__sigla": "PROT", "tipo__descricao": "Protocolo", "autoria": "Cynthia Salom\u00e3o Bastos Faria", "texto_original": "http://sapl.pedroleopoldo.mg.leg.br/media/", "ementa": "Verificar junto ao setor competente, providenciar a instala\u00e7\u00e3o de bra\u00e7os de luz na rua Matoso, pr\u00f3ximo aos n\u00fameros 1334, 1607 e 1611, no bairro Quinta do Sumidouro, neste Munic\u00edpio."}, {"id": "23091", "ano": "2023", "numero": "978", "tipo__sigla": "PROT", "tipo__descricao": "Protocolo", "autoria": "Cynthia Salom\u00e3o Bastos Faria", "texto_original": "http://sapl.pedroleopoldo.mg.leg.br/media/", "ementa": "Instala\u00e7\u00e3o de um poste e  bra\u00e7o de luz,  na rua  Independente, N\u00ba 66,  no Distrito de Fidalgo, neste Munic\u00edpio."}, {"id": "23092", "ano": "2023", "numero": "979", "tipo__sigla": "PROT", "tipo__descricao": "Protocolo", "autoria": "Cynthia Salom\u00e3o Bastos Faria", "texto_original": "http://sapl.pedroleopoldo.mg.leg.br/media/", "ementa": "Requeiro a Excelent\u00edssima Senhora Prefeita, resposta quanto a INDICA\u00c7\u00c3O 618/2021 a respeito da altera\u00e7\u00e3o da lei 3.297 de 21 de agosto de 2012, que disp\u00f5e sobre a cria\u00e7\u00e3o do Conselho Municipal dos Direitos da Mulher, sua organiza\u00e7\u00e3o e da outra providencias"}, {"id": "23093", "ano": "2023", "numero": "980", "tipo__sigla": "PROT", "tipo__descricao": "Protocolo", "autoria": "Frederico Henrique Cota Alves (Fred Piau)", "texto_original": "http://sapl.pedroleopoldo.mg.leg.br/media/", "ementa": "Providenciar servi\u00e7o de extens\u00e3o de rede e instala\u00e7\u00e3o de l\u00e2mpadas de LED em toda a extens\u00e3o da Estrada da Lapa Vermelha."}, {"id": "23094", "ano": "2023", "numero": "981", "tipo__sigla": "PROT", "tipo__descricao": "Protocolo", "autoria": "Frederico Henrique Cota Alves (Fred Piau)", "texto_original": "http://sapl.pedroleopoldo.mg.leg.br/media/", "ementa": "Incluir no site da Prefeitura todos os telefones e endere\u00e7os \u00fateis da cidade. De todos os postos de sa\u00fade, PA, escolas, pol\u00edcia, guarda, TRANS-PL, c\u00e2mara."}, {"id": "23095", "ano": "2023", "numero": "982", "tipo__sigla": "PROT", "tipo__descricao": "Protocolo", "autoria": "Leonardo Pereira Ribeiro (Leoz\u00e3o)", "texto_original": "http://sapl.pedroleopoldo.mg.leg.br/media/", "ementa": "No uso de minhas atribui\u00e7\u00f5es regimentais, indico \u00e0 Vossa Excel\u00eancia conceder Mo\u00e7\u00e3o de Parab\u00e9ns, ao \u201dEJC Encontro de Jovens com Cristo,\u201d de Pedro Leopoldo, MG, realizado pela Igreja Matriz Nossa Senhora da Concei\u00e7\u00e3o, que vem evangelizando e resgatando o amor pr\u00f3prio e a alto valoriza\u00e7\u00e3o dos jovens e das fam\u00edlias, aproximando-os cada vez mais de Cristo."}, {"id": "23096", "ano": "2023", "numero": "983", "tipo__sigla": "PROT", "tipo__descricao": "Protocolo", "autoria": "Frederico Henrique Cota Alves (Fred Piau)", "texto_original": "http://sapl.pedroleopoldo.mg.leg.br/media/", "ementa": "Fazer uma avalia\u00e7\u00e3o da estrutura das \u00e1rvores que foram atingidas por queimadas pr\u00f3ximo a Empresa Lapa Vermelha, na estrada da Lapa Vermelha sentido ao Aeroporto de Confins."}, {"id": "23097", "ano": "2023", "numero": "984", "tipo__sigla": "PROT", "tipo__descricao": "Protocolo", "autoria": "Frederico Henrique Cota Alves (Fred Piau)", "texto_original": "http://sapl.pedroleopoldo.mg.leg.br/media/", "ementa": "No uso de minhas atribui\u00e7\u00f5es regimentais, indico \u00e0 Excelent\u00edssima Senhora Prefeita determinar ao setor competente fazer um paliativo na rua Principal dos Matos, pr\u00f3ximo ao n\u00famero 800, colocando bica corrida. Fa\u00e7o a solicita\u00e7\u00e3o porque a via est\u00e1 intransit\u00e1vel devido as chuvas."}, {"id": "23110", "ano": "2023", "numero": "985", "tipo__sigla": "PROT", "tipo__descricao": "Protocolo", "autoria": "Leonardo Pereira Ribeiro (Leoz\u00e3o)", "texto_original": "http://sapl.pedroleopoldo.mg.leg.br/media/", "ementa": "VOTO DE PESAR PARA: JOS\u00c9 LUIZ DE SOUZA\r\nENVIAR PARA SUA FILHA: FRANCISCA LUIZ DE SOUZA CHAVES\r\nENDERE\u00c7O: RUA, RAIMUNDO EDUARDO N\u00b0 129\r\nBAIRRO, SANTA MARIA, \r\n33252-516"}, {"id": "23118", "ano": "2023", "numero": "986", "tipo__sigla": "PROT", "tipo__descricao": "Protocolo", "autoria": "Guilherme de Lima Braga (Guilherme do Doce)", "texto_original": "http://sapl.pedroleopoldo.mg.leg.br/media/", "ementa": "Voto de pesar pelo falecimento do Senhor Paulo Campelo Diniz\r\nenviar para o seu filho Marco Ant\u00f4nio Salem Diniz\r\nEndere\u00e7o: Rua Prefeito Ari Bahia, 325 S\u00f4nia Romanelli Pedro Leopoldo/MG"}, {"id": "23119", "ano": "2023", "numero": "987", "tipo__sigla": "PROT", "tipo__descricao": "Protocolo", "autoria": "Guilherme de Lima Braga (Guilherme do Doce)", "texto_original": "http://sapl.pedroleopoldo.mg.leg.br/media/", "ementa": "VOTO DE PESAR PELO FALECIMENTO DE NAJLA MARIA FERREIRA CAMPOS \r\nENVIAR PARA SEU ESPOSO MARIVALDO FERREIRA CAMPOS \r\nENDERE\u00c7O: RUA ANT\u00d4NIO GENEROSO N\u00daMERO 416 BAIRRO S\u00c3O GERALDO"}, {"id": "23121", "ano": "2023", "numero": "988", "tipo__sigla": "PROT", "tipo__descricao": "Protocolo", "autoria": "Cynthia Salom\u00e3o Bastos Faria", "texto_original": "http://sapl.pedroleopoldo.mg.leg.br/media/", "ementa": "Voto de pesar pelo falecimento do Sr Davi de Assis Barreto.\r\nPara sua irm\u00e3: Tania Barreto e familiares"}, {"id": "23122", "ano": "2023", "numero": "989", "tipo__sigla": "PROT", "tipo__descricao": "Protocolo", "autoria": "Frederico Henrique Cota Alves (Fred Piau)", "texto_original": "http://sapl.pedroleopoldo.mg.leg.br/media/", "ementa": "Incluir no site da Prefeitura, junto com a apresenta\u00e7\u00e3o de cada secret\u00e1rio, o endere\u00e7o e hor\u00e1rio de funcionamento de cada secretaria."}, {"id": "23123", "ano": "2023", "numero": "990", "tipo__sigla": "PROT", "tipo__descricao": "Protocolo", "autoria": "Frederico Henrique Cota Alves (Fred Piau)", "texto_original": "http://sapl.pedroleopoldo.mg.leg.br/media/", "ementa": "No uso de minhas atribui\u00e7\u00f5es regimentais, indico \u00e0 Excelent\u00edssima Senhora Prefeita determinar ao setor competente incluir o evento XCO MAXAKALI no calend\u00e1rio esportivo anual do Munic\u00edpio."}, {"id": "23124", "ano": "2023", "numero": "991", "tipo__sigla": "PROT", "tipo__descricao": "Protocolo", "autoria": "Rafael Vieira Faria (Rafa)", "texto_original": "http://sapl.pedroleopoldo.mg.leg.br/media/", "ementa": "Venho, no uso de minhas atribui\u00e7\u00f5es regimentais, apresentar presente indica\u00e7\u00e3o, sugerindo ao Poder Executivo,  a instala\u00e7\u00e3o de ilumina\u00e7\u00e3o na passarela que liga a Rua Guaranis a Rua Travessa Guarani na Horta Comunit\u00e1ria e, sucessivamente, indica a limpeza da passarela, trazendo mais seguran\u00e7a e qualidade de vida para as pessoas que transitam pelo local."}, {"id": "23125", "ano": "2023", "numero": "992", "tipo__sigla": "PROT", "tipo__descricao": "Protocolo", "autoria": "Frederico Henrique Cota Alves (Fred Piau)", "texto_original": "http://sapl.pedroleopoldo.mg.leg.br/media/", "ementa": "DECLARA DE UTILIDADE P\u00daBLICA MUNICIPAL ASSOCIA\u00c7\u00c3O CANTINHO DE LUZ, E DA OUTRAS PROVID\u00caNCIAS"}, {"id": "23126", "ano": "2023", "numero": "993", "tipo__sigla": "PROT", "tipo__descricao": "Protocolo", "autoria": "Rafael Vieira Faria (Rafa)", "texto_original": "http://sapl.pedroleopoldo.mg.leg.br/media/", "ementa": "Venho, no uso de minhas atribui\u00e7\u00f5es regimentais, apresentar indica\u00e7\u00e3o, sugerindo ao Poder Executivo, o recapeamento da Rua Lucio Cardoso Teixeira no bairro Tri\u00e2ngulo CEP 33256-002, recompondo a qualidade da camada asf\u00e1ltica, trazendo mais comodidade, qualidade de tr\u00e1fego e seguran\u00e7a para a popula\u00e7\u00e3o que transita por essa via."}, {"id": "23127", "ano": "2023", "numero": "994", "tipo__sigla": "PROT", "tipo__descricao": "Protocolo", "autoria": "Frederico Henrique Cota Alves (Fred Piau)", "texto_original": "http://sapl.pedroleopoldo.mg.leg.br/media/", "ementa": "No uso de minhas atribui\u00e7\u00f5es regimentais, indico \u00e0 Excelent\u00edssima Senhora Prefeita a constru\u00e7\u00e3o de um centro poliesportivo no distrito de Lagoa de Santo Ant\u00f4nio, neste Munic\u00edpio."}, {"id": "23128", "ano": "2023", "numero": "995", "tipo__sigla": "PROT", "tipo__descricao": "Protocolo", "autoria": "Frederico Henrique Cota Alves (Fred Piau)", "texto_original": "http://sapl.pedroleopoldo.mg.leg.br/media/", "ementa": "Criar uma linha de \u00f4nibus circular para a regi\u00e3o sul, (Fazenda Modelo, Santo Ant\u00f4nio da Barra, Coqueirinho, Tapera, Jardin\u00f3polis, e Vera Cruz de Minas)."}, {"id": "23129", "ano": "2023", "numero": "996", "tipo__sigla": "PROT", "tipo__descricao": "Protocolo", "autoria": "Warlen Alves da Silva", "texto_original": "http://sapl.pedroleopoldo.mg.leg.br/media/", "ementa": "No uso de minhas atribui\u00e7\u00f5es regimentais, indico \u00e0 Excelent\u00edssima Senhora Prefeita determinar ao setor competente para que providencie a instala\u00e7\u00e3o de placa de sinaliza\u00e7\u00e3o vertical e horizontal \u201cproibido parar e estacionar\u201d, rua Comendador Ant\u00f4nio Alves n.\u00b0 2155, no bairro Santo Ant\u00f4nio em frente ao Instituto Educacional Vida Plena e Igreja Evang\u00e9lica Vida Plena, neste munic\u00edpio."}, {"id": "23130", "ano": "2023", "numero": "997", "tipo__sigla": "PROT", "tipo__descricao": "Protocolo", "autoria": "Matheus Utsch de Oliveira", "texto_original": "http://sapl.pedroleopoldo.mg.leg.br/media/", "ementa": "No uso de minhas atribui\u00e7\u00f5es regimentais, requeiro \u00e0 Excelent\u00edssima Senhora Prefeita as informa\u00e7\u00f5es sobre o Plano de Trabalho para o estudo de mobilidade do CEFET que possibilita nova concess\u00e3o baseado no contrato 38/2023."}, {"id": "23131", "ano": "2023", "numero": "998", "tipo__sigla": "PROT", "tipo__descricao": "Protocolo", "autoria": "Cynthia Salom\u00e3o Bastos Faria", "texto_original": "http://sapl.pedroleopoldo.mg.leg.br/media/", "ementa": "Indica \u00e0 Excelent\u00edssima Senhora Prefeita, determinar ao setor competente providenciar a instala\u00e7\u00e3o da ilumina\u00e7\u00e3o e a reforma do Campo do Independente Futebol Clube, Distrito de Fidalgo. Neste Munic\u00edpio."}, {"id": "23132", "ano": "2023", "numero": "999", "tipo__sigla": "PROT", "tipo__descricao": "Protocolo", "autoria": "Guilherme de Lima Braga (Guilherme do Doce)", "texto_original": "http://sapl.pedroleopoldo.mg.leg.br/media/", "ementa": "VOTO DE PESAR PELO FALECIMENTO DE ADILSON ALVES\r\nENVIAR PARA SUA IRM\u00c3 S\u00d4NIA ELISABETE\r\nENDERE\u00c7O RUA IN\u00c1CIA DE CARVALHO N\u00daMERO 220 VERA CRUZ DE MINAS"}, {"id": "23133", "ano": "2023", "numero": "1000", "tipo__sigla": "PROT", "tipo__descricao": "Protocolo", "autoria": "Cynthia Salom\u00e3o Bastos Faria", "texto_original": "http://sapl.pedroleopoldo.mg.leg.br/media/", "ementa": "Indica \u00e0 Excelent\u00edssima Senhora Prefeita, determinar ao setor competente providenciar a instala\u00e7\u00e3o da ilumina\u00e7\u00e3o e a reforma do Campo do Esporte Clube Universo, no bairro Quinta do Sumidouro. Neste Munic\u00edpio."}, {"id": "23134", "ano": "2023", "numero": "1001", "tipo__sigla": "PROT", "tipo__descricao": "Protocolo", "autoria": "Executivo", "texto_original": "http://sapl.pedroleopoldo.mg.leg.br/media/sapl/public/materialegislativa/2023/23134/projeto_de_lei_83-2023_-_altera_lei_3.641_-_subsidio_transporte_publico.pdf", "ementa": "Altera a Lei Municipal n\u00ba 3.641, de 27 de dezembro de 2021, a qual Autoriza a concess\u00e3o de subs\u00eddio tarif\u00e1rio tempor\u00e1rio ao Servi\u00e7o de Transporte P\u00fablico Coletivo Urbano do Munic\u00edpio de Pedro Leopoldo e d\u00e1 outras provid\u00eancias."}, {"id": "23135", "ano": "2023", "numero": "1002", "tipo__sigla": "PROT", "tipo__descricao": "Protocolo", "autoria": "Cynthia Salom\u00e3o Bastos Faria", "texto_original": "http://sapl.pedroleopoldo.mg.leg.br/media/", "ementa": "Indica \u00e0 Excelent\u00edssima Senhora Prefeita, determinar ao setor competente\r\nprovidenciar a ilumina\u00e7\u00e3o de l\u00e2mpada de LED na rua Agenor do Pio, entre os n\u00fameros 281 e 676, em Quinta do Sumidouro., neste Munic\u00edpio."}, {"id": "23136", "ano": "2023", "numero": "1003", "tipo__sigla": "PROT", "tipo__descricao": "Protocolo", "autoria": "Warlen Alves da Silva", "texto_original": "http://sapl.pedroleopoldo.mg.leg.br/media/", "ementa": "No uso de minhas atribui\u00e7\u00f5es regimentais, indico \u00e0 Excelent\u00edssima Senhora Prefeita solicitar ao setor competente, realizar um estudo para instala\u00e7\u00e3o de um redutor de velocidade (quebra-molas) na rua \u00c1urea Pereira Gon\u00e7alves pr\u00f3ximo ao n\u00famero 259, localizada no bairro Felipe Cl\u00e1udio de Sales, neste Munic\u00edpio"}, {"id": "23137", "ano": "2023", "numero": "1004", "tipo__sigla": "PROT", "tipo__descricao": "Protocolo", "autoria": "Warlen Alves da Silva", "texto_original": "http://sapl.pedroleopoldo.mg.leg.br/media/", "ementa": "No uso de minhas atribui\u00e7\u00f5es regimentais, indico \u00e0 Excelent\u00edssima Senhora Prefeita determinar ao setor competente para que providencie a desobstru\u00e7\u00e3o de bueiro na Rua Caio Martins, em frente ao n\u00famero 301 no bairro S\u00e3o Geraldo, neste munic\u00edpio."}, {"id": "23138", "ano": "2023", "numero": "1005", "tipo__sigla": "PROT", "tipo__descricao": "Protocolo", "autoria": "Rafael Vieira Faria (Rafa)", "texto_original": "http://sapl.pedroleopoldo.mg.leg.br/media/", "ementa": "Venho, no uso de minhas atribui\u00e7\u00f5es, apresentar indica\u00e7\u00e3o, sugerindo ao Poder Executivo, a realiza\u00e7\u00e3o de estudo t\u00e9cnico visando adotar medidas para reduzir a velocidade de tr\u00e1fego nas ruas Tapaj\u00f3s e Anhanguera, trazendo mais seguran\u00e7a para as pessoas que transitam a p\u00e9 por essas vias."}, {"id": "23139", "ano": "2023", "numero": "1006", "tipo__sigla": "PROT", "tipo__descricao": "Protocolo", "autoria": "Warlen Alves da Silva", "texto_original": "http://sapl.pedroleopoldo.mg.leg.br/media/", "ementa": "No uso de minhas atribui\u00e7\u00f5es regimentais, indico \u00e0 Excelent\u00edssima Senhora Prefeita determinar ao setor competente para que providencie a desobstru\u00e7\u00e3o de bueiro na Rua Romero Carvalho esquina com a Rua Padre Expechit no Centro, neste munic\u00edpio."}, {"id": "23160", "ano": "2023", "numero": "1007", "tipo__sigla": "PROT", "tipo__descricao": "Protocolo", "autoria": "Matheus Utsch de Oliveira", "texto_original": "http://sapl.pedroleopoldo.mg.leg.br/media/", "ementa": "No uso de minhas atribui\u00e7\u00f5es regimentais, requeiro \u00e0 Excelent\u00edssima Senhora Prefeita informa\u00e7\u00f5es se a prefeitura j\u00e1 fez o pedido de autoriza\u00e7\u00e3o para que os taxistas de Pedro Leopoldo possam se locomover na pista do MOVE-BH."}, {"id": "23161", "ano": "2023", "numero": "1008", "tipo__sigla": "PROT", "tipo__descricao": "Protocolo", "autoria": "Executivo", "texto_original": "http://sapl.pedroleopoldo.mg.leg.br/media/", "ementa": "Institui a Gratifica\u00e7\u00e3o de Incentivo \u00e0 Produtividade Fiscal e Servi\u00e7os de Apoio \u00e0 Arrecada\u00e7\u00e3o Tribut\u00e1ria Municipal - GIP e d\u00e1 outras provid\u00eancias."}, {"id": "23162", "ano": "2023", "numero": "1009", "tipo__sigla": "PROT", "tipo__descricao": "Protocolo", "autoria": "Executivo", "texto_original": "http://sapl.pedroleopoldo.mg.leg.br/media/", "ementa": "Altera a Lei Municipal n\u00ba 2.853, de 1\u00ba de janeiro de 2006 e a Lei Municipal n\u00ba 3.281, de 03 de abril de 2012."}, {"id": "23163", "ano": "2023", "numero": "1010", "tipo__sigla": "PROT", "tipo__descricao": "Protocolo", "autoria": "Frederico Henrique Cota Alves (Fred Piau)", "texto_original": "http://sapl.pedroleopoldo.mg.leg.br/media/", "ementa": "Realizar limpeza e capina na Rua Jo\u00e3o Teodoro da Silva n\u00famero 1844 \u2013 Bairro Donato, pr\u00f3ximo ao ponto de \u00f4nibus em frente a APAE."}, {"id": "23164", "ano": "2023", "numero": "1011", "tipo__sigla": "PROT", "tipo__descricao": "Protocolo", "autoria": "Frederico Henrique Cota Alves (Fred Piau)", "texto_original": "http://sapl.pedroleopoldo.mg.leg.br/media/", "ementa": "indico \u00e0 Excelent\u00edssima Senhora Prefeita determinar ao setor competente a instala\u00e7\u00e3o de ciclovia e passeio em toda a extens\u00e3o da Rodovia Maria Piedade Costa (estrada do urubu), neste Munic\u00edpio."}, {"id": "23165", "ano": "2023", "numero": "1012", "tipo__sigla": "PROT", "tipo__descricao": "Protocolo", "autoria": "Matheus Utsch de Oliveira", "texto_original": "http://sapl.pedroleopoldo.mg.leg.br/media/", "ementa": "No uso de minhas atribui\u00e7\u00f5es regimentais, requeiro \u00e0 Excelent\u00edssima Senhora Prefeita informa\u00e7\u00f5es de quando ser\u00e1 disponibilizado um setor ou canal competente para dar andamento na regulariza\u00e7\u00e3o das transfer\u00eancias das permiss\u00f5es de T\u00e1xi conforme decis\u00e3o RE 1002310 AGR /SC do Supremo Tribunal Federal."}, {"id": "23166", "ano": "2023", "numero": "1013", "tipo__sigla": "PROT", "tipo__descricao": "Protocolo", "autoria": "Frederico Henrique Cota Alves (Fred Piau)", "texto_original": "http://sapl.pedroleopoldo.mg.leg.br/media/", "ementa": "No uso de minhas atribui\u00e7\u00f5es regimentais, indico \u00e0 Excelent\u00edssima Senhora Prefeita determinar ao setor competente realizar um estudo para viabilidade de instala\u00e7\u00e3o de redutores de velocidade (quebra-molas) na rua Moacir Alonso Reis, bairro Marieta Batista de Sales, neste Munic\u00edpio."}, {"id": "23167", "ano": "2023", "numero": "1014", "tipo__sigla": "PROT", "tipo__descricao": "Protocolo", "autoria": "Leonardo Pereira Ribeiro (Leoz\u00e3o)", "texto_original": "http://sapl.pedroleopoldo.mg.leg.br/media/", "ementa": "VOTO DE PESAR FALECIMENTO: GERALDA TOM\u00c9 ANSELMO\r\nENVIAR PARA SUA FILHA: SANDRA REGINA TOM\u00c9 LOPES\r\nENDERE\u00c7O: RUA, CONCEI\u00c7\u00c3O BASTOS N\u00b056\r\nBAIRRO, FELIPE CL\u00c1UDIO DE SALES\r\nCEP:33252-014"}, {"id": "23168", "ano": "2023", "numero": "1015", "tipo__sigla": "PROT", "tipo__descricao": "Protocolo", "autoria": "Frederico Henrique Cota Alves (Fred Piau)", "texto_original": "http://sapl.pedroleopoldo.mg.leg.br/media/", "ementa": "No uso de minhas atribui\u00e7\u00f5es regimentais, indico \u00e0 Exma. Sra. Prefeita, realizar a limpeza e capina no entorno da Quadra Poliesportiva do Bairro Magalh\u00e3es, neste Munic\u00edpio."}, {"id": "23169", "ano": "2023", "numero": "1016", "tipo__sigla": "PROT", "tipo__descricao": "Protocolo", "autoria": "Cynthia Salom\u00e3o Bastos Faria", "texto_original": "http://sapl.pedroleopoldo.mg.leg.br/media/", "ementa": "Conceder Mo\u00e7\u00e3o de Parab\u00e9ns ao Pastor Armando Eduardo da Silva pelo seu carinho, cuidado e dedica\u00e7\u00e3o com a obra de Deus."}, {"id": "23170", "ano": "2023", "numero": "1017", "tipo__sigla": "PROT", "tipo__descricao": "Protocolo", "autoria": "Mauro J\u00fanior Lopes Francisco", "texto_original": "http://sapl.pedroleopoldo.mg.leg.br/media/", "ementa": "No uso de minhas atribui\u00e7\u00f5es regimentais, indico \u00e0 Excelent\u00edssima Senhora Prefeita determinar ao setor competente, providenciar uma sinaliza\u00e7\u00e3o de sentido proibido em frente \u00e0 igreja na pra\u00e7a Nossa Senhora do Ros\u00e1rio, no Distrito de Vera Cruz de Minas, neste munic\u00edpio."}, {"id": "23171", "ano": "2023", "numero": "1018", "tipo__sigla": "PROT", "tipo__descricao": "Protocolo", "autoria": "Executivo", "texto_original": "http://sapl.pedroleopoldo.mg.leg.br/media/", "ementa": "Concede adicional de periculosidade aos Guardas Civis Municipais e aos Agentes de Tr\u00e2nsito do Munic\u00edpio de Pedro Leopoldo e d\u00e1 outras provid\u00eancias."}, {"id": "23172", "ano": "2023", "numero": "1019", "tipo__sigla": "PROT", "tipo__descricao": "Protocolo", "autoria": "Mauro J\u00fanior Lopes Francisco", "texto_original": "http://sapl.pedroleopoldo.mg.leg.br/media/", "ementa": "No uso de minhas atribui\u00e7\u00f5es regimentais, indico \u00e0 Excelent\u00edssima Senhora Prefeita determinar ao setor competente, providenciar uma sinaliza\u00e7\u00e3o com indica\u00e7\u00e3o de altura para o pontilh\u00e3o da rua S\u00e3o Sebasti\u00e3o que transp\u00f5e a rodovia Neves, localizado pr\u00f3ximo a Igreja Nossa Senhora do Ros\u00e1rio, no Distrito de Vera Cruz de Minas, neste munic\u00edpio."}, {"id": "23173", "ano": "2023", "numero": "1020", "tipo__sigla": "PROT", "tipo__descricao": "Protocolo", "autoria": "Evaldo Geraldo do Carmo (Evaldo do A\u00e7ougue)", "texto_original": "http://sapl.pedroleopoldo.mg.leg.br/media/", "ementa": "Indico determinar ao setor competente providenciar, a limpeza e capina em toda extens\u00e3o da estrada Jos\u00e9 Leandro Ribeiro(estrada da Ciminas) at\u00e9 a estrada do Engenho, neste munic\u00edpio."}, {"id": "23174", "ano": "2023", "numero": "1021", "tipo__sigla": "PROT", "tipo__descricao": "Protocolo", "autoria": "Rafael Vieira Faria (Rafa)", "texto_original": "http://sapl.pedroleopoldo.mg.leg.br/media/", "ementa": "Venho, no uso de minhas atribui\u00e7\u00f5es regimentais, apresentar indica\u00e7\u00e3o, sugerindo ao Poder Executivo, a instala\u00e7\u00e3o de sinaliza\u00e7\u00e3o vertical indicativa nas estradas que levam ao Quilombo Pimentel, visando orientar \u00e0s pessoas como chegar na comunidade Quilombola."}, {"id": "23175", "ano": "2023", "numero": "1022", "tipo__sigla": "PROT", "tipo__descricao": "Protocolo", "autoria": "Warlen Alves da Silva", "texto_original": "http://sapl.pedroleopoldo.mg.leg.br/media/", "ementa": "No uso de minhas atribui\u00e7\u00f5es regimentais, indico \u00e0 Excelent\u00edssima Senhora Prefeita determinar ao setor competente providenciar a instala\u00e7\u00e3o de uma faixa elevada para travessia de pedestres na rua Emilio Gon\u00e7alves na altura dos n\u00fameros 516 e instala\u00e7\u00e3o de placas de sinaliza\u00e7\u00e3o horizontal de PARE no cruzamento com a rua Altino Leles Tavares e rua Herculano Soares de Oliveira no bairro Quinta do Sumidouro, neste munic\u00edpio."}, {"id": "23176", "ano": "2023", "numero": "1023", "tipo__sigla": "PROT", "tipo__descricao": "Protocolo", "autoria": "Warlen Alves da Silva", "texto_original": "http://sapl.pedroleopoldo.mg.leg.br/media/", "ementa": "No uso de minhas atribui\u00e7\u00f5es regimentais, indico \u00e0 Excelent\u00edssima Senhora Prefeita solicitar ao setor competente providenciar a supress\u00e3o de uma \u00e1rvore localizada na Rua Raimundo Felix, em frente ao n\u00b0 900, Bairro Novo Campinho, neste Munic\u00edpio."}, {"id": "23177", "ano": "2023", "numero": "1024", "tipo__sigla": "PROT", "tipo__descricao": "Protocolo", "autoria": "Cynthia Salom\u00e3o Bastos Faria", "texto_original": "http://sapl.pedroleopoldo.mg.leg.br/media/", "ementa": "Conceder Mo\u00e7\u00e3o de Parab\u00e9ns ao Senhor Vanderson Ant\u00f4nio Moreira Santos pela relevante contribui\u00e7\u00e3o e incentivo a doa\u00e7\u00e3o de sangue."}, {"id": "23178", "ano": "2023", "numero": "1025", "tipo__sigla": "PROT", "tipo__descricao": "Protocolo", "autoria": "Frederico Henrique Cota Alves (Fred Piau)", "texto_original": "http://sapl.pedroleopoldo.mg.leg.br/media/", "ementa": "No uso de minhas atribui\u00e7\u00f5es regimentais, indico \u00e0 Excelent\u00edssima Senhora Prefeita determinar ao setor competente providenciar o recapeamento asf\u00e1ltico da rua A, Bairro Mirante, neste Munic\u00edpio."}, {"id": "23179", "ano": "2023", "numero": "1026", "tipo__sigla": "PROT", "tipo__descricao": "Protocolo", "autoria": "Cynthia Salom\u00e3o Bastos Faria", "texto_original": "http://sapl.pedroleopoldo.mg.leg.br/media/", "ementa": "No uso de minhas atribui\u00e7\u00f5es regimentais, indico \u00e0 Excelent\u00edssima Senhora Prefeita, determinar ao setor competente instalar uma faixa elevada na Avenida Camilo Alves, entre os n\u00fameros 570 e 602, no bairro Dom Camilo, neste Munic\u00edpio"}, {"id": "23180", "ano": "2023", "numero": "1027", "tipo__sigla": "PROT", "tipo__descricao": "Protocolo", "autoria": "Executivo", "texto_original": "http://sapl.pedroleopoldo.mg.leg.br/media/", "ementa": "Autoriza a concess\u00e3o de Direito Real de Uso de \u00e1rea municipal para implanta\u00e7\u00e3o da empresa TORRESMINAS IND\u00daSTRIA E COM\u00c9RCIO DE CARNES E DERIVADOS LTDA - EPP e d\u00e1 outras provid\u00eancias."}, {"id": "23181", "ano": "2023", "numero": "1028", "tipo__sigla": "PROT", "tipo__descricao": "Protocolo", "autoria": "Executivo", "texto_original": "http://sapl.pedroleopoldo.mg.leg.br/media/", "ementa": "Autoriza a concess\u00e3o de Direito Real de Uso de \u00e1rea municipal para implanta\u00e7\u00e3o da empresa CAUSIMEC IND\u00daSTRIA E COM\u00c9RCIO LTDA - EPP."}, {"id": "23182", "ano": "2023", "numero": "1029", "tipo__sigla": "PROT", "tipo__descricao": "Protocolo", "autoria": "Leonardo Pereira Ribeiro (Leoz\u00e3o)", "texto_original": "http://sapl.pedroleopoldo.mg.leg.br/media/", "ementa": "VOTO DE PESAR: SR. JUNIO GOMES PEREIRA \r\nENVIAR PARA SUA ESPOSA:  LUZIANA LIMA CAMPOS\r\nENDERE\u00c7O: RUA DR. ARTHUR LEITE \u00b0N167 \r\nBAIRRO: AD\u00c9LIA ISSA"}, {"id": "23227", "ano": "2023", "numero": "1030", "tipo__sigla": "PROT", "tipo__descricao": "Protocolo", "autoria": "Mesa Diretora", "texto_original": "http://sapl.pedroleopoldo.mg.leg.br/media/sapl/public/materialegislativa/2023/23227/projeto_de_resolucao_30-2023_-_alt_860_-_consignados_camara.pdf", "ementa": "Altera a Resolu\u00e7\u00e3o 860, de 28 de mar\u00e7o de 2022, que \u201cDisp\u00f5e sobre as consigna\u00e7\u00f5es em folha de pagamento de servidores p\u00fablicos do Poder Legislativo do Munic\u00edpio de Pedro Leopoldo\u201d."}, {"id": "23233", "ano": "2023", "numero": "1031", "tipo__sigla": "PROT", "tipo__descricao": "Protocolo", "autoria": "Cynthia Salom\u00e3o Bastos Faria", "texto_original": "http://sapl.pedroleopoldo.mg.leg.br/media/", "ementa": "Indica a instala\u00e7\u00e3o de placa de sinaliza\u00e7\u00e3o vertical REDUZA A VELOCIDADE, no cruzamento da rua Nossa Senhora do Ros\u00e1rio com a rua Fern\u00e3o Dias, em frente a Igreja Nossa Senhora do Ros\u00e1rio, no bairro Quinta do Sumidouro."}, {"id": "23234", "ano": "2023", "numero": "1032", "tipo__sigla": "PROT", "tipo__descricao": "Protocolo", "autoria": "Cynthia Salom\u00e3o Bastos Faria", "texto_original": "http://sapl.pedroleopoldo.mg.leg.br/media/", "ementa": "Indica determinar ao setor competente providenciar a ilumina\u00e7\u00e3o, limpeza e revitaliza\u00e7\u00e3o da Pra\u00e7a de Fidalgo, situada entre as ruas Palestina e S\u00e3o Vicente, neste Munic\u00edpio."}, {"id": "23235", "ano": "2023", "numero": "1033", "tipo__sigla": "PROT", "tipo__descricao": "Protocolo", "autoria": "Cynthia Salom\u00e3o Bastos Faria", "texto_original": "http://sapl.pedroleopoldo.mg.leg.br/media/", "ementa": "Indica realizar a coleta de lixo domiciliar dos bairros/Distritos todos os dias, seguindo o mesmo itiner\u00e1rio, conforme o quadro de rotas disponibilizado."}, {"id": "23236", "ano": "2023", "numero": "1034", "tipo__sigla": "PROT", "tipo__descricao": "Protocolo", "autoria": "Rafael Vieira Faria (Rafa)", "texto_original": "http://sapl.pedroleopoldo.mg.leg.br/media/", "ementa": "Venho, no uso de minhas atribui\u00e7\u00f5es, apresentar indica\u00e7\u00e3o, sugerindo ao Poder Executivo a instala\u00e7\u00e3o de sinaliza\u00e7\u00e3o horizontal e vertical indicativa no cruzamento da Rua Francisco de Azevedo, CEP 33250-015, com a Rua Juiz Ari Castilho, CEP 33250-012 e Rua Francisco de Azevedo CEP 33250-015 com a Rua Jos\u00e9 Pires de Ara\u00fajo 33251-000, visando orientar os condutores de ve\u00edculos automotores para n\u00e3o fechar o cruzamento, tornando o tr\u00e2nsito de ve\u00edculos mais seguro, eficaz e harmonioso."}, {"id": "23237", "ano": "2023", "numero": "1035", "tipo__sigla": "PROT", "tipo__descricao": "Protocolo", "autoria": "Rafael Vieira Faria (Rafa)", "texto_original": "http://sapl.pedroleopoldo.mg.leg.br/media/", "ementa": "Venho, no uso de minhas atribui\u00e7\u00f5es, apresentar indica\u00e7\u00e3o, sugerindo ao Poder Executivo a sinaliza\u00e7\u00e3o horizontal e vertical no cruzamento da Rua Juiz Ari Castilho, CEP 33250-012 com a Rua Doutor Cristiano Otoni CEP 33250-006, visando orientar os condutores de ve\u00edculos automotores para n\u00e3o fechar o cruzamento, tornando o tr\u00e2nsito de ve\u00edculos mais seguro, eficaz e harmonioso."}, {"id": "23238", "ano": "2023", "numero": "1036", "tipo__sigla": "PROT", "tipo__descricao": "Protocolo", "autoria": "Frederico Henrique Cota Alves (Fred Piau)", "texto_original": "http://sapl.pedroleopoldo.mg.leg.br/media/", "ementa": "Concede T\u00edtulo de Cidadania Honor\u00e1ria \u00e0 Felipe Resende Franca"}, {"id": "23239", "ano": "2023", "numero": "1037", "tipo__sigla": "PROT", "tipo__descricao": "Protocolo", "autoria": "Frederico Henrique Cota Alves (Fred Piau)", "texto_original": "http://sapl.pedroleopoldo.mg.leg.br/media/", "ementa": "\"Institui a SEMANA MUNICIPAL DO ARTESANATO\"."}, {"id": "23240", "ano": "2023", "numero": "1038", "tipo__sigla": "PROT", "tipo__descricao": "Protocolo", "autoria": "Rafael Vieira Faria (Rafa)", "texto_original": "http://sapl.pedroleopoldo.mg.leg.br/media/", "ementa": "Venho, no uso de minhas atribui\u00e7\u00f5es, apresentar INDICA\u00c7\u00c3O sugerindo conceder Mo\u00e7\u00e3o de Parab\u00e9ns ao Policial Militar Aureliano Rodrigo Salom\u00e9."}, {"id": "23244", "ano": "2023", "numero": "1039", "tipo__sigla": "PROT", "tipo__descricao": "Protocolo", "autoria": "Frederico Henrique Cota Alves (Fred Piau)", "texto_original": "http://sapl.pedroleopoldo.mg.leg.br/media/", "ementa": "Disp\u00f5e sobre a implanta\u00e7\u00e3o do Programa TEAtivo e d\u00e1 outras provid\u00eancias."}, {"id": "23245", "ano": "2023", "numero": "1040", "tipo__sigla": "PROT", "tipo__descricao": "Protocolo", "autoria": "Cynthia Salom\u00e3o Bastos Faria", "texto_original": "http://sapl.pedroleopoldo.mg.leg.br/media/", "ementa": "IND\tIndico realizar o desentupimento das manilhas existentes na rua Sergipe e concluir o servi\u00e7o de manilhamento at\u00e9 o t\u00e9rmino da rua para drenar as \u00e1guas pluviais, a partir do n\u00famero 182, no Distrito de Fidalgo"}, {"id": "23246", "ano": "2023", "numero": "1041", "tipo__sigla": "PROT", "tipo__descricao": "Protocolo", "autoria": "Rafael Vieira Faria (Rafa)", "texto_original": "http://sapl.pedroleopoldo.mg.leg.br/media/", "ementa": "Venho, no uso de minhas atribui\u00e7\u00f5es, apresentar indica\u00e7\u00e3o, sugerindo ao Poder Executivo a reforma e/ou instala\u00e7\u00e3o de ponto de \u00f4nibus coberto na Rua Comendador Ant\u00f4nio Alves, Centro de Pedro Leopoldo, promovendo mais comodidade \u00e0s pessoas que utilizam o transporte coletivo."}, {"id": "23247", "ano": "2023", "numero": "1042", "tipo__sigla": "PROT", "tipo__descricao": "Protocolo", "autoria": "Frederico Henrique Cota Alves (Fred Piau)", "texto_original": "http://sapl.pedroleopoldo.mg.leg.br/media/", "ementa": "Concede T\u00edtulo de Cidadania Honor\u00e1ria \u00e0 Maria Cota Rodrigues"}, {"id": "23248", "ano": "2023", "numero": "1043", "tipo__sigla": "PROT", "tipo__descricao": "Protocolo", "autoria": "Evaldo Geraldo do Carmo (Evaldo do A\u00e7ougue)", "texto_original": "http://sapl.pedroleopoldo.mg.leg.br/media/", "ementa": "No uso de minhas atribui\u00e7\u00f5es regimentais, indico \u00e0 Excelent\u00edssima Senhora Prefeita determinar ao setor competente providenciar a coloca\u00e7\u00e3o de lixeiras na Pra\u00e7a Jose dos anjos, no Distrito de Lagoa de Santo Ant\u00f4nio, neste Munic\u00edpio."}, {"id": "23249", "ano": "2023", "numero": "1044", "tipo__sigla": "PROT", "tipo__descricao": "Protocolo", "autoria": "Frederico Henrique Cota Alves (Fred Piau)", "texto_original": "http://sapl.pedroleopoldo.mg.leg.br/media/", "ementa": "No uso de minhas atribui\u00e7\u00f5es regimentais, indico \u00e0 Excelent\u00edssima Senhora Prefeita viabilizar a privatiza\u00e7\u00e3o do banheiro terminal rodovi\u00e1rio de Pedro Leopoldo."}, {"id": "22688", "ano": "2023", "numero": "1", "tipo__sigla": "REP", "tipo__descricao": "Representa\u00e7\u00e3o", "autoria": "Mauro J\u00fanior Lopes Francisco", "texto_original": "http://sapl.pedroleopoldo.mg.leg.br/media/sapl/public/materialegislativa/2023/22688/representacao_01-23_-_ver._mauro.pdf", "ementa": "Solicito a Vossa Excel\u00eancia o envio de Representa\u00e7\u00e3o a COPASA pedindo o levantamento da tampa de esgoto situado na Rua Progresso, entre a Rua L\u00facio Cardoso Teixeira e o Pronto Atendimento Central, no Bairro Tri\u00e2ngulo."}, {"id": "21120", "ano": "2023", "numero": "1", "tipo__sigla": "REQ", "tipo__descricao": "Requerimento", "autoria": "Frederico Henrique Cota Alves (Fred Piau)", "texto_original": "http://sapl.pedroleopoldo.mg.leg.br/media/sapl/public/materialegislativa/2023/21120/requerimento_no_001-2023_-_frederico_henrique_cota_alves.pdf", "ementa": "Requer informa\u00e7\u00f5es sobre o valor gasto para produ\u00e7\u00e3o e veicula\u00e7\u00e3o de propaganda em rede de televis\u00e3o. As informa\u00e7\u00f5es s\u00e3o referentes ao processo licitat\u00f3rio 147/2021, contrato 28/2022, modalidade concorr\u00eancia p\u00fablica, com a empresa contratada 2004 Publicidade e Propaganda LTDA."}, {"id": "21121", "ano": "2023", "numero": "2", "tipo__sigla": "REQ", "tipo__descricao": "Requerimento", "autoria": "Matheus Utsch de Oliveira", "texto_original": "http://sapl.pedroleopoldo.mg.leg.br/media/sapl/public/materialegislativa/2023/21121/requerimento_no_002-2023_-_matheus_utsch_de_oliveira.pdf", "ementa": "Requer o comprovante do ISS pago ao Mineirinho Produ\u00e7\u00f5es, ou \u00e0 empresa equivalente, respons\u00e1vel pelo recebimento do show de anivers\u00e1rio da cidade com a Banda SPC."}, {"id": "21122", "ano": "2023", "numero": "3", "tipo__sigla": "REQ", "tipo__descricao": "Requerimento", "autoria": "Matheus Utsch de Oliveira", "texto_original": "http://sapl.pedroleopoldo.mg.leg.br/media/sapl/public/materialegislativa/2023/21122/requerimento_no_003-2023_-_matheus_utsch_de_oliveira.pdf", "ementa": "Requer os projetos realizados pela Solar Engenharia: 5177/2022, 2996/2022, 2951/2022, 1780/2022, 1269/2022, 116/2022, 3836/2021 e 134/2016, 2714/2015, 2713/2015, 2712/2015, 2711/2015, 2710/2015, 1902/2014, 1901/2014, 1900/2014, 1899/2014."}, {"id": "21224", "ano": "2023", "numero": "4", "tipo__sigla": "REQ", "tipo__descricao": "Requerimento", "autoria": "Matheus Utsch de Oliveira", "texto_original": "http://sapl.pedroleopoldo.mg.leg.br/media/sapl/public/materialegislativa/2023/21224/requerimento_no_04-2023_-_matheus_utsch_de_oliveira.pdf", "ementa": "No uso de minhas atribui\u00e7\u00f5es regimentais, requeiro \u00e0 Excelent\u00edssima Senhora Prefeita informar sobre a previs\u00e3o de in\u00edcio do reparo do telhado do Centro Poliesportivo de Pedro Leopoldo - CEPPEL."}, {"id": "21225", "ano": "2023", "numero": "5", "tipo__sigla": "REQ", "tipo__descricao": "Requerimento", "autoria": "Matheus Utsch de Oliveira", "texto_original": "http://sapl.pedroleopoldo.mg.leg.br/media/sapl/public/materialegislativa/2023/21225/requerimento_no_05-2023_-_matheus_utsch_de_oliveira.pdf", "ementa": "No uso de minhas atribui\u00e7\u00f5es regimentais, requeiro \u00e0 Excelent\u00edssima Senhora Prefeita o cronograma de Pavimenta\u00e7\u00e3o do Centro, conforme novas demandas e or\u00e7amento da Lei Or\u00e7ament\u00e1ria Anual - LOA."}, {"id": "21226", "ano": "2023", "numero": "6", "tipo__sigla": "REQ", "tipo__descricao": "Requerimento", "autoria": "Frederico Henrique Cota Alves (Fred Piau)", "texto_original": "http://sapl.pedroleopoldo.mg.leg.br/media/sapl/public/materialegislativa/2023/21226/requerimento_no_06_-_2023_-_frederico_henrique_cota_alves.pdf", "ementa": "No uso de minhas atribui\u00e7\u00f5es regimentais, requeiro \u00e0 Excelent\u00edssima Senhora Prefeita o levantamento do ICMS (valores arrecadados e a serem arrecadados), programa\u00e7\u00e3o da Secretaria do esporte em 2023, in\u00edcio da implementa\u00e7\u00e3o da Escola de Campe\u00f5es (projeto para os esportes especializados) e, por fim, programa\u00e7\u00e3o das obras do Centro Poliesportivo de Pedro Leopoldo - Ceppel."}, {"id": "21236", "ano": "2023", "numero": "7", "tipo__sigla": "REQ", "tipo__descricao": "Requerimento", "autoria": "Frederico Henrique Cota Alves (Fred Piau)", "texto_original": "http://sapl.pedroleopoldo.mg.leg.br/media/sapl/public/materialegislativa/2023/21236/requerimento_no_07_-_2023_-_frederico_henrique_cota_alves.pdf", "ementa": "No uso de minhas atribui\u00e7\u00f5es regimentais, requeiro \u00e0 Excelent\u00edssima Senhora Prefeita Previs\u00e3o de funcionamento em sua totalidade no Centro Integrado Dr. Joao Indiano e o motivo pelo qual ainda n\u00e3o foi feito, bem como o cronograma da pavimenta\u00e7\u00e3o das Ruas Daniel Moreira de Souza (Torresminas) e Pedro Ant\u00f4nio Pereira (Cutita)."}, {"id": "21263", "ano": "2023", "numero": "8", "tipo__sigla": "REQ", "tipo__descricao": "Requerimento", "autoria": "Frederico Henrique Cota Alves (Fred Piau)", "texto_original": "http://sapl.pedroleopoldo.mg.leg.br/media/sapl/public/materialegislativa/2023/21263/requerimento_no_08-23_-_autor_ver._frederico.pdf", "ementa": "No uso de minhas atribui\u00e7\u00f5es regimentais, requeiro \u00e0 Excelent\u00edssima Senhora Prefeita  informa\u00e7\u00f5es sobre o desfecho da liga\u00e7\u00e3o da rede de esgoto no Bairro Morada dos Hibiscos e quando, de fato,  teremos as liga\u00e7\u00f5es sendo feitas."}, {"id": "21264", "ano": "2023", "numero": "9", "tipo__sigla": "REQ", "tipo__descricao": "Requerimento", "autoria": "Matheus Utsch de Oliveira", "texto_original": "http://sapl.pedroleopoldo.mg.leg.br/media/sapl/public/materialegislativa/2023/21264/requerimento_no_09-23_-_autor_ver._matheus.pdf", "ementa": "Requer as seguintes informa\u00e7\u00f5es sobre a pavimenta\u00e7\u00e3o asf\u00e1ltica da Rua Esporte:\r\n1 \u2013 se foi solucionado o problema de esgoto antes de pavimentar com asfalto;\r\n2 \u2013 se a Companhia de Saneamento de Minas Gerais (Copasa-MG) foi informada sobre o referido problema ou qual o procedimento formal foi realizado;\r\n3 \u2013 se h\u00e1 riscos de obras posteriores \u00e0 pavimenta\u00e7\u00e3o asf\u00e1ltica de imediato."}, {"id": "21266", "ano": "2023", "numero": "10", "tipo__sigla": "REQ", "tipo__descricao": "Requerimento", "autoria": "Matheus Utsch de Oliveira", "texto_original": "http://sapl.pedroleopoldo.mg.leg.br/media/sapl/public/materialegislativa/2023/21266/requerimento_no_10-23_-_autor_ver._matheus.pdf", "ementa": "No uso de minhas atribui\u00e7\u00f5es regimentais, requeiro \u00e0 Excelent\u00edssima Senhora Prefeita as seguintes informa\u00e7\u00f5es sobre a utiliza\u00e7\u00e3o da emenda impositiva para a publica\u00e7\u00e3o de livro destinada \u00e0 Secretaria de Cultura."}, {"id": "21328", "ano": "2023", "numero": "11", "tipo__sigla": "REQ", "tipo__descricao": "Requerimento", "autoria": "Matheus Utsch de Oliveira", "texto_original": "http://sapl.pedroleopoldo.mg.leg.br/media/sapl/public/materialegislativa/2023/21328/requerimento_no_011-2023_-_matheus_utsch_de_oliveira.pdf", "ementa": "Requer informa\u00e7\u00f5es sobre quantas pessoas foram estimadas e quantas pessoas de fato fizeram cirurgias eletivas pelo conv\u00eanio com a Maternidade que utilizaram emendas parlamentares no ano de 2021 e 2022."}, {"id": "21335", "ano": "2023", "numero": "12", "tipo__sigla": "REQ", "tipo__descricao": "Requerimento", "autoria": "Matheus Utsch de Oliveira", "texto_original": "http://sapl.pedroleopoldo.mg.leg.br/media/sapl/public/materialegislativa/2023/21335/requerimento_no_012-2023_-_matheus_utsch_de_oliveira.pdf", "ementa": "No uso de minhas atribui\u00e7\u00f5es regimentais, requeiro \u00e0 Excelent\u00edssima Senhora Prefeita informa\u00e7\u00f5es sobre quantos funcion\u00e1rios est\u00e3o contratados para fiscaliza\u00e7\u00e3o e opera\u00e7\u00e3o do Rotativo."}, {"id": "21375", "ano": "2023", "numero": "13", "tipo__sigla": "REQ", "tipo__descricao": "Requerimento", "autoria": "Matheus Utsch de Oliveira", "texto_original": "http://sapl.pedroleopoldo.mg.leg.br/media/", "ementa": "Requer informa\u00e7\u00f5es sobre custo total dos 02 contadores de datas (Painel Digital) para o centen\u00e1rio da cidade."}, {"id": "21376", "ano": "2023", "numero": "14", "tipo__sigla": "REQ", "tipo__descricao": "Requerimento", "autoria": "Matheus Utsch de Oliveira", "texto_original": "http://sapl.pedroleopoldo.mg.leg.br/media/", "ementa": "Requer informa\u00e7\u00f5es sobre quais artistas foram contratados para os eventos de carnavais com datas, locais, valores pagos e crit\u00e9rios das respectivas escolhas."}, {"id": "21409", "ano": "2023", "numero": "15", "tipo__sigla": "REQ", "tipo__descricao": "Requerimento", "autoria": "Frederico Henrique Cota Alves (Fred Piau)", "texto_original": "http://sapl.pedroleopoldo.mg.leg.br/media/sapl/public/materialegislativa/2023/21409/requerimento_15-23_-_ver._frederico.pdf", "ementa": "Requer informa\u00e7\u00f5es sobre o Bairro Cidade Jardim que possui problemas relacionados \u00e0 rede de esgoto: quais s\u00e3o as pend\u00eancias do bairro; quais as medidas que est\u00e3o sendo tomadas para resolver a situa\u00e7\u00e3o; e qual a previs\u00e3o para a solu\u00e7\u00e3o do problema."}, {"id": "21410", "ano": "2023", "numero": "16", "tipo__sigla": "REQ", "tipo__descricao": "Requerimento", "autoria": "Matheus Utsch de Oliveira", "texto_original": "http://sapl.pedroleopoldo.mg.leg.br/media/sapl/public/materialegislativa/2023/21410/requerimento_16-23_-_ver._matheus.pdf", "ementa": "Requer, conforme o item 2.10 do contrato 025/2022 do Rotativo, o relat\u00f3rio de Monitoramento e Controle do sistema desde sua implanta\u00e7\u00e3o, se poss\u00edvel, m\u00eas a m\u00eas, em Excel, e toda a receita da utiliza\u00e7\u00e3o de cr\u00e9ditos no per\u00edodo."}, {"id": "21411", "ano": "2023", "numero": "17", "tipo__sigla": "REQ", "tipo__descricao": "Requerimento", "autoria": "Matheus Utsch de Oliveira", "texto_original": "http://sapl.pedroleopoldo.mg.leg.br/media/sapl/public/materialegislativa/2023/21411/requerimento_17-23_-_ver._matheus.pdf", "ementa": "Requer informa\u00e7\u00f5es sobre o cronograma de pagamentos atrasados por categoria de servidores efetivos, conforme a Lei n\u00ba 3.546, de 03 de dezembro de 2019."}, {"id": "21449", "ano": "2023", "numero": "18", "tipo__sigla": "REQ", "tipo__descricao": "Requerimento", "autoria": "", "texto_original": "http://sapl.pedroleopoldo.mg.leg.br/media/sapl/public/materialegislativa/2023/21449/requerimento_18-23_-_ver._matheus.pdf", "ementa": "Requer informa\u00e7\u00f5es sobre uma poss\u00edvel parceria entre a Prefeitura e a Companhia de Saneamento de Minas Gerais \u2013 Copasa-MG \u2013 para a constru\u00e7\u00e3o de passarela sobre a estrutura ao lado da ponte da Pra\u00e7a Dr Senra."}, {"id": "21450", "ano": "2023", "numero": "19", "tipo__sigla": "REQ", "tipo__descricao": "Requerimento", "autoria": "Matheus Utsch de Oliveira", "texto_original": "http://sapl.pedroleopoldo.mg.leg.br/media/sapl/public/materialegislativa/2023/21450/requerimento_19-23_-_ver._matheus.pdf", "ementa": "Requer o cronograma da opera\u00e7\u00e3o tapa-buracos no munic\u00edpio."}, {"id": "21490", "ano": "2023", "numero": "20", "tipo__sigla": "REQ", "tipo__descricao": "Requerimento", "autoria": "Matheus Utsch de Oliveira", "texto_original": "http://sapl.pedroleopoldo.mg.leg.br/media/sapl/public/materialegislativa/2023/21490/requerimento_20-23_-_matheus.pdf", "ementa": "Requer o relat\u00f3rio da quantidade de ambulantes sem regulariza\u00e7\u00e3o para o com\u00e9rcio de comidas, nas pra\u00e7as e espa\u00e7os p\u00fablicos da cidade e o plano de a\u00e7\u00e3o para resolver o problema."}, {"id": "21491", "ano": "2023", "numero": "21", "tipo__sigla": "REQ", "tipo__descricao": "Requerimento", "autoria": "Matheus Utsch de Oliveira", "texto_original": "http://sapl.pedroleopoldo.mg.leg.br/media/sapl/public/materialegislativa/2023/21491/requerimento_21-23_-_matheus.pdf", "ementa": "Requer c\u00f3pia do extrato de gastos com publicidade, incluindo \u201cimpulsionamentos\u201d em redes sociais e previs\u00e3o para o ano."}, {"id": "21533", "ano": "2023", "numero": "22", "tipo__sigla": "REQ", "tipo__descricao": "Requerimento", "autoria": "Matheus Utsch de Oliveira", "texto_original": "http://sapl.pedroleopoldo.mg.leg.br/media/sapl/public/materialegislativa/2023/21533/requerimento_22-23_-_matheus.pdf", "ementa": "Requer informa\u00e7\u00f5es sobre quais a\u00e7\u00f5es est\u00e3o sendo tomadas para a abertura de visita\u00e7\u00e3o \u00e0 Fazenda Modelo."}, {"id": "21534", "ano": "2023", "numero": "23", "tipo__sigla": "REQ", "tipo__descricao": "Requerimento", "autoria": "Matheus Utsch de Oliveira", "texto_original": "http://sapl.pedroleopoldo.mg.leg.br/media/sapl/public/materialegislativa/2023/21534/requerimento_23-23_-_matheus.pdf", "ementa": "Requer as seguintes informa\u00e7\u00f5es:\r\nHaver\u00e1 a troca da empresa DDS?\r\nOs cargos ser\u00e3o mantidos?\r\nOs funcion\u00e1rios receber\u00e3o os mesmos direitos da empresa Vina?"}, {"id": "21618", "ano": "2023", "numero": "24", "tipo__sigla": "REQ", "tipo__descricao": "Requerimento", "autoria": "Cynthia Salom\u00e3o Bastos Faria", "texto_original": "http://sapl.pedroleopoldo.mg.leg.br/media/sapl/public/materialegislativa/2023/21618/requerimento_24-23_-_cynthia.pdf", "ementa": "No uso de minhas atribui\u00e7\u00f5es regimentais, requeiro \u00e0 Excelent\u00edssima Senhora Prefeita informa\u00e7\u00f5es sobre quais as a\u00e7\u00f5es educativas desenvolvidas pela Secretaria Municipal de Educa\u00e7\u00e3o em rela\u00e7\u00e3o ao combate ao bullying e na preven\u00e7\u00e3o de viol\u00eancia no ambiente escolar, neste munic\u00edpio."}, {"id": "21619", "ano": "2023", "numero": "25", "tipo__sigla": "REQ", "tipo__descricao": "Requerimento", "autoria": "Matheus Utsch de Oliveira", "texto_original": "http://sapl.pedroleopoldo.mg.leg.br/media/sapl/public/materialegislativa/2023/21619/requerimento_25-23_-_matheus.pdf", "ementa": "No uso de minhas atribui\u00e7\u00f5es regimentais, requeiro \u00e0 Excelent\u00edssima Senhora Prefeita informa\u00e7\u00f5es e c\u00f3pias de todas as notifica\u00e7\u00f5es e a\u00e7\u00f5es jur\u00eddicas da Prefeitura contra a Companhia de Saneamento de Minas Gerais - Copasa-MG - no ano de 2022."}, {"id": "21620", "ano": "2023", "numero": "26", "tipo__sigla": "REQ", "tipo__descricao": "Requerimento", "autoria": "Matheus Utsch de Oliveira", "texto_original": "http://sapl.pedroleopoldo.mg.leg.br/media/sapl/public/materialegislativa/2023/21620/requerimento_26-23_-_matheus.pdf", "ementa": "No uso de minhas atribui\u00e7\u00f5es regimentais, requeiro \u00e0 Excelent\u00edssima Senhora Prefeita informa\u00e7\u00f5es sobre o crime ambiental, atualmente, cometido pela Secretaria de Obras na Estrada do Pimentel, pr\u00f3ximo ao km 1,4."}, {"id": "21692", "ano": "2023", "numero": "27", "tipo__sigla": "REQ", "tipo__descricao": "Requerimento", "autoria": "Matheus Utsch de Oliveira", "texto_original": "http://sapl.pedroleopoldo.mg.leg.br/media/sapl/public/materialegislativa/2023/21692/requerimento_27-23_-_matheus.pdf", "ementa": "Requer informa\u00e7\u00f5es sobre a situa\u00e7\u00e3o cadastral e as pend\u00eancias remanescentes para a regulariza\u00e7\u00e3o da Associa\u00e7\u00e3o de Bairro S\u00e3o Jos\u00e9."}, {"id": "21693", "ano": "2023", "numero": "28", "tipo__sigla": "REQ", "tipo__descricao": "Requerimento", "autoria": "Matheus Utsch de Oliveira", "texto_original": "http://sapl.pedroleopoldo.mg.leg.br/media/sapl/public/materialegislativa/2023/21693/requerimento_28-23_-_matheus.pdf", "ementa": "Requer as seguintes informa\u00e7\u00f5es:\r\n\u2022  quando ser\u00e1 a convoca\u00e7\u00e3o dos demais agentes aprovados no processo seletivo;\r\n\u2022   se foi confirmado pela prefeita em reuni\u00e3o com a Michelle, diretora de sa\u00fade, que as vagas sairiam at\u00e9 abril deste ano;\r\n\u2022   se procede a renova\u00e7\u00e3o do processo seletivo por mais 2 anos, conforme relatado aos aprovados por e-mail."}, {"id": "21763", "ano": "2023", "numero": "29", "tipo__sigla": "REQ", "tipo__descricao": "Requerimento", "autoria": "Matheus Utsch de Oliveira", "texto_original": "http://sapl.pedroleopoldo.mg.leg.br/media/sapl/public/materialegislativa/2023/21763/requerimento_no_29-23_-_matheus.pdf", "ementa": "Requer informa\u00e7\u00f5es sobre as medidas e os valores gastos com opera\u00e7\u00f5es tapa-buracos e pavimenta\u00e7\u00f5es em 2022."}, {"id": "21764", "ano": "2023", "numero": "30", "tipo__sigla": "REQ", "tipo__descricao": "Requerimento", "autoria": "Matheus Utsch de Oliveira", "texto_original": "http://sapl.pedroleopoldo.mg.leg.br/media/sapl/public/materialegislativa/2023/21764/requerimento_no_30-23_-_matheus.pdf", "ementa": "Requer informa\u00e7\u00f5es e c\u00f3pias de documentos gerados na limpeza do telhado e manuten\u00e7\u00e3o do Pronto Atendimento (P.A.) Central."}, {"id": "21818", "ano": "2023", "numero": "31", "tipo__sigla": "REQ", "tipo__descricao": "Requerimento", "autoria": "Frederico Henrique Cota Alves (Fred Piau)", "texto_original": "http://sapl.pedroleopoldo.mg.leg.br/media/sapl/public/materialegislativa/2023/21818/requerimento_31-23_-_frederico.pdf", "ementa": "Requer que seja realizada Audi\u00eancia P\u00fablica, junto \u00e0 Secret\u00e1ria de Educa\u00e7\u00e3o para informar \u00e0 popula\u00e7\u00e3o as medidas que ser\u00e3o tomadas para seguran\u00e7a das escolas de nosso munic\u00edpio."}, {"id": "21819", "ano": "2023", "numero": "32", "tipo__sigla": "REQ", "tipo__descricao": "Requerimento", "autoria": "Matheus Utsch de Oliveira", "texto_original": "http://sapl.pedroleopoldo.mg.leg.br/media/sapl/public/materialegislativa/2023/21819/requerimento_no_32-23_-_matheus.pdf", "ementa": "Requer o cancelamento de todas as multas aplicadas no per\u00edodo do novo contrato do rotativo devido o n\u00e3o cumprimento do contrato:\r\nDescumprimento 1) O sistema dever\u00e1 enviar alerta para o usu\u00e1rio quando o tempo de estacionamento estiver prestes a expirar, considerada a perman\u00eancia permitida para o local de estacionamento informado na ativa\u00e7\u00e3o.\r\nDescumprimento 2) Desrespeito \u00e0 Lei Municipal 3.603 de 29 de junho de 2021 que estabelece 15% de vagas para idosos e deficientes f\u00edsicos.\r\nDescumprimento 3) O Anexo de tabela de custos do contrato Edital exige 6 (seis) monitores de tr\u00e2nsito, e na pr\u00e1tica, temos 3 (tr\u00eas)."}, {"id": "21820", "ano": "2023", "numero": "33", "tipo__sigla": "REQ", "tipo__descricao": "Requerimento", "autoria": "Matheus Utsch de Oliveira", "texto_original": "http://sapl.pedroleopoldo.mg.leg.br/media/sapl/public/materialegislativa/2023/21820/requerimento_no_33-23_-_matheus.pdf", "ementa": "Requer informa\u00e7\u00f5es sobre a instala\u00e7\u00e3o de sinaliza\u00e7\u00e3o vi\u00e1ria, conforme prometida pela Ger\u00eancia de Tr\u00e2nsito de Pedro Leopoldo (TransPL) em 2022, para o ano de 2023, visto que tem se observado diversos acidentes e outros problemas."}, {"id": "21864", "ano": "2023", "numero": "34", "tipo__sigla": "REQ", "tipo__descricao": "Requerimento", "autoria": "Frederico Henrique Cota Alves (Fred Piau)", "texto_original": "http://sapl.pedroleopoldo.mg.leg.br/media/sapl/public/materialegislativa/2023/21864/requerimento_34-23_-_frederico.pdf", "ementa": "Requer informa\u00e7\u00f5es sobre onde est\u00e3o armazenados os equipamentos do bloco cir\u00fargico do CIAS JO\u00c3O INDIANO, que foram adquiridos junto com o im\u00f3vel. Em rela\u00e7\u00e3o ao requerimento anterior solicito informa\u00e7\u00f5es sobre a data de conclus\u00e3o da obra do CIAS JO\u00c3O INDIANO, conforme previsto no contrato 11/2023 a ser executado pela empresa DINAMUS CONSTRUTORA e, por fim, qual a data para funcionamento total desse importante equipamento de sa\u00fade."}, {"id": "21865", "ano": "2023", "numero": "35", "tipo__sigla": "REQ", "tipo__descricao": "Requerimento", "autoria": "Warlen Alves da Silva", "texto_original": "http://sapl.pedroleopoldo.mg.leg.br/media/sapl/public/materialegislativa/2023/21865/requerimento_35-23_-_todos_vereadores.pdf", "ementa": "Requer a realiza\u00e7\u00e3o de Audi\u00eancia P\u00fablica com representantes da Companhia de Saneamento de Minas Gerais \u2013 COPASA-MG \u2013, para tratar de assuntos referentes ao Munic\u00edpio."}, {"id": "21866", "ano": "2023", "numero": "36", "tipo__sigla": "REQ", "tipo__descricao": "Requerimento", "autoria": "Matheus Utsch de Oliveira", "texto_original": "http://sapl.pedroleopoldo.mg.leg.br/media/sapl/public/materialegislativa/2023/21866/requerimento_36-23_-_matheus.pdf", "ementa": "Requer o contrato com a nova empresa terceirizada, substituta da DDS, bem como a rela\u00e7\u00e3o de funcion\u00e1rios, respeitando a Lei Geral de Prote\u00e7\u00e3o de Dados Pessoais (LGPD)."}, {"id": "21867", "ano": "2023", "numero": "37", "tipo__sigla": "REQ", "tipo__descricao": "Requerimento", "autoria": "Matheus Utsch de Oliveira", "texto_original": "http://sapl.pedroleopoldo.mg.leg.br/media/sapl/public/materialegislativa/2023/21867/requerimento_37-23_-_matheus.pdf", "ementa": "Requer explica\u00e7\u00f5es com argumentos t\u00e9cnicos que levaram o Executivo a optar pelo atual sistema de rotativo que \u00e9 extremamente danoso, operacional e financeiramente, para o munic\u00edpio."}, {"id": "21879", "ano": "2023", "numero": "38", "tipo__sigla": "REQ", "tipo__descricao": "Requerimento", "autoria": "Matheus Utsch de Oliveira", "texto_original": "http://sapl.pedroleopoldo.mg.leg.br/media/sapl/public/materialegislativa/2023/21879/requerimento_38-23_-_todos_vereadores.pdf", "ementa": "Os vereadores abaixo-assinados, no uso de suas prerrogativas e fun\u00e7\u00f5es regimentais, requerem a Vossa Excel\u00eancia a instaura\u00e7\u00e3o de uma CPI \u2013 Comiss\u00e3o Parlamentar de Inqu\u00e9rito \u2013 com o objetivo e a finalidade de investigar os atos referentes \u00e0s obras realizadas pela C\u00e2mara em suas depend\u00eancias nos anos de 2021, 2022 e 2023, tendo como base os ind\u00edcios de crimes constantes na notifica\u00e7\u00e3o interna da Controladoria, cujos os n\u00famero 0001/2022 de 14 de outubro de 2022 e  001/2023 de 31 de mar\u00e7o de 2023, e do setor de Contabilidade subscritas nos n\u00fameros de memorando 89/2022 de 30 de agosto de 2022, 119/2022 de 24 de outubro de 2022 e 102/2022 de 22 de setembro de 2022"}, {"id": "21912", "ano": "2023", "numero": "39", "tipo__sigla": "REQ", "tipo__descricao": "Requerimento", "autoria": "Frederico Henrique Cota Alves (Fred Piau)", "texto_original": "http://sapl.pedroleopoldo.mg.leg.br/media/sapl/public/materialegislativa/2023/21912/requerimento_39-23_-_frederico.pdf", "ementa": "Requer o levantamento de todas as quadras municipais poliesportivas de nossa cidade, com endere\u00e7o, data de \u00faltima manuten\u00e7\u00e3o e quais s\u00e3o os projetos para reaviv\u00e1-las."}, {"id": "21913", "ano": "2023", "numero": "40", "tipo__sigla": "REQ", "tipo__descricao": "Requerimento", "autoria": "Matheus Utsch de Oliveira", "texto_original": "http://sapl.pedroleopoldo.mg.leg.br/media/sapl/public/materialegislativa/2023/21913/requerimento_40-23_-_matheus.pdf", "ementa": "Requer informa\u00e7\u00f5es sobre as medidas e os valores gastos com opera\u00e7\u00f5es tapa buracos e pavimenta\u00e7\u00f5es em 2022."}, {"id": "21914", "ano": "2023", "numero": "41", "tipo__sigla": "REQ", "tipo__descricao": "Requerimento", "autoria": "Matheus Utsch de Oliveira", "texto_original": "http://sapl.pedroleopoldo.mg.leg.br/media/sapl/public/materialegislativa/2023/21914/requerimento_41-23_-_matheus.pdf", "ementa": "Requer a raz\u00e3o social dos benefici\u00e1rios com Publicidade e Propaganda da empresa contratada, 2004 Publicidade, contrato 28/2022 e os motivos dos aditivos de 150 mil reais."}, {"id": "21915", "ano": "2023", "numero": "42", "tipo__sigla": "REQ", "tipo__descricao": "Requerimento", "autoria": "Frederico Henrique Cota Alves (Fred Piau)", "texto_original": "http://sapl.pedroleopoldo.mg.leg.br/media/sapl/public/materialegislativa/2023/21915/requerimento_42-23_-_frederico.pdf", "ementa": "Requer informa\u00e7\u00f5es sobre quais s\u00e3o os valores repassados \u00e0 ASSER, quais s\u00e3o as atividades desenvolvidas, quais os hor\u00e1rios dias e locais das aulas oferecidas, quem s\u00e3o os profissionais que ministram as aulas e quantos s\u00e3o os alunos por modalidade."}, {"id": "21953", "ano": "2023", "numero": "43", "tipo__sigla": "REQ", "tipo__descricao": "Requerimento", "autoria": "Frederico Henrique Cota Alves (Fred Piau)", "texto_original": "http://sapl.pedroleopoldo.mg.leg.br/media/sapl/public/materialegislativa/2023/21953/requerimento_43-23_-_frederico.pdf", "ementa": "No uso de minhas atribui\u00e7\u00f5es regimentais, requeiro \u00e0 Excelent\u00edssima Senhora Prefeita enviar a  c\u00f3pia do projeto de obras do Centro Poliesportivo de Pedro Leopoldo (CEPPEL), o valor da obra, a data de in\u00edcio e a data da entrega."}, {"id": "21954", "ano": "2023", "numero": "44", "tipo__sigla": "REQ", "tipo__descricao": "Requerimento", "autoria": "Frederico Henrique Cota Alves (Fred Piau)", "texto_original": "http://sapl.pedroleopoldo.mg.leg.br/media/sapl/public/materialegislativa/2023/21954/requerimento_44-23_-_frederico.pdf", "ementa": "No uso de minhas atribui\u00e7\u00f5es regimentais, requeiro \u00e0 Excelent\u00edssima Senhora Prefeita informa\u00e7\u00f5es sobre a farm\u00e1cia itinerante: datas e locais que est\u00e3o atendendo, quais medicamentos est\u00e3o em falta e o motivo da falta desses medicamentos."}, {"id": "21955", "ano": "2023", "numero": "45", "tipo__sigla": "REQ", "tipo__descricao": "Requerimento", "autoria": "Matheus Utsch de Oliveira", "texto_original": "http://sapl.pedroleopoldo.mg.leg.br/media/sapl/public/materialegislativa/2023/21955/requerimento_45-32_-_matheus.pdf", "ementa": "No uso de minhas atribui\u00e7\u00f5es regimentais, requeiro \u00e0 Excelent\u00edssima Senhora Prefeita informa\u00e7\u00f5es sobre quais medidas est\u00e3o sendo tomadas em rela\u00e7\u00e3o \u00e0s constantes viola\u00e7\u00f5es da Lei n\u00ba 3.546, de 03 de dezembro de 2019,. que \u201cAutoriza o Executivo Municipal a indenizar servidores p\u00fablicos municipais por progress\u00f5es e promo\u00e7\u00f5es requeridas e n\u00e3o concedidas em virtude dos impedimentos impostos pela Lei de Responsabilidade Fiscal e d\u00e1 outras provid\u00eancias.\u201d"}, {"id": "21956", "ano": "2023", "numero": "46", "tipo__sigla": "REQ", "tipo__descricao": "Requerimento", "autoria": "Matheus Utsch de Oliveira", "texto_original": "http://sapl.pedroleopoldo.mg.leg.br/media/sapl/public/materialegislativa/2023/21956/requerimento_46-23_-_matheus.pdf", "ementa": "No uso de minhas atribui\u00e7\u00f5es regimentais, requeiro \u00e0 Excelent\u00edssima Senhora Prefeita informa\u00e7\u00f5es e documentos (respeitando a Lei Geral de Prote\u00e7\u00e3o de Dados Pessoais) que comprovem os nomes dos empregados da empresa DDS que prestaram servi\u00e7os na prefeitura, respectivamente seus setores, sal\u00e1rios e cargos/fun\u00e7\u00f5es no per\u00edodo de vig\u00eancia do contrato."}, {"id": "21982", "ano": "2023", "numero": "47", "tipo__sigla": "REQ", "tipo__descricao": "Requerimento", "autoria": "Frederico Henrique Cota Alves (Fred Piau)", "texto_original": "http://sapl.pedroleopoldo.mg.leg.br/media/sapl/public/materialegislativa/2023/21982/requerimento_47-23_-_frederico.pdf", "ementa": "Requer da Secretaria de Obras e Servi\u00e7os P\u00fablicos a previs\u00e3o de manuten\u00e7\u00e3o das ruas da Quinta das Palmeiras."}, {"id": "21983", "ano": "2023", "numero": "48", "tipo__sigla": "REQ", "tipo__descricao": "Requerimento", "autoria": "Matheus Utsch de Oliveira", "texto_original": "http://sapl.pedroleopoldo.mg.leg.br/media/sapl/public/materialegislativa/2023/21983/requerimento_48-23_-_matheus.pdf", "ementa": "Requer saber quantas vans, atualmente, fazem o transporte de pacientes para Belo Horizonte, especialmente, da hemodi\u00e1lise, e qual a situa\u00e7\u00e3o das vans com ano de fabrica\u00e7\u00e3o e estado de manuten\u00e7\u00e3o delas."}, {"id": "21984", "ano": "2023", "numero": "49", "tipo__sigla": "REQ", "tipo__descricao": "Requerimento", "autoria": "Matheus Utsch de Oliveira", "texto_original": "http://sapl.pedroleopoldo.mg.leg.br/media/sapl/public/materialegislativa/2023/21984/requerimento_49-23_-_matheus.pdf", "ementa": "Requer o planejamento para a seguran\u00e7a da portaria do PA Central; bem como requer saber se isso ser\u00e1 via concurso para Guarda Municipal ou terceirizado."}, {"id": "22065", "ano": "2023", "numero": "50", "tipo__sigla": "REQ", "tipo__descricao": "Requerimento", "autoria": "Matheus Utsch de Oliveira", "texto_original": "http://sapl.pedroleopoldo.mg.leg.br/media/sapl/public/materialegislativa/2023/22065/requerimento_50-23_-_matheus.pdf", "ementa": "Requer informa\u00e7\u00f5es e c\u00f3pia de documentos gerados na limpeza do telhado e manuten\u00e7\u00e3o do PA Central."}, {"id": "22066", "ano": "2023", "numero": "51", "tipo__sigla": "REQ", "tipo__descricao": "Requerimento", "autoria": "Matheus Utsch de Oliveira", "texto_original": "http://sapl.pedroleopoldo.mg.leg.br/media/sapl/public/materialegislativa/2023/22066/requerimento_51-23_-_matheus.pdf", "ementa": "Requer documentos que informem a fila de espera de pacientes que usam o transporte de van para fazer hemodi\u00e1lise e qual a atual demanda."}, {"id": "22142", "ano": "2023", "numero": "52", "tipo__sigla": "REQ", "tipo__descricao": "Requerimento", "autoria": "Matheus Utsch de Oliveira", "texto_original": "http://sapl.pedroleopoldo.mg.leg.br/media/sapl/public/materialegislativa/2023/22142/requerimento_52-23_-_matheus.pdf", "ementa": "No uso de minhas atribui\u00e7\u00f5es regimentais, requeiro \u00e0 Excelent\u00edssima Senhora Prefeita a apresenta\u00e7\u00e3o do escopo ou projeto da Via Norte e Rua Jaci Teixeira da Costa (lateral ao Supermercados BH) que dar\u00e1 acesso \u00e0 avenida do Bairro Andyara."}, {"id": "22143", "ano": "2023", "numero": "53", "tipo__sigla": "REQ", "tipo__descricao": "Requerimento", "autoria": "Matheus Utsch de Oliveira", "texto_original": "http://sapl.pedroleopoldo.mg.leg.br/media/sapl/public/materialegislativa/2023/22143/requerimetno_53-23_-_matheus.pdf", "ementa": "No uso de minhas atribui\u00e7\u00f5es regimentais, requeiro \u00e0 Excelent\u00edssima Senhora Prefeita saber se h\u00e1 procedimento interno para analisar neglig\u00eancia ou imper\u00edcia no acidente com v\u00edtima em frente ao Supermercado BH, bem como na demora da ambul\u00e2ncia."}, {"id": "22222", "ano": "2023", "numero": "54", "tipo__sigla": "REQ", "tipo__descricao": "Requerimento", "autoria": "Matheus Utsch de Oliveira", "texto_original": "http://sapl.pedroleopoldo.mg.leg.br/media/sapl/public/materialegislativa/2023/22222/requerimento_54-23-_-_matheus.pdf", "ementa": "Requer informa\u00e7\u00f5es sobre as a\u00e7\u00f5es realizadas at\u00e9 o momento (07/2023) e a\u00e7\u00f5es a serem realizadas at\u00e9 o in\u00edcio das chuvas nos pontos mapeados de alagamento na cidade"}, {"id": "22223", "ano": "2023", "numero": "55", "tipo__sigla": "REQ", "tipo__descricao": "Requerimento", "autoria": "Matheus Utsch de Oliveira", "texto_original": "http://sapl.pedroleopoldo.mg.leg.br/media/sapl/public/materialegislativa/2023/22223/requerimetno_55-23_-_matheus.pdf", "ementa": "Requer informa\u00e7\u00f5es e o cronograma de a\u00e7\u00f5es de desassoreamento dos ribeir\u00f5es da Mata e das Neves no segundo semestre de 2023"}, {"id": "22289", "ano": "2023", "numero": "56", "tipo__sigla": "REQ", "tipo__descricao": "Requerimento", "autoria": "Matheus Utsch de Oliveira", "texto_original": "http://sapl.pedroleopoldo.mg.leg.br/media/sapl/public/materialegislativa/2023/22289/requerimento_56-23_-_matheus.pdf", "ementa": "No uso de minhas atribui\u00e7\u00f5es regimentais, requeiro \u00e0 Excelent\u00edssima Senhora Prefeita, informa\u00e7\u00f5es se h\u00e1 estudos para bombeamento da \u00e1gua da lagoa em Lagoa de Santo Ant\u00f4nio para o per\u00edodo de seca evitando mais alagamentos"}, {"id": "22290", "ano": "2023", "numero": "57", "tipo__sigla": "REQ", "tipo__descricao": "Requerimento", "autoria": "Matheus Utsch de Oliveira", "texto_original": "http://sapl.pedroleopoldo.mg.leg.br/media/sapl/public/materialegislativa/2023/22290/requerimento_57-23_-_matheus.pdf", "ementa": "No uso de minhas atribui\u00e7\u00f5es regimentais, requeiro \u00e0 Excelent\u00edssima Senhora Prefeita, imagens das c\u00e2meras de seguran\u00e7a do  Pronto Atendimento (PA) Central no dia 15/06/2023, dia do acidente, nos hor\u00e1rios entre 16:30 e 17h."}, {"id": "22257", "ano": "2023", "numero": "58", "tipo__sigla": "REQ", "tipo__descricao": "Requerimento", "autoria": "Matheus Utsch de Oliveira", "texto_original": "http://sapl.pedroleopoldo.mg.leg.br/media/sapl/public/materialegislativa/2023/22257/requerimento_no_58-23_-_matheus.pdf", "ementa": "No uso de minhas atribui\u00e7\u00f5es regimentais, requeiro \u00e0 Excelent\u00edssima Senhora Prefeita as informa\u00e7\u00f5es sobre o estudo da Lagoa de Santo Ant\u00f4nio pela UFMG previsto para julho."}, {"id": "22330", "ano": "2023", "numero": "59", "tipo__sigla": "REQ", "tipo__descricao": "Requerimento", "autoria": "Matheus Utsch de Oliveira", "texto_original": "http://sapl.pedroleopoldo.mg.leg.br/media/sapl/public/materialegislativa/2023/22330/requerimento_59-23_-_matheus.pdf", "ementa": "No uso de minhas atribui\u00e7\u00f5es regimentais, requeiro \u00e0 Excelent\u00edssima Senhora Prefeita as informa\u00e7\u00f5es e cronograma sobre a retirada dos fios prostrados na Avenida da Cau\u00ea esquina com a Rua Pac\u00edfico Jos\u00e9 Diniz."}, {"id": "22316", "ano": "2023", "numero": "60", "tipo__sigla": "REQ", "tipo__descricao": "Requerimento", "autoria": "Matheus Utsch de Oliveira", "texto_original": "http://sapl.pedroleopoldo.mg.leg.br/media/sapl/public/materialegislativa/2023/22316/requerimento_no_60-2023_-_ver._matheus.pdf", "ementa": "No uso de minhas atribui\u00e7\u00f5es regimentais, requeiro \u00e0 Excelent\u00edssima Senhora Prefeita as informa\u00e7\u00f5es sobre aplica\u00e7\u00e3o da Lei n\u00ba 3.650, de 24 de mar\u00e7o de 2022 nos pontos cr\u00edticos da cidade que est\u00e3o com fia\u00e7\u00e3o el\u00e9trica excedente e apresentando riscos."}, {"id": "22317", "ano": "2023", "numero": "61", "tipo__sigla": "REQ", "tipo__descricao": "Requerimento", "autoria": "Matheus Utsch de Oliveira", "texto_original": "http://sapl.pedroleopoldo.mg.leg.br/media/sapl/public/materialegislativa/2023/22317/requerimento_no_61-2023_-_ver._matheus.pdf", "ementa": "No uso de minhas atribui\u00e7\u00f5es regimentais, requeiro \u00e0 Excelent\u00edssima Senhora Prefeita as informa\u00e7\u00f5es sobre a disponibilidade de faixa de pedestre elevada em frente \u00e0 todos os Cemais e escolas do munic\u00edpio"}, {"id": "22331", "ano": "2023", "numero": "62", "tipo__sigla": "REQ", "tipo__descricao": "Requerimento", "autoria": "Matheus Utsch de Oliveira", "texto_original": "http://sapl.pedroleopoldo.mg.leg.br/media/sapl/public/materialegislativa/2023/22331/requerimento_62-23_-_matheus.pdf", "ementa": "No uso de minhas atribui\u00e7\u00f5es regimentais, requeiro \u00e0 Excelent\u00edssima Senhora Prefeita as informa\u00e7\u00f5es sobre a situa\u00e7\u00e3o das manilhas entupidas no bairro Joana Darc, rua Arax\u00e1, que provoca alagamentos anuais e quais a\u00e7\u00f5es est\u00e3o sendo executadas."}, {"id": "22460", "ano": "2023", "numero": "64", "tipo__sigla": "REQ", "tipo__descricao": "Requerimento", "autoria": "Matheus Utsch de Oliveira", "texto_original": "http://sapl.pedroleopoldo.mg.leg.br/media/sapl/public/materialegislativa/2023/22460/requerimento_64-23_-_ver._matheus.pdf", "ementa": "No uso de minhas atribui\u00e7\u00f5es regimentais, requeiro \u00e0 Excelent\u00edssima Senhora Prefeita as informa\u00e7\u00f5es sobre o pagamento de insalubridade dos garis, funcion\u00e1rios da prefeitura e terceirizados em grau m\u00e1ximo de 40%, conforme decis\u00e3o do TST de 2022 sobre esses direitos."}, {"id": "22461", "ano": "2023", "numero": "65", "tipo__sigla": "REQ", "tipo__descricao": "Requerimento", "autoria": "Frederico Henrique Cota Alves (Fred Piau)", "texto_original": "http://sapl.pedroleopoldo.mg.leg.br/media/sapl/public/materialegislativa/2023/22461/requerimento_65-23_-_ver._frederico.pdf", "ementa": "No uso de minhas atribui\u00e7\u00f5es regimentais, requeiro \u00e0 Excelent\u00edssima Senhora Prefeita solicitar ao setor respons\u00e1vel informa\u00e7\u00f5es e planejamentos do tratamento de esgoto do Munic\u00edpio."}, {"id": "22602", "ano": "2023", "numero": "67", "tipo__sigla": "REQ", "tipo__descricao": "Requerimento", "autoria": "Matheus Utsch de Oliveira", "texto_original": "http://sapl.pedroleopoldo.mg.leg.br/media/sapl/public/materialegislativa/2023/22602/requerimento_67-23_-_ver._matheus.pdf", "ementa": "No uso de minhas atribui\u00e7\u00f5es regimentais, requeiro \u00e0 Excelent\u00edssima Senhora Prefeita as informa\u00e7\u00f5es sobre a\u00e7\u00f5es que est\u00e3o sendo desempenhadas para a conten\u00e7\u00e3o da \u00e1gua afim de evitar alagamentos da Lagoa, localizada no Distrito de Lagoa de Santo Ant\u00f4nio."}, {"id": "22603", "ano": "2023", "numero": "68", "tipo__sigla": "REQ", "tipo__descricao": "Requerimento", "autoria": "Frederico Henrique Cota Alves (Fred Piau)", "texto_original": "http://sapl.pedroleopoldo.mg.leg.br/media/sapl/public/materialegislativa/2023/22603/requerimento_68-23_-_ver._frederico.pdf", "ementa": "No uso de minhas atribui\u00e7\u00f5es regimentais, requeiro \u00e0 Excelent\u00edssima Senhora Prefeita informa\u00e7\u00f5es de como se deu o processo de contrata\u00e7\u00e3o da equipe de arbitragem para o JEMPEL, bem como quais foram os crit\u00e9rios utilizados e quais as compet\u00eancias exigidas para contrata\u00e7\u00e3o."}, {"id": "22604", "ano": "2023", "numero": "69", "tipo__sigla": "REQ", "tipo__descricao": "Requerimento", "autoria": "Matheus Utsch de Oliveira", "texto_original": "http://sapl.pedroleopoldo.mg.leg.br/media/sapl/public/materialegislativa/2023/22604/requerimento_69-23_-_ver._matheus.pdf", "ementa": "No uso de minhas atribui\u00e7\u00f5es regimentais, requeiro \u00e0 Excelent\u00edssima Senhora Prefeita as informa\u00e7\u00f5es sobre o repasse de R$517.663,00 pela deputada Nayara Rocha para a aquisi\u00e7\u00e3o de Raio-X Fixo Digital e um Ultrassom Diagn\u00f3stico para o PA Central em mar\u00e7o de 2023."}, {"id": "22629", "ano": "2023", "numero": "70", "tipo__sigla": "REQ", "tipo__descricao": "Requerimento", "autoria": "Frederico Henrique Cota Alves (Fred Piau)", "texto_original": "http://sapl.pedroleopoldo.mg.leg.br/media/sapl/public/materialegislativa/2023/22629/requerimento_070-2023_-_frederico.docx", "ementa": "No uso de minhas atribui\u00e7\u00f5es regimentais, requeiro \u00e0 Excelent\u00edssima Senhora Prefeita informa\u00e7\u00f5es sobre as linhas telef\u00f4nicas dos ESFs e sobre o celular corporativo das unidades, uma vez que o comprometimento no funcionamento das mesmas tem prejudicado as marca\u00e7\u00f5es de consultas e exames dos pacientes assistidos pelas unidades."}, {"id": "22630", "ano": "2023", "numero": "71", "tipo__sigla": "REQ", "tipo__descricao": "Requerimento", "autoria": "Leonardo Pereira Ribeiro (Leoz\u00e3o)", "texto_original": "http://sapl.pedroleopoldo.mg.leg.br/media/sapl/public/materialegislativa/2023/22630/requerimento_71-23_-_leonardo.pdf", "ementa": "No uso de minhas atribui\u00e7\u00f5es regimentais, requeiro a Excelent\u00edssima Sra Prefeita, a gentileza de informar os estudos e as provid\u00eancias que tem sido adotadas pela administra\u00e7\u00e3o, objetivando a implanta\u00e7\u00e3o do piso da enfermagem, no Municipio de Pedro Leopoldo."}, {"id": "22691", "ano": "2023", "numero": "72", "tipo__sigla": "REQ", "tipo__descricao": "Requerimento", "autoria": "Matheus Utsch de Oliveira", "texto_original": "http://sapl.pedroleopoldo.mg.leg.br/media/sapl/public/materialegislativa/2023/22691/requerimento_72-23_-_matheus.pdf", "ementa": "No uso de minhas atribui\u00e7\u00f5es regimentais, requeiro \u00e0 Excelent\u00edssima Senhora Prefeita as informa\u00e7\u00f5es portando a descri\u00e7\u00e3o dos gastos com impulsionamento nas redes sociais at\u00e9 agosto de 2023, inclusive os ativos."}, {"id": "22667", "ano": "2023", "numero": "73", "tipo__sigla": "REQ", "tipo__descricao": "Requerimento", "autoria": "Rafael Vieira Faria (Rafa)", "texto_original": "http://sapl.pedroleopoldo.mg.leg.br/media/sapl/public/materialegislativa/2023/22667/requerimento_73-23_-_rafael.pdf", "ementa": "Venho, no uso de minhas atribui\u00e7\u00f5es, apresentar requerimento, solicitando informa\u00e7\u00e3o no que tange a quais cursos e treinamentos foram oferecidos aos servidores nos anos de 2021 e 2022."}, {"id": "22668", "ano": "2023", "numero": "74", "tipo__sigla": "REQ", "tipo__descricao": "Requerimento", "autoria": "Frederico Henrique Cota Alves (Fred Piau)", "texto_original": "http://sapl.pedroleopoldo.mg.leg.br/media/sapl/public/materialegislativa/2023/22668/requerimento_74-23_-_frederico.pdf", "ementa": "No uso de minhas atribui\u00e7\u00f5es regimentais, requeiro \u00e0 Excelent\u00edssima Senhora Prefeita informa\u00e7\u00f5es sobre o motivo da falta de m\u00e9dico pediatra na unidade do ESF Lagoa de Santo Ant\u00f4nio \u2013 Morada dos Angicos."}, {"id": "22669", "ano": "2023", "numero": "75", "tipo__sigla": "REQ", "tipo__descricao": "Requerimento", "autoria": "Matheus Utsch de Oliveira", "texto_original": "http://sapl.pedroleopoldo.mg.leg.br/media/sapl/public/materialegislativa/2023/22669/requerimento_75-23_-_matheus.pdf", "ementa": "No uso de minhas atribui\u00e7\u00f5es regimentais, requeiro \u00e0 Excelent\u00edssima Senhora Prefeita conforme o provimento ao recurso da apela\u00e7\u00e3o c\u00edvel n\u00ba 1.0000.23.090038-3/001 as informa\u00e7\u00f5es e documentos relacionando m\u00eas a m\u00eas as contrata\u00e7\u00f5es e demiss\u00f5es assim como no portal da transpar\u00eancia empregados da empresa DDS que prestaram servi\u00e7os na prefeitura, respectivamente seus cargos, fun\u00e7\u00f5es, sal\u00e1rios e processo seletivo retroativo aos anos de 2021, 2022 e 2023."}, {"id": "22670", "ano": "2023", "numero": "76", "tipo__sigla": "REQ", "tipo__descricao": "Requerimento", "autoria": "Matheus Utsch de Oliveira", "texto_original": "http://sapl.pedroleopoldo.mg.leg.br/media/sapl/public/materialegislativa/2023/22670/requerimento_76-23_-_ver._matheus.pdf", "ementa": "No uso de minhas atribui\u00e7\u00f5es regimentais, requeiro \u00e0 Excelent\u00edssima Senhora Prefeita as informa\u00e7\u00f5es sobre o cronograma de revitaliza\u00e7\u00e3o do canteiro na Rua Agenor Teixeira da Costa."}, {"id": "22671", "ano": "2023", "numero": "77", "tipo__sigla": "REQ", "tipo__descricao": "Requerimento", "autoria": "Matheus Utsch de Oliveira", "texto_original": "http://sapl.pedroleopoldo.mg.leg.br/media/sapl/public/materialegislativa/2023/22671/requerimento_77-23_-_ver._matheus.pdf", "ementa": "No uso de minhas atribui\u00e7\u00f5es regimentais, requeiro \u00e0 Excelent\u00edssima Senhora Prefeita as informa\u00e7\u00f5es sobre a implementa\u00e7\u00e3o da pol\u00edtica de plantio de \u00e1rvores conforme legisla\u00e7\u00e3o municipal \u2013 Lei Municipal n\u00ba 3.666, de 06 de Junho de 2022."}, {"id": "22672", "ano": "2023", "numero": "78", "tipo__sigla": "REQ", "tipo__descricao": "Requerimento", "autoria": "Frederico Henrique Cota Alves (Fred Piau)", "texto_original": "http://sapl.pedroleopoldo.mg.leg.br/media/sapl/public/materialegislativa/2023/22672/requerimento_78-23_-_ver._frederico.pdf", "ementa": "No uso de minhas atribui\u00e7\u00f5es regimentais, requeiro \u00e0 Excelent\u00edssima Senhora Prefeita informa\u00e7\u00f5es sobre a realiza\u00e7\u00e3o de campanhas de combate a obesidade infantil em parceria com o projeto \u201cEDUCA\u00c7\u00c3O COM ARTE\u201d, indica\u00e7\u00f5es enviadas ao executivo por duas vezes pelos n\u00fameros 305/2021 e 324/2017."}, {"id": "22673", "ano": "2023", "numero": "79", "tipo__sigla": "REQ", "tipo__descricao": "Requerimento", "autoria": "Frederico Henrique Cota Alves (Fred Piau)", "texto_original": "http://sapl.pedroleopoldo.mg.leg.br/media/sapl/public/materialegislativa/2023/22673/requerimento_79-23_-_ver._frederico.pdf", "ementa": "No uso de minhas atribui\u00e7\u00f5es regimentais, requeiro \u00e0 Excelent\u00edssima Senhora Prefeita informa\u00e7\u00f5es sobre o motivo de ainda n\u00e3o termos o PARAJEMPEL \u2013 Jogos Estudantis para Pessoas com Defici\u00eancia, conforme as indica\u00e7\u00f5es enviadas ao executivo por duas vezes pelos n\u00fameros 118/2017 e 132/2021."}, {"id": "22738", "ano": "2023", "numero": "80", "tipo__sigla": "REQ", "tipo__descricao": "Requerimento", "autoria": "Matheus Utsch de Oliveira", "texto_original": "http://sapl.pedroleopoldo.mg.leg.br/media/sapl/public/materialegislativa/2023/22738/requerimento_80_-23_-ver._matheus.pdf", "ementa": "No uso de minhas atribui\u00e7\u00f5es regimentais, requeiro \u00e0 Excelent\u00edssima Senhora Prefeita as informa\u00e7\u00f5es sobre quais s\u00e3o as empresas, n\u00famero de empregos gerados, endere\u00e7o e a rela\u00e7\u00e3o descritiva do total de empregos conforme publica\u00e7\u00e3o do Jornal Folha de Pedro Leopoldo, pag. 6, ed. 955."}, {"id": "22739", "ano": "2023", "numero": "81", "tipo__sigla": "REQ", "tipo__descricao": "Requerimento", "autoria": "Frederico Henrique Cota Alves (Fred Piau)", "texto_original": "http://sapl.pedroleopoldo.mg.leg.br/media/sapl/public/materialegislativa/2023/22739/requerimento_81-23_-ver._frederico.pdf", "ementa": "No uso de minhas atribui\u00e7\u00f5es regimentais, requeiro \u00e0 Excelent\u00edssima Senhora Prefeita informa\u00e7\u00f5es sobre as medi\u00e7\u00f5es e mapeamento da rua Joaquim Carolins no bairro Quinta das Palmeiras."}, {"id": "22740", "ano": "2023", "numero": "82", "tipo__sigla": "REQ", "tipo__descricao": "Requerimento", "autoria": "Matheus Utsch de Oliveira", "texto_original": "http://sapl.pedroleopoldo.mg.leg.br/media/sapl/public/materialegislativa/2023/22740/requerimento_82-_23_-ver._matheus.pdf", "ementa": "No uso de minhas atribui\u00e7\u00f5es regimentais, requeiro \u00e0 Excelent\u00edssima Senhora Prefeita as informa\u00e7\u00f5es sobre quais os motivos e justificativas para manter a limita\u00e7\u00e3o de 2 horas para vel\u00f3rios visto que o decreto sanit\u00e1rio n\u00e3o est\u00e1 em vigor."}, {"id": "22763", "ano": "2023", "numero": "83", "tipo__sigla": "REQ", "tipo__descricao": "Requerimento", "autoria": "Matheus Utsch de Oliveira", "texto_original": "http://sapl.pedroleopoldo.mg.leg.br/media/sapl/public/materialegislativa/2023/22763/requerimento_83-2023_-_ver.matheus.pdf", "ementa": "No uso de minhas atribui\u00e7\u00f5es regimentais, requeiro \u00e0 Excelent\u00edssima Senhora Prefeita as informa\u00e7\u00f5es sobre a data de entrada e previs\u00e3o de sa\u00edda da Van da Fisioterapia enviada para conserto na garagem da prefeitura e os valores do ve\u00edculo substituto at\u00e9 o momento."}, {"id": "22764", "ano": "2023", "numero": "84", "tipo__sigla": "REQ", "tipo__descricao": "Requerimento", "autoria": "Matheus Utsch de Oliveira", "texto_original": "http://sapl.pedroleopoldo.mg.leg.br/media/sapl/public/materialegislativa/2023/22764/requerimento_84-2023_-_ver._matheus.pdf", "ementa": "No uso de minhas atribui\u00e7\u00f5es regimentais, requeiro \u00e0 Excelent\u00edssima Senhora Prefeita toda documenta\u00e7\u00e3o dispon\u00edvel sobre o processo de libera\u00e7\u00e3o da Esta\u00e7\u00e3o Elevat\u00f3ria da Lagoa do Distrito de Lagoa de Santo Ant\u00f4nio e posteriores a\u00e7\u00f5es ligadas \u00e0 ETE e esgotamento sanit\u00e1rio."}, {"id": "22794", "ano": "2023", "numero": "85", "tipo__sigla": "REQ", "tipo__descricao": "Requerimento", "autoria": "Matheus Utsch de Oliveira", "texto_original": "http://sapl.pedroleopoldo.mg.leg.br/media/sapl/public/materialegislativa/2023/22794/requerimento_85-2023.pdf", "ementa": "No uso de minhas atribui\u00e7\u00f5es regimentais, requeiro \u00e0 Excelent\u00edssima Senhora Prefeita informa\u00e7\u00f5es se houve aviso ou comunica\u00e7\u00e3o \u00e0 Copasa com anteced\u00eancia sobre a cobertura asf\u00e1ltica realizada no Centro."}, {"id": "22796", "ano": "2023", "numero": "86", "tipo__sigla": "REQ", "tipo__descricao": "Requerimento", "autoria": "Matheus Utsch de Oliveira", "texto_original": "http://sapl.pedroleopoldo.mg.leg.br/media/sapl/public/materialegislativa/2023/22796/requerimento_86-2023.pdf", "ementa": "No uso de minhas atribui\u00e7\u00f5es regimentais, requeiro \u00e0 Excelent\u00edssima Senhora Prefeita o relat\u00f3rio informando a quantidade de reservat\u00f3rios de \u00e1gua e a capacidade de cada um nos bairros de Pedro Leopoldo"}, {"id": "22835", "ano": "2023", "numero": "87", "tipo__sigla": "REQ", "tipo__descricao": "Requerimento", "autoria": "Matheus Utsch de Oliveira", "texto_original": "http://sapl.pedroleopoldo.mg.leg.br/media/sapl/public/materialegislativa/2023/22835/requerimento_87-2023.pdf", "ementa": "No uso de minhas atribui\u00e7\u00f5es regimentais, requeiro \u00e0 Excelent\u00edssima Senhora Prefeita as informa\u00e7\u00f5es sobre os itens de servi\u00e7os dos 3 primeiros meses de 2023 dos contratos 10/2018 e 38/2020 que totalizam R$1.179.740,63 com a Locaflex destinadas \u00e0 promo\u00e7\u00e3o da Cultura, esporte, juventude, turismo e Lazer."}, {"id": "22873", "ano": "2023", "numero": "88", "tipo__sigla": "REQ", "tipo__descricao": "Requerimento", "autoria": "Matheus Utsch de Oliveira", "texto_original": "http://sapl.pedroleopoldo.mg.leg.br/media/sapl/public/materialegislativa/2023/22873/requerimento__88-2023-_matheus_utsch.pdf", "ementa": "No uso de minhas atribui\u00e7\u00f5es regimentais, requeiro \u00e0 Excelent\u00edssima Senhora Prefeita as informa\u00e7\u00f5es sobre quais ser\u00e3o as medidas tomadas para o esvaziamento da Lagoa de Santo Ant\u00f4nio para o per\u00edodo de chuvas visto que essa j\u00e1 se encontra em seu volume m\u00e1ximo."}, {"id": "22875", "ano": "2023", "numero": "89", "tipo__sigla": "REQ", "tipo__descricao": "Requerimento", "autoria": "Matheus Utsch de Oliveira", "texto_original": "http://sapl.pedroleopoldo.mg.leg.br/media/", "ementa": "No uso de minhas atribui\u00e7\u00f5es regimentais, requeiro \u00e0 Excelent\u00edssima Senhora Prefeita o relat\u00f3rio anal\u00edtico (detalhado) das emendas impositivas dos vereadores aplicadas no ano de 2021, 2022 e 2023."}, {"id": "22970", "ano": "2023", "numero": "90", "tipo__sigla": "REQ", "tipo__descricao": "Requerimento", "autoria": "Matheus Utsch de Oliveira", "texto_original": "http://sapl.pedroleopoldo.mg.leg.br/media/sapl/public/materialegislativa/2023/22970/requerimento_90_-_ver_matheus_utsch.pdf", "ementa": "No uso de minhas atribui\u00e7\u00f5es regimentais, requeiro \u00e0 Excelent\u00edssima Senhora Prefeita as informa\u00e7\u00f5es sobre quais medidas est\u00e3o sendo tomadas para melhoria da vaz\u00e3o de \u00e1guas pluviais nos bairros Joana D'arc, Donato e Boa Esperan\u00e7a"}, {"id": "22992", "ano": "2023", "numero": "91", "tipo__sigla": "REQ", "tipo__descricao": "Requerimento", "autoria": "Matheus Utsch de Oliveira", "texto_original": "http://sapl.pedroleopoldo.mg.leg.br/media/sapl/public/materialegislativa/2023/22992/requerimento_91-2023-_ver_matheus_utsch.pdf", "ementa": "No uso de minhas atribui\u00e7\u00f5es regimentais, requeiro \u00e0 Excelent\u00edssima Senhora Prefeita as informa\u00e7\u00f5es sobre quais medidas est\u00e3o sendo tomadas para melhoria da vaz\u00e3o de \u00e1guas pluviais na rua Esp\u00edrito Santo, bairro Lagoa de Santo Ant\u00f4nio"}, {"id": "22994", "ano": "2023", "numero": "92", "tipo__sigla": "REQ", "tipo__descricao": "Requerimento", "autoria": "Matheus Utsch de Oliveira", "texto_original": "http://sapl.pedroleopoldo.mg.leg.br/media/sapl/public/materialegislativa/2023/22994/requerimento_92-2023-_ver_matheus_utsch.pdf", "ementa": "No uso de minhas atribui\u00e7\u00f5es regimentais, requeiro \u00e0 Excelent\u00edssima Senhora Prefeita as informa\u00e7\u00f5es da Secretaria de Meio Ambiente sobre o estudo encomendado pela Holcim dispon\u00edvel em seus arquivos feitos pela consultoria Brandt relacionado a Lagoa de Santo Ant\u00f4nio na d\u00e9cada de 90."}, {"id": "22910", "ano": "2023", "numero": "93", "tipo__sigla": "REQ", "tipo__descricao": "Requerimento", "autoria": "Cynthia Salom\u00e3o Bastos Faria", "texto_original": "http://sapl.pedroleopoldo.mg.leg.br/media/sapl/public/materialegislativa/2023/22910/requerimento_93-2023_-_ver_cynthia_salmao.pdf", "ementa": "Requeiro ao Excelent\u00edssimo Senhor Secret\u00e1rio Municipal de Administra\u00e7\u00e3o, resposta quanto a INDICA\u00c7\u00c3O 232/2023 a respeito de um aparelho corporativo para uso do Correio que atende a comunidade de Fidalgo e Quinta do Sumidouro"}, {"id": "22911", "ano": "2023", "numero": "94", "tipo__sigla": "REQ", "tipo__descricao": "Requerimento", "autoria": "Frederico Henrique Cota Alves (Fred Piau)", "texto_original": "http://sapl.pedroleopoldo.mg.leg.br/media/sapl/public/materialegislativa/2023/22911/requeirmento_94-2023-ver_frederico_henrique.pdf", "ementa": "No uso de minhas atribui\u00e7\u00f5es regimentais, requeiro \u00e0 Excelent\u00edssima Senhora Prefeita informa\u00e7\u00f5es sobre o valor total da obra da pista de skate, o valor conquistado para obra e se houve algum valor de sobra onde e como foi investido"}, {"id": "22912", "ano": "2023", "numero": "95", "tipo__sigla": "REQ", "tipo__descricao": "Requerimento", "autoria": "", "texto_original": "http://sapl.pedroleopoldo.mg.leg.br/media/sapl/public/materialegislativa/2023/22912/requerimento_95-2023-_ver_frederico_henrique.pdf", "ementa": "No uso de minhas atribui\u00e7\u00f5es regimentais, requeiro \u00e0 Excelent\u00edssima Senhora Prefeita informa\u00e7\u00f5es sobre o planejamento urbano para receber mais moradores em nossa cidade, com tantos novos loteamentos, devido \u00e0 crise h\u00eddrica enfrentada, me preocupa como suportaremos o aumento populacional com sa\u00fade, educa\u00e7\u00e3o, saneamento b\u00e1sico e transporte p\u00fablico."}, {"id": "22913", "ano": "2023", "numero": "96", "tipo__sigla": "REQ", "tipo__descricao": "Requerimento", "autoria": "Matheus Utsch de Oliveira", "texto_original": "http://sapl.pedroleopoldo.mg.leg.br/media/sapl/public/materialegislativa/2023/22913/requerimento_96-2023-_ver_mathues_utsch.pdf", "ementa": "No uso de minhas atribui\u00e7\u00f5es regimentais, requeiro \u00e0 Excelent\u00edssima Senhora Prefeita as medi\u00e7\u00f5es referentes ao Contrato 36/2023 dos recapeamentos realizados nas ruas Romero Carvalho, S\u00e3o Vicente, S\u00e3o Jos\u00e9, Arthur Maloy, Belmiro Ferreira dos Santos, Dr. Neiva e Senador Melo Viana."}, {"id": "22914", "ano": "2023", "numero": "97", "tipo__sigla": "REQ", "tipo__descricao": "Requerimento", "autoria": "Matheus Utsch de Oliveira", "texto_original": "http://sapl.pedroleopoldo.mg.leg.br/media/", "ementa": "No uso de minhas atribui\u00e7\u00f5es regimentais, requeiro \u00e0 Excelent\u00edssima Senhora Prefeita as informa\u00e7\u00f5es detalhadas sobre os gastos referentes aos contratos de publicidade com empresas terceirizadas at\u00e9 o momento da resposta deste requerimento."}, {"id": "22915", "ano": "2023", "numero": "98", "tipo__sigla": "REQ", "tipo__descricao": "Requerimento", "autoria": "Eldir Jos\u00e9 Batista (Baixinho da Garagem)", "texto_original": "http://sapl.pedroleopoldo.mg.leg.br/media/sapl/public/materialegislativa/2023/22915/requerimento_98-2023-_ver_eldir_jose.pdf", "ementa": "No uso de minhas atribui\u00e7\u00f5es regimentais, requeiro \u00e0 Excelent\u00edssima Senhora Prefeita informa\u00e7\u00f5es sobre quantos casos de COVID-19 houveram em Pedro Leopoldo e qual foi a data do \u00faltimo \u00f3bito no Munic\u00edpio."}, {"id": "22969", "ano": "2023", "numero": "99", "tipo__sigla": "REQ", "tipo__descricao": "Requerimento", "autoria": "Matheus Utsch de Oliveira", "texto_original": "http://sapl.pedroleopoldo.mg.leg.br/media/sapl/public/materialegislativa/2023/22969/requerimento_99_-_ver_matheus_utsch.pdf", "ementa": "No uso de minhas atribui\u00e7\u00f5es regimentais, requeiro \u00e0 Excelent\u00edssima Senhora Prefeita as informa\u00e7\u00f5es sobre qual a situa\u00e7\u00e3o atual do Conselho do Idoso e previs\u00e3o de elei\u00e7\u00e3o para novos conselheiros"}, {"id": "23052", "ano": "2023", "numero": "100", "tipo__sigla": "REQ", "tipo__descricao": "Requerimento", "autoria": "Frederico Henrique Cota Alves (Fred Piau)", "texto_original": "http://sapl.pedroleopoldo.mg.leg.br/media/sapl/public/materialegislativa/2023/23052/requerimento_100_-_ver_frederico_henrique.pdf", "ementa": "No uso de minhas atribui\u00e7\u00f5es regimentais, requeiro \u00e0 Excelent\u00edssima Senhora Prefeita informa\u00e7\u00f5es sobre queimadas constantes que acontecem dentro da Secretaria de Obras do munic\u00edpio de Pedro Leopoldo. Quem \u00e9 o respons\u00e1vel e quem autorizou esta pr\u00e1tica dentro da Secretaria de Obra, caso esteja acontecendo, de fato?"}, {"id": "23054", "ano": "2023", "numero": "101", "tipo__sigla": "REQ", "tipo__descricao": "Requerimento", "autoria": "Matheus Utsch de Oliveira", "texto_original": "http://sapl.pedroleopoldo.mg.leg.br/media/sapl/public/materialegislativa/2023/23054/requerimento_101_-_ver_matheus_utsch.pdf", "ementa": "No uso de minhas atribui\u00e7\u00f5es regimentais, requeiro \u00e0 Excelent\u00edssima Senhora Prefeita o documento do estudo preliminar apresentado pela UFMG no Centro de Artes e Esportes Unificados - CEU."}, {"id": "23053", "ano": "2023", "numero": "102", "tipo__sigla": "REQ", "tipo__descricao": "Requerimento", "autoria": "Frederico Henrique Cota Alves (Fred Piau)", "texto_original": "http://sapl.pedroleopoldo.mg.leg.br/media/sapl/public/materialegislativa/2023/23053/requerimento_102_-_ver_frederico_henrique.pdf", "ementa": "No uso de minhas atribui\u00e7\u00f5es regimentais, requeiro \u00e0 Excelent\u00edssima Senhora Prefeita informa\u00e7\u00f5es sobre quais estudos est\u00e3o sendo feitos para melhoria da mobilidade urbana, recupera\u00e7\u00e3o de ciclovias (Adelia Issa, Campinho e Dr Lund), bem como a amplia\u00e7\u00e3o das ciclovias em nosso Munic\u00edpio. Al\u00e9m disso, requeiro informa\u00e7\u00f5es sobre como est\u00e3o sendo feitas as fiscaliza\u00e7\u00f5es e puni\u00e7\u00f5es para os condutores que estacionam sobre as ciclovias."}, {"id": "23055", "ano": "2023", "numero": "103", "tipo__sigla": "REQ", "tipo__descricao": "Requerimento", "autoria": "Matheus Utsch de Oliveira", "texto_original": "http://sapl.pedroleopoldo.mg.leg.br/media/sapl/public/materialegislativa/2023/23055/requerimento_103_-_ver_matheus_utsch.pdf", "ementa": "No uso de minhas atribui\u00e7\u00f5es regimentais, requeiro \u00e0 Excelent\u00edssima Senhora Prefeita as informa\u00e7\u00f5es sobre o \u00faltimo TAC assinado com a ASCAPEL e os recibos de contrapartidas financeiras e cumprimento do TAC de 2021 a 2023"}, {"id": "23115", "ano": "2023", "numero": "104", "tipo__sigla": "REQ", "tipo__descricao": "Requerimento", "autoria": "Frederico Henrique Cota Alves (Fred Piau)", "texto_original": "http://sapl.pedroleopoldo.mg.leg.br/media/sapl/public/materialegislativa/2023/23115/requerimento_104_-_2023_-_frederico_henrique.pdf", "ementa": "No uso de minhas atribui\u00e7\u00f5es regimentais, requeiro \u00e0 Excelent\u00edssima Senhora Prefeita informa\u00e7\u00f5es sobre qual o motivo da lei 3727/2023, que disp\u00f5e sobre a proibi\u00e7\u00e3o e perman\u00eancia de animais de m\u00e9dio e grande porte em vias e logradouros p\u00fablicos do Munic\u00edpio de Pedro Leopoldo, ainda n\u00e3o est\u00e1 sendo cumprida."}, {"id": "23116", "ano": "2023", "numero": "105", "tipo__sigla": "REQ", "tipo__descricao": "Requerimento", "autoria": "Matheus Utsch de Oliveira", "texto_original": "http://sapl.pedroleopoldo.mg.leg.br/media/sapl/public/materialegislativa/2023/23116/requeirmento_105_-_2023_-_matheus_utsch.pdf", "ementa": "No uso de minhas atribui\u00e7\u00f5es regimentais, requeiro \u00e0 Excelent\u00edssima Senhora Prefeita as informa\u00e7\u00f5es sobre quando ser\u00e1 ativado e quais as formas de capta\u00e7\u00e3o de recursos a serem destinados para o Fundo Municipal do Idoso."}, {"id": "23117", "ano": "2023", "numero": "106", "tipo__sigla": "REQ", "tipo__descricao": "Requerimento", "autoria": "Matheus Utsch de Oliveira", "texto_original": "http://sapl.pedroleopoldo.mg.leg.br/media/sapl/public/materialegislativa/2023/23117/requerimento_106-2023_-_matheus_utsch.pdf", "ementa": "No uso de minhas atribui\u00e7\u00f5es regimentais, requeiro \u00e0 Excelent\u00edssima Senhora Prefeita um relat\u00f3rio atualizado contendo informa\u00e7\u00f5es sobre: Regulamenta\u00e7\u00e3o, funcionamento, projetos, programas e atividades do Conselho Municipal do Idoso segundo a Lei Municipal n\u00ba 3.199 de 20 de dezembro de 2010"}, {"id": "23142", "ano": "2023", "numero": "107", "tipo__sigla": "REQ", "tipo__descricao": "Requerimento", "autoria": "Frederico Henrique Cota Alves (Fred Piau)", "texto_original": "http://sapl.pedroleopoldo.mg.leg.br/media/sapl/public/materialegislativa/2023/23142/requerimento_107_-_ver_frederico_henrique.pdf", "ementa": "Solicitar ao setor respons\u00e1vel implanta\u00e7\u00e3o definitiva do Projeto c\u00e2mara mirim pela Escola do Legislativo, edi\u00e7\u00e3o anual 2024 em diante."}, {"id": "23143", "ano": "2023", "numero": "108", "tipo__sigla": "REQ", "tipo__descricao": "Requerimento", "autoria": "Matheus Utsch de Oliveira", "texto_original": "http://sapl.pedroleopoldo.mg.leg.br/media/sapl/public/materialegislativa/2023/23143/requerimento_108_-_ver_matheus_utsch.pdf", "ementa": "No uso de minhas atribui\u00e7\u00f5es regimentais, requeiro \u00e0 Excelent\u00edssima Senhora Prefeita informa\u00e7\u00f5es sobre a situa\u00e7\u00e3o atual das negocia\u00e7\u00f5es da prefeitura sobre a reabertura da Fazenda Modelo"}, {"id": "23144", "ano": "2023", "numero": "109", "tipo__sigla": "REQ", "tipo__descricao": "Requerimento", "autoria": "Matheus Utsch de Oliveira", "texto_original": "http://sapl.pedroleopoldo.mg.leg.br/media/sapl/public/materialegislativa/2023/23144/requerimento_109_-_ver_matheus_utsch.pdf", "ementa": "No uso de minhas atribui\u00e7\u00f5es regimentais, requeiro \u00e0 Excelent\u00edssima Senhora Prefeita informa\u00e7\u00f5es sobre quais s\u00e3o as dificuldades para aplica\u00e7\u00e3o da emenda impositiva para a confec\u00e7\u00e3o do livro sobre a hist\u00f3ria das ruas da cidade da senhora Let\u00edcia Rodrigues Guimaraes Mendes"}, {"id": "23145", "ano": "2023", "numero": "110", "tipo__sigla": "REQ", "tipo__descricao": "Requerimento", "autoria": "Cynthia Salom\u00e3o Bastos Faria", "texto_original": "http://sapl.pedroleopoldo.mg.leg.br/media/sapl/public/materialegislativa/2023/23145/requeriemnto_110_-_ver_cynthia_salomao.pdf", "ementa": "Requeiro a Excelent\u00edssima Senhora Prefeita, resposta quanto a INDICA\u00c7\u00c3O 618/2021 a respeito da altera\u00e7\u00e3o da lei 3.297 de 21 de agosto de 2012, que disp\u00f5e sobre a cria\u00e7\u00e3o do Conselho Municipal dos Direitos da Mulher, sua organiza\u00e7\u00e3o e da outra providencias"}, {"id": "23189", "ano": "2023", "numero": "111", "tipo__sigla": "REQ", "tipo__descricao": "Requerimento", "autoria": "Matheus Utsch de Oliveira", "texto_original": "http://sapl.pedroleopoldo.mg.leg.br/media/sapl/public/materialegislativa/2023/23189/requerimento_111-2023_-_ver_matheus_utsch.pdf", "ementa": "No uso de minhas atribui\u00e7\u00f5es regimentais, requeiro \u00e0 Excelent\u00edssima Senhora Prefeita as informa\u00e7\u00f5es sobre o Plano de Trabalho para o estudo de mobilidade do CEFET que possibilita nova concess\u00e3o baseado no contrato 38/2023."}, {"id": "23230", "ano": "2023", "numero": "112", "tipo__sigla": "REQ", "tipo__descricao": "Requerimento", "autoria": "Matheus Utsch de Oliveira, Cynthia Salom\u00e3o Bastos Faria, Evaldo Geraldo do Carmo (Evaldo do A\u00e7ougue), Frederico Henrique Cota Alves (Fred Piau), Guilherme de Lima Braga (Guilherme do Doce), Leonardo Pereira Ribeiro (Leoz\u00e3o), Rafael Vieira Faria (Rafa), Warlen Alves da Silva", "texto_original": "http://sapl.pedroleopoldo.mg.leg.br/media/sapl/public/materialegislativa/2023/23230/requerimento_112-2023_-_matheus_utsch_todos.pdf", "ementa": "No uso de minhas atribui\u00e7\u00f5es regimentais, requeiro \u00e0 Excelent\u00edssima Senhora Prefeita informa\u00e7\u00f5es se a prefeitura j\u00e1 fez o pedido de autoriza\u00e7\u00e3o para que os taxistas de Pedro Leopoldo possam se locomover na pista do MOVE-BH"}, {"id": "23231", "ano": "2023", "numero": "113", "tipo__sigla": "REQ", "tipo__descricao": "Requerimento", "autoria": "Matheus Utsch de Oliveira, Cynthia Salom\u00e3o Bastos Faria, Evaldo Geraldo do Carmo (Evaldo do A\u00e7ougue), Frederico Henrique Cota Alves (Fred Piau), Guilherme de Lima Braga (Guilherme do Doce), Leonardo Pereira Ribeiro (Leoz\u00e3o), Rafael Vieira Faria (Rafa), Warlen Alves da Silva", "texto_original": "http://sapl.pedroleopoldo.mg.leg.br/media/sapl/public/materialegislativa/2023/23231/requerimento_113-2023_-_matheus_utsch_todos.pdf", "ementa": "No uso de minhas atribui\u00e7\u00f5es regimentais, requeiro \u00e0 Excelent\u00edssima Senhora Prefeita informa\u00e7\u00f5es de quando ser\u00e1 disponibilizado um setor ou canal competente para dar andamento na regulariza\u00e7\u00e3o das transfer\u00eancias das permiss\u00f5es de T\u00e1xi conforme decis\u00e3o RE 1002310 AGR /SC do Supremo Tribunal Federal."}, {"id": "21711", "ano": "2023", "numero": "1", "tipo__sigla": "MUL", "tipo__descricao": "Comenda Mulher Nota 10", "autoria": "Eldir Jos\u00e9 Batista (Baixinho da Garagem)", "texto_original": "http://sapl.pedroleopoldo.mg.leg.br/media/", "ementa": "Comenda Mulher Nota 10: Bianca Alves."}, {"id": "21712", "ano": "2023", "numero": "2", "tipo__sigla": "MUL", "tipo__descricao": "Comenda Mulher Nota 10", "autoria": "Frederico Henrique Cota Alves (Fred Piau)", "texto_original": "http://sapl.pedroleopoldo.mg.leg.br/media/", "ementa": "Comenda Mulher Nota 10: Claudina Moreira da Silva."}, {"id": "21713", "ano": "2023", "numero": "3", "tipo__sigla": "MUL", "tipo__descricao": "Comenda Mulher Nota 10", "autoria": "Guilherme de Lima Braga (Guilherme do Doce)", "texto_original": "http://sapl.pedroleopoldo.mg.leg.br/media/", "ementa": "Comenda Mulher Nota 10: Concei\u00e7\u00e3o Papa Pereira."}, {"id": "21714", "ano": "2023", "numero": "4", "tipo__sigla": "MUL", "tipo__descricao": "Comenda Mulher Nota 10", "autoria": "Rafael Vieira Faria (Rafa)", "texto_original": "http://sapl.pedroleopoldo.mg.leg.br/media/", "ementa": "Comenda Mulher Nota 10: Fabiana Carvalho Pereira."}, {"id": "21715", "ano": "2023", "numero": "5", "tipo__sigla": "MUL", "tipo__descricao": "Comenda Mulher Nota 10", "autoria": "Cynthia Salom\u00e3o Bastos Faria", "texto_original": "http://sapl.pedroleopoldo.mg.leg.br/media/", "ementa": "Comenda Mulher Nota 10: Greice Kely Amaral Bastos."}, {"id": "21716", "ano": "2023", "numero": "6", "tipo__sigla": "MUL", "tipo__descricao": "Comenda Mulher Nota 10", "autoria": "Mauro J\u00fanior Lopes Francisco", "texto_original": "http://sapl.pedroleopoldo.mg.leg.br/media/", "ementa": "Comenda Mulher Nota 10: Isabel Cristina Bueno."}, {"id": "21717", "ano": "2023", "numero": "7", "tipo__sigla": "MUL", "tipo__descricao": "Comenda Mulher Nota 10", "autoria": "Warlen Alves da Silva", "texto_original": "http://sapl.pedroleopoldo.mg.leg.br/media/", "ementa": "Comenda Mulher Nota 10: Maria Pereira Batista (Dona Quita)."}, {"id": "21718", "ano": "2023", "numero": "8", "tipo__sigla": "MUL", "tipo__descricao": "Comenda Mulher Nota 10", "autoria": "Matheus Utsch de Oliveira", "texto_original": "http://sapl.pedroleopoldo.mg.leg.br/media/", "ementa": "Comenda Mulher Nota 10: Dra. Priscila Pereira Santos."}, {"id": "21719", "ano": "2023", "numero": "9", "tipo__sigla": "MUL", "tipo__descricao": "Comenda Mulher Nota 10", "autoria": "Leonardo Pereira Ribeiro (Leoz\u00e3o)", "texto_original": "http://sapl.pedroleopoldo.mg.leg.br/media/", "ementa": "Comenda Mulher Nota 10: Sandra Maria Caldas Gomes Batista."}, {"id": "22889", "ano": "2023", "numero": "1", "tipo__sigla": "VAR", "tipo__descricao": "Medalha Var\u00e3o e Varoa de Cristo", "autoria": "Cynthia Salom\u00e3o Bastos Faria", "texto_original": "http://sapl.pedroleopoldo.mg.leg.br/media/sapl/public/materialegislativa/2023/22889/varao_e_varoa-armando_eduardo.pdf", "ementa": "homenageado Pastor Armando Eduardo da Silva"}, {"id": "22894", "ano": "2023", "numero": "2", "tipo__sigla": "VAR", "tipo__descricao": "Medalha Var\u00e3o e Varoa de Cristo", "autoria": "Evaldo Geraldo do Carmo (Evaldo do A\u00e7ougue)", "texto_original": "http://sapl.pedroleopoldo.mg.leg.br/media/sapl/public/materialegislativa/2023/22894/varao_e_varoa-joao_nunes.pdf", "ementa": "homenageado Pastor Jo\u00e3o Nunes"}, {"id": "22895", "ano": "2023", "numero": "3", "tipo__sigla": "VAR", "tipo__descricao": "Medalha Var\u00e3o e Varoa de Cristo", "autoria": "Frederico Henrique Cota Alves (Fred Piau)", "texto_original": "http://sapl.pedroleopoldo.mg.leg.br/media/sapl/public/materialegislativa/2023/22895/varao_e_varoa-wenderson_fabio.pdf", "ementa": "homenageado Pastor Wenderson F\u00e1bio Carvalho"}, {"id": "22896", "ano": "2023", "numero": "4", "tipo__sigla": "VAR", "tipo__descricao": "Medalha Var\u00e3o e Varoa de Cristo", "autoria": "Guilherme de Lima Braga (Guilherme do Doce)", "texto_original": "http://sapl.pedroleopoldo.mg.leg.br/media/sapl/public/materialegislativa/2023/22896/varao_e_varoa-maria_das_dores.pdf", "ementa": "homenageada Maria das Dores Miranda Moreira"}, {"id": "22897", "ano": "2023", "numero": "5", "tipo__sigla": "VAR", "tipo__descricao": "Medalha Var\u00e3o e Varoa de Cristo", "autoria": "Matheus Utsch de Oliveira", "texto_original": "http://sapl.pedroleopoldo.mg.leg.br/media/sapl/public/materialegislativa/2023/22897/varao_e_varoa-guilherme_da_silva.pdf", "ementa": "homenageado Pastor Guilherme da Silva de Jesus"}, {"id": "22898", "ano": "2023", "numero": "6", "tipo__sigla": "VAR", "tipo__descricao": "Medalha Var\u00e3o e Varoa de Cristo", "autoria": "Mauro J\u00fanior Lopes Francisco", "texto_original": "http://sapl.pedroleopoldo.mg.leg.br/media/sapl/public/materialegislativa/2023/22898/varao_e_varoa-antonia_rosendo.pdf", "ementa": "homenageada Ant\u00f4nia Rosendo de Oliveira"}, {"id": "22899", "ano": "2023", "numero": "7", "tipo__sigla": "VAR", "tipo__descricao": "Medalha Var\u00e3o e Varoa de Cristo", "autoria": "Rafael Vieira Faria (Rafa)", "texto_original": "http://sapl.pedroleopoldo.mg.leg.br/media/sapl/public/materialegislativa/2023/22899/varao_e_varoa-maura_alves.pdf", "ementa": "homenageada Maura Alves Pereira"}, {"id": "22900", "ano": "2023", "numero": "8", "tipo__sigla": "VAR", "tipo__descricao": "Medalha Var\u00e3o e Varoa de Cristo", "autoria": "Warlen Alves da Silva", "texto_original": "http://sapl.pedroleopoldo.mg.leg.br/media/sapl/public/materialegislativa/2023/22900/varao_e_varoa-raimundo_alves.pdf", "ementa": "homenageado Pastor Raimundo Alves"}]}